{"id":1552,"date":"2014-01-22T05:06:11","date_gmt":"2014-01-22T06:06:11","guid":{"rendered":"http:\/\/eldigitaldeasturias.com\/magazine365\/?p=1552"},"modified":"2014-01-22T05:06:11","modified_gmt":"2014-01-22T06:06:11","slug":"davos-premia-la-labor-humanitaria-de-matt-damon-y-juan-diego-florez","status":"publish","type":"post","link":"https:\/\/eldigitaldeasturias.com\/magazine365\/davos-premia-la-labor-humanitaria-de-matt-damon-y-juan-diego-florez\/","title":{"rendered":"Davos premia la labor humanitaria de Matt Damon y Juan Diego Fl\u00f3rez"},"content":{"rendered":"<p><img fetchpriority=\"high\" decoding=\"async\" class=\"alignleft size-medium wp-image-1553\" alt=\"5865962w\" src=\"https:\/\/eldigitaldeasturias.com\/magazine365\/wp-content\/uploads\/2014\/01\/5865962w-360x234.jpg\" width=\"360\" height=\"234\" srcset=\"https:\/\/eldigitaldeasturias.com\/magazine365\/wp-content\/uploads\/2014\/01\/5865962w-360x234.jpg 360w, https:\/\/eldigitaldeasturias.com\/magazine365\/wp-content\/uploads\/2014\/01\/5865962w-650x423.jpg 650w, https:\/\/eldigitaldeasturias.com\/magazine365\/wp-content\/uploads\/2014\/01\/5865962w-768x500.jpg 768w, https:\/\/eldigitaldeasturias.com\/magazine365\/wp-content\/uploads\/2014\/01\/5865962w-150x98.jpg 150w, https:\/\/eldigitaldeasturias.com\/magazine365\/wp-content\/uploads\/2014\/01\/5865962w-450x293.jpg 450w, https:\/\/eldigitaldeasturias.com\/magazine365\/wp-content\/uploads\/2014\/01\/5865962w-696x453.jpg 696w, https:\/\/eldigitaldeasturias.com\/magazine365\/wp-content\/uploads\/2014\/01\/5865962w-645x420.jpg 645w, https:\/\/eldigitaldeasturias.com\/magazine365\/wp-content\/uploads\/2014\/01\/5865962w-225x145.jpg 225w, https:\/\/eldigitaldeasturias.com\/magazine365\/wp-content\/uploads\/2014\/01\/5865962w-84x55.jpg 84w, https:\/\/eldigitaldeasturias.com\/magazine365\/wp-content\/uploads\/2014\/01\/5865962w.jpg 800w\" sizes=\"(max-width: 360px) 100vw, 360px\" \/>Davos (Suiza), 21 ene (EFE).- El tenor peruano Juan Diego Fl\u00f3rez y el actor estadounidense Matt Damon fueron premiados hoy por el Foro Econ\u00f3mico Mundial (WEF) por la labor que realizan con sus fundaciones, en las que fomentan, respectivamente, el acceso a una educaci\u00f3n musical entre los m\u00e1s desfavorecidos y el agua potable.<\/p>\n<p>Fl\u00f3rez recibi\u00f3 el premio Cristal, una distinci\u00f3n creada por el WEF, gracias a su fundaci\u00f3n \u00abSinfon\u00eda por el Per\u00fa\u00bb, creada por el tenor en 2011 y que da a ni\u00f1os de familias modestas acceso a actividades musicales, que les permiten desarrollar sus talentos en esta \u00e1rea y crecer como personas.<\/p>\n<p>\u00abEn una orquesta y en un coro los ni\u00f1os aprenden valores (&#8230;) que les hacen mejores como seres humanos\u00bb, indic\u00f3 Fl\u00f3rez desde la localidad alpina de Davos (Suiza), subrayando que esa actitud positiva se contagia a sus familias y, desde ellas, al resto de su comunidad.<\/p>\n<p>El tenor se dijo honrado por tal reconocimiento, y pidi\u00f3 al auditorio \u00abayuda para tocar esa sinfon\u00eda\u00bb, y para poder seguir demostrando \u00abeste milagro de la transformaci\u00f3n social a trav\u00e9s de la m\u00fasica\u00bb.<\/p>\n<p>El Premio Cristal, que distingue a artistas por su contribuci\u00f3n con actos concretos a mejorar el mundo, recay\u00f3 tambi\u00e9n en Damon por su trabajo en \u00abwater.org\u00bb, entidad creada para financiar proyectos para el abastecimiento de agua en pa\u00edses como Bangladesh, India, Hait\u00ed, Uganda, Etiop\u00eda y Kenia.<\/p>\n<p>El actor se tom\u00f3 ese galard\u00f3n como \u00abun voto de confianza en lo que se puede conseguir\u00bb, y en ese sentido reclam\u00f3 la ayuda de los l\u00edderes pol\u00edticos y empresariales presentes, que desde ma\u00f1ana y hasta el pr\u00f3ximo s\u00e1bado se dan cita oficialmente en la 44 edici\u00f3n del Foro.<\/p>\n<p>Damon comenz\u00f3 este proyecto movido por la \u00abincredulidad de que tantos millones de gente no tengan acceso a agua potable, y por la confianza creciente de que es un problema que tiene soluci\u00f3n\u00bb, si se le da \u00abel poder\u00bb para revertir la situaci\u00f3n a los propios afectados.<\/p>\n<p>Tambi\u00e9n fueron premiados el director de orquesta estadounidense de origen franc\u00e9s Lorin Maazel, quien ha estado en las \u00faltimas temporadas al frente de la Filarm\u00f3nica de M\u00fanich, y la artista de origen iran\u00ed Shirin Neshat, radicada en EEUU y especializada en la fotograf\u00eda.<\/p>\n<p>La entrega de premios se ha realizado durante una ceremonia previa a la apertura ma\u00f1ana del Foro y de sus m\u00e1s de 250 sesiones y conferencias, en las que hasta el s\u00e1bado, d\u00eda de la clausura, se prev\u00e9 la asistencia de m\u00e1s de 2.500 l\u00edderes pol\u00edticos, sociales y empresariales, incluidos cerca de 40 jefes de Estado y de Gobierno.<\/p>\n","protected":false},"excerpt":{"rendered":"<p>Davos (Suiza), 21 ene (EFE).- El tenor peruano Juan Diego Fl\u00f3rez y el actor estadounidense Matt Damon fueron premiados hoy por el Foro Econ\u00f3mico Mundial (WEF) por la labor que realizan con sus fundaciones, en las que fomentan, respectivamente, el acceso a una educaci\u00f3n musical entre los m\u00e1s desfavorecidos y el agua potable. Fl\u00f3rez recibi\u00f3<\/p>\n","protected":false},"author":1,"featured_media":1553,"comment_status":"open","ping_status":"open","sticky":false,"template":"","format":"standard","meta":{"footnotes":""},"categories":[224],"tags":[],"class_list":{"0":"post-1552","1":"post","2":"type-post","3":"status-publish","4":"format-standard","5":"has-post-thumbnail","7":"category-noticias-actualidad"},"aioseo_notices":[],"aioseo_head":"\n\t\t<!-- All in One SEO Pro 4.9.6.1 - aioseo.com -->\n\t<meta name=\"description\" content=\"Davos (Suiza), 21 ene (EFE).- El tenor peruano Juan Diego Fl\u00f3rez y el actor estadounidense Matt Damon fueron premiados hoy por el Foro Econ\u00f3mico Mundial (WEF) por la labor que realizan con sus fundaciones, en las que fomentan, respectivamente, el acceso a una educaci\u00f3n musical entre los m\u00e1s desfavorecidos y el agua potable. Fl\u00f3rez recibi\u00f3\" \/>\n\t<meta name=\"robots\" content=\"max-image-preview:large\" \/>\n\t<meta name=\"author\" content=\"admin\"\/>\n\t<meta name=\"google-site-verification\" content=\"UA-38556648-1\" \/>\n\t<meta name=\"keywords\" content=\"noticias y actualidad\" \/>\n\t<link rel=\"canonical\" href=\"https:\/\/eldigitaldeasturias.com\/magazine365\/davos-premia-la-labor-humanitaria-de-matt-damon-y-juan-diego-florez\/\" \/>\n\t<meta name=\"generator\" content=\"All in One SEO Pro (AIOSEO) 4.9.6.1\" \/>\n\t\t<meta property=\"og:locale\" content=\"es_ES\" \/>\n\t\t<meta property=\"og:site_name\" content=\"El Digital de Asturias \u2013 Revista de ocio, turismo y estilo de vida\" \/>\n\t\t<meta property=\"og:type\" content=\"article\" \/>\n\t\t<meta property=\"og:title\" content=\"Davos premia la labor humanitaria de Matt Damon y Juan Diego Fl\u00f3rez | El Digital de Asturias\" \/>\n\t\t<meta property=\"og:description\" content=\"Davos (Suiza), 21 ene (EFE).- El tenor peruano Juan Diego Fl\u00f3rez y el actor estadounidense Matt Damon fueron premiados hoy por el Foro Econ\u00f3mico Mundial (WEF) por la labor que realizan con sus fundaciones, en las que fomentan, respectivamente, el acceso a una educaci\u00f3n musical entre los m\u00e1s desfavorecidos y el agua potable. Fl\u00f3rez recibi\u00f3\" \/>\n\t\t<meta property=\"og:url\" content=\"https:\/\/eldigitaldeasturias.com\/magazine365\/davos-premia-la-labor-humanitaria-de-matt-damon-y-juan-diego-florez\/\" \/>\n\t\t<meta property=\"og:image\" content=\"https:\/\/eldigitaldeasturias.com\/magazine365\/wp-content\/uploads\/2014\/01\/5865962w.jpg\" \/>\n\t\t<meta property=\"og:image:secure_url\" content=\"https:\/\/eldigitaldeasturias.com\/magazine365\/wp-content\/uploads\/2014\/01\/5865962w.jpg\" \/>\n\t\t<meta property=\"og:image:width\" content=\"800\" \/>\n\t\t<meta property=\"og:image:height\" content=\"521\" \/>\n\t\t<meta property=\"article:published_time\" content=\"2014-01-22T06:06:11+00:00\" \/>\n\t\t<meta property=\"article:modified_time\" content=\"2014-01-22T06:06:11+00:00\" \/>\n\t\t<meta name=\"twitter:card\" content=\"summary_large_image\" \/>\n\t\t<meta name=\"twitter:title\" content=\"Davos premia la labor humanitaria de Matt Damon y Juan Diego Fl\u00f3rez | El Digital de Asturias\" \/>\n\t\t<meta name=\"twitter:description\" content=\"Davos (Suiza), 21 ene (EFE).- El tenor peruano Juan Diego Fl\u00f3rez y el actor estadounidense Matt Damon fueron premiados hoy por el Foro Econ\u00f3mico Mundial (WEF) por la labor que realizan con sus fundaciones, en las que fomentan, respectivamente, el acceso a una educaci\u00f3n musical entre los m\u00e1s desfavorecidos y el agua potable. Fl\u00f3rez recibi\u00f3\" \/>\n\t\t<meta name=\"twitter:image\" content=\"https:\/\/eldigitaldeasturias.com\/magazine365\/wp-content\/uploads\/2014\/01\/5865962w.jpg\" \/>\n\t\t<script type=\"application\/ld+json\" class=\"aioseo-schema\">\n\t\t\t{\"@context\":\"https:\\\/\\\/schema.org\",\"@graph\":[{\"@type\":\"Article\",\"@id\":\"https:\\\/\\\/eldigitaldeasturias.com\\\/magazine365\\\/davos-premia-la-labor-humanitaria-de-matt-damon-y-juan-diego-florez\\\/#article\",\"name\":\"Davos premia la labor humanitaria de Matt Damon y Juan Diego Fl\\u00f3rez | El Digital de Asturias\",\"headline\":\"Davos premia la labor humanitaria de Matt Damon y Juan Diego Fl\\u00f3rez\",\"author\":{\"@id\":\"https:\\\/\\\/eldigitaldeasturias.com\\\/magazine365\\\/author\\\/admin\\\/#author\"},\"publisher\":{\"@id\":\"https:\\\/\\\/eldigitaldeasturias.com\\\/magazine365\\\/#organization\"},\"image\":{\"@type\":\"ImageObject\",\"url\":\"https:\\\/\\\/eldigitaldeasturias.com\\\/magazine365\\\/wp-content\\\/uploads\\\/2014\\\/01\\\/5865962w.jpg\",\"width\":800,\"height\":521},\"datePublished\":\"2014-01-22T05:06:11+01:00\",\"dateModified\":\"2014-01-22T05:06:11+01:00\",\"inLanguage\":\"es-ES\",\"mainEntityOfPage\":{\"@id\":\"https:\\\/\\\/eldigitaldeasturias.com\\\/magazine365\\\/davos-premia-la-labor-humanitaria-de-matt-damon-y-juan-diego-florez\\\/#webpage\"},\"isPartOf\":{\"@id\":\"https:\\\/\\\/eldigitaldeasturias.com\\\/magazine365\\\/davos-premia-la-labor-humanitaria-de-matt-damon-y-juan-diego-florez\\\/#webpage\"},\"articleSection\":\"Noticias y Actualidad\"},{\"@type\":\"BreadcrumbList\",\"@id\":\"https:\\\/\\\/eldigitaldeasturias.com\\\/magazine365\\\/davos-premia-la-labor-humanitaria-de-matt-damon-y-juan-diego-florez\\\/#breadcrumblist\",\"itemListElement\":[{\"@type\":\"ListItem\",\"@id\":\"https:\\\/\\\/eldigitaldeasturias.com\\\/magazine365#listItem\",\"position\":1,\"name\":\"Home\",\"item\":\"https:\\\/\\\/eldigitaldeasturias.com\\\/magazine365\",\"nextItem\":{\"@type\":\"ListItem\",\"@id\":\"https:\\\/\\\/eldigitaldeasturias.com\\\/magazine365\\\/category\\\/noticias-actualidad\\\/#listItem\",\"name\":\"Noticias y Actualidad\"}},{\"@type\":\"ListItem\",\"@id\":\"https:\\\/\\\/eldigitaldeasturias.com\\\/magazine365\\\/category\\\/noticias-actualidad\\\/#listItem\",\"position\":2,\"name\":\"Noticias y Actualidad\",\"item\":\"https:\\\/\\\/eldigitaldeasturias.com\\\/magazine365\\\/category\\\/noticias-actualidad\\\/\",\"nextItem\":{\"@type\":\"ListItem\",\"@id\":\"https:\\\/\\\/eldigitaldeasturias.com\\\/magazine365\\\/davos-premia-la-labor-humanitaria-de-matt-damon-y-juan-diego-florez\\\/#listItem\",\"name\":\"Davos premia la labor humanitaria de Matt Damon y Juan Diego Fl\\u00f3rez\"},\"previousItem\":{\"@type\":\"ListItem\",\"@id\":\"https:\\\/\\\/eldigitaldeasturias.com\\\/magazine365#listItem\",\"name\":\"Home\"}},{\"@type\":\"ListItem\",\"@id\":\"https:\\\/\\\/eldigitaldeasturias.com\\\/magazine365\\\/davos-premia-la-labor-humanitaria-de-matt-damon-y-juan-diego-florez\\\/#listItem\",\"position\":3,\"name\":\"Davos premia la labor humanitaria de Matt Damon y Juan Diego Fl\\u00f3rez\",\"previousItem\":{\"@type\":\"ListItem\",\"@id\":\"https:\\\/\\\/eldigitaldeasturias.com\\\/magazine365\\\/category\\\/noticias-actualidad\\\/#listItem\",\"name\":\"Noticias y Actualidad\"}}]},{\"@type\":\"Organization\",\"@id\":\"https:\\\/\\\/eldigitaldeasturias.com\\\/magazine365\\\/#organization\",\"name\":\"El digital de Asturias\",\"description\":\"Revista de ocio, turismo y estilo de vida\",\"url\":\"https:\\\/\\\/eldigitaldeasturias.com\\\/magazine365\\\/\",\"logo\":{\"@type\":\"ImageObject\",\"url\":\"https:\\\/\\\/www.eldigitaldeasturias.com\\\/noticias\\\/wp-content\\\/uploads\\\/2020\\\/12\\\/EDA.jpg\",\"@id\":\"https:\\\/\\\/eldigitaldeasturias.com\\\/magazine365\\\/davos-premia-la-labor-humanitaria-de-matt-damon-y-juan-diego-florez\\\/#organizationLogo\"},\"image\":{\"@id\":\"https:\\\/\\\/eldigitaldeasturias.com\\\/magazine365\\\/davos-premia-la-labor-humanitaria-de-matt-damon-y-juan-diego-florez\\\/#organizationLogo\"}},{\"@type\":\"Person\",\"@id\":\"https:\\\/\\\/eldigitaldeasturias.com\\\/magazine365\\\/author\\\/admin\\\/#author\",\"url\":\"https:\\\/\\\/eldigitaldeasturias.com\\\/magazine365\\\/author\\\/admin\\\/\",\"name\":\"admin\",\"image\":{\"@type\":\"ImageObject\",\"@id\":\"https:\\\/\\\/eldigitaldeasturias.com\\\/magazine365\\\/davos-premia-la-labor-humanitaria-de-matt-damon-y-juan-diego-florez\\\/#authorImage\",\"url\":\"https:\\\/\\\/eldigitaldeasturias.com\\\/magazine365\\\/wp-content\\\/litespeed\\\/avatar\\\/e571bcf59a0edd6fa6838245a470f2fe.jpg?ver=1777574230\",\"width\":96,\"height\":96,\"caption\":\"admin\"}},{\"@type\":\"WebPage\",\"@id\":\"https:\\\/\\\/eldigitaldeasturias.com\\\/magazine365\\\/davos-premia-la-labor-humanitaria-de-matt-damon-y-juan-diego-florez\\\/#webpage\",\"url\":\"https:\\\/\\\/eldigitaldeasturias.com\\\/magazine365\\\/davos-premia-la-labor-humanitaria-de-matt-damon-y-juan-diego-florez\\\/\",\"name\":\"Davos premia la labor humanitaria de Matt Damon y Juan Diego Fl\\u00f3rez | El Digital de Asturias\",\"description\":\"Davos (Suiza), 21 ene (EFE).- El tenor peruano Juan Diego Fl\\u00f3rez y el actor estadounidense Matt Damon fueron premiados hoy por el Foro Econ\\u00f3mico Mundial (WEF) por la labor que realizan con sus fundaciones, en las que fomentan, respectivamente, el acceso a una educaci\\u00f3n musical entre los m\\u00e1s desfavorecidos y el agua potable. Fl\\u00f3rez recibi\\u00f3\",\"inLanguage\":\"es-ES\",\"isPartOf\":{\"@id\":\"https:\\\/\\\/eldigitaldeasturias.com\\\/magazine365\\\/#website\"},\"breadcrumb\":{\"@id\":\"https:\\\/\\\/eldigitaldeasturias.com\\\/magazine365\\\/davos-premia-la-labor-humanitaria-de-matt-damon-y-juan-diego-florez\\\/#breadcrumblist\"},\"author\":{\"@id\":\"https:\\\/\\\/eldigitaldeasturias.com\\\/magazine365\\\/author\\\/admin\\\/#author\"},\"creator\":{\"@id\":\"https:\\\/\\\/eldigitaldeasturias.com\\\/magazine365\\\/author\\\/admin\\\/#author\"},\"image\":{\"@type\":\"ImageObject\",\"url\":\"https:\\\/\\\/eldigitaldeasturias.com\\\/magazine365\\\/wp-content\\\/uploads\\\/2014\\\/01\\\/5865962w.jpg\",\"@id\":\"https:\\\/\\\/eldigitaldeasturias.com\\\/magazine365\\\/davos-premia-la-labor-humanitaria-de-matt-damon-y-juan-diego-florez\\\/#mainImage\",\"width\":800,\"height\":521},\"primaryImageOfPage\":{\"@id\":\"https:\\\/\\\/eldigitaldeasturias.com\\\/magazine365\\\/davos-premia-la-labor-humanitaria-de-matt-damon-y-juan-diego-florez\\\/#mainImage\"},\"datePublished\":\"2014-01-22T05:06:11+01:00\",\"dateModified\":\"2014-01-22T05:06:11+01:00\"},{\"@type\":\"WebSite\",\"@id\":\"https:\\\/\\\/eldigitaldeasturias.com\\\/magazine365\\\/#website\",\"url\":\"https:\\\/\\\/eldigitaldeasturias.com\\\/magazine365\\\/\",\"name\":\"El Digital de Asturias\",\"description\":\"Revista de ocio, turismo y estilo de vida\",\"inLanguage\":\"es-ES\",\"publisher\":{\"@id\":\"https:\\\/\\\/eldigitaldeasturias.com\\\/magazine365\\\/#organization\"}}]}\n\t\t<\/script>\n\t\t<!-- All in One SEO Pro -->\r\n\t\t<title>Davos premia la labor humanitaria de Matt Damon y Juan Diego Fl\u00f3rez | El Digital de Asturias<\/title>\n\n","aioseo_head_json":{"title":"Davos premia la labor humanitaria de Matt Damon y Juan Diego Fl\u00f3rez | El Digital de Asturias","description":"Davos (Suiza), 21 ene (EFE).- El tenor peruano Juan Diego Fl\u00f3rez y el actor estadounidense Matt Damon fueron premiados hoy por el Foro Econ\u00f3mico Mundial (WEF) por la labor que realizan con sus fundaciones, en las que fomentan, respectivamente, el acceso a una educaci\u00f3n musical entre los m\u00e1s desfavorecidos y el agua potable. Fl\u00f3rez recibi\u00f3","canonical_url":"https:\/\/eldigitaldeasturias.com\/magazine365\/davos-premia-la-labor-humanitaria-de-matt-damon-y-juan-diego-florez\/","robots":"max-image-preview:large","keywords":"noticias y actualidad","webmasterTools":{"google-site-verification":"UA-38556648-1","miscellaneous":""},"schema":{"@context":"https:\/\/schema.org","@graph":[{"@type":"Article","@id":"https:\/\/eldigitaldeasturias.com\/magazine365\/davos-premia-la-labor-humanitaria-de-matt-damon-y-juan-diego-florez\/#article","name":"Davos premia la labor humanitaria de Matt Damon y Juan Diego Fl\u00f3rez | El Digital de Asturias","headline":"Davos premia la labor humanitaria de Matt Damon y Juan Diego Fl\u00f3rez","author":{"@id":"https:\/\/eldigitaldeasturias.com\/magazine365\/author\/admin\/#author"},"publisher":{"@id":"https:\/\/eldigitaldeasturias.com\/magazine365\/#organization"},"image":{"@type":"ImageObject","url":"https:\/\/eldigitaldeasturias.com\/magazine365\/wp-content\/uploads\/2014\/01\/5865962w.jpg","width":800,"height":521},"datePublished":"2014-01-22T05:06:11+01:00","dateModified":"2014-01-22T05:06:11+01:00","inLanguage":"es-ES","mainEntityOfPage":{"@id":"https:\/\/eldigitaldeasturias.com\/magazine365\/davos-premia-la-labor-humanitaria-de-matt-damon-y-juan-diego-florez\/#webpage"},"isPartOf":{"@id":"https:\/\/eldigitaldeasturias.com\/magazine365\/davos-premia-la-labor-humanitaria-de-matt-damon-y-juan-diego-florez\/#webpage"},"articleSection":"Noticias y Actualidad"},{"@type":"BreadcrumbList","@id":"https:\/\/eldigitaldeasturias.com\/magazine365\/davos-premia-la-labor-humanitaria-de-matt-damon-y-juan-diego-florez\/#breadcrumblist","itemListElement":[{"@type":"ListItem","@id":"https:\/\/eldigitaldeasturias.com\/magazine365#listItem","position":1,"name":"Home","item":"https:\/\/eldigitaldeasturias.com\/magazine365","nextItem":{"@type":"ListItem","@id":"https:\/\/eldigitaldeasturias.com\/magazine365\/category\/noticias-actualidad\/#listItem","name":"Noticias y Actualidad"}},{"@type":"ListItem","@id":"https:\/\/eldigitaldeasturias.com\/magazine365\/category\/noticias-actualidad\/#listItem","position":2,"name":"Noticias y Actualidad","item":"https:\/\/eldigitaldeasturias.com\/magazine365\/category\/noticias-actualidad\/","nextItem":{"@type":"ListItem","@id":"https:\/\/eldigitaldeasturias.com\/magazine365\/davos-premia-la-labor-humanitaria-de-matt-damon-y-juan-diego-florez\/#listItem","name":"Davos premia la labor humanitaria de Matt Damon y Juan Diego Fl\u00f3rez"},"previousItem":{"@type":"ListItem","@id":"https:\/\/eldigitaldeasturias.com\/magazine365#listItem","name":"Home"}},{"@type":"ListItem","@id":"https:\/\/eldigitaldeasturias.com\/magazine365\/davos-premia-la-labor-humanitaria-de-matt-damon-y-juan-diego-florez\/#listItem","position":3,"name":"Davos premia la labor humanitaria de Matt Damon y Juan Diego Fl\u00f3rez","previousItem":{"@type":"ListItem","@id":"https:\/\/eldigitaldeasturias.com\/magazine365\/category\/noticias-actualidad\/#listItem","name":"Noticias y Actualidad"}}]},{"@type":"Organization","@id":"https:\/\/eldigitaldeasturias.com\/magazine365\/#organization","name":"El digital de Asturias","description":"Revista de ocio, turismo y estilo de vida","url":"https:\/\/eldigitaldeasturias.com\/magazine365\/","logo":{"@type":"ImageObject","url":"https:\/\/www.eldigitaldeasturias.com\/noticias\/wp-content\/uploads\/2020\/12\/EDA.jpg","@id":"https:\/\/eldigitaldeasturias.com\/magazine365\/davos-premia-la-labor-humanitaria-de-matt-damon-y-juan-diego-florez\/#organizationLogo"},"image":{"@id":"https:\/\/eldigitaldeasturias.com\/magazine365\/davos-premia-la-labor-humanitaria-de-matt-damon-y-juan-diego-florez\/#organizationLogo"}},{"@type":"Person","@id":"https:\/\/eldigitaldeasturias.com\/magazine365\/author\/admin\/#author","url":"https:\/\/eldigitaldeasturias.com\/magazine365\/author\/admin\/","name":"admin","image":{"@type":"ImageObject","@id":"https:\/\/eldigitaldeasturias.com\/magazine365\/davos-premia-la-labor-humanitaria-de-matt-damon-y-juan-diego-florez\/#authorImage","url":"https:\/\/eldigitaldeasturias.com\/magazine365\/wp-content\/litespeed\/avatar\/e571bcf59a0edd6fa6838245a470f2fe.jpg?ver=1777574230","width":96,"height":96,"caption":"admin"}},{"@type":"WebPage","@id":"https:\/\/eldigitaldeasturias.com\/magazine365\/davos-premia-la-labor-humanitaria-de-matt-damon-y-juan-diego-florez\/#webpage","url":"https:\/\/eldigitaldeasturias.com\/magazine365\/davos-premia-la-labor-humanitaria-de-matt-damon-y-juan-diego-florez\/","name":"Davos premia la labor humanitaria de Matt Damon y Juan Diego Fl\u00f3rez | El Digital de Asturias","description":"Davos (Suiza), 21 ene (EFE).- El tenor peruano Juan Diego Fl\u00f3rez y el actor estadounidense Matt Damon fueron premiados hoy por el Foro Econ\u00f3mico Mundial (WEF) por la labor que realizan con sus fundaciones, en las que fomentan, respectivamente, el acceso a una educaci\u00f3n musical entre los m\u00e1s desfavorecidos y el agua potable. Fl\u00f3rez recibi\u00f3","inLanguage":"es-ES","isPartOf":{"@id":"https:\/\/eldigitaldeasturias.com\/magazine365\/#website"},"breadcrumb":{"@id":"https:\/\/eldigitaldeasturias.com\/magazine365\/davos-premia-la-labor-humanitaria-de-matt-damon-y-juan-diego-florez\/#breadcrumblist"},"author":{"@id":"https:\/\/eldigitaldeasturias.com\/magazine365\/author\/admin\/#author"},"creator":{"@id":"https:\/\/eldigitaldeasturias.com\/magazine365\/author\/admin\/#author"},"image":{"@type":"ImageObject","url":"https:\/\/eldigitaldeasturias.com\/magazine365\/wp-content\/uploads\/2014\/01\/5865962w.jpg","@id":"https:\/\/eldigitaldeasturias.com\/magazine365\/davos-premia-la-labor-humanitaria-de-matt-damon-y-juan-diego-florez\/#mainImage","width":800,"height":521},"primaryImageOfPage":{"@id":"https:\/\/eldigitaldeasturias.com\/magazine365\/davos-premia-la-labor-humanitaria-de-matt-damon-y-juan-diego-florez\/#mainImage"},"datePublished":"2014-01-22T05:06:11+01:00","dateModified":"2014-01-22T05:06:11+01:00"},{"@type":"WebSite","@id":"https:\/\/eldigitaldeasturias.com\/magazine365\/#website","url":"https:\/\/eldigitaldeasturias.com\/magazine365\/","name":"El Digital de Asturias","description":"Revista de ocio, turismo y estilo de vida","inLanguage":"es-ES","publisher":{"@id":"https:\/\/eldigitaldeasturias.com\/magazine365\/#organization"}}]},"og:locale":"es_ES","og:site_name":"El Digital de Asturias \u2013 Revista de ocio, turismo y estilo de vida","og:type":"article","og:title":"Davos premia la labor humanitaria de Matt Damon y Juan Diego Fl\u00f3rez | El Digital de Asturias","og:description":"Davos (Suiza), 21 ene (EFE).- El tenor peruano Juan Diego Fl\u00f3rez y el actor estadounidense Matt Damon fueron premiados hoy por el Foro Econ\u00f3mico Mundial (WEF) por la labor que realizan con sus fundaciones, en las que fomentan, respectivamente, el acceso a una educaci\u00f3n musical entre los m\u00e1s desfavorecidos y el agua potable. Fl\u00f3rez recibi\u00f3","og:url":"https:\/\/eldigitaldeasturias.com\/magazine365\/davos-premia-la-labor-humanitaria-de-matt-damon-y-juan-diego-florez\/","og:image":"https:\/\/eldigitaldeasturias.com\/magazine365\/wp-content\/uploads\/2014\/01\/5865962w.jpg","og:image:secure_url":"https:\/\/eldigitaldeasturias.com\/magazine365\/wp-content\/uploads\/2014\/01\/5865962w.jpg","og:image:width":800,"og:image:height":521,"article:published_time":"2014-01-22T06:06:11+00:00","article:modified_time":"2014-01-22T06:06:11+00:00","twitter:card":"summary_large_image","twitter:title":"Davos premia la labor humanitaria de Matt Damon y Juan Diego Fl\u00f3rez | El Digital de Asturias","twitter:description":"Davos (Suiza), 21 ene (EFE).- El tenor peruano Juan Diego Fl\u00f3rez y el actor estadounidense Matt Damon fueron premiados hoy por el Foro Econ\u00f3mico Mundial (WEF) por la labor que realizan con sus fundaciones, en las que fomentan, respectivamente, el acceso a una educaci\u00f3n musical entre los m\u00e1s desfavorecidos y el agua potable. Fl\u00f3rez recibi\u00f3","twitter:image":"https:\/\/eldigitaldeasturias.com\/magazine365\/wp-content\/uploads\/2014\/01\/5865962w.jpg"},"aioseo_meta_data":{"post_id":"1552","title":null,"description":null,"keywords":null,"keyphrases":null,"primary_term":null,"canonical_url":null,"og_title":null,"og_description":null,"og_object_type":"default","og_image_type":"default","og_image_url":null,"og_image_width":null,"og_image_height":null,"og_image_custom_url":null,"og_image_custom_fields":null,"og_video":null,"og_custom_url":null,"og_article_section":null,"og_article_tags":null,"twitter_use_og":false,"twitter_card":"default","twitter_image_type":"default","twitter_image_url":null,"twitter_image_custom_url":null,"twitter_image_custom_fields":null,"twitter_title":null,"twitter_description":null,"schema":{"blockGraphs":[],"customGraphs":[],"default":{"data":{"Article":[],"Course":[],"Dataset":[],"FAQPage":[],"Movie":[],"Person":[],"Product":[],"ProductReview":[],"Car":[],"Recipe":[],"Service":[],"SoftwareApplication":[],"WebPage":[]},"graphName":"","isEnabled":true},"graphs":[],"defaultGraph":"","defaultPostTypeGraph":""},"schema_type":null,"schema_type_options":null,"pillar_content":false,"robots_default":true,"robots_noindex":false,"robots_noarchive":false,"robots_nosnippet":false,"robots_nofollow":false,"robots_noimageindex":false,"robots_noodp":false,"robots_notranslate":false,"robots_max_snippet":null,"robots_max_videopreview":null,"robots_max_imagepreview":"large","priority":null,"frequency":null,"location":null,"local_seo":null,"seo_analyzer_scan_date":"2025-09-16 09:35:34","breadcrumb_settings":null,"limit_modified_date":false,"open_ai":null,"ai":null,"created":"2020-12-21 13:39:30","updated":"2025-09-16 09:35:34"},"aioseo_breadcrumb":"<div class=\"aioseo-breadcrumbs\"><span class=\"aioseo-breadcrumb\">\n\t<a href=\"https:\/\/eldigitaldeasturias.com\/magazine365\" title=\"Home\">Home<\/a>\n<\/span><span class=\"aioseo-breadcrumb-separator\">\u2013<\/span><span class=\"aioseo-breadcrumb\">\n\t<a href=\"https:\/\/eldigitaldeasturias.com\/magazine365\/category\/noticias-actualidad\/\" title=\"Noticias y Actualidad\">Noticias y Actualidad<\/a>\n<\/span><span class=\"aioseo-breadcrumb-separator\">\u2013<\/span><span class=\"aioseo-breadcrumb\">\n\t<a href=\"https:\/\/eldigitaldeasturias.com\/magazine365\/davos-premia-la-labor-humanitaria-de-matt-damon-y-juan-diego-florez\/\" title=\"Davos premia la labor humanitaria de Matt Damon y Juan Diego Fl\u00f3rez\">Davos premia la labor humanitaria de Matt Damon y Juan Diego Fl\u00f3rez<\/a>\n<\/span><\/div>","aioseo_breadcrumb_json":[{"label":"Home","link":"https:\/\/eldigitaldeasturias.com\/magazine365"},{"label":"Noticias y Actualidad","link":"https:\/\/eldigitaldeasturias.com\/magazine365\/category\/noticias-actualidad\/"},{"label":"Davos premia la labor humanitaria de Matt Damon y Juan Diego Fl\u00f3rez","link":"https:\/\/eldigitaldeasturias.com\/magazine365\/davos-premia-la-labor-humanitaria-de-matt-damon-y-juan-diego-florez\/"}],"_links":{"self":[{"href":"https:\/\/eldigitaldeasturias.com\/magazine365\/wp-json\/wp\/v2\/posts\/1552","targetHints":{"allow":["GET"]}}],"collection":[{"href":"https:\/\/eldigitaldeasturias.com\/magazine365\/wp-json\/wp\/v2\/posts"}],"about":[{"href":"https:\/\/eldigitaldeasturias.com\/magazine365\/wp-json\/wp\/v2\/types\/post"}],"author":[{"embeddable":true,"href":"https:\/\/eldigitaldeasturias.com\/magazine365\/wp-json\/wp\/v2\/users\/1"}],"replies":[{"embeddable":true,"href":"https:\/\/eldigitaldeasturias.com\/magazine365\/wp-json\/wp\/v2\/comments?post=1552"}],"version-history":[{"count":0,"href":"https:\/\/eldigitaldeasturias.com\/magazine365\/wp-json\/wp\/v2\/posts\/1552\/revisions"}],"wp:featuredmedia":[{"embeddable":true,"href":"https:\/\/eldigitaldeasturias.com\/magazine365\/wp-json\/wp\/v2\/media\/1553"}],"wp:attachment":[{"href":"https:\/\/eldigitaldeasturias.com\/magazine365\/wp-json\/wp\/v2\/media?parent=1552"}],"wp:term":[{"taxonomy":"category","embeddable":true,"href":"https:\/\/eldigitaldeasturias.com\/magazine365\/wp-json\/wp\/v2\/categories?post=1552"},{"taxonomy":"post_tag","embeddable":true,"href":"https:\/\/eldigitaldeasturias.com\/magazine365\/wp-json\/wp\/v2\/tags?post=1552"}],"curies":[{"name":"wp","href":"https:\/\/api.w.org\/{rel}","templated":true}]}}