{"id":1549,"date":"2014-01-22T05:02:37","date_gmt":"2014-01-22T06:02:37","guid":{"rendered":"http:\/\/eldigitaldeasturias.com\/magazine365\/?p=1549"},"modified":"2014-01-22T05:02:37","modified_gmt":"2014-01-22T06:02:37","slug":"la-catedral-de-santiago-de-compostela-necesita-una-cura-de-urgencia","status":"publish","type":"post","link":"https:\/\/eldigitaldeasturias.com\/magazine365\/la-catedral-de-santiago-de-compostela-necesita-una-cura-de-urgencia\/","title":{"rendered":"La catedral de Santiago de Compostela necesita una cura de urgencia"},"content":{"rendered":"<p><img fetchpriority=\"high\" decoding=\"async\" class=\"alignleft size-medium wp-image-1550\" alt=\"5865072w\" src=\"https:\/\/eldigitaldeasturias.com\/magazine365\/wp-content\/uploads\/2014\/01\/5865072w-360x233.jpg\" width=\"360\" height=\"233\" \/>Santiago de Compostela, 21 ene (EFE).- La catedral de Santiago necesita una intervenci\u00f3n de urgencia para solucionar las graves patolog\u00edas que presenta su estructura, principalmente las cubiertas y las fachadas.<\/p>\n<p>Las inclemencias climatol\u00f3gicas de los \u00faltimos meses, con abundante lluvia y en ocasiones fuertes vientos, han puesto de manifiesto la premura de estas intervenciones.<\/p>\n<p>La prueba m\u00e1s palpable de ello es la que los visitantes del templo comprueban con sus propios ojos: cubos bajo las goteras en puntos emblem\u00e1ticos de la bas\u00edlica, o una lona de llamativo color azul que cubre la capilla del Pilar para que el agua no da\u00f1e las obras de arte en forma de belenes que estos d\u00edas se exponen en ella.<\/p>\n<p>Tambi\u00e9n los problemas de filtraciones, desconchados y humedades son patentes en el cimborrio, en varias capillas y en el transepto, precisamente de donde cuelga el botafumeiro, el gigantesco incensario y uno de los s\u00edmbolos m\u00e1s populares del templo compostelano.<\/p>\n<p>El caso es que tras el robo del C\u00f3dice Calixtino en julio de 2011, la catedral de Santiago vuelve a ser noticia.<\/p>\n<p>Actualmente el templo se encuentra en proceso de rehabilitaci\u00f3n en algunas de sus principales zonas, como la torre norte de la fachada del Obradoiro; el P\u00f3rtico de la Gloria, pendiente de concluir minuciosos estudios t\u00e9cnicos, o el anexo Palacio de Xelm\u00edrez, que acoger\u00e1 este a\u00f1o exposiciones conmemorativas del octavo centenario de la peregrinaci\u00f3n de San Francisco de As\u00eds.<\/p>\n<p>No por evidente es algo que se ve\u00eda venir. \u00abEra algo que ya se conoc\u00eda; las fragilidades del inmueble se hacen m\u00e1s notables cada d\u00eda que pasa, y con agua y viento todav\u00eda se hacen m\u00e1s evidentes\u00bb, ha afirmado en declaraciones a Efe el can\u00f3nigo y director de la Fundaci\u00f3n Catedral de Santiago, Daniel Lorenzo.<\/p>\n<p>Muchos males para un templo de un tama\u00f1o gigantesco, cuya primera piedra se coloc\u00f3 en el a\u00f1o 1075 y que apenas ha tenido intervenciones serias en su estructura.<\/p>\n<p>\u00abLos encuentros de las distintas fases constructivas del templo y las propias cubiertas necesitar\u00edan una intervenci\u00f3n integral. Este es un edificio muy complicado\u00bb, reconoci\u00f3 el director de la Fundaci\u00f3n Catedral.<\/p>\n<p>El Plan Director del templo recoge con detalle todas las iniciativas para la gesti\u00f3n y la puesta en marcha de una estructura estable de restauraci\u00f3n y mantenimiento.<\/p>\n<p>Pero las cantidades para una intervenci\u00f3n integral como la que necesita la catedral son grandes y en tiempos de vacas flacas parece que se hacen a\u00fan m\u00e1s inalcanzables.<\/p>\n<p>El propio Daniel Lorenzo forma parte del equipo de administraci\u00f3n del templo, el cual puso sobre la mesa una nueva forma de gesti\u00f3n y tambi\u00e9n las necesidades econ\u00f3micas para acometer las obras m\u00e1s urgentes.<\/p>\n<p>Una de las ideas de los directivos ha sido la puesta en marcha de un Plan de Mecenazgo. Se trata de que la sociedad en general y los compostelanos en particular colaboren con el mantenimiento de un monumento vital para la ciudad y para Galicia desde el punto de vista econ\u00f3mico.<\/p>\n<p>Cifras aportadas por el administrador de la Catedral, Francisco Dom\u00ednguez, indican que si el templo recibe 2,5 millones de visitantes al a\u00f1o la aportaci\u00f3n al PIB de Galicia se sit\u00faa, como m\u00ednimo, en unos 1.000 millones de euros.<\/p>\n<p>Junto a la restauraci\u00f3n del P\u00f3rtico de la Gloria, ya en marcha y cuya intervenci\u00f3n sufraga la Fundaci\u00f3n Barri\u00e9 con m\u00e1s de 3 millones de euros, la rehabilitaci\u00f3n de la fachada del Obradoiro es un proyecto necesario y urgente para la catedral compostelana.<\/p>\n<p>La inversi\u00f3n en la emblem\u00e1tica fachada principal alcanza los 3,7 millones de euros, de los cuales 2 millones son aportados por la propia Catedral y las instituciones p\u00fablicas.<\/p>\n<p>Las obras ya han comenzado en la torre norte, desde hace un par de meses cubierta por andamios y lonas y con los operarios trabajando ya en ella.<\/p>\n<p>Son precisamente los t\u00e9cnicos que actualmente restauran esta torre los que explican que cuando se abren las juntas entre los sillares \u00abbrota agua\u00bb, como reconoci\u00f3 el director de la Fundaci\u00f3n Catedral.<\/p>\n<p>\u00abNecesitamos recaudar 1,7 millones para el desarrollo de un proyecto imprescindible para garantizar la conservaci\u00f3n de la catedral\u00bb, dice la propia Fundaci\u00f3n en su p\u00e1gina web.<\/p>\n<p>De esta cantidad se han recaudado ya 181.000 euros mediante aportaciones voluntarias.<\/p>\n<p>Se trata de evitar, como el propio Daniel Lorenzo admiti\u00f3 en fechas recientes, que la fachada del Obradoiro quede \u00aba dos colores\u00bb, entre otras cuestiones.<\/p>\n<p>No ser\u00eda una mala idea que los gestores del Plan de Mecenazgo de la catedral recurriesen a la caridad de Manuel Fern\u00e1ndez Casti\u00f1eiras, el autor confeso del robo del C\u00f3dice Calixtino y a quien el fiscal en su escrito de acusaci\u00f3n le exige que reponga a la bas\u00edlica unos 2,3 millones de euros que presuntamente sustrajo de forma continuada de la caja fuerte del templo desde el a\u00f1o 2000.<\/p>\n<p>Al menos con esa cantidad garantizar\u00eda el desarrollo del proyecto inaplazable de conservaci\u00f3n de la fachada del Obradoiro.<\/p>\n<p>Juan Rodil<\/p>\n","protected":false},"excerpt":{"rendered":"<p>Santiago de Compostela, 21 ene (EFE).- La catedral de Santiago necesita una intervenci\u00f3n de urgencia para solucionar las graves patolog\u00edas que presenta su estructura, principalmente las cubiertas y las fachadas. Las inclemencias climatol\u00f3gicas de los \u00faltimos meses, con abundante lluvia y en ocasiones fuertes vientos, han puesto de manifiesto la premura de estas intervenciones. La<\/p>\n","protected":false},"author":1,"featured_media":1550,"comment_status":"open","ping_status":"open","sticky":false,"template":"","format":"standard","meta":{"footnotes":""},"categories":[224],"tags":[],"class_list":{"0":"post-1549","1":"post","2":"type-post","3":"status-publish","4":"format-standard","5":"has-post-thumbnail","7":"category-noticias-actualidad"},"aioseo_notices":[],"aioseo_head":"\n\t\t<!-- All in One SEO Pro 4.9.6.1 - aioseo.com -->\n\t<meta name=\"description\" content=\"Santiago de Compostela, 21 ene (EFE).- La catedral de Santiago necesita una intervenci\u00f3n de urgencia para solucionar las graves patolog\u00edas que presenta su estructura, principalmente las cubiertas y las fachadas. Las inclemencias climatol\u00f3gicas de los \u00faltimos meses, con abundante lluvia y en ocasiones fuertes vientos, han puesto de manifiesto la premura de estas intervenciones. La\" \/>\n\t<meta name=\"robots\" content=\"max-image-preview:large\" \/>\n\t<meta name=\"author\" content=\"admin\"\/>\n\t<meta name=\"google-site-verification\" content=\"UA-38556648-1\" \/>\n\t<meta name=\"keywords\" content=\"noticias y actualidad\" \/>\n\t<link rel=\"canonical\" href=\"https:\/\/eldigitaldeasturias.com\/magazine365\/la-catedral-de-santiago-de-compostela-necesita-una-cura-de-urgencia\/\" \/>\n\t<meta name=\"generator\" content=\"All in One SEO Pro (AIOSEO) 4.9.6.1\" \/>\n\t\t<meta property=\"og:locale\" content=\"es_ES\" \/>\n\t\t<meta property=\"og:site_name\" content=\"El Digital de Asturias \u2013 Revista de ocio, turismo y estilo de vida\" \/>\n\t\t<meta property=\"og:type\" content=\"article\" \/>\n\t\t<meta property=\"og:title\" content=\"La catedral de Santiago de Compostela necesita una cura de urgencia | El Digital de Asturias\" \/>\n\t\t<meta property=\"og:description\" content=\"Santiago de Compostela, 21 ene (EFE).- La catedral de Santiago necesita una intervenci\u00f3n de urgencia para solucionar las graves patolog\u00edas que presenta su estructura, principalmente las cubiertas y las fachadas. Las inclemencias climatol\u00f3gicas de los \u00faltimos meses, con abundante lluvia y en ocasiones fuertes vientos, han puesto de manifiesto la premura de estas intervenciones. La\" \/>\n\t\t<meta property=\"og:url\" content=\"https:\/\/eldigitaldeasturias.com\/magazine365\/la-catedral-de-santiago-de-compostela-necesita-una-cura-de-urgencia\/\" \/>\n\t\t<meta property=\"og:image\" content=\"https:\/\/eldigitaldeasturias.com\/magazine365\/wp-content\/uploads\/2014\/01\/5865072w.jpg\" \/>\n\t\t<meta property=\"og:image:secure_url\" content=\"https:\/\/eldigitaldeasturias.com\/magazine365\/wp-content\/uploads\/2014\/01\/5865072w.jpg\" \/>\n\t\t<meta property=\"og:image:width\" content=\"800\" \/>\n\t\t<meta property=\"og:image:height\" content=\"519\" \/>\n\t\t<meta property=\"article:published_time\" content=\"2014-01-22T06:02:37+00:00\" \/>\n\t\t<meta property=\"article:modified_time\" content=\"2014-01-22T06:02:37+00:00\" \/>\n\t\t<meta name=\"twitter:card\" content=\"summary_large_image\" \/>\n\t\t<meta name=\"twitter:title\" content=\"La catedral de Santiago de Compostela necesita una cura de urgencia | El Digital de Asturias\" \/>\n\t\t<meta name=\"twitter:description\" content=\"Santiago de Compostela, 21 ene (EFE).- La catedral de Santiago necesita una intervenci\u00f3n de urgencia para solucionar las graves patolog\u00edas que presenta su estructura, principalmente las cubiertas y las fachadas. Las inclemencias climatol\u00f3gicas de los \u00faltimos meses, con abundante lluvia y en ocasiones fuertes vientos, han puesto de manifiesto la premura de estas intervenciones. La\" \/>\n\t\t<meta name=\"twitter:image\" content=\"https:\/\/eldigitaldeasturias.com\/magazine365\/wp-content\/uploads\/2014\/01\/5865072w.jpg\" \/>\n\t\t<script type=\"application\/ld+json\" class=\"aioseo-schema\">\n\t\t\t{\"@context\":\"https:\\\/\\\/schema.org\",\"@graph\":[{\"@type\":\"Article\",\"@id\":\"https:\\\/\\\/eldigitaldeasturias.com\\\/magazine365\\\/la-catedral-de-santiago-de-compostela-necesita-una-cura-de-urgencia\\\/#article\",\"name\":\"La catedral de Santiago de Compostela necesita una cura de urgencia | El Digital de Asturias\",\"headline\":\"La catedral de Santiago de Compostela necesita una cura de urgencia\",\"author\":{\"@id\":\"https:\\\/\\\/eldigitaldeasturias.com\\\/magazine365\\\/author\\\/admin\\\/#author\"},\"publisher\":{\"@id\":\"https:\\\/\\\/eldigitaldeasturias.com\\\/magazine365\\\/#organization\"},\"image\":{\"@type\":\"ImageObject\",\"url\":\"https:\\\/\\\/eldigitaldeasturias.com\\\/magazine365\\\/wp-content\\\/uploads\\\/2014\\\/01\\\/5865072w.jpg\",\"width\":800,\"height\":519},\"datePublished\":\"2014-01-22T05:02:37+01:00\",\"dateModified\":\"2014-01-22T05:02:37+01:00\",\"inLanguage\":\"es-ES\",\"mainEntityOfPage\":{\"@id\":\"https:\\\/\\\/eldigitaldeasturias.com\\\/magazine365\\\/la-catedral-de-santiago-de-compostela-necesita-una-cura-de-urgencia\\\/#webpage\"},\"isPartOf\":{\"@id\":\"https:\\\/\\\/eldigitaldeasturias.com\\\/magazine365\\\/la-catedral-de-santiago-de-compostela-necesita-una-cura-de-urgencia\\\/#webpage\"},\"articleSection\":\"Noticias y Actualidad\"},{\"@type\":\"BreadcrumbList\",\"@id\":\"https:\\\/\\\/eldigitaldeasturias.com\\\/magazine365\\\/la-catedral-de-santiago-de-compostela-necesita-una-cura-de-urgencia\\\/#breadcrumblist\",\"itemListElement\":[{\"@type\":\"ListItem\",\"@id\":\"https:\\\/\\\/eldigitaldeasturias.com\\\/magazine365#listItem\",\"position\":1,\"name\":\"Home\",\"item\":\"https:\\\/\\\/eldigitaldeasturias.com\\\/magazine365\",\"nextItem\":{\"@type\":\"ListItem\",\"@id\":\"https:\\\/\\\/eldigitaldeasturias.com\\\/magazine365\\\/category\\\/noticias-actualidad\\\/#listItem\",\"name\":\"Noticias y Actualidad\"}},{\"@type\":\"ListItem\",\"@id\":\"https:\\\/\\\/eldigitaldeasturias.com\\\/magazine365\\\/category\\\/noticias-actualidad\\\/#listItem\",\"position\":2,\"name\":\"Noticias y Actualidad\",\"item\":\"https:\\\/\\\/eldigitaldeasturias.com\\\/magazine365\\\/category\\\/noticias-actualidad\\\/\",\"nextItem\":{\"@type\":\"ListItem\",\"@id\":\"https:\\\/\\\/eldigitaldeasturias.com\\\/magazine365\\\/la-catedral-de-santiago-de-compostela-necesita-una-cura-de-urgencia\\\/#listItem\",\"name\":\"La catedral de Santiago de Compostela necesita una cura de urgencia\"},\"previousItem\":{\"@type\":\"ListItem\",\"@id\":\"https:\\\/\\\/eldigitaldeasturias.com\\\/magazine365#listItem\",\"name\":\"Home\"}},{\"@type\":\"ListItem\",\"@id\":\"https:\\\/\\\/eldigitaldeasturias.com\\\/magazine365\\\/la-catedral-de-santiago-de-compostela-necesita-una-cura-de-urgencia\\\/#listItem\",\"position\":3,\"name\":\"La catedral de Santiago de Compostela necesita una cura de urgencia\",\"previousItem\":{\"@type\":\"ListItem\",\"@id\":\"https:\\\/\\\/eldigitaldeasturias.com\\\/magazine365\\\/category\\\/noticias-actualidad\\\/#listItem\",\"name\":\"Noticias y Actualidad\"}}]},{\"@type\":\"Organization\",\"@id\":\"https:\\\/\\\/eldigitaldeasturias.com\\\/magazine365\\\/#organization\",\"name\":\"El digital de Asturias\",\"description\":\"Revista de ocio, turismo y estilo de vida\",\"url\":\"https:\\\/\\\/eldigitaldeasturias.com\\\/magazine365\\\/\",\"logo\":{\"@type\":\"ImageObject\",\"url\":\"https:\\\/\\\/www.eldigitaldeasturias.com\\\/noticias\\\/wp-content\\\/uploads\\\/2020\\\/12\\\/EDA.jpg\",\"@id\":\"https:\\\/\\\/eldigitaldeasturias.com\\\/magazine365\\\/la-catedral-de-santiago-de-compostela-necesita-una-cura-de-urgencia\\\/#organizationLogo\"},\"image\":{\"@id\":\"https:\\\/\\\/eldigitaldeasturias.com\\\/magazine365\\\/la-catedral-de-santiago-de-compostela-necesita-una-cura-de-urgencia\\\/#organizationLogo\"}},{\"@type\":\"Person\",\"@id\":\"https:\\\/\\\/eldigitaldeasturias.com\\\/magazine365\\\/author\\\/admin\\\/#author\",\"url\":\"https:\\\/\\\/eldigitaldeasturias.com\\\/magazine365\\\/author\\\/admin\\\/\",\"name\":\"admin\",\"image\":{\"@type\":\"ImageObject\",\"@id\":\"https:\\\/\\\/eldigitaldeasturias.com\\\/magazine365\\\/la-catedral-de-santiago-de-compostela-necesita-una-cura-de-urgencia\\\/#authorImage\",\"url\":\"https:\\\/\\\/eldigitaldeasturias.com\\\/magazine365\\\/wp-content\\\/litespeed\\\/avatar\\\/e571bcf59a0edd6fa6838245a470f2fe.jpg?ver=1777574230\",\"width\":96,\"height\":96,\"caption\":\"admin\"}},{\"@type\":\"WebPage\",\"@id\":\"https:\\\/\\\/eldigitaldeasturias.com\\\/magazine365\\\/la-catedral-de-santiago-de-compostela-necesita-una-cura-de-urgencia\\\/#webpage\",\"url\":\"https:\\\/\\\/eldigitaldeasturias.com\\\/magazine365\\\/la-catedral-de-santiago-de-compostela-necesita-una-cura-de-urgencia\\\/\",\"name\":\"La catedral de Santiago de Compostela necesita una cura de urgencia | El Digital de Asturias\",\"description\":\"Santiago de Compostela, 21 ene (EFE).- La catedral de Santiago necesita una intervenci\\u00f3n de urgencia para solucionar las graves patolog\\u00edas que presenta su estructura, principalmente las cubiertas y las fachadas. Las inclemencias climatol\\u00f3gicas de los \\u00faltimos meses, con abundante lluvia y en ocasiones fuertes vientos, han puesto de manifiesto la premura de estas intervenciones. La\",\"inLanguage\":\"es-ES\",\"isPartOf\":{\"@id\":\"https:\\\/\\\/eldigitaldeasturias.com\\\/magazine365\\\/#website\"},\"breadcrumb\":{\"@id\":\"https:\\\/\\\/eldigitaldeasturias.com\\\/magazine365\\\/la-catedral-de-santiago-de-compostela-necesita-una-cura-de-urgencia\\\/#breadcrumblist\"},\"author\":{\"@id\":\"https:\\\/\\\/eldigitaldeasturias.com\\\/magazine365\\\/author\\\/admin\\\/#author\"},\"creator\":{\"@id\":\"https:\\\/\\\/eldigitaldeasturias.com\\\/magazine365\\\/author\\\/admin\\\/#author\"},\"image\":{\"@type\":\"ImageObject\",\"url\":\"https:\\\/\\\/eldigitaldeasturias.com\\\/magazine365\\\/wp-content\\\/uploads\\\/2014\\\/01\\\/5865072w.jpg\",\"@id\":\"https:\\\/\\\/eldigitaldeasturias.com\\\/magazine365\\\/la-catedral-de-santiago-de-compostela-necesita-una-cura-de-urgencia\\\/#mainImage\",\"width\":800,\"height\":519},\"primaryImageOfPage\":{\"@id\":\"https:\\\/\\\/eldigitaldeasturias.com\\\/magazine365\\\/la-catedral-de-santiago-de-compostela-necesita-una-cura-de-urgencia\\\/#mainImage\"},\"datePublished\":\"2014-01-22T05:02:37+01:00\",\"dateModified\":\"2014-01-22T05:02:37+01:00\"},{\"@type\":\"WebSite\",\"@id\":\"https:\\\/\\\/eldigitaldeasturias.com\\\/magazine365\\\/#website\",\"url\":\"https:\\\/\\\/eldigitaldeasturias.com\\\/magazine365\\\/\",\"name\":\"El Digital de Asturias\",\"description\":\"Revista de ocio, turismo y estilo de vida\",\"inLanguage\":\"es-ES\",\"publisher\":{\"@id\":\"https:\\\/\\\/eldigitaldeasturias.com\\\/magazine365\\\/#organization\"}}]}\n\t\t<\/script>\n\t\t<!-- All in One SEO Pro -->\r\n\t\t<title>La catedral de Santiago de Compostela necesita una cura de urgencia | El Digital de Asturias<\/title>\n\n","aioseo_head_json":{"title":"La catedral de Santiago de Compostela necesita una cura de urgencia | El Digital de Asturias","description":"Santiago de Compostela, 21 ene (EFE).- La catedral de Santiago necesita una intervenci\u00f3n de urgencia para solucionar las graves patolog\u00edas que presenta su estructura, principalmente las cubiertas y las fachadas. Las inclemencias climatol\u00f3gicas de los \u00faltimos meses, con abundante lluvia y en ocasiones fuertes vientos, han puesto de manifiesto la premura de estas intervenciones. La","canonical_url":"https:\/\/eldigitaldeasturias.com\/magazine365\/la-catedral-de-santiago-de-compostela-necesita-una-cura-de-urgencia\/","robots":"max-image-preview:large","keywords":"noticias y actualidad","webmasterTools":{"google-site-verification":"UA-38556648-1","miscellaneous":""},"schema":{"@context":"https:\/\/schema.org","@graph":[{"@type":"Article","@id":"https:\/\/eldigitaldeasturias.com\/magazine365\/la-catedral-de-santiago-de-compostela-necesita-una-cura-de-urgencia\/#article","name":"La catedral de Santiago de Compostela necesita una cura de urgencia | El Digital de Asturias","headline":"La catedral de Santiago de Compostela necesita una cura de urgencia","author":{"@id":"https:\/\/eldigitaldeasturias.com\/magazine365\/author\/admin\/#author"},"publisher":{"@id":"https:\/\/eldigitaldeasturias.com\/magazine365\/#organization"},"image":{"@type":"ImageObject","url":"https:\/\/eldigitaldeasturias.com\/magazine365\/wp-content\/uploads\/2014\/01\/5865072w.jpg","width":800,"height":519},"datePublished":"2014-01-22T05:02:37+01:00","dateModified":"2014-01-22T05:02:37+01:00","inLanguage":"es-ES","mainEntityOfPage":{"@id":"https:\/\/eldigitaldeasturias.com\/magazine365\/la-catedral-de-santiago-de-compostela-necesita-una-cura-de-urgencia\/#webpage"},"isPartOf":{"@id":"https:\/\/eldigitaldeasturias.com\/magazine365\/la-catedral-de-santiago-de-compostela-necesita-una-cura-de-urgencia\/#webpage"},"articleSection":"Noticias y Actualidad"},{"@type":"BreadcrumbList","@id":"https:\/\/eldigitaldeasturias.com\/magazine365\/la-catedral-de-santiago-de-compostela-necesita-una-cura-de-urgencia\/#breadcrumblist","itemListElement":[{"@type":"ListItem","@id":"https:\/\/eldigitaldeasturias.com\/magazine365#listItem","position":1,"name":"Home","item":"https:\/\/eldigitaldeasturias.com\/magazine365","nextItem":{"@type":"ListItem","@id":"https:\/\/eldigitaldeasturias.com\/magazine365\/category\/noticias-actualidad\/#listItem","name":"Noticias y Actualidad"}},{"@type":"ListItem","@id":"https:\/\/eldigitaldeasturias.com\/magazine365\/category\/noticias-actualidad\/#listItem","position":2,"name":"Noticias y Actualidad","item":"https:\/\/eldigitaldeasturias.com\/magazine365\/category\/noticias-actualidad\/","nextItem":{"@type":"ListItem","@id":"https:\/\/eldigitaldeasturias.com\/magazine365\/la-catedral-de-santiago-de-compostela-necesita-una-cura-de-urgencia\/#listItem","name":"La catedral de Santiago de Compostela necesita una cura de urgencia"},"previousItem":{"@type":"ListItem","@id":"https:\/\/eldigitaldeasturias.com\/magazine365#listItem","name":"Home"}},{"@type":"ListItem","@id":"https:\/\/eldigitaldeasturias.com\/magazine365\/la-catedral-de-santiago-de-compostela-necesita-una-cura-de-urgencia\/#listItem","position":3,"name":"La catedral de Santiago de Compostela necesita una cura de urgencia","previousItem":{"@type":"ListItem","@id":"https:\/\/eldigitaldeasturias.com\/magazine365\/category\/noticias-actualidad\/#listItem","name":"Noticias y Actualidad"}}]},{"@type":"Organization","@id":"https:\/\/eldigitaldeasturias.com\/magazine365\/#organization","name":"El digital de Asturias","description":"Revista de ocio, turismo y estilo de vida","url":"https:\/\/eldigitaldeasturias.com\/magazine365\/","logo":{"@type":"ImageObject","url":"https:\/\/www.eldigitaldeasturias.com\/noticias\/wp-content\/uploads\/2020\/12\/EDA.jpg","@id":"https:\/\/eldigitaldeasturias.com\/magazine365\/la-catedral-de-santiago-de-compostela-necesita-una-cura-de-urgencia\/#organizationLogo"},"image":{"@id":"https:\/\/eldigitaldeasturias.com\/magazine365\/la-catedral-de-santiago-de-compostela-necesita-una-cura-de-urgencia\/#organizationLogo"}},{"@type":"Person","@id":"https:\/\/eldigitaldeasturias.com\/magazine365\/author\/admin\/#author","url":"https:\/\/eldigitaldeasturias.com\/magazine365\/author\/admin\/","name":"admin","image":{"@type":"ImageObject","@id":"https:\/\/eldigitaldeasturias.com\/magazine365\/la-catedral-de-santiago-de-compostela-necesita-una-cura-de-urgencia\/#authorImage","url":"https:\/\/eldigitaldeasturias.com\/magazine365\/wp-content\/litespeed\/avatar\/e571bcf59a0edd6fa6838245a470f2fe.jpg?ver=1777574230","width":96,"height":96,"caption":"admin"}},{"@type":"WebPage","@id":"https:\/\/eldigitaldeasturias.com\/magazine365\/la-catedral-de-santiago-de-compostela-necesita-una-cura-de-urgencia\/#webpage","url":"https:\/\/eldigitaldeasturias.com\/magazine365\/la-catedral-de-santiago-de-compostela-necesita-una-cura-de-urgencia\/","name":"La catedral de Santiago de Compostela necesita una cura de urgencia | El Digital de Asturias","description":"Santiago de Compostela, 21 ene (EFE).- La catedral de Santiago necesita una intervenci\u00f3n de urgencia para solucionar las graves patolog\u00edas que presenta su estructura, principalmente las cubiertas y las fachadas. Las inclemencias climatol\u00f3gicas de los \u00faltimos meses, con abundante lluvia y en ocasiones fuertes vientos, han puesto de manifiesto la premura de estas intervenciones. La","inLanguage":"es-ES","isPartOf":{"@id":"https:\/\/eldigitaldeasturias.com\/magazine365\/#website"},"breadcrumb":{"@id":"https:\/\/eldigitaldeasturias.com\/magazine365\/la-catedral-de-santiago-de-compostela-necesita-una-cura-de-urgencia\/#breadcrumblist"},"author":{"@id":"https:\/\/eldigitaldeasturias.com\/magazine365\/author\/admin\/#author"},"creator":{"@id":"https:\/\/eldigitaldeasturias.com\/magazine365\/author\/admin\/#author"},"image":{"@type":"ImageObject","url":"https:\/\/eldigitaldeasturias.com\/magazine365\/wp-content\/uploads\/2014\/01\/5865072w.jpg","@id":"https:\/\/eldigitaldeasturias.com\/magazine365\/la-catedral-de-santiago-de-compostela-necesita-una-cura-de-urgencia\/#mainImage","width":800,"height":519},"primaryImageOfPage":{"@id":"https:\/\/eldigitaldeasturias.com\/magazine365\/la-catedral-de-santiago-de-compostela-necesita-una-cura-de-urgencia\/#mainImage"},"datePublished":"2014-01-22T05:02:37+01:00","dateModified":"2014-01-22T05:02:37+01:00"},{"@type":"WebSite","@id":"https:\/\/eldigitaldeasturias.com\/magazine365\/#website","url":"https:\/\/eldigitaldeasturias.com\/magazine365\/","name":"El Digital de Asturias","description":"Revista de ocio, turismo y estilo de vida","inLanguage":"es-ES","publisher":{"@id":"https:\/\/eldigitaldeasturias.com\/magazine365\/#organization"}}]},"og:locale":"es_ES","og:site_name":"El Digital de Asturias \u2013 Revista de ocio, turismo y estilo de vida","og:type":"article","og:title":"La catedral de Santiago de Compostela necesita una cura de urgencia | El Digital de Asturias","og:description":"Santiago de Compostela, 21 ene (EFE).- La catedral de Santiago necesita una intervenci\u00f3n de urgencia para solucionar las graves patolog\u00edas que presenta su estructura, principalmente las cubiertas y las fachadas. Las inclemencias climatol\u00f3gicas de los \u00faltimos meses, con abundante lluvia y en ocasiones fuertes vientos, han puesto de manifiesto la premura de estas intervenciones. La","og:url":"https:\/\/eldigitaldeasturias.com\/magazine365\/la-catedral-de-santiago-de-compostela-necesita-una-cura-de-urgencia\/","og:image":"https:\/\/eldigitaldeasturias.com\/magazine365\/wp-content\/uploads\/2014\/01\/5865072w.jpg","og:image:secure_url":"https:\/\/eldigitaldeasturias.com\/magazine365\/wp-content\/uploads\/2014\/01\/5865072w.jpg","og:image:width":800,"og:image:height":519,"article:published_time":"2014-01-22T06:02:37+00:00","article:modified_time":"2014-01-22T06:02:37+00:00","twitter:card":"summary_large_image","twitter:title":"La catedral de Santiago de Compostela necesita una cura de urgencia | El Digital de Asturias","twitter:description":"Santiago de Compostela, 21 ene (EFE).- La catedral de Santiago necesita una intervenci\u00f3n de urgencia para solucionar las graves patolog\u00edas que presenta su estructura, principalmente las cubiertas y las fachadas. Las inclemencias climatol\u00f3gicas de los \u00faltimos meses, con abundante lluvia y en ocasiones fuertes vientos, han puesto de manifiesto la premura de estas intervenciones. La","twitter:image":"https:\/\/eldigitaldeasturias.com\/magazine365\/wp-content\/uploads\/2014\/01\/5865072w.jpg"},"aioseo_meta_data":{"post_id":"1549","title":null,"description":null,"keywords":null,"keyphrases":null,"primary_term":null,"canonical_url":null,"og_title":null,"og_description":null,"og_object_type":"default","og_image_type":"default","og_image_url":null,"og_image_width":null,"og_image_height":null,"og_image_custom_url":null,"og_image_custom_fields":null,"og_video":null,"og_custom_url":null,"og_article_section":null,"og_article_tags":null,"twitter_use_og":false,"twitter_card":"default","twitter_image_type":"default","twitter_image_url":null,"twitter_image_custom_url":null,"twitter_image_custom_fields":null,"twitter_title":null,"twitter_description":null,"schema":{"blockGraphs":[],"customGraphs":[],"default":{"data":{"Article":[],"Course":[],"Dataset":[],"FAQPage":[],"Movie":[],"Person":[],"Product":[],"ProductReview":[],"Car":[],"Recipe":[],"Service":[],"SoftwareApplication":[],"WebPage":[]},"graphName":"","isEnabled":true},"graphs":[],"defaultGraph":"","defaultPostTypeGraph":""},"schema_type":null,"schema_type_options":null,"pillar_content":false,"robots_default":true,"robots_noindex":false,"robots_noarchive":false,"robots_nosnippet":false,"robots_nofollow":false,"robots_noimageindex":false,"robots_noodp":false,"robots_notranslate":false,"robots_max_snippet":null,"robots_max_videopreview":null,"robots_max_imagepreview":"large","priority":null,"frequency":null,"location":null,"local_seo":null,"seo_analyzer_scan_date":"2025-09-16 09:33:00","breadcrumb_settings":null,"limit_modified_date":false,"open_ai":null,"ai":null,"created":"2020-12-21 13:39:30","updated":"2025-09-16 09:33:00"},"aioseo_breadcrumb":"<div class=\"aioseo-breadcrumbs\"><span class=\"aioseo-breadcrumb\">\n\t<a href=\"https:\/\/eldigitaldeasturias.com\/magazine365\" title=\"Home\">Home<\/a>\n<\/span><span class=\"aioseo-breadcrumb-separator\">\u2013<\/span><span class=\"aioseo-breadcrumb\">\n\t<a href=\"https:\/\/eldigitaldeasturias.com\/magazine365\/category\/noticias-actualidad\/\" title=\"Noticias y Actualidad\">Noticias y Actualidad<\/a>\n<\/span><span class=\"aioseo-breadcrumb-separator\">\u2013<\/span><span class=\"aioseo-breadcrumb\">\n\t<a href=\"https:\/\/eldigitaldeasturias.com\/magazine365\/la-catedral-de-santiago-de-compostela-necesita-una-cura-de-urgencia\/\" title=\"La catedral de Santiago de Compostela necesita una cura de urgencia\">La catedral de Santiago de Compostela necesita una cura de urgencia<\/a>\n<\/span><\/div>","aioseo_breadcrumb_json":[{"label":"Home","link":"https:\/\/eldigitaldeasturias.com\/magazine365"},{"label":"Noticias y Actualidad","link":"https:\/\/eldigitaldeasturias.com\/magazine365\/category\/noticias-actualidad\/"},{"label":"La catedral de Santiago de Compostela necesita una cura de urgencia","link":"https:\/\/eldigitaldeasturias.com\/magazine365\/la-catedral-de-santiago-de-compostela-necesita-una-cura-de-urgencia\/"}],"_links":{"self":[{"href":"https:\/\/eldigitaldeasturias.com\/magazine365\/wp-json\/wp\/v2\/posts\/1549","targetHints":{"allow":["GET"]}}],"collection":[{"href":"https:\/\/eldigitaldeasturias.com\/magazine365\/wp-json\/wp\/v2\/posts"}],"about":[{"href":"https:\/\/eldigitaldeasturias.com\/magazine365\/wp-json\/wp\/v2\/types\/post"}],"author":[{"embeddable":true,"href":"https:\/\/eldigitaldeasturias.com\/magazine365\/wp-json\/wp\/v2\/users\/1"}],"replies":[{"embeddable":true,"href":"https:\/\/eldigitaldeasturias.com\/magazine365\/wp-json\/wp\/v2\/comments?post=1549"}],"version-history":[{"count":0,"href":"https:\/\/eldigitaldeasturias.com\/magazine365\/wp-json\/wp\/v2\/posts\/1549\/revisions"}],"wp:featuredmedia":[{"embeddable":true,"href":"https:\/\/eldigitaldeasturias.com\/magazine365\/wp-json\/wp\/v2\/media\/1550"}],"wp:attachment":[{"href":"https:\/\/eldigitaldeasturias.com\/magazine365\/wp-json\/wp\/v2\/media?parent=1549"}],"wp:term":[{"taxonomy":"category","embeddable":true,"href":"https:\/\/eldigitaldeasturias.com\/magazine365\/wp-json\/wp\/v2\/categories?post=1549"},{"taxonomy":"post_tag","embeddable":true,"href":"https:\/\/eldigitaldeasturias.com\/magazine365\/wp-json\/wp\/v2\/tags?post=1549"}],"curies":[{"name":"wp","href":"https:\/\/api.w.org\/{rel}","templated":true}]}}