{"id":1546,"date":"2014-01-22T04:58:31","date_gmt":"2014-01-22T05:58:31","guid":{"rendered":"http:\/\/eldigitaldeasturias.com\/magazine365\/?p=1546"},"modified":"2014-01-22T04:58:31","modified_gmt":"2014-01-22T05:58:31","slug":"damon-albarn-sacara-su-primer-album-en-solitario-el-28-de-abril","status":"publish","type":"post","link":"https:\/\/eldigitaldeasturias.com\/magazine365\/damon-albarn-sacara-su-primer-album-en-solitario-el-28-de-abril\/","title":{"rendered":"Damon Albarn sacar\u00e1 su primer \u00e1lbum en solitario el 28 de abril"},"content":{"rendered":"<p><img fetchpriority=\"high\" decoding=\"async\" class=\"alignleft size-medium wp-image-1547\" alt=\"5865881w\" src=\"https:\/\/eldigitaldeasturias.com\/magazine365\/wp-content\/uploads\/2014\/01\/5865881w-360x249.jpg\" width=\"360\" height=\"249\" srcset=\"https:\/\/eldigitaldeasturias.com\/magazine365\/wp-content\/uploads\/2014\/01\/5865881w-360x249.jpg 360w, https:\/\/eldigitaldeasturias.com\/magazine365\/wp-content\/uploads\/2014\/01\/5865881w-650x450.jpg 650w, https:\/\/eldigitaldeasturias.com\/magazine365\/wp-content\/uploads\/2014\/01\/5865881w-768x532.jpg 768w, https:\/\/eldigitaldeasturias.com\/magazine365\/wp-content\/uploads\/2014\/01\/5865881w-150x104.jpg 150w, https:\/\/eldigitaldeasturias.com\/magazine365\/wp-content\/uploads\/2014\/01\/5865881w-450x312.jpg 450w, https:\/\/eldigitaldeasturias.com\/magazine365\/wp-content\/uploads\/2014\/01\/5865881w-100x70.jpg 100w, https:\/\/eldigitaldeasturias.com\/magazine365\/wp-content\/uploads\/2014\/01\/5865881w-218x150.jpg 218w, https:\/\/eldigitaldeasturias.com\/magazine365\/wp-content\/uploads\/2014\/01\/5865881w-696x482.jpg 696w, https:\/\/eldigitaldeasturias.com\/magazine365\/wp-content\/uploads\/2014\/01\/5865881w-606x420.jpg 606w, https:\/\/eldigitaldeasturias.com\/magazine365\/wp-content\/uploads\/2014\/01\/5865881w.jpg 800w\" sizes=\"(max-width: 360px) 100vw, 360px\" \/>Londres, 21 ene (EFE).- El m\u00fasico brit\u00e1nico y l\u00edder de la banda Blur, Damon Albarn, sacar\u00e1 su primer \u00e1lbum oficial en solitario, \u00abEveryday Robots\u00bb, el pr\u00f3ximo 28 de abril, seg\u00fan recogen hoy los medios brit\u00e1nicos.<\/p>\n<p>Tras a\u00f1os de lanzamientos con el grupo de rock Blur y de implicarse en otras colaboraciones, el vers\u00e1til cantante publicar\u00e1 dentro de tres meses un \u00e1lbum de estudio con su nombre.<\/p>\n<p>Albarn ya ha permitido a sus seguidores escuchar un anticipo de c\u00f3mo sonar\u00e1 ese nuevo disco con un v\u00eddeo clip colgado en YouTube en el que aparece \u00e9l sentado al piano.<\/p>\n<p>Al margen de Blur, el artista ha estado involucrado en numerosos proyectos, entre ellos The Good, The Bad And The Queen, una nueva banda que form\u00f3 en julio de 2006 con el ex bajista de The Clash, Paul Simonon, el ex guitarrista de The Verve, Simon Tong, y el baterista nigeriano Tony Allen, famoso por participar en la banda de Fela Kuti, Africa 70.<\/p>\n<p>Otros proyectos en los que ha participado Albarn estos \u00faltimos a\u00f1os han incluido, son el \u00e1lbum Mali Music, publicado en 2002, y fruto de un viaje realizado a Mali con fines ben\u00e9ficos, el proyecto Gorillaz o el estreno, en julio de 2011, de la \u00f3pera \u00abDoctor Dee\u00bb.<\/p>\n<p>Desde 2003, cuando publicaron \u00abThink Tank\u00bb, Blur no ha vuelto a grabar un \u00e1lbum completo, aunque sus miembros se han juntado para proyectos concretos.<\/p>\n","protected":false},"excerpt":{"rendered":"<p>Londres, 21 ene (EFE).- El m\u00fasico brit\u00e1nico y l\u00edder de la banda Blur, Damon Albarn, sacar\u00e1 su primer \u00e1lbum oficial en solitario, \u00abEveryday Robots\u00bb, el pr\u00f3ximo 28 de abril, seg\u00fan recogen hoy los medios brit\u00e1nicos. Tras a\u00f1os de lanzamientos con el grupo de rock Blur y de implicarse en otras colaboraciones, el vers\u00e1til cantante publicar\u00e1<\/p>\n","protected":false},"author":1,"featured_media":1547,"comment_status":"open","ping_status":"open","sticky":false,"template":"","format":"standard","meta":{"footnotes":""},"categories":[224],"tags":[],"class_list":{"0":"post-1546","1":"post","2":"type-post","3":"status-publish","4":"format-standard","5":"has-post-thumbnail","7":"category-noticias-actualidad"},"aioseo_notices":[],"aioseo_head":"\n\t\t<!-- All in One SEO Pro 4.9.6.1 - aioseo.com -->\n\t<meta name=\"description\" content=\"Londres, 21 ene (EFE).- El m\u00fasico brit\u00e1nico y l\u00edder de la banda Blur, Damon Albarn, sacar\u00e1 su primer \u00e1lbum oficial en solitario, &quot;Everyday Robots&quot;, el pr\u00f3ximo 28 de abril, seg\u00fan recogen hoy los medios brit\u00e1nicos. Tras a\u00f1os de lanzamientos con el grupo de rock Blur y de implicarse en otras colaboraciones, el vers\u00e1til cantante publicar\u00e1\" \/>\n\t<meta name=\"robots\" content=\"max-image-preview:large\" \/>\n\t<meta name=\"author\" content=\"admin\"\/>\n\t<meta name=\"google-site-verification\" content=\"UA-38556648-1\" \/>\n\t<meta name=\"keywords\" content=\"noticias y actualidad\" \/>\n\t<link rel=\"canonical\" href=\"https:\/\/eldigitaldeasturias.com\/magazine365\/damon-albarn-sacara-su-primer-album-en-solitario-el-28-de-abril\/\" \/>\n\t<meta name=\"generator\" content=\"All in One SEO Pro (AIOSEO) 4.9.6.1\" \/>\n\t\t<meta property=\"og:locale\" content=\"es_ES\" \/>\n\t\t<meta property=\"og:site_name\" content=\"El Digital de Asturias \u2013 Revista de ocio, turismo y estilo de vida\" \/>\n\t\t<meta property=\"og:type\" content=\"article\" \/>\n\t\t<meta property=\"og:title\" content=\"Damon Albarn sacar\u00e1 su primer \u00e1lbum en solitario el 28 de abril | El Digital de Asturias\" \/>\n\t\t<meta property=\"og:description\" content=\"Londres, 21 ene (EFE).- El m\u00fasico brit\u00e1nico y l\u00edder de la banda Blur, Damon Albarn, sacar\u00e1 su primer \u00e1lbum oficial en solitario, &quot;Everyday Robots&quot;, el pr\u00f3ximo 28 de abril, seg\u00fan recogen hoy los medios brit\u00e1nicos. Tras a\u00f1os de lanzamientos con el grupo de rock Blur y de implicarse en otras colaboraciones, el vers\u00e1til cantante publicar\u00e1\" \/>\n\t\t<meta property=\"og:url\" content=\"https:\/\/eldigitaldeasturias.com\/magazine365\/damon-albarn-sacara-su-primer-album-en-solitario-el-28-de-abril\/\" \/>\n\t\t<meta property=\"og:image\" content=\"https:\/\/eldigitaldeasturias.com\/magazine365\/wp-content\/uploads\/2014\/01\/5865881w.jpg\" \/>\n\t\t<meta property=\"og:image:secure_url\" content=\"https:\/\/eldigitaldeasturias.com\/magazine365\/wp-content\/uploads\/2014\/01\/5865881w.jpg\" \/>\n\t\t<meta property=\"og:image:width\" content=\"800\" \/>\n\t\t<meta property=\"og:image:height\" content=\"554\" \/>\n\t\t<meta property=\"article:published_time\" content=\"2014-01-22T05:58:31+00:00\" \/>\n\t\t<meta property=\"article:modified_time\" content=\"2014-01-22T05:58:31+00:00\" \/>\n\t\t<meta name=\"twitter:card\" content=\"summary_large_image\" \/>\n\t\t<meta name=\"twitter:title\" content=\"Damon Albarn sacar\u00e1 su primer \u00e1lbum en solitario el 28 de abril | El Digital de Asturias\" \/>\n\t\t<meta name=\"twitter:description\" content=\"Londres, 21 ene (EFE).- El m\u00fasico brit\u00e1nico y l\u00edder de la banda Blur, Damon Albarn, sacar\u00e1 su primer \u00e1lbum oficial en solitario, &quot;Everyday Robots&quot;, el pr\u00f3ximo 28 de abril, seg\u00fan recogen hoy los medios brit\u00e1nicos. Tras a\u00f1os de lanzamientos con el grupo de rock Blur y de implicarse en otras colaboraciones, el vers\u00e1til cantante publicar\u00e1\" \/>\n\t\t<meta name=\"twitter:image\" content=\"https:\/\/eldigitaldeasturias.com\/magazine365\/wp-content\/uploads\/2014\/01\/5865881w.jpg\" \/>\n\t\t<script type=\"application\/ld+json\" class=\"aioseo-schema\">\n\t\t\t{\"@context\":\"https:\\\/\\\/schema.org\",\"@graph\":[{\"@type\":\"Article\",\"@id\":\"https:\\\/\\\/eldigitaldeasturias.com\\\/magazine365\\\/damon-albarn-sacara-su-primer-album-en-solitario-el-28-de-abril\\\/#article\",\"name\":\"Damon Albarn sacar\\u00e1 su primer \\u00e1lbum en solitario el 28 de abril | El Digital de Asturias\",\"headline\":\"Damon Albarn sacar\\u00e1 su primer \\u00e1lbum en solitario el 28 de abril\",\"author\":{\"@id\":\"https:\\\/\\\/eldigitaldeasturias.com\\\/magazine365\\\/author\\\/admin\\\/#author\"},\"publisher\":{\"@id\":\"https:\\\/\\\/eldigitaldeasturias.com\\\/magazine365\\\/#organization\"},\"image\":{\"@type\":\"ImageObject\",\"url\":\"https:\\\/\\\/eldigitaldeasturias.com\\\/magazine365\\\/wp-content\\\/uploads\\\/2014\\\/01\\\/5865881w.jpg\",\"width\":800,\"height\":554},\"datePublished\":\"2014-01-22T04:58:31+01:00\",\"dateModified\":\"2014-01-22T04:58:31+01:00\",\"inLanguage\":\"es-ES\",\"mainEntityOfPage\":{\"@id\":\"https:\\\/\\\/eldigitaldeasturias.com\\\/magazine365\\\/damon-albarn-sacara-su-primer-album-en-solitario-el-28-de-abril\\\/#webpage\"},\"isPartOf\":{\"@id\":\"https:\\\/\\\/eldigitaldeasturias.com\\\/magazine365\\\/damon-albarn-sacara-su-primer-album-en-solitario-el-28-de-abril\\\/#webpage\"},\"articleSection\":\"Noticias y Actualidad\"},{\"@type\":\"BreadcrumbList\",\"@id\":\"https:\\\/\\\/eldigitaldeasturias.com\\\/magazine365\\\/damon-albarn-sacara-su-primer-album-en-solitario-el-28-de-abril\\\/#breadcrumblist\",\"itemListElement\":[{\"@type\":\"ListItem\",\"@id\":\"https:\\\/\\\/eldigitaldeasturias.com\\\/magazine365#listItem\",\"position\":1,\"name\":\"Home\",\"item\":\"https:\\\/\\\/eldigitaldeasturias.com\\\/magazine365\",\"nextItem\":{\"@type\":\"ListItem\",\"@id\":\"https:\\\/\\\/eldigitaldeasturias.com\\\/magazine365\\\/category\\\/noticias-actualidad\\\/#listItem\",\"name\":\"Noticias y Actualidad\"}},{\"@type\":\"ListItem\",\"@id\":\"https:\\\/\\\/eldigitaldeasturias.com\\\/magazine365\\\/category\\\/noticias-actualidad\\\/#listItem\",\"position\":2,\"name\":\"Noticias y Actualidad\",\"item\":\"https:\\\/\\\/eldigitaldeasturias.com\\\/magazine365\\\/category\\\/noticias-actualidad\\\/\",\"nextItem\":{\"@type\":\"ListItem\",\"@id\":\"https:\\\/\\\/eldigitaldeasturias.com\\\/magazine365\\\/damon-albarn-sacara-su-primer-album-en-solitario-el-28-de-abril\\\/#listItem\",\"name\":\"Damon Albarn sacar\\u00e1 su primer \\u00e1lbum en solitario el 28 de abril\"},\"previousItem\":{\"@type\":\"ListItem\",\"@id\":\"https:\\\/\\\/eldigitaldeasturias.com\\\/magazine365#listItem\",\"name\":\"Home\"}},{\"@type\":\"ListItem\",\"@id\":\"https:\\\/\\\/eldigitaldeasturias.com\\\/magazine365\\\/damon-albarn-sacara-su-primer-album-en-solitario-el-28-de-abril\\\/#listItem\",\"position\":3,\"name\":\"Damon Albarn sacar\\u00e1 su primer \\u00e1lbum en solitario el 28 de abril\",\"previousItem\":{\"@type\":\"ListItem\",\"@id\":\"https:\\\/\\\/eldigitaldeasturias.com\\\/magazine365\\\/category\\\/noticias-actualidad\\\/#listItem\",\"name\":\"Noticias y Actualidad\"}}]},{\"@type\":\"Organization\",\"@id\":\"https:\\\/\\\/eldigitaldeasturias.com\\\/magazine365\\\/#organization\",\"name\":\"El digital de Asturias\",\"description\":\"Revista de ocio, turismo y estilo de vida\",\"url\":\"https:\\\/\\\/eldigitaldeasturias.com\\\/magazine365\\\/\",\"logo\":{\"@type\":\"ImageObject\",\"url\":\"https:\\\/\\\/www.eldigitaldeasturias.com\\\/noticias\\\/wp-content\\\/uploads\\\/2020\\\/12\\\/EDA.jpg\",\"@id\":\"https:\\\/\\\/eldigitaldeasturias.com\\\/magazine365\\\/damon-albarn-sacara-su-primer-album-en-solitario-el-28-de-abril\\\/#organizationLogo\"},\"image\":{\"@id\":\"https:\\\/\\\/eldigitaldeasturias.com\\\/magazine365\\\/damon-albarn-sacara-su-primer-album-en-solitario-el-28-de-abril\\\/#organizationLogo\"}},{\"@type\":\"Person\",\"@id\":\"https:\\\/\\\/eldigitaldeasturias.com\\\/magazine365\\\/author\\\/admin\\\/#author\",\"url\":\"https:\\\/\\\/eldigitaldeasturias.com\\\/magazine365\\\/author\\\/admin\\\/\",\"name\":\"admin\",\"image\":{\"@type\":\"ImageObject\",\"@id\":\"https:\\\/\\\/eldigitaldeasturias.com\\\/magazine365\\\/damon-albarn-sacara-su-primer-album-en-solitario-el-28-de-abril\\\/#authorImage\",\"url\":\"https:\\\/\\\/eldigitaldeasturias.com\\\/magazine365\\\/wp-content\\\/litespeed\\\/avatar\\\/e571bcf59a0edd6fa6838245a470f2fe.jpg?ver=1777574230\",\"width\":96,\"height\":96,\"caption\":\"admin\"}},{\"@type\":\"WebPage\",\"@id\":\"https:\\\/\\\/eldigitaldeasturias.com\\\/magazine365\\\/damon-albarn-sacara-su-primer-album-en-solitario-el-28-de-abril\\\/#webpage\",\"url\":\"https:\\\/\\\/eldigitaldeasturias.com\\\/magazine365\\\/damon-albarn-sacara-su-primer-album-en-solitario-el-28-de-abril\\\/\",\"name\":\"Damon Albarn sacar\\u00e1 su primer \\u00e1lbum en solitario el 28 de abril | El Digital de Asturias\",\"description\":\"Londres, 21 ene (EFE).- El m\\u00fasico brit\\u00e1nico y l\\u00edder de la banda Blur, Damon Albarn, sacar\\u00e1 su primer \\u00e1lbum oficial en solitario, \\\"Everyday Robots\\\", el pr\\u00f3ximo 28 de abril, seg\\u00fan recogen hoy los medios brit\\u00e1nicos. Tras a\\u00f1os de lanzamientos con el grupo de rock Blur y de implicarse en otras colaboraciones, el vers\\u00e1til cantante publicar\\u00e1\",\"inLanguage\":\"es-ES\",\"isPartOf\":{\"@id\":\"https:\\\/\\\/eldigitaldeasturias.com\\\/magazine365\\\/#website\"},\"breadcrumb\":{\"@id\":\"https:\\\/\\\/eldigitaldeasturias.com\\\/magazine365\\\/damon-albarn-sacara-su-primer-album-en-solitario-el-28-de-abril\\\/#breadcrumblist\"},\"author\":{\"@id\":\"https:\\\/\\\/eldigitaldeasturias.com\\\/magazine365\\\/author\\\/admin\\\/#author\"},\"creator\":{\"@id\":\"https:\\\/\\\/eldigitaldeasturias.com\\\/magazine365\\\/author\\\/admin\\\/#author\"},\"image\":{\"@type\":\"ImageObject\",\"url\":\"https:\\\/\\\/eldigitaldeasturias.com\\\/magazine365\\\/wp-content\\\/uploads\\\/2014\\\/01\\\/5865881w.jpg\",\"@id\":\"https:\\\/\\\/eldigitaldeasturias.com\\\/magazine365\\\/damon-albarn-sacara-su-primer-album-en-solitario-el-28-de-abril\\\/#mainImage\",\"width\":800,\"height\":554},\"primaryImageOfPage\":{\"@id\":\"https:\\\/\\\/eldigitaldeasturias.com\\\/magazine365\\\/damon-albarn-sacara-su-primer-album-en-solitario-el-28-de-abril\\\/#mainImage\"},\"datePublished\":\"2014-01-22T04:58:31+01:00\",\"dateModified\":\"2014-01-22T04:58:31+01:00\"},{\"@type\":\"WebSite\",\"@id\":\"https:\\\/\\\/eldigitaldeasturias.com\\\/magazine365\\\/#website\",\"url\":\"https:\\\/\\\/eldigitaldeasturias.com\\\/magazine365\\\/\",\"name\":\"El Digital de Asturias\",\"description\":\"Revista de ocio, turismo y estilo de vida\",\"inLanguage\":\"es-ES\",\"publisher\":{\"@id\":\"https:\\\/\\\/eldigitaldeasturias.com\\\/magazine365\\\/#organization\"}}]}\n\t\t<\/script>\n\t\t<!-- All in One SEO Pro -->\r\n\t\t<title>Damon Albarn sacar\u00e1 su primer \u00e1lbum en solitario el 28 de abril | El Digital de Asturias<\/title>\n\n","aioseo_head_json":{"title":"Damon Albarn sacar\u00e1 su primer \u00e1lbum en solitario el 28 de abril | El Digital de Asturias","description":"Londres, 21 ene (EFE).- El m\u00fasico brit\u00e1nico y l\u00edder de la banda Blur, Damon Albarn, sacar\u00e1 su primer \u00e1lbum oficial en solitario, \"Everyday Robots\", el pr\u00f3ximo 28 de abril, seg\u00fan recogen hoy los medios brit\u00e1nicos. Tras a\u00f1os de lanzamientos con el grupo de rock Blur y de implicarse en otras colaboraciones, el vers\u00e1til cantante publicar\u00e1","canonical_url":"https:\/\/eldigitaldeasturias.com\/magazine365\/damon-albarn-sacara-su-primer-album-en-solitario-el-28-de-abril\/","robots":"max-image-preview:large","keywords":"noticias y actualidad","webmasterTools":{"google-site-verification":"UA-38556648-1","miscellaneous":""},"schema":{"@context":"https:\/\/schema.org","@graph":[{"@type":"Article","@id":"https:\/\/eldigitaldeasturias.com\/magazine365\/damon-albarn-sacara-su-primer-album-en-solitario-el-28-de-abril\/#article","name":"Damon Albarn sacar\u00e1 su primer \u00e1lbum en solitario el 28 de abril | El Digital de Asturias","headline":"Damon Albarn sacar\u00e1 su primer \u00e1lbum en solitario el 28 de abril","author":{"@id":"https:\/\/eldigitaldeasturias.com\/magazine365\/author\/admin\/#author"},"publisher":{"@id":"https:\/\/eldigitaldeasturias.com\/magazine365\/#organization"},"image":{"@type":"ImageObject","url":"https:\/\/eldigitaldeasturias.com\/magazine365\/wp-content\/uploads\/2014\/01\/5865881w.jpg","width":800,"height":554},"datePublished":"2014-01-22T04:58:31+01:00","dateModified":"2014-01-22T04:58:31+01:00","inLanguage":"es-ES","mainEntityOfPage":{"@id":"https:\/\/eldigitaldeasturias.com\/magazine365\/damon-albarn-sacara-su-primer-album-en-solitario-el-28-de-abril\/#webpage"},"isPartOf":{"@id":"https:\/\/eldigitaldeasturias.com\/magazine365\/damon-albarn-sacara-su-primer-album-en-solitario-el-28-de-abril\/#webpage"},"articleSection":"Noticias y Actualidad"},{"@type":"BreadcrumbList","@id":"https:\/\/eldigitaldeasturias.com\/magazine365\/damon-albarn-sacara-su-primer-album-en-solitario-el-28-de-abril\/#breadcrumblist","itemListElement":[{"@type":"ListItem","@id":"https:\/\/eldigitaldeasturias.com\/magazine365#listItem","position":1,"name":"Home","item":"https:\/\/eldigitaldeasturias.com\/magazine365","nextItem":{"@type":"ListItem","@id":"https:\/\/eldigitaldeasturias.com\/magazine365\/category\/noticias-actualidad\/#listItem","name":"Noticias y Actualidad"}},{"@type":"ListItem","@id":"https:\/\/eldigitaldeasturias.com\/magazine365\/category\/noticias-actualidad\/#listItem","position":2,"name":"Noticias y Actualidad","item":"https:\/\/eldigitaldeasturias.com\/magazine365\/category\/noticias-actualidad\/","nextItem":{"@type":"ListItem","@id":"https:\/\/eldigitaldeasturias.com\/magazine365\/damon-albarn-sacara-su-primer-album-en-solitario-el-28-de-abril\/#listItem","name":"Damon Albarn sacar\u00e1 su primer \u00e1lbum en solitario el 28 de abril"},"previousItem":{"@type":"ListItem","@id":"https:\/\/eldigitaldeasturias.com\/magazine365#listItem","name":"Home"}},{"@type":"ListItem","@id":"https:\/\/eldigitaldeasturias.com\/magazine365\/damon-albarn-sacara-su-primer-album-en-solitario-el-28-de-abril\/#listItem","position":3,"name":"Damon Albarn sacar\u00e1 su primer \u00e1lbum en solitario el 28 de abril","previousItem":{"@type":"ListItem","@id":"https:\/\/eldigitaldeasturias.com\/magazine365\/category\/noticias-actualidad\/#listItem","name":"Noticias y Actualidad"}}]},{"@type":"Organization","@id":"https:\/\/eldigitaldeasturias.com\/magazine365\/#organization","name":"El digital de Asturias","description":"Revista de ocio, turismo y estilo de vida","url":"https:\/\/eldigitaldeasturias.com\/magazine365\/","logo":{"@type":"ImageObject","url":"https:\/\/www.eldigitaldeasturias.com\/noticias\/wp-content\/uploads\/2020\/12\/EDA.jpg","@id":"https:\/\/eldigitaldeasturias.com\/magazine365\/damon-albarn-sacara-su-primer-album-en-solitario-el-28-de-abril\/#organizationLogo"},"image":{"@id":"https:\/\/eldigitaldeasturias.com\/magazine365\/damon-albarn-sacara-su-primer-album-en-solitario-el-28-de-abril\/#organizationLogo"}},{"@type":"Person","@id":"https:\/\/eldigitaldeasturias.com\/magazine365\/author\/admin\/#author","url":"https:\/\/eldigitaldeasturias.com\/magazine365\/author\/admin\/","name":"admin","image":{"@type":"ImageObject","@id":"https:\/\/eldigitaldeasturias.com\/magazine365\/damon-albarn-sacara-su-primer-album-en-solitario-el-28-de-abril\/#authorImage","url":"https:\/\/eldigitaldeasturias.com\/magazine365\/wp-content\/litespeed\/avatar\/e571bcf59a0edd6fa6838245a470f2fe.jpg?ver=1777574230","width":96,"height":96,"caption":"admin"}},{"@type":"WebPage","@id":"https:\/\/eldigitaldeasturias.com\/magazine365\/damon-albarn-sacara-su-primer-album-en-solitario-el-28-de-abril\/#webpage","url":"https:\/\/eldigitaldeasturias.com\/magazine365\/damon-albarn-sacara-su-primer-album-en-solitario-el-28-de-abril\/","name":"Damon Albarn sacar\u00e1 su primer \u00e1lbum en solitario el 28 de abril | El Digital de Asturias","description":"Londres, 21 ene (EFE).- El m\u00fasico brit\u00e1nico y l\u00edder de la banda Blur, Damon Albarn, sacar\u00e1 su primer \u00e1lbum oficial en solitario, \"Everyday Robots\", el pr\u00f3ximo 28 de abril, seg\u00fan recogen hoy los medios brit\u00e1nicos. Tras a\u00f1os de lanzamientos con el grupo de rock Blur y de implicarse en otras colaboraciones, el vers\u00e1til cantante publicar\u00e1","inLanguage":"es-ES","isPartOf":{"@id":"https:\/\/eldigitaldeasturias.com\/magazine365\/#website"},"breadcrumb":{"@id":"https:\/\/eldigitaldeasturias.com\/magazine365\/damon-albarn-sacara-su-primer-album-en-solitario-el-28-de-abril\/#breadcrumblist"},"author":{"@id":"https:\/\/eldigitaldeasturias.com\/magazine365\/author\/admin\/#author"},"creator":{"@id":"https:\/\/eldigitaldeasturias.com\/magazine365\/author\/admin\/#author"},"image":{"@type":"ImageObject","url":"https:\/\/eldigitaldeasturias.com\/magazine365\/wp-content\/uploads\/2014\/01\/5865881w.jpg","@id":"https:\/\/eldigitaldeasturias.com\/magazine365\/damon-albarn-sacara-su-primer-album-en-solitario-el-28-de-abril\/#mainImage","width":800,"height":554},"primaryImageOfPage":{"@id":"https:\/\/eldigitaldeasturias.com\/magazine365\/damon-albarn-sacara-su-primer-album-en-solitario-el-28-de-abril\/#mainImage"},"datePublished":"2014-01-22T04:58:31+01:00","dateModified":"2014-01-22T04:58:31+01:00"},{"@type":"WebSite","@id":"https:\/\/eldigitaldeasturias.com\/magazine365\/#website","url":"https:\/\/eldigitaldeasturias.com\/magazine365\/","name":"El Digital de Asturias","description":"Revista de ocio, turismo y estilo de vida","inLanguage":"es-ES","publisher":{"@id":"https:\/\/eldigitaldeasturias.com\/magazine365\/#organization"}}]},"og:locale":"es_ES","og:site_name":"El Digital de Asturias \u2013 Revista de ocio, turismo y estilo de vida","og:type":"article","og:title":"Damon Albarn sacar\u00e1 su primer \u00e1lbum en solitario el 28 de abril | El Digital de Asturias","og:description":"Londres, 21 ene (EFE).- El m\u00fasico brit\u00e1nico y l\u00edder de la banda Blur, Damon Albarn, sacar\u00e1 su primer \u00e1lbum oficial en solitario, &quot;Everyday Robots&quot;, el pr\u00f3ximo 28 de abril, seg\u00fan recogen hoy los medios brit\u00e1nicos. Tras a\u00f1os de lanzamientos con el grupo de rock Blur y de implicarse en otras colaboraciones, el vers\u00e1til cantante publicar\u00e1","og:url":"https:\/\/eldigitaldeasturias.com\/magazine365\/damon-albarn-sacara-su-primer-album-en-solitario-el-28-de-abril\/","og:image":"https:\/\/eldigitaldeasturias.com\/magazine365\/wp-content\/uploads\/2014\/01\/5865881w.jpg","og:image:secure_url":"https:\/\/eldigitaldeasturias.com\/magazine365\/wp-content\/uploads\/2014\/01\/5865881w.jpg","og:image:width":800,"og:image:height":554,"article:published_time":"2014-01-22T05:58:31+00:00","article:modified_time":"2014-01-22T05:58:31+00:00","twitter:card":"summary_large_image","twitter:title":"Damon Albarn sacar\u00e1 su primer \u00e1lbum en solitario el 28 de abril | El Digital de Asturias","twitter:description":"Londres, 21 ene (EFE).- El m\u00fasico brit\u00e1nico y l\u00edder de la banda Blur, Damon Albarn, sacar\u00e1 su primer \u00e1lbum oficial en solitario, &quot;Everyday Robots&quot;, el pr\u00f3ximo 28 de abril, seg\u00fan recogen hoy los medios brit\u00e1nicos. Tras a\u00f1os de lanzamientos con el grupo de rock Blur y de implicarse en otras colaboraciones, el vers\u00e1til cantante publicar\u00e1","twitter:image":"https:\/\/eldigitaldeasturias.com\/magazine365\/wp-content\/uploads\/2014\/01\/5865881w.jpg"},"aioseo_meta_data":{"post_id":"1546","title":null,"description":null,"keywords":null,"keyphrases":null,"primary_term":null,"canonical_url":null,"og_title":null,"og_description":null,"og_object_type":"default","og_image_type":"default","og_image_url":null,"og_image_width":null,"og_image_height":null,"og_image_custom_url":null,"og_image_custom_fields":null,"og_video":null,"og_custom_url":null,"og_article_section":null,"og_article_tags":null,"twitter_use_og":false,"twitter_card":"default","twitter_image_type":"default","twitter_image_url":null,"twitter_image_custom_url":null,"twitter_image_custom_fields":null,"twitter_title":null,"twitter_description":null,"schema":{"blockGraphs":[],"customGraphs":[],"default":{"data":{"Article":[],"Course":[],"Dataset":[],"FAQPage":[],"Movie":[],"Person":[],"Product":[],"ProductReview":[],"Car":[],"Recipe":[],"Service":[],"SoftwareApplication":[],"WebPage":[]},"graphName":"","isEnabled":true},"graphs":[],"defaultGraph":"","defaultPostTypeGraph":""},"schema_type":null,"schema_type_options":null,"pillar_content":false,"robots_default":true,"robots_noindex":false,"robots_noarchive":false,"robots_nosnippet":false,"robots_nofollow":false,"robots_noimageindex":false,"robots_noodp":false,"robots_notranslate":false,"robots_max_snippet":null,"robots_max_videopreview":null,"robots_max_imagepreview":"large","priority":null,"frequency":null,"location":null,"local_seo":null,"seo_analyzer_scan_date":"2025-09-16 09:32:59","breadcrumb_settings":null,"limit_modified_date":false,"open_ai":null,"ai":null,"created":"2020-12-21 13:39:30","updated":"2025-09-16 09:32:59"},"aioseo_breadcrumb":"<div class=\"aioseo-breadcrumbs\"><span class=\"aioseo-breadcrumb\">\n\t<a href=\"https:\/\/eldigitaldeasturias.com\/magazine365\" title=\"Home\">Home<\/a>\n<\/span><span class=\"aioseo-breadcrumb-separator\">\u2013<\/span><span class=\"aioseo-breadcrumb\">\n\t<a href=\"https:\/\/eldigitaldeasturias.com\/magazine365\/category\/noticias-actualidad\/\" title=\"Noticias y Actualidad\">Noticias y Actualidad<\/a>\n<\/span><span class=\"aioseo-breadcrumb-separator\">\u2013<\/span><span class=\"aioseo-breadcrumb\">\n\t<a href=\"https:\/\/eldigitaldeasturias.com\/magazine365\/damon-albarn-sacara-su-primer-album-en-solitario-el-28-de-abril\/\" title=\"Damon Albarn sacar\u00e1 su primer \u00e1lbum en solitario el 28 de abril\">Damon Albarn sacar\u00e1 su primer \u00e1lbum en solitario el 28 de abril<\/a>\n<\/span><\/div>","aioseo_breadcrumb_json":[{"label":"Home","link":"https:\/\/eldigitaldeasturias.com\/magazine365"},{"label":"Noticias y Actualidad","link":"https:\/\/eldigitaldeasturias.com\/magazine365\/category\/noticias-actualidad\/"},{"label":"Damon Albarn sacar\u00e1 su primer \u00e1lbum en solitario el 28 de abril","link":"https:\/\/eldigitaldeasturias.com\/magazine365\/damon-albarn-sacara-su-primer-album-en-solitario-el-28-de-abril\/"}],"_links":{"self":[{"href":"https:\/\/eldigitaldeasturias.com\/magazine365\/wp-json\/wp\/v2\/posts\/1546","targetHints":{"allow":["GET"]}}],"collection":[{"href":"https:\/\/eldigitaldeasturias.com\/magazine365\/wp-json\/wp\/v2\/posts"}],"about":[{"href":"https:\/\/eldigitaldeasturias.com\/magazine365\/wp-json\/wp\/v2\/types\/post"}],"author":[{"embeddable":true,"href":"https:\/\/eldigitaldeasturias.com\/magazine365\/wp-json\/wp\/v2\/users\/1"}],"replies":[{"embeddable":true,"href":"https:\/\/eldigitaldeasturias.com\/magazine365\/wp-json\/wp\/v2\/comments?post=1546"}],"version-history":[{"count":0,"href":"https:\/\/eldigitaldeasturias.com\/magazine365\/wp-json\/wp\/v2\/posts\/1546\/revisions"}],"wp:featuredmedia":[{"embeddable":true,"href":"https:\/\/eldigitaldeasturias.com\/magazine365\/wp-json\/wp\/v2\/media\/1547"}],"wp:attachment":[{"href":"https:\/\/eldigitaldeasturias.com\/magazine365\/wp-json\/wp\/v2\/media?parent=1546"}],"wp:term":[{"taxonomy":"category","embeddable":true,"href":"https:\/\/eldigitaldeasturias.com\/magazine365\/wp-json\/wp\/v2\/categories?post=1546"},{"taxonomy":"post_tag","embeddable":true,"href":"https:\/\/eldigitaldeasturias.com\/magazine365\/wp-json\/wp\/v2\/tags?post=1546"}],"curies":[{"name":"wp","href":"https:\/\/api.w.org\/{rel}","templated":true}]}}