{"id":1543,"date":"2014-01-22T04:56:09","date_gmt":"2014-01-22T05:56:09","guid":{"rendered":"http:\/\/eldigitaldeasturias.com\/magazine365\/?p=1543"},"modified":"2014-01-22T04:56:09","modified_gmt":"2014-01-22T05:56:09","slug":"beckham-hara-un-cameo-en-una-conocida-serie-britanica-con-fines-beneficos","status":"publish","type":"post","link":"https:\/\/eldigitaldeasturias.com\/magazine365\/beckham-hara-un-cameo-en-una-conocida-serie-britanica-con-fines-beneficos\/","title":{"rendered":"Beckham har\u00e1 un \u00abcameo\u00bb en una conocida serie brit\u00e1nica con fines ben\u00e9ficos"},"content":{"rendered":"<p><img fetchpriority=\"high\" decoding=\"async\" class=\"alignleft size-medium wp-image-1544\" alt=\"5865716w\" src=\"https:\/\/eldigitaldeasturias.com\/magazine365\/wp-content\/uploads\/2014\/01\/5865716w-360x239.jpg\" width=\"360\" height=\"239\" \/>Londres, 21 ene (EFE).- El exfutbolista ingl\u00e9s David Beckham har\u00e1 un \u00abcameo\u00bb, con motivos ben\u00e9ficos, junto a los protagonistas de la conocida serie c\u00f3mica brit\u00e1nica \u00abOnly Fools and Horses\u00bb, anunci\u00f3 hoy la BBC.<\/p>\n<p>El excapit\u00e1n de la selecci\u00f3n inglesa, de 38 a\u00f1os, ser\u00e1 la estrella de una escena que se emitir\u00e1 el 21 de marzo durante el marat\u00f3n \u00abSport Relief\u00bb, que se celebra todo ese fin de semana para recaudar fondos destinados a gente desfavorecida en el Reino Unido o en el tercer mundo.<\/p>\n<p>Beckham, que confes\u00f3 ser uno de los mayores seguidores de esa serie de la BBC que se emiti\u00f3 hasta 2003, participar\u00e1 en su esperado regreso a la peque\u00f1a pantalla, una d\u00e9cada despu\u00e9s, junto a los famosos hermanos protagonistas: Derek \u00abDel Boy\u00bb (David Jason) y Rodney Trotter (Nicholas Lyndhurst).<\/p>\n<p>No es la primera vez que el exjugador del Manchester United y del Real Madrid act\u00faa en la peque\u00f1a pantalla con fines ben\u00e9ficos. Entre sus papeles cortos se recuerda una escena acurrucado y compartiendo ba\u00f1o con el actor brit\u00e1nico James Corden en 2012.<\/p>\n<p>\u00abOnly Fools and Horses\u00bb, premiada con dos Bafta a la mejor comedia de televisi\u00f3n, fue creada por el escritor John Sullivan (1946-2011) y estuvo en antena desde 1981, con siete temporadas y especiales navide\u00f1os, hasta 2003.<\/p>\n<p>La serie se centraba en las an\u00e9cdotas de los hermanos Del Boy y Trotter que vend\u00edan objetos robados o defectuosos en los mercados y por las noches se reun\u00edan con amigos en un pub de Peckham, al sur de Londres, para intercambiar an\u00e9cdotas.<\/p>\n<p>En la escena que se emitir\u00e1 en marzo, aparece Bechkam sentado en una mesa con un mantel no muy limpio y hablando con los dos hermanos.<\/p>\n<p>Algunas de las frases y escenas de esta ficci\u00f3n son citadas en la vida de los brit\u00e1nicos y su trama ya forma parte de la cultura popular del Reino Unido.<\/p>\n","protected":false},"excerpt":{"rendered":"<p>Londres, 21 ene (EFE).- El exfutbolista ingl\u00e9s David Beckham har\u00e1 un \u00abcameo\u00bb, con motivos ben\u00e9ficos, junto a los protagonistas de la conocida serie c\u00f3mica brit\u00e1nica \u00abOnly Fools and Horses\u00bb, anunci\u00f3 hoy la BBC. El excapit\u00e1n de la selecci\u00f3n inglesa, de 38 a\u00f1os, ser\u00e1 la estrella de una escena que se emitir\u00e1 el 21 de marzo<\/p>\n","protected":false},"author":1,"featured_media":1544,"comment_status":"open","ping_status":"open","sticky":false,"template":"","format":"standard","meta":{"footnotes":""},"categories":[224],"tags":[],"class_list":{"0":"post-1543","1":"post","2":"type-post","3":"status-publish","4":"format-standard","5":"has-post-thumbnail","7":"category-noticias-actualidad"},"aioseo_notices":[],"aioseo_head":"\n\t\t<!-- All in One SEO Pro 4.9.6.1 - aioseo.com -->\n\t<meta name=\"description\" content=\"Londres, 21 ene (EFE).- El exfutbolista ingl\u00e9s David Beckham har\u00e1 un &quot;cameo&quot;, con motivos ben\u00e9ficos, junto a los protagonistas de la conocida serie c\u00f3mica brit\u00e1nica &quot;Only Fools and Horses&quot;, anunci\u00f3 hoy la BBC. El excapit\u00e1n de la selecci\u00f3n inglesa, de 38 a\u00f1os, ser\u00e1 la estrella de una escena que se emitir\u00e1 el 21 de marzo\" \/>\n\t<meta name=\"robots\" content=\"max-image-preview:large\" \/>\n\t<meta name=\"author\" content=\"admin\"\/>\n\t<meta name=\"google-site-verification\" content=\"UA-38556648-1\" \/>\n\t<meta name=\"keywords\" content=\"noticias y actualidad\" \/>\n\t<link rel=\"canonical\" href=\"https:\/\/eldigitaldeasturias.com\/magazine365\/beckham-hara-un-cameo-en-una-conocida-serie-britanica-con-fines-beneficos\/\" \/>\n\t<meta name=\"generator\" content=\"All in One SEO Pro (AIOSEO) 4.9.6.1\" \/>\n\t\t<meta property=\"og:locale\" content=\"es_ES\" \/>\n\t\t<meta property=\"og:site_name\" content=\"El Digital de Asturias \u2013 Revista de ocio, turismo y estilo de vida\" \/>\n\t\t<meta property=\"og:type\" content=\"article\" \/>\n\t\t<meta property=\"og:title\" content=\"Beckham har\u00e1 un \u00abcameo\u00bb en una conocida serie brit\u00e1nica con fines ben\u00e9ficos | El Digital de Asturias\" \/>\n\t\t<meta property=\"og:description\" content=\"Londres, 21 ene (EFE).- El exfutbolista ingl\u00e9s David Beckham har\u00e1 un &quot;cameo&quot;, con motivos ben\u00e9ficos, junto a los protagonistas de la conocida serie c\u00f3mica brit\u00e1nica &quot;Only Fools and Horses&quot;, anunci\u00f3 hoy la BBC. El excapit\u00e1n de la selecci\u00f3n inglesa, de 38 a\u00f1os, ser\u00e1 la estrella de una escena que se emitir\u00e1 el 21 de marzo\" \/>\n\t\t<meta property=\"og:url\" content=\"https:\/\/eldigitaldeasturias.com\/magazine365\/beckham-hara-un-cameo-en-una-conocida-serie-britanica-con-fines-beneficos\/\" \/>\n\t\t<meta property=\"og:image\" content=\"https:\/\/eldigitaldeasturias.com\/magazine365\/wp-content\/uploads\/2014\/01\/5865716w.jpg\" \/>\n\t\t<meta property=\"og:image:secure_url\" content=\"https:\/\/eldigitaldeasturias.com\/magazine365\/wp-content\/uploads\/2014\/01\/5865716w.jpg\" \/>\n\t\t<meta property=\"og:image:width\" content=\"800\" \/>\n\t\t<meta property=\"og:image:height\" content=\"533\" \/>\n\t\t<meta property=\"article:published_time\" content=\"2014-01-22T05:56:09+00:00\" \/>\n\t\t<meta property=\"article:modified_time\" content=\"2014-01-22T05:56:09+00:00\" \/>\n\t\t<meta name=\"twitter:card\" content=\"summary_large_image\" \/>\n\t\t<meta name=\"twitter:title\" content=\"Beckham har\u00e1 un \u00abcameo\u00bb en una conocida serie brit\u00e1nica con fines ben\u00e9ficos | El Digital de Asturias\" \/>\n\t\t<meta name=\"twitter:description\" content=\"Londres, 21 ene (EFE).- El exfutbolista ingl\u00e9s David Beckham har\u00e1 un &quot;cameo&quot;, con motivos ben\u00e9ficos, junto a los protagonistas de la conocida serie c\u00f3mica brit\u00e1nica &quot;Only Fools and Horses&quot;, anunci\u00f3 hoy la BBC. El excapit\u00e1n de la selecci\u00f3n inglesa, de 38 a\u00f1os, ser\u00e1 la estrella de una escena que se emitir\u00e1 el 21 de marzo\" \/>\n\t\t<meta name=\"twitter:image\" content=\"https:\/\/eldigitaldeasturias.com\/magazine365\/wp-content\/uploads\/2014\/01\/5865716w.jpg\" \/>\n\t\t<script type=\"application\/ld+json\" class=\"aioseo-schema\">\n\t\t\t{\"@context\":\"https:\\\/\\\/schema.org\",\"@graph\":[{\"@type\":\"Article\",\"@id\":\"https:\\\/\\\/eldigitaldeasturias.com\\\/magazine365\\\/beckham-hara-un-cameo-en-una-conocida-serie-britanica-con-fines-beneficos\\\/#article\",\"name\":\"Beckham har\\u00e1 un \\u00abcameo\\u00bb en una conocida serie brit\\u00e1nica con fines ben\\u00e9ficos | El Digital de Asturias\",\"headline\":\"Beckham har\\u00e1 un \\u00abcameo\\u00bb en una conocida serie brit\\u00e1nica con fines ben\\u00e9ficos\",\"author\":{\"@id\":\"https:\\\/\\\/eldigitaldeasturias.com\\\/magazine365\\\/author\\\/admin\\\/#author\"},\"publisher\":{\"@id\":\"https:\\\/\\\/eldigitaldeasturias.com\\\/magazine365\\\/#organization\"},\"image\":{\"@type\":\"ImageObject\",\"url\":\"https:\\\/\\\/eldigitaldeasturias.com\\\/magazine365\\\/wp-content\\\/uploads\\\/2014\\\/01\\\/5865716w.jpg\",\"width\":800,\"height\":533},\"datePublished\":\"2014-01-22T04:56:09+01:00\",\"dateModified\":\"2014-01-22T04:56:09+01:00\",\"inLanguage\":\"es-ES\",\"mainEntityOfPage\":{\"@id\":\"https:\\\/\\\/eldigitaldeasturias.com\\\/magazine365\\\/beckham-hara-un-cameo-en-una-conocida-serie-britanica-con-fines-beneficos\\\/#webpage\"},\"isPartOf\":{\"@id\":\"https:\\\/\\\/eldigitaldeasturias.com\\\/magazine365\\\/beckham-hara-un-cameo-en-una-conocida-serie-britanica-con-fines-beneficos\\\/#webpage\"},\"articleSection\":\"Noticias y Actualidad\"},{\"@type\":\"BreadcrumbList\",\"@id\":\"https:\\\/\\\/eldigitaldeasturias.com\\\/magazine365\\\/beckham-hara-un-cameo-en-una-conocida-serie-britanica-con-fines-beneficos\\\/#breadcrumblist\",\"itemListElement\":[{\"@type\":\"ListItem\",\"@id\":\"https:\\\/\\\/eldigitaldeasturias.com\\\/magazine365#listItem\",\"position\":1,\"name\":\"Home\",\"item\":\"https:\\\/\\\/eldigitaldeasturias.com\\\/magazine365\",\"nextItem\":{\"@type\":\"ListItem\",\"@id\":\"https:\\\/\\\/eldigitaldeasturias.com\\\/magazine365\\\/category\\\/noticias-actualidad\\\/#listItem\",\"name\":\"Noticias y Actualidad\"}},{\"@type\":\"ListItem\",\"@id\":\"https:\\\/\\\/eldigitaldeasturias.com\\\/magazine365\\\/category\\\/noticias-actualidad\\\/#listItem\",\"position\":2,\"name\":\"Noticias y Actualidad\",\"item\":\"https:\\\/\\\/eldigitaldeasturias.com\\\/magazine365\\\/category\\\/noticias-actualidad\\\/\",\"nextItem\":{\"@type\":\"ListItem\",\"@id\":\"https:\\\/\\\/eldigitaldeasturias.com\\\/magazine365\\\/beckham-hara-un-cameo-en-una-conocida-serie-britanica-con-fines-beneficos\\\/#listItem\",\"name\":\"Beckham har\\u00e1 un \\u00abcameo\\u00bb en una conocida serie brit\\u00e1nica con fines ben\\u00e9ficos\"},\"previousItem\":{\"@type\":\"ListItem\",\"@id\":\"https:\\\/\\\/eldigitaldeasturias.com\\\/magazine365#listItem\",\"name\":\"Home\"}},{\"@type\":\"ListItem\",\"@id\":\"https:\\\/\\\/eldigitaldeasturias.com\\\/magazine365\\\/beckham-hara-un-cameo-en-una-conocida-serie-britanica-con-fines-beneficos\\\/#listItem\",\"position\":3,\"name\":\"Beckham har\\u00e1 un \\u00abcameo\\u00bb en una conocida serie brit\\u00e1nica con fines ben\\u00e9ficos\",\"previousItem\":{\"@type\":\"ListItem\",\"@id\":\"https:\\\/\\\/eldigitaldeasturias.com\\\/magazine365\\\/category\\\/noticias-actualidad\\\/#listItem\",\"name\":\"Noticias y Actualidad\"}}]},{\"@type\":\"Organization\",\"@id\":\"https:\\\/\\\/eldigitaldeasturias.com\\\/magazine365\\\/#organization\",\"name\":\"El digital de Asturias\",\"description\":\"Revista de ocio, turismo y estilo de vida\",\"url\":\"https:\\\/\\\/eldigitaldeasturias.com\\\/magazine365\\\/\",\"logo\":{\"@type\":\"ImageObject\",\"url\":\"https:\\\/\\\/www.eldigitaldeasturias.com\\\/noticias\\\/wp-content\\\/uploads\\\/2020\\\/12\\\/EDA.jpg\",\"@id\":\"https:\\\/\\\/eldigitaldeasturias.com\\\/magazine365\\\/beckham-hara-un-cameo-en-una-conocida-serie-britanica-con-fines-beneficos\\\/#organizationLogo\"},\"image\":{\"@id\":\"https:\\\/\\\/eldigitaldeasturias.com\\\/magazine365\\\/beckham-hara-un-cameo-en-una-conocida-serie-britanica-con-fines-beneficos\\\/#organizationLogo\"}},{\"@type\":\"Person\",\"@id\":\"https:\\\/\\\/eldigitaldeasturias.com\\\/magazine365\\\/author\\\/admin\\\/#author\",\"url\":\"https:\\\/\\\/eldigitaldeasturias.com\\\/magazine365\\\/author\\\/admin\\\/\",\"name\":\"admin\",\"image\":{\"@type\":\"ImageObject\",\"@id\":\"https:\\\/\\\/eldigitaldeasturias.com\\\/magazine365\\\/beckham-hara-un-cameo-en-una-conocida-serie-britanica-con-fines-beneficos\\\/#authorImage\",\"url\":\"https:\\\/\\\/eldigitaldeasturias.com\\\/magazine365\\\/wp-content\\\/litespeed\\\/avatar\\\/e571bcf59a0edd6fa6838245a470f2fe.jpg?ver=1777574230\",\"width\":96,\"height\":96,\"caption\":\"admin\"}},{\"@type\":\"WebPage\",\"@id\":\"https:\\\/\\\/eldigitaldeasturias.com\\\/magazine365\\\/beckham-hara-un-cameo-en-una-conocida-serie-britanica-con-fines-beneficos\\\/#webpage\",\"url\":\"https:\\\/\\\/eldigitaldeasturias.com\\\/magazine365\\\/beckham-hara-un-cameo-en-una-conocida-serie-britanica-con-fines-beneficos\\\/\",\"name\":\"Beckham har\\u00e1 un \\u00abcameo\\u00bb en una conocida serie brit\\u00e1nica con fines ben\\u00e9ficos | El Digital de Asturias\",\"description\":\"Londres, 21 ene (EFE).- El exfutbolista ingl\\u00e9s David Beckham har\\u00e1 un \\\"cameo\\\", con motivos ben\\u00e9ficos, junto a los protagonistas de la conocida serie c\\u00f3mica brit\\u00e1nica \\\"Only Fools and Horses\\\", anunci\\u00f3 hoy la BBC. El excapit\\u00e1n de la selecci\\u00f3n inglesa, de 38 a\\u00f1os, ser\\u00e1 la estrella de una escena que se emitir\\u00e1 el 21 de marzo\",\"inLanguage\":\"es-ES\",\"isPartOf\":{\"@id\":\"https:\\\/\\\/eldigitaldeasturias.com\\\/magazine365\\\/#website\"},\"breadcrumb\":{\"@id\":\"https:\\\/\\\/eldigitaldeasturias.com\\\/magazine365\\\/beckham-hara-un-cameo-en-una-conocida-serie-britanica-con-fines-beneficos\\\/#breadcrumblist\"},\"author\":{\"@id\":\"https:\\\/\\\/eldigitaldeasturias.com\\\/magazine365\\\/author\\\/admin\\\/#author\"},\"creator\":{\"@id\":\"https:\\\/\\\/eldigitaldeasturias.com\\\/magazine365\\\/author\\\/admin\\\/#author\"},\"image\":{\"@type\":\"ImageObject\",\"url\":\"https:\\\/\\\/eldigitaldeasturias.com\\\/magazine365\\\/wp-content\\\/uploads\\\/2014\\\/01\\\/5865716w.jpg\",\"@id\":\"https:\\\/\\\/eldigitaldeasturias.com\\\/magazine365\\\/beckham-hara-un-cameo-en-una-conocida-serie-britanica-con-fines-beneficos\\\/#mainImage\",\"width\":800,\"height\":533},\"primaryImageOfPage\":{\"@id\":\"https:\\\/\\\/eldigitaldeasturias.com\\\/magazine365\\\/beckham-hara-un-cameo-en-una-conocida-serie-britanica-con-fines-beneficos\\\/#mainImage\"},\"datePublished\":\"2014-01-22T04:56:09+01:00\",\"dateModified\":\"2014-01-22T04:56:09+01:00\"},{\"@type\":\"WebSite\",\"@id\":\"https:\\\/\\\/eldigitaldeasturias.com\\\/magazine365\\\/#website\",\"url\":\"https:\\\/\\\/eldigitaldeasturias.com\\\/magazine365\\\/\",\"name\":\"El Digital de Asturias\",\"description\":\"Revista de ocio, turismo y estilo de vida\",\"inLanguage\":\"es-ES\",\"publisher\":{\"@id\":\"https:\\\/\\\/eldigitaldeasturias.com\\\/magazine365\\\/#organization\"}}]}\n\t\t<\/script>\n\t\t<!-- All in One SEO Pro -->\r\n\t\t<title>Beckham har\u00e1 un \u00abcameo\u00bb en una conocida serie brit\u00e1nica con fines ben\u00e9ficos | El Digital de Asturias<\/title>\n\n","aioseo_head_json":{"title":"Beckham har\u00e1 un \u00abcameo\u00bb en una conocida serie brit\u00e1nica con fines ben\u00e9ficos | El Digital de Asturias","description":"Londres, 21 ene (EFE).- El exfutbolista ingl\u00e9s David Beckham har\u00e1 un \"cameo\", con motivos ben\u00e9ficos, junto a los protagonistas de la conocida serie c\u00f3mica brit\u00e1nica \"Only Fools and Horses\", anunci\u00f3 hoy la BBC. El excapit\u00e1n de la selecci\u00f3n inglesa, de 38 a\u00f1os, ser\u00e1 la estrella de una escena que se emitir\u00e1 el 21 de marzo","canonical_url":"https:\/\/eldigitaldeasturias.com\/magazine365\/beckham-hara-un-cameo-en-una-conocida-serie-britanica-con-fines-beneficos\/","robots":"max-image-preview:large","keywords":"noticias y actualidad","webmasterTools":{"google-site-verification":"UA-38556648-1","miscellaneous":""},"schema":{"@context":"https:\/\/schema.org","@graph":[{"@type":"Article","@id":"https:\/\/eldigitaldeasturias.com\/magazine365\/beckham-hara-un-cameo-en-una-conocida-serie-britanica-con-fines-beneficos\/#article","name":"Beckham har\u00e1 un \u00abcameo\u00bb en una conocida serie brit\u00e1nica con fines ben\u00e9ficos | El Digital de Asturias","headline":"Beckham har\u00e1 un \u00abcameo\u00bb en una conocida serie brit\u00e1nica con fines ben\u00e9ficos","author":{"@id":"https:\/\/eldigitaldeasturias.com\/magazine365\/author\/admin\/#author"},"publisher":{"@id":"https:\/\/eldigitaldeasturias.com\/magazine365\/#organization"},"image":{"@type":"ImageObject","url":"https:\/\/eldigitaldeasturias.com\/magazine365\/wp-content\/uploads\/2014\/01\/5865716w.jpg","width":800,"height":533},"datePublished":"2014-01-22T04:56:09+01:00","dateModified":"2014-01-22T04:56:09+01:00","inLanguage":"es-ES","mainEntityOfPage":{"@id":"https:\/\/eldigitaldeasturias.com\/magazine365\/beckham-hara-un-cameo-en-una-conocida-serie-britanica-con-fines-beneficos\/#webpage"},"isPartOf":{"@id":"https:\/\/eldigitaldeasturias.com\/magazine365\/beckham-hara-un-cameo-en-una-conocida-serie-britanica-con-fines-beneficos\/#webpage"},"articleSection":"Noticias y Actualidad"},{"@type":"BreadcrumbList","@id":"https:\/\/eldigitaldeasturias.com\/magazine365\/beckham-hara-un-cameo-en-una-conocida-serie-britanica-con-fines-beneficos\/#breadcrumblist","itemListElement":[{"@type":"ListItem","@id":"https:\/\/eldigitaldeasturias.com\/magazine365#listItem","position":1,"name":"Home","item":"https:\/\/eldigitaldeasturias.com\/magazine365","nextItem":{"@type":"ListItem","@id":"https:\/\/eldigitaldeasturias.com\/magazine365\/category\/noticias-actualidad\/#listItem","name":"Noticias y Actualidad"}},{"@type":"ListItem","@id":"https:\/\/eldigitaldeasturias.com\/magazine365\/category\/noticias-actualidad\/#listItem","position":2,"name":"Noticias y Actualidad","item":"https:\/\/eldigitaldeasturias.com\/magazine365\/category\/noticias-actualidad\/","nextItem":{"@type":"ListItem","@id":"https:\/\/eldigitaldeasturias.com\/magazine365\/beckham-hara-un-cameo-en-una-conocida-serie-britanica-con-fines-beneficos\/#listItem","name":"Beckham har\u00e1 un \u00abcameo\u00bb en una conocida serie brit\u00e1nica con fines ben\u00e9ficos"},"previousItem":{"@type":"ListItem","@id":"https:\/\/eldigitaldeasturias.com\/magazine365#listItem","name":"Home"}},{"@type":"ListItem","@id":"https:\/\/eldigitaldeasturias.com\/magazine365\/beckham-hara-un-cameo-en-una-conocida-serie-britanica-con-fines-beneficos\/#listItem","position":3,"name":"Beckham har\u00e1 un \u00abcameo\u00bb en una conocida serie brit\u00e1nica con fines ben\u00e9ficos","previousItem":{"@type":"ListItem","@id":"https:\/\/eldigitaldeasturias.com\/magazine365\/category\/noticias-actualidad\/#listItem","name":"Noticias y Actualidad"}}]},{"@type":"Organization","@id":"https:\/\/eldigitaldeasturias.com\/magazine365\/#organization","name":"El digital de Asturias","description":"Revista de ocio, turismo y estilo de vida","url":"https:\/\/eldigitaldeasturias.com\/magazine365\/","logo":{"@type":"ImageObject","url":"https:\/\/www.eldigitaldeasturias.com\/noticias\/wp-content\/uploads\/2020\/12\/EDA.jpg","@id":"https:\/\/eldigitaldeasturias.com\/magazine365\/beckham-hara-un-cameo-en-una-conocida-serie-britanica-con-fines-beneficos\/#organizationLogo"},"image":{"@id":"https:\/\/eldigitaldeasturias.com\/magazine365\/beckham-hara-un-cameo-en-una-conocida-serie-britanica-con-fines-beneficos\/#organizationLogo"}},{"@type":"Person","@id":"https:\/\/eldigitaldeasturias.com\/magazine365\/author\/admin\/#author","url":"https:\/\/eldigitaldeasturias.com\/magazine365\/author\/admin\/","name":"admin","image":{"@type":"ImageObject","@id":"https:\/\/eldigitaldeasturias.com\/magazine365\/beckham-hara-un-cameo-en-una-conocida-serie-britanica-con-fines-beneficos\/#authorImage","url":"https:\/\/eldigitaldeasturias.com\/magazine365\/wp-content\/litespeed\/avatar\/e571bcf59a0edd6fa6838245a470f2fe.jpg?ver=1777574230","width":96,"height":96,"caption":"admin"}},{"@type":"WebPage","@id":"https:\/\/eldigitaldeasturias.com\/magazine365\/beckham-hara-un-cameo-en-una-conocida-serie-britanica-con-fines-beneficos\/#webpage","url":"https:\/\/eldigitaldeasturias.com\/magazine365\/beckham-hara-un-cameo-en-una-conocida-serie-britanica-con-fines-beneficos\/","name":"Beckham har\u00e1 un \u00abcameo\u00bb en una conocida serie brit\u00e1nica con fines ben\u00e9ficos | El Digital de Asturias","description":"Londres, 21 ene (EFE).- El exfutbolista ingl\u00e9s David Beckham har\u00e1 un \"cameo\", con motivos ben\u00e9ficos, junto a los protagonistas de la conocida serie c\u00f3mica brit\u00e1nica \"Only Fools and Horses\", anunci\u00f3 hoy la BBC. El excapit\u00e1n de la selecci\u00f3n inglesa, de 38 a\u00f1os, ser\u00e1 la estrella de una escena que se emitir\u00e1 el 21 de marzo","inLanguage":"es-ES","isPartOf":{"@id":"https:\/\/eldigitaldeasturias.com\/magazine365\/#website"},"breadcrumb":{"@id":"https:\/\/eldigitaldeasturias.com\/magazine365\/beckham-hara-un-cameo-en-una-conocida-serie-britanica-con-fines-beneficos\/#breadcrumblist"},"author":{"@id":"https:\/\/eldigitaldeasturias.com\/magazine365\/author\/admin\/#author"},"creator":{"@id":"https:\/\/eldigitaldeasturias.com\/magazine365\/author\/admin\/#author"},"image":{"@type":"ImageObject","url":"https:\/\/eldigitaldeasturias.com\/magazine365\/wp-content\/uploads\/2014\/01\/5865716w.jpg","@id":"https:\/\/eldigitaldeasturias.com\/magazine365\/beckham-hara-un-cameo-en-una-conocida-serie-britanica-con-fines-beneficos\/#mainImage","width":800,"height":533},"primaryImageOfPage":{"@id":"https:\/\/eldigitaldeasturias.com\/magazine365\/beckham-hara-un-cameo-en-una-conocida-serie-britanica-con-fines-beneficos\/#mainImage"},"datePublished":"2014-01-22T04:56:09+01:00","dateModified":"2014-01-22T04:56:09+01:00"},{"@type":"WebSite","@id":"https:\/\/eldigitaldeasturias.com\/magazine365\/#website","url":"https:\/\/eldigitaldeasturias.com\/magazine365\/","name":"El Digital de Asturias","description":"Revista de ocio, turismo y estilo de vida","inLanguage":"es-ES","publisher":{"@id":"https:\/\/eldigitaldeasturias.com\/magazine365\/#organization"}}]},"og:locale":"es_ES","og:site_name":"El Digital de Asturias \u2013 Revista de ocio, turismo y estilo de vida","og:type":"article","og:title":"Beckham har\u00e1 un \u00abcameo\u00bb en una conocida serie brit\u00e1nica con fines ben\u00e9ficos | El Digital de Asturias","og:description":"Londres, 21 ene (EFE).- El exfutbolista ingl\u00e9s David Beckham har\u00e1 un &quot;cameo&quot;, con motivos ben\u00e9ficos, junto a los protagonistas de la conocida serie c\u00f3mica brit\u00e1nica &quot;Only Fools and Horses&quot;, anunci\u00f3 hoy la BBC. El excapit\u00e1n de la selecci\u00f3n inglesa, de 38 a\u00f1os, ser\u00e1 la estrella de una escena que se emitir\u00e1 el 21 de marzo","og:url":"https:\/\/eldigitaldeasturias.com\/magazine365\/beckham-hara-un-cameo-en-una-conocida-serie-britanica-con-fines-beneficos\/","og:image":"https:\/\/eldigitaldeasturias.com\/magazine365\/wp-content\/uploads\/2014\/01\/5865716w.jpg","og:image:secure_url":"https:\/\/eldigitaldeasturias.com\/magazine365\/wp-content\/uploads\/2014\/01\/5865716w.jpg","og:image:width":800,"og:image:height":533,"article:published_time":"2014-01-22T05:56:09+00:00","article:modified_time":"2014-01-22T05:56:09+00:00","twitter:card":"summary_large_image","twitter:title":"Beckham har\u00e1 un \u00abcameo\u00bb en una conocida serie brit\u00e1nica con fines ben\u00e9ficos | El Digital de Asturias","twitter:description":"Londres, 21 ene (EFE).- El exfutbolista ingl\u00e9s David Beckham har\u00e1 un &quot;cameo&quot;, con motivos ben\u00e9ficos, junto a los protagonistas de la conocida serie c\u00f3mica brit\u00e1nica &quot;Only Fools and Horses&quot;, anunci\u00f3 hoy la BBC. El excapit\u00e1n de la selecci\u00f3n inglesa, de 38 a\u00f1os, ser\u00e1 la estrella de una escena que se emitir\u00e1 el 21 de marzo","twitter:image":"https:\/\/eldigitaldeasturias.com\/magazine365\/wp-content\/uploads\/2014\/01\/5865716w.jpg"},"aioseo_meta_data":{"post_id":"1543","title":null,"description":null,"keywords":null,"keyphrases":null,"primary_term":null,"canonical_url":null,"og_title":null,"og_description":null,"og_object_type":"default","og_image_type":"default","og_image_url":null,"og_image_width":null,"og_image_height":null,"og_image_custom_url":null,"og_image_custom_fields":null,"og_video":null,"og_custom_url":null,"og_article_section":null,"og_article_tags":null,"twitter_use_og":false,"twitter_card":"default","twitter_image_type":"default","twitter_image_url":null,"twitter_image_custom_url":null,"twitter_image_custom_fields":null,"twitter_title":null,"twitter_description":null,"schema":{"blockGraphs":[],"customGraphs":[],"default":{"data":{"Article":[],"Course":[],"Dataset":[],"FAQPage":[],"Movie":[],"Person":[],"Product":[],"ProductReview":[],"Car":[],"Recipe":[],"Service":[],"SoftwareApplication":[],"WebPage":[]},"graphName":"","isEnabled":true},"graphs":[],"defaultGraph":"","defaultPostTypeGraph":""},"schema_type":null,"schema_type_options":null,"pillar_content":false,"robots_default":true,"robots_noindex":false,"robots_noarchive":false,"robots_nosnippet":false,"robots_nofollow":false,"robots_noimageindex":false,"robots_noodp":false,"robots_notranslate":false,"robots_max_snippet":null,"robots_max_videopreview":null,"robots_max_imagepreview":"large","priority":null,"frequency":null,"location":null,"local_seo":null,"seo_analyzer_scan_date":"2025-09-16 09:32:58","breadcrumb_settings":null,"limit_modified_date":false,"open_ai":null,"ai":null,"created":"2020-12-21 13:39:30","updated":"2025-09-16 09:32:58"},"aioseo_breadcrumb":"<div class=\"aioseo-breadcrumbs\"><span class=\"aioseo-breadcrumb\">\n\t<a href=\"https:\/\/eldigitaldeasturias.com\/magazine365\" title=\"Home\">Home<\/a>\n<\/span><span class=\"aioseo-breadcrumb-separator\">\u2013<\/span><span class=\"aioseo-breadcrumb\">\n\t<a href=\"https:\/\/eldigitaldeasturias.com\/magazine365\/category\/noticias-actualidad\/\" title=\"Noticias y Actualidad\">Noticias y Actualidad<\/a>\n<\/span><span class=\"aioseo-breadcrumb-separator\">\u2013<\/span><span class=\"aioseo-breadcrumb\">\n\t<a href=\"https:\/\/eldigitaldeasturias.com\/magazine365\/beckham-hara-un-cameo-en-una-conocida-serie-britanica-con-fines-beneficos\/\" title=\"Beckham har\u00e1 un \u00abcameo\u00bb en una conocida serie brit\u00e1nica con fines ben\u00e9ficos\">Beckham har\u00e1 un \u00abcameo\u00bb en una conocida serie brit\u00e1nica con fines ben\u00e9ficos<\/a>\n<\/span><\/div>","aioseo_breadcrumb_json":[{"label":"Home","link":"https:\/\/eldigitaldeasturias.com\/magazine365"},{"label":"Noticias y Actualidad","link":"https:\/\/eldigitaldeasturias.com\/magazine365\/category\/noticias-actualidad\/"},{"label":"Beckham har\u00e1 un \u00abcameo\u00bb en una conocida serie brit\u00e1nica con fines ben\u00e9ficos","link":"https:\/\/eldigitaldeasturias.com\/magazine365\/beckham-hara-un-cameo-en-una-conocida-serie-britanica-con-fines-beneficos\/"}],"_links":{"self":[{"href":"https:\/\/eldigitaldeasturias.com\/magazine365\/wp-json\/wp\/v2\/posts\/1543","targetHints":{"allow":["GET"]}}],"collection":[{"href":"https:\/\/eldigitaldeasturias.com\/magazine365\/wp-json\/wp\/v2\/posts"}],"about":[{"href":"https:\/\/eldigitaldeasturias.com\/magazine365\/wp-json\/wp\/v2\/types\/post"}],"author":[{"embeddable":true,"href":"https:\/\/eldigitaldeasturias.com\/magazine365\/wp-json\/wp\/v2\/users\/1"}],"replies":[{"embeddable":true,"href":"https:\/\/eldigitaldeasturias.com\/magazine365\/wp-json\/wp\/v2\/comments?post=1543"}],"version-history":[{"count":0,"href":"https:\/\/eldigitaldeasturias.com\/magazine365\/wp-json\/wp\/v2\/posts\/1543\/revisions"}],"wp:featuredmedia":[{"embeddable":true,"href":"https:\/\/eldigitaldeasturias.com\/magazine365\/wp-json\/wp\/v2\/media\/1544"}],"wp:attachment":[{"href":"https:\/\/eldigitaldeasturias.com\/magazine365\/wp-json\/wp\/v2\/media?parent=1543"}],"wp:term":[{"taxonomy":"category","embeddable":true,"href":"https:\/\/eldigitaldeasturias.com\/magazine365\/wp-json\/wp\/v2\/categories?post=1543"},{"taxonomy":"post_tag","embeddable":true,"href":"https:\/\/eldigitaldeasturias.com\/magazine365\/wp-json\/wp\/v2\/tags?post=1543"}],"curies":[{"name":"wp","href":"https:\/\/api.w.org\/{rel}","templated":true}]}}