{"id":1537,"date":"2014-01-20T22:55:55","date_gmt":"2014-01-20T23:55:55","guid":{"rendered":"http:\/\/eldigitaldeasturias.com\/magazine365\/?p=1537"},"modified":"2014-01-20T22:55:55","modified_gmt":"2014-01-20T23:55:55","slug":"jaime-de-arminan-dedica-su-premio-a-los-nominados-y-les-desea-exito-y-dinero","status":"publish","type":"post","link":"https:\/\/eldigitaldeasturias.com\/magazine365\/jaime-de-arminan-dedica-su-premio-a-los-nominados-y-les-desea-exito-y-dinero\/","title":{"rendered":"Jaime de Armi\u00f1\u00e1n dedica su premio a los nominados y les desea \u00e9xito y dinero"},"content":{"rendered":"<p><img fetchpriority=\"high\" decoding=\"async\" class=\"alignleft size-medium wp-image-1538\" alt=\"5863291w\" src=\"https:\/\/eldigitaldeasturias.com\/magazine365\/wp-content\/uploads\/2014\/01\/5863291w-360x228.jpg\" width=\"360\" height=\"228\" \/>Madrid, 20 ene (EFE).- Jaime de Armi\u00f1\u00e1n ha dedicado su Goya de Honor, conseguido tras sesenta a\u00f1os de carrera en el cine, a los nominados a la 28 edici\u00f3n de los Premios Goya, reunidos hoy en el escenario de los Teatros del Canal de Madrid: \u00abOs deseo un gran \u00e9xito no s\u00f3lo de premios, sino de dinero, de alegr\u00edas y de amor\u00bb.<\/p>\n<p>\u00abMe gustar\u00eda dar la vuelta al ruedo, con una canci\u00f3n de &#8216;Juncal&#8217; sonando de fondo, cantada por &#8216;Vainica doble'\u00bb, ha dicho el octogenario cineasta, que ha derrochado simpat\u00eda y bromas con el p\u00fablico que le ha aplaudido en la grada puesto en pie.<\/p>\n<p>S\u00edntoma de los tiempos el escenario era una inmensa paleta de grises, del blanqu\u00edsimo vestido corto de Inma Cuesta, a los negros rigurosos de Mari\u00e1n \u00c1lvarez, Javier C\u00e1mara o David Trueba, salpicado s\u00f3lo por la vaporosa falda rojoanaranjada de la presentadora del acto, Cayetana Guill\u00e9n, y el vestido verde de Nathalie Poza.<\/p>\n<p>Tras el consabido repaso a las cintas m\u00e1s emblem\u00e1ticas del galardonado, en un divertido montaje salpicado de risas y de besos, la actriz Julia Guti\u00e9rrez Caba, tambi\u00e9n vestida de traje pantal\u00f3n negro, arrib\u00f3 al escenario para fundirse en un abrazo con el amigo y acunar juntos al \u00abCabez\u00f3n\u00bb como si fuera un beb\u00e9.<\/p>\n<p>\u00abCuando me llam\u00f3 Enrique Gonz\u00e1lez Macho para decirme lo del premio pens\u00e9: &#8216;le voy a decir ya era hora de que me lo dieran&#8217;, pero no se lo dije\u00bb, apunta con inocencia el director de \u00abMi querida se\u00f1orita\u00bb.<\/p>\n<p>A pesar de provenir de familia de artistas, como ha destacado en su presentaci\u00f3n el presidente de la Academia, Jaime de Armi\u00f1\u00e1n ha asegurado que no le gustan \u00ablos saraos, ni las fotos\u00bb, pero que esta noche estaba contento \u00aby orgulloso\u00bb por lo que hab\u00edan dicho de \u00e9l.<\/p>\n<p>\u00abTampoco soy muy de hablar -ha indicado-, pero lo primero que voy a hacer es desearos un gran \u00e9xito, no s\u00f3lo de premios, sino de dinero, de alegr\u00edas y de amor\u00bb, mientras los nominados le devolv\u00edan un gran aplauso.<\/p>\n<p>De Armi\u00f1\u00e1n, que la noche pasada estuvo desvelado por la emoci\u00f3n de recibir el premio, ha contado que no hab\u00eda pensado qu\u00e9 dir\u00eda y eligi\u00f3 hacer memoria de cuando, siendo un chaval, su padre le llevaba a las matines del Circo Price.<\/p>\n<p>\u00abMis sensaciones con el cine, con otras artes, con el circo&#8230;aprend\u00ed mucho de las sabatinas del circo: donde empieza el cine y el teatro\u00bb, ha rememorado el cineasta.<\/p>\n<p>Y entre sus recuerdos, provocando las carcajadas de los asistentes, una Aurora Bautista vestida de mallas, subida a un trapecio, recitando -\u00abqu\u00e9 valor\u00bb, se re\u00eda De Armi\u00f1\u00e1n-, o Carmen Sevilla \u00abvestida de flamenca, toda de blanco, que se meti\u00f3 en la jaula de los leones y bail\u00f3 unas sevillanas\u00bb.<\/p>\n<p>\u00abPero el m\u00e1s valiente que vi fue Alfredo Marquer\u00ede, un critico terrible, que se quito unas gafas gord\u00edsimas que llevaba, extendi\u00f3 los brazos, rez\u00f3, y eso que era ateo, mientras un hombre empez\u00f3 a lanzarle cuchillos&#8230;Siendo cr\u00edtico, hacer eso s\u00ed que era valor\u00bb, ha concluido entre bromas.<\/p>\n<p>Precisamente, Gonz\u00e1lez Macho ha destacado que, de su cine, \u00ablo que m\u00e1s se aprecia -ha dicho- es su sentido del humor, amable\u00bb y le ha valorado como \u00abanalista de relaciones personales\u00bb y por \u00abla fluidez de los di\u00e1logos\u00bb de sus pel\u00edculas.<\/p>\n<p>El presidente hab\u00eda dedicado, minutos antes, unas palabras al auditorio y sorprendi\u00f3 al pedir a la Comunidad de Madrid, cuya consejera de Cultura, Ana Isabel Mari\u00f1o, se encontraba en la sala, \u00abayuda econ\u00f3mica\u00bb para que el \u00fanico espa\u00f1ol nominado a los premios \u00d3scar, Esteban Crespo, pudiera acudir a la cita \u00abdel modo m\u00e1s decente\u00bb.<\/p>\n<p>La consejera, que ha destacado la variada selecci\u00f3n de este a\u00f1o como \u00abuna muestra de brillantez\u00bb, ha asegurado al cineasta madrile\u00f1o, cuyo corto \u00abAquel no era yo\u00bb se ha rodado con ayudas auton\u00f3micas, que tendr\u00eda \u00abtodo el apoyo, institucional y econ\u00f3mico de la Comunidad de Madrid\u00bb.<\/p>\n<p>El presidente de la Academia, que ha felicitado a los nominados por hacer \u00abunas pel\u00edculas estupendas en una \u00e9poca dificultades\u00bb, ha reconocido que no siempre \u00abllueve a gusto de todos\u00bb cuando se eligen a los nominados, aunque \u00abestar aqu\u00ed es un triunfo y esto no es una carrera de caballos\u00bb.<\/p>\n<p>\u00abPese a los momentos que estamos pasando, pese a las zancadillas -ha concluido el presidente de la Academia-, el cine esta muy vivo, y la prueba son estas cinco pel\u00edculas (&#8230;). Hemos tenido un a\u00f1o un poco peor en cuanto a cuota de pantalla, pero el talento y la creatividad no nos la pueden quitar\u00bb.<\/p>\n<p>&nbsp;<\/p>\n<p>Por Alicia G. Arribas<\/p>\n","protected":false},"excerpt":{"rendered":"<p>Madrid, 20 ene (EFE).- Jaime de Armi\u00f1\u00e1n ha dedicado su Goya de Honor, conseguido tras sesenta a\u00f1os de carrera en el cine, a los nominados a la 28 edici\u00f3n de los Premios Goya, reunidos hoy en el escenario de los Teatros del Canal de Madrid: \u00abOs deseo un gran \u00e9xito no s\u00f3lo de premios, sino<\/p>\n","protected":false},"author":1,"featured_media":1538,"comment_status":"open","ping_status":"open","sticky":false,"template":"","format":"standard","meta":{"footnotes":""},"categories":[224],"tags":[],"class_list":{"0":"post-1537","1":"post","2":"type-post","3":"status-publish","4":"format-standard","5":"has-post-thumbnail","7":"category-noticias-actualidad"},"aioseo_notices":[],"aioseo_head":"\n\t\t<!-- All in One SEO Pro 4.9.6.1 - aioseo.com -->\n\t<meta name=\"description\" content=\"Madrid, 20 ene (EFE).- Jaime de Armi\u00f1\u00e1n ha dedicado su Goya de Honor, conseguido tras sesenta a\u00f1os de carrera en el cine, a los nominados a la 28 edici\u00f3n de los Premios Goya, reunidos hoy en el escenario de los Teatros del Canal de Madrid: &quot;Os deseo un gran \u00e9xito no s\u00f3lo de premios, sino\" \/>\n\t<meta name=\"robots\" content=\"max-image-preview:large\" \/>\n\t<meta name=\"author\" content=\"admin\"\/>\n\t<meta name=\"google-site-verification\" content=\"UA-38556648-1\" \/>\n\t<meta name=\"keywords\" content=\"noticias y actualidad\" \/>\n\t<link rel=\"canonical\" href=\"https:\/\/eldigitaldeasturias.com\/magazine365\/jaime-de-arminan-dedica-su-premio-a-los-nominados-y-les-desea-exito-y-dinero\/\" \/>\n\t<meta name=\"generator\" content=\"All in One SEO Pro (AIOSEO) 4.9.6.1\" \/>\n\t\t<meta property=\"og:locale\" content=\"es_ES\" \/>\n\t\t<meta property=\"og:site_name\" content=\"El Digital de Asturias \u2013 Revista de ocio, turismo y estilo de vida\" \/>\n\t\t<meta property=\"og:type\" content=\"article\" \/>\n\t\t<meta property=\"og:title\" content=\"Jaime de Armi\u00f1\u00e1n dedica su premio a los nominados y les desea \u00e9xito y dinero | El Digital de Asturias\" \/>\n\t\t<meta property=\"og:description\" content=\"Madrid, 20 ene (EFE).- Jaime de Armi\u00f1\u00e1n ha dedicado su Goya de Honor, conseguido tras sesenta a\u00f1os de carrera en el cine, a los nominados a la 28 edici\u00f3n de los Premios Goya, reunidos hoy en el escenario de los Teatros del Canal de Madrid: &quot;Os deseo un gran \u00e9xito no s\u00f3lo de premios, sino\" \/>\n\t\t<meta property=\"og:url\" content=\"https:\/\/eldigitaldeasturias.com\/magazine365\/jaime-de-arminan-dedica-su-premio-a-los-nominados-y-les-desea-exito-y-dinero\/\" \/>\n\t\t<meta property=\"og:image\" content=\"https:\/\/eldigitaldeasturias.com\/magazine365\/wp-content\/uploads\/2014\/01\/5863291w.jpg\" \/>\n\t\t<meta property=\"og:image:secure_url\" content=\"https:\/\/eldigitaldeasturias.com\/magazine365\/wp-content\/uploads\/2014\/01\/5863291w.jpg\" \/>\n\t\t<meta property=\"og:image:width\" content=\"800\" \/>\n\t\t<meta property=\"og:image:height\" content=\"508\" \/>\n\t\t<meta property=\"article:published_time\" content=\"2014-01-20T23:55:55+00:00\" \/>\n\t\t<meta property=\"article:modified_time\" content=\"2014-01-20T23:55:55+00:00\" \/>\n\t\t<meta name=\"twitter:card\" content=\"summary_large_image\" \/>\n\t\t<meta name=\"twitter:title\" content=\"Jaime de Armi\u00f1\u00e1n dedica su premio a los nominados y les desea \u00e9xito y dinero | El Digital de Asturias\" \/>\n\t\t<meta name=\"twitter:description\" content=\"Madrid, 20 ene (EFE).- Jaime de Armi\u00f1\u00e1n ha dedicado su Goya de Honor, conseguido tras sesenta a\u00f1os de carrera en el cine, a los nominados a la 28 edici\u00f3n de los Premios Goya, reunidos hoy en el escenario de los Teatros del Canal de Madrid: &quot;Os deseo un gran \u00e9xito no s\u00f3lo de premios, sino\" \/>\n\t\t<meta name=\"twitter:image\" content=\"https:\/\/eldigitaldeasturias.com\/magazine365\/wp-content\/uploads\/2014\/01\/5863291w.jpg\" \/>\n\t\t<script type=\"application\/ld+json\" class=\"aioseo-schema\">\n\t\t\t{\"@context\":\"https:\\\/\\\/schema.org\",\"@graph\":[{\"@type\":\"Article\",\"@id\":\"https:\\\/\\\/eldigitaldeasturias.com\\\/magazine365\\\/jaime-de-arminan-dedica-su-premio-a-los-nominados-y-les-desea-exito-y-dinero\\\/#article\",\"name\":\"Jaime de Armi\\u00f1\\u00e1n dedica su premio a los nominados y les desea \\u00e9xito y dinero | El Digital de Asturias\",\"headline\":\"Jaime de Armi\\u00f1\\u00e1n dedica su premio a los nominados y les desea \\u00e9xito y dinero\",\"author\":{\"@id\":\"https:\\\/\\\/eldigitaldeasturias.com\\\/magazine365\\\/author\\\/admin\\\/#author\"},\"publisher\":{\"@id\":\"https:\\\/\\\/eldigitaldeasturias.com\\\/magazine365\\\/#organization\"},\"image\":{\"@type\":\"ImageObject\",\"url\":\"https:\\\/\\\/eldigitaldeasturias.com\\\/magazine365\\\/wp-content\\\/uploads\\\/2014\\\/01\\\/5863291w.jpg\",\"width\":800,\"height\":508},\"datePublished\":\"2014-01-20T22:55:55+01:00\",\"dateModified\":\"2014-01-20T22:55:55+01:00\",\"inLanguage\":\"es-ES\",\"mainEntityOfPage\":{\"@id\":\"https:\\\/\\\/eldigitaldeasturias.com\\\/magazine365\\\/jaime-de-arminan-dedica-su-premio-a-los-nominados-y-les-desea-exito-y-dinero\\\/#webpage\"},\"isPartOf\":{\"@id\":\"https:\\\/\\\/eldigitaldeasturias.com\\\/magazine365\\\/jaime-de-arminan-dedica-su-premio-a-los-nominados-y-les-desea-exito-y-dinero\\\/#webpage\"},\"articleSection\":\"Noticias y Actualidad\"},{\"@type\":\"BreadcrumbList\",\"@id\":\"https:\\\/\\\/eldigitaldeasturias.com\\\/magazine365\\\/jaime-de-arminan-dedica-su-premio-a-los-nominados-y-les-desea-exito-y-dinero\\\/#breadcrumblist\",\"itemListElement\":[{\"@type\":\"ListItem\",\"@id\":\"https:\\\/\\\/eldigitaldeasturias.com\\\/magazine365#listItem\",\"position\":1,\"name\":\"Home\",\"item\":\"https:\\\/\\\/eldigitaldeasturias.com\\\/magazine365\",\"nextItem\":{\"@type\":\"ListItem\",\"@id\":\"https:\\\/\\\/eldigitaldeasturias.com\\\/magazine365\\\/category\\\/noticias-actualidad\\\/#listItem\",\"name\":\"Noticias y Actualidad\"}},{\"@type\":\"ListItem\",\"@id\":\"https:\\\/\\\/eldigitaldeasturias.com\\\/magazine365\\\/category\\\/noticias-actualidad\\\/#listItem\",\"position\":2,\"name\":\"Noticias y Actualidad\",\"item\":\"https:\\\/\\\/eldigitaldeasturias.com\\\/magazine365\\\/category\\\/noticias-actualidad\\\/\",\"nextItem\":{\"@type\":\"ListItem\",\"@id\":\"https:\\\/\\\/eldigitaldeasturias.com\\\/magazine365\\\/jaime-de-arminan-dedica-su-premio-a-los-nominados-y-les-desea-exito-y-dinero\\\/#listItem\",\"name\":\"Jaime de Armi\\u00f1\\u00e1n dedica su premio a los nominados y les desea \\u00e9xito y dinero\"},\"previousItem\":{\"@type\":\"ListItem\",\"@id\":\"https:\\\/\\\/eldigitaldeasturias.com\\\/magazine365#listItem\",\"name\":\"Home\"}},{\"@type\":\"ListItem\",\"@id\":\"https:\\\/\\\/eldigitaldeasturias.com\\\/magazine365\\\/jaime-de-arminan-dedica-su-premio-a-los-nominados-y-les-desea-exito-y-dinero\\\/#listItem\",\"position\":3,\"name\":\"Jaime de Armi\\u00f1\\u00e1n dedica su premio a los nominados y les desea \\u00e9xito y dinero\",\"previousItem\":{\"@type\":\"ListItem\",\"@id\":\"https:\\\/\\\/eldigitaldeasturias.com\\\/magazine365\\\/category\\\/noticias-actualidad\\\/#listItem\",\"name\":\"Noticias y Actualidad\"}}]},{\"@type\":\"Organization\",\"@id\":\"https:\\\/\\\/eldigitaldeasturias.com\\\/magazine365\\\/#organization\",\"name\":\"El digital de Asturias\",\"description\":\"Revista de ocio, turismo y estilo de vida\",\"url\":\"https:\\\/\\\/eldigitaldeasturias.com\\\/magazine365\\\/\",\"logo\":{\"@type\":\"ImageObject\",\"url\":\"https:\\\/\\\/www.eldigitaldeasturias.com\\\/noticias\\\/wp-content\\\/uploads\\\/2020\\\/12\\\/EDA.jpg\",\"@id\":\"https:\\\/\\\/eldigitaldeasturias.com\\\/magazine365\\\/jaime-de-arminan-dedica-su-premio-a-los-nominados-y-les-desea-exito-y-dinero\\\/#organizationLogo\"},\"image\":{\"@id\":\"https:\\\/\\\/eldigitaldeasturias.com\\\/magazine365\\\/jaime-de-arminan-dedica-su-premio-a-los-nominados-y-les-desea-exito-y-dinero\\\/#organizationLogo\"}},{\"@type\":\"Person\",\"@id\":\"https:\\\/\\\/eldigitaldeasturias.com\\\/magazine365\\\/author\\\/admin\\\/#author\",\"url\":\"https:\\\/\\\/eldigitaldeasturias.com\\\/magazine365\\\/author\\\/admin\\\/\",\"name\":\"admin\",\"image\":{\"@type\":\"ImageObject\",\"@id\":\"https:\\\/\\\/eldigitaldeasturias.com\\\/magazine365\\\/jaime-de-arminan-dedica-su-premio-a-los-nominados-y-les-desea-exito-y-dinero\\\/#authorImage\",\"url\":\"https:\\\/\\\/eldigitaldeasturias.com\\\/magazine365\\\/wp-content\\\/litespeed\\\/avatar\\\/e571bcf59a0edd6fa6838245a470f2fe.jpg?ver=1777574230\",\"width\":96,\"height\":96,\"caption\":\"admin\"}},{\"@type\":\"WebPage\",\"@id\":\"https:\\\/\\\/eldigitaldeasturias.com\\\/magazine365\\\/jaime-de-arminan-dedica-su-premio-a-los-nominados-y-les-desea-exito-y-dinero\\\/#webpage\",\"url\":\"https:\\\/\\\/eldigitaldeasturias.com\\\/magazine365\\\/jaime-de-arminan-dedica-su-premio-a-los-nominados-y-les-desea-exito-y-dinero\\\/\",\"name\":\"Jaime de Armi\\u00f1\\u00e1n dedica su premio a los nominados y les desea \\u00e9xito y dinero | El Digital de Asturias\",\"description\":\"Madrid, 20 ene (EFE).- Jaime de Armi\\u00f1\\u00e1n ha dedicado su Goya de Honor, conseguido tras sesenta a\\u00f1os de carrera en el cine, a los nominados a la 28 edici\\u00f3n de los Premios Goya, reunidos hoy en el escenario de los Teatros del Canal de Madrid: \\\"Os deseo un gran \\u00e9xito no s\\u00f3lo de premios, sino\",\"inLanguage\":\"es-ES\",\"isPartOf\":{\"@id\":\"https:\\\/\\\/eldigitaldeasturias.com\\\/magazine365\\\/#website\"},\"breadcrumb\":{\"@id\":\"https:\\\/\\\/eldigitaldeasturias.com\\\/magazine365\\\/jaime-de-arminan-dedica-su-premio-a-los-nominados-y-les-desea-exito-y-dinero\\\/#breadcrumblist\"},\"author\":{\"@id\":\"https:\\\/\\\/eldigitaldeasturias.com\\\/magazine365\\\/author\\\/admin\\\/#author\"},\"creator\":{\"@id\":\"https:\\\/\\\/eldigitaldeasturias.com\\\/magazine365\\\/author\\\/admin\\\/#author\"},\"image\":{\"@type\":\"ImageObject\",\"url\":\"https:\\\/\\\/eldigitaldeasturias.com\\\/magazine365\\\/wp-content\\\/uploads\\\/2014\\\/01\\\/5863291w.jpg\",\"@id\":\"https:\\\/\\\/eldigitaldeasturias.com\\\/magazine365\\\/jaime-de-arminan-dedica-su-premio-a-los-nominados-y-les-desea-exito-y-dinero\\\/#mainImage\",\"width\":800,\"height\":508},\"primaryImageOfPage\":{\"@id\":\"https:\\\/\\\/eldigitaldeasturias.com\\\/magazine365\\\/jaime-de-arminan-dedica-su-premio-a-los-nominados-y-les-desea-exito-y-dinero\\\/#mainImage\"},\"datePublished\":\"2014-01-20T22:55:55+01:00\",\"dateModified\":\"2014-01-20T22:55:55+01:00\"},{\"@type\":\"WebSite\",\"@id\":\"https:\\\/\\\/eldigitaldeasturias.com\\\/magazine365\\\/#website\",\"url\":\"https:\\\/\\\/eldigitaldeasturias.com\\\/magazine365\\\/\",\"name\":\"El Digital de Asturias\",\"description\":\"Revista de ocio, turismo y estilo de vida\",\"inLanguage\":\"es-ES\",\"publisher\":{\"@id\":\"https:\\\/\\\/eldigitaldeasturias.com\\\/magazine365\\\/#organization\"}}]}\n\t\t<\/script>\n\t\t<!-- All in One SEO Pro -->\r\n\t\t<title>Jaime de Armi\u00f1\u00e1n dedica su premio a los nominados y les desea \u00e9xito y dinero | El Digital de Asturias<\/title>\n\n","aioseo_head_json":{"title":"Jaime de Armi\u00f1\u00e1n dedica su premio a los nominados y les desea \u00e9xito y dinero | El Digital de Asturias","description":"Madrid, 20 ene (EFE).- Jaime de Armi\u00f1\u00e1n ha dedicado su Goya de Honor, conseguido tras sesenta a\u00f1os de carrera en el cine, a los nominados a la 28 edici\u00f3n de los Premios Goya, reunidos hoy en el escenario de los Teatros del Canal de Madrid: \"Os deseo un gran \u00e9xito no s\u00f3lo de premios, sino","canonical_url":"https:\/\/eldigitaldeasturias.com\/magazine365\/jaime-de-arminan-dedica-su-premio-a-los-nominados-y-les-desea-exito-y-dinero\/","robots":"max-image-preview:large","keywords":"noticias y actualidad","webmasterTools":{"google-site-verification":"UA-38556648-1","miscellaneous":""},"schema":{"@context":"https:\/\/schema.org","@graph":[{"@type":"Article","@id":"https:\/\/eldigitaldeasturias.com\/magazine365\/jaime-de-arminan-dedica-su-premio-a-los-nominados-y-les-desea-exito-y-dinero\/#article","name":"Jaime de Armi\u00f1\u00e1n dedica su premio a los nominados y les desea \u00e9xito y dinero | El Digital de Asturias","headline":"Jaime de Armi\u00f1\u00e1n dedica su premio a los nominados y les desea \u00e9xito y dinero","author":{"@id":"https:\/\/eldigitaldeasturias.com\/magazine365\/author\/admin\/#author"},"publisher":{"@id":"https:\/\/eldigitaldeasturias.com\/magazine365\/#organization"},"image":{"@type":"ImageObject","url":"https:\/\/eldigitaldeasturias.com\/magazine365\/wp-content\/uploads\/2014\/01\/5863291w.jpg","width":800,"height":508},"datePublished":"2014-01-20T22:55:55+01:00","dateModified":"2014-01-20T22:55:55+01:00","inLanguage":"es-ES","mainEntityOfPage":{"@id":"https:\/\/eldigitaldeasturias.com\/magazine365\/jaime-de-arminan-dedica-su-premio-a-los-nominados-y-les-desea-exito-y-dinero\/#webpage"},"isPartOf":{"@id":"https:\/\/eldigitaldeasturias.com\/magazine365\/jaime-de-arminan-dedica-su-premio-a-los-nominados-y-les-desea-exito-y-dinero\/#webpage"},"articleSection":"Noticias y Actualidad"},{"@type":"BreadcrumbList","@id":"https:\/\/eldigitaldeasturias.com\/magazine365\/jaime-de-arminan-dedica-su-premio-a-los-nominados-y-les-desea-exito-y-dinero\/#breadcrumblist","itemListElement":[{"@type":"ListItem","@id":"https:\/\/eldigitaldeasturias.com\/magazine365#listItem","position":1,"name":"Home","item":"https:\/\/eldigitaldeasturias.com\/magazine365","nextItem":{"@type":"ListItem","@id":"https:\/\/eldigitaldeasturias.com\/magazine365\/category\/noticias-actualidad\/#listItem","name":"Noticias y Actualidad"}},{"@type":"ListItem","@id":"https:\/\/eldigitaldeasturias.com\/magazine365\/category\/noticias-actualidad\/#listItem","position":2,"name":"Noticias y Actualidad","item":"https:\/\/eldigitaldeasturias.com\/magazine365\/category\/noticias-actualidad\/","nextItem":{"@type":"ListItem","@id":"https:\/\/eldigitaldeasturias.com\/magazine365\/jaime-de-arminan-dedica-su-premio-a-los-nominados-y-les-desea-exito-y-dinero\/#listItem","name":"Jaime de Armi\u00f1\u00e1n dedica su premio a los nominados y les desea \u00e9xito y dinero"},"previousItem":{"@type":"ListItem","@id":"https:\/\/eldigitaldeasturias.com\/magazine365#listItem","name":"Home"}},{"@type":"ListItem","@id":"https:\/\/eldigitaldeasturias.com\/magazine365\/jaime-de-arminan-dedica-su-premio-a-los-nominados-y-les-desea-exito-y-dinero\/#listItem","position":3,"name":"Jaime de Armi\u00f1\u00e1n dedica su premio a los nominados y les desea \u00e9xito y dinero","previousItem":{"@type":"ListItem","@id":"https:\/\/eldigitaldeasturias.com\/magazine365\/category\/noticias-actualidad\/#listItem","name":"Noticias y Actualidad"}}]},{"@type":"Organization","@id":"https:\/\/eldigitaldeasturias.com\/magazine365\/#organization","name":"El digital de Asturias","description":"Revista de ocio, turismo y estilo de vida","url":"https:\/\/eldigitaldeasturias.com\/magazine365\/","logo":{"@type":"ImageObject","url":"https:\/\/www.eldigitaldeasturias.com\/noticias\/wp-content\/uploads\/2020\/12\/EDA.jpg","@id":"https:\/\/eldigitaldeasturias.com\/magazine365\/jaime-de-arminan-dedica-su-premio-a-los-nominados-y-les-desea-exito-y-dinero\/#organizationLogo"},"image":{"@id":"https:\/\/eldigitaldeasturias.com\/magazine365\/jaime-de-arminan-dedica-su-premio-a-los-nominados-y-les-desea-exito-y-dinero\/#organizationLogo"}},{"@type":"Person","@id":"https:\/\/eldigitaldeasturias.com\/magazine365\/author\/admin\/#author","url":"https:\/\/eldigitaldeasturias.com\/magazine365\/author\/admin\/","name":"admin","image":{"@type":"ImageObject","@id":"https:\/\/eldigitaldeasturias.com\/magazine365\/jaime-de-arminan-dedica-su-premio-a-los-nominados-y-les-desea-exito-y-dinero\/#authorImage","url":"https:\/\/eldigitaldeasturias.com\/magazine365\/wp-content\/litespeed\/avatar\/e571bcf59a0edd6fa6838245a470f2fe.jpg?ver=1777574230","width":96,"height":96,"caption":"admin"}},{"@type":"WebPage","@id":"https:\/\/eldigitaldeasturias.com\/magazine365\/jaime-de-arminan-dedica-su-premio-a-los-nominados-y-les-desea-exito-y-dinero\/#webpage","url":"https:\/\/eldigitaldeasturias.com\/magazine365\/jaime-de-arminan-dedica-su-premio-a-los-nominados-y-les-desea-exito-y-dinero\/","name":"Jaime de Armi\u00f1\u00e1n dedica su premio a los nominados y les desea \u00e9xito y dinero | El Digital de Asturias","description":"Madrid, 20 ene (EFE).- Jaime de Armi\u00f1\u00e1n ha dedicado su Goya de Honor, conseguido tras sesenta a\u00f1os de carrera en el cine, a los nominados a la 28 edici\u00f3n de los Premios Goya, reunidos hoy en el escenario de los Teatros del Canal de Madrid: \"Os deseo un gran \u00e9xito no s\u00f3lo de premios, sino","inLanguage":"es-ES","isPartOf":{"@id":"https:\/\/eldigitaldeasturias.com\/magazine365\/#website"},"breadcrumb":{"@id":"https:\/\/eldigitaldeasturias.com\/magazine365\/jaime-de-arminan-dedica-su-premio-a-los-nominados-y-les-desea-exito-y-dinero\/#breadcrumblist"},"author":{"@id":"https:\/\/eldigitaldeasturias.com\/magazine365\/author\/admin\/#author"},"creator":{"@id":"https:\/\/eldigitaldeasturias.com\/magazine365\/author\/admin\/#author"},"image":{"@type":"ImageObject","url":"https:\/\/eldigitaldeasturias.com\/magazine365\/wp-content\/uploads\/2014\/01\/5863291w.jpg","@id":"https:\/\/eldigitaldeasturias.com\/magazine365\/jaime-de-arminan-dedica-su-premio-a-los-nominados-y-les-desea-exito-y-dinero\/#mainImage","width":800,"height":508},"primaryImageOfPage":{"@id":"https:\/\/eldigitaldeasturias.com\/magazine365\/jaime-de-arminan-dedica-su-premio-a-los-nominados-y-les-desea-exito-y-dinero\/#mainImage"},"datePublished":"2014-01-20T22:55:55+01:00","dateModified":"2014-01-20T22:55:55+01:00"},{"@type":"WebSite","@id":"https:\/\/eldigitaldeasturias.com\/magazine365\/#website","url":"https:\/\/eldigitaldeasturias.com\/magazine365\/","name":"El Digital de Asturias","description":"Revista de ocio, turismo y estilo de vida","inLanguage":"es-ES","publisher":{"@id":"https:\/\/eldigitaldeasturias.com\/magazine365\/#organization"}}]},"og:locale":"es_ES","og:site_name":"El Digital de Asturias \u2013 Revista de ocio, turismo y estilo de vida","og:type":"article","og:title":"Jaime de Armi\u00f1\u00e1n dedica su premio a los nominados y les desea \u00e9xito y dinero | El Digital de Asturias","og:description":"Madrid, 20 ene (EFE).- Jaime de Armi\u00f1\u00e1n ha dedicado su Goya de Honor, conseguido tras sesenta a\u00f1os de carrera en el cine, a los nominados a la 28 edici\u00f3n de los Premios Goya, reunidos hoy en el escenario de los Teatros del Canal de Madrid: &quot;Os deseo un gran \u00e9xito no s\u00f3lo de premios, sino","og:url":"https:\/\/eldigitaldeasturias.com\/magazine365\/jaime-de-arminan-dedica-su-premio-a-los-nominados-y-les-desea-exito-y-dinero\/","og:image":"https:\/\/eldigitaldeasturias.com\/magazine365\/wp-content\/uploads\/2014\/01\/5863291w.jpg","og:image:secure_url":"https:\/\/eldigitaldeasturias.com\/magazine365\/wp-content\/uploads\/2014\/01\/5863291w.jpg","og:image:width":800,"og:image:height":508,"article:published_time":"2014-01-20T23:55:55+00:00","article:modified_time":"2014-01-20T23:55:55+00:00","twitter:card":"summary_large_image","twitter:title":"Jaime de Armi\u00f1\u00e1n dedica su premio a los nominados y les desea \u00e9xito y dinero | El Digital de Asturias","twitter:description":"Madrid, 20 ene (EFE).- Jaime de Armi\u00f1\u00e1n ha dedicado su Goya de Honor, conseguido tras sesenta a\u00f1os de carrera en el cine, a los nominados a la 28 edici\u00f3n de los Premios Goya, reunidos hoy en el escenario de los Teatros del Canal de Madrid: &quot;Os deseo un gran \u00e9xito no s\u00f3lo de premios, sino","twitter:image":"https:\/\/eldigitaldeasturias.com\/magazine365\/wp-content\/uploads\/2014\/01\/5863291w.jpg"},"aioseo_meta_data":{"post_id":"1537","title":null,"description":null,"keywords":null,"keyphrases":null,"primary_term":null,"canonical_url":null,"og_title":null,"og_description":null,"og_object_type":"default","og_image_type":"default","og_image_url":null,"og_image_width":null,"og_image_height":null,"og_image_custom_url":null,"og_image_custom_fields":null,"og_video":null,"og_custom_url":null,"og_article_section":null,"og_article_tags":null,"twitter_use_og":false,"twitter_card":"default","twitter_image_type":"default","twitter_image_url":null,"twitter_image_custom_url":null,"twitter_image_custom_fields":null,"twitter_title":null,"twitter_description":null,"schema":{"blockGraphs":[],"customGraphs":[],"default":{"data":{"Article":[],"Course":[],"Dataset":[],"FAQPage":[],"Movie":[],"Person":[],"Product":[],"ProductReview":[],"Car":[],"Recipe":[],"Service":[],"SoftwareApplication":[],"WebPage":[]},"graphName":"","isEnabled":true},"graphs":[]},"schema_type":null,"schema_type_options":null,"pillar_content":false,"robots_default":true,"robots_noindex":false,"robots_noarchive":false,"robots_nosnippet":false,"robots_nofollow":false,"robots_noimageindex":false,"robots_noodp":false,"robots_notranslate":false,"robots_max_snippet":null,"robots_max_videopreview":null,"robots_max_imagepreview":"large","priority":null,"frequency":null,"location":null,"local_seo":null,"seo_analyzer_scan_date":"2025-09-16 09:32:56","breadcrumb_settings":null,"limit_modified_date":false,"open_ai":null,"ai":null,"created":"2020-12-21 13:39:29","updated":"2025-09-16 09:32:56"},"aioseo_breadcrumb":"<div class=\"aioseo-breadcrumbs\"><span class=\"aioseo-breadcrumb\">\n\t<a href=\"https:\/\/eldigitaldeasturias.com\/magazine365\" title=\"Home\">Home<\/a>\n<\/span><span class=\"aioseo-breadcrumb-separator\">\u2013<\/span><span class=\"aioseo-breadcrumb\">\n\t<a href=\"https:\/\/eldigitaldeasturias.com\/magazine365\/category\/noticias-actualidad\/\" title=\"Noticias y Actualidad\">Noticias y Actualidad<\/a>\n<\/span><span class=\"aioseo-breadcrumb-separator\">\u2013<\/span><span class=\"aioseo-breadcrumb\">\n\t<a href=\"https:\/\/eldigitaldeasturias.com\/magazine365\/jaime-de-arminan-dedica-su-premio-a-los-nominados-y-les-desea-exito-y-dinero\/\" title=\"Jaime de Armi\u00f1\u00e1n dedica su premio a los nominados y les desea \u00e9xito y dinero\">Jaime de Armi\u00f1\u00e1n dedica su premio a los nominados y les desea \u00e9xito y dinero<\/a>\n<\/span><\/div>","aioseo_breadcrumb_json":[{"label":"Home","link":"https:\/\/eldigitaldeasturias.com\/magazine365"},{"label":"Noticias y Actualidad","link":"https:\/\/eldigitaldeasturias.com\/magazine365\/category\/noticias-actualidad\/"},{"label":"Jaime de Armi\u00f1\u00e1n dedica su premio a los nominados y les desea \u00e9xito y dinero","link":"https:\/\/eldigitaldeasturias.com\/magazine365\/jaime-de-arminan-dedica-su-premio-a-los-nominados-y-les-desea-exito-y-dinero\/"}],"_links":{"self":[{"href":"https:\/\/eldigitaldeasturias.com\/magazine365\/wp-json\/wp\/v2\/posts\/1537","targetHints":{"allow":["GET"]}}],"collection":[{"href":"https:\/\/eldigitaldeasturias.com\/magazine365\/wp-json\/wp\/v2\/posts"}],"about":[{"href":"https:\/\/eldigitaldeasturias.com\/magazine365\/wp-json\/wp\/v2\/types\/post"}],"author":[{"embeddable":true,"href":"https:\/\/eldigitaldeasturias.com\/magazine365\/wp-json\/wp\/v2\/users\/1"}],"replies":[{"embeddable":true,"href":"https:\/\/eldigitaldeasturias.com\/magazine365\/wp-json\/wp\/v2\/comments?post=1537"}],"version-history":[{"count":0,"href":"https:\/\/eldigitaldeasturias.com\/magazine365\/wp-json\/wp\/v2\/posts\/1537\/revisions"}],"wp:featuredmedia":[{"embeddable":true,"href":"https:\/\/eldigitaldeasturias.com\/magazine365\/wp-json\/wp\/v2\/media\/1538"}],"wp:attachment":[{"href":"https:\/\/eldigitaldeasturias.com\/magazine365\/wp-json\/wp\/v2\/media?parent=1537"}],"wp:term":[{"taxonomy":"category","embeddable":true,"href":"https:\/\/eldigitaldeasturias.com\/magazine365\/wp-json\/wp\/v2\/categories?post=1537"},{"taxonomy":"post_tag","embeddable":true,"href":"https:\/\/eldigitaldeasturias.com\/magazine365\/wp-json\/wp\/v2\/tags?post=1537"}],"curies":[{"name":"wp","href":"https:\/\/api.w.org\/{rel}","templated":true}]}}