{"id":1534,"date":"2014-01-20T22:54:44","date_gmt":"2014-01-20T23:54:44","guid":{"rendered":"http:\/\/eldigitaldeasturias.com\/magazine365\/?p=1534"},"modified":"2014-01-20T22:54:44","modified_gmt":"2014-01-20T23:54:44","slug":"brequette-jorge-gonzalez-la-dama-raul-y-ruth-lorenzo-optaran-a-eurovision","status":"publish","type":"post","link":"https:\/\/eldigitaldeasturias.com\/magazine365\/brequette-jorge-gonzalez-la-dama-raul-y-ruth-lorenzo-optaran-a-eurovision\/","title":{"rendered":"Brequette, Jorge Gonz\u00e1lez, La Dama, Ra\u00fal y Ruth Lorenzo, optar\u00e1n a Eurovisi\u00f3n"},"content":{"rendered":"<p><img fetchpriority=\"high\" decoding=\"async\" class=\"alignleft size-medium wp-image-1535\" alt=\"5863154w\" src=\"https:\/\/eldigitaldeasturias.com\/magazine365\/wp-content\/uploads\/2014\/01\/5863154w-189x300.jpg\" width=\"189\" height=\"300\" \/>Madrid, 20 ene (EFE).- Brequette, Jorge Gonz\u00e1lez, La Dama, Ra\u00fal y Ruth Lorenzo es el quinteto de artistas que luchar\u00e1n para representar a Espa\u00f1a en el pr\u00f3ximo Festival de Eurovisi\u00f3n 2014 y para el que Televisi\u00f3n Espa\u00f1ola ha vuelto a cambiar el sistema de elecci\u00f3n que combinar\u00e1 la votaci\u00f3n popular y un jurado profesional.<\/p>\n<p>El elegido para poner voz y rostro a la participaci\u00f3n espa\u00f1ola en Eurovisi\u00f3n se conocer\u00e1 en una gala especial que La 1 de TVE emitir\u00e1 en febrero, en una fecha por determinar, seg\u00fan ha anunciado hoy la cadena en un comunicado.<\/p>\n<p>En ella, el p\u00fablico podr\u00e1 participar mediante televoto y su opini\u00f3n contar\u00e1 un 50 %, mientras el resto de la decisi\u00f3n recaer\u00e1 en un jurado de profesionales.<\/p>\n<p>Dos de los cinco artistas que luchar\u00e1n por competir en Copenhague el pr\u00f3ximo mayo han salido del programa \u00abLa Voz\u00bb: la sudafricana Brequette Cassie, que interpretar\u00e1 la canci\u00f3n \u00abM\u00e1s\u00bb (Run), compuesta por Tony S\u00e1nchez y Tomas G, y el madrile\u00f1o Jorge Gonz\u00e1lez, con \u00abAunque se acabe el mundo\u00bb, tema de Kiko Rodr\u00edguez, Bruno Nicol\u00e1s, Leticia Fuentes y Mar\u00eda Jos\u00e9 Fern\u00e1ndez.<\/p>\n<p>La Dama es el nombre art\u00edstico de la sevillana Damaris Abad Anselmo, que intentar\u00e1 representar a Espa\u00f1a en Eurovisi\u00f3n con \u00abEstrella fugaz\u00bb, canci\u00f3n compuesta por Melendi, mientras que Ra\u00fal, que tuvo un gran \u00e9xito en 2000 con el tema \u00abSue\u00f1o su boca\u00bb, se presenta con la balada \u00abSeguir sin ti\u00bb, de William Duque y Domingo S\u00e1nchez.<\/p>\n<p>El quinteto de cantantes seleccionado por TVE se cierra con la murciana Ruth Lorenzo, que en 2008 particip\u00f3 en la versi\u00f3n brit\u00e1nica del programa \u00abFactor X\u00bb y que participar\u00e1 en esta competici\u00f3n eurovisiva con \u00abDancing in the rain\u00bb (Bailando bajo la lluvia), con partes en castellano e ingl\u00e9s, y que ella ha coescrito junto a Jim Irvin y Julian Emery.<\/p>\n","protected":false},"excerpt":{"rendered":"<p>Madrid, 20 ene (EFE).- Brequette, Jorge Gonz\u00e1lez, La Dama, Ra\u00fal y Ruth Lorenzo es el quinteto de artistas que luchar\u00e1n para representar a Espa\u00f1a en el pr\u00f3ximo Festival de Eurovisi\u00f3n 2014 y para el que Televisi\u00f3n Espa\u00f1ola ha vuelto a cambiar el sistema de elecci\u00f3n que combinar\u00e1 la votaci\u00f3n popular y un jurado profesional. El<\/p>\n","protected":false},"author":1,"featured_media":1535,"comment_status":"open","ping_status":"open","sticky":false,"template":"","format":"standard","meta":{"footnotes":""},"categories":[224],"tags":[],"class_list":{"0":"post-1534","1":"post","2":"type-post","3":"status-publish","4":"format-standard","5":"has-post-thumbnail","7":"category-noticias-actualidad"},"aioseo_notices":[],"aioseo_head":"\n\t\t<!-- All in One SEO Pro 4.9.6.1 - aioseo.com -->\n\t<meta name=\"description\" content=\"Madrid, 20 ene (EFE).- Brequette, Jorge Gonz\u00e1lez, La Dama, Ra\u00fal y Ruth Lorenzo es el quinteto de artistas que luchar\u00e1n para representar a Espa\u00f1a en el pr\u00f3ximo Festival de Eurovisi\u00f3n 2014 y para el que Televisi\u00f3n Espa\u00f1ola ha vuelto a cambiar el sistema de elecci\u00f3n que combinar\u00e1 la votaci\u00f3n popular y un jurado profesional. El\" \/>\n\t<meta name=\"robots\" content=\"max-image-preview:large\" \/>\n\t<meta name=\"author\" content=\"admin\"\/>\n\t<meta name=\"google-site-verification\" content=\"UA-38556648-1\" \/>\n\t<meta name=\"keywords\" content=\"noticias y actualidad\" \/>\n\t<link rel=\"canonical\" href=\"https:\/\/eldigitaldeasturias.com\/magazine365\/brequette-jorge-gonzalez-la-dama-raul-y-ruth-lorenzo-optaran-a-eurovision\/\" \/>\n\t<meta name=\"generator\" content=\"All in One SEO Pro (AIOSEO) 4.9.6.1\" \/>\n\t\t<meta property=\"og:locale\" content=\"es_ES\" \/>\n\t\t<meta property=\"og:site_name\" content=\"El Digital de Asturias \u2013 Revista de ocio, turismo y estilo de vida\" \/>\n\t\t<meta property=\"og:type\" content=\"article\" \/>\n\t\t<meta property=\"og:title\" content=\"Brequette, Jorge Gonz\u00e1lez, La Dama, Ra\u00fal y Ruth Lorenzo, optar\u00e1n a Eurovisi\u00f3n | El Digital de Asturias\" \/>\n\t\t<meta property=\"og:description\" content=\"Madrid, 20 ene (EFE).- Brequette, Jorge Gonz\u00e1lez, La Dama, Ra\u00fal y Ruth Lorenzo es el quinteto de artistas que luchar\u00e1n para representar a Espa\u00f1a en el pr\u00f3ximo Festival de Eurovisi\u00f3n 2014 y para el que Televisi\u00f3n Espa\u00f1ola ha vuelto a cambiar el sistema de elecci\u00f3n que combinar\u00e1 la votaci\u00f3n popular y un jurado profesional. El\" \/>\n\t\t<meta property=\"og:url\" content=\"https:\/\/eldigitaldeasturias.com\/magazine365\/brequette-jorge-gonzalez-la-dama-raul-y-ruth-lorenzo-optaran-a-eurovision\/\" \/>\n\t\t<meta property=\"og:image\" content=\"https:\/\/eldigitaldeasturias.com\/magazine365\/wp-content\/uploads\/2014\/01\/5863154w.jpg\" \/>\n\t\t<meta property=\"og:image:secure_url\" content=\"https:\/\/eldigitaldeasturias.com\/magazine365\/wp-content\/uploads\/2014\/01\/5863154w.jpg\" \/>\n\t\t<meta property=\"og:image:width\" content=\"700\" \/>\n\t\t<meta property=\"og:image:height\" content=\"1107\" \/>\n\t\t<meta property=\"article:published_time\" content=\"2014-01-20T23:54:44+00:00\" \/>\n\t\t<meta property=\"article:modified_time\" content=\"2014-01-20T23:54:44+00:00\" \/>\n\t\t<meta name=\"twitter:card\" content=\"summary_large_image\" \/>\n\t\t<meta name=\"twitter:title\" content=\"Brequette, Jorge Gonz\u00e1lez, La Dama, Ra\u00fal y Ruth Lorenzo, optar\u00e1n a Eurovisi\u00f3n | El Digital de Asturias\" \/>\n\t\t<meta name=\"twitter:description\" content=\"Madrid, 20 ene (EFE).- Brequette, Jorge Gonz\u00e1lez, La Dama, Ra\u00fal y Ruth Lorenzo es el quinteto de artistas que luchar\u00e1n para representar a Espa\u00f1a en el pr\u00f3ximo Festival de Eurovisi\u00f3n 2014 y para el que Televisi\u00f3n Espa\u00f1ola ha vuelto a cambiar el sistema de elecci\u00f3n que combinar\u00e1 la votaci\u00f3n popular y un jurado profesional. El\" \/>\n\t\t<meta name=\"twitter:image\" content=\"https:\/\/eldigitaldeasturias.com\/magazine365\/wp-content\/uploads\/2014\/01\/5863154w.jpg\" \/>\n\t\t<script type=\"application\/ld+json\" class=\"aioseo-schema\">\n\t\t\t{\"@context\":\"https:\\\/\\\/schema.org\",\"@graph\":[{\"@type\":\"Article\",\"@id\":\"https:\\\/\\\/eldigitaldeasturias.com\\\/magazine365\\\/brequette-jorge-gonzalez-la-dama-raul-y-ruth-lorenzo-optaran-a-eurovision\\\/#article\",\"name\":\"Brequette, Jorge Gonz\\u00e1lez, La Dama, Ra\\u00fal y Ruth Lorenzo, optar\\u00e1n a Eurovisi\\u00f3n | El Digital de Asturias\",\"headline\":\"Brequette, Jorge Gonz\\u00e1lez, La Dama, Ra\\u00fal y Ruth Lorenzo, optar\\u00e1n a Eurovisi\\u00f3n\",\"author\":{\"@id\":\"https:\\\/\\\/eldigitaldeasturias.com\\\/magazine365\\\/author\\\/admin\\\/#author\"},\"publisher\":{\"@id\":\"https:\\\/\\\/eldigitaldeasturias.com\\\/magazine365\\\/#organization\"},\"image\":{\"@type\":\"ImageObject\",\"url\":\"https:\\\/\\\/eldigitaldeasturias.com\\\/magazine365\\\/wp-content\\\/uploads\\\/2014\\\/01\\\/5863154w.jpg\",\"width\":700,\"height\":1107},\"datePublished\":\"2014-01-20T22:54:44+01:00\",\"dateModified\":\"2014-01-20T22:54:44+01:00\",\"inLanguage\":\"es-ES\",\"mainEntityOfPage\":{\"@id\":\"https:\\\/\\\/eldigitaldeasturias.com\\\/magazine365\\\/brequette-jorge-gonzalez-la-dama-raul-y-ruth-lorenzo-optaran-a-eurovision\\\/#webpage\"},\"isPartOf\":{\"@id\":\"https:\\\/\\\/eldigitaldeasturias.com\\\/magazine365\\\/brequette-jorge-gonzalez-la-dama-raul-y-ruth-lorenzo-optaran-a-eurovision\\\/#webpage\"},\"articleSection\":\"Noticias y Actualidad\"},{\"@type\":\"BreadcrumbList\",\"@id\":\"https:\\\/\\\/eldigitaldeasturias.com\\\/magazine365\\\/brequette-jorge-gonzalez-la-dama-raul-y-ruth-lorenzo-optaran-a-eurovision\\\/#breadcrumblist\",\"itemListElement\":[{\"@type\":\"ListItem\",\"@id\":\"https:\\\/\\\/eldigitaldeasturias.com\\\/magazine365#listItem\",\"position\":1,\"name\":\"Home\",\"item\":\"https:\\\/\\\/eldigitaldeasturias.com\\\/magazine365\",\"nextItem\":{\"@type\":\"ListItem\",\"@id\":\"https:\\\/\\\/eldigitaldeasturias.com\\\/magazine365\\\/category\\\/noticias-actualidad\\\/#listItem\",\"name\":\"Noticias y Actualidad\"}},{\"@type\":\"ListItem\",\"@id\":\"https:\\\/\\\/eldigitaldeasturias.com\\\/magazine365\\\/category\\\/noticias-actualidad\\\/#listItem\",\"position\":2,\"name\":\"Noticias y Actualidad\",\"item\":\"https:\\\/\\\/eldigitaldeasturias.com\\\/magazine365\\\/category\\\/noticias-actualidad\\\/\",\"nextItem\":{\"@type\":\"ListItem\",\"@id\":\"https:\\\/\\\/eldigitaldeasturias.com\\\/magazine365\\\/brequette-jorge-gonzalez-la-dama-raul-y-ruth-lorenzo-optaran-a-eurovision\\\/#listItem\",\"name\":\"Brequette, Jorge Gonz\\u00e1lez, La Dama, Ra\\u00fal y Ruth Lorenzo, optar\\u00e1n a Eurovisi\\u00f3n\"},\"previousItem\":{\"@type\":\"ListItem\",\"@id\":\"https:\\\/\\\/eldigitaldeasturias.com\\\/magazine365#listItem\",\"name\":\"Home\"}},{\"@type\":\"ListItem\",\"@id\":\"https:\\\/\\\/eldigitaldeasturias.com\\\/magazine365\\\/brequette-jorge-gonzalez-la-dama-raul-y-ruth-lorenzo-optaran-a-eurovision\\\/#listItem\",\"position\":3,\"name\":\"Brequette, Jorge Gonz\\u00e1lez, La Dama, Ra\\u00fal y Ruth Lorenzo, optar\\u00e1n a Eurovisi\\u00f3n\",\"previousItem\":{\"@type\":\"ListItem\",\"@id\":\"https:\\\/\\\/eldigitaldeasturias.com\\\/magazine365\\\/category\\\/noticias-actualidad\\\/#listItem\",\"name\":\"Noticias y Actualidad\"}}]},{\"@type\":\"Organization\",\"@id\":\"https:\\\/\\\/eldigitaldeasturias.com\\\/magazine365\\\/#organization\",\"name\":\"El digital de Asturias\",\"description\":\"Revista de ocio, turismo y estilo de vida\",\"url\":\"https:\\\/\\\/eldigitaldeasturias.com\\\/magazine365\\\/\",\"logo\":{\"@type\":\"ImageObject\",\"url\":\"https:\\\/\\\/www.eldigitaldeasturias.com\\\/noticias\\\/wp-content\\\/uploads\\\/2020\\\/12\\\/EDA.jpg\",\"@id\":\"https:\\\/\\\/eldigitaldeasturias.com\\\/magazine365\\\/brequette-jorge-gonzalez-la-dama-raul-y-ruth-lorenzo-optaran-a-eurovision\\\/#organizationLogo\"},\"image\":{\"@id\":\"https:\\\/\\\/eldigitaldeasturias.com\\\/magazine365\\\/brequette-jorge-gonzalez-la-dama-raul-y-ruth-lorenzo-optaran-a-eurovision\\\/#organizationLogo\"}},{\"@type\":\"Person\",\"@id\":\"https:\\\/\\\/eldigitaldeasturias.com\\\/magazine365\\\/author\\\/admin\\\/#author\",\"url\":\"https:\\\/\\\/eldigitaldeasturias.com\\\/magazine365\\\/author\\\/admin\\\/\",\"name\":\"admin\",\"image\":{\"@type\":\"ImageObject\",\"@id\":\"https:\\\/\\\/eldigitaldeasturias.com\\\/magazine365\\\/brequette-jorge-gonzalez-la-dama-raul-y-ruth-lorenzo-optaran-a-eurovision\\\/#authorImage\",\"url\":\"https:\\\/\\\/eldigitaldeasturias.com\\\/magazine365\\\/wp-content\\\/litespeed\\\/avatar\\\/e571bcf59a0edd6fa6838245a470f2fe.jpg?ver=1777574230\",\"width\":96,\"height\":96,\"caption\":\"admin\"}},{\"@type\":\"WebPage\",\"@id\":\"https:\\\/\\\/eldigitaldeasturias.com\\\/magazine365\\\/brequette-jorge-gonzalez-la-dama-raul-y-ruth-lorenzo-optaran-a-eurovision\\\/#webpage\",\"url\":\"https:\\\/\\\/eldigitaldeasturias.com\\\/magazine365\\\/brequette-jorge-gonzalez-la-dama-raul-y-ruth-lorenzo-optaran-a-eurovision\\\/\",\"name\":\"Brequette, Jorge Gonz\\u00e1lez, La Dama, Ra\\u00fal y Ruth Lorenzo, optar\\u00e1n a Eurovisi\\u00f3n | El Digital de Asturias\",\"description\":\"Madrid, 20 ene (EFE).- Brequette, Jorge Gonz\\u00e1lez, La Dama, Ra\\u00fal y Ruth Lorenzo es el quinteto de artistas que luchar\\u00e1n para representar a Espa\\u00f1a en el pr\\u00f3ximo Festival de Eurovisi\\u00f3n 2014 y para el que Televisi\\u00f3n Espa\\u00f1ola ha vuelto a cambiar el sistema de elecci\\u00f3n que combinar\\u00e1 la votaci\\u00f3n popular y un jurado profesional. El\",\"inLanguage\":\"es-ES\",\"isPartOf\":{\"@id\":\"https:\\\/\\\/eldigitaldeasturias.com\\\/magazine365\\\/#website\"},\"breadcrumb\":{\"@id\":\"https:\\\/\\\/eldigitaldeasturias.com\\\/magazine365\\\/brequette-jorge-gonzalez-la-dama-raul-y-ruth-lorenzo-optaran-a-eurovision\\\/#breadcrumblist\"},\"author\":{\"@id\":\"https:\\\/\\\/eldigitaldeasturias.com\\\/magazine365\\\/author\\\/admin\\\/#author\"},\"creator\":{\"@id\":\"https:\\\/\\\/eldigitaldeasturias.com\\\/magazine365\\\/author\\\/admin\\\/#author\"},\"image\":{\"@type\":\"ImageObject\",\"url\":\"https:\\\/\\\/eldigitaldeasturias.com\\\/magazine365\\\/wp-content\\\/uploads\\\/2014\\\/01\\\/5863154w.jpg\",\"@id\":\"https:\\\/\\\/eldigitaldeasturias.com\\\/magazine365\\\/brequette-jorge-gonzalez-la-dama-raul-y-ruth-lorenzo-optaran-a-eurovision\\\/#mainImage\",\"width\":700,\"height\":1107},\"primaryImageOfPage\":{\"@id\":\"https:\\\/\\\/eldigitaldeasturias.com\\\/magazine365\\\/brequette-jorge-gonzalez-la-dama-raul-y-ruth-lorenzo-optaran-a-eurovision\\\/#mainImage\"},\"datePublished\":\"2014-01-20T22:54:44+01:00\",\"dateModified\":\"2014-01-20T22:54:44+01:00\"},{\"@type\":\"WebSite\",\"@id\":\"https:\\\/\\\/eldigitaldeasturias.com\\\/magazine365\\\/#website\",\"url\":\"https:\\\/\\\/eldigitaldeasturias.com\\\/magazine365\\\/\",\"name\":\"El Digital de Asturias\",\"description\":\"Revista de ocio, turismo y estilo de vida\",\"inLanguage\":\"es-ES\",\"publisher\":{\"@id\":\"https:\\\/\\\/eldigitaldeasturias.com\\\/magazine365\\\/#organization\"}}]}\n\t\t<\/script>\n\t\t<!-- All in One SEO Pro -->\r\n\t\t<title>Brequette, Jorge Gonz\u00e1lez, La Dama, Ra\u00fal y Ruth Lorenzo, optar\u00e1n a Eurovisi\u00f3n | El Digital de Asturias<\/title>\n\n","aioseo_head_json":{"title":"Brequette, Jorge Gonz\u00e1lez, La Dama, Ra\u00fal y Ruth Lorenzo, optar\u00e1n a Eurovisi\u00f3n | El Digital de Asturias","description":"Madrid, 20 ene (EFE).- Brequette, Jorge Gonz\u00e1lez, La Dama, Ra\u00fal y Ruth Lorenzo es el quinteto de artistas que luchar\u00e1n para representar a Espa\u00f1a en el pr\u00f3ximo Festival de Eurovisi\u00f3n 2014 y para el que Televisi\u00f3n Espa\u00f1ola ha vuelto a cambiar el sistema de elecci\u00f3n que combinar\u00e1 la votaci\u00f3n popular y un jurado profesional. El","canonical_url":"https:\/\/eldigitaldeasturias.com\/magazine365\/brequette-jorge-gonzalez-la-dama-raul-y-ruth-lorenzo-optaran-a-eurovision\/","robots":"max-image-preview:large","keywords":"noticias y actualidad","webmasterTools":{"google-site-verification":"UA-38556648-1","miscellaneous":""},"schema":{"@context":"https:\/\/schema.org","@graph":[{"@type":"Article","@id":"https:\/\/eldigitaldeasturias.com\/magazine365\/brequette-jorge-gonzalez-la-dama-raul-y-ruth-lorenzo-optaran-a-eurovision\/#article","name":"Brequette, Jorge Gonz\u00e1lez, La Dama, Ra\u00fal y Ruth Lorenzo, optar\u00e1n a Eurovisi\u00f3n | El Digital de Asturias","headline":"Brequette, Jorge Gonz\u00e1lez, La Dama, Ra\u00fal y Ruth Lorenzo, optar\u00e1n a Eurovisi\u00f3n","author":{"@id":"https:\/\/eldigitaldeasturias.com\/magazine365\/author\/admin\/#author"},"publisher":{"@id":"https:\/\/eldigitaldeasturias.com\/magazine365\/#organization"},"image":{"@type":"ImageObject","url":"https:\/\/eldigitaldeasturias.com\/magazine365\/wp-content\/uploads\/2014\/01\/5863154w.jpg","width":700,"height":1107},"datePublished":"2014-01-20T22:54:44+01:00","dateModified":"2014-01-20T22:54:44+01:00","inLanguage":"es-ES","mainEntityOfPage":{"@id":"https:\/\/eldigitaldeasturias.com\/magazine365\/brequette-jorge-gonzalez-la-dama-raul-y-ruth-lorenzo-optaran-a-eurovision\/#webpage"},"isPartOf":{"@id":"https:\/\/eldigitaldeasturias.com\/magazine365\/brequette-jorge-gonzalez-la-dama-raul-y-ruth-lorenzo-optaran-a-eurovision\/#webpage"},"articleSection":"Noticias y Actualidad"},{"@type":"BreadcrumbList","@id":"https:\/\/eldigitaldeasturias.com\/magazine365\/brequette-jorge-gonzalez-la-dama-raul-y-ruth-lorenzo-optaran-a-eurovision\/#breadcrumblist","itemListElement":[{"@type":"ListItem","@id":"https:\/\/eldigitaldeasturias.com\/magazine365#listItem","position":1,"name":"Home","item":"https:\/\/eldigitaldeasturias.com\/magazine365","nextItem":{"@type":"ListItem","@id":"https:\/\/eldigitaldeasturias.com\/magazine365\/category\/noticias-actualidad\/#listItem","name":"Noticias y Actualidad"}},{"@type":"ListItem","@id":"https:\/\/eldigitaldeasturias.com\/magazine365\/category\/noticias-actualidad\/#listItem","position":2,"name":"Noticias y Actualidad","item":"https:\/\/eldigitaldeasturias.com\/magazine365\/category\/noticias-actualidad\/","nextItem":{"@type":"ListItem","@id":"https:\/\/eldigitaldeasturias.com\/magazine365\/brequette-jorge-gonzalez-la-dama-raul-y-ruth-lorenzo-optaran-a-eurovision\/#listItem","name":"Brequette, Jorge Gonz\u00e1lez, La Dama, Ra\u00fal y Ruth Lorenzo, optar\u00e1n a Eurovisi\u00f3n"},"previousItem":{"@type":"ListItem","@id":"https:\/\/eldigitaldeasturias.com\/magazine365#listItem","name":"Home"}},{"@type":"ListItem","@id":"https:\/\/eldigitaldeasturias.com\/magazine365\/brequette-jorge-gonzalez-la-dama-raul-y-ruth-lorenzo-optaran-a-eurovision\/#listItem","position":3,"name":"Brequette, Jorge Gonz\u00e1lez, La Dama, Ra\u00fal y Ruth Lorenzo, optar\u00e1n a Eurovisi\u00f3n","previousItem":{"@type":"ListItem","@id":"https:\/\/eldigitaldeasturias.com\/magazine365\/category\/noticias-actualidad\/#listItem","name":"Noticias y Actualidad"}}]},{"@type":"Organization","@id":"https:\/\/eldigitaldeasturias.com\/magazine365\/#organization","name":"El digital de Asturias","description":"Revista de ocio, turismo y estilo de vida","url":"https:\/\/eldigitaldeasturias.com\/magazine365\/","logo":{"@type":"ImageObject","url":"https:\/\/www.eldigitaldeasturias.com\/noticias\/wp-content\/uploads\/2020\/12\/EDA.jpg","@id":"https:\/\/eldigitaldeasturias.com\/magazine365\/brequette-jorge-gonzalez-la-dama-raul-y-ruth-lorenzo-optaran-a-eurovision\/#organizationLogo"},"image":{"@id":"https:\/\/eldigitaldeasturias.com\/magazine365\/brequette-jorge-gonzalez-la-dama-raul-y-ruth-lorenzo-optaran-a-eurovision\/#organizationLogo"}},{"@type":"Person","@id":"https:\/\/eldigitaldeasturias.com\/magazine365\/author\/admin\/#author","url":"https:\/\/eldigitaldeasturias.com\/magazine365\/author\/admin\/","name":"admin","image":{"@type":"ImageObject","@id":"https:\/\/eldigitaldeasturias.com\/magazine365\/brequette-jorge-gonzalez-la-dama-raul-y-ruth-lorenzo-optaran-a-eurovision\/#authorImage","url":"https:\/\/eldigitaldeasturias.com\/magazine365\/wp-content\/litespeed\/avatar\/e571bcf59a0edd6fa6838245a470f2fe.jpg?ver=1777574230","width":96,"height":96,"caption":"admin"}},{"@type":"WebPage","@id":"https:\/\/eldigitaldeasturias.com\/magazine365\/brequette-jorge-gonzalez-la-dama-raul-y-ruth-lorenzo-optaran-a-eurovision\/#webpage","url":"https:\/\/eldigitaldeasturias.com\/magazine365\/brequette-jorge-gonzalez-la-dama-raul-y-ruth-lorenzo-optaran-a-eurovision\/","name":"Brequette, Jorge Gonz\u00e1lez, La Dama, Ra\u00fal y Ruth Lorenzo, optar\u00e1n a Eurovisi\u00f3n | El Digital de Asturias","description":"Madrid, 20 ene (EFE).- Brequette, Jorge Gonz\u00e1lez, La Dama, Ra\u00fal y Ruth Lorenzo es el quinteto de artistas que luchar\u00e1n para representar a Espa\u00f1a en el pr\u00f3ximo Festival de Eurovisi\u00f3n 2014 y para el que Televisi\u00f3n Espa\u00f1ola ha vuelto a cambiar el sistema de elecci\u00f3n que combinar\u00e1 la votaci\u00f3n popular y un jurado profesional. El","inLanguage":"es-ES","isPartOf":{"@id":"https:\/\/eldigitaldeasturias.com\/magazine365\/#website"},"breadcrumb":{"@id":"https:\/\/eldigitaldeasturias.com\/magazine365\/brequette-jorge-gonzalez-la-dama-raul-y-ruth-lorenzo-optaran-a-eurovision\/#breadcrumblist"},"author":{"@id":"https:\/\/eldigitaldeasturias.com\/magazine365\/author\/admin\/#author"},"creator":{"@id":"https:\/\/eldigitaldeasturias.com\/magazine365\/author\/admin\/#author"},"image":{"@type":"ImageObject","url":"https:\/\/eldigitaldeasturias.com\/magazine365\/wp-content\/uploads\/2014\/01\/5863154w.jpg","@id":"https:\/\/eldigitaldeasturias.com\/magazine365\/brequette-jorge-gonzalez-la-dama-raul-y-ruth-lorenzo-optaran-a-eurovision\/#mainImage","width":700,"height":1107},"primaryImageOfPage":{"@id":"https:\/\/eldigitaldeasturias.com\/magazine365\/brequette-jorge-gonzalez-la-dama-raul-y-ruth-lorenzo-optaran-a-eurovision\/#mainImage"},"datePublished":"2014-01-20T22:54:44+01:00","dateModified":"2014-01-20T22:54:44+01:00"},{"@type":"WebSite","@id":"https:\/\/eldigitaldeasturias.com\/magazine365\/#website","url":"https:\/\/eldigitaldeasturias.com\/magazine365\/","name":"El Digital de Asturias","description":"Revista de ocio, turismo y estilo de vida","inLanguage":"es-ES","publisher":{"@id":"https:\/\/eldigitaldeasturias.com\/magazine365\/#organization"}}]},"og:locale":"es_ES","og:site_name":"El Digital de Asturias \u2013 Revista de ocio, turismo y estilo de vida","og:type":"article","og:title":"Brequette, Jorge Gonz\u00e1lez, La Dama, Ra\u00fal y Ruth Lorenzo, optar\u00e1n a Eurovisi\u00f3n | El Digital de Asturias","og:description":"Madrid, 20 ene (EFE).- Brequette, Jorge Gonz\u00e1lez, La Dama, Ra\u00fal y Ruth Lorenzo es el quinteto de artistas que luchar\u00e1n para representar a Espa\u00f1a en el pr\u00f3ximo Festival de Eurovisi\u00f3n 2014 y para el que Televisi\u00f3n Espa\u00f1ola ha vuelto a cambiar el sistema de elecci\u00f3n que combinar\u00e1 la votaci\u00f3n popular y un jurado profesional. El","og:url":"https:\/\/eldigitaldeasturias.com\/magazine365\/brequette-jorge-gonzalez-la-dama-raul-y-ruth-lorenzo-optaran-a-eurovision\/","og:image":"https:\/\/eldigitaldeasturias.com\/magazine365\/wp-content\/uploads\/2014\/01\/5863154w.jpg","og:image:secure_url":"https:\/\/eldigitaldeasturias.com\/magazine365\/wp-content\/uploads\/2014\/01\/5863154w.jpg","og:image:width":700,"og:image:height":1107,"article:published_time":"2014-01-20T23:54:44+00:00","article:modified_time":"2014-01-20T23:54:44+00:00","twitter:card":"summary_large_image","twitter:title":"Brequette, Jorge Gonz\u00e1lez, La Dama, Ra\u00fal y Ruth Lorenzo, optar\u00e1n a Eurovisi\u00f3n | El Digital de Asturias","twitter:description":"Madrid, 20 ene (EFE).- Brequette, Jorge Gonz\u00e1lez, La Dama, Ra\u00fal y Ruth Lorenzo es el quinteto de artistas que luchar\u00e1n para representar a Espa\u00f1a en el pr\u00f3ximo Festival de Eurovisi\u00f3n 2014 y para el que Televisi\u00f3n Espa\u00f1ola ha vuelto a cambiar el sistema de elecci\u00f3n que combinar\u00e1 la votaci\u00f3n popular y un jurado profesional. El","twitter:image":"https:\/\/eldigitaldeasturias.com\/magazine365\/wp-content\/uploads\/2014\/01\/5863154w.jpg"},"aioseo_meta_data":{"post_id":"1534","title":null,"description":null,"keywords":null,"keyphrases":null,"primary_term":null,"canonical_url":null,"og_title":null,"og_description":null,"og_object_type":"default","og_image_type":"default","og_image_url":null,"og_image_width":null,"og_image_height":null,"og_image_custom_url":null,"og_image_custom_fields":null,"og_video":null,"og_custom_url":null,"og_article_section":null,"og_article_tags":null,"twitter_use_og":false,"twitter_card":"default","twitter_image_type":"default","twitter_image_url":null,"twitter_image_custom_url":null,"twitter_image_custom_fields":null,"twitter_title":null,"twitter_description":null,"schema":{"blockGraphs":[],"customGraphs":[],"default":{"data":{"Article":[],"Course":[],"Dataset":[],"FAQPage":[],"Movie":[],"Person":[],"Product":[],"ProductReview":[],"Car":[],"Recipe":[],"Service":[],"SoftwareApplication":[],"WebPage":[]},"graphName":"","isEnabled":true},"graphs":[],"defaultGraph":"","defaultPostTypeGraph":""},"schema_type":null,"schema_type_options":null,"pillar_content":false,"robots_default":true,"robots_noindex":false,"robots_noarchive":false,"robots_nosnippet":false,"robots_nofollow":false,"robots_noimageindex":false,"robots_noodp":false,"robots_notranslate":false,"robots_max_snippet":null,"robots_max_videopreview":null,"robots_max_imagepreview":"large","priority":null,"frequency":null,"location":null,"local_seo":null,"seo_analyzer_scan_date":"2025-09-16 09:31:35","breadcrumb_settings":null,"limit_modified_date":false,"open_ai":null,"ai":null,"created":"2020-12-21 13:39:29","updated":"2025-09-16 09:31:35"},"aioseo_breadcrumb":"<div class=\"aioseo-breadcrumbs\"><span class=\"aioseo-breadcrumb\">\n\t<a href=\"https:\/\/eldigitaldeasturias.com\/magazine365\" title=\"Home\">Home<\/a>\n<\/span><span class=\"aioseo-breadcrumb-separator\">\u2013<\/span><span class=\"aioseo-breadcrumb\">\n\t<a href=\"https:\/\/eldigitaldeasturias.com\/magazine365\/category\/noticias-actualidad\/\" title=\"Noticias y Actualidad\">Noticias y Actualidad<\/a>\n<\/span><span class=\"aioseo-breadcrumb-separator\">\u2013<\/span><span class=\"aioseo-breadcrumb\">\n\t<a href=\"https:\/\/eldigitaldeasturias.com\/magazine365\/brequette-jorge-gonzalez-la-dama-raul-y-ruth-lorenzo-optaran-a-eurovision\/\" title=\"Brequette, Jorge Gonz\u00e1lez, La Dama, Ra\u00fal y Ruth Lorenzo, optar\u00e1n a Eurovisi\u00f3n\">Brequette, Jorge Gonz\u00e1lez, La Dama, Ra\u00fal y Ruth Lorenzo, optar\u00e1n a Eurovisi\u00f3n<\/a>\n<\/span><\/div>","aioseo_breadcrumb_json":[{"label":"Home","link":"https:\/\/eldigitaldeasturias.com\/magazine365"},{"label":"Noticias y Actualidad","link":"https:\/\/eldigitaldeasturias.com\/magazine365\/category\/noticias-actualidad\/"},{"label":"Brequette, Jorge Gonz\u00e1lez, La Dama, Ra\u00fal y Ruth Lorenzo, optar\u00e1n a Eurovisi\u00f3n","link":"https:\/\/eldigitaldeasturias.com\/magazine365\/brequette-jorge-gonzalez-la-dama-raul-y-ruth-lorenzo-optaran-a-eurovision\/"}],"_links":{"self":[{"href":"https:\/\/eldigitaldeasturias.com\/magazine365\/wp-json\/wp\/v2\/posts\/1534","targetHints":{"allow":["GET"]}}],"collection":[{"href":"https:\/\/eldigitaldeasturias.com\/magazine365\/wp-json\/wp\/v2\/posts"}],"about":[{"href":"https:\/\/eldigitaldeasturias.com\/magazine365\/wp-json\/wp\/v2\/types\/post"}],"author":[{"embeddable":true,"href":"https:\/\/eldigitaldeasturias.com\/magazine365\/wp-json\/wp\/v2\/users\/1"}],"replies":[{"embeddable":true,"href":"https:\/\/eldigitaldeasturias.com\/magazine365\/wp-json\/wp\/v2\/comments?post=1534"}],"version-history":[{"count":0,"href":"https:\/\/eldigitaldeasturias.com\/magazine365\/wp-json\/wp\/v2\/posts\/1534\/revisions"}],"wp:featuredmedia":[{"embeddable":true,"href":"https:\/\/eldigitaldeasturias.com\/magazine365\/wp-json\/wp\/v2\/media\/1535"}],"wp:attachment":[{"href":"https:\/\/eldigitaldeasturias.com\/magazine365\/wp-json\/wp\/v2\/media?parent=1534"}],"wp:term":[{"taxonomy":"category","embeddable":true,"href":"https:\/\/eldigitaldeasturias.com\/magazine365\/wp-json\/wp\/v2\/categories?post=1534"},{"taxonomy":"post_tag","embeddable":true,"href":"https:\/\/eldigitaldeasturias.com\/magazine365\/wp-json\/wp\/v2\/tags?post=1534"}],"curies":[{"name":"wp","href":"https:\/\/api.w.org\/{rel}","templated":true}]}}