{"id":1531,"date":"2014-01-20T22:53:16","date_gmt":"2014-01-20T23:53:16","guid":{"rendered":"http:\/\/eldigitaldeasturias.com\/magazine365\/?p=1531"},"modified":"2014-01-20T22:53:16","modified_gmt":"2014-01-20T23:53:16","slug":"las-lluvias-evidencian-los-graves-problemas-de-la-catedral-de-santiago","status":"publish","type":"post","link":"https:\/\/eldigitaldeasturias.com\/magazine365\/las-lluvias-evidencian-los-graves-problemas-de-la-catedral-de-santiago\/","title":{"rendered":"Las lluvias evidencian los graves problemas de la Catedral de Santiago"},"content":{"rendered":"<p><img fetchpriority=\"high\" decoding=\"async\" class=\"alignleft size-medium wp-image-1532\" alt=\"5863097w\" src=\"https:\/\/eldigitaldeasturias.com\/magazine365\/wp-content\/uploads\/2014\/01\/5863097w-360x243.jpg\" width=\"360\" height=\"243\" srcset=\"https:\/\/eldigitaldeasturias.com\/magazine365\/wp-content\/uploads\/2014\/01\/5863097w-360x243.jpg 360w, https:\/\/eldigitaldeasturias.com\/magazine365\/wp-content\/uploads\/2014\/01\/5863097w-650x439.jpg 650w, https:\/\/eldigitaldeasturias.com\/magazine365\/wp-content\/uploads\/2014\/01\/5863097w-768x518.jpg 768w, https:\/\/eldigitaldeasturias.com\/magazine365\/wp-content\/uploads\/2014\/01\/5863097w-150x101.jpg 150w, https:\/\/eldigitaldeasturias.com\/magazine365\/wp-content\/uploads\/2014\/01\/5863097w-450x304.jpg 450w, https:\/\/eldigitaldeasturias.com\/magazine365\/wp-content\/uploads\/2014\/01\/5863097w-696x470.jpg 696w, https:\/\/eldigitaldeasturias.com\/magazine365\/wp-content\/uploads\/2014\/01\/5863097w-622x420.jpg 622w, https:\/\/eldigitaldeasturias.com\/magazine365\/wp-content\/uploads\/2014\/01\/5863097w.jpg 800w\" sizes=\"(max-width: 360px) 100vw, 360px\" \/>Santiago de Compostela, 20 ene (EFE).- Las persistentes lluvias que en los \u00faltimos d\u00edas han ca\u00eddo sobre Santiago de Compostela han puesto de manifiesto los problemas estructurales de la catedral, que ha empezado a \u00abchorrear\u00bb agua en partes importantes del edificio.<\/p>\n<p>El director de la Fundaci\u00f3n Catedral de Santiago, Daniel Lorenzo, ha dicho en declaraciones a Efe que no por ser algo que ya se conoc\u00eda el problema es menos grave.<\/p>\n<p>\u00abEra algo que ya se conoc\u00eda; las fragilidades del inmueble se hacen m\u00e1s notables cada d\u00eda que pasa, y con agua y viento todav\u00eda se hacen m\u00e1s evidentes\u00bb, ha afirmado.<\/p>\n<p>En estos momentos en algunas partes del templo catedralicio, algunas muy destacadas desde el punto de vista hist\u00f3rico, se ven los cubos colocados debajo de las goteras para evitar que el suelo se encharque.<\/p>\n<p>Tambi\u00e9n desde el exterior del templo se puede ver una lona azul que cubre parte de la cubierta sobre la capilla del Pilar.<\/p>\n<p>Lorenzo ha comentado a Efe que los t\u00e9cnicos que actualmente trabajan en la torre norte de la catedral explican que cuando se abren las juntas entre los sillares \u00abbrota agua\u00bb.<\/p>\n<p>\u00abEst\u00e1 todo encharcado\u00bb, ha indicado Lorenzo.<\/p>\n<p>Una de las partes importantes del templo por donde est\u00e1n entrando importantes cantidades de agua estos d\u00edas es el cimborrio, \u00abpero en las capillas tambi\u00e9n tenemos ese problema\u00bb.<\/p>\n<p>Pero tambi\u00e9n la capilla del Cristo de Burgos o la de la Comuni\u00f3n sufren estos d\u00edas las persistentes y, por momentos, intensas lluvias que caen sobre Santiago, lo mismo que las terrazas del claustro y que, seg\u00fan el director de la Fundaci\u00f3n Catedral, \u00abest\u00e1 afectando a la propia estructura de la piedra\u00bb.<\/p>\n<p>Lorenzo ha explicado que todas las cubiertas del templo necesitar\u00edan \u00abuna intervenci\u00f3n muy potente\u00bb, como se recoge en el plan director del inmueble.<\/p>\n<p>\u00abLos encuentros de las distintas fases constructivas del templo y las propias cubiertas necesitar\u00edan una intervenci\u00f3n integral. Este es un edificio muy complicado\u00bb, ha concluido.<\/p>\n","protected":false},"excerpt":{"rendered":"<p>Santiago de Compostela, 20 ene (EFE).- Las persistentes lluvias que en los \u00faltimos d\u00edas han ca\u00eddo sobre Santiago de Compostela han puesto de manifiesto los problemas estructurales de la catedral, que ha empezado a \u00abchorrear\u00bb agua en partes importantes del edificio. El director de la Fundaci\u00f3n Catedral de Santiago, Daniel Lorenzo, ha dicho en declaraciones<\/p>\n","protected":false},"author":1,"featured_media":1532,"comment_status":"open","ping_status":"open","sticky":false,"template":"","format":"standard","meta":{"footnotes":""},"categories":[224],"tags":[],"class_list":{"0":"post-1531","1":"post","2":"type-post","3":"status-publish","4":"format-standard","5":"has-post-thumbnail","7":"category-noticias-actualidad"},"aioseo_notices":[],"aioseo_head":"\n\t\t<!-- All in One SEO Pro 4.9.6.1 - aioseo.com -->\n\t<meta name=\"description\" content=\"Santiago de Compostela, 20 ene (EFE).- Las persistentes lluvias que en los \u00faltimos d\u00edas han ca\u00eddo sobre Santiago de Compostela han puesto de manifiesto los problemas estructurales de la catedral, que ha empezado a &quot;chorrear&quot; agua en partes importantes del edificio. El director de la Fundaci\u00f3n Catedral de Santiago, Daniel Lorenzo, ha dicho en declaraciones\" \/>\n\t<meta name=\"robots\" content=\"max-image-preview:large\" \/>\n\t<meta name=\"author\" content=\"admin\"\/>\n\t<meta name=\"google-site-verification\" content=\"UA-38556648-1\" \/>\n\t<meta name=\"keywords\" content=\"noticias y actualidad\" \/>\n\t<link rel=\"canonical\" href=\"https:\/\/eldigitaldeasturias.com\/magazine365\/las-lluvias-evidencian-los-graves-problemas-de-la-catedral-de-santiago\/\" \/>\n\t<meta name=\"generator\" content=\"All in One SEO Pro (AIOSEO) 4.9.6.1\" \/>\n\t\t<meta property=\"og:locale\" content=\"es_ES\" \/>\n\t\t<meta property=\"og:site_name\" content=\"El Digital de Asturias \u2013 Revista de ocio, turismo y estilo de vida\" \/>\n\t\t<meta property=\"og:type\" content=\"article\" \/>\n\t\t<meta property=\"og:title\" content=\"Las lluvias evidencian los graves problemas de la Catedral de Santiago | El Digital de Asturias\" \/>\n\t\t<meta property=\"og:description\" content=\"Santiago de Compostela, 20 ene (EFE).- Las persistentes lluvias que en los \u00faltimos d\u00edas han ca\u00eddo sobre Santiago de Compostela han puesto de manifiesto los problemas estructurales de la catedral, que ha empezado a &quot;chorrear&quot; agua en partes importantes del edificio. El director de la Fundaci\u00f3n Catedral de Santiago, Daniel Lorenzo, ha dicho en declaraciones\" \/>\n\t\t<meta property=\"og:url\" content=\"https:\/\/eldigitaldeasturias.com\/magazine365\/las-lluvias-evidencian-los-graves-problemas-de-la-catedral-de-santiago\/\" \/>\n\t\t<meta property=\"og:image\" content=\"https:\/\/eldigitaldeasturias.com\/magazine365\/wp-content\/uploads\/2014\/01\/5863097w.jpg\" \/>\n\t\t<meta property=\"og:image:secure_url\" content=\"https:\/\/eldigitaldeasturias.com\/magazine365\/wp-content\/uploads\/2014\/01\/5863097w.jpg\" \/>\n\t\t<meta property=\"og:image:width\" content=\"800\" \/>\n\t\t<meta property=\"og:image:height\" content=\"540\" \/>\n\t\t<meta property=\"article:published_time\" content=\"2014-01-20T23:53:16+00:00\" \/>\n\t\t<meta property=\"article:modified_time\" content=\"2014-01-20T23:53:16+00:00\" \/>\n\t\t<meta name=\"twitter:card\" content=\"summary_large_image\" \/>\n\t\t<meta name=\"twitter:title\" content=\"Las lluvias evidencian los graves problemas de la Catedral de Santiago | El Digital de Asturias\" \/>\n\t\t<meta name=\"twitter:description\" content=\"Santiago de Compostela, 20 ene (EFE).- Las persistentes lluvias que en los \u00faltimos d\u00edas han ca\u00eddo sobre Santiago de Compostela han puesto de manifiesto los problemas estructurales de la catedral, que ha empezado a &quot;chorrear&quot; agua en partes importantes del edificio. El director de la Fundaci\u00f3n Catedral de Santiago, Daniel Lorenzo, ha dicho en declaraciones\" \/>\n\t\t<meta name=\"twitter:image\" content=\"https:\/\/eldigitaldeasturias.com\/magazine365\/wp-content\/uploads\/2014\/01\/5863097w.jpg\" \/>\n\t\t<script type=\"application\/ld+json\" class=\"aioseo-schema\">\n\t\t\t{\"@context\":\"https:\\\/\\\/schema.org\",\"@graph\":[{\"@type\":\"Article\",\"@id\":\"https:\\\/\\\/eldigitaldeasturias.com\\\/magazine365\\\/las-lluvias-evidencian-los-graves-problemas-de-la-catedral-de-santiago\\\/#article\",\"name\":\"Las lluvias evidencian los graves problemas de la Catedral de Santiago | El Digital de Asturias\",\"headline\":\"Las lluvias evidencian los graves problemas de la Catedral de Santiago\",\"author\":{\"@id\":\"https:\\\/\\\/eldigitaldeasturias.com\\\/magazine365\\\/author\\\/admin\\\/#author\"},\"publisher\":{\"@id\":\"https:\\\/\\\/eldigitaldeasturias.com\\\/magazine365\\\/#organization\"},\"image\":{\"@type\":\"ImageObject\",\"url\":\"https:\\\/\\\/eldigitaldeasturias.com\\\/magazine365\\\/wp-content\\\/uploads\\\/2014\\\/01\\\/5863097w.jpg\",\"width\":800,\"height\":540},\"datePublished\":\"2014-01-20T22:53:16+01:00\",\"dateModified\":\"2014-01-20T22:53:16+01:00\",\"inLanguage\":\"es-ES\",\"mainEntityOfPage\":{\"@id\":\"https:\\\/\\\/eldigitaldeasturias.com\\\/magazine365\\\/las-lluvias-evidencian-los-graves-problemas-de-la-catedral-de-santiago\\\/#webpage\"},\"isPartOf\":{\"@id\":\"https:\\\/\\\/eldigitaldeasturias.com\\\/magazine365\\\/las-lluvias-evidencian-los-graves-problemas-de-la-catedral-de-santiago\\\/#webpage\"},\"articleSection\":\"Noticias y Actualidad\"},{\"@type\":\"BreadcrumbList\",\"@id\":\"https:\\\/\\\/eldigitaldeasturias.com\\\/magazine365\\\/las-lluvias-evidencian-los-graves-problemas-de-la-catedral-de-santiago\\\/#breadcrumblist\",\"itemListElement\":[{\"@type\":\"ListItem\",\"@id\":\"https:\\\/\\\/eldigitaldeasturias.com\\\/magazine365#listItem\",\"position\":1,\"name\":\"Home\",\"item\":\"https:\\\/\\\/eldigitaldeasturias.com\\\/magazine365\",\"nextItem\":{\"@type\":\"ListItem\",\"@id\":\"https:\\\/\\\/eldigitaldeasturias.com\\\/magazine365\\\/category\\\/noticias-actualidad\\\/#listItem\",\"name\":\"Noticias y Actualidad\"}},{\"@type\":\"ListItem\",\"@id\":\"https:\\\/\\\/eldigitaldeasturias.com\\\/magazine365\\\/category\\\/noticias-actualidad\\\/#listItem\",\"position\":2,\"name\":\"Noticias y Actualidad\",\"item\":\"https:\\\/\\\/eldigitaldeasturias.com\\\/magazine365\\\/category\\\/noticias-actualidad\\\/\",\"nextItem\":{\"@type\":\"ListItem\",\"@id\":\"https:\\\/\\\/eldigitaldeasturias.com\\\/magazine365\\\/las-lluvias-evidencian-los-graves-problemas-de-la-catedral-de-santiago\\\/#listItem\",\"name\":\"Las lluvias evidencian los graves problemas de la Catedral de Santiago\"},\"previousItem\":{\"@type\":\"ListItem\",\"@id\":\"https:\\\/\\\/eldigitaldeasturias.com\\\/magazine365#listItem\",\"name\":\"Home\"}},{\"@type\":\"ListItem\",\"@id\":\"https:\\\/\\\/eldigitaldeasturias.com\\\/magazine365\\\/las-lluvias-evidencian-los-graves-problemas-de-la-catedral-de-santiago\\\/#listItem\",\"position\":3,\"name\":\"Las lluvias evidencian los graves problemas de la Catedral de Santiago\",\"previousItem\":{\"@type\":\"ListItem\",\"@id\":\"https:\\\/\\\/eldigitaldeasturias.com\\\/magazine365\\\/category\\\/noticias-actualidad\\\/#listItem\",\"name\":\"Noticias y Actualidad\"}}]},{\"@type\":\"Organization\",\"@id\":\"https:\\\/\\\/eldigitaldeasturias.com\\\/magazine365\\\/#organization\",\"name\":\"El digital de Asturias\",\"description\":\"Revista de ocio, turismo y estilo de vida\",\"url\":\"https:\\\/\\\/eldigitaldeasturias.com\\\/magazine365\\\/\",\"logo\":{\"@type\":\"ImageObject\",\"url\":\"https:\\\/\\\/www.eldigitaldeasturias.com\\\/noticias\\\/wp-content\\\/uploads\\\/2020\\\/12\\\/EDA.jpg\",\"@id\":\"https:\\\/\\\/eldigitaldeasturias.com\\\/magazine365\\\/las-lluvias-evidencian-los-graves-problemas-de-la-catedral-de-santiago\\\/#organizationLogo\"},\"image\":{\"@id\":\"https:\\\/\\\/eldigitaldeasturias.com\\\/magazine365\\\/las-lluvias-evidencian-los-graves-problemas-de-la-catedral-de-santiago\\\/#organizationLogo\"}},{\"@type\":\"Person\",\"@id\":\"https:\\\/\\\/eldigitaldeasturias.com\\\/magazine365\\\/author\\\/admin\\\/#author\",\"url\":\"https:\\\/\\\/eldigitaldeasturias.com\\\/magazine365\\\/author\\\/admin\\\/\",\"name\":\"admin\",\"image\":{\"@type\":\"ImageObject\",\"@id\":\"https:\\\/\\\/eldigitaldeasturias.com\\\/magazine365\\\/las-lluvias-evidencian-los-graves-problemas-de-la-catedral-de-santiago\\\/#authorImage\",\"url\":\"https:\\\/\\\/eldigitaldeasturias.com\\\/magazine365\\\/wp-content\\\/litespeed\\\/avatar\\\/e571bcf59a0edd6fa6838245a470f2fe.jpg?ver=1777574230\",\"width\":96,\"height\":96,\"caption\":\"admin\"}},{\"@type\":\"WebPage\",\"@id\":\"https:\\\/\\\/eldigitaldeasturias.com\\\/magazine365\\\/las-lluvias-evidencian-los-graves-problemas-de-la-catedral-de-santiago\\\/#webpage\",\"url\":\"https:\\\/\\\/eldigitaldeasturias.com\\\/magazine365\\\/las-lluvias-evidencian-los-graves-problemas-de-la-catedral-de-santiago\\\/\",\"name\":\"Las lluvias evidencian los graves problemas de la Catedral de Santiago | El Digital de Asturias\",\"description\":\"Santiago de Compostela, 20 ene (EFE).- Las persistentes lluvias que en los \\u00faltimos d\\u00edas han ca\\u00eddo sobre Santiago de Compostela han puesto de manifiesto los problemas estructurales de la catedral, que ha empezado a \\\"chorrear\\\" agua en partes importantes del edificio. El director de la Fundaci\\u00f3n Catedral de Santiago, Daniel Lorenzo, ha dicho en declaraciones\",\"inLanguage\":\"es-ES\",\"isPartOf\":{\"@id\":\"https:\\\/\\\/eldigitaldeasturias.com\\\/magazine365\\\/#website\"},\"breadcrumb\":{\"@id\":\"https:\\\/\\\/eldigitaldeasturias.com\\\/magazine365\\\/las-lluvias-evidencian-los-graves-problemas-de-la-catedral-de-santiago\\\/#breadcrumblist\"},\"author\":{\"@id\":\"https:\\\/\\\/eldigitaldeasturias.com\\\/magazine365\\\/author\\\/admin\\\/#author\"},\"creator\":{\"@id\":\"https:\\\/\\\/eldigitaldeasturias.com\\\/magazine365\\\/author\\\/admin\\\/#author\"},\"image\":{\"@type\":\"ImageObject\",\"url\":\"https:\\\/\\\/eldigitaldeasturias.com\\\/magazine365\\\/wp-content\\\/uploads\\\/2014\\\/01\\\/5863097w.jpg\",\"@id\":\"https:\\\/\\\/eldigitaldeasturias.com\\\/magazine365\\\/las-lluvias-evidencian-los-graves-problemas-de-la-catedral-de-santiago\\\/#mainImage\",\"width\":800,\"height\":540},\"primaryImageOfPage\":{\"@id\":\"https:\\\/\\\/eldigitaldeasturias.com\\\/magazine365\\\/las-lluvias-evidencian-los-graves-problemas-de-la-catedral-de-santiago\\\/#mainImage\"},\"datePublished\":\"2014-01-20T22:53:16+01:00\",\"dateModified\":\"2014-01-20T22:53:16+01:00\"},{\"@type\":\"WebSite\",\"@id\":\"https:\\\/\\\/eldigitaldeasturias.com\\\/magazine365\\\/#website\",\"url\":\"https:\\\/\\\/eldigitaldeasturias.com\\\/magazine365\\\/\",\"name\":\"El Digital de Asturias\",\"description\":\"Revista de ocio, turismo y estilo de vida\",\"inLanguage\":\"es-ES\",\"publisher\":{\"@id\":\"https:\\\/\\\/eldigitaldeasturias.com\\\/magazine365\\\/#organization\"}}]}\n\t\t<\/script>\n\t\t<!-- All in One SEO Pro -->\r\n\t\t<title>Las lluvias evidencian los graves problemas de la Catedral de Santiago | El Digital de Asturias<\/title>\n\n","aioseo_head_json":{"title":"Las lluvias evidencian los graves problemas de la Catedral de Santiago | El Digital de Asturias","description":"Santiago de Compostela, 20 ene (EFE).- Las persistentes lluvias que en los \u00faltimos d\u00edas han ca\u00eddo sobre Santiago de Compostela han puesto de manifiesto los problemas estructurales de la catedral, que ha empezado a \"chorrear\" agua en partes importantes del edificio. El director de la Fundaci\u00f3n Catedral de Santiago, Daniel Lorenzo, ha dicho en declaraciones","canonical_url":"https:\/\/eldigitaldeasturias.com\/magazine365\/las-lluvias-evidencian-los-graves-problemas-de-la-catedral-de-santiago\/","robots":"max-image-preview:large","keywords":"noticias y actualidad","webmasterTools":{"google-site-verification":"UA-38556648-1","miscellaneous":""},"schema":{"@context":"https:\/\/schema.org","@graph":[{"@type":"Article","@id":"https:\/\/eldigitaldeasturias.com\/magazine365\/las-lluvias-evidencian-los-graves-problemas-de-la-catedral-de-santiago\/#article","name":"Las lluvias evidencian los graves problemas de la Catedral de Santiago | El Digital de Asturias","headline":"Las lluvias evidencian los graves problemas de la Catedral de Santiago","author":{"@id":"https:\/\/eldigitaldeasturias.com\/magazine365\/author\/admin\/#author"},"publisher":{"@id":"https:\/\/eldigitaldeasturias.com\/magazine365\/#organization"},"image":{"@type":"ImageObject","url":"https:\/\/eldigitaldeasturias.com\/magazine365\/wp-content\/uploads\/2014\/01\/5863097w.jpg","width":800,"height":540},"datePublished":"2014-01-20T22:53:16+01:00","dateModified":"2014-01-20T22:53:16+01:00","inLanguage":"es-ES","mainEntityOfPage":{"@id":"https:\/\/eldigitaldeasturias.com\/magazine365\/las-lluvias-evidencian-los-graves-problemas-de-la-catedral-de-santiago\/#webpage"},"isPartOf":{"@id":"https:\/\/eldigitaldeasturias.com\/magazine365\/las-lluvias-evidencian-los-graves-problemas-de-la-catedral-de-santiago\/#webpage"},"articleSection":"Noticias y Actualidad"},{"@type":"BreadcrumbList","@id":"https:\/\/eldigitaldeasturias.com\/magazine365\/las-lluvias-evidencian-los-graves-problemas-de-la-catedral-de-santiago\/#breadcrumblist","itemListElement":[{"@type":"ListItem","@id":"https:\/\/eldigitaldeasturias.com\/magazine365#listItem","position":1,"name":"Home","item":"https:\/\/eldigitaldeasturias.com\/magazine365","nextItem":{"@type":"ListItem","@id":"https:\/\/eldigitaldeasturias.com\/magazine365\/category\/noticias-actualidad\/#listItem","name":"Noticias y Actualidad"}},{"@type":"ListItem","@id":"https:\/\/eldigitaldeasturias.com\/magazine365\/category\/noticias-actualidad\/#listItem","position":2,"name":"Noticias y Actualidad","item":"https:\/\/eldigitaldeasturias.com\/magazine365\/category\/noticias-actualidad\/","nextItem":{"@type":"ListItem","@id":"https:\/\/eldigitaldeasturias.com\/magazine365\/las-lluvias-evidencian-los-graves-problemas-de-la-catedral-de-santiago\/#listItem","name":"Las lluvias evidencian los graves problemas de la Catedral de Santiago"},"previousItem":{"@type":"ListItem","@id":"https:\/\/eldigitaldeasturias.com\/magazine365#listItem","name":"Home"}},{"@type":"ListItem","@id":"https:\/\/eldigitaldeasturias.com\/magazine365\/las-lluvias-evidencian-los-graves-problemas-de-la-catedral-de-santiago\/#listItem","position":3,"name":"Las lluvias evidencian los graves problemas de la Catedral de Santiago","previousItem":{"@type":"ListItem","@id":"https:\/\/eldigitaldeasturias.com\/magazine365\/category\/noticias-actualidad\/#listItem","name":"Noticias y Actualidad"}}]},{"@type":"Organization","@id":"https:\/\/eldigitaldeasturias.com\/magazine365\/#organization","name":"El digital de Asturias","description":"Revista de ocio, turismo y estilo de vida","url":"https:\/\/eldigitaldeasturias.com\/magazine365\/","logo":{"@type":"ImageObject","url":"https:\/\/www.eldigitaldeasturias.com\/noticias\/wp-content\/uploads\/2020\/12\/EDA.jpg","@id":"https:\/\/eldigitaldeasturias.com\/magazine365\/las-lluvias-evidencian-los-graves-problemas-de-la-catedral-de-santiago\/#organizationLogo"},"image":{"@id":"https:\/\/eldigitaldeasturias.com\/magazine365\/las-lluvias-evidencian-los-graves-problemas-de-la-catedral-de-santiago\/#organizationLogo"}},{"@type":"Person","@id":"https:\/\/eldigitaldeasturias.com\/magazine365\/author\/admin\/#author","url":"https:\/\/eldigitaldeasturias.com\/magazine365\/author\/admin\/","name":"admin","image":{"@type":"ImageObject","@id":"https:\/\/eldigitaldeasturias.com\/magazine365\/las-lluvias-evidencian-los-graves-problemas-de-la-catedral-de-santiago\/#authorImage","url":"https:\/\/eldigitaldeasturias.com\/magazine365\/wp-content\/litespeed\/avatar\/e571bcf59a0edd6fa6838245a470f2fe.jpg?ver=1777574230","width":96,"height":96,"caption":"admin"}},{"@type":"WebPage","@id":"https:\/\/eldigitaldeasturias.com\/magazine365\/las-lluvias-evidencian-los-graves-problemas-de-la-catedral-de-santiago\/#webpage","url":"https:\/\/eldigitaldeasturias.com\/magazine365\/las-lluvias-evidencian-los-graves-problemas-de-la-catedral-de-santiago\/","name":"Las lluvias evidencian los graves problemas de la Catedral de Santiago | El Digital de Asturias","description":"Santiago de Compostela, 20 ene (EFE).- Las persistentes lluvias que en los \u00faltimos d\u00edas han ca\u00eddo sobre Santiago de Compostela han puesto de manifiesto los problemas estructurales de la catedral, que ha empezado a \"chorrear\" agua en partes importantes del edificio. El director de la Fundaci\u00f3n Catedral de Santiago, Daniel Lorenzo, ha dicho en declaraciones","inLanguage":"es-ES","isPartOf":{"@id":"https:\/\/eldigitaldeasturias.com\/magazine365\/#website"},"breadcrumb":{"@id":"https:\/\/eldigitaldeasturias.com\/magazine365\/las-lluvias-evidencian-los-graves-problemas-de-la-catedral-de-santiago\/#breadcrumblist"},"author":{"@id":"https:\/\/eldigitaldeasturias.com\/magazine365\/author\/admin\/#author"},"creator":{"@id":"https:\/\/eldigitaldeasturias.com\/magazine365\/author\/admin\/#author"},"image":{"@type":"ImageObject","url":"https:\/\/eldigitaldeasturias.com\/magazine365\/wp-content\/uploads\/2014\/01\/5863097w.jpg","@id":"https:\/\/eldigitaldeasturias.com\/magazine365\/las-lluvias-evidencian-los-graves-problemas-de-la-catedral-de-santiago\/#mainImage","width":800,"height":540},"primaryImageOfPage":{"@id":"https:\/\/eldigitaldeasturias.com\/magazine365\/las-lluvias-evidencian-los-graves-problemas-de-la-catedral-de-santiago\/#mainImage"},"datePublished":"2014-01-20T22:53:16+01:00","dateModified":"2014-01-20T22:53:16+01:00"},{"@type":"WebSite","@id":"https:\/\/eldigitaldeasturias.com\/magazine365\/#website","url":"https:\/\/eldigitaldeasturias.com\/magazine365\/","name":"El Digital de Asturias","description":"Revista de ocio, turismo y estilo de vida","inLanguage":"es-ES","publisher":{"@id":"https:\/\/eldigitaldeasturias.com\/magazine365\/#organization"}}]},"og:locale":"es_ES","og:site_name":"El Digital de Asturias \u2013 Revista de ocio, turismo y estilo de vida","og:type":"article","og:title":"Las lluvias evidencian los graves problemas de la Catedral de Santiago | El Digital de Asturias","og:description":"Santiago de Compostela, 20 ene (EFE).- Las persistentes lluvias que en los \u00faltimos d\u00edas han ca\u00eddo sobre Santiago de Compostela han puesto de manifiesto los problemas estructurales de la catedral, que ha empezado a &quot;chorrear&quot; agua en partes importantes del edificio. El director de la Fundaci\u00f3n Catedral de Santiago, Daniel Lorenzo, ha dicho en declaraciones","og:url":"https:\/\/eldigitaldeasturias.com\/magazine365\/las-lluvias-evidencian-los-graves-problemas-de-la-catedral-de-santiago\/","og:image":"https:\/\/eldigitaldeasturias.com\/magazine365\/wp-content\/uploads\/2014\/01\/5863097w.jpg","og:image:secure_url":"https:\/\/eldigitaldeasturias.com\/magazine365\/wp-content\/uploads\/2014\/01\/5863097w.jpg","og:image:width":800,"og:image:height":540,"article:published_time":"2014-01-20T23:53:16+00:00","article:modified_time":"2014-01-20T23:53:16+00:00","twitter:card":"summary_large_image","twitter:title":"Las lluvias evidencian los graves problemas de la Catedral de Santiago | El Digital de Asturias","twitter:description":"Santiago de Compostela, 20 ene (EFE).- Las persistentes lluvias que en los \u00faltimos d\u00edas han ca\u00eddo sobre Santiago de Compostela han puesto de manifiesto los problemas estructurales de la catedral, que ha empezado a &quot;chorrear&quot; agua en partes importantes del edificio. El director de la Fundaci\u00f3n Catedral de Santiago, Daniel Lorenzo, ha dicho en declaraciones","twitter:image":"https:\/\/eldigitaldeasturias.com\/magazine365\/wp-content\/uploads\/2014\/01\/5863097w.jpg"},"aioseo_meta_data":{"post_id":"1531","title":null,"description":null,"keywords":null,"keyphrases":null,"primary_term":null,"canonical_url":null,"og_title":null,"og_description":null,"og_object_type":"default","og_image_type":"default","og_image_url":null,"og_image_width":null,"og_image_height":null,"og_image_custom_url":null,"og_image_custom_fields":null,"og_video":null,"og_custom_url":null,"og_article_section":null,"og_article_tags":null,"twitter_use_og":false,"twitter_card":"default","twitter_image_type":"default","twitter_image_url":null,"twitter_image_custom_url":null,"twitter_image_custom_fields":null,"twitter_title":null,"twitter_description":null,"schema":{"blockGraphs":[],"customGraphs":[],"default":{"data":{"Article":[],"Course":[],"Dataset":[],"FAQPage":[],"Movie":[],"Person":[],"Product":[],"ProductReview":[],"Car":[],"Recipe":[],"Service":[],"SoftwareApplication":[],"WebPage":[]},"graphName":"","isEnabled":true},"graphs":[],"defaultGraph":"","defaultPostTypeGraph":""},"schema_type":null,"schema_type_options":null,"pillar_content":false,"robots_default":true,"robots_noindex":false,"robots_noarchive":false,"robots_nosnippet":false,"robots_nofollow":false,"robots_noimageindex":false,"robots_noodp":false,"robots_notranslate":false,"robots_max_snippet":null,"robots_max_videopreview":null,"robots_max_imagepreview":"large","priority":null,"frequency":null,"location":null,"local_seo":null,"seo_analyzer_scan_date":"2025-09-16 09:31:34","breadcrumb_settings":null,"limit_modified_date":false,"open_ai":null,"ai":null,"created":"2020-12-21 13:39:29","updated":"2025-09-16 09:31:34"},"aioseo_breadcrumb":"<div class=\"aioseo-breadcrumbs\"><span class=\"aioseo-breadcrumb\">\n\t<a href=\"https:\/\/eldigitaldeasturias.com\/magazine365\" title=\"Home\">Home<\/a>\n<\/span><span class=\"aioseo-breadcrumb-separator\">\u2013<\/span><span class=\"aioseo-breadcrumb\">\n\t<a href=\"https:\/\/eldigitaldeasturias.com\/magazine365\/category\/noticias-actualidad\/\" title=\"Noticias y Actualidad\">Noticias y Actualidad<\/a>\n<\/span><span class=\"aioseo-breadcrumb-separator\">\u2013<\/span><span class=\"aioseo-breadcrumb\">\n\t<a href=\"https:\/\/eldigitaldeasturias.com\/magazine365\/las-lluvias-evidencian-los-graves-problemas-de-la-catedral-de-santiago\/\" title=\"Las lluvias evidencian los graves problemas de la Catedral de Santiago\">Las lluvias evidencian los graves problemas de la Catedral de Santiago<\/a>\n<\/span><\/div>","aioseo_breadcrumb_json":[{"label":"Home","link":"https:\/\/eldigitaldeasturias.com\/magazine365"},{"label":"Noticias y Actualidad","link":"https:\/\/eldigitaldeasturias.com\/magazine365\/category\/noticias-actualidad\/"},{"label":"Las lluvias evidencian los graves problemas de la Catedral de Santiago","link":"https:\/\/eldigitaldeasturias.com\/magazine365\/las-lluvias-evidencian-los-graves-problemas-de-la-catedral-de-santiago\/"}],"_links":{"self":[{"href":"https:\/\/eldigitaldeasturias.com\/magazine365\/wp-json\/wp\/v2\/posts\/1531","targetHints":{"allow":["GET"]}}],"collection":[{"href":"https:\/\/eldigitaldeasturias.com\/magazine365\/wp-json\/wp\/v2\/posts"}],"about":[{"href":"https:\/\/eldigitaldeasturias.com\/magazine365\/wp-json\/wp\/v2\/types\/post"}],"author":[{"embeddable":true,"href":"https:\/\/eldigitaldeasturias.com\/magazine365\/wp-json\/wp\/v2\/users\/1"}],"replies":[{"embeddable":true,"href":"https:\/\/eldigitaldeasturias.com\/magazine365\/wp-json\/wp\/v2\/comments?post=1531"}],"version-history":[{"count":0,"href":"https:\/\/eldigitaldeasturias.com\/magazine365\/wp-json\/wp\/v2\/posts\/1531\/revisions"}],"wp:featuredmedia":[{"embeddable":true,"href":"https:\/\/eldigitaldeasturias.com\/magazine365\/wp-json\/wp\/v2\/media\/1532"}],"wp:attachment":[{"href":"https:\/\/eldigitaldeasturias.com\/magazine365\/wp-json\/wp\/v2\/media?parent=1531"}],"wp:term":[{"taxonomy":"category","embeddable":true,"href":"https:\/\/eldigitaldeasturias.com\/magazine365\/wp-json\/wp\/v2\/categories?post=1531"},{"taxonomy":"post_tag","embeddable":true,"href":"https:\/\/eldigitaldeasturias.com\/magazine365\/wp-json\/wp\/v2\/tags?post=1531"}],"curies":[{"name":"wp","href":"https:\/\/api.w.org\/{rel}","templated":true}]}}