{"id":1528,"date":"2014-01-20T22:52:04","date_gmt":"2014-01-20T23:52:04","guid":{"rendered":"http:\/\/eldigitaldeasturias.com\/magazine365\/?p=1528"},"modified":"2014-01-20T22:52:04","modified_gmt":"2014-01-20T23:52:04","slug":"peugeot-aspira-a-crecer-este-ano-en-espana-un-155-por-ciento","status":"publish","type":"post","link":"https:\/\/eldigitaldeasturias.com\/magazine365\/peugeot-aspira-a-crecer-este-ano-en-espana-un-155-por-ciento\/","title":{"rendered":"Peugeot aspira a crecer este a\u00f1o en Espa\u00f1a un 15,5 por ciento"},"content":{"rendered":"<p><img fetchpriority=\"high\" decoding=\"async\" class=\"alignleft size-medium wp-image-1529\" alt=\"5861698w\" src=\"https:\/\/eldigitaldeasturias.com\/magazine365\/wp-content\/uploads\/2014\/01\/5861698w-360x237.jpg\" width=\"360\" height=\"237\" srcset=\"https:\/\/eldigitaldeasturias.com\/magazine365\/wp-content\/uploads\/2014\/01\/5861698w-360x237.jpg 360w, https:\/\/eldigitaldeasturias.com\/magazine365\/wp-content\/uploads\/2014\/01\/5861698w-650x428.jpg 650w, https:\/\/eldigitaldeasturias.com\/magazine365\/wp-content\/uploads\/2014\/01\/5861698w-768x506.jpg 768w, https:\/\/eldigitaldeasturias.com\/magazine365\/wp-content\/uploads\/2014\/01\/5861698w-150x99.jpg 150w, https:\/\/eldigitaldeasturias.com\/magazine365\/wp-content\/uploads\/2014\/01\/5861698w-450x296.jpg 450w, https:\/\/eldigitaldeasturias.com\/magazine365\/wp-content\/uploads\/2014\/01\/5861698w-696x458.jpg 696w, https:\/\/eldigitaldeasturias.com\/magazine365\/wp-content\/uploads\/2014\/01\/5861698w-741x486.jpg 741w, https:\/\/eldigitaldeasturias.com\/magazine365\/wp-content\/uploads\/2014\/01\/5861698w-638x420.jpg 638w, https:\/\/eldigitaldeasturias.com\/magazine365\/wp-content\/uploads\/2014\/01\/5861698w-84x55.jpg 84w, https:\/\/eldigitaldeasturias.com\/magazine365\/wp-content\/uploads\/2014\/01\/5861698w.jpg 800w\" sizes=\"(max-width: 360px) 100vw, 360px\" \/>Madrid, 20 ene (EFE).- Peugeot aspira a crecer este a\u00f1o en Espa\u00f1a hasta los 82.000 turismos y comerciales vendidos, un 15,5 % en relaci\u00f3n a 2013, ejercicio que sald\u00f3 con 71.060 ventas en ambos segmentos.<\/p>\n<p>El director general de Peugeot Espa\u00f1a, Rafael Prieto, matiz\u00f3 en la presentaci\u00f3n de los resultados comerciales de este filial del a\u00f1o 2013 que este resultado se hace sobre un mercado global en 2014 de 920.000 turismos y comerciales matriculados.<\/p>\n<p>Prieto apunt\u00f3 que un mercado espa\u00f1ol, con la suma de factores del PIVE y del PIMA-Aire durante todo el ejercicio, puede elevar el registro de ventas de turismos y comerciales hasta 950.000 unidades y, en ese escenario, Peugeot elevar\u00eda el registro hasta los 85.000.<\/p>\n<p>Peugeot Espa\u00f1a, seg\u00fan Prieto, desglos\u00f3 el pron\u00f3stico de ventas por canales en este ejercicio, con crecimientos por encima del mercado en particulares, y por debajo, en flotas de empresa, donde la marca no desatender\u00e1 pedidos, pero no constituir\u00e1 el objetivo principal.<\/p>\n<p>En 2013 las ventas de Peugeot en Espa\u00f1a aumentaron un 5,3 %, con dos partes totalmente opuestas; la primera, de bajo registro en ventas, y un \u00faltimo cuatrimestre con recuperaci\u00f3n importante, hasta el punto de que hizo subir la cuota de mercado en dos puntos porcentuales.<\/p>\n<p>En cuanto a la cuota de mercado, Peugeot obtuvo en Espa\u00f1a en 2013 en la suma de turismos y comerciales un 8,8 % y espera cerrar el a\u00f1o en curso con un 9 %.<\/p>\n<p>Rafael Prieto subray\u00f3 la importancia de los planes PIVE en el cambio de tendencia, y lo apoy\u00f3 en el dato de que, sin esta medida, el mercado global podr\u00eda haber reducido entre 70.000 y 100.000 unidades el registro de ventas anual (722.000 unidades) y en el caso de la firma del le\u00f3n entre 6.000 y 7.000 unidades.<\/p>\n<p>La posici\u00f3n de liderazgo compartido de Peugeot con Volkswagen, para Prieto convierte a Espa\u00f1a en un \u00abmercado estrella\u00bb para la firma en el \u00e1mbito internacional.<\/p>\n<p>Resalt\u00f3 a este respecto el liderazgo dentro de los veh\u00edculos comerciales, un segmento que hace diez a\u00f1os se saldaba con el quinto o sexto puesto en el r\u00e1nking.<\/p>\n<p>Prieto destac\u00f3 la importancia de estas ventas por su circunscripci\u00f3n de clientela entre las pymes y por su term\u00f3metro respecto a la fiabilidad del producto y los servicios posventa.<\/p>\n<p>En el campo de los turismos, Peugeot alab\u00f3 la buena acogida del crossover urbano 2008, que ha doblado las previsiones iniciales de ventas, a trav\u00e9s de los 4.000 pedidos contabilizados en seis meses y plazos de entrega que se elevan a cuatro meses.<\/p>\n<p>Otro punto de apoyo para las ventas de turismos ha sido la nueva generaci\u00f3n del compacto 309, del que Prieto resalt\u00f3 el salto cualitativo operado en el modelo y, en lo cuantitativo, los 3.500 pedidos en tres meses.<\/p>\n<p>La red oficial de Peugeot en Espa\u00f1a alcanz\u00f3 en el \u00faltimo cuatrimestre un 0,5 % de rentabilidad sobre facturaci\u00f3n y a\u00f1adi\u00f3 que este a\u00f1o puede ser superior a este registro, aunque el objetivo a m\u00e1s largo plazo es situarla entre el 1,5 % y el 2 %.<\/p>\n","protected":false},"excerpt":{"rendered":"<p>Madrid, 20 ene (EFE).- Peugeot aspira a crecer este a\u00f1o en Espa\u00f1a hasta los 82.000 turismos y comerciales vendidos, un 15,5 % en relaci\u00f3n a 2013, ejercicio que sald\u00f3 con 71.060 ventas en ambos segmentos. El director general de Peugeot Espa\u00f1a, Rafael Prieto, matiz\u00f3 en la presentaci\u00f3n de los resultados comerciales de este filial del<\/p>\n","protected":false},"author":1,"featured_media":1529,"comment_status":"open","ping_status":"open","sticky":false,"template":"","format":"standard","meta":{"footnotes":""},"categories":[224],"tags":[],"class_list":{"0":"post-1528","1":"post","2":"type-post","3":"status-publish","4":"format-standard","5":"has-post-thumbnail","7":"category-noticias-actualidad"},"aioseo_notices":[],"aioseo_head":"\n\t\t<!-- All in One SEO Pro 4.9.6.1 - aioseo.com -->\n\t<meta name=\"description\" content=\"Madrid, 20 ene (EFE).- Peugeot aspira a crecer este a\u00f1o en Espa\u00f1a hasta los 82.000 turismos y comerciales vendidos, un 15,5 % en relaci\u00f3n a 2013, ejercicio que sald\u00f3 con 71.060 ventas en ambos segmentos. El director general de Peugeot Espa\u00f1a, Rafael Prieto, matiz\u00f3 en la presentaci\u00f3n de los resultados comerciales de este filial del\" \/>\n\t<meta name=\"robots\" content=\"max-image-preview:large\" \/>\n\t<meta name=\"author\" content=\"admin\"\/>\n\t<meta name=\"google-site-verification\" content=\"UA-38556648-1\" \/>\n\t<meta name=\"keywords\" content=\"noticias y actualidad\" \/>\n\t<link rel=\"canonical\" href=\"https:\/\/eldigitaldeasturias.com\/magazine365\/peugeot-aspira-a-crecer-este-ano-en-espana-un-155-por-ciento\/\" \/>\n\t<meta name=\"generator\" content=\"All in One SEO Pro (AIOSEO) 4.9.6.1\" \/>\n\t\t<meta property=\"og:locale\" content=\"es_ES\" \/>\n\t\t<meta property=\"og:site_name\" content=\"El Digital de Asturias \u2013 Revista de ocio, turismo y estilo de vida\" \/>\n\t\t<meta property=\"og:type\" content=\"article\" \/>\n\t\t<meta property=\"og:title\" content=\"Peugeot aspira a crecer este a\u00f1o en Espa\u00f1a un 15,5 por ciento | El Digital de Asturias\" \/>\n\t\t<meta property=\"og:description\" content=\"Madrid, 20 ene (EFE).- Peugeot aspira a crecer este a\u00f1o en Espa\u00f1a hasta los 82.000 turismos y comerciales vendidos, un 15,5 % en relaci\u00f3n a 2013, ejercicio que sald\u00f3 con 71.060 ventas en ambos segmentos. El director general de Peugeot Espa\u00f1a, Rafael Prieto, matiz\u00f3 en la presentaci\u00f3n de los resultados comerciales de este filial del\" \/>\n\t\t<meta property=\"og:url\" content=\"https:\/\/eldigitaldeasturias.com\/magazine365\/peugeot-aspira-a-crecer-este-ano-en-espana-un-155-por-ciento\/\" \/>\n\t\t<meta property=\"og:image\" content=\"https:\/\/eldigitaldeasturias.com\/magazine365\/wp-content\/uploads\/2014\/01\/5861698w.jpg\" \/>\n\t\t<meta property=\"og:image:secure_url\" content=\"https:\/\/eldigitaldeasturias.com\/magazine365\/wp-content\/uploads\/2014\/01\/5861698w.jpg\" \/>\n\t\t<meta property=\"og:image:width\" content=\"800\" \/>\n\t\t<meta property=\"og:image:height\" content=\"527\" \/>\n\t\t<meta property=\"article:published_time\" content=\"2014-01-20T23:52:04+00:00\" \/>\n\t\t<meta property=\"article:modified_time\" content=\"2014-01-20T23:52:04+00:00\" \/>\n\t\t<meta name=\"twitter:card\" content=\"summary_large_image\" \/>\n\t\t<meta name=\"twitter:title\" content=\"Peugeot aspira a crecer este a\u00f1o en Espa\u00f1a un 15,5 por ciento | El Digital de Asturias\" \/>\n\t\t<meta name=\"twitter:description\" content=\"Madrid, 20 ene (EFE).- Peugeot aspira a crecer este a\u00f1o en Espa\u00f1a hasta los 82.000 turismos y comerciales vendidos, un 15,5 % en relaci\u00f3n a 2013, ejercicio que sald\u00f3 con 71.060 ventas en ambos segmentos. El director general de Peugeot Espa\u00f1a, Rafael Prieto, matiz\u00f3 en la presentaci\u00f3n de los resultados comerciales de este filial del\" \/>\n\t\t<meta name=\"twitter:image\" content=\"https:\/\/eldigitaldeasturias.com\/magazine365\/wp-content\/uploads\/2014\/01\/5861698w.jpg\" \/>\n\t\t<script type=\"application\/ld+json\" class=\"aioseo-schema\">\n\t\t\t{\"@context\":\"https:\\\/\\\/schema.org\",\"@graph\":[{\"@type\":\"Article\",\"@id\":\"https:\\\/\\\/eldigitaldeasturias.com\\\/magazine365\\\/peugeot-aspira-a-crecer-este-ano-en-espana-un-155-por-ciento\\\/#article\",\"name\":\"Peugeot aspira a crecer este a\\u00f1o en Espa\\u00f1a un 15,5 por ciento | El Digital de Asturias\",\"headline\":\"Peugeot aspira a crecer este a\\u00f1o en Espa\\u00f1a un 15,5 por ciento\",\"author\":{\"@id\":\"https:\\\/\\\/eldigitaldeasturias.com\\\/magazine365\\\/author\\\/admin\\\/#author\"},\"publisher\":{\"@id\":\"https:\\\/\\\/eldigitaldeasturias.com\\\/magazine365\\\/#organization\"},\"image\":{\"@type\":\"ImageObject\",\"url\":\"https:\\\/\\\/eldigitaldeasturias.com\\\/magazine365\\\/wp-content\\\/uploads\\\/2014\\\/01\\\/5861698w.jpg\",\"width\":800,\"height\":527},\"datePublished\":\"2014-01-20T22:52:04+01:00\",\"dateModified\":\"2014-01-20T22:52:04+01:00\",\"inLanguage\":\"es-ES\",\"mainEntityOfPage\":{\"@id\":\"https:\\\/\\\/eldigitaldeasturias.com\\\/magazine365\\\/peugeot-aspira-a-crecer-este-ano-en-espana-un-155-por-ciento\\\/#webpage\"},\"isPartOf\":{\"@id\":\"https:\\\/\\\/eldigitaldeasturias.com\\\/magazine365\\\/peugeot-aspira-a-crecer-este-ano-en-espana-un-155-por-ciento\\\/#webpage\"},\"articleSection\":\"Noticias y Actualidad\"},{\"@type\":\"BreadcrumbList\",\"@id\":\"https:\\\/\\\/eldigitaldeasturias.com\\\/magazine365\\\/peugeot-aspira-a-crecer-este-ano-en-espana-un-155-por-ciento\\\/#breadcrumblist\",\"itemListElement\":[{\"@type\":\"ListItem\",\"@id\":\"https:\\\/\\\/eldigitaldeasturias.com\\\/magazine365#listItem\",\"position\":1,\"name\":\"Home\",\"item\":\"https:\\\/\\\/eldigitaldeasturias.com\\\/magazine365\",\"nextItem\":{\"@type\":\"ListItem\",\"@id\":\"https:\\\/\\\/eldigitaldeasturias.com\\\/magazine365\\\/category\\\/noticias-actualidad\\\/#listItem\",\"name\":\"Noticias y Actualidad\"}},{\"@type\":\"ListItem\",\"@id\":\"https:\\\/\\\/eldigitaldeasturias.com\\\/magazine365\\\/category\\\/noticias-actualidad\\\/#listItem\",\"position\":2,\"name\":\"Noticias y Actualidad\",\"item\":\"https:\\\/\\\/eldigitaldeasturias.com\\\/magazine365\\\/category\\\/noticias-actualidad\\\/\",\"nextItem\":{\"@type\":\"ListItem\",\"@id\":\"https:\\\/\\\/eldigitaldeasturias.com\\\/magazine365\\\/peugeot-aspira-a-crecer-este-ano-en-espana-un-155-por-ciento\\\/#listItem\",\"name\":\"Peugeot aspira a crecer este a\\u00f1o en Espa\\u00f1a un 15,5 por ciento\"},\"previousItem\":{\"@type\":\"ListItem\",\"@id\":\"https:\\\/\\\/eldigitaldeasturias.com\\\/magazine365#listItem\",\"name\":\"Home\"}},{\"@type\":\"ListItem\",\"@id\":\"https:\\\/\\\/eldigitaldeasturias.com\\\/magazine365\\\/peugeot-aspira-a-crecer-este-ano-en-espana-un-155-por-ciento\\\/#listItem\",\"position\":3,\"name\":\"Peugeot aspira a crecer este a\\u00f1o en Espa\\u00f1a un 15,5 por ciento\",\"previousItem\":{\"@type\":\"ListItem\",\"@id\":\"https:\\\/\\\/eldigitaldeasturias.com\\\/magazine365\\\/category\\\/noticias-actualidad\\\/#listItem\",\"name\":\"Noticias y Actualidad\"}}]},{\"@type\":\"Organization\",\"@id\":\"https:\\\/\\\/eldigitaldeasturias.com\\\/magazine365\\\/#organization\",\"name\":\"El digital de Asturias\",\"description\":\"Revista de ocio, turismo y estilo de vida\",\"url\":\"https:\\\/\\\/eldigitaldeasturias.com\\\/magazine365\\\/\",\"logo\":{\"@type\":\"ImageObject\",\"url\":\"https:\\\/\\\/www.eldigitaldeasturias.com\\\/noticias\\\/wp-content\\\/uploads\\\/2020\\\/12\\\/EDA.jpg\",\"@id\":\"https:\\\/\\\/eldigitaldeasturias.com\\\/magazine365\\\/peugeot-aspira-a-crecer-este-ano-en-espana-un-155-por-ciento\\\/#organizationLogo\"},\"image\":{\"@id\":\"https:\\\/\\\/eldigitaldeasturias.com\\\/magazine365\\\/peugeot-aspira-a-crecer-este-ano-en-espana-un-155-por-ciento\\\/#organizationLogo\"}},{\"@type\":\"Person\",\"@id\":\"https:\\\/\\\/eldigitaldeasturias.com\\\/magazine365\\\/author\\\/admin\\\/#author\",\"url\":\"https:\\\/\\\/eldigitaldeasturias.com\\\/magazine365\\\/author\\\/admin\\\/\",\"name\":\"admin\",\"image\":{\"@type\":\"ImageObject\",\"@id\":\"https:\\\/\\\/eldigitaldeasturias.com\\\/magazine365\\\/peugeot-aspira-a-crecer-este-ano-en-espana-un-155-por-ciento\\\/#authorImage\",\"url\":\"https:\\\/\\\/eldigitaldeasturias.com\\\/magazine365\\\/wp-content\\\/litespeed\\\/avatar\\\/e571bcf59a0edd6fa6838245a470f2fe.jpg?ver=1777574230\",\"width\":96,\"height\":96,\"caption\":\"admin\"}},{\"@type\":\"WebPage\",\"@id\":\"https:\\\/\\\/eldigitaldeasturias.com\\\/magazine365\\\/peugeot-aspira-a-crecer-este-ano-en-espana-un-155-por-ciento\\\/#webpage\",\"url\":\"https:\\\/\\\/eldigitaldeasturias.com\\\/magazine365\\\/peugeot-aspira-a-crecer-este-ano-en-espana-un-155-por-ciento\\\/\",\"name\":\"Peugeot aspira a crecer este a\\u00f1o en Espa\\u00f1a un 15,5 por ciento | El Digital de Asturias\",\"description\":\"Madrid, 20 ene (EFE).- Peugeot aspira a crecer este a\\u00f1o en Espa\\u00f1a hasta los 82.000 turismos y comerciales vendidos, un 15,5 % en relaci\\u00f3n a 2013, ejercicio que sald\\u00f3 con 71.060 ventas en ambos segmentos. El director general de Peugeot Espa\\u00f1a, Rafael Prieto, matiz\\u00f3 en la presentaci\\u00f3n de los resultados comerciales de este filial del\",\"inLanguage\":\"es-ES\",\"isPartOf\":{\"@id\":\"https:\\\/\\\/eldigitaldeasturias.com\\\/magazine365\\\/#website\"},\"breadcrumb\":{\"@id\":\"https:\\\/\\\/eldigitaldeasturias.com\\\/magazine365\\\/peugeot-aspira-a-crecer-este-ano-en-espana-un-155-por-ciento\\\/#breadcrumblist\"},\"author\":{\"@id\":\"https:\\\/\\\/eldigitaldeasturias.com\\\/magazine365\\\/author\\\/admin\\\/#author\"},\"creator\":{\"@id\":\"https:\\\/\\\/eldigitaldeasturias.com\\\/magazine365\\\/author\\\/admin\\\/#author\"},\"image\":{\"@type\":\"ImageObject\",\"url\":\"https:\\\/\\\/eldigitaldeasturias.com\\\/magazine365\\\/wp-content\\\/uploads\\\/2014\\\/01\\\/5861698w.jpg\",\"@id\":\"https:\\\/\\\/eldigitaldeasturias.com\\\/magazine365\\\/peugeot-aspira-a-crecer-este-ano-en-espana-un-155-por-ciento\\\/#mainImage\",\"width\":800,\"height\":527},\"primaryImageOfPage\":{\"@id\":\"https:\\\/\\\/eldigitaldeasturias.com\\\/magazine365\\\/peugeot-aspira-a-crecer-este-ano-en-espana-un-155-por-ciento\\\/#mainImage\"},\"datePublished\":\"2014-01-20T22:52:04+01:00\",\"dateModified\":\"2014-01-20T22:52:04+01:00\"},{\"@type\":\"WebSite\",\"@id\":\"https:\\\/\\\/eldigitaldeasturias.com\\\/magazine365\\\/#website\",\"url\":\"https:\\\/\\\/eldigitaldeasturias.com\\\/magazine365\\\/\",\"name\":\"El Digital de Asturias\",\"description\":\"Revista de ocio, turismo y estilo de vida\",\"inLanguage\":\"es-ES\",\"publisher\":{\"@id\":\"https:\\\/\\\/eldigitaldeasturias.com\\\/magazine365\\\/#organization\"}}]}\n\t\t<\/script>\n\t\t<!-- All in One SEO Pro -->\r\n\t\t<title>Peugeot aspira a crecer este a\u00f1o en Espa\u00f1a un 15,5 por ciento | El Digital de Asturias<\/title>\n\n","aioseo_head_json":{"title":"Peugeot aspira a crecer este a\u00f1o en Espa\u00f1a un 15,5 por ciento | El Digital de Asturias","description":"Madrid, 20 ene (EFE).- Peugeot aspira a crecer este a\u00f1o en Espa\u00f1a hasta los 82.000 turismos y comerciales vendidos, un 15,5 % en relaci\u00f3n a 2013, ejercicio que sald\u00f3 con 71.060 ventas en ambos segmentos. El director general de Peugeot Espa\u00f1a, Rafael Prieto, matiz\u00f3 en la presentaci\u00f3n de los resultados comerciales de este filial del","canonical_url":"https:\/\/eldigitaldeasturias.com\/magazine365\/peugeot-aspira-a-crecer-este-ano-en-espana-un-155-por-ciento\/","robots":"max-image-preview:large","keywords":"noticias y actualidad","webmasterTools":{"google-site-verification":"UA-38556648-1","miscellaneous":""},"schema":{"@context":"https:\/\/schema.org","@graph":[{"@type":"Article","@id":"https:\/\/eldigitaldeasturias.com\/magazine365\/peugeot-aspira-a-crecer-este-ano-en-espana-un-155-por-ciento\/#article","name":"Peugeot aspira a crecer este a\u00f1o en Espa\u00f1a un 15,5 por ciento | El Digital de Asturias","headline":"Peugeot aspira a crecer este a\u00f1o en Espa\u00f1a un 15,5 por ciento","author":{"@id":"https:\/\/eldigitaldeasturias.com\/magazine365\/author\/admin\/#author"},"publisher":{"@id":"https:\/\/eldigitaldeasturias.com\/magazine365\/#organization"},"image":{"@type":"ImageObject","url":"https:\/\/eldigitaldeasturias.com\/magazine365\/wp-content\/uploads\/2014\/01\/5861698w.jpg","width":800,"height":527},"datePublished":"2014-01-20T22:52:04+01:00","dateModified":"2014-01-20T22:52:04+01:00","inLanguage":"es-ES","mainEntityOfPage":{"@id":"https:\/\/eldigitaldeasturias.com\/magazine365\/peugeot-aspira-a-crecer-este-ano-en-espana-un-155-por-ciento\/#webpage"},"isPartOf":{"@id":"https:\/\/eldigitaldeasturias.com\/magazine365\/peugeot-aspira-a-crecer-este-ano-en-espana-un-155-por-ciento\/#webpage"},"articleSection":"Noticias y Actualidad"},{"@type":"BreadcrumbList","@id":"https:\/\/eldigitaldeasturias.com\/magazine365\/peugeot-aspira-a-crecer-este-ano-en-espana-un-155-por-ciento\/#breadcrumblist","itemListElement":[{"@type":"ListItem","@id":"https:\/\/eldigitaldeasturias.com\/magazine365#listItem","position":1,"name":"Home","item":"https:\/\/eldigitaldeasturias.com\/magazine365","nextItem":{"@type":"ListItem","@id":"https:\/\/eldigitaldeasturias.com\/magazine365\/category\/noticias-actualidad\/#listItem","name":"Noticias y Actualidad"}},{"@type":"ListItem","@id":"https:\/\/eldigitaldeasturias.com\/magazine365\/category\/noticias-actualidad\/#listItem","position":2,"name":"Noticias y Actualidad","item":"https:\/\/eldigitaldeasturias.com\/magazine365\/category\/noticias-actualidad\/","nextItem":{"@type":"ListItem","@id":"https:\/\/eldigitaldeasturias.com\/magazine365\/peugeot-aspira-a-crecer-este-ano-en-espana-un-155-por-ciento\/#listItem","name":"Peugeot aspira a crecer este a\u00f1o en Espa\u00f1a un 15,5 por ciento"},"previousItem":{"@type":"ListItem","@id":"https:\/\/eldigitaldeasturias.com\/magazine365#listItem","name":"Home"}},{"@type":"ListItem","@id":"https:\/\/eldigitaldeasturias.com\/magazine365\/peugeot-aspira-a-crecer-este-ano-en-espana-un-155-por-ciento\/#listItem","position":3,"name":"Peugeot aspira a crecer este a\u00f1o en Espa\u00f1a un 15,5 por ciento","previousItem":{"@type":"ListItem","@id":"https:\/\/eldigitaldeasturias.com\/magazine365\/category\/noticias-actualidad\/#listItem","name":"Noticias y Actualidad"}}]},{"@type":"Organization","@id":"https:\/\/eldigitaldeasturias.com\/magazine365\/#organization","name":"El digital de Asturias","description":"Revista de ocio, turismo y estilo de vida","url":"https:\/\/eldigitaldeasturias.com\/magazine365\/","logo":{"@type":"ImageObject","url":"https:\/\/www.eldigitaldeasturias.com\/noticias\/wp-content\/uploads\/2020\/12\/EDA.jpg","@id":"https:\/\/eldigitaldeasturias.com\/magazine365\/peugeot-aspira-a-crecer-este-ano-en-espana-un-155-por-ciento\/#organizationLogo"},"image":{"@id":"https:\/\/eldigitaldeasturias.com\/magazine365\/peugeot-aspira-a-crecer-este-ano-en-espana-un-155-por-ciento\/#organizationLogo"}},{"@type":"Person","@id":"https:\/\/eldigitaldeasturias.com\/magazine365\/author\/admin\/#author","url":"https:\/\/eldigitaldeasturias.com\/magazine365\/author\/admin\/","name":"admin","image":{"@type":"ImageObject","@id":"https:\/\/eldigitaldeasturias.com\/magazine365\/peugeot-aspira-a-crecer-este-ano-en-espana-un-155-por-ciento\/#authorImage","url":"https:\/\/eldigitaldeasturias.com\/magazine365\/wp-content\/litespeed\/avatar\/e571bcf59a0edd6fa6838245a470f2fe.jpg?ver=1777574230","width":96,"height":96,"caption":"admin"}},{"@type":"WebPage","@id":"https:\/\/eldigitaldeasturias.com\/magazine365\/peugeot-aspira-a-crecer-este-ano-en-espana-un-155-por-ciento\/#webpage","url":"https:\/\/eldigitaldeasturias.com\/magazine365\/peugeot-aspira-a-crecer-este-ano-en-espana-un-155-por-ciento\/","name":"Peugeot aspira a crecer este a\u00f1o en Espa\u00f1a un 15,5 por ciento | El Digital de Asturias","description":"Madrid, 20 ene (EFE).- Peugeot aspira a crecer este a\u00f1o en Espa\u00f1a hasta los 82.000 turismos y comerciales vendidos, un 15,5 % en relaci\u00f3n a 2013, ejercicio que sald\u00f3 con 71.060 ventas en ambos segmentos. El director general de Peugeot Espa\u00f1a, Rafael Prieto, matiz\u00f3 en la presentaci\u00f3n de los resultados comerciales de este filial del","inLanguage":"es-ES","isPartOf":{"@id":"https:\/\/eldigitaldeasturias.com\/magazine365\/#website"},"breadcrumb":{"@id":"https:\/\/eldigitaldeasturias.com\/magazine365\/peugeot-aspira-a-crecer-este-ano-en-espana-un-155-por-ciento\/#breadcrumblist"},"author":{"@id":"https:\/\/eldigitaldeasturias.com\/magazine365\/author\/admin\/#author"},"creator":{"@id":"https:\/\/eldigitaldeasturias.com\/magazine365\/author\/admin\/#author"},"image":{"@type":"ImageObject","url":"https:\/\/eldigitaldeasturias.com\/magazine365\/wp-content\/uploads\/2014\/01\/5861698w.jpg","@id":"https:\/\/eldigitaldeasturias.com\/magazine365\/peugeot-aspira-a-crecer-este-ano-en-espana-un-155-por-ciento\/#mainImage","width":800,"height":527},"primaryImageOfPage":{"@id":"https:\/\/eldigitaldeasturias.com\/magazine365\/peugeot-aspira-a-crecer-este-ano-en-espana-un-155-por-ciento\/#mainImage"},"datePublished":"2014-01-20T22:52:04+01:00","dateModified":"2014-01-20T22:52:04+01:00"},{"@type":"WebSite","@id":"https:\/\/eldigitaldeasturias.com\/magazine365\/#website","url":"https:\/\/eldigitaldeasturias.com\/magazine365\/","name":"El Digital de Asturias","description":"Revista de ocio, turismo y estilo de vida","inLanguage":"es-ES","publisher":{"@id":"https:\/\/eldigitaldeasturias.com\/magazine365\/#organization"}}]},"og:locale":"es_ES","og:site_name":"El Digital de Asturias \u2013 Revista de ocio, turismo y estilo de vida","og:type":"article","og:title":"Peugeot aspira a crecer este a\u00f1o en Espa\u00f1a un 15,5 por ciento | El Digital de Asturias","og:description":"Madrid, 20 ene (EFE).- Peugeot aspira a crecer este a\u00f1o en Espa\u00f1a hasta los 82.000 turismos y comerciales vendidos, un 15,5 % en relaci\u00f3n a 2013, ejercicio que sald\u00f3 con 71.060 ventas en ambos segmentos. El director general de Peugeot Espa\u00f1a, Rafael Prieto, matiz\u00f3 en la presentaci\u00f3n de los resultados comerciales de este filial del","og:url":"https:\/\/eldigitaldeasturias.com\/magazine365\/peugeot-aspira-a-crecer-este-ano-en-espana-un-155-por-ciento\/","og:image":"https:\/\/eldigitaldeasturias.com\/magazine365\/wp-content\/uploads\/2014\/01\/5861698w.jpg","og:image:secure_url":"https:\/\/eldigitaldeasturias.com\/magazine365\/wp-content\/uploads\/2014\/01\/5861698w.jpg","og:image:width":800,"og:image:height":527,"article:published_time":"2014-01-20T23:52:04+00:00","article:modified_time":"2014-01-20T23:52:04+00:00","twitter:card":"summary_large_image","twitter:title":"Peugeot aspira a crecer este a\u00f1o en Espa\u00f1a un 15,5 por ciento | El Digital de Asturias","twitter:description":"Madrid, 20 ene (EFE).- Peugeot aspira a crecer este a\u00f1o en Espa\u00f1a hasta los 82.000 turismos y comerciales vendidos, un 15,5 % en relaci\u00f3n a 2013, ejercicio que sald\u00f3 con 71.060 ventas en ambos segmentos. El director general de Peugeot Espa\u00f1a, Rafael Prieto, matiz\u00f3 en la presentaci\u00f3n de los resultados comerciales de este filial del","twitter:image":"https:\/\/eldigitaldeasturias.com\/magazine365\/wp-content\/uploads\/2014\/01\/5861698w.jpg"},"aioseo_meta_data":{"post_id":"1528","title":null,"description":null,"keywords":null,"keyphrases":null,"primary_term":null,"canonical_url":null,"og_title":null,"og_description":null,"og_object_type":"default","og_image_type":"default","og_image_url":null,"og_image_width":null,"og_image_height":null,"og_image_custom_url":null,"og_image_custom_fields":null,"og_video":null,"og_custom_url":null,"og_article_section":null,"og_article_tags":null,"twitter_use_og":false,"twitter_card":"default","twitter_image_type":"default","twitter_image_url":null,"twitter_image_custom_url":null,"twitter_image_custom_fields":null,"twitter_title":null,"twitter_description":null,"schema":{"blockGraphs":[],"customGraphs":[],"default":{"data":{"Article":[],"Course":[],"Dataset":[],"FAQPage":[],"Movie":[],"Person":[],"Product":[],"ProductReview":[],"Car":[],"Recipe":[],"Service":[],"SoftwareApplication":[],"WebPage":[]},"graphName":"","isEnabled":true},"graphs":[],"defaultGraph":"","defaultPostTypeGraph":""},"schema_type":null,"schema_type_options":null,"pillar_content":false,"robots_default":true,"robots_noindex":false,"robots_noarchive":false,"robots_nosnippet":false,"robots_nofollow":false,"robots_noimageindex":false,"robots_noodp":false,"robots_notranslate":false,"robots_max_snippet":null,"robots_max_videopreview":null,"robots_max_imagepreview":"large","priority":null,"frequency":null,"location":null,"local_seo":null,"seo_analyzer_scan_date":"2025-09-16 09:31:33","breadcrumb_settings":null,"limit_modified_date":false,"open_ai":null,"ai":null,"created":"2020-12-21 13:39:29","updated":"2025-09-16 09:31:33"},"aioseo_breadcrumb":"<div class=\"aioseo-breadcrumbs\"><span class=\"aioseo-breadcrumb\">\n\t<a href=\"https:\/\/eldigitaldeasturias.com\/magazine365\" title=\"Home\">Home<\/a>\n<\/span><span class=\"aioseo-breadcrumb-separator\">\u2013<\/span><span class=\"aioseo-breadcrumb\">\n\t<a href=\"https:\/\/eldigitaldeasturias.com\/magazine365\/category\/noticias-actualidad\/\" title=\"Noticias y Actualidad\">Noticias y Actualidad<\/a>\n<\/span><span class=\"aioseo-breadcrumb-separator\">\u2013<\/span><span class=\"aioseo-breadcrumb\">\n\t<a href=\"https:\/\/eldigitaldeasturias.com\/magazine365\/peugeot-aspira-a-crecer-este-ano-en-espana-un-155-por-ciento\/\" title=\"Peugeot aspira a crecer este a\u00f1o en Espa\u00f1a un 15,5 por ciento\">Peugeot aspira a crecer este a\u00f1o en Espa\u00f1a un 15,5 por ciento<\/a>\n<\/span><\/div>","aioseo_breadcrumb_json":[{"label":"Home","link":"https:\/\/eldigitaldeasturias.com\/magazine365"},{"label":"Noticias y Actualidad","link":"https:\/\/eldigitaldeasturias.com\/magazine365\/category\/noticias-actualidad\/"},{"label":"Peugeot aspira a crecer este a\u00f1o en Espa\u00f1a un 15,5 por ciento","link":"https:\/\/eldigitaldeasturias.com\/magazine365\/peugeot-aspira-a-crecer-este-ano-en-espana-un-155-por-ciento\/"}],"_links":{"self":[{"href":"https:\/\/eldigitaldeasturias.com\/magazine365\/wp-json\/wp\/v2\/posts\/1528","targetHints":{"allow":["GET"]}}],"collection":[{"href":"https:\/\/eldigitaldeasturias.com\/magazine365\/wp-json\/wp\/v2\/posts"}],"about":[{"href":"https:\/\/eldigitaldeasturias.com\/magazine365\/wp-json\/wp\/v2\/types\/post"}],"author":[{"embeddable":true,"href":"https:\/\/eldigitaldeasturias.com\/magazine365\/wp-json\/wp\/v2\/users\/1"}],"replies":[{"embeddable":true,"href":"https:\/\/eldigitaldeasturias.com\/magazine365\/wp-json\/wp\/v2\/comments?post=1528"}],"version-history":[{"count":0,"href":"https:\/\/eldigitaldeasturias.com\/magazine365\/wp-json\/wp\/v2\/posts\/1528\/revisions"}],"wp:featuredmedia":[{"embeddable":true,"href":"https:\/\/eldigitaldeasturias.com\/magazine365\/wp-json\/wp\/v2\/media\/1529"}],"wp:attachment":[{"href":"https:\/\/eldigitaldeasturias.com\/magazine365\/wp-json\/wp\/v2\/media?parent=1528"}],"wp:term":[{"taxonomy":"category","embeddable":true,"href":"https:\/\/eldigitaldeasturias.com\/magazine365\/wp-json\/wp\/v2\/categories?post=1528"},{"taxonomy":"post_tag","embeddable":true,"href":"https:\/\/eldigitaldeasturias.com\/magazine365\/wp-json\/wp\/v2\/tags?post=1528"}],"curies":[{"name":"wp","href":"https:\/\/api.w.org\/{rel}","templated":true}]}}