{"id":15096,"date":"2014-06-05T10:33:37","date_gmt":"2014-06-05T12:33:37","guid":{"rendered":"http:\/\/eldigitaldeasturias.com\/magazine365\/?p=15096"},"modified":"2014-06-05T10:33:37","modified_gmt":"2014-06-05T12:33:37","slug":"amancio-prada-repaso-su-carrera-en-un-concierto-en-rabat-para-los-elegidos","status":"publish","type":"post","link":"https:\/\/eldigitaldeasturias.com\/magazine365\/amancio-prada-repaso-su-carrera-en-un-concierto-en-rabat-para-los-elegidos\/","title":{"rendered":"Amancio Prada repas\u00f3 su carrera en un concierto en Rabat para los elegidos"},"content":{"rendered":"<p><img fetchpriority=\"high\" decoding=\"async\" class=\"alignleft size-medium wp-image-15097\" alt=\"6335816w\" src=\"https:\/\/eldigitaldeasturias.com\/magazine365\/wp-content\/uploads\/2014\/06\/6335816w-360x229.jpg\" width=\"360\" height=\"229\" \/>Rabat, 5 jun (EFE).- El cantante espa\u00f1ol Amancio Prada ofreci\u00f3 en Rabat un concierto en el que repas\u00f3 pr\u00e1cticamente toda su carrera para un p\u00fablico elegido que, en medio de una semana de conciertos masivos, prefiri\u00f3 envolverse en la voz c\u00e1lida del trovador leon\u00e9s.<\/p>\n<p>Acompa\u00f1ado por un grupo de guitarra, mandolina, acorde\u00f3n, violoncello y percusi\u00f3n, Prada se dio el trabajo de explicar en franc\u00e9s para el p\u00fablico rabat\u00ed cada una de sus canciones, que sonaron en espa\u00f1ol, gallego y franc\u00e9s.<\/p>\n<p>Dominaron en el concierto las canciones de sus dos grandes amigos poetas, Agust\u00edn Garc\u00eda Calvo (\u00abLibre te quiero\u00bb o \u00abEl mundo que yo no viva\u00bb) y Chicho S\u00e1nchez Ferlosio (\u00abPa&#8217;la sangre la vida\u00bb y \u00abEl cantar tiene sentido\u00bb).<\/p>\n<p>Junto a ellos, los poetas espa\u00f1oles cl\u00e1sicos, desde San Juan de la Cruz (\u00abLlama del amor vivo\u00bb) hasta Miguel Hern\u00e1ndez o Federico Garc\u00eda Lorca cuyos poemas Prada ha musicado desde hace a\u00f1os.<\/p>\n<p>El cantante, vestido de negro y con un foco directo sobre su cabeza, supo transmitir al p\u00fablico marroqu\u00ed esa magia del ni\u00f1o que a\u00fan lleva dentro contando an\u00e9cdotas de su infancia y su Bierzo natal o de sus ya lejanos a\u00f1os en Par\u00eds que hoy le sirvieron para desempolvar el franc\u00e9s.<\/p>\n<p>Fueron muchas las canciones en gallego, ya fueran populares o de su admirada Rosal\u00eda de Castro (\u00abAdios r\u00edos, adios fontes\u00bb), con las que Prada regres\u00f3 sentimentalmente a la tierra donde naci\u00f3 y creci\u00f3, haciendo part\u00edcipe al p\u00fablico de la nostalgia por un tiempo perdido.<\/p>\n<p>Las simpat\u00edas de Amancio Prada quedaron claras cuando version\u00f3, en espa\u00f1ol y luego en franc\u00e9s, al cantante y poeta anarquista franc\u00e9s Leo Ferr\u00e9, cuya devoci\u00f3n compart\u00eda con Agust\u00edn Garc\u00eda Calvo.<\/p>\n<p>Despu\u00e9s de una hora de concierto en el que tampoco faltaron algunos temas propios, as\u00ed como romances antiguos rescatados por el autor, Prada se march\u00f3 con sus cinco m\u00fasicos, pero el p\u00fablico, puesto en pie y aplaudiendo fuerte pese a su escaso n\u00famero, le animaron a volver al escenario.<\/p>\n<p>Regres\u00f3 Amancio Prada con una zanfo\u00f1a con la que interpret\u00f3 uno de sus temas m\u00e1s tristes, el romance franc\u00e9s marinero \u00abBrave marin\u00bb con el que se despidi\u00f3, poniendo broche as\u00ed a uno de los conciertos m\u00e1s intimistas de la semana musical de Mawazine, durante la que Rabat se llena de m\u00fasicas del mundo.<\/p>\n","protected":false},"excerpt":{"rendered":"<p>Rabat, 5 jun (EFE).- El cantante espa\u00f1ol Amancio Prada ofreci\u00f3 en Rabat un concierto en el que repas\u00f3 pr\u00e1cticamente toda su carrera para un p\u00fablico elegido que, en medio de una semana de conciertos masivos, prefiri\u00f3 envolverse en la voz c\u00e1lida del trovador leon\u00e9s. Acompa\u00f1ado por un grupo de guitarra, mandolina, acorde\u00f3n, violoncello y percusi\u00f3n,<\/p>\n","protected":false},"author":1,"featured_media":15097,"comment_status":"open","ping_status":"closed","sticky":false,"template":"","format":"standard","meta":{"footnotes":""},"categories":[224],"tags":[],"class_list":{"0":"post-15096","1":"post","2":"type-post","3":"status-publish","4":"format-standard","5":"has-post-thumbnail","7":"category-noticias-actualidad"},"aioseo_notices":[],"aioseo_head":"\n\t\t<!-- All in One SEO Pro 4.9.6.1 - aioseo.com -->\n\t<meta name=\"description\" content=\"Rabat, 5 jun (EFE).- El cantante espa\u00f1ol Amancio Prada ofreci\u00f3 en Rabat un concierto en el que repas\u00f3 pr\u00e1cticamente toda su carrera para un p\u00fablico elegido que, en medio de una semana de conciertos masivos, prefiri\u00f3 envolverse en la voz c\u00e1lida del trovador leon\u00e9s. Acompa\u00f1ado por un grupo de guitarra, mandolina, acorde\u00f3n, violoncello y percusi\u00f3n,\" \/>\n\t<meta name=\"robots\" content=\"max-image-preview:large\" \/>\n\t<meta name=\"author\" content=\"admin\"\/>\n\t<meta name=\"google-site-verification\" content=\"UA-38556648-1\" \/>\n\t<meta name=\"keywords\" content=\"noticias y actualidad\" \/>\n\t<link rel=\"canonical\" href=\"https:\/\/eldigitaldeasturias.com\/magazine365\/amancio-prada-repaso-su-carrera-en-un-concierto-en-rabat-para-los-elegidos\/\" \/>\n\t<meta name=\"generator\" content=\"All in One SEO Pro (AIOSEO) 4.9.6.1\" \/>\n\t\t<meta property=\"og:locale\" content=\"es_ES\" \/>\n\t\t<meta property=\"og:site_name\" content=\"El Digital de Asturias \u2013 Revista de ocio, turismo y estilo de vida\" \/>\n\t\t<meta property=\"og:type\" content=\"article\" \/>\n\t\t<meta property=\"og:title\" content=\"Amancio Prada repas\u00f3 su carrera en un concierto en Rabat para los elegidos | El Digital de Asturias\" \/>\n\t\t<meta property=\"og:description\" content=\"Rabat, 5 jun (EFE).- El cantante espa\u00f1ol Amancio Prada ofreci\u00f3 en Rabat un concierto en el que repas\u00f3 pr\u00e1cticamente toda su carrera para un p\u00fablico elegido que, en medio de una semana de conciertos masivos, prefiri\u00f3 envolverse en la voz c\u00e1lida del trovador leon\u00e9s. Acompa\u00f1ado por un grupo de guitarra, mandolina, acorde\u00f3n, violoncello y percusi\u00f3n,\" \/>\n\t\t<meta property=\"og:url\" content=\"https:\/\/eldigitaldeasturias.com\/magazine365\/amancio-prada-repaso-su-carrera-en-un-concierto-en-rabat-para-los-elegidos\/\" \/>\n\t\t<meta property=\"og:image\" content=\"https:\/\/eldigitaldeasturias.com\/magazine365\/wp-content\/uploads\/2014\/06\/6335816w.jpg\" \/>\n\t\t<meta property=\"og:image:secure_url\" content=\"https:\/\/eldigitaldeasturias.com\/magazine365\/wp-content\/uploads\/2014\/06\/6335816w.jpg\" \/>\n\t\t<meta property=\"og:image:width\" content=\"800\" \/>\n\t\t<meta property=\"og:image:height\" content=\"511\" \/>\n\t\t<meta property=\"article:published_time\" content=\"2014-06-05T12:33:37+00:00\" \/>\n\t\t<meta property=\"article:modified_time\" content=\"2014-06-05T12:33:37+00:00\" \/>\n\t\t<meta name=\"twitter:card\" content=\"summary_large_image\" \/>\n\t\t<meta name=\"twitter:title\" content=\"Amancio Prada repas\u00f3 su carrera en un concierto en Rabat para los elegidos | El Digital de Asturias\" \/>\n\t\t<meta name=\"twitter:description\" content=\"Rabat, 5 jun (EFE).- El cantante espa\u00f1ol Amancio Prada ofreci\u00f3 en Rabat un concierto en el que repas\u00f3 pr\u00e1cticamente toda su carrera para un p\u00fablico elegido que, en medio de una semana de conciertos masivos, prefiri\u00f3 envolverse en la voz c\u00e1lida del trovador leon\u00e9s. Acompa\u00f1ado por un grupo de guitarra, mandolina, acorde\u00f3n, violoncello y percusi\u00f3n,\" \/>\n\t\t<meta name=\"twitter:image\" content=\"https:\/\/eldigitaldeasturias.com\/magazine365\/wp-content\/uploads\/2014\/06\/6335816w.jpg\" \/>\n\t\t<script type=\"application\/ld+json\" class=\"aioseo-schema\">\n\t\t\t{\"@context\":\"https:\\\/\\\/schema.org\",\"@graph\":[{\"@type\":\"Article\",\"@id\":\"https:\\\/\\\/eldigitaldeasturias.com\\\/magazine365\\\/amancio-prada-repaso-su-carrera-en-un-concierto-en-rabat-para-los-elegidos\\\/#article\",\"name\":\"Amancio Prada repas\\u00f3 su carrera en un concierto en Rabat para los elegidos | El Digital de Asturias\",\"headline\":\"Amancio Prada repas\\u00f3 su carrera en un concierto en Rabat para los elegidos\",\"author\":{\"@id\":\"https:\\\/\\\/eldigitaldeasturias.com\\\/magazine365\\\/author\\\/admin\\\/#author\"},\"publisher\":{\"@id\":\"https:\\\/\\\/eldigitaldeasturias.com\\\/magazine365\\\/#organization\"},\"image\":{\"@type\":\"ImageObject\",\"url\":\"https:\\\/\\\/eldigitaldeasturias.com\\\/magazine365\\\/wp-content\\\/uploads\\\/2014\\\/06\\\/6335816w.jpg\",\"width\":800,\"height\":511},\"datePublished\":\"2014-06-05T10:33:37+02:00\",\"dateModified\":\"2014-06-05T10:33:37+02:00\",\"inLanguage\":\"es-ES\",\"mainEntityOfPage\":{\"@id\":\"https:\\\/\\\/eldigitaldeasturias.com\\\/magazine365\\\/amancio-prada-repaso-su-carrera-en-un-concierto-en-rabat-para-los-elegidos\\\/#webpage\"},\"isPartOf\":{\"@id\":\"https:\\\/\\\/eldigitaldeasturias.com\\\/magazine365\\\/amancio-prada-repaso-su-carrera-en-un-concierto-en-rabat-para-los-elegidos\\\/#webpage\"},\"articleSection\":\"Noticias y Actualidad\"},{\"@type\":\"BreadcrumbList\",\"@id\":\"https:\\\/\\\/eldigitaldeasturias.com\\\/magazine365\\\/amancio-prada-repaso-su-carrera-en-un-concierto-en-rabat-para-los-elegidos\\\/#breadcrumblist\",\"itemListElement\":[{\"@type\":\"ListItem\",\"@id\":\"https:\\\/\\\/eldigitaldeasturias.com\\\/magazine365#listItem\",\"position\":1,\"name\":\"Home\",\"item\":\"https:\\\/\\\/eldigitaldeasturias.com\\\/magazine365\",\"nextItem\":{\"@type\":\"ListItem\",\"@id\":\"https:\\\/\\\/eldigitaldeasturias.com\\\/magazine365\\\/category\\\/noticias-actualidad\\\/#listItem\",\"name\":\"Noticias y Actualidad\"}},{\"@type\":\"ListItem\",\"@id\":\"https:\\\/\\\/eldigitaldeasturias.com\\\/magazine365\\\/category\\\/noticias-actualidad\\\/#listItem\",\"position\":2,\"name\":\"Noticias y Actualidad\",\"item\":\"https:\\\/\\\/eldigitaldeasturias.com\\\/magazine365\\\/category\\\/noticias-actualidad\\\/\",\"nextItem\":{\"@type\":\"ListItem\",\"@id\":\"https:\\\/\\\/eldigitaldeasturias.com\\\/magazine365\\\/amancio-prada-repaso-su-carrera-en-un-concierto-en-rabat-para-los-elegidos\\\/#listItem\",\"name\":\"Amancio Prada repas\\u00f3 su carrera en un concierto en Rabat para los elegidos\"},\"previousItem\":{\"@type\":\"ListItem\",\"@id\":\"https:\\\/\\\/eldigitaldeasturias.com\\\/magazine365#listItem\",\"name\":\"Home\"}},{\"@type\":\"ListItem\",\"@id\":\"https:\\\/\\\/eldigitaldeasturias.com\\\/magazine365\\\/amancio-prada-repaso-su-carrera-en-un-concierto-en-rabat-para-los-elegidos\\\/#listItem\",\"position\":3,\"name\":\"Amancio Prada repas\\u00f3 su carrera en un concierto en Rabat para los elegidos\",\"previousItem\":{\"@type\":\"ListItem\",\"@id\":\"https:\\\/\\\/eldigitaldeasturias.com\\\/magazine365\\\/category\\\/noticias-actualidad\\\/#listItem\",\"name\":\"Noticias y Actualidad\"}}]},{\"@type\":\"Organization\",\"@id\":\"https:\\\/\\\/eldigitaldeasturias.com\\\/magazine365\\\/#organization\",\"name\":\"El digital de Asturias\",\"description\":\"Revista de ocio, turismo y estilo de vida\",\"url\":\"https:\\\/\\\/eldigitaldeasturias.com\\\/magazine365\\\/\",\"logo\":{\"@type\":\"ImageObject\",\"url\":\"https:\\\/\\\/www.eldigitaldeasturias.com\\\/noticias\\\/wp-content\\\/uploads\\\/2020\\\/12\\\/EDA.jpg\",\"@id\":\"https:\\\/\\\/eldigitaldeasturias.com\\\/magazine365\\\/amancio-prada-repaso-su-carrera-en-un-concierto-en-rabat-para-los-elegidos\\\/#organizationLogo\"},\"image\":{\"@id\":\"https:\\\/\\\/eldigitaldeasturias.com\\\/magazine365\\\/amancio-prada-repaso-su-carrera-en-un-concierto-en-rabat-para-los-elegidos\\\/#organizationLogo\"}},{\"@type\":\"Person\",\"@id\":\"https:\\\/\\\/eldigitaldeasturias.com\\\/magazine365\\\/author\\\/admin\\\/#author\",\"url\":\"https:\\\/\\\/eldigitaldeasturias.com\\\/magazine365\\\/author\\\/admin\\\/\",\"name\":\"admin\",\"image\":{\"@type\":\"ImageObject\",\"@id\":\"https:\\\/\\\/eldigitaldeasturias.com\\\/magazine365\\\/amancio-prada-repaso-su-carrera-en-un-concierto-en-rabat-para-los-elegidos\\\/#authorImage\",\"url\":\"https:\\\/\\\/eldigitaldeasturias.com\\\/magazine365\\\/wp-content\\\/litespeed\\\/avatar\\\/e571bcf59a0edd6fa6838245a470f2fe.jpg?ver=1777574230\",\"width\":96,\"height\":96,\"caption\":\"admin\"}},{\"@type\":\"WebPage\",\"@id\":\"https:\\\/\\\/eldigitaldeasturias.com\\\/magazine365\\\/amancio-prada-repaso-su-carrera-en-un-concierto-en-rabat-para-los-elegidos\\\/#webpage\",\"url\":\"https:\\\/\\\/eldigitaldeasturias.com\\\/magazine365\\\/amancio-prada-repaso-su-carrera-en-un-concierto-en-rabat-para-los-elegidos\\\/\",\"name\":\"Amancio Prada repas\\u00f3 su carrera en un concierto en Rabat para los elegidos | El Digital de Asturias\",\"description\":\"Rabat, 5 jun (EFE).- El cantante espa\\u00f1ol Amancio Prada ofreci\\u00f3 en Rabat un concierto en el que repas\\u00f3 pr\\u00e1cticamente toda su carrera para un p\\u00fablico elegido que, en medio de una semana de conciertos masivos, prefiri\\u00f3 envolverse en la voz c\\u00e1lida del trovador leon\\u00e9s. Acompa\\u00f1ado por un grupo de guitarra, mandolina, acorde\\u00f3n, violoncello y percusi\\u00f3n,\",\"inLanguage\":\"es-ES\",\"isPartOf\":{\"@id\":\"https:\\\/\\\/eldigitaldeasturias.com\\\/magazine365\\\/#website\"},\"breadcrumb\":{\"@id\":\"https:\\\/\\\/eldigitaldeasturias.com\\\/magazine365\\\/amancio-prada-repaso-su-carrera-en-un-concierto-en-rabat-para-los-elegidos\\\/#breadcrumblist\"},\"author\":{\"@id\":\"https:\\\/\\\/eldigitaldeasturias.com\\\/magazine365\\\/author\\\/admin\\\/#author\"},\"creator\":{\"@id\":\"https:\\\/\\\/eldigitaldeasturias.com\\\/magazine365\\\/author\\\/admin\\\/#author\"},\"image\":{\"@type\":\"ImageObject\",\"url\":\"https:\\\/\\\/eldigitaldeasturias.com\\\/magazine365\\\/wp-content\\\/uploads\\\/2014\\\/06\\\/6335816w.jpg\",\"@id\":\"https:\\\/\\\/eldigitaldeasturias.com\\\/magazine365\\\/amancio-prada-repaso-su-carrera-en-un-concierto-en-rabat-para-los-elegidos\\\/#mainImage\",\"width\":800,\"height\":511},\"primaryImageOfPage\":{\"@id\":\"https:\\\/\\\/eldigitaldeasturias.com\\\/magazine365\\\/amancio-prada-repaso-su-carrera-en-un-concierto-en-rabat-para-los-elegidos\\\/#mainImage\"},\"datePublished\":\"2014-06-05T10:33:37+02:00\",\"dateModified\":\"2014-06-05T10:33:37+02:00\"},{\"@type\":\"WebSite\",\"@id\":\"https:\\\/\\\/eldigitaldeasturias.com\\\/magazine365\\\/#website\",\"url\":\"https:\\\/\\\/eldigitaldeasturias.com\\\/magazine365\\\/\",\"name\":\"El Digital de Asturias\",\"description\":\"Revista de ocio, turismo y estilo de vida\",\"inLanguage\":\"es-ES\",\"publisher\":{\"@id\":\"https:\\\/\\\/eldigitaldeasturias.com\\\/magazine365\\\/#organization\"}}]}\n\t\t<\/script>\n\t\t<!-- All in One SEO Pro -->\r\n\t\t<title>Amancio Prada repas\u00f3 su carrera en un concierto en Rabat para los elegidos | El Digital de Asturias<\/title>\n\n","aioseo_head_json":{"title":"Amancio Prada repas\u00f3 su carrera en un concierto en Rabat para los elegidos | El Digital de Asturias","description":"Rabat, 5 jun (EFE).- El cantante espa\u00f1ol Amancio Prada ofreci\u00f3 en Rabat un concierto en el que repas\u00f3 pr\u00e1cticamente toda su carrera para un p\u00fablico elegido que, en medio de una semana de conciertos masivos, prefiri\u00f3 envolverse en la voz c\u00e1lida del trovador leon\u00e9s. Acompa\u00f1ado por un grupo de guitarra, mandolina, acorde\u00f3n, violoncello y percusi\u00f3n,","canonical_url":"https:\/\/eldigitaldeasturias.com\/magazine365\/amancio-prada-repaso-su-carrera-en-un-concierto-en-rabat-para-los-elegidos\/","robots":"max-image-preview:large","keywords":"noticias y actualidad","webmasterTools":{"google-site-verification":"UA-38556648-1","miscellaneous":""},"schema":{"@context":"https:\/\/schema.org","@graph":[{"@type":"Article","@id":"https:\/\/eldigitaldeasturias.com\/magazine365\/amancio-prada-repaso-su-carrera-en-un-concierto-en-rabat-para-los-elegidos\/#article","name":"Amancio Prada repas\u00f3 su carrera en un concierto en Rabat para los elegidos | El Digital de Asturias","headline":"Amancio Prada repas\u00f3 su carrera en un concierto en Rabat para los elegidos","author":{"@id":"https:\/\/eldigitaldeasturias.com\/magazine365\/author\/admin\/#author"},"publisher":{"@id":"https:\/\/eldigitaldeasturias.com\/magazine365\/#organization"},"image":{"@type":"ImageObject","url":"https:\/\/eldigitaldeasturias.com\/magazine365\/wp-content\/uploads\/2014\/06\/6335816w.jpg","width":800,"height":511},"datePublished":"2014-06-05T10:33:37+02:00","dateModified":"2014-06-05T10:33:37+02:00","inLanguage":"es-ES","mainEntityOfPage":{"@id":"https:\/\/eldigitaldeasturias.com\/magazine365\/amancio-prada-repaso-su-carrera-en-un-concierto-en-rabat-para-los-elegidos\/#webpage"},"isPartOf":{"@id":"https:\/\/eldigitaldeasturias.com\/magazine365\/amancio-prada-repaso-su-carrera-en-un-concierto-en-rabat-para-los-elegidos\/#webpage"},"articleSection":"Noticias y Actualidad"},{"@type":"BreadcrumbList","@id":"https:\/\/eldigitaldeasturias.com\/magazine365\/amancio-prada-repaso-su-carrera-en-un-concierto-en-rabat-para-los-elegidos\/#breadcrumblist","itemListElement":[{"@type":"ListItem","@id":"https:\/\/eldigitaldeasturias.com\/magazine365#listItem","position":1,"name":"Home","item":"https:\/\/eldigitaldeasturias.com\/magazine365","nextItem":{"@type":"ListItem","@id":"https:\/\/eldigitaldeasturias.com\/magazine365\/category\/noticias-actualidad\/#listItem","name":"Noticias y Actualidad"}},{"@type":"ListItem","@id":"https:\/\/eldigitaldeasturias.com\/magazine365\/category\/noticias-actualidad\/#listItem","position":2,"name":"Noticias y Actualidad","item":"https:\/\/eldigitaldeasturias.com\/magazine365\/category\/noticias-actualidad\/","nextItem":{"@type":"ListItem","@id":"https:\/\/eldigitaldeasturias.com\/magazine365\/amancio-prada-repaso-su-carrera-en-un-concierto-en-rabat-para-los-elegidos\/#listItem","name":"Amancio Prada repas\u00f3 su carrera en un concierto en Rabat para los elegidos"},"previousItem":{"@type":"ListItem","@id":"https:\/\/eldigitaldeasturias.com\/magazine365#listItem","name":"Home"}},{"@type":"ListItem","@id":"https:\/\/eldigitaldeasturias.com\/magazine365\/amancio-prada-repaso-su-carrera-en-un-concierto-en-rabat-para-los-elegidos\/#listItem","position":3,"name":"Amancio Prada repas\u00f3 su carrera en un concierto en Rabat para los elegidos","previousItem":{"@type":"ListItem","@id":"https:\/\/eldigitaldeasturias.com\/magazine365\/category\/noticias-actualidad\/#listItem","name":"Noticias y Actualidad"}}]},{"@type":"Organization","@id":"https:\/\/eldigitaldeasturias.com\/magazine365\/#organization","name":"El digital de Asturias","description":"Revista de ocio, turismo y estilo de vida","url":"https:\/\/eldigitaldeasturias.com\/magazine365\/","logo":{"@type":"ImageObject","url":"https:\/\/www.eldigitaldeasturias.com\/noticias\/wp-content\/uploads\/2020\/12\/EDA.jpg","@id":"https:\/\/eldigitaldeasturias.com\/magazine365\/amancio-prada-repaso-su-carrera-en-un-concierto-en-rabat-para-los-elegidos\/#organizationLogo"},"image":{"@id":"https:\/\/eldigitaldeasturias.com\/magazine365\/amancio-prada-repaso-su-carrera-en-un-concierto-en-rabat-para-los-elegidos\/#organizationLogo"}},{"@type":"Person","@id":"https:\/\/eldigitaldeasturias.com\/magazine365\/author\/admin\/#author","url":"https:\/\/eldigitaldeasturias.com\/magazine365\/author\/admin\/","name":"admin","image":{"@type":"ImageObject","@id":"https:\/\/eldigitaldeasturias.com\/magazine365\/amancio-prada-repaso-su-carrera-en-un-concierto-en-rabat-para-los-elegidos\/#authorImage","url":"https:\/\/eldigitaldeasturias.com\/magazine365\/wp-content\/litespeed\/avatar\/e571bcf59a0edd6fa6838245a470f2fe.jpg?ver=1777574230","width":96,"height":96,"caption":"admin"}},{"@type":"WebPage","@id":"https:\/\/eldigitaldeasturias.com\/magazine365\/amancio-prada-repaso-su-carrera-en-un-concierto-en-rabat-para-los-elegidos\/#webpage","url":"https:\/\/eldigitaldeasturias.com\/magazine365\/amancio-prada-repaso-su-carrera-en-un-concierto-en-rabat-para-los-elegidos\/","name":"Amancio Prada repas\u00f3 su carrera en un concierto en Rabat para los elegidos | El Digital de Asturias","description":"Rabat, 5 jun (EFE).- El cantante espa\u00f1ol Amancio Prada ofreci\u00f3 en Rabat un concierto en el que repas\u00f3 pr\u00e1cticamente toda su carrera para un p\u00fablico elegido que, en medio de una semana de conciertos masivos, prefiri\u00f3 envolverse en la voz c\u00e1lida del trovador leon\u00e9s. Acompa\u00f1ado por un grupo de guitarra, mandolina, acorde\u00f3n, violoncello y percusi\u00f3n,","inLanguage":"es-ES","isPartOf":{"@id":"https:\/\/eldigitaldeasturias.com\/magazine365\/#website"},"breadcrumb":{"@id":"https:\/\/eldigitaldeasturias.com\/magazine365\/amancio-prada-repaso-su-carrera-en-un-concierto-en-rabat-para-los-elegidos\/#breadcrumblist"},"author":{"@id":"https:\/\/eldigitaldeasturias.com\/magazine365\/author\/admin\/#author"},"creator":{"@id":"https:\/\/eldigitaldeasturias.com\/magazine365\/author\/admin\/#author"},"image":{"@type":"ImageObject","url":"https:\/\/eldigitaldeasturias.com\/magazine365\/wp-content\/uploads\/2014\/06\/6335816w.jpg","@id":"https:\/\/eldigitaldeasturias.com\/magazine365\/amancio-prada-repaso-su-carrera-en-un-concierto-en-rabat-para-los-elegidos\/#mainImage","width":800,"height":511},"primaryImageOfPage":{"@id":"https:\/\/eldigitaldeasturias.com\/magazine365\/amancio-prada-repaso-su-carrera-en-un-concierto-en-rabat-para-los-elegidos\/#mainImage"},"datePublished":"2014-06-05T10:33:37+02:00","dateModified":"2014-06-05T10:33:37+02:00"},{"@type":"WebSite","@id":"https:\/\/eldigitaldeasturias.com\/magazine365\/#website","url":"https:\/\/eldigitaldeasturias.com\/magazine365\/","name":"El Digital de Asturias","description":"Revista de ocio, turismo y estilo de vida","inLanguage":"es-ES","publisher":{"@id":"https:\/\/eldigitaldeasturias.com\/magazine365\/#organization"}}]},"og:locale":"es_ES","og:site_name":"El Digital de Asturias \u2013 Revista de ocio, turismo y estilo de vida","og:type":"article","og:title":"Amancio Prada repas\u00f3 su carrera en un concierto en Rabat para los elegidos | El Digital de Asturias","og:description":"Rabat, 5 jun (EFE).- El cantante espa\u00f1ol Amancio Prada ofreci\u00f3 en Rabat un concierto en el que repas\u00f3 pr\u00e1cticamente toda su carrera para un p\u00fablico elegido que, en medio de una semana de conciertos masivos, prefiri\u00f3 envolverse en la voz c\u00e1lida del trovador leon\u00e9s. Acompa\u00f1ado por un grupo de guitarra, mandolina, acorde\u00f3n, violoncello y percusi\u00f3n,","og:url":"https:\/\/eldigitaldeasturias.com\/magazine365\/amancio-prada-repaso-su-carrera-en-un-concierto-en-rabat-para-los-elegidos\/","og:image":"https:\/\/eldigitaldeasturias.com\/magazine365\/wp-content\/uploads\/2014\/06\/6335816w.jpg","og:image:secure_url":"https:\/\/eldigitaldeasturias.com\/magazine365\/wp-content\/uploads\/2014\/06\/6335816w.jpg","og:image:width":800,"og:image:height":511,"article:published_time":"2014-06-05T12:33:37+00:00","article:modified_time":"2014-06-05T12:33:37+00:00","twitter:card":"summary_large_image","twitter:title":"Amancio Prada repas\u00f3 su carrera en un concierto en Rabat para los elegidos | El Digital de Asturias","twitter:description":"Rabat, 5 jun (EFE).- El cantante espa\u00f1ol Amancio Prada ofreci\u00f3 en Rabat un concierto en el que repas\u00f3 pr\u00e1cticamente toda su carrera para un p\u00fablico elegido que, en medio de una semana de conciertos masivos, prefiri\u00f3 envolverse en la voz c\u00e1lida del trovador leon\u00e9s. Acompa\u00f1ado por un grupo de guitarra, mandolina, acorde\u00f3n, violoncello y percusi\u00f3n,","twitter:image":"https:\/\/eldigitaldeasturias.com\/magazine365\/wp-content\/uploads\/2014\/06\/6335816w.jpg"},"aioseo_meta_data":{"post_id":"15096","title":null,"description":null,"keywords":null,"keyphrases":null,"primary_term":null,"canonical_url":null,"og_title":null,"og_description":null,"og_object_type":"default","og_image_type":"default","og_image_url":null,"og_image_width":null,"og_image_height":null,"og_image_custom_url":null,"og_image_custom_fields":null,"og_video":null,"og_custom_url":null,"og_article_section":null,"og_article_tags":null,"twitter_use_og":false,"twitter_card":"default","twitter_image_type":"default","twitter_image_url":null,"twitter_image_custom_url":null,"twitter_image_custom_fields":null,"twitter_title":null,"twitter_description":null,"schema":{"blockGraphs":[],"customGraphs":[],"default":{"data":{"Article":[],"Course":[],"Dataset":[],"FAQPage":[],"Movie":[],"Person":[],"Product":[],"ProductReview":[],"Car":[],"Recipe":[],"Service":[],"SoftwareApplication":[],"WebPage":[]},"graphName":"","isEnabled":true},"graphs":[],"defaultGraph":"","defaultPostTypeGraph":""},"schema_type":null,"schema_type_options":null,"pillar_content":false,"robots_default":true,"robots_noindex":false,"robots_noarchive":false,"robots_nosnippet":false,"robots_nofollow":false,"robots_noimageindex":false,"robots_noodp":false,"robots_notranslate":false,"robots_max_snippet":null,"robots_max_videopreview":null,"robots_max_imagepreview":"large","priority":null,"frequency":null,"location":null,"local_seo":null,"seo_analyzer_scan_date":"2025-09-17 11:26:11","breadcrumb_settings":null,"limit_modified_date":false,"open_ai":null,"ai":null,"created":"2021-03-09 08:05:51","updated":"2025-09-17 11:26:11"},"aioseo_breadcrumb":"<div class=\"aioseo-breadcrumbs\"><span class=\"aioseo-breadcrumb\">\n\t<a href=\"https:\/\/eldigitaldeasturias.com\/magazine365\" title=\"Home\">Home<\/a>\n<\/span><span class=\"aioseo-breadcrumb-separator\">\u2013<\/span><span class=\"aioseo-breadcrumb\">\n\t<a href=\"https:\/\/eldigitaldeasturias.com\/magazine365\/category\/noticias-actualidad\/\" title=\"Noticias y Actualidad\">Noticias y Actualidad<\/a>\n<\/span><span class=\"aioseo-breadcrumb-separator\">\u2013<\/span><span class=\"aioseo-breadcrumb\">\n\t<a href=\"https:\/\/eldigitaldeasturias.com\/magazine365\/amancio-prada-repaso-su-carrera-en-un-concierto-en-rabat-para-los-elegidos\/\" title=\"Amancio Prada repas\u00f3 su carrera en un concierto en Rabat para los elegidos\">Amancio Prada repas\u00f3 su carrera en un concierto en Rabat para los elegidos<\/a>\n<\/span><\/div>","aioseo_breadcrumb_json":[{"label":"Home","link":"https:\/\/eldigitaldeasturias.com\/magazine365"},{"label":"Noticias y Actualidad","link":"https:\/\/eldigitaldeasturias.com\/magazine365\/category\/noticias-actualidad\/"},{"label":"Amancio Prada repas\u00f3 su carrera en un concierto en Rabat para los elegidos","link":"https:\/\/eldigitaldeasturias.com\/magazine365\/amancio-prada-repaso-su-carrera-en-un-concierto-en-rabat-para-los-elegidos\/"}],"_links":{"self":[{"href":"https:\/\/eldigitaldeasturias.com\/magazine365\/wp-json\/wp\/v2\/posts\/15096","targetHints":{"allow":["GET"]}}],"collection":[{"href":"https:\/\/eldigitaldeasturias.com\/magazine365\/wp-json\/wp\/v2\/posts"}],"about":[{"href":"https:\/\/eldigitaldeasturias.com\/magazine365\/wp-json\/wp\/v2\/types\/post"}],"author":[{"embeddable":true,"href":"https:\/\/eldigitaldeasturias.com\/magazine365\/wp-json\/wp\/v2\/users\/1"}],"replies":[{"embeddable":true,"href":"https:\/\/eldigitaldeasturias.com\/magazine365\/wp-json\/wp\/v2\/comments?post=15096"}],"version-history":[{"count":0,"href":"https:\/\/eldigitaldeasturias.com\/magazine365\/wp-json\/wp\/v2\/posts\/15096\/revisions"}],"wp:featuredmedia":[{"embeddable":true,"href":"https:\/\/eldigitaldeasturias.com\/magazine365\/wp-json\/wp\/v2\/media\/15097"}],"wp:attachment":[{"href":"https:\/\/eldigitaldeasturias.com\/magazine365\/wp-json\/wp\/v2\/media?parent=15096"}],"wp:term":[{"taxonomy":"category","embeddable":true,"href":"https:\/\/eldigitaldeasturias.com\/magazine365\/wp-json\/wp\/v2\/categories?post=15096"},{"taxonomy":"post_tag","embeddable":true,"href":"https:\/\/eldigitaldeasturias.com\/magazine365\/wp-json\/wp\/v2\/tags?post=15096"}],"curies":[{"name":"wp","href":"https:\/\/api.w.org\/{rel}","templated":true}]}}