{"id":15087,"date":"2014-06-05T10:10:49","date_gmt":"2014-06-05T12:10:49","guid":{"rendered":"http:\/\/eldigitaldeasturias.com\/magazine365\/?p=15087"},"modified":"2014-06-05T10:10:49","modified_gmt":"2014-06-05T12:10:49","slug":"naomi-watts-se-une-a-la-franquicia-divergent","status":"publish","type":"post","link":"https:\/\/eldigitaldeasturias.com\/magazine365\/naomi-watts-se-une-a-la-franquicia-divergent\/","title":{"rendered":"Naomi Watts se une a la franquicia \u00abDivergent\u00bb"},"content":{"rendered":"<p><img fetchpriority=\"high\" decoding=\"async\" class=\"alignleft size-medium wp-image-15088\" alt=\"6335879w\" src=\"https:\/\/eldigitaldeasturias.com\/magazine365\/wp-content\/uploads\/2014\/06\/6335879w-360x239.jpg\" width=\"360\" height=\"239\" \/>Los \u00c1ngeles (EE.UU.), 4 jun (EFE).- La actriz Naomi Watts, candidata dos veces al \u00d3scar, se uni\u00f3 a la franquicia de ciencia ficci\u00f3n para j\u00f3venes \u00abDivergent\u00bb, inform\u00f3 hoy la edici\u00f3n digital de la revista The Hollywood Reporter.<\/p>\n<p>La int\u00e9rprete aparecer\u00e1 en las pr\u00f3ximas tres entregas de la saga, cuya primera parte, estrenada en marzo, ha recaudado cerca de 270 millones de d\u00f3lares en todo el mundo.<\/p>\n<p>Watts encarnar\u00e1 a Evelyn, l\u00edder de uno de los distintos grupos que pueblan el universo de la saga, a partir de la segunda parte, titulada \u00abInsurgent\u00bb, cuyo estreno est\u00e1 previsto para marzo del pr\u00f3ximo a\u00f1o.<\/p>\n<p>La actriz se incorporar\u00e1 de inmediato al rodaje de la cinta, cuya producci\u00f3n ech\u00f3 a andar la semana pasada en Atlanta (Georgia).<\/p>\n<p>El reparto lo forman Shailene Woodley, Theo James, Ansel Elgort, Kate Winslet y Miles Teller, que aparecieron en el filme original.<\/p>\n<p>Watts y Octavia Spencer son las principales incorporaciones al elenco.<\/p>\n<p>Tras concluir su participaci\u00f3n en \u00abInsurgent\u00bb, Watts pasar\u00e1 al rodaje de \u00abSea of Trees\u00bb, una cinta de Gus Van Sant en la que tambi\u00e9n intervendr\u00e1 Matthew McConaughey.<\/p>\n<p>El estudio Lionsgate indic\u00f3 en abril que la adaptaci\u00f3n cinematogr\u00e1fica del tercer libro de la saga literaria creada por Veronica Roth, titulado \u00abAllegiant\u00bb, llegar\u00e1 a las salas en dos pel\u00edculas. La primera se estrenar\u00e1 en marzo de 2016 y la siguiente en marzo de 2017.<\/p>\n<p>La saga literaria se aproxima actualmente a los casi 20 millones de copias vendidas.<\/p>\n<p>\u00abDivergent\u00bb, dirigida por Neil Burger, propone una historia de acci\u00f3n futurista que presenta una sociedad dividida en cinco facciones (Verdad, Erudici\u00f3n, Cordialidad, Osad\u00eda y Abnegaci\u00f3n), a la que cada persona se debe encomendar y comprometer para el resto de su vida para erradicar los bajos instintos de la naturaleza humana.<\/p>\n","protected":false},"excerpt":{"rendered":"<p>Los \u00c1ngeles (EE.UU.), 4 jun (EFE).- La actriz Naomi Watts, candidata dos veces al \u00d3scar, se uni\u00f3 a la franquicia de ciencia ficci\u00f3n para j\u00f3venes \u00abDivergent\u00bb, inform\u00f3 hoy la edici\u00f3n digital de la revista The Hollywood Reporter. La int\u00e9rprete aparecer\u00e1 en las pr\u00f3ximas tres entregas de la saga, cuya primera parte, estrenada en marzo, ha<\/p>\n","protected":false},"author":1,"featured_media":15088,"comment_status":"open","ping_status":"closed","sticky":false,"template":"","format":"standard","meta":{"footnotes":""},"categories":[224],"tags":[],"class_list":{"0":"post-15087","1":"post","2":"type-post","3":"status-publish","4":"format-standard","5":"has-post-thumbnail","7":"category-noticias-actualidad"},"aioseo_notices":[],"aioseo_head":"\n\t\t<!-- All in One SEO Pro 4.9.6.1 - aioseo.com -->\n\t<meta name=\"description\" content=\"Los \u00c1ngeles (EE.UU.), 4 jun (EFE).- La actriz Naomi Watts, candidata dos veces al \u00d3scar, se uni\u00f3 a la franquicia de ciencia ficci\u00f3n para j\u00f3venes &quot;Divergent&quot;, inform\u00f3 hoy la edici\u00f3n digital de la revista The Hollywood Reporter. La int\u00e9rprete aparecer\u00e1 en las pr\u00f3ximas tres entregas de la saga, cuya primera parte, estrenada en marzo, ha\" \/>\n\t<meta name=\"robots\" content=\"max-image-preview:large\" \/>\n\t<meta name=\"author\" content=\"admin\"\/>\n\t<meta name=\"google-site-verification\" content=\"UA-38556648-1\" \/>\n\t<meta name=\"keywords\" content=\"noticias y actualidad\" \/>\n\t<link rel=\"canonical\" href=\"https:\/\/eldigitaldeasturias.com\/magazine365\/naomi-watts-se-une-a-la-franquicia-divergent\/\" \/>\n\t<meta name=\"generator\" content=\"All in One SEO Pro (AIOSEO) 4.9.6.1\" \/>\n\t\t<meta property=\"og:locale\" content=\"es_ES\" \/>\n\t\t<meta property=\"og:site_name\" content=\"El Digital de Asturias \u2013 Revista de ocio, turismo y estilo de vida\" \/>\n\t\t<meta property=\"og:type\" content=\"article\" \/>\n\t\t<meta property=\"og:title\" content=\"Naomi Watts se une a la franquicia \u00abDivergent\u00bb | El Digital de Asturias\" \/>\n\t\t<meta property=\"og:description\" content=\"Los \u00c1ngeles (EE.UU.), 4 jun (EFE).- La actriz Naomi Watts, candidata dos veces al \u00d3scar, se uni\u00f3 a la franquicia de ciencia ficci\u00f3n para j\u00f3venes &quot;Divergent&quot;, inform\u00f3 hoy la edici\u00f3n digital de la revista The Hollywood Reporter. La int\u00e9rprete aparecer\u00e1 en las pr\u00f3ximas tres entregas de la saga, cuya primera parte, estrenada en marzo, ha\" \/>\n\t\t<meta property=\"og:url\" content=\"https:\/\/eldigitaldeasturias.com\/magazine365\/naomi-watts-se-une-a-la-franquicia-divergent\/\" \/>\n\t\t<meta property=\"og:image\" content=\"https:\/\/eldigitaldeasturias.com\/magazine365\/wp-content\/uploads\/2014\/06\/6335879w.jpg\" \/>\n\t\t<meta property=\"og:image:secure_url\" content=\"https:\/\/eldigitaldeasturias.com\/magazine365\/wp-content\/uploads\/2014\/06\/6335879w.jpg\" \/>\n\t\t<meta property=\"og:image:width\" content=\"800\" \/>\n\t\t<meta property=\"og:image:height\" content=\"533\" \/>\n\t\t<meta property=\"article:published_time\" content=\"2014-06-05T12:10:49+00:00\" \/>\n\t\t<meta property=\"article:modified_time\" content=\"2014-06-05T12:10:49+00:00\" \/>\n\t\t<meta name=\"twitter:card\" content=\"summary_large_image\" \/>\n\t\t<meta name=\"twitter:title\" content=\"Naomi Watts se une a la franquicia \u00abDivergent\u00bb | El Digital de Asturias\" \/>\n\t\t<meta name=\"twitter:description\" content=\"Los \u00c1ngeles (EE.UU.), 4 jun (EFE).- La actriz Naomi Watts, candidata dos veces al \u00d3scar, se uni\u00f3 a la franquicia de ciencia ficci\u00f3n para j\u00f3venes &quot;Divergent&quot;, inform\u00f3 hoy la edici\u00f3n digital de la revista The Hollywood Reporter. La int\u00e9rprete aparecer\u00e1 en las pr\u00f3ximas tres entregas de la saga, cuya primera parte, estrenada en marzo, ha\" \/>\n\t\t<meta name=\"twitter:image\" content=\"https:\/\/eldigitaldeasturias.com\/magazine365\/wp-content\/uploads\/2014\/06\/6335879w.jpg\" \/>\n\t\t<script type=\"application\/ld+json\" class=\"aioseo-schema\">\n\t\t\t{\"@context\":\"https:\\\/\\\/schema.org\",\"@graph\":[{\"@type\":\"Article\",\"@id\":\"https:\\\/\\\/eldigitaldeasturias.com\\\/magazine365\\\/naomi-watts-se-une-a-la-franquicia-divergent\\\/#article\",\"name\":\"Naomi Watts se une a la franquicia \\u00abDivergent\\u00bb | El Digital de Asturias\",\"headline\":\"Naomi Watts se une a la franquicia \\u00abDivergent\\u00bb\",\"author\":{\"@id\":\"https:\\\/\\\/eldigitaldeasturias.com\\\/magazine365\\\/author\\\/admin\\\/#author\"},\"publisher\":{\"@id\":\"https:\\\/\\\/eldigitaldeasturias.com\\\/magazine365\\\/#organization\"},\"image\":{\"@type\":\"ImageObject\",\"url\":\"https:\\\/\\\/eldigitaldeasturias.com\\\/magazine365\\\/wp-content\\\/uploads\\\/2014\\\/06\\\/6335879w.jpg\",\"width\":800,\"height\":533},\"datePublished\":\"2014-06-05T10:10:49+02:00\",\"dateModified\":\"2014-06-05T10:10:49+02:00\",\"inLanguage\":\"es-ES\",\"mainEntityOfPage\":{\"@id\":\"https:\\\/\\\/eldigitaldeasturias.com\\\/magazine365\\\/naomi-watts-se-une-a-la-franquicia-divergent\\\/#webpage\"},\"isPartOf\":{\"@id\":\"https:\\\/\\\/eldigitaldeasturias.com\\\/magazine365\\\/naomi-watts-se-une-a-la-franquicia-divergent\\\/#webpage\"},\"articleSection\":\"Noticias y Actualidad\"},{\"@type\":\"BreadcrumbList\",\"@id\":\"https:\\\/\\\/eldigitaldeasturias.com\\\/magazine365\\\/naomi-watts-se-une-a-la-franquicia-divergent\\\/#breadcrumblist\",\"itemListElement\":[{\"@type\":\"ListItem\",\"@id\":\"https:\\\/\\\/eldigitaldeasturias.com\\\/magazine365#listItem\",\"position\":1,\"name\":\"Home\",\"item\":\"https:\\\/\\\/eldigitaldeasturias.com\\\/magazine365\",\"nextItem\":{\"@type\":\"ListItem\",\"@id\":\"https:\\\/\\\/eldigitaldeasturias.com\\\/magazine365\\\/category\\\/noticias-actualidad\\\/#listItem\",\"name\":\"Noticias y Actualidad\"}},{\"@type\":\"ListItem\",\"@id\":\"https:\\\/\\\/eldigitaldeasturias.com\\\/magazine365\\\/category\\\/noticias-actualidad\\\/#listItem\",\"position\":2,\"name\":\"Noticias y Actualidad\",\"item\":\"https:\\\/\\\/eldigitaldeasturias.com\\\/magazine365\\\/category\\\/noticias-actualidad\\\/\",\"nextItem\":{\"@type\":\"ListItem\",\"@id\":\"https:\\\/\\\/eldigitaldeasturias.com\\\/magazine365\\\/naomi-watts-se-une-a-la-franquicia-divergent\\\/#listItem\",\"name\":\"Naomi Watts se une a la franquicia \\u00abDivergent\\u00bb\"},\"previousItem\":{\"@type\":\"ListItem\",\"@id\":\"https:\\\/\\\/eldigitaldeasturias.com\\\/magazine365#listItem\",\"name\":\"Home\"}},{\"@type\":\"ListItem\",\"@id\":\"https:\\\/\\\/eldigitaldeasturias.com\\\/magazine365\\\/naomi-watts-se-une-a-la-franquicia-divergent\\\/#listItem\",\"position\":3,\"name\":\"Naomi Watts se une a la franquicia \\u00abDivergent\\u00bb\",\"previousItem\":{\"@type\":\"ListItem\",\"@id\":\"https:\\\/\\\/eldigitaldeasturias.com\\\/magazine365\\\/category\\\/noticias-actualidad\\\/#listItem\",\"name\":\"Noticias y Actualidad\"}}]},{\"@type\":\"Organization\",\"@id\":\"https:\\\/\\\/eldigitaldeasturias.com\\\/magazine365\\\/#organization\",\"name\":\"El digital de Asturias\",\"description\":\"Revista de ocio, turismo y estilo de vida\",\"url\":\"https:\\\/\\\/eldigitaldeasturias.com\\\/magazine365\\\/\",\"logo\":{\"@type\":\"ImageObject\",\"url\":\"https:\\\/\\\/www.eldigitaldeasturias.com\\\/noticias\\\/wp-content\\\/uploads\\\/2020\\\/12\\\/EDA.jpg\",\"@id\":\"https:\\\/\\\/eldigitaldeasturias.com\\\/magazine365\\\/naomi-watts-se-une-a-la-franquicia-divergent\\\/#organizationLogo\"},\"image\":{\"@id\":\"https:\\\/\\\/eldigitaldeasturias.com\\\/magazine365\\\/naomi-watts-se-une-a-la-franquicia-divergent\\\/#organizationLogo\"}},{\"@type\":\"Person\",\"@id\":\"https:\\\/\\\/eldigitaldeasturias.com\\\/magazine365\\\/author\\\/admin\\\/#author\",\"url\":\"https:\\\/\\\/eldigitaldeasturias.com\\\/magazine365\\\/author\\\/admin\\\/\",\"name\":\"admin\",\"image\":{\"@type\":\"ImageObject\",\"@id\":\"https:\\\/\\\/eldigitaldeasturias.com\\\/magazine365\\\/naomi-watts-se-une-a-la-franquicia-divergent\\\/#authorImage\",\"url\":\"https:\\\/\\\/eldigitaldeasturias.com\\\/magazine365\\\/wp-content\\\/litespeed\\\/avatar\\\/e571bcf59a0edd6fa6838245a470f2fe.jpg?ver=1777574230\",\"width\":96,\"height\":96,\"caption\":\"admin\"}},{\"@type\":\"WebPage\",\"@id\":\"https:\\\/\\\/eldigitaldeasturias.com\\\/magazine365\\\/naomi-watts-se-une-a-la-franquicia-divergent\\\/#webpage\",\"url\":\"https:\\\/\\\/eldigitaldeasturias.com\\\/magazine365\\\/naomi-watts-se-une-a-la-franquicia-divergent\\\/\",\"name\":\"Naomi Watts se une a la franquicia \\u00abDivergent\\u00bb | El Digital de Asturias\",\"description\":\"Los \\u00c1ngeles (EE.UU.), 4 jun (EFE).- La actriz Naomi Watts, candidata dos veces al \\u00d3scar, se uni\\u00f3 a la franquicia de ciencia ficci\\u00f3n para j\\u00f3venes \\\"Divergent\\\", inform\\u00f3 hoy la edici\\u00f3n digital de la revista The Hollywood Reporter. La int\\u00e9rprete aparecer\\u00e1 en las pr\\u00f3ximas tres entregas de la saga, cuya primera parte, estrenada en marzo, ha\",\"inLanguage\":\"es-ES\",\"isPartOf\":{\"@id\":\"https:\\\/\\\/eldigitaldeasturias.com\\\/magazine365\\\/#website\"},\"breadcrumb\":{\"@id\":\"https:\\\/\\\/eldigitaldeasturias.com\\\/magazine365\\\/naomi-watts-se-une-a-la-franquicia-divergent\\\/#breadcrumblist\"},\"author\":{\"@id\":\"https:\\\/\\\/eldigitaldeasturias.com\\\/magazine365\\\/author\\\/admin\\\/#author\"},\"creator\":{\"@id\":\"https:\\\/\\\/eldigitaldeasturias.com\\\/magazine365\\\/author\\\/admin\\\/#author\"},\"image\":{\"@type\":\"ImageObject\",\"url\":\"https:\\\/\\\/eldigitaldeasturias.com\\\/magazine365\\\/wp-content\\\/uploads\\\/2014\\\/06\\\/6335879w.jpg\",\"@id\":\"https:\\\/\\\/eldigitaldeasturias.com\\\/magazine365\\\/naomi-watts-se-une-a-la-franquicia-divergent\\\/#mainImage\",\"width\":800,\"height\":533},\"primaryImageOfPage\":{\"@id\":\"https:\\\/\\\/eldigitaldeasturias.com\\\/magazine365\\\/naomi-watts-se-une-a-la-franquicia-divergent\\\/#mainImage\"},\"datePublished\":\"2014-06-05T10:10:49+02:00\",\"dateModified\":\"2014-06-05T10:10:49+02:00\"},{\"@type\":\"WebSite\",\"@id\":\"https:\\\/\\\/eldigitaldeasturias.com\\\/magazine365\\\/#website\",\"url\":\"https:\\\/\\\/eldigitaldeasturias.com\\\/magazine365\\\/\",\"name\":\"El Digital de Asturias\",\"description\":\"Revista de ocio, turismo y estilo de vida\",\"inLanguage\":\"es-ES\",\"publisher\":{\"@id\":\"https:\\\/\\\/eldigitaldeasturias.com\\\/magazine365\\\/#organization\"}}]}\n\t\t<\/script>\n\t\t<!-- All in One SEO Pro -->\r\n\t\t<title>Naomi Watts se une a la franquicia \u00abDivergent\u00bb | El Digital de Asturias<\/title>\n\n","aioseo_head_json":{"title":"Naomi Watts se une a la franquicia \u00abDivergent\u00bb | El Digital de Asturias","description":"Los \u00c1ngeles (EE.UU.), 4 jun (EFE).- La actriz Naomi Watts, candidata dos veces al \u00d3scar, se uni\u00f3 a la franquicia de ciencia ficci\u00f3n para j\u00f3venes \"Divergent\", inform\u00f3 hoy la edici\u00f3n digital de la revista The Hollywood Reporter. La int\u00e9rprete aparecer\u00e1 en las pr\u00f3ximas tres entregas de la saga, cuya primera parte, estrenada en marzo, ha","canonical_url":"https:\/\/eldigitaldeasturias.com\/magazine365\/naomi-watts-se-une-a-la-franquicia-divergent\/","robots":"max-image-preview:large","keywords":"noticias y actualidad","webmasterTools":{"google-site-verification":"UA-38556648-1","miscellaneous":""},"schema":{"@context":"https:\/\/schema.org","@graph":[{"@type":"Article","@id":"https:\/\/eldigitaldeasturias.com\/magazine365\/naomi-watts-se-une-a-la-franquicia-divergent\/#article","name":"Naomi Watts se une a la franquicia \u00abDivergent\u00bb | El Digital de Asturias","headline":"Naomi Watts se une a la franquicia \u00abDivergent\u00bb","author":{"@id":"https:\/\/eldigitaldeasturias.com\/magazine365\/author\/admin\/#author"},"publisher":{"@id":"https:\/\/eldigitaldeasturias.com\/magazine365\/#organization"},"image":{"@type":"ImageObject","url":"https:\/\/eldigitaldeasturias.com\/magazine365\/wp-content\/uploads\/2014\/06\/6335879w.jpg","width":800,"height":533},"datePublished":"2014-06-05T10:10:49+02:00","dateModified":"2014-06-05T10:10:49+02:00","inLanguage":"es-ES","mainEntityOfPage":{"@id":"https:\/\/eldigitaldeasturias.com\/magazine365\/naomi-watts-se-une-a-la-franquicia-divergent\/#webpage"},"isPartOf":{"@id":"https:\/\/eldigitaldeasturias.com\/magazine365\/naomi-watts-se-une-a-la-franquicia-divergent\/#webpage"},"articleSection":"Noticias y Actualidad"},{"@type":"BreadcrumbList","@id":"https:\/\/eldigitaldeasturias.com\/magazine365\/naomi-watts-se-une-a-la-franquicia-divergent\/#breadcrumblist","itemListElement":[{"@type":"ListItem","@id":"https:\/\/eldigitaldeasturias.com\/magazine365#listItem","position":1,"name":"Home","item":"https:\/\/eldigitaldeasturias.com\/magazine365","nextItem":{"@type":"ListItem","@id":"https:\/\/eldigitaldeasturias.com\/magazine365\/category\/noticias-actualidad\/#listItem","name":"Noticias y Actualidad"}},{"@type":"ListItem","@id":"https:\/\/eldigitaldeasturias.com\/magazine365\/category\/noticias-actualidad\/#listItem","position":2,"name":"Noticias y Actualidad","item":"https:\/\/eldigitaldeasturias.com\/magazine365\/category\/noticias-actualidad\/","nextItem":{"@type":"ListItem","@id":"https:\/\/eldigitaldeasturias.com\/magazine365\/naomi-watts-se-une-a-la-franquicia-divergent\/#listItem","name":"Naomi Watts se une a la franquicia \u00abDivergent\u00bb"},"previousItem":{"@type":"ListItem","@id":"https:\/\/eldigitaldeasturias.com\/magazine365#listItem","name":"Home"}},{"@type":"ListItem","@id":"https:\/\/eldigitaldeasturias.com\/magazine365\/naomi-watts-se-une-a-la-franquicia-divergent\/#listItem","position":3,"name":"Naomi Watts se une a la franquicia \u00abDivergent\u00bb","previousItem":{"@type":"ListItem","@id":"https:\/\/eldigitaldeasturias.com\/magazine365\/category\/noticias-actualidad\/#listItem","name":"Noticias y Actualidad"}}]},{"@type":"Organization","@id":"https:\/\/eldigitaldeasturias.com\/magazine365\/#organization","name":"El digital de Asturias","description":"Revista de ocio, turismo y estilo de vida","url":"https:\/\/eldigitaldeasturias.com\/magazine365\/","logo":{"@type":"ImageObject","url":"https:\/\/www.eldigitaldeasturias.com\/noticias\/wp-content\/uploads\/2020\/12\/EDA.jpg","@id":"https:\/\/eldigitaldeasturias.com\/magazine365\/naomi-watts-se-une-a-la-franquicia-divergent\/#organizationLogo"},"image":{"@id":"https:\/\/eldigitaldeasturias.com\/magazine365\/naomi-watts-se-une-a-la-franquicia-divergent\/#organizationLogo"}},{"@type":"Person","@id":"https:\/\/eldigitaldeasturias.com\/magazine365\/author\/admin\/#author","url":"https:\/\/eldigitaldeasturias.com\/magazine365\/author\/admin\/","name":"admin","image":{"@type":"ImageObject","@id":"https:\/\/eldigitaldeasturias.com\/magazine365\/naomi-watts-se-une-a-la-franquicia-divergent\/#authorImage","url":"https:\/\/eldigitaldeasturias.com\/magazine365\/wp-content\/litespeed\/avatar\/e571bcf59a0edd6fa6838245a470f2fe.jpg?ver=1777574230","width":96,"height":96,"caption":"admin"}},{"@type":"WebPage","@id":"https:\/\/eldigitaldeasturias.com\/magazine365\/naomi-watts-se-une-a-la-franquicia-divergent\/#webpage","url":"https:\/\/eldigitaldeasturias.com\/magazine365\/naomi-watts-se-une-a-la-franquicia-divergent\/","name":"Naomi Watts se une a la franquicia \u00abDivergent\u00bb | El Digital de Asturias","description":"Los \u00c1ngeles (EE.UU.), 4 jun (EFE).- La actriz Naomi Watts, candidata dos veces al \u00d3scar, se uni\u00f3 a la franquicia de ciencia ficci\u00f3n para j\u00f3venes \"Divergent\", inform\u00f3 hoy la edici\u00f3n digital de la revista The Hollywood Reporter. La int\u00e9rprete aparecer\u00e1 en las pr\u00f3ximas tres entregas de la saga, cuya primera parte, estrenada en marzo, ha","inLanguage":"es-ES","isPartOf":{"@id":"https:\/\/eldigitaldeasturias.com\/magazine365\/#website"},"breadcrumb":{"@id":"https:\/\/eldigitaldeasturias.com\/magazine365\/naomi-watts-se-une-a-la-franquicia-divergent\/#breadcrumblist"},"author":{"@id":"https:\/\/eldigitaldeasturias.com\/magazine365\/author\/admin\/#author"},"creator":{"@id":"https:\/\/eldigitaldeasturias.com\/magazine365\/author\/admin\/#author"},"image":{"@type":"ImageObject","url":"https:\/\/eldigitaldeasturias.com\/magazine365\/wp-content\/uploads\/2014\/06\/6335879w.jpg","@id":"https:\/\/eldigitaldeasturias.com\/magazine365\/naomi-watts-se-une-a-la-franquicia-divergent\/#mainImage","width":800,"height":533},"primaryImageOfPage":{"@id":"https:\/\/eldigitaldeasturias.com\/magazine365\/naomi-watts-se-une-a-la-franquicia-divergent\/#mainImage"},"datePublished":"2014-06-05T10:10:49+02:00","dateModified":"2014-06-05T10:10:49+02:00"},{"@type":"WebSite","@id":"https:\/\/eldigitaldeasturias.com\/magazine365\/#website","url":"https:\/\/eldigitaldeasturias.com\/magazine365\/","name":"El Digital de Asturias","description":"Revista de ocio, turismo y estilo de vida","inLanguage":"es-ES","publisher":{"@id":"https:\/\/eldigitaldeasturias.com\/magazine365\/#organization"}}]},"og:locale":"es_ES","og:site_name":"El Digital de Asturias \u2013 Revista de ocio, turismo y estilo de vida","og:type":"article","og:title":"Naomi Watts se une a la franquicia \u00abDivergent\u00bb | El Digital de Asturias","og:description":"Los \u00c1ngeles (EE.UU.), 4 jun (EFE).- La actriz Naomi Watts, candidata dos veces al \u00d3scar, se uni\u00f3 a la franquicia de ciencia ficci\u00f3n para j\u00f3venes &quot;Divergent&quot;, inform\u00f3 hoy la edici\u00f3n digital de la revista The Hollywood Reporter. La int\u00e9rprete aparecer\u00e1 en las pr\u00f3ximas tres entregas de la saga, cuya primera parte, estrenada en marzo, ha","og:url":"https:\/\/eldigitaldeasturias.com\/magazine365\/naomi-watts-se-une-a-la-franquicia-divergent\/","og:image":"https:\/\/eldigitaldeasturias.com\/magazine365\/wp-content\/uploads\/2014\/06\/6335879w.jpg","og:image:secure_url":"https:\/\/eldigitaldeasturias.com\/magazine365\/wp-content\/uploads\/2014\/06\/6335879w.jpg","og:image:width":800,"og:image:height":533,"article:published_time":"2014-06-05T12:10:49+00:00","article:modified_time":"2014-06-05T12:10:49+00:00","twitter:card":"summary_large_image","twitter:title":"Naomi Watts se une a la franquicia \u00abDivergent\u00bb | El Digital de Asturias","twitter:description":"Los \u00c1ngeles (EE.UU.), 4 jun (EFE).- La actriz Naomi Watts, candidata dos veces al \u00d3scar, se uni\u00f3 a la franquicia de ciencia ficci\u00f3n para j\u00f3venes &quot;Divergent&quot;, inform\u00f3 hoy la edici\u00f3n digital de la revista The Hollywood Reporter. La int\u00e9rprete aparecer\u00e1 en las pr\u00f3ximas tres entregas de la saga, cuya primera parte, estrenada en marzo, ha","twitter:image":"https:\/\/eldigitaldeasturias.com\/magazine365\/wp-content\/uploads\/2014\/06\/6335879w.jpg"},"aioseo_meta_data":{"post_id":"15087","title":null,"description":null,"keywords":null,"keyphrases":null,"primary_term":null,"canonical_url":null,"og_title":null,"og_description":null,"og_object_type":"default","og_image_type":"default","og_image_url":null,"og_image_width":null,"og_image_height":null,"og_image_custom_url":null,"og_image_custom_fields":null,"og_video":null,"og_custom_url":null,"og_article_section":null,"og_article_tags":null,"twitter_use_og":false,"twitter_card":"default","twitter_image_type":"default","twitter_image_url":null,"twitter_image_custom_url":null,"twitter_image_custom_fields":null,"twitter_title":null,"twitter_description":null,"schema":{"blockGraphs":[],"customGraphs":[],"default":{"data":{"Article":[],"Course":[],"Dataset":[],"FAQPage":[],"Movie":[],"Person":[],"Product":[],"ProductReview":[],"Car":[],"Recipe":[],"Service":[],"SoftwareApplication":[],"WebPage":[]},"graphName":"","isEnabled":true},"graphs":[],"defaultGraph":"","defaultPostTypeGraph":""},"schema_type":null,"schema_type_options":null,"pillar_content":false,"robots_default":true,"robots_noindex":false,"robots_noarchive":false,"robots_nosnippet":false,"robots_nofollow":false,"robots_noimageindex":false,"robots_noodp":false,"robots_notranslate":false,"robots_max_snippet":null,"robots_max_videopreview":null,"robots_max_imagepreview":"large","priority":null,"frequency":null,"location":null,"local_seo":null,"seo_analyzer_scan_date":"2025-09-17 11:24:56","breadcrumb_settings":null,"limit_modified_date":false,"open_ai":null,"ai":null,"created":"2021-03-09 08:06:42","updated":"2025-09-17 11:24:56"},"aioseo_breadcrumb":"<div class=\"aioseo-breadcrumbs\"><span class=\"aioseo-breadcrumb\">\n\t<a href=\"https:\/\/eldigitaldeasturias.com\/magazine365\" title=\"Home\">Home<\/a>\n<\/span><span class=\"aioseo-breadcrumb-separator\">\u2013<\/span><span class=\"aioseo-breadcrumb\">\n\t<a href=\"https:\/\/eldigitaldeasturias.com\/magazine365\/category\/noticias-actualidad\/\" title=\"Noticias y Actualidad\">Noticias y Actualidad<\/a>\n<\/span><span class=\"aioseo-breadcrumb-separator\">\u2013<\/span><span class=\"aioseo-breadcrumb\">\n\t<a href=\"https:\/\/eldigitaldeasturias.com\/magazine365\/naomi-watts-se-une-a-la-franquicia-divergent\/\" title=\"Naomi Watts se une a la franquicia \u00abDivergent\u00bb\">Naomi Watts se une a la franquicia \u00abDivergent\u00bb<\/a>\n<\/span><\/div>","aioseo_breadcrumb_json":[{"label":"Home","link":"https:\/\/eldigitaldeasturias.com\/magazine365"},{"label":"Noticias y Actualidad","link":"https:\/\/eldigitaldeasturias.com\/magazine365\/category\/noticias-actualidad\/"},{"label":"Naomi Watts se une a la franquicia \u00abDivergent\u00bb","link":"https:\/\/eldigitaldeasturias.com\/magazine365\/naomi-watts-se-une-a-la-franquicia-divergent\/"}],"_links":{"self":[{"href":"https:\/\/eldigitaldeasturias.com\/magazine365\/wp-json\/wp\/v2\/posts\/15087","targetHints":{"allow":["GET"]}}],"collection":[{"href":"https:\/\/eldigitaldeasturias.com\/magazine365\/wp-json\/wp\/v2\/posts"}],"about":[{"href":"https:\/\/eldigitaldeasturias.com\/magazine365\/wp-json\/wp\/v2\/types\/post"}],"author":[{"embeddable":true,"href":"https:\/\/eldigitaldeasturias.com\/magazine365\/wp-json\/wp\/v2\/users\/1"}],"replies":[{"embeddable":true,"href":"https:\/\/eldigitaldeasturias.com\/magazine365\/wp-json\/wp\/v2\/comments?post=15087"}],"version-history":[{"count":0,"href":"https:\/\/eldigitaldeasturias.com\/magazine365\/wp-json\/wp\/v2\/posts\/15087\/revisions"}],"wp:featuredmedia":[{"embeddable":true,"href":"https:\/\/eldigitaldeasturias.com\/magazine365\/wp-json\/wp\/v2\/media\/15088"}],"wp:attachment":[{"href":"https:\/\/eldigitaldeasturias.com\/magazine365\/wp-json\/wp\/v2\/media?parent=15087"}],"wp:term":[{"taxonomy":"category","embeddable":true,"href":"https:\/\/eldigitaldeasturias.com\/magazine365\/wp-json\/wp\/v2\/categories?post=15087"},{"taxonomy":"post_tag","embeddable":true,"href":"https:\/\/eldigitaldeasturias.com\/magazine365\/wp-json\/wp\/v2\/tags?post=15087"}],"curies":[{"name":"wp","href":"https:\/\/api.w.org\/{rel}","templated":true}]}}