{"id":15027,"date":"2014-06-05T09:16:12","date_gmt":"2014-06-05T11:16:12","guid":{"rendered":"http:\/\/eldigitaldeasturias.com\/magazine365\/?p=15027"},"modified":"2014-06-05T09:16:12","modified_gmt":"2014-06-05T11:16:12","slug":"geraldine-chaplin-presenta-amapola-su-nueva-pelicula-rodada-en-argentina","status":"publish","type":"post","link":"https:\/\/eldigitaldeasturias.com\/magazine365\/geraldine-chaplin-presenta-amapola-su-nueva-pelicula-rodada-en-argentina\/","title":{"rendered":"Geraldine Chaplin presenta \u00abAmapola\u00bb, su nueva pel\u00edcula rodada en Argentina"},"content":{"rendered":"<p><img fetchpriority=\"high\" decoding=\"async\" class=\"alignleft size-medium wp-image-15028\" alt=\"6331961w\" src=\"https:\/\/eldigitaldeasturias.com\/magazine365\/wp-content\/uploads\/2014\/06\/6331961w-360x230.jpg\" width=\"360\" height=\"230\" \/>Buenos Aires, 4 jun (EFE).- La actriz estadounidense Geraldine Chaplin present\u00f3 este martes en Buenos Aires \u00abAmapola\u00bb, su nueva pel\u00edcula, en la que, bajo las ordenes del director argentino Eugenio Zanetti, interpreta a una retirada actriz de Hollywood y miembro de una familia de artistas que regentan un m\u00e1gico hotel.<\/p>\n<p>La hija del m\u00edtico Charlot explic\u00f3 en rueda de prensa que cuando le lleg\u00f3 la propuesta para trabajar en la pel\u00edcula no lo dud\u00f3 ni un minuto, porque siente hacia el realizador argentino \u00abun amor y una pasi\u00f3n ingobernables\u00bb.<\/p>\n<p>\u00abEl gui\u00f3n era no menos de lo que esperaba y al ver la pel\u00edcula ya mis pasiones no son s\u00f3lo ingobernables sino feroces, porque ha hecho una obra de arte\u00bb, asegur\u00f3 Chaplin sobre la \u00f3pera prima de Zanetti, ganador del Oscar a la mejor direcci\u00f3n de arte por el filme \u00abRestauraci\u00f3n\u00bb (1995).<\/p>\n<p>\u00abAmapola\u00bb cuenta la vida de los Guerrero, una familia de cantantes l\u00edricos y actores, que regentan el Gran Hotel Amapola en una isla de alg\u00fan rinc\u00f3n perdido del delta del r\u00edo Paran\u00e1, cerca de la localidad bonaerense de Tigre, a 27 kil\u00f3metros al norte de la capital argentina.<\/p>\n<p>Cada a\u00f1o, la familia, compuesta de tres generaciones, ponen en escena la obra \u00abSue\u00f1o de una noche de verano\u00bb de Shakespeare, a la que asisten cientos de espectadores atra\u00eddos por la renombrada representaci\u00f3n de los Guerrero.<\/p>\n<p>Zanetti sostuvo que este filme \u00absigue fielmente las influencias\u00bb cinematogr\u00e1ficas que marcaron su infancia, como las pel\u00edculas \u00abLas zapatillas rojas\u00bb, de Michael Powell, y \u00abLa bella y la bestia\u00bb, de Jean Cocteau.<\/p>\n<p>\u00abCuando llega el momento de hacer una pel\u00edcula, inevitablemente uno vuelve a los arquetipos de la infancia. As\u00ed que este film es un humilde homenaje a las &#8216;pelis&#8217; de mi infancia\u00bb, explic\u00f3 el director.<\/p>\n<p>El elenco se completa con la estadounidense Camilla Belle (\u00ab10.000 a.C\u00bb), el canadiense Fran\u00e7ois Arnaud (\u00abYo mat\u00e9 a mi madre\u00bb) y los argentinos Lito Cruz, Leonor Benedetto, Elena Roger, Juan Acosta y Esmeralda Mitre, entre otros.<\/p>\n<p>\u00abCreo que despu\u00e9s de una cierta edad uno habla de su propia experiencia siempre, y la pel\u00edcula es un poco fruto de muchas vidas que uno vive y de muchas puertas que uno abre\u00bb, afirm\u00f3 Zanetti.<\/p>\n<p>Para el argentino, su obra destaca porque carece \u00abde las cosas a las que nos acostumbra el d\u00eda a d\u00eda y la televisi\u00f3n: no tiene violencia ni muertos\u00bb.<\/p>\n<p>\u00ab\u00a1Cu\u00e1ntos a\u00f1os que no salgo de ver una buena pel\u00edcula y me encuentro bien! Normalmente, de las buenas pel\u00edculas una sale destrozada\u00bb, opin\u00f3 Chaplin.<\/p>\n<p>La veterana actriz aprovech\u00f3 para criticar el cine en el que s\u00f3lo se hacen filmes con el fin de poner la mayor cantidad posible de \u00abculos en el asiento\u00bb, en lugar de crear pel\u00edculas que \u00abqueden\u00bb en las personas.<\/p>\n<p>\u00ab&#8216;Amapola&#8217; es una pel\u00edcula que queda\u00bb, concluy\u00f3.<\/p>\n","protected":false},"excerpt":{"rendered":"<p>Buenos Aires, 4 jun (EFE).- La actriz estadounidense Geraldine Chaplin present\u00f3 este martes en Buenos Aires \u00abAmapola\u00bb, su nueva pel\u00edcula, en la que, bajo las ordenes del director argentino Eugenio Zanetti, interpreta a una retirada actriz de Hollywood y miembro de una familia de artistas que regentan un m\u00e1gico hotel. La hija del m\u00edtico Charlot<\/p>\n","protected":false},"author":1,"featured_media":15028,"comment_status":"open","ping_status":"closed","sticky":false,"template":"","format":"standard","meta":{"footnotes":""},"categories":[224],"tags":[],"class_list":{"0":"post-15027","1":"post","2":"type-post","3":"status-publish","4":"format-standard","5":"has-post-thumbnail","7":"category-noticias-actualidad"},"aioseo_notices":[],"aioseo_head":"\n\t\t<!-- All in One SEO Pro 4.9.6.1 - aioseo.com -->\n\t<meta name=\"description\" content=\"Buenos Aires, 4 jun (EFE).- La actriz estadounidense Geraldine Chaplin present\u00f3 este martes en Buenos Aires &quot;Amapola&quot;, su nueva pel\u00edcula, en la que, bajo las ordenes del director argentino Eugenio Zanetti, interpreta a una retirada actriz de Hollywood y miembro de una familia de artistas que regentan un m\u00e1gico hotel. La hija del m\u00edtico Charlot\" \/>\n\t<meta name=\"robots\" content=\"max-image-preview:large\" \/>\n\t<meta name=\"author\" content=\"admin\"\/>\n\t<meta name=\"google-site-verification\" content=\"UA-38556648-1\" \/>\n\t<meta name=\"keywords\" content=\"noticias y actualidad\" \/>\n\t<link rel=\"canonical\" href=\"https:\/\/eldigitaldeasturias.com\/magazine365\/geraldine-chaplin-presenta-amapola-su-nueva-pelicula-rodada-en-argentina\/\" \/>\n\t<meta name=\"generator\" content=\"All in One SEO Pro (AIOSEO) 4.9.6.1\" \/>\n\t\t<meta property=\"og:locale\" content=\"es_ES\" \/>\n\t\t<meta property=\"og:site_name\" content=\"El Digital de Asturias \u2013 Revista de ocio, turismo y estilo de vida\" \/>\n\t\t<meta property=\"og:type\" content=\"article\" \/>\n\t\t<meta property=\"og:title\" content=\"Geraldine Chaplin presenta \u00abAmapola\u00bb, su nueva pel\u00edcula rodada en Argentina | El Digital de Asturias\" \/>\n\t\t<meta property=\"og:description\" content=\"Buenos Aires, 4 jun (EFE).- La actriz estadounidense Geraldine Chaplin present\u00f3 este martes en Buenos Aires &quot;Amapola&quot;, su nueva pel\u00edcula, en la que, bajo las ordenes del director argentino Eugenio Zanetti, interpreta a una retirada actriz de Hollywood y miembro de una familia de artistas que regentan un m\u00e1gico hotel. La hija del m\u00edtico Charlot\" \/>\n\t\t<meta property=\"og:url\" content=\"https:\/\/eldigitaldeasturias.com\/magazine365\/geraldine-chaplin-presenta-amapola-su-nueva-pelicula-rodada-en-argentina\/\" \/>\n\t\t<meta property=\"og:image\" content=\"https:\/\/eldigitaldeasturias.com\/magazine365\/wp-content\/uploads\/2014\/06\/6331961w.jpg\" \/>\n\t\t<meta property=\"og:image:secure_url\" content=\"https:\/\/eldigitaldeasturias.com\/magazine365\/wp-content\/uploads\/2014\/06\/6331961w.jpg\" \/>\n\t\t<meta property=\"og:image:width\" content=\"800\" \/>\n\t\t<meta property=\"og:image:height\" content=\"513\" \/>\n\t\t<meta property=\"article:published_time\" content=\"2014-06-05T11:16:12+00:00\" \/>\n\t\t<meta property=\"article:modified_time\" content=\"2014-06-05T11:16:12+00:00\" \/>\n\t\t<meta name=\"twitter:card\" content=\"summary_large_image\" \/>\n\t\t<meta name=\"twitter:title\" content=\"Geraldine Chaplin presenta \u00abAmapola\u00bb, su nueva pel\u00edcula rodada en Argentina | El Digital de Asturias\" \/>\n\t\t<meta name=\"twitter:description\" content=\"Buenos Aires, 4 jun (EFE).- La actriz estadounidense Geraldine Chaplin present\u00f3 este martes en Buenos Aires &quot;Amapola&quot;, su nueva pel\u00edcula, en la que, bajo las ordenes del director argentino Eugenio Zanetti, interpreta a una retirada actriz de Hollywood y miembro de una familia de artistas que regentan un m\u00e1gico hotel. La hija del m\u00edtico Charlot\" \/>\n\t\t<meta name=\"twitter:image\" content=\"https:\/\/eldigitaldeasturias.com\/magazine365\/wp-content\/uploads\/2014\/06\/6331961w.jpg\" \/>\n\t\t<script type=\"application\/ld+json\" class=\"aioseo-schema\">\n\t\t\t{\"@context\":\"https:\\\/\\\/schema.org\",\"@graph\":[{\"@type\":\"Article\",\"@id\":\"https:\\\/\\\/eldigitaldeasturias.com\\\/magazine365\\\/geraldine-chaplin-presenta-amapola-su-nueva-pelicula-rodada-en-argentina\\\/#article\",\"name\":\"Geraldine Chaplin presenta \\u00abAmapola\\u00bb, su nueva pel\\u00edcula rodada en Argentina | El Digital de Asturias\",\"headline\":\"Geraldine Chaplin presenta \\u00abAmapola\\u00bb, su nueva pel\\u00edcula rodada en Argentina\",\"author\":{\"@id\":\"https:\\\/\\\/eldigitaldeasturias.com\\\/magazine365\\\/author\\\/admin\\\/#author\"},\"publisher\":{\"@id\":\"https:\\\/\\\/eldigitaldeasturias.com\\\/magazine365\\\/#organization\"},\"image\":{\"@type\":\"ImageObject\",\"url\":\"https:\\\/\\\/eldigitaldeasturias.com\\\/magazine365\\\/wp-content\\\/uploads\\\/2014\\\/06\\\/6331961w.jpg\",\"width\":800,\"height\":513},\"datePublished\":\"2014-06-05T09:16:12+02:00\",\"dateModified\":\"2014-06-05T09:16:12+02:00\",\"inLanguage\":\"es-ES\",\"mainEntityOfPage\":{\"@id\":\"https:\\\/\\\/eldigitaldeasturias.com\\\/magazine365\\\/geraldine-chaplin-presenta-amapola-su-nueva-pelicula-rodada-en-argentina\\\/#webpage\"},\"isPartOf\":{\"@id\":\"https:\\\/\\\/eldigitaldeasturias.com\\\/magazine365\\\/geraldine-chaplin-presenta-amapola-su-nueva-pelicula-rodada-en-argentina\\\/#webpage\"},\"articleSection\":\"Noticias y Actualidad\"},{\"@type\":\"BreadcrumbList\",\"@id\":\"https:\\\/\\\/eldigitaldeasturias.com\\\/magazine365\\\/geraldine-chaplin-presenta-amapola-su-nueva-pelicula-rodada-en-argentina\\\/#breadcrumblist\",\"itemListElement\":[{\"@type\":\"ListItem\",\"@id\":\"https:\\\/\\\/eldigitaldeasturias.com\\\/magazine365#listItem\",\"position\":1,\"name\":\"Home\",\"item\":\"https:\\\/\\\/eldigitaldeasturias.com\\\/magazine365\",\"nextItem\":{\"@type\":\"ListItem\",\"@id\":\"https:\\\/\\\/eldigitaldeasturias.com\\\/magazine365\\\/category\\\/noticias-actualidad\\\/#listItem\",\"name\":\"Noticias y Actualidad\"}},{\"@type\":\"ListItem\",\"@id\":\"https:\\\/\\\/eldigitaldeasturias.com\\\/magazine365\\\/category\\\/noticias-actualidad\\\/#listItem\",\"position\":2,\"name\":\"Noticias y Actualidad\",\"item\":\"https:\\\/\\\/eldigitaldeasturias.com\\\/magazine365\\\/category\\\/noticias-actualidad\\\/\",\"nextItem\":{\"@type\":\"ListItem\",\"@id\":\"https:\\\/\\\/eldigitaldeasturias.com\\\/magazine365\\\/geraldine-chaplin-presenta-amapola-su-nueva-pelicula-rodada-en-argentina\\\/#listItem\",\"name\":\"Geraldine Chaplin presenta \\u00abAmapola\\u00bb, su nueva pel\\u00edcula rodada en Argentina\"},\"previousItem\":{\"@type\":\"ListItem\",\"@id\":\"https:\\\/\\\/eldigitaldeasturias.com\\\/magazine365#listItem\",\"name\":\"Home\"}},{\"@type\":\"ListItem\",\"@id\":\"https:\\\/\\\/eldigitaldeasturias.com\\\/magazine365\\\/geraldine-chaplin-presenta-amapola-su-nueva-pelicula-rodada-en-argentina\\\/#listItem\",\"position\":3,\"name\":\"Geraldine Chaplin presenta \\u00abAmapola\\u00bb, su nueva pel\\u00edcula rodada en Argentina\",\"previousItem\":{\"@type\":\"ListItem\",\"@id\":\"https:\\\/\\\/eldigitaldeasturias.com\\\/magazine365\\\/category\\\/noticias-actualidad\\\/#listItem\",\"name\":\"Noticias y Actualidad\"}}]},{\"@type\":\"Organization\",\"@id\":\"https:\\\/\\\/eldigitaldeasturias.com\\\/magazine365\\\/#organization\",\"name\":\"El digital de Asturias\",\"description\":\"Revista de ocio, turismo y estilo de vida\",\"url\":\"https:\\\/\\\/eldigitaldeasturias.com\\\/magazine365\\\/\",\"logo\":{\"@type\":\"ImageObject\",\"url\":\"https:\\\/\\\/www.eldigitaldeasturias.com\\\/noticias\\\/wp-content\\\/uploads\\\/2020\\\/12\\\/EDA.jpg\",\"@id\":\"https:\\\/\\\/eldigitaldeasturias.com\\\/magazine365\\\/geraldine-chaplin-presenta-amapola-su-nueva-pelicula-rodada-en-argentina\\\/#organizationLogo\"},\"image\":{\"@id\":\"https:\\\/\\\/eldigitaldeasturias.com\\\/magazine365\\\/geraldine-chaplin-presenta-amapola-su-nueva-pelicula-rodada-en-argentina\\\/#organizationLogo\"}},{\"@type\":\"Person\",\"@id\":\"https:\\\/\\\/eldigitaldeasturias.com\\\/magazine365\\\/author\\\/admin\\\/#author\",\"url\":\"https:\\\/\\\/eldigitaldeasturias.com\\\/magazine365\\\/author\\\/admin\\\/\",\"name\":\"admin\",\"image\":{\"@type\":\"ImageObject\",\"@id\":\"https:\\\/\\\/eldigitaldeasturias.com\\\/magazine365\\\/geraldine-chaplin-presenta-amapola-su-nueva-pelicula-rodada-en-argentina\\\/#authorImage\",\"url\":\"https:\\\/\\\/eldigitaldeasturias.com\\\/magazine365\\\/wp-content\\\/litespeed\\\/avatar\\\/e571bcf59a0edd6fa6838245a470f2fe.jpg?ver=1777574230\",\"width\":96,\"height\":96,\"caption\":\"admin\"}},{\"@type\":\"WebPage\",\"@id\":\"https:\\\/\\\/eldigitaldeasturias.com\\\/magazine365\\\/geraldine-chaplin-presenta-amapola-su-nueva-pelicula-rodada-en-argentina\\\/#webpage\",\"url\":\"https:\\\/\\\/eldigitaldeasturias.com\\\/magazine365\\\/geraldine-chaplin-presenta-amapola-su-nueva-pelicula-rodada-en-argentina\\\/\",\"name\":\"Geraldine Chaplin presenta \\u00abAmapola\\u00bb, su nueva pel\\u00edcula rodada en Argentina | El Digital de Asturias\",\"description\":\"Buenos Aires, 4 jun (EFE).- La actriz estadounidense Geraldine Chaplin present\\u00f3 este martes en Buenos Aires \\\"Amapola\\\", su nueva pel\\u00edcula, en la que, bajo las ordenes del director argentino Eugenio Zanetti, interpreta a una retirada actriz de Hollywood y miembro de una familia de artistas que regentan un m\\u00e1gico hotel. La hija del m\\u00edtico Charlot\",\"inLanguage\":\"es-ES\",\"isPartOf\":{\"@id\":\"https:\\\/\\\/eldigitaldeasturias.com\\\/magazine365\\\/#website\"},\"breadcrumb\":{\"@id\":\"https:\\\/\\\/eldigitaldeasturias.com\\\/magazine365\\\/geraldine-chaplin-presenta-amapola-su-nueva-pelicula-rodada-en-argentina\\\/#breadcrumblist\"},\"author\":{\"@id\":\"https:\\\/\\\/eldigitaldeasturias.com\\\/magazine365\\\/author\\\/admin\\\/#author\"},\"creator\":{\"@id\":\"https:\\\/\\\/eldigitaldeasturias.com\\\/magazine365\\\/author\\\/admin\\\/#author\"},\"image\":{\"@type\":\"ImageObject\",\"url\":\"https:\\\/\\\/eldigitaldeasturias.com\\\/magazine365\\\/wp-content\\\/uploads\\\/2014\\\/06\\\/6331961w.jpg\",\"@id\":\"https:\\\/\\\/eldigitaldeasturias.com\\\/magazine365\\\/geraldine-chaplin-presenta-amapola-su-nueva-pelicula-rodada-en-argentina\\\/#mainImage\",\"width\":800,\"height\":513},\"primaryImageOfPage\":{\"@id\":\"https:\\\/\\\/eldigitaldeasturias.com\\\/magazine365\\\/geraldine-chaplin-presenta-amapola-su-nueva-pelicula-rodada-en-argentina\\\/#mainImage\"},\"datePublished\":\"2014-06-05T09:16:12+02:00\",\"dateModified\":\"2014-06-05T09:16:12+02:00\"},{\"@type\":\"WebSite\",\"@id\":\"https:\\\/\\\/eldigitaldeasturias.com\\\/magazine365\\\/#website\",\"url\":\"https:\\\/\\\/eldigitaldeasturias.com\\\/magazine365\\\/\",\"name\":\"El Digital de Asturias\",\"description\":\"Revista de ocio, turismo y estilo de vida\",\"inLanguage\":\"es-ES\",\"publisher\":{\"@id\":\"https:\\\/\\\/eldigitaldeasturias.com\\\/magazine365\\\/#organization\"}}]}\n\t\t<\/script>\n\t\t<!-- All in One SEO Pro -->\r\n\t\t<title>Geraldine Chaplin presenta \u00abAmapola\u00bb, su nueva pel\u00edcula rodada en Argentina | El Digital de Asturias<\/title>\n\n","aioseo_head_json":{"title":"Geraldine Chaplin presenta \u00abAmapola\u00bb, su nueva pel\u00edcula rodada en Argentina | El Digital de Asturias","description":"Buenos Aires, 4 jun (EFE).- La actriz estadounidense Geraldine Chaplin present\u00f3 este martes en Buenos Aires \"Amapola\", su nueva pel\u00edcula, en la que, bajo las ordenes del director argentino Eugenio Zanetti, interpreta a una retirada actriz de Hollywood y miembro de una familia de artistas que regentan un m\u00e1gico hotel. La hija del m\u00edtico Charlot","canonical_url":"https:\/\/eldigitaldeasturias.com\/magazine365\/geraldine-chaplin-presenta-amapola-su-nueva-pelicula-rodada-en-argentina\/","robots":"max-image-preview:large","keywords":"noticias y actualidad","webmasterTools":{"google-site-verification":"UA-38556648-1","miscellaneous":""},"schema":{"@context":"https:\/\/schema.org","@graph":[{"@type":"Article","@id":"https:\/\/eldigitaldeasturias.com\/magazine365\/geraldine-chaplin-presenta-amapola-su-nueva-pelicula-rodada-en-argentina\/#article","name":"Geraldine Chaplin presenta \u00abAmapola\u00bb, su nueva pel\u00edcula rodada en Argentina | El Digital de Asturias","headline":"Geraldine Chaplin presenta \u00abAmapola\u00bb, su nueva pel\u00edcula rodada en Argentina","author":{"@id":"https:\/\/eldigitaldeasturias.com\/magazine365\/author\/admin\/#author"},"publisher":{"@id":"https:\/\/eldigitaldeasturias.com\/magazine365\/#organization"},"image":{"@type":"ImageObject","url":"https:\/\/eldigitaldeasturias.com\/magazine365\/wp-content\/uploads\/2014\/06\/6331961w.jpg","width":800,"height":513},"datePublished":"2014-06-05T09:16:12+02:00","dateModified":"2014-06-05T09:16:12+02:00","inLanguage":"es-ES","mainEntityOfPage":{"@id":"https:\/\/eldigitaldeasturias.com\/magazine365\/geraldine-chaplin-presenta-amapola-su-nueva-pelicula-rodada-en-argentina\/#webpage"},"isPartOf":{"@id":"https:\/\/eldigitaldeasturias.com\/magazine365\/geraldine-chaplin-presenta-amapola-su-nueva-pelicula-rodada-en-argentina\/#webpage"},"articleSection":"Noticias y Actualidad"},{"@type":"BreadcrumbList","@id":"https:\/\/eldigitaldeasturias.com\/magazine365\/geraldine-chaplin-presenta-amapola-su-nueva-pelicula-rodada-en-argentina\/#breadcrumblist","itemListElement":[{"@type":"ListItem","@id":"https:\/\/eldigitaldeasturias.com\/magazine365#listItem","position":1,"name":"Home","item":"https:\/\/eldigitaldeasturias.com\/magazine365","nextItem":{"@type":"ListItem","@id":"https:\/\/eldigitaldeasturias.com\/magazine365\/category\/noticias-actualidad\/#listItem","name":"Noticias y Actualidad"}},{"@type":"ListItem","@id":"https:\/\/eldigitaldeasturias.com\/magazine365\/category\/noticias-actualidad\/#listItem","position":2,"name":"Noticias y Actualidad","item":"https:\/\/eldigitaldeasturias.com\/magazine365\/category\/noticias-actualidad\/","nextItem":{"@type":"ListItem","@id":"https:\/\/eldigitaldeasturias.com\/magazine365\/geraldine-chaplin-presenta-amapola-su-nueva-pelicula-rodada-en-argentina\/#listItem","name":"Geraldine Chaplin presenta \u00abAmapola\u00bb, su nueva pel\u00edcula rodada en Argentina"},"previousItem":{"@type":"ListItem","@id":"https:\/\/eldigitaldeasturias.com\/magazine365#listItem","name":"Home"}},{"@type":"ListItem","@id":"https:\/\/eldigitaldeasturias.com\/magazine365\/geraldine-chaplin-presenta-amapola-su-nueva-pelicula-rodada-en-argentina\/#listItem","position":3,"name":"Geraldine Chaplin presenta \u00abAmapola\u00bb, su nueva pel\u00edcula rodada en Argentina","previousItem":{"@type":"ListItem","@id":"https:\/\/eldigitaldeasturias.com\/magazine365\/category\/noticias-actualidad\/#listItem","name":"Noticias y Actualidad"}}]},{"@type":"Organization","@id":"https:\/\/eldigitaldeasturias.com\/magazine365\/#organization","name":"El digital de Asturias","description":"Revista de ocio, turismo y estilo de vida","url":"https:\/\/eldigitaldeasturias.com\/magazine365\/","logo":{"@type":"ImageObject","url":"https:\/\/www.eldigitaldeasturias.com\/noticias\/wp-content\/uploads\/2020\/12\/EDA.jpg","@id":"https:\/\/eldigitaldeasturias.com\/magazine365\/geraldine-chaplin-presenta-amapola-su-nueva-pelicula-rodada-en-argentina\/#organizationLogo"},"image":{"@id":"https:\/\/eldigitaldeasturias.com\/magazine365\/geraldine-chaplin-presenta-amapola-su-nueva-pelicula-rodada-en-argentina\/#organizationLogo"}},{"@type":"Person","@id":"https:\/\/eldigitaldeasturias.com\/magazine365\/author\/admin\/#author","url":"https:\/\/eldigitaldeasturias.com\/magazine365\/author\/admin\/","name":"admin","image":{"@type":"ImageObject","@id":"https:\/\/eldigitaldeasturias.com\/magazine365\/geraldine-chaplin-presenta-amapola-su-nueva-pelicula-rodada-en-argentina\/#authorImage","url":"https:\/\/eldigitaldeasturias.com\/magazine365\/wp-content\/litespeed\/avatar\/e571bcf59a0edd6fa6838245a470f2fe.jpg?ver=1777574230","width":96,"height":96,"caption":"admin"}},{"@type":"WebPage","@id":"https:\/\/eldigitaldeasturias.com\/magazine365\/geraldine-chaplin-presenta-amapola-su-nueva-pelicula-rodada-en-argentina\/#webpage","url":"https:\/\/eldigitaldeasturias.com\/magazine365\/geraldine-chaplin-presenta-amapola-su-nueva-pelicula-rodada-en-argentina\/","name":"Geraldine Chaplin presenta \u00abAmapola\u00bb, su nueva pel\u00edcula rodada en Argentina | El Digital de Asturias","description":"Buenos Aires, 4 jun (EFE).- La actriz estadounidense Geraldine Chaplin present\u00f3 este martes en Buenos Aires \"Amapola\", su nueva pel\u00edcula, en la que, bajo las ordenes del director argentino Eugenio Zanetti, interpreta a una retirada actriz de Hollywood y miembro de una familia de artistas que regentan un m\u00e1gico hotel. La hija del m\u00edtico Charlot","inLanguage":"es-ES","isPartOf":{"@id":"https:\/\/eldigitaldeasturias.com\/magazine365\/#website"},"breadcrumb":{"@id":"https:\/\/eldigitaldeasturias.com\/magazine365\/geraldine-chaplin-presenta-amapola-su-nueva-pelicula-rodada-en-argentina\/#breadcrumblist"},"author":{"@id":"https:\/\/eldigitaldeasturias.com\/magazine365\/author\/admin\/#author"},"creator":{"@id":"https:\/\/eldigitaldeasturias.com\/magazine365\/author\/admin\/#author"},"image":{"@type":"ImageObject","url":"https:\/\/eldigitaldeasturias.com\/magazine365\/wp-content\/uploads\/2014\/06\/6331961w.jpg","@id":"https:\/\/eldigitaldeasturias.com\/magazine365\/geraldine-chaplin-presenta-amapola-su-nueva-pelicula-rodada-en-argentina\/#mainImage","width":800,"height":513},"primaryImageOfPage":{"@id":"https:\/\/eldigitaldeasturias.com\/magazine365\/geraldine-chaplin-presenta-amapola-su-nueva-pelicula-rodada-en-argentina\/#mainImage"},"datePublished":"2014-06-05T09:16:12+02:00","dateModified":"2014-06-05T09:16:12+02:00"},{"@type":"WebSite","@id":"https:\/\/eldigitaldeasturias.com\/magazine365\/#website","url":"https:\/\/eldigitaldeasturias.com\/magazine365\/","name":"El Digital de Asturias","description":"Revista de ocio, turismo y estilo de vida","inLanguage":"es-ES","publisher":{"@id":"https:\/\/eldigitaldeasturias.com\/magazine365\/#organization"}}]},"og:locale":"es_ES","og:site_name":"El Digital de Asturias \u2013 Revista de ocio, turismo y estilo de vida","og:type":"article","og:title":"Geraldine Chaplin presenta \u00abAmapola\u00bb, su nueva pel\u00edcula rodada en Argentina | El Digital de Asturias","og:description":"Buenos Aires, 4 jun (EFE).- La actriz estadounidense Geraldine Chaplin present\u00f3 este martes en Buenos Aires &quot;Amapola&quot;, su nueva pel\u00edcula, en la que, bajo las ordenes del director argentino Eugenio Zanetti, interpreta a una retirada actriz de Hollywood y miembro de una familia de artistas que regentan un m\u00e1gico hotel. La hija del m\u00edtico Charlot","og:url":"https:\/\/eldigitaldeasturias.com\/magazine365\/geraldine-chaplin-presenta-amapola-su-nueva-pelicula-rodada-en-argentina\/","og:image":"https:\/\/eldigitaldeasturias.com\/magazine365\/wp-content\/uploads\/2014\/06\/6331961w.jpg","og:image:secure_url":"https:\/\/eldigitaldeasturias.com\/magazine365\/wp-content\/uploads\/2014\/06\/6331961w.jpg","og:image:width":800,"og:image:height":513,"article:published_time":"2014-06-05T11:16:12+00:00","article:modified_time":"2014-06-05T11:16:12+00:00","twitter:card":"summary_large_image","twitter:title":"Geraldine Chaplin presenta \u00abAmapola\u00bb, su nueva pel\u00edcula rodada en Argentina | El Digital de Asturias","twitter:description":"Buenos Aires, 4 jun (EFE).- La actriz estadounidense Geraldine Chaplin present\u00f3 este martes en Buenos Aires &quot;Amapola&quot;, su nueva pel\u00edcula, en la que, bajo las ordenes del director argentino Eugenio Zanetti, interpreta a una retirada actriz de Hollywood y miembro de una familia de artistas que regentan un m\u00e1gico hotel. La hija del m\u00edtico Charlot","twitter:image":"https:\/\/eldigitaldeasturias.com\/magazine365\/wp-content\/uploads\/2014\/06\/6331961w.jpg"},"aioseo_meta_data":{"post_id":"15027","title":null,"description":null,"keywords":null,"keyphrases":null,"primary_term":null,"canonical_url":null,"og_title":null,"og_description":null,"og_object_type":"default","og_image_type":"default","og_image_url":null,"og_image_width":null,"og_image_height":null,"og_image_custom_url":null,"og_image_custom_fields":null,"og_video":null,"og_custom_url":null,"og_article_section":null,"og_article_tags":null,"twitter_use_og":false,"twitter_card":"default","twitter_image_type":"default","twitter_image_url":null,"twitter_image_custom_url":null,"twitter_image_custom_fields":null,"twitter_title":null,"twitter_description":null,"schema":{"blockGraphs":[],"customGraphs":[],"default":{"data":{"Article":[],"Course":[],"Dataset":[],"FAQPage":[],"Movie":[],"Person":[],"Product":[],"ProductReview":[],"Car":[],"Recipe":[],"Service":[],"SoftwareApplication":[],"WebPage":[]},"graphName":"","isEnabled":true},"graphs":[],"defaultGraph":"","defaultPostTypeGraph":""},"schema_type":null,"schema_type_options":null,"pillar_content":false,"robots_default":true,"robots_noindex":false,"robots_noarchive":false,"robots_nosnippet":false,"robots_nofollow":false,"robots_noimageindex":false,"robots_noodp":false,"robots_notranslate":false,"robots_max_snippet":null,"robots_max_videopreview":null,"robots_max_imagepreview":"large","priority":null,"frequency":null,"location":null,"local_seo":null,"seo_analyzer_scan_date":"2025-09-17 11:16:56","breadcrumb_settings":null,"limit_modified_date":false,"open_ai":null,"ai":null,"created":"2021-03-09 08:06:42","updated":"2025-09-17 11:16:56"},"aioseo_breadcrumb":"<div class=\"aioseo-breadcrumbs\"><span class=\"aioseo-breadcrumb\">\n\t<a href=\"https:\/\/eldigitaldeasturias.com\/magazine365\" title=\"Home\">Home<\/a>\n<\/span><span class=\"aioseo-breadcrumb-separator\">\u2013<\/span><span class=\"aioseo-breadcrumb\">\n\t<a href=\"https:\/\/eldigitaldeasturias.com\/magazine365\/category\/noticias-actualidad\/\" title=\"Noticias y Actualidad\">Noticias y Actualidad<\/a>\n<\/span><span class=\"aioseo-breadcrumb-separator\">\u2013<\/span><span class=\"aioseo-breadcrumb\">\n\t<a href=\"https:\/\/eldigitaldeasturias.com\/magazine365\/geraldine-chaplin-presenta-amapola-su-nueva-pelicula-rodada-en-argentina\/\" title=\"Geraldine Chaplin presenta \u00abAmapola\u00bb, su nueva pel\u00edcula rodada en Argentina\">Geraldine Chaplin presenta \u00abAmapola\u00bb, su nueva pel\u00edcula rodada en Argentina<\/a>\n<\/span><\/div>","aioseo_breadcrumb_json":[{"label":"Home","link":"https:\/\/eldigitaldeasturias.com\/magazine365"},{"label":"Noticias y Actualidad","link":"https:\/\/eldigitaldeasturias.com\/magazine365\/category\/noticias-actualidad\/"},{"label":"Geraldine Chaplin presenta \u00abAmapola\u00bb, su nueva pel\u00edcula rodada en Argentina","link":"https:\/\/eldigitaldeasturias.com\/magazine365\/geraldine-chaplin-presenta-amapola-su-nueva-pelicula-rodada-en-argentina\/"}],"_links":{"self":[{"href":"https:\/\/eldigitaldeasturias.com\/magazine365\/wp-json\/wp\/v2\/posts\/15027","targetHints":{"allow":["GET"]}}],"collection":[{"href":"https:\/\/eldigitaldeasturias.com\/magazine365\/wp-json\/wp\/v2\/posts"}],"about":[{"href":"https:\/\/eldigitaldeasturias.com\/magazine365\/wp-json\/wp\/v2\/types\/post"}],"author":[{"embeddable":true,"href":"https:\/\/eldigitaldeasturias.com\/magazine365\/wp-json\/wp\/v2\/users\/1"}],"replies":[{"embeddable":true,"href":"https:\/\/eldigitaldeasturias.com\/magazine365\/wp-json\/wp\/v2\/comments?post=15027"}],"version-history":[{"count":0,"href":"https:\/\/eldigitaldeasturias.com\/magazine365\/wp-json\/wp\/v2\/posts\/15027\/revisions"}],"wp:featuredmedia":[{"embeddable":true,"href":"https:\/\/eldigitaldeasturias.com\/magazine365\/wp-json\/wp\/v2\/media\/15028"}],"wp:attachment":[{"href":"https:\/\/eldigitaldeasturias.com\/magazine365\/wp-json\/wp\/v2\/media?parent=15027"}],"wp:term":[{"taxonomy":"category","embeddable":true,"href":"https:\/\/eldigitaldeasturias.com\/magazine365\/wp-json\/wp\/v2\/categories?post=15027"},{"taxonomy":"post_tag","embeddable":true,"href":"https:\/\/eldigitaldeasturias.com\/magazine365\/wp-json\/wp\/v2\/tags?post=15027"}],"curies":[{"name":"wp","href":"https:\/\/api.w.org\/{rel}","templated":true}]}}