{"id":15024,"date":"2014-06-04T07:41:58","date_gmt":"2014-06-04T09:41:58","guid":{"rendered":"http:\/\/eldigitaldeasturias.com\/magazine365\/?p=15024"},"modified":"2014-06-04T07:41:58","modified_gmt":"2014-06-04T09:41:58","slug":"will-smith-rodara-una-historia-sobre-las-conmociones-cerebrales-en-la-nfl","status":"publish","type":"post","link":"https:\/\/eldigitaldeasturias.com\/magazine365\/will-smith-rodara-una-historia-sobre-las-conmociones-cerebrales-en-la-nfl\/","title":{"rendered":"Will Smith rodar\u00e1 una historia sobre las conmociones cerebrales en la NFL"},"content":{"rendered":"<p><img fetchpriority=\"high\" decoding=\"async\" class=\"alignleft size-medium wp-image-15025\" alt=\"6331508w\" src=\"https:\/\/eldigitaldeasturias.com\/magazine365\/wp-content\/uploads\/2014\/06\/6331508w-360x257.jpg\" width=\"360\" height=\"257\" \/>Los \u00c1ngeles (EE.UU.), 4 jun (EFE).- Will Smith llevar\u00e1 al cine una historia que tratar\u00e1 el problema que sufre la Liga Nacional de F\u00fatbol americano (NFL) respecto a las conmociones cerebrales sufridas por algunos de sus jugadores.<\/p>\n<p>Seg\u00fan inform\u00f3 la edici\u00f3n digital de la revista Variety, el actor estadounidense protagonizar\u00e1 este proyecto basado en un art\u00edculo de la revista GQ titulado \u00abGame Brain\u00bb, que ser\u00e1 producido por Scott Free (la compa\u00f1\u00eda de Ridley Scott) y el estudio Sony Pictures.<\/p>\n<p>Peter Landesman (\u00abParkland\u00bb) ser\u00e1 el director y guionista de la cinta.<\/p>\n<p>Ridley Scott y su esposa, Giannina Facio, adem\u00e1s de Michael Schaefer ser\u00e1n los productores de la obra a trav\u00e9s de Scott Free, mientras que David Wolthoff y Larry Shuman har\u00e1n lo propio mediante Shuman Company.<\/p>\n<p>El art\u00edculo sobre el que versa el proyecto fue escrito por Jeanne Marie Laskas y se centra en la figura del doctor Bennet Omalu, el personaje al que encarnar\u00e1 Smith, el primer especialista en sacar a la luz p\u00fablica el drama que se estaba viviendo en ese deporte con las conmociones cerebrales.<\/p>\n<p>La pel\u00edcula explicar\u00e1 el precio a pagar por los atletas y las ramificaciones pol\u00edticas y los intereses pol\u00edticos, culturales y corporativos creados en torno al mundo del deporte profesional.<\/p>\n<p>El problema de las conmociones cerebrales en la NFL ha atra\u00eddo la atenci\u00f3n del mundo del cine y tiene en ciernes otro proyecto de cariz independiente: el drama \u00abGame Time Decision\u00bb, que protagonizar\u00e1 Isaiah Washington y se basar\u00e1 en el libro \u00abLeague Of Denial: The NFL, Concussions And The Battle For Truth\u00bb.<\/p>\n<p>Los fuertes golpes recibidos por los atletas profesionales han provocado casos como el de Junior Seau, que se suicid\u00f3 a los 43 a\u00f1os en 2012.<\/p>\n<p>Las autoridades m\u00e9dicas posteriormente le diagnosticaron una Encefalopat\u00eda Traum\u00e1tica Cr\u00f3nica (CTE, en ingl\u00e9s), una enfermedad degenerativa del cerebro atribuida en este caso a los golpes a la cabeza recibidos durante la pr\u00e1ctica del f\u00fatbol americano.<\/p>\n<p>Su familia se sum\u00f3 a una demanda colectiva de unos 4.000 exjugadores, sus c\u00f3nyuges y familiares contra la NFL, alegando que la Liga no hizo nada durante d\u00e9cadas para combatir el problema de las conmociones cerebrales y otras situaciones violentas relacionadas con el f\u00fatbol americano.<\/p>\n","protected":false},"excerpt":{"rendered":"<p>Los \u00c1ngeles (EE.UU.), 4 jun (EFE).- Will Smith llevar\u00e1 al cine una historia que tratar\u00e1 el problema que sufre la Liga Nacional de F\u00fatbol americano (NFL) respecto a las conmociones cerebrales sufridas por algunos de sus jugadores. Seg\u00fan inform\u00f3 la edici\u00f3n digital de la revista Variety, el actor estadounidense protagonizar\u00e1 este proyecto basado en un<\/p>\n","protected":false},"author":1,"featured_media":15025,"comment_status":"open","ping_status":"closed","sticky":false,"template":"","format":"standard","meta":{"footnotes":""},"categories":[224],"tags":[],"class_list":{"0":"post-15024","1":"post","2":"type-post","3":"status-publish","4":"format-standard","5":"has-post-thumbnail","7":"category-noticias-actualidad"},"aioseo_notices":[],"aioseo_head":"\n\t\t<!-- All in One SEO Pro 4.9.6.1 - aioseo.com -->\n\t<meta name=\"description\" content=\"Los \u00c1ngeles (EE.UU.), 4 jun (EFE).- Will Smith llevar\u00e1 al cine una historia que tratar\u00e1 el problema que sufre la Liga Nacional de F\u00fatbol americano (NFL) respecto a las conmociones cerebrales sufridas por algunos de sus jugadores. Seg\u00fan inform\u00f3 la edici\u00f3n digital de la revista Variety, el actor estadounidense protagonizar\u00e1 este proyecto basado en un\" \/>\n\t<meta name=\"robots\" content=\"max-image-preview:large\" \/>\n\t<meta name=\"author\" content=\"admin\"\/>\n\t<meta name=\"google-site-verification\" content=\"UA-38556648-1\" \/>\n\t<meta name=\"keywords\" content=\"noticias y actualidad\" \/>\n\t<link rel=\"canonical\" href=\"https:\/\/eldigitaldeasturias.com\/magazine365\/will-smith-rodara-una-historia-sobre-las-conmociones-cerebrales-en-la-nfl\/\" \/>\n\t<meta name=\"generator\" content=\"All in One SEO Pro (AIOSEO) 4.9.6.1\" \/>\n\t\t<meta property=\"og:locale\" content=\"es_ES\" \/>\n\t\t<meta property=\"og:site_name\" content=\"El Digital de Asturias \u2013 Revista de ocio, turismo y estilo de vida\" \/>\n\t\t<meta property=\"og:type\" content=\"article\" \/>\n\t\t<meta property=\"og:title\" content=\"Will Smith rodar\u00e1 una historia sobre las conmociones cerebrales en la NFL | El Digital de Asturias\" \/>\n\t\t<meta property=\"og:description\" content=\"Los \u00c1ngeles (EE.UU.), 4 jun (EFE).- Will Smith llevar\u00e1 al cine una historia que tratar\u00e1 el problema que sufre la Liga Nacional de F\u00fatbol americano (NFL) respecto a las conmociones cerebrales sufridas por algunos de sus jugadores. Seg\u00fan inform\u00f3 la edici\u00f3n digital de la revista Variety, el actor estadounidense protagonizar\u00e1 este proyecto basado en un\" \/>\n\t\t<meta property=\"og:url\" content=\"https:\/\/eldigitaldeasturias.com\/magazine365\/will-smith-rodara-una-historia-sobre-las-conmociones-cerebrales-en-la-nfl\/\" \/>\n\t\t<meta property=\"og:image\" content=\"https:\/\/eldigitaldeasturias.com\/magazine365\/wp-content\/uploads\/2014\/06\/6331508w.jpg\" \/>\n\t\t<meta property=\"og:image:secure_url\" content=\"https:\/\/eldigitaldeasturias.com\/magazine365\/wp-content\/uploads\/2014\/06\/6331508w.jpg\" \/>\n\t\t<meta property=\"og:image:width\" content=\"800\" \/>\n\t\t<meta property=\"og:image:height\" content=\"573\" \/>\n\t\t<meta property=\"article:published_time\" content=\"2014-06-04T09:41:58+00:00\" \/>\n\t\t<meta property=\"article:modified_time\" content=\"2014-06-04T09:41:58+00:00\" \/>\n\t\t<meta name=\"twitter:card\" content=\"summary_large_image\" \/>\n\t\t<meta name=\"twitter:title\" content=\"Will Smith rodar\u00e1 una historia sobre las conmociones cerebrales en la NFL | El Digital de Asturias\" \/>\n\t\t<meta name=\"twitter:description\" content=\"Los \u00c1ngeles (EE.UU.), 4 jun (EFE).- Will Smith llevar\u00e1 al cine una historia que tratar\u00e1 el problema que sufre la Liga Nacional de F\u00fatbol americano (NFL) respecto a las conmociones cerebrales sufridas por algunos de sus jugadores. Seg\u00fan inform\u00f3 la edici\u00f3n digital de la revista Variety, el actor estadounidense protagonizar\u00e1 este proyecto basado en un\" \/>\n\t\t<meta name=\"twitter:image\" content=\"https:\/\/eldigitaldeasturias.com\/magazine365\/wp-content\/uploads\/2014\/06\/6331508w.jpg\" \/>\n\t\t<script type=\"application\/ld+json\" class=\"aioseo-schema\">\n\t\t\t{\"@context\":\"https:\\\/\\\/schema.org\",\"@graph\":[{\"@type\":\"Article\",\"@id\":\"https:\\\/\\\/eldigitaldeasturias.com\\\/magazine365\\\/will-smith-rodara-una-historia-sobre-las-conmociones-cerebrales-en-la-nfl\\\/#article\",\"name\":\"Will Smith rodar\\u00e1 una historia sobre las conmociones cerebrales en la NFL | El Digital de Asturias\",\"headline\":\"Will Smith rodar\\u00e1 una historia sobre las conmociones cerebrales en la NFL\",\"author\":{\"@id\":\"https:\\\/\\\/eldigitaldeasturias.com\\\/magazine365\\\/author\\\/admin\\\/#author\"},\"publisher\":{\"@id\":\"https:\\\/\\\/eldigitaldeasturias.com\\\/magazine365\\\/#organization\"},\"image\":{\"@type\":\"ImageObject\",\"url\":\"https:\\\/\\\/eldigitaldeasturias.com\\\/magazine365\\\/wp-content\\\/uploads\\\/2014\\\/06\\\/6331508w.jpg\",\"width\":800,\"height\":573},\"datePublished\":\"2014-06-04T07:41:58+02:00\",\"dateModified\":\"2014-06-04T07:41:58+02:00\",\"inLanguage\":\"es-ES\",\"mainEntityOfPage\":{\"@id\":\"https:\\\/\\\/eldigitaldeasturias.com\\\/magazine365\\\/will-smith-rodara-una-historia-sobre-las-conmociones-cerebrales-en-la-nfl\\\/#webpage\"},\"isPartOf\":{\"@id\":\"https:\\\/\\\/eldigitaldeasturias.com\\\/magazine365\\\/will-smith-rodara-una-historia-sobre-las-conmociones-cerebrales-en-la-nfl\\\/#webpage\"},\"articleSection\":\"Noticias y Actualidad\"},{\"@type\":\"BreadcrumbList\",\"@id\":\"https:\\\/\\\/eldigitaldeasturias.com\\\/magazine365\\\/will-smith-rodara-una-historia-sobre-las-conmociones-cerebrales-en-la-nfl\\\/#breadcrumblist\",\"itemListElement\":[{\"@type\":\"ListItem\",\"@id\":\"https:\\\/\\\/eldigitaldeasturias.com\\\/magazine365#listItem\",\"position\":1,\"name\":\"Home\",\"item\":\"https:\\\/\\\/eldigitaldeasturias.com\\\/magazine365\",\"nextItem\":{\"@type\":\"ListItem\",\"@id\":\"https:\\\/\\\/eldigitaldeasturias.com\\\/magazine365\\\/category\\\/noticias-actualidad\\\/#listItem\",\"name\":\"Noticias y Actualidad\"}},{\"@type\":\"ListItem\",\"@id\":\"https:\\\/\\\/eldigitaldeasturias.com\\\/magazine365\\\/category\\\/noticias-actualidad\\\/#listItem\",\"position\":2,\"name\":\"Noticias y Actualidad\",\"item\":\"https:\\\/\\\/eldigitaldeasturias.com\\\/magazine365\\\/category\\\/noticias-actualidad\\\/\",\"nextItem\":{\"@type\":\"ListItem\",\"@id\":\"https:\\\/\\\/eldigitaldeasturias.com\\\/magazine365\\\/will-smith-rodara-una-historia-sobre-las-conmociones-cerebrales-en-la-nfl\\\/#listItem\",\"name\":\"Will Smith rodar\\u00e1 una historia sobre las conmociones cerebrales en la NFL\"},\"previousItem\":{\"@type\":\"ListItem\",\"@id\":\"https:\\\/\\\/eldigitaldeasturias.com\\\/magazine365#listItem\",\"name\":\"Home\"}},{\"@type\":\"ListItem\",\"@id\":\"https:\\\/\\\/eldigitaldeasturias.com\\\/magazine365\\\/will-smith-rodara-una-historia-sobre-las-conmociones-cerebrales-en-la-nfl\\\/#listItem\",\"position\":3,\"name\":\"Will Smith rodar\\u00e1 una historia sobre las conmociones cerebrales en la NFL\",\"previousItem\":{\"@type\":\"ListItem\",\"@id\":\"https:\\\/\\\/eldigitaldeasturias.com\\\/magazine365\\\/category\\\/noticias-actualidad\\\/#listItem\",\"name\":\"Noticias y Actualidad\"}}]},{\"@type\":\"Organization\",\"@id\":\"https:\\\/\\\/eldigitaldeasturias.com\\\/magazine365\\\/#organization\",\"name\":\"El digital de Asturias\",\"description\":\"Revista de ocio, turismo y estilo de vida\",\"url\":\"https:\\\/\\\/eldigitaldeasturias.com\\\/magazine365\\\/\",\"logo\":{\"@type\":\"ImageObject\",\"url\":\"https:\\\/\\\/www.eldigitaldeasturias.com\\\/noticias\\\/wp-content\\\/uploads\\\/2020\\\/12\\\/EDA.jpg\",\"@id\":\"https:\\\/\\\/eldigitaldeasturias.com\\\/magazine365\\\/will-smith-rodara-una-historia-sobre-las-conmociones-cerebrales-en-la-nfl\\\/#organizationLogo\"},\"image\":{\"@id\":\"https:\\\/\\\/eldigitaldeasturias.com\\\/magazine365\\\/will-smith-rodara-una-historia-sobre-las-conmociones-cerebrales-en-la-nfl\\\/#organizationLogo\"}},{\"@type\":\"Person\",\"@id\":\"https:\\\/\\\/eldigitaldeasturias.com\\\/magazine365\\\/author\\\/admin\\\/#author\",\"url\":\"https:\\\/\\\/eldigitaldeasturias.com\\\/magazine365\\\/author\\\/admin\\\/\",\"name\":\"admin\",\"image\":{\"@type\":\"ImageObject\",\"@id\":\"https:\\\/\\\/eldigitaldeasturias.com\\\/magazine365\\\/will-smith-rodara-una-historia-sobre-las-conmociones-cerebrales-en-la-nfl\\\/#authorImage\",\"url\":\"https:\\\/\\\/eldigitaldeasturias.com\\\/magazine365\\\/wp-content\\\/litespeed\\\/avatar\\\/e571bcf59a0edd6fa6838245a470f2fe.jpg?ver=1777574230\",\"width\":96,\"height\":96,\"caption\":\"admin\"}},{\"@type\":\"WebPage\",\"@id\":\"https:\\\/\\\/eldigitaldeasturias.com\\\/magazine365\\\/will-smith-rodara-una-historia-sobre-las-conmociones-cerebrales-en-la-nfl\\\/#webpage\",\"url\":\"https:\\\/\\\/eldigitaldeasturias.com\\\/magazine365\\\/will-smith-rodara-una-historia-sobre-las-conmociones-cerebrales-en-la-nfl\\\/\",\"name\":\"Will Smith rodar\\u00e1 una historia sobre las conmociones cerebrales en la NFL | El Digital de Asturias\",\"description\":\"Los \\u00c1ngeles (EE.UU.), 4 jun (EFE).- Will Smith llevar\\u00e1 al cine una historia que tratar\\u00e1 el problema que sufre la Liga Nacional de F\\u00fatbol americano (NFL) respecto a las conmociones cerebrales sufridas por algunos de sus jugadores. Seg\\u00fan inform\\u00f3 la edici\\u00f3n digital de la revista Variety, el actor estadounidense protagonizar\\u00e1 este proyecto basado en un\",\"inLanguage\":\"es-ES\",\"isPartOf\":{\"@id\":\"https:\\\/\\\/eldigitaldeasturias.com\\\/magazine365\\\/#website\"},\"breadcrumb\":{\"@id\":\"https:\\\/\\\/eldigitaldeasturias.com\\\/magazine365\\\/will-smith-rodara-una-historia-sobre-las-conmociones-cerebrales-en-la-nfl\\\/#breadcrumblist\"},\"author\":{\"@id\":\"https:\\\/\\\/eldigitaldeasturias.com\\\/magazine365\\\/author\\\/admin\\\/#author\"},\"creator\":{\"@id\":\"https:\\\/\\\/eldigitaldeasturias.com\\\/magazine365\\\/author\\\/admin\\\/#author\"},\"image\":{\"@type\":\"ImageObject\",\"url\":\"https:\\\/\\\/eldigitaldeasturias.com\\\/magazine365\\\/wp-content\\\/uploads\\\/2014\\\/06\\\/6331508w.jpg\",\"@id\":\"https:\\\/\\\/eldigitaldeasturias.com\\\/magazine365\\\/will-smith-rodara-una-historia-sobre-las-conmociones-cerebrales-en-la-nfl\\\/#mainImage\",\"width\":800,\"height\":573},\"primaryImageOfPage\":{\"@id\":\"https:\\\/\\\/eldigitaldeasturias.com\\\/magazine365\\\/will-smith-rodara-una-historia-sobre-las-conmociones-cerebrales-en-la-nfl\\\/#mainImage\"},\"datePublished\":\"2014-06-04T07:41:58+02:00\",\"dateModified\":\"2014-06-04T07:41:58+02:00\"},{\"@type\":\"WebSite\",\"@id\":\"https:\\\/\\\/eldigitaldeasturias.com\\\/magazine365\\\/#website\",\"url\":\"https:\\\/\\\/eldigitaldeasturias.com\\\/magazine365\\\/\",\"name\":\"El Digital de Asturias\",\"description\":\"Revista de ocio, turismo y estilo de vida\",\"inLanguage\":\"es-ES\",\"publisher\":{\"@id\":\"https:\\\/\\\/eldigitaldeasturias.com\\\/magazine365\\\/#organization\"}}]}\n\t\t<\/script>\n\t\t<!-- All in One SEO Pro -->\r\n\t\t<title>Will Smith rodar\u00e1 una historia sobre las conmociones cerebrales en la NFL | El Digital de Asturias<\/title>\n\n","aioseo_head_json":{"title":"Will Smith rodar\u00e1 una historia sobre las conmociones cerebrales en la NFL | El Digital de Asturias","description":"Los \u00c1ngeles (EE.UU.), 4 jun (EFE).- Will Smith llevar\u00e1 al cine una historia que tratar\u00e1 el problema que sufre la Liga Nacional de F\u00fatbol americano (NFL) respecto a las conmociones cerebrales sufridas por algunos de sus jugadores. Seg\u00fan inform\u00f3 la edici\u00f3n digital de la revista Variety, el actor estadounidense protagonizar\u00e1 este proyecto basado en un","canonical_url":"https:\/\/eldigitaldeasturias.com\/magazine365\/will-smith-rodara-una-historia-sobre-las-conmociones-cerebrales-en-la-nfl\/","robots":"max-image-preview:large","keywords":"noticias y actualidad","webmasterTools":{"google-site-verification":"UA-38556648-1","miscellaneous":""},"schema":{"@context":"https:\/\/schema.org","@graph":[{"@type":"Article","@id":"https:\/\/eldigitaldeasturias.com\/magazine365\/will-smith-rodara-una-historia-sobre-las-conmociones-cerebrales-en-la-nfl\/#article","name":"Will Smith rodar\u00e1 una historia sobre las conmociones cerebrales en la NFL | El Digital de Asturias","headline":"Will Smith rodar\u00e1 una historia sobre las conmociones cerebrales en la NFL","author":{"@id":"https:\/\/eldigitaldeasturias.com\/magazine365\/author\/admin\/#author"},"publisher":{"@id":"https:\/\/eldigitaldeasturias.com\/magazine365\/#organization"},"image":{"@type":"ImageObject","url":"https:\/\/eldigitaldeasturias.com\/magazine365\/wp-content\/uploads\/2014\/06\/6331508w.jpg","width":800,"height":573},"datePublished":"2014-06-04T07:41:58+02:00","dateModified":"2014-06-04T07:41:58+02:00","inLanguage":"es-ES","mainEntityOfPage":{"@id":"https:\/\/eldigitaldeasturias.com\/magazine365\/will-smith-rodara-una-historia-sobre-las-conmociones-cerebrales-en-la-nfl\/#webpage"},"isPartOf":{"@id":"https:\/\/eldigitaldeasturias.com\/magazine365\/will-smith-rodara-una-historia-sobre-las-conmociones-cerebrales-en-la-nfl\/#webpage"},"articleSection":"Noticias y Actualidad"},{"@type":"BreadcrumbList","@id":"https:\/\/eldigitaldeasturias.com\/magazine365\/will-smith-rodara-una-historia-sobre-las-conmociones-cerebrales-en-la-nfl\/#breadcrumblist","itemListElement":[{"@type":"ListItem","@id":"https:\/\/eldigitaldeasturias.com\/magazine365#listItem","position":1,"name":"Home","item":"https:\/\/eldigitaldeasturias.com\/magazine365","nextItem":{"@type":"ListItem","@id":"https:\/\/eldigitaldeasturias.com\/magazine365\/category\/noticias-actualidad\/#listItem","name":"Noticias y Actualidad"}},{"@type":"ListItem","@id":"https:\/\/eldigitaldeasturias.com\/magazine365\/category\/noticias-actualidad\/#listItem","position":2,"name":"Noticias y Actualidad","item":"https:\/\/eldigitaldeasturias.com\/magazine365\/category\/noticias-actualidad\/","nextItem":{"@type":"ListItem","@id":"https:\/\/eldigitaldeasturias.com\/magazine365\/will-smith-rodara-una-historia-sobre-las-conmociones-cerebrales-en-la-nfl\/#listItem","name":"Will Smith rodar\u00e1 una historia sobre las conmociones cerebrales en la NFL"},"previousItem":{"@type":"ListItem","@id":"https:\/\/eldigitaldeasturias.com\/magazine365#listItem","name":"Home"}},{"@type":"ListItem","@id":"https:\/\/eldigitaldeasturias.com\/magazine365\/will-smith-rodara-una-historia-sobre-las-conmociones-cerebrales-en-la-nfl\/#listItem","position":3,"name":"Will Smith rodar\u00e1 una historia sobre las conmociones cerebrales en la NFL","previousItem":{"@type":"ListItem","@id":"https:\/\/eldigitaldeasturias.com\/magazine365\/category\/noticias-actualidad\/#listItem","name":"Noticias y Actualidad"}}]},{"@type":"Organization","@id":"https:\/\/eldigitaldeasturias.com\/magazine365\/#organization","name":"El digital de Asturias","description":"Revista de ocio, turismo y estilo de vida","url":"https:\/\/eldigitaldeasturias.com\/magazine365\/","logo":{"@type":"ImageObject","url":"https:\/\/www.eldigitaldeasturias.com\/noticias\/wp-content\/uploads\/2020\/12\/EDA.jpg","@id":"https:\/\/eldigitaldeasturias.com\/magazine365\/will-smith-rodara-una-historia-sobre-las-conmociones-cerebrales-en-la-nfl\/#organizationLogo"},"image":{"@id":"https:\/\/eldigitaldeasturias.com\/magazine365\/will-smith-rodara-una-historia-sobre-las-conmociones-cerebrales-en-la-nfl\/#organizationLogo"}},{"@type":"Person","@id":"https:\/\/eldigitaldeasturias.com\/magazine365\/author\/admin\/#author","url":"https:\/\/eldigitaldeasturias.com\/magazine365\/author\/admin\/","name":"admin","image":{"@type":"ImageObject","@id":"https:\/\/eldigitaldeasturias.com\/magazine365\/will-smith-rodara-una-historia-sobre-las-conmociones-cerebrales-en-la-nfl\/#authorImage","url":"https:\/\/eldigitaldeasturias.com\/magazine365\/wp-content\/litespeed\/avatar\/e571bcf59a0edd6fa6838245a470f2fe.jpg?ver=1777574230","width":96,"height":96,"caption":"admin"}},{"@type":"WebPage","@id":"https:\/\/eldigitaldeasturias.com\/magazine365\/will-smith-rodara-una-historia-sobre-las-conmociones-cerebrales-en-la-nfl\/#webpage","url":"https:\/\/eldigitaldeasturias.com\/magazine365\/will-smith-rodara-una-historia-sobre-las-conmociones-cerebrales-en-la-nfl\/","name":"Will Smith rodar\u00e1 una historia sobre las conmociones cerebrales en la NFL | El Digital de Asturias","description":"Los \u00c1ngeles (EE.UU.), 4 jun (EFE).- Will Smith llevar\u00e1 al cine una historia que tratar\u00e1 el problema que sufre la Liga Nacional de F\u00fatbol americano (NFL) respecto a las conmociones cerebrales sufridas por algunos de sus jugadores. Seg\u00fan inform\u00f3 la edici\u00f3n digital de la revista Variety, el actor estadounidense protagonizar\u00e1 este proyecto basado en un","inLanguage":"es-ES","isPartOf":{"@id":"https:\/\/eldigitaldeasturias.com\/magazine365\/#website"},"breadcrumb":{"@id":"https:\/\/eldigitaldeasturias.com\/magazine365\/will-smith-rodara-una-historia-sobre-las-conmociones-cerebrales-en-la-nfl\/#breadcrumblist"},"author":{"@id":"https:\/\/eldigitaldeasturias.com\/magazine365\/author\/admin\/#author"},"creator":{"@id":"https:\/\/eldigitaldeasturias.com\/magazine365\/author\/admin\/#author"},"image":{"@type":"ImageObject","url":"https:\/\/eldigitaldeasturias.com\/magazine365\/wp-content\/uploads\/2014\/06\/6331508w.jpg","@id":"https:\/\/eldigitaldeasturias.com\/magazine365\/will-smith-rodara-una-historia-sobre-las-conmociones-cerebrales-en-la-nfl\/#mainImage","width":800,"height":573},"primaryImageOfPage":{"@id":"https:\/\/eldigitaldeasturias.com\/magazine365\/will-smith-rodara-una-historia-sobre-las-conmociones-cerebrales-en-la-nfl\/#mainImage"},"datePublished":"2014-06-04T07:41:58+02:00","dateModified":"2014-06-04T07:41:58+02:00"},{"@type":"WebSite","@id":"https:\/\/eldigitaldeasturias.com\/magazine365\/#website","url":"https:\/\/eldigitaldeasturias.com\/magazine365\/","name":"El Digital de Asturias","description":"Revista de ocio, turismo y estilo de vida","inLanguage":"es-ES","publisher":{"@id":"https:\/\/eldigitaldeasturias.com\/magazine365\/#organization"}}]},"og:locale":"es_ES","og:site_name":"El Digital de Asturias \u2013 Revista de ocio, turismo y estilo de vida","og:type":"article","og:title":"Will Smith rodar\u00e1 una historia sobre las conmociones cerebrales en la NFL | El Digital de Asturias","og:description":"Los \u00c1ngeles (EE.UU.), 4 jun (EFE).- Will Smith llevar\u00e1 al cine una historia que tratar\u00e1 el problema que sufre la Liga Nacional de F\u00fatbol americano (NFL) respecto a las conmociones cerebrales sufridas por algunos de sus jugadores. Seg\u00fan inform\u00f3 la edici\u00f3n digital de la revista Variety, el actor estadounidense protagonizar\u00e1 este proyecto basado en un","og:url":"https:\/\/eldigitaldeasturias.com\/magazine365\/will-smith-rodara-una-historia-sobre-las-conmociones-cerebrales-en-la-nfl\/","og:image":"https:\/\/eldigitaldeasturias.com\/magazine365\/wp-content\/uploads\/2014\/06\/6331508w.jpg","og:image:secure_url":"https:\/\/eldigitaldeasturias.com\/magazine365\/wp-content\/uploads\/2014\/06\/6331508w.jpg","og:image:width":800,"og:image:height":573,"article:published_time":"2014-06-04T09:41:58+00:00","article:modified_time":"2014-06-04T09:41:58+00:00","twitter:card":"summary_large_image","twitter:title":"Will Smith rodar\u00e1 una historia sobre las conmociones cerebrales en la NFL | El Digital de Asturias","twitter:description":"Los \u00c1ngeles (EE.UU.), 4 jun (EFE).- Will Smith llevar\u00e1 al cine una historia que tratar\u00e1 el problema que sufre la Liga Nacional de F\u00fatbol americano (NFL) respecto a las conmociones cerebrales sufridas por algunos de sus jugadores. Seg\u00fan inform\u00f3 la edici\u00f3n digital de la revista Variety, el actor estadounidense protagonizar\u00e1 este proyecto basado en un","twitter:image":"https:\/\/eldigitaldeasturias.com\/magazine365\/wp-content\/uploads\/2014\/06\/6331508w.jpg"},"aioseo_meta_data":{"post_id":"15024","title":null,"description":null,"keywords":null,"keyphrases":null,"primary_term":null,"canonical_url":null,"og_title":null,"og_description":null,"og_object_type":"default","og_image_type":"default","og_image_url":null,"og_image_width":null,"og_image_height":null,"og_image_custom_url":null,"og_image_custom_fields":null,"og_video":null,"og_custom_url":null,"og_article_section":null,"og_article_tags":null,"twitter_use_og":false,"twitter_card":"default","twitter_image_type":"default","twitter_image_url":null,"twitter_image_custom_url":null,"twitter_image_custom_fields":null,"twitter_title":null,"twitter_description":null,"schema":{"blockGraphs":[],"customGraphs":[],"default":{"data":{"Article":[],"Course":[],"Dataset":[],"FAQPage":[],"Movie":[],"Person":[],"Product":[],"ProductReview":[],"Car":[],"Recipe":[],"Service":[],"SoftwareApplication":[],"WebPage":[]},"graphName":"","isEnabled":true},"graphs":[],"defaultGraph":"","defaultPostTypeGraph":""},"schema_type":null,"schema_type_options":null,"pillar_content":false,"robots_default":true,"robots_noindex":false,"robots_noarchive":false,"robots_nosnippet":false,"robots_nofollow":false,"robots_noimageindex":false,"robots_noodp":false,"robots_notranslate":false,"robots_max_snippet":null,"robots_max_videopreview":null,"robots_max_imagepreview":"large","priority":null,"frequency":null,"location":null,"local_seo":null,"seo_analyzer_scan_date":"2025-09-17 11:16:55","breadcrumb_settings":null,"limit_modified_date":false,"open_ai":null,"ai":null,"created":"2021-03-09 08:06:42","updated":"2025-09-17 11:16:55"},"aioseo_breadcrumb":"<div class=\"aioseo-breadcrumbs\"><span class=\"aioseo-breadcrumb\">\n\t<a href=\"https:\/\/eldigitaldeasturias.com\/magazine365\" title=\"Home\">Home<\/a>\n<\/span><span class=\"aioseo-breadcrumb-separator\">\u2013<\/span><span class=\"aioseo-breadcrumb\">\n\t<a href=\"https:\/\/eldigitaldeasturias.com\/magazine365\/category\/noticias-actualidad\/\" title=\"Noticias y Actualidad\">Noticias y Actualidad<\/a>\n<\/span><span class=\"aioseo-breadcrumb-separator\">\u2013<\/span><span class=\"aioseo-breadcrumb\">\n\t<a href=\"https:\/\/eldigitaldeasturias.com\/magazine365\/will-smith-rodara-una-historia-sobre-las-conmociones-cerebrales-en-la-nfl\/\" title=\"Will Smith rodar\u00e1 una historia sobre las conmociones cerebrales en la NFL\">Will Smith rodar\u00e1 una historia sobre las conmociones cerebrales en la NFL<\/a>\n<\/span><\/div>","aioseo_breadcrumb_json":[{"label":"Home","link":"https:\/\/eldigitaldeasturias.com\/magazine365"},{"label":"Noticias y Actualidad","link":"https:\/\/eldigitaldeasturias.com\/magazine365\/category\/noticias-actualidad\/"},{"label":"Will Smith rodar\u00e1 una historia sobre las conmociones cerebrales en la NFL","link":"https:\/\/eldigitaldeasturias.com\/magazine365\/will-smith-rodara-una-historia-sobre-las-conmociones-cerebrales-en-la-nfl\/"}],"_links":{"self":[{"href":"https:\/\/eldigitaldeasturias.com\/magazine365\/wp-json\/wp\/v2\/posts\/15024","targetHints":{"allow":["GET"]}}],"collection":[{"href":"https:\/\/eldigitaldeasturias.com\/magazine365\/wp-json\/wp\/v2\/posts"}],"about":[{"href":"https:\/\/eldigitaldeasturias.com\/magazine365\/wp-json\/wp\/v2\/types\/post"}],"author":[{"embeddable":true,"href":"https:\/\/eldigitaldeasturias.com\/magazine365\/wp-json\/wp\/v2\/users\/1"}],"replies":[{"embeddable":true,"href":"https:\/\/eldigitaldeasturias.com\/magazine365\/wp-json\/wp\/v2\/comments?post=15024"}],"version-history":[{"count":0,"href":"https:\/\/eldigitaldeasturias.com\/magazine365\/wp-json\/wp\/v2\/posts\/15024\/revisions"}],"wp:featuredmedia":[{"embeddable":true,"href":"https:\/\/eldigitaldeasturias.com\/magazine365\/wp-json\/wp\/v2\/media\/15025"}],"wp:attachment":[{"href":"https:\/\/eldigitaldeasturias.com\/magazine365\/wp-json\/wp\/v2\/media?parent=15024"}],"wp:term":[{"taxonomy":"category","embeddable":true,"href":"https:\/\/eldigitaldeasturias.com\/magazine365\/wp-json\/wp\/v2\/categories?post=15024"},{"taxonomy":"post_tag","embeddable":true,"href":"https:\/\/eldigitaldeasturias.com\/magazine365\/wp-json\/wp\/v2\/tags?post=15024"}],"curies":[{"name":"wp","href":"https:\/\/api.w.org\/{rel}","templated":true}]}}