{"id":15015,"date":"2014-06-04T07:38:46","date_gmt":"2014-06-04T09:38:46","guid":{"rendered":"http:\/\/eldigitaldeasturias.com\/magazine365\/?p=15015"},"modified":"2014-06-04T07:38:46","modified_gmt":"2014-06-04T09:38:46","slug":"scott-derrickson-dirigira-doctor-strange-el-nuevo-proyecto-de-marvel","status":"publish","type":"post","link":"https:\/\/eldigitaldeasturias.com\/magazine365\/scott-derrickson-dirigira-doctor-strange-el-nuevo-proyecto-de-marvel\/","title":{"rendered":"Scott Derrickson dirigir\u00e1 \u00abDoctor Strange\u00bb, el nuevo proyecto de Marvel"},"content":{"rendered":"<p><img fetchpriority=\"high\" decoding=\"async\" class=\"alignleft size-medium wp-image-15016\" alt=\"6331563w\" src=\"https:\/\/eldigitaldeasturias.com\/magazine365\/wp-content\/uploads\/2014\/06\/6331563w-360x239.jpg\" width=\"360\" height=\"239\" \/>Los \u00c1ngeles (EE.UU.), 3 jun (EFE).- El estadounidense Scott Derrickson, conocido por pel\u00edculas como \u00abThe Exorcism of Emily Rose\u00bb o \u00abSinister\u00bb, se pondr\u00e1 detr\u00e1s de las c\u00e1maras para dirigir \u00abDoctor Strange\u00bb, un nuevo proyecto sobre los superh\u00e9roes del estudio Marvel.<\/p>\n<p>Seg\u00fan inform\u00f3 hoy la edici\u00f3n digital de The Hollywood Reporter, el personaje, un antiguo neurocirujano convertido en el Hechicero Supremo, hizo su primera aparici\u00f3n en los c\u00f3mics de Marvel en 1963 y es el principal protector de la Tierra contra las amenazas m\u00e1gicas y m\u00edsticas de ese universo.<\/p>\n<p>Fue creado por Stan Lee y Steve Ditko en las p\u00e1ginas del c\u00f3mic \u00abStrange Tales No. 110\u00bb.<\/p>\n<p>La cinta ser\u00e1 producida por Kevin Feige, Louis D&#8217;Esposito, Victoria Alonso, Alan Fine, Stan Lee y Stephen Broussard.<\/p>\n<p>Derrickson, que confirm\u00f3 la noticia con una publicaci\u00f3n en su perfil oficial de Twitter, tiene pendiente el estreno en julio del thriller sobrenatural \u00abDeliver Us From Evil\u00bb, protagonizado por Eric Bana, \u00c9dgar Ram\u00edrez y Olivia Munn.<\/p>\n<p>Entre sus proyectos tambi\u00e9n figura escribir y producir la secuela de \u00abSinister\u00bb.<\/p>\n<p>Marvel fue noticia a finales de mayo despu\u00e9s de que el cineasta brit\u00e1nico Edgar Wright abandonara el proyecto de \u00abAnt-Man\u00bb, al que llevaba ligado desde 2006. El estudio a\u00fan no ha anunciado su sustituto.<\/p>\n<p>El filme, escrito por Wright y Joe Cornish, estar\u00e1 protagonizado por Paul Rudd, Michael Douglas, Evangeline Lilly, Patrick Wilson y Corey Stoll. La historia se centra en la figura del bioqu\u00edmico Hank Pym, cuyo \u00faltimo descubrimiento, un grupo de part\u00edculas subat\u00f3micas, crea una f\u00f3rmula para alterar el tama\u00f1o.<\/p>\n<p>Marvel est\u00e1 desarrollando \u00abAnt-Man\u00bb como una potencial franquicia al estilo de otros superh\u00e9roes como \u00abIron Man\u00bb, \u00abThor\u00bb o \u00abCaptain America\u00bb.<\/p>\n","protected":false},"excerpt":{"rendered":"<p>Los \u00c1ngeles (EE.UU.), 3 jun (EFE).- El estadounidense Scott Derrickson, conocido por pel\u00edculas como \u00abThe Exorcism of Emily Rose\u00bb o \u00abSinister\u00bb, se pondr\u00e1 detr\u00e1s de las c\u00e1maras para dirigir \u00abDoctor Strange\u00bb, un nuevo proyecto sobre los superh\u00e9roes del estudio Marvel. Seg\u00fan inform\u00f3 hoy la edici\u00f3n digital de The Hollywood Reporter, el personaje, un antiguo neurocirujano<\/p>\n","protected":false},"author":1,"featured_media":15016,"comment_status":"open","ping_status":"closed","sticky":false,"template":"","format":"standard","meta":{"footnotes":""},"categories":[224],"tags":[],"class_list":{"0":"post-15015","1":"post","2":"type-post","3":"status-publish","4":"format-standard","5":"has-post-thumbnail","7":"category-noticias-actualidad"},"aioseo_notices":[],"aioseo_head":"\n\t\t<!-- All in One SEO Pro 4.9.6.1 - aioseo.com -->\n\t<meta name=\"description\" content=\"Los \u00c1ngeles (EE.UU.), 3 jun (EFE).- El estadounidense Scott Derrickson, conocido por pel\u00edculas como &quot;The Exorcism of Emily Rose&quot; o &quot;Sinister&quot;, se pondr\u00e1 detr\u00e1s de las c\u00e1maras para dirigir &quot;Doctor Strange&quot;, un nuevo proyecto sobre los superh\u00e9roes del estudio Marvel. Seg\u00fan inform\u00f3 hoy la edici\u00f3n digital de The Hollywood Reporter, el personaje, un antiguo neurocirujano\" \/>\n\t<meta name=\"robots\" content=\"max-image-preview:large\" \/>\n\t<meta name=\"author\" content=\"admin\"\/>\n\t<meta name=\"google-site-verification\" content=\"UA-38556648-1\" \/>\n\t<meta name=\"keywords\" content=\"noticias y actualidad\" \/>\n\t<link rel=\"canonical\" href=\"https:\/\/eldigitaldeasturias.com\/magazine365\/scott-derrickson-dirigira-doctor-strange-el-nuevo-proyecto-de-marvel\/\" \/>\n\t<meta name=\"generator\" content=\"All in One SEO Pro (AIOSEO) 4.9.6.1\" \/>\n\t\t<meta property=\"og:locale\" content=\"es_ES\" \/>\n\t\t<meta property=\"og:site_name\" content=\"El Digital de Asturias \u2013 Revista de ocio, turismo y estilo de vida\" \/>\n\t\t<meta property=\"og:type\" content=\"article\" \/>\n\t\t<meta property=\"og:title\" content=\"Scott Derrickson dirigir\u00e1 \u00abDoctor Strange\u00bb, el nuevo proyecto de Marvel | El Digital de Asturias\" \/>\n\t\t<meta property=\"og:description\" content=\"Los \u00c1ngeles (EE.UU.), 3 jun (EFE).- El estadounidense Scott Derrickson, conocido por pel\u00edculas como &quot;The Exorcism of Emily Rose&quot; o &quot;Sinister&quot;, se pondr\u00e1 detr\u00e1s de las c\u00e1maras para dirigir &quot;Doctor Strange&quot;, un nuevo proyecto sobre los superh\u00e9roes del estudio Marvel. Seg\u00fan inform\u00f3 hoy la edici\u00f3n digital de The Hollywood Reporter, el personaje, un antiguo neurocirujano\" \/>\n\t\t<meta property=\"og:url\" content=\"https:\/\/eldigitaldeasturias.com\/magazine365\/scott-derrickson-dirigira-doctor-strange-el-nuevo-proyecto-de-marvel\/\" \/>\n\t\t<meta property=\"og:image\" content=\"https:\/\/eldigitaldeasturias.com\/magazine365\/wp-content\/uploads\/2014\/06\/6331563w.jpg\" \/>\n\t\t<meta property=\"og:image:secure_url\" content=\"https:\/\/eldigitaldeasturias.com\/magazine365\/wp-content\/uploads\/2014\/06\/6331563w.jpg\" \/>\n\t\t<meta property=\"og:image:width\" content=\"800\" \/>\n\t\t<meta property=\"og:image:height\" content=\"533\" \/>\n\t\t<meta property=\"article:published_time\" content=\"2014-06-04T09:38:46+00:00\" \/>\n\t\t<meta property=\"article:modified_time\" content=\"2014-06-04T09:38:46+00:00\" \/>\n\t\t<meta name=\"twitter:card\" content=\"summary_large_image\" \/>\n\t\t<meta name=\"twitter:title\" content=\"Scott Derrickson dirigir\u00e1 \u00abDoctor Strange\u00bb, el nuevo proyecto de Marvel | El Digital de Asturias\" \/>\n\t\t<meta name=\"twitter:description\" content=\"Los \u00c1ngeles (EE.UU.), 3 jun (EFE).- El estadounidense Scott Derrickson, conocido por pel\u00edculas como &quot;The Exorcism of Emily Rose&quot; o &quot;Sinister&quot;, se pondr\u00e1 detr\u00e1s de las c\u00e1maras para dirigir &quot;Doctor Strange&quot;, un nuevo proyecto sobre los superh\u00e9roes del estudio Marvel. Seg\u00fan inform\u00f3 hoy la edici\u00f3n digital de The Hollywood Reporter, el personaje, un antiguo neurocirujano\" \/>\n\t\t<meta name=\"twitter:image\" content=\"https:\/\/eldigitaldeasturias.com\/magazine365\/wp-content\/uploads\/2014\/06\/6331563w.jpg\" \/>\n\t\t<script type=\"application\/ld+json\" class=\"aioseo-schema\">\n\t\t\t{\"@context\":\"https:\\\/\\\/schema.org\",\"@graph\":[{\"@type\":\"Article\",\"@id\":\"https:\\\/\\\/eldigitaldeasturias.com\\\/magazine365\\\/scott-derrickson-dirigira-doctor-strange-el-nuevo-proyecto-de-marvel\\\/#article\",\"name\":\"Scott Derrickson dirigir\\u00e1 \\u00abDoctor Strange\\u00bb, el nuevo proyecto de Marvel | El Digital de Asturias\",\"headline\":\"Scott Derrickson dirigir\\u00e1 \\u00abDoctor Strange\\u00bb, el nuevo proyecto de Marvel\",\"author\":{\"@id\":\"https:\\\/\\\/eldigitaldeasturias.com\\\/magazine365\\\/author\\\/admin\\\/#author\"},\"publisher\":{\"@id\":\"https:\\\/\\\/eldigitaldeasturias.com\\\/magazine365\\\/#organization\"},\"image\":{\"@type\":\"ImageObject\",\"url\":\"https:\\\/\\\/eldigitaldeasturias.com\\\/magazine365\\\/wp-content\\\/uploads\\\/2014\\\/06\\\/6331563w.jpg\",\"width\":800,\"height\":533},\"datePublished\":\"2014-06-04T07:38:46+02:00\",\"dateModified\":\"2014-06-04T07:38:46+02:00\",\"inLanguage\":\"es-ES\",\"mainEntityOfPage\":{\"@id\":\"https:\\\/\\\/eldigitaldeasturias.com\\\/magazine365\\\/scott-derrickson-dirigira-doctor-strange-el-nuevo-proyecto-de-marvel\\\/#webpage\"},\"isPartOf\":{\"@id\":\"https:\\\/\\\/eldigitaldeasturias.com\\\/magazine365\\\/scott-derrickson-dirigira-doctor-strange-el-nuevo-proyecto-de-marvel\\\/#webpage\"},\"articleSection\":\"Noticias y Actualidad\"},{\"@type\":\"BreadcrumbList\",\"@id\":\"https:\\\/\\\/eldigitaldeasturias.com\\\/magazine365\\\/scott-derrickson-dirigira-doctor-strange-el-nuevo-proyecto-de-marvel\\\/#breadcrumblist\",\"itemListElement\":[{\"@type\":\"ListItem\",\"@id\":\"https:\\\/\\\/eldigitaldeasturias.com\\\/magazine365#listItem\",\"position\":1,\"name\":\"Home\",\"item\":\"https:\\\/\\\/eldigitaldeasturias.com\\\/magazine365\",\"nextItem\":{\"@type\":\"ListItem\",\"@id\":\"https:\\\/\\\/eldigitaldeasturias.com\\\/magazine365\\\/category\\\/noticias-actualidad\\\/#listItem\",\"name\":\"Noticias y Actualidad\"}},{\"@type\":\"ListItem\",\"@id\":\"https:\\\/\\\/eldigitaldeasturias.com\\\/magazine365\\\/category\\\/noticias-actualidad\\\/#listItem\",\"position\":2,\"name\":\"Noticias y Actualidad\",\"item\":\"https:\\\/\\\/eldigitaldeasturias.com\\\/magazine365\\\/category\\\/noticias-actualidad\\\/\",\"nextItem\":{\"@type\":\"ListItem\",\"@id\":\"https:\\\/\\\/eldigitaldeasturias.com\\\/magazine365\\\/scott-derrickson-dirigira-doctor-strange-el-nuevo-proyecto-de-marvel\\\/#listItem\",\"name\":\"Scott Derrickson dirigir\\u00e1 \\u00abDoctor Strange\\u00bb, el nuevo proyecto de Marvel\"},\"previousItem\":{\"@type\":\"ListItem\",\"@id\":\"https:\\\/\\\/eldigitaldeasturias.com\\\/magazine365#listItem\",\"name\":\"Home\"}},{\"@type\":\"ListItem\",\"@id\":\"https:\\\/\\\/eldigitaldeasturias.com\\\/magazine365\\\/scott-derrickson-dirigira-doctor-strange-el-nuevo-proyecto-de-marvel\\\/#listItem\",\"position\":3,\"name\":\"Scott Derrickson dirigir\\u00e1 \\u00abDoctor Strange\\u00bb, el nuevo proyecto de Marvel\",\"previousItem\":{\"@type\":\"ListItem\",\"@id\":\"https:\\\/\\\/eldigitaldeasturias.com\\\/magazine365\\\/category\\\/noticias-actualidad\\\/#listItem\",\"name\":\"Noticias y Actualidad\"}}]},{\"@type\":\"Organization\",\"@id\":\"https:\\\/\\\/eldigitaldeasturias.com\\\/magazine365\\\/#organization\",\"name\":\"El digital de Asturias\",\"description\":\"Revista de ocio, turismo y estilo de vida\",\"url\":\"https:\\\/\\\/eldigitaldeasturias.com\\\/magazine365\\\/\",\"logo\":{\"@type\":\"ImageObject\",\"url\":\"https:\\\/\\\/www.eldigitaldeasturias.com\\\/noticias\\\/wp-content\\\/uploads\\\/2020\\\/12\\\/EDA.jpg\",\"@id\":\"https:\\\/\\\/eldigitaldeasturias.com\\\/magazine365\\\/scott-derrickson-dirigira-doctor-strange-el-nuevo-proyecto-de-marvel\\\/#organizationLogo\"},\"image\":{\"@id\":\"https:\\\/\\\/eldigitaldeasturias.com\\\/magazine365\\\/scott-derrickson-dirigira-doctor-strange-el-nuevo-proyecto-de-marvel\\\/#organizationLogo\"}},{\"@type\":\"Person\",\"@id\":\"https:\\\/\\\/eldigitaldeasturias.com\\\/magazine365\\\/author\\\/admin\\\/#author\",\"url\":\"https:\\\/\\\/eldigitaldeasturias.com\\\/magazine365\\\/author\\\/admin\\\/\",\"name\":\"admin\",\"image\":{\"@type\":\"ImageObject\",\"@id\":\"https:\\\/\\\/eldigitaldeasturias.com\\\/magazine365\\\/scott-derrickson-dirigira-doctor-strange-el-nuevo-proyecto-de-marvel\\\/#authorImage\",\"url\":\"https:\\\/\\\/eldigitaldeasturias.com\\\/magazine365\\\/wp-content\\\/litespeed\\\/avatar\\\/e571bcf59a0edd6fa6838245a470f2fe.jpg?ver=1777574230\",\"width\":96,\"height\":96,\"caption\":\"admin\"}},{\"@type\":\"WebPage\",\"@id\":\"https:\\\/\\\/eldigitaldeasturias.com\\\/magazine365\\\/scott-derrickson-dirigira-doctor-strange-el-nuevo-proyecto-de-marvel\\\/#webpage\",\"url\":\"https:\\\/\\\/eldigitaldeasturias.com\\\/magazine365\\\/scott-derrickson-dirigira-doctor-strange-el-nuevo-proyecto-de-marvel\\\/\",\"name\":\"Scott Derrickson dirigir\\u00e1 \\u00abDoctor Strange\\u00bb, el nuevo proyecto de Marvel | El Digital de Asturias\",\"description\":\"Los \\u00c1ngeles (EE.UU.), 3 jun (EFE).- El estadounidense Scott Derrickson, conocido por pel\\u00edculas como \\\"The Exorcism of Emily Rose\\\" o \\\"Sinister\\\", se pondr\\u00e1 detr\\u00e1s de las c\\u00e1maras para dirigir \\\"Doctor Strange\\\", un nuevo proyecto sobre los superh\\u00e9roes del estudio Marvel. Seg\\u00fan inform\\u00f3 hoy la edici\\u00f3n digital de The Hollywood Reporter, el personaje, un antiguo neurocirujano\",\"inLanguage\":\"es-ES\",\"isPartOf\":{\"@id\":\"https:\\\/\\\/eldigitaldeasturias.com\\\/magazine365\\\/#website\"},\"breadcrumb\":{\"@id\":\"https:\\\/\\\/eldigitaldeasturias.com\\\/magazine365\\\/scott-derrickson-dirigira-doctor-strange-el-nuevo-proyecto-de-marvel\\\/#breadcrumblist\"},\"author\":{\"@id\":\"https:\\\/\\\/eldigitaldeasturias.com\\\/magazine365\\\/author\\\/admin\\\/#author\"},\"creator\":{\"@id\":\"https:\\\/\\\/eldigitaldeasturias.com\\\/magazine365\\\/author\\\/admin\\\/#author\"},\"image\":{\"@type\":\"ImageObject\",\"url\":\"https:\\\/\\\/eldigitaldeasturias.com\\\/magazine365\\\/wp-content\\\/uploads\\\/2014\\\/06\\\/6331563w.jpg\",\"@id\":\"https:\\\/\\\/eldigitaldeasturias.com\\\/magazine365\\\/scott-derrickson-dirigira-doctor-strange-el-nuevo-proyecto-de-marvel\\\/#mainImage\",\"width\":800,\"height\":533},\"primaryImageOfPage\":{\"@id\":\"https:\\\/\\\/eldigitaldeasturias.com\\\/magazine365\\\/scott-derrickson-dirigira-doctor-strange-el-nuevo-proyecto-de-marvel\\\/#mainImage\"},\"datePublished\":\"2014-06-04T07:38:46+02:00\",\"dateModified\":\"2014-06-04T07:38:46+02:00\"},{\"@type\":\"WebSite\",\"@id\":\"https:\\\/\\\/eldigitaldeasturias.com\\\/magazine365\\\/#website\",\"url\":\"https:\\\/\\\/eldigitaldeasturias.com\\\/magazine365\\\/\",\"name\":\"El Digital de Asturias\",\"description\":\"Revista de ocio, turismo y estilo de vida\",\"inLanguage\":\"es-ES\",\"publisher\":{\"@id\":\"https:\\\/\\\/eldigitaldeasturias.com\\\/magazine365\\\/#organization\"}}]}\n\t\t<\/script>\n\t\t<!-- All in One SEO Pro -->\r\n\t\t<title>Scott Derrickson dirigir\u00e1 \u00abDoctor Strange\u00bb, el nuevo proyecto de Marvel | El Digital de Asturias<\/title>\n\n","aioseo_head_json":{"title":"Scott Derrickson dirigir\u00e1 \u00abDoctor Strange\u00bb, el nuevo proyecto de Marvel | El Digital de Asturias","description":"Los \u00c1ngeles (EE.UU.), 3 jun (EFE).- El estadounidense Scott Derrickson, conocido por pel\u00edculas como \"The Exorcism of Emily Rose\" o \"Sinister\", se pondr\u00e1 detr\u00e1s de las c\u00e1maras para dirigir \"Doctor Strange\", un nuevo proyecto sobre los superh\u00e9roes del estudio Marvel. Seg\u00fan inform\u00f3 hoy la edici\u00f3n digital de The Hollywood Reporter, el personaje, un antiguo neurocirujano","canonical_url":"https:\/\/eldigitaldeasturias.com\/magazine365\/scott-derrickson-dirigira-doctor-strange-el-nuevo-proyecto-de-marvel\/","robots":"max-image-preview:large","keywords":"noticias y actualidad","webmasterTools":{"google-site-verification":"UA-38556648-1","miscellaneous":""},"schema":{"@context":"https:\/\/schema.org","@graph":[{"@type":"Article","@id":"https:\/\/eldigitaldeasturias.com\/magazine365\/scott-derrickson-dirigira-doctor-strange-el-nuevo-proyecto-de-marvel\/#article","name":"Scott Derrickson dirigir\u00e1 \u00abDoctor Strange\u00bb, el nuevo proyecto de Marvel | El Digital de Asturias","headline":"Scott Derrickson dirigir\u00e1 \u00abDoctor Strange\u00bb, el nuevo proyecto de Marvel","author":{"@id":"https:\/\/eldigitaldeasturias.com\/magazine365\/author\/admin\/#author"},"publisher":{"@id":"https:\/\/eldigitaldeasturias.com\/magazine365\/#organization"},"image":{"@type":"ImageObject","url":"https:\/\/eldigitaldeasturias.com\/magazine365\/wp-content\/uploads\/2014\/06\/6331563w.jpg","width":800,"height":533},"datePublished":"2014-06-04T07:38:46+02:00","dateModified":"2014-06-04T07:38:46+02:00","inLanguage":"es-ES","mainEntityOfPage":{"@id":"https:\/\/eldigitaldeasturias.com\/magazine365\/scott-derrickson-dirigira-doctor-strange-el-nuevo-proyecto-de-marvel\/#webpage"},"isPartOf":{"@id":"https:\/\/eldigitaldeasturias.com\/magazine365\/scott-derrickson-dirigira-doctor-strange-el-nuevo-proyecto-de-marvel\/#webpage"},"articleSection":"Noticias y Actualidad"},{"@type":"BreadcrumbList","@id":"https:\/\/eldigitaldeasturias.com\/magazine365\/scott-derrickson-dirigira-doctor-strange-el-nuevo-proyecto-de-marvel\/#breadcrumblist","itemListElement":[{"@type":"ListItem","@id":"https:\/\/eldigitaldeasturias.com\/magazine365#listItem","position":1,"name":"Home","item":"https:\/\/eldigitaldeasturias.com\/magazine365","nextItem":{"@type":"ListItem","@id":"https:\/\/eldigitaldeasturias.com\/magazine365\/category\/noticias-actualidad\/#listItem","name":"Noticias y Actualidad"}},{"@type":"ListItem","@id":"https:\/\/eldigitaldeasturias.com\/magazine365\/category\/noticias-actualidad\/#listItem","position":2,"name":"Noticias y Actualidad","item":"https:\/\/eldigitaldeasturias.com\/magazine365\/category\/noticias-actualidad\/","nextItem":{"@type":"ListItem","@id":"https:\/\/eldigitaldeasturias.com\/magazine365\/scott-derrickson-dirigira-doctor-strange-el-nuevo-proyecto-de-marvel\/#listItem","name":"Scott Derrickson dirigir\u00e1 \u00abDoctor Strange\u00bb, el nuevo proyecto de Marvel"},"previousItem":{"@type":"ListItem","@id":"https:\/\/eldigitaldeasturias.com\/magazine365#listItem","name":"Home"}},{"@type":"ListItem","@id":"https:\/\/eldigitaldeasturias.com\/magazine365\/scott-derrickson-dirigira-doctor-strange-el-nuevo-proyecto-de-marvel\/#listItem","position":3,"name":"Scott Derrickson dirigir\u00e1 \u00abDoctor Strange\u00bb, el nuevo proyecto de Marvel","previousItem":{"@type":"ListItem","@id":"https:\/\/eldigitaldeasturias.com\/magazine365\/category\/noticias-actualidad\/#listItem","name":"Noticias y Actualidad"}}]},{"@type":"Organization","@id":"https:\/\/eldigitaldeasturias.com\/magazine365\/#organization","name":"El digital de Asturias","description":"Revista de ocio, turismo y estilo de vida","url":"https:\/\/eldigitaldeasturias.com\/magazine365\/","logo":{"@type":"ImageObject","url":"https:\/\/www.eldigitaldeasturias.com\/noticias\/wp-content\/uploads\/2020\/12\/EDA.jpg","@id":"https:\/\/eldigitaldeasturias.com\/magazine365\/scott-derrickson-dirigira-doctor-strange-el-nuevo-proyecto-de-marvel\/#organizationLogo"},"image":{"@id":"https:\/\/eldigitaldeasturias.com\/magazine365\/scott-derrickson-dirigira-doctor-strange-el-nuevo-proyecto-de-marvel\/#organizationLogo"}},{"@type":"Person","@id":"https:\/\/eldigitaldeasturias.com\/magazine365\/author\/admin\/#author","url":"https:\/\/eldigitaldeasturias.com\/magazine365\/author\/admin\/","name":"admin","image":{"@type":"ImageObject","@id":"https:\/\/eldigitaldeasturias.com\/magazine365\/scott-derrickson-dirigira-doctor-strange-el-nuevo-proyecto-de-marvel\/#authorImage","url":"https:\/\/eldigitaldeasturias.com\/magazine365\/wp-content\/litespeed\/avatar\/e571bcf59a0edd6fa6838245a470f2fe.jpg?ver=1777574230","width":96,"height":96,"caption":"admin"}},{"@type":"WebPage","@id":"https:\/\/eldigitaldeasturias.com\/magazine365\/scott-derrickson-dirigira-doctor-strange-el-nuevo-proyecto-de-marvel\/#webpage","url":"https:\/\/eldigitaldeasturias.com\/magazine365\/scott-derrickson-dirigira-doctor-strange-el-nuevo-proyecto-de-marvel\/","name":"Scott Derrickson dirigir\u00e1 \u00abDoctor Strange\u00bb, el nuevo proyecto de Marvel | El Digital de Asturias","description":"Los \u00c1ngeles (EE.UU.), 3 jun (EFE).- El estadounidense Scott Derrickson, conocido por pel\u00edculas como \"The Exorcism of Emily Rose\" o \"Sinister\", se pondr\u00e1 detr\u00e1s de las c\u00e1maras para dirigir \"Doctor Strange\", un nuevo proyecto sobre los superh\u00e9roes del estudio Marvel. Seg\u00fan inform\u00f3 hoy la edici\u00f3n digital de The Hollywood Reporter, el personaje, un antiguo neurocirujano","inLanguage":"es-ES","isPartOf":{"@id":"https:\/\/eldigitaldeasturias.com\/magazine365\/#website"},"breadcrumb":{"@id":"https:\/\/eldigitaldeasturias.com\/magazine365\/scott-derrickson-dirigira-doctor-strange-el-nuevo-proyecto-de-marvel\/#breadcrumblist"},"author":{"@id":"https:\/\/eldigitaldeasturias.com\/magazine365\/author\/admin\/#author"},"creator":{"@id":"https:\/\/eldigitaldeasturias.com\/magazine365\/author\/admin\/#author"},"image":{"@type":"ImageObject","url":"https:\/\/eldigitaldeasturias.com\/magazine365\/wp-content\/uploads\/2014\/06\/6331563w.jpg","@id":"https:\/\/eldigitaldeasturias.com\/magazine365\/scott-derrickson-dirigira-doctor-strange-el-nuevo-proyecto-de-marvel\/#mainImage","width":800,"height":533},"primaryImageOfPage":{"@id":"https:\/\/eldigitaldeasturias.com\/magazine365\/scott-derrickson-dirigira-doctor-strange-el-nuevo-proyecto-de-marvel\/#mainImage"},"datePublished":"2014-06-04T07:38:46+02:00","dateModified":"2014-06-04T07:38:46+02:00"},{"@type":"WebSite","@id":"https:\/\/eldigitaldeasturias.com\/magazine365\/#website","url":"https:\/\/eldigitaldeasturias.com\/magazine365\/","name":"El Digital de Asturias","description":"Revista de ocio, turismo y estilo de vida","inLanguage":"es-ES","publisher":{"@id":"https:\/\/eldigitaldeasturias.com\/magazine365\/#organization"}}]},"og:locale":"es_ES","og:site_name":"El Digital de Asturias \u2013 Revista de ocio, turismo y estilo de vida","og:type":"article","og:title":"Scott Derrickson dirigir\u00e1 \u00abDoctor Strange\u00bb, el nuevo proyecto de Marvel | El Digital de Asturias","og:description":"Los \u00c1ngeles (EE.UU.), 3 jun (EFE).- El estadounidense Scott Derrickson, conocido por pel\u00edculas como &quot;The Exorcism of Emily Rose&quot; o &quot;Sinister&quot;, se pondr\u00e1 detr\u00e1s de las c\u00e1maras para dirigir &quot;Doctor Strange&quot;, un nuevo proyecto sobre los superh\u00e9roes del estudio Marvel. Seg\u00fan inform\u00f3 hoy la edici\u00f3n digital de The Hollywood Reporter, el personaje, un antiguo neurocirujano","og:url":"https:\/\/eldigitaldeasturias.com\/magazine365\/scott-derrickson-dirigira-doctor-strange-el-nuevo-proyecto-de-marvel\/","og:image":"https:\/\/eldigitaldeasturias.com\/magazine365\/wp-content\/uploads\/2014\/06\/6331563w.jpg","og:image:secure_url":"https:\/\/eldigitaldeasturias.com\/magazine365\/wp-content\/uploads\/2014\/06\/6331563w.jpg","og:image:width":800,"og:image:height":533,"article:published_time":"2014-06-04T09:38:46+00:00","article:modified_time":"2014-06-04T09:38:46+00:00","twitter:card":"summary_large_image","twitter:title":"Scott Derrickson dirigir\u00e1 \u00abDoctor Strange\u00bb, el nuevo proyecto de Marvel | El Digital de Asturias","twitter:description":"Los \u00c1ngeles (EE.UU.), 3 jun (EFE).- El estadounidense Scott Derrickson, conocido por pel\u00edculas como &quot;The Exorcism of Emily Rose&quot; o &quot;Sinister&quot;, se pondr\u00e1 detr\u00e1s de las c\u00e1maras para dirigir &quot;Doctor Strange&quot;, un nuevo proyecto sobre los superh\u00e9roes del estudio Marvel. Seg\u00fan inform\u00f3 hoy la edici\u00f3n digital de The Hollywood Reporter, el personaje, un antiguo neurocirujano","twitter:image":"https:\/\/eldigitaldeasturias.com\/magazine365\/wp-content\/uploads\/2014\/06\/6331563w.jpg"},"aioseo_meta_data":{"post_id":"15015","title":null,"description":null,"keywords":null,"keyphrases":null,"primary_term":null,"canonical_url":null,"og_title":null,"og_description":null,"og_object_type":"default","og_image_type":"default","og_image_url":null,"og_image_width":null,"og_image_height":null,"og_image_custom_url":null,"og_image_custom_fields":null,"og_video":null,"og_custom_url":null,"og_article_section":null,"og_article_tags":null,"twitter_use_og":false,"twitter_card":"default","twitter_image_type":"default","twitter_image_url":null,"twitter_image_custom_url":null,"twitter_image_custom_fields":null,"twitter_title":null,"twitter_description":null,"schema":{"blockGraphs":[],"customGraphs":[],"default":{"data":{"Article":[],"Course":[],"Dataset":[],"FAQPage":[],"Movie":[],"Person":[],"Product":[],"ProductReview":[],"Car":[],"Recipe":[],"Service":[],"SoftwareApplication":[],"WebPage":[]},"graphName":"","isEnabled":true},"graphs":[],"defaultGraph":"","defaultPostTypeGraph":""},"schema_type":null,"schema_type_options":null,"pillar_content":false,"robots_default":true,"robots_noindex":false,"robots_noarchive":false,"robots_nosnippet":false,"robots_nofollow":false,"robots_noimageindex":false,"robots_noodp":false,"robots_notranslate":false,"robots_max_snippet":null,"robots_max_videopreview":null,"robots_max_imagepreview":"large","priority":null,"frequency":null,"location":null,"local_seo":null,"seo_analyzer_scan_date":"2025-09-17 11:15:19","breadcrumb_settings":null,"limit_modified_date":false,"open_ai":null,"ai":null,"created":"2021-03-09 08:07:53","updated":"2025-09-17 11:15:19"},"aioseo_breadcrumb":"<div class=\"aioseo-breadcrumbs\"><span class=\"aioseo-breadcrumb\">\n\t<a href=\"https:\/\/eldigitaldeasturias.com\/magazine365\" title=\"Home\">Home<\/a>\n<\/span><span class=\"aioseo-breadcrumb-separator\">\u2013<\/span><span class=\"aioseo-breadcrumb\">\n\t<a href=\"https:\/\/eldigitaldeasturias.com\/magazine365\/category\/noticias-actualidad\/\" title=\"Noticias y Actualidad\">Noticias y Actualidad<\/a>\n<\/span><span class=\"aioseo-breadcrumb-separator\">\u2013<\/span><span class=\"aioseo-breadcrumb\">\n\t<a href=\"https:\/\/eldigitaldeasturias.com\/magazine365\/scott-derrickson-dirigira-doctor-strange-el-nuevo-proyecto-de-marvel\/\" title=\"Scott Derrickson dirigir\u00e1 \u00abDoctor Strange\u00bb, el nuevo proyecto de Marvel\">Scott Derrickson dirigir\u00e1 \u00abDoctor Strange\u00bb, el nuevo proyecto de Marvel<\/a>\n<\/span><\/div>","aioseo_breadcrumb_json":[{"label":"Home","link":"https:\/\/eldigitaldeasturias.com\/magazine365"},{"label":"Noticias y Actualidad","link":"https:\/\/eldigitaldeasturias.com\/magazine365\/category\/noticias-actualidad\/"},{"label":"Scott Derrickson dirigir\u00e1 \u00abDoctor Strange\u00bb, el nuevo proyecto de Marvel","link":"https:\/\/eldigitaldeasturias.com\/magazine365\/scott-derrickson-dirigira-doctor-strange-el-nuevo-proyecto-de-marvel\/"}],"_links":{"self":[{"href":"https:\/\/eldigitaldeasturias.com\/magazine365\/wp-json\/wp\/v2\/posts\/15015","targetHints":{"allow":["GET"]}}],"collection":[{"href":"https:\/\/eldigitaldeasturias.com\/magazine365\/wp-json\/wp\/v2\/posts"}],"about":[{"href":"https:\/\/eldigitaldeasturias.com\/magazine365\/wp-json\/wp\/v2\/types\/post"}],"author":[{"embeddable":true,"href":"https:\/\/eldigitaldeasturias.com\/magazine365\/wp-json\/wp\/v2\/users\/1"}],"replies":[{"embeddable":true,"href":"https:\/\/eldigitaldeasturias.com\/magazine365\/wp-json\/wp\/v2\/comments?post=15015"}],"version-history":[{"count":0,"href":"https:\/\/eldigitaldeasturias.com\/magazine365\/wp-json\/wp\/v2\/posts\/15015\/revisions"}],"wp:featuredmedia":[{"embeddable":true,"href":"https:\/\/eldigitaldeasturias.com\/magazine365\/wp-json\/wp\/v2\/media\/15016"}],"wp:attachment":[{"href":"https:\/\/eldigitaldeasturias.com\/magazine365\/wp-json\/wp\/v2\/media?parent=15015"}],"wp:term":[{"taxonomy":"category","embeddable":true,"href":"https:\/\/eldigitaldeasturias.com\/magazine365\/wp-json\/wp\/v2\/categories?post=15015"},{"taxonomy":"post_tag","embeddable":true,"href":"https:\/\/eldigitaldeasturias.com\/magazine365\/wp-json\/wp\/v2\/tags?post=15015"}],"curies":[{"name":"wp","href":"https:\/\/api.w.org\/{rel}","templated":true}]}}