{"id":15009,"date":"2014-06-04T07:36:44","date_gmt":"2014-06-04T09:36:44","guid":{"rendered":"http:\/\/eldigitaldeasturias.com\/magazine365\/?p=15009"},"modified":"2014-06-04T07:36:44","modified_gmt":"2014-06-04T09:36:44","slug":"bunbury-cancela-el-inicio-de-su-gira-por-el-estado-de-salud-de-su-guitarrista","status":"publish","type":"post","link":"https:\/\/eldigitaldeasturias.com\/magazine365\/bunbury-cancela-el-inicio-de-su-gira-por-el-estado-de-salud-de-su-guitarrista\/","title":{"rendered":"Bunbury cancela el inicio de su gira por el estado de salud de su guitarrista"},"content":{"rendered":"<p><img fetchpriority=\"high\" decoding=\"async\" class=\"alignleft size-medium wp-image-15010\" alt=\"6330561w\" src=\"https:\/\/eldigitaldeasturias.com\/magazine365\/wp-content\/uploads\/2014\/06\/6330561w-360x239.jpg\" width=\"360\" height=\"239\" srcset=\"https:\/\/eldigitaldeasturias.com\/magazine365\/wp-content\/uploads\/2014\/06\/6330561w-360x239.jpg 360w, https:\/\/eldigitaldeasturias.com\/magazine365\/wp-content\/uploads\/2014\/06\/6330561w-650x432.jpg 650w, https:\/\/eldigitaldeasturias.com\/magazine365\/wp-content\/uploads\/2014\/06\/6330561w-768x511.jpg 768w, https:\/\/eldigitaldeasturias.com\/magazine365\/wp-content\/uploads\/2014\/06\/6330561w-150x100.jpg 150w, https:\/\/eldigitaldeasturias.com\/magazine365\/wp-content\/uploads\/2014\/06\/6330561w-450x299.jpg 450w, https:\/\/eldigitaldeasturias.com\/magazine365\/wp-content\/uploads\/2014\/06\/6330561w-696x463.jpg 696w, https:\/\/eldigitaldeasturias.com\/magazine365\/wp-content\/uploads\/2014\/06\/6330561w-632x420.jpg 632w, https:\/\/eldigitaldeasturias.com\/magazine365\/wp-content\/uploads\/2014\/06\/6330561w-84x55.jpg 84w, https:\/\/eldigitaldeasturias.com\/magazine365\/wp-content\/uploads\/2014\/06\/6330561w.jpg 800w\" sizes=\"(max-width: 360px) 100vw, 360px\" \/>Madrid, 3 jun (EFE).- Enrique Bunbury ha suspendido el inicio de la gira de presentaci\u00f3n de su disco \u00abPalosanto\u00bb por el estado de salud del guitarrista de la banda que le acompa\u00f1a, Los Santos Inocentes, su \u00abamigo\u00bb Jordi Mena, que ma\u00f1ana ser\u00e1 operado de urgencia.<\/p>\n<p>\u00abLas \u00faltimas horas en el seno de Los Santos Inocentes han sido muy duras y complicadas\u00bb, destaca el artista en un comunicado publicado en su cuenta de Twitter, en el que ha ofrecido explicaciones y ha precisado cu\u00e1les son los conciertos cancelados: Valladolid, Santiago de Compostela, Granada y Sevilla.<\/p>\n<p>\u00abEl resto del tour sigue tal y como est\u00e1 previsto\u00bb, a\u00f1ade.<\/p>\n<p>Aunque Bunbury deb\u00eda presentar su nuevo tour esta misma ma\u00f1ana en una rueda de prensa en Madrid, el acto fue cancelado pocas horas antes de la hora se\u00f1alada. \u00abPido disculpas por avisar a nuestros compa\u00f1eros periodistas y fot\u00f3grafos con tan escaso margen de tiempo\u00bb, ha se\u00f1alado en su escrito, en el que extiende su petici\u00f3n de descargo al p\u00fablico afectado.<\/p>\n<p>\u00abEspero que sepan entender la desgracia que supone nosotros una cancelaci\u00f3n\u00bb, dice.<\/p>\n<p>El inicio en Espa\u00f1a de la gira \u00abPalosanto Tour 2014\u00bb estaba programado para este jueves con el concierto en Valladolid, tras recorrer once pa\u00edses iberoamericanos y con la intenci\u00f3n de ofrecer nueve conciertos en ciudades entre las que figuran Madrid y Barcelona.<\/p>\n<p>En esa gira, como en las anteriores junto a Los Santos Inocentes, deb\u00eda acompa\u00f1arle su guitarrista Jordi Mena, quien acumula una larga experiencia y ha tocado con m\u00fasicos como Compay Segundo, Joaqu\u00edn Sabina, Celia Cruz, Lus Casal, Jorge Drexler y Kiko Veneno, entre muchos otros.<\/p>\n<p>Fue despu\u00e9s de su salida de Jarabe de Palo, tras 12 a\u00f1os de trabajo conjunto, cuando Mena comenz\u00f3 a tocar con Bunbury, quien le ofreci\u00f3 participar tanto en sus conciertos como en sus discos, entre los que se incluyen \u00abHellville de Luxe\u00bb (2008) y \u00abLas consecuencias\u00bb (2010).<\/p>\n<p>En 2013, Bunbury public\u00f3 su octavo disco en solitario, \u00abPalosanto\u00bb.<\/p>\n","protected":false},"excerpt":{"rendered":"<p>Madrid, 3 jun (EFE).- Enrique Bunbury ha suspendido el inicio de la gira de presentaci\u00f3n de su disco \u00abPalosanto\u00bb por el estado de salud del guitarrista de la banda que le acompa\u00f1a, Los Santos Inocentes, su \u00abamigo\u00bb Jordi Mena, que ma\u00f1ana ser\u00e1 operado de urgencia. \u00abLas \u00faltimas horas en el seno de Los Santos Inocentes<\/p>\n","protected":false},"author":1,"featured_media":15010,"comment_status":"open","ping_status":"closed","sticky":false,"template":"","format":"standard","meta":{"footnotes":""},"categories":[224],"tags":[],"class_list":{"0":"post-15009","1":"post","2":"type-post","3":"status-publish","4":"format-standard","5":"has-post-thumbnail","7":"category-noticias-actualidad"},"aioseo_notices":[],"aioseo_head":"\n\t\t<!-- All in One SEO Pro 4.9.6.1 - aioseo.com -->\n\t<meta name=\"description\" content=\"Madrid, 3 jun (EFE).- Enrique Bunbury ha suspendido el inicio de la gira de presentaci\u00f3n de su disco &quot;Palosanto&quot; por el estado de salud del guitarrista de la banda que le acompa\u00f1a, Los Santos Inocentes, su &quot;amigo&quot; Jordi Mena, que ma\u00f1ana ser\u00e1 operado de urgencia. &quot;Las \u00faltimas horas en el seno de Los Santos Inocentes\" \/>\n\t<meta name=\"robots\" content=\"max-image-preview:large\" \/>\n\t<meta name=\"author\" content=\"admin\"\/>\n\t<meta name=\"google-site-verification\" content=\"UA-38556648-1\" \/>\n\t<meta name=\"keywords\" content=\"noticias y actualidad\" \/>\n\t<link rel=\"canonical\" href=\"https:\/\/eldigitaldeasturias.com\/magazine365\/bunbury-cancela-el-inicio-de-su-gira-por-el-estado-de-salud-de-su-guitarrista\/\" \/>\n\t<meta name=\"generator\" content=\"All in One SEO Pro (AIOSEO) 4.9.6.1\" \/>\n\t\t<meta property=\"og:locale\" content=\"es_ES\" \/>\n\t\t<meta property=\"og:site_name\" content=\"El Digital de Asturias \u2013 Revista de ocio, turismo y estilo de vida\" \/>\n\t\t<meta property=\"og:type\" content=\"article\" \/>\n\t\t<meta property=\"og:title\" content=\"Bunbury cancela el inicio de su gira por el estado de salud de su guitarrista | El Digital de Asturias\" \/>\n\t\t<meta property=\"og:description\" content=\"Madrid, 3 jun (EFE).- Enrique Bunbury ha suspendido el inicio de la gira de presentaci\u00f3n de su disco &quot;Palosanto&quot; por el estado de salud del guitarrista de la banda que le acompa\u00f1a, Los Santos Inocentes, su &quot;amigo&quot; Jordi Mena, que ma\u00f1ana ser\u00e1 operado de urgencia. &quot;Las \u00faltimas horas en el seno de Los Santos Inocentes\" \/>\n\t\t<meta property=\"og:url\" content=\"https:\/\/eldigitaldeasturias.com\/magazine365\/bunbury-cancela-el-inicio-de-su-gira-por-el-estado-de-salud-de-su-guitarrista\/\" \/>\n\t\t<meta property=\"og:image\" content=\"https:\/\/eldigitaldeasturias.com\/magazine365\/wp-content\/uploads\/2014\/06\/6330561w.jpg\" \/>\n\t\t<meta property=\"og:image:secure_url\" content=\"https:\/\/eldigitaldeasturias.com\/magazine365\/wp-content\/uploads\/2014\/06\/6330561w.jpg\" \/>\n\t\t<meta property=\"og:image:width\" content=\"800\" \/>\n\t\t<meta property=\"og:image:height\" content=\"532\" \/>\n\t\t<meta property=\"article:published_time\" content=\"2014-06-04T09:36:44+00:00\" \/>\n\t\t<meta property=\"article:modified_time\" content=\"2014-06-04T09:36:44+00:00\" \/>\n\t\t<meta name=\"twitter:card\" content=\"summary_large_image\" \/>\n\t\t<meta name=\"twitter:title\" content=\"Bunbury cancela el inicio de su gira por el estado de salud de su guitarrista | El Digital de Asturias\" \/>\n\t\t<meta name=\"twitter:description\" content=\"Madrid, 3 jun (EFE).- Enrique Bunbury ha suspendido el inicio de la gira de presentaci\u00f3n de su disco &quot;Palosanto&quot; por el estado de salud del guitarrista de la banda que le acompa\u00f1a, Los Santos Inocentes, su &quot;amigo&quot; Jordi Mena, que ma\u00f1ana ser\u00e1 operado de urgencia. &quot;Las \u00faltimas horas en el seno de Los Santos Inocentes\" \/>\n\t\t<meta name=\"twitter:image\" content=\"https:\/\/eldigitaldeasturias.com\/magazine365\/wp-content\/uploads\/2014\/06\/6330561w.jpg\" \/>\n\t\t<script type=\"application\/ld+json\" class=\"aioseo-schema\">\n\t\t\t{\"@context\":\"https:\\\/\\\/schema.org\",\"@graph\":[{\"@type\":\"Article\",\"@id\":\"https:\\\/\\\/eldigitaldeasturias.com\\\/magazine365\\\/bunbury-cancela-el-inicio-de-su-gira-por-el-estado-de-salud-de-su-guitarrista\\\/#article\",\"name\":\"Bunbury cancela el inicio de su gira por el estado de salud de su guitarrista | El Digital de Asturias\",\"headline\":\"Bunbury cancela el inicio de su gira por el estado de salud de su guitarrista\",\"author\":{\"@id\":\"https:\\\/\\\/eldigitaldeasturias.com\\\/magazine365\\\/author\\\/admin\\\/#author\"},\"publisher\":{\"@id\":\"https:\\\/\\\/eldigitaldeasturias.com\\\/magazine365\\\/#organization\"},\"image\":{\"@type\":\"ImageObject\",\"url\":\"https:\\\/\\\/eldigitaldeasturias.com\\\/magazine365\\\/wp-content\\\/uploads\\\/2014\\\/06\\\/6330561w.jpg\",\"width\":800,\"height\":532},\"datePublished\":\"2014-06-04T07:36:44+02:00\",\"dateModified\":\"2014-06-04T07:36:44+02:00\",\"inLanguage\":\"es-ES\",\"mainEntityOfPage\":{\"@id\":\"https:\\\/\\\/eldigitaldeasturias.com\\\/magazine365\\\/bunbury-cancela-el-inicio-de-su-gira-por-el-estado-de-salud-de-su-guitarrista\\\/#webpage\"},\"isPartOf\":{\"@id\":\"https:\\\/\\\/eldigitaldeasturias.com\\\/magazine365\\\/bunbury-cancela-el-inicio-de-su-gira-por-el-estado-de-salud-de-su-guitarrista\\\/#webpage\"},\"articleSection\":\"Noticias y Actualidad\"},{\"@type\":\"BreadcrumbList\",\"@id\":\"https:\\\/\\\/eldigitaldeasturias.com\\\/magazine365\\\/bunbury-cancela-el-inicio-de-su-gira-por-el-estado-de-salud-de-su-guitarrista\\\/#breadcrumblist\",\"itemListElement\":[{\"@type\":\"ListItem\",\"@id\":\"https:\\\/\\\/eldigitaldeasturias.com\\\/magazine365#listItem\",\"position\":1,\"name\":\"Home\",\"item\":\"https:\\\/\\\/eldigitaldeasturias.com\\\/magazine365\",\"nextItem\":{\"@type\":\"ListItem\",\"@id\":\"https:\\\/\\\/eldigitaldeasturias.com\\\/magazine365\\\/category\\\/noticias-actualidad\\\/#listItem\",\"name\":\"Noticias y Actualidad\"}},{\"@type\":\"ListItem\",\"@id\":\"https:\\\/\\\/eldigitaldeasturias.com\\\/magazine365\\\/category\\\/noticias-actualidad\\\/#listItem\",\"position\":2,\"name\":\"Noticias y Actualidad\",\"item\":\"https:\\\/\\\/eldigitaldeasturias.com\\\/magazine365\\\/category\\\/noticias-actualidad\\\/\",\"nextItem\":{\"@type\":\"ListItem\",\"@id\":\"https:\\\/\\\/eldigitaldeasturias.com\\\/magazine365\\\/bunbury-cancela-el-inicio-de-su-gira-por-el-estado-de-salud-de-su-guitarrista\\\/#listItem\",\"name\":\"Bunbury cancela el inicio de su gira por el estado de salud de su guitarrista\"},\"previousItem\":{\"@type\":\"ListItem\",\"@id\":\"https:\\\/\\\/eldigitaldeasturias.com\\\/magazine365#listItem\",\"name\":\"Home\"}},{\"@type\":\"ListItem\",\"@id\":\"https:\\\/\\\/eldigitaldeasturias.com\\\/magazine365\\\/bunbury-cancela-el-inicio-de-su-gira-por-el-estado-de-salud-de-su-guitarrista\\\/#listItem\",\"position\":3,\"name\":\"Bunbury cancela el inicio de su gira por el estado de salud de su guitarrista\",\"previousItem\":{\"@type\":\"ListItem\",\"@id\":\"https:\\\/\\\/eldigitaldeasturias.com\\\/magazine365\\\/category\\\/noticias-actualidad\\\/#listItem\",\"name\":\"Noticias y Actualidad\"}}]},{\"@type\":\"Organization\",\"@id\":\"https:\\\/\\\/eldigitaldeasturias.com\\\/magazine365\\\/#organization\",\"name\":\"El digital de Asturias\",\"description\":\"Revista de ocio, turismo y estilo de vida\",\"url\":\"https:\\\/\\\/eldigitaldeasturias.com\\\/magazine365\\\/\",\"logo\":{\"@type\":\"ImageObject\",\"url\":\"https:\\\/\\\/www.eldigitaldeasturias.com\\\/noticias\\\/wp-content\\\/uploads\\\/2020\\\/12\\\/EDA.jpg\",\"@id\":\"https:\\\/\\\/eldigitaldeasturias.com\\\/magazine365\\\/bunbury-cancela-el-inicio-de-su-gira-por-el-estado-de-salud-de-su-guitarrista\\\/#organizationLogo\"},\"image\":{\"@id\":\"https:\\\/\\\/eldigitaldeasturias.com\\\/magazine365\\\/bunbury-cancela-el-inicio-de-su-gira-por-el-estado-de-salud-de-su-guitarrista\\\/#organizationLogo\"}},{\"@type\":\"Person\",\"@id\":\"https:\\\/\\\/eldigitaldeasturias.com\\\/magazine365\\\/author\\\/admin\\\/#author\",\"url\":\"https:\\\/\\\/eldigitaldeasturias.com\\\/magazine365\\\/author\\\/admin\\\/\",\"name\":\"admin\",\"image\":{\"@type\":\"ImageObject\",\"@id\":\"https:\\\/\\\/eldigitaldeasturias.com\\\/magazine365\\\/bunbury-cancela-el-inicio-de-su-gira-por-el-estado-de-salud-de-su-guitarrista\\\/#authorImage\",\"url\":\"https:\\\/\\\/eldigitaldeasturias.com\\\/magazine365\\\/wp-content\\\/litespeed\\\/avatar\\\/e571bcf59a0edd6fa6838245a470f2fe.jpg?ver=1777574230\",\"width\":96,\"height\":96,\"caption\":\"admin\"}},{\"@type\":\"WebPage\",\"@id\":\"https:\\\/\\\/eldigitaldeasturias.com\\\/magazine365\\\/bunbury-cancela-el-inicio-de-su-gira-por-el-estado-de-salud-de-su-guitarrista\\\/#webpage\",\"url\":\"https:\\\/\\\/eldigitaldeasturias.com\\\/magazine365\\\/bunbury-cancela-el-inicio-de-su-gira-por-el-estado-de-salud-de-su-guitarrista\\\/\",\"name\":\"Bunbury cancela el inicio de su gira por el estado de salud de su guitarrista | El Digital de Asturias\",\"description\":\"Madrid, 3 jun (EFE).- Enrique Bunbury ha suspendido el inicio de la gira de presentaci\\u00f3n de su disco \\\"Palosanto\\\" por el estado de salud del guitarrista de la banda que le acompa\\u00f1a, Los Santos Inocentes, su \\\"amigo\\\" Jordi Mena, que ma\\u00f1ana ser\\u00e1 operado de urgencia. \\\"Las \\u00faltimas horas en el seno de Los Santos Inocentes\",\"inLanguage\":\"es-ES\",\"isPartOf\":{\"@id\":\"https:\\\/\\\/eldigitaldeasturias.com\\\/magazine365\\\/#website\"},\"breadcrumb\":{\"@id\":\"https:\\\/\\\/eldigitaldeasturias.com\\\/magazine365\\\/bunbury-cancela-el-inicio-de-su-gira-por-el-estado-de-salud-de-su-guitarrista\\\/#breadcrumblist\"},\"author\":{\"@id\":\"https:\\\/\\\/eldigitaldeasturias.com\\\/magazine365\\\/author\\\/admin\\\/#author\"},\"creator\":{\"@id\":\"https:\\\/\\\/eldigitaldeasturias.com\\\/magazine365\\\/author\\\/admin\\\/#author\"},\"image\":{\"@type\":\"ImageObject\",\"url\":\"https:\\\/\\\/eldigitaldeasturias.com\\\/magazine365\\\/wp-content\\\/uploads\\\/2014\\\/06\\\/6330561w.jpg\",\"@id\":\"https:\\\/\\\/eldigitaldeasturias.com\\\/magazine365\\\/bunbury-cancela-el-inicio-de-su-gira-por-el-estado-de-salud-de-su-guitarrista\\\/#mainImage\",\"width\":800,\"height\":532},\"primaryImageOfPage\":{\"@id\":\"https:\\\/\\\/eldigitaldeasturias.com\\\/magazine365\\\/bunbury-cancela-el-inicio-de-su-gira-por-el-estado-de-salud-de-su-guitarrista\\\/#mainImage\"},\"datePublished\":\"2014-06-04T07:36:44+02:00\",\"dateModified\":\"2014-06-04T07:36:44+02:00\"},{\"@type\":\"WebSite\",\"@id\":\"https:\\\/\\\/eldigitaldeasturias.com\\\/magazine365\\\/#website\",\"url\":\"https:\\\/\\\/eldigitaldeasturias.com\\\/magazine365\\\/\",\"name\":\"El Digital de Asturias\",\"description\":\"Revista de ocio, turismo y estilo de vida\",\"inLanguage\":\"es-ES\",\"publisher\":{\"@id\":\"https:\\\/\\\/eldigitaldeasturias.com\\\/magazine365\\\/#organization\"}}]}\n\t\t<\/script>\n\t\t<!-- All in One SEO Pro -->\r\n\t\t<title>Bunbury cancela el inicio de su gira por el estado de salud de su guitarrista | El Digital de Asturias<\/title>\n\n","aioseo_head_json":{"title":"Bunbury cancela el inicio de su gira por el estado de salud de su guitarrista | El Digital de Asturias","description":"Madrid, 3 jun (EFE).- Enrique Bunbury ha suspendido el inicio de la gira de presentaci\u00f3n de su disco \"Palosanto\" por el estado de salud del guitarrista de la banda que le acompa\u00f1a, Los Santos Inocentes, su \"amigo\" Jordi Mena, que ma\u00f1ana ser\u00e1 operado de urgencia. \"Las \u00faltimas horas en el seno de Los Santos Inocentes","canonical_url":"https:\/\/eldigitaldeasturias.com\/magazine365\/bunbury-cancela-el-inicio-de-su-gira-por-el-estado-de-salud-de-su-guitarrista\/","robots":"max-image-preview:large","keywords":"noticias y actualidad","webmasterTools":{"google-site-verification":"UA-38556648-1","miscellaneous":""},"schema":{"@context":"https:\/\/schema.org","@graph":[{"@type":"Article","@id":"https:\/\/eldigitaldeasturias.com\/magazine365\/bunbury-cancela-el-inicio-de-su-gira-por-el-estado-de-salud-de-su-guitarrista\/#article","name":"Bunbury cancela el inicio de su gira por el estado de salud de su guitarrista | El Digital de Asturias","headline":"Bunbury cancela el inicio de su gira por el estado de salud de su guitarrista","author":{"@id":"https:\/\/eldigitaldeasturias.com\/magazine365\/author\/admin\/#author"},"publisher":{"@id":"https:\/\/eldigitaldeasturias.com\/magazine365\/#organization"},"image":{"@type":"ImageObject","url":"https:\/\/eldigitaldeasturias.com\/magazine365\/wp-content\/uploads\/2014\/06\/6330561w.jpg","width":800,"height":532},"datePublished":"2014-06-04T07:36:44+02:00","dateModified":"2014-06-04T07:36:44+02:00","inLanguage":"es-ES","mainEntityOfPage":{"@id":"https:\/\/eldigitaldeasturias.com\/magazine365\/bunbury-cancela-el-inicio-de-su-gira-por-el-estado-de-salud-de-su-guitarrista\/#webpage"},"isPartOf":{"@id":"https:\/\/eldigitaldeasturias.com\/magazine365\/bunbury-cancela-el-inicio-de-su-gira-por-el-estado-de-salud-de-su-guitarrista\/#webpage"},"articleSection":"Noticias y Actualidad"},{"@type":"BreadcrumbList","@id":"https:\/\/eldigitaldeasturias.com\/magazine365\/bunbury-cancela-el-inicio-de-su-gira-por-el-estado-de-salud-de-su-guitarrista\/#breadcrumblist","itemListElement":[{"@type":"ListItem","@id":"https:\/\/eldigitaldeasturias.com\/magazine365#listItem","position":1,"name":"Home","item":"https:\/\/eldigitaldeasturias.com\/magazine365","nextItem":{"@type":"ListItem","@id":"https:\/\/eldigitaldeasturias.com\/magazine365\/category\/noticias-actualidad\/#listItem","name":"Noticias y Actualidad"}},{"@type":"ListItem","@id":"https:\/\/eldigitaldeasturias.com\/magazine365\/category\/noticias-actualidad\/#listItem","position":2,"name":"Noticias y Actualidad","item":"https:\/\/eldigitaldeasturias.com\/magazine365\/category\/noticias-actualidad\/","nextItem":{"@type":"ListItem","@id":"https:\/\/eldigitaldeasturias.com\/magazine365\/bunbury-cancela-el-inicio-de-su-gira-por-el-estado-de-salud-de-su-guitarrista\/#listItem","name":"Bunbury cancela el inicio de su gira por el estado de salud de su guitarrista"},"previousItem":{"@type":"ListItem","@id":"https:\/\/eldigitaldeasturias.com\/magazine365#listItem","name":"Home"}},{"@type":"ListItem","@id":"https:\/\/eldigitaldeasturias.com\/magazine365\/bunbury-cancela-el-inicio-de-su-gira-por-el-estado-de-salud-de-su-guitarrista\/#listItem","position":3,"name":"Bunbury cancela el inicio de su gira por el estado de salud de su guitarrista","previousItem":{"@type":"ListItem","@id":"https:\/\/eldigitaldeasturias.com\/magazine365\/category\/noticias-actualidad\/#listItem","name":"Noticias y Actualidad"}}]},{"@type":"Organization","@id":"https:\/\/eldigitaldeasturias.com\/magazine365\/#organization","name":"El digital de Asturias","description":"Revista de ocio, turismo y estilo de vida","url":"https:\/\/eldigitaldeasturias.com\/magazine365\/","logo":{"@type":"ImageObject","url":"https:\/\/www.eldigitaldeasturias.com\/noticias\/wp-content\/uploads\/2020\/12\/EDA.jpg","@id":"https:\/\/eldigitaldeasturias.com\/magazine365\/bunbury-cancela-el-inicio-de-su-gira-por-el-estado-de-salud-de-su-guitarrista\/#organizationLogo"},"image":{"@id":"https:\/\/eldigitaldeasturias.com\/magazine365\/bunbury-cancela-el-inicio-de-su-gira-por-el-estado-de-salud-de-su-guitarrista\/#organizationLogo"}},{"@type":"Person","@id":"https:\/\/eldigitaldeasturias.com\/magazine365\/author\/admin\/#author","url":"https:\/\/eldigitaldeasturias.com\/magazine365\/author\/admin\/","name":"admin","image":{"@type":"ImageObject","@id":"https:\/\/eldigitaldeasturias.com\/magazine365\/bunbury-cancela-el-inicio-de-su-gira-por-el-estado-de-salud-de-su-guitarrista\/#authorImage","url":"https:\/\/eldigitaldeasturias.com\/magazine365\/wp-content\/litespeed\/avatar\/e571bcf59a0edd6fa6838245a470f2fe.jpg?ver=1777574230","width":96,"height":96,"caption":"admin"}},{"@type":"WebPage","@id":"https:\/\/eldigitaldeasturias.com\/magazine365\/bunbury-cancela-el-inicio-de-su-gira-por-el-estado-de-salud-de-su-guitarrista\/#webpage","url":"https:\/\/eldigitaldeasturias.com\/magazine365\/bunbury-cancela-el-inicio-de-su-gira-por-el-estado-de-salud-de-su-guitarrista\/","name":"Bunbury cancela el inicio de su gira por el estado de salud de su guitarrista | El Digital de Asturias","description":"Madrid, 3 jun (EFE).- Enrique Bunbury ha suspendido el inicio de la gira de presentaci\u00f3n de su disco \"Palosanto\" por el estado de salud del guitarrista de la banda que le acompa\u00f1a, Los Santos Inocentes, su \"amigo\" Jordi Mena, que ma\u00f1ana ser\u00e1 operado de urgencia. \"Las \u00faltimas horas en el seno de Los Santos Inocentes","inLanguage":"es-ES","isPartOf":{"@id":"https:\/\/eldigitaldeasturias.com\/magazine365\/#website"},"breadcrumb":{"@id":"https:\/\/eldigitaldeasturias.com\/magazine365\/bunbury-cancela-el-inicio-de-su-gira-por-el-estado-de-salud-de-su-guitarrista\/#breadcrumblist"},"author":{"@id":"https:\/\/eldigitaldeasturias.com\/magazine365\/author\/admin\/#author"},"creator":{"@id":"https:\/\/eldigitaldeasturias.com\/magazine365\/author\/admin\/#author"},"image":{"@type":"ImageObject","url":"https:\/\/eldigitaldeasturias.com\/magazine365\/wp-content\/uploads\/2014\/06\/6330561w.jpg","@id":"https:\/\/eldigitaldeasturias.com\/magazine365\/bunbury-cancela-el-inicio-de-su-gira-por-el-estado-de-salud-de-su-guitarrista\/#mainImage","width":800,"height":532},"primaryImageOfPage":{"@id":"https:\/\/eldigitaldeasturias.com\/magazine365\/bunbury-cancela-el-inicio-de-su-gira-por-el-estado-de-salud-de-su-guitarrista\/#mainImage"},"datePublished":"2014-06-04T07:36:44+02:00","dateModified":"2014-06-04T07:36:44+02:00"},{"@type":"WebSite","@id":"https:\/\/eldigitaldeasturias.com\/magazine365\/#website","url":"https:\/\/eldigitaldeasturias.com\/magazine365\/","name":"El Digital de Asturias","description":"Revista de ocio, turismo y estilo de vida","inLanguage":"es-ES","publisher":{"@id":"https:\/\/eldigitaldeasturias.com\/magazine365\/#organization"}}]},"og:locale":"es_ES","og:site_name":"El Digital de Asturias \u2013 Revista de ocio, turismo y estilo de vida","og:type":"article","og:title":"Bunbury cancela el inicio de su gira por el estado de salud de su guitarrista | El Digital de Asturias","og:description":"Madrid, 3 jun (EFE).- Enrique Bunbury ha suspendido el inicio de la gira de presentaci\u00f3n de su disco &quot;Palosanto&quot; por el estado de salud del guitarrista de la banda que le acompa\u00f1a, Los Santos Inocentes, su &quot;amigo&quot; Jordi Mena, que ma\u00f1ana ser\u00e1 operado de urgencia. &quot;Las \u00faltimas horas en el seno de Los Santos Inocentes","og:url":"https:\/\/eldigitaldeasturias.com\/magazine365\/bunbury-cancela-el-inicio-de-su-gira-por-el-estado-de-salud-de-su-guitarrista\/","og:image":"https:\/\/eldigitaldeasturias.com\/magazine365\/wp-content\/uploads\/2014\/06\/6330561w.jpg","og:image:secure_url":"https:\/\/eldigitaldeasturias.com\/magazine365\/wp-content\/uploads\/2014\/06\/6330561w.jpg","og:image:width":800,"og:image:height":532,"article:published_time":"2014-06-04T09:36:44+00:00","article:modified_time":"2014-06-04T09:36:44+00:00","twitter:card":"summary_large_image","twitter:title":"Bunbury cancela el inicio de su gira por el estado de salud de su guitarrista | El Digital de Asturias","twitter:description":"Madrid, 3 jun (EFE).- Enrique Bunbury ha suspendido el inicio de la gira de presentaci\u00f3n de su disco &quot;Palosanto&quot; por el estado de salud del guitarrista de la banda que le acompa\u00f1a, Los Santos Inocentes, su &quot;amigo&quot; Jordi Mena, que ma\u00f1ana ser\u00e1 operado de urgencia. &quot;Las \u00faltimas horas en el seno de Los Santos Inocentes","twitter:image":"https:\/\/eldigitaldeasturias.com\/magazine365\/wp-content\/uploads\/2014\/06\/6330561w.jpg"},"aioseo_meta_data":{"post_id":"15009","title":null,"description":null,"keywords":null,"keyphrases":null,"primary_term":null,"canonical_url":null,"og_title":null,"og_description":null,"og_object_type":"default","og_image_type":"default","og_image_url":null,"og_image_width":null,"og_image_height":null,"og_image_custom_url":null,"og_image_custom_fields":null,"og_video":null,"og_custom_url":null,"og_article_section":null,"og_article_tags":null,"twitter_use_og":false,"twitter_card":"default","twitter_image_type":"default","twitter_image_url":null,"twitter_image_custom_url":null,"twitter_image_custom_fields":null,"twitter_title":null,"twitter_description":null,"schema":{"blockGraphs":[],"customGraphs":[],"default":{"data":{"Article":[],"Course":[],"Dataset":[],"FAQPage":[],"Movie":[],"Person":[],"Product":[],"ProductReview":[],"Car":[],"Recipe":[],"Service":[],"SoftwareApplication":[],"WebPage":[]},"graphName":"","isEnabled":true},"graphs":[],"defaultGraph":"","defaultPostTypeGraph":""},"schema_type":null,"schema_type_options":null,"pillar_content":false,"robots_default":true,"robots_noindex":false,"robots_noarchive":false,"robots_nosnippet":false,"robots_nofollow":false,"robots_noimageindex":false,"robots_noodp":false,"robots_notranslate":false,"robots_max_snippet":null,"robots_max_videopreview":null,"robots_max_imagepreview":"large","priority":null,"frequency":null,"location":null,"local_seo":null,"seo_analyzer_scan_date":"2025-09-17 11:15:15","breadcrumb_settings":null,"limit_modified_date":false,"open_ai":null,"ai":null,"created":"2021-03-09 08:07:53","updated":"2025-09-17 11:15:15"},"aioseo_breadcrumb":"<div class=\"aioseo-breadcrumbs\"><span class=\"aioseo-breadcrumb\">\n\t<a href=\"https:\/\/eldigitaldeasturias.com\/magazine365\" title=\"Home\">Home<\/a>\n<\/span><span class=\"aioseo-breadcrumb-separator\">\u2013<\/span><span class=\"aioseo-breadcrumb\">\n\t<a href=\"https:\/\/eldigitaldeasturias.com\/magazine365\/category\/noticias-actualidad\/\" title=\"Noticias y Actualidad\">Noticias y Actualidad<\/a>\n<\/span><span class=\"aioseo-breadcrumb-separator\">\u2013<\/span><span class=\"aioseo-breadcrumb\">\n\t<a href=\"https:\/\/eldigitaldeasturias.com\/magazine365\/bunbury-cancela-el-inicio-de-su-gira-por-el-estado-de-salud-de-su-guitarrista\/\" title=\"Bunbury cancela el inicio de su gira por el estado de salud de su guitarrista\">Bunbury cancela el inicio de su gira por el estado de salud de su guitarrista<\/a>\n<\/span><\/div>","aioseo_breadcrumb_json":[{"label":"Home","link":"https:\/\/eldigitaldeasturias.com\/magazine365"},{"label":"Noticias y Actualidad","link":"https:\/\/eldigitaldeasturias.com\/magazine365\/category\/noticias-actualidad\/"},{"label":"Bunbury cancela el inicio de su gira por el estado de salud de su guitarrista","link":"https:\/\/eldigitaldeasturias.com\/magazine365\/bunbury-cancela-el-inicio-de-su-gira-por-el-estado-de-salud-de-su-guitarrista\/"}],"_links":{"self":[{"href":"https:\/\/eldigitaldeasturias.com\/magazine365\/wp-json\/wp\/v2\/posts\/15009","targetHints":{"allow":["GET"]}}],"collection":[{"href":"https:\/\/eldigitaldeasturias.com\/magazine365\/wp-json\/wp\/v2\/posts"}],"about":[{"href":"https:\/\/eldigitaldeasturias.com\/magazine365\/wp-json\/wp\/v2\/types\/post"}],"author":[{"embeddable":true,"href":"https:\/\/eldigitaldeasturias.com\/magazine365\/wp-json\/wp\/v2\/users\/1"}],"replies":[{"embeddable":true,"href":"https:\/\/eldigitaldeasturias.com\/magazine365\/wp-json\/wp\/v2\/comments?post=15009"}],"version-history":[{"count":0,"href":"https:\/\/eldigitaldeasturias.com\/magazine365\/wp-json\/wp\/v2\/posts\/15009\/revisions"}],"wp:featuredmedia":[{"embeddable":true,"href":"https:\/\/eldigitaldeasturias.com\/magazine365\/wp-json\/wp\/v2\/media\/15010"}],"wp:attachment":[{"href":"https:\/\/eldigitaldeasturias.com\/magazine365\/wp-json\/wp\/v2\/media?parent=15009"}],"wp:term":[{"taxonomy":"category","embeddable":true,"href":"https:\/\/eldigitaldeasturias.com\/magazine365\/wp-json\/wp\/v2\/categories?post=15009"},{"taxonomy":"post_tag","embeddable":true,"href":"https:\/\/eldigitaldeasturias.com\/magazine365\/wp-json\/wp\/v2\/tags?post=15009"}],"curies":[{"name":"wp","href":"https:\/\/api.w.org\/{rel}","templated":true}]}}