{"id":15003,"date":"2014-06-04T07:34:35","date_gmt":"2014-06-04T09:34:35","guid":{"rendered":"http:\/\/eldigitaldeasturias.com\/magazine365\/?p=15003"},"modified":"2014-06-04T07:34:35","modified_gmt":"2014-06-04T09:34:35","slug":"el-museo-del-greco-organiza-un-ciclo-de-cine-dedicado-al-pintor-cretense","status":"publish","type":"post","link":"https:\/\/eldigitaldeasturias.com\/magazine365\/el-museo-del-greco-organiza-un-ciclo-de-cine-dedicado-al-pintor-cretense\/","title":{"rendered":"El Museo del Greco organiza un ciclo de cine dedicado al pintor cretense"},"content":{"rendered":"<p><img fetchpriority=\"high\" decoding=\"async\" class=\"alignleft size-medium wp-image-15004\" alt=\"6326999w\" src=\"https:\/\/eldigitaldeasturias.com\/magazine365\/wp-content\/uploads\/2014\/06\/6326999w-360x239.jpg\" width=\"360\" height=\"239\" \/>Toledo, 2 jun (EFE).- El Museo del Greco de Toledo ha organizado, con el apoyo del Ayuntamiento y de la Universidad de Castilla-La Mancha, un ciclo de cine para conocer la vida y la obra del pintor cretense a trav\u00e9s de sus pel\u00edculas.<\/p>\n<p>Seg\u00fan han informado fuentes del museo, este ciclo se celebrar\u00e1 en los jardines del Museo y consistir\u00e1 en la proyecci\u00f3n de cuatro largometrajes, entre ellos las tres pel\u00edculas que desarrollan en mayor profundidad la biograf\u00eda de Domenikos Theotokopoulos.<\/p>\n<p>Se trata de \u00abEl Greco: El \u00faltimo desaf\u00edo a Dios\u00bb, \u00abEl hombre que llaman el Greco\u00bb y \u00abEl caballero de la mano al pecho\u00bb.<\/p>\n<p>La primera de las pel\u00edculas, una coproducci\u00f3n internacional de 2007 dirigida por el cineasta griego Yannis Smaragdis, se proyectar\u00e1 el mi\u00e9rcoles 4 de junio.<\/p>\n<p>El 11 de junio se proyectar\u00e1 \u00abEl hombre que llaman el Greco\u00bb (1966), del director italiano Luciano Salce.<\/p>\n<p>El 15 de junio, se reanudar\u00e1 el ciclo con \u00abEl caballero de la mano al pecho (1975), pel\u00edcula para televisi\u00f3n de Juan Guerrero Zamora, y finalizar\u00e1 el mi\u00e9rcoles 2 de julio con \u00abLas gallinas de Cervantes\u00bb, que dirigi\u00f3 el cineasta Alfredo Castell\u00f3n en 1987.<\/p>\n<p>La elecci\u00f3n de las pel\u00edculas ha sido coordinada por los historiadores del arte Adolfo de Mingo Lorente y Palma Mart\u00ednez-Burgos, quienes ofrecer\u00e1n un breve comentario antes de cada proyecci\u00f3n.<\/p>\n<p>Seg\u00fan las mismas fuentes, algunas de estas pel\u00edculas son escasamente conocidas por parte del p\u00fablico debido a su reducida distribuci\u00f3n, como sucede con \u00abEl caballero de la mano al pecho\u00bb, pese a estar protagonizada por un actor tan destacado como Jos\u00e9 Mar\u00eda Rodero y contar con un reparto excepcional.<\/p>\n<p>Seg\u00fan De Mingo y Mart\u00ednez-Burgos, autores de la investigaci\u00f3n \u00abEl Greco en el cine\u00bb, publicada en 2013 por la editorial Celya, son muchas m\u00e1s las pel\u00edculas directa o indirectamente relacionadas con el pintor y con su obra.<\/p>\n<p>En este sentido han explicado que han seleccionado estas \u00abporque recorren ampliamente la vida del pintor o bien recogen su entorno social\u00bb, en el caso de \u00abLas gallinas de Cervantes\u00bb, de una manera \u00abtotalmente inclasificable y genial\u00bb.<\/p>\n<p>De Mingo y Mart\u00ednez-Burgos han hecho hincapi\u00e9 tambi\u00e9n en que El Greco ha sido encarnado por actores tan emblem\u00e1ticos como Mel Ferrer e interpretado al son de la m\u00fasica de compositores como Ennio Morricone y Vangelis.<\/p>\n","protected":false},"excerpt":{"rendered":"<p>Toledo, 2 jun (EFE).- El Museo del Greco de Toledo ha organizado, con el apoyo del Ayuntamiento y de la Universidad de Castilla-La Mancha, un ciclo de cine para conocer la vida y la obra del pintor cretense a trav\u00e9s de sus pel\u00edculas. Seg\u00fan han informado fuentes del museo, este ciclo se celebrar\u00e1 en los<\/p>\n","protected":false},"author":1,"featured_media":15004,"comment_status":"open","ping_status":"closed","sticky":false,"template":"","format":"standard","meta":{"footnotes":""},"categories":[224],"tags":[],"class_list":{"0":"post-15003","1":"post","2":"type-post","3":"status-publish","4":"format-standard","5":"has-post-thumbnail","7":"category-noticias-actualidad"},"aioseo_notices":[],"aioseo_head":"\n\t\t<!-- All in One SEO Pro 4.9.6.1 - aioseo.com -->\n\t<meta name=\"description\" content=\"Toledo, 2 jun (EFE).- El Museo del Greco de Toledo ha organizado, con el apoyo del Ayuntamiento y de la Universidad de Castilla-La Mancha, un ciclo de cine para conocer la vida y la obra del pintor cretense a trav\u00e9s de sus pel\u00edculas. Seg\u00fan han informado fuentes del museo, este ciclo se celebrar\u00e1 en los\" \/>\n\t<meta name=\"robots\" content=\"max-image-preview:large\" \/>\n\t<meta name=\"author\" content=\"admin\"\/>\n\t<meta name=\"google-site-verification\" content=\"UA-38556648-1\" \/>\n\t<meta name=\"keywords\" content=\"noticias y actualidad\" \/>\n\t<link rel=\"canonical\" href=\"https:\/\/eldigitaldeasturias.com\/magazine365\/el-museo-del-greco-organiza-un-ciclo-de-cine-dedicado-al-pintor-cretense\/\" \/>\n\t<meta name=\"generator\" content=\"All in One SEO Pro (AIOSEO) 4.9.6.1\" \/>\n\t\t<meta property=\"og:locale\" content=\"es_ES\" \/>\n\t\t<meta property=\"og:site_name\" content=\"El Digital de Asturias \u2013 Revista de ocio, turismo y estilo de vida\" \/>\n\t\t<meta property=\"og:type\" content=\"article\" \/>\n\t\t<meta property=\"og:title\" content=\"El Museo del Greco organiza un ciclo de cine dedicado al pintor cretense | El Digital de Asturias\" \/>\n\t\t<meta property=\"og:description\" content=\"Toledo, 2 jun (EFE).- El Museo del Greco de Toledo ha organizado, con el apoyo del Ayuntamiento y de la Universidad de Castilla-La Mancha, un ciclo de cine para conocer la vida y la obra del pintor cretense a trav\u00e9s de sus pel\u00edculas. Seg\u00fan han informado fuentes del museo, este ciclo se celebrar\u00e1 en los\" \/>\n\t\t<meta property=\"og:url\" content=\"https:\/\/eldigitaldeasturias.com\/magazine365\/el-museo-del-greco-organiza-un-ciclo-de-cine-dedicado-al-pintor-cretense\/\" \/>\n\t\t<meta property=\"og:image\" content=\"https:\/\/eldigitaldeasturias.com\/magazine365\/wp-content\/uploads\/2014\/06\/6326999w.jpg\" \/>\n\t\t<meta property=\"og:image:secure_url\" content=\"https:\/\/eldigitaldeasturias.com\/magazine365\/wp-content\/uploads\/2014\/06\/6326999w.jpg\" \/>\n\t\t<meta property=\"og:image:width\" content=\"800\" \/>\n\t\t<meta property=\"og:image:height\" content=\"533\" \/>\n\t\t<meta property=\"article:published_time\" content=\"2014-06-04T09:34:35+00:00\" \/>\n\t\t<meta property=\"article:modified_time\" content=\"2014-06-04T09:34:35+00:00\" \/>\n\t\t<meta name=\"twitter:card\" content=\"summary_large_image\" \/>\n\t\t<meta name=\"twitter:title\" content=\"El Museo del Greco organiza un ciclo de cine dedicado al pintor cretense | El Digital de Asturias\" \/>\n\t\t<meta name=\"twitter:description\" content=\"Toledo, 2 jun (EFE).- El Museo del Greco de Toledo ha organizado, con el apoyo del Ayuntamiento y de la Universidad de Castilla-La Mancha, un ciclo de cine para conocer la vida y la obra del pintor cretense a trav\u00e9s de sus pel\u00edculas. Seg\u00fan han informado fuentes del museo, este ciclo se celebrar\u00e1 en los\" \/>\n\t\t<meta name=\"twitter:image\" content=\"https:\/\/eldigitaldeasturias.com\/magazine365\/wp-content\/uploads\/2014\/06\/6326999w.jpg\" \/>\n\t\t<script type=\"application\/ld+json\" class=\"aioseo-schema\">\n\t\t\t{\"@context\":\"https:\\\/\\\/schema.org\",\"@graph\":[{\"@type\":\"Article\",\"@id\":\"https:\\\/\\\/eldigitaldeasturias.com\\\/magazine365\\\/el-museo-del-greco-organiza-un-ciclo-de-cine-dedicado-al-pintor-cretense\\\/#article\",\"name\":\"El Museo del Greco organiza un ciclo de cine dedicado al pintor cretense | El Digital de Asturias\",\"headline\":\"El Museo del Greco organiza un ciclo de cine dedicado al pintor cretense\",\"author\":{\"@id\":\"https:\\\/\\\/eldigitaldeasturias.com\\\/magazine365\\\/author\\\/admin\\\/#author\"},\"publisher\":{\"@id\":\"https:\\\/\\\/eldigitaldeasturias.com\\\/magazine365\\\/#organization\"},\"image\":{\"@type\":\"ImageObject\",\"url\":\"https:\\\/\\\/eldigitaldeasturias.com\\\/magazine365\\\/wp-content\\\/uploads\\\/2014\\\/06\\\/6326999w.jpg\",\"width\":800,\"height\":533},\"datePublished\":\"2014-06-04T07:34:35+02:00\",\"dateModified\":\"2014-06-04T07:34:35+02:00\",\"inLanguage\":\"es-ES\",\"mainEntityOfPage\":{\"@id\":\"https:\\\/\\\/eldigitaldeasturias.com\\\/magazine365\\\/el-museo-del-greco-organiza-un-ciclo-de-cine-dedicado-al-pintor-cretense\\\/#webpage\"},\"isPartOf\":{\"@id\":\"https:\\\/\\\/eldigitaldeasturias.com\\\/magazine365\\\/el-museo-del-greco-organiza-un-ciclo-de-cine-dedicado-al-pintor-cretense\\\/#webpage\"},\"articleSection\":\"Noticias y Actualidad\"},{\"@type\":\"BreadcrumbList\",\"@id\":\"https:\\\/\\\/eldigitaldeasturias.com\\\/magazine365\\\/el-museo-del-greco-organiza-un-ciclo-de-cine-dedicado-al-pintor-cretense\\\/#breadcrumblist\",\"itemListElement\":[{\"@type\":\"ListItem\",\"@id\":\"https:\\\/\\\/eldigitaldeasturias.com\\\/magazine365#listItem\",\"position\":1,\"name\":\"Home\",\"item\":\"https:\\\/\\\/eldigitaldeasturias.com\\\/magazine365\",\"nextItem\":{\"@type\":\"ListItem\",\"@id\":\"https:\\\/\\\/eldigitaldeasturias.com\\\/magazine365\\\/category\\\/noticias-actualidad\\\/#listItem\",\"name\":\"Noticias y Actualidad\"}},{\"@type\":\"ListItem\",\"@id\":\"https:\\\/\\\/eldigitaldeasturias.com\\\/magazine365\\\/category\\\/noticias-actualidad\\\/#listItem\",\"position\":2,\"name\":\"Noticias y Actualidad\",\"item\":\"https:\\\/\\\/eldigitaldeasturias.com\\\/magazine365\\\/category\\\/noticias-actualidad\\\/\",\"nextItem\":{\"@type\":\"ListItem\",\"@id\":\"https:\\\/\\\/eldigitaldeasturias.com\\\/magazine365\\\/el-museo-del-greco-organiza-un-ciclo-de-cine-dedicado-al-pintor-cretense\\\/#listItem\",\"name\":\"El Museo del Greco organiza un ciclo de cine dedicado al pintor cretense\"},\"previousItem\":{\"@type\":\"ListItem\",\"@id\":\"https:\\\/\\\/eldigitaldeasturias.com\\\/magazine365#listItem\",\"name\":\"Home\"}},{\"@type\":\"ListItem\",\"@id\":\"https:\\\/\\\/eldigitaldeasturias.com\\\/magazine365\\\/el-museo-del-greco-organiza-un-ciclo-de-cine-dedicado-al-pintor-cretense\\\/#listItem\",\"position\":3,\"name\":\"El Museo del Greco organiza un ciclo de cine dedicado al pintor cretense\",\"previousItem\":{\"@type\":\"ListItem\",\"@id\":\"https:\\\/\\\/eldigitaldeasturias.com\\\/magazine365\\\/category\\\/noticias-actualidad\\\/#listItem\",\"name\":\"Noticias y Actualidad\"}}]},{\"@type\":\"Organization\",\"@id\":\"https:\\\/\\\/eldigitaldeasturias.com\\\/magazine365\\\/#organization\",\"name\":\"El digital de Asturias\",\"description\":\"Revista de ocio, turismo y estilo de vida\",\"url\":\"https:\\\/\\\/eldigitaldeasturias.com\\\/magazine365\\\/\",\"logo\":{\"@type\":\"ImageObject\",\"url\":\"https:\\\/\\\/www.eldigitaldeasturias.com\\\/noticias\\\/wp-content\\\/uploads\\\/2020\\\/12\\\/EDA.jpg\",\"@id\":\"https:\\\/\\\/eldigitaldeasturias.com\\\/magazine365\\\/el-museo-del-greco-organiza-un-ciclo-de-cine-dedicado-al-pintor-cretense\\\/#organizationLogo\"},\"image\":{\"@id\":\"https:\\\/\\\/eldigitaldeasturias.com\\\/magazine365\\\/el-museo-del-greco-organiza-un-ciclo-de-cine-dedicado-al-pintor-cretense\\\/#organizationLogo\"}},{\"@type\":\"Person\",\"@id\":\"https:\\\/\\\/eldigitaldeasturias.com\\\/magazine365\\\/author\\\/admin\\\/#author\",\"url\":\"https:\\\/\\\/eldigitaldeasturias.com\\\/magazine365\\\/author\\\/admin\\\/\",\"name\":\"admin\",\"image\":{\"@type\":\"ImageObject\",\"@id\":\"https:\\\/\\\/eldigitaldeasturias.com\\\/magazine365\\\/el-museo-del-greco-organiza-un-ciclo-de-cine-dedicado-al-pintor-cretense\\\/#authorImage\",\"url\":\"https:\\\/\\\/eldigitaldeasturias.com\\\/magazine365\\\/wp-content\\\/litespeed\\\/avatar\\\/e571bcf59a0edd6fa6838245a470f2fe.jpg?ver=1777574230\",\"width\":96,\"height\":96,\"caption\":\"admin\"}},{\"@type\":\"WebPage\",\"@id\":\"https:\\\/\\\/eldigitaldeasturias.com\\\/magazine365\\\/el-museo-del-greco-organiza-un-ciclo-de-cine-dedicado-al-pintor-cretense\\\/#webpage\",\"url\":\"https:\\\/\\\/eldigitaldeasturias.com\\\/magazine365\\\/el-museo-del-greco-organiza-un-ciclo-de-cine-dedicado-al-pintor-cretense\\\/\",\"name\":\"El Museo del Greco organiza un ciclo de cine dedicado al pintor cretense | El Digital de Asturias\",\"description\":\"Toledo, 2 jun (EFE).- El Museo del Greco de Toledo ha organizado, con el apoyo del Ayuntamiento y de la Universidad de Castilla-La Mancha, un ciclo de cine para conocer la vida y la obra del pintor cretense a trav\\u00e9s de sus pel\\u00edculas. Seg\\u00fan han informado fuentes del museo, este ciclo se celebrar\\u00e1 en los\",\"inLanguage\":\"es-ES\",\"isPartOf\":{\"@id\":\"https:\\\/\\\/eldigitaldeasturias.com\\\/magazine365\\\/#website\"},\"breadcrumb\":{\"@id\":\"https:\\\/\\\/eldigitaldeasturias.com\\\/magazine365\\\/el-museo-del-greco-organiza-un-ciclo-de-cine-dedicado-al-pintor-cretense\\\/#breadcrumblist\"},\"author\":{\"@id\":\"https:\\\/\\\/eldigitaldeasturias.com\\\/magazine365\\\/author\\\/admin\\\/#author\"},\"creator\":{\"@id\":\"https:\\\/\\\/eldigitaldeasturias.com\\\/magazine365\\\/author\\\/admin\\\/#author\"},\"image\":{\"@type\":\"ImageObject\",\"url\":\"https:\\\/\\\/eldigitaldeasturias.com\\\/magazine365\\\/wp-content\\\/uploads\\\/2014\\\/06\\\/6326999w.jpg\",\"@id\":\"https:\\\/\\\/eldigitaldeasturias.com\\\/magazine365\\\/el-museo-del-greco-organiza-un-ciclo-de-cine-dedicado-al-pintor-cretense\\\/#mainImage\",\"width\":800,\"height\":533},\"primaryImageOfPage\":{\"@id\":\"https:\\\/\\\/eldigitaldeasturias.com\\\/magazine365\\\/el-museo-del-greco-organiza-un-ciclo-de-cine-dedicado-al-pintor-cretense\\\/#mainImage\"},\"datePublished\":\"2014-06-04T07:34:35+02:00\",\"dateModified\":\"2014-06-04T07:34:35+02:00\"},{\"@type\":\"WebSite\",\"@id\":\"https:\\\/\\\/eldigitaldeasturias.com\\\/magazine365\\\/#website\",\"url\":\"https:\\\/\\\/eldigitaldeasturias.com\\\/magazine365\\\/\",\"name\":\"El Digital de Asturias\",\"description\":\"Revista de ocio, turismo y estilo de vida\",\"inLanguage\":\"es-ES\",\"publisher\":{\"@id\":\"https:\\\/\\\/eldigitaldeasturias.com\\\/magazine365\\\/#organization\"}}]}\n\t\t<\/script>\n\t\t<!-- All in One SEO Pro -->\r\n\t\t<title>El Museo del Greco organiza un ciclo de cine dedicado al pintor cretense | El Digital de Asturias<\/title>\n\n","aioseo_head_json":{"title":"El Museo del Greco organiza un ciclo de cine dedicado al pintor cretense | El Digital de Asturias","description":"Toledo, 2 jun (EFE).- El Museo del Greco de Toledo ha organizado, con el apoyo del Ayuntamiento y de la Universidad de Castilla-La Mancha, un ciclo de cine para conocer la vida y la obra del pintor cretense a trav\u00e9s de sus pel\u00edculas. Seg\u00fan han informado fuentes del museo, este ciclo se celebrar\u00e1 en los","canonical_url":"https:\/\/eldigitaldeasturias.com\/magazine365\/el-museo-del-greco-organiza-un-ciclo-de-cine-dedicado-al-pintor-cretense\/","robots":"max-image-preview:large","keywords":"noticias y actualidad","webmasterTools":{"google-site-verification":"UA-38556648-1","miscellaneous":""},"schema":{"@context":"https:\/\/schema.org","@graph":[{"@type":"Article","@id":"https:\/\/eldigitaldeasturias.com\/magazine365\/el-museo-del-greco-organiza-un-ciclo-de-cine-dedicado-al-pintor-cretense\/#article","name":"El Museo del Greco organiza un ciclo de cine dedicado al pintor cretense | El Digital de Asturias","headline":"El Museo del Greco organiza un ciclo de cine dedicado al pintor cretense","author":{"@id":"https:\/\/eldigitaldeasturias.com\/magazine365\/author\/admin\/#author"},"publisher":{"@id":"https:\/\/eldigitaldeasturias.com\/magazine365\/#organization"},"image":{"@type":"ImageObject","url":"https:\/\/eldigitaldeasturias.com\/magazine365\/wp-content\/uploads\/2014\/06\/6326999w.jpg","width":800,"height":533},"datePublished":"2014-06-04T07:34:35+02:00","dateModified":"2014-06-04T07:34:35+02:00","inLanguage":"es-ES","mainEntityOfPage":{"@id":"https:\/\/eldigitaldeasturias.com\/magazine365\/el-museo-del-greco-organiza-un-ciclo-de-cine-dedicado-al-pintor-cretense\/#webpage"},"isPartOf":{"@id":"https:\/\/eldigitaldeasturias.com\/magazine365\/el-museo-del-greco-organiza-un-ciclo-de-cine-dedicado-al-pintor-cretense\/#webpage"},"articleSection":"Noticias y Actualidad"},{"@type":"BreadcrumbList","@id":"https:\/\/eldigitaldeasturias.com\/magazine365\/el-museo-del-greco-organiza-un-ciclo-de-cine-dedicado-al-pintor-cretense\/#breadcrumblist","itemListElement":[{"@type":"ListItem","@id":"https:\/\/eldigitaldeasturias.com\/magazine365#listItem","position":1,"name":"Home","item":"https:\/\/eldigitaldeasturias.com\/magazine365","nextItem":{"@type":"ListItem","@id":"https:\/\/eldigitaldeasturias.com\/magazine365\/category\/noticias-actualidad\/#listItem","name":"Noticias y Actualidad"}},{"@type":"ListItem","@id":"https:\/\/eldigitaldeasturias.com\/magazine365\/category\/noticias-actualidad\/#listItem","position":2,"name":"Noticias y Actualidad","item":"https:\/\/eldigitaldeasturias.com\/magazine365\/category\/noticias-actualidad\/","nextItem":{"@type":"ListItem","@id":"https:\/\/eldigitaldeasturias.com\/magazine365\/el-museo-del-greco-organiza-un-ciclo-de-cine-dedicado-al-pintor-cretense\/#listItem","name":"El Museo del Greco organiza un ciclo de cine dedicado al pintor cretense"},"previousItem":{"@type":"ListItem","@id":"https:\/\/eldigitaldeasturias.com\/magazine365#listItem","name":"Home"}},{"@type":"ListItem","@id":"https:\/\/eldigitaldeasturias.com\/magazine365\/el-museo-del-greco-organiza-un-ciclo-de-cine-dedicado-al-pintor-cretense\/#listItem","position":3,"name":"El Museo del Greco organiza un ciclo de cine dedicado al pintor cretense","previousItem":{"@type":"ListItem","@id":"https:\/\/eldigitaldeasturias.com\/magazine365\/category\/noticias-actualidad\/#listItem","name":"Noticias y Actualidad"}}]},{"@type":"Organization","@id":"https:\/\/eldigitaldeasturias.com\/magazine365\/#organization","name":"El digital de Asturias","description":"Revista de ocio, turismo y estilo de vida","url":"https:\/\/eldigitaldeasturias.com\/magazine365\/","logo":{"@type":"ImageObject","url":"https:\/\/www.eldigitaldeasturias.com\/noticias\/wp-content\/uploads\/2020\/12\/EDA.jpg","@id":"https:\/\/eldigitaldeasturias.com\/magazine365\/el-museo-del-greco-organiza-un-ciclo-de-cine-dedicado-al-pintor-cretense\/#organizationLogo"},"image":{"@id":"https:\/\/eldigitaldeasturias.com\/magazine365\/el-museo-del-greco-organiza-un-ciclo-de-cine-dedicado-al-pintor-cretense\/#organizationLogo"}},{"@type":"Person","@id":"https:\/\/eldigitaldeasturias.com\/magazine365\/author\/admin\/#author","url":"https:\/\/eldigitaldeasturias.com\/magazine365\/author\/admin\/","name":"admin","image":{"@type":"ImageObject","@id":"https:\/\/eldigitaldeasturias.com\/magazine365\/el-museo-del-greco-organiza-un-ciclo-de-cine-dedicado-al-pintor-cretense\/#authorImage","url":"https:\/\/eldigitaldeasturias.com\/magazine365\/wp-content\/litespeed\/avatar\/e571bcf59a0edd6fa6838245a470f2fe.jpg?ver=1777574230","width":96,"height":96,"caption":"admin"}},{"@type":"WebPage","@id":"https:\/\/eldigitaldeasturias.com\/magazine365\/el-museo-del-greco-organiza-un-ciclo-de-cine-dedicado-al-pintor-cretense\/#webpage","url":"https:\/\/eldigitaldeasturias.com\/magazine365\/el-museo-del-greco-organiza-un-ciclo-de-cine-dedicado-al-pintor-cretense\/","name":"El Museo del Greco organiza un ciclo de cine dedicado al pintor cretense | El Digital de Asturias","description":"Toledo, 2 jun (EFE).- El Museo del Greco de Toledo ha organizado, con el apoyo del Ayuntamiento y de la Universidad de Castilla-La Mancha, un ciclo de cine para conocer la vida y la obra del pintor cretense a trav\u00e9s de sus pel\u00edculas. Seg\u00fan han informado fuentes del museo, este ciclo se celebrar\u00e1 en los","inLanguage":"es-ES","isPartOf":{"@id":"https:\/\/eldigitaldeasturias.com\/magazine365\/#website"},"breadcrumb":{"@id":"https:\/\/eldigitaldeasturias.com\/magazine365\/el-museo-del-greco-organiza-un-ciclo-de-cine-dedicado-al-pintor-cretense\/#breadcrumblist"},"author":{"@id":"https:\/\/eldigitaldeasturias.com\/magazine365\/author\/admin\/#author"},"creator":{"@id":"https:\/\/eldigitaldeasturias.com\/magazine365\/author\/admin\/#author"},"image":{"@type":"ImageObject","url":"https:\/\/eldigitaldeasturias.com\/magazine365\/wp-content\/uploads\/2014\/06\/6326999w.jpg","@id":"https:\/\/eldigitaldeasturias.com\/magazine365\/el-museo-del-greco-organiza-un-ciclo-de-cine-dedicado-al-pintor-cretense\/#mainImage","width":800,"height":533},"primaryImageOfPage":{"@id":"https:\/\/eldigitaldeasturias.com\/magazine365\/el-museo-del-greco-organiza-un-ciclo-de-cine-dedicado-al-pintor-cretense\/#mainImage"},"datePublished":"2014-06-04T07:34:35+02:00","dateModified":"2014-06-04T07:34:35+02:00"},{"@type":"WebSite","@id":"https:\/\/eldigitaldeasturias.com\/magazine365\/#website","url":"https:\/\/eldigitaldeasturias.com\/magazine365\/","name":"El Digital de Asturias","description":"Revista de ocio, turismo y estilo de vida","inLanguage":"es-ES","publisher":{"@id":"https:\/\/eldigitaldeasturias.com\/magazine365\/#organization"}}]},"og:locale":"es_ES","og:site_name":"El Digital de Asturias \u2013 Revista de ocio, turismo y estilo de vida","og:type":"article","og:title":"El Museo del Greco organiza un ciclo de cine dedicado al pintor cretense | El Digital de Asturias","og:description":"Toledo, 2 jun (EFE).- El Museo del Greco de Toledo ha organizado, con el apoyo del Ayuntamiento y de la Universidad de Castilla-La Mancha, un ciclo de cine para conocer la vida y la obra del pintor cretense a trav\u00e9s de sus pel\u00edculas. Seg\u00fan han informado fuentes del museo, este ciclo se celebrar\u00e1 en los","og:url":"https:\/\/eldigitaldeasturias.com\/magazine365\/el-museo-del-greco-organiza-un-ciclo-de-cine-dedicado-al-pintor-cretense\/","og:image":"https:\/\/eldigitaldeasturias.com\/magazine365\/wp-content\/uploads\/2014\/06\/6326999w.jpg","og:image:secure_url":"https:\/\/eldigitaldeasturias.com\/magazine365\/wp-content\/uploads\/2014\/06\/6326999w.jpg","og:image:width":800,"og:image:height":533,"article:published_time":"2014-06-04T09:34:35+00:00","article:modified_time":"2014-06-04T09:34:35+00:00","twitter:card":"summary_large_image","twitter:title":"El Museo del Greco organiza un ciclo de cine dedicado al pintor cretense | El Digital de Asturias","twitter:description":"Toledo, 2 jun (EFE).- El Museo del Greco de Toledo ha organizado, con el apoyo del Ayuntamiento y de la Universidad de Castilla-La Mancha, un ciclo de cine para conocer la vida y la obra del pintor cretense a trav\u00e9s de sus pel\u00edculas. Seg\u00fan han informado fuentes del museo, este ciclo se celebrar\u00e1 en los","twitter:image":"https:\/\/eldigitaldeasturias.com\/magazine365\/wp-content\/uploads\/2014\/06\/6326999w.jpg"},"aioseo_meta_data":{"post_id":"15003","title":null,"description":null,"keywords":null,"keyphrases":null,"primary_term":null,"canonical_url":null,"og_title":null,"og_description":null,"og_object_type":"default","og_image_type":"default","og_image_url":null,"og_image_width":null,"og_image_height":null,"og_image_custom_url":null,"og_image_custom_fields":null,"og_video":null,"og_custom_url":null,"og_article_section":null,"og_article_tags":null,"twitter_use_og":false,"twitter_card":"default","twitter_image_type":"default","twitter_image_url":null,"twitter_image_custom_url":null,"twitter_image_custom_fields":null,"twitter_title":null,"twitter_description":null,"schema":{"blockGraphs":[],"customGraphs":[],"default":{"data":{"Article":[],"Course":[],"Dataset":[],"FAQPage":[],"Movie":[],"Person":[],"Product":[],"ProductReview":[],"Car":[],"Recipe":[],"Service":[],"SoftwareApplication":[],"WebPage":[]},"graphName":"","isEnabled":true},"graphs":[],"defaultGraph":"","defaultPostTypeGraph":""},"schema_type":null,"schema_type_options":null,"pillar_content":false,"robots_default":true,"robots_noindex":false,"robots_noarchive":false,"robots_nosnippet":false,"robots_nofollow":false,"robots_noimageindex":false,"robots_noodp":false,"robots_notranslate":false,"robots_max_snippet":null,"robots_max_videopreview":null,"robots_max_imagepreview":"large","priority":null,"frequency":null,"location":null,"local_seo":null,"seo_analyzer_scan_date":"2025-09-17 11:15:12","breadcrumb_settings":null,"limit_modified_date":false,"open_ai":null,"ai":null,"created":"2021-03-09 08:07:53","updated":"2025-09-17 11:15:12"},"aioseo_breadcrumb":"<div class=\"aioseo-breadcrumbs\"><span class=\"aioseo-breadcrumb\">\n\t<a href=\"https:\/\/eldigitaldeasturias.com\/magazine365\" title=\"Home\">Home<\/a>\n<\/span><span class=\"aioseo-breadcrumb-separator\">\u2013<\/span><span class=\"aioseo-breadcrumb\">\n\t<a href=\"https:\/\/eldigitaldeasturias.com\/magazine365\/category\/noticias-actualidad\/\" title=\"Noticias y Actualidad\">Noticias y Actualidad<\/a>\n<\/span><span class=\"aioseo-breadcrumb-separator\">\u2013<\/span><span class=\"aioseo-breadcrumb\">\n\t<a href=\"https:\/\/eldigitaldeasturias.com\/magazine365\/el-museo-del-greco-organiza-un-ciclo-de-cine-dedicado-al-pintor-cretense\/\" title=\"El Museo del Greco organiza un ciclo de cine dedicado al pintor cretense\">El Museo del Greco organiza un ciclo de cine dedicado al pintor cretense<\/a>\n<\/span><\/div>","aioseo_breadcrumb_json":[{"label":"Home","link":"https:\/\/eldigitaldeasturias.com\/magazine365"},{"label":"Noticias y Actualidad","link":"https:\/\/eldigitaldeasturias.com\/magazine365\/category\/noticias-actualidad\/"},{"label":"El Museo del Greco organiza un ciclo de cine dedicado al pintor cretense","link":"https:\/\/eldigitaldeasturias.com\/magazine365\/el-museo-del-greco-organiza-un-ciclo-de-cine-dedicado-al-pintor-cretense\/"}],"_links":{"self":[{"href":"https:\/\/eldigitaldeasturias.com\/magazine365\/wp-json\/wp\/v2\/posts\/15003","targetHints":{"allow":["GET"]}}],"collection":[{"href":"https:\/\/eldigitaldeasturias.com\/magazine365\/wp-json\/wp\/v2\/posts"}],"about":[{"href":"https:\/\/eldigitaldeasturias.com\/magazine365\/wp-json\/wp\/v2\/types\/post"}],"author":[{"embeddable":true,"href":"https:\/\/eldigitaldeasturias.com\/magazine365\/wp-json\/wp\/v2\/users\/1"}],"replies":[{"embeddable":true,"href":"https:\/\/eldigitaldeasturias.com\/magazine365\/wp-json\/wp\/v2\/comments?post=15003"}],"version-history":[{"count":0,"href":"https:\/\/eldigitaldeasturias.com\/magazine365\/wp-json\/wp\/v2\/posts\/15003\/revisions"}],"wp:featuredmedia":[{"embeddable":true,"href":"https:\/\/eldigitaldeasturias.com\/magazine365\/wp-json\/wp\/v2\/media\/15004"}],"wp:attachment":[{"href":"https:\/\/eldigitaldeasturias.com\/magazine365\/wp-json\/wp\/v2\/media?parent=15003"}],"wp:term":[{"taxonomy":"category","embeddable":true,"href":"https:\/\/eldigitaldeasturias.com\/magazine365\/wp-json\/wp\/v2\/categories?post=15003"},{"taxonomy":"post_tag","embeddable":true,"href":"https:\/\/eldigitaldeasturias.com\/magazine365\/wp-json\/wp\/v2\/tags?post=15003"}],"curies":[{"name":"wp","href":"https:\/\/api.w.org\/{rel}","templated":true}]}}