{"id":14997,"date":"2014-06-04T07:32:31","date_gmt":"2014-06-04T09:32:31","guid":{"rendered":"http:\/\/eldigitaldeasturias.com\/magazine365\/?p=14997"},"modified":"2014-06-04T07:32:31","modified_gmt":"2014-06-04T09:32:31","slug":"camela-anuncia-su-regreso-como-duo-con-un-tema-contra-la-violencia-de-genero","status":"publish","type":"post","link":"https:\/\/eldigitaldeasturias.com\/magazine365\/camela-anuncia-su-regreso-como-duo-con-un-tema-contra-la-violencia-de-genero\/","title":{"rendered":"Camela anuncia su regreso como d\u00fao con un tema contra la violencia de g\u00e9nero"},"content":{"rendered":"<p><img fetchpriority=\"high\" decoding=\"async\" class=\"alignleft size-medium wp-image-14998\" alt=\"6330396w\" src=\"https:\/\/eldigitaldeasturias.com\/magazine365\/wp-content\/uploads\/2014\/06\/6330396w-242x300.jpg\" width=\"242\" height=\"300\" srcset=\"https:\/\/eldigitaldeasturias.com\/magazine365\/wp-content\/uploads\/2014\/06\/6330396w-242x300.jpg 242w, https:\/\/eldigitaldeasturias.com\/magazine365\/wp-content\/uploads\/2014\/06\/6330396w-517x640.jpg 517w, https:\/\/eldigitaldeasturias.com\/magazine365\/wp-content\/uploads\/2014\/06\/6330396w-150x186.jpg 150w, https:\/\/eldigitaldeasturias.com\/magazine365\/wp-content\/uploads\/2014\/06\/6330396w-450x557.jpg 450w, https:\/\/eldigitaldeasturias.com\/magazine365\/wp-content\/uploads\/2014\/06\/6330396w-324x400.jpg 324w, https:\/\/eldigitaldeasturias.com\/magazine365\/wp-content\/uploads\/2014\/06\/6330396w-696x861.jpg 696w, https:\/\/eldigitaldeasturias.com\/magazine365\/wp-content\/uploads\/2014\/06\/6330396w-339x420.jpg 339w, https:\/\/eldigitaldeasturias.com\/magazine365\/wp-content\/uploads\/2014\/06\/6330396w.jpg 700w\" sizes=\"(max-width: 242px) 100vw, 242px\" \/>Madrid, 3 jun (EFE).- El grupo Camela, con Dioni Mart\u00edn y Mar\u00eda \u00c1ngeles Mu\u00f1oz al frente, ha anunciado hoy su retorno tras la marcha de la formaci\u00f3n de Miguel \u00c1ngel Cabrera, con un nuevo tema contra la violencia de g\u00e9nero, \u00abYa se acab\u00f3 el tener due\u00f1o\u00bb, en el que animan a las mujeres afectadas a denunciar su situaci\u00f3n.<\/p>\n<p>Se trata de la primera canci\u00f3n que lanzan como d\u00fao y que se conoce de \u00abM\u00e1s de lo que piensas\u00bb, su nuevo \u00e1lbum, cuya publicaci\u00f3n est\u00e1 prevista para el pr\u00f3ximo 24 de junio, tres a\u00f1os despu\u00e9s de la publicaci\u00f3n de su anterior trabajo, \u00abLa magia del amor\u00bb.<\/p>\n<p>Seg\u00fan ha se\u00f1alado su discogr\u00e1fica, \u00abse mantiene la esencia de Camela, ese sonido electr\u00f3nico y cercano que tanto les caracteriza, con tintes actuales y muy renovados\u00bb, bajo la batuta de Miguel \u00c1ngel Collado en la mitad de los temas y del cantante Dioni Mart\u00edn en la otra mitad, en su estreno como productor de unos temas compuestos por su hijo Rub\u00e9n.<\/p>\n<p>El propio Mart\u00edn fue el que explic\u00f3 a Efe en agosto de 2013 el abandono de Cabrera. \u00abSu aportaci\u00f3n era nula desde hace 12 a\u00f1os\u00bb, pero quiso seguir \u00abpor el tema de la imagen\u00bb, afirm\u00f3 entonces el vocalista.<\/p>\n<p>Nacida en el barrio San Crist\u00f3bal de los \u00c1ngeles de Madrid, Camela se mantiene como el grupo que m\u00e1s discos ha vendido en Espa\u00f1a en las \u00faltimas dos d\u00e9cadas, a pesar de sus humildes or\u00edgenes, que se remontan a 1992 con \u00abJunto a m\u00ed\u00bb, lanzado originalmente como cinta de cassette, al que han seguido una veintena de trabajos con material in\u00e9dito y m\u00e1s de una decena de recopilatorios.<\/p>\n","protected":false},"excerpt":{"rendered":"<p>Madrid, 3 jun (EFE).- El grupo Camela, con Dioni Mart\u00edn y Mar\u00eda \u00c1ngeles Mu\u00f1oz al frente, ha anunciado hoy su retorno tras la marcha de la formaci\u00f3n de Miguel \u00c1ngel Cabrera, con un nuevo tema contra la violencia de g\u00e9nero, \u00abYa se acab\u00f3 el tener due\u00f1o\u00bb, en el que animan a las mujeres afectadas a<\/p>\n","protected":false},"author":1,"featured_media":14998,"comment_status":"open","ping_status":"closed","sticky":false,"template":"","format":"standard","meta":{"footnotes":""},"categories":[224],"tags":[],"class_list":{"0":"post-14997","1":"post","2":"type-post","3":"status-publish","4":"format-standard","5":"has-post-thumbnail","7":"category-noticias-actualidad"},"aioseo_notices":[],"aioseo_head":"\n\t\t<!-- All in One SEO Pro 4.9.6.1 - aioseo.com -->\n\t<meta name=\"description\" content=\"Madrid, 3 jun (EFE).- El grupo Camela, con Dioni Mart\u00edn y Mar\u00eda \u00c1ngeles Mu\u00f1oz al frente, ha anunciado hoy su retorno tras la marcha de la formaci\u00f3n de Miguel \u00c1ngel Cabrera, con un nuevo tema contra la violencia de g\u00e9nero, &quot;Ya se acab\u00f3 el tener due\u00f1o&quot;, en el que animan a las mujeres afectadas a\" \/>\n\t<meta name=\"robots\" content=\"max-image-preview:large\" \/>\n\t<meta name=\"author\" content=\"admin\"\/>\n\t<meta name=\"google-site-verification\" content=\"UA-38556648-1\" \/>\n\t<meta name=\"keywords\" content=\"noticias y actualidad\" \/>\n\t<link rel=\"canonical\" href=\"https:\/\/eldigitaldeasturias.com\/magazine365\/camela-anuncia-su-regreso-como-duo-con-un-tema-contra-la-violencia-de-genero\/\" \/>\n\t<meta name=\"generator\" content=\"All in One SEO Pro (AIOSEO) 4.9.6.1\" \/>\n\t\t<meta property=\"og:locale\" content=\"es_ES\" \/>\n\t\t<meta property=\"og:site_name\" content=\"El Digital de Asturias \u2013 Revista de ocio, turismo y estilo de vida\" \/>\n\t\t<meta property=\"og:type\" content=\"article\" \/>\n\t\t<meta property=\"og:title\" content=\"Camela anuncia su regreso como d\u00fao con un tema contra la violencia de g\u00e9nero | El Digital de Asturias\" \/>\n\t\t<meta property=\"og:description\" content=\"Madrid, 3 jun (EFE).- El grupo Camela, con Dioni Mart\u00edn y Mar\u00eda \u00c1ngeles Mu\u00f1oz al frente, ha anunciado hoy su retorno tras la marcha de la formaci\u00f3n de Miguel \u00c1ngel Cabrera, con un nuevo tema contra la violencia de g\u00e9nero, &quot;Ya se acab\u00f3 el tener due\u00f1o&quot;, en el que animan a las mujeres afectadas a\" \/>\n\t\t<meta property=\"og:url\" content=\"https:\/\/eldigitaldeasturias.com\/magazine365\/camela-anuncia-su-regreso-como-duo-con-un-tema-contra-la-violencia-de-genero\/\" \/>\n\t\t<meta property=\"og:image\" content=\"https:\/\/eldigitaldeasturias.com\/magazine365\/wp-content\/uploads\/2014\/06\/6330396w.jpg\" \/>\n\t\t<meta property=\"og:image:secure_url\" content=\"https:\/\/eldigitaldeasturias.com\/magazine365\/wp-content\/uploads\/2014\/06\/6330396w.jpg\" \/>\n\t\t<meta property=\"og:image:width\" content=\"700\" \/>\n\t\t<meta property=\"og:image:height\" content=\"866\" \/>\n\t\t<meta property=\"article:published_time\" content=\"2014-06-04T09:32:31+00:00\" \/>\n\t\t<meta property=\"article:modified_time\" content=\"2014-06-04T09:32:31+00:00\" \/>\n\t\t<meta name=\"twitter:card\" content=\"summary_large_image\" \/>\n\t\t<meta name=\"twitter:title\" content=\"Camela anuncia su regreso como d\u00fao con un tema contra la violencia de g\u00e9nero | El Digital de Asturias\" \/>\n\t\t<meta name=\"twitter:description\" content=\"Madrid, 3 jun (EFE).- El grupo Camela, con Dioni Mart\u00edn y Mar\u00eda \u00c1ngeles Mu\u00f1oz al frente, ha anunciado hoy su retorno tras la marcha de la formaci\u00f3n de Miguel \u00c1ngel Cabrera, con un nuevo tema contra la violencia de g\u00e9nero, &quot;Ya se acab\u00f3 el tener due\u00f1o&quot;, en el que animan a las mujeres afectadas a\" \/>\n\t\t<meta name=\"twitter:image\" content=\"https:\/\/eldigitaldeasturias.com\/magazine365\/wp-content\/uploads\/2014\/06\/6330396w.jpg\" \/>\n\t\t<script type=\"application\/ld+json\" class=\"aioseo-schema\">\n\t\t\t{\"@context\":\"https:\\\/\\\/schema.org\",\"@graph\":[{\"@type\":\"Article\",\"@id\":\"https:\\\/\\\/eldigitaldeasturias.com\\\/magazine365\\\/camela-anuncia-su-regreso-como-duo-con-un-tema-contra-la-violencia-de-genero\\\/#article\",\"name\":\"Camela anuncia su regreso como d\\u00fao con un tema contra la violencia de g\\u00e9nero | El Digital de Asturias\",\"headline\":\"Camela anuncia su regreso como d\\u00fao con un tema contra la violencia de g\\u00e9nero\",\"author\":{\"@id\":\"https:\\\/\\\/eldigitaldeasturias.com\\\/magazine365\\\/author\\\/admin\\\/#author\"},\"publisher\":{\"@id\":\"https:\\\/\\\/eldigitaldeasturias.com\\\/magazine365\\\/#organization\"},\"image\":{\"@type\":\"ImageObject\",\"url\":\"https:\\\/\\\/eldigitaldeasturias.com\\\/magazine365\\\/wp-content\\\/uploads\\\/2014\\\/06\\\/6330396w.jpg\",\"width\":700,\"height\":866},\"datePublished\":\"2014-06-04T07:32:31+02:00\",\"dateModified\":\"2014-06-04T07:32:31+02:00\",\"inLanguage\":\"es-ES\",\"mainEntityOfPage\":{\"@id\":\"https:\\\/\\\/eldigitaldeasturias.com\\\/magazine365\\\/camela-anuncia-su-regreso-como-duo-con-un-tema-contra-la-violencia-de-genero\\\/#webpage\"},\"isPartOf\":{\"@id\":\"https:\\\/\\\/eldigitaldeasturias.com\\\/magazine365\\\/camela-anuncia-su-regreso-como-duo-con-un-tema-contra-la-violencia-de-genero\\\/#webpage\"},\"articleSection\":\"Noticias y Actualidad\"},{\"@type\":\"BreadcrumbList\",\"@id\":\"https:\\\/\\\/eldigitaldeasturias.com\\\/magazine365\\\/camela-anuncia-su-regreso-como-duo-con-un-tema-contra-la-violencia-de-genero\\\/#breadcrumblist\",\"itemListElement\":[{\"@type\":\"ListItem\",\"@id\":\"https:\\\/\\\/eldigitaldeasturias.com\\\/magazine365#listItem\",\"position\":1,\"name\":\"Home\",\"item\":\"https:\\\/\\\/eldigitaldeasturias.com\\\/magazine365\",\"nextItem\":{\"@type\":\"ListItem\",\"@id\":\"https:\\\/\\\/eldigitaldeasturias.com\\\/magazine365\\\/category\\\/noticias-actualidad\\\/#listItem\",\"name\":\"Noticias y Actualidad\"}},{\"@type\":\"ListItem\",\"@id\":\"https:\\\/\\\/eldigitaldeasturias.com\\\/magazine365\\\/category\\\/noticias-actualidad\\\/#listItem\",\"position\":2,\"name\":\"Noticias y Actualidad\",\"item\":\"https:\\\/\\\/eldigitaldeasturias.com\\\/magazine365\\\/category\\\/noticias-actualidad\\\/\",\"nextItem\":{\"@type\":\"ListItem\",\"@id\":\"https:\\\/\\\/eldigitaldeasturias.com\\\/magazine365\\\/camela-anuncia-su-regreso-como-duo-con-un-tema-contra-la-violencia-de-genero\\\/#listItem\",\"name\":\"Camela anuncia su regreso como d\\u00fao con un tema contra la violencia de g\\u00e9nero\"},\"previousItem\":{\"@type\":\"ListItem\",\"@id\":\"https:\\\/\\\/eldigitaldeasturias.com\\\/magazine365#listItem\",\"name\":\"Home\"}},{\"@type\":\"ListItem\",\"@id\":\"https:\\\/\\\/eldigitaldeasturias.com\\\/magazine365\\\/camela-anuncia-su-regreso-como-duo-con-un-tema-contra-la-violencia-de-genero\\\/#listItem\",\"position\":3,\"name\":\"Camela anuncia su regreso como d\\u00fao con un tema contra la violencia de g\\u00e9nero\",\"previousItem\":{\"@type\":\"ListItem\",\"@id\":\"https:\\\/\\\/eldigitaldeasturias.com\\\/magazine365\\\/category\\\/noticias-actualidad\\\/#listItem\",\"name\":\"Noticias y Actualidad\"}}]},{\"@type\":\"Organization\",\"@id\":\"https:\\\/\\\/eldigitaldeasturias.com\\\/magazine365\\\/#organization\",\"name\":\"El digital de Asturias\",\"description\":\"Revista de ocio, turismo y estilo de vida\",\"url\":\"https:\\\/\\\/eldigitaldeasturias.com\\\/magazine365\\\/\",\"logo\":{\"@type\":\"ImageObject\",\"url\":\"https:\\\/\\\/www.eldigitaldeasturias.com\\\/noticias\\\/wp-content\\\/uploads\\\/2020\\\/12\\\/EDA.jpg\",\"@id\":\"https:\\\/\\\/eldigitaldeasturias.com\\\/magazine365\\\/camela-anuncia-su-regreso-como-duo-con-un-tema-contra-la-violencia-de-genero\\\/#organizationLogo\"},\"image\":{\"@id\":\"https:\\\/\\\/eldigitaldeasturias.com\\\/magazine365\\\/camela-anuncia-su-regreso-como-duo-con-un-tema-contra-la-violencia-de-genero\\\/#organizationLogo\"}},{\"@type\":\"Person\",\"@id\":\"https:\\\/\\\/eldigitaldeasturias.com\\\/magazine365\\\/author\\\/admin\\\/#author\",\"url\":\"https:\\\/\\\/eldigitaldeasturias.com\\\/magazine365\\\/author\\\/admin\\\/\",\"name\":\"admin\",\"image\":{\"@type\":\"ImageObject\",\"@id\":\"https:\\\/\\\/eldigitaldeasturias.com\\\/magazine365\\\/camela-anuncia-su-regreso-como-duo-con-un-tema-contra-la-violencia-de-genero\\\/#authorImage\",\"url\":\"https:\\\/\\\/eldigitaldeasturias.com\\\/magazine365\\\/wp-content\\\/litespeed\\\/avatar\\\/e571bcf59a0edd6fa6838245a470f2fe.jpg?ver=1777574230\",\"width\":96,\"height\":96,\"caption\":\"admin\"}},{\"@type\":\"WebPage\",\"@id\":\"https:\\\/\\\/eldigitaldeasturias.com\\\/magazine365\\\/camela-anuncia-su-regreso-como-duo-con-un-tema-contra-la-violencia-de-genero\\\/#webpage\",\"url\":\"https:\\\/\\\/eldigitaldeasturias.com\\\/magazine365\\\/camela-anuncia-su-regreso-como-duo-con-un-tema-contra-la-violencia-de-genero\\\/\",\"name\":\"Camela anuncia su regreso como d\\u00fao con un tema contra la violencia de g\\u00e9nero | El Digital de Asturias\",\"description\":\"Madrid, 3 jun (EFE).- El grupo Camela, con Dioni Mart\\u00edn y Mar\\u00eda \\u00c1ngeles Mu\\u00f1oz al frente, ha anunciado hoy su retorno tras la marcha de la formaci\\u00f3n de Miguel \\u00c1ngel Cabrera, con un nuevo tema contra la violencia de g\\u00e9nero, \\\"Ya se acab\\u00f3 el tener due\\u00f1o\\\", en el que animan a las mujeres afectadas a\",\"inLanguage\":\"es-ES\",\"isPartOf\":{\"@id\":\"https:\\\/\\\/eldigitaldeasturias.com\\\/magazine365\\\/#website\"},\"breadcrumb\":{\"@id\":\"https:\\\/\\\/eldigitaldeasturias.com\\\/magazine365\\\/camela-anuncia-su-regreso-como-duo-con-un-tema-contra-la-violencia-de-genero\\\/#breadcrumblist\"},\"author\":{\"@id\":\"https:\\\/\\\/eldigitaldeasturias.com\\\/magazine365\\\/author\\\/admin\\\/#author\"},\"creator\":{\"@id\":\"https:\\\/\\\/eldigitaldeasturias.com\\\/magazine365\\\/author\\\/admin\\\/#author\"},\"image\":{\"@type\":\"ImageObject\",\"url\":\"https:\\\/\\\/eldigitaldeasturias.com\\\/magazine365\\\/wp-content\\\/uploads\\\/2014\\\/06\\\/6330396w.jpg\",\"@id\":\"https:\\\/\\\/eldigitaldeasturias.com\\\/magazine365\\\/camela-anuncia-su-regreso-como-duo-con-un-tema-contra-la-violencia-de-genero\\\/#mainImage\",\"width\":700,\"height\":866},\"primaryImageOfPage\":{\"@id\":\"https:\\\/\\\/eldigitaldeasturias.com\\\/magazine365\\\/camela-anuncia-su-regreso-como-duo-con-un-tema-contra-la-violencia-de-genero\\\/#mainImage\"},\"datePublished\":\"2014-06-04T07:32:31+02:00\",\"dateModified\":\"2014-06-04T07:32:31+02:00\"},{\"@type\":\"WebSite\",\"@id\":\"https:\\\/\\\/eldigitaldeasturias.com\\\/magazine365\\\/#website\",\"url\":\"https:\\\/\\\/eldigitaldeasturias.com\\\/magazine365\\\/\",\"name\":\"El Digital de Asturias\",\"description\":\"Revista de ocio, turismo y estilo de vida\",\"inLanguage\":\"es-ES\",\"publisher\":{\"@id\":\"https:\\\/\\\/eldigitaldeasturias.com\\\/magazine365\\\/#organization\"}}]}\n\t\t<\/script>\n\t\t<!-- All in One SEO Pro -->\r\n\t\t<title>Camela anuncia su regreso como d\u00fao con un tema contra la violencia de g\u00e9nero | El Digital de Asturias<\/title>\n\n","aioseo_head_json":{"title":"Camela anuncia su regreso como d\u00fao con un tema contra la violencia de g\u00e9nero | El Digital de Asturias","description":"Madrid, 3 jun (EFE).- El grupo Camela, con Dioni Mart\u00edn y Mar\u00eda \u00c1ngeles Mu\u00f1oz al frente, ha anunciado hoy su retorno tras la marcha de la formaci\u00f3n de Miguel \u00c1ngel Cabrera, con un nuevo tema contra la violencia de g\u00e9nero, \"Ya se acab\u00f3 el tener due\u00f1o\", en el que animan a las mujeres afectadas a","canonical_url":"https:\/\/eldigitaldeasturias.com\/magazine365\/camela-anuncia-su-regreso-como-duo-con-un-tema-contra-la-violencia-de-genero\/","robots":"max-image-preview:large","keywords":"noticias y actualidad","webmasterTools":{"google-site-verification":"UA-38556648-1","miscellaneous":""},"schema":{"@context":"https:\/\/schema.org","@graph":[{"@type":"Article","@id":"https:\/\/eldigitaldeasturias.com\/magazine365\/camela-anuncia-su-regreso-como-duo-con-un-tema-contra-la-violencia-de-genero\/#article","name":"Camela anuncia su regreso como d\u00fao con un tema contra la violencia de g\u00e9nero | El Digital de Asturias","headline":"Camela anuncia su regreso como d\u00fao con un tema contra la violencia de g\u00e9nero","author":{"@id":"https:\/\/eldigitaldeasturias.com\/magazine365\/author\/admin\/#author"},"publisher":{"@id":"https:\/\/eldigitaldeasturias.com\/magazine365\/#organization"},"image":{"@type":"ImageObject","url":"https:\/\/eldigitaldeasturias.com\/magazine365\/wp-content\/uploads\/2014\/06\/6330396w.jpg","width":700,"height":866},"datePublished":"2014-06-04T07:32:31+02:00","dateModified":"2014-06-04T07:32:31+02:00","inLanguage":"es-ES","mainEntityOfPage":{"@id":"https:\/\/eldigitaldeasturias.com\/magazine365\/camela-anuncia-su-regreso-como-duo-con-un-tema-contra-la-violencia-de-genero\/#webpage"},"isPartOf":{"@id":"https:\/\/eldigitaldeasturias.com\/magazine365\/camela-anuncia-su-regreso-como-duo-con-un-tema-contra-la-violencia-de-genero\/#webpage"},"articleSection":"Noticias y Actualidad"},{"@type":"BreadcrumbList","@id":"https:\/\/eldigitaldeasturias.com\/magazine365\/camela-anuncia-su-regreso-como-duo-con-un-tema-contra-la-violencia-de-genero\/#breadcrumblist","itemListElement":[{"@type":"ListItem","@id":"https:\/\/eldigitaldeasturias.com\/magazine365#listItem","position":1,"name":"Home","item":"https:\/\/eldigitaldeasturias.com\/magazine365","nextItem":{"@type":"ListItem","@id":"https:\/\/eldigitaldeasturias.com\/magazine365\/category\/noticias-actualidad\/#listItem","name":"Noticias y Actualidad"}},{"@type":"ListItem","@id":"https:\/\/eldigitaldeasturias.com\/magazine365\/category\/noticias-actualidad\/#listItem","position":2,"name":"Noticias y Actualidad","item":"https:\/\/eldigitaldeasturias.com\/magazine365\/category\/noticias-actualidad\/","nextItem":{"@type":"ListItem","@id":"https:\/\/eldigitaldeasturias.com\/magazine365\/camela-anuncia-su-regreso-como-duo-con-un-tema-contra-la-violencia-de-genero\/#listItem","name":"Camela anuncia su regreso como d\u00fao con un tema contra la violencia de g\u00e9nero"},"previousItem":{"@type":"ListItem","@id":"https:\/\/eldigitaldeasturias.com\/magazine365#listItem","name":"Home"}},{"@type":"ListItem","@id":"https:\/\/eldigitaldeasturias.com\/magazine365\/camela-anuncia-su-regreso-como-duo-con-un-tema-contra-la-violencia-de-genero\/#listItem","position":3,"name":"Camela anuncia su regreso como d\u00fao con un tema contra la violencia de g\u00e9nero","previousItem":{"@type":"ListItem","@id":"https:\/\/eldigitaldeasturias.com\/magazine365\/category\/noticias-actualidad\/#listItem","name":"Noticias y Actualidad"}}]},{"@type":"Organization","@id":"https:\/\/eldigitaldeasturias.com\/magazine365\/#organization","name":"El digital de Asturias","description":"Revista de ocio, turismo y estilo de vida","url":"https:\/\/eldigitaldeasturias.com\/magazine365\/","logo":{"@type":"ImageObject","url":"https:\/\/www.eldigitaldeasturias.com\/noticias\/wp-content\/uploads\/2020\/12\/EDA.jpg","@id":"https:\/\/eldigitaldeasturias.com\/magazine365\/camela-anuncia-su-regreso-como-duo-con-un-tema-contra-la-violencia-de-genero\/#organizationLogo"},"image":{"@id":"https:\/\/eldigitaldeasturias.com\/magazine365\/camela-anuncia-su-regreso-como-duo-con-un-tema-contra-la-violencia-de-genero\/#organizationLogo"}},{"@type":"Person","@id":"https:\/\/eldigitaldeasturias.com\/magazine365\/author\/admin\/#author","url":"https:\/\/eldigitaldeasturias.com\/magazine365\/author\/admin\/","name":"admin","image":{"@type":"ImageObject","@id":"https:\/\/eldigitaldeasturias.com\/magazine365\/camela-anuncia-su-regreso-como-duo-con-un-tema-contra-la-violencia-de-genero\/#authorImage","url":"https:\/\/eldigitaldeasturias.com\/magazine365\/wp-content\/litespeed\/avatar\/e571bcf59a0edd6fa6838245a470f2fe.jpg?ver=1777574230","width":96,"height":96,"caption":"admin"}},{"@type":"WebPage","@id":"https:\/\/eldigitaldeasturias.com\/magazine365\/camela-anuncia-su-regreso-como-duo-con-un-tema-contra-la-violencia-de-genero\/#webpage","url":"https:\/\/eldigitaldeasturias.com\/magazine365\/camela-anuncia-su-regreso-como-duo-con-un-tema-contra-la-violencia-de-genero\/","name":"Camela anuncia su regreso como d\u00fao con un tema contra la violencia de g\u00e9nero | El Digital de Asturias","description":"Madrid, 3 jun (EFE).- El grupo Camela, con Dioni Mart\u00edn y Mar\u00eda \u00c1ngeles Mu\u00f1oz al frente, ha anunciado hoy su retorno tras la marcha de la formaci\u00f3n de Miguel \u00c1ngel Cabrera, con un nuevo tema contra la violencia de g\u00e9nero, \"Ya se acab\u00f3 el tener due\u00f1o\", en el que animan a las mujeres afectadas a","inLanguage":"es-ES","isPartOf":{"@id":"https:\/\/eldigitaldeasturias.com\/magazine365\/#website"},"breadcrumb":{"@id":"https:\/\/eldigitaldeasturias.com\/magazine365\/camela-anuncia-su-regreso-como-duo-con-un-tema-contra-la-violencia-de-genero\/#breadcrumblist"},"author":{"@id":"https:\/\/eldigitaldeasturias.com\/magazine365\/author\/admin\/#author"},"creator":{"@id":"https:\/\/eldigitaldeasturias.com\/magazine365\/author\/admin\/#author"},"image":{"@type":"ImageObject","url":"https:\/\/eldigitaldeasturias.com\/magazine365\/wp-content\/uploads\/2014\/06\/6330396w.jpg","@id":"https:\/\/eldigitaldeasturias.com\/magazine365\/camela-anuncia-su-regreso-como-duo-con-un-tema-contra-la-violencia-de-genero\/#mainImage","width":700,"height":866},"primaryImageOfPage":{"@id":"https:\/\/eldigitaldeasturias.com\/magazine365\/camela-anuncia-su-regreso-como-duo-con-un-tema-contra-la-violencia-de-genero\/#mainImage"},"datePublished":"2014-06-04T07:32:31+02:00","dateModified":"2014-06-04T07:32:31+02:00"},{"@type":"WebSite","@id":"https:\/\/eldigitaldeasturias.com\/magazine365\/#website","url":"https:\/\/eldigitaldeasturias.com\/magazine365\/","name":"El Digital de Asturias","description":"Revista de ocio, turismo y estilo de vida","inLanguage":"es-ES","publisher":{"@id":"https:\/\/eldigitaldeasturias.com\/magazine365\/#organization"}}]},"og:locale":"es_ES","og:site_name":"El Digital de Asturias \u2013 Revista de ocio, turismo y estilo de vida","og:type":"article","og:title":"Camela anuncia su regreso como d\u00fao con un tema contra la violencia de g\u00e9nero | El Digital de Asturias","og:description":"Madrid, 3 jun (EFE).- El grupo Camela, con Dioni Mart\u00edn y Mar\u00eda \u00c1ngeles Mu\u00f1oz al frente, ha anunciado hoy su retorno tras la marcha de la formaci\u00f3n de Miguel \u00c1ngel Cabrera, con un nuevo tema contra la violencia de g\u00e9nero, &quot;Ya se acab\u00f3 el tener due\u00f1o&quot;, en el que animan a las mujeres afectadas a","og:url":"https:\/\/eldigitaldeasturias.com\/magazine365\/camela-anuncia-su-regreso-como-duo-con-un-tema-contra-la-violencia-de-genero\/","og:image":"https:\/\/eldigitaldeasturias.com\/magazine365\/wp-content\/uploads\/2014\/06\/6330396w.jpg","og:image:secure_url":"https:\/\/eldigitaldeasturias.com\/magazine365\/wp-content\/uploads\/2014\/06\/6330396w.jpg","og:image:width":700,"og:image:height":866,"article:published_time":"2014-06-04T09:32:31+00:00","article:modified_time":"2014-06-04T09:32:31+00:00","twitter:card":"summary_large_image","twitter:title":"Camela anuncia su regreso como d\u00fao con un tema contra la violencia de g\u00e9nero | El Digital de Asturias","twitter:description":"Madrid, 3 jun (EFE).- El grupo Camela, con Dioni Mart\u00edn y Mar\u00eda \u00c1ngeles Mu\u00f1oz al frente, ha anunciado hoy su retorno tras la marcha de la formaci\u00f3n de Miguel \u00c1ngel Cabrera, con un nuevo tema contra la violencia de g\u00e9nero, &quot;Ya se acab\u00f3 el tener due\u00f1o&quot;, en el que animan a las mujeres afectadas a","twitter:image":"https:\/\/eldigitaldeasturias.com\/magazine365\/wp-content\/uploads\/2014\/06\/6330396w.jpg"},"aioseo_meta_data":{"post_id":"14997","title":null,"description":null,"keywords":null,"keyphrases":null,"primary_term":null,"canonical_url":null,"og_title":null,"og_description":null,"og_object_type":"default","og_image_type":"default","og_image_url":null,"og_image_width":null,"og_image_height":null,"og_image_custom_url":null,"og_image_custom_fields":null,"og_video":null,"og_custom_url":null,"og_article_section":null,"og_article_tags":null,"twitter_use_og":false,"twitter_card":"default","twitter_image_type":"default","twitter_image_url":null,"twitter_image_custom_url":null,"twitter_image_custom_fields":null,"twitter_title":null,"twitter_description":null,"schema":{"blockGraphs":[],"customGraphs":[],"default":{"data":{"Article":[],"Course":[],"Dataset":[],"FAQPage":[],"Movie":[],"Person":[],"Product":[],"ProductReview":[],"Car":[],"Recipe":[],"Service":[],"SoftwareApplication":[],"WebPage":[]},"graphName":"","isEnabled":true},"graphs":[],"defaultGraph":"","defaultPostTypeGraph":""},"schema_type":null,"schema_type_options":null,"pillar_content":false,"robots_default":true,"robots_noindex":false,"robots_noarchive":false,"robots_nosnippet":false,"robots_nofollow":false,"robots_noimageindex":false,"robots_noodp":false,"robots_notranslate":false,"robots_max_snippet":null,"robots_max_videopreview":null,"robots_max_imagepreview":"large","priority":null,"frequency":null,"location":null,"local_seo":null,"seo_analyzer_scan_date":"2025-09-17 11:13:02","breadcrumb_settings":null,"limit_modified_date":false,"open_ai":null,"ai":null,"created":"2021-03-09 08:07:53","updated":"2025-09-17 11:13:02"},"aioseo_breadcrumb":"<div class=\"aioseo-breadcrumbs\"><span class=\"aioseo-breadcrumb\">\n\t<a href=\"https:\/\/eldigitaldeasturias.com\/magazine365\" title=\"Home\">Home<\/a>\n<\/span><span class=\"aioseo-breadcrumb-separator\">\u2013<\/span><span class=\"aioseo-breadcrumb\">\n\t<a href=\"https:\/\/eldigitaldeasturias.com\/magazine365\/category\/noticias-actualidad\/\" title=\"Noticias y Actualidad\">Noticias y Actualidad<\/a>\n<\/span><span class=\"aioseo-breadcrumb-separator\">\u2013<\/span><span class=\"aioseo-breadcrumb\">\n\t<a href=\"https:\/\/eldigitaldeasturias.com\/magazine365\/camela-anuncia-su-regreso-como-duo-con-un-tema-contra-la-violencia-de-genero\/\" title=\"Camela anuncia su regreso como d\u00fao con un tema contra la violencia de g\u00e9nero\">Camela anuncia su regreso como d\u00fao con un tema contra la violencia de g\u00e9nero<\/a>\n<\/span><\/div>","aioseo_breadcrumb_json":[{"label":"Home","link":"https:\/\/eldigitaldeasturias.com\/magazine365"},{"label":"Noticias y Actualidad","link":"https:\/\/eldigitaldeasturias.com\/magazine365\/category\/noticias-actualidad\/"},{"label":"Camela anuncia su regreso como d\u00fao con un tema contra la violencia de g\u00e9nero","link":"https:\/\/eldigitaldeasturias.com\/magazine365\/camela-anuncia-su-regreso-como-duo-con-un-tema-contra-la-violencia-de-genero\/"}],"_links":{"self":[{"href":"https:\/\/eldigitaldeasturias.com\/magazine365\/wp-json\/wp\/v2\/posts\/14997","targetHints":{"allow":["GET"]}}],"collection":[{"href":"https:\/\/eldigitaldeasturias.com\/magazine365\/wp-json\/wp\/v2\/posts"}],"about":[{"href":"https:\/\/eldigitaldeasturias.com\/magazine365\/wp-json\/wp\/v2\/types\/post"}],"author":[{"embeddable":true,"href":"https:\/\/eldigitaldeasturias.com\/magazine365\/wp-json\/wp\/v2\/users\/1"}],"replies":[{"embeddable":true,"href":"https:\/\/eldigitaldeasturias.com\/magazine365\/wp-json\/wp\/v2\/comments?post=14997"}],"version-history":[{"count":0,"href":"https:\/\/eldigitaldeasturias.com\/magazine365\/wp-json\/wp\/v2\/posts\/14997\/revisions"}],"wp:featuredmedia":[{"embeddable":true,"href":"https:\/\/eldigitaldeasturias.com\/magazine365\/wp-json\/wp\/v2\/media\/14998"}],"wp:attachment":[{"href":"https:\/\/eldigitaldeasturias.com\/magazine365\/wp-json\/wp\/v2\/media?parent=14997"}],"wp:term":[{"taxonomy":"category","embeddable":true,"href":"https:\/\/eldigitaldeasturias.com\/magazine365\/wp-json\/wp\/v2\/categories?post=14997"},{"taxonomy":"post_tag","embeddable":true,"href":"https:\/\/eldigitaldeasturias.com\/magazine365\/wp-json\/wp\/v2\/tags?post=14997"}],"curies":[{"name":"wp","href":"https:\/\/api.w.org\/{rel}","templated":true}]}}