{"id":14994,"date":"2014-06-04T07:31:30","date_gmt":"2014-06-04T09:31:30","guid":{"rendered":"http:\/\/eldigitaldeasturias.com\/magazine365\/?p=14994"},"modified":"2014-06-04T07:31:30","modified_gmt":"2014-06-04T09:31:30","slug":"madonna-se-une-a-la-lista-de-artistas-contra-la-ultraderecha-francesa","status":"publish","type":"post","link":"https:\/\/eldigitaldeasturias.com\/magazine365\/madonna-se-une-a-la-lista-de-artistas-contra-la-ultraderecha-francesa\/","title":{"rendered":"Madonna se une a la lista de artistas contra la ultraderecha francesa"},"content":{"rendered":"<p><img fetchpriority=\"high\" decoding=\"async\" class=\"alignleft size-medium wp-image-14995\" alt=\"6330390w\" src=\"https:\/\/eldigitaldeasturias.com\/magazine365\/wp-content\/uploads\/2014\/06\/6330390w-360x240.jpg\" width=\"360\" height=\"240\" srcset=\"https:\/\/eldigitaldeasturias.com\/magazine365\/wp-content\/uploads\/2014\/06\/6330390w-360x240.jpg 360w, https:\/\/eldigitaldeasturias.com\/magazine365\/wp-content\/uploads\/2014\/06\/6330390w-650x434.jpg 650w, https:\/\/eldigitaldeasturias.com\/magazine365\/wp-content\/uploads\/2014\/06\/6330390w-768x513.jpg 768w, https:\/\/eldigitaldeasturias.com\/magazine365\/wp-content\/uploads\/2014\/06\/6330390w-150x100.jpg 150w, https:\/\/eldigitaldeasturias.com\/magazine365\/wp-content\/uploads\/2014\/06\/6330390w-450x300.jpg 450w, https:\/\/eldigitaldeasturias.com\/magazine365\/wp-content\/uploads\/2014\/06\/6330390w-696x465.jpg 696w, https:\/\/eldigitaldeasturias.com\/magazine365\/wp-content\/uploads\/2014\/06\/6330390w-629x420.jpg 629w, https:\/\/eldigitaldeasturias.com\/magazine365\/wp-content\/uploads\/2014\/06\/6330390w-84x55.jpg 84w, https:\/\/eldigitaldeasturias.com\/magazine365\/wp-content\/uploads\/2014\/06\/6330390w.jpg 800w\" sizes=\"(max-width: 360px) 100vw, 360px\" \/>Par\u00eds, 3 jun (EFE).- El comentario de la cantante norteamericana Madonna en su cuentas de Twitter e Instagram, donde pidi\u00f3 una reacci\u00f3n a la victoria del partido ultraderechista franc\u00e9s Frente Nacional (FN) en las pasadas elecciones europeas, ha provocado la reacci\u00f3n de su vicepresidente, Florian Philippot, contra la artista.<\/p>\n<p>\u00abRusia, Ucrania, Venezuela \u00bfy ahora Francia? Combatamos el fascismo, combatamos las discriminaciones\u00bb, public\u00f3 el lunes Madonna, junto a una portada del diario franc\u00e9s \u00abLib\u00e9ration\u00bb dedicada a la victoria en Francia del partido de Marine Le-Pen en los comicios europeos del 25 de mayo.<\/p>\n<p>\u00abEn pol\u00edtica tambi\u00e9n, Mamy Gaga est\u00e1 para el arrastre #Madonna\u00bb y \u00abMadonna imita a Yannick Noah: \u00a1fin de carrera complicada!\u00bb, fueron las respuestas de Philippot en su cuenta de Twitter.<\/p>\n<p>La \u00faltima es una alusi\u00f3n a la pol\u00e9mica con el ex tenista y ahora cantante Yannick Noah, que tuvo un enfrentamiento con el FN, tras declarar sentirse \u00abinsultado\u00bb por el resultado de las elecciones, en una entrevista concedida a la televisi\u00f3n de noticias \u00abBFMTV\u00bb.<\/p>\n<p>\u00abNo puedo sentir empat\u00eda por una persona racista, hom\u00f3foba o antisemita\u00bb, explic\u00f3 el artista, que ya tuvo otro choque con el partido de ultraderecha a causa de una canci\u00f3n en la que se refiere al FN con la frase \u00abMi enfado no es un frente, ni es nacional (&#8230;) tiene todo el honor de combatir la suya.\u00bb<\/p>\n<p>La respuesta por parte del FN a las declaraciones de Noah vino de la mano de su director para la juventud, Julien Rochedy, que dijo que Noah \u00abse siente insultado por la democracia\u00bb, en una entrevista a \u00abEurope 1\u00bb.<\/p>\n<p>Otro artista que tuvo recientemente un enganche con el FN es el cantante Benjamin Biolay, que public\u00f3 en l\u00ednea el mi\u00e9rcoles pasado una canci\u00f3n titulada \u00abEl vuelo negro\u00bb, tomando como referencia \u00abEl Canto de los Partisanos\u00bb, himno de la resistencia francesa escrito en 1943.<\/p>\n<p>La canci\u00f3n comienza con la frase \u00abVamos hijos de la patria\u00bb, primera estrofa del himno de Francia, un pa\u00eds que dice que \u00abse cae de culo\u00bb. Biolay describe el \u00abvuelo negro del cuervo sobre la llanura\u00bb, en referencia a los que llama \u00abmentirosos patol\u00f3gicos profesionales\u00bb.<\/p>\n<p>El escritor Bernard-Henry Levy es otra de las personalidades que ha mostrado su contrariedad ante el \u00e9xito del partido de Marine Le Pen, en un llamamiento \u00abpor un gobierno de uni\u00f3n nacional\u00bb frente a \u00abla extrema derecha triunfante\u00bb.<\/p>\n","protected":false},"excerpt":{"rendered":"<p>Par\u00eds, 3 jun (EFE).- El comentario de la cantante norteamericana Madonna en su cuentas de Twitter e Instagram, donde pidi\u00f3 una reacci\u00f3n a la victoria del partido ultraderechista franc\u00e9s Frente Nacional (FN) en las pasadas elecciones europeas, ha provocado la reacci\u00f3n de su vicepresidente, Florian Philippot, contra la artista. \u00abRusia, Ucrania, Venezuela \u00bfy ahora Francia?<\/p>\n","protected":false},"author":1,"featured_media":14995,"comment_status":"open","ping_status":"closed","sticky":false,"template":"","format":"standard","meta":{"footnotes":""},"categories":[224],"tags":[],"class_list":{"0":"post-14994","1":"post","2":"type-post","3":"status-publish","4":"format-standard","5":"has-post-thumbnail","7":"category-noticias-actualidad"},"aioseo_notices":[],"aioseo_head":"\n\t\t<!-- All in One SEO Pro 4.9.6.1 - aioseo.com -->\n\t<meta name=\"description\" content=\"Par\u00eds, 3 jun (EFE).- El comentario de la cantante norteamericana Madonna en su cuentas de Twitter e Instagram, donde pidi\u00f3 una reacci\u00f3n a la victoria del partido ultraderechista franc\u00e9s Frente Nacional (FN) en las pasadas elecciones europeas, ha provocado la reacci\u00f3n de su vicepresidente, Florian Philippot, contra la artista. &quot;Rusia, Ucrania, Venezuela \u00bfy ahora Francia?\" \/>\n\t<meta name=\"robots\" content=\"max-image-preview:large\" \/>\n\t<meta name=\"author\" content=\"admin\"\/>\n\t<meta name=\"google-site-verification\" content=\"UA-38556648-1\" \/>\n\t<meta name=\"keywords\" content=\"noticias y actualidad\" \/>\n\t<link rel=\"canonical\" href=\"https:\/\/eldigitaldeasturias.com\/magazine365\/madonna-se-une-a-la-lista-de-artistas-contra-la-ultraderecha-francesa\/\" \/>\n\t<meta name=\"generator\" content=\"All in One SEO Pro (AIOSEO) 4.9.6.1\" \/>\n\t\t<meta property=\"og:locale\" content=\"es_ES\" \/>\n\t\t<meta property=\"og:site_name\" content=\"El Digital de Asturias \u2013 Revista de ocio, turismo y estilo de vida\" \/>\n\t\t<meta property=\"og:type\" content=\"article\" \/>\n\t\t<meta property=\"og:title\" content=\"Madonna se une a la lista de artistas contra la ultraderecha francesa | El Digital de Asturias\" \/>\n\t\t<meta property=\"og:description\" content=\"Par\u00eds, 3 jun (EFE).- El comentario de la cantante norteamericana Madonna en su cuentas de Twitter e Instagram, donde pidi\u00f3 una reacci\u00f3n a la victoria del partido ultraderechista franc\u00e9s Frente Nacional (FN) en las pasadas elecciones europeas, ha provocado la reacci\u00f3n de su vicepresidente, Florian Philippot, contra la artista. &quot;Rusia, Ucrania, Venezuela \u00bfy ahora Francia?\" \/>\n\t\t<meta property=\"og:url\" content=\"https:\/\/eldigitaldeasturias.com\/magazine365\/madonna-se-une-a-la-lista-de-artistas-contra-la-ultraderecha-francesa\/\" \/>\n\t\t<meta property=\"og:image\" content=\"https:\/\/eldigitaldeasturias.com\/magazine365\/wp-content\/uploads\/2014\/06\/6330390w.jpg\" \/>\n\t\t<meta property=\"og:image:secure_url\" content=\"https:\/\/eldigitaldeasturias.com\/magazine365\/wp-content\/uploads\/2014\/06\/6330390w.jpg\" \/>\n\t\t<meta property=\"og:image:width\" content=\"800\" \/>\n\t\t<meta property=\"og:image:height\" content=\"534\" \/>\n\t\t<meta property=\"article:published_time\" content=\"2014-06-04T09:31:30+00:00\" \/>\n\t\t<meta property=\"article:modified_time\" content=\"2014-06-04T09:31:30+00:00\" \/>\n\t\t<meta name=\"twitter:card\" content=\"summary_large_image\" \/>\n\t\t<meta name=\"twitter:title\" content=\"Madonna se une a la lista de artistas contra la ultraderecha francesa | El Digital de Asturias\" \/>\n\t\t<meta name=\"twitter:description\" content=\"Par\u00eds, 3 jun (EFE).- El comentario de la cantante norteamericana Madonna en su cuentas de Twitter e Instagram, donde pidi\u00f3 una reacci\u00f3n a la victoria del partido ultraderechista franc\u00e9s Frente Nacional (FN) en las pasadas elecciones europeas, ha provocado la reacci\u00f3n de su vicepresidente, Florian Philippot, contra la artista. &quot;Rusia, Ucrania, Venezuela \u00bfy ahora Francia?\" \/>\n\t\t<meta name=\"twitter:image\" content=\"https:\/\/eldigitaldeasturias.com\/magazine365\/wp-content\/uploads\/2014\/06\/6330390w.jpg\" \/>\n\t\t<script type=\"application\/ld+json\" class=\"aioseo-schema\">\n\t\t\t{\"@context\":\"https:\\\/\\\/schema.org\",\"@graph\":[{\"@type\":\"Article\",\"@id\":\"https:\\\/\\\/eldigitaldeasturias.com\\\/magazine365\\\/madonna-se-une-a-la-lista-de-artistas-contra-la-ultraderecha-francesa\\\/#article\",\"name\":\"Madonna se une a la lista de artistas contra la ultraderecha francesa | El Digital de Asturias\",\"headline\":\"Madonna se une a la lista de artistas contra la ultraderecha francesa\",\"author\":{\"@id\":\"https:\\\/\\\/eldigitaldeasturias.com\\\/magazine365\\\/author\\\/admin\\\/#author\"},\"publisher\":{\"@id\":\"https:\\\/\\\/eldigitaldeasturias.com\\\/magazine365\\\/#organization\"},\"image\":{\"@type\":\"ImageObject\",\"url\":\"https:\\\/\\\/eldigitaldeasturias.com\\\/magazine365\\\/wp-content\\\/uploads\\\/2014\\\/06\\\/6330390w.jpg\",\"width\":800,\"height\":534},\"datePublished\":\"2014-06-04T07:31:30+02:00\",\"dateModified\":\"2014-06-04T07:31:30+02:00\",\"inLanguage\":\"es-ES\",\"mainEntityOfPage\":{\"@id\":\"https:\\\/\\\/eldigitaldeasturias.com\\\/magazine365\\\/madonna-se-une-a-la-lista-de-artistas-contra-la-ultraderecha-francesa\\\/#webpage\"},\"isPartOf\":{\"@id\":\"https:\\\/\\\/eldigitaldeasturias.com\\\/magazine365\\\/madonna-se-une-a-la-lista-de-artistas-contra-la-ultraderecha-francesa\\\/#webpage\"},\"articleSection\":\"Noticias y Actualidad\"},{\"@type\":\"BreadcrumbList\",\"@id\":\"https:\\\/\\\/eldigitaldeasturias.com\\\/magazine365\\\/madonna-se-une-a-la-lista-de-artistas-contra-la-ultraderecha-francesa\\\/#breadcrumblist\",\"itemListElement\":[{\"@type\":\"ListItem\",\"@id\":\"https:\\\/\\\/eldigitaldeasturias.com\\\/magazine365#listItem\",\"position\":1,\"name\":\"Home\",\"item\":\"https:\\\/\\\/eldigitaldeasturias.com\\\/magazine365\",\"nextItem\":{\"@type\":\"ListItem\",\"@id\":\"https:\\\/\\\/eldigitaldeasturias.com\\\/magazine365\\\/category\\\/noticias-actualidad\\\/#listItem\",\"name\":\"Noticias y Actualidad\"}},{\"@type\":\"ListItem\",\"@id\":\"https:\\\/\\\/eldigitaldeasturias.com\\\/magazine365\\\/category\\\/noticias-actualidad\\\/#listItem\",\"position\":2,\"name\":\"Noticias y Actualidad\",\"item\":\"https:\\\/\\\/eldigitaldeasturias.com\\\/magazine365\\\/category\\\/noticias-actualidad\\\/\",\"nextItem\":{\"@type\":\"ListItem\",\"@id\":\"https:\\\/\\\/eldigitaldeasturias.com\\\/magazine365\\\/madonna-se-une-a-la-lista-de-artistas-contra-la-ultraderecha-francesa\\\/#listItem\",\"name\":\"Madonna se une a la lista de artistas contra la ultraderecha francesa\"},\"previousItem\":{\"@type\":\"ListItem\",\"@id\":\"https:\\\/\\\/eldigitaldeasturias.com\\\/magazine365#listItem\",\"name\":\"Home\"}},{\"@type\":\"ListItem\",\"@id\":\"https:\\\/\\\/eldigitaldeasturias.com\\\/magazine365\\\/madonna-se-une-a-la-lista-de-artistas-contra-la-ultraderecha-francesa\\\/#listItem\",\"position\":3,\"name\":\"Madonna se une a la lista de artistas contra la ultraderecha francesa\",\"previousItem\":{\"@type\":\"ListItem\",\"@id\":\"https:\\\/\\\/eldigitaldeasturias.com\\\/magazine365\\\/category\\\/noticias-actualidad\\\/#listItem\",\"name\":\"Noticias y Actualidad\"}}]},{\"@type\":\"Organization\",\"@id\":\"https:\\\/\\\/eldigitaldeasturias.com\\\/magazine365\\\/#organization\",\"name\":\"El digital de Asturias\",\"description\":\"Revista de ocio, turismo y estilo de vida\",\"url\":\"https:\\\/\\\/eldigitaldeasturias.com\\\/magazine365\\\/\",\"logo\":{\"@type\":\"ImageObject\",\"url\":\"https:\\\/\\\/www.eldigitaldeasturias.com\\\/noticias\\\/wp-content\\\/uploads\\\/2020\\\/12\\\/EDA.jpg\",\"@id\":\"https:\\\/\\\/eldigitaldeasturias.com\\\/magazine365\\\/madonna-se-une-a-la-lista-de-artistas-contra-la-ultraderecha-francesa\\\/#organizationLogo\"},\"image\":{\"@id\":\"https:\\\/\\\/eldigitaldeasturias.com\\\/magazine365\\\/madonna-se-une-a-la-lista-de-artistas-contra-la-ultraderecha-francesa\\\/#organizationLogo\"}},{\"@type\":\"Person\",\"@id\":\"https:\\\/\\\/eldigitaldeasturias.com\\\/magazine365\\\/author\\\/admin\\\/#author\",\"url\":\"https:\\\/\\\/eldigitaldeasturias.com\\\/magazine365\\\/author\\\/admin\\\/\",\"name\":\"admin\",\"image\":{\"@type\":\"ImageObject\",\"@id\":\"https:\\\/\\\/eldigitaldeasturias.com\\\/magazine365\\\/madonna-se-une-a-la-lista-de-artistas-contra-la-ultraderecha-francesa\\\/#authorImage\",\"url\":\"https:\\\/\\\/eldigitaldeasturias.com\\\/magazine365\\\/wp-content\\\/litespeed\\\/avatar\\\/e571bcf59a0edd6fa6838245a470f2fe.jpg?ver=1777574230\",\"width\":96,\"height\":96,\"caption\":\"admin\"}},{\"@type\":\"WebPage\",\"@id\":\"https:\\\/\\\/eldigitaldeasturias.com\\\/magazine365\\\/madonna-se-une-a-la-lista-de-artistas-contra-la-ultraderecha-francesa\\\/#webpage\",\"url\":\"https:\\\/\\\/eldigitaldeasturias.com\\\/magazine365\\\/madonna-se-une-a-la-lista-de-artistas-contra-la-ultraderecha-francesa\\\/\",\"name\":\"Madonna se une a la lista de artistas contra la ultraderecha francesa | El Digital de Asturias\",\"description\":\"Par\\u00eds, 3 jun (EFE).- El comentario de la cantante norteamericana Madonna en su cuentas de Twitter e Instagram, donde pidi\\u00f3 una reacci\\u00f3n a la victoria del partido ultraderechista franc\\u00e9s Frente Nacional (FN) en las pasadas elecciones europeas, ha provocado la reacci\\u00f3n de su vicepresidente, Florian Philippot, contra la artista. \\\"Rusia, Ucrania, Venezuela \\u00bfy ahora Francia?\",\"inLanguage\":\"es-ES\",\"isPartOf\":{\"@id\":\"https:\\\/\\\/eldigitaldeasturias.com\\\/magazine365\\\/#website\"},\"breadcrumb\":{\"@id\":\"https:\\\/\\\/eldigitaldeasturias.com\\\/magazine365\\\/madonna-se-une-a-la-lista-de-artistas-contra-la-ultraderecha-francesa\\\/#breadcrumblist\"},\"author\":{\"@id\":\"https:\\\/\\\/eldigitaldeasturias.com\\\/magazine365\\\/author\\\/admin\\\/#author\"},\"creator\":{\"@id\":\"https:\\\/\\\/eldigitaldeasturias.com\\\/magazine365\\\/author\\\/admin\\\/#author\"},\"image\":{\"@type\":\"ImageObject\",\"url\":\"https:\\\/\\\/eldigitaldeasturias.com\\\/magazine365\\\/wp-content\\\/uploads\\\/2014\\\/06\\\/6330390w.jpg\",\"@id\":\"https:\\\/\\\/eldigitaldeasturias.com\\\/magazine365\\\/madonna-se-une-a-la-lista-de-artistas-contra-la-ultraderecha-francesa\\\/#mainImage\",\"width\":800,\"height\":534},\"primaryImageOfPage\":{\"@id\":\"https:\\\/\\\/eldigitaldeasturias.com\\\/magazine365\\\/madonna-se-une-a-la-lista-de-artistas-contra-la-ultraderecha-francesa\\\/#mainImage\"},\"datePublished\":\"2014-06-04T07:31:30+02:00\",\"dateModified\":\"2014-06-04T07:31:30+02:00\"},{\"@type\":\"WebSite\",\"@id\":\"https:\\\/\\\/eldigitaldeasturias.com\\\/magazine365\\\/#website\",\"url\":\"https:\\\/\\\/eldigitaldeasturias.com\\\/magazine365\\\/\",\"name\":\"El Digital de Asturias\",\"description\":\"Revista de ocio, turismo y estilo de vida\",\"inLanguage\":\"es-ES\",\"publisher\":{\"@id\":\"https:\\\/\\\/eldigitaldeasturias.com\\\/magazine365\\\/#organization\"}}]}\n\t\t<\/script>\n\t\t<!-- All in One SEO Pro -->\r\n\t\t<title>Madonna se une a la lista de artistas contra la ultraderecha francesa | El Digital de Asturias<\/title>\n\n","aioseo_head_json":{"title":"Madonna se une a la lista de artistas contra la ultraderecha francesa | El Digital de Asturias","description":"Par\u00eds, 3 jun (EFE).- El comentario de la cantante norteamericana Madonna en su cuentas de Twitter e Instagram, donde pidi\u00f3 una reacci\u00f3n a la victoria del partido ultraderechista franc\u00e9s Frente Nacional (FN) en las pasadas elecciones europeas, ha provocado la reacci\u00f3n de su vicepresidente, Florian Philippot, contra la artista. \"Rusia, Ucrania, Venezuela \u00bfy ahora Francia?","canonical_url":"https:\/\/eldigitaldeasturias.com\/magazine365\/madonna-se-une-a-la-lista-de-artistas-contra-la-ultraderecha-francesa\/","robots":"max-image-preview:large","keywords":"noticias y actualidad","webmasterTools":{"google-site-verification":"UA-38556648-1","miscellaneous":""},"schema":{"@context":"https:\/\/schema.org","@graph":[{"@type":"Article","@id":"https:\/\/eldigitaldeasturias.com\/magazine365\/madonna-se-une-a-la-lista-de-artistas-contra-la-ultraderecha-francesa\/#article","name":"Madonna se une a la lista de artistas contra la ultraderecha francesa | El Digital de Asturias","headline":"Madonna se une a la lista de artistas contra la ultraderecha francesa","author":{"@id":"https:\/\/eldigitaldeasturias.com\/magazine365\/author\/admin\/#author"},"publisher":{"@id":"https:\/\/eldigitaldeasturias.com\/magazine365\/#organization"},"image":{"@type":"ImageObject","url":"https:\/\/eldigitaldeasturias.com\/magazine365\/wp-content\/uploads\/2014\/06\/6330390w.jpg","width":800,"height":534},"datePublished":"2014-06-04T07:31:30+02:00","dateModified":"2014-06-04T07:31:30+02:00","inLanguage":"es-ES","mainEntityOfPage":{"@id":"https:\/\/eldigitaldeasturias.com\/magazine365\/madonna-se-une-a-la-lista-de-artistas-contra-la-ultraderecha-francesa\/#webpage"},"isPartOf":{"@id":"https:\/\/eldigitaldeasturias.com\/magazine365\/madonna-se-une-a-la-lista-de-artistas-contra-la-ultraderecha-francesa\/#webpage"},"articleSection":"Noticias y Actualidad"},{"@type":"BreadcrumbList","@id":"https:\/\/eldigitaldeasturias.com\/magazine365\/madonna-se-une-a-la-lista-de-artistas-contra-la-ultraderecha-francesa\/#breadcrumblist","itemListElement":[{"@type":"ListItem","@id":"https:\/\/eldigitaldeasturias.com\/magazine365#listItem","position":1,"name":"Home","item":"https:\/\/eldigitaldeasturias.com\/magazine365","nextItem":{"@type":"ListItem","@id":"https:\/\/eldigitaldeasturias.com\/magazine365\/category\/noticias-actualidad\/#listItem","name":"Noticias y Actualidad"}},{"@type":"ListItem","@id":"https:\/\/eldigitaldeasturias.com\/magazine365\/category\/noticias-actualidad\/#listItem","position":2,"name":"Noticias y Actualidad","item":"https:\/\/eldigitaldeasturias.com\/magazine365\/category\/noticias-actualidad\/","nextItem":{"@type":"ListItem","@id":"https:\/\/eldigitaldeasturias.com\/magazine365\/madonna-se-une-a-la-lista-de-artistas-contra-la-ultraderecha-francesa\/#listItem","name":"Madonna se une a la lista de artistas contra la ultraderecha francesa"},"previousItem":{"@type":"ListItem","@id":"https:\/\/eldigitaldeasturias.com\/magazine365#listItem","name":"Home"}},{"@type":"ListItem","@id":"https:\/\/eldigitaldeasturias.com\/magazine365\/madonna-se-une-a-la-lista-de-artistas-contra-la-ultraderecha-francesa\/#listItem","position":3,"name":"Madonna se une a la lista de artistas contra la ultraderecha francesa","previousItem":{"@type":"ListItem","@id":"https:\/\/eldigitaldeasturias.com\/magazine365\/category\/noticias-actualidad\/#listItem","name":"Noticias y Actualidad"}}]},{"@type":"Organization","@id":"https:\/\/eldigitaldeasturias.com\/magazine365\/#organization","name":"El digital de Asturias","description":"Revista de ocio, turismo y estilo de vida","url":"https:\/\/eldigitaldeasturias.com\/magazine365\/","logo":{"@type":"ImageObject","url":"https:\/\/www.eldigitaldeasturias.com\/noticias\/wp-content\/uploads\/2020\/12\/EDA.jpg","@id":"https:\/\/eldigitaldeasturias.com\/magazine365\/madonna-se-une-a-la-lista-de-artistas-contra-la-ultraderecha-francesa\/#organizationLogo"},"image":{"@id":"https:\/\/eldigitaldeasturias.com\/magazine365\/madonna-se-une-a-la-lista-de-artistas-contra-la-ultraderecha-francesa\/#organizationLogo"}},{"@type":"Person","@id":"https:\/\/eldigitaldeasturias.com\/magazine365\/author\/admin\/#author","url":"https:\/\/eldigitaldeasturias.com\/magazine365\/author\/admin\/","name":"admin","image":{"@type":"ImageObject","@id":"https:\/\/eldigitaldeasturias.com\/magazine365\/madonna-se-une-a-la-lista-de-artistas-contra-la-ultraderecha-francesa\/#authorImage","url":"https:\/\/eldigitaldeasturias.com\/magazine365\/wp-content\/litespeed\/avatar\/e571bcf59a0edd6fa6838245a470f2fe.jpg?ver=1777574230","width":96,"height":96,"caption":"admin"}},{"@type":"WebPage","@id":"https:\/\/eldigitaldeasturias.com\/magazine365\/madonna-se-une-a-la-lista-de-artistas-contra-la-ultraderecha-francesa\/#webpage","url":"https:\/\/eldigitaldeasturias.com\/magazine365\/madonna-se-une-a-la-lista-de-artistas-contra-la-ultraderecha-francesa\/","name":"Madonna se une a la lista de artistas contra la ultraderecha francesa | El Digital de Asturias","description":"Par\u00eds, 3 jun (EFE).- El comentario de la cantante norteamericana Madonna en su cuentas de Twitter e Instagram, donde pidi\u00f3 una reacci\u00f3n a la victoria del partido ultraderechista franc\u00e9s Frente Nacional (FN) en las pasadas elecciones europeas, ha provocado la reacci\u00f3n de su vicepresidente, Florian Philippot, contra la artista. \"Rusia, Ucrania, Venezuela \u00bfy ahora Francia?","inLanguage":"es-ES","isPartOf":{"@id":"https:\/\/eldigitaldeasturias.com\/magazine365\/#website"},"breadcrumb":{"@id":"https:\/\/eldigitaldeasturias.com\/magazine365\/madonna-se-une-a-la-lista-de-artistas-contra-la-ultraderecha-francesa\/#breadcrumblist"},"author":{"@id":"https:\/\/eldigitaldeasturias.com\/magazine365\/author\/admin\/#author"},"creator":{"@id":"https:\/\/eldigitaldeasturias.com\/magazine365\/author\/admin\/#author"},"image":{"@type":"ImageObject","url":"https:\/\/eldigitaldeasturias.com\/magazine365\/wp-content\/uploads\/2014\/06\/6330390w.jpg","@id":"https:\/\/eldigitaldeasturias.com\/magazine365\/madonna-se-une-a-la-lista-de-artistas-contra-la-ultraderecha-francesa\/#mainImage","width":800,"height":534},"primaryImageOfPage":{"@id":"https:\/\/eldigitaldeasturias.com\/magazine365\/madonna-se-une-a-la-lista-de-artistas-contra-la-ultraderecha-francesa\/#mainImage"},"datePublished":"2014-06-04T07:31:30+02:00","dateModified":"2014-06-04T07:31:30+02:00"},{"@type":"WebSite","@id":"https:\/\/eldigitaldeasturias.com\/magazine365\/#website","url":"https:\/\/eldigitaldeasturias.com\/magazine365\/","name":"El Digital de Asturias","description":"Revista de ocio, turismo y estilo de vida","inLanguage":"es-ES","publisher":{"@id":"https:\/\/eldigitaldeasturias.com\/magazine365\/#organization"}}]},"og:locale":"es_ES","og:site_name":"El Digital de Asturias \u2013 Revista de ocio, turismo y estilo de vida","og:type":"article","og:title":"Madonna se une a la lista de artistas contra la ultraderecha francesa | El Digital de Asturias","og:description":"Par\u00eds, 3 jun (EFE).- El comentario de la cantante norteamericana Madonna en su cuentas de Twitter e Instagram, donde pidi\u00f3 una reacci\u00f3n a la victoria del partido ultraderechista franc\u00e9s Frente Nacional (FN) en las pasadas elecciones europeas, ha provocado la reacci\u00f3n de su vicepresidente, Florian Philippot, contra la artista. &quot;Rusia, Ucrania, Venezuela \u00bfy ahora Francia?","og:url":"https:\/\/eldigitaldeasturias.com\/magazine365\/madonna-se-une-a-la-lista-de-artistas-contra-la-ultraderecha-francesa\/","og:image":"https:\/\/eldigitaldeasturias.com\/magazine365\/wp-content\/uploads\/2014\/06\/6330390w.jpg","og:image:secure_url":"https:\/\/eldigitaldeasturias.com\/magazine365\/wp-content\/uploads\/2014\/06\/6330390w.jpg","og:image:width":800,"og:image:height":534,"article:published_time":"2014-06-04T09:31:30+00:00","article:modified_time":"2014-06-04T09:31:30+00:00","twitter:card":"summary_large_image","twitter:title":"Madonna se une a la lista de artistas contra la ultraderecha francesa | El Digital de Asturias","twitter:description":"Par\u00eds, 3 jun (EFE).- El comentario de la cantante norteamericana Madonna en su cuentas de Twitter e Instagram, donde pidi\u00f3 una reacci\u00f3n a la victoria del partido ultraderechista franc\u00e9s Frente Nacional (FN) en las pasadas elecciones europeas, ha provocado la reacci\u00f3n de su vicepresidente, Florian Philippot, contra la artista. &quot;Rusia, Ucrania, Venezuela \u00bfy ahora Francia?","twitter:image":"https:\/\/eldigitaldeasturias.com\/magazine365\/wp-content\/uploads\/2014\/06\/6330390w.jpg"},"aioseo_meta_data":{"post_id":"14994","title":null,"description":null,"keywords":null,"keyphrases":null,"primary_term":null,"canonical_url":null,"og_title":null,"og_description":null,"og_object_type":"default","og_image_type":"default","og_image_url":null,"og_image_width":null,"og_image_height":null,"og_image_custom_url":null,"og_image_custom_fields":null,"og_video":null,"og_custom_url":null,"og_article_section":null,"og_article_tags":null,"twitter_use_og":false,"twitter_card":"default","twitter_image_type":"default","twitter_image_url":null,"twitter_image_custom_url":null,"twitter_image_custom_fields":null,"twitter_title":null,"twitter_description":null,"schema":{"blockGraphs":[],"customGraphs":[],"default":{"data":{"Article":[],"Course":[],"Dataset":[],"FAQPage":[],"Movie":[],"Person":[],"Product":[],"ProductReview":[],"Car":[],"Recipe":[],"Service":[],"SoftwareApplication":[],"WebPage":[]},"graphName":"","isEnabled":true},"graphs":[],"defaultGraph":"","defaultPostTypeGraph":""},"schema_type":null,"schema_type_options":null,"pillar_content":false,"robots_default":true,"robots_noindex":false,"robots_noarchive":false,"robots_nosnippet":false,"robots_nofollow":false,"robots_noimageindex":false,"robots_noodp":false,"robots_notranslate":false,"robots_max_snippet":null,"robots_max_videopreview":null,"robots_max_imagepreview":"large","priority":null,"frequency":null,"location":null,"local_seo":null,"seo_analyzer_scan_date":"2025-09-17 11:13:01","breadcrumb_settings":null,"limit_modified_date":false,"open_ai":null,"ai":null,"created":"2021-03-09 08:07:53","updated":"2025-09-17 11:13:01"},"aioseo_breadcrumb":"<div class=\"aioseo-breadcrumbs\"><span class=\"aioseo-breadcrumb\">\n\t<a href=\"https:\/\/eldigitaldeasturias.com\/magazine365\" title=\"Home\">Home<\/a>\n<\/span><span class=\"aioseo-breadcrumb-separator\">\u2013<\/span><span class=\"aioseo-breadcrumb\">\n\t<a href=\"https:\/\/eldigitaldeasturias.com\/magazine365\/category\/noticias-actualidad\/\" title=\"Noticias y Actualidad\">Noticias y Actualidad<\/a>\n<\/span><span class=\"aioseo-breadcrumb-separator\">\u2013<\/span><span class=\"aioseo-breadcrumb\">\n\t<a href=\"https:\/\/eldigitaldeasturias.com\/magazine365\/madonna-se-une-a-la-lista-de-artistas-contra-la-ultraderecha-francesa\/\" title=\"Madonna se une a la lista de artistas contra la ultraderecha francesa\">Madonna se une a la lista de artistas contra la ultraderecha francesa<\/a>\n<\/span><\/div>","aioseo_breadcrumb_json":[{"label":"Home","link":"https:\/\/eldigitaldeasturias.com\/magazine365"},{"label":"Noticias y Actualidad","link":"https:\/\/eldigitaldeasturias.com\/magazine365\/category\/noticias-actualidad\/"},{"label":"Madonna se une a la lista de artistas contra la ultraderecha francesa","link":"https:\/\/eldigitaldeasturias.com\/magazine365\/madonna-se-une-a-la-lista-de-artistas-contra-la-ultraderecha-francesa\/"}],"_links":{"self":[{"href":"https:\/\/eldigitaldeasturias.com\/magazine365\/wp-json\/wp\/v2\/posts\/14994","targetHints":{"allow":["GET"]}}],"collection":[{"href":"https:\/\/eldigitaldeasturias.com\/magazine365\/wp-json\/wp\/v2\/posts"}],"about":[{"href":"https:\/\/eldigitaldeasturias.com\/magazine365\/wp-json\/wp\/v2\/types\/post"}],"author":[{"embeddable":true,"href":"https:\/\/eldigitaldeasturias.com\/magazine365\/wp-json\/wp\/v2\/users\/1"}],"replies":[{"embeddable":true,"href":"https:\/\/eldigitaldeasturias.com\/magazine365\/wp-json\/wp\/v2\/comments?post=14994"}],"version-history":[{"count":0,"href":"https:\/\/eldigitaldeasturias.com\/magazine365\/wp-json\/wp\/v2\/posts\/14994\/revisions"}],"wp:featuredmedia":[{"embeddable":true,"href":"https:\/\/eldigitaldeasturias.com\/magazine365\/wp-json\/wp\/v2\/media\/14995"}],"wp:attachment":[{"href":"https:\/\/eldigitaldeasturias.com\/magazine365\/wp-json\/wp\/v2\/media?parent=14994"}],"wp:term":[{"taxonomy":"category","embeddable":true,"href":"https:\/\/eldigitaldeasturias.com\/magazine365\/wp-json\/wp\/v2\/categories?post=14994"},{"taxonomy":"post_tag","embeddable":true,"href":"https:\/\/eldigitaldeasturias.com\/magazine365\/wp-json\/wp\/v2\/tags?post=14994"}],"curies":[{"name":"wp","href":"https:\/\/api.w.org\/{rel}","templated":true}]}}