{"id":14991,"date":"2014-06-04T07:30:36","date_gmt":"2014-06-04T09:30:36","guid":{"rendered":"http:\/\/eldigitaldeasturias.com\/magazine365\/?p=14991"},"modified":"2014-06-04T07:30:36","modified_gmt":"2014-06-04T09:30:36","slug":"el-cartel-definitivo-del-low-festival-estara-compuesto-por-mas-de-80-artistas","status":"publish","type":"post","link":"https:\/\/eldigitaldeasturias.com\/magazine365\/el-cartel-definitivo-del-low-festival-estara-compuesto-por-mas-de-80-artistas\/","title":{"rendered":"El cartel definitivo del Low Festival estar\u00e1 compuesto por m\u00e1s de 80 artistas"},"content":{"rendered":"<p><img fetchpriority=\"high\" decoding=\"async\" class=\"alignleft size-medium wp-image-14992\" alt=\"6330386w\" src=\"https:\/\/eldigitaldeasturias.com\/magazine365\/wp-content\/uploads\/2014\/06\/6330386w-360x248.jpg\" width=\"360\" height=\"248\" srcset=\"https:\/\/eldigitaldeasturias.com\/magazine365\/wp-content\/uploads\/2014\/06\/6330386w-360x248.jpg 360w, https:\/\/eldigitaldeasturias.com\/magazine365\/wp-content\/uploads\/2014\/06\/6330386w-650x449.jpg 650w, https:\/\/eldigitaldeasturias.com\/magazine365\/wp-content\/uploads\/2014\/06\/6330386w-768x530.jpg 768w, https:\/\/eldigitaldeasturias.com\/magazine365\/wp-content\/uploads\/2014\/06\/6330386w-150x104.jpg 150w, https:\/\/eldigitaldeasturias.com\/magazine365\/wp-content\/uploads\/2014\/06\/6330386w-450x311.jpg 450w, https:\/\/eldigitaldeasturias.com\/magazine365\/wp-content\/uploads\/2014\/06\/6330386w-100x70.jpg 100w, https:\/\/eldigitaldeasturias.com\/magazine365\/wp-content\/uploads\/2014\/06\/6330386w-218x150.jpg 218w, https:\/\/eldigitaldeasturias.com\/magazine365\/wp-content\/uploads\/2014\/06\/6330386w-696x480.jpg 696w, https:\/\/eldigitaldeasturias.com\/magazine365\/wp-content\/uploads\/2014\/06\/6330386w-609x420.jpg 609w, https:\/\/eldigitaldeasturias.com\/magazine365\/wp-content\/uploads\/2014\/06\/6330386w.jpg 800w\" sizes=\"(max-width: 360px) 100vw, 360px\" \/>Benidorm (Alicante), 3 jun (EFE).- El cartel definitivo del Low Festival, que se celebrar\u00e1 en Benidorm del 25 al 27 del pr\u00f3ximo mes de julio, estar\u00e1 compuesto por m\u00e1s de ochenta artistas, entre los que destacan los Kaiser Chiefs, Vetusta Morla y Massive Attack.<\/p>\n<p>La organizaci\u00f3n del Low Festival ha desvelado hoy la programaci\u00f3n diaria del certamen y ha anunciado que a partir del pr\u00f3ximo d\u00eda 9 pondr\u00e1 a la venta las entradas para un solo d\u00eda de festival al precio de 35 euros.<\/p>\n<p>El viernes 25 de julio pasar\u00e1n por los diferentes escenarios del festival Vetusta Morla, The Hives, Holy Ghost!, Iv\u00e1n Ferreiro, Sidonie, The Magician, Blood Red Shoes, We Are Standard, Tri\u00e1ngulo de Amor Bizarro, Le\u00f3n Benavente, Belako, Jack Knife, John Gray, Modelo de Respuesta Polar, DJ Coco, Mancora, Daze of Dawn, Automatic, Gipsy Casino y Delaire.<\/p>\n<p>Al d\u00eda siguiente, 26 de julio, ser\u00e1 el turno de Massive Attack, Editors, M\u00d8, The Horrors, Corizonas, Sebastian, Yuck, Second, We Have Band, Xoel L\u00f3pez, El Columpio Asesino, Elyella Djs, The Parrots, Money for Rope Carlos Sadness, Baralides, Pajaro, Wee Andie and the Midnight Sound, Empty Bottles, Emmerson, The Soda Clud, Desayuno y Dezevers.<\/p>\n<p>Ya el domingo 27 de julio est\u00e1 prevista la actuaci\u00f3n del otro cabeza de cartel, los Kaiser Chiefs.<\/p>\n<p>Completar\u00e1n esta jornada Love of Lesbian, Izal, La Habitaci\u00f3n Roja, Palma Violes, Los Campesinos!, Ni\u00f1os Mutantes, Oso Leone, Pony Bravo, Cheatahs, Paus, The Suicide of Western Culture, Ochoymedio Festivals Tour, Refree, The Free Fall Band, Lady&#8217;s Garden, Nanga Parbat, Metropol y 5th and Pontiac.<\/p>\n<p>Adem\u00e1s de las entradas de d\u00eda que se pondr\u00e1 a la venta la pr\u00f3xima semana, todav\u00eda hay disponibles abonos para las tres jornadas del festival a 63 euros hasta el 6 de junio.<\/p>\n<p>A partir de esa fecha el precio subir\u00e1 cada viernes \u00abhasta agotar existencias\u00bb, seg\u00fan fuentes de la organizaci\u00f3n.<\/p>\n","protected":false},"excerpt":{"rendered":"<p>Benidorm (Alicante), 3 jun (EFE).- El cartel definitivo del Low Festival, que se celebrar\u00e1 en Benidorm del 25 al 27 del pr\u00f3ximo mes de julio, estar\u00e1 compuesto por m\u00e1s de ochenta artistas, entre los que destacan los Kaiser Chiefs, Vetusta Morla y Massive Attack. La organizaci\u00f3n del Low Festival ha desvelado hoy la programaci\u00f3n diaria<\/p>\n","protected":false},"author":1,"featured_media":14992,"comment_status":"open","ping_status":"closed","sticky":false,"template":"","format":"standard","meta":{"footnotes":""},"categories":[224],"tags":[],"class_list":{"0":"post-14991","1":"post","2":"type-post","3":"status-publish","4":"format-standard","5":"has-post-thumbnail","7":"category-noticias-actualidad"},"aioseo_notices":[],"aioseo_head":"\n\t\t<!-- All in One SEO Pro 4.9.6.1 - aioseo.com -->\n\t<meta name=\"description\" content=\"Benidorm (Alicante), 3 jun (EFE).- El cartel definitivo del Low Festival, que se celebrar\u00e1 en Benidorm del 25 al 27 del pr\u00f3ximo mes de julio, estar\u00e1 compuesto por m\u00e1s de ochenta artistas, entre los que destacan los Kaiser Chiefs, Vetusta Morla y Massive Attack. La organizaci\u00f3n del Low Festival ha desvelado hoy la programaci\u00f3n diaria\" \/>\n\t<meta name=\"robots\" content=\"max-image-preview:large\" \/>\n\t<meta name=\"author\" content=\"admin\"\/>\n\t<meta name=\"google-site-verification\" content=\"UA-38556648-1\" \/>\n\t<meta name=\"keywords\" content=\"noticias y actualidad\" \/>\n\t<link rel=\"canonical\" href=\"https:\/\/eldigitaldeasturias.com\/magazine365\/el-cartel-definitivo-del-low-festival-estara-compuesto-por-mas-de-80-artistas\/\" \/>\n\t<meta name=\"generator\" content=\"All in One SEO Pro (AIOSEO) 4.9.6.1\" \/>\n\t\t<meta property=\"og:locale\" content=\"es_ES\" \/>\n\t\t<meta property=\"og:site_name\" content=\"El Digital de Asturias \u2013 Revista de ocio, turismo y estilo de vida\" \/>\n\t\t<meta property=\"og:type\" content=\"article\" \/>\n\t\t<meta property=\"og:title\" content=\"El cartel definitivo del Low Festival estar\u00e1 compuesto por m\u00e1s de 80 artistas | El Digital de Asturias\" \/>\n\t\t<meta property=\"og:description\" content=\"Benidorm (Alicante), 3 jun (EFE).- El cartel definitivo del Low Festival, que se celebrar\u00e1 en Benidorm del 25 al 27 del pr\u00f3ximo mes de julio, estar\u00e1 compuesto por m\u00e1s de ochenta artistas, entre los que destacan los Kaiser Chiefs, Vetusta Morla y Massive Attack. La organizaci\u00f3n del Low Festival ha desvelado hoy la programaci\u00f3n diaria\" \/>\n\t\t<meta property=\"og:url\" content=\"https:\/\/eldigitaldeasturias.com\/magazine365\/el-cartel-definitivo-del-low-festival-estara-compuesto-por-mas-de-80-artistas\/\" \/>\n\t\t<meta property=\"og:image\" content=\"https:\/\/eldigitaldeasturias.com\/magazine365\/wp-content\/uploads\/2014\/06\/6330386w.jpg\" \/>\n\t\t<meta property=\"og:image:secure_url\" content=\"https:\/\/eldigitaldeasturias.com\/magazine365\/wp-content\/uploads\/2014\/06\/6330386w.jpg\" \/>\n\t\t<meta property=\"og:image:width\" content=\"800\" \/>\n\t\t<meta property=\"og:image:height\" content=\"552\" \/>\n\t\t<meta property=\"article:published_time\" content=\"2014-06-04T09:30:36+00:00\" \/>\n\t\t<meta property=\"article:modified_time\" content=\"2014-06-04T09:30:36+00:00\" \/>\n\t\t<meta name=\"twitter:card\" content=\"summary_large_image\" \/>\n\t\t<meta name=\"twitter:title\" content=\"El cartel definitivo del Low Festival estar\u00e1 compuesto por m\u00e1s de 80 artistas | El Digital de Asturias\" \/>\n\t\t<meta name=\"twitter:description\" content=\"Benidorm (Alicante), 3 jun (EFE).- El cartel definitivo del Low Festival, que se celebrar\u00e1 en Benidorm del 25 al 27 del pr\u00f3ximo mes de julio, estar\u00e1 compuesto por m\u00e1s de ochenta artistas, entre los que destacan los Kaiser Chiefs, Vetusta Morla y Massive Attack. La organizaci\u00f3n del Low Festival ha desvelado hoy la programaci\u00f3n diaria\" \/>\n\t\t<meta name=\"twitter:image\" content=\"https:\/\/eldigitaldeasturias.com\/magazine365\/wp-content\/uploads\/2014\/06\/6330386w.jpg\" \/>\n\t\t<script type=\"application\/ld+json\" class=\"aioseo-schema\">\n\t\t\t{\"@context\":\"https:\\\/\\\/schema.org\",\"@graph\":[{\"@type\":\"Article\",\"@id\":\"https:\\\/\\\/eldigitaldeasturias.com\\\/magazine365\\\/el-cartel-definitivo-del-low-festival-estara-compuesto-por-mas-de-80-artistas\\\/#article\",\"name\":\"El cartel definitivo del Low Festival estar\\u00e1 compuesto por m\\u00e1s de 80 artistas | El Digital de Asturias\",\"headline\":\"El cartel definitivo del Low Festival estar\\u00e1 compuesto por m\\u00e1s de 80 artistas\",\"author\":{\"@id\":\"https:\\\/\\\/eldigitaldeasturias.com\\\/magazine365\\\/author\\\/admin\\\/#author\"},\"publisher\":{\"@id\":\"https:\\\/\\\/eldigitaldeasturias.com\\\/magazine365\\\/#organization\"},\"image\":{\"@type\":\"ImageObject\",\"url\":\"https:\\\/\\\/eldigitaldeasturias.com\\\/magazine365\\\/wp-content\\\/uploads\\\/2014\\\/06\\\/6330386w.jpg\",\"width\":800,\"height\":552},\"datePublished\":\"2014-06-04T07:30:36+02:00\",\"dateModified\":\"2014-06-04T07:30:36+02:00\",\"inLanguage\":\"es-ES\",\"mainEntityOfPage\":{\"@id\":\"https:\\\/\\\/eldigitaldeasturias.com\\\/magazine365\\\/el-cartel-definitivo-del-low-festival-estara-compuesto-por-mas-de-80-artistas\\\/#webpage\"},\"isPartOf\":{\"@id\":\"https:\\\/\\\/eldigitaldeasturias.com\\\/magazine365\\\/el-cartel-definitivo-del-low-festival-estara-compuesto-por-mas-de-80-artistas\\\/#webpage\"},\"articleSection\":\"Noticias y Actualidad\"},{\"@type\":\"BreadcrumbList\",\"@id\":\"https:\\\/\\\/eldigitaldeasturias.com\\\/magazine365\\\/el-cartel-definitivo-del-low-festival-estara-compuesto-por-mas-de-80-artistas\\\/#breadcrumblist\",\"itemListElement\":[{\"@type\":\"ListItem\",\"@id\":\"https:\\\/\\\/eldigitaldeasturias.com\\\/magazine365#listItem\",\"position\":1,\"name\":\"Home\",\"item\":\"https:\\\/\\\/eldigitaldeasturias.com\\\/magazine365\",\"nextItem\":{\"@type\":\"ListItem\",\"@id\":\"https:\\\/\\\/eldigitaldeasturias.com\\\/magazine365\\\/category\\\/noticias-actualidad\\\/#listItem\",\"name\":\"Noticias y Actualidad\"}},{\"@type\":\"ListItem\",\"@id\":\"https:\\\/\\\/eldigitaldeasturias.com\\\/magazine365\\\/category\\\/noticias-actualidad\\\/#listItem\",\"position\":2,\"name\":\"Noticias y Actualidad\",\"item\":\"https:\\\/\\\/eldigitaldeasturias.com\\\/magazine365\\\/category\\\/noticias-actualidad\\\/\",\"nextItem\":{\"@type\":\"ListItem\",\"@id\":\"https:\\\/\\\/eldigitaldeasturias.com\\\/magazine365\\\/el-cartel-definitivo-del-low-festival-estara-compuesto-por-mas-de-80-artistas\\\/#listItem\",\"name\":\"El cartel definitivo del Low Festival estar\\u00e1 compuesto por m\\u00e1s de 80 artistas\"},\"previousItem\":{\"@type\":\"ListItem\",\"@id\":\"https:\\\/\\\/eldigitaldeasturias.com\\\/magazine365#listItem\",\"name\":\"Home\"}},{\"@type\":\"ListItem\",\"@id\":\"https:\\\/\\\/eldigitaldeasturias.com\\\/magazine365\\\/el-cartel-definitivo-del-low-festival-estara-compuesto-por-mas-de-80-artistas\\\/#listItem\",\"position\":3,\"name\":\"El cartel definitivo del Low Festival estar\\u00e1 compuesto por m\\u00e1s de 80 artistas\",\"previousItem\":{\"@type\":\"ListItem\",\"@id\":\"https:\\\/\\\/eldigitaldeasturias.com\\\/magazine365\\\/category\\\/noticias-actualidad\\\/#listItem\",\"name\":\"Noticias y Actualidad\"}}]},{\"@type\":\"Organization\",\"@id\":\"https:\\\/\\\/eldigitaldeasturias.com\\\/magazine365\\\/#organization\",\"name\":\"El digital de Asturias\",\"description\":\"Revista de ocio, turismo y estilo de vida\",\"url\":\"https:\\\/\\\/eldigitaldeasturias.com\\\/magazine365\\\/\",\"logo\":{\"@type\":\"ImageObject\",\"url\":\"https:\\\/\\\/www.eldigitaldeasturias.com\\\/noticias\\\/wp-content\\\/uploads\\\/2020\\\/12\\\/EDA.jpg\",\"@id\":\"https:\\\/\\\/eldigitaldeasturias.com\\\/magazine365\\\/el-cartel-definitivo-del-low-festival-estara-compuesto-por-mas-de-80-artistas\\\/#organizationLogo\"},\"image\":{\"@id\":\"https:\\\/\\\/eldigitaldeasturias.com\\\/magazine365\\\/el-cartel-definitivo-del-low-festival-estara-compuesto-por-mas-de-80-artistas\\\/#organizationLogo\"}},{\"@type\":\"Person\",\"@id\":\"https:\\\/\\\/eldigitaldeasturias.com\\\/magazine365\\\/author\\\/admin\\\/#author\",\"url\":\"https:\\\/\\\/eldigitaldeasturias.com\\\/magazine365\\\/author\\\/admin\\\/\",\"name\":\"admin\",\"image\":{\"@type\":\"ImageObject\",\"@id\":\"https:\\\/\\\/eldigitaldeasturias.com\\\/magazine365\\\/el-cartel-definitivo-del-low-festival-estara-compuesto-por-mas-de-80-artistas\\\/#authorImage\",\"url\":\"https:\\\/\\\/eldigitaldeasturias.com\\\/magazine365\\\/wp-content\\\/litespeed\\\/avatar\\\/e571bcf59a0edd6fa6838245a470f2fe.jpg?ver=1777574230\",\"width\":96,\"height\":96,\"caption\":\"admin\"}},{\"@type\":\"WebPage\",\"@id\":\"https:\\\/\\\/eldigitaldeasturias.com\\\/magazine365\\\/el-cartel-definitivo-del-low-festival-estara-compuesto-por-mas-de-80-artistas\\\/#webpage\",\"url\":\"https:\\\/\\\/eldigitaldeasturias.com\\\/magazine365\\\/el-cartel-definitivo-del-low-festival-estara-compuesto-por-mas-de-80-artistas\\\/\",\"name\":\"El cartel definitivo del Low Festival estar\\u00e1 compuesto por m\\u00e1s de 80 artistas | El Digital de Asturias\",\"description\":\"Benidorm (Alicante), 3 jun (EFE).- El cartel definitivo del Low Festival, que se celebrar\\u00e1 en Benidorm del 25 al 27 del pr\\u00f3ximo mes de julio, estar\\u00e1 compuesto por m\\u00e1s de ochenta artistas, entre los que destacan los Kaiser Chiefs, Vetusta Morla y Massive Attack. La organizaci\\u00f3n del Low Festival ha desvelado hoy la programaci\\u00f3n diaria\",\"inLanguage\":\"es-ES\",\"isPartOf\":{\"@id\":\"https:\\\/\\\/eldigitaldeasturias.com\\\/magazine365\\\/#website\"},\"breadcrumb\":{\"@id\":\"https:\\\/\\\/eldigitaldeasturias.com\\\/magazine365\\\/el-cartel-definitivo-del-low-festival-estara-compuesto-por-mas-de-80-artistas\\\/#breadcrumblist\"},\"author\":{\"@id\":\"https:\\\/\\\/eldigitaldeasturias.com\\\/magazine365\\\/author\\\/admin\\\/#author\"},\"creator\":{\"@id\":\"https:\\\/\\\/eldigitaldeasturias.com\\\/magazine365\\\/author\\\/admin\\\/#author\"},\"image\":{\"@type\":\"ImageObject\",\"url\":\"https:\\\/\\\/eldigitaldeasturias.com\\\/magazine365\\\/wp-content\\\/uploads\\\/2014\\\/06\\\/6330386w.jpg\",\"@id\":\"https:\\\/\\\/eldigitaldeasturias.com\\\/magazine365\\\/el-cartel-definitivo-del-low-festival-estara-compuesto-por-mas-de-80-artistas\\\/#mainImage\",\"width\":800,\"height\":552},\"primaryImageOfPage\":{\"@id\":\"https:\\\/\\\/eldigitaldeasturias.com\\\/magazine365\\\/el-cartel-definitivo-del-low-festival-estara-compuesto-por-mas-de-80-artistas\\\/#mainImage\"},\"datePublished\":\"2014-06-04T07:30:36+02:00\",\"dateModified\":\"2014-06-04T07:30:36+02:00\"},{\"@type\":\"WebSite\",\"@id\":\"https:\\\/\\\/eldigitaldeasturias.com\\\/magazine365\\\/#website\",\"url\":\"https:\\\/\\\/eldigitaldeasturias.com\\\/magazine365\\\/\",\"name\":\"El Digital de Asturias\",\"description\":\"Revista de ocio, turismo y estilo de vida\",\"inLanguage\":\"es-ES\",\"publisher\":{\"@id\":\"https:\\\/\\\/eldigitaldeasturias.com\\\/magazine365\\\/#organization\"}}]}\n\t\t<\/script>\n\t\t<!-- All in One SEO Pro -->\r\n\t\t<title>El cartel definitivo del Low Festival estar\u00e1 compuesto por m\u00e1s de 80 artistas | El Digital de Asturias<\/title>\n\n","aioseo_head_json":{"title":"El cartel definitivo del Low Festival estar\u00e1 compuesto por m\u00e1s de 80 artistas | El Digital de Asturias","description":"Benidorm (Alicante), 3 jun (EFE).- El cartel definitivo del Low Festival, que se celebrar\u00e1 en Benidorm del 25 al 27 del pr\u00f3ximo mes de julio, estar\u00e1 compuesto por m\u00e1s de ochenta artistas, entre los que destacan los Kaiser Chiefs, Vetusta Morla y Massive Attack. La organizaci\u00f3n del Low Festival ha desvelado hoy la programaci\u00f3n diaria","canonical_url":"https:\/\/eldigitaldeasturias.com\/magazine365\/el-cartel-definitivo-del-low-festival-estara-compuesto-por-mas-de-80-artistas\/","robots":"max-image-preview:large","keywords":"noticias y actualidad","webmasterTools":{"google-site-verification":"UA-38556648-1","miscellaneous":""},"schema":{"@context":"https:\/\/schema.org","@graph":[{"@type":"Article","@id":"https:\/\/eldigitaldeasturias.com\/magazine365\/el-cartel-definitivo-del-low-festival-estara-compuesto-por-mas-de-80-artistas\/#article","name":"El cartel definitivo del Low Festival estar\u00e1 compuesto por m\u00e1s de 80 artistas | El Digital de Asturias","headline":"El cartel definitivo del Low Festival estar\u00e1 compuesto por m\u00e1s de 80 artistas","author":{"@id":"https:\/\/eldigitaldeasturias.com\/magazine365\/author\/admin\/#author"},"publisher":{"@id":"https:\/\/eldigitaldeasturias.com\/magazine365\/#organization"},"image":{"@type":"ImageObject","url":"https:\/\/eldigitaldeasturias.com\/magazine365\/wp-content\/uploads\/2014\/06\/6330386w.jpg","width":800,"height":552},"datePublished":"2014-06-04T07:30:36+02:00","dateModified":"2014-06-04T07:30:36+02:00","inLanguage":"es-ES","mainEntityOfPage":{"@id":"https:\/\/eldigitaldeasturias.com\/magazine365\/el-cartel-definitivo-del-low-festival-estara-compuesto-por-mas-de-80-artistas\/#webpage"},"isPartOf":{"@id":"https:\/\/eldigitaldeasturias.com\/magazine365\/el-cartel-definitivo-del-low-festival-estara-compuesto-por-mas-de-80-artistas\/#webpage"},"articleSection":"Noticias y Actualidad"},{"@type":"BreadcrumbList","@id":"https:\/\/eldigitaldeasturias.com\/magazine365\/el-cartel-definitivo-del-low-festival-estara-compuesto-por-mas-de-80-artistas\/#breadcrumblist","itemListElement":[{"@type":"ListItem","@id":"https:\/\/eldigitaldeasturias.com\/magazine365#listItem","position":1,"name":"Home","item":"https:\/\/eldigitaldeasturias.com\/magazine365","nextItem":{"@type":"ListItem","@id":"https:\/\/eldigitaldeasturias.com\/magazine365\/category\/noticias-actualidad\/#listItem","name":"Noticias y Actualidad"}},{"@type":"ListItem","@id":"https:\/\/eldigitaldeasturias.com\/magazine365\/category\/noticias-actualidad\/#listItem","position":2,"name":"Noticias y Actualidad","item":"https:\/\/eldigitaldeasturias.com\/magazine365\/category\/noticias-actualidad\/","nextItem":{"@type":"ListItem","@id":"https:\/\/eldigitaldeasturias.com\/magazine365\/el-cartel-definitivo-del-low-festival-estara-compuesto-por-mas-de-80-artistas\/#listItem","name":"El cartel definitivo del Low Festival estar\u00e1 compuesto por m\u00e1s de 80 artistas"},"previousItem":{"@type":"ListItem","@id":"https:\/\/eldigitaldeasturias.com\/magazine365#listItem","name":"Home"}},{"@type":"ListItem","@id":"https:\/\/eldigitaldeasturias.com\/magazine365\/el-cartel-definitivo-del-low-festival-estara-compuesto-por-mas-de-80-artistas\/#listItem","position":3,"name":"El cartel definitivo del Low Festival estar\u00e1 compuesto por m\u00e1s de 80 artistas","previousItem":{"@type":"ListItem","@id":"https:\/\/eldigitaldeasturias.com\/magazine365\/category\/noticias-actualidad\/#listItem","name":"Noticias y Actualidad"}}]},{"@type":"Organization","@id":"https:\/\/eldigitaldeasturias.com\/magazine365\/#organization","name":"El digital de Asturias","description":"Revista de ocio, turismo y estilo de vida","url":"https:\/\/eldigitaldeasturias.com\/magazine365\/","logo":{"@type":"ImageObject","url":"https:\/\/www.eldigitaldeasturias.com\/noticias\/wp-content\/uploads\/2020\/12\/EDA.jpg","@id":"https:\/\/eldigitaldeasturias.com\/magazine365\/el-cartel-definitivo-del-low-festival-estara-compuesto-por-mas-de-80-artistas\/#organizationLogo"},"image":{"@id":"https:\/\/eldigitaldeasturias.com\/magazine365\/el-cartel-definitivo-del-low-festival-estara-compuesto-por-mas-de-80-artistas\/#organizationLogo"}},{"@type":"Person","@id":"https:\/\/eldigitaldeasturias.com\/magazine365\/author\/admin\/#author","url":"https:\/\/eldigitaldeasturias.com\/magazine365\/author\/admin\/","name":"admin","image":{"@type":"ImageObject","@id":"https:\/\/eldigitaldeasturias.com\/magazine365\/el-cartel-definitivo-del-low-festival-estara-compuesto-por-mas-de-80-artistas\/#authorImage","url":"https:\/\/eldigitaldeasturias.com\/magazine365\/wp-content\/litespeed\/avatar\/e571bcf59a0edd6fa6838245a470f2fe.jpg?ver=1777574230","width":96,"height":96,"caption":"admin"}},{"@type":"WebPage","@id":"https:\/\/eldigitaldeasturias.com\/magazine365\/el-cartel-definitivo-del-low-festival-estara-compuesto-por-mas-de-80-artistas\/#webpage","url":"https:\/\/eldigitaldeasturias.com\/magazine365\/el-cartel-definitivo-del-low-festival-estara-compuesto-por-mas-de-80-artistas\/","name":"El cartel definitivo del Low Festival estar\u00e1 compuesto por m\u00e1s de 80 artistas | El Digital de Asturias","description":"Benidorm (Alicante), 3 jun (EFE).- El cartel definitivo del Low Festival, que se celebrar\u00e1 en Benidorm del 25 al 27 del pr\u00f3ximo mes de julio, estar\u00e1 compuesto por m\u00e1s de ochenta artistas, entre los que destacan los Kaiser Chiefs, Vetusta Morla y Massive Attack. La organizaci\u00f3n del Low Festival ha desvelado hoy la programaci\u00f3n diaria","inLanguage":"es-ES","isPartOf":{"@id":"https:\/\/eldigitaldeasturias.com\/magazine365\/#website"},"breadcrumb":{"@id":"https:\/\/eldigitaldeasturias.com\/magazine365\/el-cartel-definitivo-del-low-festival-estara-compuesto-por-mas-de-80-artistas\/#breadcrumblist"},"author":{"@id":"https:\/\/eldigitaldeasturias.com\/magazine365\/author\/admin\/#author"},"creator":{"@id":"https:\/\/eldigitaldeasturias.com\/magazine365\/author\/admin\/#author"},"image":{"@type":"ImageObject","url":"https:\/\/eldigitaldeasturias.com\/magazine365\/wp-content\/uploads\/2014\/06\/6330386w.jpg","@id":"https:\/\/eldigitaldeasturias.com\/magazine365\/el-cartel-definitivo-del-low-festival-estara-compuesto-por-mas-de-80-artistas\/#mainImage","width":800,"height":552},"primaryImageOfPage":{"@id":"https:\/\/eldigitaldeasturias.com\/magazine365\/el-cartel-definitivo-del-low-festival-estara-compuesto-por-mas-de-80-artistas\/#mainImage"},"datePublished":"2014-06-04T07:30:36+02:00","dateModified":"2014-06-04T07:30:36+02:00"},{"@type":"WebSite","@id":"https:\/\/eldigitaldeasturias.com\/magazine365\/#website","url":"https:\/\/eldigitaldeasturias.com\/magazine365\/","name":"El Digital de Asturias","description":"Revista de ocio, turismo y estilo de vida","inLanguage":"es-ES","publisher":{"@id":"https:\/\/eldigitaldeasturias.com\/magazine365\/#organization"}}]},"og:locale":"es_ES","og:site_name":"El Digital de Asturias \u2013 Revista de ocio, turismo y estilo de vida","og:type":"article","og:title":"El cartel definitivo del Low Festival estar\u00e1 compuesto por m\u00e1s de 80 artistas | El Digital de Asturias","og:description":"Benidorm (Alicante), 3 jun (EFE).- El cartel definitivo del Low Festival, que se celebrar\u00e1 en Benidorm del 25 al 27 del pr\u00f3ximo mes de julio, estar\u00e1 compuesto por m\u00e1s de ochenta artistas, entre los que destacan los Kaiser Chiefs, Vetusta Morla y Massive Attack. La organizaci\u00f3n del Low Festival ha desvelado hoy la programaci\u00f3n diaria","og:url":"https:\/\/eldigitaldeasturias.com\/magazine365\/el-cartel-definitivo-del-low-festival-estara-compuesto-por-mas-de-80-artistas\/","og:image":"https:\/\/eldigitaldeasturias.com\/magazine365\/wp-content\/uploads\/2014\/06\/6330386w.jpg","og:image:secure_url":"https:\/\/eldigitaldeasturias.com\/magazine365\/wp-content\/uploads\/2014\/06\/6330386w.jpg","og:image:width":800,"og:image:height":552,"article:published_time":"2014-06-04T09:30:36+00:00","article:modified_time":"2014-06-04T09:30:36+00:00","twitter:card":"summary_large_image","twitter:title":"El cartel definitivo del Low Festival estar\u00e1 compuesto por m\u00e1s de 80 artistas | El Digital de Asturias","twitter:description":"Benidorm (Alicante), 3 jun (EFE).- El cartel definitivo del Low Festival, que se celebrar\u00e1 en Benidorm del 25 al 27 del pr\u00f3ximo mes de julio, estar\u00e1 compuesto por m\u00e1s de ochenta artistas, entre los que destacan los Kaiser Chiefs, Vetusta Morla y Massive Attack. La organizaci\u00f3n del Low Festival ha desvelado hoy la programaci\u00f3n diaria","twitter:image":"https:\/\/eldigitaldeasturias.com\/magazine365\/wp-content\/uploads\/2014\/06\/6330386w.jpg"},"aioseo_meta_data":{"post_id":"14991","title":null,"description":null,"keywords":null,"keyphrases":null,"primary_term":null,"canonical_url":null,"og_title":null,"og_description":null,"og_object_type":"default","og_image_type":"default","og_image_url":null,"og_image_width":null,"og_image_height":null,"og_image_custom_url":null,"og_image_custom_fields":null,"og_video":null,"og_custom_url":null,"og_article_section":null,"og_article_tags":null,"twitter_use_og":false,"twitter_card":"default","twitter_image_type":"default","twitter_image_url":null,"twitter_image_custom_url":null,"twitter_image_custom_fields":null,"twitter_title":null,"twitter_description":null,"schema":{"blockGraphs":[],"customGraphs":[],"default":{"data":{"Article":[],"Course":[],"Dataset":[],"FAQPage":[],"Movie":[],"Person":[],"Product":[],"ProductReview":[],"Car":[],"Recipe":[],"Service":[],"SoftwareApplication":[],"WebPage":[]},"graphName":"","isEnabled":true},"graphs":[],"defaultGraph":"","defaultPostTypeGraph":""},"schema_type":null,"schema_type_options":null,"pillar_content":false,"robots_default":true,"robots_noindex":false,"robots_noarchive":false,"robots_nosnippet":false,"robots_nofollow":false,"robots_noimageindex":false,"robots_noodp":false,"robots_notranslate":false,"robots_max_snippet":null,"robots_max_videopreview":null,"robots_max_imagepreview":"large","priority":null,"frequency":null,"location":null,"local_seo":null,"seo_analyzer_scan_date":"2025-09-17 11:12:59","breadcrumb_settings":null,"limit_modified_date":false,"open_ai":null,"ai":null,"created":"2021-03-09 08:07:53","updated":"2025-09-17 11:12:59"},"aioseo_breadcrumb":"<div class=\"aioseo-breadcrumbs\"><span class=\"aioseo-breadcrumb\">\n\t<a href=\"https:\/\/eldigitaldeasturias.com\/magazine365\" title=\"Home\">Home<\/a>\n<\/span><span class=\"aioseo-breadcrumb-separator\">\u2013<\/span><span class=\"aioseo-breadcrumb\">\n\t<a href=\"https:\/\/eldigitaldeasturias.com\/magazine365\/category\/noticias-actualidad\/\" title=\"Noticias y Actualidad\">Noticias y Actualidad<\/a>\n<\/span><span class=\"aioseo-breadcrumb-separator\">\u2013<\/span><span class=\"aioseo-breadcrumb\">\n\t<a href=\"https:\/\/eldigitaldeasturias.com\/magazine365\/el-cartel-definitivo-del-low-festival-estara-compuesto-por-mas-de-80-artistas\/\" title=\"El cartel definitivo del Low Festival estar\u00e1 compuesto por m\u00e1s de 80 artistas\">El cartel definitivo del Low Festival estar\u00e1 compuesto por m\u00e1s de 80 artistas<\/a>\n<\/span><\/div>","aioseo_breadcrumb_json":[{"label":"Home","link":"https:\/\/eldigitaldeasturias.com\/magazine365"},{"label":"Noticias y Actualidad","link":"https:\/\/eldigitaldeasturias.com\/magazine365\/category\/noticias-actualidad\/"},{"label":"El cartel definitivo del Low Festival estar\u00e1 compuesto por m\u00e1s de 80 artistas","link":"https:\/\/eldigitaldeasturias.com\/magazine365\/el-cartel-definitivo-del-low-festival-estara-compuesto-por-mas-de-80-artistas\/"}],"_links":{"self":[{"href":"https:\/\/eldigitaldeasturias.com\/magazine365\/wp-json\/wp\/v2\/posts\/14991","targetHints":{"allow":["GET"]}}],"collection":[{"href":"https:\/\/eldigitaldeasturias.com\/magazine365\/wp-json\/wp\/v2\/posts"}],"about":[{"href":"https:\/\/eldigitaldeasturias.com\/magazine365\/wp-json\/wp\/v2\/types\/post"}],"author":[{"embeddable":true,"href":"https:\/\/eldigitaldeasturias.com\/magazine365\/wp-json\/wp\/v2\/users\/1"}],"replies":[{"embeddable":true,"href":"https:\/\/eldigitaldeasturias.com\/magazine365\/wp-json\/wp\/v2\/comments?post=14991"}],"version-history":[{"count":0,"href":"https:\/\/eldigitaldeasturias.com\/magazine365\/wp-json\/wp\/v2\/posts\/14991\/revisions"}],"wp:featuredmedia":[{"embeddable":true,"href":"https:\/\/eldigitaldeasturias.com\/magazine365\/wp-json\/wp\/v2\/media\/14992"}],"wp:attachment":[{"href":"https:\/\/eldigitaldeasturias.com\/magazine365\/wp-json\/wp\/v2\/media?parent=14991"}],"wp:term":[{"taxonomy":"category","embeddable":true,"href":"https:\/\/eldigitaldeasturias.com\/magazine365\/wp-json\/wp\/v2\/categories?post=14991"},{"taxonomy":"post_tag","embeddable":true,"href":"https:\/\/eldigitaldeasturias.com\/magazine365\/wp-json\/wp\/v2\/tags?post=14991"}],"curies":[{"name":"wp","href":"https:\/\/api.w.org\/{rel}","templated":true}]}}