{"id":14985,"date":"2014-06-03T17:19:49","date_gmt":"2014-06-03T19:19:49","guid":{"rendered":"http:\/\/eldigitaldeasturias.com\/magazine365\/?p=14985"},"modified":"2014-06-03T17:19:49","modified_gmt":"2014-06-03T19:19:49","slug":"joan-collins-rueda-en-benidorm-un-capitulo-de-la-serie-de-la-itv-benidorm","status":"publish","type":"post","link":"https:\/\/eldigitaldeasturias.com\/magazine365\/joan-collins-rueda-en-benidorm-un-capitulo-de-la-serie-de-la-itv-benidorm\/","title":{"rendered":"Joan Collins rueda en Benidorm un cap\u00edtulo de la serie de la ITV &#8216;Benidorm&#8217;"},"content":{"rendered":"<p><img fetchpriority=\"high\" decoding=\"async\" class=\"alignleft size-medium wp-image-14986\" alt=\"6330183w\" src=\"https:\/\/eldigitaldeasturias.com\/magazine365\/wp-content\/uploads\/2014\/06\/6330183w-360x265.jpg\" width=\"360\" height=\"265\" \/>Benidorm (Alicante), 3 jun (EFE).- La actriz Joan Collins, conocida por su papel de la malvada Alexis Carrington en &#8216;Dinast\u00eda&#8217;, se encuentra en Benidorm rodando un cap\u00edtulo de la serie brit\u00e1nica de comedia que lleva el nombre de la ciudad alicantina, de la que ya se han emitido seis temporadas a trav\u00e9s de la cadena inglesa ITV.<\/p>\n<p>Por el set de rodaje, localizado hoy en el hotel Madeira Centro de la ciudad, han pasado el alcalde de Benidorm, Agust\u00edn Navarro, y la concejal de Turismo, Gema Amor, quienes han mantenido un breve encuentro con la actriz.<\/p>\n<p>Collins, de 81 a\u00f1os y que reside en Beverly Hills (Estados Unidos), se ha mostrado \u00abencantada\u00bb de estar nuevamente en Benidorm, ya que el a\u00f1o pasado tambi\u00e9n viaj\u00f3 a la ciudad para participar en el rodaje de un cap\u00edtulo de la sexta temporada.<\/p>\n<p>La int\u00e9rprete ha asegurado que le \u00abencanta\u00bb Benidorm y que el a\u00f1o pasado le \u00abgust\u00f3 tanto\u00bb que ha \u00abquerido volver\u00bb.<\/p>\n<p>El jefe de producci\u00f3n de la serie y responsable de la productora local Filming Spain, Pere Agull\u00f3, ha explicado que Collins interpreta en &#8216;Benidorm&#8217; el papel de la \u00abpropietaria de la cadena hotelera\u00bb en la que los protagonistas pasan sus vacaciones.<\/p>\n<p>Se trata de un papel espor\u00e1dico que repite en un cap\u00edtulo de esta s\u00e9ptima temporada, que se rueda desde finales del pasado mes de marzo y cuya filmaci\u00f3n acabar\u00e1 el pr\u00f3ximo d\u00eda 27.<\/p>\n<p>Agull\u00f3 ha se\u00f1alado que la actriz brit\u00e1nica ha querido repetir la experiencia del a\u00f1o anterior tras trabar una magn\u00edfica relaci\u00f3n \u00abcon el guionista de la serie\u00bb, de la que Collins es espectadora habitual desde que se estren\u00f3 en 2007.<\/p>\n<p>Seg\u00fan el jefe de producci\u00f3n, durante la sexta temporada &#8216;Benidorm&#8217; ha tenido una media de audiencia en el Reino Unido de \u00abocho millones de espectadores en prime-time\u00bb, a los que se suma otro mill\u00f3n m\u00e1s de televidentes en la emisi\u00f3n que se realiza en otro horario.<\/p>\n<p>La serie, adem\u00e1s, se emite a trav\u00e9s de un canal de la ITV en numerosos pa\u00edses de habla inglesa, como Estados Unidos, Australia, Canad\u00e1 o India, por lo que \u00abla ciudad de Benidorm se ha internacionalizado\u00bb, ha asegurado.<\/p>\n<p>Agull\u00f3 ha avanzado que en esta producci\u00f3n brit\u00e1nica tambi\u00e9n participar\u00e1 con un papel espor\u00e1dico una \u00abactriz espa\u00f1ola de primer nivel\u00bb, de la que no ha querido desvelar su nombre y que se sumar\u00e1 al rodaje en las pr\u00f3ximas semanas para participar en un cap\u00edtulo.<\/p>\n","protected":false},"excerpt":{"rendered":"<p>Benidorm (Alicante), 3 jun (EFE).- La actriz Joan Collins, conocida por su papel de la malvada Alexis Carrington en &#8216;Dinast\u00eda&#8217;, se encuentra en Benidorm rodando un cap\u00edtulo de la serie brit\u00e1nica de comedia que lleva el nombre de la ciudad alicantina, de la que ya se han emitido seis temporadas a trav\u00e9s de la cadena<\/p>\n","protected":false},"author":1,"featured_media":14986,"comment_status":"open","ping_status":"closed","sticky":false,"template":"","format":"standard","meta":{"footnotes":""},"categories":[222],"tags":[],"class_list":{"0":"post-14985","1":"post","2":"type-post","3":"status-publish","4":"format-standard","5":"has-post-thumbnail","7":"category-actualidad-turismo"},"aioseo_notices":[],"aioseo_head":"\n\t\t<!-- All in One SEO Pro 4.9.6.1 - aioseo.com -->\n\t<meta name=\"description\" content=\"Benidorm (Alicante), 3 jun (EFE).- La actriz Joan Collins, conocida por su papel de la malvada Alexis Carrington en &#039;Dinast\u00eda&#039;, se encuentra en Benidorm rodando un cap\u00edtulo de la serie brit\u00e1nica de comedia que lleva el nombre de la ciudad alicantina, de la que ya se han emitido seis temporadas a trav\u00e9s de la cadena\" \/>\n\t<meta name=\"robots\" content=\"max-image-preview:large\" \/>\n\t<meta name=\"author\" content=\"admin\"\/>\n\t<meta name=\"google-site-verification\" content=\"UA-38556648-1\" \/>\n\t<meta name=\"keywords\" content=\"actualidad turismo\" \/>\n\t<link rel=\"canonical\" href=\"https:\/\/eldigitaldeasturias.com\/magazine365\/joan-collins-rueda-en-benidorm-un-capitulo-de-la-serie-de-la-itv-benidorm\/\" \/>\n\t<meta name=\"generator\" content=\"All in One SEO Pro (AIOSEO) 4.9.6.1\" \/>\n\t\t<meta property=\"og:locale\" content=\"es_ES\" \/>\n\t\t<meta property=\"og:site_name\" content=\"El Digital de Asturias \u2013 Revista de ocio, turismo y estilo de vida\" \/>\n\t\t<meta property=\"og:type\" content=\"article\" \/>\n\t\t<meta property=\"og:title\" content=\"Joan Collins rueda en Benidorm un cap\u00edtulo de la serie de la ITV \u2018Benidorm\u2019 | El Digital de Asturias\" \/>\n\t\t<meta property=\"og:description\" content=\"Benidorm (Alicante), 3 jun (EFE).- La actriz Joan Collins, conocida por su papel de la malvada Alexis Carrington en &#039;Dinast\u00eda&#039;, se encuentra en Benidorm rodando un cap\u00edtulo de la serie brit\u00e1nica de comedia que lleva el nombre de la ciudad alicantina, de la que ya se han emitido seis temporadas a trav\u00e9s de la cadena\" \/>\n\t\t<meta property=\"og:url\" content=\"https:\/\/eldigitaldeasturias.com\/magazine365\/joan-collins-rueda-en-benidorm-un-capitulo-de-la-serie-de-la-itv-benidorm\/\" \/>\n\t\t<meta property=\"og:image\" content=\"https:\/\/eldigitaldeasturias.com\/magazine365\/wp-content\/uploads\/2014\/06\/6330183w.jpg\" \/>\n\t\t<meta property=\"og:image:secure_url\" content=\"https:\/\/eldigitaldeasturias.com\/magazine365\/wp-content\/uploads\/2014\/06\/6330183w.jpg\" \/>\n\t\t<meta property=\"og:image:width\" content=\"800\" \/>\n\t\t<meta property=\"og:image:height\" content=\"591\" \/>\n\t\t<meta property=\"article:published_time\" content=\"2014-06-03T19:19:49+00:00\" \/>\n\t\t<meta property=\"article:modified_time\" content=\"2014-06-03T19:19:49+00:00\" \/>\n\t\t<meta name=\"twitter:card\" content=\"summary_large_image\" \/>\n\t\t<meta name=\"twitter:title\" content=\"Joan Collins rueda en Benidorm un cap\u00edtulo de la serie de la ITV \u2018Benidorm\u2019 | El Digital de Asturias\" \/>\n\t\t<meta name=\"twitter:description\" content=\"Benidorm (Alicante), 3 jun (EFE).- La actriz Joan Collins, conocida por su papel de la malvada Alexis Carrington en &#039;Dinast\u00eda&#039;, se encuentra en Benidorm rodando un cap\u00edtulo de la serie brit\u00e1nica de comedia que lleva el nombre de la ciudad alicantina, de la que ya se han emitido seis temporadas a trav\u00e9s de la cadena\" \/>\n\t\t<meta name=\"twitter:image\" content=\"https:\/\/eldigitaldeasturias.com\/magazine365\/wp-content\/uploads\/2014\/06\/6330183w.jpg\" \/>\n\t\t<script type=\"application\/ld+json\" class=\"aioseo-schema\">\n\t\t\t{\"@context\":\"https:\\\/\\\/schema.org\",\"@graph\":[{\"@type\":\"Article\",\"@id\":\"https:\\\/\\\/eldigitaldeasturias.com\\\/magazine365\\\/joan-collins-rueda-en-benidorm-un-capitulo-de-la-serie-de-la-itv-benidorm\\\/#article\",\"name\":\"Joan Collins rueda en Benidorm un cap\\u00edtulo de la serie de la ITV \\u2018Benidorm\\u2019 | El Digital de Asturias\",\"headline\":\"Joan Collins rueda en Benidorm un cap\\u00edtulo de la serie de la ITV &#8216;Benidorm&#8217;\",\"author\":{\"@id\":\"https:\\\/\\\/eldigitaldeasturias.com\\\/magazine365\\\/author\\\/admin\\\/#author\"},\"publisher\":{\"@id\":\"https:\\\/\\\/eldigitaldeasturias.com\\\/magazine365\\\/#organization\"},\"image\":{\"@type\":\"ImageObject\",\"url\":\"https:\\\/\\\/eldigitaldeasturias.com\\\/magazine365\\\/wp-content\\\/uploads\\\/2014\\\/06\\\/6330183w.jpg\",\"width\":800,\"height\":591},\"datePublished\":\"2014-06-03T17:19:49+02:00\",\"dateModified\":\"2014-06-03T17:19:49+02:00\",\"inLanguage\":\"es-ES\",\"mainEntityOfPage\":{\"@id\":\"https:\\\/\\\/eldigitaldeasturias.com\\\/magazine365\\\/joan-collins-rueda-en-benidorm-un-capitulo-de-la-serie-de-la-itv-benidorm\\\/#webpage\"},\"isPartOf\":{\"@id\":\"https:\\\/\\\/eldigitaldeasturias.com\\\/magazine365\\\/joan-collins-rueda-en-benidorm-un-capitulo-de-la-serie-de-la-itv-benidorm\\\/#webpage\"},\"articleSection\":\"Actualidad Turismo\"},{\"@type\":\"BreadcrumbList\",\"@id\":\"https:\\\/\\\/eldigitaldeasturias.com\\\/magazine365\\\/joan-collins-rueda-en-benidorm-un-capitulo-de-la-serie-de-la-itv-benidorm\\\/#breadcrumblist\",\"itemListElement\":[{\"@type\":\"ListItem\",\"@id\":\"https:\\\/\\\/eldigitaldeasturias.com\\\/magazine365#listItem\",\"position\":1,\"name\":\"Home\",\"item\":\"https:\\\/\\\/eldigitaldeasturias.com\\\/magazine365\",\"nextItem\":{\"@type\":\"ListItem\",\"@id\":\"https:\\\/\\\/eldigitaldeasturias.com\\\/magazine365\\\/category\\\/actualidad-turismo\\\/#listItem\",\"name\":\"Actualidad Turismo\"}},{\"@type\":\"ListItem\",\"@id\":\"https:\\\/\\\/eldigitaldeasturias.com\\\/magazine365\\\/category\\\/actualidad-turismo\\\/#listItem\",\"position\":2,\"name\":\"Actualidad Turismo\",\"item\":\"https:\\\/\\\/eldigitaldeasturias.com\\\/magazine365\\\/category\\\/actualidad-turismo\\\/\",\"nextItem\":{\"@type\":\"ListItem\",\"@id\":\"https:\\\/\\\/eldigitaldeasturias.com\\\/magazine365\\\/joan-collins-rueda-en-benidorm-un-capitulo-de-la-serie-de-la-itv-benidorm\\\/#listItem\",\"name\":\"Joan Collins rueda en Benidorm un cap\\u00edtulo de la serie de la ITV &#8216;Benidorm&#8217;\"},\"previousItem\":{\"@type\":\"ListItem\",\"@id\":\"https:\\\/\\\/eldigitaldeasturias.com\\\/magazine365#listItem\",\"name\":\"Home\"}},{\"@type\":\"ListItem\",\"@id\":\"https:\\\/\\\/eldigitaldeasturias.com\\\/magazine365\\\/joan-collins-rueda-en-benidorm-un-capitulo-de-la-serie-de-la-itv-benidorm\\\/#listItem\",\"position\":3,\"name\":\"Joan Collins rueda en Benidorm un cap\\u00edtulo de la serie de la ITV &#8216;Benidorm&#8217;\",\"previousItem\":{\"@type\":\"ListItem\",\"@id\":\"https:\\\/\\\/eldigitaldeasturias.com\\\/magazine365\\\/category\\\/actualidad-turismo\\\/#listItem\",\"name\":\"Actualidad Turismo\"}}]},{\"@type\":\"Organization\",\"@id\":\"https:\\\/\\\/eldigitaldeasturias.com\\\/magazine365\\\/#organization\",\"name\":\"El digital de Asturias\",\"description\":\"Revista de ocio, turismo y estilo de vida\",\"url\":\"https:\\\/\\\/eldigitaldeasturias.com\\\/magazine365\\\/\",\"logo\":{\"@type\":\"ImageObject\",\"url\":\"https:\\\/\\\/www.eldigitaldeasturias.com\\\/noticias\\\/wp-content\\\/uploads\\\/2020\\\/12\\\/EDA.jpg\",\"@id\":\"https:\\\/\\\/eldigitaldeasturias.com\\\/magazine365\\\/joan-collins-rueda-en-benidorm-un-capitulo-de-la-serie-de-la-itv-benidorm\\\/#organizationLogo\"},\"image\":{\"@id\":\"https:\\\/\\\/eldigitaldeasturias.com\\\/magazine365\\\/joan-collins-rueda-en-benidorm-un-capitulo-de-la-serie-de-la-itv-benidorm\\\/#organizationLogo\"}},{\"@type\":\"Person\",\"@id\":\"https:\\\/\\\/eldigitaldeasturias.com\\\/magazine365\\\/author\\\/admin\\\/#author\",\"url\":\"https:\\\/\\\/eldigitaldeasturias.com\\\/magazine365\\\/author\\\/admin\\\/\",\"name\":\"admin\",\"image\":{\"@type\":\"ImageObject\",\"@id\":\"https:\\\/\\\/eldigitaldeasturias.com\\\/magazine365\\\/joan-collins-rueda-en-benidorm-un-capitulo-de-la-serie-de-la-itv-benidorm\\\/#authorImage\",\"url\":\"https:\\\/\\\/eldigitaldeasturias.com\\\/magazine365\\\/wp-content\\\/litespeed\\\/avatar\\\/e571bcf59a0edd6fa6838245a470f2fe.jpg?ver=1777574230\",\"width\":96,\"height\":96,\"caption\":\"admin\"}},{\"@type\":\"WebPage\",\"@id\":\"https:\\\/\\\/eldigitaldeasturias.com\\\/magazine365\\\/joan-collins-rueda-en-benidorm-un-capitulo-de-la-serie-de-la-itv-benidorm\\\/#webpage\",\"url\":\"https:\\\/\\\/eldigitaldeasturias.com\\\/magazine365\\\/joan-collins-rueda-en-benidorm-un-capitulo-de-la-serie-de-la-itv-benidorm\\\/\",\"name\":\"Joan Collins rueda en Benidorm un cap\\u00edtulo de la serie de la ITV \\u2018Benidorm\\u2019 | El Digital de Asturias\",\"description\":\"Benidorm (Alicante), 3 jun (EFE).- La actriz Joan Collins, conocida por su papel de la malvada Alexis Carrington en 'Dinast\\u00eda', se encuentra en Benidorm rodando un cap\\u00edtulo de la serie brit\\u00e1nica de comedia que lleva el nombre de la ciudad alicantina, de la que ya se han emitido seis temporadas a trav\\u00e9s de la cadena\",\"inLanguage\":\"es-ES\",\"isPartOf\":{\"@id\":\"https:\\\/\\\/eldigitaldeasturias.com\\\/magazine365\\\/#website\"},\"breadcrumb\":{\"@id\":\"https:\\\/\\\/eldigitaldeasturias.com\\\/magazine365\\\/joan-collins-rueda-en-benidorm-un-capitulo-de-la-serie-de-la-itv-benidorm\\\/#breadcrumblist\"},\"author\":{\"@id\":\"https:\\\/\\\/eldigitaldeasturias.com\\\/magazine365\\\/author\\\/admin\\\/#author\"},\"creator\":{\"@id\":\"https:\\\/\\\/eldigitaldeasturias.com\\\/magazine365\\\/author\\\/admin\\\/#author\"},\"image\":{\"@type\":\"ImageObject\",\"url\":\"https:\\\/\\\/eldigitaldeasturias.com\\\/magazine365\\\/wp-content\\\/uploads\\\/2014\\\/06\\\/6330183w.jpg\",\"@id\":\"https:\\\/\\\/eldigitaldeasturias.com\\\/magazine365\\\/joan-collins-rueda-en-benidorm-un-capitulo-de-la-serie-de-la-itv-benidorm\\\/#mainImage\",\"width\":800,\"height\":591},\"primaryImageOfPage\":{\"@id\":\"https:\\\/\\\/eldigitaldeasturias.com\\\/magazine365\\\/joan-collins-rueda-en-benidorm-un-capitulo-de-la-serie-de-la-itv-benidorm\\\/#mainImage\"},\"datePublished\":\"2014-06-03T17:19:49+02:00\",\"dateModified\":\"2014-06-03T17:19:49+02:00\"},{\"@type\":\"WebSite\",\"@id\":\"https:\\\/\\\/eldigitaldeasturias.com\\\/magazine365\\\/#website\",\"url\":\"https:\\\/\\\/eldigitaldeasturias.com\\\/magazine365\\\/\",\"name\":\"El Digital de Asturias\",\"description\":\"Revista de ocio, turismo y estilo de vida\",\"inLanguage\":\"es-ES\",\"publisher\":{\"@id\":\"https:\\\/\\\/eldigitaldeasturias.com\\\/magazine365\\\/#organization\"}}]}\n\t\t<\/script>\n\t\t<!-- All in One SEO Pro -->\r\n\t\t<title>Joan Collins rueda en Benidorm un cap\u00edtulo de la serie de la ITV \u2018Benidorm\u2019 | El Digital de Asturias<\/title>\n\n","aioseo_head_json":{"title":"Joan Collins rueda en Benidorm un cap\u00edtulo de la serie de la ITV \u2018Benidorm\u2019 | El Digital de Asturias","description":"Benidorm (Alicante), 3 jun (EFE).- La actriz Joan Collins, conocida por su papel de la malvada Alexis Carrington en 'Dinast\u00eda', se encuentra en Benidorm rodando un cap\u00edtulo de la serie brit\u00e1nica de comedia que lleva el nombre de la ciudad alicantina, de la que ya se han emitido seis temporadas a trav\u00e9s de la cadena","canonical_url":"https:\/\/eldigitaldeasturias.com\/magazine365\/joan-collins-rueda-en-benidorm-un-capitulo-de-la-serie-de-la-itv-benidorm\/","robots":"max-image-preview:large","keywords":"actualidad turismo","webmasterTools":{"google-site-verification":"UA-38556648-1","miscellaneous":""},"schema":{"@context":"https:\/\/schema.org","@graph":[{"@type":"Article","@id":"https:\/\/eldigitaldeasturias.com\/magazine365\/joan-collins-rueda-en-benidorm-un-capitulo-de-la-serie-de-la-itv-benidorm\/#article","name":"Joan Collins rueda en Benidorm un cap\u00edtulo de la serie de la ITV \u2018Benidorm\u2019 | El Digital de Asturias","headline":"Joan Collins rueda en Benidorm un cap\u00edtulo de la serie de la ITV &#8216;Benidorm&#8217;","author":{"@id":"https:\/\/eldigitaldeasturias.com\/magazine365\/author\/admin\/#author"},"publisher":{"@id":"https:\/\/eldigitaldeasturias.com\/magazine365\/#organization"},"image":{"@type":"ImageObject","url":"https:\/\/eldigitaldeasturias.com\/magazine365\/wp-content\/uploads\/2014\/06\/6330183w.jpg","width":800,"height":591},"datePublished":"2014-06-03T17:19:49+02:00","dateModified":"2014-06-03T17:19:49+02:00","inLanguage":"es-ES","mainEntityOfPage":{"@id":"https:\/\/eldigitaldeasturias.com\/magazine365\/joan-collins-rueda-en-benidorm-un-capitulo-de-la-serie-de-la-itv-benidorm\/#webpage"},"isPartOf":{"@id":"https:\/\/eldigitaldeasturias.com\/magazine365\/joan-collins-rueda-en-benidorm-un-capitulo-de-la-serie-de-la-itv-benidorm\/#webpage"},"articleSection":"Actualidad Turismo"},{"@type":"BreadcrumbList","@id":"https:\/\/eldigitaldeasturias.com\/magazine365\/joan-collins-rueda-en-benidorm-un-capitulo-de-la-serie-de-la-itv-benidorm\/#breadcrumblist","itemListElement":[{"@type":"ListItem","@id":"https:\/\/eldigitaldeasturias.com\/magazine365#listItem","position":1,"name":"Home","item":"https:\/\/eldigitaldeasturias.com\/magazine365","nextItem":{"@type":"ListItem","@id":"https:\/\/eldigitaldeasturias.com\/magazine365\/category\/actualidad-turismo\/#listItem","name":"Actualidad Turismo"}},{"@type":"ListItem","@id":"https:\/\/eldigitaldeasturias.com\/magazine365\/category\/actualidad-turismo\/#listItem","position":2,"name":"Actualidad Turismo","item":"https:\/\/eldigitaldeasturias.com\/magazine365\/category\/actualidad-turismo\/","nextItem":{"@type":"ListItem","@id":"https:\/\/eldigitaldeasturias.com\/magazine365\/joan-collins-rueda-en-benidorm-un-capitulo-de-la-serie-de-la-itv-benidorm\/#listItem","name":"Joan Collins rueda en Benidorm un cap\u00edtulo de la serie de la ITV &#8216;Benidorm&#8217;"},"previousItem":{"@type":"ListItem","@id":"https:\/\/eldigitaldeasturias.com\/magazine365#listItem","name":"Home"}},{"@type":"ListItem","@id":"https:\/\/eldigitaldeasturias.com\/magazine365\/joan-collins-rueda-en-benidorm-un-capitulo-de-la-serie-de-la-itv-benidorm\/#listItem","position":3,"name":"Joan Collins rueda en Benidorm un cap\u00edtulo de la serie de la ITV &#8216;Benidorm&#8217;","previousItem":{"@type":"ListItem","@id":"https:\/\/eldigitaldeasturias.com\/magazine365\/category\/actualidad-turismo\/#listItem","name":"Actualidad Turismo"}}]},{"@type":"Organization","@id":"https:\/\/eldigitaldeasturias.com\/magazine365\/#organization","name":"El digital de Asturias","description":"Revista de ocio, turismo y estilo de vida","url":"https:\/\/eldigitaldeasturias.com\/magazine365\/","logo":{"@type":"ImageObject","url":"https:\/\/www.eldigitaldeasturias.com\/noticias\/wp-content\/uploads\/2020\/12\/EDA.jpg","@id":"https:\/\/eldigitaldeasturias.com\/magazine365\/joan-collins-rueda-en-benidorm-un-capitulo-de-la-serie-de-la-itv-benidorm\/#organizationLogo"},"image":{"@id":"https:\/\/eldigitaldeasturias.com\/magazine365\/joan-collins-rueda-en-benidorm-un-capitulo-de-la-serie-de-la-itv-benidorm\/#organizationLogo"}},{"@type":"Person","@id":"https:\/\/eldigitaldeasturias.com\/magazine365\/author\/admin\/#author","url":"https:\/\/eldigitaldeasturias.com\/magazine365\/author\/admin\/","name":"admin","image":{"@type":"ImageObject","@id":"https:\/\/eldigitaldeasturias.com\/magazine365\/joan-collins-rueda-en-benidorm-un-capitulo-de-la-serie-de-la-itv-benidorm\/#authorImage","url":"https:\/\/eldigitaldeasturias.com\/magazine365\/wp-content\/litespeed\/avatar\/e571bcf59a0edd6fa6838245a470f2fe.jpg?ver=1777574230","width":96,"height":96,"caption":"admin"}},{"@type":"WebPage","@id":"https:\/\/eldigitaldeasturias.com\/magazine365\/joan-collins-rueda-en-benidorm-un-capitulo-de-la-serie-de-la-itv-benidorm\/#webpage","url":"https:\/\/eldigitaldeasturias.com\/magazine365\/joan-collins-rueda-en-benidorm-un-capitulo-de-la-serie-de-la-itv-benidorm\/","name":"Joan Collins rueda en Benidorm un cap\u00edtulo de la serie de la ITV \u2018Benidorm\u2019 | El Digital de Asturias","description":"Benidorm (Alicante), 3 jun (EFE).- La actriz Joan Collins, conocida por su papel de la malvada Alexis Carrington en 'Dinast\u00eda', se encuentra en Benidorm rodando un cap\u00edtulo de la serie brit\u00e1nica de comedia que lleva el nombre de la ciudad alicantina, de la que ya se han emitido seis temporadas a trav\u00e9s de la cadena","inLanguage":"es-ES","isPartOf":{"@id":"https:\/\/eldigitaldeasturias.com\/magazine365\/#website"},"breadcrumb":{"@id":"https:\/\/eldigitaldeasturias.com\/magazine365\/joan-collins-rueda-en-benidorm-un-capitulo-de-la-serie-de-la-itv-benidorm\/#breadcrumblist"},"author":{"@id":"https:\/\/eldigitaldeasturias.com\/magazine365\/author\/admin\/#author"},"creator":{"@id":"https:\/\/eldigitaldeasturias.com\/magazine365\/author\/admin\/#author"},"image":{"@type":"ImageObject","url":"https:\/\/eldigitaldeasturias.com\/magazine365\/wp-content\/uploads\/2014\/06\/6330183w.jpg","@id":"https:\/\/eldigitaldeasturias.com\/magazine365\/joan-collins-rueda-en-benidorm-un-capitulo-de-la-serie-de-la-itv-benidorm\/#mainImage","width":800,"height":591},"primaryImageOfPage":{"@id":"https:\/\/eldigitaldeasturias.com\/magazine365\/joan-collins-rueda-en-benidorm-un-capitulo-de-la-serie-de-la-itv-benidorm\/#mainImage"},"datePublished":"2014-06-03T17:19:49+02:00","dateModified":"2014-06-03T17:19:49+02:00"},{"@type":"WebSite","@id":"https:\/\/eldigitaldeasturias.com\/magazine365\/#website","url":"https:\/\/eldigitaldeasturias.com\/magazine365\/","name":"El Digital de Asturias","description":"Revista de ocio, turismo y estilo de vida","inLanguage":"es-ES","publisher":{"@id":"https:\/\/eldigitaldeasturias.com\/magazine365\/#organization"}}]},"og:locale":"es_ES","og:site_name":"El Digital de Asturias \u2013 Revista de ocio, turismo y estilo de vida","og:type":"article","og:title":"Joan Collins rueda en Benidorm un cap\u00edtulo de la serie de la ITV \u2018Benidorm\u2019 | El Digital de Asturias","og:description":"Benidorm (Alicante), 3 jun (EFE).- La actriz Joan Collins, conocida por su papel de la malvada Alexis Carrington en 'Dinast\u00eda', se encuentra en Benidorm rodando un cap\u00edtulo de la serie brit\u00e1nica de comedia que lleva el nombre de la ciudad alicantina, de la que ya se han emitido seis temporadas a trav\u00e9s de la cadena","og:url":"https:\/\/eldigitaldeasturias.com\/magazine365\/joan-collins-rueda-en-benidorm-un-capitulo-de-la-serie-de-la-itv-benidorm\/","og:image":"https:\/\/eldigitaldeasturias.com\/magazine365\/wp-content\/uploads\/2014\/06\/6330183w.jpg","og:image:secure_url":"https:\/\/eldigitaldeasturias.com\/magazine365\/wp-content\/uploads\/2014\/06\/6330183w.jpg","og:image:width":800,"og:image:height":591,"article:published_time":"2014-06-03T19:19:49+00:00","article:modified_time":"2014-06-03T19:19:49+00:00","twitter:card":"summary_large_image","twitter:title":"Joan Collins rueda en Benidorm un cap\u00edtulo de la serie de la ITV \u2018Benidorm\u2019 | El Digital de Asturias","twitter:description":"Benidorm (Alicante), 3 jun (EFE).- La actriz Joan Collins, conocida por su papel de la malvada Alexis Carrington en 'Dinast\u00eda', se encuentra en Benidorm rodando un cap\u00edtulo de la serie brit\u00e1nica de comedia que lleva el nombre de la ciudad alicantina, de la que ya se han emitido seis temporadas a trav\u00e9s de la cadena","twitter:image":"https:\/\/eldigitaldeasturias.com\/magazine365\/wp-content\/uploads\/2014\/06\/6330183w.jpg"},"aioseo_meta_data":{"post_id":"14985","title":null,"description":null,"keywords":null,"keyphrases":null,"primary_term":null,"canonical_url":null,"og_title":null,"og_description":null,"og_object_type":"default","og_image_type":"default","og_image_url":null,"og_image_width":null,"og_image_height":null,"og_image_custom_url":null,"og_image_custom_fields":null,"og_video":null,"og_custom_url":null,"og_article_section":null,"og_article_tags":null,"twitter_use_og":false,"twitter_card":"default","twitter_image_type":"default","twitter_image_url":null,"twitter_image_custom_url":null,"twitter_image_custom_fields":null,"twitter_title":null,"twitter_description":null,"schema":{"blockGraphs":[],"customGraphs":[],"default":{"data":{"Article":[],"Course":[],"Dataset":[],"FAQPage":[],"Movie":[],"Person":[],"Product":[],"ProductReview":[],"Car":[],"Recipe":[],"Service":[],"SoftwareApplication":[],"WebPage":[]},"graphName":"","isEnabled":true},"graphs":[],"defaultGraph":"","defaultPostTypeGraph":""},"schema_type":null,"schema_type_options":null,"pillar_content":false,"robots_default":true,"robots_noindex":false,"robots_noarchive":false,"robots_nosnippet":false,"robots_nofollow":false,"robots_noimageindex":false,"robots_noodp":false,"robots_notranslate":false,"robots_max_snippet":null,"robots_max_videopreview":null,"robots_max_imagepreview":"large","priority":null,"frequency":null,"location":null,"local_seo":null,"seo_analyzer_scan_date":"2025-09-17 11:11:09","breadcrumb_settings":null,"limit_modified_date":false,"open_ai":null,"ai":null,"created":"2021-03-09 08:07:53","updated":"2025-09-17 11:11:09"},"aioseo_breadcrumb":"<div class=\"aioseo-breadcrumbs\"><span class=\"aioseo-breadcrumb\">\n\t<a href=\"https:\/\/eldigitaldeasturias.com\/magazine365\" title=\"Home\">Home<\/a>\n<\/span><span class=\"aioseo-breadcrumb-separator\">\u2013<\/span><span class=\"aioseo-breadcrumb\">\n\t<a href=\"https:\/\/eldigitaldeasturias.com\/magazine365\/category\/actualidad-turismo\/\" title=\"Actualidad Turismo\">Actualidad Turismo<\/a>\n<\/span><span class=\"aioseo-breadcrumb-separator\">\u2013<\/span><span class=\"aioseo-breadcrumb\">\n\t<a href=\"https:\/\/eldigitaldeasturias.com\/magazine365\/joan-collins-rueda-en-benidorm-un-capitulo-de-la-serie-de-la-itv-benidorm\/\" title=\"Joan Collins rueda en Benidorm un cap\u00edtulo de la serie de la ITV \u2018Benidorm\u2019\">Joan Collins rueda en Benidorm un cap\u00edtulo de la serie de la ITV \u2018Benidorm\u2019<\/a>\n<\/span><\/div>","aioseo_breadcrumb_json":[{"label":"Home","link":"https:\/\/eldigitaldeasturias.com\/magazine365"},{"label":"Actualidad Turismo","link":"https:\/\/eldigitaldeasturias.com\/magazine365\/category\/actualidad-turismo\/"},{"label":"Joan Collins rueda en Benidorm un cap\u00edtulo de la serie de la ITV &#8216;Benidorm&#8217;","link":"https:\/\/eldigitaldeasturias.com\/magazine365\/joan-collins-rueda-en-benidorm-un-capitulo-de-la-serie-de-la-itv-benidorm\/"}],"_links":{"self":[{"href":"https:\/\/eldigitaldeasturias.com\/magazine365\/wp-json\/wp\/v2\/posts\/14985","targetHints":{"allow":["GET"]}}],"collection":[{"href":"https:\/\/eldigitaldeasturias.com\/magazine365\/wp-json\/wp\/v2\/posts"}],"about":[{"href":"https:\/\/eldigitaldeasturias.com\/magazine365\/wp-json\/wp\/v2\/types\/post"}],"author":[{"embeddable":true,"href":"https:\/\/eldigitaldeasturias.com\/magazine365\/wp-json\/wp\/v2\/users\/1"}],"replies":[{"embeddable":true,"href":"https:\/\/eldigitaldeasturias.com\/magazine365\/wp-json\/wp\/v2\/comments?post=14985"}],"version-history":[{"count":0,"href":"https:\/\/eldigitaldeasturias.com\/magazine365\/wp-json\/wp\/v2\/posts\/14985\/revisions"}],"wp:featuredmedia":[{"embeddable":true,"href":"https:\/\/eldigitaldeasturias.com\/magazine365\/wp-json\/wp\/v2\/media\/14986"}],"wp:attachment":[{"href":"https:\/\/eldigitaldeasturias.com\/magazine365\/wp-json\/wp\/v2\/media?parent=14985"}],"wp:term":[{"taxonomy":"category","embeddable":true,"href":"https:\/\/eldigitaldeasturias.com\/magazine365\/wp-json\/wp\/v2\/categories?post=14985"},{"taxonomy":"post_tag","embeddable":true,"href":"https:\/\/eldigitaldeasturias.com\/magazine365\/wp-json\/wp\/v2\/tags?post=14985"}],"curies":[{"name":"wp","href":"https:\/\/api.w.org\/{rel}","templated":true}]}}