{"id":14982,"date":"2014-06-03T17:17:23","date_gmt":"2014-06-03T19:17:23","guid":{"rendered":"http:\/\/eldigitaldeasturias.com\/magazine365\/?p=14982"},"modified":"2014-06-03T17:17:23","modified_gmt":"2014-06-03T19:17:23","slug":"peret-artista-invitado-de-la-17-edicion-de-la-feria-mediterrania-de-manresa","status":"publish","type":"post","link":"https:\/\/eldigitaldeasturias.com\/magazine365\/peret-artista-invitado-de-la-17-edicion-de-la-feria-mediterrania-de-manresa\/","title":{"rendered":"Peret, artista invitado de la 17 edici\u00f3n de la Feria Mediterr\u00e0nia de Manresa"},"content":{"rendered":"<p><img fetchpriority=\"high\" decoding=\"async\" class=\"alignleft size-medium wp-image-14983\" alt=\"6330012w\" src=\"https:\/\/eldigitaldeasturias.com\/magazine365\/wp-content\/uploads\/2014\/06\/6330012w-360x250.jpg\" width=\"360\" height=\"250\" srcset=\"https:\/\/eldigitaldeasturias.com\/magazine365\/wp-content\/uploads\/2014\/06\/6330012w-360x250.jpg 360w, https:\/\/eldigitaldeasturias.com\/magazine365\/wp-content\/uploads\/2014\/06\/6330012w-650x452.jpg 650w, https:\/\/eldigitaldeasturias.com\/magazine365\/wp-content\/uploads\/2014\/06\/6330012w-768x534.jpg 768w, https:\/\/eldigitaldeasturias.com\/magazine365\/wp-content\/uploads\/2014\/06\/6330012w-150x104.jpg 150w, https:\/\/eldigitaldeasturias.com\/magazine365\/wp-content\/uploads\/2014\/06\/6330012w-450x313.jpg 450w, https:\/\/eldigitaldeasturias.com\/magazine365\/wp-content\/uploads\/2014\/06\/6330012w-100x70.jpg 100w, https:\/\/eldigitaldeasturias.com\/magazine365\/wp-content\/uploads\/2014\/06\/6330012w-218x150.jpg 218w, https:\/\/eldigitaldeasturias.com\/magazine365\/wp-content\/uploads\/2014\/06\/6330012w-696x484.jpg 696w, https:\/\/eldigitaldeasturias.com\/magazine365\/wp-content\/uploads\/2014\/06\/6330012w-604x420.jpg 604w, https:\/\/eldigitaldeasturias.com\/magazine365\/wp-content\/uploads\/2014\/06\/6330012w.jpg 800w\" sizes=\"(max-width: 360px) 100vw, 360px\" \/>Barcelona, 3 jun (EFE).- El cantante Peret, padre de la rumba catalana, ser\u00e1 el artista invitado de la 17\u00aa edici\u00f3n de la Feria Mediterr\u00e0nia de Manresa de cultura popular y m\u00fasicas del mundo, que tendr\u00e1 lugar del 9 al 12 de octubre.<\/p>\n<p>En la presentaci\u00f3n de su participaci\u00f3n, Peret ha aprovechado para criticar a aquellos que pervierten el sentido de la rumba catalana, un g\u00e9nero que considera que corre un gran riesgo.<\/p>\n<p>\u00abCreo que la rumba catalana sufre una enfermedad, porque un grupo, el Forcat (Fomento de la Rumba Catalana), se ha hecho amo de la rumba catalana, pero en realidad vende salsa\u00bb.<\/p>\n<p>Tras confesar su estima por la rumba catalana, un g\u00e9nero que triunfa en Miami, en China o Jap\u00f3n, Peret ha confesado que no siente que sea el inventor de la rumba catalana, porque: \u00abYo no soy un inventor, ni creo que la m\u00fasica se invente\u00bb.<\/p>\n","protected":false},"excerpt":{"rendered":"<p>Barcelona, 3 jun (EFE).- El cantante Peret, padre de la rumba catalana, ser\u00e1 el artista invitado de la 17\u00aa edici\u00f3n de la Feria Mediterr\u00e0nia de Manresa de cultura popular y m\u00fasicas del mundo, que tendr\u00e1 lugar del 9 al 12 de octubre. En la presentaci\u00f3n de su participaci\u00f3n, Peret ha aprovechado para criticar a aquellos<\/p>\n","protected":false},"author":1,"featured_media":14983,"comment_status":"open","ping_status":"closed","sticky":false,"template":"","format":"standard","meta":{"footnotes":""},"categories":[224],"tags":[],"class_list":{"0":"post-14982","1":"post","2":"type-post","3":"status-publish","4":"format-standard","5":"has-post-thumbnail","7":"category-noticias-actualidad"},"aioseo_notices":[],"aioseo_head":"\n\t\t<!-- All in One SEO Pro 4.9.6.1 - aioseo.com -->\n\t<meta name=\"description\" content=\"Barcelona, 3 jun (EFE).- El cantante Peret, padre de la rumba catalana, ser\u00e1 el artista invitado de la 17\u00aa edici\u00f3n de la Feria Mediterr\u00e0nia de Manresa de cultura popular y m\u00fasicas del mundo, que tendr\u00e1 lugar del 9 al 12 de octubre. En la presentaci\u00f3n de su participaci\u00f3n, Peret ha aprovechado para criticar a aquellos\" \/>\n\t<meta name=\"robots\" content=\"max-image-preview:large\" \/>\n\t<meta name=\"author\" content=\"admin\"\/>\n\t<meta name=\"google-site-verification\" content=\"UA-38556648-1\" \/>\n\t<meta name=\"keywords\" content=\"noticias y actualidad\" \/>\n\t<link rel=\"canonical\" href=\"https:\/\/eldigitaldeasturias.com\/magazine365\/peret-artista-invitado-de-la-17-edicion-de-la-feria-mediterrania-de-manresa\/\" \/>\n\t<meta name=\"generator\" content=\"All in One SEO Pro (AIOSEO) 4.9.6.1\" \/>\n\t\t<meta property=\"og:locale\" content=\"es_ES\" \/>\n\t\t<meta property=\"og:site_name\" content=\"El Digital de Asturias \u2013 Revista de ocio, turismo y estilo de vida\" \/>\n\t\t<meta property=\"og:type\" content=\"article\" \/>\n\t\t<meta property=\"og:title\" content=\"Peret, artista invitado de la 17 edici\u00f3n de la Feria Mediterr\u00e0nia de Manresa | El Digital de Asturias\" \/>\n\t\t<meta property=\"og:description\" content=\"Barcelona, 3 jun (EFE).- El cantante Peret, padre de la rumba catalana, ser\u00e1 el artista invitado de la 17\u00aa edici\u00f3n de la Feria Mediterr\u00e0nia de Manresa de cultura popular y m\u00fasicas del mundo, que tendr\u00e1 lugar del 9 al 12 de octubre. En la presentaci\u00f3n de su participaci\u00f3n, Peret ha aprovechado para criticar a aquellos\" \/>\n\t\t<meta property=\"og:url\" content=\"https:\/\/eldigitaldeasturias.com\/magazine365\/peret-artista-invitado-de-la-17-edicion-de-la-feria-mediterrania-de-manresa\/\" \/>\n\t\t<meta property=\"og:image\" content=\"https:\/\/eldigitaldeasturias.com\/magazine365\/wp-content\/uploads\/2014\/06\/6330012w.jpg\" \/>\n\t\t<meta property=\"og:image:secure_url\" content=\"https:\/\/eldigitaldeasturias.com\/magazine365\/wp-content\/uploads\/2014\/06\/6330012w.jpg\" \/>\n\t\t<meta property=\"og:image:width\" content=\"800\" \/>\n\t\t<meta property=\"og:image:height\" content=\"556\" \/>\n\t\t<meta property=\"article:published_time\" content=\"2014-06-03T19:17:23+00:00\" \/>\n\t\t<meta property=\"article:modified_time\" content=\"2014-06-03T19:17:23+00:00\" \/>\n\t\t<meta name=\"twitter:card\" content=\"summary_large_image\" \/>\n\t\t<meta name=\"twitter:title\" content=\"Peret, artista invitado de la 17 edici\u00f3n de la Feria Mediterr\u00e0nia de Manresa | El Digital de Asturias\" \/>\n\t\t<meta name=\"twitter:description\" content=\"Barcelona, 3 jun (EFE).- El cantante Peret, padre de la rumba catalana, ser\u00e1 el artista invitado de la 17\u00aa edici\u00f3n de la Feria Mediterr\u00e0nia de Manresa de cultura popular y m\u00fasicas del mundo, que tendr\u00e1 lugar del 9 al 12 de octubre. En la presentaci\u00f3n de su participaci\u00f3n, Peret ha aprovechado para criticar a aquellos\" \/>\n\t\t<meta name=\"twitter:image\" content=\"https:\/\/eldigitaldeasturias.com\/magazine365\/wp-content\/uploads\/2014\/06\/6330012w.jpg\" \/>\n\t\t<script type=\"application\/ld+json\" class=\"aioseo-schema\">\n\t\t\t{\"@context\":\"https:\\\/\\\/schema.org\",\"@graph\":[{\"@type\":\"Article\",\"@id\":\"https:\\\/\\\/eldigitaldeasturias.com\\\/magazine365\\\/peret-artista-invitado-de-la-17-edicion-de-la-feria-mediterrania-de-manresa\\\/#article\",\"name\":\"Peret, artista invitado de la 17 edici\\u00f3n de la Feria Mediterr\\u00e0nia de Manresa | El Digital de Asturias\",\"headline\":\"Peret, artista invitado de la 17 edici\\u00f3n de la Feria Mediterr\\u00e0nia de Manresa\",\"author\":{\"@id\":\"https:\\\/\\\/eldigitaldeasturias.com\\\/magazine365\\\/author\\\/admin\\\/#author\"},\"publisher\":{\"@id\":\"https:\\\/\\\/eldigitaldeasturias.com\\\/magazine365\\\/#organization\"},\"image\":{\"@type\":\"ImageObject\",\"url\":\"https:\\\/\\\/eldigitaldeasturias.com\\\/magazine365\\\/wp-content\\\/uploads\\\/2014\\\/06\\\/6330012w.jpg\",\"width\":800,\"height\":556},\"datePublished\":\"2014-06-03T17:17:23+02:00\",\"dateModified\":\"2014-06-03T17:17:23+02:00\",\"inLanguage\":\"es-ES\",\"mainEntityOfPage\":{\"@id\":\"https:\\\/\\\/eldigitaldeasturias.com\\\/magazine365\\\/peret-artista-invitado-de-la-17-edicion-de-la-feria-mediterrania-de-manresa\\\/#webpage\"},\"isPartOf\":{\"@id\":\"https:\\\/\\\/eldigitaldeasturias.com\\\/magazine365\\\/peret-artista-invitado-de-la-17-edicion-de-la-feria-mediterrania-de-manresa\\\/#webpage\"},\"articleSection\":\"Noticias y Actualidad\"},{\"@type\":\"BreadcrumbList\",\"@id\":\"https:\\\/\\\/eldigitaldeasturias.com\\\/magazine365\\\/peret-artista-invitado-de-la-17-edicion-de-la-feria-mediterrania-de-manresa\\\/#breadcrumblist\",\"itemListElement\":[{\"@type\":\"ListItem\",\"@id\":\"https:\\\/\\\/eldigitaldeasturias.com\\\/magazine365#listItem\",\"position\":1,\"name\":\"Home\",\"item\":\"https:\\\/\\\/eldigitaldeasturias.com\\\/magazine365\",\"nextItem\":{\"@type\":\"ListItem\",\"@id\":\"https:\\\/\\\/eldigitaldeasturias.com\\\/magazine365\\\/category\\\/noticias-actualidad\\\/#listItem\",\"name\":\"Noticias y Actualidad\"}},{\"@type\":\"ListItem\",\"@id\":\"https:\\\/\\\/eldigitaldeasturias.com\\\/magazine365\\\/category\\\/noticias-actualidad\\\/#listItem\",\"position\":2,\"name\":\"Noticias y Actualidad\",\"item\":\"https:\\\/\\\/eldigitaldeasturias.com\\\/magazine365\\\/category\\\/noticias-actualidad\\\/\",\"nextItem\":{\"@type\":\"ListItem\",\"@id\":\"https:\\\/\\\/eldigitaldeasturias.com\\\/magazine365\\\/peret-artista-invitado-de-la-17-edicion-de-la-feria-mediterrania-de-manresa\\\/#listItem\",\"name\":\"Peret, artista invitado de la 17 edici\\u00f3n de la Feria Mediterr\\u00e0nia de Manresa\"},\"previousItem\":{\"@type\":\"ListItem\",\"@id\":\"https:\\\/\\\/eldigitaldeasturias.com\\\/magazine365#listItem\",\"name\":\"Home\"}},{\"@type\":\"ListItem\",\"@id\":\"https:\\\/\\\/eldigitaldeasturias.com\\\/magazine365\\\/peret-artista-invitado-de-la-17-edicion-de-la-feria-mediterrania-de-manresa\\\/#listItem\",\"position\":3,\"name\":\"Peret, artista invitado de la 17 edici\\u00f3n de la Feria Mediterr\\u00e0nia de Manresa\",\"previousItem\":{\"@type\":\"ListItem\",\"@id\":\"https:\\\/\\\/eldigitaldeasturias.com\\\/magazine365\\\/category\\\/noticias-actualidad\\\/#listItem\",\"name\":\"Noticias y Actualidad\"}}]},{\"@type\":\"Organization\",\"@id\":\"https:\\\/\\\/eldigitaldeasturias.com\\\/magazine365\\\/#organization\",\"name\":\"El digital de Asturias\",\"description\":\"Revista de ocio, turismo y estilo de vida\",\"url\":\"https:\\\/\\\/eldigitaldeasturias.com\\\/magazine365\\\/\",\"logo\":{\"@type\":\"ImageObject\",\"url\":\"https:\\\/\\\/www.eldigitaldeasturias.com\\\/noticias\\\/wp-content\\\/uploads\\\/2020\\\/12\\\/EDA.jpg\",\"@id\":\"https:\\\/\\\/eldigitaldeasturias.com\\\/magazine365\\\/peret-artista-invitado-de-la-17-edicion-de-la-feria-mediterrania-de-manresa\\\/#organizationLogo\"},\"image\":{\"@id\":\"https:\\\/\\\/eldigitaldeasturias.com\\\/magazine365\\\/peret-artista-invitado-de-la-17-edicion-de-la-feria-mediterrania-de-manresa\\\/#organizationLogo\"}},{\"@type\":\"Person\",\"@id\":\"https:\\\/\\\/eldigitaldeasturias.com\\\/magazine365\\\/author\\\/admin\\\/#author\",\"url\":\"https:\\\/\\\/eldigitaldeasturias.com\\\/magazine365\\\/author\\\/admin\\\/\",\"name\":\"admin\",\"image\":{\"@type\":\"ImageObject\",\"@id\":\"https:\\\/\\\/eldigitaldeasturias.com\\\/magazine365\\\/peret-artista-invitado-de-la-17-edicion-de-la-feria-mediterrania-de-manresa\\\/#authorImage\",\"url\":\"https:\\\/\\\/eldigitaldeasturias.com\\\/magazine365\\\/wp-content\\\/litespeed\\\/avatar\\\/e571bcf59a0edd6fa6838245a470f2fe.jpg?ver=1777574230\",\"width\":96,\"height\":96,\"caption\":\"admin\"}},{\"@type\":\"WebPage\",\"@id\":\"https:\\\/\\\/eldigitaldeasturias.com\\\/magazine365\\\/peret-artista-invitado-de-la-17-edicion-de-la-feria-mediterrania-de-manresa\\\/#webpage\",\"url\":\"https:\\\/\\\/eldigitaldeasturias.com\\\/magazine365\\\/peret-artista-invitado-de-la-17-edicion-de-la-feria-mediterrania-de-manresa\\\/\",\"name\":\"Peret, artista invitado de la 17 edici\\u00f3n de la Feria Mediterr\\u00e0nia de Manresa | El Digital de Asturias\",\"description\":\"Barcelona, 3 jun (EFE).- El cantante Peret, padre de la rumba catalana, ser\\u00e1 el artista invitado de la 17\\u00aa edici\\u00f3n de la Feria Mediterr\\u00e0nia de Manresa de cultura popular y m\\u00fasicas del mundo, que tendr\\u00e1 lugar del 9 al 12 de octubre. En la presentaci\\u00f3n de su participaci\\u00f3n, Peret ha aprovechado para criticar a aquellos\",\"inLanguage\":\"es-ES\",\"isPartOf\":{\"@id\":\"https:\\\/\\\/eldigitaldeasturias.com\\\/magazine365\\\/#website\"},\"breadcrumb\":{\"@id\":\"https:\\\/\\\/eldigitaldeasturias.com\\\/magazine365\\\/peret-artista-invitado-de-la-17-edicion-de-la-feria-mediterrania-de-manresa\\\/#breadcrumblist\"},\"author\":{\"@id\":\"https:\\\/\\\/eldigitaldeasturias.com\\\/magazine365\\\/author\\\/admin\\\/#author\"},\"creator\":{\"@id\":\"https:\\\/\\\/eldigitaldeasturias.com\\\/magazine365\\\/author\\\/admin\\\/#author\"},\"image\":{\"@type\":\"ImageObject\",\"url\":\"https:\\\/\\\/eldigitaldeasturias.com\\\/magazine365\\\/wp-content\\\/uploads\\\/2014\\\/06\\\/6330012w.jpg\",\"@id\":\"https:\\\/\\\/eldigitaldeasturias.com\\\/magazine365\\\/peret-artista-invitado-de-la-17-edicion-de-la-feria-mediterrania-de-manresa\\\/#mainImage\",\"width\":800,\"height\":556},\"primaryImageOfPage\":{\"@id\":\"https:\\\/\\\/eldigitaldeasturias.com\\\/magazine365\\\/peret-artista-invitado-de-la-17-edicion-de-la-feria-mediterrania-de-manresa\\\/#mainImage\"},\"datePublished\":\"2014-06-03T17:17:23+02:00\",\"dateModified\":\"2014-06-03T17:17:23+02:00\"},{\"@type\":\"WebSite\",\"@id\":\"https:\\\/\\\/eldigitaldeasturias.com\\\/magazine365\\\/#website\",\"url\":\"https:\\\/\\\/eldigitaldeasturias.com\\\/magazine365\\\/\",\"name\":\"El Digital de Asturias\",\"description\":\"Revista de ocio, turismo y estilo de vida\",\"inLanguage\":\"es-ES\",\"publisher\":{\"@id\":\"https:\\\/\\\/eldigitaldeasturias.com\\\/magazine365\\\/#organization\"}}]}\n\t\t<\/script>\n\t\t<!-- All in One SEO Pro -->\r\n\t\t<title>Peret, artista invitado de la 17 edici\u00f3n de la Feria Mediterr\u00e0nia de Manresa | El Digital de Asturias<\/title>\n\n","aioseo_head_json":{"title":"Peret, artista invitado de la 17 edici\u00f3n de la Feria Mediterr\u00e0nia de Manresa | El Digital de Asturias","description":"Barcelona, 3 jun (EFE).- El cantante Peret, padre de la rumba catalana, ser\u00e1 el artista invitado de la 17\u00aa edici\u00f3n de la Feria Mediterr\u00e0nia de Manresa de cultura popular y m\u00fasicas del mundo, que tendr\u00e1 lugar del 9 al 12 de octubre. En la presentaci\u00f3n de su participaci\u00f3n, Peret ha aprovechado para criticar a aquellos","canonical_url":"https:\/\/eldigitaldeasturias.com\/magazine365\/peret-artista-invitado-de-la-17-edicion-de-la-feria-mediterrania-de-manresa\/","robots":"max-image-preview:large","keywords":"noticias y actualidad","webmasterTools":{"google-site-verification":"UA-38556648-1","miscellaneous":""},"schema":{"@context":"https:\/\/schema.org","@graph":[{"@type":"Article","@id":"https:\/\/eldigitaldeasturias.com\/magazine365\/peret-artista-invitado-de-la-17-edicion-de-la-feria-mediterrania-de-manresa\/#article","name":"Peret, artista invitado de la 17 edici\u00f3n de la Feria Mediterr\u00e0nia de Manresa | El Digital de Asturias","headline":"Peret, artista invitado de la 17 edici\u00f3n de la Feria Mediterr\u00e0nia de Manresa","author":{"@id":"https:\/\/eldigitaldeasturias.com\/magazine365\/author\/admin\/#author"},"publisher":{"@id":"https:\/\/eldigitaldeasturias.com\/magazine365\/#organization"},"image":{"@type":"ImageObject","url":"https:\/\/eldigitaldeasturias.com\/magazine365\/wp-content\/uploads\/2014\/06\/6330012w.jpg","width":800,"height":556},"datePublished":"2014-06-03T17:17:23+02:00","dateModified":"2014-06-03T17:17:23+02:00","inLanguage":"es-ES","mainEntityOfPage":{"@id":"https:\/\/eldigitaldeasturias.com\/magazine365\/peret-artista-invitado-de-la-17-edicion-de-la-feria-mediterrania-de-manresa\/#webpage"},"isPartOf":{"@id":"https:\/\/eldigitaldeasturias.com\/magazine365\/peret-artista-invitado-de-la-17-edicion-de-la-feria-mediterrania-de-manresa\/#webpage"},"articleSection":"Noticias y Actualidad"},{"@type":"BreadcrumbList","@id":"https:\/\/eldigitaldeasturias.com\/magazine365\/peret-artista-invitado-de-la-17-edicion-de-la-feria-mediterrania-de-manresa\/#breadcrumblist","itemListElement":[{"@type":"ListItem","@id":"https:\/\/eldigitaldeasturias.com\/magazine365#listItem","position":1,"name":"Home","item":"https:\/\/eldigitaldeasturias.com\/magazine365","nextItem":{"@type":"ListItem","@id":"https:\/\/eldigitaldeasturias.com\/magazine365\/category\/noticias-actualidad\/#listItem","name":"Noticias y Actualidad"}},{"@type":"ListItem","@id":"https:\/\/eldigitaldeasturias.com\/magazine365\/category\/noticias-actualidad\/#listItem","position":2,"name":"Noticias y Actualidad","item":"https:\/\/eldigitaldeasturias.com\/magazine365\/category\/noticias-actualidad\/","nextItem":{"@type":"ListItem","@id":"https:\/\/eldigitaldeasturias.com\/magazine365\/peret-artista-invitado-de-la-17-edicion-de-la-feria-mediterrania-de-manresa\/#listItem","name":"Peret, artista invitado de la 17 edici\u00f3n de la Feria Mediterr\u00e0nia de Manresa"},"previousItem":{"@type":"ListItem","@id":"https:\/\/eldigitaldeasturias.com\/magazine365#listItem","name":"Home"}},{"@type":"ListItem","@id":"https:\/\/eldigitaldeasturias.com\/magazine365\/peret-artista-invitado-de-la-17-edicion-de-la-feria-mediterrania-de-manresa\/#listItem","position":3,"name":"Peret, artista invitado de la 17 edici\u00f3n de la Feria Mediterr\u00e0nia de Manresa","previousItem":{"@type":"ListItem","@id":"https:\/\/eldigitaldeasturias.com\/magazine365\/category\/noticias-actualidad\/#listItem","name":"Noticias y Actualidad"}}]},{"@type":"Organization","@id":"https:\/\/eldigitaldeasturias.com\/magazine365\/#organization","name":"El digital de Asturias","description":"Revista de ocio, turismo y estilo de vida","url":"https:\/\/eldigitaldeasturias.com\/magazine365\/","logo":{"@type":"ImageObject","url":"https:\/\/www.eldigitaldeasturias.com\/noticias\/wp-content\/uploads\/2020\/12\/EDA.jpg","@id":"https:\/\/eldigitaldeasturias.com\/magazine365\/peret-artista-invitado-de-la-17-edicion-de-la-feria-mediterrania-de-manresa\/#organizationLogo"},"image":{"@id":"https:\/\/eldigitaldeasturias.com\/magazine365\/peret-artista-invitado-de-la-17-edicion-de-la-feria-mediterrania-de-manresa\/#organizationLogo"}},{"@type":"Person","@id":"https:\/\/eldigitaldeasturias.com\/magazine365\/author\/admin\/#author","url":"https:\/\/eldigitaldeasturias.com\/magazine365\/author\/admin\/","name":"admin","image":{"@type":"ImageObject","@id":"https:\/\/eldigitaldeasturias.com\/magazine365\/peret-artista-invitado-de-la-17-edicion-de-la-feria-mediterrania-de-manresa\/#authorImage","url":"https:\/\/eldigitaldeasturias.com\/magazine365\/wp-content\/litespeed\/avatar\/e571bcf59a0edd6fa6838245a470f2fe.jpg?ver=1777574230","width":96,"height":96,"caption":"admin"}},{"@type":"WebPage","@id":"https:\/\/eldigitaldeasturias.com\/magazine365\/peret-artista-invitado-de-la-17-edicion-de-la-feria-mediterrania-de-manresa\/#webpage","url":"https:\/\/eldigitaldeasturias.com\/magazine365\/peret-artista-invitado-de-la-17-edicion-de-la-feria-mediterrania-de-manresa\/","name":"Peret, artista invitado de la 17 edici\u00f3n de la Feria Mediterr\u00e0nia de Manresa | El Digital de Asturias","description":"Barcelona, 3 jun (EFE).- El cantante Peret, padre de la rumba catalana, ser\u00e1 el artista invitado de la 17\u00aa edici\u00f3n de la Feria Mediterr\u00e0nia de Manresa de cultura popular y m\u00fasicas del mundo, que tendr\u00e1 lugar del 9 al 12 de octubre. En la presentaci\u00f3n de su participaci\u00f3n, Peret ha aprovechado para criticar a aquellos","inLanguage":"es-ES","isPartOf":{"@id":"https:\/\/eldigitaldeasturias.com\/magazine365\/#website"},"breadcrumb":{"@id":"https:\/\/eldigitaldeasturias.com\/magazine365\/peret-artista-invitado-de-la-17-edicion-de-la-feria-mediterrania-de-manresa\/#breadcrumblist"},"author":{"@id":"https:\/\/eldigitaldeasturias.com\/magazine365\/author\/admin\/#author"},"creator":{"@id":"https:\/\/eldigitaldeasturias.com\/magazine365\/author\/admin\/#author"},"image":{"@type":"ImageObject","url":"https:\/\/eldigitaldeasturias.com\/magazine365\/wp-content\/uploads\/2014\/06\/6330012w.jpg","@id":"https:\/\/eldigitaldeasturias.com\/magazine365\/peret-artista-invitado-de-la-17-edicion-de-la-feria-mediterrania-de-manresa\/#mainImage","width":800,"height":556},"primaryImageOfPage":{"@id":"https:\/\/eldigitaldeasturias.com\/magazine365\/peret-artista-invitado-de-la-17-edicion-de-la-feria-mediterrania-de-manresa\/#mainImage"},"datePublished":"2014-06-03T17:17:23+02:00","dateModified":"2014-06-03T17:17:23+02:00"},{"@type":"WebSite","@id":"https:\/\/eldigitaldeasturias.com\/magazine365\/#website","url":"https:\/\/eldigitaldeasturias.com\/magazine365\/","name":"El Digital de Asturias","description":"Revista de ocio, turismo y estilo de vida","inLanguage":"es-ES","publisher":{"@id":"https:\/\/eldigitaldeasturias.com\/magazine365\/#organization"}}]},"og:locale":"es_ES","og:site_name":"El Digital de Asturias \u2013 Revista de ocio, turismo y estilo de vida","og:type":"article","og:title":"Peret, artista invitado de la 17 edici\u00f3n de la Feria Mediterr\u00e0nia de Manresa | El Digital de Asturias","og:description":"Barcelona, 3 jun (EFE).- El cantante Peret, padre de la rumba catalana, ser\u00e1 el artista invitado de la 17\u00aa edici\u00f3n de la Feria Mediterr\u00e0nia de Manresa de cultura popular y m\u00fasicas del mundo, que tendr\u00e1 lugar del 9 al 12 de octubre. En la presentaci\u00f3n de su participaci\u00f3n, Peret ha aprovechado para criticar a aquellos","og:url":"https:\/\/eldigitaldeasturias.com\/magazine365\/peret-artista-invitado-de-la-17-edicion-de-la-feria-mediterrania-de-manresa\/","og:image":"https:\/\/eldigitaldeasturias.com\/magazine365\/wp-content\/uploads\/2014\/06\/6330012w.jpg","og:image:secure_url":"https:\/\/eldigitaldeasturias.com\/magazine365\/wp-content\/uploads\/2014\/06\/6330012w.jpg","og:image:width":800,"og:image:height":556,"article:published_time":"2014-06-03T19:17:23+00:00","article:modified_time":"2014-06-03T19:17:23+00:00","twitter:card":"summary_large_image","twitter:title":"Peret, artista invitado de la 17 edici\u00f3n de la Feria Mediterr\u00e0nia de Manresa | El Digital de Asturias","twitter:description":"Barcelona, 3 jun (EFE).- El cantante Peret, padre de la rumba catalana, ser\u00e1 el artista invitado de la 17\u00aa edici\u00f3n de la Feria Mediterr\u00e0nia de Manresa de cultura popular y m\u00fasicas del mundo, que tendr\u00e1 lugar del 9 al 12 de octubre. En la presentaci\u00f3n de su participaci\u00f3n, Peret ha aprovechado para criticar a aquellos","twitter:image":"https:\/\/eldigitaldeasturias.com\/magazine365\/wp-content\/uploads\/2014\/06\/6330012w.jpg"},"aioseo_meta_data":{"post_id":"14982","title":null,"description":null,"keywords":null,"keyphrases":null,"primary_term":null,"canonical_url":null,"og_title":null,"og_description":null,"og_object_type":"default","og_image_type":"default","og_image_url":null,"og_image_width":null,"og_image_height":null,"og_image_custom_url":null,"og_image_custom_fields":null,"og_video":null,"og_custom_url":null,"og_article_section":null,"og_article_tags":null,"twitter_use_og":false,"twitter_card":"default","twitter_image_type":"default","twitter_image_url":null,"twitter_image_custom_url":null,"twitter_image_custom_fields":null,"twitter_title":null,"twitter_description":null,"schema":{"blockGraphs":[],"customGraphs":[],"default":{"data":{"Article":[],"Course":[],"Dataset":[],"FAQPage":[],"Movie":[],"Person":[],"Product":[],"ProductReview":[],"Car":[],"Recipe":[],"Service":[],"SoftwareApplication":[],"WebPage":[]},"graphName":"","isEnabled":true},"graphs":[],"defaultGraph":"","defaultPostTypeGraph":""},"schema_type":null,"schema_type_options":null,"pillar_content":false,"robots_default":true,"robots_noindex":false,"robots_noarchive":false,"robots_nosnippet":false,"robots_nofollow":false,"robots_noimageindex":false,"robots_noodp":false,"robots_notranslate":false,"robots_max_snippet":null,"robots_max_videopreview":null,"robots_max_imagepreview":"large","priority":null,"frequency":null,"location":null,"local_seo":null,"seo_analyzer_scan_date":"2025-09-17 11:11:08","breadcrumb_settings":null,"limit_modified_date":false,"open_ai":null,"ai":null,"created":"2021-03-09 08:07:53","updated":"2025-09-17 11:11:08"},"aioseo_breadcrumb":"<div class=\"aioseo-breadcrumbs\"><span class=\"aioseo-breadcrumb\">\n\t<a href=\"https:\/\/eldigitaldeasturias.com\/magazine365\" title=\"Home\">Home<\/a>\n<\/span><span class=\"aioseo-breadcrumb-separator\">\u2013<\/span><span class=\"aioseo-breadcrumb\">\n\t<a href=\"https:\/\/eldigitaldeasturias.com\/magazine365\/category\/noticias-actualidad\/\" title=\"Noticias y Actualidad\">Noticias y Actualidad<\/a>\n<\/span><span class=\"aioseo-breadcrumb-separator\">\u2013<\/span><span class=\"aioseo-breadcrumb\">\n\t<a href=\"https:\/\/eldigitaldeasturias.com\/magazine365\/peret-artista-invitado-de-la-17-edicion-de-la-feria-mediterrania-de-manresa\/\" title=\"Peret, artista invitado de la 17 edici\u00f3n de la Feria Mediterr\u00e0nia de Manresa\">Peret, artista invitado de la 17 edici\u00f3n de la Feria Mediterr\u00e0nia de Manresa<\/a>\n<\/span><\/div>","aioseo_breadcrumb_json":[{"label":"Home","link":"https:\/\/eldigitaldeasturias.com\/magazine365"},{"label":"Noticias y Actualidad","link":"https:\/\/eldigitaldeasturias.com\/magazine365\/category\/noticias-actualidad\/"},{"label":"Peret, artista invitado de la 17 edici\u00f3n de la Feria Mediterr\u00e0nia de Manresa","link":"https:\/\/eldigitaldeasturias.com\/magazine365\/peret-artista-invitado-de-la-17-edicion-de-la-feria-mediterrania-de-manresa\/"}],"_links":{"self":[{"href":"https:\/\/eldigitaldeasturias.com\/magazine365\/wp-json\/wp\/v2\/posts\/14982","targetHints":{"allow":["GET"]}}],"collection":[{"href":"https:\/\/eldigitaldeasturias.com\/magazine365\/wp-json\/wp\/v2\/posts"}],"about":[{"href":"https:\/\/eldigitaldeasturias.com\/magazine365\/wp-json\/wp\/v2\/types\/post"}],"author":[{"embeddable":true,"href":"https:\/\/eldigitaldeasturias.com\/magazine365\/wp-json\/wp\/v2\/users\/1"}],"replies":[{"embeddable":true,"href":"https:\/\/eldigitaldeasturias.com\/magazine365\/wp-json\/wp\/v2\/comments?post=14982"}],"version-history":[{"count":0,"href":"https:\/\/eldigitaldeasturias.com\/magazine365\/wp-json\/wp\/v2\/posts\/14982\/revisions"}],"wp:featuredmedia":[{"embeddable":true,"href":"https:\/\/eldigitaldeasturias.com\/magazine365\/wp-json\/wp\/v2\/media\/14983"}],"wp:attachment":[{"href":"https:\/\/eldigitaldeasturias.com\/magazine365\/wp-json\/wp\/v2\/media?parent=14982"}],"wp:term":[{"taxonomy":"category","embeddable":true,"href":"https:\/\/eldigitaldeasturias.com\/magazine365\/wp-json\/wp\/v2\/categories?post=14982"},{"taxonomy":"post_tag","embeddable":true,"href":"https:\/\/eldigitaldeasturias.com\/magazine365\/wp-json\/wp\/v2\/tags?post=14982"}],"curies":[{"name":"wp","href":"https:\/\/api.w.org\/{rel}","templated":true}]}}