{"id":14979,"date":"2014-06-03T17:16:09","date_gmt":"2014-06-03T19:16:09","guid":{"rendered":"http:\/\/eldigitaldeasturias.com\/magazine365\/?p=14979"},"modified":"2014-06-03T17:16:09","modified_gmt":"2014-06-03T19:16:09","slug":"la-cantante-vera-lynn-cerca-de-las-listas-de-exitos-a-sus-97-anos","status":"publish","type":"post","link":"https:\/\/eldigitaldeasturias.com\/magazine365\/la-cantante-vera-lynn-cerca-de-las-listas-de-exitos-a-sus-97-anos\/","title":{"rendered":"La cantante Vera Lynn, cerca de las listas de \u00e9xitos a sus 97 a\u00f1os"},"content":{"rendered":"<p><img fetchpriority=\"high\" decoding=\"async\" class=\"alignleft size-medium wp-image-14980\" alt=\"6329994w\" src=\"https:\/\/eldigitaldeasturias.com\/magazine365\/wp-content\/uploads\/2014\/06\/6329994w-319x300.jpg\" width=\"319\" height=\"300\" \/>Londres, 3 jun (EFE).- El nuevo disco recopilatorio de la cantante brit\u00e1nica Vera Lynn, de 97 a\u00f1os, va camino de colocarse entre los veinte \u00e1lbumes m\u00e1s vendidos del momento en el Reino Unido, seg\u00fan divulg\u00f3 hoy su discogr\u00e1fica.<\/p>\n<p>La semana en la que se celebra el 70 aniversario del desembarco de Normand\u00eda, el 6 de junio de 1944, Decca Records ha publicado la colecci\u00f3n \u00abVera Lynn: National Treasure\u00bb (\u00abVera Lynn: Tesoro Nacional\u00bb), un compendio de los grandes \u00e9xitos de una int\u00e9rprete que alcanz\u00f3 la fama arengando a las tropas brit\u00e1nicas durante la II Guerra Mundial.<\/p>\n<p>Lynn, apodada \u00abThe Forces&#8217; Sweetheart\u00bb (\u00abLa novia de las Fuerzas Armadas\u00bb), inici\u00f3 su carrera en 1940 con un programa de radio dedicado a los soldados en el extranjero y actu\u00f3 por \u00faltima vez en directo en 1995, con 78 a\u00f1os, en un festival ante el Palacio de Buckingham, en Londres.<\/p>\n<p>La cantante ha continuado activa a pesar de haberse retirado de los escenarios y desde entonces ha liderado diversas campa\u00f1as ben\u00e9ficas y publicado varias reediciones de sus trabajos.<\/p>\n<p>Su anterior \u00e1lbum, otro recopilatorio de grandes \u00e9xitos -\u00abWe&#8217;ll Meet Again\u00bb (\u00abNos encontraremos de nuevo\u00bb)-, situ\u00f3 a Lynn como la artista viva m\u00e1s longeva en alcanzar el n\u00famero uno en las listas de \u00e1lbumes m\u00e1s vendidos.<\/p>\n<p>\u00abAquello fue un shock. No pensaba que todav\u00eda fuera a estar por aqu\u00ed, as\u00ed que tampoco pod\u00eda imaginar que fuera a lograr otro n\u00famero uno\u00bb, afirm\u00f3 entonces Lynn.<\/p>\n<p>El nuevo disco que se edit\u00f3 esta semana, cinco a\u00f1os m\u00e1s tarde, recupera temas que hasta ahora solo estaban publicados en vinilo.<\/p>\n<p>\u00abNunca pens\u00e9 que lo que estaba haciendo fuera a perdurar tanto tiempo. Nunca tuve una ambici\u00f3n desbocada\u00bb, dijo esta semana Lynn en una entrevista con el tabloide brit\u00e1nico \u00abDaily Mail\u00bb.<\/p>\n<p>\u00abCreo que es maravilloso que todav\u00eda se disfruten mis canciones, especialmente si animan a la gente a conmemorar lo que ocurri\u00f3 hace 70 a\u00f1os\u00bb, afirm\u00f3 la cantante.<\/p>\n","protected":false},"excerpt":{"rendered":"<p>Londres, 3 jun (EFE).- El nuevo disco recopilatorio de la cantante brit\u00e1nica Vera Lynn, de 97 a\u00f1os, va camino de colocarse entre los veinte \u00e1lbumes m\u00e1s vendidos del momento en el Reino Unido, seg\u00fan divulg\u00f3 hoy su discogr\u00e1fica. La semana en la que se celebra el 70 aniversario del desembarco de Normand\u00eda, el 6 de<\/p>\n","protected":false},"author":1,"featured_media":14980,"comment_status":"open","ping_status":"closed","sticky":false,"template":"","format":"standard","meta":{"footnotes":""},"categories":[224],"tags":[],"class_list":{"0":"post-14979","1":"post","2":"type-post","3":"status-publish","4":"format-standard","5":"has-post-thumbnail","7":"category-noticias-actualidad"},"aioseo_notices":[],"aioseo_head":"\n\t\t<!-- All in One SEO Pro 4.9.6.1 - aioseo.com -->\n\t<meta name=\"description\" content=\"Londres, 3 jun (EFE).- El nuevo disco recopilatorio de la cantante brit\u00e1nica Vera Lynn, de 97 a\u00f1os, va camino de colocarse entre los veinte \u00e1lbumes m\u00e1s vendidos del momento en el Reino Unido, seg\u00fan divulg\u00f3 hoy su discogr\u00e1fica. La semana en la que se celebra el 70 aniversario del desembarco de Normand\u00eda, el 6 de\" \/>\n\t<meta name=\"robots\" content=\"max-image-preview:large\" \/>\n\t<meta name=\"author\" content=\"admin\"\/>\n\t<meta name=\"google-site-verification\" content=\"UA-38556648-1\" \/>\n\t<meta name=\"keywords\" content=\"noticias y actualidad\" \/>\n\t<link rel=\"canonical\" href=\"https:\/\/eldigitaldeasturias.com\/magazine365\/la-cantante-vera-lynn-cerca-de-las-listas-de-exitos-a-sus-97-anos\/\" \/>\n\t<meta name=\"generator\" content=\"All in One SEO Pro (AIOSEO) 4.9.6.1\" \/>\n\t\t<meta property=\"og:locale\" content=\"es_ES\" \/>\n\t\t<meta property=\"og:site_name\" content=\"El Digital de Asturias \u2013 Revista de ocio, turismo y estilo de vida\" \/>\n\t\t<meta property=\"og:type\" content=\"article\" \/>\n\t\t<meta property=\"og:title\" content=\"La cantante Vera Lynn, cerca de las listas de \u00e9xitos a sus 97 a\u00f1os | El Digital de Asturias\" \/>\n\t\t<meta property=\"og:description\" content=\"Londres, 3 jun (EFE).- El nuevo disco recopilatorio de la cantante brit\u00e1nica Vera Lynn, de 97 a\u00f1os, va camino de colocarse entre los veinte \u00e1lbumes m\u00e1s vendidos del momento en el Reino Unido, seg\u00fan divulg\u00f3 hoy su discogr\u00e1fica. La semana en la que se celebra el 70 aniversario del desembarco de Normand\u00eda, el 6 de\" \/>\n\t\t<meta property=\"og:url\" content=\"https:\/\/eldigitaldeasturias.com\/magazine365\/la-cantante-vera-lynn-cerca-de-las-listas-de-exitos-a-sus-97-anos\/\" \/>\n\t\t<meta property=\"og:image\" content=\"https:\/\/eldigitaldeasturias.com\/magazine365\/wp-content\/uploads\/2014\/06\/6329994w.jpg\" \/>\n\t\t<meta property=\"og:image:secure_url\" content=\"https:\/\/eldigitaldeasturias.com\/magazine365\/wp-content\/uploads\/2014\/06\/6329994w.jpg\" \/>\n\t\t<meta property=\"og:image:width\" content=\"800\" \/>\n\t\t<meta property=\"og:image:height\" content=\"751\" \/>\n\t\t<meta property=\"article:published_time\" content=\"2014-06-03T19:16:09+00:00\" \/>\n\t\t<meta property=\"article:modified_time\" content=\"2014-06-03T19:16:09+00:00\" \/>\n\t\t<meta name=\"twitter:card\" content=\"summary_large_image\" \/>\n\t\t<meta name=\"twitter:title\" content=\"La cantante Vera Lynn, cerca de las listas de \u00e9xitos a sus 97 a\u00f1os | El Digital de Asturias\" \/>\n\t\t<meta name=\"twitter:description\" content=\"Londres, 3 jun (EFE).- El nuevo disco recopilatorio de la cantante brit\u00e1nica Vera Lynn, de 97 a\u00f1os, va camino de colocarse entre los veinte \u00e1lbumes m\u00e1s vendidos del momento en el Reino Unido, seg\u00fan divulg\u00f3 hoy su discogr\u00e1fica. La semana en la que se celebra el 70 aniversario del desembarco de Normand\u00eda, el 6 de\" \/>\n\t\t<meta name=\"twitter:image\" content=\"https:\/\/eldigitaldeasturias.com\/magazine365\/wp-content\/uploads\/2014\/06\/6329994w.jpg\" \/>\n\t\t<script type=\"application\/ld+json\" class=\"aioseo-schema\">\n\t\t\t{\"@context\":\"https:\\\/\\\/schema.org\",\"@graph\":[{\"@type\":\"Article\",\"@id\":\"https:\\\/\\\/eldigitaldeasturias.com\\\/magazine365\\\/la-cantante-vera-lynn-cerca-de-las-listas-de-exitos-a-sus-97-anos\\\/#article\",\"name\":\"La cantante Vera Lynn, cerca de las listas de \\u00e9xitos a sus 97 a\\u00f1os | El Digital de Asturias\",\"headline\":\"La cantante Vera Lynn, cerca de las listas de \\u00e9xitos a sus 97 a\\u00f1os\",\"author\":{\"@id\":\"https:\\\/\\\/eldigitaldeasturias.com\\\/magazine365\\\/author\\\/admin\\\/#author\"},\"publisher\":{\"@id\":\"https:\\\/\\\/eldigitaldeasturias.com\\\/magazine365\\\/#organization\"},\"image\":{\"@type\":\"ImageObject\",\"url\":\"https:\\\/\\\/eldigitaldeasturias.com\\\/magazine365\\\/wp-content\\\/uploads\\\/2014\\\/06\\\/6329994w.jpg\",\"width\":800,\"height\":751},\"datePublished\":\"2014-06-03T17:16:09+02:00\",\"dateModified\":\"2014-06-03T17:16:09+02:00\",\"inLanguage\":\"es-ES\",\"mainEntityOfPage\":{\"@id\":\"https:\\\/\\\/eldigitaldeasturias.com\\\/magazine365\\\/la-cantante-vera-lynn-cerca-de-las-listas-de-exitos-a-sus-97-anos\\\/#webpage\"},\"isPartOf\":{\"@id\":\"https:\\\/\\\/eldigitaldeasturias.com\\\/magazine365\\\/la-cantante-vera-lynn-cerca-de-las-listas-de-exitos-a-sus-97-anos\\\/#webpage\"},\"articleSection\":\"Noticias y Actualidad\"},{\"@type\":\"BreadcrumbList\",\"@id\":\"https:\\\/\\\/eldigitaldeasturias.com\\\/magazine365\\\/la-cantante-vera-lynn-cerca-de-las-listas-de-exitos-a-sus-97-anos\\\/#breadcrumblist\",\"itemListElement\":[{\"@type\":\"ListItem\",\"@id\":\"https:\\\/\\\/eldigitaldeasturias.com\\\/magazine365#listItem\",\"position\":1,\"name\":\"Home\",\"item\":\"https:\\\/\\\/eldigitaldeasturias.com\\\/magazine365\",\"nextItem\":{\"@type\":\"ListItem\",\"@id\":\"https:\\\/\\\/eldigitaldeasturias.com\\\/magazine365\\\/category\\\/noticias-actualidad\\\/#listItem\",\"name\":\"Noticias y Actualidad\"}},{\"@type\":\"ListItem\",\"@id\":\"https:\\\/\\\/eldigitaldeasturias.com\\\/magazine365\\\/category\\\/noticias-actualidad\\\/#listItem\",\"position\":2,\"name\":\"Noticias y Actualidad\",\"item\":\"https:\\\/\\\/eldigitaldeasturias.com\\\/magazine365\\\/category\\\/noticias-actualidad\\\/\",\"nextItem\":{\"@type\":\"ListItem\",\"@id\":\"https:\\\/\\\/eldigitaldeasturias.com\\\/magazine365\\\/la-cantante-vera-lynn-cerca-de-las-listas-de-exitos-a-sus-97-anos\\\/#listItem\",\"name\":\"La cantante Vera Lynn, cerca de las listas de \\u00e9xitos a sus 97 a\\u00f1os\"},\"previousItem\":{\"@type\":\"ListItem\",\"@id\":\"https:\\\/\\\/eldigitaldeasturias.com\\\/magazine365#listItem\",\"name\":\"Home\"}},{\"@type\":\"ListItem\",\"@id\":\"https:\\\/\\\/eldigitaldeasturias.com\\\/magazine365\\\/la-cantante-vera-lynn-cerca-de-las-listas-de-exitos-a-sus-97-anos\\\/#listItem\",\"position\":3,\"name\":\"La cantante Vera Lynn, cerca de las listas de \\u00e9xitos a sus 97 a\\u00f1os\",\"previousItem\":{\"@type\":\"ListItem\",\"@id\":\"https:\\\/\\\/eldigitaldeasturias.com\\\/magazine365\\\/category\\\/noticias-actualidad\\\/#listItem\",\"name\":\"Noticias y Actualidad\"}}]},{\"@type\":\"Organization\",\"@id\":\"https:\\\/\\\/eldigitaldeasturias.com\\\/magazine365\\\/#organization\",\"name\":\"El digital de Asturias\",\"description\":\"Revista de ocio, turismo y estilo de vida\",\"url\":\"https:\\\/\\\/eldigitaldeasturias.com\\\/magazine365\\\/\",\"logo\":{\"@type\":\"ImageObject\",\"url\":\"https:\\\/\\\/www.eldigitaldeasturias.com\\\/noticias\\\/wp-content\\\/uploads\\\/2020\\\/12\\\/EDA.jpg\",\"@id\":\"https:\\\/\\\/eldigitaldeasturias.com\\\/magazine365\\\/la-cantante-vera-lynn-cerca-de-las-listas-de-exitos-a-sus-97-anos\\\/#organizationLogo\"},\"image\":{\"@id\":\"https:\\\/\\\/eldigitaldeasturias.com\\\/magazine365\\\/la-cantante-vera-lynn-cerca-de-las-listas-de-exitos-a-sus-97-anos\\\/#organizationLogo\"}},{\"@type\":\"Person\",\"@id\":\"https:\\\/\\\/eldigitaldeasturias.com\\\/magazine365\\\/author\\\/admin\\\/#author\",\"url\":\"https:\\\/\\\/eldigitaldeasturias.com\\\/magazine365\\\/author\\\/admin\\\/\",\"name\":\"admin\",\"image\":{\"@type\":\"ImageObject\",\"@id\":\"https:\\\/\\\/eldigitaldeasturias.com\\\/magazine365\\\/la-cantante-vera-lynn-cerca-de-las-listas-de-exitos-a-sus-97-anos\\\/#authorImage\",\"url\":\"https:\\\/\\\/eldigitaldeasturias.com\\\/magazine365\\\/wp-content\\\/litespeed\\\/avatar\\\/e571bcf59a0edd6fa6838245a470f2fe.jpg?ver=1777574230\",\"width\":96,\"height\":96,\"caption\":\"admin\"}},{\"@type\":\"WebPage\",\"@id\":\"https:\\\/\\\/eldigitaldeasturias.com\\\/magazine365\\\/la-cantante-vera-lynn-cerca-de-las-listas-de-exitos-a-sus-97-anos\\\/#webpage\",\"url\":\"https:\\\/\\\/eldigitaldeasturias.com\\\/magazine365\\\/la-cantante-vera-lynn-cerca-de-las-listas-de-exitos-a-sus-97-anos\\\/\",\"name\":\"La cantante Vera Lynn, cerca de las listas de \\u00e9xitos a sus 97 a\\u00f1os | El Digital de Asturias\",\"description\":\"Londres, 3 jun (EFE).- El nuevo disco recopilatorio de la cantante brit\\u00e1nica Vera Lynn, de 97 a\\u00f1os, va camino de colocarse entre los veinte \\u00e1lbumes m\\u00e1s vendidos del momento en el Reino Unido, seg\\u00fan divulg\\u00f3 hoy su discogr\\u00e1fica. La semana en la que se celebra el 70 aniversario del desembarco de Normand\\u00eda, el 6 de\",\"inLanguage\":\"es-ES\",\"isPartOf\":{\"@id\":\"https:\\\/\\\/eldigitaldeasturias.com\\\/magazine365\\\/#website\"},\"breadcrumb\":{\"@id\":\"https:\\\/\\\/eldigitaldeasturias.com\\\/magazine365\\\/la-cantante-vera-lynn-cerca-de-las-listas-de-exitos-a-sus-97-anos\\\/#breadcrumblist\"},\"author\":{\"@id\":\"https:\\\/\\\/eldigitaldeasturias.com\\\/magazine365\\\/author\\\/admin\\\/#author\"},\"creator\":{\"@id\":\"https:\\\/\\\/eldigitaldeasturias.com\\\/magazine365\\\/author\\\/admin\\\/#author\"},\"image\":{\"@type\":\"ImageObject\",\"url\":\"https:\\\/\\\/eldigitaldeasturias.com\\\/magazine365\\\/wp-content\\\/uploads\\\/2014\\\/06\\\/6329994w.jpg\",\"@id\":\"https:\\\/\\\/eldigitaldeasturias.com\\\/magazine365\\\/la-cantante-vera-lynn-cerca-de-las-listas-de-exitos-a-sus-97-anos\\\/#mainImage\",\"width\":800,\"height\":751},\"primaryImageOfPage\":{\"@id\":\"https:\\\/\\\/eldigitaldeasturias.com\\\/magazine365\\\/la-cantante-vera-lynn-cerca-de-las-listas-de-exitos-a-sus-97-anos\\\/#mainImage\"},\"datePublished\":\"2014-06-03T17:16:09+02:00\",\"dateModified\":\"2014-06-03T17:16:09+02:00\"},{\"@type\":\"WebSite\",\"@id\":\"https:\\\/\\\/eldigitaldeasturias.com\\\/magazine365\\\/#website\",\"url\":\"https:\\\/\\\/eldigitaldeasturias.com\\\/magazine365\\\/\",\"name\":\"El Digital de Asturias\",\"description\":\"Revista de ocio, turismo y estilo de vida\",\"inLanguage\":\"es-ES\",\"publisher\":{\"@id\":\"https:\\\/\\\/eldigitaldeasturias.com\\\/magazine365\\\/#organization\"}}]}\n\t\t<\/script>\n\t\t<!-- All in One SEO Pro -->\r\n\t\t<title>La cantante Vera Lynn, cerca de las listas de \u00e9xitos a sus 97 a\u00f1os | El Digital de Asturias<\/title>\n\n","aioseo_head_json":{"title":"La cantante Vera Lynn, cerca de las listas de \u00e9xitos a sus 97 a\u00f1os | El Digital de Asturias","description":"Londres, 3 jun (EFE).- El nuevo disco recopilatorio de la cantante brit\u00e1nica Vera Lynn, de 97 a\u00f1os, va camino de colocarse entre los veinte \u00e1lbumes m\u00e1s vendidos del momento en el Reino Unido, seg\u00fan divulg\u00f3 hoy su discogr\u00e1fica. La semana en la que se celebra el 70 aniversario del desembarco de Normand\u00eda, el 6 de","canonical_url":"https:\/\/eldigitaldeasturias.com\/magazine365\/la-cantante-vera-lynn-cerca-de-las-listas-de-exitos-a-sus-97-anos\/","robots":"max-image-preview:large","keywords":"noticias y actualidad","webmasterTools":{"google-site-verification":"UA-38556648-1","miscellaneous":""},"schema":{"@context":"https:\/\/schema.org","@graph":[{"@type":"Article","@id":"https:\/\/eldigitaldeasturias.com\/magazine365\/la-cantante-vera-lynn-cerca-de-las-listas-de-exitos-a-sus-97-anos\/#article","name":"La cantante Vera Lynn, cerca de las listas de \u00e9xitos a sus 97 a\u00f1os | El Digital de Asturias","headline":"La cantante Vera Lynn, cerca de las listas de \u00e9xitos a sus 97 a\u00f1os","author":{"@id":"https:\/\/eldigitaldeasturias.com\/magazine365\/author\/admin\/#author"},"publisher":{"@id":"https:\/\/eldigitaldeasturias.com\/magazine365\/#organization"},"image":{"@type":"ImageObject","url":"https:\/\/eldigitaldeasturias.com\/magazine365\/wp-content\/uploads\/2014\/06\/6329994w.jpg","width":800,"height":751},"datePublished":"2014-06-03T17:16:09+02:00","dateModified":"2014-06-03T17:16:09+02:00","inLanguage":"es-ES","mainEntityOfPage":{"@id":"https:\/\/eldigitaldeasturias.com\/magazine365\/la-cantante-vera-lynn-cerca-de-las-listas-de-exitos-a-sus-97-anos\/#webpage"},"isPartOf":{"@id":"https:\/\/eldigitaldeasturias.com\/magazine365\/la-cantante-vera-lynn-cerca-de-las-listas-de-exitos-a-sus-97-anos\/#webpage"},"articleSection":"Noticias y Actualidad"},{"@type":"BreadcrumbList","@id":"https:\/\/eldigitaldeasturias.com\/magazine365\/la-cantante-vera-lynn-cerca-de-las-listas-de-exitos-a-sus-97-anos\/#breadcrumblist","itemListElement":[{"@type":"ListItem","@id":"https:\/\/eldigitaldeasturias.com\/magazine365#listItem","position":1,"name":"Home","item":"https:\/\/eldigitaldeasturias.com\/magazine365","nextItem":{"@type":"ListItem","@id":"https:\/\/eldigitaldeasturias.com\/magazine365\/category\/noticias-actualidad\/#listItem","name":"Noticias y Actualidad"}},{"@type":"ListItem","@id":"https:\/\/eldigitaldeasturias.com\/magazine365\/category\/noticias-actualidad\/#listItem","position":2,"name":"Noticias y Actualidad","item":"https:\/\/eldigitaldeasturias.com\/magazine365\/category\/noticias-actualidad\/","nextItem":{"@type":"ListItem","@id":"https:\/\/eldigitaldeasturias.com\/magazine365\/la-cantante-vera-lynn-cerca-de-las-listas-de-exitos-a-sus-97-anos\/#listItem","name":"La cantante Vera Lynn, cerca de las listas de \u00e9xitos a sus 97 a\u00f1os"},"previousItem":{"@type":"ListItem","@id":"https:\/\/eldigitaldeasturias.com\/magazine365#listItem","name":"Home"}},{"@type":"ListItem","@id":"https:\/\/eldigitaldeasturias.com\/magazine365\/la-cantante-vera-lynn-cerca-de-las-listas-de-exitos-a-sus-97-anos\/#listItem","position":3,"name":"La cantante Vera Lynn, cerca de las listas de \u00e9xitos a sus 97 a\u00f1os","previousItem":{"@type":"ListItem","@id":"https:\/\/eldigitaldeasturias.com\/magazine365\/category\/noticias-actualidad\/#listItem","name":"Noticias y Actualidad"}}]},{"@type":"Organization","@id":"https:\/\/eldigitaldeasturias.com\/magazine365\/#organization","name":"El digital de Asturias","description":"Revista de ocio, turismo y estilo de vida","url":"https:\/\/eldigitaldeasturias.com\/magazine365\/","logo":{"@type":"ImageObject","url":"https:\/\/www.eldigitaldeasturias.com\/noticias\/wp-content\/uploads\/2020\/12\/EDA.jpg","@id":"https:\/\/eldigitaldeasturias.com\/magazine365\/la-cantante-vera-lynn-cerca-de-las-listas-de-exitos-a-sus-97-anos\/#organizationLogo"},"image":{"@id":"https:\/\/eldigitaldeasturias.com\/magazine365\/la-cantante-vera-lynn-cerca-de-las-listas-de-exitos-a-sus-97-anos\/#organizationLogo"}},{"@type":"Person","@id":"https:\/\/eldigitaldeasturias.com\/magazine365\/author\/admin\/#author","url":"https:\/\/eldigitaldeasturias.com\/magazine365\/author\/admin\/","name":"admin","image":{"@type":"ImageObject","@id":"https:\/\/eldigitaldeasturias.com\/magazine365\/la-cantante-vera-lynn-cerca-de-las-listas-de-exitos-a-sus-97-anos\/#authorImage","url":"https:\/\/eldigitaldeasturias.com\/magazine365\/wp-content\/litespeed\/avatar\/e571bcf59a0edd6fa6838245a470f2fe.jpg?ver=1777574230","width":96,"height":96,"caption":"admin"}},{"@type":"WebPage","@id":"https:\/\/eldigitaldeasturias.com\/magazine365\/la-cantante-vera-lynn-cerca-de-las-listas-de-exitos-a-sus-97-anos\/#webpage","url":"https:\/\/eldigitaldeasturias.com\/magazine365\/la-cantante-vera-lynn-cerca-de-las-listas-de-exitos-a-sus-97-anos\/","name":"La cantante Vera Lynn, cerca de las listas de \u00e9xitos a sus 97 a\u00f1os | El Digital de Asturias","description":"Londres, 3 jun (EFE).- El nuevo disco recopilatorio de la cantante brit\u00e1nica Vera Lynn, de 97 a\u00f1os, va camino de colocarse entre los veinte \u00e1lbumes m\u00e1s vendidos del momento en el Reino Unido, seg\u00fan divulg\u00f3 hoy su discogr\u00e1fica. La semana en la que se celebra el 70 aniversario del desembarco de Normand\u00eda, el 6 de","inLanguage":"es-ES","isPartOf":{"@id":"https:\/\/eldigitaldeasturias.com\/magazine365\/#website"},"breadcrumb":{"@id":"https:\/\/eldigitaldeasturias.com\/magazine365\/la-cantante-vera-lynn-cerca-de-las-listas-de-exitos-a-sus-97-anos\/#breadcrumblist"},"author":{"@id":"https:\/\/eldigitaldeasturias.com\/magazine365\/author\/admin\/#author"},"creator":{"@id":"https:\/\/eldigitaldeasturias.com\/magazine365\/author\/admin\/#author"},"image":{"@type":"ImageObject","url":"https:\/\/eldigitaldeasturias.com\/magazine365\/wp-content\/uploads\/2014\/06\/6329994w.jpg","@id":"https:\/\/eldigitaldeasturias.com\/magazine365\/la-cantante-vera-lynn-cerca-de-las-listas-de-exitos-a-sus-97-anos\/#mainImage","width":800,"height":751},"primaryImageOfPage":{"@id":"https:\/\/eldigitaldeasturias.com\/magazine365\/la-cantante-vera-lynn-cerca-de-las-listas-de-exitos-a-sus-97-anos\/#mainImage"},"datePublished":"2014-06-03T17:16:09+02:00","dateModified":"2014-06-03T17:16:09+02:00"},{"@type":"WebSite","@id":"https:\/\/eldigitaldeasturias.com\/magazine365\/#website","url":"https:\/\/eldigitaldeasturias.com\/magazine365\/","name":"El Digital de Asturias","description":"Revista de ocio, turismo y estilo de vida","inLanguage":"es-ES","publisher":{"@id":"https:\/\/eldigitaldeasturias.com\/magazine365\/#organization"}}]},"og:locale":"es_ES","og:site_name":"El Digital de Asturias \u2013 Revista de ocio, turismo y estilo de vida","og:type":"article","og:title":"La cantante Vera Lynn, cerca de las listas de \u00e9xitos a sus 97 a\u00f1os | El Digital de Asturias","og:description":"Londres, 3 jun (EFE).- El nuevo disco recopilatorio de la cantante brit\u00e1nica Vera Lynn, de 97 a\u00f1os, va camino de colocarse entre los veinte \u00e1lbumes m\u00e1s vendidos del momento en el Reino Unido, seg\u00fan divulg\u00f3 hoy su discogr\u00e1fica. La semana en la que se celebra el 70 aniversario del desembarco de Normand\u00eda, el 6 de","og:url":"https:\/\/eldigitaldeasturias.com\/magazine365\/la-cantante-vera-lynn-cerca-de-las-listas-de-exitos-a-sus-97-anos\/","og:image":"https:\/\/eldigitaldeasturias.com\/magazine365\/wp-content\/uploads\/2014\/06\/6329994w.jpg","og:image:secure_url":"https:\/\/eldigitaldeasturias.com\/magazine365\/wp-content\/uploads\/2014\/06\/6329994w.jpg","og:image:width":800,"og:image:height":751,"article:published_time":"2014-06-03T19:16:09+00:00","article:modified_time":"2014-06-03T19:16:09+00:00","twitter:card":"summary_large_image","twitter:title":"La cantante Vera Lynn, cerca de las listas de \u00e9xitos a sus 97 a\u00f1os | El Digital de Asturias","twitter:description":"Londres, 3 jun (EFE).- El nuevo disco recopilatorio de la cantante brit\u00e1nica Vera Lynn, de 97 a\u00f1os, va camino de colocarse entre los veinte \u00e1lbumes m\u00e1s vendidos del momento en el Reino Unido, seg\u00fan divulg\u00f3 hoy su discogr\u00e1fica. La semana en la que se celebra el 70 aniversario del desembarco de Normand\u00eda, el 6 de","twitter:image":"https:\/\/eldigitaldeasturias.com\/magazine365\/wp-content\/uploads\/2014\/06\/6329994w.jpg"},"aioseo_meta_data":{"post_id":"14979","title":null,"description":null,"keywords":null,"keyphrases":null,"primary_term":null,"canonical_url":null,"og_title":null,"og_description":null,"og_object_type":"default","og_image_type":"default","og_image_url":null,"og_image_width":null,"og_image_height":null,"og_image_custom_url":null,"og_image_custom_fields":null,"og_video":null,"og_custom_url":null,"og_article_section":null,"og_article_tags":null,"twitter_use_og":false,"twitter_card":"default","twitter_image_type":"default","twitter_image_url":null,"twitter_image_custom_url":null,"twitter_image_custom_fields":null,"twitter_title":null,"twitter_description":null,"schema":{"blockGraphs":[],"customGraphs":[],"default":{"data":{"Article":[],"Course":[],"Dataset":[],"FAQPage":[],"Movie":[],"Person":[],"Product":[],"ProductReview":[],"Car":[],"Recipe":[],"Service":[],"SoftwareApplication":[],"WebPage":[]},"graphName":"","isEnabled":true},"graphs":[],"defaultGraph":"","defaultPostTypeGraph":""},"schema_type":null,"schema_type_options":null,"pillar_content":false,"robots_default":true,"robots_noindex":false,"robots_noarchive":false,"robots_nosnippet":false,"robots_nofollow":false,"robots_noimageindex":false,"robots_noodp":false,"robots_notranslate":false,"robots_max_snippet":null,"robots_max_videopreview":null,"robots_max_imagepreview":"large","priority":null,"frequency":null,"location":null,"local_seo":null,"seo_analyzer_scan_date":"2025-09-17 11:11:07","breadcrumb_settings":null,"limit_modified_date":false,"open_ai":null,"ai":null,"created":"2021-03-09 08:07:53","updated":"2025-09-17 11:11:07"},"aioseo_breadcrumb":"<div class=\"aioseo-breadcrumbs\"><span class=\"aioseo-breadcrumb\">\n\t<a href=\"https:\/\/eldigitaldeasturias.com\/magazine365\" title=\"Home\">Home<\/a>\n<\/span><span class=\"aioseo-breadcrumb-separator\">\u2013<\/span><span class=\"aioseo-breadcrumb\">\n\t<a href=\"https:\/\/eldigitaldeasturias.com\/magazine365\/category\/noticias-actualidad\/\" title=\"Noticias y Actualidad\">Noticias y Actualidad<\/a>\n<\/span><span class=\"aioseo-breadcrumb-separator\">\u2013<\/span><span class=\"aioseo-breadcrumb\">\n\t<a href=\"https:\/\/eldigitaldeasturias.com\/magazine365\/la-cantante-vera-lynn-cerca-de-las-listas-de-exitos-a-sus-97-anos\/\" title=\"La cantante Vera Lynn, cerca de las listas de \u00e9xitos a sus 97 a\u00f1os\">La cantante Vera Lynn, cerca de las listas de \u00e9xitos a sus 97 a\u00f1os<\/a>\n<\/span><\/div>","aioseo_breadcrumb_json":[{"label":"Home","link":"https:\/\/eldigitaldeasturias.com\/magazine365"},{"label":"Noticias y Actualidad","link":"https:\/\/eldigitaldeasturias.com\/magazine365\/category\/noticias-actualidad\/"},{"label":"La cantante Vera Lynn, cerca de las listas de \u00e9xitos a sus 97 a\u00f1os","link":"https:\/\/eldigitaldeasturias.com\/magazine365\/la-cantante-vera-lynn-cerca-de-las-listas-de-exitos-a-sus-97-anos\/"}],"_links":{"self":[{"href":"https:\/\/eldigitaldeasturias.com\/magazine365\/wp-json\/wp\/v2\/posts\/14979","targetHints":{"allow":["GET"]}}],"collection":[{"href":"https:\/\/eldigitaldeasturias.com\/magazine365\/wp-json\/wp\/v2\/posts"}],"about":[{"href":"https:\/\/eldigitaldeasturias.com\/magazine365\/wp-json\/wp\/v2\/types\/post"}],"author":[{"embeddable":true,"href":"https:\/\/eldigitaldeasturias.com\/magazine365\/wp-json\/wp\/v2\/users\/1"}],"replies":[{"embeddable":true,"href":"https:\/\/eldigitaldeasturias.com\/magazine365\/wp-json\/wp\/v2\/comments?post=14979"}],"version-history":[{"count":0,"href":"https:\/\/eldigitaldeasturias.com\/magazine365\/wp-json\/wp\/v2\/posts\/14979\/revisions"}],"wp:featuredmedia":[{"embeddable":true,"href":"https:\/\/eldigitaldeasturias.com\/magazine365\/wp-json\/wp\/v2\/media\/14980"}],"wp:attachment":[{"href":"https:\/\/eldigitaldeasturias.com\/magazine365\/wp-json\/wp\/v2\/media?parent=14979"}],"wp:term":[{"taxonomy":"category","embeddable":true,"href":"https:\/\/eldigitaldeasturias.com\/magazine365\/wp-json\/wp\/v2\/categories?post=14979"},{"taxonomy":"post_tag","embeddable":true,"href":"https:\/\/eldigitaldeasturias.com\/magazine365\/wp-json\/wp\/v2\/tags?post=14979"}],"curies":[{"name":"wp","href":"https:\/\/api.w.org\/{rel}","templated":true}]}}