{"id":14973,"date":"2014-06-03T16:18:38","date_gmt":"2014-06-03T18:18:38","guid":{"rendered":"http:\/\/eldigitaldeasturias.com\/magazine365\/?p=14973"},"modified":"2014-06-03T16:18:38","modified_gmt":"2014-06-03T18:18:38","slug":"patricia-conde-debuta-con-pancho-una-cinta-que-podrian-firmar-aniston-o-diaz","status":"publish","type":"post","link":"https:\/\/eldigitaldeasturias.com\/magazine365\/patricia-conde-debuta-con-pancho-una-cinta-que-podrian-firmar-aniston-o-diaz\/","title":{"rendered":"Patricia Conde debuta con Pancho, una cinta que podr\u00edan firmar Aniston o D\u00edaz"},"content":{"rendered":"<p><img fetchpriority=\"high\" decoding=\"async\" class=\"alignleft size-medium wp-image-14974\" alt=\"6329956w\" src=\"https:\/\/eldigitaldeasturias.com\/magazine365\/wp-content\/uploads\/2014\/06\/6329956w-200x300.jpg\" width=\"200\" height=\"300\" srcset=\"https:\/\/eldigitaldeasturias.com\/magazine365\/wp-content\/uploads\/2014\/06\/6329956w-200x300.jpg 200w, https:\/\/eldigitaldeasturias.com\/magazine365\/wp-content\/uploads\/2014\/06\/6329956w-427x640.jpg 427w, https:\/\/eldigitaldeasturias.com\/magazine365\/wp-content\/uploads\/2014\/06\/6329956w-150x225.jpg 150w, https:\/\/eldigitaldeasturias.com\/magazine365\/wp-content\/uploads\/2014\/06\/6329956w-450x675.jpg 450w, https:\/\/eldigitaldeasturias.com\/magazine365\/wp-content\/uploads\/2014\/06\/6329956w-696x1044.jpg 696w, https:\/\/eldigitaldeasturias.com\/magazine365\/wp-content\/uploads\/2014\/06\/6329956w-280x420.jpg 280w, https:\/\/eldigitaldeasturias.com\/magazine365\/wp-content\/uploads\/2014\/06\/6329956w.jpg 700w\" sizes=\"(max-width: 200px) 100vw, 200px\" \/>Madrid, 3 jun (EFE).- La actriz y presentadora de televisi\u00f3n Patricia Conde debuta en el largometraje con una pel\u00edcula familiar, \u00abPancho, el perro millonario\u00bb, que \u00abbien podr\u00edan haber hecho Cameron D\u00edaz o Jennifer Aniston\u00bb, comenta la vallisoletana en una entrevista con Efe, realizada con motivo de su estreno en salas este viernes.<\/p>\n<p>\u00abEs una gozada trabajar en un proyecto como este; es verdad que cuando ve\u00eda a Cameron D\u00edaz o a Jennifer Aniston promocionando pel\u00edculas de este estilo pensaba que a m\u00ed tambi\u00e9n me gustar\u00eda hacer algo as\u00ed, pero me dec\u00eda, qu\u00e9 pena, que aqu\u00ed no se hace este tipo de cine\u00bb.<\/p>\n<p>Eso que la actriz pensaba hace a\u00f1os hoy se ha hecho realidad, dice, \u00abporque aqu\u00ed estoy, sentada en plena promoci\u00f3n de &#8216;Pancho&#8217;, una pel\u00edcula que bien podr\u00eda haber hecho Cameron D\u00edaz o Jennifer Aniston con Ben Stiller\u00bb, dice con un gui\u00f1o a su compa\u00f1ero Iv\u00e1n Massagu\u00e9, que, sentado a su lado, acepta encantado la comparaci\u00f3n.<\/p>\n<p>Dirigida por Tom Fern\u00e1ndez, la pel\u00edcula (una producci\u00f3n de Atresmedia) parte de la idea que \u00abtodos ten\u00edamos en mente del perro millonario de los anuncios: extravagante, rico y caprichoso y yo -dice el director- quer\u00eda hacer un viaje de Pancho hacia su ser: un perro que se divierta jugando con una pelota\u00bb.<\/p>\n<p>Con un gui\u00f3n muy sencillo, en el que los actores \u00c1lex Dogherty y Secun de la Rosa son los \u00abmalos\u00bb, y una trama que queda abierta a una segunda parte, la pel\u00edcula es una apuesta decidida por el p\u00fablico infantil.<\/p>\n<p>En opini\u00f3n de Fern\u00e1ndez, las pel\u00edculas infantiles de esta \u00e9poca \u00abest\u00e1n muy bien hechas, muy bien dirigidas y son muy buenas; los ni\u00f1os de hoy tienen una cultura cinematogr\u00e1fica enorme. Son gourmets cinematogr\u00e1ficos a los que no puedes decepcionar, porque es un p\u00fablico que, como se aburra, se te va del cine, eso es grave\u00bb.<\/p>\n<p>Por eso, reconoce, \u00abla presi\u00f3n con esta pel\u00edcula fue mayor que con las dem\u00e1s\u00bb, hasta que opt\u00f3 por dejarse llevar, divertirse y \u00abjugar\u00bb con el regalo que le hab\u00edan dado.<\/p>\n<p>\u00abA mi lo que me gusta es hacer re\u00edr y con esta pel\u00edcula me he desparramado m\u00e1s que con las anteriores\u00bb, confiesa el director, autor de \u00abLa torre de Suso\u00bb y \u00ab\u00bfPara qu\u00e9 sirve un oso?\u00bb.<\/p>\n<p>En la historia cinematogr\u00e1fica de Pancho, un Jack Russell de trece a\u00f1os y de nombre real \u00abCouk\u00bb, entrenado por Antonio Valor, Massagu\u00e9 es su secretario personal, el encargado de velar por su inmensa fortuna y que sea un perro rico responsable y deje su vida de derroches.<\/p>\n<p>\u00abMi obligaci\u00f3n es que Pancho use todo su dinero para hacer el bien, algo que queda muy claro en la pel\u00edcula; est\u00e1 llena de moralinas y mensajes de los que tienen que estar, y eso me gusta (&#8230;) sobre todo -resume el catal\u00e1n-, que el dinero no es lo m\u00e1s importante\u00bb.<\/p>\n<p>Entre las m\u00faltiples ofertas de negocios que le llegan a Pancho un d\u00eda aparece la de Montalb\u00e1n (Armando del R\u00edo), un multimillonario sin escr\u00fapulos a quien acompa\u00f1a una joven y atractiva abogada.<\/p>\n<p>\u00abElla es mala, un poco ambiciosa al principio, que cree que trabajando con el malo tiene poder, y lo usa para jactarse de lo estupenda que es y de la vida tan bonita que le espera, pero de repente se da cuenta de que su jefe est\u00e1 explotando a ni\u00f1os y entra en shock\u00bb, comenta Conde, impecable en un mono de seda negro con grandes lunares en blanco.<\/p>\n<p>Por eso, \u00aby porque tiene su corazoncito -explica-, va cambiando a mejor hasta que se da cuenta de que lo verdaderamente importante es la amistad, el amor, tener una buena conducta y unos principios b\u00e1sicos\u00bb.<\/p>\n<p>Fern\u00e1ndez, que ha dibujado los gags de \u00abPancho\u00bb como las antiguas pel\u00edculas mudas, a base de gestos, tambi\u00e9n ha incorporado escenas modificadas en 3D que convierten al perro en un experto jugador de Play Station, conductor de un b\u00f3lido e incluso en cocinero.<\/p>\n<p>&nbsp;<\/p>\n<p>Por Alicia G.Arribas.<\/p>\n","protected":false},"excerpt":{"rendered":"<p>Madrid, 3 jun (EFE).- La actriz y presentadora de televisi\u00f3n Patricia Conde debuta en el largometraje con una pel\u00edcula familiar, \u00abPancho, el perro millonario\u00bb, que \u00abbien podr\u00edan haber hecho Cameron D\u00edaz o Jennifer Aniston\u00bb, comenta la vallisoletana en una entrevista con Efe, realizada con motivo de su estreno en salas este viernes. \u00abEs una gozada<\/p>\n","protected":false},"author":1,"featured_media":14974,"comment_status":"open","ping_status":"closed","sticky":false,"template":"","format":"standard","meta":{"footnotes":""},"categories":[224],"tags":[],"class_list":{"0":"post-14973","1":"post","2":"type-post","3":"status-publish","4":"format-standard","5":"has-post-thumbnail","7":"category-noticias-actualidad"},"aioseo_notices":[],"aioseo_head":"\n\t\t<!-- All in One SEO Pro 4.9.6.1 - aioseo.com -->\n\t<meta name=\"description\" content=\"Madrid, 3 jun (EFE).- La actriz y presentadora de televisi\u00f3n Patricia Conde debuta en el largometraje con una pel\u00edcula familiar, &quot;Pancho, el perro millonario&quot;, que &quot;bien podr\u00edan haber hecho Cameron D\u00edaz o Jennifer Aniston&quot;, comenta la vallisoletana en una entrevista con Efe, realizada con motivo de su estreno en salas este viernes. &quot;Es una gozada\" \/>\n\t<meta name=\"robots\" content=\"max-image-preview:large\" \/>\n\t<meta name=\"author\" content=\"admin\"\/>\n\t<meta name=\"google-site-verification\" content=\"UA-38556648-1\" \/>\n\t<meta name=\"keywords\" content=\"noticias y actualidad\" \/>\n\t<link rel=\"canonical\" href=\"https:\/\/eldigitaldeasturias.com\/magazine365\/patricia-conde-debuta-con-pancho-una-cinta-que-podrian-firmar-aniston-o-diaz\/\" \/>\n\t<meta name=\"generator\" content=\"All in One SEO Pro (AIOSEO) 4.9.6.1\" \/>\n\t\t<meta property=\"og:locale\" content=\"es_ES\" \/>\n\t\t<meta property=\"og:site_name\" content=\"El Digital de Asturias \u2013 Revista de ocio, turismo y estilo de vida\" \/>\n\t\t<meta property=\"og:type\" content=\"article\" \/>\n\t\t<meta property=\"og:title\" content=\"Patricia Conde debuta con Pancho, una cinta que podr\u00edan firmar Aniston o D\u00edaz | El Digital de Asturias\" \/>\n\t\t<meta property=\"og:description\" content=\"Madrid, 3 jun (EFE).- La actriz y presentadora de televisi\u00f3n Patricia Conde debuta en el largometraje con una pel\u00edcula familiar, &quot;Pancho, el perro millonario&quot;, que &quot;bien podr\u00edan haber hecho Cameron D\u00edaz o Jennifer Aniston&quot;, comenta la vallisoletana en una entrevista con Efe, realizada con motivo de su estreno en salas este viernes. &quot;Es una gozada\" \/>\n\t\t<meta property=\"og:url\" content=\"https:\/\/eldigitaldeasturias.com\/magazine365\/patricia-conde-debuta-con-pancho-una-cinta-que-podrian-firmar-aniston-o-diaz\/\" \/>\n\t\t<meta property=\"og:image\" content=\"https:\/\/eldigitaldeasturias.com\/magazine365\/wp-content\/uploads\/2014\/06\/6329956w.jpg\" \/>\n\t\t<meta property=\"og:image:secure_url\" content=\"https:\/\/eldigitaldeasturias.com\/magazine365\/wp-content\/uploads\/2014\/06\/6329956w.jpg\" \/>\n\t\t<meta property=\"og:image:width\" content=\"700\" \/>\n\t\t<meta property=\"og:image:height\" content=\"1050\" \/>\n\t\t<meta property=\"article:published_time\" content=\"2014-06-03T18:18:38+00:00\" \/>\n\t\t<meta property=\"article:modified_time\" content=\"2014-06-03T18:18:38+00:00\" \/>\n\t\t<meta name=\"twitter:card\" content=\"summary_large_image\" \/>\n\t\t<meta name=\"twitter:title\" content=\"Patricia Conde debuta con Pancho, una cinta que podr\u00edan firmar Aniston o D\u00edaz | El Digital de Asturias\" \/>\n\t\t<meta name=\"twitter:description\" content=\"Madrid, 3 jun (EFE).- La actriz y presentadora de televisi\u00f3n Patricia Conde debuta en el largometraje con una pel\u00edcula familiar, &quot;Pancho, el perro millonario&quot;, que &quot;bien podr\u00edan haber hecho Cameron D\u00edaz o Jennifer Aniston&quot;, comenta la vallisoletana en una entrevista con Efe, realizada con motivo de su estreno en salas este viernes. &quot;Es una gozada\" \/>\n\t\t<meta name=\"twitter:image\" content=\"https:\/\/eldigitaldeasturias.com\/magazine365\/wp-content\/uploads\/2014\/06\/6329956w.jpg\" \/>\n\t\t<script type=\"application\/ld+json\" class=\"aioseo-schema\">\n\t\t\t{\"@context\":\"https:\\\/\\\/schema.org\",\"@graph\":[{\"@type\":\"Article\",\"@id\":\"https:\\\/\\\/eldigitaldeasturias.com\\\/magazine365\\\/patricia-conde-debuta-con-pancho-una-cinta-que-podrian-firmar-aniston-o-diaz\\\/#article\",\"name\":\"Patricia Conde debuta con Pancho, una cinta que podr\\u00edan firmar Aniston o D\\u00edaz | El Digital de Asturias\",\"headline\":\"Patricia Conde debuta con Pancho, una cinta que podr\\u00edan firmar Aniston o D\\u00edaz\",\"author\":{\"@id\":\"https:\\\/\\\/eldigitaldeasturias.com\\\/magazine365\\\/author\\\/admin\\\/#author\"},\"publisher\":{\"@id\":\"https:\\\/\\\/eldigitaldeasturias.com\\\/magazine365\\\/#organization\"},\"image\":{\"@type\":\"ImageObject\",\"url\":\"https:\\\/\\\/eldigitaldeasturias.com\\\/magazine365\\\/wp-content\\\/uploads\\\/2014\\\/06\\\/6329956w.jpg\",\"width\":700,\"height\":1050},\"datePublished\":\"2014-06-03T16:18:38+02:00\",\"dateModified\":\"2014-06-03T16:18:38+02:00\",\"inLanguage\":\"es-ES\",\"mainEntityOfPage\":{\"@id\":\"https:\\\/\\\/eldigitaldeasturias.com\\\/magazine365\\\/patricia-conde-debuta-con-pancho-una-cinta-que-podrian-firmar-aniston-o-diaz\\\/#webpage\"},\"isPartOf\":{\"@id\":\"https:\\\/\\\/eldigitaldeasturias.com\\\/magazine365\\\/patricia-conde-debuta-con-pancho-una-cinta-que-podrian-firmar-aniston-o-diaz\\\/#webpage\"},\"articleSection\":\"Noticias y Actualidad\"},{\"@type\":\"BreadcrumbList\",\"@id\":\"https:\\\/\\\/eldigitaldeasturias.com\\\/magazine365\\\/patricia-conde-debuta-con-pancho-una-cinta-que-podrian-firmar-aniston-o-diaz\\\/#breadcrumblist\",\"itemListElement\":[{\"@type\":\"ListItem\",\"@id\":\"https:\\\/\\\/eldigitaldeasturias.com\\\/magazine365#listItem\",\"position\":1,\"name\":\"Home\",\"item\":\"https:\\\/\\\/eldigitaldeasturias.com\\\/magazine365\",\"nextItem\":{\"@type\":\"ListItem\",\"@id\":\"https:\\\/\\\/eldigitaldeasturias.com\\\/magazine365\\\/category\\\/noticias-actualidad\\\/#listItem\",\"name\":\"Noticias y Actualidad\"}},{\"@type\":\"ListItem\",\"@id\":\"https:\\\/\\\/eldigitaldeasturias.com\\\/magazine365\\\/category\\\/noticias-actualidad\\\/#listItem\",\"position\":2,\"name\":\"Noticias y Actualidad\",\"item\":\"https:\\\/\\\/eldigitaldeasturias.com\\\/magazine365\\\/category\\\/noticias-actualidad\\\/\",\"nextItem\":{\"@type\":\"ListItem\",\"@id\":\"https:\\\/\\\/eldigitaldeasturias.com\\\/magazine365\\\/patricia-conde-debuta-con-pancho-una-cinta-que-podrian-firmar-aniston-o-diaz\\\/#listItem\",\"name\":\"Patricia Conde debuta con Pancho, una cinta que podr\\u00edan firmar Aniston o D\\u00edaz\"},\"previousItem\":{\"@type\":\"ListItem\",\"@id\":\"https:\\\/\\\/eldigitaldeasturias.com\\\/magazine365#listItem\",\"name\":\"Home\"}},{\"@type\":\"ListItem\",\"@id\":\"https:\\\/\\\/eldigitaldeasturias.com\\\/magazine365\\\/patricia-conde-debuta-con-pancho-una-cinta-que-podrian-firmar-aniston-o-diaz\\\/#listItem\",\"position\":3,\"name\":\"Patricia Conde debuta con Pancho, una cinta que podr\\u00edan firmar Aniston o D\\u00edaz\",\"previousItem\":{\"@type\":\"ListItem\",\"@id\":\"https:\\\/\\\/eldigitaldeasturias.com\\\/magazine365\\\/category\\\/noticias-actualidad\\\/#listItem\",\"name\":\"Noticias y Actualidad\"}}]},{\"@type\":\"Organization\",\"@id\":\"https:\\\/\\\/eldigitaldeasturias.com\\\/magazine365\\\/#organization\",\"name\":\"El digital de Asturias\",\"description\":\"Revista de ocio, turismo y estilo de vida\",\"url\":\"https:\\\/\\\/eldigitaldeasturias.com\\\/magazine365\\\/\",\"logo\":{\"@type\":\"ImageObject\",\"url\":\"https:\\\/\\\/www.eldigitaldeasturias.com\\\/noticias\\\/wp-content\\\/uploads\\\/2020\\\/12\\\/EDA.jpg\",\"@id\":\"https:\\\/\\\/eldigitaldeasturias.com\\\/magazine365\\\/patricia-conde-debuta-con-pancho-una-cinta-que-podrian-firmar-aniston-o-diaz\\\/#organizationLogo\"},\"image\":{\"@id\":\"https:\\\/\\\/eldigitaldeasturias.com\\\/magazine365\\\/patricia-conde-debuta-con-pancho-una-cinta-que-podrian-firmar-aniston-o-diaz\\\/#organizationLogo\"}},{\"@type\":\"Person\",\"@id\":\"https:\\\/\\\/eldigitaldeasturias.com\\\/magazine365\\\/author\\\/admin\\\/#author\",\"url\":\"https:\\\/\\\/eldigitaldeasturias.com\\\/magazine365\\\/author\\\/admin\\\/\",\"name\":\"admin\",\"image\":{\"@type\":\"ImageObject\",\"@id\":\"https:\\\/\\\/eldigitaldeasturias.com\\\/magazine365\\\/patricia-conde-debuta-con-pancho-una-cinta-que-podrian-firmar-aniston-o-diaz\\\/#authorImage\",\"url\":\"https:\\\/\\\/eldigitaldeasturias.com\\\/magazine365\\\/wp-content\\\/litespeed\\\/avatar\\\/e571bcf59a0edd6fa6838245a470f2fe.jpg?ver=1777574230\",\"width\":96,\"height\":96,\"caption\":\"admin\"}},{\"@type\":\"WebPage\",\"@id\":\"https:\\\/\\\/eldigitaldeasturias.com\\\/magazine365\\\/patricia-conde-debuta-con-pancho-una-cinta-que-podrian-firmar-aniston-o-diaz\\\/#webpage\",\"url\":\"https:\\\/\\\/eldigitaldeasturias.com\\\/magazine365\\\/patricia-conde-debuta-con-pancho-una-cinta-que-podrian-firmar-aniston-o-diaz\\\/\",\"name\":\"Patricia Conde debuta con Pancho, una cinta que podr\\u00edan firmar Aniston o D\\u00edaz | El Digital de Asturias\",\"description\":\"Madrid, 3 jun (EFE).- La actriz y presentadora de televisi\\u00f3n Patricia Conde debuta en el largometraje con una pel\\u00edcula familiar, \\\"Pancho, el perro millonario\\\", que \\\"bien podr\\u00edan haber hecho Cameron D\\u00edaz o Jennifer Aniston\\\", comenta la vallisoletana en una entrevista con Efe, realizada con motivo de su estreno en salas este viernes. \\\"Es una gozada\",\"inLanguage\":\"es-ES\",\"isPartOf\":{\"@id\":\"https:\\\/\\\/eldigitaldeasturias.com\\\/magazine365\\\/#website\"},\"breadcrumb\":{\"@id\":\"https:\\\/\\\/eldigitaldeasturias.com\\\/magazine365\\\/patricia-conde-debuta-con-pancho-una-cinta-que-podrian-firmar-aniston-o-diaz\\\/#breadcrumblist\"},\"author\":{\"@id\":\"https:\\\/\\\/eldigitaldeasturias.com\\\/magazine365\\\/author\\\/admin\\\/#author\"},\"creator\":{\"@id\":\"https:\\\/\\\/eldigitaldeasturias.com\\\/magazine365\\\/author\\\/admin\\\/#author\"},\"image\":{\"@type\":\"ImageObject\",\"url\":\"https:\\\/\\\/eldigitaldeasturias.com\\\/magazine365\\\/wp-content\\\/uploads\\\/2014\\\/06\\\/6329956w.jpg\",\"@id\":\"https:\\\/\\\/eldigitaldeasturias.com\\\/magazine365\\\/patricia-conde-debuta-con-pancho-una-cinta-que-podrian-firmar-aniston-o-diaz\\\/#mainImage\",\"width\":700,\"height\":1050},\"primaryImageOfPage\":{\"@id\":\"https:\\\/\\\/eldigitaldeasturias.com\\\/magazine365\\\/patricia-conde-debuta-con-pancho-una-cinta-que-podrian-firmar-aniston-o-diaz\\\/#mainImage\"},\"datePublished\":\"2014-06-03T16:18:38+02:00\",\"dateModified\":\"2014-06-03T16:18:38+02:00\"},{\"@type\":\"WebSite\",\"@id\":\"https:\\\/\\\/eldigitaldeasturias.com\\\/magazine365\\\/#website\",\"url\":\"https:\\\/\\\/eldigitaldeasturias.com\\\/magazine365\\\/\",\"name\":\"El Digital de Asturias\",\"description\":\"Revista de ocio, turismo y estilo de vida\",\"inLanguage\":\"es-ES\",\"publisher\":{\"@id\":\"https:\\\/\\\/eldigitaldeasturias.com\\\/magazine365\\\/#organization\"}}]}\n\t\t<\/script>\n\t\t<!-- All in One SEO Pro -->\r\n\t\t<title>Patricia Conde debuta con Pancho, una cinta que podr\u00edan firmar Aniston o D\u00edaz | El Digital de Asturias<\/title>\n\n","aioseo_head_json":{"title":"Patricia Conde debuta con Pancho, una cinta que podr\u00edan firmar Aniston o D\u00edaz | El Digital de Asturias","description":"Madrid, 3 jun (EFE).- La actriz y presentadora de televisi\u00f3n Patricia Conde debuta en el largometraje con una pel\u00edcula familiar, \"Pancho, el perro millonario\", que \"bien podr\u00edan haber hecho Cameron D\u00edaz o Jennifer Aniston\", comenta la vallisoletana en una entrevista con Efe, realizada con motivo de su estreno en salas este viernes. \"Es una gozada","canonical_url":"https:\/\/eldigitaldeasturias.com\/magazine365\/patricia-conde-debuta-con-pancho-una-cinta-que-podrian-firmar-aniston-o-diaz\/","robots":"max-image-preview:large","keywords":"noticias y actualidad","webmasterTools":{"google-site-verification":"UA-38556648-1","miscellaneous":""},"schema":{"@context":"https:\/\/schema.org","@graph":[{"@type":"Article","@id":"https:\/\/eldigitaldeasturias.com\/magazine365\/patricia-conde-debuta-con-pancho-una-cinta-que-podrian-firmar-aniston-o-diaz\/#article","name":"Patricia Conde debuta con Pancho, una cinta que podr\u00edan firmar Aniston o D\u00edaz | El Digital de Asturias","headline":"Patricia Conde debuta con Pancho, una cinta que podr\u00edan firmar Aniston o D\u00edaz","author":{"@id":"https:\/\/eldigitaldeasturias.com\/magazine365\/author\/admin\/#author"},"publisher":{"@id":"https:\/\/eldigitaldeasturias.com\/magazine365\/#organization"},"image":{"@type":"ImageObject","url":"https:\/\/eldigitaldeasturias.com\/magazine365\/wp-content\/uploads\/2014\/06\/6329956w.jpg","width":700,"height":1050},"datePublished":"2014-06-03T16:18:38+02:00","dateModified":"2014-06-03T16:18:38+02:00","inLanguage":"es-ES","mainEntityOfPage":{"@id":"https:\/\/eldigitaldeasturias.com\/magazine365\/patricia-conde-debuta-con-pancho-una-cinta-que-podrian-firmar-aniston-o-diaz\/#webpage"},"isPartOf":{"@id":"https:\/\/eldigitaldeasturias.com\/magazine365\/patricia-conde-debuta-con-pancho-una-cinta-que-podrian-firmar-aniston-o-diaz\/#webpage"},"articleSection":"Noticias y Actualidad"},{"@type":"BreadcrumbList","@id":"https:\/\/eldigitaldeasturias.com\/magazine365\/patricia-conde-debuta-con-pancho-una-cinta-que-podrian-firmar-aniston-o-diaz\/#breadcrumblist","itemListElement":[{"@type":"ListItem","@id":"https:\/\/eldigitaldeasturias.com\/magazine365#listItem","position":1,"name":"Home","item":"https:\/\/eldigitaldeasturias.com\/magazine365","nextItem":{"@type":"ListItem","@id":"https:\/\/eldigitaldeasturias.com\/magazine365\/category\/noticias-actualidad\/#listItem","name":"Noticias y Actualidad"}},{"@type":"ListItem","@id":"https:\/\/eldigitaldeasturias.com\/magazine365\/category\/noticias-actualidad\/#listItem","position":2,"name":"Noticias y Actualidad","item":"https:\/\/eldigitaldeasturias.com\/magazine365\/category\/noticias-actualidad\/","nextItem":{"@type":"ListItem","@id":"https:\/\/eldigitaldeasturias.com\/magazine365\/patricia-conde-debuta-con-pancho-una-cinta-que-podrian-firmar-aniston-o-diaz\/#listItem","name":"Patricia Conde debuta con Pancho, una cinta que podr\u00edan firmar Aniston o D\u00edaz"},"previousItem":{"@type":"ListItem","@id":"https:\/\/eldigitaldeasturias.com\/magazine365#listItem","name":"Home"}},{"@type":"ListItem","@id":"https:\/\/eldigitaldeasturias.com\/magazine365\/patricia-conde-debuta-con-pancho-una-cinta-que-podrian-firmar-aniston-o-diaz\/#listItem","position":3,"name":"Patricia Conde debuta con Pancho, una cinta que podr\u00edan firmar Aniston o D\u00edaz","previousItem":{"@type":"ListItem","@id":"https:\/\/eldigitaldeasturias.com\/magazine365\/category\/noticias-actualidad\/#listItem","name":"Noticias y Actualidad"}}]},{"@type":"Organization","@id":"https:\/\/eldigitaldeasturias.com\/magazine365\/#organization","name":"El digital de Asturias","description":"Revista de ocio, turismo y estilo de vida","url":"https:\/\/eldigitaldeasturias.com\/magazine365\/","logo":{"@type":"ImageObject","url":"https:\/\/www.eldigitaldeasturias.com\/noticias\/wp-content\/uploads\/2020\/12\/EDA.jpg","@id":"https:\/\/eldigitaldeasturias.com\/magazine365\/patricia-conde-debuta-con-pancho-una-cinta-que-podrian-firmar-aniston-o-diaz\/#organizationLogo"},"image":{"@id":"https:\/\/eldigitaldeasturias.com\/magazine365\/patricia-conde-debuta-con-pancho-una-cinta-que-podrian-firmar-aniston-o-diaz\/#organizationLogo"}},{"@type":"Person","@id":"https:\/\/eldigitaldeasturias.com\/magazine365\/author\/admin\/#author","url":"https:\/\/eldigitaldeasturias.com\/magazine365\/author\/admin\/","name":"admin","image":{"@type":"ImageObject","@id":"https:\/\/eldigitaldeasturias.com\/magazine365\/patricia-conde-debuta-con-pancho-una-cinta-que-podrian-firmar-aniston-o-diaz\/#authorImage","url":"https:\/\/eldigitaldeasturias.com\/magazine365\/wp-content\/litespeed\/avatar\/e571bcf59a0edd6fa6838245a470f2fe.jpg?ver=1777574230","width":96,"height":96,"caption":"admin"}},{"@type":"WebPage","@id":"https:\/\/eldigitaldeasturias.com\/magazine365\/patricia-conde-debuta-con-pancho-una-cinta-que-podrian-firmar-aniston-o-diaz\/#webpage","url":"https:\/\/eldigitaldeasturias.com\/magazine365\/patricia-conde-debuta-con-pancho-una-cinta-que-podrian-firmar-aniston-o-diaz\/","name":"Patricia Conde debuta con Pancho, una cinta que podr\u00edan firmar Aniston o D\u00edaz | El Digital de Asturias","description":"Madrid, 3 jun (EFE).- La actriz y presentadora de televisi\u00f3n Patricia Conde debuta en el largometraje con una pel\u00edcula familiar, \"Pancho, el perro millonario\", que \"bien podr\u00edan haber hecho Cameron D\u00edaz o Jennifer Aniston\", comenta la vallisoletana en una entrevista con Efe, realizada con motivo de su estreno en salas este viernes. \"Es una gozada","inLanguage":"es-ES","isPartOf":{"@id":"https:\/\/eldigitaldeasturias.com\/magazine365\/#website"},"breadcrumb":{"@id":"https:\/\/eldigitaldeasturias.com\/magazine365\/patricia-conde-debuta-con-pancho-una-cinta-que-podrian-firmar-aniston-o-diaz\/#breadcrumblist"},"author":{"@id":"https:\/\/eldigitaldeasturias.com\/magazine365\/author\/admin\/#author"},"creator":{"@id":"https:\/\/eldigitaldeasturias.com\/magazine365\/author\/admin\/#author"},"image":{"@type":"ImageObject","url":"https:\/\/eldigitaldeasturias.com\/magazine365\/wp-content\/uploads\/2014\/06\/6329956w.jpg","@id":"https:\/\/eldigitaldeasturias.com\/magazine365\/patricia-conde-debuta-con-pancho-una-cinta-que-podrian-firmar-aniston-o-diaz\/#mainImage","width":700,"height":1050},"primaryImageOfPage":{"@id":"https:\/\/eldigitaldeasturias.com\/magazine365\/patricia-conde-debuta-con-pancho-una-cinta-que-podrian-firmar-aniston-o-diaz\/#mainImage"},"datePublished":"2014-06-03T16:18:38+02:00","dateModified":"2014-06-03T16:18:38+02:00"},{"@type":"WebSite","@id":"https:\/\/eldigitaldeasturias.com\/magazine365\/#website","url":"https:\/\/eldigitaldeasturias.com\/magazine365\/","name":"El Digital de Asturias","description":"Revista de ocio, turismo y estilo de vida","inLanguage":"es-ES","publisher":{"@id":"https:\/\/eldigitaldeasturias.com\/magazine365\/#organization"}}]},"og:locale":"es_ES","og:site_name":"El Digital de Asturias \u2013 Revista de ocio, turismo y estilo de vida","og:type":"article","og:title":"Patricia Conde debuta con Pancho, una cinta que podr\u00edan firmar Aniston o D\u00edaz | El Digital de Asturias","og:description":"Madrid, 3 jun (EFE).- La actriz y presentadora de televisi\u00f3n Patricia Conde debuta en el largometraje con una pel\u00edcula familiar, &quot;Pancho, el perro millonario&quot;, que &quot;bien podr\u00edan haber hecho Cameron D\u00edaz o Jennifer Aniston&quot;, comenta la vallisoletana en una entrevista con Efe, realizada con motivo de su estreno en salas este viernes. &quot;Es una gozada","og:url":"https:\/\/eldigitaldeasturias.com\/magazine365\/patricia-conde-debuta-con-pancho-una-cinta-que-podrian-firmar-aniston-o-diaz\/","og:image":"https:\/\/eldigitaldeasturias.com\/magazine365\/wp-content\/uploads\/2014\/06\/6329956w.jpg","og:image:secure_url":"https:\/\/eldigitaldeasturias.com\/magazine365\/wp-content\/uploads\/2014\/06\/6329956w.jpg","og:image:width":700,"og:image:height":1050,"article:published_time":"2014-06-03T18:18:38+00:00","article:modified_time":"2014-06-03T18:18:38+00:00","twitter:card":"summary_large_image","twitter:title":"Patricia Conde debuta con Pancho, una cinta que podr\u00edan firmar Aniston o D\u00edaz | El Digital de Asturias","twitter:description":"Madrid, 3 jun (EFE).- La actriz y presentadora de televisi\u00f3n Patricia Conde debuta en el largometraje con una pel\u00edcula familiar, &quot;Pancho, el perro millonario&quot;, que &quot;bien podr\u00edan haber hecho Cameron D\u00edaz o Jennifer Aniston&quot;, comenta la vallisoletana en una entrevista con Efe, realizada con motivo de su estreno en salas este viernes. &quot;Es una gozada","twitter:image":"https:\/\/eldigitaldeasturias.com\/magazine365\/wp-content\/uploads\/2014\/06\/6329956w.jpg"},"aioseo_meta_data":{"post_id":"14973","title":null,"description":null,"keywords":null,"keyphrases":null,"primary_term":null,"canonical_url":null,"og_title":null,"og_description":null,"og_object_type":"default","og_image_type":"default","og_image_url":null,"og_image_width":null,"og_image_height":null,"og_image_custom_url":null,"og_image_custom_fields":null,"og_video":null,"og_custom_url":null,"og_article_section":null,"og_article_tags":null,"twitter_use_og":false,"twitter_card":"default","twitter_image_type":"default","twitter_image_url":null,"twitter_image_custom_url":null,"twitter_image_custom_fields":null,"twitter_title":null,"twitter_description":null,"schema":{"blockGraphs":[],"customGraphs":[],"default":{"data":{"Article":[],"Course":[],"Dataset":[],"FAQPage":[],"Movie":[],"Person":[],"Product":[],"ProductReview":[],"Car":[],"Recipe":[],"Service":[],"SoftwareApplication":[],"WebPage":[]},"graphName":"","isEnabled":true},"graphs":[],"defaultGraph":"","defaultPostTypeGraph":""},"schema_type":null,"schema_type_options":null,"pillar_content":false,"robots_default":true,"robots_noindex":false,"robots_noarchive":false,"robots_nosnippet":false,"robots_nofollow":false,"robots_noimageindex":false,"robots_noodp":false,"robots_notranslate":false,"robots_max_snippet":null,"robots_max_videopreview":null,"robots_max_imagepreview":"large","priority":null,"frequency":null,"location":null,"local_seo":null,"seo_analyzer_scan_date":"2025-09-17 11:11:04","breadcrumb_settings":null,"limit_modified_date":false,"open_ai":null,"ai":null,"created":"2021-03-09 08:07:53","updated":"2025-09-17 11:11:04"},"aioseo_breadcrumb":"<div class=\"aioseo-breadcrumbs\"><span class=\"aioseo-breadcrumb\">\n\t<a href=\"https:\/\/eldigitaldeasturias.com\/magazine365\" title=\"Home\">Home<\/a>\n<\/span><span class=\"aioseo-breadcrumb-separator\">\u2013<\/span><span class=\"aioseo-breadcrumb\">\n\t<a href=\"https:\/\/eldigitaldeasturias.com\/magazine365\/category\/noticias-actualidad\/\" title=\"Noticias y Actualidad\">Noticias y Actualidad<\/a>\n<\/span><span class=\"aioseo-breadcrumb-separator\">\u2013<\/span><span class=\"aioseo-breadcrumb\">\n\t<a href=\"https:\/\/eldigitaldeasturias.com\/magazine365\/patricia-conde-debuta-con-pancho-una-cinta-que-podrian-firmar-aniston-o-diaz\/\" title=\"Patricia Conde debuta con Pancho, una cinta que podr\u00edan firmar Aniston o D\u00edaz\">Patricia Conde debuta con Pancho, una cinta que podr\u00edan firmar Aniston o D\u00edaz<\/a>\n<\/span><\/div>","aioseo_breadcrumb_json":[{"label":"Home","link":"https:\/\/eldigitaldeasturias.com\/magazine365"},{"label":"Noticias y Actualidad","link":"https:\/\/eldigitaldeasturias.com\/magazine365\/category\/noticias-actualidad\/"},{"label":"Patricia Conde debuta con Pancho, una cinta que podr\u00edan firmar Aniston o D\u00edaz","link":"https:\/\/eldigitaldeasturias.com\/magazine365\/patricia-conde-debuta-con-pancho-una-cinta-que-podrian-firmar-aniston-o-diaz\/"}],"_links":{"self":[{"href":"https:\/\/eldigitaldeasturias.com\/magazine365\/wp-json\/wp\/v2\/posts\/14973","targetHints":{"allow":["GET"]}}],"collection":[{"href":"https:\/\/eldigitaldeasturias.com\/magazine365\/wp-json\/wp\/v2\/posts"}],"about":[{"href":"https:\/\/eldigitaldeasturias.com\/magazine365\/wp-json\/wp\/v2\/types\/post"}],"author":[{"embeddable":true,"href":"https:\/\/eldigitaldeasturias.com\/magazine365\/wp-json\/wp\/v2\/users\/1"}],"replies":[{"embeddable":true,"href":"https:\/\/eldigitaldeasturias.com\/magazine365\/wp-json\/wp\/v2\/comments?post=14973"}],"version-history":[{"count":0,"href":"https:\/\/eldigitaldeasturias.com\/magazine365\/wp-json\/wp\/v2\/posts\/14973\/revisions"}],"wp:featuredmedia":[{"embeddable":true,"href":"https:\/\/eldigitaldeasturias.com\/magazine365\/wp-json\/wp\/v2\/media\/14974"}],"wp:attachment":[{"href":"https:\/\/eldigitaldeasturias.com\/magazine365\/wp-json\/wp\/v2\/media?parent=14973"}],"wp:term":[{"taxonomy":"category","embeddable":true,"href":"https:\/\/eldigitaldeasturias.com\/magazine365\/wp-json\/wp\/v2\/categories?post=14973"},{"taxonomy":"post_tag","embeddable":true,"href":"https:\/\/eldigitaldeasturias.com\/magazine365\/wp-json\/wp\/v2\/tags?post=14973"}],"curies":[{"name":"wp","href":"https:\/\/api.w.org\/{rel}","templated":true}]}}