{"id":14970,"date":"2014-06-03T16:17:33","date_gmt":"2014-06-03T18:17:33","guid":{"rendered":"http:\/\/eldigitaldeasturias.com\/magazine365\/?p=14970"},"modified":"2014-06-03T16:17:33","modified_gmt":"2014-06-03T18:17:33","slug":"air-europa-vuelve-a-volar-a-miami-ademas-de-operar-en-alicante-y-melilla","status":"publish","type":"post","link":"https:\/\/eldigitaldeasturias.com\/magazine365\/air-europa-vuelve-a-volar-a-miami-ademas-de-operar-en-alicante-y-melilla\/","title":{"rendered":"Air Europa vuelve a volar a Miami adem\u00e1s de operar en Alicante y Melilla"},"content":{"rendered":"<p><img fetchpriority=\"high\" decoding=\"async\" class=\"alignleft size-medium wp-image-14971\" alt=\"6329893w\" src=\"https:\/\/eldigitaldeasturias.com\/magazine365\/wp-content\/uploads\/2014\/06\/6329893w-360x204.jpg\" width=\"360\" height=\"204\" \/>Madrid, 3 jun (EFE).- Air Europa ha vuelto a enlazar desde hoy Madrid con Miami, desde donde el vuelo continuar\u00e1 a Punta Cana, en la Rep\u00fablica Dominicana, adem\u00e1s de que, en Espa\u00f1a, conectar\u00e1 Alicante con Madrid y Palma de Mallorca, y Melilla con M\u00e1laga, ha informado hoy la aerol\u00ednea del grupo tur\u00edstico Globalia.<\/p>\n<p>El vuelo a Miami, con Punta Cana como destino final, ser\u00e1 operado por un Airbus 330-200, con capacidad para 299 pasajeros, y contar\u00e1 con tres frecuencias semanales, los mi\u00e9rcoles, viernes y domingos.<\/p>\n<p>Por otro lado, a partir del pr\u00f3ximo 9 de junio, Air Europa conectar\u00e1 Madrid y Alicante con un vuelo que continuar\u00e1 a Palma de Mallorca, con dos frecuencias diarias, salvo los s\u00e1bados en los que la conexi\u00f3n entre las capitales levantina y balear dispondr\u00e1 de un s\u00f3lo trayecto de ida y vuelta.<\/p>\n<p>Adem\u00e1s, M\u00e1laga quedar\u00e1 unida a Melilla a partir del pr\u00f3ximo 21 de julio, con dos frecuencias diarias de lunes a viernes y una los s\u00e1bados y domingos.<\/p>\n<p>Los vuelos, al igual que la ruta de Alicante, ser\u00e1n operados por un ATR 72 de \u00faltima generaci\u00f3n, con capacidad para 68 pasajeros.<\/p>\n<p>Estas nuevas rutas vienen a sumarse a las ya anunciadas por Air Europa que \u00abse enmarcan dentro su ambicioso plan de expandir las conexiones entre Europa, Am\u00e9rica y el Caribe\u00bb, ha se\u00f1alado la compa\u00f1\u00eda en su nota.<\/p>\n","protected":false},"excerpt":{"rendered":"<p>Madrid, 3 jun (EFE).- Air Europa ha vuelto a enlazar desde hoy Madrid con Miami, desde donde el vuelo continuar\u00e1 a Punta Cana, en la Rep\u00fablica Dominicana, adem\u00e1s de que, en Espa\u00f1a, conectar\u00e1 Alicante con Madrid y Palma de Mallorca, y Melilla con M\u00e1laga, ha informado hoy la aerol\u00ednea del grupo tur\u00edstico Globalia. El vuelo<\/p>\n","protected":false},"author":1,"featured_media":14971,"comment_status":"open","ping_status":"closed","sticky":false,"template":"","format":"standard","meta":{"footnotes":""},"categories":[222],"tags":[],"class_list":{"0":"post-14970","1":"post","2":"type-post","3":"status-publish","4":"format-standard","5":"has-post-thumbnail","7":"category-actualidad-turismo"},"aioseo_notices":[],"aioseo_head":"\n\t\t<!-- All in One SEO Pro 4.9.6.1 - aioseo.com -->\n\t<meta name=\"description\" content=\"Madrid, 3 jun (EFE).- Air Europa ha vuelto a enlazar desde hoy Madrid con Miami, desde donde el vuelo continuar\u00e1 a Punta Cana, en la Rep\u00fablica Dominicana, adem\u00e1s de que, en Espa\u00f1a, conectar\u00e1 Alicante con Madrid y Palma de Mallorca, y Melilla con M\u00e1laga, ha informado hoy la aerol\u00ednea del grupo tur\u00edstico Globalia. El vuelo\" \/>\n\t<meta name=\"robots\" content=\"max-image-preview:large\" \/>\n\t<meta name=\"author\" content=\"admin\"\/>\n\t<meta name=\"google-site-verification\" content=\"UA-38556648-1\" \/>\n\t<meta name=\"keywords\" content=\"actualidad turismo\" \/>\n\t<link rel=\"canonical\" href=\"https:\/\/eldigitaldeasturias.com\/magazine365\/air-europa-vuelve-a-volar-a-miami-ademas-de-operar-en-alicante-y-melilla\/\" \/>\n\t<meta name=\"generator\" content=\"All in One SEO Pro (AIOSEO) 4.9.6.1\" \/>\n\t\t<meta property=\"og:locale\" content=\"es_ES\" \/>\n\t\t<meta property=\"og:site_name\" content=\"El Digital de Asturias \u2013 Revista de ocio, turismo y estilo de vida\" \/>\n\t\t<meta property=\"og:type\" content=\"article\" \/>\n\t\t<meta property=\"og:title\" content=\"Air Europa vuelve a volar a Miami adem\u00e1s de operar en Alicante y Melilla | El Digital de Asturias\" \/>\n\t\t<meta property=\"og:description\" content=\"Madrid, 3 jun (EFE).- Air Europa ha vuelto a enlazar desde hoy Madrid con Miami, desde donde el vuelo continuar\u00e1 a Punta Cana, en la Rep\u00fablica Dominicana, adem\u00e1s de que, en Espa\u00f1a, conectar\u00e1 Alicante con Madrid y Palma de Mallorca, y Melilla con M\u00e1laga, ha informado hoy la aerol\u00ednea del grupo tur\u00edstico Globalia. El vuelo\" \/>\n\t\t<meta property=\"og:url\" content=\"https:\/\/eldigitaldeasturias.com\/magazine365\/air-europa-vuelve-a-volar-a-miami-ademas-de-operar-en-alicante-y-melilla\/\" \/>\n\t\t<meta property=\"og:image\" content=\"https:\/\/eldigitaldeasturias.com\/magazine365\/wp-content\/uploads\/2014\/06\/6329893w.jpg\" \/>\n\t\t<meta property=\"og:image:secure_url\" content=\"https:\/\/eldigitaldeasturias.com\/magazine365\/wp-content\/uploads\/2014\/06\/6329893w.jpg\" \/>\n\t\t<meta property=\"og:image:width\" content=\"800\" \/>\n\t\t<meta property=\"og:image:height\" content=\"455\" \/>\n\t\t<meta property=\"article:published_time\" content=\"2014-06-03T18:17:33+00:00\" \/>\n\t\t<meta property=\"article:modified_time\" content=\"2014-06-03T18:17:33+00:00\" \/>\n\t\t<meta name=\"twitter:card\" content=\"summary_large_image\" \/>\n\t\t<meta name=\"twitter:title\" content=\"Air Europa vuelve a volar a Miami adem\u00e1s de operar en Alicante y Melilla | El Digital de Asturias\" \/>\n\t\t<meta name=\"twitter:description\" content=\"Madrid, 3 jun (EFE).- Air Europa ha vuelto a enlazar desde hoy Madrid con Miami, desde donde el vuelo continuar\u00e1 a Punta Cana, en la Rep\u00fablica Dominicana, adem\u00e1s de que, en Espa\u00f1a, conectar\u00e1 Alicante con Madrid y Palma de Mallorca, y Melilla con M\u00e1laga, ha informado hoy la aerol\u00ednea del grupo tur\u00edstico Globalia. El vuelo\" \/>\n\t\t<meta name=\"twitter:image\" content=\"https:\/\/eldigitaldeasturias.com\/magazine365\/wp-content\/uploads\/2014\/06\/6329893w.jpg\" \/>\n\t\t<script type=\"application\/ld+json\" class=\"aioseo-schema\">\n\t\t\t{\"@context\":\"https:\\\/\\\/schema.org\",\"@graph\":[{\"@type\":\"Article\",\"@id\":\"https:\\\/\\\/eldigitaldeasturias.com\\\/magazine365\\\/air-europa-vuelve-a-volar-a-miami-ademas-de-operar-en-alicante-y-melilla\\\/#article\",\"name\":\"Air Europa vuelve a volar a Miami adem\\u00e1s de operar en Alicante y Melilla | El Digital de Asturias\",\"headline\":\"Air Europa vuelve a volar a Miami adem\\u00e1s de operar en Alicante y Melilla\",\"author\":{\"@id\":\"https:\\\/\\\/eldigitaldeasturias.com\\\/magazine365\\\/author\\\/admin\\\/#author\"},\"publisher\":{\"@id\":\"https:\\\/\\\/eldigitaldeasturias.com\\\/magazine365\\\/#organization\"},\"image\":{\"@type\":\"ImageObject\",\"url\":\"https:\\\/\\\/eldigitaldeasturias.com\\\/magazine365\\\/wp-content\\\/uploads\\\/2014\\\/06\\\/6329893w.jpg\",\"width\":800,\"height\":455},\"datePublished\":\"2014-06-03T16:17:33+02:00\",\"dateModified\":\"2014-06-03T16:17:33+02:00\",\"inLanguage\":\"es-ES\",\"mainEntityOfPage\":{\"@id\":\"https:\\\/\\\/eldigitaldeasturias.com\\\/magazine365\\\/air-europa-vuelve-a-volar-a-miami-ademas-de-operar-en-alicante-y-melilla\\\/#webpage\"},\"isPartOf\":{\"@id\":\"https:\\\/\\\/eldigitaldeasturias.com\\\/magazine365\\\/air-europa-vuelve-a-volar-a-miami-ademas-de-operar-en-alicante-y-melilla\\\/#webpage\"},\"articleSection\":\"Actualidad Turismo\"},{\"@type\":\"BreadcrumbList\",\"@id\":\"https:\\\/\\\/eldigitaldeasturias.com\\\/magazine365\\\/air-europa-vuelve-a-volar-a-miami-ademas-de-operar-en-alicante-y-melilla\\\/#breadcrumblist\",\"itemListElement\":[{\"@type\":\"ListItem\",\"@id\":\"https:\\\/\\\/eldigitaldeasturias.com\\\/magazine365#listItem\",\"position\":1,\"name\":\"Home\",\"item\":\"https:\\\/\\\/eldigitaldeasturias.com\\\/magazine365\",\"nextItem\":{\"@type\":\"ListItem\",\"@id\":\"https:\\\/\\\/eldigitaldeasturias.com\\\/magazine365\\\/category\\\/actualidad-turismo\\\/#listItem\",\"name\":\"Actualidad Turismo\"}},{\"@type\":\"ListItem\",\"@id\":\"https:\\\/\\\/eldigitaldeasturias.com\\\/magazine365\\\/category\\\/actualidad-turismo\\\/#listItem\",\"position\":2,\"name\":\"Actualidad Turismo\",\"item\":\"https:\\\/\\\/eldigitaldeasturias.com\\\/magazine365\\\/category\\\/actualidad-turismo\\\/\",\"nextItem\":{\"@type\":\"ListItem\",\"@id\":\"https:\\\/\\\/eldigitaldeasturias.com\\\/magazine365\\\/air-europa-vuelve-a-volar-a-miami-ademas-de-operar-en-alicante-y-melilla\\\/#listItem\",\"name\":\"Air Europa vuelve a volar a Miami adem\\u00e1s de operar en Alicante y Melilla\"},\"previousItem\":{\"@type\":\"ListItem\",\"@id\":\"https:\\\/\\\/eldigitaldeasturias.com\\\/magazine365#listItem\",\"name\":\"Home\"}},{\"@type\":\"ListItem\",\"@id\":\"https:\\\/\\\/eldigitaldeasturias.com\\\/magazine365\\\/air-europa-vuelve-a-volar-a-miami-ademas-de-operar-en-alicante-y-melilla\\\/#listItem\",\"position\":3,\"name\":\"Air Europa vuelve a volar a Miami adem\\u00e1s de operar en Alicante y Melilla\",\"previousItem\":{\"@type\":\"ListItem\",\"@id\":\"https:\\\/\\\/eldigitaldeasturias.com\\\/magazine365\\\/category\\\/actualidad-turismo\\\/#listItem\",\"name\":\"Actualidad Turismo\"}}]},{\"@type\":\"Organization\",\"@id\":\"https:\\\/\\\/eldigitaldeasturias.com\\\/magazine365\\\/#organization\",\"name\":\"El digital de Asturias\",\"description\":\"Revista de ocio, turismo y estilo de vida\",\"url\":\"https:\\\/\\\/eldigitaldeasturias.com\\\/magazine365\\\/\",\"logo\":{\"@type\":\"ImageObject\",\"url\":\"https:\\\/\\\/www.eldigitaldeasturias.com\\\/noticias\\\/wp-content\\\/uploads\\\/2020\\\/12\\\/EDA.jpg\",\"@id\":\"https:\\\/\\\/eldigitaldeasturias.com\\\/magazine365\\\/air-europa-vuelve-a-volar-a-miami-ademas-de-operar-en-alicante-y-melilla\\\/#organizationLogo\"},\"image\":{\"@id\":\"https:\\\/\\\/eldigitaldeasturias.com\\\/magazine365\\\/air-europa-vuelve-a-volar-a-miami-ademas-de-operar-en-alicante-y-melilla\\\/#organizationLogo\"}},{\"@type\":\"Person\",\"@id\":\"https:\\\/\\\/eldigitaldeasturias.com\\\/magazine365\\\/author\\\/admin\\\/#author\",\"url\":\"https:\\\/\\\/eldigitaldeasturias.com\\\/magazine365\\\/author\\\/admin\\\/\",\"name\":\"admin\",\"image\":{\"@type\":\"ImageObject\",\"@id\":\"https:\\\/\\\/eldigitaldeasturias.com\\\/magazine365\\\/air-europa-vuelve-a-volar-a-miami-ademas-de-operar-en-alicante-y-melilla\\\/#authorImage\",\"url\":\"https:\\\/\\\/eldigitaldeasturias.com\\\/magazine365\\\/wp-content\\\/litespeed\\\/avatar\\\/e571bcf59a0edd6fa6838245a470f2fe.jpg?ver=1777574230\",\"width\":96,\"height\":96,\"caption\":\"admin\"}},{\"@type\":\"WebPage\",\"@id\":\"https:\\\/\\\/eldigitaldeasturias.com\\\/magazine365\\\/air-europa-vuelve-a-volar-a-miami-ademas-de-operar-en-alicante-y-melilla\\\/#webpage\",\"url\":\"https:\\\/\\\/eldigitaldeasturias.com\\\/magazine365\\\/air-europa-vuelve-a-volar-a-miami-ademas-de-operar-en-alicante-y-melilla\\\/\",\"name\":\"Air Europa vuelve a volar a Miami adem\\u00e1s de operar en Alicante y Melilla | El Digital de Asturias\",\"description\":\"Madrid, 3 jun (EFE).- Air Europa ha vuelto a enlazar desde hoy Madrid con Miami, desde donde el vuelo continuar\\u00e1 a Punta Cana, en la Rep\\u00fablica Dominicana, adem\\u00e1s de que, en Espa\\u00f1a, conectar\\u00e1 Alicante con Madrid y Palma de Mallorca, y Melilla con M\\u00e1laga, ha informado hoy la aerol\\u00ednea del grupo tur\\u00edstico Globalia. El vuelo\",\"inLanguage\":\"es-ES\",\"isPartOf\":{\"@id\":\"https:\\\/\\\/eldigitaldeasturias.com\\\/magazine365\\\/#website\"},\"breadcrumb\":{\"@id\":\"https:\\\/\\\/eldigitaldeasturias.com\\\/magazine365\\\/air-europa-vuelve-a-volar-a-miami-ademas-de-operar-en-alicante-y-melilla\\\/#breadcrumblist\"},\"author\":{\"@id\":\"https:\\\/\\\/eldigitaldeasturias.com\\\/magazine365\\\/author\\\/admin\\\/#author\"},\"creator\":{\"@id\":\"https:\\\/\\\/eldigitaldeasturias.com\\\/magazine365\\\/author\\\/admin\\\/#author\"},\"image\":{\"@type\":\"ImageObject\",\"url\":\"https:\\\/\\\/eldigitaldeasturias.com\\\/magazine365\\\/wp-content\\\/uploads\\\/2014\\\/06\\\/6329893w.jpg\",\"@id\":\"https:\\\/\\\/eldigitaldeasturias.com\\\/magazine365\\\/air-europa-vuelve-a-volar-a-miami-ademas-de-operar-en-alicante-y-melilla\\\/#mainImage\",\"width\":800,\"height\":455},\"primaryImageOfPage\":{\"@id\":\"https:\\\/\\\/eldigitaldeasturias.com\\\/magazine365\\\/air-europa-vuelve-a-volar-a-miami-ademas-de-operar-en-alicante-y-melilla\\\/#mainImage\"},\"datePublished\":\"2014-06-03T16:17:33+02:00\",\"dateModified\":\"2014-06-03T16:17:33+02:00\"},{\"@type\":\"WebSite\",\"@id\":\"https:\\\/\\\/eldigitaldeasturias.com\\\/magazine365\\\/#website\",\"url\":\"https:\\\/\\\/eldigitaldeasturias.com\\\/magazine365\\\/\",\"name\":\"El Digital de Asturias\",\"description\":\"Revista de ocio, turismo y estilo de vida\",\"inLanguage\":\"es-ES\",\"publisher\":{\"@id\":\"https:\\\/\\\/eldigitaldeasturias.com\\\/magazine365\\\/#organization\"}}]}\n\t\t<\/script>\n\t\t<!-- All in One SEO Pro -->\r\n\t\t<title>Air Europa vuelve a volar a Miami adem\u00e1s de operar en Alicante y Melilla | El Digital de Asturias<\/title>\n\n","aioseo_head_json":{"title":"Air Europa vuelve a volar a Miami adem\u00e1s de operar en Alicante y Melilla | El Digital de Asturias","description":"Madrid, 3 jun (EFE).- Air Europa ha vuelto a enlazar desde hoy Madrid con Miami, desde donde el vuelo continuar\u00e1 a Punta Cana, en la Rep\u00fablica Dominicana, adem\u00e1s de que, en Espa\u00f1a, conectar\u00e1 Alicante con Madrid y Palma de Mallorca, y Melilla con M\u00e1laga, ha informado hoy la aerol\u00ednea del grupo tur\u00edstico Globalia. El vuelo","canonical_url":"https:\/\/eldigitaldeasturias.com\/magazine365\/air-europa-vuelve-a-volar-a-miami-ademas-de-operar-en-alicante-y-melilla\/","robots":"max-image-preview:large","keywords":"actualidad turismo","webmasterTools":{"google-site-verification":"UA-38556648-1","miscellaneous":""},"schema":{"@context":"https:\/\/schema.org","@graph":[{"@type":"Article","@id":"https:\/\/eldigitaldeasturias.com\/magazine365\/air-europa-vuelve-a-volar-a-miami-ademas-de-operar-en-alicante-y-melilla\/#article","name":"Air Europa vuelve a volar a Miami adem\u00e1s de operar en Alicante y Melilla | El Digital de Asturias","headline":"Air Europa vuelve a volar a Miami adem\u00e1s de operar en Alicante y Melilla","author":{"@id":"https:\/\/eldigitaldeasturias.com\/magazine365\/author\/admin\/#author"},"publisher":{"@id":"https:\/\/eldigitaldeasturias.com\/magazine365\/#organization"},"image":{"@type":"ImageObject","url":"https:\/\/eldigitaldeasturias.com\/magazine365\/wp-content\/uploads\/2014\/06\/6329893w.jpg","width":800,"height":455},"datePublished":"2014-06-03T16:17:33+02:00","dateModified":"2014-06-03T16:17:33+02:00","inLanguage":"es-ES","mainEntityOfPage":{"@id":"https:\/\/eldigitaldeasturias.com\/magazine365\/air-europa-vuelve-a-volar-a-miami-ademas-de-operar-en-alicante-y-melilla\/#webpage"},"isPartOf":{"@id":"https:\/\/eldigitaldeasturias.com\/magazine365\/air-europa-vuelve-a-volar-a-miami-ademas-de-operar-en-alicante-y-melilla\/#webpage"},"articleSection":"Actualidad Turismo"},{"@type":"BreadcrumbList","@id":"https:\/\/eldigitaldeasturias.com\/magazine365\/air-europa-vuelve-a-volar-a-miami-ademas-de-operar-en-alicante-y-melilla\/#breadcrumblist","itemListElement":[{"@type":"ListItem","@id":"https:\/\/eldigitaldeasturias.com\/magazine365#listItem","position":1,"name":"Home","item":"https:\/\/eldigitaldeasturias.com\/magazine365","nextItem":{"@type":"ListItem","@id":"https:\/\/eldigitaldeasturias.com\/magazine365\/category\/actualidad-turismo\/#listItem","name":"Actualidad Turismo"}},{"@type":"ListItem","@id":"https:\/\/eldigitaldeasturias.com\/magazine365\/category\/actualidad-turismo\/#listItem","position":2,"name":"Actualidad Turismo","item":"https:\/\/eldigitaldeasturias.com\/magazine365\/category\/actualidad-turismo\/","nextItem":{"@type":"ListItem","@id":"https:\/\/eldigitaldeasturias.com\/magazine365\/air-europa-vuelve-a-volar-a-miami-ademas-de-operar-en-alicante-y-melilla\/#listItem","name":"Air Europa vuelve a volar a Miami adem\u00e1s de operar en Alicante y Melilla"},"previousItem":{"@type":"ListItem","@id":"https:\/\/eldigitaldeasturias.com\/magazine365#listItem","name":"Home"}},{"@type":"ListItem","@id":"https:\/\/eldigitaldeasturias.com\/magazine365\/air-europa-vuelve-a-volar-a-miami-ademas-de-operar-en-alicante-y-melilla\/#listItem","position":3,"name":"Air Europa vuelve a volar a Miami adem\u00e1s de operar en Alicante y Melilla","previousItem":{"@type":"ListItem","@id":"https:\/\/eldigitaldeasturias.com\/magazine365\/category\/actualidad-turismo\/#listItem","name":"Actualidad Turismo"}}]},{"@type":"Organization","@id":"https:\/\/eldigitaldeasturias.com\/magazine365\/#organization","name":"El digital de Asturias","description":"Revista de ocio, turismo y estilo de vida","url":"https:\/\/eldigitaldeasturias.com\/magazine365\/","logo":{"@type":"ImageObject","url":"https:\/\/www.eldigitaldeasturias.com\/noticias\/wp-content\/uploads\/2020\/12\/EDA.jpg","@id":"https:\/\/eldigitaldeasturias.com\/magazine365\/air-europa-vuelve-a-volar-a-miami-ademas-de-operar-en-alicante-y-melilla\/#organizationLogo"},"image":{"@id":"https:\/\/eldigitaldeasturias.com\/magazine365\/air-europa-vuelve-a-volar-a-miami-ademas-de-operar-en-alicante-y-melilla\/#organizationLogo"}},{"@type":"Person","@id":"https:\/\/eldigitaldeasturias.com\/magazine365\/author\/admin\/#author","url":"https:\/\/eldigitaldeasturias.com\/magazine365\/author\/admin\/","name":"admin","image":{"@type":"ImageObject","@id":"https:\/\/eldigitaldeasturias.com\/magazine365\/air-europa-vuelve-a-volar-a-miami-ademas-de-operar-en-alicante-y-melilla\/#authorImage","url":"https:\/\/eldigitaldeasturias.com\/magazine365\/wp-content\/litespeed\/avatar\/e571bcf59a0edd6fa6838245a470f2fe.jpg?ver=1777574230","width":96,"height":96,"caption":"admin"}},{"@type":"WebPage","@id":"https:\/\/eldigitaldeasturias.com\/magazine365\/air-europa-vuelve-a-volar-a-miami-ademas-de-operar-en-alicante-y-melilla\/#webpage","url":"https:\/\/eldigitaldeasturias.com\/magazine365\/air-europa-vuelve-a-volar-a-miami-ademas-de-operar-en-alicante-y-melilla\/","name":"Air Europa vuelve a volar a Miami adem\u00e1s de operar en Alicante y Melilla | El Digital de Asturias","description":"Madrid, 3 jun (EFE).- Air Europa ha vuelto a enlazar desde hoy Madrid con Miami, desde donde el vuelo continuar\u00e1 a Punta Cana, en la Rep\u00fablica Dominicana, adem\u00e1s de que, en Espa\u00f1a, conectar\u00e1 Alicante con Madrid y Palma de Mallorca, y Melilla con M\u00e1laga, ha informado hoy la aerol\u00ednea del grupo tur\u00edstico Globalia. El vuelo","inLanguage":"es-ES","isPartOf":{"@id":"https:\/\/eldigitaldeasturias.com\/magazine365\/#website"},"breadcrumb":{"@id":"https:\/\/eldigitaldeasturias.com\/magazine365\/air-europa-vuelve-a-volar-a-miami-ademas-de-operar-en-alicante-y-melilla\/#breadcrumblist"},"author":{"@id":"https:\/\/eldigitaldeasturias.com\/magazine365\/author\/admin\/#author"},"creator":{"@id":"https:\/\/eldigitaldeasturias.com\/magazine365\/author\/admin\/#author"},"image":{"@type":"ImageObject","url":"https:\/\/eldigitaldeasturias.com\/magazine365\/wp-content\/uploads\/2014\/06\/6329893w.jpg","@id":"https:\/\/eldigitaldeasturias.com\/magazine365\/air-europa-vuelve-a-volar-a-miami-ademas-de-operar-en-alicante-y-melilla\/#mainImage","width":800,"height":455},"primaryImageOfPage":{"@id":"https:\/\/eldigitaldeasturias.com\/magazine365\/air-europa-vuelve-a-volar-a-miami-ademas-de-operar-en-alicante-y-melilla\/#mainImage"},"datePublished":"2014-06-03T16:17:33+02:00","dateModified":"2014-06-03T16:17:33+02:00"},{"@type":"WebSite","@id":"https:\/\/eldigitaldeasturias.com\/magazine365\/#website","url":"https:\/\/eldigitaldeasturias.com\/magazine365\/","name":"El Digital de Asturias","description":"Revista de ocio, turismo y estilo de vida","inLanguage":"es-ES","publisher":{"@id":"https:\/\/eldigitaldeasturias.com\/magazine365\/#organization"}}]},"og:locale":"es_ES","og:site_name":"El Digital de Asturias \u2013 Revista de ocio, turismo y estilo de vida","og:type":"article","og:title":"Air Europa vuelve a volar a Miami adem\u00e1s de operar en Alicante y Melilla | El Digital de Asturias","og:description":"Madrid, 3 jun (EFE).- Air Europa ha vuelto a enlazar desde hoy Madrid con Miami, desde donde el vuelo continuar\u00e1 a Punta Cana, en la Rep\u00fablica Dominicana, adem\u00e1s de que, en Espa\u00f1a, conectar\u00e1 Alicante con Madrid y Palma de Mallorca, y Melilla con M\u00e1laga, ha informado hoy la aerol\u00ednea del grupo tur\u00edstico Globalia. El vuelo","og:url":"https:\/\/eldigitaldeasturias.com\/magazine365\/air-europa-vuelve-a-volar-a-miami-ademas-de-operar-en-alicante-y-melilla\/","og:image":"https:\/\/eldigitaldeasturias.com\/magazine365\/wp-content\/uploads\/2014\/06\/6329893w.jpg","og:image:secure_url":"https:\/\/eldigitaldeasturias.com\/magazine365\/wp-content\/uploads\/2014\/06\/6329893w.jpg","og:image:width":800,"og:image:height":455,"article:published_time":"2014-06-03T18:17:33+00:00","article:modified_time":"2014-06-03T18:17:33+00:00","twitter:card":"summary_large_image","twitter:title":"Air Europa vuelve a volar a Miami adem\u00e1s de operar en Alicante y Melilla | El Digital de Asturias","twitter:description":"Madrid, 3 jun (EFE).- Air Europa ha vuelto a enlazar desde hoy Madrid con Miami, desde donde el vuelo continuar\u00e1 a Punta Cana, en la Rep\u00fablica Dominicana, adem\u00e1s de que, en Espa\u00f1a, conectar\u00e1 Alicante con Madrid y Palma de Mallorca, y Melilla con M\u00e1laga, ha informado hoy la aerol\u00ednea del grupo tur\u00edstico Globalia. El vuelo","twitter:image":"https:\/\/eldigitaldeasturias.com\/magazine365\/wp-content\/uploads\/2014\/06\/6329893w.jpg"},"aioseo_meta_data":{"post_id":"14970","title":null,"description":null,"keywords":null,"keyphrases":null,"primary_term":null,"canonical_url":null,"og_title":null,"og_description":null,"og_object_type":"default","og_image_type":"default","og_image_url":null,"og_image_width":null,"og_image_height":null,"og_image_custom_url":null,"og_image_custom_fields":null,"og_video":null,"og_custom_url":null,"og_article_section":null,"og_article_tags":null,"twitter_use_og":false,"twitter_card":"default","twitter_image_type":"default","twitter_image_url":null,"twitter_image_custom_url":null,"twitter_image_custom_fields":null,"twitter_title":null,"twitter_description":null,"schema":{"blockGraphs":[],"customGraphs":[],"default":{"data":{"Article":[],"Course":[],"Dataset":[],"FAQPage":[],"Movie":[],"Person":[],"Product":[],"ProductReview":[],"Car":[],"Recipe":[],"Service":[],"SoftwareApplication":[],"WebPage":[]},"graphName":"","isEnabled":true},"graphs":[],"defaultGraph":"","defaultPostTypeGraph":""},"schema_type":null,"schema_type_options":null,"pillar_content":false,"robots_default":true,"robots_noindex":false,"robots_noarchive":false,"robots_nosnippet":false,"robots_nofollow":false,"robots_noimageindex":false,"robots_noodp":false,"robots_notranslate":false,"robots_max_snippet":null,"robots_max_videopreview":null,"robots_max_imagepreview":"large","priority":null,"frequency":null,"location":null,"local_seo":null,"seo_analyzer_scan_date":"2025-09-17 11:09:57","breadcrumb_settings":null,"limit_modified_date":false,"open_ai":null,"ai":null,"created":"2021-03-09 08:07:53","updated":"2025-09-17 11:09:57"},"aioseo_breadcrumb":"<div class=\"aioseo-breadcrumbs\"><span class=\"aioseo-breadcrumb\">\n\t<a href=\"https:\/\/eldigitaldeasturias.com\/magazine365\" title=\"Home\">Home<\/a>\n<\/span><span class=\"aioseo-breadcrumb-separator\">\u2013<\/span><span class=\"aioseo-breadcrumb\">\n\t<a href=\"https:\/\/eldigitaldeasturias.com\/magazine365\/category\/actualidad-turismo\/\" title=\"Actualidad Turismo\">Actualidad Turismo<\/a>\n<\/span><span class=\"aioseo-breadcrumb-separator\">\u2013<\/span><span class=\"aioseo-breadcrumb\">\n\t<a href=\"https:\/\/eldigitaldeasturias.com\/magazine365\/air-europa-vuelve-a-volar-a-miami-ademas-de-operar-en-alicante-y-melilla\/\" title=\"Air Europa vuelve a volar a Miami adem\u00e1s de operar en Alicante y Melilla\">Air Europa vuelve a volar a Miami adem\u00e1s de operar en Alicante y Melilla<\/a>\n<\/span><\/div>","aioseo_breadcrumb_json":[{"label":"Home","link":"https:\/\/eldigitaldeasturias.com\/magazine365"},{"label":"Actualidad Turismo","link":"https:\/\/eldigitaldeasturias.com\/magazine365\/category\/actualidad-turismo\/"},{"label":"Air Europa vuelve a volar a Miami adem\u00e1s de operar en Alicante y Melilla","link":"https:\/\/eldigitaldeasturias.com\/magazine365\/air-europa-vuelve-a-volar-a-miami-ademas-de-operar-en-alicante-y-melilla\/"}],"_links":{"self":[{"href":"https:\/\/eldigitaldeasturias.com\/magazine365\/wp-json\/wp\/v2\/posts\/14970","targetHints":{"allow":["GET"]}}],"collection":[{"href":"https:\/\/eldigitaldeasturias.com\/magazine365\/wp-json\/wp\/v2\/posts"}],"about":[{"href":"https:\/\/eldigitaldeasturias.com\/magazine365\/wp-json\/wp\/v2\/types\/post"}],"author":[{"embeddable":true,"href":"https:\/\/eldigitaldeasturias.com\/magazine365\/wp-json\/wp\/v2\/users\/1"}],"replies":[{"embeddable":true,"href":"https:\/\/eldigitaldeasturias.com\/magazine365\/wp-json\/wp\/v2\/comments?post=14970"}],"version-history":[{"count":0,"href":"https:\/\/eldigitaldeasturias.com\/magazine365\/wp-json\/wp\/v2\/posts\/14970\/revisions"}],"wp:featuredmedia":[{"embeddable":true,"href":"https:\/\/eldigitaldeasturias.com\/magazine365\/wp-json\/wp\/v2\/media\/14971"}],"wp:attachment":[{"href":"https:\/\/eldigitaldeasturias.com\/magazine365\/wp-json\/wp\/v2\/media?parent=14970"}],"wp:term":[{"taxonomy":"category","embeddable":true,"href":"https:\/\/eldigitaldeasturias.com\/magazine365\/wp-json\/wp\/v2\/categories?post=14970"},{"taxonomy":"post_tag","embeddable":true,"href":"https:\/\/eldigitaldeasturias.com\/magazine365\/wp-json\/wp\/v2\/tags?post=14970"}],"curies":[{"name":"wp","href":"https:\/\/api.w.org\/{rel}","templated":true}]}}