{"id":14967,"date":"2014-06-03T16:15:55","date_gmt":"2014-06-03T18:15:55","guid":{"rendered":"http:\/\/eldigitaldeasturias.com\/magazine365\/?p=14967"},"modified":"2014-06-03T16:15:55","modified_gmt":"2014-06-03T18:15:55","slug":"la-omt-pide-a-los-gobiernos-mas-apoyo-para-el-turismo-que-seguira-al-alza","status":"publish","type":"post","link":"https:\/\/eldigitaldeasturias.com\/magazine365\/la-omt-pide-a-los-gobiernos-mas-apoyo-para-el-turismo-que-seguira-al-alza\/","title":{"rendered":"La OMT pide a los gobiernos m\u00e1s apoyo para el turismo, que seguir\u00e1 al alza"},"content":{"rendered":"<p><img fetchpriority=\"high\" decoding=\"async\" class=\"alignleft size-medium wp-image-14968\" alt=\"6329889w\" src=\"https:\/\/eldigitaldeasturias.com\/magazine365\/wp-content\/uploads\/2014\/06\/6329889w-202x300.jpg\" width=\"202\" height=\"300\" srcset=\"https:\/\/eldigitaldeasturias.com\/magazine365\/wp-content\/uploads\/2014\/06\/6329889w-202x300.jpg 202w, https:\/\/eldigitaldeasturias.com\/magazine365\/wp-content\/uploads\/2014\/06\/6329889w-432x640.jpg 432w, https:\/\/eldigitaldeasturias.com\/magazine365\/wp-content\/uploads\/2014\/06\/6329889w-150x222.jpg 150w, https:\/\/eldigitaldeasturias.com\/magazine365\/wp-content\/uploads\/2014\/06\/6329889w-450x667.jpg 450w, https:\/\/eldigitaldeasturias.com\/magazine365\/wp-content\/uploads\/2014\/06\/6329889w-696x1032.jpg 696w, https:\/\/eldigitaldeasturias.com\/magazine365\/wp-content\/uploads\/2014\/06\/6329889w-283x420.jpg 283w, https:\/\/eldigitaldeasturias.com\/magazine365\/wp-content\/uploads\/2014\/06\/6329889w.jpg 700w\" sizes=\"(max-width: 202px) 100vw, 202px\" \/>Torremolinos (M\u00e1laga), 3 jun (EFE).- El secretario general de la Organizaci\u00f3n Mundial del Turismo (OMT), Taleb Rifai, ha pedido hoy a los gobiernos nacionales, regionales y locales que le presten m\u00e1s atenci\u00f3n al turismo y le den la relevancia que requiere a este sector, que se prev\u00e9 que siga creciendo en los pr\u00f3ximos cinco a\u00f1os.<\/p>\n<p>Durante el discurso de apertura de la novena edici\u00f3n del Sal\u00f3n Internacional de Turismo, Arte y Cultura de Am\u00e9rica Latina y Europa \u00abEuroal\u00bb, que re\u00fane en Torremolinos (M\u00e1laga) a m\u00e1s de cuarenta destinos y 52 operadores, Rifai ha se\u00f1alado que el turismo es un sector que \u00absi le das, te devuelve lo que le das\u00bb.<\/p>\n<p>Junto a la \u00abrevoluci\u00f3n\u00bb de las comunicaciones, ha destacado la de los viajes, con la que \u00abse rompen barreras\u00bb, un fen\u00f3meno que \u00abno parece que haya nada que vaya a detener\u00bb.<\/p>\n<p>Pese a las dificultades, el turismo creci\u00f3 en Europa un 5 por ciento en el 2013, una tendencia que el secretario de la OMT espera que se consolide en los pr\u00f3ximos cinco a\u00f1os, a un ritmo de crecimiento del 3 \u00f3 4 por ciento anual, seg\u00fan ha declarado a Efe.<\/p>\n<p>Para darle el \u00abimpulso adecuado\u00bb al turismo, Rifai ha defendido un mayor apoyo del sector p\u00fablico a trav\u00e9s de incentivos, ya que el privado \u00ablo est\u00e1 haciendo bien\u00bb.<\/p>\n<p>Rifai ha subrayado la aportaci\u00f3n de esta industria al mercado laboral, ya que emplea a una de cada once personas en el mundo y genera el 9 por ciento del Producto Interior Bruto (PIB).<\/p>\n<p>Preguntado sobre la demanda de que se baje el tipo de IVA que se aplica al turismo en Espa\u00f1a, ha opinado que todos los impuestos pueden afectar al sector, incluidas las tasas de aeropuertos, por lo que ha apostado por estudiarlos y decidir cu\u00e1les se bajan o suben para llegar a una \u00absoluci\u00f3n inteligente\u00bb.<\/p>\n<p>La feria Euroal se celebra en el Palacio de Congresos de Torremolinos, el mismo recinto que acogi\u00f3 en 1979 la tercera asamblea de la OMT, en la que se instituy\u00f3 la celebraci\u00f3n del D\u00eda Mundial del Turismo cada 27 de septiembre a partir de 1980.<\/p>\n<p>Mucho ha evolucionado el turismo en 35 a\u00f1os, desde los menos de 300 millones de turistas de 1979, hasta la actualidad, cuando 1.087 millones de personas cruzan las fronteras para viajar cada a\u00f1o.<\/p>\n<p>Con motivo de esa efem\u00e9ride, Rifai ha descubierto hoy una placa conmemorativa, reproducci\u00f3n a gran escala del matasellos de Correos que estar\u00e1 en servicio hasta el pr\u00f3ximo 5 de junio.<\/p>\n<p>Tanto el presidente de la Confederaci\u00f3n Espa\u00f1ola de Agencias de Viajes (CEAV), Rafael Gallego, como el vicepresidente ejecutivo de Exceltur, Jos\u00e9 Luis Zoreda, han coincidido en comentar en sus intervenciones los signos de recuperaci\u00f3n del sector en Espa\u00f1a.<\/p>\n","protected":false},"excerpt":{"rendered":"<p>Torremolinos (M\u00e1laga), 3 jun (EFE).- El secretario general de la Organizaci\u00f3n Mundial del Turismo (OMT), Taleb Rifai, ha pedido hoy a los gobiernos nacionales, regionales y locales que le presten m\u00e1s atenci\u00f3n al turismo y le den la relevancia que requiere a este sector, que se prev\u00e9 que siga creciendo en los pr\u00f3ximos cinco a\u00f1os.<\/p>\n","protected":false},"author":1,"featured_media":14968,"comment_status":"open","ping_status":"closed","sticky":false,"template":"","format":"standard","meta":{"footnotes":""},"categories":[222],"tags":[],"class_list":{"0":"post-14967","1":"post","2":"type-post","3":"status-publish","4":"format-standard","5":"has-post-thumbnail","7":"category-actualidad-turismo"},"aioseo_notices":[],"aioseo_head":"\n\t\t<!-- All in One SEO Pro 4.9.6.1 - aioseo.com -->\n\t<meta name=\"description\" content=\"Torremolinos (M\u00e1laga), 3 jun (EFE).- El secretario general de la Organizaci\u00f3n Mundial del Turismo (OMT), Taleb Rifai, ha pedido hoy a los gobiernos nacionales, regionales y locales que le presten m\u00e1s atenci\u00f3n al turismo y le den la relevancia que requiere a este sector, que se prev\u00e9 que siga creciendo en los pr\u00f3ximos cinco a\u00f1os.\" \/>\n\t<meta name=\"robots\" content=\"max-image-preview:large\" \/>\n\t<meta name=\"author\" content=\"admin\"\/>\n\t<meta name=\"google-site-verification\" content=\"UA-38556648-1\" \/>\n\t<meta name=\"keywords\" content=\"actualidad turismo\" \/>\n\t<link rel=\"canonical\" href=\"https:\/\/eldigitaldeasturias.com\/magazine365\/la-omt-pide-a-los-gobiernos-mas-apoyo-para-el-turismo-que-seguira-al-alza\/\" \/>\n\t<meta name=\"generator\" content=\"All in One SEO Pro (AIOSEO) 4.9.6.1\" \/>\n\t\t<meta property=\"og:locale\" content=\"es_ES\" \/>\n\t\t<meta property=\"og:site_name\" content=\"El Digital de Asturias \u2013 Revista de ocio, turismo y estilo de vida\" \/>\n\t\t<meta property=\"og:type\" content=\"article\" \/>\n\t\t<meta property=\"og:title\" content=\"La OMT pide a los gobiernos m\u00e1s apoyo para el turismo, que seguir\u00e1 al alza | El Digital de Asturias\" \/>\n\t\t<meta property=\"og:description\" content=\"Torremolinos (M\u00e1laga), 3 jun (EFE).- El secretario general de la Organizaci\u00f3n Mundial del Turismo (OMT), Taleb Rifai, ha pedido hoy a los gobiernos nacionales, regionales y locales que le presten m\u00e1s atenci\u00f3n al turismo y le den la relevancia que requiere a este sector, que se prev\u00e9 que siga creciendo en los pr\u00f3ximos cinco a\u00f1os.\" \/>\n\t\t<meta property=\"og:url\" content=\"https:\/\/eldigitaldeasturias.com\/magazine365\/la-omt-pide-a-los-gobiernos-mas-apoyo-para-el-turismo-que-seguira-al-alza\/\" \/>\n\t\t<meta property=\"og:image\" content=\"https:\/\/eldigitaldeasturias.com\/magazine365\/wp-content\/uploads\/2014\/06\/6329889w.jpg\" \/>\n\t\t<meta property=\"og:image:secure_url\" content=\"https:\/\/eldigitaldeasturias.com\/magazine365\/wp-content\/uploads\/2014\/06\/6329889w.jpg\" \/>\n\t\t<meta property=\"og:image:width\" content=\"700\" \/>\n\t\t<meta property=\"og:image:height\" content=\"1038\" \/>\n\t\t<meta property=\"article:published_time\" content=\"2014-06-03T18:15:55+00:00\" \/>\n\t\t<meta property=\"article:modified_time\" content=\"2014-06-03T18:15:55+00:00\" \/>\n\t\t<meta name=\"twitter:card\" content=\"summary_large_image\" \/>\n\t\t<meta name=\"twitter:title\" content=\"La OMT pide a los gobiernos m\u00e1s apoyo para el turismo, que seguir\u00e1 al alza | El Digital de Asturias\" \/>\n\t\t<meta name=\"twitter:description\" content=\"Torremolinos (M\u00e1laga), 3 jun (EFE).- El secretario general de la Organizaci\u00f3n Mundial del Turismo (OMT), Taleb Rifai, ha pedido hoy a los gobiernos nacionales, regionales y locales que le presten m\u00e1s atenci\u00f3n al turismo y le den la relevancia que requiere a este sector, que se prev\u00e9 que siga creciendo en los pr\u00f3ximos cinco a\u00f1os.\" \/>\n\t\t<meta name=\"twitter:image\" content=\"https:\/\/eldigitaldeasturias.com\/magazine365\/wp-content\/uploads\/2014\/06\/6329889w.jpg\" \/>\n\t\t<script type=\"application\/ld+json\" class=\"aioseo-schema\">\n\t\t\t{\"@context\":\"https:\\\/\\\/schema.org\",\"@graph\":[{\"@type\":\"Article\",\"@id\":\"https:\\\/\\\/eldigitaldeasturias.com\\\/magazine365\\\/la-omt-pide-a-los-gobiernos-mas-apoyo-para-el-turismo-que-seguira-al-alza\\\/#article\",\"name\":\"La OMT pide a los gobiernos m\\u00e1s apoyo para el turismo, que seguir\\u00e1 al alza | El Digital de Asturias\",\"headline\":\"La OMT pide a los gobiernos m\\u00e1s apoyo para el turismo, que seguir\\u00e1 al alza\",\"author\":{\"@id\":\"https:\\\/\\\/eldigitaldeasturias.com\\\/magazine365\\\/author\\\/admin\\\/#author\"},\"publisher\":{\"@id\":\"https:\\\/\\\/eldigitaldeasturias.com\\\/magazine365\\\/#organization\"},\"image\":{\"@type\":\"ImageObject\",\"url\":\"https:\\\/\\\/eldigitaldeasturias.com\\\/magazine365\\\/wp-content\\\/uploads\\\/2014\\\/06\\\/6329889w.jpg\",\"width\":700,\"height\":1038},\"datePublished\":\"2014-06-03T16:15:55+02:00\",\"dateModified\":\"2014-06-03T16:15:55+02:00\",\"inLanguage\":\"es-ES\",\"mainEntityOfPage\":{\"@id\":\"https:\\\/\\\/eldigitaldeasturias.com\\\/magazine365\\\/la-omt-pide-a-los-gobiernos-mas-apoyo-para-el-turismo-que-seguira-al-alza\\\/#webpage\"},\"isPartOf\":{\"@id\":\"https:\\\/\\\/eldigitaldeasturias.com\\\/magazine365\\\/la-omt-pide-a-los-gobiernos-mas-apoyo-para-el-turismo-que-seguira-al-alza\\\/#webpage\"},\"articleSection\":\"Actualidad Turismo\"},{\"@type\":\"BreadcrumbList\",\"@id\":\"https:\\\/\\\/eldigitaldeasturias.com\\\/magazine365\\\/la-omt-pide-a-los-gobiernos-mas-apoyo-para-el-turismo-que-seguira-al-alza\\\/#breadcrumblist\",\"itemListElement\":[{\"@type\":\"ListItem\",\"@id\":\"https:\\\/\\\/eldigitaldeasturias.com\\\/magazine365#listItem\",\"position\":1,\"name\":\"Home\",\"item\":\"https:\\\/\\\/eldigitaldeasturias.com\\\/magazine365\",\"nextItem\":{\"@type\":\"ListItem\",\"@id\":\"https:\\\/\\\/eldigitaldeasturias.com\\\/magazine365\\\/category\\\/actualidad-turismo\\\/#listItem\",\"name\":\"Actualidad Turismo\"}},{\"@type\":\"ListItem\",\"@id\":\"https:\\\/\\\/eldigitaldeasturias.com\\\/magazine365\\\/category\\\/actualidad-turismo\\\/#listItem\",\"position\":2,\"name\":\"Actualidad Turismo\",\"item\":\"https:\\\/\\\/eldigitaldeasturias.com\\\/magazine365\\\/category\\\/actualidad-turismo\\\/\",\"nextItem\":{\"@type\":\"ListItem\",\"@id\":\"https:\\\/\\\/eldigitaldeasturias.com\\\/magazine365\\\/la-omt-pide-a-los-gobiernos-mas-apoyo-para-el-turismo-que-seguira-al-alza\\\/#listItem\",\"name\":\"La OMT pide a los gobiernos m\\u00e1s apoyo para el turismo, que seguir\\u00e1 al alza\"},\"previousItem\":{\"@type\":\"ListItem\",\"@id\":\"https:\\\/\\\/eldigitaldeasturias.com\\\/magazine365#listItem\",\"name\":\"Home\"}},{\"@type\":\"ListItem\",\"@id\":\"https:\\\/\\\/eldigitaldeasturias.com\\\/magazine365\\\/la-omt-pide-a-los-gobiernos-mas-apoyo-para-el-turismo-que-seguira-al-alza\\\/#listItem\",\"position\":3,\"name\":\"La OMT pide a los gobiernos m\\u00e1s apoyo para el turismo, que seguir\\u00e1 al alza\",\"previousItem\":{\"@type\":\"ListItem\",\"@id\":\"https:\\\/\\\/eldigitaldeasturias.com\\\/magazine365\\\/category\\\/actualidad-turismo\\\/#listItem\",\"name\":\"Actualidad Turismo\"}}]},{\"@type\":\"Organization\",\"@id\":\"https:\\\/\\\/eldigitaldeasturias.com\\\/magazine365\\\/#organization\",\"name\":\"El digital de Asturias\",\"description\":\"Revista de ocio, turismo y estilo de vida\",\"url\":\"https:\\\/\\\/eldigitaldeasturias.com\\\/magazine365\\\/\",\"logo\":{\"@type\":\"ImageObject\",\"url\":\"https:\\\/\\\/www.eldigitaldeasturias.com\\\/noticias\\\/wp-content\\\/uploads\\\/2020\\\/12\\\/EDA.jpg\",\"@id\":\"https:\\\/\\\/eldigitaldeasturias.com\\\/magazine365\\\/la-omt-pide-a-los-gobiernos-mas-apoyo-para-el-turismo-que-seguira-al-alza\\\/#organizationLogo\"},\"image\":{\"@id\":\"https:\\\/\\\/eldigitaldeasturias.com\\\/magazine365\\\/la-omt-pide-a-los-gobiernos-mas-apoyo-para-el-turismo-que-seguira-al-alza\\\/#organizationLogo\"}},{\"@type\":\"Person\",\"@id\":\"https:\\\/\\\/eldigitaldeasturias.com\\\/magazine365\\\/author\\\/admin\\\/#author\",\"url\":\"https:\\\/\\\/eldigitaldeasturias.com\\\/magazine365\\\/author\\\/admin\\\/\",\"name\":\"admin\",\"image\":{\"@type\":\"ImageObject\",\"@id\":\"https:\\\/\\\/eldigitaldeasturias.com\\\/magazine365\\\/la-omt-pide-a-los-gobiernos-mas-apoyo-para-el-turismo-que-seguira-al-alza\\\/#authorImage\",\"url\":\"https:\\\/\\\/eldigitaldeasturias.com\\\/magazine365\\\/wp-content\\\/litespeed\\\/avatar\\\/e571bcf59a0edd6fa6838245a470f2fe.jpg?ver=1777574230\",\"width\":96,\"height\":96,\"caption\":\"admin\"}},{\"@type\":\"WebPage\",\"@id\":\"https:\\\/\\\/eldigitaldeasturias.com\\\/magazine365\\\/la-omt-pide-a-los-gobiernos-mas-apoyo-para-el-turismo-que-seguira-al-alza\\\/#webpage\",\"url\":\"https:\\\/\\\/eldigitaldeasturias.com\\\/magazine365\\\/la-omt-pide-a-los-gobiernos-mas-apoyo-para-el-turismo-que-seguira-al-alza\\\/\",\"name\":\"La OMT pide a los gobiernos m\\u00e1s apoyo para el turismo, que seguir\\u00e1 al alza | El Digital de Asturias\",\"description\":\"Torremolinos (M\\u00e1laga), 3 jun (EFE).- El secretario general de la Organizaci\\u00f3n Mundial del Turismo (OMT), Taleb Rifai, ha pedido hoy a los gobiernos nacionales, regionales y locales que le presten m\\u00e1s atenci\\u00f3n al turismo y le den la relevancia que requiere a este sector, que se prev\\u00e9 que siga creciendo en los pr\\u00f3ximos cinco a\\u00f1os.\",\"inLanguage\":\"es-ES\",\"isPartOf\":{\"@id\":\"https:\\\/\\\/eldigitaldeasturias.com\\\/magazine365\\\/#website\"},\"breadcrumb\":{\"@id\":\"https:\\\/\\\/eldigitaldeasturias.com\\\/magazine365\\\/la-omt-pide-a-los-gobiernos-mas-apoyo-para-el-turismo-que-seguira-al-alza\\\/#breadcrumblist\"},\"author\":{\"@id\":\"https:\\\/\\\/eldigitaldeasturias.com\\\/magazine365\\\/author\\\/admin\\\/#author\"},\"creator\":{\"@id\":\"https:\\\/\\\/eldigitaldeasturias.com\\\/magazine365\\\/author\\\/admin\\\/#author\"},\"image\":{\"@type\":\"ImageObject\",\"url\":\"https:\\\/\\\/eldigitaldeasturias.com\\\/magazine365\\\/wp-content\\\/uploads\\\/2014\\\/06\\\/6329889w.jpg\",\"@id\":\"https:\\\/\\\/eldigitaldeasturias.com\\\/magazine365\\\/la-omt-pide-a-los-gobiernos-mas-apoyo-para-el-turismo-que-seguira-al-alza\\\/#mainImage\",\"width\":700,\"height\":1038},\"primaryImageOfPage\":{\"@id\":\"https:\\\/\\\/eldigitaldeasturias.com\\\/magazine365\\\/la-omt-pide-a-los-gobiernos-mas-apoyo-para-el-turismo-que-seguira-al-alza\\\/#mainImage\"},\"datePublished\":\"2014-06-03T16:15:55+02:00\",\"dateModified\":\"2014-06-03T16:15:55+02:00\"},{\"@type\":\"WebSite\",\"@id\":\"https:\\\/\\\/eldigitaldeasturias.com\\\/magazine365\\\/#website\",\"url\":\"https:\\\/\\\/eldigitaldeasturias.com\\\/magazine365\\\/\",\"name\":\"El Digital de Asturias\",\"description\":\"Revista de ocio, turismo y estilo de vida\",\"inLanguage\":\"es-ES\",\"publisher\":{\"@id\":\"https:\\\/\\\/eldigitaldeasturias.com\\\/magazine365\\\/#organization\"}}]}\n\t\t<\/script>\n\t\t<!-- All in One SEO Pro -->\r\n\t\t<title>La OMT pide a los gobiernos m\u00e1s apoyo para el turismo, que seguir\u00e1 al alza | El Digital de Asturias<\/title>\n\n","aioseo_head_json":{"title":"La OMT pide a los gobiernos m\u00e1s apoyo para el turismo, que seguir\u00e1 al alza | El Digital de Asturias","description":"Torremolinos (M\u00e1laga), 3 jun (EFE).- El secretario general de la Organizaci\u00f3n Mundial del Turismo (OMT), Taleb Rifai, ha pedido hoy a los gobiernos nacionales, regionales y locales que le presten m\u00e1s atenci\u00f3n al turismo y le den la relevancia que requiere a este sector, que se prev\u00e9 que siga creciendo en los pr\u00f3ximos cinco a\u00f1os.","canonical_url":"https:\/\/eldigitaldeasturias.com\/magazine365\/la-omt-pide-a-los-gobiernos-mas-apoyo-para-el-turismo-que-seguira-al-alza\/","robots":"max-image-preview:large","keywords":"actualidad turismo","webmasterTools":{"google-site-verification":"UA-38556648-1","miscellaneous":""},"schema":{"@context":"https:\/\/schema.org","@graph":[{"@type":"Article","@id":"https:\/\/eldigitaldeasturias.com\/magazine365\/la-omt-pide-a-los-gobiernos-mas-apoyo-para-el-turismo-que-seguira-al-alza\/#article","name":"La OMT pide a los gobiernos m\u00e1s apoyo para el turismo, que seguir\u00e1 al alza | El Digital de Asturias","headline":"La OMT pide a los gobiernos m\u00e1s apoyo para el turismo, que seguir\u00e1 al alza","author":{"@id":"https:\/\/eldigitaldeasturias.com\/magazine365\/author\/admin\/#author"},"publisher":{"@id":"https:\/\/eldigitaldeasturias.com\/magazine365\/#organization"},"image":{"@type":"ImageObject","url":"https:\/\/eldigitaldeasturias.com\/magazine365\/wp-content\/uploads\/2014\/06\/6329889w.jpg","width":700,"height":1038},"datePublished":"2014-06-03T16:15:55+02:00","dateModified":"2014-06-03T16:15:55+02:00","inLanguage":"es-ES","mainEntityOfPage":{"@id":"https:\/\/eldigitaldeasturias.com\/magazine365\/la-omt-pide-a-los-gobiernos-mas-apoyo-para-el-turismo-que-seguira-al-alza\/#webpage"},"isPartOf":{"@id":"https:\/\/eldigitaldeasturias.com\/magazine365\/la-omt-pide-a-los-gobiernos-mas-apoyo-para-el-turismo-que-seguira-al-alza\/#webpage"},"articleSection":"Actualidad Turismo"},{"@type":"BreadcrumbList","@id":"https:\/\/eldigitaldeasturias.com\/magazine365\/la-omt-pide-a-los-gobiernos-mas-apoyo-para-el-turismo-que-seguira-al-alza\/#breadcrumblist","itemListElement":[{"@type":"ListItem","@id":"https:\/\/eldigitaldeasturias.com\/magazine365#listItem","position":1,"name":"Home","item":"https:\/\/eldigitaldeasturias.com\/magazine365","nextItem":{"@type":"ListItem","@id":"https:\/\/eldigitaldeasturias.com\/magazine365\/category\/actualidad-turismo\/#listItem","name":"Actualidad Turismo"}},{"@type":"ListItem","@id":"https:\/\/eldigitaldeasturias.com\/magazine365\/category\/actualidad-turismo\/#listItem","position":2,"name":"Actualidad Turismo","item":"https:\/\/eldigitaldeasturias.com\/magazine365\/category\/actualidad-turismo\/","nextItem":{"@type":"ListItem","@id":"https:\/\/eldigitaldeasturias.com\/magazine365\/la-omt-pide-a-los-gobiernos-mas-apoyo-para-el-turismo-que-seguira-al-alza\/#listItem","name":"La OMT pide a los gobiernos m\u00e1s apoyo para el turismo, que seguir\u00e1 al alza"},"previousItem":{"@type":"ListItem","@id":"https:\/\/eldigitaldeasturias.com\/magazine365#listItem","name":"Home"}},{"@type":"ListItem","@id":"https:\/\/eldigitaldeasturias.com\/magazine365\/la-omt-pide-a-los-gobiernos-mas-apoyo-para-el-turismo-que-seguira-al-alza\/#listItem","position":3,"name":"La OMT pide a los gobiernos m\u00e1s apoyo para el turismo, que seguir\u00e1 al alza","previousItem":{"@type":"ListItem","@id":"https:\/\/eldigitaldeasturias.com\/magazine365\/category\/actualidad-turismo\/#listItem","name":"Actualidad Turismo"}}]},{"@type":"Organization","@id":"https:\/\/eldigitaldeasturias.com\/magazine365\/#organization","name":"El digital de Asturias","description":"Revista de ocio, turismo y estilo de vida","url":"https:\/\/eldigitaldeasturias.com\/magazine365\/","logo":{"@type":"ImageObject","url":"https:\/\/www.eldigitaldeasturias.com\/noticias\/wp-content\/uploads\/2020\/12\/EDA.jpg","@id":"https:\/\/eldigitaldeasturias.com\/magazine365\/la-omt-pide-a-los-gobiernos-mas-apoyo-para-el-turismo-que-seguira-al-alza\/#organizationLogo"},"image":{"@id":"https:\/\/eldigitaldeasturias.com\/magazine365\/la-omt-pide-a-los-gobiernos-mas-apoyo-para-el-turismo-que-seguira-al-alza\/#organizationLogo"}},{"@type":"Person","@id":"https:\/\/eldigitaldeasturias.com\/magazine365\/author\/admin\/#author","url":"https:\/\/eldigitaldeasturias.com\/magazine365\/author\/admin\/","name":"admin","image":{"@type":"ImageObject","@id":"https:\/\/eldigitaldeasturias.com\/magazine365\/la-omt-pide-a-los-gobiernos-mas-apoyo-para-el-turismo-que-seguira-al-alza\/#authorImage","url":"https:\/\/eldigitaldeasturias.com\/magazine365\/wp-content\/litespeed\/avatar\/e571bcf59a0edd6fa6838245a470f2fe.jpg?ver=1777574230","width":96,"height":96,"caption":"admin"}},{"@type":"WebPage","@id":"https:\/\/eldigitaldeasturias.com\/magazine365\/la-omt-pide-a-los-gobiernos-mas-apoyo-para-el-turismo-que-seguira-al-alza\/#webpage","url":"https:\/\/eldigitaldeasturias.com\/magazine365\/la-omt-pide-a-los-gobiernos-mas-apoyo-para-el-turismo-que-seguira-al-alza\/","name":"La OMT pide a los gobiernos m\u00e1s apoyo para el turismo, que seguir\u00e1 al alza | El Digital de Asturias","description":"Torremolinos (M\u00e1laga), 3 jun (EFE).- El secretario general de la Organizaci\u00f3n Mundial del Turismo (OMT), Taleb Rifai, ha pedido hoy a los gobiernos nacionales, regionales y locales que le presten m\u00e1s atenci\u00f3n al turismo y le den la relevancia que requiere a este sector, que se prev\u00e9 que siga creciendo en los pr\u00f3ximos cinco a\u00f1os.","inLanguage":"es-ES","isPartOf":{"@id":"https:\/\/eldigitaldeasturias.com\/magazine365\/#website"},"breadcrumb":{"@id":"https:\/\/eldigitaldeasturias.com\/magazine365\/la-omt-pide-a-los-gobiernos-mas-apoyo-para-el-turismo-que-seguira-al-alza\/#breadcrumblist"},"author":{"@id":"https:\/\/eldigitaldeasturias.com\/magazine365\/author\/admin\/#author"},"creator":{"@id":"https:\/\/eldigitaldeasturias.com\/magazine365\/author\/admin\/#author"},"image":{"@type":"ImageObject","url":"https:\/\/eldigitaldeasturias.com\/magazine365\/wp-content\/uploads\/2014\/06\/6329889w.jpg","@id":"https:\/\/eldigitaldeasturias.com\/magazine365\/la-omt-pide-a-los-gobiernos-mas-apoyo-para-el-turismo-que-seguira-al-alza\/#mainImage","width":700,"height":1038},"primaryImageOfPage":{"@id":"https:\/\/eldigitaldeasturias.com\/magazine365\/la-omt-pide-a-los-gobiernos-mas-apoyo-para-el-turismo-que-seguira-al-alza\/#mainImage"},"datePublished":"2014-06-03T16:15:55+02:00","dateModified":"2014-06-03T16:15:55+02:00"},{"@type":"WebSite","@id":"https:\/\/eldigitaldeasturias.com\/magazine365\/#website","url":"https:\/\/eldigitaldeasturias.com\/magazine365\/","name":"El Digital de Asturias","description":"Revista de ocio, turismo y estilo de vida","inLanguage":"es-ES","publisher":{"@id":"https:\/\/eldigitaldeasturias.com\/magazine365\/#organization"}}]},"og:locale":"es_ES","og:site_name":"El Digital de Asturias \u2013 Revista de ocio, turismo y estilo de vida","og:type":"article","og:title":"La OMT pide a los gobiernos m\u00e1s apoyo para el turismo, que seguir\u00e1 al alza | El Digital de Asturias","og:description":"Torremolinos (M\u00e1laga), 3 jun (EFE).- El secretario general de la Organizaci\u00f3n Mundial del Turismo (OMT), Taleb Rifai, ha pedido hoy a los gobiernos nacionales, regionales y locales que le presten m\u00e1s atenci\u00f3n al turismo y le den la relevancia que requiere a este sector, que se prev\u00e9 que siga creciendo en los pr\u00f3ximos cinco a\u00f1os.","og:url":"https:\/\/eldigitaldeasturias.com\/magazine365\/la-omt-pide-a-los-gobiernos-mas-apoyo-para-el-turismo-que-seguira-al-alza\/","og:image":"https:\/\/eldigitaldeasturias.com\/magazine365\/wp-content\/uploads\/2014\/06\/6329889w.jpg","og:image:secure_url":"https:\/\/eldigitaldeasturias.com\/magazine365\/wp-content\/uploads\/2014\/06\/6329889w.jpg","og:image:width":700,"og:image:height":1038,"article:published_time":"2014-06-03T18:15:55+00:00","article:modified_time":"2014-06-03T18:15:55+00:00","twitter:card":"summary_large_image","twitter:title":"La OMT pide a los gobiernos m\u00e1s apoyo para el turismo, que seguir\u00e1 al alza | El Digital de Asturias","twitter:description":"Torremolinos (M\u00e1laga), 3 jun (EFE).- El secretario general de la Organizaci\u00f3n Mundial del Turismo (OMT), Taleb Rifai, ha pedido hoy a los gobiernos nacionales, regionales y locales que le presten m\u00e1s atenci\u00f3n al turismo y le den la relevancia que requiere a este sector, que se prev\u00e9 que siga creciendo en los pr\u00f3ximos cinco a\u00f1os.","twitter:image":"https:\/\/eldigitaldeasturias.com\/magazine365\/wp-content\/uploads\/2014\/06\/6329889w.jpg"},"aioseo_meta_data":{"post_id":"14967","title":null,"description":null,"keywords":null,"keyphrases":null,"primary_term":null,"canonical_url":null,"og_title":null,"og_description":null,"og_object_type":"default","og_image_type":"default","og_image_url":null,"og_image_width":null,"og_image_height":null,"og_image_custom_url":null,"og_image_custom_fields":null,"og_video":null,"og_custom_url":null,"og_article_section":null,"og_article_tags":null,"twitter_use_og":false,"twitter_card":"default","twitter_image_type":"default","twitter_image_url":null,"twitter_image_custom_url":null,"twitter_image_custom_fields":null,"twitter_title":null,"twitter_description":null,"schema":{"blockGraphs":[],"customGraphs":[],"default":{"data":{"Article":[],"Course":[],"Dataset":[],"FAQPage":[],"Movie":[],"Person":[],"Product":[],"ProductReview":[],"Car":[],"Recipe":[],"Service":[],"SoftwareApplication":[],"WebPage":[]},"graphName":"","isEnabled":true},"graphs":[],"defaultGraph":"","defaultPostTypeGraph":""},"schema_type":null,"schema_type_options":null,"pillar_content":false,"robots_default":true,"robots_noindex":false,"robots_noarchive":false,"robots_nosnippet":false,"robots_nofollow":false,"robots_noimageindex":false,"robots_noodp":false,"robots_notranslate":false,"robots_max_snippet":null,"robots_max_videopreview":null,"robots_max_imagepreview":"large","priority":null,"frequency":null,"location":null,"local_seo":null,"seo_analyzer_scan_date":"2025-09-17 11:09:54","breadcrumb_settings":null,"limit_modified_date":false,"open_ai":null,"ai":null,"created":"2021-03-09 08:07:53","updated":"2025-09-17 11:09:54"},"aioseo_breadcrumb":"<div class=\"aioseo-breadcrumbs\"><span class=\"aioseo-breadcrumb\">\n\t<a href=\"https:\/\/eldigitaldeasturias.com\/magazine365\" title=\"Home\">Home<\/a>\n<\/span><span class=\"aioseo-breadcrumb-separator\">\u2013<\/span><span class=\"aioseo-breadcrumb\">\n\t<a href=\"https:\/\/eldigitaldeasturias.com\/magazine365\/category\/actualidad-turismo\/\" title=\"Actualidad Turismo\">Actualidad Turismo<\/a>\n<\/span><span class=\"aioseo-breadcrumb-separator\">\u2013<\/span><span class=\"aioseo-breadcrumb\">\n\t<a href=\"https:\/\/eldigitaldeasturias.com\/magazine365\/la-omt-pide-a-los-gobiernos-mas-apoyo-para-el-turismo-que-seguira-al-alza\/\" title=\"La OMT pide a los gobiernos m\u00e1s apoyo para el turismo, que seguir\u00e1 al alza\">La OMT pide a los gobiernos m\u00e1s apoyo para el turismo, que seguir\u00e1 al alza<\/a>\n<\/span><\/div>","aioseo_breadcrumb_json":[{"label":"Home","link":"https:\/\/eldigitaldeasturias.com\/magazine365"},{"label":"Actualidad Turismo","link":"https:\/\/eldigitaldeasturias.com\/magazine365\/category\/actualidad-turismo\/"},{"label":"La OMT pide a los gobiernos m\u00e1s apoyo para el turismo, que seguir\u00e1 al alza","link":"https:\/\/eldigitaldeasturias.com\/magazine365\/la-omt-pide-a-los-gobiernos-mas-apoyo-para-el-turismo-que-seguira-al-alza\/"}],"_links":{"self":[{"href":"https:\/\/eldigitaldeasturias.com\/magazine365\/wp-json\/wp\/v2\/posts\/14967","targetHints":{"allow":["GET"]}}],"collection":[{"href":"https:\/\/eldigitaldeasturias.com\/magazine365\/wp-json\/wp\/v2\/posts"}],"about":[{"href":"https:\/\/eldigitaldeasturias.com\/magazine365\/wp-json\/wp\/v2\/types\/post"}],"author":[{"embeddable":true,"href":"https:\/\/eldigitaldeasturias.com\/magazine365\/wp-json\/wp\/v2\/users\/1"}],"replies":[{"embeddable":true,"href":"https:\/\/eldigitaldeasturias.com\/magazine365\/wp-json\/wp\/v2\/comments?post=14967"}],"version-history":[{"count":0,"href":"https:\/\/eldigitaldeasturias.com\/magazine365\/wp-json\/wp\/v2\/posts\/14967\/revisions"}],"wp:featuredmedia":[{"embeddable":true,"href":"https:\/\/eldigitaldeasturias.com\/magazine365\/wp-json\/wp\/v2\/media\/14968"}],"wp:attachment":[{"href":"https:\/\/eldigitaldeasturias.com\/magazine365\/wp-json\/wp\/v2\/media?parent=14967"}],"wp:term":[{"taxonomy":"category","embeddable":true,"href":"https:\/\/eldigitaldeasturias.com\/magazine365\/wp-json\/wp\/v2\/categories?post=14967"},{"taxonomy":"post_tag","embeddable":true,"href":"https:\/\/eldigitaldeasturias.com\/magazine365\/wp-json\/wp\/v2\/tags?post=14967"}],"curies":[{"name":"wp","href":"https:\/\/api.w.org\/{rel}","templated":true}]}}