{"id":14961,"date":"2014-06-03T16:13:42","date_gmt":"2014-06-03T18:13:42","guid":{"rendered":"http:\/\/eldigitaldeasturias.com\/magazine365\/?p=14961"},"modified":"2014-06-03T16:13:42","modified_gmt":"2014-06-03T18:13:42","slug":"ricard-camarena-deja-ramses-y-se-centra-en-la-expansion-de-canalla-bistro","status":"publish","type":"post","link":"https:\/\/eldigitaldeasturias.com\/magazine365\/ricard-camarena-deja-ramses-y-se-centra-en-la-expansion-de-canalla-bistro\/","title":{"rendered":"Ricard Camarena deja Rams\u00e9s y se centra en la expansi\u00f3n de Canalla Bistro"},"content":{"rendered":"<p><img fetchpriority=\"high\" decoding=\"async\" class=\"alignleft size-medium wp-image-14962\" alt=\"6329760w\" src=\"https:\/\/eldigitaldeasturias.com\/magazine365\/wp-content\/uploads\/2014\/06\/6329760w-360x236.jpg\" width=\"360\" height=\"236\" \/>Madrid, 3 jun (EFE).- El cocinero valenciano Ricard Camarena, con una estrella Michelin en el restaurante que lleva su nombre en Valencia, ha finalizado su etapa como director gastron\u00f3mico del madrile\u00f1o Ramses para centrarse, entre otros proyectos, en la expansi\u00f3n internacional de Canalla Bistro, su apuesta m\u00e1s informal.<\/p>\n<p>\u00abEs una salida consensuada, tras conseguir cambiar la imagen gastron\u00f3mica de Rams\u00e9s -uno de los restaurantes m\u00e1s de moda en Madrid- durante m\u00e1s de dos a\u00f1os de trabajo\u00bb, ha explicado hoy a Efe el chef.<\/p>\n<p>Para Camarena, que vive en Valencia, resultaba complicado \u00abcontinuar evolucionando\u00bb la oferta gastron\u00f3mica del restaurante madrile\u00f1o \u00abpor falta de tiempo y porque resulta complicado seguir avanzando si no llevas la gesti\u00f3n de todo\u00bb.<\/p>\n<p>Satisfecho con una experiencia que ha llevado a Rams\u00e9s a \u00abun crecimiento gastron\u00f3mico exponencial en dos a\u00f1os\u00bb -logr\u00f3 un sol Repsol en 2013- y que le ha aportado \u00abentender c\u00f3mo se hace un asesoramiento y visualizaci\u00f3n en Madrid\u00bb, ahora se siente \u00abm\u00e1s libre\u00bb para conseguir el \u00abposicionamiento exterior\u00bb de Canalla Bistro, que abri\u00f3 en octubre de 2012 en la capital valenciana.<\/p>\n<p>\u00ab&#8216;Canalla&#8217; puede estar en cualquier ciudad porque es un producto muy internacionalizable y tenemos herramientas para llevarlo donde haga falta\u00bb, a\u00f1ade el chef, cuya primera apertura en el exterior ser\u00e1 en un lujoso barrio de Ciudad de M\u00e9xico. Tambi\u00e9n quiere abrir un Canalla Bistro en Madrid, si recibe una \u00abbuena propuesta de un hotel\u00bb.<\/p>\n<p>En este establecimiento, que define como \u00abun sitio divertido para comer\u00bb ofrece una cocina \u00abde todo el mundo y de ninguna parte en especial, viajera, ecl\u00e9ctica, que no obedece a ning\u00fan estilo\u00bb, como el bocata al vapor de cerdo Pek\u00edn, las cortezas de patatas bravas con salsa de chile, jengibre y parmesano, las croquetas de pollo a l&#8217;ast y la piadina de bascada de lomo.<\/p>\n<p>Adem\u00e1s de expandir este concepto, Camarena quiere ampliar Canalla Bistro en Valencia con una barra \u00abpara recibir a los clientes de otro modo, en una opci\u00f3n m\u00e1s din\u00e1mica para picar\u00bb.<\/p>\n<p>El chef valenciano, que adem\u00e1s del restaurante gastron\u00f3mico y del bistr\u00f3 tiene Central Bar en Mercado Central de Valencia, asegura que se encuentra en un momento \u00abde plenitud, delicioso y envidiable\u00bb, en el que tanto \u00e9l como su equipo est\u00e1n asimilando los reconocimientos \u00abde forma muy proactiva\u00bb y han conseguido \u00abmadurar en gesti\u00f3n\u00bb con la incorporaci\u00f3n de su mujer, Mari Carmen Ba\u00f1uls.<\/p>\n","protected":false},"excerpt":{"rendered":"<p>Madrid, 3 jun (EFE).- El cocinero valenciano Ricard Camarena, con una estrella Michelin en el restaurante que lleva su nombre en Valencia, ha finalizado su etapa como director gastron\u00f3mico del madrile\u00f1o Ramses para centrarse, entre otros proyectos, en la expansi\u00f3n internacional de Canalla Bistro, su apuesta m\u00e1s informal. \u00abEs una salida consensuada, tras conseguir cambiar<\/p>\n","protected":false},"author":1,"featured_media":14962,"comment_status":"open","ping_status":"closed","sticky":false,"template":"","format":"standard","meta":{"footnotes":""},"categories":[224],"tags":[],"class_list":{"0":"post-14961","1":"post","2":"type-post","3":"status-publish","4":"format-standard","5":"has-post-thumbnail","7":"category-noticias-actualidad"},"aioseo_notices":[],"aioseo_head":"\n\t\t<!-- All in One SEO Pro 4.9.6.1 - aioseo.com -->\n\t<meta name=\"description\" content=\"Madrid, 3 jun (EFE).- El cocinero valenciano Ricard Camarena, con una estrella Michelin en el restaurante que lleva su nombre en Valencia, ha finalizado su etapa como director gastron\u00f3mico del madrile\u00f1o Ramses para centrarse, entre otros proyectos, en la expansi\u00f3n internacional de Canalla Bistro, su apuesta m\u00e1s informal. &quot;Es una salida consensuada, tras conseguir cambiar\" \/>\n\t<meta name=\"robots\" content=\"max-image-preview:large\" \/>\n\t<meta name=\"author\" content=\"admin\"\/>\n\t<meta name=\"google-site-verification\" content=\"UA-38556648-1\" \/>\n\t<meta name=\"keywords\" content=\"noticias y actualidad\" \/>\n\t<link rel=\"canonical\" href=\"https:\/\/eldigitaldeasturias.com\/magazine365\/ricard-camarena-deja-ramses-y-se-centra-en-la-expansion-de-canalla-bistro\/\" \/>\n\t<meta name=\"generator\" content=\"All in One SEO Pro (AIOSEO) 4.9.6.1\" \/>\n\t\t<meta property=\"og:locale\" content=\"es_ES\" \/>\n\t\t<meta property=\"og:site_name\" content=\"El Digital de Asturias \u2013 Revista de ocio, turismo y estilo de vida\" \/>\n\t\t<meta property=\"og:type\" content=\"article\" \/>\n\t\t<meta property=\"og:title\" content=\"Ricard Camarena deja Rams\u00e9s y se centra en la expansi\u00f3n de Canalla Bistro | El Digital de Asturias\" \/>\n\t\t<meta property=\"og:description\" content=\"Madrid, 3 jun (EFE).- El cocinero valenciano Ricard Camarena, con una estrella Michelin en el restaurante que lleva su nombre en Valencia, ha finalizado su etapa como director gastron\u00f3mico del madrile\u00f1o Ramses para centrarse, entre otros proyectos, en la expansi\u00f3n internacional de Canalla Bistro, su apuesta m\u00e1s informal. &quot;Es una salida consensuada, tras conseguir cambiar\" \/>\n\t\t<meta property=\"og:url\" content=\"https:\/\/eldigitaldeasturias.com\/magazine365\/ricard-camarena-deja-ramses-y-se-centra-en-la-expansion-de-canalla-bistro\/\" \/>\n\t\t<meta property=\"og:image\" content=\"https:\/\/eldigitaldeasturias.com\/magazine365\/wp-content\/uploads\/2014\/06\/6329760w.jpg\" \/>\n\t\t<meta property=\"og:image:secure_url\" content=\"https:\/\/eldigitaldeasturias.com\/magazine365\/wp-content\/uploads\/2014\/06\/6329760w.jpg\" \/>\n\t\t<meta property=\"og:image:width\" content=\"800\" \/>\n\t\t<meta property=\"og:image:height\" content=\"526\" \/>\n\t\t<meta property=\"article:published_time\" content=\"2014-06-03T18:13:42+00:00\" \/>\n\t\t<meta property=\"article:modified_time\" content=\"2014-06-03T18:13:42+00:00\" \/>\n\t\t<meta name=\"twitter:card\" content=\"summary_large_image\" \/>\n\t\t<meta name=\"twitter:title\" content=\"Ricard Camarena deja Rams\u00e9s y se centra en la expansi\u00f3n de Canalla Bistro | El Digital de Asturias\" \/>\n\t\t<meta name=\"twitter:description\" content=\"Madrid, 3 jun (EFE).- El cocinero valenciano Ricard Camarena, con una estrella Michelin en el restaurante que lleva su nombre en Valencia, ha finalizado su etapa como director gastron\u00f3mico del madrile\u00f1o Ramses para centrarse, entre otros proyectos, en la expansi\u00f3n internacional de Canalla Bistro, su apuesta m\u00e1s informal. &quot;Es una salida consensuada, tras conseguir cambiar\" \/>\n\t\t<meta name=\"twitter:image\" content=\"https:\/\/eldigitaldeasturias.com\/magazine365\/wp-content\/uploads\/2014\/06\/6329760w.jpg\" \/>\n\t\t<script type=\"application\/ld+json\" class=\"aioseo-schema\">\n\t\t\t{\"@context\":\"https:\\\/\\\/schema.org\",\"@graph\":[{\"@type\":\"Article\",\"@id\":\"https:\\\/\\\/eldigitaldeasturias.com\\\/magazine365\\\/ricard-camarena-deja-ramses-y-se-centra-en-la-expansion-de-canalla-bistro\\\/#article\",\"name\":\"Ricard Camarena deja Rams\\u00e9s y se centra en la expansi\\u00f3n de Canalla Bistro | El Digital de Asturias\",\"headline\":\"Ricard Camarena deja Rams\\u00e9s y se centra en la expansi\\u00f3n de Canalla Bistro\",\"author\":{\"@id\":\"https:\\\/\\\/eldigitaldeasturias.com\\\/magazine365\\\/author\\\/admin\\\/#author\"},\"publisher\":{\"@id\":\"https:\\\/\\\/eldigitaldeasturias.com\\\/magazine365\\\/#organization\"},\"image\":{\"@type\":\"ImageObject\",\"url\":\"https:\\\/\\\/eldigitaldeasturias.com\\\/magazine365\\\/wp-content\\\/uploads\\\/2014\\\/06\\\/6329760w.jpg\",\"width\":800,\"height\":526},\"datePublished\":\"2014-06-03T16:13:42+02:00\",\"dateModified\":\"2014-06-03T16:13:42+02:00\",\"inLanguage\":\"es-ES\",\"mainEntityOfPage\":{\"@id\":\"https:\\\/\\\/eldigitaldeasturias.com\\\/magazine365\\\/ricard-camarena-deja-ramses-y-se-centra-en-la-expansion-de-canalla-bistro\\\/#webpage\"},\"isPartOf\":{\"@id\":\"https:\\\/\\\/eldigitaldeasturias.com\\\/magazine365\\\/ricard-camarena-deja-ramses-y-se-centra-en-la-expansion-de-canalla-bistro\\\/#webpage\"},\"articleSection\":\"Noticias y Actualidad\"},{\"@type\":\"BreadcrumbList\",\"@id\":\"https:\\\/\\\/eldigitaldeasturias.com\\\/magazine365\\\/ricard-camarena-deja-ramses-y-se-centra-en-la-expansion-de-canalla-bistro\\\/#breadcrumblist\",\"itemListElement\":[{\"@type\":\"ListItem\",\"@id\":\"https:\\\/\\\/eldigitaldeasturias.com\\\/magazine365#listItem\",\"position\":1,\"name\":\"Home\",\"item\":\"https:\\\/\\\/eldigitaldeasturias.com\\\/magazine365\",\"nextItem\":{\"@type\":\"ListItem\",\"@id\":\"https:\\\/\\\/eldigitaldeasturias.com\\\/magazine365\\\/category\\\/noticias-actualidad\\\/#listItem\",\"name\":\"Noticias y Actualidad\"}},{\"@type\":\"ListItem\",\"@id\":\"https:\\\/\\\/eldigitaldeasturias.com\\\/magazine365\\\/category\\\/noticias-actualidad\\\/#listItem\",\"position\":2,\"name\":\"Noticias y Actualidad\",\"item\":\"https:\\\/\\\/eldigitaldeasturias.com\\\/magazine365\\\/category\\\/noticias-actualidad\\\/\",\"nextItem\":{\"@type\":\"ListItem\",\"@id\":\"https:\\\/\\\/eldigitaldeasturias.com\\\/magazine365\\\/ricard-camarena-deja-ramses-y-se-centra-en-la-expansion-de-canalla-bistro\\\/#listItem\",\"name\":\"Ricard Camarena deja Rams\\u00e9s y se centra en la expansi\\u00f3n de Canalla Bistro\"},\"previousItem\":{\"@type\":\"ListItem\",\"@id\":\"https:\\\/\\\/eldigitaldeasturias.com\\\/magazine365#listItem\",\"name\":\"Home\"}},{\"@type\":\"ListItem\",\"@id\":\"https:\\\/\\\/eldigitaldeasturias.com\\\/magazine365\\\/ricard-camarena-deja-ramses-y-se-centra-en-la-expansion-de-canalla-bistro\\\/#listItem\",\"position\":3,\"name\":\"Ricard Camarena deja Rams\\u00e9s y se centra en la expansi\\u00f3n de Canalla Bistro\",\"previousItem\":{\"@type\":\"ListItem\",\"@id\":\"https:\\\/\\\/eldigitaldeasturias.com\\\/magazine365\\\/category\\\/noticias-actualidad\\\/#listItem\",\"name\":\"Noticias y Actualidad\"}}]},{\"@type\":\"Organization\",\"@id\":\"https:\\\/\\\/eldigitaldeasturias.com\\\/magazine365\\\/#organization\",\"name\":\"El digital de Asturias\",\"description\":\"Revista de ocio, turismo y estilo de vida\",\"url\":\"https:\\\/\\\/eldigitaldeasturias.com\\\/magazine365\\\/\",\"logo\":{\"@type\":\"ImageObject\",\"url\":\"https:\\\/\\\/www.eldigitaldeasturias.com\\\/noticias\\\/wp-content\\\/uploads\\\/2020\\\/12\\\/EDA.jpg\",\"@id\":\"https:\\\/\\\/eldigitaldeasturias.com\\\/magazine365\\\/ricard-camarena-deja-ramses-y-se-centra-en-la-expansion-de-canalla-bistro\\\/#organizationLogo\"},\"image\":{\"@id\":\"https:\\\/\\\/eldigitaldeasturias.com\\\/magazine365\\\/ricard-camarena-deja-ramses-y-se-centra-en-la-expansion-de-canalla-bistro\\\/#organizationLogo\"}},{\"@type\":\"Person\",\"@id\":\"https:\\\/\\\/eldigitaldeasturias.com\\\/magazine365\\\/author\\\/admin\\\/#author\",\"url\":\"https:\\\/\\\/eldigitaldeasturias.com\\\/magazine365\\\/author\\\/admin\\\/\",\"name\":\"admin\",\"image\":{\"@type\":\"ImageObject\",\"@id\":\"https:\\\/\\\/eldigitaldeasturias.com\\\/magazine365\\\/ricard-camarena-deja-ramses-y-se-centra-en-la-expansion-de-canalla-bistro\\\/#authorImage\",\"url\":\"https:\\\/\\\/eldigitaldeasturias.com\\\/magazine365\\\/wp-content\\\/litespeed\\\/avatar\\\/e571bcf59a0edd6fa6838245a470f2fe.jpg?ver=1777574230\",\"width\":96,\"height\":96,\"caption\":\"admin\"}},{\"@type\":\"WebPage\",\"@id\":\"https:\\\/\\\/eldigitaldeasturias.com\\\/magazine365\\\/ricard-camarena-deja-ramses-y-se-centra-en-la-expansion-de-canalla-bistro\\\/#webpage\",\"url\":\"https:\\\/\\\/eldigitaldeasturias.com\\\/magazine365\\\/ricard-camarena-deja-ramses-y-se-centra-en-la-expansion-de-canalla-bistro\\\/\",\"name\":\"Ricard Camarena deja Rams\\u00e9s y se centra en la expansi\\u00f3n de Canalla Bistro | El Digital de Asturias\",\"description\":\"Madrid, 3 jun (EFE).- El cocinero valenciano Ricard Camarena, con una estrella Michelin en el restaurante que lleva su nombre en Valencia, ha finalizado su etapa como director gastron\\u00f3mico del madrile\\u00f1o Ramses para centrarse, entre otros proyectos, en la expansi\\u00f3n internacional de Canalla Bistro, su apuesta m\\u00e1s informal. \\\"Es una salida consensuada, tras conseguir cambiar\",\"inLanguage\":\"es-ES\",\"isPartOf\":{\"@id\":\"https:\\\/\\\/eldigitaldeasturias.com\\\/magazine365\\\/#website\"},\"breadcrumb\":{\"@id\":\"https:\\\/\\\/eldigitaldeasturias.com\\\/magazine365\\\/ricard-camarena-deja-ramses-y-se-centra-en-la-expansion-de-canalla-bistro\\\/#breadcrumblist\"},\"author\":{\"@id\":\"https:\\\/\\\/eldigitaldeasturias.com\\\/magazine365\\\/author\\\/admin\\\/#author\"},\"creator\":{\"@id\":\"https:\\\/\\\/eldigitaldeasturias.com\\\/magazine365\\\/author\\\/admin\\\/#author\"},\"image\":{\"@type\":\"ImageObject\",\"url\":\"https:\\\/\\\/eldigitaldeasturias.com\\\/magazine365\\\/wp-content\\\/uploads\\\/2014\\\/06\\\/6329760w.jpg\",\"@id\":\"https:\\\/\\\/eldigitaldeasturias.com\\\/magazine365\\\/ricard-camarena-deja-ramses-y-se-centra-en-la-expansion-de-canalla-bistro\\\/#mainImage\",\"width\":800,\"height\":526},\"primaryImageOfPage\":{\"@id\":\"https:\\\/\\\/eldigitaldeasturias.com\\\/magazine365\\\/ricard-camarena-deja-ramses-y-se-centra-en-la-expansion-de-canalla-bistro\\\/#mainImage\"},\"datePublished\":\"2014-06-03T16:13:42+02:00\",\"dateModified\":\"2014-06-03T16:13:42+02:00\"},{\"@type\":\"WebSite\",\"@id\":\"https:\\\/\\\/eldigitaldeasturias.com\\\/magazine365\\\/#website\",\"url\":\"https:\\\/\\\/eldigitaldeasturias.com\\\/magazine365\\\/\",\"name\":\"El Digital de Asturias\",\"description\":\"Revista de ocio, turismo y estilo de vida\",\"inLanguage\":\"es-ES\",\"publisher\":{\"@id\":\"https:\\\/\\\/eldigitaldeasturias.com\\\/magazine365\\\/#organization\"}}]}\n\t\t<\/script>\n\t\t<!-- All in One SEO Pro -->\r\n\t\t<title>Ricard Camarena deja Rams\u00e9s y se centra en la expansi\u00f3n de Canalla Bistro | El Digital de Asturias<\/title>\n\n","aioseo_head_json":{"title":"Ricard Camarena deja Rams\u00e9s y se centra en la expansi\u00f3n de Canalla Bistro | El Digital de Asturias","description":"Madrid, 3 jun (EFE).- El cocinero valenciano Ricard Camarena, con una estrella Michelin en el restaurante que lleva su nombre en Valencia, ha finalizado su etapa como director gastron\u00f3mico del madrile\u00f1o Ramses para centrarse, entre otros proyectos, en la expansi\u00f3n internacional de Canalla Bistro, su apuesta m\u00e1s informal. \"Es una salida consensuada, tras conseguir cambiar","canonical_url":"https:\/\/eldigitaldeasturias.com\/magazine365\/ricard-camarena-deja-ramses-y-se-centra-en-la-expansion-de-canalla-bistro\/","robots":"max-image-preview:large","keywords":"noticias y actualidad","webmasterTools":{"google-site-verification":"UA-38556648-1","miscellaneous":""},"schema":{"@context":"https:\/\/schema.org","@graph":[{"@type":"Article","@id":"https:\/\/eldigitaldeasturias.com\/magazine365\/ricard-camarena-deja-ramses-y-se-centra-en-la-expansion-de-canalla-bistro\/#article","name":"Ricard Camarena deja Rams\u00e9s y se centra en la expansi\u00f3n de Canalla Bistro | El Digital de Asturias","headline":"Ricard Camarena deja Rams\u00e9s y se centra en la expansi\u00f3n de Canalla Bistro","author":{"@id":"https:\/\/eldigitaldeasturias.com\/magazine365\/author\/admin\/#author"},"publisher":{"@id":"https:\/\/eldigitaldeasturias.com\/magazine365\/#organization"},"image":{"@type":"ImageObject","url":"https:\/\/eldigitaldeasturias.com\/magazine365\/wp-content\/uploads\/2014\/06\/6329760w.jpg","width":800,"height":526},"datePublished":"2014-06-03T16:13:42+02:00","dateModified":"2014-06-03T16:13:42+02:00","inLanguage":"es-ES","mainEntityOfPage":{"@id":"https:\/\/eldigitaldeasturias.com\/magazine365\/ricard-camarena-deja-ramses-y-se-centra-en-la-expansion-de-canalla-bistro\/#webpage"},"isPartOf":{"@id":"https:\/\/eldigitaldeasturias.com\/magazine365\/ricard-camarena-deja-ramses-y-se-centra-en-la-expansion-de-canalla-bistro\/#webpage"},"articleSection":"Noticias y Actualidad"},{"@type":"BreadcrumbList","@id":"https:\/\/eldigitaldeasturias.com\/magazine365\/ricard-camarena-deja-ramses-y-se-centra-en-la-expansion-de-canalla-bistro\/#breadcrumblist","itemListElement":[{"@type":"ListItem","@id":"https:\/\/eldigitaldeasturias.com\/magazine365#listItem","position":1,"name":"Home","item":"https:\/\/eldigitaldeasturias.com\/magazine365","nextItem":{"@type":"ListItem","@id":"https:\/\/eldigitaldeasturias.com\/magazine365\/category\/noticias-actualidad\/#listItem","name":"Noticias y Actualidad"}},{"@type":"ListItem","@id":"https:\/\/eldigitaldeasturias.com\/magazine365\/category\/noticias-actualidad\/#listItem","position":2,"name":"Noticias y Actualidad","item":"https:\/\/eldigitaldeasturias.com\/magazine365\/category\/noticias-actualidad\/","nextItem":{"@type":"ListItem","@id":"https:\/\/eldigitaldeasturias.com\/magazine365\/ricard-camarena-deja-ramses-y-se-centra-en-la-expansion-de-canalla-bistro\/#listItem","name":"Ricard Camarena deja Rams\u00e9s y se centra en la expansi\u00f3n de Canalla Bistro"},"previousItem":{"@type":"ListItem","@id":"https:\/\/eldigitaldeasturias.com\/magazine365#listItem","name":"Home"}},{"@type":"ListItem","@id":"https:\/\/eldigitaldeasturias.com\/magazine365\/ricard-camarena-deja-ramses-y-se-centra-en-la-expansion-de-canalla-bistro\/#listItem","position":3,"name":"Ricard Camarena deja Rams\u00e9s y se centra en la expansi\u00f3n de Canalla Bistro","previousItem":{"@type":"ListItem","@id":"https:\/\/eldigitaldeasturias.com\/magazine365\/category\/noticias-actualidad\/#listItem","name":"Noticias y Actualidad"}}]},{"@type":"Organization","@id":"https:\/\/eldigitaldeasturias.com\/magazine365\/#organization","name":"El digital de Asturias","description":"Revista de ocio, turismo y estilo de vida","url":"https:\/\/eldigitaldeasturias.com\/magazine365\/","logo":{"@type":"ImageObject","url":"https:\/\/www.eldigitaldeasturias.com\/noticias\/wp-content\/uploads\/2020\/12\/EDA.jpg","@id":"https:\/\/eldigitaldeasturias.com\/magazine365\/ricard-camarena-deja-ramses-y-se-centra-en-la-expansion-de-canalla-bistro\/#organizationLogo"},"image":{"@id":"https:\/\/eldigitaldeasturias.com\/magazine365\/ricard-camarena-deja-ramses-y-se-centra-en-la-expansion-de-canalla-bistro\/#organizationLogo"}},{"@type":"Person","@id":"https:\/\/eldigitaldeasturias.com\/magazine365\/author\/admin\/#author","url":"https:\/\/eldigitaldeasturias.com\/magazine365\/author\/admin\/","name":"admin","image":{"@type":"ImageObject","@id":"https:\/\/eldigitaldeasturias.com\/magazine365\/ricard-camarena-deja-ramses-y-se-centra-en-la-expansion-de-canalla-bistro\/#authorImage","url":"https:\/\/eldigitaldeasturias.com\/magazine365\/wp-content\/litespeed\/avatar\/e571bcf59a0edd6fa6838245a470f2fe.jpg?ver=1777574230","width":96,"height":96,"caption":"admin"}},{"@type":"WebPage","@id":"https:\/\/eldigitaldeasturias.com\/magazine365\/ricard-camarena-deja-ramses-y-se-centra-en-la-expansion-de-canalla-bistro\/#webpage","url":"https:\/\/eldigitaldeasturias.com\/magazine365\/ricard-camarena-deja-ramses-y-se-centra-en-la-expansion-de-canalla-bistro\/","name":"Ricard Camarena deja Rams\u00e9s y se centra en la expansi\u00f3n de Canalla Bistro | El Digital de Asturias","description":"Madrid, 3 jun (EFE).- El cocinero valenciano Ricard Camarena, con una estrella Michelin en el restaurante que lleva su nombre en Valencia, ha finalizado su etapa como director gastron\u00f3mico del madrile\u00f1o Ramses para centrarse, entre otros proyectos, en la expansi\u00f3n internacional de Canalla Bistro, su apuesta m\u00e1s informal. \"Es una salida consensuada, tras conseguir cambiar","inLanguage":"es-ES","isPartOf":{"@id":"https:\/\/eldigitaldeasturias.com\/magazine365\/#website"},"breadcrumb":{"@id":"https:\/\/eldigitaldeasturias.com\/magazine365\/ricard-camarena-deja-ramses-y-se-centra-en-la-expansion-de-canalla-bistro\/#breadcrumblist"},"author":{"@id":"https:\/\/eldigitaldeasturias.com\/magazine365\/author\/admin\/#author"},"creator":{"@id":"https:\/\/eldigitaldeasturias.com\/magazine365\/author\/admin\/#author"},"image":{"@type":"ImageObject","url":"https:\/\/eldigitaldeasturias.com\/magazine365\/wp-content\/uploads\/2014\/06\/6329760w.jpg","@id":"https:\/\/eldigitaldeasturias.com\/magazine365\/ricard-camarena-deja-ramses-y-se-centra-en-la-expansion-de-canalla-bistro\/#mainImage","width":800,"height":526},"primaryImageOfPage":{"@id":"https:\/\/eldigitaldeasturias.com\/magazine365\/ricard-camarena-deja-ramses-y-se-centra-en-la-expansion-de-canalla-bistro\/#mainImage"},"datePublished":"2014-06-03T16:13:42+02:00","dateModified":"2014-06-03T16:13:42+02:00"},{"@type":"WebSite","@id":"https:\/\/eldigitaldeasturias.com\/magazine365\/#website","url":"https:\/\/eldigitaldeasturias.com\/magazine365\/","name":"El Digital de Asturias","description":"Revista de ocio, turismo y estilo de vida","inLanguage":"es-ES","publisher":{"@id":"https:\/\/eldigitaldeasturias.com\/magazine365\/#organization"}}]},"og:locale":"es_ES","og:site_name":"El Digital de Asturias \u2013 Revista de ocio, turismo y estilo de vida","og:type":"article","og:title":"Ricard Camarena deja Rams\u00e9s y se centra en la expansi\u00f3n de Canalla Bistro | El Digital de Asturias","og:description":"Madrid, 3 jun (EFE).- El cocinero valenciano Ricard Camarena, con una estrella Michelin en el restaurante que lleva su nombre en Valencia, ha finalizado su etapa como director gastron\u00f3mico del madrile\u00f1o Ramses para centrarse, entre otros proyectos, en la expansi\u00f3n internacional de Canalla Bistro, su apuesta m\u00e1s informal. &quot;Es una salida consensuada, tras conseguir cambiar","og:url":"https:\/\/eldigitaldeasturias.com\/magazine365\/ricard-camarena-deja-ramses-y-se-centra-en-la-expansion-de-canalla-bistro\/","og:image":"https:\/\/eldigitaldeasturias.com\/magazine365\/wp-content\/uploads\/2014\/06\/6329760w.jpg","og:image:secure_url":"https:\/\/eldigitaldeasturias.com\/magazine365\/wp-content\/uploads\/2014\/06\/6329760w.jpg","og:image:width":800,"og:image:height":526,"article:published_time":"2014-06-03T18:13:42+00:00","article:modified_time":"2014-06-03T18:13:42+00:00","twitter:card":"summary_large_image","twitter:title":"Ricard Camarena deja Rams\u00e9s y se centra en la expansi\u00f3n de Canalla Bistro | El Digital de Asturias","twitter:description":"Madrid, 3 jun (EFE).- El cocinero valenciano Ricard Camarena, con una estrella Michelin en el restaurante que lleva su nombre en Valencia, ha finalizado su etapa como director gastron\u00f3mico del madrile\u00f1o Ramses para centrarse, entre otros proyectos, en la expansi\u00f3n internacional de Canalla Bistro, su apuesta m\u00e1s informal. &quot;Es una salida consensuada, tras conseguir cambiar","twitter:image":"https:\/\/eldigitaldeasturias.com\/magazine365\/wp-content\/uploads\/2014\/06\/6329760w.jpg"},"aioseo_meta_data":{"post_id":"14961","title":null,"description":null,"keywords":null,"keyphrases":null,"primary_term":null,"canonical_url":null,"og_title":null,"og_description":null,"og_object_type":"default","og_image_type":"default","og_image_url":null,"og_image_width":null,"og_image_height":null,"og_image_custom_url":null,"og_image_custom_fields":null,"og_video":null,"og_custom_url":null,"og_article_section":null,"og_article_tags":null,"twitter_use_og":false,"twitter_card":"default","twitter_image_type":"default","twitter_image_url":null,"twitter_image_custom_url":null,"twitter_image_custom_fields":null,"twitter_title":null,"twitter_description":null,"schema":{"blockGraphs":[],"customGraphs":[],"default":{"data":{"Article":[],"Course":[],"Dataset":[],"FAQPage":[],"Movie":[],"Person":[],"Product":[],"ProductReview":[],"Car":[],"Recipe":[],"Service":[],"SoftwareApplication":[],"WebPage":[]},"graphName":"","isEnabled":true},"graphs":[]},"schema_type":null,"schema_type_options":null,"pillar_content":false,"robots_default":true,"robots_noindex":false,"robots_noarchive":false,"robots_nosnippet":false,"robots_nofollow":false,"robots_noimageindex":false,"robots_noodp":false,"robots_notranslate":false,"robots_max_snippet":null,"robots_max_videopreview":null,"robots_max_imagepreview":"large","priority":null,"frequency":null,"location":null,"local_seo":null,"seo_analyzer_scan_date":"2025-09-17 11:09:52","breadcrumb_settings":null,"limit_modified_date":false,"open_ai":null,"ai":null,"created":"2021-03-09 08:07:53","updated":"2025-09-17 11:09:52"},"aioseo_breadcrumb":"<div class=\"aioseo-breadcrumbs\"><span class=\"aioseo-breadcrumb\">\n\t<a href=\"https:\/\/eldigitaldeasturias.com\/magazine365\" title=\"Home\">Home<\/a>\n<\/span><span class=\"aioseo-breadcrumb-separator\">\u2013<\/span><span class=\"aioseo-breadcrumb\">\n\t<a href=\"https:\/\/eldigitaldeasturias.com\/magazine365\/category\/noticias-actualidad\/\" title=\"Noticias y Actualidad\">Noticias y Actualidad<\/a>\n<\/span><span class=\"aioseo-breadcrumb-separator\">\u2013<\/span><span class=\"aioseo-breadcrumb\">\n\t<a href=\"https:\/\/eldigitaldeasturias.com\/magazine365\/ricard-camarena-deja-ramses-y-se-centra-en-la-expansion-de-canalla-bistro\/\" title=\"Ricard Camarena deja Rams\u00e9s y se centra en la expansi\u00f3n de Canalla Bistro\">Ricard Camarena deja Rams\u00e9s y se centra en la expansi\u00f3n de Canalla Bistro<\/a>\n<\/span><\/div>","aioseo_breadcrumb_json":[{"label":"Home","link":"https:\/\/eldigitaldeasturias.com\/magazine365"},{"label":"Noticias y Actualidad","link":"https:\/\/eldigitaldeasturias.com\/magazine365\/category\/noticias-actualidad\/"},{"label":"Ricard Camarena deja Rams\u00e9s y se centra en la expansi\u00f3n de Canalla Bistro","link":"https:\/\/eldigitaldeasturias.com\/magazine365\/ricard-camarena-deja-ramses-y-se-centra-en-la-expansion-de-canalla-bistro\/"}],"_links":{"self":[{"href":"https:\/\/eldigitaldeasturias.com\/magazine365\/wp-json\/wp\/v2\/posts\/14961","targetHints":{"allow":["GET"]}}],"collection":[{"href":"https:\/\/eldigitaldeasturias.com\/magazine365\/wp-json\/wp\/v2\/posts"}],"about":[{"href":"https:\/\/eldigitaldeasturias.com\/magazine365\/wp-json\/wp\/v2\/types\/post"}],"author":[{"embeddable":true,"href":"https:\/\/eldigitaldeasturias.com\/magazine365\/wp-json\/wp\/v2\/users\/1"}],"replies":[{"embeddable":true,"href":"https:\/\/eldigitaldeasturias.com\/magazine365\/wp-json\/wp\/v2\/comments?post=14961"}],"version-history":[{"count":0,"href":"https:\/\/eldigitaldeasturias.com\/magazine365\/wp-json\/wp\/v2\/posts\/14961\/revisions"}],"wp:featuredmedia":[{"embeddable":true,"href":"https:\/\/eldigitaldeasturias.com\/magazine365\/wp-json\/wp\/v2\/media\/14962"}],"wp:attachment":[{"href":"https:\/\/eldigitaldeasturias.com\/magazine365\/wp-json\/wp\/v2\/media?parent=14961"}],"wp:term":[{"taxonomy":"category","embeddable":true,"href":"https:\/\/eldigitaldeasturias.com\/magazine365\/wp-json\/wp\/v2\/categories?post=14961"},{"taxonomy":"post_tag","embeddable":true,"href":"https:\/\/eldigitaldeasturias.com\/magazine365\/wp-json\/wp\/v2\/tags?post=14961"}],"curies":[{"name":"wp","href":"https:\/\/api.w.org\/{rel}","templated":true}]}}