{"id":14958,"date":"2014-06-03T16:12:28","date_gmt":"2014-06-03T18:12:28","guid":{"rendered":"http:\/\/eldigitaldeasturias.com\/magazine365\/?p=14958"},"modified":"2014-06-03T16:12:28","modified_gmt":"2014-06-03T18:12:28","slug":"joaquin-cortes-advierte-a-los-politicos-de-que-espana-no-solo-vive-del-turismo","status":"publish","type":"post","link":"https:\/\/eldigitaldeasturias.com\/magazine365\/joaquin-cortes-advierte-a-los-politicos-de-que-espana-no-solo-vive-del-turismo\/","title":{"rendered":"Joaqu\u00edn Cort\u00e9s advierte a los pol\u00edticos de que \u00abEspa\u00f1a no s\u00f3lo vive del turismo\u00bb"},"content":{"rendered":"<p><img fetchpriority=\"high\" decoding=\"async\" class=\"alignleft size-medium wp-image-14959\" alt=\"6329745w\" src=\"https:\/\/eldigitaldeasturias.com\/magazine365\/wp-content\/uploads\/2014\/06\/6329745w-200x300.jpg\" width=\"200\" height=\"300\" srcset=\"https:\/\/eldigitaldeasturias.com\/magazine365\/wp-content\/uploads\/2014\/06\/6329745w-200x300.jpg 200w, https:\/\/eldigitaldeasturias.com\/magazine365\/wp-content\/uploads\/2014\/06\/6329745w-427x640.jpg 427w, https:\/\/eldigitaldeasturias.com\/magazine365\/wp-content\/uploads\/2014\/06\/6329745w-150x225.jpg 150w, https:\/\/eldigitaldeasturias.com\/magazine365\/wp-content\/uploads\/2014\/06\/6329745w-450x675.jpg 450w, https:\/\/eldigitaldeasturias.com\/magazine365\/wp-content\/uploads\/2014\/06\/6329745w-696x1044.jpg 696w, https:\/\/eldigitaldeasturias.com\/magazine365\/wp-content\/uploads\/2014\/06\/6329745w-280x420.jpg 280w, https:\/\/eldigitaldeasturias.com\/magazine365\/wp-content\/uploads\/2014\/06\/6329745w.jpg 700w\" sizes=\"(max-width: 200px) 100vw, 200px\" \/>Valladolid, 3 jun (EFE).- Espa\u00f1a \u00abno s\u00f3lo vive del turismo sino tambi\u00e9n de la cultura: hay m\u00e1s cosas que playas bonitas\u00bb, ha advertido a los pol\u00edticos el bailar\u00edn, core\u00f3grafo y productor Joaqu\u00edn Cortes, que esta ma\u00f1ana ha presentado en Valladolid su nuevo espect\u00e1culo (\u00abGitano\u00bb), concebido como un regreso a sus ra\u00edces.<\/p>\n<p>Muchos turistas \u00abvienen a Espa\u00f1a atra\u00eddos por la danza y el flamenco\u00bb, ha explicado un enojado Joaqu\u00edn Cort\u00e9s (C\u00f3rdoba, 1969) al ser preguntado por las dificultades que atraviesa la cultura en esta \u00e9poca de crisis econ\u00f3mica: \u00abme parece pat\u00e9tico\u00bb el 21 por ciento de IVA que se le aplica a este sector, ha lamentado.<\/p>\n<p>Los pol\u00edticos \u00abno se enteran de que tienen que hacer m\u00e1s cosas\u00bb por la cultura, ha insistido durante una rueda de prensa en la que se ha quejado de la, a su juicio, escasa asistencia de informadores: \u00abcuando hemos presentado en Nueva York hemos tenido trescientas personas y aqu\u00ed parece que tiene que venir Madonna para que se llene\u00bb la sala, ha declarado.<\/p>\n<p>\u00abNo valoramos lo poco bueno que tiene nuestro pa\u00eds. No se le da el sitio que se tiene que dar\u00bb, ha continuado el artista, visiblemente contrariado por esa situaci\u00f3n.<\/p>\n<p>La elevada fiscalidad \u00abhace inviable este tipo de espect\u00e1culos en Espa\u00f1a\u00bb, ha persistido el bailar\u00edn en sus reproches a la clase dirigente, \u00abcuando en otros pa\u00edses vecinos, tambi\u00e9n con la misma crisis econ\u00f3mica, es m\u00e1s reducido\u00bb ese gravamen, casos de Francia, Italia y Portugal, ha puesto como ejemplos.<\/p>\n<p>Cort\u00e9s ha recordado que no vive del mercado espa\u00f1ol y que es \u00abel mejor embajador de la cultura que tiene este pa\u00eds\u00bb con espect\u00e1culos donde no mira el dinero porque su norte \u00abes la calidad\u00bb por encima de cualquier planteamiento.<\/p>\n<p>A sus 45 a\u00f1os de edad, el bailar\u00edn cordob\u00e9s se ha autodefinido como \u00abun visionario\u00bb por haber logrado el \u00abmestizaje cultural\u00bb de ritmos, danzas y m\u00fasicas en sus producciones, fruto de ese contacto con diferentes culturas mantenido a lo largo de sus m\u00e1s de tres d\u00e9cadas de trayectoria art\u00edstica.<\/p>\n<p>\u00abFui un visionario. Yo fui el pionero de ese estilo personal, me lo invent\u00e9 yo y luego los dem\u00e1s me han imitado pero s\u00f3lo por el \u00e9xito que he tenido\u00bb, ha reflexionado.<\/p>\n<p>\u00abGitano\u00bb, estrenado el pasado 2 de mayo en Barcelona, se encuentra de gira por Espa\u00f1a -los pr\u00f3ximos 6 y 7 de junio en Valladolid- porque \u00abaunque mi mercado es mundial, quer\u00eda que otros p\u00fablicos vieran la calidad de mi espect\u00e1culo, no s\u00f3lo el de Madrid o Barcelona\u00bb.<\/p>\n","protected":false},"excerpt":{"rendered":"<p>Valladolid, 3 jun (EFE).- Espa\u00f1a \u00abno s\u00f3lo vive del turismo sino tambi\u00e9n de la cultura: hay m\u00e1s cosas que playas bonitas\u00bb, ha advertido a los pol\u00edticos el bailar\u00edn, core\u00f3grafo y productor Joaqu\u00edn Cortes, que esta ma\u00f1ana ha presentado en Valladolid su nuevo espect\u00e1culo (\u00abGitano\u00bb), concebido como un regreso a sus ra\u00edces. Muchos turistas \u00abvienen a<\/p>\n","protected":false},"author":1,"featured_media":14959,"comment_status":"open","ping_status":"closed","sticky":false,"template":"","format":"standard","meta":{"footnotes":""},"categories":[224],"tags":[],"class_list":{"0":"post-14958","1":"post","2":"type-post","3":"status-publish","4":"format-standard","5":"has-post-thumbnail","7":"category-noticias-actualidad"},"aioseo_notices":[],"aioseo_head":"\n\t\t<!-- All in One SEO Pro 4.9.6.1 - aioseo.com -->\n\t<meta name=\"description\" content=\"Valladolid, 3 jun (EFE).- Espa\u00f1a &quot;no s\u00f3lo vive del turismo sino tambi\u00e9n de la cultura: hay m\u00e1s cosas que playas bonitas&quot;, ha advertido a los pol\u00edticos el bailar\u00edn, core\u00f3grafo y productor Joaqu\u00edn Cortes, que esta ma\u00f1ana ha presentado en Valladolid su nuevo espect\u00e1culo (&quot;Gitano&quot;), concebido como un regreso a sus ra\u00edces. Muchos turistas &quot;vienen a\" \/>\n\t<meta name=\"robots\" content=\"max-image-preview:large\" \/>\n\t<meta name=\"author\" content=\"admin\"\/>\n\t<meta name=\"google-site-verification\" content=\"UA-38556648-1\" \/>\n\t<meta name=\"keywords\" content=\"noticias y actualidad\" \/>\n\t<link rel=\"canonical\" href=\"https:\/\/eldigitaldeasturias.com\/magazine365\/joaquin-cortes-advierte-a-los-politicos-de-que-espana-no-solo-vive-del-turismo\/\" \/>\n\t<meta name=\"generator\" content=\"All in One SEO Pro (AIOSEO) 4.9.6.1\" \/>\n\t\t<meta property=\"og:locale\" content=\"es_ES\" \/>\n\t\t<meta property=\"og:site_name\" content=\"El Digital de Asturias \u2013 Revista de ocio, turismo y estilo de vida\" \/>\n\t\t<meta property=\"og:type\" content=\"article\" \/>\n\t\t<meta property=\"og:title\" content=\"Joaqu\u00edn Cort\u00e9s advierte a los pol\u00edticos de que \u00abEspa\u00f1a no s\u00f3lo vive del turismo\u00bb | El Digital de Asturias\" \/>\n\t\t<meta property=\"og:description\" content=\"Valladolid, 3 jun (EFE).- Espa\u00f1a &quot;no s\u00f3lo vive del turismo sino tambi\u00e9n de la cultura: hay m\u00e1s cosas que playas bonitas&quot;, ha advertido a los pol\u00edticos el bailar\u00edn, core\u00f3grafo y productor Joaqu\u00edn Cortes, que esta ma\u00f1ana ha presentado en Valladolid su nuevo espect\u00e1culo (&quot;Gitano&quot;), concebido como un regreso a sus ra\u00edces. Muchos turistas &quot;vienen a\" \/>\n\t\t<meta property=\"og:url\" content=\"https:\/\/eldigitaldeasturias.com\/magazine365\/joaquin-cortes-advierte-a-los-politicos-de-que-espana-no-solo-vive-del-turismo\/\" \/>\n\t\t<meta property=\"og:image\" content=\"https:\/\/eldigitaldeasturias.com\/magazine365\/wp-content\/uploads\/2014\/06\/6329745w.jpg\" \/>\n\t\t<meta property=\"og:image:secure_url\" content=\"https:\/\/eldigitaldeasturias.com\/magazine365\/wp-content\/uploads\/2014\/06\/6329745w.jpg\" \/>\n\t\t<meta property=\"og:image:width\" content=\"700\" \/>\n\t\t<meta property=\"og:image:height\" content=\"1050\" \/>\n\t\t<meta property=\"article:published_time\" content=\"2014-06-03T18:12:28+00:00\" \/>\n\t\t<meta property=\"article:modified_time\" content=\"2014-06-03T18:12:28+00:00\" \/>\n\t\t<meta name=\"twitter:card\" content=\"summary_large_image\" \/>\n\t\t<meta name=\"twitter:title\" content=\"Joaqu\u00edn Cort\u00e9s advierte a los pol\u00edticos de que \u00abEspa\u00f1a no s\u00f3lo vive del turismo\u00bb | El Digital de Asturias\" \/>\n\t\t<meta name=\"twitter:description\" content=\"Valladolid, 3 jun (EFE).- Espa\u00f1a &quot;no s\u00f3lo vive del turismo sino tambi\u00e9n de la cultura: hay m\u00e1s cosas que playas bonitas&quot;, ha advertido a los pol\u00edticos el bailar\u00edn, core\u00f3grafo y productor Joaqu\u00edn Cortes, que esta ma\u00f1ana ha presentado en Valladolid su nuevo espect\u00e1culo (&quot;Gitano&quot;), concebido como un regreso a sus ra\u00edces. Muchos turistas &quot;vienen a\" \/>\n\t\t<meta name=\"twitter:image\" content=\"https:\/\/eldigitaldeasturias.com\/magazine365\/wp-content\/uploads\/2014\/06\/6329745w.jpg\" \/>\n\t\t<script type=\"application\/ld+json\" class=\"aioseo-schema\">\n\t\t\t{\"@context\":\"https:\\\/\\\/schema.org\",\"@graph\":[{\"@type\":\"Article\",\"@id\":\"https:\\\/\\\/eldigitaldeasturias.com\\\/magazine365\\\/joaquin-cortes-advierte-a-los-politicos-de-que-espana-no-solo-vive-del-turismo\\\/#article\",\"name\":\"Joaqu\\u00edn Cort\\u00e9s advierte a los pol\\u00edticos de que \\u00abEspa\\u00f1a no s\\u00f3lo vive del turismo\\u00bb | El Digital de Asturias\",\"headline\":\"Joaqu\\u00edn Cort\\u00e9s advierte a los pol\\u00edticos de que \\u00abEspa\\u00f1a no s\\u00f3lo vive del turismo\\u00bb\",\"author\":{\"@id\":\"https:\\\/\\\/eldigitaldeasturias.com\\\/magazine365\\\/author\\\/admin\\\/#author\"},\"publisher\":{\"@id\":\"https:\\\/\\\/eldigitaldeasturias.com\\\/magazine365\\\/#organization\"},\"image\":{\"@type\":\"ImageObject\",\"url\":\"https:\\\/\\\/eldigitaldeasturias.com\\\/magazine365\\\/wp-content\\\/uploads\\\/2014\\\/06\\\/6329745w.jpg\",\"width\":700,\"height\":1050},\"datePublished\":\"2014-06-03T16:12:28+02:00\",\"dateModified\":\"2014-06-03T16:12:28+02:00\",\"inLanguage\":\"es-ES\",\"mainEntityOfPage\":{\"@id\":\"https:\\\/\\\/eldigitaldeasturias.com\\\/magazine365\\\/joaquin-cortes-advierte-a-los-politicos-de-que-espana-no-solo-vive-del-turismo\\\/#webpage\"},\"isPartOf\":{\"@id\":\"https:\\\/\\\/eldigitaldeasturias.com\\\/magazine365\\\/joaquin-cortes-advierte-a-los-politicos-de-que-espana-no-solo-vive-del-turismo\\\/#webpage\"},\"articleSection\":\"Noticias y Actualidad\"},{\"@type\":\"BreadcrumbList\",\"@id\":\"https:\\\/\\\/eldigitaldeasturias.com\\\/magazine365\\\/joaquin-cortes-advierte-a-los-politicos-de-que-espana-no-solo-vive-del-turismo\\\/#breadcrumblist\",\"itemListElement\":[{\"@type\":\"ListItem\",\"@id\":\"https:\\\/\\\/eldigitaldeasturias.com\\\/magazine365#listItem\",\"position\":1,\"name\":\"Home\",\"item\":\"https:\\\/\\\/eldigitaldeasturias.com\\\/magazine365\",\"nextItem\":{\"@type\":\"ListItem\",\"@id\":\"https:\\\/\\\/eldigitaldeasturias.com\\\/magazine365\\\/category\\\/noticias-actualidad\\\/#listItem\",\"name\":\"Noticias y Actualidad\"}},{\"@type\":\"ListItem\",\"@id\":\"https:\\\/\\\/eldigitaldeasturias.com\\\/magazine365\\\/category\\\/noticias-actualidad\\\/#listItem\",\"position\":2,\"name\":\"Noticias y Actualidad\",\"item\":\"https:\\\/\\\/eldigitaldeasturias.com\\\/magazine365\\\/category\\\/noticias-actualidad\\\/\",\"nextItem\":{\"@type\":\"ListItem\",\"@id\":\"https:\\\/\\\/eldigitaldeasturias.com\\\/magazine365\\\/joaquin-cortes-advierte-a-los-politicos-de-que-espana-no-solo-vive-del-turismo\\\/#listItem\",\"name\":\"Joaqu\\u00edn Cort\\u00e9s advierte a los pol\\u00edticos de que \\u00abEspa\\u00f1a no s\\u00f3lo vive del turismo\\u00bb\"},\"previousItem\":{\"@type\":\"ListItem\",\"@id\":\"https:\\\/\\\/eldigitaldeasturias.com\\\/magazine365#listItem\",\"name\":\"Home\"}},{\"@type\":\"ListItem\",\"@id\":\"https:\\\/\\\/eldigitaldeasturias.com\\\/magazine365\\\/joaquin-cortes-advierte-a-los-politicos-de-que-espana-no-solo-vive-del-turismo\\\/#listItem\",\"position\":3,\"name\":\"Joaqu\\u00edn Cort\\u00e9s advierte a los pol\\u00edticos de que \\u00abEspa\\u00f1a no s\\u00f3lo vive del turismo\\u00bb\",\"previousItem\":{\"@type\":\"ListItem\",\"@id\":\"https:\\\/\\\/eldigitaldeasturias.com\\\/magazine365\\\/category\\\/noticias-actualidad\\\/#listItem\",\"name\":\"Noticias y Actualidad\"}}]},{\"@type\":\"Organization\",\"@id\":\"https:\\\/\\\/eldigitaldeasturias.com\\\/magazine365\\\/#organization\",\"name\":\"El digital de Asturias\",\"description\":\"Revista de ocio, turismo y estilo de vida\",\"url\":\"https:\\\/\\\/eldigitaldeasturias.com\\\/magazine365\\\/\",\"logo\":{\"@type\":\"ImageObject\",\"url\":\"https:\\\/\\\/www.eldigitaldeasturias.com\\\/noticias\\\/wp-content\\\/uploads\\\/2020\\\/12\\\/EDA.jpg\",\"@id\":\"https:\\\/\\\/eldigitaldeasturias.com\\\/magazine365\\\/joaquin-cortes-advierte-a-los-politicos-de-que-espana-no-solo-vive-del-turismo\\\/#organizationLogo\"},\"image\":{\"@id\":\"https:\\\/\\\/eldigitaldeasturias.com\\\/magazine365\\\/joaquin-cortes-advierte-a-los-politicos-de-que-espana-no-solo-vive-del-turismo\\\/#organizationLogo\"}},{\"@type\":\"Person\",\"@id\":\"https:\\\/\\\/eldigitaldeasturias.com\\\/magazine365\\\/author\\\/admin\\\/#author\",\"url\":\"https:\\\/\\\/eldigitaldeasturias.com\\\/magazine365\\\/author\\\/admin\\\/\",\"name\":\"admin\",\"image\":{\"@type\":\"ImageObject\",\"@id\":\"https:\\\/\\\/eldigitaldeasturias.com\\\/magazine365\\\/joaquin-cortes-advierte-a-los-politicos-de-que-espana-no-solo-vive-del-turismo\\\/#authorImage\",\"url\":\"https:\\\/\\\/eldigitaldeasturias.com\\\/magazine365\\\/wp-content\\\/litespeed\\\/avatar\\\/e571bcf59a0edd6fa6838245a470f2fe.jpg?ver=1777574230\",\"width\":96,\"height\":96,\"caption\":\"admin\"}},{\"@type\":\"WebPage\",\"@id\":\"https:\\\/\\\/eldigitaldeasturias.com\\\/magazine365\\\/joaquin-cortes-advierte-a-los-politicos-de-que-espana-no-solo-vive-del-turismo\\\/#webpage\",\"url\":\"https:\\\/\\\/eldigitaldeasturias.com\\\/magazine365\\\/joaquin-cortes-advierte-a-los-politicos-de-que-espana-no-solo-vive-del-turismo\\\/\",\"name\":\"Joaqu\\u00edn Cort\\u00e9s advierte a los pol\\u00edticos de que \\u00abEspa\\u00f1a no s\\u00f3lo vive del turismo\\u00bb | El Digital de Asturias\",\"description\":\"Valladolid, 3 jun (EFE).- Espa\\u00f1a \\\"no s\\u00f3lo vive del turismo sino tambi\\u00e9n de la cultura: hay m\\u00e1s cosas que playas bonitas\\\", ha advertido a los pol\\u00edticos el bailar\\u00edn, core\\u00f3grafo y productor Joaqu\\u00edn Cortes, que esta ma\\u00f1ana ha presentado en Valladolid su nuevo espect\\u00e1culo (\\\"Gitano\\\"), concebido como un regreso a sus ra\\u00edces. Muchos turistas \\\"vienen a\",\"inLanguage\":\"es-ES\",\"isPartOf\":{\"@id\":\"https:\\\/\\\/eldigitaldeasturias.com\\\/magazine365\\\/#website\"},\"breadcrumb\":{\"@id\":\"https:\\\/\\\/eldigitaldeasturias.com\\\/magazine365\\\/joaquin-cortes-advierte-a-los-politicos-de-que-espana-no-solo-vive-del-turismo\\\/#breadcrumblist\"},\"author\":{\"@id\":\"https:\\\/\\\/eldigitaldeasturias.com\\\/magazine365\\\/author\\\/admin\\\/#author\"},\"creator\":{\"@id\":\"https:\\\/\\\/eldigitaldeasturias.com\\\/magazine365\\\/author\\\/admin\\\/#author\"},\"image\":{\"@type\":\"ImageObject\",\"url\":\"https:\\\/\\\/eldigitaldeasturias.com\\\/magazine365\\\/wp-content\\\/uploads\\\/2014\\\/06\\\/6329745w.jpg\",\"@id\":\"https:\\\/\\\/eldigitaldeasturias.com\\\/magazine365\\\/joaquin-cortes-advierte-a-los-politicos-de-que-espana-no-solo-vive-del-turismo\\\/#mainImage\",\"width\":700,\"height\":1050},\"primaryImageOfPage\":{\"@id\":\"https:\\\/\\\/eldigitaldeasturias.com\\\/magazine365\\\/joaquin-cortes-advierte-a-los-politicos-de-que-espana-no-solo-vive-del-turismo\\\/#mainImage\"},\"datePublished\":\"2014-06-03T16:12:28+02:00\",\"dateModified\":\"2014-06-03T16:12:28+02:00\"},{\"@type\":\"WebSite\",\"@id\":\"https:\\\/\\\/eldigitaldeasturias.com\\\/magazine365\\\/#website\",\"url\":\"https:\\\/\\\/eldigitaldeasturias.com\\\/magazine365\\\/\",\"name\":\"El Digital de Asturias\",\"description\":\"Revista de ocio, turismo y estilo de vida\",\"inLanguage\":\"es-ES\",\"publisher\":{\"@id\":\"https:\\\/\\\/eldigitaldeasturias.com\\\/magazine365\\\/#organization\"}}]}\n\t\t<\/script>\n\t\t<!-- All in One SEO Pro -->\r\n\t\t<title>Joaqu\u00edn Cort\u00e9s advierte a los pol\u00edticos de que \u00abEspa\u00f1a no s\u00f3lo vive del turismo\u00bb | El Digital de Asturias<\/title>\n\n","aioseo_head_json":{"title":"Joaqu\u00edn Cort\u00e9s advierte a los pol\u00edticos de que \u00abEspa\u00f1a no s\u00f3lo vive del turismo\u00bb | El Digital de Asturias","description":"Valladolid, 3 jun (EFE).- Espa\u00f1a \"no s\u00f3lo vive del turismo sino tambi\u00e9n de la cultura: hay m\u00e1s cosas que playas bonitas\", ha advertido a los pol\u00edticos el bailar\u00edn, core\u00f3grafo y productor Joaqu\u00edn Cortes, que esta ma\u00f1ana ha presentado en Valladolid su nuevo espect\u00e1culo (\"Gitano\"), concebido como un regreso a sus ra\u00edces. Muchos turistas \"vienen a","canonical_url":"https:\/\/eldigitaldeasturias.com\/magazine365\/joaquin-cortes-advierte-a-los-politicos-de-que-espana-no-solo-vive-del-turismo\/","robots":"max-image-preview:large","keywords":"noticias y actualidad","webmasterTools":{"google-site-verification":"UA-38556648-1","miscellaneous":""},"schema":{"@context":"https:\/\/schema.org","@graph":[{"@type":"Article","@id":"https:\/\/eldigitaldeasturias.com\/magazine365\/joaquin-cortes-advierte-a-los-politicos-de-que-espana-no-solo-vive-del-turismo\/#article","name":"Joaqu\u00edn Cort\u00e9s advierte a los pol\u00edticos de que \u00abEspa\u00f1a no s\u00f3lo vive del turismo\u00bb | El Digital de Asturias","headline":"Joaqu\u00edn Cort\u00e9s advierte a los pol\u00edticos de que \u00abEspa\u00f1a no s\u00f3lo vive del turismo\u00bb","author":{"@id":"https:\/\/eldigitaldeasturias.com\/magazine365\/author\/admin\/#author"},"publisher":{"@id":"https:\/\/eldigitaldeasturias.com\/magazine365\/#organization"},"image":{"@type":"ImageObject","url":"https:\/\/eldigitaldeasturias.com\/magazine365\/wp-content\/uploads\/2014\/06\/6329745w.jpg","width":700,"height":1050},"datePublished":"2014-06-03T16:12:28+02:00","dateModified":"2014-06-03T16:12:28+02:00","inLanguage":"es-ES","mainEntityOfPage":{"@id":"https:\/\/eldigitaldeasturias.com\/magazine365\/joaquin-cortes-advierte-a-los-politicos-de-que-espana-no-solo-vive-del-turismo\/#webpage"},"isPartOf":{"@id":"https:\/\/eldigitaldeasturias.com\/magazine365\/joaquin-cortes-advierte-a-los-politicos-de-que-espana-no-solo-vive-del-turismo\/#webpage"},"articleSection":"Noticias y Actualidad"},{"@type":"BreadcrumbList","@id":"https:\/\/eldigitaldeasturias.com\/magazine365\/joaquin-cortes-advierte-a-los-politicos-de-que-espana-no-solo-vive-del-turismo\/#breadcrumblist","itemListElement":[{"@type":"ListItem","@id":"https:\/\/eldigitaldeasturias.com\/magazine365#listItem","position":1,"name":"Home","item":"https:\/\/eldigitaldeasturias.com\/magazine365","nextItem":{"@type":"ListItem","@id":"https:\/\/eldigitaldeasturias.com\/magazine365\/category\/noticias-actualidad\/#listItem","name":"Noticias y Actualidad"}},{"@type":"ListItem","@id":"https:\/\/eldigitaldeasturias.com\/magazine365\/category\/noticias-actualidad\/#listItem","position":2,"name":"Noticias y Actualidad","item":"https:\/\/eldigitaldeasturias.com\/magazine365\/category\/noticias-actualidad\/","nextItem":{"@type":"ListItem","@id":"https:\/\/eldigitaldeasturias.com\/magazine365\/joaquin-cortes-advierte-a-los-politicos-de-que-espana-no-solo-vive-del-turismo\/#listItem","name":"Joaqu\u00edn Cort\u00e9s advierte a los pol\u00edticos de que \u00abEspa\u00f1a no s\u00f3lo vive del turismo\u00bb"},"previousItem":{"@type":"ListItem","@id":"https:\/\/eldigitaldeasturias.com\/magazine365#listItem","name":"Home"}},{"@type":"ListItem","@id":"https:\/\/eldigitaldeasturias.com\/magazine365\/joaquin-cortes-advierte-a-los-politicos-de-que-espana-no-solo-vive-del-turismo\/#listItem","position":3,"name":"Joaqu\u00edn Cort\u00e9s advierte a los pol\u00edticos de que \u00abEspa\u00f1a no s\u00f3lo vive del turismo\u00bb","previousItem":{"@type":"ListItem","@id":"https:\/\/eldigitaldeasturias.com\/magazine365\/category\/noticias-actualidad\/#listItem","name":"Noticias y Actualidad"}}]},{"@type":"Organization","@id":"https:\/\/eldigitaldeasturias.com\/magazine365\/#organization","name":"El digital de Asturias","description":"Revista de ocio, turismo y estilo de vida","url":"https:\/\/eldigitaldeasturias.com\/magazine365\/","logo":{"@type":"ImageObject","url":"https:\/\/www.eldigitaldeasturias.com\/noticias\/wp-content\/uploads\/2020\/12\/EDA.jpg","@id":"https:\/\/eldigitaldeasturias.com\/magazine365\/joaquin-cortes-advierte-a-los-politicos-de-que-espana-no-solo-vive-del-turismo\/#organizationLogo"},"image":{"@id":"https:\/\/eldigitaldeasturias.com\/magazine365\/joaquin-cortes-advierte-a-los-politicos-de-que-espana-no-solo-vive-del-turismo\/#organizationLogo"}},{"@type":"Person","@id":"https:\/\/eldigitaldeasturias.com\/magazine365\/author\/admin\/#author","url":"https:\/\/eldigitaldeasturias.com\/magazine365\/author\/admin\/","name":"admin","image":{"@type":"ImageObject","@id":"https:\/\/eldigitaldeasturias.com\/magazine365\/joaquin-cortes-advierte-a-los-politicos-de-que-espana-no-solo-vive-del-turismo\/#authorImage","url":"https:\/\/eldigitaldeasturias.com\/magazine365\/wp-content\/litespeed\/avatar\/e571bcf59a0edd6fa6838245a470f2fe.jpg?ver=1777574230","width":96,"height":96,"caption":"admin"}},{"@type":"WebPage","@id":"https:\/\/eldigitaldeasturias.com\/magazine365\/joaquin-cortes-advierte-a-los-politicos-de-que-espana-no-solo-vive-del-turismo\/#webpage","url":"https:\/\/eldigitaldeasturias.com\/magazine365\/joaquin-cortes-advierte-a-los-politicos-de-que-espana-no-solo-vive-del-turismo\/","name":"Joaqu\u00edn Cort\u00e9s advierte a los pol\u00edticos de que \u00abEspa\u00f1a no s\u00f3lo vive del turismo\u00bb | El Digital de Asturias","description":"Valladolid, 3 jun (EFE).- Espa\u00f1a \"no s\u00f3lo vive del turismo sino tambi\u00e9n de la cultura: hay m\u00e1s cosas que playas bonitas\", ha advertido a los pol\u00edticos el bailar\u00edn, core\u00f3grafo y productor Joaqu\u00edn Cortes, que esta ma\u00f1ana ha presentado en Valladolid su nuevo espect\u00e1culo (\"Gitano\"), concebido como un regreso a sus ra\u00edces. Muchos turistas \"vienen a","inLanguage":"es-ES","isPartOf":{"@id":"https:\/\/eldigitaldeasturias.com\/magazine365\/#website"},"breadcrumb":{"@id":"https:\/\/eldigitaldeasturias.com\/magazine365\/joaquin-cortes-advierte-a-los-politicos-de-que-espana-no-solo-vive-del-turismo\/#breadcrumblist"},"author":{"@id":"https:\/\/eldigitaldeasturias.com\/magazine365\/author\/admin\/#author"},"creator":{"@id":"https:\/\/eldigitaldeasturias.com\/magazine365\/author\/admin\/#author"},"image":{"@type":"ImageObject","url":"https:\/\/eldigitaldeasturias.com\/magazine365\/wp-content\/uploads\/2014\/06\/6329745w.jpg","@id":"https:\/\/eldigitaldeasturias.com\/magazine365\/joaquin-cortes-advierte-a-los-politicos-de-que-espana-no-solo-vive-del-turismo\/#mainImage","width":700,"height":1050},"primaryImageOfPage":{"@id":"https:\/\/eldigitaldeasturias.com\/magazine365\/joaquin-cortes-advierte-a-los-politicos-de-que-espana-no-solo-vive-del-turismo\/#mainImage"},"datePublished":"2014-06-03T16:12:28+02:00","dateModified":"2014-06-03T16:12:28+02:00"},{"@type":"WebSite","@id":"https:\/\/eldigitaldeasturias.com\/magazine365\/#website","url":"https:\/\/eldigitaldeasturias.com\/magazine365\/","name":"El Digital de Asturias","description":"Revista de ocio, turismo y estilo de vida","inLanguage":"es-ES","publisher":{"@id":"https:\/\/eldigitaldeasturias.com\/magazine365\/#organization"}}]},"og:locale":"es_ES","og:site_name":"El Digital de Asturias \u2013 Revista de ocio, turismo y estilo de vida","og:type":"article","og:title":"Joaqu\u00edn Cort\u00e9s advierte a los pol\u00edticos de que \u00abEspa\u00f1a no s\u00f3lo vive del turismo\u00bb | El Digital de Asturias","og:description":"Valladolid, 3 jun (EFE).- Espa\u00f1a &quot;no s\u00f3lo vive del turismo sino tambi\u00e9n de la cultura: hay m\u00e1s cosas que playas bonitas&quot;, ha advertido a los pol\u00edticos el bailar\u00edn, core\u00f3grafo y productor Joaqu\u00edn Cortes, que esta ma\u00f1ana ha presentado en Valladolid su nuevo espect\u00e1culo (&quot;Gitano&quot;), concebido como un regreso a sus ra\u00edces. Muchos turistas &quot;vienen a","og:url":"https:\/\/eldigitaldeasturias.com\/magazine365\/joaquin-cortes-advierte-a-los-politicos-de-que-espana-no-solo-vive-del-turismo\/","og:image":"https:\/\/eldigitaldeasturias.com\/magazine365\/wp-content\/uploads\/2014\/06\/6329745w.jpg","og:image:secure_url":"https:\/\/eldigitaldeasturias.com\/magazine365\/wp-content\/uploads\/2014\/06\/6329745w.jpg","og:image:width":700,"og:image:height":1050,"article:published_time":"2014-06-03T18:12:28+00:00","article:modified_time":"2014-06-03T18:12:28+00:00","twitter:card":"summary_large_image","twitter:title":"Joaqu\u00edn Cort\u00e9s advierte a los pol\u00edticos de que \u00abEspa\u00f1a no s\u00f3lo vive del turismo\u00bb | El Digital de Asturias","twitter:description":"Valladolid, 3 jun (EFE).- Espa\u00f1a &quot;no s\u00f3lo vive del turismo sino tambi\u00e9n de la cultura: hay m\u00e1s cosas que playas bonitas&quot;, ha advertido a los pol\u00edticos el bailar\u00edn, core\u00f3grafo y productor Joaqu\u00edn Cortes, que esta ma\u00f1ana ha presentado en Valladolid su nuevo espect\u00e1culo (&quot;Gitano&quot;), concebido como un regreso a sus ra\u00edces. Muchos turistas &quot;vienen a","twitter:image":"https:\/\/eldigitaldeasturias.com\/magazine365\/wp-content\/uploads\/2014\/06\/6329745w.jpg"},"aioseo_meta_data":{"post_id":"14958","title":null,"description":null,"keywords":null,"keyphrases":null,"primary_term":null,"canonical_url":null,"og_title":null,"og_description":null,"og_object_type":"default","og_image_type":"default","og_image_url":null,"og_image_width":null,"og_image_height":null,"og_image_custom_url":null,"og_image_custom_fields":null,"og_video":null,"og_custom_url":null,"og_article_section":null,"og_article_tags":null,"twitter_use_og":false,"twitter_card":"default","twitter_image_type":"default","twitter_image_url":null,"twitter_image_custom_url":null,"twitter_image_custom_fields":null,"twitter_title":null,"twitter_description":null,"schema":{"blockGraphs":[],"customGraphs":[],"default":{"data":{"Article":[],"Course":[],"Dataset":[],"FAQPage":[],"Movie":[],"Person":[],"Product":[],"ProductReview":[],"Car":[],"Recipe":[],"Service":[],"SoftwareApplication":[],"WebPage":[]},"graphName":"","isEnabled":true},"graphs":[],"defaultGraph":"","defaultPostTypeGraph":""},"schema_type":null,"schema_type_options":null,"pillar_content":false,"robots_default":true,"robots_noindex":false,"robots_noarchive":false,"robots_nosnippet":false,"robots_nofollow":false,"robots_noimageindex":false,"robots_noodp":false,"robots_notranslate":false,"robots_max_snippet":null,"robots_max_videopreview":null,"robots_max_imagepreview":"large","priority":null,"frequency":null,"location":null,"local_seo":null,"seo_analyzer_scan_date":"2025-09-17 11:09:51","breadcrumb_settings":null,"limit_modified_date":false,"open_ai":null,"ai":null,"created":"2021-03-09 08:07:53","updated":"2025-09-17 11:09:51"},"aioseo_breadcrumb":"<div class=\"aioseo-breadcrumbs\"><span class=\"aioseo-breadcrumb\">\n\t<a href=\"https:\/\/eldigitaldeasturias.com\/magazine365\" title=\"Home\">Home<\/a>\n<\/span><span class=\"aioseo-breadcrumb-separator\">\u2013<\/span><span class=\"aioseo-breadcrumb\">\n\t<a href=\"https:\/\/eldigitaldeasturias.com\/magazine365\/category\/noticias-actualidad\/\" title=\"Noticias y Actualidad\">Noticias y Actualidad<\/a>\n<\/span><span class=\"aioseo-breadcrumb-separator\">\u2013<\/span><span class=\"aioseo-breadcrumb\">\n\t<a href=\"https:\/\/eldigitaldeasturias.com\/magazine365\/joaquin-cortes-advierte-a-los-politicos-de-que-espana-no-solo-vive-del-turismo\/\" title=\"Joaqu\u00edn Cort\u00e9s advierte a los pol\u00edticos de que \u00abEspa\u00f1a no s\u00f3lo vive del turismo\u00bb\">Joaqu\u00edn Cort\u00e9s advierte a los pol\u00edticos de que \u00abEspa\u00f1a no s\u00f3lo vive del turismo\u00bb<\/a>\n<\/span><\/div>","aioseo_breadcrumb_json":[{"label":"Home","link":"https:\/\/eldigitaldeasturias.com\/magazine365"},{"label":"Noticias y Actualidad","link":"https:\/\/eldigitaldeasturias.com\/magazine365\/category\/noticias-actualidad\/"},{"label":"Joaqu\u00edn Cort\u00e9s advierte a los pol\u00edticos de que \u00abEspa\u00f1a no s\u00f3lo vive del turismo\u00bb","link":"https:\/\/eldigitaldeasturias.com\/magazine365\/joaquin-cortes-advierte-a-los-politicos-de-que-espana-no-solo-vive-del-turismo\/"}],"_links":{"self":[{"href":"https:\/\/eldigitaldeasturias.com\/magazine365\/wp-json\/wp\/v2\/posts\/14958","targetHints":{"allow":["GET"]}}],"collection":[{"href":"https:\/\/eldigitaldeasturias.com\/magazine365\/wp-json\/wp\/v2\/posts"}],"about":[{"href":"https:\/\/eldigitaldeasturias.com\/magazine365\/wp-json\/wp\/v2\/types\/post"}],"author":[{"embeddable":true,"href":"https:\/\/eldigitaldeasturias.com\/magazine365\/wp-json\/wp\/v2\/users\/1"}],"replies":[{"embeddable":true,"href":"https:\/\/eldigitaldeasturias.com\/magazine365\/wp-json\/wp\/v2\/comments?post=14958"}],"version-history":[{"count":0,"href":"https:\/\/eldigitaldeasturias.com\/magazine365\/wp-json\/wp\/v2\/posts\/14958\/revisions"}],"wp:featuredmedia":[{"embeddable":true,"href":"https:\/\/eldigitaldeasturias.com\/magazine365\/wp-json\/wp\/v2\/media\/14959"}],"wp:attachment":[{"href":"https:\/\/eldigitaldeasturias.com\/magazine365\/wp-json\/wp\/v2\/media?parent=14958"}],"wp:term":[{"taxonomy":"category","embeddable":true,"href":"https:\/\/eldigitaldeasturias.com\/magazine365\/wp-json\/wp\/v2\/categories?post=14958"},{"taxonomy":"post_tag","embeddable":true,"href":"https:\/\/eldigitaldeasturias.com\/magazine365\/wp-json\/wp\/v2\/tags?post=14958"}],"curies":[{"name":"wp","href":"https:\/\/api.w.org\/{rel}","templated":true}]}}