{"id":14955,"date":"2014-06-03T16:10:21","date_gmt":"2014-06-03T18:10:21","guid":{"rendered":"http:\/\/eldigitaldeasturias.com\/magazine365\/?p=14955"},"modified":"2014-06-03T16:11:08","modified_gmt":"2014-06-03T18:11:08","slug":"ricky-martin-no-le-diria-no-a-un-duo-con-shakira","status":"publish","type":"post","link":"https:\/\/eldigitaldeasturias.com\/magazine365\/ricky-martin-no-le-diria-no-a-un-duo-con-shakira\/","title":{"rendered":"Ricky Martin no le dir\u00eda no a un d\u00fao con Shakira"},"content":{"rendered":"<p><img fetchpriority=\"high\" decoding=\"async\" class=\"alignleft size-medium wp-image-14956\" alt=\"6329729w\" src=\"https:\/\/eldigitaldeasturias.com\/magazine365\/wp-content\/uploads\/2014\/06\/6329729w-353x300.jpg\" width=\"353\" height=\"300\" srcset=\"https:\/\/eldigitaldeasturias.com\/magazine365\/wp-content\/uploads\/2014\/06\/6329729w-353x300.jpg 353w, https:\/\/eldigitaldeasturias.com\/magazine365\/wp-content\/uploads\/2014\/06\/6329729w-650x552.jpg 650w, https:\/\/eldigitaldeasturias.com\/magazine365\/wp-content\/uploads\/2014\/06\/6329729w-768x652.jpg 768w, https:\/\/eldigitaldeasturias.com\/magazine365\/wp-content\/uploads\/2014\/06\/6329729w-150x127.jpg 150w, https:\/\/eldigitaldeasturias.com\/magazine365\/wp-content\/uploads\/2014\/06\/6329729w-450x382.jpg 450w, https:\/\/eldigitaldeasturias.com\/magazine365\/wp-content\/uploads\/2014\/06\/6329729w-696x591.jpg 696w, https:\/\/eldigitaldeasturias.com\/magazine365\/wp-content\/uploads\/2014\/06\/6329729w-495x420.jpg 495w, https:\/\/eldigitaldeasturias.com\/magazine365\/wp-content\/uploads\/2014\/06\/6329729w.jpg 800w\" sizes=\"(max-width: 353px) 100vw, 353px\" \/>Madrid, 3 jun (EFE).- Ricky Martin, que vuelve a participar con una canci\u00f3n en un mundial tras Francia 98, \u00abno le dir\u00eda que no\u00bb a un d\u00fao con Shakira, a la que admira y con la que coincide en el disco grabado para la cita de Brasil 2014, empatando a dos como la voz y el rostro por antonomasia de la m\u00e1xima competici\u00f3n de f\u00fatbol.<\/p>\n<p>\u00abConozco la pasi\u00f3n del f\u00fatbol, pero si me tiras al campo, perdiste\u00bb, reconoce en una entrevista con Efe en Madrid el m\u00fasico puertorrique\u00f1o, que se muestra \u00abencantado\u00bb de esta nueva \u00aboportunidad\u00bb de trabajar con la FIFA tras aquella ocasi\u00f3n previa que le abri\u00f3 las puertas del planeta con \u00abLa copa de la vida\u00bb.<\/p>\n<p>\u00abVida\u00bb es el t\u00edtulo de su nueva aportaci\u00f3n a este evento deportivo, resultado de una convocatoria mundial a la que se presentaron 1.600 canciones de todo el mundo, de la que surgi\u00f3 el corte ganador, escrito por el estadounidense Elijah King.<\/p>\n<p>\u00abEstoy seguro de que la cantar\u00e9 por diez a\u00f1os m\u00e1s\u00bb, apuesta Martin, que atribuye la elecci\u00f3n de este tema a que no le resulta dif\u00edcil imaginarse \u00aba 80.000 personas\u00bb cant\u00e1ndolo en los estadios \u00abpor su gancho mel\u00f3dico y su mezcla musical de culturas\u00bb.<\/p>\n<p>\u00abVida\u00bb, que seguro sonar\u00e1 en su pr\u00f3ximo concierto en Marbella (M\u00e1laga) dentro del Starlite Festival el 25 de julio, se integra en \u00abOne love, one rhythm: The official 2014 FIFA World Cup Album\u00bb (Sony Music), en el que tambi\u00e9n han participado Pitbull, Jennifer Lopez y la brasile\u00f1a Claudia Leitte (\u00abWe are one\u00bb) y Shakira con Carlinhos Brown (\u00abLa La La\u00bb), entre otros.<\/p>\n<p>Ya es posible disfrutar del v\u00eddeo multitudinario que lo acompa\u00f1a, dirigido por Livia Gama y K\u00e1tia Lund, codirectora a su vez de la pel\u00edcula \u00abCiudad de Dios\u00bb, y que fue grabado con la ayuda de un centenar de personas, entre las que hab\u00eda ni\u00f1os, bailarines, modelos, artistas de capoeira y samba y jugadores de f\u00fatbol.<\/p>\n<p>\u00abNadie la pasa mal durante tres d\u00edas en R\u00edo de Janeiro\u00bb, bromea Martin, que quiso que el rodaje captara el \u00e1nimo de las calles y \u00abtomar las distintas caras de los cariocas sintiendo la fiesta\u00bb.<\/p>\n<p>Anticipa que es bastante probable que la canci\u00f3n se integre como tema extra y que incluso titule el que ser\u00e1 su d\u00e9cimo disco de estudio, tras \u00abMAS (M\u00fasica+alma+sexo)\u00bb (2011), en cuya elaboraci\u00f3n se halla a\u00fan inmerso y que espera lanzar en octubre.<\/p>\n<p>\u00abNo voy a dejar atr\u00e1s los ritmos latinos -\u00bfpara qu\u00e9 arreglar lo que no se ha roto?-, pero siempre hay una influencia dance y anglo porque soy bicultural\u00bb, avanza Martin sobre esta futura producci\u00f3n, en la que, entre otros productores, ha trabajado con los australianos DNA en el ya conocido \u00abCome with me\u00bb.<\/p>\n<p>Despu\u00e9s de la reciente colaboraci\u00f3n con Jennifer L\u00f3pez en \u00abAdrenalina\u00bb, de su compatriota Wisin, cabe imaginarle grabando un d\u00fao para su nuevo \u00e1lbum con alguien como Shakira, cuyas vidas profesionales han seguido caminos paralelos como principales impulsores del \u00abboom latino\u00bb global.<\/p>\n<p>\u00abYo no le voy a decir que no a un d\u00fao con Shakira, la admiro mucho por todo lo que ha logrado, es una gran colega y tengo mucho respeto por su trabajo filantr\u00f3pico, que es de gran impacto\u00bb, destaca Martin, que desde su propia organizaci\u00f3n lucha para abolir la trata infantil.<\/p>\n<p>Volviendo al f\u00fatbol, al menos de forma metaf\u00f3rica, dice que el \u00abgol de su vida\u00bb ha sido el nacimiento en 2008 de sus hijos Matteo y Valentino, un tanto doble en este caso.<\/p>\n<p>\u00abLo que me ha tocado sentir ha sido indescriptible y yo voy por m\u00e1s, estoy empezando todav\u00eda\u00bb, afirma.<\/p>\n<p>\u00abResponsable\u00bb de todas las decisiones de su vida, rechaza mirar hacia atr\u00e1s -\u00abel pasado es una eternidad que ya no existe\u00bb, opina- o sentirse \u00abv\u00edctima\u00bb de nada. Prefiere hablar en todo caso de los \u00abautogoles\u00bb que se ha marcado.<\/p>\n<p>\u00abEn mi vida ha habido muchos errores, desde algo tan simple como una canci\u00f3n (&#8230;) a, profundizando m\u00e1s, no permitir que la espiritualidad -que no la religi\u00f3n- entrara antes en mi vida. Me ha ayudado a tomar muchas decisiones acertadas y a recuperar mi dignidad\u00bb, confiesa el hombre que \u00abmotu propio\u00bb decidi\u00f3 hace ya cuatro a\u00f1os confesar su homosexualidad y vivir una \u00abvida\u00bb m\u00e1s plena.<\/p>\n<p>Javier Herrero.<\/p>\n","protected":false},"excerpt":{"rendered":"<p>Madrid, 3 jun (EFE).- Ricky Martin, que vuelve a participar con una canci\u00f3n en un mundial tras Francia 98, \u00abno le dir\u00eda que no\u00bb a un d\u00fao con Shakira, a la que admira y con la que coincide en el disco grabado para la cita de Brasil 2014, empatando a dos como la voz y<\/p>\n","protected":false},"author":1,"featured_media":14956,"comment_status":"open","ping_status":"closed","sticky":false,"template":"","format":"standard","meta":{"footnotes":""},"categories":[224],"tags":[],"class_list":{"0":"post-14955","1":"post","2":"type-post","3":"status-publish","4":"format-standard","5":"has-post-thumbnail","7":"category-noticias-actualidad"},"aioseo_notices":[],"aioseo_head":"\n\t\t<!-- All in One SEO Pro 4.9.6.1 - aioseo.com -->\n\t<meta name=\"description\" content=\"Madrid, 3 jun (EFE).- Ricky Martin, que vuelve a participar con una canci\u00f3n en un mundial tras Francia 98, &quot;no le dir\u00eda que no&quot; a un d\u00fao con Shakira, a la que admira y con la que coincide en el disco grabado para la cita de Brasil 2014, empatando a dos como la voz y\" \/>\n\t<meta name=\"robots\" content=\"max-image-preview:large\" \/>\n\t<meta name=\"author\" content=\"admin\"\/>\n\t<meta name=\"google-site-verification\" content=\"UA-38556648-1\" \/>\n\t<meta name=\"keywords\" content=\"noticias y actualidad\" \/>\n\t<link rel=\"canonical\" href=\"https:\/\/eldigitaldeasturias.com\/magazine365\/ricky-martin-no-le-diria-no-a-un-duo-con-shakira\/\" \/>\n\t<meta name=\"generator\" content=\"All in One SEO Pro (AIOSEO) 4.9.6.1\" \/>\n\t\t<meta property=\"og:locale\" content=\"es_ES\" \/>\n\t\t<meta property=\"og:site_name\" content=\"El Digital de Asturias \u2013 Revista de ocio, turismo y estilo de vida\" \/>\n\t\t<meta property=\"og:type\" content=\"article\" \/>\n\t\t<meta property=\"og:title\" content=\"Ricky Martin no le dir\u00eda no a un d\u00fao con Shakira | El Digital de Asturias\" \/>\n\t\t<meta property=\"og:description\" content=\"Madrid, 3 jun (EFE).- Ricky Martin, que vuelve a participar con una canci\u00f3n en un mundial tras Francia 98, &quot;no le dir\u00eda que no&quot; a un d\u00fao con Shakira, a la que admira y con la que coincide en el disco grabado para la cita de Brasil 2014, empatando a dos como la voz y\" \/>\n\t\t<meta property=\"og:url\" content=\"https:\/\/eldigitaldeasturias.com\/magazine365\/ricky-martin-no-le-diria-no-a-un-duo-con-shakira\/\" \/>\n\t\t<meta property=\"og:image\" content=\"https:\/\/eldigitaldeasturias.com\/magazine365\/wp-content\/uploads\/2014\/06\/6329729w.jpg\" \/>\n\t\t<meta property=\"og:image:secure_url\" content=\"https:\/\/eldigitaldeasturias.com\/magazine365\/wp-content\/uploads\/2014\/06\/6329729w.jpg\" \/>\n\t\t<meta property=\"og:image:width\" content=\"800\" \/>\n\t\t<meta property=\"og:image:height\" content=\"679\" \/>\n\t\t<meta property=\"article:published_time\" content=\"2014-06-03T18:10:21+00:00\" \/>\n\t\t<meta property=\"article:modified_time\" content=\"2014-06-03T18:11:08+00:00\" \/>\n\t\t<meta name=\"twitter:card\" content=\"summary_large_image\" \/>\n\t\t<meta name=\"twitter:title\" content=\"Ricky Martin no le dir\u00eda no a un d\u00fao con Shakira | El Digital de Asturias\" \/>\n\t\t<meta name=\"twitter:description\" content=\"Madrid, 3 jun (EFE).- Ricky Martin, que vuelve a participar con una canci\u00f3n en un mundial tras Francia 98, &quot;no le dir\u00eda que no&quot; a un d\u00fao con Shakira, a la que admira y con la que coincide en el disco grabado para la cita de Brasil 2014, empatando a dos como la voz y\" \/>\n\t\t<meta name=\"twitter:image\" content=\"https:\/\/eldigitaldeasturias.com\/magazine365\/wp-content\/uploads\/2014\/06\/6329729w.jpg\" \/>\n\t\t<script type=\"application\/ld+json\" class=\"aioseo-schema\">\n\t\t\t{\"@context\":\"https:\\\/\\\/schema.org\",\"@graph\":[{\"@type\":\"Article\",\"@id\":\"https:\\\/\\\/eldigitaldeasturias.com\\\/magazine365\\\/ricky-martin-no-le-diria-no-a-un-duo-con-shakira\\\/#article\",\"name\":\"Ricky Martin no le dir\\u00eda no a un d\\u00fao con Shakira | El Digital de Asturias\",\"headline\":\"Ricky Martin no le dir\\u00eda no a un d\\u00fao con Shakira\",\"author\":{\"@id\":\"https:\\\/\\\/eldigitaldeasturias.com\\\/magazine365\\\/author\\\/admin\\\/#author\"},\"publisher\":{\"@id\":\"https:\\\/\\\/eldigitaldeasturias.com\\\/magazine365\\\/#organization\"},\"image\":{\"@type\":\"ImageObject\",\"url\":\"https:\\\/\\\/eldigitaldeasturias.com\\\/magazine365\\\/wp-content\\\/uploads\\\/2014\\\/06\\\/6329729w.jpg\",\"width\":800,\"height\":679},\"datePublished\":\"2014-06-03T16:10:21+02:00\",\"dateModified\":\"2014-06-03T16:11:08+02:00\",\"inLanguage\":\"es-ES\",\"mainEntityOfPage\":{\"@id\":\"https:\\\/\\\/eldigitaldeasturias.com\\\/magazine365\\\/ricky-martin-no-le-diria-no-a-un-duo-con-shakira\\\/#webpage\"},\"isPartOf\":{\"@id\":\"https:\\\/\\\/eldigitaldeasturias.com\\\/magazine365\\\/ricky-martin-no-le-diria-no-a-un-duo-con-shakira\\\/#webpage\"},\"articleSection\":\"Noticias y Actualidad\"},{\"@type\":\"BreadcrumbList\",\"@id\":\"https:\\\/\\\/eldigitaldeasturias.com\\\/magazine365\\\/ricky-martin-no-le-diria-no-a-un-duo-con-shakira\\\/#breadcrumblist\",\"itemListElement\":[{\"@type\":\"ListItem\",\"@id\":\"https:\\\/\\\/eldigitaldeasturias.com\\\/magazine365#listItem\",\"position\":1,\"name\":\"Home\",\"item\":\"https:\\\/\\\/eldigitaldeasturias.com\\\/magazine365\",\"nextItem\":{\"@type\":\"ListItem\",\"@id\":\"https:\\\/\\\/eldigitaldeasturias.com\\\/magazine365\\\/category\\\/noticias-actualidad\\\/#listItem\",\"name\":\"Noticias y Actualidad\"}},{\"@type\":\"ListItem\",\"@id\":\"https:\\\/\\\/eldigitaldeasturias.com\\\/magazine365\\\/category\\\/noticias-actualidad\\\/#listItem\",\"position\":2,\"name\":\"Noticias y Actualidad\",\"item\":\"https:\\\/\\\/eldigitaldeasturias.com\\\/magazine365\\\/category\\\/noticias-actualidad\\\/\",\"nextItem\":{\"@type\":\"ListItem\",\"@id\":\"https:\\\/\\\/eldigitaldeasturias.com\\\/magazine365\\\/ricky-martin-no-le-diria-no-a-un-duo-con-shakira\\\/#listItem\",\"name\":\"Ricky Martin no le dir\\u00eda no a un d\\u00fao con Shakira\"},\"previousItem\":{\"@type\":\"ListItem\",\"@id\":\"https:\\\/\\\/eldigitaldeasturias.com\\\/magazine365#listItem\",\"name\":\"Home\"}},{\"@type\":\"ListItem\",\"@id\":\"https:\\\/\\\/eldigitaldeasturias.com\\\/magazine365\\\/ricky-martin-no-le-diria-no-a-un-duo-con-shakira\\\/#listItem\",\"position\":3,\"name\":\"Ricky Martin no le dir\\u00eda no a un d\\u00fao con Shakira\",\"previousItem\":{\"@type\":\"ListItem\",\"@id\":\"https:\\\/\\\/eldigitaldeasturias.com\\\/magazine365\\\/category\\\/noticias-actualidad\\\/#listItem\",\"name\":\"Noticias y Actualidad\"}}]},{\"@type\":\"Organization\",\"@id\":\"https:\\\/\\\/eldigitaldeasturias.com\\\/magazine365\\\/#organization\",\"name\":\"El digital de Asturias\",\"description\":\"Revista de ocio, turismo y estilo de vida\",\"url\":\"https:\\\/\\\/eldigitaldeasturias.com\\\/magazine365\\\/\",\"logo\":{\"@type\":\"ImageObject\",\"url\":\"https:\\\/\\\/www.eldigitaldeasturias.com\\\/noticias\\\/wp-content\\\/uploads\\\/2020\\\/12\\\/EDA.jpg\",\"@id\":\"https:\\\/\\\/eldigitaldeasturias.com\\\/magazine365\\\/ricky-martin-no-le-diria-no-a-un-duo-con-shakira\\\/#organizationLogo\"},\"image\":{\"@id\":\"https:\\\/\\\/eldigitaldeasturias.com\\\/magazine365\\\/ricky-martin-no-le-diria-no-a-un-duo-con-shakira\\\/#organizationLogo\"}},{\"@type\":\"Person\",\"@id\":\"https:\\\/\\\/eldigitaldeasturias.com\\\/magazine365\\\/author\\\/admin\\\/#author\",\"url\":\"https:\\\/\\\/eldigitaldeasturias.com\\\/magazine365\\\/author\\\/admin\\\/\",\"name\":\"admin\",\"image\":{\"@type\":\"ImageObject\",\"@id\":\"https:\\\/\\\/eldigitaldeasturias.com\\\/magazine365\\\/ricky-martin-no-le-diria-no-a-un-duo-con-shakira\\\/#authorImage\",\"url\":\"https:\\\/\\\/eldigitaldeasturias.com\\\/magazine365\\\/wp-content\\\/litespeed\\\/avatar\\\/e571bcf59a0edd6fa6838245a470f2fe.jpg?ver=1777574230\",\"width\":96,\"height\":96,\"caption\":\"admin\"}},{\"@type\":\"WebPage\",\"@id\":\"https:\\\/\\\/eldigitaldeasturias.com\\\/magazine365\\\/ricky-martin-no-le-diria-no-a-un-duo-con-shakira\\\/#webpage\",\"url\":\"https:\\\/\\\/eldigitaldeasturias.com\\\/magazine365\\\/ricky-martin-no-le-diria-no-a-un-duo-con-shakira\\\/\",\"name\":\"Ricky Martin no le dir\\u00eda no a un d\\u00fao con Shakira | El Digital de Asturias\",\"description\":\"Madrid, 3 jun (EFE).- Ricky Martin, que vuelve a participar con una canci\\u00f3n en un mundial tras Francia 98, \\\"no le dir\\u00eda que no\\\" a un d\\u00fao con Shakira, a la que admira y con la que coincide en el disco grabado para la cita de Brasil 2014, empatando a dos como la voz y\",\"inLanguage\":\"es-ES\",\"isPartOf\":{\"@id\":\"https:\\\/\\\/eldigitaldeasturias.com\\\/magazine365\\\/#website\"},\"breadcrumb\":{\"@id\":\"https:\\\/\\\/eldigitaldeasturias.com\\\/magazine365\\\/ricky-martin-no-le-diria-no-a-un-duo-con-shakira\\\/#breadcrumblist\"},\"author\":{\"@id\":\"https:\\\/\\\/eldigitaldeasturias.com\\\/magazine365\\\/author\\\/admin\\\/#author\"},\"creator\":{\"@id\":\"https:\\\/\\\/eldigitaldeasturias.com\\\/magazine365\\\/author\\\/admin\\\/#author\"},\"image\":{\"@type\":\"ImageObject\",\"url\":\"https:\\\/\\\/eldigitaldeasturias.com\\\/magazine365\\\/wp-content\\\/uploads\\\/2014\\\/06\\\/6329729w.jpg\",\"@id\":\"https:\\\/\\\/eldigitaldeasturias.com\\\/magazine365\\\/ricky-martin-no-le-diria-no-a-un-duo-con-shakira\\\/#mainImage\",\"width\":800,\"height\":679},\"primaryImageOfPage\":{\"@id\":\"https:\\\/\\\/eldigitaldeasturias.com\\\/magazine365\\\/ricky-martin-no-le-diria-no-a-un-duo-con-shakira\\\/#mainImage\"},\"datePublished\":\"2014-06-03T16:10:21+02:00\",\"dateModified\":\"2014-06-03T16:11:08+02:00\"},{\"@type\":\"WebSite\",\"@id\":\"https:\\\/\\\/eldigitaldeasturias.com\\\/magazine365\\\/#website\",\"url\":\"https:\\\/\\\/eldigitaldeasturias.com\\\/magazine365\\\/\",\"name\":\"El Digital de Asturias\",\"description\":\"Revista de ocio, turismo y estilo de vida\",\"inLanguage\":\"es-ES\",\"publisher\":{\"@id\":\"https:\\\/\\\/eldigitaldeasturias.com\\\/magazine365\\\/#organization\"}}]}\n\t\t<\/script>\n\t\t<!-- All in One SEO Pro -->\r\n\t\t<title>Ricky Martin no le dir\u00eda no a un d\u00fao con Shakira | El Digital de Asturias<\/title>\n\n","aioseo_head_json":{"title":"Ricky Martin no le dir\u00eda no a un d\u00fao con Shakira | El Digital de Asturias","description":"Madrid, 3 jun (EFE).- Ricky Martin, que vuelve a participar con una canci\u00f3n en un mundial tras Francia 98, \"no le dir\u00eda que no\" a un d\u00fao con Shakira, a la que admira y con la que coincide en el disco grabado para la cita de Brasil 2014, empatando a dos como la voz y","canonical_url":"https:\/\/eldigitaldeasturias.com\/magazine365\/ricky-martin-no-le-diria-no-a-un-duo-con-shakira\/","robots":"max-image-preview:large","keywords":"noticias y actualidad","webmasterTools":{"google-site-verification":"UA-38556648-1","miscellaneous":""},"schema":{"@context":"https:\/\/schema.org","@graph":[{"@type":"Article","@id":"https:\/\/eldigitaldeasturias.com\/magazine365\/ricky-martin-no-le-diria-no-a-un-duo-con-shakira\/#article","name":"Ricky Martin no le dir\u00eda no a un d\u00fao con Shakira | El Digital de Asturias","headline":"Ricky Martin no le dir\u00eda no a un d\u00fao con Shakira","author":{"@id":"https:\/\/eldigitaldeasturias.com\/magazine365\/author\/admin\/#author"},"publisher":{"@id":"https:\/\/eldigitaldeasturias.com\/magazine365\/#organization"},"image":{"@type":"ImageObject","url":"https:\/\/eldigitaldeasturias.com\/magazine365\/wp-content\/uploads\/2014\/06\/6329729w.jpg","width":800,"height":679},"datePublished":"2014-06-03T16:10:21+02:00","dateModified":"2014-06-03T16:11:08+02:00","inLanguage":"es-ES","mainEntityOfPage":{"@id":"https:\/\/eldigitaldeasturias.com\/magazine365\/ricky-martin-no-le-diria-no-a-un-duo-con-shakira\/#webpage"},"isPartOf":{"@id":"https:\/\/eldigitaldeasturias.com\/magazine365\/ricky-martin-no-le-diria-no-a-un-duo-con-shakira\/#webpage"},"articleSection":"Noticias y Actualidad"},{"@type":"BreadcrumbList","@id":"https:\/\/eldigitaldeasturias.com\/magazine365\/ricky-martin-no-le-diria-no-a-un-duo-con-shakira\/#breadcrumblist","itemListElement":[{"@type":"ListItem","@id":"https:\/\/eldigitaldeasturias.com\/magazine365#listItem","position":1,"name":"Home","item":"https:\/\/eldigitaldeasturias.com\/magazine365","nextItem":{"@type":"ListItem","@id":"https:\/\/eldigitaldeasturias.com\/magazine365\/category\/noticias-actualidad\/#listItem","name":"Noticias y Actualidad"}},{"@type":"ListItem","@id":"https:\/\/eldigitaldeasturias.com\/magazine365\/category\/noticias-actualidad\/#listItem","position":2,"name":"Noticias y Actualidad","item":"https:\/\/eldigitaldeasturias.com\/magazine365\/category\/noticias-actualidad\/","nextItem":{"@type":"ListItem","@id":"https:\/\/eldigitaldeasturias.com\/magazine365\/ricky-martin-no-le-diria-no-a-un-duo-con-shakira\/#listItem","name":"Ricky Martin no le dir\u00eda no a un d\u00fao con Shakira"},"previousItem":{"@type":"ListItem","@id":"https:\/\/eldigitaldeasturias.com\/magazine365#listItem","name":"Home"}},{"@type":"ListItem","@id":"https:\/\/eldigitaldeasturias.com\/magazine365\/ricky-martin-no-le-diria-no-a-un-duo-con-shakira\/#listItem","position":3,"name":"Ricky Martin no le dir\u00eda no a un d\u00fao con Shakira","previousItem":{"@type":"ListItem","@id":"https:\/\/eldigitaldeasturias.com\/magazine365\/category\/noticias-actualidad\/#listItem","name":"Noticias y Actualidad"}}]},{"@type":"Organization","@id":"https:\/\/eldigitaldeasturias.com\/magazine365\/#organization","name":"El digital de Asturias","description":"Revista de ocio, turismo y estilo de vida","url":"https:\/\/eldigitaldeasturias.com\/magazine365\/","logo":{"@type":"ImageObject","url":"https:\/\/www.eldigitaldeasturias.com\/noticias\/wp-content\/uploads\/2020\/12\/EDA.jpg","@id":"https:\/\/eldigitaldeasturias.com\/magazine365\/ricky-martin-no-le-diria-no-a-un-duo-con-shakira\/#organizationLogo"},"image":{"@id":"https:\/\/eldigitaldeasturias.com\/magazine365\/ricky-martin-no-le-diria-no-a-un-duo-con-shakira\/#organizationLogo"}},{"@type":"Person","@id":"https:\/\/eldigitaldeasturias.com\/magazine365\/author\/admin\/#author","url":"https:\/\/eldigitaldeasturias.com\/magazine365\/author\/admin\/","name":"admin","image":{"@type":"ImageObject","@id":"https:\/\/eldigitaldeasturias.com\/magazine365\/ricky-martin-no-le-diria-no-a-un-duo-con-shakira\/#authorImage","url":"https:\/\/eldigitaldeasturias.com\/magazine365\/wp-content\/litespeed\/avatar\/e571bcf59a0edd6fa6838245a470f2fe.jpg?ver=1777574230","width":96,"height":96,"caption":"admin"}},{"@type":"WebPage","@id":"https:\/\/eldigitaldeasturias.com\/magazine365\/ricky-martin-no-le-diria-no-a-un-duo-con-shakira\/#webpage","url":"https:\/\/eldigitaldeasturias.com\/magazine365\/ricky-martin-no-le-diria-no-a-un-duo-con-shakira\/","name":"Ricky Martin no le dir\u00eda no a un d\u00fao con Shakira | El Digital de Asturias","description":"Madrid, 3 jun (EFE).- Ricky Martin, que vuelve a participar con una canci\u00f3n en un mundial tras Francia 98, \"no le dir\u00eda que no\" a un d\u00fao con Shakira, a la que admira y con la que coincide en el disco grabado para la cita de Brasil 2014, empatando a dos como la voz y","inLanguage":"es-ES","isPartOf":{"@id":"https:\/\/eldigitaldeasturias.com\/magazine365\/#website"},"breadcrumb":{"@id":"https:\/\/eldigitaldeasturias.com\/magazine365\/ricky-martin-no-le-diria-no-a-un-duo-con-shakira\/#breadcrumblist"},"author":{"@id":"https:\/\/eldigitaldeasturias.com\/magazine365\/author\/admin\/#author"},"creator":{"@id":"https:\/\/eldigitaldeasturias.com\/magazine365\/author\/admin\/#author"},"image":{"@type":"ImageObject","url":"https:\/\/eldigitaldeasturias.com\/magazine365\/wp-content\/uploads\/2014\/06\/6329729w.jpg","@id":"https:\/\/eldigitaldeasturias.com\/magazine365\/ricky-martin-no-le-diria-no-a-un-duo-con-shakira\/#mainImage","width":800,"height":679},"primaryImageOfPage":{"@id":"https:\/\/eldigitaldeasturias.com\/magazine365\/ricky-martin-no-le-diria-no-a-un-duo-con-shakira\/#mainImage"},"datePublished":"2014-06-03T16:10:21+02:00","dateModified":"2014-06-03T16:11:08+02:00"},{"@type":"WebSite","@id":"https:\/\/eldigitaldeasturias.com\/magazine365\/#website","url":"https:\/\/eldigitaldeasturias.com\/magazine365\/","name":"El Digital de Asturias","description":"Revista de ocio, turismo y estilo de vida","inLanguage":"es-ES","publisher":{"@id":"https:\/\/eldigitaldeasturias.com\/magazine365\/#organization"}}]},"og:locale":"es_ES","og:site_name":"El Digital de Asturias \u2013 Revista de ocio, turismo y estilo de vida","og:type":"article","og:title":"Ricky Martin no le dir\u00eda no a un d\u00fao con Shakira | El Digital de Asturias","og:description":"Madrid, 3 jun (EFE).- Ricky Martin, que vuelve a participar con una canci\u00f3n en un mundial tras Francia 98, &quot;no le dir\u00eda que no&quot; a un d\u00fao con Shakira, a la que admira y con la que coincide en el disco grabado para la cita de Brasil 2014, empatando a dos como la voz y","og:url":"https:\/\/eldigitaldeasturias.com\/magazine365\/ricky-martin-no-le-diria-no-a-un-duo-con-shakira\/","og:image":"https:\/\/eldigitaldeasturias.com\/magazine365\/wp-content\/uploads\/2014\/06\/6329729w.jpg","og:image:secure_url":"https:\/\/eldigitaldeasturias.com\/magazine365\/wp-content\/uploads\/2014\/06\/6329729w.jpg","og:image:width":800,"og:image:height":679,"article:published_time":"2014-06-03T18:10:21+00:00","article:modified_time":"2014-06-03T18:11:08+00:00","twitter:card":"summary_large_image","twitter:title":"Ricky Martin no le dir\u00eda no a un d\u00fao con Shakira | El Digital de Asturias","twitter:description":"Madrid, 3 jun (EFE).- Ricky Martin, que vuelve a participar con una canci\u00f3n en un mundial tras Francia 98, &quot;no le dir\u00eda que no&quot; a un d\u00fao con Shakira, a la que admira y con la que coincide en el disco grabado para la cita de Brasil 2014, empatando a dos como la voz y","twitter:image":"https:\/\/eldigitaldeasturias.com\/magazine365\/wp-content\/uploads\/2014\/06\/6329729w.jpg"},"aioseo_meta_data":{"post_id":"14955","title":null,"description":null,"keywords":null,"keyphrases":null,"primary_term":null,"canonical_url":null,"og_title":null,"og_description":null,"og_object_type":"default","og_image_type":"default","og_image_url":null,"og_image_width":null,"og_image_height":null,"og_image_custom_url":null,"og_image_custom_fields":null,"og_video":null,"og_custom_url":null,"og_article_section":null,"og_article_tags":null,"twitter_use_og":false,"twitter_card":"default","twitter_image_type":"default","twitter_image_url":null,"twitter_image_custom_url":null,"twitter_image_custom_fields":null,"twitter_title":null,"twitter_description":null,"schema":{"blockGraphs":[],"customGraphs":[],"default":{"data":{"Article":[],"Course":[],"Dataset":[],"FAQPage":[],"Movie":[],"Person":[],"Product":[],"ProductReview":[],"Car":[],"Recipe":[],"Service":[],"SoftwareApplication":[],"WebPage":[]},"graphName":"","isEnabled":true},"graphs":[],"defaultGraph":"","defaultPostTypeGraph":""},"schema_type":null,"schema_type_options":null,"pillar_content":false,"robots_default":true,"robots_noindex":false,"robots_noarchive":false,"robots_nosnippet":false,"robots_nofollow":false,"robots_noimageindex":false,"robots_noodp":false,"robots_notranslate":false,"robots_max_snippet":null,"robots_max_videopreview":null,"robots_max_imagepreview":"large","priority":null,"frequency":null,"location":null,"local_seo":null,"seo_analyzer_scan_date":"2025-09-17 11:08:11","breadcrumb_settings":null,"limit_modified_date":false,"open_ai":null,"ai":null,"created":"2021-03-09 08:07:53","updated":"2025-09-17 11:08:11"},"aioseo_breadcrumb":"<div class=\"aioseo-breadcrumbs\"><span class=\"aioseo-breadcrumb\">\n\t<a href=\"https:\/\/eldigitaldeasturias.com\/magazine365\" title=\"Home\">Home<\/a>\n<\/span><span class=\"aioseo-breadcrumb-separator\">\u2013<\/span><span class=\"aioseo-breadcrumb\">\n\t<a href=\"https:\/\/eldigitaldeasturias.com\/magazine365\/category\/noticias-actualidad\/\" title=\"Noticias y Actualidad\">Noticias y Actualidad<\/a>\n<\/span><span class=\"aioseo-breadcrumb-separator\">\u2013<\/span><span class=\"aioseo-breadcrumb\">\n\t<a href=\"https:\/\/eldigitaldeasturias.com\/magazine365\/ricky-martin-no-le-diria-no-a-un-duo-con-shakira\/\" title=\"Ricky Martin no le dir\u00eda no a un d\u00fao con Shakira\">Ricky Martin no le dir\u00eda no a un d\u00fao con Shakira<\/a>\n<\/span><\/div>","aioseo_breadcrumb_json":[{"label":"Home","link":"https:\/\/eldigitaldeasturias.com\/magazine365"},{"label":"Noticias y Actualidad","link":"https:\/\/eldigitaldeasturias.com\/magazine365\/category\/noticias-actualidad\/"},{"label":"Ricky Martin no le dir\u00eda no a un d\u00fao con Shakira","link":"https:\/\/eldigitaldeasturias.com\/magazine365\/ricky-martin-no-le-diria-no-a-un-duo-con-shakira\/"}],"_links":{"self":[{"href":"https:\/\/eldigitaldeasturias.com\/magazine365\/wp-json\/wp\/v2\/posts\/14955","targetHints":{"allow":["GET"]}}],"collection":[{"href":"https:\/\/eldigitaldeasturias.com\/magazine365\/wp-json\/wp\/v2\/posts"}],"about":[{"href":"https:\/\/eldigitaldeasturias.com\/magazine365\/wp-json\/wp\/v2\/types\/post"}],"author":[{"embeddable":true,"href":"https:\/\/eldigitaldeasturias.com\/magazine365\/wp-json\/wp\/v2\/users\/1"}],"replies":[{"embeddable":true,"href":"https:\/\/eldigitaldeasturias.com\/magazine365\/wp-json\/wp\/v2\/comments?post=14955"}],"version-history":[{"count":0,"href":"https:\/\/eldigitaldeasturias.com\/magazine365\/wp-json\/wp\/v2\/posts\/14955\/revisions"}],"wp:featuredmedia":[{"embeddable":true,"href":"https:\/\/eldigitaldeasturias.com\/magazine365\/wp-json\/wp\/v2\/media\/14956"}],"wp:attachment":[{"href":"https:\/\/eldigitaldeasturias.com\/magazine365\/wp-json\/wp\/v2\/media?parent=14955"}],"wp:term":[{"taxonomy":"category","embeddable":true,"href":"https:\/\/eldigitaldeasturias.com\/magazine365\/wp-json\/wp\/v2\/categories?post=14955"},{"taxonomy":"post_tag","embeddable":true,"href":"https:\/\/eldigitaldeasturias.com\/magazine365\/wp-json\/wp\/v2\/tags?post=14955"}],"curies":[{"name":"wp","href":"https:\/\/api.w.org\/{rel}","templated":true}]}}