{"id":14946,"date":"2014-06-03T16:05:48","date_gmt":"2014-06-03T18:05:48","guid":{"rendered":"http:\/\/eldigitaldeasturias.com\/magazine365\/?p=14946"},"modified":"2014-06-03T16:05:48","modified_gmt":"2014-06-03T18:05:48","slug":"alberto-ii-de-monaco-visita-holanda-sin-la-princesa-charlene","status":"publish","type":"post","link":"https:\/\/eldigitaldeasturias.com\/magazine365\/alberto-ii-de-monaco-visita-holanda-sin-la-princesa-charlene\/","title":{"rendered":"Alberto II de M\u00f3naco visita Holanda sin la princesa Charl\u00e8ne"},"content":{"rendered":"<p><img fetchpriority=\"high\" decoding=\"async\" class=\"alignleft size-medium wp-image-14947\" alt=\"6329625w\" src=\"https:\/\/eldigitaldeasturias.com\/magazine365\/wp-content\/uploads\/2014\/06\/6329625w-360x258.jpg\" width=\"360\" height=\"258\" srcset=\"https:\/\/eldigitaldeasturias.com\/magazine365\/wp-content\/uploads\/2014\/06\/6329625w-360x258.jpg 360w, https:\/\/eldigitaldeasturias.com\/magazine365\/wp-content\/uploads\/2014\/06\/6329625w-650x466.jpg 650w, https:\/\/eldigitaldeasturias.com\/magazine365\/wp-content\/uploads\/2014\/06\/6329625w-768x551.jpg 768w, https:\/\/eldigitaldeasturias.com\/magazine365\/wp-content\/uploads\/2014\/06\/6329625w-150x108.jpg 150w, https:\/\/eldigitaldeasturias.com\/magazine365\/wp-content\/uploads\/2014\/06\/6329625w-450x323.jpg 450w, https:\/\/eldigitaldeasturias.com\/magazine365\/wp-content\/uploads\/2014\/06\/6329625w-696x499.jpg 696w, https:\/\/eldigitaldeasturias.com\/magazine365\/wp-content\/uploads\/2014\/06\/6329625w-585x420.jpg 585w, https:\/\/eldigitaldeasturias.com\/magazine365\/wp-content\/uploads\/2014\/06\/6329625w.jpg 800w\" sizes=\"(max-width: 360px) 100vw, 360px\" \/>Bruselas, 3 jun (EFE).- El pr\u00edncipe Alberto II de M\u00f3naco lleg\u00f3 hoy a Holanda en su primera visita oficial al pa\u00eds como jefe de Estado del Principado, pero no le acompa\u00f1\u00f3 la princesa Charl\u00e8ne, que est\u00e1 embarazada, inform\u00f3 hoy la Casa Real neerlandesa.<\/p>\n<p>\u00abLa princesa Charl\u00e8ne no vendr\u00e1\u00bb, se\u00f1al\u00f3 en un comunicado el servicio de la Monarqu\u00eda holandesa, sin especificar los motivos de la cancelaci\u00f3n del viaje en la agenda de la esposa de Alberto II.<\/p>\n<p>El pasado viernes la pareja monegasca anunci\u00f3 que esperan su primer hijo y que el nacimiento se producir\u00e1 a finales de a\u00f1o, tres a\u00f1os y medio despu\u00e9s de su boda en el Principado.<\/p>\n<p>En su visita oficial de dos d\u00edas en Holanda, Alberto II se reunir\u00e1 hoy en La Haya con el primer ministro, Mark Rutte, y ser\u00e1 recibido por las presidentas del Senado, Ankie Broekers-Knol, y de la C\u00e1mara baja, Anouchka Van Miltenburg.<\/p>\n<p>Despu\u00e9s visitar\u00e1 la Confederaci\u00f3n de Industria y Empleadores de Holanda (VNO-NCW) acompa\u00f1ado de una delegaci\u00f3n de empresarios de los sectores energ\u00e9tico y agroalimentario, entre otros.<\/p>\n<p>Estaba previsto que la princesa Charl\u00e8ne y la reina M\u00e1xima de Holanda visitaran en Amsterdam la casa de Anne Frank y el Centro Ronald McDonald, un establecimiento deportivo para ni\u00f1os con discapacidad f\u00edsica o intelectual y enfermedades cr\u00f3nicas, y que tambi\u00e9n realizaran un paseo en barco por los canales de la ciudad.<\/p>\n<p>Por la tarde, los reyes de Holanda y Alberto II asistir\u00e1n a la inauguraci\u00f3n en el Palacio Het Loo en Apeldoorn de la exposici\u00f3n \u00abGrace Kelly, princesa e icono de la moda\u00bb, sobre la madre del pr\u00edncipe de M\u00f3naco.<\/p>\n<p>La exposici\u00f3n, abierta al p\u00fablico hasta el 26 de octubre, cuenta con vestidos, fotograf\u00edas, material cinematogr\u00e1fico y otros accesorios de la que fue actriz estadounidense y princesa de M\u00f3naco.<\/p>\n<p>Por la noche, los reyes de Holanda ofrecer\u00e1n a Alberto II una cena en el palacio real en compa\u00f1\u00eda de la princesa Beatriz, y despu\u00e9s Guillermo-Alejandro y el pr\u00edncipe de M\u00f3naco mantendr\u00e1n una reuni\u00f3n bilateral.<\/p>\n<p>El mi\u00e9rcoles, Alberto II visitar\u00e1 en Scheveningen las empresas Boskalis y Van Oord, de servicios mar\u00edtimos, de dragado y de proyectos de energ\u00eda en alta mar, as\u00ed como el campus tecnol\u00f3gico de la multinacional Philips en Eindhoven.<\/p>\n<p>Esa \u00faltima visita incluye un acuerdo entre el Fondo Pr\u00edncipe Alberto II de M\u00f3naco y Philips para proporcionar iluminaci\u00f3n sostenible y duradera en campos de f\u00fatbol y de otros deportes en Sud\u00e1frica.<\/p>\n","protected":false},"excerpt":{"rendered":"<p>Bruselas, 3 jun (EFE).- El pr\u00edncipe Alberto II de M\u00f3naco lleg\u00f3 hoy a Holanda en su primera visita oficial al pa\u00eds como jefe de Estado del Principado, pero no le acompa\u00f1\u00f3 la princesa Charl\u00e8ne, que est\u00e1 embarazada, inform\u00f3 hoy la Casa Real neerlandesa. \u00abLa princesa Charl\u00e8ne no vendr\u00e1\u00bb, se\u00f1al\u00f3 en un comunicado el servicio de<\/p>\n","protected":false},"author":1,"featured_media":14947,"comment_status":"open","ping_status":"closed","sticky":false,"template":"","format":"standard","meta":{"footnotes":""},"categories":[224],"tags":[],"class_list":{"0":"post-14946","1":"post","2":"type-post","3":"status-publish","4":"format-standard","5":"has-post-thumbnail","7":"category-noticias-actualidad"},"aioseo_notices":[],"aioseo_head":"\n\t\t<!-- All in One SEO Pro 4.9.6.1 - aioseo.com -->\n\t<meta name=\"description\" content=\"Bruselas, 3 jun (EFE).- El pr\u00edncipe Alberto II de M\u00f3naco lleg\u00f3 hoy a Holanda en su primera visita oficial al pa\u00eds como jefe de Estado del Principado, pero no le acompa\u00f1\u00f3 la princesa Charl\u00e8ne, que est\u00e1 embarazada, inform\u00f3 hoy la Casa Real neerlandesa. &quot;La princesa Charl\u00e8ne no vendr\u00e1&quot;, se\u00f1al\u00f3 en un comunicado el servicio de\" \/>\n\t<meta name=\"robots\" content=\"max-image-preview:large\" \/>\n\t<meta name=\"author\" content=\"admin\"\/>\n\t<meta name=\"google-site-verification\" content=\"UA-38556648-1\" \/>\n\t<meta name=\"keywords\" content=\"noticias y actualidad\" \/>\n\t<link rel=\"canonical\" href=\"https:\/\/eldigitaldeasturias.com\/magazine365\/alberto-ii-de-monaco-visita-holanda-sin-la-princesa-charlene\/\" \/>\n\t<meta name=\"generator\" content=\"All in One SEO Pro (AIOSEO) 4.9.6.1\" \/>\n\t\t<meta property=\"og:locale\" content=\"es_ES\" \/>\n\t\t<meta property=\"og:site_name\" content=\"El Digital de Asturias \u2013 Revista de ocio, turismo y estilo de vida\" \/>\n\t\t<meta property=\"og:type\" content=\"article\" \/>\n\t\t<meta property=\"og:title\" content=\"Alberto II de M\u00f3naco visita Holanda sin la princesa Charl\u00e8ne | El Digital de Asturias\" \/>\n\t\t<meta property=\"og:description\" content=\"Bruselas, 3 jun (EFE).- El pr\u00edncipe Alberto II de M\u00f3naco lleg\u00f3 hoy a Holanda en su primera visita oficial al pa\u00eds como jefe de Estado del Principado, pero no le acompa\u00f1\u00f3 la princesa Charl\u00e8ne, que est\u00e1 embarazada, inform\u00f3 hoy la Casa Real neerlandesa. &quot;La princesa Charl\u00e8ne no vendr\u00e1&quot;, se\u00f1al\u00f3 en un comunicado el servicio de\" \/>\n\t\t<meta property=\"og:url\" content=\"https:\/\/eldigitaldeasturias.com\/magazine365\/alberto-ii-de-monaco-visita-holanda-sin-la-princesa-charlene\/\" \/>\n\t\t<meta property=\"og:image\" content=\"https:\/\/eldigitaldeasturias.com\/magazine365\/wp-content\/uploads\/2014\/06\/6329625w.jpg\" \/>\n\t\t<meta property=\"og:image:secure_url\" content=\"https:\/\/eldigitaldeasturias.com\/magazine365\/wp-content\/uploads\/2014\/06\/6329625w.jpg\" \/>\n\t\t<meta property=\"og:image:width\" content=\"800\" \/>\n\t\t<meta property=\"og:image:height\" content=\"574\" \/>\n\t\t<meta property=\"article:published_time\" content=\"2014-06-03T18:05:48+00:00\" \/>\n\t\t<meta property=\"article:modified_time\" content=\"2014-06-03T18:05:48+00:00\" \/>\n\t\t<meta name=\"twitter:card\" content=\"summary_large_image\" \/>\n\t\t<meta name=\"twitter:title\" content=\"Alberto II de M\u00f3naco visita Holanda sin la princesa Charl\u00e8ne | El Digital de Asturias\" \/>\n\t\t<meta name=\"twitter:description\" content=\"Bruselas, 3 jun (EFE).- El pr\u00edncipe Alberto II de M\u00f3naco lleg\u00f3 hoy a Holanda en su primera visita oficial al pa\u00eds como jefe de Estado del Principado, pero no le acompa\u00f1\u00f3 la princesa Charl\u00e8ne, que est\u00e1 embarazada, inform\u00f3 hoy la Casa Real neerlandesa. &quot;La princesa Charl\u00e8ne no vendr\u00e1&quot;, se\u00f1al\u00f3 en un comunicado el servicio de\" \/>\n\t\t<meta name=\"twitter:image\" content=\"https:\/\/eldigitaldeasturias.com\/magazine365\/wp-content\/uploads\/2014\/06\/6329625w.jpg\" \/>\n\t\t<script type=\"application\/ld+json\" class=\"aioseo-schema\">\n\t\t\t{\"@context\":\"https:\\\/\\\/schema.org\",\"@graph\":[{\"@type\":\"Article\",\"@id\":\"https:\\\/\\\/eldigitaldeasturias.com\\\/magazine365\\\/alberto-ii-de-monaco-visita-holanda-sin-la-princesa-charlene\\\/#article\",\"name\":\"Alberto II de M\\u00f3naco visita Holanda sin la princesa Charl\\u00e8ne | El Digital de Asturias\",\"headline\":\"Alberto II de M\\u00f3naco visita Holanda sin la princesa Charl\\u00e8ne\",\"author\":{\"@id\":\"https:\\\/\\\/eldigitaldeasturias.com\\\/magazine365\\\/author\\\/admin\\\/#author\"},\"publisher\":{\"@id\":\"https:\\\/\\\/eldigitaldeasturias.com\\\/magazine365\\\/#organization\"},\"image\":{\"@type\":\"ImageObject\",\"url\":\"https:\\\/\\\/eldigitaldeasturias.com\\\/magazine365\\\/wp-content\\\/uploads\\\/2014\\\/06\\\/6329625w.jpg\",\"width\":800,\"height\":574},\"datePublished\":\"2014-06-03T16:05:48+02:00\",\"dateModified\":\"2014-06-03T16:05:48+02:00\",\"inLanguage\":\"es-ES\",\"mainEntityOfPage\":{\"@id\":\"https:\\\/\\\/eldigitaldeasturias.com\\\/magazine365\\\/alberto-ii-de-monaco-visita-holanda-sin-la-princesa-charlene\\\/#webpage\"},\"isPartOf\":{\"@id\":\"https:\\\/\\\/eldigitaldeasturias.com\\\/magazine365\\\/alberto-ii-de-monaco-visita-holanda-sin-la-princesa-charlene\\\/#webpage\"},\"articleSection\":\"Noticias y Actualidad\"},{\"@type\":\"BreadcrumbList\",\"@id\":\"https:\\\/\\\/eldigitaldeasturias.com\\\/magazine365\\\/alberto-ii-de-monaco-visita-holanda-sin-la-princesa-charlene\\\/#breadcrumblist\",\"itemListElement\":[{\"@type\":\"ListItem\",\"@id\":\"https:\\\/\\\/eldigitaldeasturias.com\\\/magazine365#listItem\",\"position\":1,\"name\":\"Home\",\"item\":\"https:\\\/\\\/eldigitaldeasturias.com\\\/magazine365\",\"nextItem\":{\"@type\":\"ListItem\",\"@id\":\"https:\\\/\\\/eldigitaldeasturias.com\\\/magazine365\\\/category\\\/noticias-actualidad\\\/#listItem\",\"name\":\"Noticias y Actualidad\"}},{\"@type\":\"ListItem\",\"@id\":\"https:\\\/\\\/eldigitaldeasturias.com\\\/magazine365\\\/category\\\/noticias-actualidad\\\/#listItem\",\"position\":2,\"name\":\"Noticias y Actualidad\",\"item\":\"https:\\\/\\\/eldigitaldeasturias.com\\\/magazine365\\\/category\\\/noticias-actualidad\\\/\",\"nextItem\":{\"@type\":\"ListItem\",\"@id\":\"https:\\\/\\\/eldigitaldeasturias.com\\\/magazine365\\\/alberto-ii-de-monaco-visita-holanda-sin-la-princesa-charlene\\\/#listItem\",\"name\":\"Alberto II de M\\u00f3naco visita Holanda sin la princesa Charl\\u00e8ne\"},\"previousItem\":{\"@type\":\"ListItem\",\"@id\":\"https:\\\/\\\/eldigitaldeasturias.com\\\/magazine365#listItem\",\"name\":\"Home\"}},{\"@type\":\"ListItem\",\"@id\":\"https:\\\/\\\/eldigitaldeasturias.com\\\/magazine365\\\/alberto-ii-de-monaco-visita-holanda-sin-la-princesa-charlene\\\/#listItem\",\"position\":3,\"name\":\"Alberto II de M\\u00f3naco visita Holanda sin la princesa Charl\\u00e8ne\",\"previousItem\":{\"@type\":\"ListItem\",\"@id\":\"https:\\\/\\\/eldigitaldeasturias.com\\\/magazine365\\\/category\\\/noticias-actualidad\\\/#listItem\",\"name\":\"Noticias y Actualidad\"}}]},{\"@type\":\"Organization\",\"@id\":\"https:\\\/\\\/eldigitaldeasturias.com\\\/magazine365\\\/#organization\",\"name\":\"El digital de Asturias\",\"description\":\"Revista de ocio, turismo y estilo de vida\",\"url\":\"https:\\\/\\\/eldigitaldeasturias.com\\\/magazine365\\\/\",\"logo\":{\"@type\":\"ImageObject\",\"url\":\"https:\\\/\\\/www.eldigitaldeasturias.com\\\/noticias\\\/wp-content\\\/uploads\\\/2020\\\/12\\\/EDA.jpg\",\"@id\":\"https:\\\/\\\/eldigitaldeasturias.com\\\/magazine365\\\/alberto-ii-de-monaco-visita-holanda-sin-la-princesa-charlene\\\/#organizationLogo\"},\"image\":{\"@id\":\"https:\\\/\\\/eldigitaldeasturias.com\\\/magazine365\\\/alberto-ii-de-monaco-visita-holanda-sin-la-princesa-charlene\\\/#organizationLogo\"}},{\"@type\":\"Person\",\"@id\":\"https:\\\/\\\/eldigitaldeasturias.com\\\/magazine365\\\/author\\\/admin\\\/#author\",\"url\":\"https:\\\/\\\/eldigitaldeasturias.com\\\/magazine365\\\/author\\\/admin\\\/\",\"name\":\"admin\",\"image\":{\"@type\":\"ImageObject\",\"@id\":\"https:\\\/\\\/eldigitaldeasturias.com\\\/magazine365\\\/alberto-ii-de-monaco-visita-holanda-sin-la-princesa-charlene\\\/#authorImage\",\"url\":\"https:\\\/\\\/eldigitaldeasturias.com\\\/magazine365\\\/wp-content\\\/litespeed\\\/avatar\\\/e571bcf59a0edd6fa6838245a470f2fe.jpg?ver=1777574230\",\"width\":96,\"height\":96,\"caption\":\"admin\"}},{\"@type\":\"WebPage\",\"@id\":\"https:\\\/\\\/eldigitaldeasturias.com\\\/magazine365\\\/alberto-ii-de-monaco-visita-holanda-sin-la-princesa-charlene\\\/#webpage\",\"url\":\"https:\\\/\\\/eldigitaldeasturias.com\\\/magazine365\\\/alberto-ii-de-monaco-visita-holanda-sin-la-princesa-charlene\\\/\",\"name\":\"Alberto II de M\\u00f3naco visita Holanda sin la princesa Charl\\u00e8ne | El Digital de Asturias\",\"description\":\"Bruselas, 3 jun (EFE).- El pr\\u00edncipe Alberto II de M\\u00f3naco lleg\\u00f3 hoy a Holanda en su primera visita oficial al pa\\u00eds como jefe de Estado del Principado, pero no le acompa\\u00f1\\u00f3 la princesa Charl\\u00e8ne, que est\\u00e1 embarazada, inform\\u00f3 hoy la Casa Real neerlandesa. \\\"La princesa Charl\\u00e8ne no vendr\\u00e1\\\", se\\u00f1al\\u00f3 en un comunicado el servicio de\",\"inLanguage\":\"es-ES\",\"isPartOf\":{\"@id\":\"https:\\\/\\\/eldigitaldeasturias.com\\\/magazine365\\\/#website\"},\"breadcrumb\":{\"@id\":\"https:\\\/\\\/eldigitaldeasturias.com\\\/magazine365\\\/alberto-ii-de-monaco-visita-holanda-sin-la-princesa-charlene\\\/#breadcrumblist\"},\"author\":{\"@id\":\"https:\\\/\\\/eldigitaldeasturias.com\\\/magazine365\\\/author\\\/admin\\\/#author\"},\"creator\":{\"@id\":\"https:\\\/\\\/eldigitaldeasturias.com\\\/magazine365\\\/author\\\/admin\\\/#author\"},\"image\":{\"@type\":\"ImageObject\",\"url\":\"https:\\\/\\\/eldigitaldeasturias.com\\\/magazine365\\\/wp-content\\\/uploads\\\/2014\\\/06\\\/6329625w.jpg\",\"@id\":\"https:\\\/\\\/eldigitaldeasturias.com\\\/magazine365\\\/alberto-ii-de-monaco-visita-holanda-sin-la-princesa-charlene\\\/#mainImage\",\"width\":800,\"height\":574},\"primaryImageOfPage\":{\"@id\":\"https:\\\/\\\/eldigitaldeasturias.com\\\/magazine365\\\/alberto-ii-de-monaco-visita-holanda-sin-la-princesa-charlene\\\/#mainImage\"},\"datePublished\":\"2014-06-03T16:05:48+02:00\",\"dateModified\":\"2014-06-03T16:05:48+02:00\"},{\"@type\":\"WebSite\",\"@id\":\"https:\\\/\\\/eldigitaldeasturias.com\\\/magazine365\\\/#website\",\"url\":\"https:\\\/\\\/eldigitaldeasturias.com\\\/magazine365\\\/\",\"name\":\"El Digital de Asturias\",\"description\":\"Revista de ocio, turismo y estilo de vida\",\"inLanguage\":\"es-ES\",\"publisher\":{\"@id\":\"https:\\\/\\\/eldigitaldeasturias.com\\\/magazine365\\\/#organization\"}}]}\n\t\t<\/script>\n\t\t<!-- All in One SEO Pro -->\r\n\t\t<title>Alberto II de M\u00f3naco visita Holanda sin la princesa Charl\u00e8ne | El Digital de Asturias<\/title>\n\n","aioseo_head_json":{"title":"Alberto II de M\u00f3naco visita Holanda sin la princesa Charl\u00e8ne | El Digital de Asturias","description":"Bruselas, 3 jun (EFE).- El pr\u00edncipe Alberto II de M\u00f3naco lleg\u00f3 hoy a Holanda en su primera visita oficial al pa\u00eds como jefe de Estado del Principado, pero no le acompa\u00f1\u00f3 la princesa Charl\u00e8ne, que est\u00e1 embarazada, inform\u00f3 hoy la Casa Real neerlandesa. \"La princesa Charl\u00e8ne no vendr\u00e1\", se\u00f1al\u00f3 en un comunicado el servicio de","canonical_url":"https:\/\/eldigitaldeasturias.com\/magazine365\/alberto-ii-de-monaco-visita-holanda-sin-la-princesa-charlene\/","robots":"max-image-preview:large","keywords":"noticias y actualidad","webmasterTools":{"google-site-verification":"UA-38556648-1","miscellaneous":""},"schema":{"@context":"https:\/\/schema.org","@graph":[{"@type":"Article","@id":"https:\/\/eldigitaldeasturias.com\/magazine365\/alberto-ii-de-monaco-visita-holanda-sin-la-princesa-charlene\/#article","name":"Alberto II de M\u00f3naco visita Holanda sin la princesa Charl\u00e8ne | El Digital de Asturias","headline":"Alberto II de M\u00f3naco visita Holanda sin la princesa Charl\u00e8ne","author":{"@id":"https:\/\/eldigitaldeasturias.com\/magazine365\/author\/admin\/#author"},"publisher":{"@id":"https:\/\/eldigitaldeasturias.com\/magazine365\/#organization"},"image":{"@type":"ImageObject","url":"https:\/\/eldigitaldeasturias.com\/magazine365\/wp-content\/uploads\/2014\/06\/6329625w.jpg","width":800,"height":574},"datePublished":"2014-06-03T16:05:48+02:00","dateModified":"2014-06-03T16:05:48+02:00","inLanguage":"es-ES","mainEntityOfPage":{"@id":"https:\/\/eldigitaldeasturias.com\/magazine365\/alberto-ii-de-monaco-visita-holanda-sin-la-princesa-charlene\/#webpage"},"isPartOf":{"@id":"https:\/\/eldigitaldeasturias.com\/magazine365\/alberto-ii-de-monaco-visita-holanda-sin-la-princesa-charlene\/#webpage"},"articleSection":"Noticias y Actualidad"},{"@type":"BreadcrumbList","@id":"https:\/\/eldigitaldeasturias.com\/magazine365\/alberto-ii-de-monaco-visita-holanda-sin-la-princesa-charlene\/#breadcrumblist","itemListElement":[{"@type":"ListItem","@id":"https:\/\/eldigitaldeasturias.com\/magazine365#listItem","position":1,"name":"Home","item":"https:\/\/eldigitaldeasturias.com\/magazine365","nextItem":{"@type":"ListItem","@id":"https:\/\/eldigitaldeasturias.com\/magazine365\/category\/noticias-actualidad\/#listItem","name":"Noticias y Actualidad"}},{"@type":"ListItem","@id":"https:\/\/eldigitaldeasturias.com\/magazine365\/category\/noticias-actualidad\/#listItem","position":2,"name":"Noticias y Actualidad","item":"https:\/\/eldigitaldeasturias.com\/magazine365\/category\/noticias-actualidad\/","nextItem":{"@type":"ListItem","@id":"https:\/\/eldigitaldeasturias.com\/magazine365\/alberto-ii-de-monaco-visita-holanda-sin-la-princesa-charlene\/#listItem","name":"Alberto II de M\u00f3naco visita Holanda sin la princesa Charl\u00e8ne"},"previousItem":{"@type":"ListItem","@id":"https:\/\/eldigitaldeasturias.com\/magazine365#listItem","name":"Home"}},{"@type":"ListItem","@id":"https:\/\/eldigitaldeasturias.com\/magazine365\/alberto-ii-de-monaco-visita-holanda-sin-la-princesa-charlene\/#listItem","position":3,"name":"Alberto II de M\u00f3naco visita Holanda sin la princesa Charl\u00e8ne","previousItem":{"@type":"ListItem","@id":"https:\/\/eldigitaldeasturias.com\/magazine365\/category\/noticias-actualidad\/#listItem","name":"Noticias y Actualidad"}}]},{"@type":"Organization","@id":"https:\/\/eldigitaldeasturias.com\/magazine365\/#organization","name":"El digital de Asturias","description":"Revista de ocio, turismo y estilo de vida","url":"https:\/\/eldigitaldeasturias.com\/magazine365\/","logo":{"@type":"ImageObject","url":"https:\/\/www.eldigitaldeasturias.com\/noticias\/wp-content\/uploads\/2020\/12\/EDA.jpg","@id":"https:\/\/eldigitaldeasturias.com\/magazine365\/alberto-ii-de-monaco-visita-holanda-sin-la-princesa-charlene\/#organizationLogo"},"image":{"@id":"https:\/\/eldigitaldeasturias.com\/magazine365\/alberto-ii-de-monaco-visita-holanda-sin-la-princesa-charlene\/#organizationLogo"}},{"@type":"Person","@id":"https:\/\/eldigitaldeasturias.com\/magazine365\/author\/admin\/#author","url":"https:\/\/eldigitaldeasturias.com\/magazine365\/author\/admin\/","name":"admin","image":{"@type":"ImageObject","@id":"https:\/\/eldigitaldeasturias.com\/magazine365\/alberto-ii-de-monaco-visita-holanda-sin-la-princesa-charlene\/#authorImage","url":"https:\/\/eldigitaldeasturias.com\/magazine365\/wp-content\/litespeed\/avatar\/e571bcf59a0edd6fa6838245a470f2fe.jpg?ver=1777574230","width":96,"height":96,"caption":"admin"}},{"@type":"WebPage","@id":"https:\/\/eldigitaldeasturias.com\/magazine365\/alberto-ii-de-monaco-visita-holanda-sin-la-princesa-charlene\/#webpage","url":"https:\/\/eldigitaldeasturias.com\/magazine365\/alberto-ii-de-monaco-visita-holanda-sin-la-princesa-charlene\/","name":"Alberto II de M\u00f3naco visita Holanda sin la princesa Charl\u00e8ne | El Digital de Asturias","description":"Bruselas, 3 jun (EFE).- El pr\u00edncipe Alberto II de M\u00f3naco lleg\u00f3 hoy a Holanda en su primera visita oficial al pa\u00eds como jefe de Estado del Principado, pero no le acompa\u00f1\u00f3 la princesa Charl\u00e8ne, que est\u00e1 embarazada, inform\u00f3 hoy la Casa Real neerlandesa. \"La princesa Charl\u00e8ne no vendr\u00e1\", se\u00f1al\u00f3 en un comunicado el servicio de","inLanguage":"es-ES","isPartOf":{"@id":"https:\/\/eldigitaldeasturias.com\/magazine365\/#website"},"breadcrumb":{"@id":"https:\/\/eldigitaldeasturias.com\/magazine365\/alberto-ii-de-monaco-visita-holanda-sin-la-princesa-charlene\/#breadcrumblist"},"author":{"@id":"https:\/\/eldigitaldeasturias.com\/magazine365\/author\/admin\/#author"},"creator":{"@id":"https:\/\/eldigitaldeasturias.com\/magazine365\/author\/admin\/#author"},"image":{"@type":"ImageObject","url":"https:\/\/eldigitaldeasturias.com\/magazine365\/wp-content\/uploads\/2014\/06\/6329625w.jpg","@id":"https:\/\/eldigitaldeasturias.com\/magazine365\/alberto-ii-de-monaco-visita-holanda-sin-la-princesa-charlene\/#mainImage","width":800,"height":574},"primaryImageOfPage":{"@id":"https:\/\/eldigitaldeasturias.com\/magazine365\/alberto-ii-de-monaco-visita-holanda-sin-la-princesa-charlene\/#mainImage"},"datePublished":"2014-06-03T16:05:48+02:00","dateModified":"2014-06-03T16:05:48+02:00"},{"@type":"WebSite","@id":"https:\/\/eldigitaldeasturias.com\/magazine365\/#website","url":"https:\/\/eldigitaldeasturias.com\/magazine365\/","name":"El Digital de Asturias","description":"Revista de ocio, turismo y estilo de vida","inLanguage":"es-ES","publisher":{"@id":"https:\/\/eldigitaldeasturias.com\/magazine365\/#organization"}}]},"og:locale":"es_ES","og:site_name":"El Digital de Asturias \u2013 Revista de ocio, turismo y estilo de vida","og:type":"article","og:title":"Alberto II de M\u00f3naco visita Holanda sin la princesa Charl\u00e8ne | El Digital de Asturias","og:description":"Bruselas, 3 jun (EFE).- El pr\u00edncipe Alberto II de M\u00f3naco lleg\u00f3 hoy a Holanda en su primera visita oficial al pa\u00eds como jefe de Estado del Principado, pero no le acompa\u00f1\u00f3 la princesa Charl\u00e8ne, que est\u00e1 embarazada, inform\u00f3 hoy la Casa Real neerlandesa. &quot;La princesa Charl\u00e8ne no vendr\u00e1&quot;, se\u00f1al\u00f3 en un comunicado el servicio de","og:url":"https:\/\/eldigitaldeasturias.com\/magazine365\/alberto-ii-de-monaco-visita-holanda-sin-la-princesa-charlene\/","og:image":"https:\/\/eldigitaldeasturias.com\/magazine365\/wp-content\/uploads\/2014\/06\/6329625w.jpg","og:image:secure_url":"https:\/\/eldigitaldeasturias.com\/magazine365\/wp-content\/uploads\/2014\/06\/6329625w.jpg","og:image:width":800,"og:image:height":574,"article:published_time":"2014-06-03T18:05:48+00:00","article:modified_time":"2014-06-03T18:05:48+00:00","twitter:card":"summary_large_image","twitter:title":"Alberto II de M\u00f3naco visita Holanda sin la princesa Charl\u00e8ne | El Digital de Asturias","twitter:description":"Bruselas, 3 jun (EFE).- El pr\u00edncipe Alberto II de M\u00f3naco lleg\u00f3 hoy a Holanda en su primera visita oficial al pa\u00eds como jefe de Estado del Principado, pero no le acompa\u00f1\u00f3 la princesa Charl\u00e8ne, que est\u00e1 embarazada, inform\u00f3 hoy la Casa Real neerlandesa. &quot;La princesa Charl\u00e8ne no vendr\u00e1&quot;, se\u00f1al\u00f3 en un comunicado el servicio de","twitter:image":"https:\/\/eldigitaldeasturias.com\/magazine365\/wp-content\/uploads\/2014\/06\/6329625w.jpg"},"aioseo_meta_data":{"post_id":"14946","title":null,"description":null,"keywords":null,"keyphrases":null,"primary_term":null,"canonical_url":null,"og_title":null,"og_description":null,"og_object_type":"default","og_image_type":"default","og_image_url":null,"og_image_width":null,"og_image_height":null,"og_image_custom_url":null,"og_image_custom_fields":null,"og_video":null,"og_custom_url":null,"og_article_section":null,"og_article_tags":null,"twitter_use_og":false,"twitter_card":"default","twitter_image_type":"default","twitter_image_url":null,"twitter_image_custom_url":null,"twitter_image_custom_fields":null,"twitter_title":null,"twitter_description":null,"schema":{"blockGraphs":[],"customGraphs":[],"default":{"data":{"Article":[],"Course":[],"Dataset":[],"FAQPage":[],"Movie":[],"Person":[],"Product":[],"ProductReview":[],"Car":[],"Recipe":[],"Service":[],"SoftwareApplication":[],"WebPage":[]},"graphName":"","isEnabled":true},"graphs":[],"defaultGraph":"","defaultPostTypeGraph":""},"schema_type":null,"schema_type_options":null,"pillar_content":false,"robots_default":true,"robots_noindex":false,"robots_noarchive":false,"robots_nosnippet":false,"robots_nofollow":false,"robots_noimageindex":false,"robots_noodp":false,"robots_notranslate":false,"robots_max_snippet":null,"robots_max_videopreview":null,"robots_max_imagepreview":"large","priority":null,"frequency":null,"location":null,"local_seo":null,"seo_analyzer_scan_date":"2025-09-17 11:08:06","breadcrumb_settings":null,"limit_modified_date":false,"open_ai":null,"ai":null,"created":"2021-03-09 08:07:53","updated":"2025-09-17 11:08:06"},"aioseo_breadcrumb":"<div class=\"aioseo-breadcrumbs\"><span class=\"aioseo-breadcrumb\">\n\t<a href=\"https:\/\/eldigitaldeasturias.com\/magazine365\" title=\"Home\">Home<\/a>\n<\/span><span class=\"aioseo-breadcrumb-separator\">\u2013<\/span><span class=\"aioseo-breadcrumb\">\n\t<a href=\"https:\/\/eldigitaldeasturias.com\/magazine365\/category\/noticias-actualidad\/\" title=\"Noticias y Actualidad\">Noticias y Actualidad<\/a>\n<\/span><span class=\"aioseo-breadcrumb-separator\">\u2013<\/span><span class=\"aioseo-breadcrumb\">\n\t<a href=\"https:\/\/eldigitaldeasturias.com\/magazine365\/alberto-ii-de-monaco-visita-holanda-sin-la-princesa-charlene\/\" title=\"Alberto II de M\u00f3naco visita Holanda sin la princesa Charl\u00e8ne\">Alberto II de M\u00f3naco visita Holanda sin la princesa Charl\u00e8ne<\/a>\n<\/span><\/div>","aioseo_breadcrumb_json":[{"label":"Home","link":"https:\/\/eldigitaldeasturias.com\/magazine365"},{"label":"Noticias y Actualidad","link":"https:\/\/eldigitaldeasturias.com\/magazine365\/category\/noticias-actualidad\/"},{"label":"Alberto II de M\u00f3naco visita Holanda sin la princesa Charl\u00e8ne","link":"https:\/\/eldigitaldeasturias.com\/magazine365\/alberto-ii-de-monaco-visita-holanda-sin-la-princesa-charlene\/"}],"_links":{"self":[{"href":"https:\/\/eldigitaldeasturias.com\/magazine365\/wp-json\/wp\/v2\/posts\/14946","targetHints":{"allow":["GET"]}}],"collection":[{"href":"https:\/\/eldigitaldeasturias.com\/magazine365\/wp-json\/wp\/v2\/posts"}],"about":[{"href":"https:\/\/eldigitaldeasturias.com\/magazine365\/wp-json\/wp\/v2\/types\/post"}],"author":[{"embeddable":true,"href":"https:\/\/eldigitaldeasturias.com\/magazine365\/wp-json\/wp\/v2\/users\/1"}],"replies":[{"embeddable":true,"href":"https:\/\/eldigitaldeasturias.com\/magazine365\/wp-json\/wp\/v2\/comments?post=14946"}],"version-history":[{"count":0,"href":"https:\/\/eldigitaldeasturias.com\/magazine365\/wp-json\/wp\/v2\/posts\/14946\/revisions"}],"wp:featuredmedia":[{"embeddable":true,"href":"https:\/\/eldigitaldeasturias.com\/magazine365\/wp-json\/wp\/v2\/media\/14947"}],"wp:attachment":[{"href":"https:\/\/eldigitaldeasturias.com\/magazine365\/wp-json\/wp\/v2\/media?parent=14946"}],"wp:term":[{"taxonomy":"category","embeddable":true,"href":"https:\/\/eldigitaldeasturias.com\/magazine365\/wp-json\/wp\/v2\/categories?post=14946"},{"taxonomy":"post_tag","embeddable":true,"href":"https:\/\/eldigitaldeasturias.com\/magazine365\/wp-json\/wp\/v2\/tags?post=14946"}],"curies":[{"name":"wp","href":"https:\/\/api.w.org\/{rel}","templated":true}]}}