{"id":14943,"date":"2014-06-03T16:04:40","date_gmt":"2014-06-03T18:04:40","guid":{"rendered":"http:\/\/eldigitaldeasturias.com\/magazine365\/?p=14943"},"modified":"2014-06-03T16:04:40","modified_gmt":"2014-06-03T18:04:40","slug":"eva-sannum-dice-que-el-principe-es-el-hombre-adecuado-para-suceder-al-rey","status":"publish","type":"post","link":"https:\/\/eldigitaldeasturias.com\/magazine365\/eva-sannum-dice-que-el-principe-es-el-hombre-adecuado-para-suceder-al-rey\/","title":{"rendered":"Eva Sannum dice que el pr\u00edncipe es el hombre \u00abadecuado\u00bb para suceder al Rey"},"content":{"rendered":"<p><img fetchpriority=\"high\" decoding=\"async\" class=\"alignleft size-medium wp-image-14944\" alt=\"6329611w\" src=\"https:\/\/eldigitaldeasturias.com\/magazine365\/wp-content\/uploads\/2014\/06\/6329611w-279x300.jpg\" width=\"279\" height=\"300\" srcset=\"https:\/\/eldigitaldeasturias.com\/magazine365\/wp-content\/uploads\/2014\/06\/6329611w-279x300.jpg 279w, https:\/\/eldigitaldeasturias.com\/magazine365\/wp-content\/uploads\/2014\/06\/6329611w-596x640.jpg 596w, https:\/\/eldigitaldeasturias.com\/magazine365\/wp-content\/uploads\/2014\/06\/6329611w-150x161.jpg 150w, https:\/\/eldigitaldeasturias.com\/magazine365\/wp-content\/uploads\/2014\/06\/6329611w-450x483.jpg 450w, https:\/\/eldigitaldeasturias.com\/magazine365\/wp-content\/uploads\/2014\/06\/6329611w-696x748.jpg 696w, https:\/\/eldigitaldeasturias.com\/magazine365\/wp-content\/uploads\/2014\/06\/6329611w-391x420.jpg 391w, https:\/\/eldigitaldeasturias.com\/magazine365\/wp-content\/uploads\/2014\/06\/6329611w.jpg 700w\" sizes=\"(max-width: 279px) 100vw, 279px\" \/>Copenhague, 3 jun (EFE).- La noruega Eva Sannum, que mantuvo una relaci\u00f3n sentimental con el pr\u00edncipe Felipe, cree acertada la decisi\u00f3n del rey Juan Carlos I de abdicar en su hijo, una persona que considera la m\u00e1s \u00abadecuada\u00bb para subir al trono.<\/p>\n<p>\u00ab\u00a1Claro que felicito al monarca entrante! Es una decisi\u00f3n inteligente. Felipe es el hombre adecuado para el trabajo y para la situaci\u00f3n en la que ahora est\u00e1 Espa\u00f1a\u00bb, dijo en un mensaje de texto enviado al peri\u00f3dico noruego \u00abDagbladet\u00bb.<\/p>\n<p>Sannum destac\u00f3 no obstante que Juan Carlos I hab\u00eda hecho un buen trabajo durante sus casi cuatro d\u00e9cadas como rey.<\/p>\n<p>\u00abEs importante honrar al rey Juan Carlos por la importante tarea que ha desempe\u00f1ado en la democratizaci\u00f3n de Espa\u00f1a, justo desde que asumi\u00f3 despu\u00e9s (de la muerte) del general Franco en 1975\u00bb, se\u00f1al\u00f3.<\/p>\n<p>Sannum mantuvo una relaci\u00f3n de cuatro a\u00f1os con el pr\u00edncipe Felipe, hasta que el propio heredero comunic\u00f3 en diciembre de 2001 que hab\u00edan decidido romperla de mutuo acuerdo.<\/p>\n<p>De 39 a\u00f1os, casada y con dos hijos, la ex modelo Sannum trabaja para una agencia de publicidad y forma parte de la Comisi\u00f3n Profesional de la Prensa (PFU), un organismo de la Asociaci\u00f3n de la Prensa Noruega.<\/p>\n","protected":false},"excerpt":{"rendered":"<p>Copenhague, 3 jun (EFE).- La noruega Eva Sannum, que mantuvo una relaci\u00f3n sentimental con el pr\u00edncipe Felipe, cree acertada la decisi\u00f3n del rey Juan Carlos I de abdicar en su hijo, una persona que considera la m\u00e1s \u00abadecuada\u00bb para subir al trono. \u00ab\u00a1Claro que felicito al monarca entrante! Es una decisi\u00f3n inteligente. Felipe es el<\/p>\n","protected":false},"author":1,"featured_media":14944,"comment_status":"open","ping_status":"closed","sticky":false,"template":"","format":"standard","meta":{"footnotes":""},"categories":[224],"tags":[],"class_list":{"0":"post-14943","1":"post","2":"type-post","3":"status-publish","4":"format-standard","5":"has-post-thumbnail","7":"category-noticias-actualidad"},"aioseo_notices":[],"aioseo_head":"\n\t\t<!-- All in One SEO Pro 4.9.6.1 - aioseo.com -->\n\t<meta name=\"description\" content=\"Copenhague, 3 jun (EFE).- La noruega Eva Sannum, que mantuvo una relaci\u00f3n sentimental con el pr\u00edncipe Felipe, cree acertada la decisi\u00f3n del rey Juan Carlos I de abdicar en su hijo, una persona que considera la m\u00e1s &quot;adecuada&quot; para subir al trono. &quot;\u00a1Claro que felicito al monarca entrante! Es una decisi\u00f3n inteligente. Felipe es el\" \/>\n\t<meta name=\"robots\" content=\"max-image-preview:large\" \/>\n\t<meta name=\"author\" content=\"admin\"\/>\n\t<meta name=\"google-site-verification\" content=\"UA-38556648-1\" \/>\n\t<meta name=\"keywords\" content=\"noticias y actualidad\" \/>\n\t<link rel=\"canonical\" href=\"https:\/\/eldigitaldeasturias.com\/magazine365\/eva-sannum-dice-que-el-principe-es-el-hombre-adecuado-para-suceder-al-rey\/\" \/>\n\t<meta name=\"generator\" content=\"All in One SEO Pro (AIOSEO) 4.9.6.1\" \/>\n\t\t<meta property=\"og:locale\" content=\"es_ES\" \/>\n\t\t<meta property=\"og:site_name\" content=\"El Digital de Asturias \u2013 Revista de ocio, turismo y estilo de vida\" \/>\n\t\t<meta property=\"og:type\" content=\"article\" \/>\n\t\t<meta property=\"og:title\" content=\"Eva Sannum dice que el pr\u00edncipe es el hombre \u00abadecuado\u00bb para suceder al Rey | El Digital de Asturias\" \/>\n\t\t<meta property=\"og:description\" content=\"Copenhague, 3 jun (EFE).- La noruega Eva Sannum, que mantuvo una relaci\u00f3n sentimental con el pr\u00edncipe Felipe, cree acertada la decisi\u00f3n del rey Juan Carlos I de abdicar en su hijo, una persona que considera la m\u00e1s &quot;adecuada&quot; para subir al trono. &quot;\u00a1Claro que felicito al monarca entrante! Es una decisi\u00f3n inteligente. Felipe es el\" \/>\n\t\t<meta property=\"og:url\" content=\"https:\/\/eldigitaldeasturias.com\/magazine365\/eva-sannum-dice-que-el-principe-es-el-hombre-adecuado-para-suceder-al-rey\/\" \/>\n\t\t<meta property=\"og:image\" content=\"https:\/\/eldigitaldeasturias.com\/magazine365\/wp-content\/uploads\/2014\/06\/6329611w.jpg\" \/>\n\t\t<meta property=\"og:image:secure_url\" content=\"https:\/\/eldigitaldeasturias.com\/magazine365\/wp-content\/uploads\/2014\/06\/6329611w.jpg\" \/>\n\t\t<meta property=\"og:image:width\" content=\"700\" \/>\n\t\t<meta property=\"og:image:height\" content=\"752\" \/>\n\t\t<meta property=\"article:published_time\" content=\"2014-06-03T18:04:40+00:00\" \/>\n\t\t<meta property=\"article:modified_time\" content=\"2014-06-03T18:04:40+00:00\" \/>\n\t\t<meta name=\"twitter:card\" content=\"summary_large_image\" \/>\n\t\t<meta name=\"twitter:title\" content=\"Eva Sannum dice que el pr\u00edncipe es el hombre \u00abadecuado\u00bb para suceder al Rey | El Digital de Asturias\" \/>\n\t\t<meta name=\"twitter:description\" content=\"Copenhague, 3 jun (EFE).- La noruega Eva Sannum, que mantuvo una relaci\u00f3n sentimental con el pr\u00edncipe Felipe, cree acertada la decisi\u00f3n del rey Juan Carlos I de abdicar en su hijo, una persona que considera la m\u00e1s &quot;adecuada&quot; para subir al trono. &quot;\u00a1Claro que felicito al monarca entrante! Es una decisi\u00f3n inteligente. Felipe es el\" \/>\n\t\t<meta name=\"twitter:image\" content=\"https:\/\/eldigitaldeasturias.com\/magazine365\/wp-content\/uploads\/2014\/06\/6329611w.jpg\" \/>\n\t\t<script type=\"application\/ld+json\" class=\"aioseo-schema\">\n\t\t\t{\"@context\":\"https:\\\/\\\/schema.org\",\"@graph\":[{\"@type\":\"Article\",\"@id\":\"https:\\\/\\\/eldigitaldeasturias.com\\\/magazine365\\\/eva-sannum-dice-que-el-principe-es-el-hombre-adecuado-para-suceder-al-rey\\\/#article\",\"name\":\"Eva Sannum dice que el pr\\u00edncipe es el hombre \\u00abadecuado\\u00bb para suceder al Rey | El Digital de Asturias\",\"headline\":\"Eva Sannum dice que el pr\\u00edncipe es el hombre \\u00abadecuado\\u00bb para suceder al Rey\",\"author\":{\"@id\":\"https:\\\/\\\/eldigitaldeasturias.com\\\/magazine365\\\/author\\\/admin\\\/#author\"},\"publisher\":{\"@id\":\"https:\\\/\\\/eldigitaldeasturias.com\\\/magazine365\\\/#organization\"},\"image\":{\"@type\":\"ImageObject\",\"url\":\"https:\\\/\\\/eldigitaldeasturias.com\\\/magazine365\\\/wp-content\\\/uploads\\\/2014\\\/06\\\/6329611w.jpg\",\"width\":700,\"height\":752},\"datePublished\":\"2014-06-03T16:04:40+02:00\",\"dateModified\":\"2014-06-03T16:04:40+02:00\",\"inLanguage\":\"es-ES\",\"mainEntityOfPage\":{\"@id\":\"https:\\\/\\\/eldigitaldeasturias.com\\\/magazine365\\\/eva-sannum-dice-que-el-principe-es-el-hombre-adecuado-para-suceder-al-rey\\\/#webpage\"},\"isPartOf\":{\"@id\":\"https:\\\/\\\/eldigitaldeasturias.com\\\/magazine365\\\/eva-sannum-dice-que-el-principe-es-el-hombre-adecuado-para-suceder-al-rey\\\/#webpage\"},\"articleSection\":\"Noticias y Actualidad\"},{\"@type\":\"BreadcrumbList\",\"@id\":\"https:\\\/\\\/eldigitaldeasturias.com\\\/magazine365\\\/eva-sannum-dice-que-el-principe-es-el-hombre-adecuado-para-suceder-al-rey\\\/#breadcrumblist\",\"itemListElement\":[{\"@type\":\"ListItem\",\"@id\":\"https:\\\/\\\/eldigitaldeasturias.com\\\/magazine365#listItem\",\"position\":1,\"name\":\"Home\",\"item\":\"https:\\\/\\\/eldigitaldeasturias.com\\\/magazine365\",\"nextItem\":{\"@type\":\"ListItem\",\"@id\":\"https:\\\/\\\/eldigitaldeasturias.com\\\/magazine365\\\/category\\\/noticias-actualidad\\\/#listItem\",\"name\":\"Noticias y Actualidad\"}},{\"@type\":\"ListItem\",\"@id\":\"https:\\\/\\\/eldigitaldeasturias.com\\\/magazine365\\\/category\\\/noticias-actualidad\\\/#listItem\",\"position\":2,\"name\":\"Noticias y Actualidad\",\"item\":\"https:\\\/\\\/eldigitaldeasturias.com\\\/magazine365\\\/category\\\/noticias-actualidad\\\/\",\"nextItem\":{\"@type\":\"ListItem\",\"@id\":\"https:\\\/\\\/eldigitaldeasturias.com\\\/magazine365\\\/eva-sannum-dice-que-el-principe-es-el-hombre-adecuado-para-suceder-al-rey\\\/#listItem\",\"name\":\"Eva Sannum dice que el pr\\u00edncipe es el hombre \\u00abadecuado\\u00bb para suceder al Rey\"},\"previousItem\":{\"@type\":\"ListItem\",\"@id\":\"https:\\\/\\\/eldigitaldeasturias.com\\\/magazine365#listItem\",\"name\":\"Home\"}},{\"@type\":\"ListItem\",\"@id\":\"https:\\\/\\\/eldigitaldeasturias.com\\\/magazine365\\\/eva-sannum-dice-que-el-principe-es-el-hombre-adecuado-para-suceder-al-rey\\\/#listItem\",\"position\":3,\"name\":\"Eva Sannum dice que el pr\\u00edncipe es el hombre \\u00abadecuado\\u00bb para suceder al Rey\",\"previousItem\":{\"@type\":\"ListItem\",\"@id\":\"https:\\\/\\\/eldigitaldeasturias.com\\\/magazine365\\\/category\\\/noticias-actualidad\\\/#listItem\",\"name\":\"Noticias y Actualidad\"}}]},{\"@type\":\"Organization\",\"@id\":\"https:\\\/\\\/eldigitaldeasturias.com\\\/magazine365\\\/#organization\",\"name\":\"El digital de Asturias\",\"description\":\"Revista de ocio, turismo y estilo de vida\",\"url\":\"https:\\\/\\\/eldigitaldeasturias.com\\\/magazine365\\\/\",\"logo\":{\"@type\":\"ImageObject\",\"url\":\"https:\\\/\\\/www.eldigitaldeasturias.com\\\/noticias\\\/wp-content\\\/uploads\\\/2020\\\/12\\\/EDA.jpg\",\"@id\":\"https:\\\/\\\/eldigitaldeasturias.com\\\/magazine365\\\/eva-sannum-dice-que-el-principe-es-el-hombre-adecuado-para-suceder-al-rey\\\/#organizationLogo\"},\"image\":{\"@id\":\"https:\\\/\\\/eldigitaldeasturias.com\\\/magazine365\\\/eva-sannum-dice-que-el-principe-es-el-hombre-adecuado-para-suceder-al-rey\\\/#organizationLogo\"}},{\"@type\":\"Person\",\"@id\":\"https:\\\/\\\/eldigitaldeasturias.com\\\/magazine365\\\/author\\\/admin\\\/#author\",\"url\":\"https:\\\/\\\/eldigitaldeasturias.com\\\/magazine365\\\/author\\\/admin\\\/\",\"name\":\"admin\",\"image\":{\"@type\":\"ImageObject\",\"@id\":\"https:\\\/\\\/eldigitaldeasturias.com\\\/magazine365\\\/eva-sannum-dice-que-el-principe-es-el-hombre-adecuado-para-suceder-al-rey\\\/#authorImage\",\"url\":\"https:\\\/\\\/eldigitaldeasturias.com\\\/magazine365\\\/wp-content\\\/litespeed\\\/avatar\\\/e571bcf59a0edd6fa6838245a470f2fe.jpg?ver=1777574230\",\"width\":96,\"height\":96,\"caption\":\"admin\"}},{\"@type\":\"WebPage\",\"@id\":\"https:\\\/\\\/eldigitaldeasturias.com\\\/magazine365\\\/eva-sannum-dice-que-el-principe-es-el-hombre-adecuado-para-suceder-al-rey\\\/#webpage\",\"url\":\"https:\\\/\\\/eldigitaldeasturias.com\\\/magazine365\\\/eva-sannum-dice-que-el-principe-es-el-hombre-adecuado-para-suceder-al-rey\\\/\",\"name\":\"Eva Sannum dice que el pr\\u00edncipe es el hombre \\u00abadecuado\\u00bb para suceder al Rey | El Digital de Asturias\",\"description\":\"Copenhague, 3 jun (EFE).- La noruega Eva Sannum, que mantuvo una relaci\\u00f3n sentimental con el pr\\u00edncipe Felipe, cree acertada la decisi\\u00f3n del rey Juan Carlos I de abdicar en su hijo, una persona que considera la m\\u00e1s \\\"adecuada\\\" para subir al trono. \\\"\\u00a1Claro que felicito al monarca entrante! Es una decisi\\u00f3n inteligente. Felipe es el\",\"inLanguage\":\"es-ES\",\"isPartOf\":{\"@id\":\"https:\\\/\\\/eldigitaldeasturias.com\\\/magazine365\\\/#website\"},\"breadcrumb\":{\"@id\":\"https:\\\/\\\/eldigitaldeasturias.com\\\/magazine365\\\/eva-sannum-dice-que-el-principe-es-el-hombre-adecuado-para-suceder-al-rey\\\/#breadcrumblist\"},\"author\":{\"@id\":\"https:\\\/\\\/eldigitaldeasturias.com\\\/magazine365\\\/author\\\/admin\\\/#author\"},\"creator\":{\"@id\":\"https:\\\/\\\/eldigitaldeasturias.com\\\/magazine365\\\/author\\\/admin\\\/#author\"},\"image\":{\"@type\":\"ImageObject\",\"url\":\"https:\\\/\\\/eldigitaldeasturias.com\\\/magazine365\\\/wp-content\\\/uploads\\\/2014\\\/06\\\/6329611w.jpg\",\"@id\":\"https:\\\/\\\/eldigitaldeasturias.com\\\/magazine365\\\/eva-sannum-dice-que-el-principe-es-el-hombre-adecuado-para-suceder-al-rey\\\/#mainImage\",\"width\":700,\"height\":752},\"primaryImageOfPage\":{\"@id\":\"https:\\\/\\\/eldigitaldeasturias.com\\\/magazine365\\\/eva-sannum-dice-que-el-principe-es-el-hombre-adecuado-para-suceder-al-rey\\\/#mainImage\"},\"datePublished\":\"2014-06-03T16:04:40+02:00\",\"dateModified\":\"2014-06-03T16:04:40+02:00\"},{\"@type\":\"WebSite\",\"@id\":\"https:\\\/\\\/eldigitaldeasturias.com\\\/magazine365\\\/#website\",\"url\":\"https:\\\/\\\/eldigitaldeasturias.com\\\/magazine365\\\/\",\"name\":\"El Digital de Asturias\",\"description\":\"Revista de ocio, turismo y estilo de vida\",\"inLanguage\":\"es-ES\",\"publisher\":{\"@id\":\"https:\\\/\\\/eldigitaldeasturias.com\\\/magazine365\\\/#organization\"}}]}\n\t\t<\/script>\n\t\t<!-- All in One SEO Pro -->\r\n\t\t<title>Eva Sannum dice que el pr\u00edncipe es el hombre \u00abadecuado\u00bb para suceder al Rey | El Digital de Asturias<\/title>\n\n","aioseo_head_json":{"title":"Eva Sannum dice que el pr\u00edncipe es el hombre \u00abadecuado\u00bb para suceder al Rey | El Digital de Asturias","description":"Copenhague, 3 jun (EFE).- La noruega Eva Sannum, que mantuvo una relaci\u00f3n sentimental con el pr\u00edncipe Felipe, cree acertada la decisi\u00f3n del rey Juan Carlos I de abdicar en su hijo, una persona que considera la m\u00e1s \"adecuada\" para subir al trono. \"\u00a1Claro que felicito al monarca entrante! Es una decisi\u00f3n inteligente. Felipe es el","canonical_url":"https:\/\/eldigitaldeasturias.com\/magazine365\/eva-sannum-dice-que-el-principe-es-el-hombre-adecuado-para-suceder-al-rey\/","robots":"max-image-preview:large","keywords":"noticias y actualidad","webmasterTools":{"google-site-verification":"UA-38556648-1","miscellaneous":""},"schema":{"@context":"https:\/\/schema.org","@graph":[{"@type":"Article","@id":"https:\/\/eldigitaldeasturias.com\/magazine365\/eva-sannum-dice-que-el-principe-es-el-hombre-adecuado-para-suceder-al-rey\/#article","name":"Eva Sannum dice que el pr\u00edncipe es el hombre \u00abadecuado\u00bb para suceder al Rey | El Digital de Asturias","headline":"Eva Sannum dice que el pr\u00edncipe es el hombre \u00abadecuado\u00bb para suceder al Rey","author":{"@id":"https:\/\/eldigitaldeasturias.com\/magazine365\/author\/admin\/#author"},"publisher":{"@id":"https:\/\/eldigitaldeasturias.com\/magazine365\/#organization"},"image":{"@type":"ImageObject","url":"https:\/\/eldigitaldeasturias.com\/magazine365\/wp-content\/uploads\/2014\/06\/6329611w.jpg","width":700,"height":752},"datePublished":"2014-06-03T16:04:40+02:00","dateModified":"2014-06-03T16:04:40+02:00","inLanguage":"es-ES","mainEntityOfPage":{"@id":"https:\/\/eldigitaldeasturias.com\/magazine365\/eva-sannum-dice-que-el-principe-es-el-hombre-adecuado-para-suceder-al-rey\/#webpage"},"isPartOf":{"@id":"https:\/\/eldigitaldeasturias.com\/magazine365\/eva-sannum-dice-que-el-principe-es-el-hombre-adecuado-para-suceder-al-rey\/#webpage"},"articleSection":"Noticias y Actualidad"},{"@type":"BreadcrumbList","@id":"https:\/\/eldigitaldeasturias.com\/magazine365\/eva-sannum-dice-que-el-principe-es-el-hombre-adecuado-para-suceder-al-rey\/#breadcrumblist","itemListElement":[{"@type":"ListItem","@id":"https:\/\/eldigitaldeasturias.com\/magazine365#listItem","position":1,"name":"Home","item":"https:\/\/eldigitaldeasturias.com\/magazine365","nextItem":{"@type":"ListItem","@id":"https:\/\/eldigitaldeasturias.com\/magazine365\/category\/noticias-actualidad\/#listItem","name":"Noticias y Actualidad"}},{"@type":"ListItem","@id":"https:\/\/eldigitaldeasturias.com\/magazine365\/category\/noticias-actualidad\/#listItem","position":2,"name":"Noticias y Actualidad","item":"https:\/\/eldigitaldeasturias.com\/magazine365\/category\/noticias-actualidad\/","nextItem":{"@type":"ListItem","@id":"https:\/\/eldigitaldeasturias.com\/magazine365\/eva-sannum-dice-que-el-principe-es-el-hombre-adecuado-para-suceder-al-rey\/#listItem","name":"Eva Sannum dice que el pr\u00edncipe es el hombre \u00abadecuado\u00bb para suceder al Rey"},"previousItem":{"@type":"ListItem","@id":"https:\/\/eldigitaldeasturias.com\/magazine365#listItem","name":"Home"}},{"@type":"ListItem","@id":"https:\/\/eldigitaldeasturias.com\/magazine365\/eva-sannum-dice-que-el-principe-es-el-hombre-adecuado-para-suceder-al-rey\/#listItem","position":3,"name":"Eva Sannum dice que el pr\u00edncipe es el hombre \u00abadecuado\u00bb para suceder al Rey","previousItem":{"@type":"ListItem","@id":"https:\/\/eldigitaldeasturias.com\/magazine365\/category\/noticias-actualidad\/#listItem","name":"Noticias y Actualidad"}}]},{"@type":"Organization","@id":"https:\/\/eldigitaldeasturias.com\/magazine365\/#organization","name":"El digital de Asturias","description":"Revista de ocio, turismo y estilo de vida","url":"https:\/\/eldigitaldeasturias.com\/magazine365\/","logo":{"@type":"ImageObject","url":"https:\/\/www.eldigitaldeasturias.com\/noticias\/wp-content\/uploads\/2020\/12\/EDA.jpg","@id":"https:\/\/eldigitaldeasturias.com\/magazine365\/eva-sannum-dice-que-el-principe-es-el-hombre-adecuado-para-suceder-al-rey\/#organizationLogo"},"image":{"@id":"https:\/\/eldigitaldeasturias.com\/magazine365\/eva-sannum-dice-que-el-principe-es-el-hombre-adecuado-para-suceder-al-rey\/#organizationLogo"}},{"@type":"Person","@id":"https:\/\/eldigitaldeasturias.com\/magazine365\/author\/admin\/#author","url":"https:\/\/eldigitaldeasturias.com\/magazine365\/author\/admin\/","name":"admin","image":{"@type":"ImageObject","@id":"https:\/\/eldigitaldeasturias.com\/magazine365\/eva-sannum-dice-que-el-principe-es-el-hombre-adecuado-para-suceder-al-rey\/#authorImage","url":"https:\/\/eldigitaldeasturias.com\/magazine365\/wp-content\/litespeed\/avatar\/e571bcf59a0edd6fa6838245a470f2fe.jpg?ver=1777574230","width":96,"height":96,"caption":"admin"}},{"@type":"WebPage","@id":"https:\/\/eldigitaldeasturias.com\/magazine365\/eva-sannum-dice-que-el-principe-es-el-hombre-adecuado-para-suceder-al-rey\/#webpage","url":"https:\/\/eldigitaldeasturias.com\/magazine365\/eva-sannum-dice-que-el-principe-es-el-hombre-adecuado-para-suceder-al-rey\/","name":"Eva Sannum dice que el pr\u00edncipe es el hombre \u00abadecuado\u00bb para suceder al Rey | El Digital de Asturias","description":"Copenhague, 3 jun (EFE).- La noruega Eva Sannum, que mantuvo una relaci\u00f3n sentimental con el pr\u00edncipe Felipe, cree acertada la decisi\u00f3n del rey Juan Carlos I de abdicar en su hijo, una persona que considera la m\u00e1s \"adecuada\" para subir al trono. \"\u00a1Claro que felicito al monarca entrante! Es una decisi\u00f3n inteligente. Felipe es el","inLanguage":"es-ES","isPartOf":{"@id":"https:\/\/eldigitaldeasturias.com\/magazine365\/#website"},"breadcrumb":{"@id":"https:\/\/eldigitaldeasturias.com\/magazine365\/eva-sannum-dice-que-el-principe-es-el-hombre-adecuado-para-suceder-al-rey\/#breadcrumblist"},"author":{"@id":"https:\/\/eldigitaldeasturias.com\/magazine365\/author\/admin\/#author"},"creator":{"@id":"https:\/\/eldigitaldeasturias.com\/magazine365\/author\/admin\/#author"},"image":{"@type":"ImageObject","url":"https:\/\/eldigitaldeasturias.com\/magazine365\/wp-content\/uploads\/2014\/06\/6329611w.jpg","@id":"https:\/\/eldigitaldeasturias.com\/magazine365\/eva-sannum-dice-que-el-principe-es-el-hombre-adecuado-para-suceder-al-rey\/#mainImage","width":700,"height":752},"primaryImageOfPage":{"@id":"https:\/\/eldigitaldeasturias.com\/magazine365\/eva-sannum-dice-que-el-principe-es-el-hombre-adecuado-para-suceder-al-rey\/#mainImage"},"datePublished":"2014-06-03T16:04:40+02:00","dateModified":"2014-06-03T16:04:40+02:00"},{"@type":"WebSite","@id":"https:\/\/eldigitaldeasturias.com\/magazine365\/#website","url":"https:\/\/eldigitaldeasturias.com\/magazine365\/","name":"El Digital de Asturias","description":"Revista de ocio, turismo y estilo de vida","inLanguage":"es-ES","publisher":{"@id":"https:\/\/eldigitaldeasturias.com\/magazine365\/#organization"}}]},"og:locale":"es_ES","og:site_name":"El Digital de Asturias \u2013 Revista de ocio, turismo y estilo de vida","og:type":"article","og:title":"Eva Sannum dice que el pr\u00edncipe es el hombre \u00abadecuado\u00bb para suceder al Rey | El Digital de Asturias","og:description":"Copenhague, 3 jun (EFE).- La noruega Eva Sannum, que mantuvo una relaci\u00f3n sentimental con el pr\u00edncipe Felipe, cree acertada la decisi\u00f3n del rey Juan Carlos I de abdicar en su hijo, una persona que considera la m\u00e1s &quot;adecuada&quot; para subir al trono. &quot;\u00a1Claro que felicito al monarca entrante! Es una decisi\u00f3n inteligente. Felipe es el","og:url":"https:\/\/eldigitaldeasturias.com\/magazine365\/eva-sannum-dice-que-el-principe-es-el-hombre-adecuado-para-suceder-al-rey\/","og:image":"https:\/\/eldigitaldeasturias.com\/magazine365\/wp-content\/uploads\/2014\/06\/6329611w.jpg","og:image:secure_url":"https:\/\/eldigitaldeasturias.com\/magazine365\/wp-content\/uploads\/2014\/06\/6329611w.jpg","og:image:width":700,"og:image:height":752,"article:published_time":"2014-06-03T18:04:40+00:00","article:modified_time":"2014-06-03T18:04:40+00:00","twitter:card":"summary_large_image","twitter:title":"Eva Sannum dice que el pr\u00edncipe es el hombre \u00abadecuado\u00bb para suceder al Rey | El Digital de Asturias","twitter:description":"Copenhague, 3 jun (EFE).- La noruega Eva Sannum, que mantuvo una relaci\u00f3n sentimental con el pr\u00edncipe Felipe, cree acertada la decisi\u00f3n del rey Juan Carlos I de abdicar en su hijo, una persona que considera la m\u00e1s &quot;adecuada&quot; para subir al trono. &quot;\u00a1Claro que felicito al monarca entrante! Es una decisi\u00f3n inteligente. Felipe es el","twitter:image":"https:\/\/eldigitaldeasturias.com\/magazine365\/wp-content\/uploads\/2014\/06\/6329611w.jpg"},"aioseo_meta_data":{"post_id":"14943","title":null,"description":null,"keywords":null,"keyphrases":null,"primary_term":null,"canonical_url":null,"og_title":null,"og_description":null,"og_object_type":"default","og_image_type":"default","og_image_url":null,"og_image_width":null,"og_image_height":null,"og_image_custom_url":null,"og_image_custom_fields":null,"og_video":null,"og_custom_url":null,"og_article_section":null,"og_article_tags":null,"twitter_use_og":false,"twitter_card":"default","twitter_image_type":"default","twitter_image_url":null,"twitter_image_custom_url":null,"twitter_image_custom_fields":null,"twitter_title":null,"twitter_description":null,"schema":{"blockGraphs":[],"customGraphs":[],"default":{"data":{"Article":[],"Course":[],"Dataset":[],"FAQPage":[],"Movie":[],"Person":[],"Product":[],"ProductReview":[],"Car":[],"Recipe":[],"Service":[],"SoftwareApplication":[],"WebPage":[]},"graphName":"","isEnabled":true},"graphs":[],"defaultGraph":"","defaultPostTypeGraph":""},"schema_type":null,"schema_type_options":null,"pillar_content":false,"robots_default":true,"robots_noindex":false,"robots_noarchive":false,"robots_nosnippet":false,"robots_nofollow":false,"robots_noimageindex":false,"robots_noodp":false,"robots_notranslate":false,"robots_max_snippet":null,"robots_max_videopreview":null,"robots_max_imagepreview":"large","priority":null,"frequency":null,"location":null,"local_seo":null,"seo_analyzer_scan_date":"2025-09-17 11:08:04","breadcrumb_settings":null,"limit_modified_date":false,"open_ai":null,"ai":null,"created":"2021-03-09 08:07:53","updated":"2025-09-17 11:08:04"},"aioseo_breadcrumb":"<div class=\"aioseo-breadcrumbs\"><span class=\"aioseo-breadcrumb\">\n\t<a href=\"https:\/\/eldigitaldeasturias.com\/magazine365\" title=\"Home\">Home<\/a>\n<\/span><span class=\"aioseo-breadcrumb-separator\">\u2013<\/span><span class=\"aioseo-breadcrumb\">\n\t<a href=\"https:\/\/eldigitaldeasturias.com\/magazine365\/category\/noticias-actualidad\/\" title=\"Noticias y Actualidad\">Noticias y Actualidad<\/a>\n<\/span><span class=\"aioseo-breadcrumb-separator\">\u2013<\/span><span class=\"aioseo-breadcrumb\">\n\t<a href=\"https:\/\/eldigitaldeasturias.com\/magazine365\/eva-sannum-dice-que-el-principe-es-el-hombre-adecuado-para-suceder-al-rey\/\" title=\"Eva Sannum dice que el pr\u00edncipe es el hombre \u00abadecuado\u00bb para suceder al Rey\">Eva Sannum dice que el pr\u00edncipe es el hombre \u00abadecuado\u00bb para suceder al Rey<\/a>\n<\/span><\/div>","aioseo_breadcrumb_json":[{"label":"Home","link":"https:\/\/eldigitaldeasturias.com\/magazine365"},{"label":"Noticias y Actualidad","link":"https:\/\/eldigitaldeasturias.com\/magazine365\/category\/noticias-actualidad\/"},{"label":"Eva Sannum dice que el pr\u00edncipe es el hombre \u00abadecuado\u00bb para suceder al Rey","link":"https:\/\/eldigitaldeasturias.com\/magazine365\/eva-sannum-dice-que-el-principe-es-el-hombre-adecuado-para-suceder-al-rey\/"}],"_links":{"self":[{"href":"https:\/\/eldigitaldeasturias.com\/magazine365\/wp-json\/wp\/v2\/posts\/14943","targetHints":{"allow":["GET"]}}],"collection":[{"href":"https:\/\/eldigitaldeasturias.com\/magazine365\/wp-json\/wp\/v2\/posts"}],"about":[{"href":"https:\/\/eldigitaldeasturias.com\/magazine365\/wp-json\/wp\/v2\/types\/post"}],"author":[{"embeddable":true,"href":"https:\/\/eldigitaldeasturias.com\/magazine365\/wp-json\/wp\/v2\/users\/1"}],"replies":[{"embeddable":true,"href":"https:\/\/eldigitaldeasturias.com\/magazine365\/wp-json\/wp\/v2\/comments?post=14943"}],"version-history":[{"count":0,"href":"https:\/\/eldigitaldeasturias.com\/magazine365\/wp-json\/wp\/v2\/posts\/14943\/revisions"}],"wp:featuredmedia":[{"embeddable":true,"href":"https:\/\/eldigitaldeasturias.com\/magazine365\/wp-json\/wp\/v2\/media\/14944"}],"wp:attachment":[{"href":"https:\/\/eldigitaldeasturias.com\/magazine365\/wp-json\/wp\/v2\/media?parent=14943"}],"wp:term":[{"taxonomy":"category","embeddable":true,"href":"https:\/\/eldigitaldeasturias.com\/magazine365\/wp-json\/wp\/v2\/categories?post=14943"},{"taxonomy":"post_tag","embeddable":true,"href":"https:\/\/eldigitaldeasturias.com\/magazine365\/wp-json\/wp\/v2\/tags?post=14943"}],"curies":[{"name":"wp","href":"https:\/\/api.w.org\/{rel}","templated":true}]}}