{"id":14931,"date":"2014-06-03T16:00:12","date_gmt":"2014-06-03T18:00:12","guid":{"rendered":"http:\/\/eldigitaldeasturias.com\/magazine365\/?p=14931"},"modified":"2014-06-03T16:00:12","modified_gmt":"2014-06-03T18:00:12","slug":"la-guitarra-de-canizares-reinventa-a-scarlatti-este-jueves-en-conde-duque","status":"publish","type":"post","link":"https:\/\/eldigitaldeasturias.com\/magazine365\/la-guitarra-de-canizares-reinventa-a-scarlatti-este-jueves-en-conde-duque\/","title":{"rendered":"La guitarra de Ca\u00f1izares reinventa a Scarlatti este jueves en Conde Duque"},"content":{"rendered":"<p><img fetchpriority=\"high\" decoding=\"async\" class=\"alignleft size-medium wp-image-14932\" alt=\"6329170w\" src=\"https:\/\/eldigitaldeasturias.com\/magazine365\/wp-content\/uploads\/2014\/06\/6329170w-195x300.jpg\" width=\"195\" height=\"300\" \/>Madrid, 3 jun (EFE).- El guitarrista Juan Manuel Ca\u00f1izares, uno de los m\u00fasicos espa\u00f1oles m\u00e1s aclamados y requeridos en el mundo, cerrar\u00e1 el pr\u00f3ximo jueves la tercera temporada del ciclo Las Sonatas de Domenico Scarlatti del Instituto Italiano de Cultura de Madrid con un concierto en el Auditorio del Conde Duque.<\/p>\n<p>Seg\u00fan ha informado hoy el Ayuntamiento de Madrid, el m\u00fasico establecer\u00e1 con su guitarra un di\u00e1logo \u00edntimo entre su m\u00fasica flamenca y la del compositor napolitano, acompa\u00f1ado en el escenario por la bailaora Charo Espino y el bailaor y percusionista \u00c1ngel Mu\u00f1oz.<\/p>\n<p>Vinculado al ciclo y de forma paralela al concierto, Ca\u00f1izares publicar\u00e1 el mismo 5 de junio, con la colaboraci\u00f3n del Instituto Italiano de Cultura de Madrid, un disco con una personal selecci\u00f3n de sonatas de Scarlatti, seis de las cuales sonar\u00e1n en Conde Duque.<\/p>\n<p>Ca\u00f1izares no se considera un especialista en la m\u00fasica de Scarlatti pero s\u00ed afirma que a trav\u00e9s de sus conocimientos musicales flamencos he encontrado en muchas de sus frases \u00abuna clara influencia del folklore espa\u00f1ol y ciertas cadencias similares a las de la m\u00fasica flamenca\u00bb.<\/p>\n","protected":false},"excerpt":{"rendered":"<p>Madrid, 3 jun (EFE).- El guitarrista Juan Manuel Ca\u00f1izares, uno de los m\u00fasicos espa\u00f1oles m\u00e1s aclamados y requeridos en el mundo, cerrar\u00e1 el pr\u00f3ximo jueves la tercera temporada del ciclo Las Sonatas de Domenico Scarlatti del Instituto Italiano de Cultura de Madrid con un concierto en el Auditorio del Conde Duque. Seg\u00fan ha informado hoy<\/p>\n","protected":false},"author":1,"featured_media":14932,"comment_status":"open","ping_status":"closed","sticky":false,"template":"","format":"standard","meta":{"footnotes":""},"categories":[224],"tags":[],"class_list":{"0":"post-14931","1":"post","2":"type-post","3":"status-publish","4":"format-standard","5":"has-post-thumbnail","7":"category-noticias-actualidad"},"aioseo_notices":[],"aioseo_head":"\n\t\t<!-- All in One SEO Pro 4.9.6.1 - aioseo.com -->\n\t<meta name=\"description\" content=\"Madrid, 3 jun (EFE).- El guitarrista Juan Manuel Ca\u00f1izares, uno de los m\u00fasicos espa\u00f1oles m\u00e1s aclamados y requeridos en el mundo, cerrar\u00e1 el pr\u00f3ximo jueves la tercera temporada del ciclo Las Sonatas de Domenico Scarlatti del Instituto Italiano de Cultura de Madrid con un concierto en el Auditorio del Conde Duque. Seg\u00fan ha informado hoy\" \/>\n\t<meta name=\"robots\" content=\"max-image-preview:large\" \/>\n\t<meta name=\"author\" content=\"admin\"\/>\n\t<meta name=\"google-site-verification\" content=\"UA-38556648-1\" \/>\n\t<meta name=\"keywords\" content=\"noticias y actualidad\" \/>\n\t<link rel=\"canonical\" href=\"https:\/\/eldigitaldeasturias.com\/magazine365\/la-guitarra-de-canizares-reinventa-a-scarlatti-este-jueves-en-conde-duque\/\" \/>\n\t<meta name=\"generator\" content=\"All in One SEO Pro (AIOSEO) 4.9.6.1\" \/>\n\t\t<meta property=\"og:locale\" content=\"es_ES\" \/>\n\t\t<meta property=\"og:site_name\" content=\"El Digital de Asturias \u2013 Revista de ocio, turismo y estilo de vida\" \/>\n\t\t<meta property=\"og:type\" content=\"article\" \/>\n\t\t<meta property=\"og:title\" content=\"La guitarra de Ca\u00f1izares reinventa a Scarlatti este jueves en Conde Duque | El Digital de Asturias\" \/>\n\t\t<meta property=\"og:description\" content=\"Madrid, 3 jun (EFE).- El guitarrista Juan Manuel Ca\u00f1izares, uno de los m\u00fasicos espa\u00f1oles m\u00e1s aclamados y requeridos en el mundo, cerrar\u00e1 el pr\u00f3ximo jueves la tercera temporada del ciclo Las Sonatas de Domenico Scarlatti del Instituto Italiano de Cultura de Madrid con un concierto en el Auditorio del Conde Duque. Seg\u00fan ha informado hoy\" \/>\n\t\t<meta property=\"og:url\" content=\"https:\/\/eldigitaldeasturias.com\/magazine365\/la-guitarra-de-canizares-reinventa-a-scarlatti-este-jueves-en-conde-duque\/\" \/>\n\t\t<meta property=\"og:image\" content=\"https:\/\/eldigitaldeasturias.com\/magazine365\/wp-content\/uploads\/2014\/06\/6329170w.jpg\" \/>\n\t\t<meta property=\"og:image:secure_url\" content=\"https:\/\/eldigitaldeasturias.com\/magazine365\/wp-content\/uploads\/2014\/06\/6329170w.jpg\" \/>\n\t\t<meta property=\"og:image:width\" content=\"700\" \/>\n\t\t<meta property=\"og:image:height\" content=\"1072\" \/>\n\t\t<meta property=\"article:published_time\" content=\"2014-06-03T18:00:12+00:00\" \/>\n\t\t<meta property=\"article:modified_time\" content=\"2014-06-03T18:00:12+00:00\" \/>\n\t\t<meta name=\"twitter:card\" content=\"summary_large_image\" \/>\n\t\t<meta name=\"twitter:title\" content=\"La guitarra de Ca\u00f1izares reinventa a Scarlatti este jueves en Conde Duque | El Digital de Asturias\" \/>\n\t\t<meta name=\"twitter:description\" content=\"Madrid, 3 jun (EFE).- El guitarrista Juan Manuel Ca\u00f1izares, uno de los m\u00fasicos espa\u00f1oles m\u00e1s aclamados y requeridos en el mundo, cerrar\u00e1 el pr\u00f3ximo jueves la tercera temporada del ciclo Las Sonatas de Domenico Scarlatti del Instituto Italiano de Cultura de Madrid con un concierto en el Auditorio del Conde Duque. Seg\u00fan ha informado hoy\" \/>\n\t\t<meta name=\"twitter:image\" content=\"https:\/\/eldigitaldeasturias.com\/magazine365\/wp-content\/uploads\/2014\/06\/6329170w.jpg\" \/>\n\t\t<script type=\"application\/ld+json\" class=\"aioseo-schema\">\n\t\t\t{\"@context\":\"https:\\\/\\\/schema.org\",\"@graph\":[{\"@type\":\"Article\",\"@id\":\"https:\\\/\\\/eldigitaldeasturias.com\\\/magazine365\\\/la-guitarra-de-canizares-reinventa-a-scarlatti-este-jueves-en-conde-duque\\\/#article\",\"name\":\"La guitarra de Ca\\u00f1izares reinventa a Scarlatti este jueves en Conde Duque | El Digital de Asturias\",\"headline\":\"La guitarra de Ca\\u00f1izares reinventa a Scarlatti este jueves en Conde Duque\",\"author\":{\"@id\":\"https:\\\/\\\/eldigitaldeasturias.com\\\/magazine365\\\/author\\\/admin\\\/#author\"},\"publisher\":{\"@id\":\"https:\\\/\\\/eldigitaldeasturias.com\\\/magazine365\\\/#organization\"},\"image\":{\"@type\":\"ImageObject\",\"url\":\"https:\\\/\\\/eldigitaldeasturias.com\\\/magazine365\\\/wp-content\\\/uploads\\\/2014\\\/06\\\/6329170w.jpg\",\"width\":700,\"height\":1072},\"datePublished\":\"2014-06-03T16:00:12+02:00\",\"dateModified\":\"2014-06-03T16:00:12+02:00\",\"inLanguage\":\"es-ES\",\"mainEntityOfPage\":{\"@id\":\"https:\\\/\\\/eldigitaldeasturias.com\\\/magazine365\\\/la-guitarra-de-canizares-reinventa-a-scarlatti-este-jueves-en-conde-duque\\\/#webpage\"},\"isPartOf\":{\"@id\":\"https:\\\/\\\/eldigitaldeasturias.com\\\/magazine365\\\/la-guitarra-de-canizares-reinventa-a-scarlatti-este-jueves-en-conde-duque\\\/#webpage\"},\"articleSection\":\"Noticias y Actualidad\"},{\"@type\":\"BreadcrumbList\",\"@id\":\"https:\\\/\\\/eldigitaldeasturias.com\\\/magazine365\\\/la-guitarra-de-canizares-reinventa-a-scarlatti-este-jueves-en-conde-duque\\\/#breadcrumblist\",\"itemListElement\":[{\"@type\":\"ListItem\",\"@id\":\"https:\\\/\\\/eldigitaldeasturias.com\\\/magazine365#listItem\",\"position\":1,\"name\":\"Home\",\"item\":\"https:\\\/\\\/eldigitaldeasturias.com\\\/magazine365\",\"nextItem\":{\"@type\":\"ListItem\",\"@id\":\"https:\\\/\\\/eldigitaldeasturias.com\\\/magazine365\\\/category\\\/noticias-actualidad\\\/#listItem\",\"name\":\"Noticias y Actualidad\"}},{\"@type\":\"ListItem\",\"@id\":\"https:\\\/\\\/eldigitaldeasturias.com\\\/magazine365\\\/category\\\/noticias-actualidad\\\/#listItem\",\"position\":2,\"name\":\"Noticias y Actualidad\",\"item\":\"https:\\\/\\\/eldigitaldeasturias.com\\\/magazine365\\\/category\\\/noticias-actualidad\\\/\",\"nextItem\":{\"@type\":\"ListItem\",\"@id\":\"https:\\\/\\\/eldigitaldeasturias.com\\\/magazine365\\\/la-guitarra-de-canizares-reinventa-a-scarlatti-este-jueves-en-conde-duque\\\/#listItem\",\"name\":\"La guitarra de Ca\\u00f1izares reinventa a Scarlatti este jueves en Conde Duque\"},\"previousItem\":{\"@type\":\"ListItem\",\"@id\":\"https:\\\/\\\/eldigitaldeasturias.com\\\/magazine365#listItem\",\"name\":\"Home\"}},{\"@type\":\"ListItem\",\"@id\":\"https:\\\/\\\/eldigitaldeasturias.com\\\/magazine365\\\/la-guitarra-de-canizares-reinventa-a-scarlatti-este-jueves-en-conde-duque\\\/#listItem\",\"position\":3,\"name\":\"La guitarra de Ca\\u00f1izares reinventa a Scarlatti este jueves en Conde Duque\",\"previousItem\":{\"@type\":\"ListItem\",\"@id\":\"https:\\\/\\\/eldigitaldeasturias.com\\\/magazine365\\\/category\\\/noticias-actualidad\\\/#listItem\",\"name\":\"Noticias y Actualidad\"}}]},{\"@type\":\"Organization\",\"@id\":\"https:\\\/\\\/eldigitaldeasturias.com\\\/magazine365\\\/#organization\",\"name\":\"El digital de Asturias\",\"description\":\"Revista de ocio, turismo y estilo de vida\",\"url\":\"https:\\\/\\\/eldigitaldeasturias.com\\\/magazine365\\\/\",\"logo\":{\"@type\":\"ImageObject\",\"url\":\"https:\\\/\\\/www.eldigitaldeasturias.com\\\/noticias\\\/wp-content\\\/uploads\\\/2020\\\/12\\\/EDA.jpg\",\"@id\":\"https:\\\/\\\/eldigitaldeasturias.com\\\/magazine365\\\/la-guitarra-de-canizares-reinventa-a-scarlatti-este-jueves-en-conde-duque\\\/#organizationLogo\"},\"image\":{\"@id\":\"https:\\\/\\\/eldigitaldeasturias.com\\\/magazine365\\\/la-guitarra-de-canizares-reinventa-a-scarlatti-este-jueves-en-conde-duque\\\/#organizationLogo\"}},{\"@type\":\"Person\",\"@id\":\"https:\\\/\\\/eldigitaldeasturias.com\\\/magazine365\\\/author\\\/admin\\\/#author\",\"url\":\"https:\\\/\\\/eldigitaldeasturias.com\\\/magazine365\\\/author\\\/admin\\\/\",\"name\":\"admin\",\"image\":{\"@type\":\"ImageObject\",\"@id\":\"https:\\\/\\\/eldigitaldeasturias.com\\\/magazine365\\\/la-guitarra-de-canizares-reinventa-a-scarlatti-este-jueves-en-conde-duque\\\/#authorImage\",\"url\":\"https:\\\/\\\/eldigitaldeasturias.com\\\/magazine365\\\/wp-content\\\/litespeed\\\/avatar\\\/e571bcf59a0edd6fa6838245a470f2fe.jpg?ver=1777574230\",\"width\":96,\"height\":96,\"caption\":\"admin\"}},{\"@type\":\"WebPage\",\"@id\":\"https:\\\/\\\/eldigitaldeasturias.com\\\/magazine365\\\/la-guitarra-de-canizares-reinventa-a-scarlatti-este-jueves-en-conde-duque\\\/#webpage\",\"url\":\"https:\\\/\\\/eldigitaldeasturias.com\\\/magazine365\\\/la-guitarra-de-canizares-reinventa-a-scarlatti-este-jueves-en-conde-duque\\\/\",\"name\":\"La guitarra de Ca\\u00f1izares reinventa a Scarlatti este jueves en Conde Duque | El Digital de Asturias\",\"description\":\"Madrid, 3 jun (EFE).- El guitarrista Juan Manuel Ca\\u00f1izares, uno de los m\\u00fasicos espa\\u00f1oles m\\u00e1s aclamados y requeridos en el mundo, cerrar\\u00e1 el pr\\u00f3ximo jueves la tercera temporada del ciclo Las Sonatas de Domenico Scarlatti del Instituto Italiano de Cultura de Madrid con un concierto en el Auditorio del Conde Duque. Seg\\u00fan ha informado hoy\",\"inLanguage\":\"es-ES\",\"isPartOf\":{\"@id\":\"https:\\\/\\\/eldigitaldeasturias.com\\\/magazine365\\\/#website\"},\"breadcrumb\":{\"@id\":\"https:\\\/\\\/eldigitaldeasturias.com\\\/magazine365\\\/la-guitarra-de-canizares-reinventa-a-scarlatti-este-jueves-en-conde-duque\\\/#breadcrumblist\"},\"author\":{\"@id\":\"https:\\\/\\\/eldigitaldeasturias.com\\\/magazine365\\\/author\\\/admin\\\/#author\"},\"creator\":{\"@id\":\"https:\\\/\\\/eldigitaldeasturias.com\\\/magazine365\\\/author\\\/admin\\\/#author\"},\"image\":{\"@type\":\"ImageObject\",\"url\":\"https:\\\/\\\/eldigitaldeasturias.com\\\/magazine365\\\/wp-content\\\/uploads\\\/2014\\\/06\\\/6329170w.jpg\",\"@id\":\"https:\\\/\\\/eldigitaldeasturias.com\\\/magazine365\\\/la-guitarra-de-canizares-reinventa-a-scarlatti-este-jueves-en-conde-duque\\\/#mainImage\",\"width\":700,\"height\":1072},\"primaryImageOfPage\":{\"@id\":\"https:\\\/\\\/eldigitaldeasturias.com\\\/magazine365\\\/la-guitarra-de-canizares-reinventa-a-scarlatti-este-jueves-en-conde-duque\\\/#mainImage\"},\"datePublished\":\"2014-06-03T16:00:12+02:00\",\"dateModified\":\"2014-06-03T16:00:12+02:00\"},{\"@type\":\"WebSite\",\"@id\":\"https:\\\/\\\/eldigitaldeasturias.com\\\/magazine365\\\/#website\",\"url\":\"https:\\\/\\\/eldigitaldeasturias.com\\\/magazine365\\\/\",\"name\":\"El Digital de Asturias\",\"description\":\"Revista de ocio, turismo y estilo de vida\",\"inLanguage\":\"es-ES\",\"publisher\":{\"@id\":\"https:\\\/\\\/eldigitaldeasturias.com\\\/magazine365\\\/#organization\"}}]}\n\t\t<\/script>\n\t\t<!-- All in One SEO Pro -->\r\n\t\t<title>La guitarra de Ca\u00f1izares reinventa a Scarlatti este jueves en Conde Duque | El Digital de Asturias<\/title>\n\n","aioseo_head_json":{"title":"La guitarra de Ca\u00f1izares reinventa a Scarlatti este jueves en Conde Duque | El Digital de Asturias","description":"Madrid, 3 jun (EFE).- El guitarrista Juan Manuel Ca\u00f1izares, uno de los m\u00fasicos espa\u00f1oles m\u00e1s aclamados y requeridos en el mundo, cerrar\u00e1 el pr\u00f3ximo jueves la tercera temporada del ciclo Las Sonatas de Domenico Scarlatti del Instituto Italiano de Cultura de Madrid con un concierto en el Auditorio del Conde Duque. Seg\u00fan ha informado hoy","canonical_url":"https:\/\/eldigitaldeasturias.com\/magazine365\/la-guitarra-de-canizares-reinventa-a-scarlatti-este-jueves-en-conde-duque\/","robots":"max-image-preview:large","keywords":"noticias y actualidad","webmasterTools":{"google-site-verification":"UA-38556648-1","miscellaneous":""},"schema":{"@context":"https:\/\/schema.org","@graph":[{"@type":"Article","@id":"https:\/\/eldigitaldeasturias.com\/magazine365\/la-guitarra-de-canizares-reinventa-a-scarlatti-este-jueves-en-conde-duque\/#article","name":"La guitarra de Ca\u00f1izares reinventa a Scarlatti este jueves en Conde Duque | El Digital de Asturias","headline":"La guitarra de Ca\u00f1izares reinventa a Scarlatti este jueves en Conde Duque","author":{"@id":"https:\/\/eldigitaldeasturias.com\/magazine365\/author\/admin\/#author"},"publisher":{"@id":"https:\/\/eldigitaldeasturias.com\/magazine365\/#organization"},"image":{"@type":"ImageObject","url":"https:\/\/eldigitaldeasturias.com\/magazine365\/wp-content\/uploads\/2014\/06\/6329170w.jpg","width":700,"height":1072},"datePublished":"2014-06-03T16:00:12+02:00","dateModified":"2014-06-03T16:00:12+02:00","inLanguage":"es-ES","mainEntityOfPage":{"@id":"https:\/\/eldigitaldeasturias.com\/magazine365\/la-guitarra-de-canizares-reinventa-a-scarlatti-este-jueves-en-conde-duque\/#webpage"},"isPartOf":{"@id":"https:\/\/eldigitaldeasturias.com\/magazine365\/la-guitarra-de-canizares-reinventa-a-scarlatti-este-jueves-en-conde-duque\/#webpage"},"articleSection":"Noticias y Actualidad"},{"@type":"BreadcrumbList","@id":"https:\/\/eldigitaldeasturias.com\/magazine365\/la-guitarra-de-canizares-reinventa-a-scarlatti-este-jueves-en-conde-duque\/#breadcrumblist","itemListElement":[{"@type":"ListItem","@id":"https:\/\/eldigitaldeasturias.com\/magazine365#listItem","position":1,"name":"Home","item":"https:\/\/eldigitaldeasturias.com\/magazine365","nextItem":{"@type":"ListItem","@id":"https:\/\/eldigitaldeasturias.com\/magazine365\/category\/noticias-actualidad\/#listItem","name":"Noticias y Actualidad"}},{"@type":"ListItem","@id":"https:\/\/eldigitaldeasturias.com\/magazine365\/category\/noticias-actualidad\/#listItem","position":2,"name":"Noticias y Actualidad","item":"https:\/\/eldigitaldeasturias.com\/magazine365\/category\/noticias-actualidad\/","nextItem":{"@type":"ListItem","@id":"https:\/\/eldigitaldeasturias.com\/magazine365\/la-guitarra-de-canizares-reinventa-a-scarlatti-este-jueves-en-conde-duque\/#listItem","name":"La guitarra de Ca\u00f1izares reinventa a Scarlatti este jueves en Conde Duque"},"previousItem":{"@type":"ListItem","@id":"https:\/\/eldigitaldeasturias.com\/magazine365#listItem","name":"Home"}},{"@type":"ListItem","@id":"https:\/\/eldigitaldeasturias.com\/magazine365\/la-guitarra-de-canizares-reinventa-a-scarlatti-este-jueves-en-conde-duque\/#listItem","position":3,"name":"La guitarra de Ca\u00f1izares reinventa a Scarlatti este jueves en Conde Duque","previousItem":{"@type":"ListItem","@id":"https:\/\/eldigitaldeasturias.com\/magazine365\/category\/noticias-actualidad\/#listItem","name":"Noticias y Actualidad"}}]},{"@type":"Organization","@id":"https:\/\/eldigitaldeasturias.com\/magazine365\/#organization","name":"El digital de Asturias","description":"Revista de ocio, turismo y estilo de vida","url":"https:\/\/eldigitaldeasturias.com\/magazine365\/","logo":{"@type":"ImageObject","url":"https:\/\/www.eldigitaldeasturias.com\/noticias\/wp-content\/uploads\/2020\/12\/EDA.jpg","@id":"https:\/\/eldigitaldeasturias.com\/magazine365\/la-guitarra-de-canizares-reinventa-a-scarlatti-este-jueves-en-conde-duque\/#organizationLogo"},"image":{"@id":"https:\/\/eldigitaldeasturias.com\/magazine365\/la-guitarra-de-canizares-reinventa-a-scarlatti-este-jueves-en-conde-duque\/#organizationLogo"}},{"@type":"Person","@id":"https:\/\/eldigitaldeasturias.com\/magazine365\/author\/admin\/#author","url":"https:\/\/eldigitaldeasturias.com\/magazine365\/author\/admin\/","name":"admin","image":{"@type":"ImageObject","@id":"https:\/\/eldigitaldeasturias.com\/magazine365\/la-guitarra-de-canizares-reinventa-a-scarlatti-este-jueves-en-conde-duque\/#authorImage","url":"https:\/\/eldigitaldeasturias.com\/magazine365\/wp-content\/litespeed\/avatar\/e571bcf59a0edd6fa6838245a470f2fe.jpg?ver=1777574230","width":96,"height":96,"caption":"admin"}},{"@type":"WebPage","@id":"https:\/\/eldigitaldeasturias.com\/magazine365\/la-guitarra-de-canizares-reinventa-a-scarlatti-este-jueves-en-conde-duque\/#webpage","url":"https:\/\/eldigitaldeasturias.com\/magazine365\/la-guitarra-de-canizares-reinventa-a-scarlatti-este-jueves-en-conde-duque\/","name":"La guitarra de Ca\u00f1izares reinventa a Scarlatti este jueves en Conde Duque | El Digital de Asturias","description":"Madrid, 3 jun (EFE).- El guitarrista Juan Manuel Ca\u00f1izares, uno de los m\u00fasicos espa\u00f1oles m\u00e1s aclamados y requeridos en el mundo, cerrar\u00e1 el pr\u00f3ximo jueves la tercera temporada del ciclo Las Sonatas de Domenico Scarlatti del Instituto Italiano de Cultura de Madrid con un concierto en el Auditorio del Conde Duque. Seg\u00fan ha informado hoy","inLanguage":"es-ES","isPartOf":{"@id":"https:\/\/eldigitaldeasturias.com\/magazine365\/#website"},"breadcrumb":{"@id":"https:\/\/eldigitaldeasturias.com\/magazine365\/la-guitarra-de-canizares-reinventa-a-scarlatti-este-jueves-en-conde-duque\/#breadcrumblist"},"author":{"@id":"https:\/\/eldigitaldeasturias.com\/magazine365\/author\/admin\/#author"},"creator":{"@id":"https:\/\/eldigitaldeasturias.com\/magazine365\/author\/admin\/#author"},"image":{"@type":"ImageObject","url":"https:\/\/eldigitaldeasturias.com\/magazine365\/wp-content\/uploads\/2014\/06\/6329170w.jpg","@id":"https:\/\/eldigitaldeasturias.com\/magazine365\/la-guitarra-de-canizares-reinventa-a-scarlatti-este-jueves-en-conde-duque\/#mainImage","width":700,"height":1072},"primaryImageOfPage":{"@id":"https:\/\/eldigitaldeasturias.com\/magazine365\/la-guitarra-de-canizares-reinventa-a-scarlatti-este-jueves-en-conde-duque\/#mainImage"},"datePublished":"2014-06-03T16:00:12+02:00","dateModified":"2014-06-03T16:00:12+02:00"},{"@type":"WebSite","@id":"https:\/\/eldigitaldeasturias.com\/magazine365\/#website","url":"https:\/\/eldigitaldeasturias.com\/magazine365\/","name":"El Digital de Asturias","description":"Revista de ocio, turismo y estilo de vida","inLanguage":"es-ES","publisher":{"@id":"https:\/\/eldigitaldeasturias.com\/magazine365\/#organization"}}]},"og:locale":"es_ES","og:site_name":"El Digital de Asturias \u2013 Revista de ocio, turismo y estilo de vida","og:type":"article","og:title":"La guitarra de Ca\u00f1izares reinventa a Scarlatti este jueves en Conde Duque | El Digital de Asturias","og:description":"Madrid, 3 jun (EFE).- El guitarrista Juan Manuel Ca\u00f1izares, uno de los m\u00fasicos espa\u00f1oles m\u00e1s aclamados y requeridos en el mundo, cerrar\u00e1 el pr\u00f3ximo jueves la tercera temporada del ciclo Las Sonatas de Domenico Scarlatti del Instituto Italiano de Cultura de Madrid con un concierto en el Auditorio del Conde Duque. Seg\u00fan ha informado hoy","og:url":"https:\/\/eldigitaldeasturias.com\/magazine365\/la-guitarra-de-canizares-reinventa-a-scarlatti-este-jueves-en-conde-duque\/","og:image":"https:\/\/eldigitaldeasturias.com\/magazine365\/wp-content\/uploads\/2014\/06\/6329170w.jpg","og:image:secure_url":"https:\/\/eldigitaldeasturias.com\/magazine365\/wp-content\/uploads\/2014\/06\/6329170w.jpg","og:image:width":700,"og:image:height":1072,"article:published_time":"2014-06-03T18:00:12+00:00","article:modified_time":"2014-06-03T18:00:12+00:00","twitter:card":"summary_large_image","twitter:title":"La guitarra de Ca\u00f1izares reinventa a Scarlatti este jueves en Conde Duque | El Digital de Asturias","twitter:description":"Madrid, 3 jun (EFE).- El guitarrista Juan Manuel Ca\u00f1izares, uno de los m\u00fasicos espa\u00f1oles m\u00e1s aclamados y requeridos en el mundo, cerrar\u00e1 el pr\u00f3ximo jueves la tercera temporada del ciclo Las Sonatas de Domenico Scarlatti del Instituto Italiano de Cultura de Madrid con un concierto en el Auditorio del Conde Duque. Seg\u00fan ha informado hoy","twitter:image":"https:\/\/eldigitaldeasturias.com\/magazine365\/wp-content\/uploads\/2014\/06\/6329170w.jpg"},"aioseo_meta_data":{"post_id":"14931","title":null,"description":null,"keywords":null,"keyphrases":null,"primary_term":null,"canonical_url":null,"og_title":null,"og_description":null,"og_object_type":"default","og_image_type":"default","og_image_url":null,"og_image_width":null,"og_image_height":null,"og_image_custom_url":null,"og_image_custom_fields":null,"og_video":null,"og_custom_url":null,"og_article_section":null,"og_article_tags":null,"twitter_use_og":false,"twitter_card":"default","twitter_image_type":"default","twitter_image_url":null,"twitter_image_custom_url":null,"twitter_image_custom_fields":null,"twitter_title":null,"twitter_description":null,"schema":{"blockGraphs":[],"customGraphs":[],"default":{"data":{"Article":[],"Course":[],"Dataset":[],"FAQPage":[],"Movie":[],"Person":[],"Product":[],"ProductReview":[],"Car":[],"Recipe":[],"Service":[],"SoftwareApplication":[],"WebPage":[]},"graphName":"","isEnabled":true},"graphs":[],"defaultGraph":"","defaultPostTypeGraph":""},"schema_type":null,"schema_type_options":null,"pillar_content":false,"robots_default":true,"robots_noindex":false,"robots_noarchive":false,"robots_nosnippet":false,"robots_nofollow":false,"robots_noimageindex":false,"robots_noodp":false,"robots_notranslate":false,"robots_max_snippet":null,"robots_max_videopreview":null,"robots_max_imagepreview":"large","priority":null,"frequency":null,"location":null,"local_seo":null,"seo_analyzer_scan_date":"2025-09-17 11:05:47","breadcrumb_settings":null,"limit_modified_date":false,"open_ai":null,"ai":null,"created":"2021-03-09 08:08:50","updated":"2025-09-17 11:05:47"},"aioseo_breadcrumb":"<div class=\"aioseo-breadcrumbs\"><span class=\"aioseo-breadcrumb\">\n\t<a href=\"https:\/\/eldigitaldeasturias.com\/magazine365\" title=\"Home\">Home<\/a>\n<\/span><span class=\"aioseo-breadcrumb-separator\">\u2013<\/span><span class=\"aioseo-breadcrumb\">\n\t<a href=\"https:\/\/eldigitaldeasturias.com\/magazine365\/category\/noticias-actualidad\/\" title=\"Noticias y Actualidad\">Noticias y Actualidad<\/a>\n<\/span><span class=\"aioseo-breadcrumb-separator\">\u2013<\/span><span class=\"aioseo-breadcrumb\">\n\t<a href=\"https:\/\/eldigitaldeasturias.com\/magazine365\/la-guitarra-de-canizares-reinventa-a-scarlatti-este-jueves-en-conde-duque\/\" title=\"La guitarra de Ca\u00f1izares reinventa a Scarlatti este jueves en Conde Duque\">La guitarra de Ca\u00f1izares reinventa a Scarlatti este jueves en Conde Duque<\/a>\n<\/span><\/div>","aioseo_breadcrumb_json":[{"label":"Home","link":"https:\/\/eldigitaldeasturias.com\/magazine365"},{"label":"Noticias y Actualidad","link":"https:\/\/eldigitaldeasturias.com\/magazine365\/category\/noticias-actualidad\/"},{"label":"La guitarra de Ca\u00f1izares reinventa a Scarlatti este jueves en Conde Duque","link":"https:\/\/eldigitaldeasturias.com\/magazine365\/la-guitarra-de-canizares-reinventa-a-scarlatti-este-jueves-en-conde-duque\/"}],"_links":{"self":[{"href":"https:\/\/eldigitaldeasturias.com\/magazine365\/wp-json\/wp\/v2\/posts\/14931","targetHints":{"allow":["GET"]}}],"collection":[{"href":"https:\/\/eldigitaldeasturias.com\/magazine365\/wp-json\/wp\/v2\/posts"}],"about":[{"href":"https:\/\/eldigitaldeasturias.com\/magazine365\/wp-json\/wp\/v2\/types\/post"}],"author":[{"embeddable":true,"href":"https:\/\/eldigitaldeasturias.com\/magazine365\/wp-json\/wp\/v2\/users\/1"}],"replies":[{"embeddable":true,"href":"https:\/\/eldigitaldeasturias.com\/magazine365\/wp-json\/wp\/v2\/comments?post=14931"}],"version-history":[{"count":0,"href":"https:\/\/eldigitaldeasturias.com\/magazine365\/wp-json\/wp\/v2\/posts\/14931\/revisions"}],"wp:featuredmedia":[{"embeddable":true,"href":"https:\/\/eldigitaldeasturias.com\/magazine365\/wp-json\/wp\/v2\/media\/14932"}],"wp:attachment":[{"href":"https:\/\/eldigitaldeasturias.com\/magazine365\/wp-json\/wp\/v2\/media?parent=14931"}],"wp:term":[{"taxonomy":"category","embeddable":true,"href":"https:\/\/eldigitaldeasturias.com\/magazine365\/wp-json\/wp\/v2\/categories?post=14931"},{"taxonomy":"post_tag","embeddable":true,"href":"https:\/\/eldigitaldeasturias.com\/magazine365\/wp-json\/wp\/v2\/tags?post=14931"}],"curies":[{"name":"wp","href":"https:\/\/api.w.org\/{rel}","templated":true}]}}