{"id":14928,"date":"2014-06-03T15:58:47","date_gmt":"2014-06-03T17:58:47","guid":{"rendered":"http:\/\/eldigitaldeasturias.com\/magazine365\/?p=14928"},"modified":"2014-06-03T15:58:47","modified_gmt":"2014-06-03T17:58:47","slug":"la-tercera-aerolinea-de-bajo-coste-de-europa-abre-base-en-madrid","status":"publish","type":"post","link":"https:\/\/eldigitaldeasturias.com\/magazine365\/la-tercera-aerolinea-de-bajo-coste-de-europa-abre-base-en-madrid\/","title":{"rendered":"La tercera aerol\u00ednea de bajo coste de Europa abre base en Madrid"},"content":{"rendered":"<p><img fetchpriority=\"high\" decoding=\"async\" class=\"alignleft size-medium wp-image-14929\" alt=\"6328990w\" src=\"https:\/\/eldigitaldeasturias.com\/magazine365\/wp-content\/uploads\/2014\/06\/6328990w-360x217.jpg\" width=\"360\" height=\"217\" \/>Madrid, 3 jun (EFE).- La segunda empresa a\u00e9rea m\u00e1s grande de Escandinavia y la tercera de bajo coste de Europa ha abierto una base en el aeropuerto Adolfo Su\u00e1rez-Madrid Barajas para operar siete rutas directas que supondr\u00e1n la creaci\u00f3n de m\u00e1s de 100 empleos entre pilotos y auxiliares de vuelo.<\/p>\n<p>Norwegian, que ya tienen bases en Alicante, Barcelona, M\u00e1laga, Las Palmas y Tenerife, ha basado dos nuevos Boeing 737-800s en Madrid para cubrir sus rutas diarias a Londres y Copenhague y tambi\u00e9n a Estocolmo, Oslo, Helsinki, Hamburgo, Varsovia y Malta y ya planea para el futuro implantar operaciones de largo radio desde el aeropuerto Adolfo Su\u00e1rez.<\/p>\n<p>Las rutas programadas son tres vuelos semanales, los martes, jueves y domingos, a Oslo; cuatro, los lunes, mi\u00e9rcoles, viernes y domingos a Estocolmo; tres, los lunes, mi\u00e9rcoles y viernes, a Helsinki; cuatro, los lunes, mi\u00e9rcoles, viernes y domingos, a Hamburgo; tres, los martes, jueves y s\u00e1bados, a Varsovia; una, los s\u00e1bados, a Malta; y todos los d\u00edas a Londres y a Copenhague.<\/p>\n<p>A la presentaci\u00f3n han asistido la consejera madrile\u00f1a de Empleo, Turismo y Cultura, Ana Isabel Mari\u00f1o, y el delegado de Las Artes, Deportes y Turismo de la capital, Pedro Corral.<\/p>\n<p>Junto al director comercial de Norwegian, Thomas Ramdahl, la consejera ha destacado la importancia que para la regi\u00f3n tiene la apertura de esta base operativa de la compa\u00f1\u00eda, que suma, adem\u00e1s, un aumento de la frecuencia de sus vuelos de Madrid a Copenhague.<\/p>\n<p>En poco m\u00e1s de un a\u00f1o, ha indicado Mari\u00f1o, Norwegian pasar\u00e1 de ocho operaciones en verano de 2013 desde el aeropuerto madrile\u00f1o a abrir una base y operar m\u00e1s de 64 vuelos semanales desde y hacia Madrid en verano 2014, lo que supone un crecimiento del 700 %.<\/p>\n<p>Ana Isabel Mari\u00f1o ha se\u00f1alado que el Gobierno regional ha participado activamente en la negociaci\u00f3n para que la aerol\u00ednea escandinava se instale en el aeropuerto Adolfo Su\u00e1rez-Madrid Barajas.<\/p>\n<p>La titular de Empleo, Turismo y Cultura considera que el aeropuerto de Madrid debe seguir abriendo sus puertas a compa\u00f1\u00edas de bajo coste como \u00e9sta, con cuyos itinerarios captar\u00e1 unos 700.000 viajeros nuevos al a\u00f1o hacia la capital de Espa\u00f1a procedentes del mercado escandinavo, que cada vez valora m\u00e1s la oferta cultural, de compras y de gastronom\u00eda que ofrece la regi\u00f3n.<\/p>\n<p>La Comunidad de Madrid ha dise\u00f1ado en colaboraci\u00f3n con la aerol\u00ednea un conjunto de actuaciones de promoci\u00f3n de la regi\u00f3n en los nuevos destinos que van a conectarse con Madrid, que estima que va a llegar a m\u00e1s de 5,5 millones de personas.<\/p>\n<p>A su vez, el delegado de Las Artes, Deportes y Turismo del Ayuntamiento de Madrid ha manifestado que \u00abesta apuesta es un gran impulso para el refuerzo y el aumento del turismo internacional en Madrid\u00bb con una oferta que brinda \u00abun servicio amplio, de calidad y a precios muy competitivos\u00bb.<\/p>\n<p>Pedro Corral ha agradecido a la compa\u00f1\u00eda n\u00f3rdica \u00abla enorme confianza depositada en el destino de esta ciudad\u00bb mientras el director comercial de la aerol\u00ednea ha apuntado que la apertura de su primera base en el interior de Espa\u00f1a viene a demostrar la \u00abimportancia estrat\u00e9gica\u00bb que Madrid tiene para la compa\u00f1\u00eda.<\/p>\n<p>Norwegian Air Shuttle ASA, que cotiza en la bolsa de Oslo, mueve anualmente m\u00e1s de 20 millones de pasajeros en una red que se extiende por toda Europa, norte de \u00c1frica y Oriente Medio y que incluye vuelos de larga distancia a Estados Unidos y el sudeste asi\u00e1tico.<\/p>\n","protected":false},"excerpt":{"rendered":"<p>Madrid, 3 jun (EFE).- La segunda empresa a\u00e9rea m\u00e1s grande de Escandinavia y la tercera de bajo coste de Europa ha abierto una base en el aeropuerto Adolfo Su\u00e1rez-Madrid Barajas para operar siete rutas directas que supondr\u00e1n la creaci\u00f3n de m\u00e1s de 100 empleos entre pilotos y auxiliares de vuelo. Norwegian, que ya tienen bases<\/p>\n","protected":false},"author":1,"featured_media":14929,"comment_status":"open","ping_status":"closed","sticky":false,"template":"","format":"standard","meta":{"footnotes":""},"categories":[222],"tags":[],"class_list":{"0":"post-14928","1":"post","2":"type-post","3":"status-publish","4":"format-standard","5":"has-post-thumbnail","7":"category-actualidad-turismo"},"aioseo_notices":[],"aioseo_head":"\n\t\t<!-- All in One SEO Pro 4.9.6.1 - aioseo.com -->\n\t<meta name=\"description\" content=\"Madrid, 3 jun (EFE).- La segunda empresa a\u00e9rea m\u00e1s grande de Escandinavia y la tercera de bajo coste de Europa ha abierto una base en el aeropuerto Adolfo Su\u00e1rez-Madrid Barajas para operar siete rutas directas que supondr\u00e1n la creaci\u00f3n de m\u00e1s de 100 empleos entre pilotos y auxiliares de vuelo. Norwegian, que ya tienen bases\" \/>\n\t<meta name=\"robots\" content=\"max-image-preview:large\" \/>\n\t<meta name=\"author\" content=\"admin\"\/>\n\t<meta name=\"google-site-verification\" content=\"UA-38556648-1\" \/>\n\t<meta name=\"keywords\" content=\"actualidad turismo\" \/>\n\t<link rel=\"canonical\" href=\"https:\/\/eldigitaldeasturias.com\/magazine365\/la-tercera-aerolinea-de-bajo-coste-de-europa-abre-base-en-madrid\/\" \/>\n\t<meta name=\"generator\" content=\"All in One SEO Pro (AIOSEO) 4.9.6.1\" \/>\n\t\t<meta property=\"og:locale\" content=\"es_ES\" \/>\n\t\t<meta property=\"og:site_name\" content=\"El Digital de Asturias \u2013 Revista de ocio, turismo y estilo de vida\" \/>\n\t\t<meta property=\"og:type\" content=\"article\" \/>\n\t\t<meta property=\"og:title\" content=\"La tercera aerol\u00ednea de bajo coste de Europa abre base en Madrid | El Digital de Asturias\" \/>\n\t\t<meta property=\"og:description\" content=\"Madrid, 3 jun (EFE).- La segunda empresa a\u00e9rea m\u00e1s grande de Escandinavia y la tercera de bajo coste de Europa ha abierto una base en el aeropuerto Adolfo Su\u00e1rez-Madrid Barajas para operar siete rutas directas que supondr\u00e1n la creaci\u00f3n de m\u00e1s de 100 empleos entre pilotos y auxiliares de vuelo. Norwegian, que ya tienen bases\" \/>\n\t\t<meta property=\"og:url\" content=\"https:\/\/eldigitaldeasturias.com\/magazine365\/la-tercera-aerolinea-de-bajo-coste-de-europa-abre-base-en-madrid\/\" \/>\n\t\t<meta property=\"og:image\" content=\"https:\/\/eldigitaldeasturias.com\/magazine365\/wp-content\/uploads\/2014\/06\/6328990w.jpg\" \/>\n\t\t<meta property=\"og:image:secure_url\" content=\"https:\/\/eldigitaldeasturias.com\/magazine365\/wp-content\/uploads\/2014\/06\/6328990w.jpg\" \/>\n\t\t<meta property=\"og:image:width\" content=\"800\" \/>\n\t\t<meta property=\"og:image:height\" content=\"484\" \/>\n\t\t<meta property=\"article:published_time\" content=\"2014-06-03T17:58:47+00:00\" \/>\n\t\t<meta property=\"article:modified_time\" content=\"2014-06-03T17:58:47+00:00\" \/>\n\t\t<meta name=\"twitter:card\" content=\"summary_large_image\" \/>\n\t\t<meta name=\"twitter:title\" content=\"La tercera aerol\u00ednea de bajo coste de Europa abre base en Madrid | El Digital de Asturias\" \/>\n\t\t<meta name=\"twitter:description\" content=\"Madrid, 3 jun (EFE).- La segunda empresa a\u00e9rea m\u00e1s grande de Escandinavia y la tercera de bajo coste de Europa ha abierto una base en el aeropuerto Adolfo Su\u00e1rez-Madrid Barajas para operar siete rutas directas que supondr\u00e1n la creaci\u00f3n de m\u00e1s de 100 empleos entre pilotos y auxiliares de vuelo. Norwegian, que ya tienen bases\" \/>\n\t\t<meta name=\"twitter:image\" content=\"https:\/\/eldigitaldeasturias.com\/magazine365\/wp-content\/uploads\/2014\/06\/6328990w.jpg\" \/>\n\t\t<script type=\"application\/ld+json\" class=\"aioseo-schema\">\n\t\t\t{\"@context\":\"https:\\\/\\\/schema.org\",\"@graph\":[{\"@type\":\"Article\",\"@id\":\"https:\\\/\\\/eldigitaldeasturias.com\\\/magazine365\\\/la-tercera-aerolinea-de-bajo-coste-de-europa-abre-base-en-madrid\\\/#article\",\"name\":\"La tercera aerol\\u00ednea de bajo coste de Europa abre base en Madrid | El Digital de Asturias\",\"headline\":\"La tercera aerol\\u00ednea de bajo coste de Europa abre base en Madrid\",\"author\":{\"@id\":\"https:\\\/\\\/eldigitaldeasturias.com\\\/magazine365\\\/author\\\/admin\\\/#author\"},\"publisher\":{\"@id\":\"https:\\\/\\\/eldigitaldeasturias.com\\\/magazine365\\\/#organization\"},\"image\":{\"@type\":\"ImageObject\",\"url\":\"https:\\\/\\\/eldigitaldeasturias.com\\\/magazine365\\\/wp-content\\\/uploads\\\/2014\\\/06\\\/6328990w.jpg\",\"width\":800,\"height\":484},\"datePublished\":\"2014-06-03T15:58:47+02:00\",\"dateModified\":\"2014-06-03T15:58:47+02:00\",\"inLanguage\":\"es-ES\",\"mainEntityOfPage\":{\"@id\":\"https:\\\/\\\/eldigitaldeasturias.com\\\/magazine365\\\/la-tercera-aerolinea-de-bajo-coste-de-europa-abre-base-en-madrid\\\/#webpage\"},\"isPartOf\":{\"@id\":\"https:\\\/\\\/eldigitaldeasturias.com\\\/magazine365\\\/la-tercera-aerolinea-de-bajo-coste-de-europa-abre-base-en-madrid\\\/#webpage\"},\"articleSection\":\"Actualidad Turismo\"},{\"@type\":\"BreadcrumbList\",\"@id\":\"https:\\\/\\\/eldigitaldeasturias.com\\\/magazine365\\\/la-tercera-aerolinea-de-bajo-coste-de-europa-abre-base-en-madrid\\\/#breadcrumblist\",\"itemListElement\":[{\"@type\":\"ListItem\",\"@id\":\"https:\\\/\\\/eldigitaldeasturias.com\\\/magazine365#listItem\",\"position\":1,\"name\":\"Home\",\"item\":\"https:\\\/\\\/eldigitaldeasturias.com\\\/magazine365\",\"nextItem\":{\"@type\":\"ListItem\",\"@id\":\"https:\\\/\\\/eldigitaldeasturias.com\\\/magazine365\\\/category\\\/actualidad-turismo\\\/#listItem\",\"name\":\"Actualidad Turismo\"}},{\"@type\":\"ListItem\",\"@id\":\"https:\\\/\\\/eldigitaldeasturias.com\\\/magazine365\\\/category\\\/actualidad-turismo\\\/#listItem\",\"position\":2,\"name\":\"Actualidad Turismo\",\"item\":\"https:\\\/\\\/eldigitaldeasturias.com\\\/magazine365\\\/category\\\/actualidad-turismo\\\/\",\"nextItem\":{\"@type\":\"ListItem\",\"@id\":\"https:\\\/\\\/eldigitaldeasturias.com\\\/magazine365\\\/la-tercera-aerolinea-de-bajo-coste-de-europa-abre-base-en-madrid\\\/#listItem\",\"name\":\"La tercera aerol\\u00ednea de bajo coste de Europa abre base en Madrid\"},\"previousItem\":{\"@type\":\"ListItem\",\"@id\":\"https:\\\/\\\/eldigitaldeasturias.com\\\/magazine365#listItem\",\"name\":\"Home\"}},{\"@type\":\"ListItem\",\"@id\":\"https:\\\/\\\/eldigitaldeasturias.com\\\/magazine365\\\/la-tercera-aerolinea-de-bajo-coste-de-europa-abre-base-en-madrid\\\/#listItem\",\"position\":3,\"name\":\"La tercera aerol\\u00ednea de bajo coste de Europa abre base en Madrid\",\"previousItem\":{\"@type\":\"ListItem\",\"@id\":\"https:\\\/\\\/eldigitaldeasturias.com\\\/magazine365\\\/category\\\/actualidad-turismo\\\/#listItem\",\"name\":\"Actualidad Turismo\"}}]},{\"@type\":\"Organization\",\"@id\":\"https:\\\/\\\/eldigitaldeasturias.com\\\/magazine365\\\/#organization\",\"name\":\"El digital de Asturias\",\"description\":\"Revista de ocio, turismo y estilo de vida\",\"url\":\"https:\\\/\\\/eldigitaldeasturias.com\\\/magazine365\\\/\",\"logo\":{\"@type\":\"ImageObject\",\"url\":\"https:\\\/\\\/www.eldigitaldeasturias.com\\\/noticias\\\/wp-content\\\/uploads\\\/2020\\\/12\\\/EDA.jpg\",\"@id\":\"https:\\\/\\\/eldigitaldeasturias.com\\\/magazine365\\\/la-tercera-aerolinea-de-bajo-coste-de-europa-abre-base-en-madrid\\\/#organizationLogo\"},\"image\":{\"@id\":\"https:\\\/\\\/eldigitaldeasturias.com\\\/magazine365\\\/la-tercera-aerolinea-de-bajo-coste-de-europa-abre-base-en-madrid\\\/#organizationLogo\"}},{\"@type\":\"Person\",\"@id\":\"https:\\\/\\\/eldigitaldeasturias.com\\\/magazine365\\\/author\\\/admin\\\/#author\",\"url\":\"https:\\\/\\\/eldigitaldeasturias.com\\\/magazine365\\\/author\\\/admin\\\/\",\"name\":\"admin\",\"image\":{\"@type\":\"ImageObject\",\"@id\":\"https:\\\/\\\/eldigitaldeasturias.com\\\/magazine365\\\/la-tercera-aerolinea-de-bajo-coste-de-europa-abre-base-en-madrid\\\/#authorImage\",\"url\":\"https:\\\/\\\/eldigitaldeasturias.com\\\/magazine365\\\/wp-content\\\/litespeed\\\/avatar\\\/e571bcf59a0edd6fa6838245a470f2fe.jpg?ver=1777574230\",\"width\":96,\"height\":96,\"caption\":\"admin\"}},{\"@type\":\"WebPage\",\"@id\":\"https:\\\/\\\/eldigitaldeasturias.com\\\/magazine365\\\/la-tercera-aerolinea-de-bajo-coste-de-europa-abre-base-en-madrid\\\/#webpage\",\"url\":\"https:\\\/\\\/eldigitaldeasturias.com\\\/magazine365\\\/la-tercera-aerolinea-de-bajo-coste-de-europa-abre-base-en-madrid\\\/\",\"name\":\"La tercera aerol\\u00ednea de bajo coste de Europa abre base en Madrid | El Digital de Asturias\",\"description\":\"Madrid, 3 jun (EFE).- La segunda empresa a\\u00e9rea m\\u00e1s grande de Escandinavia y la tercera de bajo coste de Europa ha abierto una base en el aeropuerto Adolfo Su\\u00e1rez-Madrid Barajas para operar siete rutas directas que supondr\\u00e1n la creaci\\u00f3n de m\\u00e1s de 100 empleos entre pilotos y auxiliares de vuelo. Norwegian, que ya tienen bases\",\"inLanguage\":\"es-ES\",\"isPartOf\":{\"@id\":\"https:\\\/\\\/eldigitaldeasturias.com\\\/magazine365\\\/#website\"},\"breadcrumb\":{\"@id\":\"https:\\\/\\\/eldigitaldeasturias.com\\\/magazine365\\\/la-tercera-aerolinea-de-bajo-coste-de-europa-abre-base-en-madrid\\\/#breadcrumblist\"},\"author\":{\"@id\":\"https:\\\/\\\/eldigitaldeasturias.com\\\/magazine365\\\/author\\\/admin\\\/#author\"},\"creator\":{\"@id\":\"https:\\\/\\\/eldigitaldeasturias.com\\\/magazine365\\\/author\\\/admin\\\/#author\"},\"image\":{\"@type\":\"ImageObject\",\"url\":\"https:\\\/\\\/eldigitaldeasturias.com\\\/magazine365\\\/wp-content\\\/uploads\\\/2014\\\/06\\\/6328990w.jpg\",\"@id\":\"https:\\\/\\\/eldigitaldeasturias.com\\\/magazine365\\\/la-tercera-aerolinea-de-bajo-coste-de-europa-abre-base-en-madrid\\\/#mainImage\",\"width\":800,\"height\":484},\"primaryImageOfPage\":{\"@id\":\"https:\\\/\\\/eldigitaldeasturias.com\\\/magazine365\\\/la-tercera-aerolinea-de-bajo-coste-de-europa-abre-base-en-madrid\\\/#mainImage\"},\"datePublished\":\"2014-06-03T15:58:47+02:00\",\"dateModified\":\"2014-06-03T15:58:47+02:00\"},{\"@type\":\"WebSite\",\"@id\":\"https:\\\/\\\/eldigitaldeasturias.com\\\/magazine365\\\/#website\",\"url\":\"https:\\\/\\\/eldigitaldeasturias.com\\\/magazine365\\\/\",\"name\":\"El Digital de Asturias\",\"description\":\"Revista de ocio, turismo y estilo de vida\",\"inLanguage\":\"es-ES\",\"publisher\":{\"@id\":\"https:\\\/\\\/eldigitaldeasturias.com\\\/magazine365\\\/#organization\"}}]}\n\t\t<\/script>\n\t\t<!-- All in One SEO Pro -->\r\n\t\t<title>La tercera aerol\u00ednea de bajo coste de Europa abre base en Madrid | El Digital de Asturias<\/title>\n\n","aioseo_head_json":{"title":"La tercera aerol\u00ednea de bajo coste de Europa abre base en Madrid | El Digital de Asturias","description":"Madrid, 3 jun (EFE).- La segunda empresa a\u00e9rea m\u00e1s grande de Escandinavia y la tercera de bajo coste de Europa ha abierto una base en el aeropuerto Adolfo Su\u00e1rez-Madrid Barajas para operar siete rutas directas que supondr\u00e1n la creaci\u00f3n de m\u00e1s de 100 empleos entre pilotos y auxiliares de vuelo. Norwegian, que ya tienen bases","canonical_url":"https:\/\/eldigitaldeasturias.com\/magazine365\/la-tercera-aerolinea-de-bajo-coste-de-europa-abre-base-en-madrid\/","robots":"max-image-preview:large","keywords":"actualidad turismo","webmasterTools":{"google-site-verification":"UA-38556648-1","miscellaneous":""},"schema":{"@context":"https:\/\/schema.org","@graph":[{"@type":"Article","@id":"https:\/\/eldigitaldeasturias.com\/magazine365\/la-tercera-aerolinea-de-bajo-coste-de-europa-abre-base-en-madrid\/#article","name":"La tercera aerol\u00ednea de bajo coste de Europa abre base en Madrid | El Digital de Asturias","headline":"La tercera aerol\u00ednea de bajo coste de Europa abre base en Madrid","author":{"@id":"https:\/\/eldigitaldeasturias.com\/magazine365\/author\/admin\/#author"},"publisher":{"@id":"https:\/\/eldigitaldeasturias.com\/magazine365\/#organization"},"image":{"@type":"ImageObject","url":"https:\/\/eldigitaldeasturias.com\/magazine365\/wp-content\/uploads\/2014\/06\/6328990w.jpg","width":800,"height":484},"datePublished":"2014-06-03T15:58:47+02:00","dateModified":"2014-06-03T15:58:47+02:00","inLanguage":"es-ES","mainEntityOfPage":{"@id":"https:\/\/eldigitaldeasturias.com\/magazine365\/la-tercera-aerolinea-de-bajo-coste-de-europa-abre-base-en-madrid\/#webpage"},"isPartOf":{"@id":"https:\/\/eldigitaldeasturias.com\/magazine365\/la-tercera-aerolinea-de-bajo-coste-de-europa-abre-base-en-madrid\/#webpage"},"articleSection":"Actualidad Turismo"},{"@type":"BreadcrumbList","@id":"https:\/\/eldigitaldeasturias.com\/magazine365\/la-tercera-aerolinea-de-bajo-coste-de-europa-abre-base-en-madrid\/#breadcrumblist","itemListElement":[{"@type":"ListItem","@id":"https:\/\/eldigitaldeasturias.com\/magazine365#listItem","position":1,"name":"Home","item":"https:\/\/eldigitaldeasturias.com\/magazine365","nextItem":{"@type":"ListItem","@id":"https:\/\/eldigitaldeasturias.com\/magazine365\/category\/actualidad-turismo\/#listItem","name":"Actualidad Turismo"}},{"@type":"ListItem","@id":"https:\/\/eldigitaldeasturias.com\/magazine365\/category\/actualidad-turismo\/#listItem","position":2,"name":"Actualidad Turismo","item":"https:\/\/eldigitaldeasturias.com\/magazine365\/category\/actualidad-turismo\/","nextItem":{"@type":"ListItem","@id":"https:\/\/eldigitaldeasturias.com\/magazine365\/la-tercera-aerolinea-de-bajo-coste-de-europa-abre-base-en-madrid\/#listItem","name":"La tercera aerol\u00ednea de bajo coste de Europa abre base en Madrid"},"previousItem":{"@type":"ListItem","@id":"https:\/\/eldigitaldeasturias.com\/magazine365#listItem","name":"Home"}},{"@type":"ListItem","@id":"https:\/\/eldigitaldeasturias.com\/magazine365\/la-tercera-aerolinea-de-bajo-coste-de-europa-abre-base-en-madrid\/#listItem","position":3,"name":"La tercera aerol\u00ednea de bajo coste de Europa abre base en Madrid","previousItem":{"@type":"ListItem","@id":"https:\/\/eldigitaldeasturias.com\/magazine365\/category\/actualidad-turismo\/#listItem","name":"Actualidad Turismo"}}]},{"@type":"Organization","@id":"https:\/\/eldigitaldeasturias.com\/magazine365\/#organization","name":"El digital de Asturias","description":"Revista de ocio, turismo y estilo de vida","url":"https:\/\/eldigitaldeasturias.com\/magazine365\/","logo":{"@type":"ImageObject","url":"https:\/\/www.eldigitaldeasturias.com\/noticias\/wp-content\/uploads\/2020\/12\/EDA.jpg","@id":"https:\/\/eldigitaldeasturias.com\/magazine365\/la-tercera-aerolinea-de-bajo-coste-de-europa-abre-base-en-madrid\/#organizationLogo"},"image":{"@id":"https:\/\/eldigitaldeasturias.com\/magazine365\/la-tercera-aerolinea-de-bajo-coste-de-europa-abre-base-en-madrid\/#organizationLogo"}},{"@type":"Person","@id":"https:\/\/eldigitaldeasturias.com\/magazine365\/author\/admin\/#author","url":"https:\/\/eldigitaldeasturias.com\/magazine365\/author\/admin\/","name":"admin","image":{"@type":"ImageObject","@id":"https:\/\/eldigitaldeasturias.com\/magazine365\/la-tercera-aerolinea-de-bajo-coste-de-europa-abre-base-en-madrid\/#authorImage","url":"https:\/\/eldigitaldeasturias.com\/magazine365\/wp-content\/litespeed\/avatar\/e571bcf59a0edd6fa6838245a470f2fe.jpg?ver=1777574230","width":96,"height":96,"caption":"admin"}},{"@type":"WebPage","@id":"https:\/\/eldigitaldeasturias.com\/magazine365\/la-tercera-aerolinea-de-bajo-coste-de-europa-abre-base-en-madrid\/#webpage","url":"https:\/\/eldigitaldeasturias.com\/magazine365\/la-tercera-aerolinea-de-bajo-coste-de-europa-abre-base-en-madrid\/","name":"La tercera aerol\u00ednea de bajo coste de Europa abre base en Madrid | El Digital de Asturias","description":"Madrid, 3 jun (EFE).- La segunda empresa a\u00e9rea m\u00e1s grande de Escandinavia y la tercera de bajo coste de Europa ha abierto una base en el aeropuerto Adolfo Su\u00e1rez-Madrid Barajas para operar siete rutas directas que supondr\u00e1n la creaci\u00f3n de m\u00e1s de 100 empleos entre pilotos y auxiliares de vuelo. Norwegian, que ya tienen bases","inLanguage":"es-ES","isPartOf":{"@id":"https:\/\/eldigitaldeasturias.com\/magazine365\/#website"},"breadcrumb":{"@id":"https:\/\/eldigitaldeasturias.com\/magazine365\/la-tercera-aerolinea-de-bajo-coste-de-europa-abre-base-en-madrid\/#breadcrumblist"},"author":{"@id":"https:\/\/eldigitaldeasturias.com\/magazine365\/author\/admin\/#author"},"creator":{"@id":"https:\/\/eldigitaldeasturias.com\/magazine365\/author\/admin\/#author"},"image":{"@type":"ImageObject","url":"https:\/\/eldigitaldeasturias.com\/magazine365\/wp-content\/uploads\/2014\/06\/6328990w.jpg","@id":"https:\/\/eldigitaldeasturias.com\/magazine365\/la-tercera-aerolinea-de-bajo-coste-de-europa-abre-base-en-madrid\/#mainImage","width":800,"height":484},"primaryImageOfPage":{"@id":"https:\/\/eldigitaldeasturias.com\/magazine365\/la-tercera-aerolinea-de-bajo-coste-de-europa-abre-base-en-madrid\/#mainImage"},"datePublished":"2014-06-03T15:58:47+02:00","dateModified":"2014-06-03T15:58:47+02:00"},{"@type":"WebSite","@id":"https:\/\/eldigitaldeasturias.com\/magazine365\/#website","url":"https:\/\/eldigitaldeasturias.com\/magazine365\/","name":"El Digital de Asturias","description":"Revista de ocio, turismo y estilo de vida","inLanguage":"es-ES","publisher":{"@id":"https:\/\/eldigitaldeasturias.com\/magazine365\/#organization"}}]},"og:locale":"es_ES","og:site_name":"El Digital de Asturias \u2013 Revista de ocio, turismo y estilo de vida","og:type":"article","og:title":"La tercera aerol\u00ednea de bajo coste de Europa abre base en Madrid | El Digital de Asturias","og:description":"Madrid, 3 jun (EFE).- La segunda empresa a\u00e9rea m\u00e1s grande de Escandinavia y la tercera de bajo coste de Europa ha abierto una base en el aeropuerto Adolfo Su\u00e1rez-Madrid Barajas para operar siete rutas directas que supondr\u00e1n la creaci\u00f3n de m\u00e1s de 100 empleos entre pilotos y auxiliares de vuelo. Norwegian, que ya tienen bases","og:url":"https:\/\/eldigitaldeasturias.com\/magazine365\/la-tercera-aerolinea-de-bajo-coste-de-europa-abre-base-en-madrid\/","og:image":"https:\/\/eldigitaldeasturias.com\/magazine365\/wp-content\/uploads\/2014\/06\/6328990w.jpg","og:image:secure_url":"https:\/\/eldigitaldeasturias.com\/magazine365\/wp-content\/uploads\/2014\/06\/6328990w.jpg","og:image:width":800,"og:image:height":484,"article:published_time":"2014-06-03T17:58:47+00:00","article:modified_time":"2014-06-03T17:58:47+00:00","twitter:card":"summary_large_image","twitter:title":"La tercera aerol\u00ednea de bajo coste de Europa abre base en Madrid | El Digital de Asturias","twitter:description":"Madrid, 3 jun (EFE).- La segunda empresa a\u00e9rea m\u00e1s grande de Escandinavia y la tercera de bajo coste de Europa ha abierto una base en el aeropuerto Adolfo Su\u00e1rez-Madrid Barajas para operar siete rutas directas que supondr\u00e1n la creaci\u00f3n de m\u00e1s de 100 empleos entre pilotos y auxiliares de vuelo. Norwegian, que ya tienen bases","twitter:image":"https:\/\/eldigitaldeasturias.com\/magazine365\/wp-content\/uploads\/2014\/06\/6328990w.jpg"},"aioseo_meta_data":{"post_id":"14928","title":null,"description":null,"keywords":null,"keyphrases":null,"primary_term":null,"canonical_url":null,"og_title":null,"og_description":null,"og_object_type":"default","og_image_type":"default","og_image_url":null,"og_image_width":null,"og_image_height":null,"og_image_custom_url":null,"og_image_custom_fields":null,"og_video":null,"og_custom_url":null,"og_article_section":null,"og_article_tags":null,"twitter_use_og":false,"twitter_card":"default","twitter_image_type":"default","twitter_image_url":null,"twitter_image_custom_url":null,"twitter_image_custom_fields":null,"twitter_title":null,"twitter_description":null,"schema":{"blockGraphs":[],"customGraphs":[],"default":{"data":{"Article":[],"Course":[],"Dataset":[],"FAQPage":[],"Movie":[],"Person":[],"Product":[],"ProductReview":[],"Car":[],"Recipe":[],"Service":[],"SoftwareApplication":[],"WebPage":[]},"graphName":"","isEnabled":true},"graphs":[],"defaultGraph":"","defaultPostTypeGraph":""},"schema_type":null,"schema_type_options":null,"pillar_content":false,"robots_default":true,"robots_noindex":false,"robots_noarchive":false,"robots_nosnippet":false,"robots_nofollow":false,"robots_noimageindex":false,"robots_noodp":false,"robots_notranslate":false,"robots_max_snippet":null,"robots_max_videopreview":null,"robots_max_imagepreview":"large","priority":null,"frequency":null,"location":null,"local_seo":null,"seo_analyzer_scan_date":"2025-09-17 11:05:46","breadcrumb_settings":null,"limit_modified_date":false,"open_ai":null,"ai":null,"created":"2021-03-09 08:08:50","updated":"2025-09-17 11:05:46"},"aioseo_breadcrumb":"<div class=\"aioseo-breadcrumbs\"><span class=\"aioseo-breadcrumb\">\n\t<a href=\"https:\/\/eldigitaldeasturias.com\/magazine365\" title=\"Home\">Home<\/a>\n<\/span><span class=\"aioseo-breadcrumb-separator\">\u2013<\/span><span class=\"aioseo-breadcrumb\">\n\t<a href=\"https:\/\/eldigitaldeasturias.com\/magazine365\/category\/actualidad-turismo\/\" title=\"Actualidad Turismo\">Actualidad Turismo<\/a>\n<\/span><span class=\"aioseo-breadcrumb-separator\">\u2013<\/span><span class=\"aioseo-breadcrumb\">\n\t<a href=\"https:\/\/eldigitaldeasturias.com\/magazine365\/la-tercera-aerolinea-de-bajo-coste-de-europa-abre-base-en-madrid\/\" title=\"La tercera aerol\u00ednea de bajo coste de Europa abre base en Madrid\">La tercera aerol\u00ednea de bajo coste de Europa abre base en Madrid<\/a>\n<\/span><\/div>","aioseo_breadcrumb_json":[{"label":"Home","link":"https:\/\/eldigitaldeasturias.com\/magazine365"},{"label":"Actualidad Turismo","link":"https:\/\/eldigitaldeasturias.com\/magazine365\/category\/actualidad-turismo\/"},{"label":"La tercera aerol\u00ednea de bajo coste de Europa abre base en Madrid","link":"https:\/\/eldigitaldeasturias.com\/magazine365\/la-tercera-aerolinea-de-bajo-coste-de-europa-abre-base-en-madrid\/"}],"_links":{"self":[{"href":"https:\/\/eldigitaldeasturias.com\/magazine365\/wp-json\/wp\/v2\/posts\/14928","targetHints":{"allow":["GET"]}}],"collection":[{"href":"https:\/\/eldigitaldeasturias.com\/magazine365\/wp-json\/wp\/v2\/posts"}],"about":[{"href":"https:\/\/eldigitaldeasturias.com\/magazine365\/wp-json\/wp\/v2\/types\/post"}],"author":[{"embeddable":true,"href":"https:\/\/eldigitaldeasturias.com\/magazine365\/wp-json\/wp\/v2\/users\/1"}],"replies":[{"embeddable":true,"href":"https:\/\/eldigitaldeasturias.com\/magazine365\/wp-json\/wp\/v2\/comments?post=14928"}],"version-history":[{"count":0,"href":"https:\/\/eldigitaldeasturias.com\/magazine365\/wp-json\/wp\/v2\/posts\/14928\/revisions"}],"wp:featuredmedia":[{"embeddable":true,"href":"https:\/\/eldigitaldeasturias.com\/magazine365\/wp-json\/wp\/v2\/media\/14929"}],"wp:attachment":[{"href":"https:\/\/eldigitaldeasturias.com\/magazine365\/wp-json\/wp\/v2\/media?parent=14928"}],"wp:term":[{"taxonomy":"category","embeddable":true,"href":"https:\/\/eldigitaldeasturias.com\/magazine365\/wp-json\/wp\/v2\/categories?post=14928"},{"taxonomy":"post_tag","embeddable":true,"href":"https:\/\/eldigitaldeasturias.com\/magazine365\/wp-json\/wp\/v2\/tags?post=14928"}],"curies":[{"name":"wp","href":"https:\/\/api.w.org\/{rel}","templated":true}]}}