{"id":14925,"date":"2014-06-03T15:57:43","date_gmt":"2014-06-03T17:57:43","guid":{"rendered":"http:\/\/eldigitaldeasturias.com\/magazine365\/?p=14925"},"modified":"2014-06-03T15:57:43","modified_gmt":"2014-06-03T17:57:43","slug":"la-infanta-elena-visita-varias-obras-de-la-fundacion-mapfre-en-ecuador","status":"publish","type":"post","link":"https:\/\/eldigitaldeasturias.com\/magazine365\/la-infanta-elena-visita-varias-obras-de-la-fundacion-mapfre-en-ecuador\/","title":{"rendered":"La infanta Elena visita varias obras de la Fundaci\u00f3n Mapfre en Ecuador"},"content":{"rendered":"<p><img fetchpriority=\"high\" decoding=\"async\" class=\"alignleft size-medium wp-image-14926\" alt=\"6328968w\" src=\"https:\/\/eldigitaldeasturias.com\/magazine365\/wp-content\/uploads\/2014\/06\/6328968w-360x239.jpg\" width=\"360\" height=\"239\" \/>Mascarilla (Ecuador), 3 jun (EFE).- La infanta Elena de Espa\u00f1a visit\u00f3 este lunes en el norte de Ecuador un centro educativo y de salud que brinda apoyo a 250 ni\u00f1os y j\u00f3venes afrodescendientes y que tambi\u00e9n previene el maltrato infantil y la violencia intrafamiliar.<\/p>\n<p>Do\u00f1a Elena, quien visita el pa\u00eds andino hasta este jueves, efectu\u00f3 un recorrido por las instalaciones del centro, la Unidad Educativa Hernando T\u00e1quez, situada en la comunidad de Mascarilla, en la provincia de Carchi (norte) donde departi\u00f3 con alumnos y profesores y se interes\u00f3 por particularidades de los programas que se imparten.<\/p>\n<p>All\u00ed, la infanta presenci\u00f3 una exhibici\u00f3n de bailes tradicionales efectuada en su honor e incluso acept\u00f3 la invitaci\u00f3n de un ni\u00f1o con quien particip\u00f3 en una de las coloridas danzas de las poblaciones afrodescendientes.<\/p>\n<p>La espa\u00f1ola Fundaci\u00f3n Mapfre, de la que do\u00f1a Elena es directora de Proyectos Sociales y Culturales, promueve este proyecto educativo sanitario en colaboraci\u00f3n con la Fundaci\u00f3n Ayuda en Acci\u00f3n, tambi\u00e9n de Espa\u00f1a y la Fundaci\u00f3n Prodeci (Pro-Derechos Ciudadanos) de Ecuador.<\/p>\n<p>El proyecto \u00abMejora de la calidad educativa y de salud\u00bb, con una inversi\u00f3n de 90.000 euros, proporciona educaci\u00f3n b\u00e1sica, alimentaci\u00f3n y asistencia m\u00e9dica y odontol\u00f3gica a los j\u00f3venes, as\u00ed como tratamiento psicopedag\u00f3gico a menores de 14 a\u00f1os con problemas de conducta y dificultades de aprendizaje.<\/p>\n<p>Las actividades y programas desarrollados en el centro Hernando T\u00e1quez contribuyen tambi\u00e9n a reducir significativamente la deserci\u00f3n escolar, mejorar el rendimiento acad\u00e9mico y detectar a tiempo situaciones relacionadas con el maltrato infantil y la violencia intrafamiliar, se\u00f1al\u00f3 en un comunicado la Fundaci\u00f3n Mapfre.<\/p>\n<p>Adem\u00e1s, se pretende que los beneficiarios \u00abconozcan su historia y su cultura, afiancen su identidad, hagan llegar sus ideas y propuestas a diferentes entidades p\u00fablicas y privadas y disfruten de sus derechos\u00bb, indica la nota.<\/p>\n<p>Los habitantes de Mascarilla, una de las comunidades m\u00e1s deprimidas de Ecuador, son en su mayor\u00eda afroecuatorianos e integran familias compuestas por una media de seis miembros que se dedican principalmente a la agricultura, con ingresos mensuales inferiores a 204 d\u00f3lares (150 euros).<\/p>\n<p>Durante la visita a Mascarilla, la infanta, que estuvo acompa\u00f1ada del director del \u00e1rea de Acci\u00f3n Social de la Fundaci\u00f3n Mapfre, Fernando Garrido y del presidente de Mapfre Atlas, Rafael Su\u00e1rez, recorri\u00f3 tambi\u00e9n tres proyectos en el \u00e1rea de Chota-Mira, en las provincias de Imbabura y Carchi, que tambi\u00e9n forman parte del proyecto \u00abMejora de la calidad educativa y de salud\u00bb.<\/p>\n<p>Son emprendimientos dedicados a la crianza de animales, cultivo de huertos frut\u00edcolas y elaboraci\u00f3n de mermeladas y abonos org\u00e1nicos, entre otros, que se desarrollan bajo el seguimiento y asistencia de la Fundaci\u00f3n Mapfre.<\/p>\n<p>El proyecto \u00abMejora de la calidad educativa y de salud\u00bb se enmarca dentro de \u00abFormando Comunidad\u00bb, un programa internacional impulsado por esta fundaci\u00f3n que est\u00e1 dirigido a promover acciones de apoyo a ni\u00f1os y j\u00f3venes desfavorecidos a trav\u00e9s de tres pilares fundamentales: la educaci\u00f3n, la nutrici\u00f3n y la salud.<\/p>\n<p>La primera jornada de la visita de la hija mayor del Rey coincidi\u00f3 con el anuncio de abdicaci\u00f3n de su padre, el rey Juan Carlos, aunque la agenda de actividades de do\u00f1a Elena se mantuvo invariable.<\/p>\n<p>La infanta tiene previsto visitar hoy en Quito el nuevo centro de la Alianza para el Desarrollo, Educaci\u00f3n y Cultura (Aldec), promovido por Mapfre, la Administraci\u00f3n de la Comunidad de Madrid y la Fundaci\u00f3n Meridional, que asiste con educaci\u00f3n y alimentaci\u00f3n a 200 ni\u00f1os y j\u00f3venes cuyos padres han emigrado a Madrid.<\/p>\n<p>Tambi\u00e9n acudir\u00e1 a la \u00abCasa Aldec\u00bb, en el casco colonial de la capital ecuatoriana, donde ni\u00f1os y adolescentes en situaci\u00f3n de pobreza extrema y en riesgo de exclusi\u00f3n reciben alimentaci\u00f3n, refuerzo educativo diario y apoyo familiar.<\/p>\n<p>En la noche del martes, la infanta Elena asistir\u00e1 a la inauguraci\u00f3n de la exposici\u00f3n temporal \u00abGuayasam\u00edn, Am\u00e9rica y Espa\u00f1a\u00bb, promovida por Mapfre Atlas, que mostrar\u00e1 cerca de 80 obras del pintor ecuatoriano Oswaldo Guayasam\u00edn, la mayor\u00eda de ellas elaboradas durante los 40 a\u00f1os que vivi\u00f3 en la Pen\u00ednsula Ib\u00e9rica.<\/p>\n<p>La agenda de do\u00f1a Elena para el mi\u00e9rcoles y el jueves incluye otras visitas y presentaciones de proyectos de la Fundaci\u00f3n Mapfre en Ecuador.<\/p>\n","protected":false},"excerpt":{"rendered":"<p>Mascarilla (Ecuador), 3 jun (EFE).- La infanta Elena de Espa\u00f1a visit\u00f3 este lunes en el norte de Ecuador un centro educativo y de salud que brinda apoyo a 250 ni\u00f1os y j\u00f3venes afrodescendientes y que tambi\u00e9n previene el maltrato infantil y la violencia intrafamiliar. Do\u00f1a Elena, quien visita el pa\u00eds andino hasta este jueves, efectu\u00f3<\/p>\n","protected":false},"author":1,"featured_media":14926,"comment_status":"open","ping_status":"closed","sticky":false,"template":"","format":"standard","meta":{"footnotes":""},"categories":[224],"tags":[],"class_list":{"0":"post-14925","1":"post","2":"type-post","3":"status-publish","4":"format-standard","5":"has-post-thumbnail","7":"category-noticias-actualidad"},"aioseo_notices":[],"aioseo_head":"\n\t\t<!-- All in One SEO Pro 4.9.6.1 - aioseo.com -->\n\t<meta name=\"description\" content=\"Mascarilla (Ecuador), 3 jun (EFE).- La infanta Elena de Espa\u00f1a visit\u00f3 este lunes en el norte de Ecuador un centro educativo y de salud que brinda apoyo a 250 ni\u00f1os y j\u00f3venes afrodescendientes y que tambi\u00e9n previene el maltrato infantil y la violencia intrafamiliar. Do\u00f1a Elena, quien visita el pa\u00eds andino hasta este jueves, efectu\u00f3\" \/>\n\t<meta name=\"robots\" content=\"max-image-preview:large\" \/>\n\t<meta name=\"author\" content=\"admin\"\/>\n\t<meta name=\"google-site-verification\" content=\"UA-38556648-1\" \/>\n\t<meta name=\"keywords\" content=\"noticias y actualidad\" \/>\n\t<link rel=\"canonical\" href=\"https:\/\/eldigitaldeasturias.com\/magazine365\/la-infanta-elena-visita-varias-obras-de-la-fundacion-mapfre-en-ecuador\/\" \/>\n\t<meta name=\"generator\" content=\"All in One SEO Pro (AIOSEO) 4.9.6.1\" \/>\n\t\t<meta property=\"og:locale\" content=\"es_ES\" \/>\n\t\t<meta property=\"og:site_name\" content=\"El Digital de Asturias \u2013 Revista de ocio, turismo y estilo de vida\" \/>\n\t\t<meta property=\"og:type\" content=\"article\" \/>\n\t\t<meta property=\"og:title\" content=\"La infanta Elena visita varias obras de la Fundaci\u00f3n Mapfre en Ecuador | El Digital de Asturias\" \/>\n\t\t<meta property=\"og:description\" content=\"Mascarilla (Ecuador), 3 jun (EFE).- La infanta Elena de Espa\u00f1a visit\u00f3 este lunes en el norte de Ecuador un centro educativo y de salud que brinda apoyo a 250 ni\u00f1os y j\u00f3venes afrodescendientes y que tambi\u00e9n previene el maltrato infantil y la violencia intrafamiliar. Do\u00f1a Elena, quien visita el pa\u00eds andino hasta este jueves, efectu\u00f3\" \/>\n\t\t<meta property=\"og:url\" content=\"https:\/\/eldigitaldeasturias.com\/magazine365\/la-infanta-elena-visita-varias-obras-de-la-fundacion-mapfre-en-ecuador\/\" \/>\n\t\t<meta property=\"og:image\" content=\"https:\/\/eldigitaldeasturias.com\/magazine365\/wp-content\/uploads\/2014\/06\/6328968w.jpg\" \/>\n\t\t<meta property=\"og:image:secure_url\" content=\"https:\/\/eldigitaldeasturias.com\/magazine365\/wp-content\/uploads\/2014\/06\/6328968w.jpg\" \/>\n\t\t<meta property=\"og:image:width\" content=\"800\" \/>\n\t\t<meta property=\"og:image:height\" content=\"533\" \/>\n\t\t<meta property=\"article:published_time\" content=\"2014-06-03T17:57:43+00:00\" \/>\n\t\t<meta property=\"article:modified_time\" content=\"2014-06-03T17:57:43+00:00\" \/>\n\t\t<meta name=\"twitter:card\" content=\"summary_large_image\" \/>\n\t\t<meta name=\"twitter:title\" content=\"La infanta Elena visita varias obras de la Fundaci\u00f3n Mapfre en Ecuador | El Digital de Asturias\" \/>\n\t\t<meta name=\"twitter:description\" content=\"Mascarilla (Ecuador), 3 jun (EFE).- La infanta Elena de Espa\u00f1a visit\u00f3 este lunes en el norte de Ecuador un centro educativo y de salud que brinda apoyo a 250 ni\u00f1os y j\u00f3venes afrodescendientes y que tambi\u00e9n previene el maltrato infantil y la violencia intrafamiliar. Do\u00f1a Elena, quien visita el pa\u00eds andino hasta este jueves, efectu\u00f3\" \/>\n\t\t<meta name=\"twitter:image\" content=\"https:\/\/eldigitaldeasturias.com\/magazine365\/wp-content\/uploads\/2014\/06\/6328968w.jpg\" \/>\n\t\t<script type=\"application\/ld+json\" class=\"aioseo-schema\">\n\t\t\t{\"@context\":\"https:\\\/\\\/schema.org\",\"@graph\":[{\"@type\":\"Article\",\"@id\":\"https:\\\/\\\/eldigitaldeasturias.com\\\/magazine365\\\/la-infanta-elena-visita-varias-obras-de-la-fundacion-mapfre-en-ecuador\\\/#article\",\"name\":\"La infanta Elena visita varias obras de la Fundaci\\u00f3n Mapfre en Ecuador | El Digital de Asturias\",\"headline\":\"La infanta Elena visita varias obras de la Fundaci\\u00f3n Mapfre en Ecuador\",\"author\":{\"@id\":\"https:\\\/\\\/eldigitaldeasturias.com\\\/magazine365\\\/author\\\/admin\\\/#author\"},\"publisher\":{\"@id\":\"https:\\\/\\\/eldigitaldeasturias.com\\\/magazine365\\\/#organization\"},\"image\":{\"@type\":\"ImageObject\",\"url\":\"https:\\\/\\\/eldigitaldeasturias.com\\\/magazine365\\\/wp-content\\\/uploads\\\/2014\\\/06\\\/6328968w.jpg\",\"width\":800,\"height\":533},\"datePublished\":\"2014-06-03T15:57:43+02:00\",\"dateModified\":\"2014-06-03T15:57:43+02:00\",\"inLanguage\":\"es-ES\",\"mainEntityOfPage\":{\"@id\":\"https:\\\/\\\/eldigitaldeasturias.com\\\/magazine365\\\/la-infanta-elena-visita-varias-obras-de-la-fundacion-mapfre-en-ecuador\\\/#webpage\"},\"isPartOf\":{\"@id\":\"https:\\\/\\\/eldigitaldeasturias.com\\\/magazine365\\\/la-infanta-elena-visita-varias-obras-de-la-fundacion-mapfre-en-ecuador\\\/#webpage\"},\"articleSection\":\"Noticias y Actualidad\"},{\"@type\":\"BreadcrumbList\",\"@id\":\"https:\\\/\\\/eldigitaldeasturias.com\\\/magazine365\\\/la-infanta-elena-visita-varias-obras-de-la-fundacion-mapfre-en-ecuador\\\/#breadcrumblist\",\"itemListElement\":[{\"@type\":\"ListItem\",\"@id\":\"https:\\\/\\\/eldigitaldeasturias.com\\\/magazine365#listItem\",\"position\":1,\"name\":\"Home\",\"item\":\"https:\\\/\\\/eldigitaldeasturias.com\\\/magazine365\",\"nextItem\":{\"@type\":\"ListItem\",\"@id\":\"https:\\\/\\\/eldigitaldeasturias.com\\\/magazine365\\\/category\\\/noticias-actualidad\\\/#listItem\",\"name\":\"Noticias y Actualidad\"}},{\"@type\":\"ListItem\",\"@id\":\"https:\\\/\\\/eldigitaldeasturias.com\\\/magazine365\\\/category\\\/noticias-actualidad\\\/#listItem\",\"position\":2,\"name\":\"Noticias y Actualidad\",\"item\":\"https:\\\/\\\/eldigitaldeasturias.com\\\/magazine365\\\/category\\\/noticias-actualidad\\\/\",\"nextItem\":{\"@type\":\"ListItem\",\"@id\":\"https:\\\/\\\/eldigitaldeasturias.com\\\/magazine365\\\/la-infanta-elena-visita-varias-obras-de-la-fundacion-mapfre-en-ecuador\\\/#listItem\",\"name\":\"La infanta Elena visita varias obras de la Fundaci\\u00f3n Mapfre en Ecuador\"},\"previousItem\":{\"@type\":\"ListItem\",\"@id\":\"https:\\\/\\\/eldigitaldeasturias.com\\\/magazine365#listItem\",\"name\":\"Home\"}},{\"@type\":\"ListItem\",\"@id\":\"https:\\\/\\\/eldigitaldeasturias.com\\\/magazine365\\\/la-infanta-elena-visita-varias-obras-de-la-fundacion-mapfre-en-ecuador\\\/#listItem\",\"position\":3,\"name\":\"La infanta Elena visita varias obras de la Fundaci\\u00f3n Mapfre en Ecuador\",\"previousItem\":{\"@type\":\"ListItem\",\"@id\":\"https:\\\/\\\/eldigitaldeasturias.com\\\/magazine365\\\/category\\\/noticias-actualidad\\\/#listItem\",\"name\":\"Noticias y Actualidad\"}}]},{\"@type\":\"Organization\",\"@id\":\"https:\\\/\\\/eldigitaldeasturias.com\\\/magazine365\\\/#organization\",\"name\":\"El digital de Asturias\",\"description\":\"Revista de ocio, turismo y estilo de vida\",\"url\":\"https:\\\/\\\/eldigitaldeasturias.com\\\/magazine365\\\/\",\"logo\":{\"@type\":\"ImageObject\",\"url\":\"https:\\\/\\\/www.eldigitaldeasturias.com\\\/noticias\\\/wp-content\\\/uploads\\\/2020\\\/12\\\/EDA.jpg\",\"@id\":\"https:\\\/\\\/eldigitaldeasturias.com\\\/magazine365\\\/la-infanta-elena-visita-varias-obras-de-la-fundacion-mapfre-en-ecuador\\\/#organizationLogo\"},\"image\":{\"@id\":\"https:\\\/\\\/eldigitaldeasturias.com\\\/magazine365\\\/la-infanta-elena-visita-varias-obras-de-la-fundacion-mapfre-en-ecuador\\\/#organizationLogo\"}},{\"@type\":\"Person\",\"@id\":\"https:\\\/\\\/eldigitaldeasturias.com\\\/magazine365\\\/author\\\/admin\\\/#author\",\"url\":\"https:\\\/\\\/eldigitaldeasturias.com\\\/magazine365\\\/author\\\/admin\\\/\",\"name\":\"admin\",\"image\":{\"@type\":\"ImageObject\",\"@id\":\"https:\\\/\\\/eldigitaldeasturias.com\\\/magazine365\\\/la-infanta-elena-visita-varias-obras-de-la-fundacion-mapfre-en-ecuador\\\/#authorImage\",\"url\":\"https:\\\/\\\/eldigitaldeasturias.com\\\/magazine365\\\/wp-content\\\/litespeed\\\/avatar\\\/e571bcf59a0edd6fa6838245a470f2fe.jpg?ver=1777574230\",\"width\":96,\"height\":96,\"caption\":\"admin\"}},{\"@type\":\"WebPage\",\"@id\":\"https:\\\/\\\/eldigitaldeasturias.com\\\/magazine365\\\/la-infanta-elena-visita-varias-obras-de-la-fundacion-mapfre-en-ecuador\\\/#webpage\",\"url\":\"https:\\\/\\\/eldigitaldeasturias.com\\\/magazine365\\\/la-infanta-elena-visita-varias-obras-de-la-fundacion-mapfre-en-ecuador\\\/\",\"name\":\"La infanta Elena visita varias obras de la Fundaci\\u00f3n Mapfre en Ecuador | El Digital de Asturias\",\"description\":\"Mascarilla (Ecuador), 3 jun (EFE).- La infanta Elena de Espa\\u00f1a visit\\u00f3 este lunes en el norte de Ecuador un centro educativo y de salud que brinda apoyo a 250 ni\\u00f1os y j\\u00f3venes afrodescendientes y que tambi\\u00e9n previene el maltrato infantil y la violencia intrafamiliar. Do\\u00f1a Elena, quien visita el pa\\u00eds andino hasta este jueves, efectu\\u00f3\",\"inLanguage\":\"es-ES\",\"isPartOf\":{\"@id\":\"https:\\\/\\\/eldigitaldeasturias.com\\\/magazine365\\\/#website\"},\"breadcrumb\":{\"@id\":\"https:\\\/\\\/eldigitaldeasturias.com\\\/magazine365\\\/la-infanta-elena-visita-varias-obras-de-la-fundacion-mapfre-en-ecuador\\\/#breadcrumblist\"},\"author\":{\"@id\":\"https:\\\/\\\/eldigitaldeasturias.com\\\/magazine365\\\/author\\\/admin\\\/#author\"},\"creator\":{\"@id\":\"https:\\\/\\\/eldigitaldeasturias.com\\\/magazine365\\\/author\\\/admin\\\/#author\"},\"image\":{\"@type\":\"ImageObject\",\"url\":\"https:\\\/\\\/eldigitaldeasturias.com\\\/magazine365\\\/wp-content\\\/uploads\\\/2014\\\/06\\\/6328968w.jpg\",\"@id\":\"https:\\\/\\\/eldigitaldeasturias.com\\\/magazine365\\\/la-infanta-elena-visita-varias-obras-de-la-fundacion-mapfre-en-ecuador\\\/#mainImage\",\"width\":800,\"height\":533},\"primaryImageOfPage\":{\"@id\":\"https:\\\/\\\/eldigitaldeasturias.com\\\/magazine365\\\/la-infanta-elena-visita-varias-obras-de-la-fundacion-mapfre-en-ecuador\\\/#mainImage\"},\"datePublished\":\"2014-06-03T15:57:43+02:00\",\"dateModified\":\"2014-06-03T15:57:43+02:00\"},{\"@type\":\"WebSite\",\"@id\":\"https:\\\/\\\/eldigitaldeasturias.com\\\/magazine365\\\/#website\",\"url\":\"https:\\\/\\\/eldigitaldeasturias.com\\\/magazine365\\\/\",\"name\":\"El Digital de Asturias\",\"description\":\"Revista de ocio, turismo y estilo de vida\",\"inLanguage\":\"es-ES\",\"publisher\":{\"@id\":\"https:\\\/\\\/eldigitaldeasturias.com\\\/magazine365\\\/#organization\"}}]}\n\t\t<\/script>\n\t\t<!-- All in One SEO Pro -->\r\n\t\t<title>La infanta Elena visita varias obras de la Fundaci\u00f3n Mapfre en Ecuador | El Digital de Asturias<\/title>\n\n","aioseo_head_json":{"title":"La infanta Elena visita varias obras de la Fundaci\u00f3n Mapfre en Ecuador | El Digital de Asturias","description":"Mascarilla (Ecuador), 3 jun (EFE).- La infanta Elena de Espa\u00f1a visit\u00f3 este lunes en el norte de Ecuador un centro educativo y de salud que brinda apoyo a 250 ni\u00f1os y j\u00f3venes afrodescendientes y que tambi\u00e9n previene el maltrato infantil y la violencia intrafamiliar. Do\u00f1a Elena, quien visita el pa\u00eds andino hasta este jueves, efectu\u00f3","canonical_url":"https:\/\/eldigitaldeasturias.com\/magazine365\/la-infanta-elena-visita-varias-obras-de-la-fundacion-mapfre-en-ecuador\/","robots":"max-image-preview:large","keywords":"noticias y actualidad","webmasterTools":{"google-site-verification":"UA-38556648-1","miscellaneous":""},"schema":{"@context":"https:\/\/schema.org","@graph":[{"@type":"Article","@id":"https:\/\/eldigitaldeasturias.com\/magazine365\/la-infanta-elena-visita-varias-obras-de-la-fundacion-mapfre-en-ecuador\/#article","name":"La infanta Elena visita varias obras de la Fundaci\u00f3n Mapfre en Ecuador | El Digital de Asturias","headline":"La infanta Elena visita varias obras de la Fundaci\u00f3n Mapfre en Ecuador","author":{"@id":"https:\/\/eldigitaldeasturias.com\/magazine365\/author\/admin\/#author"},"publisher":{"@id":"https:\/\/eldigitaldeasturias.com\/magazine365\/#organization"},"image":{"@type":"ImageObject","url":"https:\/\/eldigitaldeasturias.com\/magazine365\/wp-content\/uploads\/2014\/06\/6328968w.jpg","width":800,"height":533},"datePublished":"2014-06-03T15:57:43+02:00","dateModified":"2014-06-03T15:57:43+02:00","inLanguage":"es-ES","mainEntityOfPage":{"@id":"https:\/\/eldigitaldeasturias.com\/magazine365\/la-infanta-elena-visita-varias-obras-de-la-fundacion-mapfre-en-ecuador\/#webpage"},"isPartOf":{"@id":"https:\/\/eldigitaldeasturias.com\/magazine365\/la-infanta-elena-visita-varias-obras-de-la-fundacion-mapfre-en-ecuador\/#webpage"},"articleSection":"Noticias y Actualidad"},{"@type":"BreadcrumbList","@id":"https:\/\/eldigitaldeasturias.com\/magazine365\/la-infanta-elena-visita-varias-obras-de-la-fundacion-mapfre-en-ecuador\/#breadcrumblist","itemListElement":[{"@type":"ListItem","@id":"https:\/\/eldigitaldeasturias.com\/magazine365#listItem","position":1,"name":"Home","item":"https:\/\/eldigitaldeasturias.com\/magazine365","nextItem":{"@type":"ListItem","@id":"https:\/\/eldigitaldeasturias.com\/magazine365\/category\/noticias-actualidad\/#listItem","name":"Noticias y Actualidad"}},{"@type":"ListItem","@id":"https:\/\/eldigitaldeasturias.com\/magazine365\/category\/noticias-actualidad\/#listItem","position":2,"name":"Noticias y Actualidad","item":"https:\/\/eldigitaldeasturias.com\/magazine365\/category\/noticias-actualidad\/","nextItem":{"@type":"ListItem","@id":"https:\/\/eldigitaldeasturias.com\/magazine365\/la-infanta-elena-visita-varias-obras-de-la-fundacion-mapfre-en-ecuador\/#listItem","name":"La infanta Elena visita varias obras de la Fundaci\u00f3n Mapfre en Ecuador"},"previousItem":{"@type":"ListItem","@id":"https:\/\/eldigitaldeasturias.com\/magazine365#listItem","name":"Home"}},{"@type":"ListItem","@id":"https:\/\/eldigitaldeasturias.com\/magazine365\/la-infanta-elena-visita-varias-obras-de-la-fundacion-mapfre-en-ecuador\/#listItem","position":3,"name":"La infanta Elena visita varias obras de la Fundaci\u00f3n Mapfre en Ecuador","previousItem":{"@type":"ListItem","@id":"https:\/\/eldigitaldeasturias.com\/magazine365\/category\/noticias-actualidad\/#listItem","name":"Noticias y Actualidad"}}]},{"@type":"Organization","@id":"https:\/\/eldigitaldeasturias.com\/magazine365\/#organization","name":"El digital de Asturias","description":"Revista de ocio, turismo y estilo de vida","url":"https:\/\/eldigitaldeasturias.com\/magazine365\/","logo":{"@type":"ImageObject","url":"https:\/\/www.eldigitaldeasturias.com\/noticias\/wp-content\/uploads\/2020\/12\/EDA.jpg","@id":"https:\/\/eldigitaldeasturias.com\/magazine365\/la-infanta-elena-visita-varias-obras-de-la-fundacion-mapfre-en-ecuador\/#organizationLogo"},"image":{"@id":"https:\/\/eldigitaldeasturias.com\/magazine365\/la-infanta-elena-visita-varias-obras-de-la-fundacion-mapfre-en-ecuador\/#organizationLogo"}},{"@type":"Person","@id":"https:\/\/eldigitaldeasturias.com\/magazine365\/author\/admin\/#author","url":"https:\/\/eldigitaldeasturias.com\/magazine365\/author\/admin\/","name":"admin","image":{"@type":"ImageObject","@id":"https:\/\/eldigitaldeasturias.com\/magazine365\/la-infanta-elena-visita-varias-obras-de-la-fundacion-mapfre-en-ecuador\/#authorImage","url":"https:\/\/eldigitaldeasturias.com\/magazine365\/wp-content\/litespeed\/avatar\/e571bcf59a0edd6fa6838245a470f2fe.jpg?ver=1777574230","width":96,"height":96,"caption":"admin"}},{"@type":"WebPage","@id":"https:\/\/eldigitaldeasturias.com\/magazine365\/la-infanta-elena-visita-varias-obras-de-la-fundacion-mapfre-en-ecuador\/#webpage","url":"https:\/\/eldigitaldeasturias.com\/magazine365\/la-infanta-elena-visita-varias-obras-de-la-fundacion-mapfre-en-ecuador\/","name":"La infanta Elena visita varias obras de la Fundaci\u00f3n Mapfre en Ecuador | El Digital de Asturias","description":"Mascarilla (Ecuador), 3 jun (EFE).- La infanta Elena de Espa\u00f1a visit\u00f3 este lunes en el norte de Ecuador un centro educativo y de salud que brinda apoyo a 250 ni\u00f1os y j\u00f3venes afrodescendientes y que tambi\u00e9n previene el maltrato infantil y la violencia intrafamiliar. Do\u00f1a Elena, quien visita el pa\u00eds andino hasta este jueves, efectu\u00f3","inLanguage":"es-ES","isPartOf":{"@id":"https:\/\/eldigitaldeasturias.com\/magazine365\/#website"},"breadcrumb":{"@id":"https:\/\/eldigitaldeasturias.com\/magazine365\/la-infanta-elena-visita-varias-obras-de-la-fundacion-mapfre-en-ecuador\/#breadcrumblist"},"author":{"@id":"https:\/\/eldigitaldeasturias.com\/magazine365\/author\/admin\/#author"},"creator":{"@id":"https:\/\/eldigitaldeasturias.com\/magazine365\/author\/admin\/#author"},"image":{"@type":"ImageObject","url":"https:\/\/eldigitaldeasturias.com\/magazine365\/wp-content\/uploads\/2014\/06\/6328968w.jpg","@id":"https:\/\/eldigitaldeasturias.com\/magazine365\/la-infanta-elena-visita-varias-obras-de-la-fundacion-mapfre-en-ecuador\/#mainImage","width":800,"height":533},"primaryImageOfPage":{"@id":"https:\/\/eldigitaldeasturias.com\/magazine365\/la-infanta-elena-visita-varias-obras-de-la-fundacion-mapfre-en-ecuador\/#mainImage"},"datePublished":"2014-06-03T15:57:43+02:00","dateModified":"2014-06-03T15:57:43+02:00"},{"@type":"WebSite","@id":"https:\/\/eldigitaldeasturias.com\/magazine365\/#website","url":"https:\/\/eldigitaldeasturias.com\/magazine365\/","name":"El Digital de Asturias","description":"Revista de ocio, turismo y estilo de vida","inLanguage":"es-ES","publisher":{"@id":"https:\/\/eldigitaldeasturias.com\/magazine365\/#organization"}}]},"og:locale":"es_ES","og:site_name":"El Digital de Asturias \u2013 Revista de ocio, turismo y estilo de vida","og:type":"article","og:title":"La infanta Elena visita varias obras de la Fundaci\u00f3n Mapfre en Ecuador | El Digital de Asturias","og:description":"Mascarilla (Ecuador), 3 jun (EFE).- La infanta Elena de Espa\u00f1a visit\u00f3 este lunes en el norte de Ecuador un centro educativo y de salud que brinda apoyo a 250 ni\u00f1os y j\u00f3venes afrodescendientes y que tambi\u00e9n previene el maltrato infantil y la violencia intrafamiliar. Do\u00f1a Elena, quien visita el pa\u00eds andino hasta este jueves, efectu\u00f3","og:url":"https:\/\/eldigitaldeasturias.com\/magazine365\/la-infanta-elena-visita-varias-obras-de-la-fundacion-mapfre-en-ecuador\/","og:image":"https:\/\/eldigitaldeasturias.com\/magazine365\/wp-content\/uploads\/2014\/06\/6328968w.jpg","og:image:secure_url":"https:\/\/eldigitaldeasturias.com\/magazine365\/wp-content\/uploads\/2014\/06\/6328968w.jpg","og:image:width":800,"og:image:height":533,"article:published_time":"2014-06-03T17:57:43+00:00","article:modified_time":"2014-06-03T17:57:43+00:00","twitter:card":"summary_large_image","twitter:title":"La infanta Elena visita varias obras de la Fundaci\u00f3n Mapfre en Ecuador | El Digital de Asturias","twitter:description":"Mascarilla (Ecuador), 3 jun (EFE).- La infanta Elena de Espa\u00f1a visit\u00f3 este lunes en el norte de Ecuador un centro educativo y de salud que brinda apoyo a 250 ni\u00f1os y j\u00f3venes afrodescendientes y que tambi\u00e9n previene el maltrato infantil y la violencia intrafamiliar. Do\u00f1a Elena, quien visita el pa\u00eds andino hasta este jueves, efectu\u00f3","twitter:image":"https:\/\/eldigitaldeasturias.com\/magazine365\/wp-content\/uploads\/2014\/06\/6328968w.jpg"},"aioseo_meta_data":{"post_id":"14925","title":null,"description":null,"keywords":null,"keyphrases":null,"primary_term":null,"canonical_url":null,"og_title":null,"og_description":null,"og_object_type":"default","og_image_type":"default","og_image_url":null,"og_image_width":null,"og_image_height":null,"og_image_custom_url":null,"og_image_custom_fields":null,"og_video":null,"og_custom_url":null,"og_article_section":null,"og_article_tags":null,"twitter_use_og":false,"twitter_card":"default","twitter_image_type":"default","twitter_image_url":null,"twitter_image_custom_url":null,"twitter_image_custom_fields":null,"twitter_title":null,"twitter_description":null,"schema":{"blockGraphs":[],"customGraphs":[],"default":{"data":{"Article":[],"Course":[],"Dataset":[],"FAQPage":[],"Movie":[],"Person":[],"Product":[],"ProductReview":[],"Car":[],"Recipe":[],"Service":[],"SoftwareApplication":[],"WebPage":[]},"graphName":"","isEnabled":true},"graphs":[],"defaultGraph":"","defaultPostTypeGraph":""},"schema_type":null,"schema_type_options":null,"pillar_content":false,"robots_default":true,"robots_noindex":false,"robots_noarchive":false,"robots_nosnippet":false,"robots_nofollow":false,"robots_noimageindex":false,"robots_noodp":false,"robots_notranslate":false,"robots_max_snippet":null,"robots_max_videopreview":null,"robots_max_imagepreview":"large","priority":null,"frequency":null,"location":null,"local_seo":null,"seo_analyzer_scan_date":"2025-09-17 11:03:59","breadcrumb_settings":null,"limit_modified_date":false,"open_ai":null,"ai":null,"created":"2021-03-09 08:08:50","updated":"2025-09-17 11:03:59"},"aioseo_breadcrumb":"<div class=\"aioseo-breadcrumbs\"><span class=\"aioseo-breadcrumb\">\n\t<a href=\"https:\/\/eldigitaldeasturias.com\/magazine365\" title=\"Home\">Home<\/a>\n<\/span><span class=\"aioseo-breadcrumb-separator\">\u2013<\/span><span class=\"aioseo-breadcrumb\">\n\t<a href=\"https:\/\/eldigitaldeasturias.com\/magazine365\/category\/noticias-actualidad\/\" title=\"Noticias y Actualidad\">Noticias y Actualidad<\/a>\n<\/span><span class=\"aioseo-breadcrumb-separator\">\u2013<\/span><span class=\"aioseo-breadcrumb\">\n\t<a href=\"https:\/\/eldigitaldeasturias.com\/magazine365\/la-infanta-elena-visita-varias-obras-de-la-fundacion-mapfre-en-ecuador\/\" title=\"La infanta Elena visita varias obras de la Fundaci\u00f3n Mapfre en Ecuador\">La infanta Elena visita varias obras de la Fundaci\u00f3n Mapfre en Ecuador<\/a>\n<\/span><\/div>","aioseo_breadcrumb_json":[{"label":"Home","link":"https:\/\/eldigitaldeasturias.com\/magazine365"},{"label":"Noticias y Actualidad","link":"https:\/\/eldigitaldeasturias.com\/magazine365\/category\/noticias-actualidad\/"},{"label":"La infanta Elena visita varias obras de la Fundaci\u00f3n Mapfre en Ecuador","link":"https:\/\/eldigitaldeasturias.com\/magazine365\/la-infanta-elena-visita-varias-obras-de-la-fundacion-mapfre-en-ecuador\/"}],"_links":{"self":[{"href":"https:\/\/eldigitaldeasturias.com\/magazine365\/wp-json\/wp\/v2\/posts\/14925","targetHints":{"allow":["GET"]}}],"collection":[{"href":"https:\/\/eldigitaldeasturias.com\/magazine365\/wp-json\/wp\/v2\/posts"}],"about":[{"href":"https:\/\/eldigitaldeasturias.com\/magazine365\/wp-json\/wp\/v2\/types\/post"}],"author":[{"embeddable":true,"href":"https:\/\/eldigitaldeasturias.com\/magazine365\/wp-json\/wp\/v2\/users\/1"}],"replies":[{"embeddable":true,"href":"https:\/\/eldigitaldeasturias.com\/magazine365\/wp-json\/wp\/v2\/comments?post=14925"}],"version-history":[{"count":0,"href":"https:\/\/eldigitaldeasturias.com\/magazine365\/wp-json\/wp\/v2\/posts\/14925\/revisions"}],"wp:featuredmedia":[{"embeddable":true,"href":"https:\/\/eldigitaldeasturias.com\/magazine365\/wp-json\/wp\/v2\/media\/14926"}],"wp:attachment":[{"href":"https:\/\/eldigitaldeasturias.com\/magazine365\/wp-json\/wp\/v2\/media?parent=14925"}],"wp:term":[{"taxonomy":"category","embeddable":true,"href":"https:\/\/eldigitaldeasturias.com\/magazine365\/wp-json\/wp\/v2\/categories?post=14925"},{"taxonomy":"post_tag","embeddable":true,"href":"https:\/\/eldigitaldeasturias.com\/magazine365\/wp-json\/wp\/v2\/tags?post=14925"}],"curies":[{"name":"wp","href":"https:\/\/api.w.org\/{rel}","templated":true}]}}