{"id":14919,"date":"2014-06-03T15:53:22","date_gmt":"2014-06-03T17:53:22","guid":{"rendered":"http:\/\/eldigitaldeasturias.com\/magazine365\/?p=14919"},"modified":"2014-06-03T15:53:22","modified_gmt":"2014-06-03T17:53:22","slug":"shakira-y-el-pequeno-milan-acompanan-a-pique-en-el-amistoso-de-ee-uu","status":"publish","type":"post","link":"https:\/\/eldigitaldeasturias.com\/magazine365\/shakira-y-el-pequeno-milan-acompanan-a-pique-en-el-amistoso-de-ee-uu\/","title":{"rendered":"Shakira y el peque\u00f1o Milan acompa\u00f1an a Piqu\u00e9 en el amistoso de EE.UU"},"content":{"rendered":"<p><img fetchpriority=\"high\" decoding=\"async\" class=\"alignleft size-medium wp-image-14920\" alt=\"6327720w\" src=\"https:\/\/eldigitaldeasturias.com\/magazine365\/wp-content\/uploads\/2014\/06\/6327720w-360x254.jpg\" width=\"360\" height=\"254\" srcset=\"https:\/\/eldigitaldeasturias.com\/magazine365\/wp-content\/uploads\/2014\/06\/6327720w-360x254.jpg 360w, https:\/\/eldigitaldeasturias.com\/magazine365\/wp-content\/uploads\/2014\/06\/6327720w-650x459.jpg 650w, https:\/\/eldigitaldeasturias.com\/magazine365\/wp-content\/uploads\/2014\/06\/6327720w-768x542.jpg 768w, https:\/\/eldigitaldeasturias.com\/magazine365\/wp-content\/uploads\/2014\/06\/6327720w-150x106.jpg 150w, https:\/\/eldigitaldeasturias.com\/magazine365\/wp-content\/uploads\/2014\/06\/6327720w-450x318.jpg 450w, https:\/\/eldigitaldeasturias.com\/magazine365\/wp-content\/uploads\/2014\/06\/6327720w-100x70.jpg 100w, https:\/\/eldigitaldeasturias.com\/magazine365\/wp-content\/uploads\/2014\/06\/6327720w-696x492.jpg 696w, https:\/\/eldigitaldeasturias.com\/magazine365\/wp-content\/uploads\/2014\/06\/6327720w-595x420.jpg 595w, https:\/\/eldigitaldeasturias.com\/magazine365\/wp-content\/uploads\/2014\/06\/6327720w.jpg 800w\" sizes=\"(max-width: 360px) 100vw, 360px\" \/>Washington, 3 jun (EFE).- La cantante Shakira y el peque\u00f1o Milan acompa\u00f1an al futbolista Gerard Piqu\u00e9 en su viaje a Washington, donde la selecci\u00f3n espa\u00f1ola juega el s\u00e1bado contra El Salvador su \u00faltimo partido amistoso antes de viajar a Curitiba, su sede en el Mundial 2014 de Brasil.<\/p>\n<p>Shakira y su hijo Milan disfrutaron de un rato de tranquilidad en los jardines del hotel Mandarin Oriental de Washington, donde se alojar\u00e1 la selecci\u00f3n, antes de la llegada del equipo a la capital estadounidense, prevista para las 21.30 hora local (01:30 GMT).<\/p>\n<p>Veraniega e informal, Shakira pas\u00f3 casi desapercibida entre los clientes del lujoso hotel, situado en la zona monumental de Washington.<\/p>\n<p>Con una blusa negra, pantalones amplios con dibujos geom\u00e9tricos y el pelo recogido en un mo\u00f1o, Shakira salud\u00f3 con simpat\u00eda a una pareja de seguidores que la reconocieron mientras esperaban la llegada de los jugadores al hotel, ataviados con las camisetas oficiales de la selecci\u00f3n.<\/p>\n<p>El peque\u00f1o Milan, de a\u00f1o y medio y vestido con una blusa celeste y unos pantalones vaqueros, pase\u00f3 de la mano de una se\u00f1ora mayor por el jard\u00edn del hotel y tambi\u00e9n fue visto en los brazos de su madre.<\/p>\n<p>Casi en paralelo, Piqu\u00e9 y sus compa\u00f1eros de la selecci\u00f3n espa\u00f1ola aterrizaron a las 20.00 hora local (00.00 GMT) en el aeropuerto Baltimore\/Washington International (BWI).<\/p>\n<p>Estaba previsto que Shakira viaje a Brasil para el Mundial de 2014, donde promocionar\u00e1 su tema \u00abLa La La\u00bb, incluido en el disco oficial de la FIFA para un campeonato en el que apoyar\u00e1 a sus dos selecciones, la colombiana y la espa\u00f1ola.<\/p>\n<p>La cantante coment\u00f3 recientemente en Los \u00c1ngeles que su exitoso \u00abWaka Waka\u00bb, sinton\u00eda oficial del Mundial de Sud\u00e1frica de 2010, le \u00abcambi\u00f3 la vida\u00bb ya que posibilit\u00f3 el nacimiento de su hijo Milan, al que apod\u00f3 \u00abwaka baby\u00bb y que naci\u00f3 en enero de 2013 en Barcelona.<\/p>\n<p>\u00abSi no fuera por esa canci\u00f3n Milan, mi hijo, no estar\u00eda aqu\u00ed, porque no hubiera conocido al pap\u00e1, as\u00ed que mira una canci\u00f3n me cambi\u00f3 la vida, por suerte se me ocurri\u00f3\u00bb, dijo la colombiana el 16 de mayo.<\/p>\n<p>Piqu\u00e9, defensa del F.C. Barcelona, form\u00f3 parte de la selecci\u00f3n espa\u00f1ola de f\u00fatbol que gan\u00f3 el Mundial de Sud\u00e1frica.<\/p>\n","protected":false},"excerpt":{"rendered":"<p>Washington, 3 jun (EFE).- La cantante Shakira y el peque\u00f1o Milan acompa\u00f1an al futbolista Gerard Piqu\u00e9 en su viaje a Washington, donde la selecci\u00f3n espa\u00f1ola juega el s\u00e1bado contra El Salvador su \u00faltimo partido amistoso antes de viajar a Curitiba, su sede en el Mundial 2014 de Brasil. Shakira y su hijo Milan disfrutaron de<\/p>\n","protected":false},"author":1,"featured_media":14920,"comment_status":"open","ping_status":"closed","sticky":false,"template":"","format":"standard","meta":{"footnotes":""},"categories":[224],"tags":[],"class_list":{"0":"post-14919","1":"post","2":"type-post","3":"status-publish","4":"format-standard","5":"has-post-thumbnail","7":"category-noticias-actualidad"},"aioseo_notices":[],"aioseo_head":"\n\t\t<!-- All in One SEO Pro 4.9.6.1 - aioseo.com -->\n\t<meta name=\"description\" content=\"Washington, 3 jun (EFE).- La cantante Shakira y el peque\u00f1o Milan acompa\u00f1an al futbolista Gerard Piqu\u00e9 en su viaje a Washington, donde la selecci\u00f3n espa\u00f1ola juega el s\u00e1bado contra El Salvador su \u00faltimo partido amistoso antes de viajar a Curitiba, su sede en el Mundial 2014 de Brasil. Shakira y su hijo Milan disfrutaron de\" \/>\n\t<meta name=\"robots\" content=\"max-image-preview:large\" \/>\n\t<meta name=\"author\" content=\"admin\"\/>\n\t<meta name=\"google-site-verification\" content=\"UA-38556648-1\" \/>\n\t<meta name=\"keywords\" content=\"noticias y actualidad\" \/>\n\t<link rel=\"canonical\" href=\"https:\/\/eldigitaldeasturias.com\/magazine365\/shakira-y-el-pequeno-milan-acompanan-a-pique-en-el-amistoso-de-ee-uu\/\" \/>\n\t<meta name=\"generator\" content=\"All in One SEO Pro (AIOSEO) 4.9.6.1\" \/>\n\t\t<meta property=\"og:locale\" content=\"es_ES\" \/>\n\t\t<meta property=\"og:site_name\" content=\"El Digital de Asturias \u2013 Revista de ocio, turismo y estilo de vida\" \/>\n\t\t<meta property=\"og:type\" content=\"article\" \/>\n\t\t<meta property=\"og:title\" content=\"Shakira y el peque\u00f1o Milan acompa\u00f1an a Piqu\u00e9 en el amistoso de EE.UU | El Digital de Asturias\" \/>\n\t\t<meta property=\"og:description\" content=\"Washington, 3 jun (EFE).- La cantante Shakira y el peque\u00f1o Milan acompa\u00f1an al futbolista Gerard Piqu\u00e9 en su viaje a Washington, donde la selecci\u00f3n espa\u00f1ola juega el s\u00e1bado contra El Salvador su \u00faltimo partido amistoso antes de viajar a Curitiba, su sede en el Mundial 2014 de Brasil. Shakira y su hijo Milan disfrutaron de\" \/>\n\t\t<meta property=\"og:url\" content=\"https:\/\/eldigitaldeasturias.com\/magazine365\/shakira-y-el-pequeno-milan-acompanan-a-pique-en-el-amistoso-de-ee-uu\/\" \/>\n\t\t<meta property=\"og:image\" content=\"https:\/\/eldigitaldeasturias.com\/magazine365\/wp-content\/uploads\/2014\/06\/6327720w.jpg\" \/>\n\t\t<meta property=\"og:image:secure_url\" content=\"https:\/\/eldigitaldeasturias.com\/magazine365\/wp-content\/uploads\/2014\/06\/6327720w.jpg\" \/>\n\t\t<meta property=\"og:image:width\" content=\"800\" \/>\n\t\t<meta property=\"og:image:height\" content=\"565\" \/>\n\t\t<meta property=\"article:published_time\" content=\"2014-06-03T17:53:22+00:00\" \/>\n\t\t<meta property=\"article:modified_time\" content=\"2014-06-03T17:53:22+00:00\" \/>\n\t\t<meta name=\"twitter:card\" content=\"summary_large_image\" \/>\n\t\t<meta name=\"twitter:title\" content=\"Shakira y el peque\u00f1o Milan acompa\u00f1an a Piqu\u00e9 en el amistoso de EE.UU | El Digital de Asturias\" \/>\n\t\t<meta name=\"twitter:description\" content=\"Washington, 3 jun (EFE).- La cantante Shakira y el peque\u00f1o Milan acompa\u00f1an al futbolista Gerard Piqu\u00e9 en su viaje a Washington, donde la selecci\u00f3n espa\u00f1ola juega el s\u00e1bado contra El Salvador su \u00faltimo partido amistoso antes de viajar a Curitiba, su sede en el Mundial 2014 de Brasil. Shakira y su hijo Milan disfrutaron de\" \/>\n\t\t<meta name=\"twitter:image\" content=\"https:\/\/eldigitaldeasturias.com\/magazine365\/wp-content\/uploads\/2014\/06\/6327720w.jpg\" \/>\n\t\t<script type=\"application\/ld+json\" class=\"aioseo-schema\">\n\t\t\t{\"@context\":\"https:\\\/\\\/schema.org\",\"@graph\":[{\"@type\":\"Article\",\"@id\":\"https:\\\/\\\/eldigitaldeasturias.com\\\/magazine365\\\/shakira-y-el-pequeno-milan-acompanan-a-pique-en-el-amistoso-de-ee-uu\\\/#article\",\"name\":\"Shakira y el peque\\u00f1o Milan acompa\\u00f1an a Piqu\\u00e9 en el amistoso de EE.UU | El Digital de Asturias\",\"headline\":\"Shakira y el peque\\u00f1o Milan acompa\\u00f1an a Piqu\\u00e9 en el amistoso de EE.UU\",\"author\":{\"@id\":\"https:\\\/\\\/eldigitaldeasturias.com\\\/magazine365\\\/author\\\/admin\\\/#author\"},\"publisher\":{\"@id\":\"https:\\\/\\\/eldigitaldeasturias.com\\\/magazine365\\\/#organization\"},\"image\":{\"@type\":\"ImageObject\",\"url\":\"https:\\\/\\\/eldigitaldeasturias.com\\\/magazine365\\\/wp-content\\\/uploads\\\/2014\\\/06\\\/6327720w.jpg\",\"width\":800,\"height\":565},\"datePublished\":\"2014-06-03T15:53:22+02:00\",\"dateModified\":\"2014-06-03T15:53:22+02:00\",\"inLanguage\":\"es-ES\",\"mainEntityOfPage\":{\"@id\":\"https:\\\/\\\/eldigitaldeasturias.com\\\/magazine365\\\/shakira-y-el-pequeno-milan-acompanan-a-pique-en-el-amistoso-de-ee-uu\\\/#webpage\"},\"isPartOf\":{\"@id\":\"https:\\\/\\\/eldigitaldeasturias.com\\\/magazine365\\\/shakira-y-el-pequeno-milan-acompanan-a-pique-en-el-amistoso-de-ee-uu\\\/#webpage\"},\"articleSection\":\"Noticias y Actualidad\"},{\"@type\":\"BreadcrumbList\",\"@id\":\"https:\\\/\\\/eldigitaldeasturias.com\\\/magazine365\\\/shakira-y-el-pequeno-milan-acompanan-a-pique-en-el-amistoso-de-ee-uu\\\/#breadcrumblist\",\"itemListElement\":[{\"@type\":\"ListItem\",\"@id\":\"https:\\\/\\\/eldigitaldeasturias.com\\\/magazine365#listItem\",\"position\":1,\"name\":\"Home\",\"item\":\"https:\\\/\\\/eldigitaldeasturias.com\\\/magazine365\",\"nextItem\":{\"@type\":\"ListItem\",\"@id\":\"https:\\\/\\\/eldigitaldeasturias.com\\\/magazine365\\\/category\\\/noticias-actualidad\\\/#listItem\",\"name\":\"Noticias y Actualidad\"}},{\"@type\":\"ListItem\",\"@id\":\"https:\\\/\\\/eldigitaldeasturias.com\\\/magazine365\\\/category\\\/noticias-actualidad\\\/#listItem\",\"position\":2,\"name\":\"Noticias y Actualidad\",\"item\":\"https:\\\/\\\/eldigitaldeasturias.com\\\/magazine365\\\/category\\\/noticias-actualidad\\\/\",\"nextItem\":{\"@type\":\"ListItem\",\"@id\":\"https:\\\/\\\/eldigitaldeasturias.com\\\/magazine365\\\/shakira-y-el-pequeno-milan-acompanan-a-pique-en-el-amistoso-de-ee-uu\\\/#listItem\",\"name\":\"Shakira y el peque\\u00f1o Milan acompa\\u00f1an a Piqu\\u00e9 en el amistoso de EE.UU\"},\"previousItem\":{\"@type\":\"ListItem\",\"@id\":\"https:\\\/\\\/eldigitaldeasturias.com\\\/magazine365#listItem\",\"name\":\"Home\"}},{\"@type\":\"ListItem\",\"@id\":\"https:\\\/\\\/eldigitaldeasturias.com\\\/magazine365\\\/shakira-y-el-pequeno-milan-acompanan-a-pique-en-el-amistoso-de-ee-uu\\\/#listItem\",\"position\":3,\"name\":\"Shakira y el peque\\u00f1o Milan acompa\\u00f1an a Piqu\\u00e9 en el amistoso de EE.UU\",\"previousItem\":{\"@type\":\"ListItem\",\"@id\":\"https:\\\/\\\/eldigitaldeasturias.com\\\/magazine365\\\/category\\\/noticias-actualidad\\\/#listItem\",\"name\":\"Noticias y Actualidad\"}}]},{\"@type\":\"Organization\",\"@id\":\"https:\\\/\\\/eldigitaldeasturias.com\\\/magazine365\\\/#organization\",\"name\":\"El digital de Asturias\",\"description\":\"Revista de ocio, turismo y estilo de vida\",\"url\":\"https:\\\/\\\/eldigitaldeasturias.com\\\/magazine365\\\/\",\"logo\":{\"@type\":\"ImageObject\",\"url\":\"https:\\\/\\\/www.eldigitaldeasturias.com\\\/noticias\\\/wp-content\\\/uploads\\\/2020\\\/12\\\/EDA.jpg\",\"@id\":\"https:\\\/\\\/eldigitaldeasturias.com\\\/magazine365\\\/shakira-y-el-pequeno-milan-acompanan-a-pique-en-el-amistoso-de-ee-uu\\\/#organizationLogo\"},\"image\":{\"@id\":\"https:\\\/\\\/eldigitaldeasturias.com\\\/magazine365\\\/shakira-y-el-pequeno-milan-acompanan-a-pique-en-el-amistoso-de-ee-uu\\\/#organizationLogo\"}},{\"@type\":\"Person\",\"@id\":\"https:\\\/\\\/eldigitaldeasturias.com\\\/magazine365\\\/author\\\/admin\\\/#author\",\"url\":\"https:\\\/\\\/eldigitaldeasturias.com\\\/magazine365\\\/author\\\/admin\\\/\",\"name\":\"admin\",\"image\":{\"@type\":\"ImageObject\",\"@id\":\"https:\\\/\\\/eldigitaldeasturias.com\\\/magazine365\\\/shakira-y-el-pequeno-milan-acompanan-a-pique-en-el-amistoso-de-ee-uu\\\/#authorImage\",\"url\":\"https:\\\/\\\/eldigitaldeasturias.com\\\/magazine365\\\/wp-content\\\/litespeed\\\/avatar\\\/e571bcf59a0edd6fa6838245a470f2fe.jpg?ver=1777574230\",\"width\":96,\"height\":96,\"caption\":\"admin\"}},{\"@type\":\"WebPage\",\"@id\":\"https:\\\/\\\/eldigitaldeasturias.com\\\/magazine365\\\/shakira-y-el-pequeno-milan-acompanan-a-pique-en-el-amistoso-de-ee-uu\\\/#webpage\",\"url\":\"https:\\\/\\\/eldigitaldeasturias.com\\\/magazine365\\\/shakira-y-el-pequeno-milan-acompanan-a-pique-en-el-amistoso-de-ee-uu\\\/\",\"name\":\"Shakira y el peque\\u00f1o Milan acompa\\u00f1an a Piqu\\u00e9 en el amistoso de EE.UU | El Digital de Asturias\",\"description\":\"Washington, 3 jun (EFE).- La cantante Shakira y el peque\\u00f1o Milan acompa\\u00f1an al futbolista Gerard Piqu\\u00e9 en su viaje a Washington, donde la selecci\\u00f3n espa\\u00f1ola juega el s\\u00e1bado contra El Salvador su \\u00faltimo partido amistoso antes de viajar a Curitiba, su sede en el Mundial 2014 de Brasil. Shakira y su hijo Milan disfrutaron de\",\"inLanguage\":\"es-ES\",\"isPartOf\":{\"@id\":\"https:\\\/\\\/eldigitaldeasturias.com\\\/magazine365\\\/#website\"},\"breadcrumb\":{\"@id\":\"https:\\\/\\\/eldigitaldeasturias.com\\\/magazine365\\\/shakira-y-el-pequeno-milan-acompanan-a-pique-en-el-amistoso-de-ee-uu\\\/#breadcrumblist\"},\"author\":{\"@id\":\"https:\\\/\\\/eldigitaldeasturias.com\\\/magazine365\\\/author\\\/admin\\\/#author\"},\"creator\":{\"@id\":\"https:\\\/\\\/eldigitaldeasturias.com\\\/magazine365\\\/author\\\/admin\\\/#author\"},\"image\":{\"@type\":\"ImageObject\",\"url\":\"https:\\\/\\\/eldigitaldeasturias.com\\\/magazine365\\\/wp-content\\\/uploads\\\/2014\\\/06\\\/6327720w.jpg\",\"@id\":\"https:\\\/\\\/eldigitaldeasturias.com\\\/magazine365\\\/shakira-y-el-pequeno-milan-acompanan-a-pique-en-el-amistoso-de-ee-uu\\\/#mainImage\",\"width\":800,\"height\":565},\"primaryImageOfPage\":{\"@id\":\"https:\\\/\\\/eldigitaldeasturias.com\\\/magazine365\\\/shakira-y-el-pequeno-milan-acompanan-a-pique-en-el-amistoso-de-ee-uu\\\/#mainImage\"},\"datePublished\":\"2014-06-03T15:53:22+02:00\",\"dateModified\":\"2014-06-03T15:53:22+02:00\"},{\"@type\":\"WebSite\",\"@id\":\"https:\\\/\\\/eldigitaldeasturias.com\\\/magazine365\\\/#website\",\"url\":\"https:\\\/\\\/eldigitaldeasturias.com\\\/magazine365\\\/\",\"name\":\"El Digital de Asturias\",\"description\":\"Revista de ocio, turismo y estilo de vida\",\"inLanguage\":\"es-ES\",\"publisher\":{\"@id\":\"https:\\\/\\\/eldigitaldeasturias.com\\\/magazine365\\\/#organization\"}}]}\n\t\t<\/script>\n\t\t<!-- All in One SEO Pro -->\r\n\t\t<title>Shakira y el peque\u00f1o Milan acompa\u00f1an a Piqu\u00e9 en el amistoso de EE.UU | El Digital de Asturias<\/title>\n\n","aioseo_head_json":{"title":"Shakira y el peque\u00f1o Milan acompa\u00f1an a Piqu\u00e9 en el amistoso de EE.UU | El Digital de Asturias","description":"Washington, 3 jun (EFE).- La cantante Shakira y el peque\u00f1o Milan acompa\u00f1an al futbolista Gerard Piqu\u00e9 en su viaje a Washington, donde la selecci\u00f3n espa\u00f1ola juega el s\u00e1bado contra El Salvador su \u00faltimo partido amistoso antes de viajar a Curitiba, su sede en el Mundial 2014 de Brasil. Shakira y su hijo Milan disfrutaron de","canonical_url":"https:\/\/eldigitaldeasturias.com\/magazine365\/shakira-y-el-pequeno-milan-acompanan-a-pique-en-el-amistoso-de-ee-uu\/","robots":"max-image-preview:large","keywords":"noticias y actualidad","webmasterTools":{"google-site-verification":"UA-38556648-1","miscellaneous":""},"schema":{"@context":"https:\/\/schema.org","@graph":[{"@type":"Article","@id":"https:\/\/eldigitaldeasturias.com\/magazine365\/shakira-y-el-pequeno-milan-acompanan-a-pique-en-el-amistoso-de-ee-uu\/#article","name":"Shakira y el peque\u00f1o Milan acompa\u00f1an a Piqu\u00e9 en el amistoso de EE.UU | El Digital de Asturias","headline":"Shakira y el peque\u00f1o Milan acompa\u00f1an a Piqu\u00e9 en el amistoso de EE.UU","author":{"@id":"https:\/\/eldigitaldeasturias.com\/magazine365\/author\/admin\/#author"},"publisher":{"@id":"https:\/\/eldigitaldeasturias.com\/magazine365\/#organization"},"image":{"@type":"ImageObject","url":"https:\/\/eldigitaldeasturias.com\/magazine365\/wp-content\/uploads\/2014\/06\/6327720w.jpg","width":800,"height":565},"datePublished":"2014-06-03T15:53:22+02:00","dateModified":"2014-06-03T15:53:22+02:00","inLanguage":"es-ES","mainEntityOfPage":{"@id":"https:\/\/eldigitaldeasturias.com\/magazine365\/shakira-y-el-pequeno-milan-acompanan-a-pique-en-el-amistoso-de-ee-uu\/#webpage"},"isPartOf":{"@id":"https:\/\/eldigitaldeasturias.com\/magazine365\/shakira-y-el-pequeno-milan-acompanan-a-pique-en-el-amistoso-de-ee-uu\/#webpage"},"articleSection":"Noticias y Actualidad"},{"@type":"BreadcrumbList","@id":"https:\/\/eldigitaldeasturias.com\/magazine365\/shakira-y-el-pequeno-milan-acompanan-a-pique-en-el-amistoso-de-ee-uu\/#breadcrumblist","itemListElement":[{"@type":"ListItem","@id":"https:\/\/eldigitaldeasturias.com\/magazine365#listItem","position":1,"name":"Home","item":"https:\/\/eldigitaldeasturias.com\/magazine365","nextItem":{"@type":"ListItem","@id":"https:\/\/eldigitaldeasturias.com\/magazine365\/category\/noticias-actualidad\/#listItem","name":"Noticias y Actualidad"}},{"@type":"ListItem","@id":"https:\/\/eldigitaldeasturias.com\/magazine365\/category\/noticias-actualidad\/#listItem","position":2,"name":"Noticias y Actualidad","item":"https:\/\/eldigitaldeasturias.com\/magazine365\/category\/noticias-actualidad\/","nextItem":{"@type":"ListItem","@id":"https:\/\/eldigitaldeasturias.com\/magazine365\/shakira-y-el-pequeno-milan-acompanan-a-pique-en-el-amistoso-de-ee-uu\/#listItem","name":"Shakira y el peque\u00f1o Milan acompa\u00f1an a Piqu\u00e9 en el amistoso de EE.UU"},"previousItem":{"@type":"ListItem","@id":"https:\/\/eldigitaldeasturias.com\/magazine365#listItem","name":"Home"}},{"@type":"ListItem","@id":"https:\/\/eldigitaldeasturias.com\/magazine365\/shakira-y-el-pequeno-milan-acompanan-a-pique-en-el-amistoso-de-ee-uu\/#listItem","position":3,"name":"Shakira y el peque\u00f1o Milan acompa\u00f1an a Piqu\u00e9 en el amistoso de EE.UU","previousItem":{"@type":"ListItem","@id":"https:\/\/eldigitaldeasturias.com\/magazine365\/category\/noticias-actualidad\/#listItem","name":"Noticias y Actualidad"}}]},{"@type":"Organization","@id":"https:\/\/eldigitaldeasturias.com\/magazine365\/#organization","name":"El digital de Asturias","description":"Revista de ocio, turismo y estilo de vida","url":"https:\/\/eldigitaldeasturias.com\/magazine365\/","logo":{"@type":"ImageObject","url":"https:\/\/www.eldigitaldeasturias.com\/noticias\/wp-content\/uploads\/2020\/12\/EDA.jpg","@id":"https:\/\/eldigitaldeasturias.com\/magazine365\/shakira-y-el-pequeno-milan-acompanan-a-pique-en-el-amistoso-de-ee-uu\/#organizationLogo"},"image":{"@id":"https:\/\/eldigitaldeasturias.com\/magazine365\/shakira-y-el-pequeno-milan-acompanan-a-pique-en-el-amistoso-de-ee-uu\/#organizationLogo"}},{"@type":"Person","@id":"https:\/\/eldigitaldeasturias.com\/magazine365\/author\/admin\/#author","url":"https:\/\/eldigitaldeasturias.com\/magazine365\/author\/admin\/","name":"admin","image":{"@type":"ImageObject","@id":"https:\/\/eldigitaldeasturias.com\/magazine365\/shakira-y-el-pequeno-milan-acompanan-a-pique-en-el-amistoso-de-ee-uu\/#authorImage","url":"https:\/\/eldigitaldeasturias.com\/magazine365\/wp-content\/litespeed\/avatar\/e571bcf59a0edd6fa6838245a470f2fe.jpg?ver=1777574230","width":96,"height":96,"caption":"admin"}},{"@type":"WebPage","@id":"https:\/\/eldigitaldeasturias.com\/magazine365\/shakira-y-el-pequeno-milan-acompanan-a-pique-en-el-amistoso-de-ee-uu\/#webpage","url":"https:\/\/eldigitaldeasturias.com\/magazine365\/shakira-y-el-pequeno-milan-acompanan-a-pique-en-el-amistoso-de-ee-uu\/","name":"Shakira y el peque\u00f1o Milan acompa\u00f1an a Piqu\u00e9 en el amistoso de EE.UU | El Digital de Asturias","description":"Washington, 3 jun (EFE).- La cantante Shakira y el peque\u00f1o Milan acompa\u00f1an al futbolista Gerard Piqu\u00e9 en su viaje a Washington, donde la selecci\u00f3n espa\u00f1ola juega el s\u00e1bado contra El Salvador su \u00faltimo partido amistoso antes de viajar a Curitiba, su sede en el Mundial 2014 de Brasil. Shakira y su hijo Milan disfrutaron de","inLanguage":"es-ES","isPartOf":{"@id":"https:\/\/eldigitaldeasturias.com\/magazine365\/#website"},"breadcrumb":{"@id":"https:\/\/eldigitaldeasturias.com\/magazine365\/shakira-y-el-pequeno-milan-acompanan-a-pique-en-el-amistoso-de-ee-uu\/#breadcrumblist"},"author":{"@id":"https:\/\/eldigitaldeasturias.com\/magazine365\/author\/admin\/#author"},"creator":{"@id":"https:\/\/eldigitaldeasturias.com\/magazine365\/author\/admin\/#author"},"image":{"@type":"ImageObject","url":"https:\/\/eldigitaldeasturias.com\/magazine365\/wp-content\/uploads\/2014\/06\/6327720w.jpg","@id":"https:\/\/eldigitaldeasturias.com\/magazine365\/shakira-y-el-pequeno-milan-acompanan-a-pique-en-el-amistoso-de-ee-uu\/#mainImage","width":800,"height":565},"primaryImageOfPage":{"@id":"https:\/\/eldigitaldeasturias.com\/magazine365\/shakira-y-el-pequeno-milan-acompanan-a-pique-en-el-amistoso-de-ee-uu\/#mainImage"},"datePublished":"2014-06-03T15:53:22+02:00","dateModified":"2014-06-03T15:53:22+02:00"},{"@type":"WebSite","@id":"https:\/\/eldigitaldeasturias.com\/magazine365\/#website","url":"https:\/\/eldigitaldeasturias.com\/magazine365\/","name":"El Digital de Asturias","description":"Revista de ocio, turismo y estilo de vida","inLanguage":"es-ES","publisher":{"@id":"https:\/\/eldigitaldeasturias.com\/magazine365\/#organization"}}]},"og:locale":"es_ES","og:site_name":"El Digital de Asturias \u2013 Revista de ocio, turismo y estilo de vida","og:type":"article","og:title":"Shakira y el peque\u00f1o Milan acompa\u00f1an a Piqu\u00e9 en el amistoso de EE.UU | El Digital de Asturias","og:description":"Washington, 3 jun (EFE).- La cantante Shakira y el peque\u00f1o Milan acompa\u00f1an al futbolista Gerard Piqu\u00e9 en su viaje a Washington, donde la selecci\u00f3n espa\u00f1ola juega el s\u00e1bado contra El Salvador su \u00faltimo partido amistoso antes de viajar a Curitiba, su sede en el Mundial 2014 de Brasil. Shakira y su hijo Milan disfrutaron de","og:url":"https:\/\/eldigitaldeasturias.com\/magazine365\/shakira-y-el-pequeno-milan-acompanan-a-pique-en-el-amistoso-de-ee-uu\/","og:image":"https:\/\/eldigitaldeasturias.com\/magazine365\/wp-content\/uploads\/2014\/06\/6327720w.jpg","og:image:secure_url":"https:\/\/eldigitaldeasturias.com\/magazine365\/wp-content\/uploads\/2014\/06\/6327720w.jpg","og:image:width":800,"og:image:height":565,"article:published_time":"2014-06-03T17:53:22+00:00","article:modified_time":"2014-06-03T17:53:22+00:00","twitter:card":"summary_large_image","twitter:title":"Shakira y el peque\u00f1o Milan acompa\u00f1an a Piqu\u00e9 en el amistoso de EE.UU | El Digital de Asturias","twitter:description":"Washington, 3 jun (EFE).- La cantante Shakira y el peque\u00f1o Milan acompa\u00f1an al futbolista Gerard Piqu\u00e9 en su viaje a Washington, donde la selecci\u00f3n espa\u00f1ola juega el s\u00e1bado contra El Salvador su \u00faltimo partido amistoso antes de viajar a Curitiba, su sede en el Mundial 2014 de Brasil. Shakira y su hijo Milan disfrutaron de","twitter:image":"https:\/\/eldigitaldeasturias.com\/magazine365\/wp-content\/uploads\/2014\/06\/6327720w.jpg"},"aioseo_meta_data":{"post_id":"14919","title":null,"description":null,"keywords":null,"keyphrases":null,"primary_term":null,"canonical_url":null,"og_title":null,"og_description":null,"og_object_type":"default","og_image_type":"default","og_image_url":null,"og_image_width":null,"og_image_height":null,"og_image_custom_url":null,"og_image_custom_fields":null,"og_video":null,"og_custom_url":null,"og_article_section":null,"og_article_tags":null,"twitter_use_og":false,"twitter_card":"default","twitter_image_type":"default","twitter_image_url":null,"twitter_image_custom_url":null,"twitter_image_custom_fields":null,"twitter_title":null,"twitter_description":null,"schema":{"blockGraphs":[],"customGraphs":[],"default":{"data":{"Article":[],"Course":[],"Dataset":[],"FAQPage":[],"Movie":[],"Person":[],"Product":[],"ProductReview":[],"Car":[],"Recipe":[],"Service":[],"SoftwareApplication":[],"WebPage":[]},"graphName":"","isEnabled":true},"graphs":[],"defaultGraph":"","defaultPostTypeGraph":""},"schema_type":null,"schema_type_options":null,"pillar_content":false,"robots_default":true,"robots_noindex":false,"robots_noarchive":false,"robots_nosnippet":false,"robots_nofollow":false,"robots_noimageindex":false,"robots_noodp":false,"robots_notranslate":false,"robots_max_snippet":null,"robots_max_videopreview":null,"robots_max_imagepreview":"large","priority":null,"frequency":null,"location":null,"local_seo":null,"seo_analyzer_scan_date":"2025-09-17 11:03:56","breadcrumb_settings":null,"limit_modified_date":false,"open_ai":null,"ai":null,"created":"2021-03-09 08:08:50","updated":"2025-09-17 11:03:56"},"aioseo_breadcrumb":"<div class=\"aioseo-breadcrumbs\"><span class=\"aioseo-breadcrumb\">\n\t<a href=\"https:\/\/eldigitaldeasturias.com\/magazine365\" title=\"Home\">Home<\/a>\n<\/span><span class=\"aioseo-breadcrumb-separator\">\u2013<\/span><span class=\"aioseo-breadcrumb\">\n\t<a href=\"https:\/\/eldigitaldeasturias.com\/magazine365\/category\/noticias-actualidad\/\" title=\"Noticias y Actualidad\">Noticias y Actualidad<\/a>\n<\/span><span class=\"aioseo-breadcrumb-separator\">\u2013<\/span><span class=\"aioseo-breadcrumb\">\n\t<a href=\"https:\/\/eldigitaldeasturias.com\/magazine365\/shakira-y-el-pequeno-milan-acompanan-a-pique-en-el-amistoso-de-ee-uu\/\" title=\"Shakira y el peque\u00f1o Milan acompa\u00f1an a Piqu\u00e9 en el amistoso de EE.UU\">Shakira y el peque\u00f1o Milan acompa\u00f1an a Piqu\u00e9 en el amistoso de EE.UU<\/a>\n<\/span><\/div>","aioseo_breadcrumb_json":[{"label":"Home","link":"https:\/\/eldigitaldeasturias.com\/magazine365"},{"label":"Noticias y Actualidad","link":"https:\/\/eldigitaldeasturias.com\/magazine365\/category\/noticias-actualidad\/"},{"label":"Shakira y el peque\u00f1o Milan acompa\u00f1an a Piqu\u00e9 en el amistoso de EE.UU","link":"https:\/\/eldigitaldeasturias.com\/magazine365\/shakira-y-el-pequeno-milan-acompanan-a-pique-en-el-amistoso-de-ee-uu\/"}],"_links":{"self":[{"href":"https:\/\/eldigitaldeasturias.com\/magazine365\/wp-json\/wp\/v2\/posts\/14919","targetHints":{"allow":["GET"]}}],"collection":[{"href":"https:\/\/eldigitaldeasturias.com\/magazine365\/wp-json\/wp\/v2\/posts"}],"about":[{"href":"https:\/\/eldigitaldeasturias.com\/magazine365\/wp-json\/wp\/v2\/types\/post"}],"author":[{"embeddable":true,"href":"https:\/\/eldigitaldeasturias.com\/magazine365\/wp-json\/wp\/v2\/users\/1"}],"replies":[{"embeddable":true,"href":"https:\/\/eldigitaldeasturias.com\/magazine365\/wp-json\/wp\/v2\/comments?post=14919"}],"version-history":[{"count":0,"href":"https:\/\/eldigitaldeasturias.com\/magazine365\/wp-json\/wp\/v2\/posts\/14919\/revisions"}],"wp:featuredmedia":[{"embeddable":true,"href":"https:\/\/eldigitaldeasturias.com\/magazine365\/wp-json\/wp\/v2\/media\/14920"}],"wp:attachment":[{"href":"https:\/\/eldigitaldeasturias.com\/magazine365\/wp-json\/wp\/v2\/media?parent=14919"}],"wp:term":[{"taxonomy":"category","embeddable":true,"href":"https:\/\/eldigitaldeasturias.com\/magazine365\/wp-json\/wp\/v2\/categories?post=14919"},{"taxonomy":"post_tag","embeddable":true,"href":"https:\/\/eldigitaldeasturias.com\/magazine365\/wp-json\/wp\/v2\/tags?post=14919"}],"curies":[{"name":"wp","href":"https:\/\/api.w.org\/{rel}","templated":true}]}}