{"id":14892,"date":"2014-06-03T15:22:32","date_gmt":"2014-06-03T17:22:32","guid":{"rendered":"http:\/\/eldigitaldeasturias.com\/magazine365\/?p=14892"},"modified":"2014-06-03T15:22:32","modified_gmt":"2014-06-03T17:22:32","slug":"enrique-iglesias-sufre-un-insomnio-creativo","status":"publish","type":"post","link":"https:\/\/eldigitaldeasturias.com\/magazine365\/enrique-iglesias-sufre-un-insomnio-creativo\/","title":{"rendered":"Enrique Iglesias sufre un &#8216;insomnio creativo&#8217;"},"content":{"rendered":"<p><img fetchpriority=\"high\" decoding=\"async\" class=\"alignleft size-medium wp-image-14893\" alt=\"Enrique Iglesias seen all smiles in the streets of NYC\" src=\"https:\/\/eldigitaldeasturias.com\/magazine365\/wp-content\/uploads\/2014\/06\/Enrique-Iglesias-300x300.jpg\" width=\"300\" height=\"300\" srcset=\"https:\/\/eldigitaldeasturias.com\/magazine365\/wp-content\/uploads\/2014\/06\/Enrique-Iglesias-300x300.jpg 300w, https:\/\/eldigitaldeasturias.com\/magazine365\/wp-content\/uploads\/2014\/06\/Enrique-Iglesias-640x640.jpg 640w, https:\/\/eldigitaldeasturias.com\/magazine365\/wp-content\/uploads\/2014\/06\/Enrique-Iglesias-150x150.jpg 150w, https:\/\/eldigitaldeasturias.com\/magazine365\/wp-content\/uploads\/2014\/06\/Enrique-Iglesias-450x450.jpg 450w, https:\/\/eldigitaldeasturias.com\/magazine365\/wp-content\/uploads\/2014\/06\/Enrique-Iglesias-420x420.jpg 420w, https:\/\/eldigitaldeasturias.com\/magazine365\/wp-content\/uploads\/2014\/06\/Enrique-Iglesias-50x50.jpg 50w, https:\/\/eldigitaldeasturias.com\/magazine365\/wp-content\/uploads\/2014\/06\/Enrique-Iglesias.jpg 650w\" sizes=\"(max-width: 300px) 100vw, 300px\" \/>Aunque muchos de los pegadizos temas de Enrique Iglesias ensalzan la vida nocturna y las oportunidades que ofrece la noche para dar rienda suelta a los instintos, lo cierto es que el popular cantante no suele dedicar esas horas del d\u00eda al mero ocio y, de hecho, las aprovecha para cultivar al m\u00e1ximo su faceta de compositor. Refiri\u00e9ndose a s\u00ed mismo como un ave nocturna que padece una especie de \u00abinsomnio creativo\u00bb, el artista espa\u00f1ol asegura que la mayor\u00eda de las canciones de su nuevo disco de estudio, &#8216;Sex + Love&#8217;, han sido concebidas y escritas en la m\u00e1s absoluta intimidad nocturna.<\/p>\n<p>\u00abLa mayor\u00eda de mi m\u00fasica nace en medio de la noche, que es cuando las ideas empiezan a fluir en mi cabeza y cuando soy capaz de plasmarlas en un papel. Esperar a que te venga la inspiraci\u00f3n puede ser algo muy frustrante cuando tu tiempo para escribir es limitado, pero yo tengo la suerte de ser un ave nocturna que saca a relucir la creatividad en el ambiente tan relajado que me da la noche. Lo mejor de m\u00ed sale a relucir durante la noche, gracias a mi &#8216;insomnio creativo'\u00bb, se sincer\u00f3 el hijo de Julio Iglesias en el diario brit\u00e1nico Daily Star.<\/p>\n<p>Adem\u00e1s de potenciar sus cualidades art\u00edsticas cuando el sol desaparece sobre el horizonte, el carism\u00e1tico int\u00e9rprete ha logrado en los \u00faltimos a\u00f1os sacar el m\u00e1ximo rendimiento a su condici\u00f3n biling\u00fce -habla indistintamente espa\u00f1ol e ingl\u00e9s-, presentando en su nuevo trabajo todo tipo de canciones con las que quiere conquistar sin complejos los dos mercados discogr\u00e1ficos m\u00e1s importantes del mundo: el anglosaj\u00f3n y el hispanohablante.<\/p>\n<p>\u00abHablo los dos idiomas de forma nativa y siempre me he sentido orgulloso de estar conectado con los dos mundos. Aunque el planeta est\u00e1 globalizado, los gustos musicales siguen dependiendo de la cultura de cada pa\u00eds, por lo que hay que saber c\u00f3mo encajar en cada uno de esos ambientes. Tengo canciones que han triunfado en Espa\u00f1a, Francia o Latinoam\u00e9rica, y que sin embargo han pasado desapercibidas en Reino Unido o Estados Unidos. Tambi\u00e9n me ocurre al contrario, y eso me anima a llegar a todos lados usando los dos idiomas\u00bb, reflexion\u00f3 en la misma conversaci\u00f3n.<\/p>\n<p>Otra de las razones que le llevan a incluir grabaciones en su idioma natal tiene que ver con la nostalgia que a veces siente en relaci\u00f3n a Espa\u00f1a, un pa\u00eds al que no solo se siente muy unido por motivos familiares e identitarios, sino porque fue ah\u00ed donde dio comienzo su exitosa carrera musical.<\/p>\n<p>\u00abJam\u00e1s olvidar\u00e9 que mi trayectoria empez\u00f3 en Espa\u00f1a, junto a mis compatriotas, porque si no fuera por mi pa\u00eds probablemente jam\u00e1s habr\u00eda logrado llevar mi m\u00fasica por todo el globo terr\u00e1queo\u00bb, concluy\u00f3.<\/p>\n","protected":false},"excerpt":{"rendered":"<p>Aunque muchos de los pegadizos temas de Enrique Iglesias ensalzan la vida nocturna y las oportunidades que ofrece la noche para dar rienda suelta a los instintos, lo cierto es que el popular cantante no suele dedicar esas horas del d\u00eda al mero ocio y, de hecho, las aprovecha para cultivar al m\u00e1ximo su faceta<\/p>\n","protected":false},"author":1,"featured_media":14893,"comment_status":"open","ping_status":"closed","sticky":false,"template":"","format":"standard","meta":{"footnotes":""},"categories":[224],"tags":[],"class_list":{"0":"post-14892","1":"post","2":"type-post","3":"status-publish","4":"format-standard","5":"has-post-thumbnail","7":"category-noticias-actualidad"},"aioseo_notices":[],"aioseo_head":"\n\t\t<!-- All in One SEO Pro 4.9.6.1 - aioseo.com -->\n\t<meta name=\"description\" content=\"Aunque muchos de los pegadizos temas de Enrique Iglesias ensalzan la vida nocturna y las oportunidades que ofrece la noche para dar rienda suelta a los instintos, lo cierto es que el popular cantante no suele dedicar esas horas del d\u00eda al mero ocio y, de hecho, las aprovecha para cultivar al m\u00e1ximo su faceta\" \/>\n\t<meta name=\"robots\" content=\"max-image-preview:large\" \/>\n\t<meta name=\"author\" content=\"admin\"\/>\n\t<meta name=\"google-site-verification\" content=\"UA-38556648-1\" \/>\n\t<meta name=\"keywords\" content=\"noticias y actualidad\" \/>\n\t<link rel=\"canonical\" href=\"https:\/\/eldigitaldeasturias.com\/magazine365\/enrique-iglesias-sufre-un-insomnio-creativo\/\" \/>\n\t<meta name=\"generator\" content=\"All in One SEO Pro (AIOSEO) 4.9.6.1\" \/>\n\t\t<meta property=\"og:locale\" content=\"es_ES\" \/>\n\t\t<meta property=\"og:site_name\" content=\"El Digital de Asturias \u2013 Revista de ocio, turismo y estilo de vida\" \/>\n\t\t<meta property=\"og:type\" content=\"article\" \/>\n\t\t<meta property=\"og:title\" content=\"Enrique Iglesias sufre un \u2018insomnio creativo\u2019 | El Digital de Asturias\" \/>\n\t\t<meta property=\"og:description\" content=\"Aunque muchos de los pegadizos temas de Enrique Iglesias ensalzan la vida nocturna y las oportunidades que ofrece la noche para dar rienda suelta a los instintos, lo cierto es que el popular cantante no suele dedicar esas horas del d\u00eda al mero ocio y, de hecho, las aprovecha para cultivar al m\u00e1ximo su faceta\" \/>\n\t\t<meta property=\"og:url\" content=\"https:\/\/eldigitaldeasturias.com\/magazine365\/enrique-iglesias-sufre-un-insomnio-creativo\/\" \/>\n\t\t<meta property=\"og:image\" content=\"https:\/\/eldigitaldeasturias.com\/magazine365\/wp-content\/uploads\/2014\/06\/Enrique-Iglesias.jpg\" \/>\n\t\t<meta property=\"og:image:secure_url\" content=\"https:\/\/eldigitaldeasturias.com\/magazine365\/wp-content\/uploads\/2014\/06\/Enrique-Iglesias.jpg\" \/>\n\t\t<meta property=\"og:image:width\" content=\"650\" \/>\n\t\t<meta property=\"og:image:height\" content=\"650\" \/>\n\t\t<meta property=\"article:published_time\" content=\"2014-06-03T17:22:32+00:00\" \/>\n\t\t<meta property=\"article:modified_time\" content=\"2014-06-03T17:22:32+00:00\" \/>\n\t\t<meta name=\"twitter:card\" content=\"summary_large_image\" \/>\n\t\t<meta name=\"twitter:title\" content=\"Enrique Iglesias sufre un \u2018insomnio creativo\u2019 | El Digital de Asturias\" \/>\n\t\t<meta name=\"twitter:description\" content=\"Aunque muchos de los pegadizos temas de Enrique Iglesias ensalzan la vida nocturna y las oportunidades que ofrece la noche para dar rienda suelta a los instintos, lo cierto es que el popular cantante no suele dedicar esas horas del d\u00eda al mero ocio y, de hecho, las aprovecha para cultivar al m\u00e1ximo su faceta\" \/>\n\t\t<meta name=\"twitter:image\" content=\"https:\/\/eldigitaldeasturias.com\/magazine365\/wp-content\/uploads\/2014\/06\/Enrique-Iglesias.jpg\" \/>\n\t\t<script type=\"application\/ld+json\" class=\"aioseo-schema\">\n\t\t\t{\"@context\":\"https:\\\/\\\/schema.org\",\"@graph\":[{\"@type\":\"Article\",\"@id\":\"https:\\\/\\\/eldigitaldeasturias.com\\\/magazine365\\\/enrique-iglesias-sufre-un-insomnio-creativo\\\/#article\",\"name\":\"Enrique Iglesias sufre un \\u2018insomnio creativo\\u2019 | El Digital de Asturias\",\"headline\":\"Enrique Iglesias sufre un &#8216;insomnio creativo&#8217;\",\"author\":{\"@id\":\"https:\\\/\\\/eldigitaldeasturias.com\\\/magazine365\\\/author\\\/admin\\\/#author\"},\"publisher\":{\"@id\":\"https:\\\/\\\/eldigitaldeasturias.com\\\/magazine365\\\/#organization\"},\"image\":{\"@type\":\"ImageObject\",\"url\":\"https:\\\/\\\/eldigitaldeasturias.com\\\/magazine365\\\/wp-content\\\/uploads\\\/2014\\\/06\\\/Enrique-Iglesias.jpg\",\"width\":650,\"height\":650},\"datePublished\":\"2014-06-03T15:22:32+02:00\",\"dateModified\":\"2014-06-03T15:22:32+02:00\",\"inLanguage\":\"es-ES\",\"mainEntityOfPage\":{\"@id\":\"https:\\\/\\\/eldigitaldeasturias.com\\\/magazine365\\\/enrique-iglesias-sufre-un-insomnio-creativo\\\/#webpage\"},\"isPartOf\":{\"@id\":\"https:\\\/\\\/eldigitaldeasturias.com\\\/magazine365\\\/enrique-iglesias-sufre-un-insomnio-creativo\\\/#webpage\"},\"articleSection\":\"Noticias y Actualidad\"},{\"@type\":\"BreadcrumbList\",\"@id\":\"https:\\\/\\\/eldigitaldeasturias.com\\\/magazine365\\\/enrique-iglesias-sufre-un-insomnio-creativo\\\/#breadcrumblist\",\"itemListElement\":[{\"@type\":\"ListItem\",\"@id\":\"https:\\\/\\\/eldigitaldeasturias.com\\\/magazine365#listItem\",\"position\":1,\"name\":\"Home\",\"item\":\"https:\\\/\\\/eldigitaldeasturias.com\\\/magazine365\",\"nextItem\":{\"@type\":\"ListItem\",\"@id\":\"https:\\\/\\\/eldigitaldeasturias.com\\\/magazine365\\\/category\\\/noticias-actualidad\\\/#listItem\",\"name\":\"Noticias y Actualidad\"}},{\"@type\":\"ListItem\",\"@id\":\"https:\\\/\\\/eldigitaldeasturias.com\\\/magazine365\\\/category\\\/noticias-actualidad\\\/#listItem\",\"position\":2,\"name\":\"Noticias y Actualidad\",\"item\":\"https:\\\/\\\/eldigitaldeasturias.com\\\/magazine365\\\/category\\\/noticias-actualidad\\\/\",\"nextItem\":{\"@type\":\"ListItem\",\"@id\":\"https:\\\/\\\/eldigitaldeasturias.com\\\/magazine365\\\/enrique-iglesias-sufre-un-insomnio-creativo\\\/#listItem\",\"name\":\"Enrique Iglesias sufre un &#8216;insomnio creativo&#8217;\"},\"previousItem\":{\"@type\":\"ListItem\",\"@id\":\"https:\\\/\\\/eldigitaldeasturias.com\\\/magazine365#listItem\",\"name\":\"Home\"}},{\"@type\":\"ListItem\",\"@id\":\"https:\\\/\\\/eldigitaldeasturias.com\\\/magazine365\\\/enrique-iglesias-sufre-un-insomnio-creativo\\\/#listItem\",\"position\":3,\"name\":\"Enrique Iglesias sufre un &#8216;insomnio creativo&#8217;\",\"previousItem\":{\"@type\":\"ListItem\",\"@id\":\"https:\\\/\\\/eldigitaldeasturias.com\\\/magazine365\\\/category\\\/noticias-actualidad\\\/#listItem\",\"name\":\"Noticias y Actualidad\"}}]},{\"@type\":\"Organization\",\"@id\":\"https:\\\/\\\/eldigitaldeasturias.com\\\/magazine365\\\/#organization\",\"name\":\"El digital de Asturias\",\"description\":\"Revista de ocio, turismo y estilo de vida\",\"url\":\"https:\\\/\\\/eldigitaldeasturias.com\\\/magazine365\\\/\",\"logo\":{\"@type\":\"ImageObject\",\"url\":\"https:\\\/\\\/www.eldigitaldeasturias.com\\\/noticias\\\/wp-content\\\/uploads\\\/2020\\\/12\\\/EDA.jpg\",\"@id\":\"https:\\\/\\\/eldigitaldeasturias.com\\\/magazine365\\\/enrique-iglesias-sufre-un-insomnio-creativo\\\/#organizationLogo\"},\"image\":{\"@id\":\"https:\\\/\\\/eldigitaldeasturias.com\\\/magazine365\\\/enrique-iglesias-sufre-un-insomnio-creativo\\\/#organizationLogo\"}},{\"@type\":\"Person\",\"@id\":\"https:\\\/\\\/eldigitaldeasturias.com\\\/magazine365\\\/author\\\/admin\\\/#author\",\"url\":\"https:\\\/\\\/eldigitaldeasturias.com\\\/magazine365\\\/author\\\/admin\\\/\",\"name\":\"admin\",\"image\":{\"@type\":\"ImageObject\",\"@id\":\"https:\\\/\\\/eldigitaldeasturias.com\\\/magazine365\\\/enrique-iglesias-sufre-un-insomnio-creativo\\\/#authorImage\",\"url\":\"https:\\\/\\\/eldigitaldeasturias.com\\\/magazine365\\\/wp-content\\\/litespeed\\\/avatar\\\/e571bcf59a0edd6fa6838245a470f2fe.jpg?ver=1777574230\",\"width\":96,\"height\":96,\"caption\":\"admin\"}},{\"@type\":\"WebPage\",\"@id\":\"https:\\\/\\\/eldigitaldeasturias.com\\\/magazine365\\\/enrique-iglesias-sufre-un-insomnio-creativo\\\/#webpage\",\"url\":\"https:\\\/\\\/eldigitaldeasturias.com\\\/magazine365\\\/enrique-iglesias-sufre-un-insomnio-creativo\\\/\",\"name\":\"Enrique Iglesias sufre un \\u2018insomnio creativo\\u2019 | El Digital de Asturias\",\"description\":\"Aunque muchos de los pegadizos temas de Enrique Iglesias ensalzan la vida nocturna y las oportunidades que ofrece la noche para dar rienda suelta a los instintos, lo cierto es que el popular cantante no suele dedicar esas horas del d\\u00eda al mero ocio y, de hecho, las aprovecha para cultivar al m\\u00e1ximo su faceta\",\"inLanguage\":\"es-ES\",\"isPartOf\":{\"@id\":\"https:\\\/\\\/eldigitaldeasturias.com\\\/magazine365\\\/#website\"},\"breadcrumb\":{\"@id\":\"https:\\\/\\\/eldigitaldeasturias.com\\\/magazine365\\\/enrique-iglesias-sufre-un-insomnio-creativo\\\/#breadcrumblist\"},\"author\":{\"@id\":\"https:\\\/\\\/eldigitaldeasturias.com\\\/magazine365\\\/author\\\/admin\\\/#author\"},\"creator\":{\"@id\":\"https:\\\/\\\/eldigitaldeasturias.com\\\/magazine365\\\/author\\\/admin\\\/#author\"},\"image\":{\"@type\":\"ImageObject\",\"url\":\"https:\\\/\\\/eldigitaldeasturias.com\\\/magazine365\\\/wp-content\\\/uploads\\\/2014\\\/06\\\/Enrique-Iglesias.jpg\",\"@id\":\"https:\\\/\\\/eldigitaldeasturias.com\\\/magazine365\\\/enrique-iglesias-sufre-un-insomnio-creativo\\\/#mainImage\",\"width\":650,\"height\":650},\"primaryImageOfPage\":{\"@id\":\"https:\\\/\\\/eldigitaldeasturias.com\\\/magazine365\\\/enrique-iglesias-sufre-un-insomnio-creativo\\\/#mainImage\"},\"datePublished\":\"2014-06-03T15:22:32+02:00\",\"dateModified\":\"2014-06-03T15:22:32+02:00\"},{\"@type\":\"WebSite\",\"@id\":\"https:\\\/\\\/eldigitaldeasturias.com\\\/magazine365\\\/#website\",\"url\":\"https:\\\/\\\/eldigitaldeasturias.com\\\/magazine365\\\/\",\"name\":\"El Digital de Asturias\",\"description\":\"Revista de ocio, turismo y estilo de vida\",\"inLanguage\":\"es-ES\",\"publisher\":{\"@id\":\"https:\\\/\\\/eldigitaldeasturias.com\\\/magazine365\\\/#organization\"}}]}\n\t\t<\/script>\n\t\t<!-- All in One SEO Pro -->\r\n\t\t<title>Enrique Iglesias sufre un \u2018insomnio creativo\u2019 | El Digital de Asturias<\/title>\n\n","aioseo_head_json":{"title":"Enrique Iglesias sufre un \u2018insomnio creativo\u2019 | El Digital de Asturias","description":"Aunque muchos de los pegadizos temas de Enrique Iglesias ensalzan la vida nocturna y las oportunidades que ofrece la noche para dar rienda suelta a los instintos, lo cierto es que el popular cantante no suele dedicar esas horas del d\u00eda al mero ocio y, de hecho, las aprovecha para cultivar al m\u00e1ximo su faceta","canonical_url":"https:\/\/eldigitaldeasturias.com\/magazine365\/enrique-iglesias-sufre-un-insomnio-creativo\/","robots":"max-image-preview:large","keywords":"noticias y actualidad","webmasterTools":{"google-site-verification":"UA-38556648-1","miscellaneous":""},"schema":{"@context":"https:\/\/schema.org","@graph":[{"@type":"Article","@id":"https:\/\/eldigitaldeasturias.com\/magazine365\/enrique-iglesias-sufre-un-insomnio-creativo\/#article","name":"Enrique Iglesias sufre un \u2018insomnio creativo\u2019 | El Digital de Asturias","headline":"Enrique Iglesias sufre un &#8216;insomnio creativo&#8217;","author":{"@id":"https:\/\/eldigitaldeasturias.com\/magazine365\/author\/admin\/#author"},"publisher":{"@id":"https:\/\/eldigitaldeasturias.com\/magazine365\/#organization"},"image":{"@type":"ImageObject","url":"https:\/\/eldigitaldeasturias.com\/magazine365\/wp-content\/uploads\/2014\/06\/Enrique-Iglesias.jpg","width":650,"height":650},"datePublished":"2014-06-03T15:22:32+02:00","dateModified":"2014-06-03T15:22:32+02:00","inLanguage":"es-ES","mainEntityOfPage":{"@id":"https:\/\/eldigitaldeasturias.com\/magazine365\/enrique-iglesias-sufre-un-insomnio-creativo\/#webpage"},"isPartOf":{"@id":"https:\/\/eldigitaldeasturias.com\/magazine365\/enrique-iglesias-sufre-un-insomnio-creativo\/#webpage"},"articleSection":"Noticias y Actualidad"},{"@type":"BreadcrumbList","@id":"https:\/\/eldigitaldeasturias.com\/magazine365\/enrique-iglesias-sufre-un-insomnio-creativo\/#breadcrumblist","itemListElement":[{"@type":"ListItem","@id":"https:\/\/eldigitaldeasturias.com\/magazine365#listItem","position":1,"name":"Home","item":"https:\/\/eldigitaldeasturias.com\/magazine365","nextItem":{"@type":"ListItem","@id":"https:\/\/eldigitaldeasturias.com\/magazine365\/category\/noticias-actualidad\/#listItem","name":"Noticias y Actualidad"}},{"@type":"ListItem","@id":"https:\/\/eldigitaldeasturias.com\/magazine365\/category\/noticias-actualidad\/#listItem","position":2,"name":"Noticias y Actualidad","item":"https:\/\/eldigitaldeasturias.com\/magazine365\/category\/noticias-actualidad\/","nextItem":{"@type":"ListItem","@id":"https:\/\/eldigitaldeasturias.com\/magazine365\/enrique-iglesias-sufre-un-insomnio-creativo\/#listItem","name":"Enrique Iglesias sufre un &#8216;insomnio creativo&#8217;"},"previousItem":{"@type":"ListItem","@id":"https:\/\/eldigitaldeasturias.com\/magazine365#listItem","name":"Home"}},{"@type":"ListItem","@id":"https:\/\/eldigitaldeasturias.com\/magazine365\/enrique-iglesias-sufre-un-insomnio-creativo\/#listItem","position":3,"name":"Enrique Iglesias sufre un &#8216;insomnio creativo&#8217;","previousItem":{"@type":"ListItem","@id":"https:\/\/eldigitaldeasturias.com\/magazine365\/category\/noticias-actualidad\/#listItem","name":"Noticias y Actualidad"}}]},{"@type":"Organization","@id":"https:\/\/eldigitaldeasturias.com\/magazine365\/#organization","name":"El digital de Asturias","description":"Revista de ocio, turismo y estilo de vida","url":"https:\/\/eldigitaldeasturias.com\/magazine365\/","logo":{"@type":"ImageObject","url":"https:\/\/www.eldigitaldeasturias.com\/noticias\/wp-content\/uploads\/2020\/12\/EDA.jpg","@id":"https:\/\/eldigitaldeasturias.com\/magazine365\/enrique-iglesias-sufre-un-insomnio-creativo\/#organizationLogo"},"image":{"@id":"https:\/\/eldigitaldeasturias.com\/magazine365\/enrique-iglesias-sufre-un-insomnio-creativo\/#organizationLogo"}},{"@type":"Person","@id":"https:\/\/eldigitaldeasturias.com\/magazine365\/author\/admin\/#author","url":"https:\/\/eldigitaldeasturias.com\/magazine365\/author\/admin\/","name":"admin","image":{"@type":"ImageObject","@id":"https:\/\/eldigitaldeasturias.com\/magazine365\/enrique-iglesias-sufre-un-insomnio-creativo\/#authorImage","url":"https:\/\/eldigitaldeasturias.com\/magazine365\/wp-content\/litespeed\/avatar\/e571bcf59a0edd6fa6838245a470f2fe.jpg?ver=1777574230","width":96,"height":96,"caption":"admin"}},{"@type":"WebPage","@id":"https:\/\/eldigitaldeasturias.com\/magazine365\/enrique-iglesias-sufre-un-insomnio-creativo\/#webpage","url":"https:\/\/eldigitaldeasturias.com\/magazine365\/enrique-iglesias-sufre-un-insomnio-creativo\/","name":"Enrique Iglesias sufre un \u2018insomnio creativo\u2019 | El Digital de Asturias","description":"Aunque muchos de los pegadizos temas de Enrique Iglesias ensalzan la vida nocturna y las oportunidades que ofrece la noche para dar rienda suelta a los instintos, lo cierto es que el popular cantante no suele dedicar esas horas del d\u00eda al mero ocio y, de hecho, las aprovecha para cultivar al m\u00e1ximo su faceta","inLanguage":"es-ES","isPartOf":{"@id":"https:\/\/eldigitaldeasturias.com\/magazine365\/#website"},"breadcrumb":{"@id":"https:\/\/eldigitaldeasturias.com\/magazine365\/enrique-iglesias-sufre-un-insomnio-creativo\/#breadcrumblist"},"author":{"@id":"https:\/\/eldigitaldeasturias.com\/magazine365\/author\/admin\/#author"},"creator":{"@id":"https:\/\/eldigitaldeasturias.com\/magazine365\/author\/admin\/#author"},"image":{"@type":"ImageObject","url":"https:\/\/eldigitaldeasturias.com\/magazine365\/wp-content\/uploads\/2014\/06\/Enrique-Iglesias.jpg","@id":"https:\/\/eldigitaldeasturias.com\/magazine365\/enrique-iglesias-sufre-un-insomnio-creativo\/#mainImage","width":650,"height":650},"primaryImageOfPage":{"@id":"https:\/\/eldigitaldeasturias.com\/magazine365\/enrique-iglesias-sufre-un-insomnio-creativo\/#mainImage"},"datePublished":"2014-06-03T15:22:32+02:00","dateModified":"2014-06-03T15:22:32+02:00"},{"@type":"WebSite","@id":"https:\/\/eldigitaldeasturias.com\/magazine365\/#website","url":"https:\/\/eldigitaldeasturias.com\/magazine365\/","name":"El Digital de Asturias","description":"Revista de ocio, turismo y estilo de vida","inLanguage":"es-ES","publisher":{"@id":"https:\/\/eldigitaldeasturias.com\/magazine365\/#organization"}}]},"og:locale":"es_ES","og:site_name":"El Digital de Asturias \u2013 Revista de ocio, turismo y estilo de vida","og:type":"article","og:title":"Enrique Iglesias sufre un \u2018insomnio creativo\u2019 | El Digital de Asturias","og:description":"Aunque muchos de los pegadizos temas de Enrique Iglesias ensalzan la vida nocturna y las oportunidades que ofrece la noche para dar rienda suelta a los instintos, lo cierto es que el popular cantante no suele dedicar esas horas del d\u00eda al mero ocio y, de hecho, las aprovecha para cultivar al m\u00e1ximo su faceta","og:url":"https:\/\/eldigitaldeasturias.com\/magazine365\/enrique-iglesias-sufre-un-insomnio-creativo\/","og:image":"https:\/\/eldigitaldeasturias.com\/magazine365\/wp-content\/uploads\/2014\/06\/Enrique-Iglesias.jpg","og:image:secure_url":"https:\/\/eldigitaldeasturias.com\/magazine365\/wp-content\/uploads\/2014\/06\/Enrique-Iglesias.jpg","og:image:width":650,"og:image:height":650,"article:published_time":"2014-06-03T17:22:32+00:00","article:modified_time":"2014-06-03T17:22:32+00:00","twitter:card":"summary_large_image","twitter:title":"Enrique Iglesias sufre un \u2018insomnio creativo\u2019 | El Digital de Asturias","twitter:description":"Aunque muchos de los pegadizos temas de Enrique Iglesias ensalzan la vida nocturna y las oportunidades que ofrece la noche para dar rienda suelta a los instintos, lo cierto es que el popular cantante no suele dedicar esas horas del d\u00eda al mero ocio y, de hecho, las aprovecha para cultivar al m\u00e1ximo su faceta","twitter:image":"https:\/\/eldigitaldeasturias.com\/magazine365\/wp-content\/uploads\/2014\/06\/Enrique-Iglesias.jpg"},"aioseo_meta_data":{"post_id":"14892","title":null,"description":null,"keywords":null,"keyphrases":null,"primary_term":null,"canonical_url":null,"og_title":null,"og_description":null,"og_object_type":"default","og_image_type":"default","og_image_url":null,"og_image_width":null,"og_image_height":null,"og_image_custom_url":null,"og_image_custom_fields":null,"og_video":null,"og_custom_url":null,"og_article_section":null,"og_article_tags":null,"twitter_use_og":false,"twitter_card":"default","twitter_image_type":"default","twitter_image_url":null,"twitter_image_custom_url":null,"twitter_image_custom_fields":null,"twitter_title":null,"twitter_description":null,"schema":{"blockGraphs":[],"customGraphs":[],"default":{"data":{"Article":[],"Course":[],"Dataset":[],"FAQPage":[],"Movie":[],"Person":[],"Product":[],"ProductReview":[],"Car":[],"Recipe":[],"Service":[],"SoftwareApplication":[],"WebPage":[]},"graphName":"","isEnabled":true},"graphs":[],"defaultGraph":"","defaultPostTypeGraph":""},"schema_type":null,"schema_type_options":null,"pillar_content":false,"robots_default":true,"robots_noindex":false,"robots_noarchive":false,"robots_nosnippet":false,"robots_nofollow":false,"robots_noimageindex":false,"robots_noodp":false,"robots_notranslate":false,"robots_max_snippet":null,"robots_max_videopreview":null,"robots_max_imagepreview":"large","priority":null,"frequency":null,"location":null,"local_seo":null,"seo_analyzer_scan_date":"2025-09-17 10:59:59","breadcrumb_settings":null,"limit_modified_date":false,"open_ai":null,"ai":null,"created":"2021-03-09 08:08:50","updated":"2025-09-17 10:59:59"},"aioseo_breadcrumb":"<div class=\"aioseo-breadcrumbs\"><span class=\"aioseo-breadcrumb\">\n\t<a href=\"https:\/\/eldigitaldeasturias.com\/magazine365\" title=\"Home\">Home<\/a>\n<\/span><span class=\"aioseo-breadcrumb-separator\">\u2013<\/span><span class=\"aioseo-breadcrumb\">\n\t<a href=\"https:\/\/eldigitaldeasturias.com\/magazine365\/category\/noticias-actualidad\/\" title=\"Noticias y Actualidad\">Noticias y Actualidad<\/a>\n<\/span><span class=\"aioseo-breadcrumb-separator\">\u2013<\/span><span class=\"aioseo-breadcrumb\">\n\t<a href=\"https:\/\/eldigitaldeasturias.com\/magazine365\/enrique-iglesias-sufre-un-insomnio-creativo\/\" title=\"Enrique Iglesias sufre un \u2018insomnio creativo\u2019\">Enrique Iglesias sufre un \u2018insomnio creativo\u2019<\/a>\n<\/span><\/div>","aioseo_breadcrumb_json":[{"label":"Home","link":"https:\/\/eldigitaldeasturias.com\/magazine365"},{"label":"Noticias y Actualidad","link":"https:\/\/eldigitaldeasturias.com\/magazine365\/category\/noticias-actualidad\/"},{"label":"Enrique Iglesias sufre un &#8216;insomnio creativo&#8217;","link":"https:\/\/eldigitaldeasturias.com\/magazine365\/enrique-iglesias-sufre-un-insomnio-creativo\/"}],"_links":{"self":[{"href":"https:\/\/eldigitaldeasturias.com\/magazine365\/wp-json\/wp\/v2\/posts\/14892","targetHints":{"allow":["GET"]}}],"collection":[{"href":"https:\/\/eldigitaldeasturias.com\/magazine365\/wp-json\/wp\/v2\/posts"}],"about":[{"href":"https:\/\/eldigitaldeasturias.com\/magazine365\/wp-json\/wp\/v2\/types\/post"}],"author":[{"embeddable":true,"href":"https:\/\/eldigitaldeasturias.com\/magazine365\/wp-json\/wp\/v2\/users\/1"}],"replies":[{"embeddable":true,"href":"https:\/\/eldigitaldeasturias.com\/magazine365\/wp-json\/wp\/v2\/comments?post=14892"}],"version-history":[{"count":0,"href":"https:\/\/eldigitaldeasturias.com\/magazine365\/wp-json\/wp\/v2\/posts\/14892\/revisions"}],"wp:featuredmedia":[{"embeddable":true,"href":"https:\/\/eldigitaldeasturias.com\/magazine365\/wp-json\/wp\/v2\/media\/14893"}],"wp:attachment":[{"href":"https:\/\/eldigitaldeasturias.com\/magazine365\/wp-json\/wp\/v2\/media?parent=14892"}],"wp:term":[{"taxonomy":"category","embeddable":true,"href":"https:\/\/eldigitaldeasturias.com\/magazine365\/wp-json\/wp\/v2\/categories?post=14892"},{"taxonomy":"post_tag","embeddable":true,"href":"https:\/\/eldigitaldeasturias.com\/magazine365\/wp-json\/wp\/v2\/tags?post=14892"}],"curies":[{"name":"wp","href":"https:\/\/api.w.org\/{rel}","templated":true}]}}