{"id":14889,"date":"2014-06-03T15:21:17","date_gmt":"2014-06-03T17:21:17","guid":{"rendered":"http:\/\/eldigitaldeasturias.com\/magazine365\/?p=14889"},"modified":"2014-06-03T15:21:17","modified_gmt":"2014-06-03T17:21:17","slug":"brad-pitt-recuerda-su-encuentro-con-el-reportero-agresor","status":"publish","type":"post","link":"https:\/\/eldigitaldeasturias.com\/magazine365\/brad-pitt-recuerda-su-encuentro-con-el-reportero-agresor\/","title":{"rendered":"Brad Pitt recuerda su encuentro con el reportero agresor"},"content":{"rendered":"<p><img fetchpriority=\"high\" decoding=\"async\" class=\"alignleft size-medium wp-image-14890\" alt=\"86th Annual Academy Awards - Press Room\" src=\"https:\/\/eldigitaldeasturias.com\/magazine365\/wp-content\/uploads\/2014\/06\/Brad-Pitt-recuerda-su-encuentro-con-el-reportero-agresor-300x300.jpg\" width=\"300\" height=\"300\" srcset=\"https:\/\/eldigitaldeasturias.com\/magazine365\/wp-content\/uploads\/2014\/06\/Brad-Pitt-recuerda-su-encuentro-con-el-reportero-agresor-300x300.jpg 300w, https:\/\/eldigitaldeasturias.com\/magazine365\/wp-content\/uploads\/2014\/06\/Brad-Pitt-recuerda-su-encuentro-con-el-reportero-agresor-640x640.jpg 640w, https:\/\/eldigitaldeasturias.com\/magazine365\/wp-content\/uploads\/2014\/06\/Brad-Pitt-recuerda-su-encuentro-con-el-reportero-agresor-150x150.jpg 150w, https:\/\/eldigitaldeasturias.com\/magazine365\/wp-content\/uploads\/2014\/06\/Brad-Pitt-recuerda-su-encuentro-con-el-reportero-agresor-450x450.jpg 450w, https:\/\/eldigitaldeasturias.com\/magazine365\/wp-content\/uploads\/2014\/06\/Brad-Pitt-recuerda-su-encuentro-con-el-reportero-agresor-420x420.jpg 420w, https:\/\/eldigitaldeasturias.com\/magazine365\/wp-content\/uploads\/2014\/06\/Brad-Pitt-recuerda-su-encuentro-con-el-reportero-agresor-50x50.jpg 50w, https:\/\/eldigitaldeasturias.com\/magazine365\/wp-content\/uploads\/2014\/06\/Brad-Pitt-recuerda-su-encuentro-con-el-reportero-agresor.jpg 650w\" sizes=\"(max-width: 300px) 100vw, 300px\" \/>Aunque el actor Brad Pitt siempre ha exhibido una actitud cercana y natural en sus encuentros con sus admiradores, tambi\u00e9n ha demostrado que no tolera bromas pesadas como las del reportero ucraniano Vitalii Sediuk -famoso por asaltar a las estrellas sobre la alfombra roja-, al que no ha dudado en calificar de \u00abchalado\u00bb tras convertirse en su \u00faltima v\u00edctima durante el estreno de la pel\u00edcula &#8216;Mal\u00e9fica&#8217; en Los \u00c1ngeles, evento que tuvo lugar la semana pasada.<\/p>\n<p>Por suerte, el conocido int\u00e9rprete puede estar seguro de que no volver\u00e1 a protagonizar involuntariamente otro desagradable encuentro con el mencionado Sediuk, ya que ha conseguido que un tribunal de California emita una orden de alejamiento temporal contra su agresor, al que el propio Brad Pitt acab\u00f3 golpeando en la cabeza para conseguir librarse de \u00e9l durante el forcejeo en la alfombra roja.<\/p>\n<p>\u00abYo estaba firmando aut\u00f3grafos y de repente vi por el rabillo del ojo que alguien se abalanzaba sobre m\u00ed desde la multitud. Intent\u00e9 dar un paso atr\u00e1s, pero el tipo me ten\u00eda agarrado por las solapas de la chaqueta. Y cuando me quise dar cuenta, el chalado estaba intentando enterrar su cabeza en mi entrepierna, as\u00ed que le golpe\u00e9 dos veces en la cabeza, no demasiado fuerte, pero s\u00ed lo suficiente para que se despegara de m\u00ed\u00bb, explic\u00f3 el actor a la revista People.<\/p>\n<p>Si bien es cierto que Brad no ha dudado en referirse a su contratiempo como una broma de mal gusto, tambi\u00e9n ha querido aclarar que en ning\u00fan momento consider\u00f3 que la intenci\u00f3n de Sediuk fuera la de herirle f\u00edsicamente.<\/p>\n<p>\u00abCuando el tipo ya ten\u00eda a todos los agentes de seguridad encima, creo que lo \u00fanico que intentaba hacer era buscar un punto de apoyo para levantarse, as\u00ed que alz\u00f3 el brazo y agarr\u00f3 mis gafas de sol, pero no creo que quisiera golpearme\u00bb, declar\u00f3 el oscarizado actor, cuya mayor preocupaci\u00f3n es la repercusi\u00f3n que pueden tener este tipo de incidentes en sus admiradores: \u00abNo me molestan los espont\u00e1neos, pero si ese tipo contin\u00faa haciendo de las suyas, va a estropear toda la diversi\u00f3n a los fans. Ellos son los que esperan toda la noche para conseguir un aut\u00f3grafo o una foto, y lo \u00fanico que consigue de esta manera es que la gente sienta reticencia a la hora de acercarse a las vallas para saludar\u00bb.<\/p>\n<p>Al menos al actor le queda el consuelo de saber que no ha sido la \u00fanica celebridad en ser \u00abridiculizada\u00bb en p\u00fablico por el transgresor humorista ucraniano, teniendo en cuenta que la tambi\u00e9n actriz America Ferrera tuvo que soportar que Sediuk metiera la cabeza debajo de su vestido de gala mientras posaba para los fot\u00f3grafos en el Festival de Cannes (Francia), una noticia que dej\u00f3 horrorizado a Brad Pitt.<\/p>\n<p>\u00abEspero que sea consciente de que, si vuelve a tratar de mirar lo que hay debajo del vestido de una mujer, alguien va a terminar d\u00e1ndole de patadas\u00bb, asegur\u00f3 el guapo artista.<\/p>\n<p>Sin embargo, parece que la trayectoria de Sediuk como espont\u00e1neo de las alfombras rojas se ver\u00e1 interrumpida temporalmente, dado que el reportero ha sido condenado este viernes a 20 d\u00edas de trabajo comunitario y a un a\u00f1o de tratamiento psicol\u00f3gico obligatorio como castigo por sus travesuras, adem\u00e1s de haberle sido prohibido asistir a cualquier tipo de acto con celebridades en Los \u00c1ngeles.<\/p>\n","protected":false},"excerpt":{"rendered":"<p>Aunque el actor Brad Pitt siempre ha exhibido una actitud cercana y natural en sus encuentros con sus admiradores, tambi\u00e9n ha demostrado que no tolera bromas pesadas como las del reportero ucraniano Vitalii Sediuk -famoso por asaltar a las estrellas sobre la alfombra roja-, al que no ha dudado en calificar de \u00abchalado\u00bb tras convertirse<\/p>\n","protected":false},"author":1,"featured_media":14890,"comment_status":"open","ping_status":"closed","sticky":false,"template":"","format":"standard","meta":{"footnotes":""},"categories":[224],"tags":[],"class_list":{"0":"post-14889","1":"post","2":"type-post","3":"status-publish","4":"format-standard","5":"has-post-thumbnail","7":"category-noticias-actualidad"},"aioseo_notices":[],"aioseo_head":"\n\t\t<!-- All in One SEO Pro 4.9.6.1 - aioseo.com -->\n\t<meta name=\"description\" content=\"Aunque el actor Brad Pitt siempre ha exhibido una actitud cercana y natural en sus encuentros con sus admiradores, tambi\u00e9n ha demostrado que no tolera bromas pesadas como las del reportero ucraniano Vitalii Sediuk -famoso por asaltar a las estrellas sobre la alfombra roja-, al que no ha dudado en calificar de &quot;chalado&quot; tras convertirse\" \/>\n\t<meta name=\"robots\" content=\"max-image-preview:large\" \/>\n\t<meta name=\"author\" content=\"admin\"\/>\n\t<meta name=\"google-site-verification\" content=\"UA-38556648-1\" \/>\n\t<meta name=\"keywords\" content=\"noticias y actualidad\" \/>\n\t<link rel=\"canonical\" href=\"https:\/\/eldigitaldeasturias.com\/magazine365\/brad-pitt-recuerda-su-encuentro-con-el-reportero-agresor\/\" \/>\n\t<meta name=\"generator\" content=\"All in One SEO Pro (AIOSEO) 4.9.6.1\" \/>\n\t\t<meta property=\"og:locale\" content=\"es_ES\" \/>\n\t\t<meta property=\"og:site_name\" content=\"El Digital de Asturias \u2013 Revista de ocio, turismo y estilo de vida\" \/>\n\t\t<meta property=\"og:type\" content=\"article\" \/>\n\t\t<meta property=\"og:title\" content=\"Brad Pitt recuerda su encuentro con el reportero agresor | El Digital de Asturias\" \/>\n\t\t<meta property=\"og:description\" content=\"Aunque el actor Brad Pitt siempre ha exhibido una actitud cercana y natural en sus encuentros con sus admiradores, tambi\u00e9n ha demostrado que no tolera bromas pesadas como las del reportero ucraniano Vitalii Sediuk -famoso por asaltar a las estrellas sobre la alfombra roja-, al que no ha dudado en calificar de &quot;chalado&quot; tras convertirse\" \/>\n\t\t<meta property=\"og:url\" content=\"https:\/\/eldigitaldeasturias.com\/magazine365\/brad-pitt-recuerda-su-encuentro-con-el-reportero-agresor\/\" \/>\n\t\t<meta property=\"og:image\" content=\"https:\/\/eldigitaldeasturias.com\/magazine365\/wp-content\/uploads\/2014\/06\/Brad-Pitt-recuerda-su-encuentro-con-el-reportero-agresor.jpg\" \/>\n\t\t<meta property=\"og:image:secure_url\" content=\"https:\/\/eldigitaldeasturias.com\/magazine365\/wp-content\/uploads\/2014\/06\/Brad-Pitt-recuerda-su-encuentro-con-el-reportero-agresor.jpg\" \/>\n\t\t<meta property=\"og:image:width\" content=\"650\" \/>\n\t\t<meta property=\"og:image:height\" content=\"650\" \/>\n\t\t<meta property=\"article:published_time\" content=\"2014-06-03T17:21:17+00:00\" \/>\n\t\t<meta property=\"article:modified_time\" content=\"2014-06-03T17:21:17+00:00\" \/>\n\t\t<meta name=\"twitter:card\" content=\"summary_large_image\" \/>\n\t\t<meta name=\"twitter:title\" content=\"Brad Pitt recuerda su encuentro con el reportero agresor | El Digital de Asturias\" \/>\n\t\t<meta name=\"twitter:description\" content=\"Aunque el actor Brad Pitt siempre ha exhibido una actitud cercana y natural en sus encuentros con sus admiradores, tambi\u00e9n ha demostrado que no tolera bromas pesadas como las del reportero ucraniano Vitalii Sediuk -famoso por asaltar a las estrellas sobre la alfombra roja-, al que no ha dudado en calificar de &quot;chalado&quot; tras convertirse\" \/>\n\t\t<meta name=\"twitter:image\" content=\"https:\/\/eldigitaldeasturias.com\/magazine365\/wp-content\/uploads\/2014\/06\/Brad-Pitt-recuerda-su-encuentro-con-el-reportero-agresor.jpg\" \/>\n\t\t<script type=\"application\/ld+json\" class=\"aioseo-schema\">\n\t\t\t{\"@context\":\"https:\\\/\\\/schema.org\",\"@graph\":[{\"@type\":\"Article\",\"@id\":\"https:\\\/\\\/eldigitaldeasturias.com\\\/magazine365\\\/brad-pitt-recuerda-su-encuentro-con-el-reportero-agresor\\\/#article\",\"name\":\"Brad Pitt recuerda su encuentro con el reportero agresor | El Digital de Asturias\",\"headline\":\"Brad Pitt recuerda su encuentro con el reportero agresor\",\"author\":{\"@id\":\"https:\\\/\\\/eldigitaldeasturias.com\\\/magazine365\\\/author\\\/admin\\\/#author\"},\"publisher\":{\"@id\":\"https:\\\/\\\/eldigitaldeasturias.com\\\/magazine365\\\/#organization\"},\"image\":{\"@type\":\"ImageObject\",\"url\":\"https:\\\/\\\/eldigitaldeasturias.com\\\/magazine365\\\/wp-content\\\/uploads\\\/2014\\\/06\\\/Brad-Pitt-recuerda-su-encuentro-con-el-reportero-agresor.jpg\",\"width\":650,\"height\":650},\"datePublished\":\"2014-06-03T15:21:17+02:00\",\"dateModified\":\"2014-06-03T15:21:17+02:00\",\"inLanguage\":\"es-ES\",\"mainEntityOfPage\":{\"@id\":\"https:\\\/\\\/eldigitaldeasturias.com\\\/magazine365\\\/brad-pitt-recuerda-su-encuentro-con-el-reportero-agresor\\\/#webpage\"},\"isPartOf\":{\"@id\":\"https:\\\/\\\/eldigitaldeasturias.com\\\/magazine365\\\/brad-pitt-recuerda-su-encuentro-con-el-reportero-agresor\\\/#webpage\"},\"articleSection\":\"Noticias y Actualidad\"},{\"@type\":\"BreadcrumbList\",\"@id\":\"https:\\\/\\\/eldigitaldeasturias.com\\\/magazine365\\\/brad-pitt-recuerda-su-encuentro-con-el-reportero-agresor\\\/#breadcrumblist\",\"itemListElement\":[{\"@type\":\"ListItem\",\"@id\":\"https:\\\/\\\/eldigitaldeasturias.com\\\/magazine365#listItem\",\"position\":1,\"name\":\"Home\",\"item\":\"https:\\\/\\\/eldigitaldeasturias.com\\\/magazine365\",\"nextItem\":{\"@type\":\"ListItem\",\"@id\":\"https:\\\/\\\/eldigitaldeasturias.com\\\/magazine365\\\/category\\\/noticias-actualidad\\\/#listItem\",\"name\":\"Noticias y Actualidad\"}},{\"@type\":\"ListItem\",\"@id\":\"https:\\\/\\\/eldigitaldeasturias.com\\\/magazine365\\\/category\\\/noticias-actualidad\\\/#listItem\",\"position\":2,\"name\":\"Noticias y Actualidad\",\"item\":\"https:\\\/\\\/eldigitaldeasturias.com\\\/magazine365\\\/category\\\/noticias-actualidad\\\/\",\"nextItem\":{\"@type\":\"ListItem\",\"@id\":\"https:\\\/\\\/eldigitaldeasturias.com\\\/magazine365\\\/brad-pitt-recuerda-su-encuentro-con-el-reportero-agresor\\\/#listItem\",\"name\":\"Brad Pitt recuerda su encuentro con el reportero agresor\"},\"previousItem\":{\"@type\":\"ListItem\",\"@id\":\"https:\\\/\\\/eldigitaldeasturias.com\\\/magazine365#listItem\",\"name\":\"Home\"}},{\"@type\":\"ListItem\",\"@id\":\"https:\\\/\\\/eldigitaldeasturias.com\\\/magazine365\\\/brad-pitt-recuerda-su-encuentro-con-el-reportero-agresor\\\/#listItem\",\"position\":3,\"name\":\"Brad Pitt recuerda su encuentro con el reportero agresor\",\"previousItem\":{\"@type\":\"ListItem\",\"@id\":\"https:\\\/\\\/eldigitaldeasturias.com\\\/magazine365\\\/category\\\/noticias-actualidad\\\/#listItem\",\"name\":\"Noticias y Actualidad\"}}]},{\"@type\":\"Organization\",\"@id\":\"https:\\\/\\\/eldigitaldeasturias.com\\\/magazine365\\\/#organization\",\"name\":\"El digital de Asturias\",\"description\":\"Revista de ocio, turismo y estilo de vida\",\"url\":\"https:\\\/\\\/eldigitaldeasturias.com\\\/magazine365\\\/\",\"logo\":{\"@type\":\"ImageObject\",\"url\":\"https:\\\/\\\/www.eldigitaldeasturias.com\\\/noticias\\\/wp-content\\\/uploads\\\/2020\\\/12\\\/EDA.jpg\",\"@id\":\"https:\\\/\\\/eldigitaldeasturias.com\\\/magazine365\\\/brad-pitt-recuerda-su-encuentro-con-el-reportero-agresor\\\/#organizationLogo\"},\"image\":{\"@id\":\"https:\\\/\\\/eldigitaldeasturias.com\\\/magazine365\\\/brad-pitt-recuerda-su-encuentro-con-el-reportero-agresor\\\/#organizationLogo\"}},{\"@type\":\"Person\",\"@id\":\"https:\\\/\\\/eldigitaldeasturias.com\\\/magazine365\\\/author\\\/admin\\\/#author\",\"url\":\"https:\\\/\\\/eldigitaldeasturias.com\\\/magazine365\\\/author\\\/admin\\\/\",\"name\":\"admin\",\"image\":{\"@type\":\"ImageObject\",\"@id\":\"https:\\\/\\\/eldigitaldeasturias.com\\\/magazine365\\\/brad-pitt-recuerda-su-encuentro-con-el-reportero-agresor\\\/#authorImage\",\"url\":\"https:\\\/\\\/eldigitaldeasturias.com\\\/magazine365\\\/wp-content\\\/litespeed\\\/avatar\\\/e571bcf59a0edd6fa6838245a470f2fe.jpg?ver=1777574230\",\"width\":96,\"height\":96,\"caption\":\"admin\"}},{\"@type\":\"WebPage\",\"@id\":\"https:\\\/\\\/eldigitaldeasturias.com\\\/magazine365\\\/brad-pitt-recuerda-su-encuentro-con-el-reportero-agresor\\\/#webpage\",\"url\":\"https:\\\/\\\/eldigitaldeasturias.com\\\/magazine365\\\/brad-pitt-recuerda-su-encuentro-con-el-reportero-agresor\\\/\",\"name\":\"Brad Pitt recuerda su encuentro con el reportero agresor | El Digital de Asturias\",\"description\":\"Aunque el actor Brad Pitt siempre ha exhibido una actitud cercana y natural en sus encuentros con sus admiradores, tambi\\u00e9n ha demostrado que no tolera bromas pesadas como las del reportero ucraniano Vitalii Sediuk -famoso por asaltar a las estrellas sobre la alfombra roja-, al que no ha dudado en calificar de \\\"chalado\\\" tras convertirse\",\"inLanguage\":\"es-ES\",\"isPartOf\":{\"@id\":\"https:\\\/\\\/eldigitaldeasturias.com\\\/magazine365\\\/#website\"},\"breadcrumb\":{\"@id\":\"https:\\\/\\\/eldigitaldeasturias.com\\\/magazine365\\\/brad-pitt-recuerda-su-encuentro-con-el-reportero-agresor\\\/#breadcrumblist\"},\"author\":{\"@id\":\"https:\\\/\\\/eldigitaldeasturias.com\\\/magazine365\\\/author\\\/admin\\\/#author\"},\"creator\":{\"@id\":\"https:\\\/\\\/eldigitaldeasturias.com\\\/magazine365\\\/author\\\/admin\\\/#author\"},\"image\":{\"@type\":\"ImageObject\",\"url\":\"https:\\\/\\\/eldigitaldeasturias.com\\\/magazine365\\\/wp-content\\\/uploads\\\/2014\\\/06\\\/Brad-Pitt-recuerda-su-encuentro-con-el-reportero-agresor.jpg\",\"@id\":\"https:\\\/\\\/eldigitaldeasturias.com\\\/magazine365\\\/brad-pitt-recuerda-su-encuentro-con-el-reportero-agresor\\\/#mainImage\",\"width\":650,\"height\":650},\"primaryImageOfPage\":{\"@id\":\"https:\\\/\\\/eldigitaldeasturias.com\\\/magazine365\\\/brad-pitt-recuerda-su-encuentro-con-el-reportero-agresor\\\/#mainImage\"},\"datePublished\":\"2014-06-03T15:21:17+02:00\",\"dateModified\":\"2014-06-03T15:21:17+02:00\"},{\"@type\":\"WebSite\",\"@id\":\"https:\\\/\\\/eldigitaldeasturias.com\\\/magazine365\\\/#website\",\"url\":\"https:\\\/\\\/eldigitaldeasturias.com\\\/magazine365\\\/\",\"name\":\"El Digital de Asturias\",\"description\":\"Revista de ocio, turismo y estilo de vida\",\"inLanguage\":\"es-ES\",\"publisher\":{\"@id\":\"https:\\\/\\\/eldigitaldeasturias.com\\\/magazine365\\\/#organization\"}}]}\n\t\t<\/script>\n\t\t<!-- All in One SEO Pro -->\r\n\t\t<title>Brad Pitt recuerda su encuentro con el reportero agresor | El Digital de Asturias<\/title>\n\n","aioseo_head_json":{"title":"Brad Pitt recuerda su encuentro con el reportero agresor | El Digital de Asturias","description":"Aunque el actor Brad Pitt siempre ha exhibido una actitud cercana y natural en sus encuentros con sus admiradores, tambi\u00e9n ha demostrado que no tolera bromas pesadas como las del reportero ucraniano Vitalii Sediuk -famoso por asaltar a las estrellas sobre la alfombra roja-, al que no ha dudado en calificar de \"chalado\" tras convertirse","canonical_url":"https:\/\/eldigitaldeasturias.com\/magazine365\/brad-pitt-recuerda-su-encuentro-con-el-reportero-agresor\/","robots":"max-image-preview:large","keywords":"noticias y actualidad","webmasterTools":{"google-site-verification":"UA-38556648-1","miscellaneous":""},"schema":{"@context":"https:\/\/schema.org","@graph":[{"@type":"Article","@id":"https:\/\/eldigitaldeasturias.com\/magazine365\/brad-pitt-recuerda-su-encuentro-con-el-reportero-agresor\/#article","name":"Brad Pitt recuerda su encuentro con el reportero agresor | El Digital de Asturias","headline":"Brad Pitt recuerda su encuentro con el reportero agresor","author":{"@id":"https:\/\/eldigitaldeasturias.com\/magazine365\/author\/admin\/#author"},"publisher":{"@id":"https:\/\/eldigitaldeasturias.com\/magazine365\/#organization"},"image":{"@type":"ImageObject","url":"https:\/\/eldigitaldeasturias.com\/magazine365\/wp-content\/uploads\/2014\/06\/Brad-Pitt-recuerda-su-encuentro-con-el-reportero-agresor.jpg","width":650,"height":650},"datePublished":"2014-06-03T15:21:17+02:00","dateModified":"2014-06-03T15:21:17+02:00","inLanguage":"es-ES","mainEntityOfPage":{"@id":"https:\/\/eldigitaldeasturias.com\/magazine365\/brad-pitt-recuerda-su-encuentro-con-el-reportero-agresor\/#webpage"},"isPartOf":{"@id":"https:\/\/eldigitaldeasturias.com\/magazine365\/brad-pitt-recuerda-su-encuentro-con-el-reportero-agresor\/#webpage"},"articleSection":"Noticias y Actualidad"},{"@type":"BreadcrumbList","@id":"https:\/\/eldigitaldeasturias.com\/magazine365\/brad-pitt-recuerda-su-encuentro-con-el-reportero-agresor\/#breadcrumblist","itemListElement":[{"@type":"ListItem","@id":"https:\/\/eldigitaldeasturias.com\/magazine365#listItem","position":1,"name":"Home","item":"https:\/\/eldigitaldeasturias.com\/magazine365","nextItem":{"@type":"ListItem","@id":"https:\/\/eldigitaldeasturias.com\/magazine365\/category\/noticias-actualidad\/#listItem","name":"Noticias y Actualidad"}},{"@type":"ListItem","@id":"https:\/\/eldigitaldeasturias.com\/magazine365\/category\/noticias-actualidad\/#listItem","position":2,"name":"Noticias y Actualidad","item":"https:\/\/eldigitaldeasturias.com\/magazine365\/category\/noticias-actualidad\/","nextItem":{"@type":"ListItem","@id":"https:\/\/eldigitaldeasturias.com\/magazine365\/brad-pitt-recuerda-su-encuentro-con-el-reportero-agresor\/#listItem","name":"Brad Pitt recuerda su encuentro con el reportero agresor"},"previousItem":{"@type":"ListItem","@id":"https:\/\/eldigitaldeasturias.com\/magazine365#listItem","name":"Home"}},{"@type":"ListItem","@id":"https:\/\/eldigitaldeasturias.com\/magazine365\/brad-pitt-recuerda-su-encuentro-con-el-reportero-agresor\/#listItem","position":3,"name":"Brad Pitt recuerda su encuentro con el reportero agresor","previousItem":{"@type":"ListItem","@id":"https:\/\/eldigitaldeasturias.com\/magazine365\/category\/noticias-actualidad\/#listItem","name":"Noticias y Actualidad"}}]},{"@type":"Organization","@id":"https:\/\/eldigitaldeasturias.com\/magazine365\/#organization","name":"El digital de Asturias","description":"Revista de ocio, turismo y estilo de vida","url":"https:\/\/eldigitaldeasturias.com\/magazine365\/","logo":{"@type":"ImageObject","url":"https:\/\/www.eldigitaldeasturias.com\/noticias\/wp-content\/uploads\/2020\/12\/EDA.jpg","@id":"https:\/\/eldigitaldeasturias.com\/magazine365\/brad-pitt-recuerda-su-encuentro-con-el-reportero-agresor\/#organizationLogo"},"image":{"@id":"https:\/\/eldigitaldeasturias.com\/magazine365\/brad-pitt-recuerda-su-encuentro-con-el-reportero-agresor\/#organizationLogo"}},{"@type":"Person","@id":"https:\/\/eldigitaldeasturias.com\/magazine365\/author\/admin\/#author","url":"https:\/\/eldigitaldeasturias.com\/magazine365\/author\/admin\/","name":"admin","image":{"@type":"ImageObject","@id":"https:\/\/eldigitaldeasturias.com\/magazine365\/brad-pitt-recuerda-su-encuentro-con-el-reportero-agresor\/#authorImage","url":"https:\/\/eldigitaldeasturias.com\/magazine365\/wp-content\/litespeed\/avatar\/e571bcf59a0edd6fa6838245a470f2fe.jpg?ver=1777574230","width":96,"height":96,"caption":"admin"}},{"@type":"WebPage","@id":"https:\/\/eldigitaldeasturias.com\/magazine365\/brad-pitt-recuerda-su-encuentro-con-el-reportero-agresor\/#webpage","url":"https:\/\/eldigitaldeasturias.com\/magazine365\/brad-pitt-recuerda-su-encuentro-con-el-reportero-agresor\/","name":"Brad Pitt recuerda su encuentro con el reportero agresor | El Digital de Asturias","description":"Aunque el actor Brad Pitt siempre ha exhibido una actitud cercana y natural en sus encuentros con sus admiradores, tambi\u00e9n ha demostrado que no tolera bromas pesadas como las del reportero ucraniano Vitalii Sediuk -famoso por asaltar a las estrellas sobre la alfombra roja-, al que no ha dudado en calificar de \"chalado\" tras convertirse","inLanguage":"es-ES","isPartOf":{"@id":"https:\/\/eldigitaldeasturias.com\/magazine365\/#website"},"breadcrumb":{"@id":"https:\/\/eldigitaldeasturias.com\/magazine365\/brad-pitt-recuerda-su-encuentro-con-el-reportero-agresor\/#breadcrumblist"},"author":{"@id":"https:\/\/eldigitaldeasturias.com\/magazine365\/author\/admin\/#author"},"creator":{"@id":"https:\/\/eldigitaldeasturias.com\/magazine365\/author\/admin\/#author"},"image":{"@type":"ImageObject","url":"https:\/\/eldigitaldeasturias.com\/magazine365\/wp-content\/uploads\/2014\/06\/Brad-Pitt-recuerda-su-encuentro-con-el-reportero-agresor.jpg","@id":"https:\/\/eldigitaldeasturias.com\/magazine365\/brad-pitt-recuerda-su-encuentro-con-el-reportero-agresor\/#mainImage","width":650,"height":650},"primaryImageOfPage":{"@id":"https:\/\/eldigitaldeasturias.com\/magazine365\/brad-pitt-recuerda-su-encuentro-con-el-reportero-agresor\/#mainImage"},"datePublished":"2014-06-03T15:21:17+02:00","dateModified":"2014-06-03T15:21:17+02:00"},{"@type":"WebSite","@id":"https:\/\/eldigitaldeasturias.com\/magazine365\/#website","url":"https:\/\/eldigitaldeasturias.com\/magazine365\/","name":"El Digital de Asturias","description":"Revista de ocio, turismo y estilo de vida","inLanguage":"es-ES","publisher":{"@id":"https:\/\/eldigitaldeasturias.com\/magazine365\/#organization"}}]},"og:locale":"es_ES","og:site_name":"El Digital de Asturias \u2013 Revista de ocio, turismo y estilo de vida","og:type":"article","og:title":"Brad Pitt recuerda su encuentro con el reportero agresor | El Digital de Asturias","og:description":"Aunque el actor Brad Pitt siempre ha exhibido una actitud cercana y natural en sus encuentros con sus admiradores, tambi\u00e9n ha demostrado que no tolera bromas pesadas como las del reportero ucraniano Vitalii Sediuk -famoso por asaltar a las estrellas sobre la alfombra roja-, al que no ha dudado en calificar de &quot;chalado&quot; tras convertirse","og:url":"https:\/\/eldigitaldeasturias.com\/magazine365\/brad-pitt-recuerda-su-encuentro-con-el-reportero-agresor\/","og:image":"https:\/\/eldigitaldeasturias.com\/magazine365\/wp-content\/uploads\/2014\/06\/Brad-Pitt-recuerda-su-encuentro-con-el-reportero-agresor.jpg","og:image:secure_url":"https:\/\/eldigitaldeasturias.com\/magazine365\/wp-content\/uploads\/2014\/06\/Brad-Pitt-recuerda-su-encuentro-con-el-reportero-agresor.jpg","og:image:width":650,"og:image:height":650,"article:published_time":"2014-06-03T17:21:17+00:00","article:modified_time":"2014-06-03T17:21:17+00:00","twitter:card":"summary_large_image","twitter:title":"Brad Pitt recuerda su encuentro con el reportero agresor | El Digital de Asturias","twitter:description":"Aunque el actor Brad Pitt siempre ha exhibido una actitud cercana y natural en sus encuentros con sus admiradores, tambi\u00e9n ha demostrado que no tolera bromas pesadas como las del reportero ucraniano Vitalii Sediuk -famoso por asaltar a las estrellas sobre la alfombra roja-, al que no ha dudado en calificar de &quot;chalado&quot; tras convertirse","twitter:image":"https:\/\/eldigitaldeasturias.com\/magazine365\/wp-content\/uploads\/2014\/06\/Brad-Pitt-recuerda-su-encuentro-con-el-reportero-agresor.jpg"},"aioseo_meta_data":{"post_id":"14889","title":null,"description":null,"keywords":null,"keyphrases":null,"primary_term":null,"canonical_url":null,"og_title":null,"og_description":null,"og_object_type":"default","og_image_type":"default","og_image_url":null,"og_image_width":null,"og_image_height":null,"og_image_custom_url":null,"og_image_custom_fields":null,"og_video":null,"og_custom_url":null,"og_article_section":null,"og_article_tags":null,"twitter_use_og":false,"twitter_card":"default","twitter_image_type":"default","twitter_image_url":null,"twitter_image_custom_url":null,"twitter_image_custom_fields":null,"twitter_title":null,"twitter_description":null,"schema":{"blockGraphs":[],"customGraphs":[],"default":{"data":{"Article":[],"Course":[],"Dataset":[],"FAQPage":[],"Movie":[],"Person":[],"Product":[],"ProductReview":[],"Car":[],"Recipe":[],"Service":[],"SoftwareApplication":[],"WebPage":[]},"graphName":"","isEnabled":true},"graphs":[],"defaultGraph":"","defaultPostTypeGraph":""},"schema_type":null,"schema_type_options":null,"pillar_content":false,"robots_default":true,"robots_noindex":false,"robots_noarchive":false,"robots_nosnippet":false,"robots_nofollow":false,"robots_noimageindex":false,"robots_noodp":false,"robots_notranslate":false,"robots_max_snippet":null,"robots_max_videopreview":null,"robots_max_imagepreview":"large","priority":null,"frequency":null,"location":null,"local_seo":null,"seo_analyzer_scan_date":"2025-09-17 10:59:57","breadcrumb_settings":null,"limit_modified_date":false,"open_ai":null,"ai":null,"created":"2021-03-09 08:08:50","updated":"2025-09-17 10:59:57"},"aioseo_breadcrumb":"<div class=\"aioseo-breadcrumbs\"><span class=\"aioseo-breadcrumb\">\n\t<a href=\"https:\/\/eldigitaldeasturias.com\/magazine365\" title=\"Home\">Home<\/a>\n<\/span><span class=\"aioseo-breadcrumb-separator\">\u2013<\/span><span class=\"aioseo-breadcrumb\">\n\t<a href=\"https:\/\/eldigitaldeasturias.com\/magazine365\/category\/noticias-actualidad\/\" title=\"Noticias y Actualidad\">Noticias y Actualidad<\/a>\n<\/span><span class=\"aioseo-breadcrumb-separator\">\u2013<\/span><span class=\"aioseo-breadcrumb\">\n\t<a href=\"https:\/\/eldigitaldeasturias.com\/magazine365\/brad-pitt-recuerda-su-encuentro-con-el-reportero-agresor\/\" title=\"Brad Pitt recuerda su encuentro con el reportero agresor\">Brad Pitt recuerda su encuentro con el reportero agresor<\/a>\n<\/span><\/div>","aioseo_breadcrumb_json":[{"label":"Home","link":"https:\/\/eldigitaldeasturias.com\/magazine365"},{"label":"Noticias y Actualidad","link":"https:\/\/eldigitaldeasturias.com\/magazine365\/category\/noticias-actualidad\/"},{"label":"Brad Pitt recuerda su encuentro con el reportero agresor","link":"https:\/\/eldigitaldeasturias.com\/magazine365\/brad-pitt-recuerda-su-encuentro-con-el-reportero-agresor\/"}],"_links":{"self":[{"href":"https:\/\/eldigitaldeasturias.com\/magazine365\/wp-json\/wp\/v2\/posts\/14889","targetHints":{"allow":["GET"]}}],"collection":[{"href":"https:\/\/eldigitaldeasturias.com\/magazine365\/wp-json\/wp\/v2\/posts"}],"about":[{"href":"https:\/\/eldigitaldeasturias.com\/magazine365\/wp-json\/wp\/v2\/types\/post"}],"author":[{"embeddable":true,"href":"https:\/\/eldigitaldeasturias.com\/magazine365\/wp-json\/wp\/v2\/users\/1"}],"replies":[{"embeddable":true,"href":"https:\/\/eldigitaldeasturias.com\/magazine365\/wp-json\/wp\/v2\/comments?post=14889"}],"version-history":[{"count":0,"href":"https:\/\/eldigitaldeasturias.com\/magazine365\/wp-json\/wp\/v2\/posts\/14889\/revisions"}],"wp:featuredmedia":[{"embeddable":true,"href":"https:\/\/eldigitaldeasturias.com\/magazine365\/wp-json\/wp\/v2\/media\/14890"}],"wp:attachment":[{"href":"https:\/\/eldigitaldeasturias.com\/magazine365\/wp-json\/wp\/v2\/media?parent=14889"}],"wp:term":[{"taxonomy":"category","embeddable":true,"href":"https:\/\/eldigitaldeasturias.com\/magazine365\/wp-json\/wp\/v2\/categories?post=14889"},{"taxonomy":"post_tag","embeddable":true,"href":"https:\/\/eldigitaldeasturias.com\/magazine365\/wp-json\/wp\/v2\/tags?post=14889"}],"curies":[{"name":"wp","href":"https:\/\/api.w.org\/{rel}","templated":true}]}}