{"id":14871,"date":"2014-06-03T02:57:54","date_gmt":"2014-06-03T04:57:54","guid":{"rendered":"http:\/\/eldigitaldeasturias.com\/magazine365\/?p=14871"},"modified":"2014-06-03T02:57:54","modified_gmt":"2014-06-03T04:57:54","slug":"constatan-la-eficacia-de-combinar-dos-farmacos-en-un-tipo-de-cancer-de-pulmon","status":"publish","type":"post","link":"https:\/\/eldigitaldeasturias.com\/magazine365\/constatan-la-eficacia-de-combinar-dos-farmacos-en-un-tipo-de-cancer-de-pulmon\/","title":{"rendered":"Constatan la eficacia de combinar dos f\u00e1rmacos en un tipo de c\u00e1ncer de pulm\u00f3n"},"content":{"rendered":"<p><img fetchpriority=\"high\" decoding=\"async\" class=\"alignleft size-medium wp-image-14872\" alt=\"6327618w\" src=\"https:\/\/eldigitaldeasturias.com\/magazine365\/wp-content\/uploads\/2014\/06\/6327618w-234x300.jpg\" width=\"234\" height=\"300\" srcset=\"https:\/\/eldigitaldeasturias.com\/magazine365\/wp-content\/uploads\/2014\/06\/6327618w-234x300.jpg 234w, https:\/\/eldigitaldeasturias.com\/magazine365\/wp-content\/uploads\/2014\/06\/6327618w-500x640.jpg 500w, https:\/\/eldigitaldeasturias.com\/magazine365\/wp-content\/uploads\/2014\/06\/6327618w-150x192.jpg 150w, https:\/\/eldigitaldeasturias.com\/magazine365\/wp-content\/uploads\/2014\/06\/6327618w-450x576.jpg 450w, https:\/\/eldigitaldeasturias.com\/magazine365\/wp-content\/uploads\/2014\/06\/6327618w-696x891.jpg 696w, https:\/\/eldigitaldeasturias.com\/magazine365\/wp-content\/uploads\/2014\/06\/6327618w-328x420.jpg 328w, https:\/\/eldigitaldeasturias.com\/magazine365\/wp-content\/uploads\/2014\/06\/6327618w.jpg 700w\" sizes=\"(max-width: 234px) 100vw, 234px\" \/>Chicago (EE.UU.), 2 jun (EFE).- Un equipo de investigadores de varios centros japoneses demostr\u00f3 que la combinaci\u00f3n de dos medicamentos para tratar a pacientes con un tipo concreto de c\u00e1ncer de pulm\u00f3n en fase avanzada -aquellos que presentan una mutaci\u00f3n en el gen EGFR- es m\u00e1s efectiva que el tratamiento con un solo f\u00e1rmaco.<\/p>\n<p>Este estudio, presentado hoy en la reuni\u00f3n anual de la Sociedad Americana de Oncolog\u00eda Cl\u00ednica (ASCO), compara la combinaci\u00f3n del f\u00e1rmaco erlotinib y bevacizumab y la terapia solo con el primero.<\/p>\n<p>Seg\u00fan los resultados, la terapia combinada mejor\u00f3 el tiempo transcurrido sin que la enfermedad progresara: 16 meses (combinaci\u00f3n) frente a los 9,7 meses.<\/p>\n<p>El trabajo se hizo entre febrero de 2011 y marzo de 2012 con 154 pacientes con c\u00e1ncer no microc\u00edtico de pulm\u00f3n y mutaci\u00f3n en el gen EGFR (prote\u00edna que se encuentra en la superficie de las c\u00e9lulas y que normalmente ayuda a \u00e9stas a crecer y a dividirse).<\/p>\n<p>La mitad de los pacientes recibieron la combinaci\u00f3n de medicamentos y la otra mitad erlotinib (ambos de la compa\u00f1\u00eda Roche).<\/p>\n<p>Desde hace a\u00f1os se sabe que una terapia dirigida con erlotinib consigue mejorar en solitario la supervivencia de pacientes con este tipo de c\u00e1ncer (suponen entre un 10 y 15 % de los casos de c\u00e1ncer de pulm\u00f3n no microc\u00edtico. Los carcinomas no microc\u00edticos representan el 80 % de los c\u00e1nceres de pulm\u00f3n).<\/p>\n<p>Tambi\u00e9n, que el tratamiento con bevacizumab es una opci\u00f3n eficaz cuando se combina con quimioterapia.<\/p>\n<p>Ahora, los investigadores japoneses constataron que el c\u00e1ncer de pulm\u00f3n con una mutaci\u00f3n de EGFR responde a la combinaci\u00f3n de estas dos mol\u00e9culas sin quimioterapia.<\/p>\n<p>Para la doctora Enriqueta Felip, onc\u00f3loga del Hospital Vall d&#8217;Hebron de Barcelona (Espa\u00f1a), se trata de un estudio relevante que compara por primera vez en un subgrupo de pacientes la combinaci\u00f3n de dos medicamentos, y tambi\u00e9n lo es desde el punto de vista cl\u00ednico.<\/p>\n<p>Esta experta relat\u00f3 a un grupo de periodistas que su hospital participa en la actualidad en un estudio con el mismo objetivo, pero que analiza el efecto en poblaci\u00f3n cauc\u00e1sica, del que se podr\u00edan conocer los primeros datos a principios del pr\u00f3ximo a\u00f1o.<\/p>\n","protected":false},"excerpt":{"rendered":"<p>Chicago (EE.UU.), 2 jun (EFE).- Un equipo de investigadores de varios centros japoneses demostr\u00f3 que la combinaci\u00f3n de dos medicamentos para tratar a pacientes con un tipo concreto de c\u00e1ncer de pulm\u00f3n en fase avanzada -aquellos que presentan una mutaci\u00f3n en el gen EGFR- es m\u00e1s efectiva que el tratamiento con un solo f\u00e1rmaco. Este<\/p>\n","protected":false},"author":1,"featured_media":14872,"comment_status":"open","ping_status":"closed","sticky":false,"template":"","format":"standard","meta":{"footnotes":""},"categories":[224],"tags":[],"class_list":{"0":"post-14871","1":"post","2":"type-post","3":"status-publish","4":"format-standard","5":"has-post-thumbnail","7":"category-noticias-actualidad"},"aioseo_notices":[],"aioseo_head":"\n\t\t<!-- All in One SEO Pro 4.9.6.1 - aioseo.com -->\n\t<meta name=\"description\" content=\"Chicago (EE.UU.), 2 jun (EFE).- Un equipo de investigadores de varios centros japoneses demostr\u00f3 que la combinaci\u00f3n de dos medicamentos para tratar a pacientes con un tipo concreto de c\u00e1ncer de pulm\u00f3n en fase avanzada -aquellos que presentan una mutaci\u00f3n en el gen EGFR- es m\u00e1s efectiva que el tratamiento con un solo f\u00e1rmaco. Este\" \/>\n\t<meta name=\"robots\" content=\"max-image-preview:large\" \/>\n\t<meta name=\"author\" content=\"admin\"\/>\n\t<meta name=\"google-site-verification\" content=\"UA-38556648-1\" \/>\n\t<meta name=\"keywords\" content=\"noticias y actualidad\" \/>\n\t<link rel=\"canonical\" href=\"https:\/\/eldigitaldeasturias.com\/magazine365\/constatan-la-eficacia-de-combinar-dos-farmacos-en-un-tipo-de-cancer-de-pulmon\/\" \/>\n\t<meta name=\"generator\" content=\"All in One SEO Pro (AIOSEO) 4.9.6.1\" \/>\n\t\t<meta property=\"og:locale\" content=\"es_ES\" \/>\n\t\t<meta property=\"og:site_name\" content=\"El Digital de Asturias \u2013 Revista de ocio, turismo y estilo de vida\" \/>\n\t\t<meta property=\"og:type\" content=\"article\" \/>\n\t\t<meta property=\"og:title\" content=\"Constatan la eficacia de combinar dos f\u00e1rmacos en un tipo de c\u00e1ncer de pulm\u00f3n | El Digital de Asturias\" \/>\n\t\t<meta property=\"og:description\" content=\"Chicago (EE.UU.), 2 jun (EFE).- Un equipo de investigadores de varios centros japoneses demostr\u00f3 que la combinaci\u00f3n de dos medicamentos para tratar a pacientes con un tipo concreto de c\u00e1ncer de pulm\u00f3n en fase avanzada -aquellos que presentan una mutaci\u00f3n en el gen EGFR- es m\u00e1s efectiva que el tratamiento con un solo f\u00e1rmaco. Este\" \/>\n\t\t<meta property=\"og:url\" content=\"https:\/\/eldigitaldeasturias.com\/magazine365\/constatan-la-eficacia-de-combinar-dos-farmacos-en-un-tipo-de-cancer-de-pulmon\/\" \/>\n\t\t<meta property=\"og:image\" content=\"https:\/\/eldigitaldeasturias.com\/magazine365\/wp-content\/uploads\/2014\/06\/6327618w.jpg\" \/>\n\t\t<meta property=\"og:image:secure_url\" content=\"https:\/\/eldigitaldeasturias.com\/magazine365\/wp-content\/uploads\/2014\/06\/6327618w.jpg\" \/>\n\t\t<meta property=\"og:image:width\" content=\"700\" \/>\n\t\t<meta property=\"og:image:height\" content=\"896\" \/>\n\t\t<meta property=\"article:published_time\" content=\"2014-06-03T04:57:54+00:00\" \/>\n\t\t<meta property=\"article:modified_time\" content=\"2014-06-03T04:57:54+00:00\" \/>\n\t\t<meta name=\"twitter:card\" content=\"summary_large_image\" \/>\n\t\t<meta name=\"twitter:title\" content=\"Constatan la eficacia de combinar dos f\u00e1rmacos en un tipo de c\u00e1ncer de pulm\u00f3n | El Digital de Asturias\" \/>\n\t\t<meta name=\"twitter:description\" content=\"Chicago (EE.UU.), 2 jun (EFE).- Un equipo de investigadores de varios centros japoneses demostr\u00f3 que la combinaci\u00f3n de dos medicamentos para tratar a pacientes con un tipo concreto de c\u00e1ncer de pulm\u00f3n en fase avanzada -aquellos que presentan una mutaci\u00f3n en el gen EGFR- es m\u00e1s efectiva que el tratamiento con un solo f\u00e1rmaco. Este\" \/>\n\t\t<meta name=\"twitter:image\" content=\"https:\/\/eldigitaldeasturias.com\/magazine365\/wp-content\/uploads\/2014\/06\/6327618w.jpg\" \/>\n\t\t<script type=\"application\/ld+json\" class=\"aioseo-schema\">\n\t\t\t{\"@context\":\"https:\\\/\\\/schema.org\",\"@graph\":[{\"@type\":\"Article\",\"@id\":\"https:\\\/\\\/eldigitaldeasturias.com\\\/magazine365\\\/constatan-la-eficacia-de-combinar-dos-farmacos-en-un-tipo-de-cancer-de-pulmon\\\/#article\",\"name\":\"Constatan la eficacia de combinar dos f\\u00e1rmacos en un tipo de c\\u00e1ncer de pulm\\u00f3n | El Digital de Asturias\",\"headline\":\"Constatan la eficacia de combinar dos f\\u00e1rmacos en un tipo de c\\u00e1ncer de pulm\\u00f3n\",\"author\":{\"@id\":\"https:\\\/\\\/eldigitaldeasturias.com\\\/magazine365\\\/author\\\/admin\\\/#author\"},\"publisher\":{\"@id\":\"https:\\\/\\\/eldigitaldeasturias.com\\\/magazine365\\\/#organization\"},\"image\":{\"@type\":\"ImageObject\",\"url\":\"https:\\\/\\\/eldigitaldeasturias.com\\\/magazine365\\\/wp-content\\\/uploads\\\/2014\\\/06\\\/6327618w.jpg\",\"width\":700,\"height\":896},\"datePublished\":\"2014-06-03T02:57:54+02:00\",\"dateModified\":\"2014-06-03T02:57:54+02:00\",\"inLanguage\":\"es-ES\",\"mainEntityOfPage\":{\"@id\":\"https:\\\/\\\/eldigitaldeasturias.com\\\/magazine365\\\/constatan-la-eficacia-de-combinar-dos-farmacos-en-un-tipo-de-cancer-de-pulmon\\\/#webpage\"},\"isPartOf\":{\"@id\":\"https:\\\/\\\/eldigitaldeasturias.com\\\/magazine365\\\/constatan-la-eficacia-de-combinar-dos-farmacos-en-un-tipo-de-cancer-de-pulmon\\\/#webpage\"},\"articleSection\":\"Noticias y Actualidad\"},{\"@type\":\"BreadcrumbList\",\"@id\":\"https:\\\/\\\/eldigitaldeasturias.com\\\/magazine365\\\/constatan-la-eficacia-de-combinar-dos-farmacos-en-un-tipo-de-cancer-de-pulmon\\\/#breadcrumblist\",\"itemListElement\":[{\"@type\":\"ListItem\",\"@id\":\"https:\\\/\\\/eldigitaldeasturias.com\\\/magazine365#listItem\",\"position\":1,\"name\":\"Home\",\"item\":\"https:\\\/\\\/eldigitaldeasturias.com\\\/magazine365\",\"nextItem\":{\"@type\":\"ListItem\",\"@id\":\"https:\\\/\\\/eldigitaldeasturias.com\\\/magazine365\\\/category\\\/noticias-actualidad\\\/#listItem\",\"name\":\"Noticias y Actualidad\"}},{\"@type\":\"ListItem\",\"@id\":\"https:\\\/\\\/eldigitaldeasturias.com\\\/magazine365\\\/category\\\/noticias-actualidad\\\/#listItem\",\"position\":2,\"name\":\"Noticias y Actualidad\",\"item\":\"https:\\\/\\\/eldigitaldeasturias.com\\\/magazine365\\\/category\\\/noticias-actualidad\\\/\",\"nextItem\":{\"@type\":\"ListItem\",\"@id\":\"https:\\\/\\\/eldigitaldeasturias.com\\\/magazine365\\\/constatan-la-eficacia-de-combinar-dos-farmacos-en-un-tipo-de-cancer-de-pulmon\\\/#listItem\",\"name\":\"Constatan la eficacia de combinar dos f\\u00e1rmacos en un tipo de c\\u00e1ncer de pulm\\u00f3n\"},\"previousItem\":{\"@type\":\"ListItem\",\"@id\":\"https:\\\/\\\/eldigitaldeasturias.com\\\/magazine365#listItem\",\"name\":\"Home\"}},{\"@type\":\"ListItem\",\"@id\":\"https:\\\/\\\/eldigitaldeasturias.com\\\/magazine365\\\/constatan-la-eficacia-de-combinar-dos-farmacos-en-un-tipo-de-cancer-de-pulmon\\\/#listItem\",\"position\":3,\"name\":\"Constatan la eficacia de combinar dos f\\u00e1rmacos en un tipo de c\\u00e1ncer de pulm\\u00f3n\",\"previousItem\":{\"@type\":\"ListItem\",\"@id\":\"https:\\\/\\\/eldigitaldeasturias.com\\\/magazine365\\\/category\\\/noticias-actualidad\\\/#listItem\",\"name\":\"Noticias y Actualidad\"}}]},{\"@type\":\"Organization\",\"@id\":\"https:\\\/\\\/eldigitaldeasturias.com\\\/magazine365\\\/#organization\",\"name\":\"El digital de Asturias\",\"description\":\"Revista de ocio, turismo y estilo de vida\",\"url\":\"https:\\\/\\\/eldigitaldeasturias.com\\\/magazine365\\\/\",\"logo\":{\"@type\":\"ImageObject\",\"url\":\"https:\\\/\\\/www.eldigitaldeasturias.com\\\/noticias\\\/wp-content\\\/uploads\\\/2020\\\/12\\\/EDA.jpg\",\"@id\":\"https:\\\/\\\/eldigitaldeasturias.com\\\/magazine365\\\/constatan-la-eficacia-de-combinar-dos-farmacos-en-un-tipo-de-cancer-de-pulmon\\\/#organizationLogo\"},\"image\":{\"@id\":\"https:\\\/\\\/eldigitaldeasturias.com\\\/magazine365\\\/constatan-la-eficacia-de-combinar-dos-farmacos-en-un-tipo-de-cancer-de-pulmon\\\/#organizationLogo\"}},{\"@type\":\"Person\",\"@id\":\"https:\\\/\\\/eldigitaldeasturias.com\\\/magazine365\\\/author\\\/admin\\\/#author\",\"url\":\"https:\\\/\\\/eldigitaldeasturias.com\\\/magazine365\\\/author\\\/admin\\\/\",\"name\":\"admin\",\"image\":{\"@type\":\"ImageObject\",\"@id\":\"https:\\\/\\\/eldigitaldeasturias.com\\\/magazine365\\\/constatan-la-eficacia-de-combinar-dos-farmacos-en-un-tipo-de-cancer-de-pulmon\\\/#authorImage\",\"url\":\"https:\\\/\\\/eldigitaldeasturias.com\\\/magazine365\\\/wp-content\\\/litespeed\\\/avatar\\\/e571bcf59a0edd6fa6838245a470f2fe.jpg?ver=1777574230\",\"width\":96,\"height\":96,\"caption\":\"admin\"}},{\"@type\":\"WebPage\",\"@id\":\"https:\\\/\\\/eldigitaldeasturias.com\\\/magazine365\\\/constatan-la-eficacia-de-combinar-dos-farmacos-en-un-tipo-de-cancer-de-pulmon\\\/#webpage\",\"url\":\"https:\\\/\\\/eldigitaldeasturias.com\\\/magazine365\\\/constatan-la-eficacia-de-combinar-dos-farmacos-en-un-tipo-de-cancer-de-pulmon\\\/\",\"name\":\"Constatan la eficacia de combinar dos f\\u00e1rmacos en un tipo de c\\u00e1ncer de pulm\\u00f3n | El Digital de Asturias\",\"description\":\"Chicago (EE.UU.), 2 jun (EFE).- Un equipo de investigadores de varios centros japoneses demostr\\u00f3 que la combinaci\\u00f3n de dos medicamentos para tratar a pacientes con un tipo concreto de c\\u00e1ncer de pulm\\u00f3n en fase avanzada -aquellos que presentan una mutaci\\u00f3n en el gen EGFR- es m\\u00e1s efectiva que el tratamiento con un solo f\\u00e1rmaco. Este\",\"inLanguage\":\"es-ES\",\"isPartOf\":{\"@id\":\"https:\\\/\\\/eldigitaldeasturias.com\\\/magazine365\\\/#website\"},\"breadcrumb\":{\"@id\":\"https:\\\/\\\/eldigitaldeasturias.com\\\/magazine365\\\/constatan-la-eficacia-de-combinar-dos-farmacos-en-un-tipo-de-cancer-de-pulmon\\\/#breadcrumblist\"},\"author\":{\"@id\":\"https:\\\/\\\/eldigitaldeasturias.com\\\/magazine365\\\/author\\\/admin\\\/#author\"},\"creator\":{\"@id\":\"https:\\\/\\\/eldigitaldeasturias.com\\\/magazine365\\\/author\\\/admin\\\/#author\"},\"image\":{\"@type\":\"ImageObject\",\"url\":\"https:\\\/\\\/eldigitaldeasturias.com\\\/magazine365\\\/wp-content\\\/uploads\\\/2014\\\/06\\\/6327618w.jpg\",\"@id\":\"https:\\\/\\\/eldigitaldeasturias.com\\\/magazine365\\\/constatan-la-eficacia-de-combinar-dos-farmacos-en-un-tipo-de-cancer-de-pulmon\\\/#mainImage\",\"width\":700,\"height\":896},\"primaryImageOfPage\":{\"@id\":\"https:\\\/\\\/eldigitaldeasturias.com\\\/magazine365\\\/constatan-la-eficacia-de-combinar-dos-farmacos-en-un-tipo-de-cancer-de-pulmon\\\/#mainImage\"},\"datePublished\":\"2014-06-03T02:57:54+02:00\",\"dateModified\":\"2014-06-03T02:57:54+02:00\"},{\"@type\":\"WebSite\",\"@id\":\"https:\\\/\\\/eldigitaldeasturias.com\\\/magazine365\\\/#website\",\"url\":\"https:\\\/\\\/eldigitaldeasturias.com\\\/magazine365\\\/\",\"name\":\"El Digital de Asturias\",\"description\":\"Revista de ocio, turismo y estilo de vida\",\"inLanguage\":\"es-ES\",\"publisher\":{\"@id\":\"https:\\\/\\\/eldigitaldeasturias.com\\\/magazine365\\\/#organization\"}}]}\n\t\t<\/script>\n\t\t<!-- All in One SEO Pro -->\r\n\t\t<title>Constatan la eficacia de combinar dos f\u00e1rmacos en un tipo de c\u00e1ncer de pulm\u00f3n | El Digital de Asturias<\/title>\n\n","aioseo_head_json":{"title":"Constatan la eficacia de combinar dos f\u00e1rmacos en un tipo de c\u00e1ncer de pulm\u00f3n | El Digital de Asturias","description":"Chicago (EE.UU.), 2 jun (EFE).- Un equipo de investigadores de varios centros japoneses demostr\u00f3 que la combinaci\u00f3n de dos medicamentos para tratar a pacientes con un tipo concreto de c\u00e1ncer de pulm\u00f3n en fase avanzada -aquellos que presentan una mutaci\u00f3n en el gen EGFR- es m\u00e1s efectiva que el tratamiento con un solo f\u00e1rmaco. Este","canonical_url":"https:\/\/eldigitaldeasturias.com\/magazine365\/constatan-la-eficacia-de-combinar-dos-farmacos-en-un-tipo-de-cancer-de-pulmon\/","robots":"max-image-preview:large","keywords":"noticias y actualidad","webmasterTools":{"google-site-verification":"UA-38556648-1","miscellaneous":""},"schema":{"@context":"https:\/\/schema.org","@graph":[{"@type":"Article","@id":"https:\/\/eldigitaldeasturias.com\/magazine365\/constatan-la-eficacia-de-combinar-dos-farmacos-en-un-tipo-de-cancer-de-pulmon\/#article","name":"Constatan la eficacia de combinar dos f\u00e1rmacos en un tipo de c\u00e1ncer de pulm\u00f3n | El Digital de Asturias","headline":"Constatan la eficacia de combinar dos f\u00e1rmacos en un tipo de c\u00e1ncer de pulm\u00f3n","author":{"@id":"https:\/\/eldigitaldeasturias.com\/magazine365\/author\/admin\/#author"},"publisher":{"@id":"https:\/\/eldigitaldeasturias.com\/magazine365\/#organization"},"image":{"@type":"ImageObject","url":"https:\/\/eldigitaldeasturias.com\/magazine365\/wp-content\/uploads\/2014\/06\/6327618w.jpg","width":700,"height":896},"datePublished":"2014-06-03T02:57:54+02:00","dateModified":"2014-06-03T02:57:54+02:00","inLanguage":"es-ES","mainEntityOfPage":{"@id":"https:\/\/eldigitaldeasturias.com\/magazine365\/constatan-la-eficacia-de-combinar-dos-farmacos-en-un-tipo-de-cancer-de-pulmon\/#webpage"},"isPartOf":{"@id":"https:\/\/eldigitaldeasturias.com\/magazine365\/constatan-la-eficacia-de-combinar-dos-farmacos-en-un-tipo-de-cancer-de-pulmon\/#webpage"},"articleSection":"Noticias y Actualidad"},{"@type":"BreadcrumbList","@id":"https:\/\/eldigitaldeasturias.com\/magazine365\/constatan-la-eficacia-de-combinar-dos-farmacos-en-un-tipo-de-cancer-de-pulmon\/#breadcrumblist","itemListElement":[{"@type":"ListItem","@id":"https:\/\/eldigitaldeasturias.com\/magazine365#listItem","position":1,"name":"Home","item":"https:\/\/eldigitaldeasturias.com\/magazine365","nextItem":{"@type":"ListItem","@id":"https:\/\/eldigitaldeasturias.com\/magazine365\/category\/noticias-actualidad\/#listItem","name":"Noticias y Actualidad"}},{"@type":"ListItem","@id":"https:\/\/eldigitaldeasturias.com\/magazine365\/category\/noticias-actualidad\/#listItem","position":2,"name":"Noticias y Actualidad","item":"https:\/\/eldigitaldeasturias.com\/magazine365\/category\/noticias-actualidad\/","nextItem":{"@type":"ListItem","@id":"https:\/\/eldigitaldeasturias.com\/magazine365\/constatan-la-eficacia-de-combinar-dos-farmacos-en-un-tipo-de-cancer-de-pulmon\/#listItem","name":"Constatan la eficacia de combinar dos f\u00e1rmacos en un tipo de c\u00e1ncer de pulm\u00f3n"},"previousItem":{"@type":"ListItem","@id":"https:\/\/eldigitaldeasturias.com\/magazine365#listItem","name":"Home"}},{"@type":"ListItem","@id":"https:\/\/eldigitaldeasturias.com\/magazine365\/constatan-la-eficacia-de-combinar-dos-farmacos-en-un-tipo-de-cancer-de-pulmon\/#listItem","position":3,"name":"Constatan la eficacia de combinar dos f\u00e1rmacos en un tipo de c\u00e1ncer de pulm\u00f3n","previousItem":{"@type":"ListItem","@id":"https:\/\/eldigitaldeasturias.com\/magazine365\/category\/noticias-actualidad\/#listItem","name":"Noticias y Actualidad"}}]},{"@type":"Organization","@id":"https:\/\/eldigitaldeasturias.com\/magazine365\/#organization","name":"El digital de Asturias","description":"Revista de ocio, turismo y estilo de vida","url":"https:\/\/eldigitaldeasturias.com\/magazine365\/","logo":{"@type":"ImageObject","url":"https:\/\/www.eldigitaldeasturias.com\/noticias\/wp-content\/uploads\/2020\/12\/EDA.jpg","@id":"https:\/\/eldigitaldeasturias.com\/magazine365\/constatan-la-eficacia-de-combinar-dos-farmacos-en-un-tipo-de-cancer-de-pulmon\/#organizationLogo"},"image":{"@id":"https:\/\/eldigitaldeasturias.com\/magazine365\/constatan-la-eficacia-de-combinar-dos-farmacos-en-un-tipo-de-cancer-de-pulmon\/#organizationLogo"}},{"@type":"Person","@id":"https:\/\/eldigitaldeasturias.com\/magazine365\/author\/admin\/#author","url":"https:\/\/eldigitaldeasturias.com\/magazine365\/author\/admin\/","name":"admin","image":{"@type":"ImageObject","@id":"https:\/\/eldigitaldeasturias.com\/magazine365\/constatan-la-eficacia-de-combinar-dos-farmacos-en-un-tipo-de-cancer-de-pulmon\/#authorImage","url":"https:\/\/eldigitaldeasturias.com\/magazine365\/wp-content\/litespeed\/avatar\/e571bcf59a0edd6fa6838245a470f2fe.jpg?ver=1777574230","width":96,"height":96,"caption":"admin"}},{"@type":"WebPage","@id":"https:\/\/eldigitaldeasturias.com\/magazine365\/constatan-la-eficacia-de-combinar-dos-farmacos-en-un-tipo-de-cancer-de-pulmon\/#webpage","url":"https:\/\/eldigitaldeasturias.com\/magazine365\/constatan-la-eficacia-de-combinar-dos-farmacos-en-un-tipo-de-cancer-de-pulmon\/","name":"Constatan la eficacia de combinar dos f\u00e1rmacos en un tipo de c\u00e1ncer de pulm\u00f3n | El Digital de Asturias","description":"Chicago (EE.UU.), 2 jun (EFE).- Un equipo de investigadores de varios centros japoneses demostr\u00f3 que la combinaci\u00f3n de dos medicamentos para tratar a pacientes con un tipo concreto de c\u00e1ncer de pulm\u00f3n en fase avanzada -aquellos que presentan una mutaci\u00f3n en el gen EGFR- es m\u00e1s efectiva que el tratamiento con un solo f\u00e1rmaco. Este","inLanguage":"es-ES","isPartOf":{"@id":"https:\/\/eldigitaldeasturias.com\/magazine365\/#website"},"breadcrumb":{"@id":"https:\/\/eldigitaldeasturias.com\/magazine365\/constatan-la-eficacia-de-combinar-dos-farmacos-en-un-tipo-de-cancer-de-pulmon\/#breadcrumblist"},"author":{"@id":"https:\/\/eldigitaldeasturias.com\/magazine365\/author\/admin\/#author"},"creator":{"@id":"https:\/\/eldigitaldeasturias.com\/magazine365\/author\/admin\/#author"},"image":{"@type":"ImageObject","url":"https:\/\/eldigitaldeasturias.com\/magazine365\/wp-content\/uploads\/2014\/06\/6327618w.jpg","@id":"https:\/\/eldigitaldeasturias.com\/magazine365\/constatan-la-eficacia-de-combinar-dos-farmacos-en-un-tipo-de-cancer-de-pulmon\/#mainImage","width":700,"height":896},"primaryImageOfPage":{"@id":"https:\/\/eldigitaldeasturias.com\/magazine365\/constatan-la-eficacia-de-combinar-dos-farmacos-en-un-tipo-de-cancer-de-pulmon\/#mainImage"},"datePublished":"2014-06-03T02:57:54+02:00","dateModified":"2014-06-03T02:57:54+02:00"},{"@type":"WebSite","@id":"https:\/\/eldigitaldeasturias.com\/magazine365\/#website","url":"https:\/\/eldigitaldeasturias.com\/magazine365\/","name":"El Digital de Asturias","description":"Revista de ocio, turismo y estilo de vida","inLanguage":"es-ES","publisher":{"@id":"https:\/\/eldigitaldeasturias.com\/magazine365\/#organization"}}]},"og:locale":"es_ES","og:site_name":"El Digital de Asturias \u2013 Revista de ocio, turismo y estilo de vida","og:type":"article","og:title":"Constatan la eficacia de combinar dos f\u00e1rmacos en un tipo de c\u00e1ncer de pulm\u00f3n | El Digital de Asturias","og:description":"Chicago (EE.UU.), 2 jun (EFE).- Un equipo de investigadores de varios centros japoneses demostr\u00f3 que la combinaci\u00f3n de dos medicamentos para tratar a pacientes con un tipo concreto de c\u00e1ncer de pulm\u00f3n en fase avanzada -aquellos que presentan una mutaci\u00f3n en el gen EGFR- es m\u00e1s efectiva que el tratamiento con un solo f\u00e1rmaco. Este","og:url":"https:\/\/eldigitaldeasturias.com\/magazine365\/constatan-la-eficacia-de-combinar-dos-farmacos-en-un-tipo-de-cancer-de-pulmon\/","og:image":"https:\/\/eldigitaldeasturias.com\/magazine365\/wp-content\/uploads\/2014\/06\/6327618w.jpg","og:image:secure_url":"https:\/\/eldigitaldeasturias.com\/magazine365\/wp-content\/uploads\/2014\/06\/6327618w.jpg","og:image:width":700,"og:image:height":896,"article:published_time":"2014-06-03T04:57:54+00:00","article:modified_time":"2014-06-03T04:57:54+00:00","twitter:card":"summary_large_image","twitter:title":"Constatan la eficacia de combinar dos f\u00e1rmacos en un tipo de c\u00e1ncer de pulm\u00f3n | El Digital de Asturias","twitter:description":"Chicago (EE.UU.), 2 jun (EFE).- Un equipo de investigadores de varios centros japoneses demostr\u00f3 que la combinaci\u00f3n de dos medicamentos para tratar a pacientes con un tipo concreto de c\u00e1ncer de pulm\u00f3n en fase avanzada -aquellos que presentan una mutaci\u00f3n en el gen EGFR- es m\u00e1s efectiva que el tratamiento con un solo f\u00e1rmaco. Este","twitter:image":"https:\/\/eldigitaldeasturias.com\/magazine365\/wp-content\/uploads\/2014\/06\/6327618w.jpg"},"aioseo_meta_data":{"post_id":"14871","title":null,"description":null,"keywords":null,"keyphrases":null,"primary_term":null,"canonical_url":null,"og_title":null,"og_description":null,"og_object_type":"default","og_image_type":"default","og_image_url":null,"og_image_width":null,"og_image_height":null,"og_image_custom_url":null,"og_image_custom_fields":null,"og_video":null,"og_custom_url":null,"og_article_section":null,"og_article_tags":null,"twitter_use_og":false,"twitter_card":"default","twitter_image_type":"default","twitter_image_url":null,"twitter_image_custom_url":null,"twitter_image_custom_fields":null,"twitter_title":null,"twitter_description":null,"schema":{"blockGraphs":[],"customGraphs":[],"default":{"data":{"Article":[],"Course":[],"Dataset":[],"FAQPage":[],"Movie":[],"Person":[],"Product":[],"ProductReview":[],"Car":[],"Recipe":[],"Service":[],"SoftwareApplication":[],"WebPage":[]},"graphName":"","isEnabled":true},"graphs":[],"defaultGraph":"","defaultPostTypeGraph":""},"schema_type":null,"schema_type_options":null,"pillar_content":false,"robots_default":true,"robots_noindex":false,"robots_noarchive":false,"robots_nosnippet":false,"robots_nofollow":false,"robots_noimageindex":false,"robots_noodp":false,"robots_notranslate":false,"robots_max_snippet":null,"robots_max_videopreview":null,"robots_max_imagepreview":"large","priority":null,"frequency":null,"location":null,"local_seo":null,"seo_analyzer_scan_date":"2025-09-17 10:58:27","breadcrumb_settings":null,"limit_modified_date":false,"open_ai":null,"ai":null,"created":"2021-03-09 08:08:50","updated":"2025-09-17 10:58:27"},"aioseo_breadcrumb":"<div class=\"aioseo-breadcrumbs\"><span class=\"aioseo-breadcrumb\">\n\t<a href=\"https:\/\/eldigitaldeasturias.com\/magazine365\" title=\"Home\">Home<\/a>\n<\/span><span class=\"aioseo-breadcrumb-separator\">\u2013<\/span><span class=\"aioseo-breadcrumb\">\n\t<a href=\"https:\/\/eldigitaldeasturias.com\/magazine365\/category\/noticias-actualidad\/\" title=\"Noticias y Actualidad\">Noticias y Actualidad<\/a>\n<\/span><span class=\"aioseo-breadcrumb-separator\">\u2013<\/span><span class=\"aioseo-breadcrumb\">\n\t<a href=\"https:\/\/eldigitaldeasturias.com\/magazine365\/constatan-la-eficacia-de-combinar-dos-farmacos-en-un-tipo-de-cancer-de-pulmon\/\" title=\"Constatan la eficacia de combinar dos f\u00e1rmacos en un tipo de c\u00e1ncer de pulm\u00f3n\">Constatan la eficacia de combinar dos f\u00e1rmacos en un tipo de c\u00e1ncer de pulm\u00f3n<\/a>\n<\/span><\/div>","aioseo_breadcrumb_json":[{"label":"Home","link":"https:\/\/eldigitaldeasturias.com\/magazine365"},{"label":"Noticias y Actualidad","link":"https:\/\/eldigitaldeasturias.com\/magazine365\/category\/noticias-actualidad\/"},{"label":"Constatan la eficacia de combinar dos f\u00e1rmacos en un tipo de c\u00e1ncer de pulm\u00f3n","link":"https:\/\/eldigitaldeasturias.com\/magazine365\/constatan-la-eficacia-de-combinar-dos-farmacos-en-un-tipo-de-cancer-de-pulmon\/"}],"_links":{"self":[{"href":"https:\/\/eldigitaldeasturias.com\/magazine365\/wp-json\/wp\/v2\/posts\/14871","targetHints":{"allow":["GET"]}}],"collection":[{"href":"https:\/\/eldigitaldeasturias.com\/magazine365\/wp-json\/wp\/v2\/posts"}],"about":[{"href":"https:\/\/eldigitaldeasturias.com\/magazine365\/wp-json\/wp\/v2\/types\/post"}],"author":[{"embeddable":true,"href":"https:\/\/eldigitaldeasturias.com\/magazine365\/wp-json\/wp\/v2\/users\/1"}],"replies":[{"embeddable":true,"href":"https:\/\/eldigitaldeasturias.com\/magazine365\/wp-json\/wp\/v2\/comments?post=14871"}],"version-history":[{"count":0,"href":"https:\/\/eldigitaldeasturias.com\/magazine365\/wp-json\/wp\/v2\/posts\/14871\/revisions"}],"wp:featuredmedia":[{"embeddable":true,"href":"https:\/\/eldigitaldeasturias.com\/magazine365\/wp-json\/wp\/v2\/media\/14872"}],"wp:attachment":[{"href":"https:\/\/eldigitaldeasturias.com\/magazine365\/wp-json\/wp\/v2\/media?parent=14871"}],"wp:term":[{"taxonomy":"category","embeddable":true,"href":"https:\/\/eldigitaldeasturias.com\/magazine365\/wp-json\/wp\/v2\/categories?post=14871"},{"taxonomy":"post_tag","embeddable":true,"href":"https:\/\/eldigitaldeasturias.com\/magazine365\/wp-json\/wp\/v2\/tags?post=14871"}],"curies":[{"name":"wp","href":"https:\/\/api.w.org\/{rel}","templated":true}]}}