{"id":14868,"date":"2014-06-03T00:19:54","date_gmt":"2014-06-03T02:19:54","guid":{"rendered":"http:\/\/eldigitaldeasturias.com\/magazine365\/?p=14868"},"modified":"2014-06-03T00:19:54","modified_gmt":"2014-06-03T02:19:54","slug":"placido-domingo-ofrecera-concierto-en-rio-dos-dias-antes-de-final-del-mundial","status":"publish","type":"post","link":"https:\/\/eldigitaldeasturias.com\/magazine365\/placido-domingo-ofrecera-concierto-en-rio-dos-dias-antes-de-final-del-mundial\/","title":{"rendered":"Pl\u00e1cido Domingo ofrecer\u00e1 concierto en R\u00edo dos d\u00edas antes de final del Mundial"},"content":{"rendered":"<p><img fetchpriority=\"high\" decoding=\"async\" class=\"alignleft size-medium wp-image-14869\" alt=\"6327534w\" src=\"https:\/\/eldigitaldeasturias.com\/magazine365\/wp-content\/uploads\/2014\/06\/6327534w-360x239.jpg\" width=\"360\" height=\"239\" \/>R\u00edo de Janeiro, 2 jun (EFE).- El tenor espa\u00f1ol Pl\u00e1cido Domingo ofrecer\u00e1 un concierto en R\u00edo de Janeiro el 11 de julio pr\u00f3ximo, dos d\u00edas antes de que esta ciudad brasile\u00f1a sea escenario de la final del Mundial de F\u00fatbol Brasil 2014, informaron hoy los organizadores del espect\u00e1culo.<\/p>\n<p>Domingo actuar\u00e1 junto con la Orquesta Sinf\u00f3nica Brasile\u00f1a y algunos invitados especiales suyos, como el pianista chino Lang Lang, la soprano puertorrique\u00f1a Ana Mar\u00eda Mart\u00ednez y el director y pianista estadounidense Eugene Kohn, seg\u00fan la productora internacional de espect\u00e1culos Midiorama Entertainment Media.<\/p>\n<p>La presentaci\u00f3n \u00abConcert In Rio 2014\u00bb servir\u00e1 precisamente para celebrar la \u00abconfraternizaci\u00f3n universal\u00bb ante los miles de visitantes de todo el mundo que se concentrar\u00e1n en R\u00edo de Janeiro para la final del Mundial, explic\u00f3 la productora.<\/p>\n<p>El concierto se realizar\u00e1 la noche del 11 de julio en la casa de espect\u00e1culos HSBC Arena y las entradas se vender\u00e1n a precios que van desde los 110 a los 1.200 reales (entre 50 y 545 d\u00f3lares).<\/p>\n<p>El concierto representa el regreso de Pl\u00e1cido Domingo a R\u00edo de Janeiro tras una ausencia de 19 a\u00f1os, ya que su \u00faltimo concierto en la segunda mayor ciudad brasile\u00f1a fue en 1995.<\/p>\n<p>En su presentaci\u00f3n este a\u00f1o estar\u00e1 acompa\u00f1ado por Lang Lang, el ni\u00f1o prodigio del piano en China y que ya ha hecho presentaciones para personalidades como la reina Isabel de Inglaterra y el presidente estadounidense, Barack Obama, as\u00ed como en la ceremonia inaugural de los Juegos Ol\u00edmpicos de Pek\u00edn 2008.<\/p>\n<p>Igualmente estar\u00e1 acompa\u00f1ado por la puertorrique\u00f1a Ana Mar\u00eda Mart\u00ednez, una cantante que se ha adjudicado premios como Pepita Embil Award, el Placido Domingo International Voice Competition y un Grammy Latino en 2001 por el mejor \u00e1lbum cl\u00e1sico.<\/p>\n","protected":false},"excerpt":{"rendered":"<p>R\u00edo de Janeiro, 2 jun (EFE).- El tenor espa\u00f1ol Pl\u00e1cido Domingo ofrecer\u00e1 un concierto en R\u00edo de Janeiro el 11 de julio pr\u00f3ximo, dos d\u00edas antes de que esta ciudad brasile\u00f1a sea escenario de la final del Mundial de F\u00fatbol Brasil 2014, informaron hoy los organizadores del espect\u00e1culo. Domingo actuar\u00e1 junto con la Orquesta Sinf\u00f3nica<\/p>\n","protected":false},"author":1,"featured_media":14869,"comment_status":"open","ping_status":"closed","sticky":false,"template":"","format":"standard","meta":{"footnotes":""},"categories":[224],"tags":[],"class_list":{"0":"post-14868","1":"post","2":"type-post","3":"status-publish","4":"format-standard","5":"has-post-thumbnail","7":"category-noticias-actualidad"},"aioseo_notices":[],"aioseo_head":"\n\t\t<!-- All in One SEO Pro 4.9.6.1 - aioseo.com -->\n\t<meta name=\"description\" content=\"R\u00edo de Janeiro, 2 jun (EFE).- El tenor espa\u00f1ol Pl\u00e1cido Domingo ofrecer\u00e1 un concierto en R\u00edo de Janeiro el 11 de julio pr\u00f3ximo, dos d\u00edas antes de que esta ciudad brasile\u00f1a sea escenario de la final del Mundial de F\u00fatbol Brasil 2014, informaron hoy los organizadores del espect\u00e1culo. Domingo actuar\u00e1 junto con la Orquesta Sinf\u00f3nica\" \/>\n\t<meta name=\"robots\" content=\"max-image-preview:large\" \/>\n\t<meta name=\"author\" content=\"admin\"\/>\n\t<meta name=\"google-site-verification\" content=\"UA-38556648-1\" \/>\n\t<meta name=\"keywords\" content=\"noticias y actualidad\" \/>\n\t<link rel=\"canonical\" href=\"https:\/\/eldigitaldeasturias.com\/magazine365\/placido-domingo-ofrecera-concierto-en-rio-dos-dias-antes-de-final-del-mundial\/\" \/>\n\t<meta name=\"generator\" content=\"All in One SEO Pro (AIOSEO) 4.9.6.1\" \/>\n\t\t<meta property=\"og:locale\" content=\"es_ES\" \/>\n\t\t<meta property=\"og:site_name\" content=\"El Digital de Asturias \u2013 Revista de ocio, turismo y estilo de vida\" \/>\n\t\t<meta property=\"og:type\" content=\"article\" \/>\n\t\t<meta property=\"og:title\" content=\"Pl\u00e1cido Domingo ofrecer\u00e1 concierto en R\u00edo dos d\u00edas antes de final del Mundial | El Digital de Asturias\" \/>\n\t\t<meta property=\"og:description\" content=\"R\u00edo de Janeiro, 2 jun (EFE).- El tenor espa\u00f1ol Pl\u00e1cido Domingo ofrecer\u00e1 un concierto en R\u00edo de Janeiro el 11 de julio pr\u00f3ximo, dos d\u00edas antes de que esta ciudad brasile\u00f1a sea escenario de la final del Mundial de F\u00fatbol Brasil 2014, informaron hoy los organizadores del espect\u00e1culo. Domingo actuar\u00e1 junto con la Orquesta Sinf\u00f3nica\" \/>\n\t\t<meta property=\"og:url\" content=\"https:\/\/eldigitaldeasturias.com\/magazine365\/placido-domingo-ofrecera-concierto-en-rio-dos-dias-antes-de-final-del-mundial\/\" \/>\n\t\t<meta property=\"og:image\" content=\"https:\/\/eldigitaldeasturias.com\/magazine365\/wp-content\/uploads\/2014\/06\/6327534w.jpg\" \/>\n\t\t<meta property=\"og:image:secure_url\" content=\"https:\/\/eldigitaldeasturias.com\/magazine365\/wp-content\/uploads\/2014\/06\/6327534w.jpg\" \/>\n\t\t<meta property=\"og:image:width\" content=\"800\" \/>\n\t\t<meta property=\"og:image:height\" content=\"533\" \/>\n\t\t<meta property=\"article:published_time\" content=\"2014-06-03T02:19:54+00:00\" \/>\n\t\t<meta property=\"article:modified_time\" content=\"2014-06-03T02:19:54+00:00\" \/>\n\t\t<meta name=\"twitter:card\" content=\"summary_large_image\" \/>\n\t\t<meta name=\"twitter:title\" content=\"Pl\u00e1cido Domingo ofrecer\u00e1 concierto en R\u00edo dos d\u00edas antes de final del Mundial | El Digital de Asturias\" \/>\n\t\t<meta name=\"twitter:description\" content=\"R\u00edo de Janeiro, 2 jun (EFE).- El tenor espa\u00f1ol Pl\u00e1cido Domingo ofrecer\u00e1 un concierto en R\u00edo de Janeiro el 11 de julio pr\u00f3ximo, dos d\u00edas antes de que esta ciudad brasile\u00f1a sea escenario de la final del Mundial de F\u00fatbol Brasil 2014, informaron hoy los organizadores del espect\u00e1culo. Domingo actuar\u00e1 junto con la Orquesta Sinf\u00f3nica\" \/>\n\t\t<meta name=\"twitter:image\" content=\"https:\/\/eldigitaldeasturias.com\/magazine365\/wp-content\/uploads\/2014\/06\/6327534w.jpg\" \/>\n\t\t<script type=\"application\/ld+json\" class=\"aioseo-schema\">\n\t\t\t{\"@context\":\"https:\\\/\\\/schema.org\",\"@graph\":[{\"@type\":\"Article\",\"@id\":\"https:\\\/\\\/eldigitaldeasturias.com\\\/magazine365\\\/placido-domingo-ofrecera-concierto-en-rio-dos-dias-antes-de-final-del-mundial\\\/#article\",\"name\":\"Pl\\u00e1cido Domingo ofrecer\\u00e1 concierto en R\\u00edo dos d\\u00edas antes de final del Mundial | El Digital de Asturias\",\"headline\":\"Pl\\u00e1cido Domingo ofrecer\\u00e1 concierto en R\\u00edo dos d\\u00edas antes de final del Mundial\",\"author\":{\"@id\":\"https:\\\/\\\/eldigitaldeasturias.com\\\/magazine365\\\/author\\\/admin\\\/#author\"},\"publisher\":{\"@id\":\"https:\\\/\\\/eldigitaldeasturias.com\\\/magazine365\\\/#organization\"},\"image\":{\"@type\":\"ImageObject\",\"url\":\"https:\\\/\\\/eldigitaldeasturias.com\\\/magazine365\\\/wp-content\\\/uploads\\\/2014\\\/06\\\/6327534w.jpg\",\"width\":800,\"height\":533},\"datePublished\":\"2014-06-03T00:19:54+02:00\",\"dateModified\":\"2014-06-03T00:19:54+02:00\",\"inLanguage\":\"es-ES\",\"mainEntityOfPage\":{\"@id\":\"https:\\\/\\\/eldigitaldeasturias.com\\\/magazine365\\\/placido-domingo-ofrecera-concierto-en-rio-dos-dias-antes-de-final-del-mundial\\\/#webpage\"},\"isPartOf\":{\"@id\":\"https:\\\/\\\/eldigitaldeasturias.com\\\/magazine365\\\/placido-domingo-ofrecera-concierto-en-rio-dos-dias-antes-de-final-del-mundial\\\/#webpage\"},\"articleSection\":\"Noticias y Actualidad\"},{\"@type\":\"BreadcrumbList\",\"@id\":\"https:\\\/\\\/eldigitaldeasturias.com\\\/magazine365\\\/placido-domingo-ofrecera-concierto-en-rio-dos-dias-antes-de-final-del-mundial\\\/#breadcrumblist\",\"itemListElement\":[{\"@type\":\"ListItem\",\"@id\":\"https:\\\/\\\/eldigitaldeasturias.com\\\/magazine365#listItem\",\"position\":1,\"name\":\"Home\",\"item\":\"https:\\\/\\\/eldigitaldeasturias.com\\\/magazine365\",\"nextItem\":{\"@type\":\"ListItem\",\"@id\":\"https:\\\/\\\/eldigitaldeasturias.com\\\/magazine365\\\/category\\\/noticias-actualidad\\\/#listItem\",\"name\":\"Noticias y Actualidad\"}},{\"@type\":\"ListItem\",\"@id\":\"https:\\\/\\\/eldigitaldeasturias.com\\\/magazine365\\\/category\\\/noticias-actualidad\\\/#listItem\",\"position\":2,\"name\":\"Noticias y Actualidad\",\"item\":\"https:\\\/\\\/eldigitaldeasturias.com\\\/magazine365\\\/category\\\/noticias-actualidad\\\/\",\"nextItem\":{\"@type\":\"ListItem\",\"@id\":\"https:\\\/\\\/eldigitaldeasturias.com\\\/magazine365\\\/placido-domingo-ofrecera-concierto-en-rio-dos-dias-antes-de-final-del-mundial\\\/#listItem\",\"name\":\"Pl\\u00e1cido Domingo ofrecer\\u00e1 concierto en R\\u00edo dos d\\u00edas antes de final del Mundial\"},\"previousItem\":{\"@type\":\"ListItem\",\"@id\":\"https:\\\/\\\/eldigitaldeasturias.com\\\/magazine365#listItem\",\"name\":\"Home\"}},{\"@type\":\"ListItem\",\"@id\":\"https:\\\/\\\/eldigitaldeasturias.com\\\/magazine365\\\/placido-domingo-ofrecera-concierto-en-rio-dos-dias-antes-de-final-del-mundial\\\/#listItem\",\"position\":3,\"name\":\"Pl\\u00e1cido Domingo ofrecer\\u00e1 concierto en R\\u00edo dos d\\u00edas antes de final del Mundial\",\"previousItem\":{\"@type\":\"ListItem\",\"@id\":\"https:\\\/\\\/eldigitaldeasturias.com\\\/magazine365\\\/category\\\/noticias-actualidad\\\/#listItem\",\"name\":\"Noticias y Actualidad\"}}]},{\"@type\":\"Organization\",\"@id\":\"https:\\\/\\\/eldigitaldeasturias.com\\\/magazine365\\\/#organization\",\"name\":\"El digital de Asturias\",\"description\":\"Revista de ocio, turismo y estilo de vida\",\"url\":\"https:\\\/\\\/eldigitaldeasturias.com\\\/magazine365\\\/\",\"logo\":{\"@type\":\"ImageObject\",\"url\":\"https:\\\/\\\/www.eldigitaldeasturias.com\\\/noticias\\\/wp-content\\\/uploads\\\/2020\\\/12\\\/EDA.jpg\",\"@id\":\"https:\\\/\\\/eldigitaldeasturias.com\\\/magazine365\\\/placido-domingo-ofrecera-concierto-en-rio-dos-dias-antes-de-final-del-mundial\\\/#organizationLogo\"},\"image\":{\"@id\":\"https:\\\/\\\/eldigitaldeasturias.com\\\/magazine365\\\/placido-domingo-ofrecera-concierto-en-rio-dos-dias-antes-de-final-del-mundial\\\/#organizationLogo\"}},{\"@type\":\"Person\",\"@id\":\"https:\\\/\\\/eldigitaldeasturias.com\\\/magazine365\\\/author\\\/admin\\\/#author\",\"url\":\"https:\\\/\\\/eldigitaldeasturias.com\\\/magazine365\\\/author\\\/admin\\\/\",\"name\":\"admin\",\"image\":{\"@type\":\"ImageObject\",\"@id\":\"https:\\\/\\\/eldigitaldeasturias.com\\\/magazine365\\\/placido-domingo-ofrecera-concierto-en-rio-dos-dias-antes-de-final-del-mundial\\\/#authorImage\",\"url\":\"https:\\\/\\\/eldigitaldeasturias.com\\\/magazine365\\\/wp-content\\\/litespeed\\\/avatar\\\/e571bcf59a0edd6fa6838245a470f2fe.jpg?ver=1777574230\",\"width\":96,\"height\":96,\"caption\":\"admin\"}},{\"@type\":\"WebPage\",\"@id\":\"https:\\\/\\\/eldigitaldeasturias.com\\\/magazine365\\\/placido-domingo-ofrecera-concierto-en-rio-dos-dias-antes-de-final-del-mundial\\\/#webpage\",\"url\":\"https:\\\/\\\/eldigitaldeasturias.com\\\/magazine365\\\/placido-domingo-ofrecera-concierto-en-rio-dos-dias-antes-de-final-del-mundial\\\/\",\"name\":\"Pl\\u00e1cido Domingo ofrecer\\u00e1 concierto en R\\u00edo dos d\\u00edas antes de final del Mundial | El Digital de Asturias\",\"description\":\"R\\u00edo de Janeiro, 2 jun (EFE).- El tenor espa\\u00f1ol Pl\\u00e1cido Domingo ofrecer\\u00e1 un concierto en R\\u00edo de Janeiro el 11 de julio pr\\u00f3ximo, dos d\\u00edas antes de que esta ciudad brasile\\u00f1a sea escenario de la final del Mundial de F\\u00fatbol Brasil 2014, informaron hoy los organizadores del espect\\u00e1culo. Domingo actuar\\u00e1 junto con la Orquesta Sinf\\u00f3nica\",\"inLanguage\":\"es-ES\",\"isPartOf\":{\"@id\":\"https:\\\/\\\/eldigitaldeasturias.com\\\/magazine365\\\/#website\"},\"breadcrumb\":{\"@id\":\"https:\\\/\\\/eldigitaldeasturias.com\\\/magazine365\\\/placido-domingo-ofrecera-concierto-en-rio-dos-dias-antes-de-final-del-mundial\\\/#breadcrumblist\"},\"author\":{\"@id\":\"https:\\\/\\\/eldigitaldeasturias.com\\\/magazine365\\\/author\\\/admin\\\/#author\"},\"creator\":{\"@id\":\"https:\\\/\\\/eldigitaldeasturias.com\\\/magazine365\\\/author\\\/admin\\\/#author\"},\"image\":{\"@type\":\"ImageObject\",\"url\":\"https:\\\/\\\/eldigitaldeasturias.com\\\/magazine365\\\/wp-content\\\/uploads\\\/2014\\\/06\\\/6327534w.jpg\",\"@id\":\"https:\\\/\\\/eldigitaldeasturias.com\\\/magazine365\\\/placido-domingo-ofrecera-concierto-en-rio-dos-dias-antes-de-final-del-mundial\\\/#mainImage\",\"width\":800,\"height\":533},\"primaryImageOfPage\":{\"@id\":\"https:\\\/\\\/eldigitaldeasturias.com\\\/magazine365\\\/placido-domingo-ofrecera-concierto-en-rio-dos-dias-antes-de-final-del-mundial\\\/#mainImage\"},\"datePublished\":\"2014-06-03T00:19:54+02:00\",\"dateModified\":\"2014-06-03T00:19:54+02:00\"},{\"@type\":\"WebSite\",\"@id\":\"https:\\\/\\\/eldigitaldeasturias.com\\\/magazine365\\\/#website\",\"url\":\"https:\\\/\\\/eldigitaldeasturias.com\\\/magazine365\\\/\",\"name\":\"El Digital de Asturias\",\"description\":\"Revista de ocio, turismo y estilo de vida\",\"inLanguage\":\"es-ES\",\"publisher\":{\"@id\":\"https:\\\/\\\/eldigitaldeasturias.com\\\/magazine365\\\/#organization\"}}]}\n\t\t<\/script>\n\t\t<!-- All in One SEO Pro -->\r\n\t\t<title>Pl\u00e1cido Domingo ofrecer\u00e1 concierto en R\u00edo dos d\u00edas antes de final del Mundial | El Digital de Asturias<\/title>\n\n","aioseo_head_json":{"title":"Pl\u00e1cido Domingo ofrecer\u00e1 concierto en R\u00edo dos d\u00edas antes de final del Mundial | El Digital de Asturias","description":"R\u00edo de Janeiro, 2 jun (EFE).- El tenor espa\u00f1ol Pl\u00e1cido Domingo ofrecer\u00e1 un concierto en R\u00edo de Janeiro el 11 de julio pr\u00f3ximo, dos d\u00edas antes de que esta ciudad brasile\u00f1a sea escenario de la final del Mundial de F\u00fatbol Brasil 2014, informaron hoy los organizadores del espect\u00e1culo. Domingo actuar\u00e1 junto con la Orquesta Sinf\u00f3nica","canonical_url":"https:\/\/eldigitaldeasturias.com\/magazine365\/placido-domingo-ofrecera-concierto-en-rio-dos-dias-antes-de-final-del-mundial\/","robots":"max-image-preview:large","keywords":"noticias y actualidad","webmasterTools":{"google-site-verification":"UA-38556648-1","miscellaneous":""},"schema":{"@context":"https:\/\/schema.org","@graph":[{"@type":"Article","@id":"https:\/\/eldigitaldeasturias.com\/magazine365\/placido-domingo-ofrecera-concierto-en-rio-dos-dias-antes-de-final-del-mundial\/#article","name":"Pl\u00e1cido Domingo ofrecer\u00e1 concierto en R\u00edo dos d\u00edas antes de final del Mundial | El Digital de Asturias","headline":"Pl\u00e1cido Domingo ofrecer\u00e1 concierto en R\u00edo dos d\u00edas antes de final del Mundial","author":{"@id":"https:\/\/eldigitaldeasturias.com\/magazine365\/author\/admin\/#author"},"publisher":{"@id":"https:\/\/eldigitaldeasturias.com\/magazine365\/#organization"},"image":{"@type":"ImageObject","url":"https:\/\/eldigitaldeasturias.com\/magazine365\/wp-content\/uploads\/2014\/06\/6327534w.jpg","width":800,"height":533},"datePublished":"2014-06-03T00:19:54+02:00","dateModified":"2014-06-03T00:19:54+02:00","inLanguage":"es-ES","mainEntityOfPage":{"@id":"https:\/\/eldigitaldeasturias.com\/magazine365\/placido-domingo-ofrecera-concierto-en-rio-dos-dias-antes-de-final-del-mundial\/#webpage"},"isPartOf":{"@id":"https:\/\/eldigitaldeasturias.com\/magazine365\/placido-domingo-ofrecera-concierto-en-rio-dos-dias-antes-de-final-del-mundial\/#webpage"},"articleSection":"Noticias y Actualidad"},{"@type":"BreadcrumbList","@id":"https:\/\/eldigitaldeasturias.com\/magazine365\/placido-domingo-ofrecera-concierto-en-rio-dos-dias-antes-de-final-del-mundial\/#breadcrumblist","itemListElement":[{"@type":"ListItem","@id":"https:\/\/eldigitaldeasturias.com\/magazine365#listItem","position":1,"name":"Home","item":"https:\/\/eldigitaldeasturias.com\/magazine365","nextItem":{"@type":"ListItem","@id":"https:\/\/eldigitaldeasturias.com\/magazine365\/category\/noticias-actualidad\/#listItem","name":"Noticias y Actualidad"}},{"@type":"ListItem","@id":"https:\/\/eldigitaldeasturias.com\/magazine365\/category\/noticias-actualidad\/#listItem","position":2,"name":"Noticias y Actualidad","item":"https:\/\/eldigitaldeasturias.com\/magazine365\/category\/noticias-actualidad\/","nextItem":{"@type":"ListItem","@id":"https:\/\/eldigitaldeasturias.com\/magazine365\/placido-domingo-ofrecera-concierto-en-rio-dos-dias-antes-de-final-del-mundial\/#listItem","name":"Pl\u00e1cido Domingo ofrecer\u00e1 concierto en R\u00edo dos d\u00edas antes de final del Mundial"},"previousItem":{"@type":"ListItem","@id":"https:\/\/eldigitaldeasturias.com\/magazine365#listItem","name":"Home"}},{"@type":"ListItem","@id":"https:\/\/eldigitaldeasturias.com\/magazine365\/placido-domingo-ofrecera-concierto-en-rio-dos-dias-antes-de-final-del-mundial\/#listItem","position":3,"name":"Pl\u00e1cido Domingo ofrecer\u00e1 concierto en R\u00edo dos d\u00edas antes de final del Mundial","previousItem":{"@type":"ListItem","@id":"https:\/\/eldigitaldeasturias.com\/magazine365\/category\/noticias-actualidad\/#listItem","name":"Noticias y Actualidad"}}]},{"@type":"Organization","@id":"https:\/\/eldigitaldeasturias.com\/magazine365\/#organization","name":"El digital de Asturias","description":"Revista de ocio, turismo y estilo de vida","url":"https:\/\/eldigitaldeasturias.com\/magazine365\/","logo":{"@type":"ImageObject","url":"https:\/\/www.eldigitaldeasturias.com\/noticias\/wp-content\/uploads\/2020\/12\/EDA.jpg","@id":"https:\/\/eldigitaldeasturias.com\/magazine365\/placido-domingo-ofrecera-concierto-en-rio-dos-dias-antes-de-final-del-mundial\/#organizationLogo"},"image":{"@id":"https:\/\/eldigitaldeasturias.com\/magazine365\/placido-domingo-ofrecera-concierto-en-rio-dos-dias-antes-de-final-del-mundial\/#organizationLogo"}},{"@type":"Person","@id":"https:\/\/eldigitaldeasturias.com\/magazine365\/author\/admin\/#author","url":"https:\/\/eldigitaldeasturias.com\/magazine365\/author\/admin\/","name":"admin","image":{"@type":"ImageObject","@id":"https:\/\/eldigitaldeasturias.com\/magazine365\/placido-domingo-ofrecera-concierto-en-rio-dos-dias-antes-de-final-del-mundial\/#authorImage","url":"https:\/\/eldigitaldeasturias.com\/magazine365\/wp-content\/litespeed\/avatar\/e571bcf59a0edd6fa6838245a470f2fe.jpg?ver=1777574230","width":96,"height":96,"caption":"admin"}},{"@type":"WebPage","@id":"https:\/\/eldigitaldeasturias.com\/magazine365\/placido-domingo-ofrecera-concierto-en-rio-dos-dias-antes-de-final-del-mundial\/#webpage","url":"https:\/\/eldigitaldeasturias.com\/magazine365\/placido-domingo-ofrecera-concierto-en-rio-dos-dias-antes-de-final-del-mundial\/","name":"Pl\u00e1cido Domingo ofrecer\u00e1 concierto en R\u00edo dos d\u00edas antes de final del Mundial | El Digital de Asturias","description":"R\u00edo de Janeiro, 2 jun (EFE).- El tenor espa\u00f1ol Pl\u00e1cido Domingo ofrecer\u00e1 un concierto en R\u00edo de Janeiro el 11 de julio pr\u00f3ximo, dos d\u00edas antes de que esta ciudad brasile\u00f1a sea escenario de la final del Mundial de F\u00fatbol Brasil 2014, informaron hoy los organizadores del espect\u00e1culo. Domingo actuar\u00e1 junto con la Orquesta Sinf\u00f3nica","inLanguage":"es-ES","isPartOf":{"@id":"https:\/\/eldigitaldeasturias.com\/magazine365\/#website"},"breadcrumb":{"@id":"https:\/\/eldigitaldeasturias.com\/magazine365\/placido-domingo-ofrecera-concierto-en-rio-dos-dias-antes-de-final-del-mundial\/#breadcrumblist"},"author":{"@id":"https:\/\/eldigitaldeasturias.com\/magazine365\/author\/admin\/#author"},"creator":{"@id":"https:\/\/eldigitaldeasturias.com\/magazine365\/author\/admin\/#author"},"image":{"@type":"ImageObject","url":"https:\/\/eldigitaldeasturias.com\/magazine365\/wp-content\/uploads\/2014\/06\/6327534w.jpg","@id":"https:\/\/eldigitaldeasturias.com\/magazine365\/placido-domingo-ofrecera-concierto-en-rio-dos-dias-antes-de-final-del-mundial\/#mainImage","width":800,"height":533},"primaryImageOfPage":{"@id":"https:\/\/eldigitaldeasturias.com\/magazine365\/placido-domingo-ofrecera-concierto-en-rio-dos-dias-antes-de-final-del-mundial\/#mainImage"},"datePublished":"2014-06-03T00:19:54+02:00","dateModified":"2014-06-03T00:19:54+02:00"},{"@type":"WebSite","@id":"https:\/\/eldigitaldeasturias.com\/magazine365\/#website","url":"https:\/\/eldigitaldeasturias.com\/magazine365\/","name":"El Digital de Asturias","description":"Revista de ocio, turismo y estilo de vida","inLanguage":"es-ES","publisher":{"@id":"https:\/\/eldigitaldeasturias.com\/magazine365\/#organization"}}]},"og:locale":"es_ES","og:site_name":"El Digital de Asturias \u2013 Revista de ocio, turismo y estilo de vida","og:type":"article","og:title":"Pl\u00e1cido Domingo ofrecer\u00e1 concierto en R\u00edo dos d\u00edas antes de final del Mundial | El Digital de Asturias","og:description":"R\u00edo de Janeiro, 2 jun (EFE).- El tenor espa\u00f1ol Pl\u00e1cido Domingo ofrecer\u00e1 un concierto en R\u00edo de Janeiro el 11 de julio pr\u00f3ximo, dos d\u00edas antes de que esta ciudad brasile\u00f1a sea escenario de la final del Mundial de F\u00fatbol Brasil 2014, informaron hoy los organizadores del espect\u00e1culo. Domingo actuar\u00e1 junto con la Orquesta Sinf\u00f3nica","og:url":"https:\/\/eldigitaldeasturias.com\/magazine365\/placido-domingo-ofrecera-concierto-en-rio-dos-dias-antes-de-final-del-mundial\/","og:image":"https:\/\/eldigitaldeasturias.com\/magazine365\/wp-content\/uploads\/2014\/06\/6327534w.jpg","og:image:secure_url":"https:\/\/eldigitaldeasturias.com\/magazine365\/wp-content\/uploads\/2014\/06\/6327534w.jpg","og:image:width":800,"og:image:height":533,"article:published_time":"2014-06-03T02:19:54+00:00","article:modified_time":"2014-06-03T02:19:54+00:00","twitter:card":"summary_large_image","twitter:title":"Pl\u00e1cido Domingo ofrecer\u00e1 concierto en R\u00edo dos d\u00edas antes de final del Mundial | El Digital de Asturias","twitter:description":"R\u00edo de Janeiro, 2 jun (EFE).- El tenor espa\u00f1ol Pl\u00e1cido Domingo ofrecer\u00e1 un concierto en R\u00edo de Janeiro el 11 de julio pr\u00f3ximo, dos d\u00edas antes de que esta ciudad brasile\u00f1a sea escenario de la final del Mundial de F\u00fatbol Brasil 2014, informaron hoy los organizadores del espect\u00e1culo. Domingo actuar\u00e1 junto con la Orquesta Sinf\u00f3nica","twitter:image":"https:\/\/eldigitaldeasturias.com\/magazine365\/wp-content\/uploads\/2014\/06\/6327534w.jpg"},"aioseo_meta_data":{"post_id":"14868","title":null,"description":null,"keywords":null,"keyphrases":null,"primary_term":null,"canonical_url":null,"og_title":null,"og_description":null,"og_object_type":"default","og_image_type":"default","og_image_url":null,"og_image_width":null,"og_image_height":null,"og_image_custom_url":null,"og_image_custom_fields":null,"og_video":null,"og_custom_url":null,"og_article_section":null,"og_article_tags":null,"twitter_use_og":false,"twitter_card":"default","twitter_image_type":"default","twitter_image_url":null,"twitter_image_custom_url":null,"twitter_image_custom_fields":null,"twitter_title":null,"twitter_description":null,"schema":{"blockGraphs":[],"customGraphs":[],"default":{"data":{"Article":[],"Course":[],"Dataset":[],"FAQPage":[],"Movie":[],"Person":[],"Product":[],"ProductReview":[],"Car":[],"Recipe":[],"Service":[],"SoftwareApplication":[],"WebPage":[]},"graphName":"","isEnabled":true},"graphs":[],"defaultGraph":"","defaultPostTypeGraph":""},"schema_type":null,"schema_type_options":null,"pillar_content":false,"robots_default":true,"robots_noindex":false,"robots_noarchive":false,"robots_nosnippet":false,"robots_nofollow":false,"robots_noimageindex":false,"robots_noodp":false,"robots_notranslate":false,"robots_max_snippet":null,"robots_max_videopreview":null,"robots_max_imagepreview":"large","priority":null,"frequency":null,"location":null,"local_seo":null,"seo_analyzer_scan_date":"2025-09-17 10:58:24","breadcrumb_settings":null,"limit_modified_date":false,"open_ai":null,"ai":null,"created":"2021-03-09 08:08:50","updated":"2025-09-17 10:58:24"},"aioseo_breadcrumb":"<div class=\"aioseo-breadcrumbs\"><span class=\"aioseo-breadcrumb\">\n\t<a href=\"https:\/\/eldigitaldeasturias.com\/magazine365\" title=\"Home\">Home<\/a>\n<\/span><span class=\"aioseo-breadcrumb-separator\">\u2013<\/span><span class=\"aioseo-breadcrumb\">\n\t<a href=\"https:\/\/eldigitaldeasturias.com\/magazine365\/category\/noticias-actualidad\/\" title=\"Noticias y Actualidad\">Noticias y Actualidad<\/a>\n<\/span><span class=\"aioseo-breadcrumb-separator\">\u2013<\/span><span class=\"aioseo-breadcrumb\">\n\t<a href=\"https:\/\/eldigitaldeasturias.com\/magazine365\/placido-domingo-ofrecera-concierto-en-rio-dos-dias-antes-de-final-del-mundial\/\" title=\"Pl\u00e1cido Domingo ofrecer\u00e1 concierto en R\u00edo dos d\u00edas antes de final del Mundial\">Pl\u00e1cido Domingo ofrecer\u00e1 concierto en R\u00edo dos d\u00edas antes de final del Mundial<\/a>\n<\/span><\/div>","aioseo_breadcrumb_json":[{"label":"Home","link":"https:\/\/eldigitaldeasturias.com\/magazine365"},{"label":"Noticias y Actualidad","link":"https:\/\/eldigitaldeasturias.com\/magazine365\/category\/noticias-actualidad\/"},{"label":"Pl\u00e1cido Domingo ofrecer\u00e1 concierto en R\u00edo dos d\u00edas antes de final del Mundial","link":"https:\/\/eldigitaldeasturias.com\/magazine365\/placido-domingo-ofrecera-concierto-en-rio-dos-dias-antes-de-final-del-mundial\/"}],"_links":{"self":[{"href":"https:\/\/eldigitaldeasturias.com\/magazine365\/wp-json\/wp\/v2\/posts\/14868","targetHints":{"allow":["GET"]}}],"collection":[{"href":"https:\/\/eldigitaldeasturias.com\/magazine365\/wp-json\/wp\/v2\/posts"}],"about":[{"href":"https:\/\/eldigitaldeasturias.com\/magazine365\/wp-json\/wp\/v2\/types\/post"}],"author":[{"embeddable":true,"href":"https:\/\/eldigitaldeasturias.com\/magazine365\/wp-json\/wp\/v2\/users\/1"}],"replies":[{"embeddable":true,"href":"https:\/\/eldigitaldeasturias.com\/magazine365\/wp-json\/wp\/v2\/comments?post=14868"}],"version-history":[{"count":0,"href":"https:\/\/eldigitaldeasturias.com\/magazine365\/wp-json\/wp\/v2\/posts\/14868\/revisions"}],"wp:featuredmedia":[{"embeddable":true,"href":"https:\/\/eldigitaldeasturias.com\/magazine365\/wp-json\/wp\/v2\/media\/14869"}],"wp:attachment":[{"href":"https:\/\/eldigitaldeasturias.com\/magazine365\/wp-json\/wp\/v2\/media?parent=14868"}],"wp:term":[{"taxonomy":"category","embeddable":true,"href":"https:\/\/eldigitaldeasturias.com\/magazine365\/wp-json\/wp\/v2\/categories?post=14868"},{"taxonomy":"post_tag","embeddable":true,"href":"https:\/\/eldigitaldeasturias.com\/magazine365\/wp-json\/wp\/v2\/tags?post=14868"}],"curies":[{"name":"wp","href":"https:\/\/api.w.org\/{rel}","templated":true}]}}