{"id":14856,"date":"2014-06-03T00:10:13","date_gmt":"2014-06-03T02:10:13","guid":{"rendered":"http:\/\/eldigitaldeasturias.com\/magazine365\/?p=14856"},"modified":"2014-06-03T00:10:13","modified_gmt":"2014-06-03T02:10:13","slug":"merkel-comodin-de-la-llamada-en-quien-quiere-ser-millonario","status":"publish","type":"post","link":"https:\/\/eldigitaldeasturias.com\/magazine365\/merkel-comodin-de-la-llamada-en-quien-quiere-ser-millonario\/","title":{"rendered":"Merkel, comod\u00edn de la llamada en \u00ab\u00bfQui\u00e9n quiere ser millonario?\u00bb"},"content":{"rendered":"<p><img fetchpriority=\"high\" decoding=\"async\" class=\"alignleft size-medium wp-image-14857\" alt=\"6327272w\" src=\"https:\/\/eldigitaldeasturias.com\/magazine365\/wp-content\/uploads\/2014\/06\/6327272w-360x217.jpg\" width=\"360\" height=\"217\" srcset=\"https:\/\/eldigitaldeasturias.com\/magazine365\/wp-content\/uploads\/2014\/06\/6327272w-360x217.jpg 360w, https:\/\/eldigitaldeasturias.com\/magazine365\/wp-content\/uploads\/2014\/06\/6327272w-650x392.jpg 650w, https:\/\/eldigitaldeasturias.com\/magazine365\/wp-content\/uploads\/2014\/06\/6327272w-768x464.jpg 768w, https:\/\/eldigitaldeasturias.com\/magazine365\/wp-content\/uploads\/2014\/06\/6327272w-150x91.jpg 150w, https:\/\/eldigitaldeasturias.com\/magazine365\/wp-content\/uploads\/2014\/06\/6327272w-450x272.jpg 450w, https:\/\/eldigitaldeasturias.com\/magazine365\/wp-content\/uploads\/2014\/06\/6327272w-696x420.jpg 696w, https:\/\/eldigitaldeasturias.com\/magazine365\/wp-content\/uploads\/2014\/06\/6327272w.jpg 800w\" sizes=\"(max-width: 360px) 100vw, 360px\" \/>\u00a02 jun (EFE).- La canciller alemana, Angela Merkel, se converti\u00f3 hoy en \u00abcomod\u00edn de la llamada\u00bb en el programa \u00ab\u00bfQui\u00e9n quiere ser millonario?\u00bb emitido en la cadena de televisi\u00f3n RTL, en el que concursaba un veterano pol\u00edtico de la Uni\u00f3n Cristianodem\u00f3crata (CDU).<\/p>\n<p>El diputado Wolfgang Bosbach, que participaba en una emisi\u00f3n especial con invitados famosos, consider\u00f3 que la canciller era una de las pocas personas que, entre sus conocidos, pod\u00eda saber la respuesta a una pregunta sobre la vida en la Rep\u00fablica Democr\u00e1tica Alemana (RDA), donde ella pas\u00f3 su infancia y juventud.<\/p>\n<p>Fueron a buscar su m\u00f3vil al guardarropa y llam\u00f3 al m\u00f3vil de la canciller hasta en dos ocasiones, pero&#8230; salt\u00f3 el contestador,<\/p>\n<p>Bosbach optaba a 500.000 euros, pero, aunque le dejaron hacer una \u00faltima llamada, no pudo acertar la respuesta, con lo que gan\u00f3 finalmente 125.00 euros que reparti\u00f3 entre diversas organizaciones con finales sociales.<\/p>\n<p>La pregunta que quer\u00eda dirigir a Merkel versaba sobre la segunda funci\u00f3n que tuvo en muchos hogares de la RDA la legendaria lavadora WM66: generar calefacci\u00f3n, aspirar el polvo, conectar con emisoras de radio del Oeste o hacer conservas de frutas.<\/p>\n<p>La \u00faltima opci\u00f3n era la correcta, ya que la WM66, un modelo de carga superior de gran \u00e9xito en los a\u00f1os sesenta y setenta en Alemania Oriental, permit\u00eda calentar el agua en la cubeta hasta altas temperaturas sin que se pudiera en marcha la funci\u00f3n de lavado.<\/p>\n<p>La cadena de televisi\u00f3n hab\u00eda anunciado desde primera hora de la ma\u00f1ana que durante el programa de la noche Bosbach llamar\u00eda a la canciller, sin desvelar si \u00e9sta responder\u00eda o acertar\u00eda.<\/p>\n","protected":false},"excerpt":{"rendered":"<p>\u00a02 jun (EFE).- La canciller alemana, Angela Merkel, se converti\u00f3 hoy en \u00abcomod\u00edn de la llamada\u00bb en el programa \u00ab\u00bfQui\u00e9n quiere ser millonario?\u00bb emitido en la cadena de televisi\u00f3n RTL, en el que concursaba un veterano pol\u00edtico de la Uni\u00f3n Cristianodem\u00f3crata (CDU). El diputado Wolfgang Bosbach, que participaba en una emisi\u00f3n especial con invitados famosos,<\/p>\n","protected":false},"author":1,"featured_media":14857,"comment_status":"open","ping_status":"closed","sticky":false,"template":"","format":"standard","meta":{"footnotes":""},"categories":[224],"tags":[],"class_list":{"0":"post-14856","1":"post","2":"type-post","3":"status-publish","4":"format-standard","5":"has-post-thumbnail","7":"category-noticias-actualidad"},"aioseo_notices":[],"aioseo_head":"\n\t\t<!-- All in One SEO Pro 4.9.6.1 - aioseo.com -->\n\t<meta name=\"description\" content=\"2 jun (EFE).- La canciller alemana, Angela Merkel, se converti\u00f3 hoy en &quot;comod\u00edn de la llamada&quot; en el programa &quot;\u00bfQui\u00e9n quiere ser millonario?&quot; emitido en la cadena de televisi\u00f3n RTL, en el que concursaba un veterano pol\u00edtico de la Uni\u00f3n Cristianodem\u00f3crata (CDU). El diputado Wolfgang Bosbach, que participaba en una emisi\u00f3n especial con invitados famosos,\" \/>\n\t<meta name=\"robots\" content=\"max-image-preview:large\" \/>\n\t<meta name=\"author\" content=\"admin\"\/>\n\t<meta name=\"google-site-verification\" content=\"UA-38556648-1\" \/>\n\t<meta name=\"keywords\" content=\"noticias y actualidad\" \/>\n\t<link rel=\"canonical\" href=\"https:\/\/eldigitaldeasturias.com\/magazine365\/merkel-comodin-de-la-llamada-en-quien-quiere-ser-millonario\/\" \/>\n\t<meta name=\"generator\" content=\"All in One SEO Pro (AIOSEO) 4.9.6.1\" \/>\n\t\t<meta property=\"og:locale\" content=\"es_ES\" \/>\n\t\t<meta property=\"og:site_name\" content=\"El Digital de Asturias \u2013 Revista de ocio, turismo y estilo de vida\" \/>\n\t\t<meta property=\"og:type\" content=\"article\" \/>\n\t\t<meta property=\"og:title\" content=\"Merkel, comod\u00edn de la llamada en \u00ab\u00bfQui\u00e9n quiere ser millonario?\u00bb | El Digital de Asturias\" \/>\n\t\t<meta property=\"og:description\" content=\"2 jun (EFE).- La canciller alemana, Angela Merkel, se converti\u00f3 hoy en &quot;comod\u00edn de la llamada&quot; en el programa &quot;\u00bfQui\u00e9n quiere ser millonario?&quot; emitido en la cadena de televisi\u00f3n RTL, en el que concursaba un veterano pol\u00edtico de la Uni\u00f3n Cristianodem\u00f3crata (CDU). El diputado Wolfgang Bosbach, que participaba en una emisi\u00f3n especial con invitados famosos,\" \/>\n\t\t<meta property=\"og:url\" content=\"https:\/\/eldigitaldeasturias.com\/magazine365\/merkel-comodin-de-la-llamada-en-quien-quiere-ser-millonario\/\" \/>\n\t\t<meta property=\"og:image\" content=\"https:\/\/eldigitaldeasturias.com\/magazine365\/wp-content\/uploads\/2014\/06\/6327272w.jpg\" \/>\n\t\t<meta property=\"og:image:secure_url\" content=\"https:\/\/eldigitaldeasturias.com\/magazine365\/wp-content\/uploads\/2014\/06\/6327272w.jpg\" \/>\n\t\t<meta property=\"og:image:width\" content=\"800\" \/>\n\t\t<meta property=\"og:image:height\" content=\"483\" \/>\n\t\t<meta property=\"article:published_time\" content=\"2014-06-03T02:10:13+00:00\" \/>\n\t\t<meta property=\"article:modified_time\" content=\"2014-06-03T02:10:13+00:00\" \/>\n\t\t<meta name=\"twitter:card\" content=\"summary_large_image\" \/>\n\t\t<meta name=\"twitter:title\" content=\"Merkel, comod\u00edn de la llamada en \u00ab\u00bfQui\u00e9n quiere ser millonario?\u00bb | El Digital de Asturias\" \/>\n\t\t<meta name=\"twitter:description\" content=\"2 jun (EFE).- La canciller alemana, Angela Merkel, se converti\u00f3 hoy en &quot;comod\u00edn de la llamada&quot; en el programa &quot;\u00bfQui\u00e9n quiere ser millonario?&quot; emitido en la cadena de televisi\u00f3n RTL, en el que concursaba un veterano pol\u00edtico de la Uni\u00f3n Cristianodem\u00f3crata (CDU). El diputado Wolfgang Bosbach, que participaba en una emisi\u00f3n especial con invitados famosos,\" \/>\n\t\t<meta name=\"twitter:image\" content=\"https:\/\/eldigitaldeasturias.com\/magazine365\/wp-content\/uploads\/2014\/06\/6327272w.jpg\" \/>\n\t\t<script type=\"application\/ld+json\" class=\"aioseo-schema\">\n\t\t\t{\"@context\":\"https:\\\/\\\/schema.org\",\"@graph\":[{\"@type\":\"Article\",\"@id\":\"https:\\\/\\\/eldigitaldeasturias.com\\\/magazine365\\\/merkel-comodin-de-la-llamada-en-quien-quiere-ser-millonario\\\/#article\",\"name\":\"Merkel, comod\\u00edn de la llamada en \\u00ab\\u00bfQui\\u00e9n quiere ser millonario?\\u00bb | El Digital de Asturias\",\"headline\":\"Merkel, comod\\u00edn de la llamada en \\u00ab\\u00bfQui\\u00e9n quiere ser millonario?\\u00bb\",\"author\":{\"@id\":\"https:\\\/\\\/eldigitaldeasturias.com\\\/magazine365\\\/author\\\/admin\\\/#author\"},\"publisher\":{\"@id\":\"https:\\\/\\\/eldigitaldeasturias.com\\\/magazine365\\\/#organization\"},\"image\":{\"@type\":\"ImageObject\",\"url\":\"https:\\\/\\\/eldigitaldeasturias.com\\\/magazine365\\\/wp-content\\\/uploads\\\/2014\\\/06\\\/6327272w.jpg\",\"width\":800,\"height\":483},\"datePublished\":\"2014-06-03T00:10:13+02:00\",\"dateModified\":\"2014-06-03T00:10:13+02:00\",\"inLanguage\":\"es-ES\",\"mainEntityOfPage\":{\"@id\":\"https:\\\/\\\/eldigitaldeasturias.com\\\/magazine365\\\/merkel-comodin-de-la-llamada-en-quien-quiere-ser-millonario\\\/#webpage\"},\"isPartOf\":{\"@id\":\"https:\\\/\\\/eldigitaldeasturias.com\\\/magazine365\\\/merkel-comodin-de-la-llamada-en-quien-quiere-ser-millonario\\\/#webpage\"},\"articleSection\":\"Noticias y Actualidad\"},{\"@type\":\"BreadcrumbList\",\"@id\":\"https:\\\/\\\/eldigitaldeasturias.com\\\/magazine365\\\/merkel-comodin-de-la-llamada-en-quien-quiere-ser-millonario\\\/#breadcrumblist\",\"itemListElement\":[{\"@type\":\"ListItem\",\"@id\":\"https:\\\/\\\/eldigitaldeasturias.com\\\/magazine365#listItem\",\"position\":1,\"name\":\"Home\",\"item\":\"https:\\\/\\\/eldigitaldeasturias.com\\\/magazine365\",\"nextItem\":{\"@type\":\"ListItem\",\"@id\":\"https:\\\/\\\/eldigitaldeasturias.com\\\/magazine365\\\/category\\\/noticias-actualidad\\\/#listItem\",\"name\":\"Noticias y Actualidad\"}},{\"@type\":\"ListItem\",\"@id\":\"https:\\\/\\\/eldigitaldeasturias.com\\\/magazine365\\\/category\\\/noticias-actualidad\\\/#listItem\",\"position\":2,\"name\":\"Noticias y Actualidad\",\"item\":\"https:\\\/\\\/eldigitaldeasturias.com\\\/magazine365\\\/category\\\/noticias-actualidad\\\/\",\"nextItem\":{\"@type\":\"ListItem\",\"@id\":\"https:\\\/\\\/eldigitaldeasturias.com\\\/magazine365\\\/merkel-comodin-de-la-llamada-en-quien-quiere-ser-millonario\\\/#listItem\",\"name\":\"Merkel, comod\\u00edn de la llamada en \\u00ab\\u00bfQui\\u00e9n quiere ser millonario?\\u00bb\"},\"previousItem\":{\"@type\":\"ListItem\",\"@id\":\"https:\\\/\\\/eldigitaldeasturias.com\\\/magazine365#listItem\",\"name\":\"Home\"}},{\"@type\":\"ListItem\",\"@id\":\"https:\\\/\\\/eldigitaldeasturias.com\\\/magazine365\\\/merkel-comodin-de-la-llamada-en-quien-quiere-ser-millonario\\\/#listItem\",\"position\":3,\"name\":\"Merkel, comod\\u00edn de la llamada en \\u00ab\\u00bfQui\\u00e9n quiere ser millonario?\\u00bb\",\"previousItem\":{\"@type\":\"ListItem\",\"@id\":\"https:\\\/\\\/eldigitaldeasturias.com\\\/magazine365\\\/category\\\/noticias-actualidad\\\/#listItem\",\"name\":\"Noticias y Actualidad\"}}]},{\"@type\":\"Organization\",\"@id\":\"https:\\\/\\\/eldigitaldeasturias.com\\\/magazine365\\\/#organization\",\"name\":\"El digital de Asturias\",\"description\":\"Revista de ocio, turismo y estilo de vida\",\"url\":\"https:\\\/\\\/eldigitaldeasturias.com\\\/magazine365\\\/\",\"logo\":{\"@type\":\"ImageObject\",\"url\":\"https:\\\/\\\/www.eldigitaldeasturias.com\\\/noticias\\\/wp-content\\\/uploads\\\/2020\\\/12\\\/EDA.jpg\",\"@id\":\"https:\\\/\\\/eldigitaldeasturias.com\\\/magazine365\\\/merkel-comodin-de-la-llamada-en-quien-quiere-ser-millonario\\\/#organizationLogo\"},\"image\":{\"@id\":\"https:\\\/\\\/eldigitaldeasturias.com\\\/magazine365\\\/merkel-comodin-de-la-llamada-en-quien-quiere-ser-millonario\\\/#organizationLogo\"}},{\"@type\":\"Person\",\"@id\":\"https:\\\/\\\/eldigitaldeasturias.com\\\/magazine365\\\/author\\\/admin\\\/#author\",\"url\":\"https:\\\/\\\/eldigitaldeasturias.com\\\/magazine365\\\/author\\\/admin\\\/\",\"name\":\"admin\",\"image\":{\"@type\":\"ImageObject\",\"@id\":\"https:\\\/\\\/eldigitaldeasturias.com\\\/magazine365\\\/merkel-comodin-de-la-llamada-en-quien-quiere-ser-millonario\\\/#authorImage\",\"url\":\"https:\\\/\\\/eldigitaldeasturias.com\\\/magazine365\\\/wp-content\\\/litespeed\\\/avatar\\\/e571bcf59a0edd6fa6838245a470f2fe.jpg?ver=1777574230\",\"width\":96,\"height\":96,\"caption\":\"admin\"}},{\"@type\":\"WebPage\",\"@id\":\"https:\\\/\\\/eldigitaldeasturias.com\\\/magazine365\\\/merkel-comodin-de-la-llamada-en-quien-quiere-ser-millonario\\\/#webpage\",\"url\":\"https:\\\/\\\/eldigitaldeasturias.com\\\/magazine365\\\/merkel-comodin-de-la-llamada-en-quien-quiere-ser-millonario\\\/\",\"name\":\"Merkel, comod\\u00edn de la llamada en \\u00ab\\u00bfQui\\u00e9n quiere ser millonario?\\u00bb | El Digital de Asturias\",\"description\":\"2 jun (EFE).- La canciller alemana, Angela Merkel, se converti\\u00f3 hoy en \\\"comod\\u00edn de la llamada\\\" en el programa \\\"\\u00bfQui\\u00e9n quiere ser millonario?\\\" emitido en la cadena de televisi\\u00f3n RTL, en el que concursaba un veterano pol\\u00edtico de la Uni\\u00f3n Cristianodem\\u00f3crata (CDU). El diputado Wolfgang Bosbach, que participaba en una emisi\\u00f3n especial con invitados famosos,\",\"inLanguage\":\"es-ES\",\"isPartOf\":{\"@id\":\"https:\\\/\\\/eldigitaldeasturias.com\\\/magazine365\\\/#website\"},\"breadcrumb\":{\"@id\":\"https:\\\/\\\/eldigitaldeasturias.com\\\/magazine365\\\/merkel-comodin-de-la-llamada-en-quien-quiere-ser-millonario\\\/#breadcrumblist\"},\"author\":{\"@id\":\"https:\\\/\\\/eldigitaldeasturias.com\\\/magazine365\\\/author\\\/admin\\\/#author\"},\"creator\":{\"@id\":\"https:\\\/\\\/eldigitaldeasturias.com\\\/magazine365\\\/author\\\/admin\\\/#author\"},\"image\":{\"@type\":\"ImageObject\",\"url\":\"https:\\\/\\\/eldigitaldeasturias.com\\\/magazine365\\\/wp-content\\\/uploads\\\/2014\\\/06\\\/6327272w.jpg\",\"@id\":\"https:\\\/\\\/eldigitaldeasturias.com\\\/magazine365\\\/merkel-comodin-de-la-llamada-en-quien-quiere-ser-millonario\\\/#mainImage\",\"width\":800,\"height\":483},\"primaryImageOfPage\":{\"@id\":\"https:\\\/\\\/eldigitaldeasturias.com\\\/magazine365\\\/merkel-comodin-de-la-llamada-en-quien-quiere-ser-millonario\\\/#mainImage\"},\"datePublished\":\"2014-06-03T00:10:13+02:00\",\"dateModified\":\"2014-06-03T00:10:13+02:00\"},{\"@type\":\"WebSite\",\"@id\":\"https:\\\/\\\/eldigitaldeasturias.com\\\/magazine365\\\/#website\",\"url\":\"https:\\\/\\\/eldigitaldeasturias.com\\\/magazine365\\\/\",\"name\":\"El Digital de Asturias\",\"description\":\"Revista de ocio, turismo y estilo de vida\",\"inLanguage\":\"es-ES\",\"publisher\":{\"@id\":\"https:\\\/\\\/eldigitaldeasturias.com\\\/magazine365\\\/#organization\"}}]}\n\t\t<\/script>\n\t\t<!-- All in One SEO Pro -->\r\n\t\t<title>Merkel, comod\u00edn de la llamada en \u00ab\u00bfQui\u00e9n quiere ser millonario?\u00bb | El Digital de Asturias<\/title>\n\n","aioseo_head_json":{"title":"Merkel, comod\u00edn de la llamada en \u00ab\u00bfQui\u00e9n quiere ser millonario?\u00bb | El Digital de Asturias","description":"2 jun (EFE).- La canciller alemana, Angela Merkel, se converti\u00f3 hoy en \"comod\u00edn de la llamada\" en el programa \"\u00bfQui\u00e9n quiere ser millonario?\" emitido en la cadena de televisi\u00f3n RTL, en el que concursaba un veterano pol\u00edtico de la Uni\u00f3n Cristianodem\u00f3crata (CDU). El diputado Wolfgang Bosbach, que participaba en una emisi\u00f3n especial con invitados famosos,","canonical_url":"https:\/\/eldigitaldeasturias.com\/magazine365\/merkel-comodin-de-la-llamada-en-quien-quiere-ser-millonario\/","robots":"max-image-preview:large","keywords":"noticias y actualidad","webmasterTools":{"google-site-verification":"UA-38556648-1","miscellaneous":""},"schema":{"@context":"https:\/\/schema.org","@graph":[{"@type":"Article","@id":"https:\/\/eldigitaldeasturias.com\/magazine365\/merkel-comodin-de-la-llamada-en-quien-quiere-ser-millonario\/#article","name":"Merkel, comod\u00edn de la llamada en \u00ab\u00bfQui\u00e9n quiere ser millonario?\u00bb | El Digital de Asturias","headline":"Merkel, comod\u00edn de la llamada en \u00ab\u00bfQui\u00e9n quiere ser millonario?\u00bb","author":{"@id":"https:\/\/eldigitaldeasturias.com\/magazine365\/author\/admin\/#author"},"publisher":{"@id":"https:\/\/eldigitaldeasturias.com\/magazine365\/#organization"},"image":{"@type":"ImageObject","url":"https:\/\/eldigitaldeasturias.com\/magazine365\/wp-content\/uploads\/2014\/06\/6327272w.jpg","width":800,"height":483},"datePublished":"2014-06-03T00:10:13+02:00","dateModified":"2014-06-03T00:10:13+02:00","inLanguage":"es-ES","mainEntityOfPage":{"@id":"https:\/\/eldigitaldeasturias.com\/magazine365\/merkel-comodin-de-la-llamada-en-quien-quiere-ser-millonario\/#webpage"},"isPartOf":{"@id":"https:\/\/eldigitaldeasturias.com\/magazine365\/merkel-comodin-de-la-llamada-en-quien-quiere-ser-millonario\/#webpage"},"articleSection":"Noticias y Actualidad"},{"@type":"BreadcrumbList","@id":"https:\/\/eldigitaldeasturias.com\/magazine365\/merkel-comodin-de-la-llamada-en-quien-quiere-ser-millonario\/#breadcrumblist","itemListElement":[{"@type":"ListItem","@id":"https:\/\/eldigitaldeasturias.com\/magazine365#listItem","position":1,"name":"Home","item":"https:\/\/eldigitaldeasturias.com\/magazine365","nextItem":{"@type":"ListItem","@id":"https:\/\/eldigitaldeasturias.com\/magazine365\/category\/noticias-actualidad\/#listItem","name":"Noticias y Actualidad"}},{"@type":"ListItem","@id":"https:\/\/eldigitaldeasturias.com\/magazine365\/category\/noticias-actualidad\/#listItem","position":2,"name":"Noticias y Actualidad","item":"https:\/\/eldigitaldeasturias.com\/magazine365\/category\/noticias-actualidad\/","nextItem":{"@type":"ListItem","@id":"https:\/\/eldigitaldeasturias.com\/magazine365\/merkel-comodin-de-la-llamada-en-quien-quiere-ser-millonario\/#listItem","name":"Merkel, comod\u00edn de la llamada en \u00ab\u00bfQui\u00e9n quiere ser millonario?\u00bb"},"previousItem":{"@type":"ListItem","@id":"https:\/\/eldigitaldeasturias.com\/magazine365#listItem","name":"Home"}},{"@type":"ListItem","@id":"https:\/\/eldigitaldeasturias.com\/magazine365\/merkel-comodin-de-la-llamada-en-quien-quiere-ser-millonario\/#listItem","position":3,"name":"Merkel, comod\u00edn de la llamada en \u00ab\u00bfQui\u00e9n quiere ser millonario?\u00bb","previousItem":{"@type":"ListItem","@id":"https:\/\/eldigitaldeasturias.com\/magazine365\/category\/noticias-actualidad\/#listItem","name":"Noticias y Actualidad"}}]},{"@type":"Organization","@id":"https:\/\/eldigitaldeasturias.com\/magazine365\/#organization","name":"El digital de Asturias","description":"Revista de ocio, turismo y estilo de vida","url":"https:\/\/eldigitaldeasturias.com\/magazine365\/","logo":{"@type":"ImageObject","url":"https:\/\/www.eldigitaldeasturias.com\/noticias\/wp-content\/uploads\/2020\/12\/EDA.jpg","@id":"https:\/\/eldigitaldeasturias.com\/magazine365\/merkel-comodin-de-la-llamada-en-quien-quiere-ser-millonario\/#organizationLogo"},"image":{"@id":"https:\/\/eldigitaldeasturias.com\/magazine365\/merkel-comodin-de-la-llamada-en-quien-quiere-ser-millonario\/#organizationLogo"}},{"@type":"Person","@id":"https:\/\/eldigitaldeasturias.com\/magazine365\/author\/admin\/#author","url":"https:\/\/eldigitaldeasturias.com\/magazine365\/author\/admin\/","name":"admin","image":{"@type":"ImageObject","@id":"https:\/\/eldigitaldeasturias.com\/magazine365\/merkel-comodin-de-la-llamada-en-quien-quiere-ser-millonario\/#authorImage","url":"https:\/\/eldigitaldeasturias.com\/magazine365\/wp-content\/litespeed\/avatar\/e571bcf59a0edd6fa6838245a470f2fe.jpg?ver=1777574230","width":96,"height":96,"caption":"admin"}},{"@type":"WebPage","@id":"https:\/\/eldigitaldeasturias.com\/magazine365\/merkel-comodin-de-la-llamada-en-quien-quiere-ser-millonario\/#webpage","url":"https:\/\/eldigitaldeasturias.com\/magazine365\/merkel-comodin-de-la-llamada-en-quien-quiere-ser-millonario\/","name":"Merkel, comod\u00edn de la llamada en \u00ab\u00bfQui\u00e9n quiere ser millonario?\u00bb | El Digital de Asturias","description":"2 jun (EFE).- La canciller alemana, Angela Merkel, se converti\u00f3 hoy en \"comod\u00edn de la llamada\" en el programa \"\u00bfQui\u00e9n quiere ser millonario?\" emitido en la cadena de televisi\u00f3n RTL, en el que concursaba un veterano pol\u00edtico de la Uni\u00f3n Cristianodem\u00f3crata (CDU). El diputado Wolfgang Bosbach, que participaba en una emisi\u00f3n especial con invitados famosos,","inLanguage":"es-ES","isPartOf":{"@id":"https:\/\/eldigitaldeasturias.com\/magazine365\/#website"},"breadcrumb":{"@id":"https:\/\/eldigitaldeasturias.com\/magazine365\/merkel-comodin-de-la-llamada-en-quien-quiere-ser-millonario\/#breadcrumblist"},"author":{"@id":"https:\/\/eldigitaldeasturias.com\/magazine365\/author\/admin\/#author"},"creator":{"@id":"https:\/\/eldigitaldeasturias.com\/magazine365\/author\/admin\/#author"},"image":{"@type":"ImageObject","url":"https:\/\/eldigitaldeasturias.com\/magazine365\/wp-content\/uploads\/2014\/06\/6327272w.jpg","@id":"https:\/\/eldigitaldeasturias.com\/magazine365\/merkel-comodin-de-la-llamada-en-quien-quiere-ser-millonario\/#mainImage","width":800,"height":483},"primaryImageOfPage":{"@id":"https:\/\/eldigitaldeasturias.com\/magazine365\/merkel-comodin-de-la-llamada-en-quien-quiere-ser-millonario\/#mainImage"},"datePublished":"2014-06-03T00:10:13+02:00","dateModified":"2014-06-03T00:10:13+02:00"},{"@type":"WebSite","@id":"https:\/\/eldigitaldeasturias.com\/magazine365\/#website","url":"https:\/\/eldigitaldeasturias.com\/magazine365\/","name":"El Digital de Asturias","description":"Revista de ocio, turismo y estilo de vida","inLanguage":"es-ES","publisher":{"@id":"https:\/\/eldigitaldeasturias.com\/magazine365\/#organization"}}]},"og:locale":"es_ES","og:site_name":"El Digital de Asturias \u2013 Revista de ocio, turismo y estilo de vida","og:type":"article","og:title":"Merkel, comod\u00edn de la llamada en \u00ab\u00bfQui\u00e9n quiere ser millonario?\u00bb | El Digital de Asturias","og:description":"2 jun (EFE).- La canciller alemana, Angela Merkel, se converti\u00f3 hoy en &quot;comod\u00edn de la llamada&quot; en el programa &quot;\u00bfQui\u00e9n quiere ser millonario?&quot; emitido en la cadena de televisi\u00f3n RTL, en el que concursaba un veterano pol\u00edtico de la Uni\u00f3n Cristianodem\u00f3crata (CDU). El diputado Wolfgang Bosbach, que participaba en una emisi\u00f3n especial con invitados famosos,","og:url":"https:\/\/eldigitaldeasturias.com\/magazine365\/merkel-comodin-de-la-llamada-en-quien-quiere-ser-millonario\/","og:image":"https:\/\/eldigitaldeasturias.com\/magazine365\/wp-content\/uploads\/2014\/06\/6327272w.jpg","og:image:secure_url":"https:\/\/eldigitaldeasturias.com\/magazine365\/wp-content\/uploads\/2014\/06\/6327272w.jpg","og:image:width":800,"og:image:height":483,"article:published_time":"2014-06-03T02:10:13+00:00","article:modified_time":"2014-06-03T02:10:13+00:00","twitter:card":"summary_large_image","twitter:title":"Merkel, comod\u00edn de la llamada en \u00ab\u00bfQui\u00e9n quiere ser millonario?\u00bb | El Digital de Asturias","twitter:description":"2 jun (EFE).- La canciller alemana, Angela Merkel, se converti\u00f3 hoy en &quot;comod\u00edn de la llamada&quot; en el programa &quot;\u00bfQui\u00e9n quiere ser millonario?&quot; emitido en la cadena de televisi\u00f3n RTL, en el que concursaba un veterano pol\u00edtico de la Uni\u00f3n Cristianodem\u00f3crata (CDU). El diputado Wolfgang Bosbach, que participaba en una emisi\u00f3n especial con invitados famosos,","twitter:image":"https:\/\/eldigitaldeasturias.com\/magazine365\/wp-content\/uploads\/2014\/06\/6327272w.jpg"},"aioseo_meta_data":{"post_id":"14856","title":null,"description":null,"keywords":null,"keyphrases":null,"primary_term":null,"canonical_url":null,"og_title":null,"og_description":null,"og_object_type":"default","og_image_type":"default","og_image_url":null,"og_image_width":null,"og_image_height":null,"og_image_custom_url":null,"og_image_custom_fields":null,"og_video":null,"og_custom_url":null,"og_article_section":null,"og_article_tags":null,"twitter_use_og":false,"twitter_card":"default","twitter_image_type":"default","twitter_image_url":null,"twitter_image_custom_url":null,"twitter_image_custom_fields":null,"twitter_title":null,"twitter_description":null,"schema":{"blockGraphs":[],"customGraphs":[],"default":{"data":{"Article":[],"Course":[],"Dataset":[],"FAQPage":[],"Movie":[],"Person":[],"Product":[],"ProductReview":[],"Car":[],"Recipe":[],"Service":[],"SoftwareApplication":[],"WebPage":[]},"graphName":"","isEnabled":true},"graphs":[],"defaultGraph":"","defaultPostTypeGraph":""},"schema_type":null,"schema_type_options":null,"pillar_content":false,"robots_default":true,"robots_noindex":false,"robots_noarchive":false,"robots_nosnippet":false,"robots_nofollow":false,"robots_noimageindex":false,"robots_noodp":false,"robots_notranslate":false,"robots_max_snippet":null,"robots_max_videopreview":null,"robots_max_imagepreview":"large","priority":null,"frequency":null,"location":null,"local_seo":null,"seo_analyzer_scan_date":"2025-09-17 10:57:03","breadcrumb_settings":null,"limit_modified_date":false,"open_ai":null,"ai":null,"created":"2021-03-09 08:09:41","updated":"2025-09-17 10:57:03"},"aioseo_breadcrumb":"<div class=\"aioseo-breadcrumbs\"><span class=\"aioseo-breadcrumb\">\n\t<a href=\"https:\/\/eldigitaldeasturias.com\/magazine365\" title=\"Home\">Home<\/a>\n<\/span><span class=\"aioseo-breadcrumb-separator\">\u2013<\/span><span class=\"aioseo-breadcrumb\">\n\t<a href=\"https:\/\/eldigitaldeasturias.com\/magazine365\/category\/noticias-actualidad\/\" title=\"Noticias y Actualidad\">Noticias y Actualidad<\/a>\n<\/span><span class=\"aioseo-breadcrumb-separator\">\u2013<\/span><span class=\"aioseo-breadcrumb\">\n\t<a href=\"https:\/\/eldigitaldeasturias.com\/magazine365\/merkel-comodin-de-la-llamada-en-quien-quiere-ser-millonario\/\" title=\"Merkel, comod\u00edn de la llamada en \u00ab\u00bfQui\u00e9n quiere ser millonario?\u00bb\">Merkel, comod\u00edn de la llamada en \u00ab\u00bfQui\u00e9n quiere ser millonario?\u00bb<\/a>\n<\/span><\/div>","aioseo_breadcrumb_json":[{"label":"Home","link":"https:\/\/eldigitaldeasturias.com\/magazine365"},{"label":"Noticias y Actualidad","link":"https:\/\/eldigitaldeasturias.com\/magazine365\/category\/noticias-actualidad\/"},{"label":"Merkel, comod\u00edn de la llamada en \u00ab\u00bfQui\u00e9n quiere ser millonario?\u00bb","link":"https:\/\/eldigitaldeasturias.com\/magazine365\/merkel-comodin-de-la-llamada-en-quien-quiere-ser-millonario\/"}],"_links":{"self":[{"href":"https:\/\/eldigitaldeasturias.com\/magazine365\/wp-json\/wp\/v2\/posts\/14856","targetHints":{"allow":["GET"]}}],"collection":[{"href":"https:\/\/eldigitaldeasturias.com\/magazine365\/wp-json\/wp\/v2\/posts"}],"about":[{"href":"https:\/\/eldigitaldeasturias.com\/magazine365\/wp-json\/wp\/v2\/types\/post"}],"author":[{"embeddable":true,"href":"https:\/\/eldigitaldeasturias.com\/magazine365\/wp-json\/wp\/v2\/users\/1"}],"replies":[{"embeddable":true,"href":"https:\/\/eldigitaldeasturias.com\/magazine365\/wp-json\/wp\/v2\/comments?post=14856"}],"version-history":[{"count":0,"href":"https:\/\/eldigitaldeasturias.com\/magazine365\/wp-json\/wp\/v2\/posts\/14856\/revisions"}],"wp:featuredmedia":[{"embeddable":true,"href":"https:\/\/eldigitaldeasturias.com\/magazine365\/wp-json\/wp\/v2\/media\/14857"}],"wp:attachment":[{"href":"https:\/\/eldigitaldeasturias.com\/magazine365\/wp-json\/wp\/v2\/media?parent=14856"}],"wp:term":[{"taxonomy":"category","embeddable":true,"href":"https:\/\/eldigitaldeasturias.com\/magazine365\/wp-json\/wp\/v2\/categories?post=14856"},{"taxonomy":"post_tag","embeddable":true,"href":"https:\/\/eldigitaldeasturias.com\/magazine365\/wp-json\/wp\/v2\/tags?post=14856"}],"curies":[{"name":"wp","href":"https:\/\/api.w.org\/{rel}","templated":true}]}}