{"id":14850,"date":"2014-06-03T00:06:57","date_gmt":"2014-06-03T02:06:57","guid":{"rendered":"http:\/\/eldigitaldeasturias.com\/magazine365\/?p=14850"},"modified":"2014-06-03T00:06:57","modified_gmt":"2014-06-03T02:06:57","slug":"crean-un-biomaterial-para-tratar-la-degeneracion-macular","status":"publish","type":"post","link":"https:\/\/eldigitaldeasturias.com\/magazine365\/crean-un-biomaterial-para-tratar-la-degeneracion-macular\/","title":{"rendered":"Crean un biomaterial para tratar la degeneraci\u00f3n macular"},"content":{"rendered":"<p><img fetchpriority=\"high\" decoding=\"async\" class=\"alignleft size-medium wp-image-14851\" alt=\"6326970w\" src=\"https:\/\/eldigitaldeasturias.com\/magazine365\/wp-content\/uploads\/2014\/06\/6326970w-360x277.jpg\" width=\"360\" height=\"277\" \/>Madrid, 2 jun (EFE).- Cient\u00edficos espa\u00f1oles han dise\u00f1ado un bimaterial h\u00edbrido (formado por sustancias org\u00e1nicas e inorg\u00e1nicas) capaz de neutralizar la inflamaci\u00f3n que causa la degeneraci\u00f3n macular, una enfermedad que provoca una progresiva p\u00e9rdida de la visi\u00f3n central y que afecta sobre todo a mayores de 60 a\u00f1os.<\/p>\n<p>La degeneraci\u00f3n macular asociada a la edad (DMAE) es la primera causa de ceguera en la poblaci\u00f3n anciana mundial.<\/p>\n<p>Esta enfermedad afecta a la m\u00e1cula, una parte del ojo situada en el centro de la retina y cuya degradaci\u00f3n no causa ceguera total pero hace que la visi\u00f3n pierda nitidez y se vuelva turbia y borrosa.<\/p>\n<p>Existen dos tipos de degeneraci\u00f3n macular: la \u00abseca\u00bb, que afecta al 90 por ciento de los pacientes y se caracteriza por la formaci\u00f3n de drusas, unos peque\u00f1os dep\u00f3sitos de material extracelular que se acumulan bajo la retina, y la \u00abh\u00fameda\u00bb, la variante m\u00e1s agresiva que provoca el crecimiento anormal de vasos sangu\u00edneos bajo la m\u00e1cula.<\/p>\n<p>El tabaquismo, la obesidad y los antecedentes gen\u00e9ticos son los factores m\u00e1s comunes entre las personas que padecen esta enfermedad.<\/p>\n<p>Y aunque las dietas ricas en antioxidantes durante al menos cinco a\u00f1os pueden reducir el riesgo de desarrollar la DMAE seca hasta en un 25 por ciento, ninguna de las dos variantes tiene cura.<\/p>\n<p>Actualmente, los \u00fanicos tratamientos para la degeneraci\u00f3n macular son la cirug\u00eda l\u00e1ser (para destruir los vasos sangu\u00edneos fr\u00e1giles), las terapias fotodin\u00e1micas, que inyectan una droga que retrasa la p\u00e9rdida de visi\u00f3n, y las inyecciones de medicamentos mensuales, tres opciones \u00abagresivas\u00bb y que \u00abmerman mucho la calidad de vida del paciente\u00bb, explica a los periodistas la investigadora del Instituto de Cer\u00e1mica y Vidrio (ICV) del CSIC, Berta Moreno.<\/p>\n<p>Esta cient\u00edfica forma parte del proyecto BIODMAE \u00abBiomateriales para la modulaci\u00f3n y la inflamaci\u00f3n que causa la degeneraci\u00f3n macular asociada a la edad\u00bb, financiado por la Obra Social \u00abla Caixa\u00bb y por la Fundaci\u00f3n General CSIC.<\/p>\n<p>Este equipo de investigaci\u00f3n, coordinado por la qu\u00edmica del ICV Eva Chinarro, ha dise\u00f1ado un nuevo tipo de material, formado por un tipo de pl\u00e1stico (polimetilmetacrilato) y un material cer\u00e1mico, el \u00f3xido de Titanio, que neutralizan la inflamaci\u00f3n de los vasos sangu\u00edneos del ojo que provocan esta degeneraci\u00f3n.<\/p>\n<p>El nuevo material, que se est\u00e1 ensayando en el ICV est\u00e1 siendo probado tambi\u00e9n en el Instituto de Ingenier\u00eda Biom\u00e9dica (INEB) de Portugal, en un bioreactor que recrea el \u00e1mbito interno del ojo y que permite poner en contacto el \u00f3xido de Titanio con un cultivo de c\u00e9lulas y otros compuestos qu\u00edmicos para probar su eficacia.<\/p>\n<p>Tras casi tres meses de ensayos, la \u00abmembrana\u00bb formada por el polimetilmetacrilato y el \u00f3xido de Titanio est\u00e1 dando unos resultados \u00abesperanzadores\u00bb, ya que \u00abest\u00e1 cumpliendo su funci\u00f3n sin generar ning\u00fan tipo de rechazo\u00bb, asegura Berta Moreno.<\/p>\n<p>Si en los pr\u00f3ximos meses los resultados de las pruebas &#8216;in vitro&#8217; que se realizan en Portugal son positivos, se podr\u00eda pasar a la siguiente fase, la precl\u00ednica, que consistir\u00eda en probar en animales este nuevo material que podr\u00eda implantarse en el fondo del ojo y que supondr\u00eda el fin de los tratamientos actuales que son de larga duraci\u00f3n y cuyos efectos secundarios afectan a los tejidos sanos, advierte la responsable del estudio, Eva Chinarro.<\/p>\n<p>De momento, habr\u00e1 que esperar hasta que finalice el proyecto BIODMAE, a finales de este a\u00f1o, pero \u00abel futuro es muy prometedor\u00bb, subraya la doctora Moreno.<\/p>\n","protected":false},"excerpt":{"rendered":"<p>Madrid, 2 jun (EFE).- Cient\u00edficos espa\u00f1oles han dise\u00f1ado un bimaterial h\u00edbrido (formado por sustancias org\u00e1nicas e inorg\u00e1nicas) capaz de neutralizar la inflamaci\u00f3n que causa la degeneraci\u00f3n macular, una enfermedad que provoca una progresiva p\u00e9rdida de la visi\u00f3n central y que afecta sobre todo a mayores de 60 a\u00f1os. La degeneraci\u00f3n macular asociada a la edad<\/p>\n","protected":false},"author":1,"featured_media":14851,"comment_status":"open","ping_status":"closed","sticky":false,"template":"","format":"standard","meta":{"footnotes":""},"categories":[224],"tags":[],"class_list":{"0":"post-14850","1":"post","2":"type-post","3":"status-publish","4":"format-standard","5":"has-post-thumbnail","7":"category-noticias-actualidad"},"aioseo_notices":[],"aioseo_head":"\n\t\t<!-- All in One SEO Pro 4.9.6.1 - aioseo.com -->\n\t<meta name=\"description\" content=\"Madrid, 2 jun (EFE).- Cient\u00edficos espa\u00f1oles han dise\u00f1ado un bimaterial h\u00edbrido (formado por sustancias org\u00e1nicas e inorg\u00e1nicas) capaz de neutralizar la inflamaci\u00f3n que causa la degeneraci\u00f3n macular, una enfermedad que provoca una progresiva p\u00e9rdida de la visi\u00f3n central y que afecta sobre todo a mayores de 60 a\u00f1os. La degeneraci\u00f3n macular asociada a la edad\" \/>\n\t<meta name=\"robots\" content=\"max-image-preview:large\" \/>\n\t<meta name=\"author\" content=\"admin\"\/>\n\t<meta name=\"google-site-verification\" content=\"UA-38556648-1\" \/>\n\t<meta name=\"keywords\" content=\"noticias y actualidad\" \/>\n\t<link rel=\"canonical\" href=\"https:\/\/eldigitaldeasturias.com\/magazine365\/crean-un-biomaterial-para-tratar-la-degeneracion-macular\/\" \/>\n\t<meta name=\"generator\" content=\"All in One SEO Pro (AIOSEO) 4.9.6.1\" \/>\n\t\t<meta property=\"og:locale\" content=\"es_ES\" \/>\n\t\t<meta property=\"og:site_name\" content=\"El Digital de Asturias \u2013 Revista de ocio, turismo y estilo de vida\" \/>\n\t\t<meta property=\"og:type\" content=\"article\" \/>\n\t\t<meta property=\"og:title\" content=\"Crean un biomaterial para tratar la degeneraci\u00f3n macular | El Digital de Asturias\" \/>\n\t\t<meta property=\"og:description\" content=\"Madrid, 2 jun (EFE).- Cient\u00edficos espa\u00f1oles han dise\u00f1ado un bimaterial h\u00edbrido (formado por sustancias org\u00e1nicas e inorg\u00e1nicas) capaz de neutralizar la inflamaci\u00f3n que causa la degeneraci\u00f3n macular, una enfermedad que provoca una progresiva p\u00e9rdida de la visi\u00f3n central y que afecta sobre todo a mayores de 60 a\u00f1os. La degeneraci\u00f3n macular asociada a la edad\" \/>\n\t\t<meta property=\"og:url\" content=\"https:\/\/eldigitaldeasturias.com\/magazine365\/crean-un-biomaterial-para-tratar-la-degeneracion-macular\/\" \/>\n\t\t<meta property=\"og:image\" content=\"https:\/\/eldigitaldeasturias.com\/magazine365\/wp-content\/uploads\/2014\/06\/6326970w.jpg\" \/>\n\t\t<meta property=\"og:image:secure_url\" content=\"https:\/\/eldigitaldeasturias.com\/magazine365\/wp-content\/uploads\/2014\/06\/6326970w.jpg\" \/>\n\t\t<meta property=\"og:image:width\" content=\"800\" \/>\n\t\t<meta property=\"og:image:height\" content=\"617\" \/>\n\t\t<meta property=\"article:published_time\" content=\"2014-06-03T02:06:57+00:00\" \/>\n\t\t<meta property=\"article:modified_time\" content=\"2014-06-03T02:06:57+00:00\" \/>\n\t\t<meta name=\"twitter:card\" content=\"summary_large_image\" \/>\n\t\t<meta name=\"twitter:title\" content=\"Crean un biomaterial para tratar la degeneraci\u00f3n macular | El Digital de Asturias\" \/>\n\t\t<meta name=\"twitter:description\" content=\"Madrid, 2 jun (EFE).- Cient\u00edficos espa\u00f1oles han dise\u00f1ado un bimaterial h\u00edbrido (formado por sustancias org\u00e1nicas e inorg\u00e1nicas) capaz de neutralizar la inflamaci\u00f3n que causa la degeneraci\u00f3n macular, una enfermedad que provoca una progresiva p\u00e9rdida de la visi\u00f3n central y que afecta sobre todo a mayores de 60 a\u00f1os. La degeneraci\u00f3n macular asociada a la edad\" \/>\n\t\t<meta name=\"twitter:image\" content=\"https:\/\/eldigitaldeasturias.com\/magazine365\/wp-content\/uploads\/2014\/06\/6326970w.jpg\" \/>\n\t\t<script type=\"application\/ld+json\" class=\"aioseo-schema\">\n\t\t\t{\"@context\":\"https:\\\/\\\/schema.org\",\"@graph\":[{\"@type\":\"Article\",\"@id\":\"https:\\\/\\\/eldigitaldeasturias.com\\\/magazine365\\\/crean-un-biomaterial-para-tratar-la-degeneracion-macular\\\/#article\",\"name\":\"Crean un biomaterial para tratar la degeneraci\\u00f3n macular | El Digital de Asturias\",\"headline\":\"Crean un biomaterial para tratar la degeneraci\\u00f3n macular\",\"author\":{\"@id\":\"https:\\\/\\\/eldigitaldeasturias.com\\\/magazine365\\\/author\\\/admin\\\/#author\"},\"publisher\":{\"@id\":\"https:\\\/\\\/eldigitaldeasturias.com\\\/magazine365\\\/#organization\"},\"image\":{\"@type\":\"ImageObject\",\"url\":\"https:\\\/\\\/eldigitaldeasturias.com\\\/magazine365\\\/wp-content\\\/uploads\\\/2014\\\/06\\\/6326970w.jpg\",\"width\":800,\"height\":617},\"datePublished\":\"2014-06-03T00:06:57+02:00\",\"dateModified\":\"2014-06-03T00:06:57+02:00\",\"inLanguage\":\"es-ES\",\"mainEntityOfPage\":{\"@id\":\"https:\\\/\\\/eldigitaldeasturias.com\\\/magazine365\\\/crean-un-biomaterial-para-tratar-la-degeneracion-macular\\\/#webpage\"},\"isPartOf\":{\"@id\":\"https:\\\/\\\/eldigitaldeasturias.com\\\/magazine365\\\/crean-un-biomaterial-para-tratar-la-degeneracion-macular\\\/#webpage\"},\"articleSection\":\"Noticias y Actualidad\"},{\"@type\":\"BreadcrumbList\",\"@id\":\"https:\\\/\\\/eldigitaldeasturias.com\\\/magazine365\\\/crean-un-biomaterial-para-tratar-la-degeneracion-macular\\\/#breadcrumblist\",\"itemListElement\":[{\"@type\":\"ListItem\",\"@id\":\"https:\\\/\\\/eldigitaldeasturias.com\\\/magazine365#listItem\",\"position\":1,\"name\":\"Home\",\"item\":\"https:\\\/\\\/eldigitaldeasturias.com\\\/magazine365\",\"nextItem\":{\"@type\":\"ListItem\",\"@id\":\"https:\\\/\\\/eldigitaldeasturias.com\\\/magazine365\\\/category\\\/noticias-actualidad\\\/#listItem\",\"name\":\"Noticias y Actualidad\"}},{\"@type\":\"ListItem\",\"@id\":\"https:\\\/\\\/eldigitaldeasturias.com\\\/magazine365\\\/category\\\/noticias-actualidad\\\/#listItem\",\"position\":2,\"name\":\"Noticias y Actualidad\",\"item\":\"https:\\\/\\\/eldigitaldeasturias.com\\\/magazine365\\\/category\\\/noticias-actualidad\\\/\",\"nextItem\":{\"@type\":\"ListItem\",\"@id\":\"https:\\\/\\\/eldigitaldeasturias.com\\\/magazine365\\\/crean-un-biomaterial-para-tratar-la-degeneracion-macular\\\/#listItem\",\"name\":\"Crean un biomaterial para tratar la degeneraci\\u00f3n macular\"},\"previousItem\":{\"@type\":\"ListItem\",\"@id\":\"https:\\\/\\\/eldigitaldeasturias.com\\\/magazine365#listItem\",\"name\":\"Home\"}},{\"@type\":\"ListItem\",\"@id\":\"https:\\\/\\\/eldigitaldeasturias.com\\\/magazine365\\\/crean-un-biomaterial-para-tratar-la-degeneracion-macular\\\/#listItem\",\"position\":3,\"name\":\"Crean un biomaterial para tratar la degeneraci\\u00f3n macular\",\"previousItem\":{\"@type\":\"ListItem\",\"@id\":\"https:\\\/\\\/eldigitaldeasturias.com\\\/magazine365\\\/category\\\/noticias-actualidad\\\/#listItem\",\"name\":\"Noticias y Actualidad\"}}]},{\"@type\":\"Organization\",\"@id\":\"https:\\\/\\\/eldigitaldeasturias.com\\\/magazine365\\\/#organization\",\"name\":\"El digital de Asturias\",\"description\":\"Revista de ocio, turismo y estilo de vida\",\"url\":\"https:\\\/\\\/eldigitaldeasturias.com\\\/magazine365\\\/\",\"logo\":{\"@type\":\"ImageObject\",\"url\":\"https:\\\/\\\/www.eldigitaldeasturias.com\\\/noticias\\\/wp-content\\\/uploads\\\/2020\\\/12\\\/EDA.jpg\",\"@id\":\"https:\\\/\\\/eldigitaldeasturias.com\\\/magazine365\\\/crean-un-biomaterial-para-tratar-la-degeneracion-macular\\\/#organizationLogo\"},\"image\":{\"@id\":\"https:\\\/\\\/eldigitaldeasturias.com\\\/magazine365\\\/crean-un-biomaterial-para-tratar-la-degeneracion-macular\\\/#organizationLogo\"}},{\"@type\":\"Person\",\"@id\":\"https:\\\/\\\/eldigitaldeasturias.com\\\/magazine365\\\/author\\\/admin\\\/#author\",\"url\":\"https:\\\/\\\/eldigitaldeasturias.com\\\/magazine365\\\/author\\\/admin\\\/\",\"name\":\"admin\",\"image\":{\"@type\":\"ImageObject\",\"@id\":\"https:\\\/\\\/eldigitaldeasturias.com\\\/magazine365\\\/crean-un-biomaterial-para-tratar-la-degeneracion-macular\\\/#authorImage\",\"url\":\"https:\\\/\\\/eldigitaldeasturias.com\\\/magazine365\\\/wp-content\\\/litespeed\\\/avatar\\\/e571bcf59a0edd6fa6838245a470f2fe.jpg?ver=1777574230\",\"width\":96,\"height\":96,\"caption\":\"admin\"}},{\"@type\":\"WebPage\",\"@id\":\"https:\\\/\\\/eldigitaldeasturias.com\\\/magazine365\\\/crean-un-biomaterial-para-tratar-la-degeneracion-macular\\\/#webpage\",\"url\":\"https:\\\/\\\/eldigitaldeasturias.com\\\/magazine365\\\/crean-un-biomaterial-para-tratar-la-degeneracion-macular\\\/\",\"name\":\"Crean un biomaterial para tratar la degeneraci\\u00f3n macular | El Digital de Asturias\",\"description\":\"Madrid, 2 jun (EFE).- Cient\\u00edficos espa\\u00f1oles han dise\\u00f1ado un bimaterial h\\u00edbrido (formado por sustancias org\\u00e1nicas e inorg\\u00e1nicas) capaz de neutralizar la inflamaci\\u00f3n que causa la degeneraci\\u00f3n macular, una enfermedad que provoca una progresiva p\\u00e9rdida de la visi\\u00f3n central y que afecta sobre todo a mayores de 60 a\\u00f1os. La degeneraci\\u00f3n macular asociada a la edad\",\"inLanguage\":\"es-ES\",\"isPartOf\":{\"@id\":\"https:\\\/\\\/eldigitaldeasturias.com\\\/magazine365\\\/#website\"},\"breadcrumb\":{\"@id\":\"https:\\\/\\\/eldigitaldeasturias.com\\\/magazine365\\\/crean-un-biomaterial-para-tratar-la-degeneracion-macular\\\/#breadcrumblist\"},\"author\":{\"@id\":\"https:\\\/\\\/eldigitaldeasturias.com\\\/magazine365\\\/author\\\/admin\\\/#author\"},\"creator\":{\"@id\":\"https:\\\/\\\/eldigitaldeasturias.com\\\/magazine365\\\/author\\\/admin\\\/#author\"},\"image\":{\"@type\":\"ImageObject\",\"url\":\"https:\\\/\\\/eldigitaldeasturias.com\\\/magazine365\\\/wp-content\\\/uploads\\\/2014\\\/06\\\/6326970w.jpg\",\"@id\":\"https:\\\/\\\/eldigitaldeasturias.com\\\/magazine365\\\/crean-un-biomaterial-para-tratar-la-degeneracion-macular\\\/#mainImage\",\"width\":800,\"height\":617},\"primaryImageOfPage\":{\"@id\":\"https:\\\/\\\/eldigitaldeasturias.com\\\/magazine365\\\/crean-un-biomaterial-para-tratar-la-degeneracion-macular\\\/#mainImage\"},\"datePublished\":\"2014-06-03T00:06:57+02:00\",\"dateModified\":\"2014-06-03T00:06:57+02:00\"},{\"@type\":\"WebSite\",\"@id\":\"https:\\\/\\\/eldigitaldeasturias.com\\\/magazine365\\\/#website\",\"url\":\"https:\\\/\\\/eldigitaldeasturias.com\\\/magazine365\\\/\",\"name\":\"El Digital de Asturias\",\"description\":\"Revista de ocio, turismo y estilo de vida\",\"inLanguage\":\"es-ES\",\"publisher\":{\"@id\":\"https:\\\/\\\/eldigitaldeasturias.com\\\/magazine365\\\/#organization\"}}]}\n\t\t<\/script>\n\t\t<!-- All in One SEO Pro -->\r\n\t\t<title>Crean un biomaterial para tratar la degeneraci\u00f3n macular | El Digital de Asturias<\/title>\n\n","aioseo_head_json":{"title":"Crean un biomaterial para tratar la degeneraci\u00f3n macular | El Digital de Asturias","description":"Madrid, 2 jun (EFE).- Cient\u00edficos espa\u00f1oles han dise\u00f1ado un bimaterial h\u00edbrido (formado por sustancias org\u00e1nicas e inorg\u00e1nicas) capaz de neutralizar la inflamaci\u00f3n que causa la degeneraci\u00f3n macular, una enfermedad que provoca una progresiva p\u00e9rdida de la visi\u00f3n central y que afecta sobre todo a mayores de 60 a\u00f1os. La degeneraci\u00f3n macular asociada a la edad","canonical_url":"https:\/\/eldigitaldeasturias.com\/magazine365\/crean-un-biomaterial-para-tratar-la-degeneracion-macular\/","robots":"max-image-preview:large","keywords":"noticias y actualidad","webmasterTools":{"google-site-verification":"UA-38556648-1","miscellaneous":""},"schema":{"@context":"https:\/\/schema.org","@graph":[{"@type":"Article","@id":"https:\/\/eldigitaldeasturias.com\/magazine365\/crean-un-biomaterial-para-tratar-la-degeneracion-macular\/#article","name":"Crean un biomaterial para tratar la degeneraci\u00f3n macular | El Digital de Asturias","headline":"Crean un biomaterial para tratar la degeneraci\u00f3n macular","author":{"@id":"https:\/\/eldigitaldeasturias.com\/magazine365\/author\/admin\/#author"},"publisher":{"@id":"https:\/\/eldigitaldeasturias.com\/magazine365\/#organization"},"image":{"@type":"ImageObject","url":"https:\/\/eldigitaldeasturias.com\/magazine365\/wp-content\/uploads\/2014\/06\/6326970w.jpg","width":800,"height":617},"datePublished":"2014-06-03T00:06:57+02:00","dateModified":"2014-06-03T00:06:57+02:00","inLanguage":"es-ES","mainEntityOfPage":{"@id":"https:\/\/eldigitaldeasturias.com\/magazine365\/crean-un-biomaterial-para-tratar-la-degeneracion-macular\/#webpage"},"isPartOf":{"@id":"https:\/\/eldigitaldeasturias.com\/magazine365\/crean-un-biomaterial-para-tratar-la-degeneracion-macular\/#webpage"},"articleSection":"Noticias y Actualidad"},{"@type":"BreadcrumbList","@id":"https:\/\/eldigitaldeasturias.com\/magazine365\/crean-un-biomaterial-para-tratar-la-degeneracion-macular\/#breadcrumblist","itemListElement":[{"@type":"ListItem","@id":"https:\/\/eldigitaldeasturias.com\/magazine365#listItem","position":1,"name":"Home","item":"https:\/\/eldigitaldeasturias.com\/magazine365","nextItem":{"@type":"ListItem","@id":"https:\/\/eldigitaldeasturias.com\/magazine365\/category\/noticias-actualidad\/#listItem","name":"Noticias y Actualidad"}},{"@type":"ListItem","@id":"https:\/\/eldigitaldeasturias.com\/magazine365\/category\/noticias-actualidad\/#listItem","position":2,"name":"Noticias y Actualidad","item":"https:\/\/eldigitaldeasturias.com\/magazine365\/category\/noticias-actualidad\/","nextItem":{"@type":"ListItem","@id":"https:\/\/eldigitaldeasturias.com\/magazine365\/crean-un-biomaterial-para-tratar-la-degeneracion-macular\/#listItem","name":"Crean un biomaterial para tratar la degeneraci\u00f3n macular"},"previousItem":{"@type":"ListItem","@id":"https:\/\/eldigitaldeasturias.com\/magazine365#listItem","name":"Home"}},{"@type":"ListItem","@id":"https:\/\/eldigitaldeasturias.com\/magazine365\/crean-un-biomaterial-para-tratar-la-degeneracion-macular\/#listItem","position":3,"name":"Crean un biomaterial para tratar la degeneraci\u00f3n macular","previousItem":{"@type":"ListItem","@id":"https:\/\/eldigitaldeasturias.com\/magazine365\/category\/noticias-actualidad\/#listItem","name":"Noticias y Actualidad"}}]},{"@type":"Organization","@id":"https:\/\/eldigitaldeasturias.com\/magazine365\/#organization","name":"El digital de Asturias","description":"Revista de ocio, turismo y estilo de vida","url":"https:\/\/eldigitaldeasturias.com\/magazine365\/","logo":{"@type":"ImageObject","url":"https:\/\/www.eldigitaldeasturias.com\/noticias\/wp-content\/uploads\/2020\/12\/EDA.jpg","@id":"https:\/\/eldigitaldeasturias.com\/magazine365\/crean-un-biomaterial-para-tratar-la-degeneracion-macular\/#organizationLogo"},"image":{"@id":"https:\/\/eldigitaldeasturias.com\/magazine365\/crean-un-biomaterial-para-tratar-la-degeneracion-macular\/#organizationLogo"}},{"@type":"Person","@id":"https:\/\/eldigitaldeasturias.com\/magazine365\/author\/admin\/#author","url":"https:\/\/eldigitaldeasturias.com\/magazine365\/author\/admin\/","name":"admin","image":{"@type":"ImageObject","@id":"https:\/\/eldigitaldeasturias.com\/magazine365\/crean-un-biomaterial-para-tratar-la-degeneracion-macular\/#authorImage","url":"https:\/\/eldigitaldeasturias.com\/magazine365\/wp-content\/litespeed\/avatar\/e571bcf59a0edd6fa6838245a470f2fe.jpg?ver=1777574230","width":96,"height":96,"caption":"admin"}},{"@type":"WebPage","@id":"https:\/\/eldigitaldeasturias.com\/magazine365\/crean-un-biomaterial-para-tratar-la-degeneracion-macular\/#webpage","url":"https:\/\/eldigitaldeasturias.com\/magazine365\/crean-un-biomaterial-para-tratar-la-degeneracion-macular\/","name":"Crean un biomaterial para tratar la degeneraci\u00f3n macular | El Digital de Asturias","description":"Madrid, 2 jun (EFE).- Cient\u00edficos espa\u00f1oles han dise\u00f1ado un bimaterial h\u00edbrido (formado por sustancias org\u00e1nicas e inorg\u00e1nicas) capaz de neutralizar la inflamaci\u00f3n que causa la degeneraci\u00f3n macular, una enfermedad que provoca una progresiva p\u00e9rdida de la visi\u00f3n central y que afecta sobre todo a mayores de 60 a\u00f1os. La degeneraci\u00f3n macular asociada a la edad","inLanguage":"es-ES","isPartOf":{"@id":"https:\/\/eldigitaldeasturias.com\/magazine365\/#website"},"breadcrumb":{"@id":"https:\/\/eldigitaldeasturias.com\/magazine365\/crean-un-biomaterial-para-tratar-la-degeneracion-macular\/#breadcrumblist"},"author":{"@id":"https:\/\/eldigitaldeasturias.com\/magazine365\/author\/admin\/#author"},"creator":{"@id":"https:\/\/eldigitaldeasturias.com\/magazine365\/author\/admin\/#author"},"image":{"@type":"ImageObject","url":"https:\/\/eldigitaldeasturias.com\/magazine365\/wp-content\/uploads\/2014\/06\/6326970w.jpg","@id":"https:\/\/eldigitaldeasturias.com\/magazine365\/crean-un-biomaterial-para-tratar-la-degeneracion-macular\/#mainImage","width":800,"height":617},"primaryImageOfPage":{"@id":"https:\/\/eldigitaldeasturias.com\/magazine365\/crean-un-biomaterial-para-tratar-la-degeneracion-macular\/#mainImage"},"datePublished":"2014-06-03T00:06:57+02:00","dateModified":"2014-06-03T00:06:57+02:00"},{"@type":"WebSite","@id":"https:\/\/eldigitaldeasturias.com\/magazine365\/#website","url":"https:\/\/eldigitaldeasturias.com\/magazine365\/","name":"El Digital de Asturias","description":"Revista de ocio, turismo y estilo de vida","inLanguage":"es-ES","publisher":{"@id":"https:\/\/eldigitaldeasturias.com\/magazine365\/#organization"}}]},"og:locale":"es_ES","og:site_name":"El Digital de Asturias \u2013 Revista de ocio, turismo y estilo de vida","og:type":"article","og:title":"Crean un biomaterial para tratar la degeneraci\u00f3n macular | El Digital de Asturias","og:description":"Madrid, 2 jun (EFE).- Cient\u00edficos espa\u00f1oles han dise\u00f1ado un bimaterial h\u00edbrido (formado por sustancias org\u00e1nicas e inorg\u00e1nicas) capaz de neutralizar la inflamaci\u00f3n que causa la degeneraci\u00f3n macular, una enfermedad que provoca una progresiva p\u00e9rdida de la visi\u00f3n central y que afecta sobre todo a mayores de 60 a\u00f1os. La degeneraci\u00f3n macular asociada a la edad","og:url":"https:\/\/eldigitaldeasturias.com\/magazine365\/crean-un-biomaterial-para-tratar-la-degeneracion-macular\/","og:image":"https:\/\/eldigitaldeasturias.com\/magazine365\/wp-content\/uploads\/2014\/06\/6326970w.jpg","og:image:secure_url":"https:\/\/eldigitaldeasturias.com\/magazine365\/wp-content\/uploads\/2014\/06\/6326970w.jpg","og:image:width":800,"og:image:height":617,"article:published_time":"2014-06-03T02:06:57+00:00","article:modified_time":"2014-06-03T02:06:57+00:00","twitter:card":"summary_large_image","twitter:title":"Crean un biomaterial para tratar la degeneraci\u00f3n macular | El Digital de Asturias","twitter:description":"Madrid, 2 jun (EFE).- Cient\u00edficos espa\u00f1oles han dise\u00f1ado un bimaterial h\u00edbrido (formado por sustancias org\u00e1nicas e inorg\u00e1nicas) capaz de neutralizar la inflamaci\u00f3n que causa la degeneraci\u00f3n macular, una enfermedad que provoca una progresiva p\u00e9rdida de la visi\u00f3n central y que afecta sobre todo a mayores de 60 a\u00f1os. La degeneraci\u00f3n macular asociada a la edad","twitter:image":"https:\/\/eldigitaldeasturias.com\/magazine365\/wp-content\/uploads\/2014\/06\/6326970w.jpg"},"aioseo_meta_data":{"post_id":"14850","title":null,"description":null,"keywords":null,"keyphrases":null,"primary_term":null,"canonical_url":null,"og_title":null,"og_description":null,"og_object_type":"default","og_image_type":"default","og_image_url":null,"og_image_width":null,"og_image_height":null,"og_image_custom_url":null,"og_image_custom_fields":null,"og_video":null,"og_custom_url":null,"og_article_section":null,"og_article_tags":null,"twitter_use_og":false,"twitter_card":"default","twitter_image_type":"default","twitter_image_url":null,"twitter_image_custom_url":null,"twitter_image_custom_fields":null,"twitter_title":null,"twitter_description":null,"schema":{"blockGraphs":[],"customGraphs":[],"default":{"data":{"Article":[],"Course":[],"Dataset":[],"FAQPage":[],"Movie":[],"Person":[],"Product":[],"ProductReview":[],"Car":[],"Recipe":[],"Service":[],"SoftwareApplication":[],"WebPage":[]},"graphName":"","isEnabled":true},"graphs":[],"defaultGraph":"","defaultPostTypeGraph":""},"schema_type":null,"schema_type_options":null,"pillar_content":false,"robots_default":true,"robots_noindex":false,"robots_noarchive":false,"robots_nosnippet":false,"robots_nofollow":false,"robots_noimageindex":false,"robots_noodp":false,"robots_notranslate":false,"robots_max_snippet":null,"robots_max_videopreview":null,"robots_max_imagepreview":"large","priority":null,"frequency":null,"location":null,"local_seo":null,"seo_analyzer_scan_date":"2025-09-17 10:55:02","breadcrumb_settings":null,"limit_modified_date":false,"open_ai":null,"ai":null,"created":"2021-03-09 08:09:41","updated":"2025-09-17 10:55:02"},"aioseo_breadcrumb":"<div class=\"aioseo-breadcrumbs\"><span class=\"aioseo-breadcrumb\">\n\t<a href=\"https:\/\/eldigitaldeasturias.com\/magazine365\" title=\"Home\">Home<\/a>\n<\/span><span class=\"aioseo-breadcrumb-separator\">\u2013<\/span><span class=\"aioseo-breadcrumb\">\n\t<a href=\"https:\/\/eldigitaldeasturias.com\/magazine365\/category\/noticias-actualidad\/\" title=\"Noticias y Actualidad\">Noticias y Actualidad<\/a>\n<\/span><span class=\"aioseo-breadcrumb-separator\">\u2013<\/span><span class=\"aioseo-breadcrumb\">\n\t<a href=\"https:\/\/eldigitaldeasturias.com\/magazine365\/crean-un-biomaterial-para-tratar-la-degeneracion-macular\/\" title=\"Crean un biomaterial para tratar la degeneraci\u00f3n macular\">Crean un biomaterial para tratar la degeneraci\u00f3n macular<\/a>\n<\/span><\/div>","aioseo_breadcrumb_json":[{"label":"Home","link":"https:\/\/eldigitaldeasturias.com\/magazine365"},{"label":"Noticias y Actualidad","link":"https:\/\/eldigitaldeasturias.com\/magazine365\/category\/noticias-actualidad\/"},{"label":"Crean un biomaterial para tratar la degeneraci\u00f3n macular","link":"https:\/\/eldigitaldeasturias.com\/magazine365\/crean-un-biomaterial-para-tratar-la-degeneracion-macular\/"}],"_links":{"self":[{"href":"https:\/\/eldigitaldeasturias.com\/magazine365\/wp-json\/wp\/v2\/posts\/14850","targetHints":{"allow":["GET"]}}],"collection":[{"href":"https:\/\/eldigitaldeasturias.com\/magazine365\/wp-json\/wp\/v2\/posts"}],"about":[{"href":"https:\/\/eldigitaldeasturias.com\/magazine365\/wp-json\/wp\/v2\/types\/post"}],"author":[{"embeddable":true,"href":"https:\/\/eldigitaldeasturias.com\/magazine365\/wp-json\/wp\/v2\/users\/1"}],"replies":[{"embeddable":true,"href":"https:\/\/eldigitaldeasturias.com\/magazine365\/wp-json\/wp\/v2\/comments?post=14850"}],"version-history":[{"count":0,"href":"https:\/\/eldigitaldeasturias.com\/magazine365\/wp-json\/wp\/v2\/posts\/14850\/revisions"}],"wp:featuredmedia":[{"embeddable":true,"href":"https:\/\/eldigitaldeasturias.com\/magazine365\/wp-json\/wp\/v2\/media\/14851"}],"wp:attachment":[{"href":"https:\/\/eldigitaldeasturias.com\/magazine365\/wp-json\/wp\/v2\/media?parent=14850"}],"wp:term":[{"taxonomy":"category","embeddable":true,"href":"https:\/\/eldigitaldeasturias.com\/magazine365\/wp-json\/wp\/v2\/categories?post=14850"},{"taxonomy":"post_tag","embeddable":true,"href":"https:\/\/eldigitaldeasturias.com\/magazine365\/wp-json\/wp\/v2\/tags?post=14850"}],"curies":[{"name":"wp","href":"https:\/\/api.w.org\/{rel}","templated":true}]}}