{"id":14847,"date":"2014-06-03T00:05:27","date_gmt":"2014-06-03T02:05:27","guid":{"rendered":"http:\/\/eldigitaldeasturias.com\/magazine365\/?p=14847"},"modified":"2014-06-03T00:05:27","modified_gmt":"2014-06-03T02:05:27","slug":"la-casa-real-repasa-en-twitter-el-reinado-de-juan-carlos-i","status":"publish","type":"post","link":"https:\/\/eldigitaldeasturias.com\/magazine365\/la-casa-real-repasa-en-twitter-el-reinado-de-juan-carlos-i\/","title":{"rendered":"La Casa Real repasa en Twitter el reinado de Juan Carlos I"},"content":{"rendered":"<p><img fetchpriority=\"high\" decoding=\"async\" class=\"alignleft size-medium wp-image-14848\" alt=\"6326200w\" src=\"https:\/\/eldigitaldeasturias.com\/magazine365\/wp-content\/uploads\/2014\/06\/6326200w-360x228.jpg\" width=\"360\" height=\"228\" srcset=\"https:\/\/eldigitaldeasturias.com\/magazine365\/wp-content\/uploads\/2014\/06\/6326200w-360x228.jpg 360w, https:\/\/eldigitaldeasturias.com\/magazine365\/wp-content\/uploads\/2014\/06\/6326200w-650x412.jpg 650w, https:\/\/eldigitaldeasturias.com\/magazine365\/wp-content\/uploads\/2014\/06\/6326200w-768x487.jpg 768w, https:\/\/eldigitaldeasturias.com\/magazine365\/wp-content\/uploads\/2014\/06\/6326200w-150x95.jpg 150w, https:\/\/eldigitaldeasturias.com\/magazine365\/wp-content\/uploads\/2014\/06\/6326200w-450x285.jpg 450w, https:\/\/eldigitaldeasturias.com\/magazine365\/wp-content\/uploads\/2014\/06\/6326200w-696x441.jpg 696w, https:\/\/eldigitaldeasturias.com\/magazine365\/wp-content\/uploads\/2014\/06\/6326200w-663x420.jpg 663w, https:\/\/eldigitaldeasturias.com\/magazine365\/wp-content\/uploads\/2014\/06\/6326200w-269x170.jpg 269w, https:\/\/eldigitaldeasturias.com\/magazine365\/wp-content\/uploads\/2014\/06\/6326200w.jpg 800w\" sizes=\"(max-width: 360px) 100vw, 360px\" \/>Madrid, 2 jun (EFE).- La cuenta de la Casa del Rey en la red social Twitter est\u00e1 haciendo un recorrido por el reinado de Juan Carlos I, con im\u00e1genes que ilustran, cronol\u00f3gicamente, momentos fundamentales de estos 39 a\u00f1os.<\/p>\n<p>Poco despu\u00e9s de anunciar el presidente del Gobierno, Mariano Rajoy, la abdicaci\u00f3n del Rey, la cuenta @CasaReal ha publicado un tuit con el mensaje \u00abS.M. el Rey Juan Carlos I abdica la Corona de Espa\u00f1a\u00bb.<\/p>\n<p>Una frase acompa\u00f1ada de tres fotograf\u00edas: la de abdicaci\u00f3n, la entrega del Rey a Rajoy de dicha misiva y el apret\u00f3n de manos en el despacho del Monarca.<\/p>\n<p>A este mensaje le han seguido otros dos, uno con el anuncio de que el Rey se iba a dirigir a los espa\u00f1oles y otro con dos im\u00e1genes de don Juan Carlos en esta declaraci\u00f3n institucional<\/p>\n<p>Se ve en estas im\u00e1genes a don Juan Carlos sentado en su despacho. Detr\u00e1s de \u00e9l cuelga un cuadro significativo: un retrato infantil de Felipe V, el primer rey de la dinast\u00eda borb\u00f3nica y el monarca que m\u00e1s a\u00f1os ha reinado (45) en la historia de Espa\u00f1a.<\/p>\n<p>Y junto a su mesa, dos fotos enmarcadas que plasman la l\u00ednea sucesoria de la Corona: una con su hijo el Pr\u00edncipe de Asturias y su nieta, la infanta Leonor, y la otra con su padre, don Juan de Borb\u00f3n.<\/p>\n<p>Tras dar cuenta del hist\u00f3rico anuncio, la cuenta de Twitter de la Casa del Rey ha comenzado a mostrar en im\u00e1genes los a\u00f1os del reinado de Juan Carlos I, empezando por su proclamaci\u00f3n como Rey el 22 de noviembre de 1975.<\/p>\n<p>Su primer viaje al extranjero, que fue a los Estados Unidos en junio de 1976, el d\u00eda de la votaci\u00f3n del refer\u00e9ndum para la reforma pol\u00edtica, la renuncia de los derechos din\u00e1sticos por parte de su padre, don Juan o la proclamaci\u00f3n de su hijo Felipe como Pr\u00edncipe de Asturias muestran los primeros momentos del reinado de don Juan Carlos.<\/p>\n<p>Les siguen otras dos im\u00e1genes hist\u00f3ricas, la de la sanci\u00f3n de la Constituci\u00f3n Espa\u00f1ola el 27 de diciembre de 1978 en el Congreso de los Diputados y en presencia de la Reina y del Pr\u00edncipe Felipe y la intervenci\u00f3n televisada el 23 de febrero de 1981, ante el intento de golpe de Estado.<\/p>\n<p>La entrada de Espa\u00f1a en la entonces Comunidad Econ\u00f3mica Europea en 1985, la intervenci\u00f3n del Rey ante la Asamblea de Naciones Unidas un a\u00f1o despu\u00e9s, la ceremonia de inauguraci\u00f3n de los Juegos Ol\u00edmpicos de Barcelona en 1992 y la muerte de Don Juan est\u00e1n tambi\u00e9n en estas im\u00e1genes.<\/p>\n<p>No faltan tampoco la presencia de los Reyes en lugares y momentos marcados por la tragedia.<\/p>\n<p>As\u00ed, en la cuenta de Twitter se han colgado im\u00e1genes de la visita de don Juan Carlos y do\u00f1a Sof\u00eda al c\u00e1mping de Biescas, donde en 1996 murieron 87 personas a causa de una riada, el funeral que se celebr\u00f3 en la catedral de La Almudena en memoria de los 192 fallecidos por los atentados del 11M en 2004, o su visita a Santiago con motivo del accidente de tren que en 2013 cost\u00f3 la vida a 79 personas.<\/p>\n<p>La boda de los Pr\u00edncipes de Asturias en mayo de 2004 y la victoria de Espa\u00f1a en la final de la Eurocopa de 2008 figuran tambi\u00e9n en este recorrido que cuenta con im\u00e1genes emotivas como la de don Juan Carlos paseando con el expresidente Adolfo Su\u00e1rez el d\u00eda que lo visit\u00f3 en 2008 para entregarle el Tois\u00f3n de Oro.<\/p>\n<p>El periplo llega hasta la m\u00e1s reciente actualidad, con el encuentro de don Juan Carlos y do\u00f1a Sof\u00eda con el papa Francisco con motivo de la canonizaci\u00f3n de Juan XIII y Juan Pablo II, en abril de este a\u00f1o.<\/p>\n","protected":false},"excerpt":{"rendered":"<p>Madrid, 2 jun (EFE).- La cuenta de la Casa del Rey en la red social Twitter est\u00e1 haciendo un recorrido por el reinado de Juan Carlos I, con im\u00e1genes que ilustran, cronol\u00f3gicamente, momentos fundamentales de estos 39 a\u00f1os. Poco despu\u00e9s de anunciar el presidente del Gobierno, Mariano Rajoy, la abdicaci\u00f3n del Rey, la cuenta @CasaReal<\/p>\n","protected":false},"author":1,"featured_media":14848,"comment_status":"open","ping_status":"closed","sticky":false,"template":"","format":"standard","meta":{"footnotes":""},"categories":[224],"tags":[],"class_list":{"0":"post-14847","1":"post","2":"type-post","3":"status-publish","4":"format-standard","5":"has-post-thumbnail","7":"category-noticias-actualidad"},"aioseo_notices":[],"aioseo_head":"\n\t\t<!-- All in One SEO Pro 4.9.6.1 - aioseo.com -->\n\t<meta name=\"description\" content=\"Madrid, 2 jun (EFE).- La cuenta de la Casa del Rey en la red social Twitter est\u00e1 haciendo un recorrido por el reinado de Juan Carlos I, con im\u00e1genes que ilustran, cronol\u00f3gicamente, momentos fundamentales de estos 39 a\u00f1os. Poco despu\u00e9s de anunciar el presidente del Gobierno, Mariano Rajoy, la abdicaci\u00f3n del Rey, la cuenta @CasaReal\" \/>\n\t<meta name=\"robots\" content=\"max-image-preview:large\" \/>\n\t<meta name=\"author\" content=\"admin\"\/>\n\t<meta name=\"google-site-verification\" content=\"UA-38556648-1\" \/>\n\t<meta name=\"keywords\" content=\"noticias y actualidad\" \/>\n\t<link rel=\"canonical\" href=\"https:\/\/eldigitaldeasturias.com\/magazine365\/la-casa-real-repasa-en-twitter-el-reinado-de-juan-carlos-i\/\" \/>\n\t<meta name=\"generator\" content=\"All in One SEO Pro (AIOSEO) 4.9.6.1\" \/>\n\t\t<meta property=\"og:locale\" content=\"es_ES\" \/>\n\t\t<meta property=\"og:site_name\" content=\"El Digital de Asturias \u2013 Revista de ocio, turismo y estilo de vida\" \/>\n\t\t<meta property=\"og:type\" content=\"article\" \/>\n\t\t<meta property=\"og:title\" content=\"La Casa Real repasa en Twitter el reinado de Juan Carlos I | El Digital de Asturias\" \/>\n\t\t<meta property=\"og:description\" content=\"Madrid, 2 jun (EFE).- La cuenta de la Casa del Rey en la red social Twitter est\u00e1 haciendo un recorrido por el reinado de Juan Carlos I, con im\u00e1genes que ilustran, cronol\u00f3gicamente, momentos fundamentales de estos 39 a\u00f1os. Poco despu\u00e9s de anunciar el presidente del Gobierno, Mariano Rajoy, la abdicaci\u00f3n del Rey, la cuenta @CasaReal\" \/>\n\t\t<meta property=\"og:url\" content=\"https:\/\/eldigitaldeasturias.com\/magazine365\/la-casa-real-repasa-en-twitter-el-reinado-de-juan-carlos-i\/\" \/>\n\t\t<meta property=\"og:image\" content=\"https:\/\/eldigitaldeasturias.com\/magazine365\/wp-content\/uploads\/2014\/06\/6326200w.jpg\" \/>\n\t\t<meta property=\"og:image:secure_url\" content=\"https:\/\/eldigitaldeasturias.com\/magazine365\/wp-content\/uploads\/2014\/06\/6326200w.jpg\" \/>\n\t\t<meta property=\"og:image:width\" content=\"800\" \/>\n\t\t<meta property=\"og:image:height\" content=\"507\" \/>\n\t\t<meta property=\"article:published_time\" content=\"2014-06-03T02:05:27+00:00\" \/>\n\t\t<meta property=\"article:modified_time\" content=\"2014-06-03T02:05:27+00:00\" \/>\n\t\t<meta name=\"twitter:card\" content=\"summary_large_image\" \/>\n\t\t<meta name=\"twitter:title\" content=\"La Casa Real repasa en Twitter el reinado de Juan Carlos I | El Digital de Asturias\" \/>\n\t\t<meta name=\"twitter:description\" content=\"Madrid, 2 jun (EFE).- La cuenta de la Casa del Rey en la red social Twitter est\u00e1 haciendo un recorrido por el reinado de Juan Carlos I, con im\u00e1genes que ilustran, cronol\u00f3gicamente, momentos fundamentales de estos 39 a\u00f1os. Poco despu\u00e9s de anunciar el presidente del Gobierno, Mariano Rajoy, la abdicaci\u00f3n del Rey, la cuenta @CasaReal\" \/>\n\t\t<meta name=\"twitter:image\" content=\"https:\/\/eldigitaldeasturias.com\/magazine365\/wp-content\/uploads\/2014\/06\/6326200w.jpg\" \/>\n\t\t<script type=\"application\/ld+json\" class=\"aioseo-schema\">\n\t\t\t{\"@context\":\"https:\\\/\\\/schema.org\",\"@graph\":[{\"@type\":\"Article\",\"@id\":\"https:\\\/\\\/eldigitaldeasturias.com\\\/magazine365\\\/la-casa-real-repasa-en-twitter-el-reinado-de-juan-carlos-i\\\/#article\",\"name\":\"La Casa Real repasa en Twitter el reinado de Juan Carlos I | El Digital de Asturias\",\"headline\":\"La Casa Real repasa en Twitter el reinado de Juan Carlos I\",\"author\":{\"@id\":\"https:\\\/\\\/eldigitaldeasturias.com\\\/magazine365\\\/author\\\/admin\\\/#author\"},\"publisher\":{\"@id\":\"https:\\\/\\\/eldigitaldeasturias.com\\\/magazine365\\\/#organization\"},\"image\":{\"@type\":\"ImageObject\",\"url\":\"https:\\\/\\\/eldigitaldeasturias.com\\\/magazine365\\\/wp-content\\\/uploads\\\/2014\\\/06\\\/6326200w.jpg\",\"width\":800,\"height\":507},\"datePublished\":\"2014-06-03T00:05:27+02:00\",\"dateModified\":\"2014-06-03T00:05:27+02:00\",\"inLanguage\":\"es-ES\",\"mainEntityOfPage\":{\"@id\":\"https:\\\/\\\/eldigitaldeasturias.com\\\/magazine365\\\/la-casa-real-repasa-en-twitter-el-reinado-de-juan-carlos-i\\\/#webpage\"},\"isPartOf\":{\"@id\":\"https:\\\/\\\/eldigitaldeasturias.com\\\/magazine365\\\/la-casa-real-repasa-en-twitter-el-reinado-de-juan-carlos-i\\\/#webpage\"},\"articleSection\":\"Noticias y Actualidad\"},{\"@type\":\"BreadcrumbList\",\"@id\":\"https:\\\/\\\/eldigitaldeasturias.com\\\/magazine365\\\/la-casa-real-repasa-en-twitter-el-reinado-de-juan-carlos-i\\\/#breadcrumblist\",\"itemListElement\":[{\"@type\":\"ListItem\",\"@id\":\"https:\\\/\\\/eldigitaldeasturias.com\\\/magazine365#listItem\",\"position\":1,\"name\":\"Home\",\"item\":\"https:\\\/\\\/eldigitaldeasturias.com\\\/magazine365\",\"nextItem\":{\"@type\":\"ListItem\",\"@id\":\"https:\\\/\\\/eldigitaldeasturias.com\\\/magazine365\\\/category\\\/noticias-actualidad\\\/#listItem\",\"name\":\"Noticias y Actualidad\"}},{\"@type\":\"ListItem\",\"@id\":\"https:\\\/\\\/eldigitaldeasturias.com\\\/magazine365\\\/category\\\/noticias-actualidad\\\/#listItem\",\"position\":2,\"name\":\"Noticias y Actualidad\",\"item\":\"https:\\\/\\\/eldigitaldeasturias.com\\\/magazine365\\\/category\\\/noticias-actualidad\\\/\",\"nextItem\":{\"@type\":\"ListItem\",\"@id\":\"https:\\\/\\\/eldigitaldeasturias.com\\\/magazine365\\\/la-casa-real-repasa-en-twitter-el-reinado-de-juan-carlos-i\\\/#listItem\",\"name\":\"La Casa Real repasa en Twitter el reinado de Juan Carlos I\"},\"previousItem\":{\"@type\":\"ListItem\",\"@id\":\"https:\\\/\\\/eldigitaldeasturias.com\\\/magazine365#listItem\",\"name\":\"Home\"}},{\"@type\":\"ListItem\",\"@id\":\"https:\\\/\\\/eldigitaldeasturias.com\\\/magazine365\\\/la-casa-real-repasa-en-twitter-el-reinado-de-juan-carlos-i\\\/#listItem\",\"position\":3,\"name\":\"La Casa Real repasa en Twitter el reinado de Juan Carlos I\",\"previousItem\":{\"@type\":\"ListItem\",\"@id\":\"https:\\\/\\\/eldigitaldeasturias.com\\\/magazine365\\\/category\\\/noticias-actualidad\\\/#listItem\",\"name\":\"Noticias y Actualidad\"}}]},{\"@type\":\"Organization\",\"@id\":\"https:\\\/\\\/eldigitaldeasturias.com\\\/magazine365\\\/#organization\",\"name\":\"El digital de Asturias\",\"description\":\"Revista de ocio, turismo y estilo de vida\",\"url\":\"https:\\\/\\\/eldigitaldeasturias.com\\\/magazine365\\\/\",\"logo\":{\"@type\":\"ImageObject\",\"url\":\"https:\\\/\\\/www.eldigitaldeasturias.com\\\/noticias\\\/wp-content\\\/uploads\\\/2020\\\/12\\\/EDA.jpg\",\"@id\":\"https:\\\/\\\/eldigitaldeasturias.com\\\/magazine365\\\/la-casa-real-repasa-en-twitter-el-reinado-de-juan-carlos-i\\\/#organizationLogo\"},\"image\":{\"@id\":\"https:\\\/\\\/eldigitaldeasturias.com\\\/magazine365\\\/la-casa-real-repasa-en-twitter-el-reinado-de-juan-carlos-i\\\/#organizationLogo\"}},{\"@type\":\"Person\",\"@id\":\"https:\\\/\\\/eldigitaldeasturias.com\\\/magazine365\\\/author\\\/admin\\\/#author\",\"url\":\"https:\\\/\\\/eldigitaldeasturias.com\\\/magazine365\\\/author\\\/admin\\\/\",\"name\":\"admin\",\"image\":{\"@type\":\"ImageObject\",\"@id\":\"https:\\\/\\\/eldigitaldeasturias.com\\\/magazine365\\\/la-casa-real-repasa-en-twitter-el-reinado-de-juan-carlos-i\\\/#authorImage\",\"url\":\"https:\\\/\\\/eldigitaldeasturias.com\\\/magazine365\\\/wp-content\\\/litespeed\\\/avatar\\\/e571bcf59a0edd6fa6838245a470f2fe.jpg?ver=1777574230\",\"width\":96,\"height\":96,\"caption\":\"admin\"}},{\"@type\":\"WebPage\",\"@id\":\"https:\\\/\\\/eldigitaldeasturias.com\\\/magazine365\\\/la-casa-real-repasa-en-twitter-el-reinado-de-juan-carlos-i\\\/#webpage\",\"url\":\"https:\\\/\\\/eldigitaldeasturias.com\\\/magazine365\\\/la-casa-real-repasa-en-twitter-el-reinado-de-juan-carlos-i\\\/\",\"name\":\"La Casa Real repasa en Twitter el reinado de Juan Carlos I | El Digital de Asturias\",\"description\":\"Madrid, 2 jun (EFE).- La cuenta de la Casa del Rey en la red social Twitter est\\u00e1 haciendo un recorrido por el reinado de Juan Carlos I, con im\\u00e1genes que ilustran, cronol\\u00f3gicamente, momentos fundamentales de estos 39 a\\u00f1os. Poco despu\\u00e9s de anunciar el presidente del Gobierno, Mariano Rajoy, la abdicaci\\u00f3n del Rey, la cuenta @CasaReal\",\"inLanguage\":\"es-ES\",\"isPartOf\":{\"@id\":\"https:\\\/\\\/eldigitaldeasturias.com\\\/magazine365\\\/#website\"},\"breadcrumb\":{\"@id\":\"https:\\\/\\\/eldigitaldeasturias.com\\\/magazine365\\\/la-casa-real-repasa-en-twitter-el-reinado-de-juan-carlos-i\\\/#breadcrumblist\"},\"author\":{\"@id\":\"https:\\\/\\\/eldigitaldeasturias.com\\\/magazine365\\\/author\\\/admin\\\/#author\"},\"creator\":{\"@id\":\"https:\\\/\\\/eldigitaldeasturias.com\\\/magazine365\\\/author\\\/admin\\\/#author\"},\"image\":{\"@type\":\"ImageObject\",\"url\":\"https:\\\/\\\/eldigitaldeasturias.com\\\/magazine365\\\/wp-content\\\/uploads\\\/2014\\\/06\\\/6326200w.jpg\",\"@id\":\"https:\\\/\\\/eldigitaldeasturias.com\\\/magazine365\\\/la-casa-real-repasa-en-twitter-el-reinado-de-juan-carlos-i\\\/#mainImage\",\"width\":800,\"height\":507},\"primaryImageOfPage\":{\"@id\":\"https:\\\/\\\/eldigitaldeasturias.com\\\/magazine365\\\/la-casa-real-repasa-en-twitter-el-reinado-de-juan-carlos-i\\\/#mainImage\"},\"datePublished\":\"2014-06-03T00:05:27+02:00\",\"dateModified\":\"2014-06-03T00:05:27+02:00\"},{\"@type\":\"WebSite\",\"@id\":\"https:\\\/\\\/eldigitaldeasturias.com\\\/magazine365\\\/#website\",\"url\":\"https:\\\/\\\/eldigitaldeasturias.com\\\/magazine365\\\/\",\"name\":\"El Digital de Asturias\",\"description\":\"Revista de ocio, turismo y estilo de vida\",\"inLanguage\":\"es-ES\",\"publisher\":{\"@id\":\"https:\\\/\\\/eldigitaldeasturias.com\\\/magazine365\\\/#organization\"}}]}\n\t\t<\/script>\n\t\t<!-- All in One SEO Pro -->\r\n\t\t<title>La Casa Real repasa en Twitter el reinado de Juan Carlos I | El Digital de Asturias<\/title>\n\n","aioseo_head_json":{"title":"La Casa Real repasa en Twitter el reinado de Juan Carlos I | El Digital de Asturias","description":"Madrid, 2 jun (EFE).- La cuenta de la Casa del Rey en la red social Twitter est\u00e1 haciendo un recorrido por el reinado de Juan Carlos I, con im\u00e1genes que ilustran, cronol\u00f3gicamente, momentos fundamentales de estos 39 a\u00f1os. Poco despu\u00e9s de anunciar el presidente del Gobierno, Mariano Rajoy, la abdicaci\u00f3n del Rey, la cuenta @CasaReal","canonical_url":"https:\/\/eldigitaldeasturias.com\/magazine365\/la-casa-real-repasa-en-twitter-el-reinado-de-juan-carlos-i\/","robots":"max-image-preview:large","keywords":"noticias y actualidad","webmasterTools":{"google-site-verification":"UA-38556648-1","miscellaneous":""},"schema":{"@context":"https:\/\/schema.org","@graph":[{"@type":"Article","@id":"https:\/\/eldigitaldeasturias.com\/magazine365\/la-casa-real-repasa-en-twitter-el-reinado-de-juan-carlos-i\/#article","name":"La Casa Real repasa en Twitter el reinado de Juan Carlos I | El Digital de Asturias","headline":"La Casa Real repasa en Twitter el reinado de Juan Carlos I","author":{"@id":"https:\/\/eldigitaldeasturias.com\/magazine365\/author\/admin\/#author"},"publisher":{"@id":"https:\/\/eldigitaldeasturias.com\/magazine365\/#organization"},"image":{"@type":"ImageObject","url":"https:\/\/eldigitaldeasturias.com\/magazine365\/wp-content\/uploads\/2014\/06\/6326200w.jpg","width":800,"height":507},"datePublished":"2014-06-03T00:05:27+02:00","dateModified":"2014-06-03T00:05:27+02:00","inLanguage":"es-ES","mainEntityOfPage":{"@id":"https:\/\/eldigitaldeasturias.com\/magazine365\/la-casa-real-repasa-en-twitter-el-reinado-de-juan-carlos-i\/#webpage"},"isPartOf":{"@id":"https:\/\/eldigitaldeasturias.com\/magazine365\/la-casa-real-repasa-en-twitter-el-reinado-de-juan-carlos-i\/#webpage"},"articleSection":"Noticias y Actualidad"},{"@type":"BreadcrumbList","@id":"https:\/\/eldigitaldeasturias.com\/magazine365\/la-casa-real-repasa-en-twitter-el-reinado-de-juan-carlos-i\/#breadcrumblist","itemListElement":[{"@type":"ListItem","@id":"https:\/\/eldigitaldeasturias.com\/magazine365#listItem","position":1,"name":"Home","item":"https:\/\/eldigitaldeasturias.com\/magazine365","nextItem":{"@type":"ListItem","@id":"https:\/\/eldigitaldeasturias.com\/magazine365\/category\/noticias-actualidad\/#listItem","name":"Noticias y Actualidad"}},{"@type":"ListItem","@id":"https:\/\/eldigitaldeasturias.com\/magazine365\/category\/noticias-actualidad\/#listItem","position":2,"name":"Noticias y Actualidad","item":"https:\/\/eldigitaldeasturias.com\/magazine365\/category\/noticias-actualidad\/","nextItem":{"@type":"ListItem","@id":"https:\/\/eldigitaldeasturias.com\/magazine365\/la-casa-real-repasa-en-twitter-el-reinado-de-juan-carlos-i\/#listItem","name":"La Casa Real repasa en Twitter el reinado de Juan Carlos I"},"previousItem":{"@type":"ListItem","@id":"https:\/\/eldigitaldeasturias.com\/magazine365#listItem","name":"Home"}},{"@type":"ListItem","@id":"https:\/\/eldigitaldeasturias.com\/magazine365\/la-casa-real-repasa-en-twitter-el-reinado-de-juan-carlos-i\/#listItem","position":3,"name":"La Casa Real repasa en Twitter el reinado de Juan Carlos I","previousItem":{"@type":"ListItem","@id":"https:\/\/eldigitaldeasturias.com\/magazine365\/category\/noticias-actualidad\/#listItem","name":"Noticias y Actualidad"}}]},{"@type":"Organization","@id":"https:\/\/eldigitaldeasturias.com\/magazine365\/#organization","name":"El digital de Asturias","description":"Revista de ocio, turismo y estilo de vida","url":"https:\/\/eldigitaldeasturias.com\/magazine365\/","logo":{"@type":"ImageObject","url":"https:\/\/www.eldigitaldeasturias.com\/noticias\/wp-content\/uploads\/2020\/12\/EDA.jpg","@id":"https:\/\/eldigitaldeasturias.com\/magazine365\/la-casa-real-repasa-en-twitter-el-reinado-de-juan-carlos-i\/#organizationLogo"},"image":{"@id":"https:\/\/eldigitaldeasturias.com\/magazine365\/la-casa-real-repasa-en-twitter-el-reinado-de-juan-carlos-i\/#organizationLogo"}},{"@type":"Person","@id":"https:\/\/eldigitaldeasturias.com\/magazine365\/author\/admin\/#author","url":"https:\/\/eldigitaldeasturias.com\/magazine365\/author\/admin\/","name":"admin","image":{"@type":"ImageObject","@id":"https:\/\/eldigitaldeasturias.com\/magazine365\/la-casa-real-repasa-en-twitter-el-reinado-de-juan-carlos-i\/#authorImage","url":"https:\/\/eldigitaldeasturias.com\/magazine365\/wp-content\/litespeed\/avatar\/e571bcf59a0edd6fa6838245a470f2fe.jpg?ver=1777574230","width":96,"height":96,"caption":"admin"}},{"@type":"WebPage","@id":"https:\/\/eldigitaldeasturias.com\/magazine365\/la-casa-real-repasa-en-twitter-el-reinado-de-juan-carlos-i\/#webpage","url":"https:\/\/eldigitaldeasturias.com\/magazine365\/la-casa-real-repasa-en-twitter-el-reinado-de-juan-carlos-i\/","name":"La Casa Real repasa en Twitter el reinado de Juan Carlos I | El Digital de Asturias","description":"Madrid, 2 jun (EFE).- La cuenta de la Casa del Rey en la red social Twitter est\u00e1 haciendo un recorrido por el reinado de Juan Carlos I, con im\u00e1genes que ilustran, cronol\u00f3gicamente, momentos fundamentales de estos 39 a\u00f1os. Poco despu\u00e9s de anunciar el presidente del Gobierno, Mariano Rajoy, la abdicaci\u00f3n del Rey, la cuenta @CasaReal","inLanguage":"es-ES","isPartOf":{"@id":"https:\/\/eldigitaldeasturias.com\/magazine365\/#website"},"breadcrumb":{"@id":"https:\/\/eldigitaldeasturias.com\/magazine365\/la-casa-real-repasa-en-twitter-el-reinado-de-juan-carlos-i\/#breadcrumblist"},"author":{"@id":"https:\/\/eldigitaldeasturias.com\/magazine365\/author\/admin\/#author"},"creator":{"@id":"https:\/\/eldigitaldeasturias.com\/magazine365\/author\/admin\/#author"},"image":{"@type":"ImageObject","url":"https:\/\/eldigitaldeasturias.com\/magazine365\/wp-content\/uploads\/2014\/06\/6326200w.jpg","@id":"https:\/\/eldigitaldeasturias.com\/magazine365\/la-casa-real-repasa-en-twitter-el-reinado-de-juan-carlos-i\/#mainImage","width":800,"height":507},"primaryImageOfPage":{"@id":"https:\/\/eldigitaldeasturias.com\/magazine365\/la-casa-real-repasa-en-twitter-el-reinado-de-juan-carlos-i\/#mainImage"},"datePublished":"2014-06-03T00:05:27+02:00","dateModified":"2014-06-03T00:05:27+02:00"},{"@type":"WebSite","@id":"https:\/\/eldigitaldeasturias.com\/magazine365\/#website","url":"https:\/\/eldigitaldeasturias.com\/magazine365\/","name":"El Digital de Asturias","description":"Revista de ocio, turismo y estilo de vida","inLanguage":"es-ES","publisher":{"@id":"https:\/\/eldigitaldeasturias.com\/magazine365\/#organization"}}]},"og:locale":"es_ES","og:site_name":"El Digital de Asturias \u2013 Revista de ocio, turismo y estilo de vida","og:type":"article","og:title":"La Casa Real repasa en Twitter el reinado de Juan Carlos I | El Digital de Asturias","og:description":"Madrid, 2 jun (EFE).- La cuenta de la Casa del Rey en la red social Twitter est\u00e1 haciendo un recorrido por el reinado de Juan Carlos I, con im\u00e1genes que ilustran, cronol\u00f3gicamente, momentos fundamentales de estos 39 a\u00f1os. Poco despu\u00e9s de anunciar el presidente del Gobierno, Mariano Rajoy, la abdicaci\u00f3n del Rey, la cuenta @CasaReal","og:url":"https:\/\/eldigitaldeasturias.com\/magazine365\/la-casa-real-repasa-en-twitter-el-reinado-de-juan-carlos-i\/","og:image":"https:\/\/eldigitaldeasturias.com\/magazine365\/wp-content\/uploads\/2014\/06\/6326200w.jpg","og:image:secure_url":"https:\/\/eldigitaldeasturias.com\/magazine365\/wp-content\/uploads\/2014\/06\/6326200w.jpg","og:image:width":800,"og:image:height":507,"article:published_time":"2014-06-03T02:05:27+00:00","article:modified_time":"2014-06-03T02:05:27+00:00","twitter:card":"summary_large_image","twitter:title":"La Casa Real repasa en Twitter el reinado de Juan Carlos I | El Digital de Asturias","twitter:description":"Madrid, 2 jun (EFE).- La cuenta de la Casa del Rey en la red social Twitter est\u00e1 haciendo un recorrido por el reinado de Juan Carlos I, con im\u00e1genes que ilustran, cronol\u00f3gicamente, momentos fundamentales de estos 39 a\u00f1os. Poco despu\u00e9s de anunciar el presidente del Gobierno, Mariano Rajoy, la abdicaci\u00f3n del Rey, la cuenta @CasaReal","twitter:image":"https:\/\/eldigitaldeasturias.com\/magazine365\/wp-content\/uploads\/2014\/06\/6326200w.jpg"},"aioseo_meta_data":{"post_id":"14847","title":null,"description":null,"keywords":null,"keyphrases":null,"primary_term":null,"canonical_url":null,"og_title":null,"og_description":null,"og_object_type":"default","og_image_type":"default","og_image_url":null,"og_image_width":null,"og_image_height":null,"og_image_custom_url":null,"og_image_custom_fields":null,"og_video":null,"og_custom_url":null,"og_article_section":null,"og_article_tags":null,"twitter_use_og":false,"twitter_card":"default","twitter_image_type":"default","twitter_image_url":null,"twitter_image_custom_url":null,"twitter_image_custom_fields":null,"twitter_title":null,"twitter_description":null,"schema":{"blockGraphs":[],"customGraphs":[],"default":{"data":{"Article":[],"Course":[],"Dataset":[],"FAQPage":[],"Movie":[],"Person":[],"Product":[],"ProductReview":[],"Car":[],"Recipe":[],"Service":[],"SoftwareApplication":[],"WebPage":[]},"graphName":"","isEnabled":true},"graphs":[],"defaultGraph":"","defaultPostTypeGraph":""},"schema_type":null,"schema_type_options":null,"pillar_content":false,"robots_default":true,"robots_noindex":false,"robots_noarchive":false,"robots_nosnippet":false,"robots_nofollow":false,"robots_noimageindex":false,"robots_noodp":false,"robots_notranslate":false,"robots_max_snippet":null,"robots_max_videopreview":null,"robots_max_imagepreview":"large","priority":null,"frequency":null,"location":null,"local_seo":null,"seo_analyzer_scan_date":"2025-09-17 10:55:01","breadcrumb_settings":null,"limit_modified_date":false,"open_ai":null,"ai":null,"created":"2021-03-09 08:09:41","updated":"2025-09-17 10:55:01"},"aioseo_breadcrumb":"<div class=\"aioseo-breadcrumbs\"><span class=\"aioseo-breadcrumb\">\n\t<a href=\"https:\/\/eldigitaldeasturias.com\/magazine365\" title=\"Home\">Home<\/a>\n<\/span><span class=\"aioseo-breadcrumb-separator\">\u2013<\/span><span class=\"aioseo-breadcrumb\">\n\t<a href=\"https:\/\/eldigitaldeasturias.com\/magazine365\/category\/noticias-actualidad\/\" title=\"Noticias y Actualidad\">Noticias y Actualidad<\/a>\n<\/span><span class=\"aioseo-breadcrumb-separator\">\u2013<\/span><span class=\"aioseo-breadcrumb\">\n\t<a href=\"https:\/\/eldigitaldeasturias.com\/magazine365\/la-casa-real-repasa-en-twitter-el-reinado-de-juan-carlos-i\/\" title=\"La Casa Real repasa en Twitter el reinado de Juan Carlos I\">La Casa Real repasa en Twitter el reinado de Juan Carlos I<\/a>\n<\/span><\/div>","aioseo_breadcrumb_json":[{"label":"Home","link":"https:\/\/eldigitaldeasturias.com\/magazine365"},{"label":"Noticias y Actualidad","link":"https:\/\/eldigitaldeasturias.com\/magazine365\/category\/noticias-actualidad\/"},{"label":"La Casa Real repasa en Twitter el reinado de Juan Carlos I","link":"https:\/\/eldigitaldeasturias.com\/magazine365\/la-casa-real-repasa-en-twitter-el-reinado-de-juan-carlos-i\/"}],"_links":{"self":[{"href":"https:\/\/eldigitaldeasturias.com\/magazine365\/wp-json\/wp\/v2\/posts\/14847","targetHints":{"allow":["GET"]}}],"collection":[{"href":"https:\/\/eldigitaldeasturias.com\/magazine365\/wp-json\/wp\/v2\/posts"}],"about":[{"href":"https:\/\/eldigitaldeasturias.com\/magazine365\/wp-json\/wp\/v2\/types\/post"}],"author":[{"embeddable":true,"href":"https:\/\/eldigitaldeasturias.com\/magazine365\/wp-json\/wp\/v2\/users\/1"}],"replies":[{"embeddable":true,"href":"https:\/\/eldigitaldeasturias.com\/magazine365\/wp-json\/wp\/v2\/comments?post=14847"}],"version-history":[{"count":0,"href":"https:\/\/eldigitaldeasturias.com\/magazine365\/wp-json\/wp\/v2\/posts\/14847\/revisions"}],"wp:featuredmedia":[{"embeddable":true,"href":"https:\/\/eldigitaldeasturias.com\/magazine365\/wp-json\/wp\/v2\/media\/14848"}],"wp:attachment":[{"href":"https:\/\/eldigitaldeasturias.com\/magazine365\/wp-json\/wp\/v2\/media?parent=14847"}],"wp:term":[{"taxonomy":"category","embeddable":true,"href":"https:\/\/eldigitaldeasturias.com\/magazine365\/wp-json\/wp\/v2\/categories?post=14847"},{"taxonomy":"post_tag","embeddable":true,"href":"https:\/\/eldigitaldeasturias.com\/magazine365\/wp-json\/wp\/v2\/tags?post=14847"}],"curies":[{"name":"wp","href":"https:\/\/api.w.org\/{rel}","templated":true}]}}