{"id":14838,"date":"2014-06-03T00:00:41","date_gmt":"2014-06-03T02:00:41","guid":{"rendered":"http:\/\/eldigitaldeasturias.com\/magazine365\/?p=14838"},"modified":"2014-06-03T00:00:41","modified_gmt":"2014-06-03T02:00:41","slug":"lupita-nyongo-se-une-al-reparto-de-star-wars-episode-vii","status":"publish","type":"post","link":"https:\/\/eldigitaldeasturias.com\/magazine365\/lupita-nyongo-se-une-al-reparto-de-star-wars-episode-vii\/","title":{"rendered":"Lupita Nyong&#8217;o se une al reparto de \u00abStar Wars: Episode VII\u00bb"},"content":{"rendered":"<p><img fetchpriority=\"high\" decoding=\"async\" class=\"alignleft size-medium wp-image-14839\" alt=\"6326812w\" src=\"https:\/\/eldigitaldeasturias.com\/magazine365\/wp-content\/uploads\/2014\/06\/6326812w-360x257.jpg\" width=\"360\" height=\"257\" srcset=\"https:\/\/eldigitaldeasturias.com\/magazine365\/wp-content\/uploads\/2014\/06\/6326812w-360x257.jpg 360w, https:\/\/eldigitaldeasturias.com\/magazine365\/wp-content\/uploads\/2014\/06\/6326812w-650x465.jpg 650w, https:\/\/eldigitaldeasturias.com\/magazine365\/wp-content\/uploads\/2014\/06\/6326812w-768x549.jpg 768w, https:\/\/eldigitaldeasturias.com\/magazine365\/wp-content\/uploads\/2014\/06\/6326812w-150x107.jpg 150w, https:\/\/eldigitaldeasturias.com\/magazine365\/wp-content\/uploads\/2014\/06\/6326812w-450x322.jpg 450w, https:\/\/eldigitaldeasturias.com\/magazine365\/wp-content\/uploads\/2014\/06\/6326812w-100x70.jpg 100w, https:\/\/eldigitaldeasturias.com\/magazine365\/wp-content\/uploads\/2014\/06\/6326812w-696x498.jpg 696w, https:\/\/eldigitaldeasturias.com\/magazine365\/wp-content\/uploads\/2014\/06\/6326812w-587x420.jpg 587w, https:\/\/eldigitaldeasturias.com\/magazine365\/wp-content\/uploads\/2014\/06\/6326812w.jpg 800w\" sizes=\"(max-width: 360px) 100vw, 360px\" \/>Los \u00c1ngeles (EE.UU.), 2 jun (EFE).- La keniana nacida en M\u00e9xico Lupita Nyong&#8217;o, ganadora del \u00d3scar a la mejor actriz de reparto por \u00ab12 a\u00f1os de esclavitud\u00bb, se ha unido al elenco de \u00abStar Wars: Episode VII\u00bb, inform\u00f3 hoy Lucasfilm.<\/p>\n<p>\u00abNo podr\u00eda estar m\u00e1s contenta\u00bb, indic\u00f3 la presidenta de Lucasfilm, Kathleen Kennedy. \u00abEs emocionante ver c\u00f3mo toma forma este reparto tan extraordinariamente talentoso\u00bb, agreg\u00f3.<\/p>\n<p>Se desconoce por ahora el papel que tendr\u00e1 Nyong&#8217;o en el filme.<\/p>\n<p>La compa\u00f1\u00eda tambi\u00e9n ha anunciado que se incorpora al proyecto Gwendoline Christie, una de las actrices de la serie \u00abJuego de Tronos y que aparecer\u00e1 pr\u00f3ximamente en \u00abLos juegos del hambre: Sinsajo &#8211; Parte 2\u00bb.<\/p>\n<p>El 29 de abril el estudio Disney confirm\u00f3 que Harrison Ford, Carrie Fisher y Mark Hamill retomar\u00e1n sus ic\u00f3nicos personajes en la nueva entrega de \u00abLa guerra de las galaxias\u00bb, donde estar\u00e1n acompa\u00f1ados por el guatemalteco \u00d3scar Isaac.<\/p>\n<p>El elenco de \u00abStar Wars: Episode VII\u00bb, bajo la direcci\u00f3n de J.J. Abrams, lo completan rostros del pasado como Anthony Daniels, Peter Mayhew y Kenny Baker, y otros nuevos como John Boyega, Daisy Ridley, Adam Driver, Andy Serkis, Domhnall Gleeson y el veterano Max von Sydow.<\/p>\n<p>El gui\u00f3n de la cinta es obra de Lawrence Kasdan y Abrams. Kathleen Kennedy, Abrams y Bryan Burk producen el filme, que contar\u00e1 con la banda sonora de John Williams.<\/p>\n<p>La pel\u00edcula llegar\u00e1 a las salas en diciembre de 2015.<\/p>\n<p>La nueva entrega se desarrollar\u00e1 30 a\u00f1os despu\u00e9s de los sucesos acontecidos en \u00abLa guerra de las galaxias: el retorno de jedi\u00bb.<\/p>\n<p>En octubre de 2012 Disney anunci\u00f3 la adquisici\u00f3n de la empresa Lucasfilm, fundada por George Lucas, por 4.050 millones de d\u00f3lares (2.900 millones de euros).<\/p>\n","protected":false},"excerpt":{"rendered":"<p>Los \u00c1ngeles (EE.UU.), 2 jun (EFE).- La keniana nacida en M\u00e9xico Lupita Nyong&#8217;o, ganadora del \u00d3scar a la mejor actriz de reparto por \u00ab12 a\u00f1os de esclavitud\u00bb, se ha unido al elenco de \u00abStar Wars: Episode VII\u00bb, inform\u00f3 hoy Lucasfilm. \u00abNo podr\u00eda estar m\u00e1s contenta\u00bb, indic\u00f3 la presidenta de Lucasfilm, Kathleen Kennedy. \u00abEs emocionante ver<\/p>\n","protected":false},"author":1,"featured_media":14839,"comment_status":"open","ping_status":"closed","sticky":false,"template":"","format":"standard","meta":{"footnotes":""},"categories":[224],"tags":[],"class_list":{"0":"post-14838","1":"post","2":"type-post","3":"status-publish","4":"format-standard","5":"has-post-thumbnail","7":"category-noticias-actualidad"},"aioseo_notices":[],"aioseo_head":"\n\t\t<!-- All in One SEO Pro 4.9.6.1 - aioseo.com -->\n\t<meta name=\"description\" content=\"Los \u00c1ngeles (EE.UU.), 2 jun (EFE).- La keniana nacida en M\u00e9xico Lupita Nyong&#039;o, ganadora del \u00d3scar a la mejor actriz de reparto por &quot;12 a\u00f1os de esclavitud&quot;, se ha unido al elenco de &quot;Star Wars: Episode VII&quot;, inform\u00f3 hoy Lucasfilm. &quot;No podr\u00eda estar m\u00e1s contenta&quot;, indic\u00f3 la presidenta de Lucasfilm, Kathleen Kennedy. &quot;Es emocionante ver\" \/>\n\t<meta name=\"robots\" content=\"max-image-preview:large\" \/>\n\t<meta name=\"author\" content=\"admin\"\/>\n\t<meta name=\"google-site-verification\" content=\"UA-38556648-1\" \/>\n\t<meta name=\"keywords\" content=\"noticias y actualidad\" \/>\n\t<link rel=\"canonical\" href=\"https:\/\/eldigitaldeasturias.com\/magazine365\/lupita-nyongo-se-une-al-reparto-de-star-wars-episode-vii\/\" \/>\n\t<meta name=\"generator\" content=\"All in One SEO Pro (AIOSEO) 4.9.6.1\" \/>\n\t\t<meta property=\"og:locale\" content=\"es_ES\" \/>\n\t\t<meta property=\"og:site_name\" content=\"El Digital de Asturias \u2013 Revista de ocio, turismo y estilo de vida\" \/>\n\t\t<meta property=\"og:type\" content=\"article\" \/>\n\t\t<meta property=\"og:title\" content=\"Lupita Nyong\u2019o se une al reparto de \u00abStar Wars: Episode VII\u00bb | El Digital de Asturias\" \/>\n\t\t<meta property=\"og:description\" content=\"Los \u00c1ngeles (EE.UU.), 2 jun (EFE).- La keniana nacida en M\u00e9xico Lupita Nyong&#039;o, ganadora del \u00d3scar a la mejor actriz de reparto por &quot;12 a\u00f1os de esclavitud&quot;, se ha unido al elenco de &quot;Star Wars: Episode VII&quot;, inform\u00f3 hoy Lucasfilm. &quot;No podr\u00eda estar m\u00e1s contenta&quot;, indic\u00f3 la presidenta de Lucasfilm, Kathleen Kennedy. &quot;Es emocionante ver\" \/>\n\t\t<meta property=\"og:url\" content=\"https:\/\/eldigitaldeasturias.com\/magazine365\/lupita-nyongo-se-une-al-reparto-de-star-wars-episode-vii\/\" \/>\n\t\t<meta property=\"og:image\" content=\"https:\/\/eldigitaldeasturias.com\/magazine365\/wp-content\/uploads\/2014\/06\/6326812w.jpg\" \/>\n\t\t<meta property=\"og:image:secure_url\" content=\"https:\/\/eldigitaldeasturias.com\/magazine365\/wp-content\/uploads\/2014\/06\/6326812w.jpg\" \/>\n\t\t<meta property=\"og:image:width\" content=\"800\" \/>\n\t\t<meta property=\"og:image:height\" content=\"572\" \/>\n\t\t<meta property=\"article:published_time\" content=\"2014-06-03T02:00:41+00:00\" \/>\n\t\t<meta property=\"article:modified_time\" content=\"2014-06-03T02:00:41+00:00\" \/>\n\t\t<meta name=\"twitter:card\" content=\"summary_large_image\" \/>\n\t\t<meta name=\"twitter:title\" content=\"Lupita Nyong\u2019o se une al reparto de \u00abStar Wars: Episode VII\u00bb | El Digital de Asturias\" \/>\n\t\t<meta name=\"twitter:description\" content=\"Los \u00c1ngeles (EE.UU.), 2 jun (EFE).- La keniana nacida en M\u00e9xico Lupita Nyong&#039;o, ganadora del \u00d3scar a la mejor actriz de reparto por &quot;12 a\u00f1os de esclavitud&quot;, se ha unido al elenco de &quot;Star Wars: Episode VII&quot;, inform\u00f3 hoy Lucasfilm. &quot;No podr\u00eda estar m\u00e1s contenta&quot;, indic\u00f3 la presidenta de Lucasfilm, Kathleen Kennedy. &quot;Es emocionante ver\" \/>\n\t\t<meta name=\"twitter:image\" content=\"https:\/\/eldigitaldeasturias.com\/magazine365\/wp-content\/uploads\/2014\/06\/6326812w.jpg\" \/>\n\t\t<script type=\"application\/ld+json\" class=\"aioseo-schema\">\n\t\t\t{\"@context\":\"https:\\\/\\\/schema.org\",\"@graph\":[{\"@type\":\"Article\",\"@id\":\"https:\\\/\\\/eldigitaldeasturias.com\\\/magazine365\\\/lupita-nyongo-se-une-al-reparto-de-star-wars-episode-vii\\\/#article\",\"name\":\"Lupita Nyong\\u2019o se une al reparto de \\u00abStar Wars: Episode VII\\u00bb | El Digital de Asturias\",\"headline\":\"Lupita Nyong&#8217;o se une al reparto de \\u00abStar Wars: Episode VII\\u00bb\",\"author\":{\"@id\":\"https:\\\/\\\/eldigitaldeasturias.com\\\/magazine365\\\/author\\\/admin\\\/#author\"},\"publisher\":{\"@id\":\"https:\\\/\\\/eldigitaldeasturias.com\\\/magazine365\\\/#organization\"},\"image\":{\"@type\":\"ImageObject\",\"url\":\"https:\\\/\\\/eldigitaldeasturias.com\\\/magazine365\\\/wp-content\\\/uploads\\\/2014\\\/06\\\/6326812w.jpg\",\"width\":800,\"height\":572},\"datePublished\":\"2014-06-03T00:00:41+02:00\",\"dateModified\":\"2014-06-03T00:00:41+02:00\",\"inLanguage\":\"es-ES\",\"mainEntityOfPage\":{\"@id\":\"https:\\\/\\\/eldigitaldeasturias.com\\\/magazine365\\\/lupita-nyongo-se-une-al-reparto-de-star-wars-episode-vii\\\/#webpage\"},\"isPartOf\":{\"@id\":\"https:\\\/\\\/eldigitaldeasturias.com\\\/magazine365\\\/lupita-nyongo-se-une-al-reparto-de-star-wars-episode-vii\\\/#webpage\"},\"articleSection\":\"Noticias y Actualidad\"},{\"@type\":\"BreadcrumbList\",\"@id\":\"https:\\\/\\\/eldigitaldeasturias.com\\\/magazine365\\\/lupita-nyongo-se-une-al-reparto-de-star-wars-episode-vii\\\/#breadcrumblist\",\"itemListElement\":[{\"@type\":\"ListItem\",\"@id\":\"https:\\\/\\\/eldigitaldeasturias.com\\\/magazine365#listItem\",\"position\":1,\"name\":\"Home\",\"item\":\"https:\\\/\\\/eldigitaldeasturias.com\\\/magazine365\",\"nextItem\":{\"@type\":\"ListItem\",\"@id\":\"https:\\\/\\\/eldigitaldeasturias.com\\\/magazine365\\\/category\\\/noticias-actualidad\\\/#listItem\",\"name\":\"Noticias y Actualidad\"}},{\"@type\":\"ListItem\",\"@id\":\"https:\\\/\\\/eldigitaldeasturias.com\\\/magazine365\\\/category\\\/noticias-actualidad\\\/#listItem\",\"position\":2,\"name\":\"Noticias y Actualidad\",\"item\":\"https:\\\/\\\/eldigitaldeasturias.com\\\/magazine365\\\/category\\\/noticias-actualidad\\\/\",\"nextItem\":{\"@type\":\"ListItem\",\"@id\":\"https:\\\/\\\/eldigitaldeasturias.com\\\/magazine365\\\/lupita-nyongo-se-une-al-reparto-de-star-wars-episode-vii\\\/#listItem\",\"name\":\"Lupita Nyong&#8217;o se une al reparto de \\u00abStar Wars: Episode VII\\u00bb\"},\"previousItem\":{\"@type\":\"ListItem\",\"@id\":\"https:\\\/\\\/eldigitaldeasturias.com\\\/magazine365#listItem\",\"name\":\"Home\"}},{\"@type\":\"ListItem\",\"@id\":\"https:\\\/\\\/eldigitaldeasturias.com\\\/magazine365\\\/lupita-nyongo-se-une-al-reparto-de-star-wars-episode-vii\\\/#listItem\",\"position\":3,\"name\":\"Lupita Nyong&#8217;o se une al reparto de \\u00abStar Wars: Episode VII\\u00bb\",\"previousItem\":{\"@type\":\"ListItem\",\"@id\":\"https:\\\/\\\/eldigitaldeasturias.com\\\/magazine365\\\/category\\\/noticias-actualidad\\\/#listItem\",\"name\":\"Noticias y Actualidad\"}}]},{\"@type\":\"Organization\",\"@id\":\"https:\\\/\\\/eldigitaldeasturias.com\\\/magazine365\\\/#organization\",\"name\":\"El digital de Asturias\",\"description\":\"Revista de ocio, turismo y estilo de vida\",\"url\":\"https:\\\/\\\/eldigitaldeasturias.com\\\/magazine365\\\/\",\"logo\":{\"@type\":\"ImageObject\",\"url\":\"https:\\\/\\\/www.eldigitaldeasturias.com\\\/noticias\\\/wp-content\\\/uploads\\\/2020\\\/12\\\/EDA.jpg\",\"@id\":\"https:\\\/\\\/eldigitaldeasturias.com\\\/magazine365\\\/lupita-nyongo-se-une-al-reparto-de-star-wars-episode-vii\\\/#organizationLogo\"},\"image\":{\"@id\":\"https:\\\/\\\/eldigitaldeasturias.com\\\/magazine365\\\/lupita-nyongo-se-une-al-reparto-de-star-wars-episode-vii\\\/#organizationLogo\"}},{\"@type\":\"Person\",\"@id\":\"https:\\\/\\\/eldigitaldeasturias.com\\\/magazine365\\\/author\\\/admin\\\/#author\",\"url\":\"https:\\\/\\\/eldigitaldeasturias.com\\\/magazine365\\\/author\\\/admin\\\/\",\"name\":\"admin\",\"image\":{\"@type\":\"ImageObject\",\"@id\":\"https:\\\/\\\/eldigitaldeasturias.com\\\/magazine365\\\/lupita-nyongo-se-une-al-reparto-de-star-wars-episode-vii\\\/#authorImage\",\"url\":\"https:\\\/\\\/eldigitaldeasturias.com\\\/magazine365\\\/wp-content\\\/litespeed\\\/avatar\\\/e571bcf59a0edd6fa6838245a470f2fe.jpg?ver=1777574230\",\"width\":96,\"height\":96,\"caption\":\"admin\"}},{\"@type\":\"WebPage\",\"@id\":\"https:\\\/\\\/eldigitaldeasturias.com\\\/magazine365\\\/lupita-nyongo-se-une-al-reparto-de-star-wars-episode-vii\\\/#webpage\",\"url\":\"https:\\\/\\\/eldigitaldeasturias.com\\\/magazine365\\\/lupita-nyongo-se-une-al-reparto-de-star-wars-episode-vii\\\/\",\"name\":\"Lupita Nyong\\u2019o se une al reparto de \\u00abStar Wars: Episode VII\\u00bb | El Digital de Asturias\",\"description\":\"Los \\u00c1ngeles (EE.UU.), 2 jun (EFE).- La keniana nacida en M\\u00e9xico Lupita Nyong'o, ganadora del \\u00d3scar a la mejor actriz de reparto por \\\"12 a\\u00f1os de esclavitud\\\", se ha unido al elenco de \\\"Star Wars: Episode VII\\\", inform\\u00f3 hoy Lucasfilm. \\\"No podr\\u00eda estar m\\u00e1s contenta\\\", indic\\u00f3 la presidenta de Lucasfilm, Kathleen Kennedy. \\\"Es emocionante ver\",\"inLanguage\":\"es-ES\",\"isPartOf\":{\"@id\":\"https:\\\/\\\/eldigitaldeasturias.com\\\/magazine365\\\/#website\"},\"breadcrumb\":{\"@id\":\"https:\\\/\\\/eldigitaldeasturias.com\\\/magazine365\\\/lupita-nyongo-se-une-al-reparto-de-star-wars-episode-vii\\\/#breadcrumblist\"},\"author\":{\"@id\":\"https:\\\/\\\/eldigitaldeasturias.com\\\/magazine365\\\/author\\\/admin\\\/#author\"},\"creator\":{\"@id\":\"https:\\\/\\\/eldigitaldeasturias.com\\\/magazine365\\\/author\\\/admin\\\/#author\"},\"image\":{\"@type\":\"ImageObject\",\"url\":\"https:\\\/\\\/eldigitaldeasturias.com\\\/magazine365\\\/wp-content\\\/uploads\\\/2014\\\/06\\\/6326812w.jpg\",\"@id\":\"https:\\\/\\\/eldigitaldeasturias.com\\\/magazine365\\\/lupita-nyongo-se-une-al-reparto-de-star-wars-episode-vii\\\/#mainImage\",\"width\":800,\"height\":572},\"primaryImageOfPage\":{\"@id\":\"https:\\\/\\\/eldigitaldeasturias.com\\\/magazine365\\\/lupita-nyongo-se-une-al-reparto-de-star-wars-episode-vii\\\/#mainImage\"},\"datePublished\":\"2014-06-03T00:00:41+02:00\",\"dateModified\":\"2014-06-03T00:00:41+02:00\"},{\"@type\":\"WebSite\",\"@id\":\"https:\\\/\\\/eldigitaldeasturias.com\\\/magazine365\\\/#website\",\"url\":\"https:\\\/\\\/eldigitaldeasturias.com\\\/magazine365\\\/\",\"name\":\"El Digital de Asturias\",\"description\":\"Revista de ocio, turismo y estilo de vida\",\"inLanguage\":\"es-ES\",\"publisher\":{\"@id\":\"https:\\\/\\\/eldigitaldeasturias.com\\\/magazine365\\\/#organization\"}}]}\n\t\t<\/script>\n\t\t<!-- All in One SEO Pro -->\r\n\t\t<title>Lupita Nyong\u2019o se une al reparto de \u00abStar Wars: Episode VII\u00bb | El Digital de Asturias<\/title>\n\n","aioseo_head_json":{"title":"Lupita Nyong\u2019o se une al reparto de \u00abStar Wars: Episode VII\u00bb | El Digital de Asturias","description":"Los \u00c1ngeles (EE.UU.), 2 jun (EFE).- La keniana nacida en M\u00e9xico Lupita Nyong'o, ganadora del \u00d3scar a la mejor actriz de reparto por \"12 a\u00f1os de esclavitud\", se ha unido al elenco de \"Star Wars: Episode VII\", inform\u00f3 hoy Lucasfilm. \"No podr\u00eda estar m\u00e1s contenta\", indic\u00f3 la presidenta de Lucasfilm, Kathleen Kennedy. \"Es emocionante ver","canonical_url":"https:\/\/eldigitaldeasturias.com\/magazine365\/lupita-nyongo-se-une-al-reparto-de-star-wars-episode-vii\/","robots":"max-image-preview:large","keywords":"noticias y actualidad","webmasterTools":{"google-site-verification":"UA-38556648-1","miscellaneous":""},"schema":{"@context":"https:\/\/schema.org","@graph":[{"@type":"Article","@id":"https:\/\/eldigitaldeasturias.com\/magazine365\/lupita-nyongo-se-une-al-reparto-de-star-wars-episode-vii\/#article","name":"Lupita Nyong\u2019o se une al reparto de \u00abStar Wars: Episode VII\u00bb | El Digital de Asturias","headline":"Lupita Nyong&#8217;o se une al reparto de \u00abStar Wars: Episode VII\u00bb","author":{"@id":"https:\/\/eldigitaldeasturias.com\/magazine365\/author\/admin\/#author"},"publisher":{"@id":"https:\/\/eldigitaldeasturias.com\/magazine365\/#organization"},"image":{"@type":"ImageObject","url":"https:\/\/eldigitaldeasturias.com\/magazine365\/wp-content\/uploads\/2014\/06\/6326812w.jpg","width":800,"height":572},"datePublished":"2014-06-03T00:00:41+02:00","dateModified":"2014-06-03T00:00:41+02:00","inLanguage":"es-ES","mainEntityOfPage":{"@id":"https:\/\/eldigitaldeasturias.com\/magazine365\/lupita-nyongo-se-une-al-reparto-de-star-wars-episode-vii\/#webpage"},"isPartOf":{"@id":"https:\/\/eldigitaldeasturias.com\/magazine365\/lupita-nyongo-se-une-al-reparto-de-star-wars-episode-vii\/#webpage"},"articleSection":"Noticias y Actualidad"},{"@type":"BreadcrumbList","@id":"https:\/\/eldigitaldeasturias.com\/magazine365\/lupita-nyongo-se-une-al-reparto-de-star-wars-episode-vii\/#breadcrumblist","itemListElement":[{"@type":"ListItem","@id":"https:\/\/eldigitaldeasturias.com\/magazine365#listItem","position":1,"name":"Home","item":"https:\/\/eldigitaldeasturias.com\/magazine365","nextItem":{"@type":"ListItem","@id":"https:\/\/eldigitaldeasturias.com\/magazine365\/category\/noticias-actualidad\/#listItem","name":"Noticias y Actualidad"}},{"@type":"ListItem","@id":"https:\/\/eldigitaldeasturias.com\/magazine365\/category\/noticias-actualidad\/#listItem","position":2,"name":"Noticias y Actualidad","item":"https:\/\/eldigitaldeasturias.com\/magazine365\/category\/noticias-actualidad\/","nextItem":{"@type":"ListItem","@id":"https:\/\/eldigitaldeasturias.com\/magazine365\/lupita-nyongo-se-une-al-reparto-de-star-wars-episode-vii\/#listItem","name":"Lupita Nyong&#8217;o se une al reparto de \u00abStar Wars: Episode VII\u00bb"},"previousItem":{"@type":"ListItem","@id":"https:\/\/eldigitaldeasturias.com\/magazine365#listItem","name":"Home"}},{"@type":"ListItem","@id":"https:\/\/eldigitaldeasturias.com\/magazine365\/lupita-nyongo-se-une-al-reparto-de-star-wars-episode-vii\/#listItem","position":3,"name":"Lupita Nyong&#8217;o se une al reparto de \u00abStar Wars: Episode VII\u00bb","previousItem":{"@type":"ListItem","@id":"https:\/\/eldigitaldeasturias.com\/magazine365\/category\/noticias-actualidad\/#listItem","name":"Noticias y Actualidad"}}]},{"@type":"Organization","@id":"https:\/\/eldigitaldeasturias.com\/magazine365\/#organization","name":"El digital de Asturias","description":"Revista de ocio, turismo y estilo de vida","url":"https:\/\/eldigitaldeasturias.com\/magazine365\/","logo":{"@type":"ImageObject","url":"https:\/\/www.eldigitaldeasturias.com\/noticias\/wp-content\/uploads\/2020\/12\/EDA.jpg","@id":"https:\/\/eldigitaldeasturias.com\/magazine365\/lupita-nyongo-se-une-al-reparto-de-star-wars-episode-vii\/#organizationLogo"},"image":{"@id":"https:\/\/eldigitaldeasturias.com\/magazine365\/lupita-nyongo-se-une-al-reparto-de-star-wars-episode-vii\/#organizationLogo"}},{"@type":"Person","@id":"https:\/\/eldigitaldeasturias.com\/magazine365\/author\/admin\/#author","url":"https:\/\/eldigitaldeasturias.com\/magazine365\/author\/admin\/","name":"admin","image":{"@type":"ImageObject","@id":"https:\/\/eldigitaldeasturias.com\/magazine365\/lupita-nyongo-se-une-al-reparto-de-star-wars-episode-vii\/#authorImage","url":"https:\/\/eldigitaldeasturias.com\/magazine365\/wp-content\/litespeed\/avatar\/e571bcf59a0edd6fa6838245a470f2fe.jpg?ver=1777574230","width":96,"height":96,"caption":"admin"}},{"@type":"WebPage","@id":"https:\/\/eldigitaldeasturias.com\/magazine365\/lupita-nyongo-se-une-al-reparto-de-star-wars-episode-vii\/#webpage","url":"https:\/\/eldigitaldeasturias.com\/magazine365\/lupita-nyongo-se-une-al-reparto-de-star-wars-episode-vii\/","name":"Lupita Nyong\u2019o se une al reparto de \u00abStar Wars: Episode VII\u00bb | El Digital de Asturias","description":"Los \u00c1ngeles (EE.UU.), 2 jun (EFE).- La keniana nacida en M\u00e9xico Lupita Nyong'o, ganadora del \u00d3scar a la mejor actriz de reparto por \"12 a\u00f1os de esclavitud\", se ha unido al elenco de \"Star Wars: Episode VII\", inform\u00f3 hoy Lucasfilm. \"No podr\u00eda estar m\u00e1s contenta\", indic\u00f3 la presidenta de Lucasfilm, Kathleen Kennedy. \"Es emocionante ver","inLanguage":"es-ES","isPartOf":{"@id":"https:\/\/eldigitaldeasturias.com\/magazine365\/#website"},"breadcrumb":{"@id":"https:\/\/eldigitaldeasturias.com\/magazine365\/lupita-nyongo-se-une-al-reparto-de-star-wars-episode-vii\/#breadcrumblist"},"author":{"@id":"https:\/\/eldigitaldeasturias.com\/magazine365\/author\/admin\/#author"},"creator":{"@id":"https:\/\/eldigitaldeasturias.com\/magazine365\/author\/admin\/#author"},"image":{"@type":"ImageObject","url":"https:\/\/eldigitaldeasturias.com\/magazine365\/wp-content\/uploads\/2014\/06\/6326812w.jpg","@id":"https:\/\/eldigitaldeasturias.com\/magazine365\/lupita-nyongo-se-une-al-reparto-de-star-wars-episode-vii\/#mainImage","width":800,"height":572},"primaryImageOfPage":{"@id":"https:\/\/eldigitaldeasturias.com\/magazine365\/lupita-nyongo-se-une-al-reparto-de-star-wars-episode-vii\/#mainImage"},"datePublished":"2014-06-03T00:00:41+02:00","dateModified":"2014-06-03T00:00:41+02:00"},{"@type":"WebSite","@id":"https:\/\/eldigitaldeasturias.com\/magazine365\/#website","url":"https:\/\/eldigitaldeasturias.com\/magazine365\/","name":"El Digital de Asturias","description":"Revista de ocio, turismo y estilo de vida","inLanguage":"es-ES","publisher":{"@id":"https:\/\/eldigitaldeasturias.com\/magazine365\/#organization"}}]},"og:locale":"es_ES","og:site_name":"El Digital de Asturias \u2013 Revista de ocio, turismo y estilo de vida","og:type":"article","og:title":"Lupita Nyong\u2019o se une al reparto de \u00abStar Wars: Episode VII\u00bb | El Digital de Asturias","og:description":"Los \u00c1ngeles (EE.UU.), 2 jun (EFE).- La keniana nacida en M\u00e9xico Lupita Nyong'o, ganadora del \u00d3scar a la mejor actriz de reparto por &quot;12 a\u00f1os de esclavitud&quot;, se ha unido al elenco de &quot;Star Wars: Episode VII&quot;, inform\u00f3 hoy Lucasfilm. &quot;No podr\u00eda estar m\u00e1s contenta&quot;, indic\u00f3 la presidenta de Lucasfilm, Kathleen Kennedy. &quot;Es emocionante ver","og:url":"https:\/\/eldigitaldeasturias.com\/magazine365\/lupita-nyongo-se-une-al-reparto-de-star-wars-episode-vii\/","og:image":"https:\/\/eldigitaldeasturias.com\/magazine365\/wp-content\/uploads\/2014\/06\/6326812w.jpg","og:image:secure_url":"https:\/\/eldigitaldeasturias.com\/magazine365\/wp-content\/uploads\/2014\/06\/6326812w.jpg","og:image:width":800,"og:image:height":572,"article:published_time":"2014-06-03T02:00:41+00:00","article:modified_time":"2014-06-03T02:00:41+00:00","twitter:card":"summary_large_image","twitter:title":"Lupita Nyong\u2019o se une al reparto de \u00abStar Wars: Episode VII\u00bb | El Digital de Asturias","twitter:description":"Los \u00c1ngeles (EE.UU.), 2 jun (EFE).- La keniana nacida en M\u00e9xico Lupita Nyong'o, ganadora del \u00d3scar a la mejor actriz de reparto por &quot;12 a\u00f1os de esclavitud&quot;, se ha unido al elenco de &quot;Star Wars: Episode VII&quot;, inform\u00f3 hoy Lucasfilm. &quot;No podr\u00eda estar m\u00e1s contenta&quot;, indic\u00f3 la presidenta de Lucasfilm, Kathleen Kennedy. &quot;Es emocionante ver","twitter:image":"https:\/\/eldigitaldeasturias.com\/magazine365\/wp-content\/uploads\/2014\/06\/6326812w.jpg"},"aioseo_meta_data":{"post_id":"14838","title":null,"description":null,"keywords":null,"keyphrases":null,"primary_term":null,"canonical_url":null,"og_title":null,"og_description":null,"og_object_type":"default","og_image_type":"default","og_image_url":null,"og_image_width":null,"og_image_height":null,"og_image_custom_url":null,"og_image_custom_fields":null,"og_video":null,"og_custom_url":null,"og_article_section":null,"og_article_tags":null,"twitter_use_og":false,"twitter_card":"default","twitter_image_type":"default","twitter_image_url":null,"twitter_image_custom_url":null,"twitter_image_custom_fields":null,"twitter_title":null,"twitter_description":null,"schema":{"blockGraphs":[],"customGraphs":[],"default":{"data":{"Article":[],"Course":[],"Dataset":[],"FAQPage":[],"Movie":[],"Person":[],"Product":[],"ProductReview":[],"Car":[],"Recipe":[],"Service":[],"SoftwareApplication":[],"WebPage":[]},"graphName":"","isEnabled":true},"graphs":[],"defaultGraph":"","defaultPostTypeGraph":""},"schema_type":null,"schema_type_options":null,"pillar_content":false,"robots_default":true,"robots_noindex":false,"robots_noarchive":false,"robots_nosnippet":false,"robots_nofollow":false,"robots_noimageindex":false,"robots_noodp":false,"robots_notranslate":false,"robots_max_snippet":null,"robots_max_videopreview":null,"robots_max_imagepreview":"large","priority":null,"frequency":null,"location":null,"local_seo":null,"seo_analyzer_scan_date":"2025-09-17 10:54:54","breadcrumb_settings":null,"limit_modified_date":false,"open_ai":null,"ai":null,"created":"2021-03-09 08:09:41","updated":"2025-09-17 10:54:54"},"aioseo_breadcrumb":"<div class=\"aioseo-breadcrumbs\"><span class=\"aioseo-breadcrumb\">\n\t<a href=\"https:\/\/eldigitaldeasturias.com\/magazine365\" title=\"Home\">Home<\/a>\n<\/span><span class=\"aioseo-breadcrumb-separator\">\u2013<\/span><span class=\"aioseo-breadcrumb\">\n\t<a href=\"https:\/\/eldigitaldeasturias.com\/magazine365\/category\/noticias-actualidad\/\" title=\"Noticias y Actualidad\">Noticias y Actualidad<\/a>\n<\/span><span class=\"aioseo-breadcrumb-separator\">\u2013<\/span><span class=\"aioseo-breadcrumb\">\n\t<a href=\"https:\/\/eldigitaldeasturias.com\/magazine365\/lupita-nyongo-se-une-al-reparto-de-star-wars-episode-vii\/\" title=\"Lupita Nyong\u2019o se une al reparto de \u00abStar Wars: Episode VII\u00bb\">Lupita Nyong\u2019o se une al reparto de \u00abStar Wars: Episode VII\u00bb<\/a>\n<\/span><\/div>","aioseo_breadcrumb_json":[{"label":"Home","link":"https:\/\/eldigitaldeasturias.com\/magazine365"},{"label":"Noticias y Actualidad","link":"https:\/\/eldigitaldeasturias.com\/magazine365\/category\/noticias-actualidad\/"},{"label":"Lupita Nyong&#8217;o se une al reparto de \u00abStar Wars: Episode VII\u00bb","link":"https:\/\/eldigitaldeasturias.com\/magazine365\/lupita-nyongo-se-une-al-reparto-de-star-wars-episode-vii\/"}],"_links":{"self":[{"href":"https:\/\/eldigitaldeasturias.com\/magazine365\/wp-json\/wp\/v2\/posts\/14838","targetHints":{"allow":["GET"]}}],"collection":[{"href":"https:\/\/eldigitaldeasturias.com\/magazine365\/wp-json\/wp\/v2\/posts"}],"about":[{"href":"https:\/\/eldigitaldeasturias.com\/magazine365\/wp-json\/wp\/v2\/types\/post"}],"author":[{"embeddable":true,"href":"https:\/\/eldigitaldeasturias.com\/magazine365\/wp-json\/wp\/v2\/users\/1"}],"replies":[{"embeddable":true,"href":"https:\/\/eldigitaldeasturias.com\/magazine365\/wp-json\/wp\/v2\/comments?post=14838"}],"version-history":[{"count":0,"href":"https:\/\/eldigitaldeasturias.com\/magazine365\/wp-json\/wp\/v2\/posts\/14838\/revisions"}],"wp:featuredmedia":[{"embeddable":true,"href":"https:\/\/eldigitaldeasturias.com\/magazine365\/wp-json\/wp\/v2\/media\/14839"}],"wp:attachment":[{"href":"https:\/\/eldigitaldeasturias.com\/magazine365\/wp-json\/wp\/v2\/media?parent=14838"}],"wp:term":[{"taxonomy":"category","embeddable":true,"href":"https:\/\/eldigitaldeasturias.com\/magazine365\/wp-json\/wp\/v2\/categories?post=14838"},{"taxonomy":"post_tag","embeddable":true,"href":"https:\/\/eldigitaldeasturias.com\/magazine365\/wp-json\/wp\/v2\/tags?post=14838"}],"curies":[{"name":"wp","href":"https:\/\/api.w.org\/{rel}","templated":true}]}}