{"id":14823,"date":"2014-06-02T23:51:09","date_gmt":"2014-06-03T01:51:09","guid":{"rendered":"http:\/\/eldigitaldeasturias.com\/magazine365\/?p=14823"},"modified":"2014-06-02T23:51:09","modified_gmt":"2014-06-03T01:51:09","slug":"mas-de-345-000-personas-acudieron-a-la-sexta-edicion-del-rock-in-rio-lisboa","status":"publish","type":"post","link":"https:\/\/eldigitaldeasturias.com\/magazine365\/mas-de-345-000-personas-acudieron-a-la-sexta-edicion-del-rock-in-rio-lisboa\/","title":{"rendered":"M\u00e1s de 345.000 personas acudieron a la sexta edici\u00f3n del Rock in R\u00edo Lisboa"},"content":{"rendered":"<p><img fetchpriority=\"high\" decoding=\"async\" class=\"alignleft size-medium wp-image-14824\" alt=\"6325985w\" src=\"https:\/\/eldigitaldeasturias.com\/magazine365\/wp-content\/uploads\/2014\/06\/6325985w-360x235.jpg\" width=\"360\" height=\"235\" srcset=\"https:\/\/eldigitaldeasturias.com\/magazine365\/wp-content\/uploads\/2014\/06\/6325985w-360x235.jpg 360w, https:\/\/eldigitaldeasturias.com\/magazine365\/wp-content\/uploads\/2014\/06\/6325985w-650x425.jpg 650w, https:\/\/eldigitaldeasturias.com\/magazine365\/wp-content\/uploads\/2014\/06\/6325985w-768x502.jpg 768w, https:\/\/eldigitaldeasturias.com\/magazine365\/wp-content\/uploads\/2014\/06\/6325985w-150x98.jpg 150w, https:\/\/eldigitaldeasturias.com\/magazine365\/wp-content\/uploads\/2014\/06\/6325985w-450x294.jpg 450w, https:\/\/eldigitaldeasturias.com\/magazine365\/wp-content\/uploads\/2014\/06\/6325985w-696x455.jpg 696w, https:\/\/eldigitaldeasturias.com\/magazine365\/wp-content\/uploads\/2014\/06\/6325985w-741x486.jpg 741w, https:\/\/eldigitaldeasturias.com\/magazine365\/wp-content\/uploads\/2014\/06\/6325985w-642x420.jpg 642w, https:\/\/eldigitaldeasturias.com\/magazine365\/wp-content\/uploads\/2014\/06\/6325985w-84x55.jpg 84w, https:\/\/eldigitaldeasturias.com\/magazine365\/wp-content\/uploads\/2014\/06\/6325985w.jpg 800w\" sizes=\"(max-width: 360px) 100vw, 360px\" \/>Lisboa, 2 jun (EFE).- M\u00e1s de 345.000 personas asistieron a la \u00faltima edici\u00f3n de Rock in R\u00edo en Lisboa, la sexta en diez a\u00f1os que se celebra en la capital lusa, para ver las actuaciones de Rolling Stones, Linkin Park o Robbie Williams, entre otros artistas.<\/p>\n<p>As\u00ed, son ya m\u00e1s de dos millones de personas los que en una d\u00e9cada acudieron al Parque Bela Vista de la capital lusa, donde tiene lugar el conocido festival, seg\u00fan un comunicado publicado hoy por los organizadores.<\/p>\n<p>Con una media de 69.000 espectadores por d\u00eda, el certamen de este a\u00f1o tuvo como cabezas de cartel a los Rolling Stones, Arcade Fire, Linkin Park, Robbie Williams y Justin Timberlake.<\/p>\n<p>El d\u00eda 29 fue la jornada con mayor asistencia y hasta 90.000 personas acudieron a la llamada de sus &#8216;Sat\u00e1nicas Majestades&#8217; para disfrutar de un memorable concierto de los Rolling con la participaci\u00f3n sorpresa de Bruce Springsteen.<\/p>\n<p>Entre los espectadores se encontraba el ex presidente de EEUU Bill Clinton, un reconocido aficionado a la m\u00fasica que estaba en Lisboa para dar una conferencia.<\/p>\n<p>Las actuaciones del brit\u00e1nico Robbie Williams -25 de mayo- y de los californianos Linkin Park -29 de mayo- superaron los 60.000 espectadores por d\u00eda, aunque la asistencia fue un poco m\u00e1s elevada en la jornada de los estadounidenses, una de las bandas m\u00e1s solicitadas por los lisboetas antes del festival.<\/p>\n<p>El d\u00eda m\u00e1s flojo fue el 31 de mayo con cerca de 47.500 entradas vendidas, una jornada en la que miles de personas vibraron con la sensual voz de la joven neozelandesa Lorde y, sobre todo, saltaron con la orquesta global de Arcade Fire.<\/p>\n<p>No obstante, la afluencia de p\u00fablico repunt\u00f3 este domingo en el \u00faltimo d\u00eda del festival en el que aproximadamente 80.000 personas bailaron al ritmo de Jessie J y recibieron al polifac\u00e9tico Justin Timberlake, que present\u00f3 su \u00faltimo \u00e1lbum de estudio \u00abThe 20\/20 Experience\u00bb.<\/p>\n<p>La p\u00e1gina oficial del evento recibi\u00f3 un total de 553.523 visitantes \u00fanicos y casi un mill\u00f3n de impresiones, de las que el 65 % fueron realizadas desde Portugal.<\/p>\n<p>En todo el mes de mayo, la web de Rock in R\u00edo Lisboa tuvo m\u00e1s de 1 mill\u00f3n de visitantes \u00fanicos (1.150.409) y en las redes sociales, los organizadores llevaron a cabo un total de 730 publicaciones, subieron alrededor de 2.300 fotograf\u00edas y 71 v\u00eddeos con los que incrementaron la repercusi\u00f3n del festival en la Red.<\/p>\n<p>Adem\u00e1s, alrededor de 700.000 personas en el extranjero siguieron los conciertos a trav\u00e9s de Youtube.<\/p>\n","protected":false},"excerpt":{"rendered":"<p>Lisboa, 2 jun (EFE).- M\u00e1s de 345.000 personas asistieron a la \u00faltima edici\u00f3n de Rock in R\u00edo en Lisboa, la sexta en diez a\u00f1os que se celebra en la capital lusa, para ver las actuaciones de Rolling Stones, Linkin Park o Robbie Williams, entre otros artistas. As\u00ed, son ya m\u00e1s de dos millones de personas<\/p>\n","protected":false},"author":1,"featured_media":14824,"comment_status":"open","ping_status":"closed","sticky":false,"template":"","format":"standard","meta":{"footnotes":""},"categories":[224],"tags":[],"class_list":{"0":"post-14823","1":"post","2":"type-post","3":"status-publish","4":"format-standard","5":"has-post-thumbnail","7":"category-noticias-actualidad"},"aioseo_notices":[],"aioseo_head":"\n\t\t<!-- All in One SEO Pro 4.9.6.1 - aioseo.com -->\n\t<meta name=\"description\" content=\"Lisboa, 2 jun (EFE).- M\u00e1s de 345.000 personas asistieron a la \u00faltima edici\u00f3n de Rock in R\u00edo en Lisboa, la sexta en diez a\u00f1os que se celebra en la capital lusa, para ver las actuaciones de Rolling Stones, Linkin Park o Robbie Williams, entre otros artistas. As\u00ed, son ya m\u00e1s de dos millones de personas\" \/>\n\t<meta name=\"robots\" content=\"max-image-preview:large\" \/>\n\t<meta name=\"author\" content=\"admin\"\/>\n\t<meta name=\"google-site-verification\" content=\"UA-38556648-1\" \/>\n\t<meta name=\"keywords\" content=\"noticias y actualidad\" \/>\n\t<link rel=\"canonical\" href=\"https:\/\/eldigitaldeasturias.com\/magazine365\/mas-de-345-000-personas-acudieron-a-la-sexta-edicion-del-rock-in-rio-lisboa\/\" \/>\n\t<meta name=\"generator\" content=\"All in One SEO Pro (AIOSEO) 4.9.6.1\" \/>\n\t\t<meta property=\"og:locale\" content=\"es_ES\" \/>\n\t\t<meta property=\"og:site_name\" content=\"El Digital de Asturias \u2013 Revista de ocio, turismo y estilo de vida\" \/>\n\t\t<meta property=\"og:type\" content=\"article\" \/>\n\t\t<meta property=\"og:title\" content=\"M\u00e1s de 345.000 personas acudieron a la sexta edici\u00f3n del Rock in R\u00edo Lisboa | El Digital de Asturias\" \/>\n\t\t<meta property=\"og:description\" content=\"Lisboa, 2 jun (EFE).- M\u00e1s de 345.000 personas asistieron a la \u00faltima edici\u00f3n de Rock in R\u00edo en Lisboa, la sexta en diez a\u00f1os que se celebra en la capital lusa, para ver las actuaciones de Rolling Stones, Linkin Park o Robbie Williams, entre otros artistas. As\u00ed, son ya m\u00e1s de dos millones de personas\" \/>\n\t\t<meta property=\"og:url\" content=\"https:\/\/eldigitaldeasturias.com\/magazine365\/mas-de-345-000-personas-acudieron-a-la-sexta-edicion-del-rock-in-rio-lisboa\/\" \/>\n\t\t<meta property=\"og:image\" content=\"https:\/\/eldigitaldeasturias.com\/magazine365\/wp-content\/uploads\/2014\/06\/6325985w.jpg\" \/>\n\t\t<meta property=\"og:image:secure_url\" content=\"https:\/\/eldigitaldeasturias.com\/magazine365\/wp-content\/uploads\/2014\/06\/6325985w.jpg\" \/>\n\t\t<meta property=\"og:image:width\" content=\"800\" \/>\n\t\t<meta property=\"og:image:height\" content=\"523\" \/>\n\t\t<meta property=\"article:published_time\" content=\"2014-06-03T01:51:09+00:00\" \/>\n\t\t<meta property=\"article:modified_time\" content=\"2014-06-03T01:51:09+00:00\" \/>\n\t\t<meta name=\"twitter:card\" content=\"summary_large_image\" \/>\n\t\t<meta name=\"twitter:title\" content=\"M\u00e1s de 345.000 personas acudieron a la sexta edici\u00f3n del Rock in R\u00edo Lisboa | El Digital de Asturias\" \/>\n\t\t<meta name=\"twitter:description\" content=\"Lisboa, 2 jun (EFE).- M\u00e1s de 345.000 personas asistieron a la \u00faltima edici\u00f3n de Rock in R\u00edo en Lisboa, la sexta en diez a\u00f1os que se celebra en la capital lusa, para ver las actuaciones de Rolling Stones, Linkin Park o Robbie Williams, entre otros artistas. As\u00ed, son ya m\u00e1s de dos millones de personas\" \/>\n\t\t<meta name=\"twitter:image\" content=\"https:\/\/eldigitaldeasturias.com\/magazine365\/wp-content\/uploads\/2014\/06\/6325985w.jpg\" \/>\n\t\t<script type=\"application\/ld+json\" class=\"aioseo-schema\">\n\t\t\t{\"@context\":\"https:\\\/\\\/schema.org\",\"@graph\":[{\"@type\":\"Article\",\"@id\":\"https:\\\/\\\/eldigitaldeasturias.com\\\/magazine365\\\/mas-de-345-000-personas-acudieron-a-la-sexta-edicion-del-rock-in-rio-lisboa\\\/#article\",\"name\":\"M\\u00e1s de 345.000 personas acudieron a la sexta edici\\u00f3n del Rock in R\\u00edo Lisboa | El Digital de Asturias\",\"headline\":\"M\\u00e1s de 345.000 personas acudieron a la sexta edici\\u00f3n del Rock in R\\u00edo Lisboa\",\"author\":{\"@id\":\"https:\\\/\\\/eldigitaldeasturias.com\\\/magazine365\\\/author\\\/admin\\\/#author\"},\"publisher\":{\"@id\":\"https:\\\/\\\/eldigitaldeasturias.com\\\/magazine365\\\/#organization\"},\"image\":{\"@type\":\"ImageObject\",\"url\":\"https:\\\/\\\/eldigitaldeasturias.com\\\/magazine365\\\/wp-content\\\/uploads\\\/2014\\\/06\\\/6325985w.jpg\",\"width\":800,\"height\":523},\"datePublished\":\"2014-06-02T23:51:09+02:00\",\"dateModified\":\"2014-06-02T23:51:09+02:00\",\"inLanguage\":\"es-ES\",\"mainEntityOfPage\":{\"@id\":\"https:\\\/\\\/eldigitaldeasturias.com\\\/magazine365\\\/mas-de-345-000-personas-acudieron-a-la-sexta-edicion-del-rock-in-rio-lisboa\\\/#webpage\"},\"isPartOf\":{\"@id\":\"https:\\\/\\\/eldigitaldeasturias.com\\\/magazine365\\\/mas-de-345-000-personas-acudieron-a-la-sexta-edicion-del-rock-in-rio-lisboa\\\/#webpage\"},\"articleSection\":\"Noticias y Actualidad\"},{\"@type\":\"BreadcrumbList\",\"@id\":\"https:\\\/\\\/eldigitaldeasturias.com\\\/magazine365\\\/mas-de-345-000-personas-acudieron-a-la-sexta-edicion-del-rock-in-rio-lisboa\\\/#breadcrumblist\",\"itemListElement\":[{\"@type\":\"ListItem\",\"@id\":\"https:\\\/\\\/eldigitaldeasturias.com\\\/magazine365#listItem\",\"position\":1,\"name\":\"Home\",\"item\":\"https:\\\/\\\/eldigitaldeasturias.com\\\/magazine365\",\"nextItem\":{\"@type\":\"ListItem\",\"@id\":\"https:\\\/\\\/eldigitaldeasturias.com\\\/magazine365\\\/category\\\/noticias-actualidad\\\/#listItem\",\"name\":\"Noticias y Actualidad\"}},{\"@type\":\"ListItem\",\"@id\":\"https:\\\/\\\/eldigitaldeasturias.com\\\/magazine365\\\/category\\\/noticias-actualidad\\\/#listItem\",\"position\":2,\"name\":\"Noticias y Actualidad\",\"item\":\"https:\\\/\\\/eldigitaldeasturias.com\\\/magazine365\\\/category\\\/noticias-actualidad\\\/\",\"nextItem\":{\"@type\":\"ListItem\",\"@id\":\"https:\\\/\\\/eldigitaldeasturias.com\\\/magazine365\\\/mas-de-345-000-personas-acudieron-a-la-sexta-edicion-del-rock-in-rio-lisboa\\\/#listItem\",\"name\":\"M\\u00e1s de 345.000 personas acudieron a la sexta edici\\u00f3n del Rock in R\\u00edo Lisboa\"},\"previousItem\":{\"@type\":\"ListItem\",\"@id\":\"https:\\\/\\\/eldigitaldeasturias.com\\\/magazine365#listItem\",\"name\":\"Home\"}},{\"@type\":\"ListItem\",\"@id\":\"https:\\\/\\\/eldigitaldeasturias.com\\\/magazine365\\\/mas-de-345-000-personas-acudieron-a-la-sexta-edicion-del-rock-in-rio-lisboa\\\/#listItem\",\"position\":3,\"name\":\"M\\u00e1s de 345.000 personas acudieron a la sexta edici\\u00f3n del Rock in R\\u00edo Lisboa\",\"previousItem\":{\"@type\":\"ListItem\",\"@id\":\"https:\\\/\\\/eldigitaldeasturias.com\\\/magazine365\\\/category\\\/noticias-actualidad\\\/#listItem\",\"name\":\"Noticias y Actualidad\"}}]},{\"@type\":\"Organization\",\"@id\":\"https:\\\/\\\/eldigitaldeasturias.com\\\/magazine365\\\/#organization\",\"name\":\"El digital de Asturias\",\"description\":\"Revista de ocio, turismo y estilo de vida\",\"url\":\"https:\\\/\\\/eldigitaldeasturias.com\\\/magazine365\\\/\",\"logo\":{\"@type\":\"ImageObject\",\"url\":\"https:\\\/\\\/www.eldigitaldeasturias.com\\\/noticias\\\/wp-content\\\/uploads\\\/2020\\\/12\\\/EDA.jpg\",\"@id\":\"https:\\\/\\\/eldigitaldeasturias.com\\\/magazine365\\\/mas-de-345-000-personas-acudieron-a-la-sexta-edicion-del-rock-in-rio-lisboa\\\/#organizationLogo\"},\"image\":{\"@id\":\"https:\\\/\\\/eldigitaldeasturias.com\\\/magazine365\\\/mas-de-345-000-personas-acudieron-a-la-sexta-edicion-del-rock-in-rio-lisboa\\\/#organizationLogo\"}},{\"@type\":\"Person\",\"@id\":\"https:\\\/\\\/eldigitaldeasturias.com\\\/magazine365\\\/author\\\/admin\\\/#author\",\"url\":\"https:\\\/\\\/eldigitaldeasturias.com\\\/magazine365\\\/author\\\/admin\\\/\",\"name\":\"admin\",\"image\":{\"@type\":\"ImageObject\",\"@id\":\"https:\\\/\\\/eldigitaldeasturias.com\\\/magazine365\\\/mas-de-345-000-personas-acudieron-a-la-sexta-edicion-del-rock-in-rio-lisboa\\\/#authorImage\",\"url\":\"https:\\\/\\\/eldigitaldeasturias.com\\\/magazine365\\\/wp-content\\\/litespeed\\\/avatar\\\/e571bcf59a0edd6fa6838245a470f2fe.jpg?ver=1777574230\",\"width\":96,\"height\":96,\"caption\":\"admin\"}},{\"@type\":\"WebPage\",\"@id\":\"https:\\\/\\\/eldigitaldeasturias.com\\\/magazine365\\\/mas-de-345-000-personas-acudieron-a-la-sexta-edicion-del-rock-in-rio-lisboa\\\/#webpage\",\"url\":\"https:\\\/\\\/eldigitaldeasturias.com\\\/magazine365\\\/mas-de-345-000-personas-acudieron-a-la-sexta-edicion-del-rock-in-rio-lisboa\\\/\",\"name\":\"M\\u00e1s de 345.000 personas acudieron a la sexta edici\\u00f3n del Rock in R\\u00edo Lisboa | El Digital de Asturias\",\"description\":\"Lisboa, 2 jun (EFE).- M\\u00e1s de 345.000 personas asistieron a la \\u00faltima edici\\u00f3n de Rock in R\\u00edo en Lisboa, la sexta en diez a\\u00f1os que se celebra en la capital lusa, para ver las actuaciones de Rolling Stones, Linkin Park o Robbie Williams, entre otros artistas. As\\u00ed, son ya m\\u00e1s de dos millones de personas\",\"inLanguage\":\"es-ES\",\"isPartOf\":{\"@id\":\"https:\\\/\\\/eldigitaldeasturias.com\\\/magazine365\\\/#website\"},\"breadcrumb\":{\"@id\":\"https:\\\/\\\/eldigitaldeasturias.com\\\/magazine365\\\/mas-de-345-000-personas-acudieron-a-la-sexta-edicion-del-rock-in-rio-lisboa\\\/#breadcrumblist\"},\"author\":{\"@id\":\"https:\\\/\\\/eldigitaldeasturias.com\\\/magazine365\\\/author\\\/admin\\\/#author\"},\"creator\":{\"@id\":\"https:\\\/\\\/eldigitaldeasturias.com\\\/magazine365\\\/author\\\/admin\\\/#author\"},\"image\":{\"@type\":\"ImageObject\",\"url\":\"https:\\\/\\\/eldigitaldeasturias.com\\\/magazine365\\\/wp-content\\\/uploads\\\/2014\\\/06\\\/6325985w.jpg\",\"@id\":\"https:\\\/\\\/eldigitaldeasturias.com\\\/magazine365\\\/mas-de-345-000-personas-acudieron-a-la-sexta-edicion-del-rock-in-rio-lisboa\\\/#mainImage\",\"width\":800,\"height\":523},\"primaryImageOfPage\":{\"@id\":\"https:\\\/\\\/eldigitaldeasturias.com\\\/magazine365\\\/mas-de-345-000-personas-acudieron-a-la-sexta-edicion-del-rock-in-rio-lisboa\\\/#mainImage\"},\"datePublished\":\"2014-06-02T23:51:09+02:00\",\"dateModified\":\"2014-06-02T23:51:09+02:00\"},{\"@type\":\"WebSite\",\"@id\":\"https:\\\/\\\/eldigitaldeasturias.com\\\/magazine365\\\/#website\",\"url\":\"https:\\\/\\\/eldigitaldeasturias.com\\\/magazine365\\\/\",\"name\":\"El Digital de Asturias\",\"description\":\"Revista de ocio, turismo y estilo de vida\",\"inLanguage\":\"es-ES\",\"publisher\":{\"@id\":\"https:\\\/\\\/eldigitaldeasturias.com\\\/magazine365\\\/#organization\"}}]}\n\t\t<\/script>\n\t\t<!-- All in One SEO Pro -->\r\n\t\t<title>M\u00e1s de 345.000 personas acudieron a la sexta edici\u00f3n del Rock in R\u00edo Lisboa | El Digital de Asturias<\/title>\n\n","aioseo_head_json":{"title":"M\u00e1s de 345.000 personas acudieron a la sexta edici\u00f3n del Rock in R\u00edo Lisboa | El Digital de Asturias","description":"Lisboa, 2 jun (EFE).- M\u00e1s de 345.000 personas asistieron a la \u00faltima edici\u00f3n de Rock in R\u00edo en Lisboa, la sexta en diez a\u00f1os que se celebra en la capital lusa, para ver las actuaciones de Rolling Stones, Linkin Park o Robbie Williams, entre otros artistas. As\u00ed, son ya m\u00e1s de dos millones de personas","canonical_url":"https:\/\/eldigitaldeasturias.com\/magazine365\/mas-de-345-000-personas-acudieron-a-la-sexta-edicion-del-rock-in-rio-lisboa\/","robots":"max-image-preview:large","keywords":"noticias y actualidad","webmasterTools":{"google-site-verification":"UA-38556648-1","miscellaneous":""},"schema":{"@context":"https:\/\/schema.org","@graph":[{"@type":"Article","@id":"https:\/\/eldigitaldeasturias.com\/magazine365\/mas-de-345-000-personas-acudieron-a-la-sexta-edicion-del-rock-in-rio-lisboa\/#article","name":"M\u00e1s de 345.000 personas acudieron a la sexta edici\u00f3n del Rock in R\u00edo Lisboa | El Digital de Asturias","headline":"M\u00e1s de 345.000 personas acudieron a la sexta edici\u00f3n del Rock in R\u00edo Lisboa","author":{"@id":"https:\/\/eldigitaldeasturias.com\/magazine365\/author\/admin\/#author"},"publisher":{"@id":"https:\/\/eldigitaldeasturias.com\/magazine365\/#organization"},"image":{"@type":"ImageObject","url":"https:\/\/eldigitaldeasturias.com\/magazine365\/wp-content\/uploads\/2014\/06\/6325985w.jpg","width":800,"height":523},"datePublished":"2014-06-02T23:51:09+02:00","dateModified":"2014-06-02T23:51:09+02:00","inLanguage":"es-ES","mainEntityOfPage":{"@id":"https:\/\/eldigitaldeasturias.com\/magazine365\/mas-de-345-000-personas-acudieron-a-la-sexta-edicion-del-rock-in-rio-lisboa\/#webpage"},"isPartOf":{"@id":"https:\/\/eldigitaldeasturias.com\/magazine365\/mas-de-345-000-personas-acudieron-a-la-sexta-edicion-del-rock-in-rio-lisboa\/#webpage"},"articleSection":"Noticias y Actualidad"},{"@type":"BreadcrumbList","@id":"https:\/\/eldigitaldeasturias.com\/magazine365\/mas-de-345-000-personas-acudieron-a-la-sexta-edicion-del-rock-in-rio-lisboa\/#breadcrumblist","itemListElement":[{"@type":"ListItem","@id":"https:\/\/eldigitaldeasturias.com\/magazine365#listItem","position":1,"name":"Home","item":"https:\/\/eldigitaldeasturias.com\/magazine365","nextItem":{"@type":"ListItem","@id":"https:\/\/eldigitaldeasturias.com\/magazine365\/category\/noticias-actualidad\/#listItem","name":"Noticias y Actualidad"}},{"@type":"ListItem","@id":"https:\/\/eldigitaldeasturias.com\/magazine365\/category\/noticias-actualidad\/#listItem","position":2,"name":"Noticias y Actualidad","item":"https:\/\/eldigitaldeasturias.com\/magazine365\/category\/noticias-actualidad\/","nextItem":{"@type":"ListItem","@id":"https:\/\/eldigitaldeasturias.com\/magazine365\/mas-de-345-000-personas-acudieron-a-la-sexta-edicion-del-rock-in-rio-lisboa\/#listItem","name":"M\u00e1s de 345.000 personas acudieron a la sexta edici\u00f3n del Rock in R\u00edo Lisboa"},"previousItem":{"@type":"ListItem","@id":"https:\/\/eldigitaldeasturias.com\/magazine365#listItem","name":"Home"}},{"@type":"ListItem","@id":"https:\/\/eldigitaldeasturias.com\/magazine365\/mas-de-345-000-personas-acudieron-a-la-sexta-edicion-del-rock-in-rio-lisboa\/#listItem","position":3,"name":"M\u00e1s de 345.000 personas acudieron a la sexta edici\u00f3n del Rock in R\u00edo Lisboa","previousItem":{"@type":"ListItem","@id":"https:\/\/eldigitaldeasturias.com\/magazine365\/category\/noticias-actualidad\/#listItem","name":"Noticias y Actualidad"}}]},{"@type":"Organization","@id":"https:\/\/eldigitaldeasturias.com\/magazine365\/#organization","name":"El digital de Asturias","description":"Revista de ocio, turismo y estilo de vida","url":"https:\/\/eldigitaldeasturias.com\/magazine365\/","logo":{"@type":"ImageObject","url":"https:\/\/www.eldigitaldeasturias.com\/noticias\/wp-content\/uploads\/2020\/12\/EDA.jpg","@id":"https:\/\/eldigitaldeasturias.com\/magazine365\/mas-de-345-000-personas-acudieron-a-la-sexta-edicion-del-rock-in-rio-lisboa\/#organizationLogo"},"image":{"@id":"https:\/\/eldigitaldeasturias.com\/magazine365\/mas-de-345-000-personas-acudieron-a-la-sexta-edicion-del-rock-in-rio-lisboa\/#organizationLogo"}},{"@type":"Person","@id":"https:\/\/eldigitaldeasturias.com\/magazine365\/author\/admin\/#author","url":"https:\/\/eldigitaldeasturias.com\/magazine365\/author\/admin\/","name":"admin","image":{"@type":"ImageObject","@id":"https:\/\/eldigitaldeasturias.com\/magazine365\/mas-de-345-000-personas-acudieron-a-la-sexta-edicion-del-rock-in-rio-lisboa\/#authorImage","url":"https:\/\/eldigitaldeasturias.com\/magazine365\/wp-content\/litespeed\/avatar\/e571bcf59a0edd6fa6838245a470f2fe.jpg?ver=1777574230","width":96,"height":96,"caption":"admin"}},{"@type":"WebPage","@id":"https:\/\/eldigitaldeasturias.com\/magazine365\/mas-de-345-000-personas-acudieron-a-la-sexta-edicion-del-rock-in-rio-lisboa\/#webpage","url":"https:\/\/eldigitaldeasturias.com\/magazine365\/mas-de-345-000-personas-acudieron-a-la-sexta-edicion-del-rock-in-rio-lisboa\/","name":"M\u00e1s de 345.000 personas acudieron a la sexta edici\u00f3n del Rock in R\u00edo Lisboa | El Digital de Asturias","description":"Lisboa, 2 jun (EFE).- M\u00e1s de 345.000 personas asistieron a la \u00faltima edici\u00f3n de Rock in R\u00edo en Lisboa, la sexta en diez a\u00f1os que se celebra en la capital lusa, para ver las actuaciones de Rolling Stones, Linkin Park o Robbie Williams, entre otros artistas. As\u00ed, son ya m\u00e1s de dos millones de personas","inLanguage":"es-ES","isPartOf":{"@id":"https:\/\/eldigitaldeasturias.com\/magazine365\/#website"},"breadcrumb":{"@id":"https:\/\/eldigitaldeasturias.com\/magazine365\/mas-de-345-000-personas-acudieron-a-la-sexta-edicion-del-rock-in-rio-lisboa\/#breadcrumblist"},"author":{"@id":"https:\/\/eldigitaldeasturias.com\/magazine365\/author\/admin\/#author"},"creator":{"@id":"https:\/\/eldigitaldeasturias.com\/magazine365\/author\/admin\/#author"},"image":{"@type":"ImageObject","url":"https:\/\/eldigitaldeasturias.com\/magazine365\/wp-content\/uploads\/2014\/06\/6325985w.jpg","@id":"https:\/\/eldigitaldeasturias.com\/magazine365\/mas-de-345-000-personas-acudieron-a-la-sexta-edicion-del-rock-in-rio-lisboa\/#mainImage","width":800,"height":523},"primaryImageOfPage":{"@id":"https:\/\/eldigitaldeasturias.com\/magazine365\/mas-de-345-000-personas-acudieron-a-la-sexta-edicion-del-rock-in-rio-lisboa\/#mainImage"},"datePublished":"2014-06-02T23:51:09+02:00","dateModified":"2014-06-02T23:51:09+02:00"},{"@type":"WebSite","@id":"https:\/\/eldigitaldeasturias.com\/magazine365\/#website","url":"https:\/\/eldigitaldeasturias.com\/magazine365\/","name":"El Digital de Asturias","description":"Revista de ocio, turismo y estilo de vida","inLanguage":"es-ES","publisher":{"@id":"https:\/\/eldigitaldeasturias.com\/magazine365\/#organization"}}]},"og:locale":"es_ES","og:site_name":"El Digital de Asturias \u2013 Revista de ocio, turismo y estilo de vida","og:type":"article","og:title":"M\u00e1s de 345.000 personas acudieron a la sexta edici\u00f3n del Rock in R\u00edo Lisboa | El Digital de Asturias","og:description":"Lisboa, 2 jun (EFE).- M\u00e1s de 345.000 personas asistieron a la \u00faltima edici\u00f3n de Rock in R\u00edo en Lisboa, la sexta en diez a\u00f1os que se celebra en la capital lusa, para ver las actuaciones de Rolling Stones, Linkin Park o Robbie Williams, entre otros artistas. As\u00ed, son ya m\u00e1s de dos millones de personas","og:url":"https:\/\/eldigitaldeasturias.com\/magazine365\/mas-de-345-000-personas-acudieron-a-la-sexta-edicion-del-rock-in-rio-lisboa\/","og:image":"https:\/\/eldigitaldeasturias.com\/magazine365\/wp-content\/uploads\/2014\/06\/6325985w.jpg","og:image:secure_url":"https:\/\/eldigitaldeasturias.com\/magazine365\/wp-content\/uploads\/2014\/06\/6325985w.jpg","og:image:width":800,"og:image:height":523,"article:published_time":"2014-06-03T01:51:09+00:00","article:modified_time":"2014-06-03T01:51:09+00:00","twitter:card":"summary_large_image","twitter:title":"M\u00e1s de 345.000 personas acudieron a la sexta edici\u00f3n del Rock in R\u00edo Lisboa | El Digital de Asturias","twitter:description":"Lisboa, 2 jun (EFE).- M\u00e1s de 345.000 personas asistieron a la \u00faltima edici\u00f3n de Rock in R\u00edo en Lisboa, la sexta en diez a\u00f1os que se celebra en la capital lusa, para ver las actuaciones de Rolling Stones, Linkin Park o Robbie Williams, entre otros artistas. As\u00ed, son ya m\u00e1s de dos millones de personas","twitter:image":"https:\/\/eldigitaldeasturias.com\/magazine365\/wp-content\/uploads\/2014\/06\/6325985w.jpg"},"aioseo_meta_data":{"post_id":"14823","title":null,"description":null,"keywords":null,"keyphrases":null,"primary_term":null,"canonical_url":null,"og_title":null,"og_description":null,"og_object_type":"default","og_image_type":"default","og_image_url":null,"og_image_width":null,"og_image_height":null,"og_image_custom_url":null,"og_image_custom_fields":null,"og_video":null,"og_custom_url":null,"og_article_section":null,"og_article_tags":null,"twitter_use_og":false,"twitter_card":"default","twitter_image_type":"default","twitter_image_url":null,"twitter_image_custom_url":null,"twitter_image_custom_fields":null,"twitter_title":null,"twitter_description":null,"schema":{"blockGraphs":[],"customGraphs":[],"default":{"data":{"Article":[],"Course":[],"Dataset":[],"FAQPage":[],"Movie":[],"Person":[],"Product":[],"ProductReview":[],"Car":[],"Recipe":[],"Service":[],"SoftwareApplication":[],"WebPage":[]},"graphName":"","isEnabled":true},"graphs":[],"defaultGraph":"","defaultPostTypeGraph":""},"schema_type":null,"schema_type_options":null,"pillar_content":false,"robots_default":true,"robots_noindex":false,"robots_noarchive":false,"robots_nosnippet":false,"robots_nofollow":false,"robots_noimageindex":false,"robots_noodp":false,"robots_notranslate":false,"robots_max_snippet":null,"robots_max_videopreview":null,"robots_max_imagepreview":"large","priority":null,"frequency":null,"location":null,"local_seo":null,"seo_analyzer_scan_date":"2025-09-17 10:53:01","breadcrumb_settings":null,"limit_modified_date":false,"open_ai":null,"ai":null,"created":"2021-03-09 08:09:41","updated":"2025-09-17 10:53:01"},"aioseo_breadcrumb":"<div class=\"aioseo-breadcrumbs\"><span class=\"aioseo-breadcrumb\">\n\t<a href=\"https:\/\/eldigitaldeasturias.com\/magazine365\" title=\"Home\">Home<\/a>\n<\/span><span class=\"aioseo-breadcrumb-separator\">\u2013<\/span><span class=\"aioseo-breadcrumb\">\n\t<a href=\"https:\/\/eldigitaldeasturias.com\/magazine365\/category\/noticias-actualidad\/\" title=\"Noticias y Actualidad\">Noticias y Actualidad<\/a>\n<\/span><span class=\"aioseo-breadcrumb-separator\">\u2013<\/span><span class=\"aioseo-breadcrumb\">\n\t<a href=\"https:\/\/eldigitaldeasturias.com\/magazine365\/mas-de-345-000-personas-acudieron-a-la-sexta-edicion-del-rock-in-rio-lisboa\/\" title=\"M\u00e1s de 345.000 personas acudieron a la sexta edici\u00f3n del Rock in R\u00edo Lisboa\">M\u00e1s de 345.000 personas acudieron a la sexta edici\u00f3n del Rock in R\u00edo Lisboa<\/a>\n<\/span><\/div>","aioseo_breadcrumb_json":[{"label":"Home","link":"https:\/\/eldigitaldeasturias.com\/magazine365"},{"label":"Noticias y Actualidad","link":"https:\/\/eldigitaldeasturias.com\/magazine365\/category\/noticias-actualidad\/"},{"label":"M\u00e1s de 345.000 personas acudieron a la sexta edici\u00f3n del Rock in R\u00edo Lisboa","link":"https:\/\/eldigitaldeasturias.com\/magazine365\/mas-de-345-000-personas-acudieron-a-la-sexta-edicion-del-rock-in-rio-lisboa\/"}],"_links":{"self":[{"href":"https:\/\/eldigitaldeasturias.com\/magazine365\/wp-json\/wp\/v2\/posts\/14823","targetHints":{"allow":["GET"]}}],"collection":[{"href":"https:\/\/eldigitaldeasturias.com\/magazine365\/wp-json\/wp\/v2\/posts"}],"about":[{"href":"https:\/\/eldigitaldeasturias.com\/magazine365\/wp-json\/wp\/v2\/types\/post"}],"author":[{"embeddable":true,"href":"https:\/\/eldigitaldeasturias.com\/magazine365\/wp-json\/wp\/v2\/users\/1"}],"replies":[{"embeddable":true,"href":"https:\/\/eldigitaldeasturias.com\/magazine365\/wp-json\/wp\/v2\/comments?post=14823"}],"version-history":[{"count":0,"href":"https:\/\/eldigitaldeasturias.com\/magazine365\/wp-json\/wp\/v2\/posts\/14823\/revisions"}],"wp:featuredmedia":[{"embeddable":true,"href":"https:\/\/eldigitaldeasturias.com\/magazine365\/wp-json\/wp\/v2\/media\/14824"}],"wp:attachment":[{"href":"https:\/\/eldigitaldeasturias.com\/magazine365\/wp-json\/wp\/v2\/media?parent=14823"}],"wp:term":[{"taxonomy":"category","embeddable":true,"href":"https:\/\/eldigitaldeasturias.com\/magazine365\/wp-json\/wp\/v2\/categories?post=14823"},{"taxonomy":"post_tag","embeddable":true,"href":"https:\/\/eldigitaldeasturias.com\/magazine365\/wp-json\/wp\/v2\/tags?post=14823"}],"curies":[{"name":"wp","href":"https:\/\/api.w.org\/{rel}","templated":true}]}}