{"id":14820,"date":"2014-06-02T23:49:23","date_gmt":"2014-06-03T01:49:23","guid":{"rendered":"http:\/\/eldigitaldeasturias.com\/magazine365\/?p=14820"},"modified":"2014-06-02T23:49:48","modified_gmt":"2014-06-03T01:49:48","slug":"los-del-rio-dicen-que-la-profesionalidad-ha-hecho-posible-sus-50-anos-de-carrera-musical","status":"publish","type":"post","link":"https:\/\/eldigitaldeasturias.com\/magazine365\/los-del-rio-dicen-que-la-profesionalidad-ha-hecho-posible-sus-50-anos-de-carrera-musical\/","title":{"rendered":"Los del R\u00edo dicen que la profesionalidad ha hecho posible sus 50 a\u00f1os de carrera musical"},"content":{"rendered":"<p><img fetchpriority=\"high\" decoding=\"async\" class=\"alignleft size-medium wp-image-14821\" alt=\"6326100w\" src=\"https:\/\/eldigitaldeasturias.com\/magazine365\/wp-content\/uploads\/2014\/06\/6326100w-360x238.jpg\" width=\"360\" height=\"238\" \/>Ceuta, 2 jun (EFE).- A pesar de que sus inicios musicales se remontan al a\u00f1o 1962, Los del R\u00edo siguen estando convencidos de que se encuentran \u00abtotalmente vigentes\u00bb porque siempre hay un hueco para su m\u00fasica en cualquier celebraci\u00f3n. \u00abSomos una terapia\u00bb, afirman estos dos sevillanos.<\/p>\n<p>Antonio Romero Monge y Rafael Ruiz Perdigones, d\u00fao musical conocido como Los del R\u00edo, estiman que en estos tiempos que corren su m\u00fasica de flamenco pop y rumba flamenca tiene m\u00e1s trascendencia, \u00abya que todo el mundo tiene la necesidad de darle alegr\u00eda al cuerpo\u00bb.<\/p>\n<p>En una entrevista con EFE en Ceuta, donde este fin de semana han actuado en el marco de la \u00abFeria de D\u00eda\u00bb, estos sevillanos reflexionan sobre su m\u00fasica. \u00abAyudamos a que familias enteras vengan a vernos y a pesar de que tienen problemas el rato que est\u00e1n con nosotros lo pasan bien y para nosotros es una satisfacci\u00f3n tremenda porque somos una terapia importante\u00bb, apunta Rafael Ruiz.<\/p>\n<p>La profesionalidad y sus ra\u00edces son dos de sus principales secretos para mantenerse m\u00e1s de medio siglo en activo. \u00abHay que tener mucha profesionalidad porque hemos pasado hambre en este mundo de la m\u00fasica, es decir, pasa igual que con los buenos toreros\u00bb.<\/p>\n<p>\u00abNosotros venimos de la escuela de Lola Flores, Enrique Montoya o Tatiana Reina, empezamos en Madrid con Paco de Luc\u00eda o Camar\u00f3n y tambi\u00e9n estaba llegando Jos\u00e9 Merc\u00e9, es decir, venimos de una escuela flamenca muy importante y cuando hay ra\u00edces y profesionalidad ve uno que las cosas funcionan\u00bb, nos dice Antonio Romero.<\/p>\n<p>No obstante, quieren dejar claro que el escenario es \u00abmuy duro y hay que saberlo manejar\u00bb pero no opinan que cualquier tiempo pasado fue mejor. \u00abVivimos el presente y el futuro nuestro es el presente pero no podemos olvidarnos del pasado ni de d\u00f3nde venimos\u00bb, afirma Rafael Ru\u00edz.<\/p>\n<p>Con la m\u00fasica de \u00abMacarena\u00bb, compuesta en el a\u00f1o 1993, todav\u00eda de fondo se refieren al panorama actual con estos t\u00e9rminos: \u00aben 50 a\u00f1os de historia musical hemos conocido muchas crisis y de todas se ha salido, esta no ser\u00e1 una excepci\u00f3n\u00bb, ha dicho a Efe Antonio Romero.<\/p>\n<p>Pero no disimulan las dificultades actuales. \u00abEst\u00e1 complicado todo y los artistas no vamos a ser una excepci\u00f3n porque la crisis la nota todo el mundo. Ahora nadie pega un pelotazo con un disco porque no se compran discos, es decir, esperamos que esto sea algo pasajero y que todo el mundo trabaje m\u00e1s, no s\u00f3lo los artistas sino el que tiene un puesto de pescado o el que vende cervezas\u00bb.<\/p>\n<p>\u00abLos del R\u00edo\u00bb s\u00ed huyen de los artistas que aparecen de la nada y luego desaparecen. \u00abCuando hay materia prima la gente se pone boca abajo y boca arriba porque son muchos a\u00f1os viendo la reacci\u00f3n del p\u00fablico. Nosotros hacemos un espect\u00e1culo intentando que el p\u00fablico lo pase bien y participe con nosotros\u00bb, comenta Rafael Ruiz.<\/p>\n<p>Con m\u00e1s de treinta discos en el mercado y numerosos premios, Rafael Ruiz apunta que \u00absiempre hay un hueco en cualquier verbena, evento o fiesta\u00bb para este grupo. \u00abTenemos la oficina abierta para todos y dispuestos a llevarle la alegr\u00eda al pueblo\u00bb.<\/p>\n<p>A\u00f1aden que ya est\u00e1n \u00abcomo locos\u00bb por volver a Ceuta. \u00abEsperamos que no sea la \u00faltima vez que pisamos esta ciudad porque cuando la gente ve que sudas la camiseta se entrega al m\u00e1ximo y eso es muy bonito\u00bb, ha agregado Antonio Romero.<\/p>\n<p>Rafael Pe\u00f1a<\/p>\n","protected":false},"excerpt":{"rendered":"<p>Ceuta, 2 jun (EFE).- A pesar de que sus inicios musicales se remontan al a\u00f1o 1962, Los del R\u00edo siguen estando convencidos de que se encuentran \u00abtotalmente vigentes\u00bb porque siempre hay un hueco para su m\u00fasica en cualquier celebraci\u00f3n. \u00abSomos una terapia\u00bb, afirman estos dos sevillanos. Antonio Romero Monge y Rafael Ruiz Perdigones, d\u00fao musical<\/p>\n","protected":false},"author":1,"featured_media":14821,"comment_status":"open","ping_status":"closed","sticky":false,"template":"","format":"standard","meta":{"footnotes":""},"categories":[224],"tags":[],"class_list":{"0":"post-14820","1":"post","2":"type-post","3":"status-publish","4":"format-standard","5":"has-post-thumbnail","7":"category-noticias-actualidad"},"aioseo_notices":[],"aioseo_head":"\n\t\t<!-- All in One SEO Pro 4.9.6.1 - aioseo.com -->\n\t<meta name=\"description\" content=\"Ceuta, 2 jun (EFE).- A pesar de que sus inicios musicales se remontan al a\u00f1o 1962, Los del R\u00edo siguen estando convencidos de que se encuentran &quot;totalmente vigentes&quot; porque siempre hay un hueco para su m\u00fasica en cualquier celebraci\u00f3n. &quot;Somos una terapia&quot;, afirman estos dos sevillanos. Antonio Romero Monge y Rafael Ruiz Perdigones, d\u00fao musical\" \/>\n\t<meta name=\"robots\" content=\"max-image-preview:large\" \/>\n\t<meta name=\"author\" content=\"admin\"\/>\n\t<meta name=\"google-site-verification\" content=\"UA-38556648-1\" \/>\n\t<meta name=\"keywords\" content=\"noticias y actualidad\" \/>\n\t<link rel=\"canonical\" href=\"https:\/\/eldigitaldeasturias.com\/magazine365\/los-del-rio-dicen-que-la-profesionalidad-ha-hecho-posible-sus-50-anos-de-carrera-musical\/\" \/>\n\t<meta name=\"generator\" content=\"All in One SEO Pro (AIOSEO) 4.9.6.1\" \/>\n\t\t<meta property=\"og:locale\" content=\"es_ES\" \/>\n\t\t<meta property=\"og:site_name\" content=\"El Digital de Asturias \u2013 Revista de ocio, turismo y estilo de vida\" \/>\n\t\t<meta property=\"og:type\" content=\"article\" \/>\n\t\t<meta property=\"og:title\" content=\"Los del R\u00edo dicen que la profesionalidad ha hecho posible sus 50 a\u00f1os de carrera musical | El Digital de Asturias\" \/>\n\t\t<meta property=\"og:description\" content=\"Ceuta, 2 jun (EFE).- A pesar de que sus inicios musicales se remontan al a\u00f1o 1962, Los del R\u00edo siguen estando convencidos de que se encuentran &quot;totalmente vigentes&quot; porque siempre hay un hueco para su m\u00fasica en cualquier celebraci\u00f3n. &quot;Somos una terapia&quot;, afirman estos dos sevillanos. Antonio Romero Monge y Rafael Ruiz Perdigones, d\u00fao musical\" \/>\n\t\t<meta property=\"og:url\" content=\"https:\/\/eldigitaldeasturias.com\/magazine365\/los-del-rio-dicen-que-la-profesionalidad-ha-hecho-posible-sus-50-anos-de-carrera-musical\/\" \/>\n\t\t<meta property=\"og:image\" content=\"https:\/\/eldigitaldeasturias.com\/magazine365\/wp-content\/uploads\/2014\/06\/6326100w.jpg\" \/>\n\t\t<meta property=\"og:image:secure_url\" content=\"https:\/\/eldigitaldeasturias.com\/magazine365\/wp-content\/uploads\/2014\/06\/6326100w.jpg\" \/>\n\t\t<meta property=\"og:image:width\" content=\"800\" \/>\n\t\t<meta property=\"og:image:height\" content=\"530\" \/>\n\t\t<meta property=\"article:published_time\" content=\"2014-06-03T01:49:23+00:00\" \/>\n\t\t<meta property=\"article:modified_time\" content=\"2014-06-03T01:49:48+00:00\" \/>\n\t\t<meta name=\"twitter:card\" content=\"summary_large_image\" \/>\n\t\t<meta name=\"twitter:title\" content=\"Los del R\u00edo dicen que la profesionalidad ha hecho posible sus 50 a\u00f1os de carrera musical | El Digital de Asturias\" \/>\n\t\t<meta name=\"twitter:description\" content=\"Ceuta, 2 jun (EFE).- A pesar de que sus inicios musicales se remontan al a\u00f1o 1962, Los del R\u00edo siguen estando convencidos de que se encuentran &quot;totalmente vigentes&quot; porque siempre hay un hueco para su m\u00fasica en cualquier celebraci\u00f3n. &quot;Somos una terapia&quot;, afirman estos dos sevillanos. Antonio Romero Monge y Rafael Ruiz Perdigones, d\u00fao musical\" \/>\n\t\t<meta name=\"twitter:image\" content=\"https:\/\/eldigitaldeasturias.com\/magazine365\/wp-content\/uploads\/2014\/06\/6326100w.jpg\" \/>\n\t\t<script type=\"application\/ld+json\" class=\"aioseo-schema\">\n\t\t\t{\"@context\":\"https:\\\/\\\/schema.org\",\"@graph\":[{\"@type\":\"Article\",\"@id\":\"https:\\\/\\\/eldigitaldeasturias.com\\\/magazine365\\\/los-del-rio-dicen-que-la-profesionalidad-ha-hecho-posible-sus-50-anos-de-carrera-musical\\\/#article\",\"name\":\"Los del R\\u00edo dicen que la profesionalidad ha hecho posible sus 50 a\\u00f1os de carrera musical | El Digital de Asturias\",\"headline\":\"Los del R\\u00edo dicen que la profesionalidad ha hecho posible sus 50 a\\u00f1os de carrera musical\",\"author\":{\"@id\":\"https:\\\/\\\/eldigitaldeasturias.com\\\/magazine365\\\/author\\\/admin\\\/#author\"},\"publisher\":{\"@id\":\"https:\\\/\\\/eldigitaldeasturias.com\\\/magazine365\\\/#organization\"},\"image\":{\"@type\":\"ImageObject\",\"url\":\"https:\\\/\\\/eldigitaldeasturias.com\\\/magazine365\\\/wp-content\\\/uploads\\\/2014\\\/06\\\/6326100w.jpg\",\"width\":800,\"height\":530},\"datePublished\":\"2014-06-02T23:49:23+02:00\",\"dateModified\":\"2014-06-02T23:49:48+02:00\",\"inLanguage\":\"es-ES\",\"mainEntityOfPage\":{\"@id\":\"https:\\\/\\\/eldigitaldeasturias.com\\\/magazine365\\\/los-del-rio-dicen-que-la-profesionalidad-ha-hecho-posible-sus-50-anos-de-carrera-musical\\\/#webpage\"},\"isPartOf\":{\"@id\":\"https:\\\/\\\/eldigitaldeasturias.com\\\/magazine365\\\/los-del-rio-dicen-que-la-profesionalidad-ha-hecho-posible-sus-50-anos-de-carrera-musical\\\/#webpage\"},\"articleSection\":\"Noticias y Actualidad\"},{\"@type\":\"BreadcrumbList\",\"@id\":\"https:\\\/\\\/eldigitaldeasturias.com\\\/magazine365\\\/los-del-rio-dicen-que-la-profesionalidad-ha-hecho-posible-sus-50-anos-de-carrera-musical\\\/#breadcrumblist\",\"itemListElement\":[{\"@type\":\"ListItem\",\"@id\":\"https:\\\/\\\/eldigitaldeasturias.com\\\/magazine365#listItem\",\"position\":1,\"name\":\"Home\",\"item\":\"https:\\\/\\\/eldigitaldeasturias.com\\\/magazine365\",\"nextItem\":{\"@type\":\"ListItem\",\"@id\":\"https:\\\/\\\/eldigitaldeasturias.com\\\/magazine365\\\/category\\\/noticias-actualidad\\\/#listItem\",\"name\":\"Noticias y Actualidad\"}},{\"@type\":\"ListItem\",\"@id\":\"https:\\\/\\\/eldigitaldeasturias.com\\\/magazine365\\\/category\\\/noticias-actualidad\\\/#listItem\",\"position\":2,\"name\":\"Noticias y Actualidad\",\"item\":\"https:\\\/\\\/eldigitaldeasturias.com\\\/magazine365\\\/category\\\/noticias-actualidad\\\/\",\"nextItem\":{\"@type\":\"ListItem\",\"@id\":\"https:\\\/\\\/eldigitaldeasturias.com\\\/magazine365\\\/los-del-rio-dicen-que-la-profesionalidad-ha-hecho-posible-sus-50-anos-de-carrera-musical\\\/#listItem\",\"name\":\"Los del R\\u00edo dicen que la profesionalidad ha hecho posible sus 50 a\\u00f1os de carrera musical\"},\"previousItem\":{\"@type\":\"ListItem\",\"@id\":\"https:\\\/\\\/eldigitaldeasturias.com\\\/magazine365#listItem\",\"name\":\"Home\"}},{\"@type\":\"ListItem\",\"@id\":\"https:\\\/\\\/eldigitaldeasturias.com\\\/magazine365\\\/los-del-rio-dicen-que-la-profesionalidad-ha-hecho-posible-sus-50-anos-de-carrera-musical\\\/#listItem\",\"position\":3,\"name\":\"Los del R\\u00edo dicen que la profesionalidad ha hecho posible sus 50 a\\u00f1os de carrera musical\",\"previousItem\":{\"@type\":\"ListItem\",\"@id\":\"https:\\\/\\\/eldigitaldeasturias.com\\\/magazine365\\\/category\\\/noticias-actualidad\\\/#listItem\",\"name\":\"Noticias y Actualidad\"}}]},{\"@type\":\"Organization\",\"@id\":\"https:\\\/\\\/eldigitaldeasturias.com\\\/magazine365\\\/#organization\",\"name\":\"El digital de Asturias\",\"description\":\"Revista de ocio, turismo y estilo de vida\",\"url\":\"https:\\\/\\\/eldigitaldeasturias.com\\\/magazine365\\\/\",\"logo\":{\"@type\":\"ImageObject\",\"url\":\"https:\\\/\\\/www.eldigitaldeasturias.com\\\/noticias\\\/wp-content\\\/uploads\\\/2020\\\/12\\\/EDA.jpg\",\"@id\":\"https:\\\/\\\/eldigitaldeasturias.com\\\/magazine365\\\/los-del-rio-dicen-que-la-profesionalidad-ha-hecho-posible-sus-50-anos-de-carrera-musical\\\/#organizationLogo\"},\"image\":{\"@id\":\"https:\\\/\\\/eldigitaldeasturias.com\\\/magazine365\\\/los-del-rio-dicen-que-la-profesionalidad-ha-hecho-posible-sus-50-anos-de-carrera-musical\\\/#organizationLogo\"}},{\"@type\":\"Person\",\"@id\":\"https:\\\/\\\/eldigitaldeasturias.com\\\/magazine365\\\/author\\\/admin\\\/#author\",\"url\":\"https:\\\/\\\/eldigitaldeasturias.com\\\/magazine365\\\/author\\\/admin\\\/\",\"name\":\"admin\",\"image\":{\"@type\":\"ImageObject\",\"@id\":\"https:\\\/\\\/eldigitaldeasturias.com\\\/magazine365\\\/los-del-rio-dicen-que-la-profesionalidad-ha-hecho-posible-sus-50-anos-de-carrera-musical\\\/#authorImage\",\"url\":\"https:\\\/\\\/eldigitaldeasturias.com\\\/magazine365\\\/wp-content\\\/litespeed\\\/avatar\\\/e571bcf59a0edd6fa6838245a470f2fe.jpg?ver=1777574230\",\"width\":96,\"height\":96,\"caption\":\"admin\"}},{\"@type\":\"WebPage\",\"@id\":\"https:\\\/\\\/eldigitaldeasturias.com\\\/magazine365\\\/los-del-rio-dicen-que-la-profesionalidad-ha-hecho-posible-sus-50-anos-de-carrera-musical\\\/#webpage\",\"url\":\"https:\\\/\\\/eldigitaldeasturias.com\\\/magazine365\\\/los-del-rio-dicen-que-la-profesionalidad-ha-hecho-posible-sus-50-anos-de-carrera-musical\\\/\",\"name\":\"Los del R\\u00edo dicen que la profesionalidad ha hecho posible sus 50 a\\u00f1os de carrera musical | El Digital de Asturias\",\"description\":\"Ceuta, 2 jun (EFE).- A pesar de que sus inicios musicales se remontan al a\\u00f1o 1962, Los del R\\u00edo siguen estando convencidos de que se encuentran \\\"totalmente vigentes\\\" porque siempre hay un hueco para su m\\u00fasica en cualquier celebraci\\u00f3n. \\\"Somos una terapia\\\", afirman estos dos sevillanos. Antonio Romero Monge y Rafael Ruiz Perdigones, d\\u00fao musical\",\"inLanguage\":\"es-ES\",\"isPartOf\":{\"@id\":\"https:\\\/\\\/eldigitaldeasturias.com\\\/magazine365\\\/#website\"},\"breadcrumb\":{\"@id\":\"https:\\\/\\\/eldigitaldeasturias.com\\\/magazine365\\\/los-del-rio-dicen-que-la-profesionalidad-ha-hecho-posible-sus-50-anos-de-carrera-musical\\\/#breadcrumblist\"},\"author\":{\"@id\":\"https:\\\/\\\/eldigitaldeasturias.com\\\/magazine365\\\/author\\\/admin\\\/#author\"},\"creator\":{\"@id\":\"https:\\\/\\\/eldigitaldeasturias.com\\\/magazine365\\\/author\\\/admin\\\/#author\"},\"image\":{\"@type\":\"ImageObject\",\"url\":\"https:\\\/\\\/eldigitaldeasturias.com\\\/magazine365\\\/wp-content\\\/uploads\\\/2014\\\/06\\\/6326100w.jpg\",\"@id\":\"https:\\\/\\\/eldigitaldeasturias.com\\\/magazine365\\\/los-del-rio-dicen-que-la-profesionalidad-ha-hecho-posible-sus-50-anos-de-carrera-musical\\\/#mainImage\",\"width\":800,\"height\":530},\"primaryImageOfPage\":{\"@id\":\"https:\\\/\\\/eldigitaldeasturias.com\\\/magazine365\\\/los-del-rio-dicen-que-la-profesionalidad-ha-hecho-posible-sus-50-anos-de-carrera-musical\\\/#mainImage\"},\"datePublished\":\"2014-06-02T23:49:23+02:00\",\"dateModified\":\"2014-06-02T23:49:48+02:00\"},{\"@type\":\"WebSite\",\"@id\":\"https:\\\/\\\/eldigitaldeasturias.com\\\/magazine365\\\/#website\",\"url\":\"https:\\\/\\\/eldigitaldeasturias.com\\\/magazine365\\\/\",\"name\":\"El Digital de Asturias\",\"description\":\"Revista de ocio, turismo y estilo de vida\",\"inLanguage\":\"es-ES\",\"publisher\":{\"@id\":\"https:\\\/\\\/eldigitaldeasturias.com\\\/magazine365\\\/#organization\"}}]}\n\t\t<\/script>\n\t\t<!-- All in One SEO Pro -->\r\n\t\t<title>Los del R\u00edo dicen que la profesionalidad ha hecho posible sus 50 a\u00f1os de carrera musical | El Digital de Asturias<\/title>\n\n","aioseo_head_json":{"title":"Los del R\u00edo dicen que la profesionalidad ha hecho posible sus 50 a\u00f1os de carrera musical | El Digital de Asturias","description":"Ceuta, 2 jun (EFE).- A pesar de que sus inicios musicales se remontan al a\u00f1o 1962, Los del R\u00edo siguen estando convencidos de que se encuentran \"totalmente vigentes\" porque siempre hay un hueco para su m\u00fasica en cualquier celebraci\u00f3n. \"Somos una terapia\", afirman estos dos sevillanos. Antonio Romero Monge y Rafael Ruiz Perdigones, d\u00fao musical","canonical_url":"https:\/\/eldigitaldeasturias.com\/magazine365\/los-del-rio-dicen-que-la-profesionalidad-ha-hecho-posible-sus-50-anos-de-carrera-musical\/","robots":"max-image-preview:large","keywords":"noticias y actualidad","webmasterTools":{"google-site-verification":"UA-38556648-1","miscellaneous":""},"schema":{"@context":"https:\/\/schema.org","@graph":[{"@type":"Article","@id":"https:\/\/eldigitaldeasturias.com\/magazine365\/los-del-rio-dicen-que-la-profesionalidad-ha-hecho-posible-sus-50-anos-de-carrera-musical\/#article","name":"Los del R\u00edo dicen que la profesionalidad ha hecho posible sus 50 a\u00f1os de carrera musical | El Digital de Asturias","headline":"Los del R\u00edo dicen que la profesionalidad ha hecho posible sus 50 a\u00f1os de carrera musical","author":{"@id":"https:\/\/eldigitaldeasturias.com\/magazine365\/author\/admin\/#author"},"publisher":{"@id":"https:\/\/eldigitaldeasturias.com\/magazine365\/#organization"},"image":{"@type":"ImageObject","url":"https:\/\/eldigitaldeasturias.com\/magazine365\/wp-content\/uploads\/2014\/06\/6326100w.jpg","width":800,"height":530},"datePublished":"2014-06-02T23:49:23+02:00","dateModified":"2014-06-02T23:49:48+02:00","inLanguage":"es-ES","mainEntityOfPage":{"@id":"https:\/\/eldigitaldeasturias.com\/magazine365\/los-del-rio-dicen-que-la-profesionalidad-ha-hecho-posible-sus-50-anos-de-carrera-musical\/#webpage"},"isPartOf":{"@id":"https:\/\/eldigitaldeasturias.com\/magazine365\/los-del-rio-dicen-que-la-profesionalidad-ha-hecho-posible-sus-50-anos-de-carrera-musical\/#webpage"},"articleSection":"Noticias y Actualidad"},{"@type":"BreadcrumbList","@id":"https:\/\/eldigitaldeasturias.com\/magazine365\/los-del-rio-dicen-que-la-profesionalidad-ha-hecho-posible-sus-50-anos-de-carrera-musical\/#breadcrumblist","itemListElement":[{"@type":"ListItem","@id":"https:\/\/eldigitaldeasturias.com\/magazine365#listItem","position":1,"name":"Home","item":"https:\/\/eldigitaldeasturias.com\/magazine365","nextItem":{"@type":"ListItem","@id":"https:\/\/eldigitaldeasturias.com\/magazine365\/category\/noticias-actualidad\/#listItem","name":"Noticias y Actualidad"}},{"@type":"ListItem","@id":"https:\/\/eldigitaldeasturias.com\/magazine365\/category\/noticias-actualidad\/#listItem","position":2,"name":"Noticias y Actualidad","item":"https:\/\/eldigitaldeasturias.com\/magazine365\/category\/noticias-actualidad\/","nextItem":{"@type":"ListItem","@id":"https:\/\/eldigitaldeasturias.com\/magazine365\/los-del-rio-dicen-que-la-profesionalidad-ha-hecho-posible-sus-50-anos-de-carrera-musical\/#listItem","name":"Los del R\u00edo dicen que la profesionalidad ha hecho posible sus 50 a\u00f1os de carrera musical"},"previousItem":{"@type":"ListItem","@id":"https:\/\/eldigitaldeasturias.com\/magazine365#listItem","name":"Home"}},{"@type":"ListItem","@id":"https:\/\/eldigitaldeasturias.com\/magazine365\/los-del-rio-dicen-que-la-profesionalidad-ha-hecho-posible-sus-50-anos-de-carrera-musical\/#listItem","position":3,"name":"Los del R\u00edo dicen que la profesionalidad ha hecho posible sus 50 a\u00f1os de carrera musical","previousItem":{"@type":"ListItem","@id":"https:\/\/eldigitaldeasturias.com\/magazine365\/category\/noticias-actualidad\/#listItem","name":"Noticias y Actualidad"}}]},{"@type":"Organization","@id":"https:\/\/eldigitaldeasturias.com\/magazine365\/#organization","name":"El digital de Asturias","description":"Revista de ocio, turismo y estilo de vida","url":"https:\/\/eldigitaldeasturias.com\/magazine365\/","logo":{"@type":"ImageObject","url":"https:\/\/www.eldigitaldeasturias.com\/noticias\/wp-content\/uploads\/2020\/12\/EDA.jpg","@id":"https:\/\/eldigitaldeasturias.com\/magazine365\/los-del-rio-dicen-que-la-profesionalidad-ha-hecho-posible-sus-50-anos-de-carrera-musical\/#organizationLogo"},"image":{"@id":"https:\/\/eldigitaldeasturias.com\/magazine365\/los-del-rio-dicen-que-la-profesionalidad-ha-hecho-posible-sus-50-anos-de-carrera-musical\/#organizationLogo"}},{"@type":"Person","@id":"https:\/\/eldigitaldeasturias.com\/magazine365\/author\/admin\/#author","url":"https:\/\/eldigitaldeasturias.com\/magazine365\/author\/admin\/","name":"admin","image":{"@type":"ImageObject","@id":"https:\/\/eldigitaldeasturias.com\/magazine365\/los-del-rio-dicen-que-la-profesionalidad-ha-hecho-posible-sus-50-anos-de-carrera-musical\/#authorImage","url":"https:\/\/eldigitaldeasturias.com\/magazine365\/wp-content\/litespeed\/avatar\/e571bcf59a0edd6fa6838245a470f2fe.jpg?ver=1777574230","width":96,"height":96,"caption":"admin"}},{"@type":"WebPage","@id":"https:\/\/eldigitaldeasturias.com\/magazine365\/los-del-rio-dicen-que-la-profesionalidad-ha-hecho-posible-sus-50-anos-de-carrera-musical\/#webpage","url":"https:\/\/eldigitaldeasturias.com\/magazine365\/los-del-rio-dicen-que-la-profesionalidad-ha-hecho-posible-sus-50-anos-de-carrera-musical\/","name":"Los del R\u00edo dicen que la profesionalidad ha hecho posible sus 50 a\u00f1os de carrera musical | El Digital de Asturias","description":"Ceuta, 2 jun (EFE).- A pesar de que sus inicios musicales se remontan al a\u00f1o 1962, Los del R\u00edo siguen estando convencidos de que se encuentran \"totalmente vigentes\" porque siempre hay un hueco para su m\u00fasica en cualquier celebraci\u00f3n. \"Somos una terapia\", afirman estos dos sevillanos. Antonio Romero Monge y Rafael Ruiz Perdigones, d\u00fao musical","inLanguage":"es-ES","isPartOf":{"@id":"https:\/\/eldigitaldeasturias.com\/magazine365\/#website"},"breadcrumb":{"@id":"https:\/\/eldigitaldeasturias.com\/magazine365\/los-del-rio-dicen-que-la-profesionalidad-ha-hecho-posible-sus-50-anos-de-carrera-musical\/#breadcrumblist"},"author":{"@id":"https:\/\/eldigitaldeasturias.com\/magazine365\/author\/admin\/#author"},"creator":{"@id":"https:\/\/eldigitaldeasturias.com\/magazine365\/author\/admin\/#author"},"image":{"@type":"ImageObject","url":"https:\/\/eldigitaldeasturias.com\/magazine365\/wp-content\/uploads\/2014\/06\/6326100w.jpg","@id":"https:\/\/eldigitaldeasturias.com\/magazine365\/los-del-rio-dicen-que-la-profesionalidad-ha-hecho-posible-sus-50-anos-de-carrera-musical\/#mainImage","width":800,"height":530},"primaryImageOfPage":{"@id":"https:\/\/eldigitaldeasturias.com\/magazine365\/los-del-rio-dicen-que-la-profesionalidad-ha-hecho-posible-sus-50-anos-de-carrera-musical\/#mainImage"},"datePublished":"2014-06-02T23:49:23+02:00","dateModified":"2014-06-02T23:49:48+02:00"},{"@type":"WebSite","@id":"https:\/\/eldigitaldeasturias.com\/magazine365\/#website","url":"https:\/\/eldigitaldeasturias.com\/magazine365\/","name":"El Digital de Asturias","description":"Revista de ocio, turismo y estilo de vida","inLanguage":"es-ES","publisher":{"@id":"https:\/\/eldigitaldeasturias.com\/magazine365\/#organization"}}]},"og:locale":"es_ES","og:site_name":"El Digital de Asturias \u2013 Revista de ocio, turismo y estilo de vida","og:type":"article","og:title":"Los del R\u00edo dicen que la profesionalidad ha hecho posible sus 50 a\u00f1os de carrera musical | El Digital de Asturias","og:description":"Ceuta, 2 jun (EFE).- A pesar de que sus inicios musicales se remontan al a\u00f1o 1962, Los del R\u00edo siguen estando convencidos de que se encuentran &quot;totalmente vigentes&quot; porque siempre hay un hueco para su m\u00fasica en cualquier celebraci\u00f3n. &quot;Somos una terapia&quot;, afirman estos dos sevillanos. Antonio Romero Monge y Rafael Ruiz Perdigones, d\u00fao musical","og:url":"https:\/\/eldigitaldeasturias.com\/magazine365\/los-del-rio-dicen-que-la-profesionalidad-ha-hecho-posible-sus-50-anos-de-carrera-musical\/","og:image":"https:\/\/eldigitaldeasturias.com\/magazine365\/wp-content\/uploads\/2014\/06\/6326100w.jpg","og:image:secure_url":"https:\/\/eldigitaldeasturias.com\/magazine365\/wp-content\/uploads\/2014\/06\/6326100w.jpg","og:image:width":800,"og:image:height":530,"article:published_time":"2014-06-03T01:49:23+00:00","article:modified_time":"2014-06-03T01:49:48+00:00","twitter:card":"summary_large_image","twitter:title":"Los del R\u00edo dicen que la profesionalidad ha hecho posible sus 50 a\u00f1os de carrera musical | El Digital de Asturias","twitter:description":"Ceuta, 2 jun (EFE).- A pesar de que sus inicios musicales se remontan al a\u00f1o 1962, Los del R\u00edo siguen estando convencidos de que se encuentran &quot;totalmente vigentes&quot; porque siempre hay un hueco para su m\u00fasica en cualquier celebraci\u00f3n. &quot;Somos una terapia&quot;, afirman estos dos sevillanos. Antonio Romero Monge y Rafael Ruiz Perdigones, d\u00fao musical","twitter:image":"https:\/\/eldigitaldeasturias.com\/magazine365\/wp-content\/uploads\/2014\/06\/6326100w.jpg"},"aioseo_meta_data":{"post_id":"14820","title":null,"description":null,"keywords":null,"keyphrases":null,"primary_term":null,"canonical_url":null,"og_title":null,"og_description":null,"og_object_type":"default","og_image_type":"default","og_image_url":null,"og_image_width":null,"og_image_height":null,"og_image_custom_url":null,"og_image_custom_fields":null,"og_video":null,"og_custom_url":null,"og_article_section":null,"og_article_tags":null,"twitter_use_og":false,"twitter_card":"default","twitter_image_type":"default","twitter_image_url":null,"twitter_image_custom_url":null,"twitter_image_custom_fields":null,"twitter_title":null,"twitter_description":null,"schema":{"blockGraphs":[],"customGraphs":[],"default":{"data":{"Article":[],"Course":[],"Dataset":[],"FAQPage":[],"Movie":[],"Person":[],"Product":[],"ProductReview":[],"Car":[],"Recipe":[],"Service":[],"SoftwareApplication":[],"WebPage":[]},"graphName":"","isEnabled":true},"graphs":[],"defaultGraph":"","defaultPostTypeGraph":""},"schema_type":null,"schema_type_options":null,"pillar_content":false,"robots_default":true,"robots_noindex":false,"robots_noarchive":false,"robots_nosnippet":false,"robots_nofollow":false,"robots_noimageindex":false,"robots_noodp":false,"robots_notranslate":false,"robots_max_snippet":null,"robots_max_videopreview":null,"robots_max_imagepreview":"large","priority":null,"frequency":null,"location":null,"local_seo":null,"seo_analyzer_scan_date":"2025-09-17 10:51:39","breadcrumb_settings":null,"limit_modified_date":false,"open_ai":null,"ai":null,"created":"2021-03-09 08:09:41","updated":"2025-09-17 10:51:39"},"aioseo_breadcrumb":"<div class=\"aioseo-breadcrumbs\"><span class=\"aioseo-breadcrumb\">\n\t<a href=\"https:\/\/eldigitaldeasturias.com\/magazine365\" title=\"Home\">Home<\/a>\n<\/span><span class=\"aioseo-breadcrumb-separator\">\u2013<\/span><span class=\"aioseo-breadcrumb\">\n\t<a href=\"https:\/\/eldigitaldeasturias.com\/magazine365\/category\/noticias-actualidad\/\" title=\"Noticias y Actualidad\">Noticias y Actualidad<\/a>\n<\/span><span class=\"aioseo-breadcrumb-separator\">\u2013<\/span><span class=\"aioseo-breadcrumb\">\n\t<a href=\"https:\/\/eldigitaldeasturias.com\/magazine365\/los-del-rio-dicen-que-la-profesionalidad-ha-hecho-posible-sus-50-anos-de-carrera-musical\/\" title=\"Los del R\u00edo dicen que la profesionalidad ha hecho posible sus 50 a\u00f1os de carrera musical\">Los del R\u00edo dicen que la profesionalidad ha hecho posible sus 50 a\u00f1os de carrera musical<\/a>\n<\/span><\/div>","aioseo_breadcrumb_json":[{"label":"Home","link":"https:\/\/eldigitaldeasturias.com\/magazine365"},{"label":"Noticias y Actualidad","link":"https:\/\/eldigitaldeasturias.com\/magazine365\/category\/noticias-actualidad\/"},{"label":"Los del R\u00edo dicen que la profesionalidad ha hecho posible sus 50 a\u00f1os de carrera musical","link":"https:\/\/eldigitaldeasturias.com\/magazine365\/los-del-rio-dicen-que-la-profesionalidad-ha-hecho-posible-sus-50-anos-de-carrera-musical\/"}],"_links":{"self":[{"href":"https:\/\/eldigitaldeasturias.com\/magazine365\/wp-json\/wp\/v2\/posts\/14820","targetHints":{"allow":["GET"]}}],"collection":[{"href":"https:\/\/eldigitaldeasturias.com\/magazine365\/wp-json\/wp\/v2\/posts"}],"about":[{"href":"https:\/\/eldigitaldeasturias.com\/magazine365\/wp-json\/wp\/v2\/types\/post"}],"author":[{"embeddable":true,"href":"https:\/\/eldigitaldeasturias.com\/magazine365\/wp-json\/wp\/v2\/users\/1"}],"replies":[{"embeddable":true,"href":"https:\/\/eldigitaldeasturias.com\/magazine365\/wp-json\/wp\/v2\/comments?post=14820"}],"version-history":[{"count":0,"href":"https:\/\/eldigitaldeasturias.com\/magazine365\/wp-json\/wp\/v2\/posts\/14820\/revisions"}],"wp:featuredmedia":[{"embeddable":true,"href":"https:\/\/eldigitaldeasturias.com\/magazine365\/wp-json\/wp\/v2\/media\/14821"}],"wp:attachment":[{"href":"https:\/\/eldigitaldeasturias.com\/magazine365\/wp-json\/wp\/v2\/media?parent=14820"}],"wp:term":[{"taxonomy":"category","embeddable":true,"href":"https:\/\/eldigitaldeasturias.com\/magazine365\/wp-json\/wp\/v2\/categories?post=14820"},{"taxonomy":"post_tag","embeddable":true,"href":"https:\/\/eldigitaldeasturias.com\/magazine365\/wp-json\/wp\/v2\/tags?post=14820"}],"curies":[{"name":"wp","href":"https:\/\/api.w.org\/{rel}","templated":true}]}}