{"id":14817,"date":"2014-06-02T23:47:50","date_gmt":"2014-06-03T01:47:50","guid":{"rendered":"http:\/\/eldigitaldeasturias.com\/magazine365\/?p=14817"},"modified":"2014-06-02T23:47:50","modified_gmt":"2014-06-03T01:47:50","slug":"una-protesis-dental-de-elvis-presley-se-expone-concienciar-del-cancer-bucal","status":"publish","type":"post","link":"https:\/\/eldigitaldeasturias.com\/magazine365\/una-protesis-dental-de-elvis-presley-se-expone-concienciar-del-cancer-bucal\/","title":{"rendered":"Una pr\u00f3tesis dental de Elvis Presley se expone concienciar del c\u00e1ncer bucal"},"content":{"rendered":"<p><img fetchpriority=\"high\" decoding=\"async\" class=\"alignleft size-medium wp-image-14818\" alt=\"6326219w\" src=\"https:\/\/eldigitaldeasturias.com\/magazine365\/wp-content\/uploads\/2014\/06\/6326219w-223x300.jpg\" width=\"223\" height=\"300\" \/>Londres, 2 jun (EFE).- Una pr\u00f3tesis dental de Elvis Presley recorrer\u00e1 varias cl\u00ednicas dentistas de Inglaterra, Escocia y Gales hasta el pr\u00f3ximo d\u00eda 17, como parte de una campa\u00f1a para concienciar a los brit\u00e1nicos del riesgo de c\u00e1ncer de boca.<\/p>\n<p>La llamada \u00abCorona del Rey\u00bb es una funda dental que el dentista Henry Weiss le hizo a Elvis Presley (1935-1977) y que el dentista canadiense Michael Zuk compr\u00f3 en subasta por 6.500 libras (8.000 euros o 11.000 d\u00f3lares) en 2012.<\/p>\n<p>Zuk es un coleccionista de pr\u00f3tesis dentales de personajes famosos y tambi\u00e9n tiene una de John Lennon con la que quiere clonar al exBeatle, seg\u00fan confes\u00f3 en declaraciones recogidas por la BBC.<\/p>\n<p>\u00abCreo que he conseguido los dos dientes m\u00e1s famosos y espero darle envidia a otros dentistas que luego me los quieran comprar\u00bb, afirm\u00f3.<\/p>\n<p>Autentificada con cinco cartas, de la mujer e hijos de Weiss y del representante de Elvis, Joe Esposito, la pr\u00f3tesis dental del rey del rock ser\u00e1 el atractivo principal de esta campa\u00f1a iniciada por un grupo de dentistas de Malvern (centro de Inglaterra).<\/p>\n<p>El objetivo es concienciar a los brit\u00e1nicos que el c\u00e1ncer de boca cada d\u00eda provoca \u00abcinco muertes en el Reino Unido\u00bb, seg\u00fan Karen Sutton, dentista de ese condado ingl\u00e9s.<\/p>\n<p>La gira de la valiosa corona dental comenz\u00f3 el mi\u00e9rcoles pasado y su primera parada se produjo el jueves en una cl\u00ednica de Bracknell (sur de Inglaterra), donde una confusi\u00f3n con las etiquetas de la empresa de mensajer\u00eda provoc\u00f3 que estuviera perdido durante unas horas, hasta que fue finalmente hallada.<\/p>\n","protected":false},"excerpt":{"rendered":"<p>Londres, 2 jun (EFE).- Una pr\u00f3tesis dental de Elvis Presley recorrer\u00e1 varias cl\u00ednicas dentistas de Inglaterra, Escocia y Gales hasta el pr\u00f3ximo d\u00eda 17, como parte de una campa\u00f1a para concienciar a los brit\u00e1nicos del riesgo de c\u00e1ncer de boca. La llamada \u00abCorona del Rey\u00bb es una funda dental que el dentista Henry Weiss le<\/p>\n","protected":false},"author":1,"featured_media":14818,"comment_status":"open","ping_status":"closed","sticky":false,"template":"","format":"standard","meta":{"footnotes":""},"categories":[224],"tags":[],"class_list":{"0":"post-14817","1":"post","2":"type-post","3":"status-publish","4":"format-standard","5":"has-post-thumbnail","7":"category-noticias-actualidad"},"aioseo_notices":[],"aioseo_head":"\n\t\t<!-- All in One SEO Pro 4.9.6.1 - aioseo.com -->\n\t<meta name=\"description\" content=\"Londres, 2 jun (EFE).- Una pr\u00f3tesis dental de Elvis Presley recorrer\u00e1 varias cl\u00ednicas dentistas de Inglaterra, Escocia y Gales hasta el pr\u00f3ximo d\u00eda 17, como parte de una campa\u00f1a para concienciar a los brit\u00e1nicos del riesgo de c\u00e1ncer de boca. La llamada &quot;Corona del Rey&quot; es una funda dental que el dentista Henry Weiss le\" \/>\n\t<meta name=\"robots\" content=\"max-image-preview:large\" \/>\n\t<meta name=\"author\" content=\"admin\"\/>\n\t<meta name=\"google-site-verification\" content=\"UA-38556648-1\" \/>\n\t<meta name=\"keywords\" content=\"noticias y actualidad\" \/>\n\t<link rel=\"canonical\" href=\"https:\/\/eldigitaldeasturias.com\/magazine365\/una-protesis-dental-de-elvis-presley-se-expone-concienciar-del-cancer-bucal\/\" \/>\n\t<meta name=\"generator\" content=\"All in One SEO Pro (AIOSEO) 4.9.6.1\" \/>\n\t\t<meta property=\"og:locale\" content=\"es_ES\" \/>\n\t\t<meta property=\"og:site_name\" content=\"El Digital de Asturias \u2013 Revista de ocio, turismo y estilo de vida\" \/>\n\t\t<meta property=\"og:type\" content=\"article\" \/>\n\t\t<meta property=\"og:title\" content=\"Una pr\u00f3tesis dental de Elvis Presley se expone concienciar del c\u00e1ncer bucal | El Digital de Asturias\" \/>\n\t\t<meta property=\"og:description\" content=\"Londres, 2 jun (EFE).- Una pr\u00f3tesis dental de Elvis Presley recorrer\u00e1 varias cl\u00ednicas dentistas de Inglaterra, Escocia y Gales hasta el pr\u00f3ximo d\u00eda 17, como parte de una campa\u00f1a para concienciar a los brit\u00e1nicos del riesgo de c\u00e1ncer de boca. La llamada &quot;Corona del Rey&quot; es una funda dental que el dentista Henry Weiss le\" \/>\n\t\t<meta property=\"og:url\" content=\"https:\/\/eldigitaldeasturias.com\/magazine365\/una-protesis-dental-de-elvis-presley-se-expone-concienciar-del-cancer-bucal\/\" \/>\n\t\t<meta property=\"og:image\" content=\"https:\/\/eldigitaldeasturias.com\/magazine365\/wp-content\/uploads\/2014\/06\/6326219w.jpg\" \/>\n\t\t<meta property=\"og:image:secure_url\" content=\"https:\/\/eldigitaldeasturias.com\/magazine365\/wp-content\/uploads\/2014\/06\/6326219w.jpg\" \/>\n\t\t<meta property=\"og:image:width\" content=\"700\" \/>\n\t\t<meta property=\"og:image:height\" content=\"939\" \/>\n\t\t<meta property=\"article:published_time\" content=\"2014-06-03T01:47:50+00:00\" \/>\n\t\t<meta property=\"article:modified_time\" content=\"2014-06-03T01:47:50+00:00\" \/>\n\t\t<meta name=\"twitter:card\" content=\"summary_large_image\" \/>\n\t\t<meta name=\"twitter:title\" content=\"Una pr\u00f3tesis dental de Elvis Presley se expone concienciar del c\u00e1ncer bucal | El Digital de Asturias\" \/>\n\t\t<meta name=\"twitter:description\" content=\"Londres, 2 jun (EFE).- Una pr\u00f3tesis dental de Elvis Presley recorrer\u00e1 varias cl\u00ednicas dentistas de Inglaterra, Escocia y Gales hasta el pr\u00f3ximo d\u00eda 17, como parte de una campa\u00f1a para concienciar a los brit\u00e1nicos del riesgo de c\u00e1ncer de boca. La llamada &quot;Corona del Rey&quot; es una funda dental que el dentista Henry Weiss le\" \/>\n\t\t<meta name=\"twitter:image\" content=\"https:\/\/eldigitaldeasturias.com\/magazine365\/wp-content\/uploads\/2014\/06\/6326219w.jpg\" \/>\n\t\t<script type=\"application\/ld+json\" class=\"aioseo-schema\">\n\t\t\t{\"@context\":\"https:\\\/\\\/schema.org\",\"@graph\":[{\"@type\":\"Article\",\"@id\":\"https:\\\/\\\/eldigitaldeasturias.com\\\/magazine365\\\/una-protesis-dental-de-elvis-presley-se-expone-concienciar-del-cancer-bucal\\\/#article\",\"name\":\"Una pr\\u00f3tesis dental de Elvis Presley se expone concienciar del c\\u00e1ncer bucal | El Digital de Asturias\",\"headline\":\"Una pr\\u00f3tesis dental de Elvis Presley se expone concienciar del c\\u00e1ncer bucal\",\"author\":{\"@id\":\"https:\\\/\\\/eldigitaldeasturias.com\\\/magazine365\\\/author\\\/admin\\\/#author\"},\"publisher\":{\"@id\":\"https:\\\/\\\/eldigitaldeasturias.com\\\/magazine365\\\/#organization\"},\"image\":{\"@type\":\"ImageObject\",\"url\":\"https:\\\/\\\/eldigitaldeasturias.com\\\/magazine365\\\/wp-content\\\/uploads\\\/2014\\\/06\\\/6326219w.jpg\",\"width\":700,\"height\":939},\"datePublished\":\"2014-06-02T23:47:50+02:00\",\"dateModified\":\"2014-06-02T23:47:50+02:00\",\"inLanguage\":\"es-ES\",\"mainEntityOfPage\":{\"@id\":\"https:\\\/\\\/eldigitaldeasturias.com\\\/magazine365\\\/una-protesis-dental-de-elvis-presley-se-expone-concienciar-del-cancer-bucal\\\/#webpage\"},\"isPartOf\":{\"@id\":\"https:\\\/\\\/eldigitaldeasturias.com\\\/magazine365\\\/una-protesis-dental-de-elvis-presley-se-expone-concienciar-del-cancer-bucal\\\/#webpage\"},\"articleSection\":\"Noticias y Actualidad\"},{\"@type\":\"BreadcrumbList\",\"@id\":\"https:\\\/\\\/eldigitaldeasturias.com\\\/magazine365\\\/una-protesis-dental-de-elvis-presley-se-expone-concienciar-del-cancer-bucal\\\/#breadcrumblist\",\"itemListElement\":[{\"@type\":\"ListItem\",\"@id\":\"https:\\\/\\\/eldigitaldeasturias.com\\\/magazine365#listItem\",\"position\":1,\"name\":\"Home\",\"item\":\"https:\\\/\\\/eldigitaldeasturias.com\\\/magazine365\",\"nextItem\":{\"@type\":\"ListItem\",\"@id\":\"https:\\\/\\\/eldigitaldeasturias.com\\\/magazine365\\\/category\\\/noticias-actualidad\\\/#listItem\",\"name\":\"Noticias y Actualidad\"}},{\"@type\":\"ListItem\",\"@id\":\"https:\\\/\\\/eldigitaldeasturias.com\\\/magazine365\\\/category\\\/noticias-actualidad\\\/#listItem\",\"position\":2,\"name\":\"Noticias y Actualidad\",\"item\":\"https:\\\/\\\/eldigitaldeasturias.com\\\/magazine365\\\/category\\\/noticias-actualidad\\\/\",\"nextItem\":{\"@type\":\"ListItem\",\"@id\":\"https:\\\/\\\/eldigitaldeasturias.com\\\/magazine365\\\/una-protesis-dental-de-elvis-presley-se-expone-concienciar-del-cancer-bucal\\\/#listItem\",\"name\":\"Una pr\\u00f3tesis dental de Elvis Presley se expone concienciar del c\\u00e1ncer bucal\"},\"previousItem\":{\"@type\":\"ListItem\",\"@id\":\"https:\\\/\\\/eldigitaldeasturias.com\\\/magazine365#listItem\",\"name\":\"Home\"}},{\"@type\":\"ListItem\",\"@id\":\"https:\\\/\\\/eldigitaldeasturias.com\\\/magazine365\\\/una-protesis-dental-de-elvis-presley-se-expone-concienciar-del-cancer-bucal\\\/#listItem\",\"position\":3,\"name\":\"Una pr\\u00f3tesis dental de Elvis Presley se expone concienciar del c\\u00e1ncer bucal\",\"previousItem\":{\"@type\":\"ListItem\",\"@id\":\"https:\\\/\\\/eldigitaldeasturias.com\\\/magazine365\\\/category\\\/noticias-actualidad\\\/#listItem\",\"name\":\"Noticias y Actualidad\"}}]},{\"@type\":\"Organization\",\"@id\":\"https:\\\/\\\/eldigitaldeasturias.com\\\/magazine365\\\/#organization\",\"name\":\"El digital de Asturias\",\"description\":\"Revista de ocio, turismo y estilo de vida\",\"url\":\"https:\\\/\\\/eldigitaldeasturias.com\\\/magazine365\\\/\",\"logo\":{\"@type\":\"ImageObject\",\"url\":\"https:\\\/\\\/www.eldigitaldeasturias.com\\\/noticias\\\/wp-content\\\/uploads\\\/2020\\\/12\\\/EDA.jpg\",\"@id\":\"https:\\\/\\\/eldigitaldeasturias.com\\\/magazine365\\\/una-protesis-dental-de-elvis-presley-se-expone-concienciar-del-cancer-bucal\\\/#organizationLogo\"},\"image\":{\"@id\":\"https:\\\/\\\/eldigitaldeasturias.com\\\/magazine365\\\/una-protesis-dental-de-elvis-presley-se-expone-concienciar-del-cancer-bucal\\\/#organizationLogo\"}},{\"@type\":\"Person\",\"@id\":\"https:\\\/\\\/eldigitaldeasturias.com\\\/magazine365\\\/author\\\/admin\\\/#author\",\"url\":\"https:\\\/\\\/eldigitaldeasturias.com\\\/magazine365\\\/author\\\/admin\\\/\",\"name\":\"admin\",\"image\":{\"@type\":\"ImageObject\",\"@id\":\"https:\\\/\\\/eldigitaldeasturias.com\\\/magazine365\\\/una-protesis-dental-de-elvis-presley-se-expone-concienciar-del-cancer-bucal\\\/#authorImage\",\"url\":\"https:\\\/\\\/eldigitaldeasturias.com\\\/magazine365\\\/wp-content\\\/litespeed\\\/avatar\\\/e571bcf59a0edd6fa6838245a470f2fe.jpg?ver=1777574230\",\"width\":96,\"height\":96,\"caption\":\"admin\"}},{\"@type\":\"WebPage\",\"@id\":\"https:\\\/\\\/eldigitaldeasturias.com\\\/magazine365\\\/una-protesis-dental-de-elvis-presley-se-expone-concienciar-del-cancer-bucal\\\/#webpage\",\"url\":\"https:\\\/\\\/eldigitaldeasturias.com\\\/magazine365\\\/una-protesis-dental-de-elvis-presley-se-expone-concienciar-del-cancer-bucal\\\/\",\"name\":\"Una pr\\u00f3tesis dental de Elvis Presley se expone concienciar del c\\u00e1ncer bucal | El Digital de Asturias\",\"description\":\"Londres, 2 jun (EFE).- Una pr\\u00f3tesis dental de Elvis Presley recorrer\\u00e1 varias cl\\u00ednicas dentistas de Inglaterra, Escocia y Gales hasta el pr\\u00f3ximo d\\u00eda 17, como parte de una campa\\u00f1a para concienciar a los brit\\u00e1nicos del riesgo de c\\u00e1ncer de boca. La llamada \\\"Corona del Rey\\\" es una funda dental que el dentista Henry Weiss le\",\"inLanguage\":\"es-ES\",\"isPartOf\":{\"@id\":\"https:\\\/\\\/eldigitaldeasturias.com\\\/magazine365\\\/#website\"},\"breadcrumb\":{\"@id\":\"https:\\\/\\\/eldigitaldeasturias.com\\\/magazine365\\\/una-protesis-dental-de-elvis-presley-se-expone-concienciar-del-cancer-bucal\\\/#breadcrumblist\"},\"author\":{\"@id\":\"https:\\\/\\\/eldigitaldeasturias.com\\\/magazine365\\\/author\\\/admin\\\/#author\"},\"creator\":{\"@id\":\"https:\\\/\\\/eldigitaldeasturias.com\\\/magazine365\\\/author\\\/admin\\\/#author\"},\"image\":{\"@type\":\"ImageObject\",\"url\":\"https:\\\/\\\/eldigitaldeasturias.com\\\/magazine365\\\/wp-content\\\/uploads\\\/2014\\\/06\\\/6326219w.jpg\",\"@id\":\"https:\\\/\\\/eldigitaldeasturias.com\\\/magazine365\\\/una-protesis-dental-de-elvis-presley-se-expone-concienciar-del-cancer-bucal\\\/#mainImage\",\"width\":700,\"height\":939},\"primaryImageOfPage\":{\"@id\":\"https:\\\/\\\/eldigitaldeasturias.com\\\/magazine365\\\/una-protesis-dental-de-elvis-presley-se-expone-concienciar-del-cancer-bucal\\\/#mainImage\"},\"datePublished\":\"2014-06-02T23:47:50+02:00\",\"dateModified\":\"2014-06-02T23:47:50+02:00\"},{\"@type\":\"WebSite\",\"@id\":\"https:\\\/\\\/eldigitaldeasturias.com\\\/magazine365\\\/#website\",\"url\":\"https:\\\/\\\/eldigitaldeasturias.com\\\/magazine365\\\/\",\"name\":\"El Digital de Asturias\",\"description\":\"Revista de ocio, turismo y estilo de vida\",\"inLanguage\":\"es-ES\",\"publisher\":{\"@id\":\"https:\\\/\\\/eldigitaldeasturias.com\\\/magazine365\\\/#organization\"}}]}\n\t\t<\/script>\n\t\t<!-- All in One SEO Pro -->\r\n\t\t<title>Una pr\u00f3tesis dental de Elvis Presley se expone concienciar del c\u00e1ncer bucal | El Digital de Asturias<\/title>\n\n","aioseo_head_json":{"title":"Una pr\u00f3tesis dental de Elvis Presley se expone concienciar del c\u00e1ncer bucal | El Digital de Asturias","description":"Londres, 2 jun (EFE).- Una pr\u00f3tesis dental de Elvis Presley recorrer\u00e1 varias cl\u00ednicas dentistas de Inglaterra, Escocia y Gales hasta el pr\u00f3ximo d\u00eda 17, como parte de una campa\u00f1a para concienciar a los brit\u00e1nicos del riesgo de c\u00e1ncer de boca. La llamada \"Corona del Rey\" es una funda dental que el dentista Henry Weiss le","canonical_url":"https:\/\/eldigitaldeasturias.com\/magazine365\/una-protesis-dental-de-elvis-presley-se-expone-concienciar-del-cancer-bucal\/","robots":"max-image-preview:large","keywords":"noticias y actualidad","webmasterTools":{"google-site-verification":"UA-38556648-1","miscellaneous":""},"schema":{"@context":"https:\/\/schema.org","@graph":[{"@type":"Article","@id":"https:\/\/eldigitaldeasturias.com\/magazine365\/una-protesis-dental-de-elvis-presley-se-expone-concienciar-del-cancer-bucal\/#article","name":"Una pr\u00f3tesis dental de Elvis Presley se expone concienciar del c\u00e1ncer bucal | El Digital de Asturias","headline":"Una pr\u00f3tesis dental de Elvis Presley se expone concienciar del c\u00e1ncer bucal","author":{"@id":"https:\/\/eldigitaldeasturias.com\/magazine365\/author\/admin\/#author"},"publisher":{"@id":"https:\/\/eldigitaldeasturias.com\/magazine365\/#organization"},"image":{"@type":"ImageObject","url":"https:\/\/eldigitaldeasturias.com\/magazine365\/wp-content\/uploads\/2014\/06\/6326219w.jpg","width":700,"height":939},"datePublished":"2014-06-02T23:47:50+02:00","dateModified":"2014-06-02T23:47:50+02:00","inLanguage":"es-ES","mainEntityOfPage":{"@id":"https:\/\/eldigitaldeasturias.com\/magazine365\/una-protesis-dental-de-elvis-presley-se-expone-concienciar-del-cancer-bucal\/#webpage"},"isPartOf":{"@id":"https:\/\/eldigitaldeasturias.com\/magazine365\/una-protesis-dental-de-elvis-presley-se-expone-concienciar-del-cancer-bucal\/#webpage"},"articleSection":"Noticias y Actualidad"},{"@type":"BreadcrumbList","@id":"https:\/\/eldigitaldeasturias.com\/magazine365\/una-protesis-dental-de-elvis-presley-se-expone-concienciar-del-cancer-bucal\/#breadcrumblist","itemListElement":[{"@type":"ListItem","@id":"https:\/\/eldigitaldeasturias.com\/magazine365#listItem","position":1,"name":"Home","item":"https:\/\/eldigitaldeasturias.com\/magazine365","nextItem":{"@type":"ListItem","@id":"https:\/\/eldigitaldeasturias.com\/magazine365\/category\/noticias-actualidad\/#listItem","name":"Noticias y Actualidad"}},{"@type":"ListItem","@id":"https:\/\/eldigitaldeasturias.com\/magazine365\/category\/noticias-actualidad\/#listItem","position":2,"name":"Noticias y Actualidad","item":"https:\/\/eldigitaldeasturias.com\/magazine365\/category\/noticias-actualidad\/","nextItem":{"@type":"ListItem","@id":"https:\/\/eldigitaldeasturias.com\/magazine365\/una-protesis-dental-de-elvis-presley-se-expone-concienciar-del-cancer-bucal\/#listItem","name":"Una pr\u00f3tesis dental de Elvis Presley se expone concienciar del c\u00e1ncer bucal"},"previousItem":{"@type":"ListItem","@id":"https:\/\/eldigitaldeasturias.com\/magazine365#listItem","name":"Home"}},{"@type":"ListItem","@id":"https:\/\/eldigitaldeasturias.com\/magazine365\/una-protesis-dental-de-elvis-presley-se-expone-concienciar-del-cancer-bucal\/#listItem","position":3,"name":"Una pr\u00f3tesis dental de Elvis Presley se expone concienciar del c\u00e1ncer bucal","previousItem":{"@type":"ListItem","@id":"https:\/\/eldigitaldeasturias.com\/magazine365\/category\/noticias-actualidad\/#listItem","name":"Noticias y Actualidad"}}]},{"@type":"Organization","@id":"https:\/\/eldigitaldeasturias.com\/magazine365\/#organization","name":"El digital de Asturias","description":"Revista de ocio, turismo y estilo de vida","url":"https:\/\/eldigitaldeasturias.com\/magazine365\/","logo":{"@type":"ImageObject","url":"https:\/\/www.eldigitaldeasturias.com\/noticias\/wp-content\/uploads\/2020\/12\/EDA.jpg","@id":"https:\/\/eldigitaldeasturias.com\/magazine365\/una-protesis-dental-de-elvis-presley-se-expone-concienciar-del-cancer-bucal\/#organizationLogo"},"image":{"@id":"https:\/\/eldigitaldeasturias.com\/magazine365\/una-protesis-dental-de-elvis-presley-se-expone-concienciar-del-cancer-bucal\/#organizationLogo"}},{"@type":"Person","@id":"https:\/\/eldigitaldeasturias.com\/magazine365\/author\/admin\/#author","url":"https:\/\/eldigitaldeasturias.com\/magazine365\/author\/admin\/","name":"admin","image":{"@type":"ImageObject","@id":"https:\/\/eldigitaldeasturias.com\/magazine365\/una-protesis-dental-de-elvis-presley-se-expone-concienciar-del-cancer-bucal\/#authorImage","url":"https:\/\/eldigitaldeasturias.com\/magazine365\/wp-content\/litespeed\/avatar\/e571bcf59a0edd6fa6838245a470f2fe.jpg?ver=1777574230","width":96,"height":96,"caption":"admin"}},{"@type":"WebPage","@id":"https:\/\/eldigitaldeasturias.com\/magazine365\/una-protesis-dental-de-elvis-presley-se-expone-concienciar-del-cancer-bucal\/#webpage","url":"https:\/\/eldigitaldeasturias.com\/magazine365\/una-protesis-dental-de-elvis-presley-se-expone-concienciar-del-cancer-bucal\/","name":"Una pr\u00f3tesis dental de Elvis Presley se expone concienciar del c\u00e1ncer bucal | El Digital de Asturias","description":"Londres, 2 jun (EFE).- Una pr\u00f3tesis dental de Elvis Presley recorrer\u00e1 varias cl\u00ednicas dentistas de Inglaterra, Escocia y Gales hasta el pr\u00f3ximo d\u00eda 17, como parte de una campa\u00f1a para concienciar a los brit\u00e1nicos del riesgo de c\u00e1ncer de boca. La llamada \"Corona del Rey\" es una funda dental que el dentista Henry Weiss le","inLanguage":"es-ES","isPartOf":{"@id":"https:\/\/eldigitaldeasturias.com\/magazine365\/#website"},"breadcrumb":{"@id":"https:\/\/eldigitaldeasturias.com\/magazine365\/una-protesis-dental-de-elvis-presley-se-expone-concienciar-del-cancer-bucal\/#breadcrumblist"},"author":{"@id":"https:\/\/eldigitaldeasturias.com\/magazine365\/author\/admin\/#author"},"creator":{"@id":"https:\/\/eldigitaldeasturias.com\/magazine365\/author\/admin\/#author"},"image":{"@type":"ImageObject","url":"https:\/\/eldigitaldeasturias.com\/magazine365\/wp-content\/uploads\/2014\/06\/6326219w.jpg","@id":"https:\/\/eldigitaldeasturias.com\/magazine365\/una-protesis-dental-de-elvis-presley-se-expone-concienciar-del-cancer-bucal\/#mainImage","width":700,"height":939},"primaryImageOfPage":{"@id":"https:\/\/eldigitaldeasturias.com\/magazine365\/una-protesis-dental-de-elvis-presley-se-expone-concienciar-del-cancer-bucal\/#mainImage"},"datePublished":"2014-06-02T23:47:50+02:00","dateModified":"2014-06-02T23:47:50+02:00"},{"@type":"WebSite","@id":"https:\/\/eldigitaldeasturias.com\/magazine365\/#website","url":"https:\/\/eldigitaldeasturias.com\/magazine365\/","name":"El Digital de Asturias","description":"Revista de ocio, turismo y estilo de vida","inLanguage":"es-ES","publisher":{"@id":"https:\/\/eldigitaldeasturias.com\/magazine365\/#organization"}}]},"og:locale":"es_ES","og:site_name":"El Digital de Asturias \u2013 Revista de ocio, turismo y estilo de vida","og:type":"article","og:title":"Una pr\u00f3tesis dental de Elvis Presley se expone concienciar del c\u00e1ncer bucal | El Digital de Asturias","og:description":"Londres, 2 jun (EFE).- Una pr\u00f3tesis dental de Elvis Presley recorrer\u00e1 varias cl\u00ednicas dentistas de Inglaterra, Escocia y Gales hasta el pr\u00f3ximo d\u00eda 17, como parte de una campa\u00f1a para concienciar a los brit\u00e1nicos del riesgo de c\u00e1ncer de boca. La llamada &quot;Corona del Rey&quot; es una funda dental que el dentista Henry Weiss le","og:url":"https:\/\/eldigitaldeasturias.com\/magazine365\/una-protesis-dental-de-elvis-presley-se-expone-concienciar-del-cancer-bucal\/","og:image":"https:\/\/eldigitaldeasturias.com\/magazine365\/wp-content\/uploads\/2014\/06\/6326219w.jpg","og:image:secure_url":"https:\/\/eldigitaldeasturias.com\/magazine365\/wp-content\/uploads\/2014\/06\/6326219w.jpg","og:image:width":700,"og:image:height":939,"article:published_time":"2014-06-03T01:47:50+00:00","article:modified_time":"2014-06-03T01:47:50+00:00","twitter:card":"summary_large_image","twitter:title":"Una pr\u00f3tesis dental de Elvis Presley se expone concienciar del c\u00e1ncer bucal | El Digital de Asturias","twitter:description":"Londres, 2 jun (EFE).- Una pr\u00f3tesis dental de Elvis Presley recorrer\u00e1 varias cl\u00ednicas dentistas de Inglaterra, Escocia y Gales hasta el pr\u00f3ximo d\u00eda 17, como parte de una campa\u00f1a para concienciar a los brit\u00e1nicos del riesgo de c\u00e1ncer de boca. La llamada &quot;Corona del Rey&quot; es una funda dental que el dentista Henry Weiss le","twitter:image":"https:\/\/eldigitaldeasturias.com\/magazine365\/wp-content\/uploads\/2014\/06\/6326219w.jpg"},"aioseo_meta_data":{"post_id":"14817","title":null,"description":null,"keywords":null,"keyphrases":null,"primary_term":null,"canonical_url":null,"og_title":null,"og_description":null,"og_object_type":"default","og_image_type":"default","og_image_url":null,"og_image_width":null,"og_image_height":null,"og_image_custom_url":null,"og_image_custom_fields":null,"og_video":null,"og_custom_url":null,"og_article_section":null,"og_article_tags":null,"twitter_use_og":false,"twitter_card":"default","twitter_image_type":"default","twitter_image_url":null,"twitter_image_custom_url":null,"twitter_image_custom_fields":null,"twitter_title":null,"twitter_description":null,"schema":{"blockGraphs":[],"customGraphs":[],"default":{"data":{"Article":[],"Course":[],"Dataset":[],"FAQPage":[],"Movie":[],"Person":[],"Product":[],"ProductReview":[],"Car":[],"Recipe":[],"Service":[],"SoftwareApplication":[],"WebPage":[]},"graphName":"","isEnabled":true},"graphs":[],"defaultGraph":"","defaultPostTypeGraph":""},"schema_type":null,"schema_type_options":null,"pillar_content":false,"robots_default":true,"robots_noindex":false,"robots_noarchive":false,"robots_nosnippet":false,"robots_nofollow":false,"robots_noimageindex":false,"robots_noodp":false,"robots_notranslate":false,"robots_max_snippet":null,"robots_max_videopreview":null,"robots_max_imagepreview":"large","priority":null,"frequency":null,"location":null,"local_seo":null,"seo_analyzer_scan_date":"2025-09-17 10:51:38","breadcrumb_settings":null,"limit_modified_date":false,"open_ai":null,"ai":null,"created":"2021-03-09 08:09:41","updated":"2025-09-17 10:51:38"},"aioseo_breadcrumb":"<div class=\"aioseo-breadcrumbs\"><span class=\"aioseo-breadcrumb\">\n\t<a href=\"https:\/\/eldigitaldeasturias.com\/magazine365\" title=\"Home\">Home<\/a>\n<\/span><span class=\"aioseo-breadcrumb-separator\">\u2013<\/span><span class=\"aioseo-breadcrumb\">\n\t<a href=\"https:\/\/eldigitaldeasturias.com\/magazine365\/category\/noticias-actualidad\/\" title=\"Noticias y Actualidad\">Noticias y Actualidad<\/a>\n<\/span><span class=\"aioseo-breadcrumb-separator\">\u2013<\/span><span class=\"aioseo-breadcrumb\">\n\t<a href=\"https:\/\/eldigitaldeasturias.com\/magazine365\/una-protesis-dental-de-elvis-presley-se-expone-concienciar-del-cancer-bucal\/\" title=\"Una pr\u00f3tesis dental de Elvis Presley se expone concienciar del c\u00e1ncer bucal\">Una pr\u00f3tesis dental de Elvis Presley se expone concienciar del c\u00e1ncer bucal<\/a>\n<\/span><\/div>","aioseo_breadcrumb_json":[{"label":"Home","link":"https:\/\/eldigitaldeasturias.com\/magazine365"},{"label":"Noticias y Actualidad","link":"https:\/\/eldigitaldeasturias.com\/magazine365\/category\/noticias-actualidad\/"},{"label":"Una pr\u00f3tesis dental de Elvis Presley se expone concienciar del c\u00e1ncer bucal","link":"https:\/\/eldigitaldeasturias.com\/magazine365\/una-protesis-dental-de-elvis-presley-se-expone-concienciar-del-cancer-bucal\/"}],"_links":{"self":[{"href":"https:\/\/eldigitaldeasturias.com\/magazine365\/wp-json\/wp\/v2\/posts\/14817","targetHints":{"allow":["GET"]}}],"collection":[{"href":"https:\/\/eldigitaldeasturias.com\/magazine365\/wp-json\/wp\/v2\/posts"}],"about":[{"href":"https:\/\/eldigitaldeasturias.com\/magazine365\/wp-json\/wp\/v2\/types\/post"}],"author":[{"embeddable":true,"href":"https:\/\/eldigitaldeasturias.com\/magazine365\/wp-json\/wp\/v2\/users\/1"}],"replies":[{"embeddable":true,"href":"https:\/\/eldigitaldeasturias.com\/magazine365\/wp-json\/wp\/v2\/comments?post=14817"}],"version-history":[{"count":0,"href":"https:\/\/eldigitaldeasturias.com\/magazine365\/wp-json\/wp\/v2\/posts\/14817\/revisions"}],"wp:featuredmedia":[{"embeddable":true,"href":"https:\/\/eldigitaldeasturias.com\/magazine365\/wp-json\/wp\/v2\/media\/14818"}],"wp:attachment":[{"href":"https:\/\/eldigitaldeasturias.com\/magazine365\/wp-json\/wp\/v2\/media?parent=14817"}],"wp:term":[{"taxonomy":"category","embeddable":true,"href":"https:\/\/eldigitaldeasturias.com\/magazine365\/wp-json\/wp\/v2\/categories?post=14817"},{"taxonomy":"post_tag","embeddable":true,"href":"https:\/\/eldigitaldeasturias.com\/magazine365\/wp-json\/wp\/v2\/tags?post=14817"}],"curies":[{"name":"wp","href":"https:\/\/api.w.org\/{rel}","templated":true}]}}