{"id":14811,"date":"2014-06-02T23:44:31","date_gmt":"2014-06-03T01:44:31","guid":{"rendered":"http:\/\/eldigitaldeasturias.com\/magazine365\/?p=14811"},"modified":"2014-06-02T23:44:31","modified_gmt":"2014-06-03T01:44:31","slug":"adria-inaugura-la-exposicion-bullifoundation-asegurando-que-es-un-proyecto-de-pais","status":"publish","type":"post","link":"https:\/\/eldigitaldeasturias.com\/magazine365\/adria-inaugura-la-exposicion-bullifoundation-asegurando-que-es-un-proyecto-de-pais\/","title":{"rendered":"Adri\u00e0 inaugura la exposici\u00f3n \u00abBullifoundation\u00bb asegurando que \u00abes un proyecto de pa\u00eds\u00bb"},"content":{"rendered":"<p><img fetchpriority=\"high\" decoding=\"async\" class=\"alignleft size-medium wp-image-14812\" alt=\"6325764w\" src=\"https:\/\/eldigitaldeasturias.com\/magazine365\/wp-content\/uploads\/2014\/06\/6325764w-360x239.jpg\" width=\"360\" height=\"239\" srcset=\"https:\/\/eldigitaldeasturias.com\/magazine365\/wp-content\/uploads\/2014\/06\/6325764w-360x239.jpg 360w, https:\/\/eldigitaldeasturias.com\/magazine365\/wp-content\/uploads\/2014\/06\/6325764w-650x432.jpg 650w, https:\/\/eldigitaldeasturias.com\/magazine365\/wp-content\/uploads\/2014\/06\/6325764w-768x511.jpg 768w, https:\/\/eldigitaldeasturias.com\/magazine365\/wp-content\/uploads\/2014\/06\/6325764w-150x100.jpg 150w, https:\/\/eldigitaldeasturias.com\/magazine365\/wp-content\/uploads\/2014\/06\/6325764w-450x299.jpg 450w, https:\/\/eldigitaldeasturias.com\/magazine365\/wp-content\/uploads\/2014\/06\/6325764w-696x463.jpg 696w, https:\/\/eldigitaldeasturias.com\/magazine365\/wp-content\/uploads\/2014\/06\/6325764w-632x420.jpg 632w, https:\/\/eldigitaldeasturias.com\/magazine365\/wp-content\/uploads\/2014\/06\/6325764w-84x55.jpg 84w, https:\/\/eldigitaldeasturias.com\/magazine365\/wp-content\/uploads\/2014\/06\/6325764w.jpg 800w\" sizes=\"(max-width: 360px) 100vw, 360px\" \/>Barcelona, 2 jun (EFE).- El cocinero Ferran Adri\u00e0 ha inaugurado hoy la exposici\u00f3n Bullifoundation, que muestra al p\u00fablico la transformaci\u00f3n del m\u00edtico restaurante, afirmando \u00abes un proyecto de pa\u00eds que ha sido muy dif\u00edcil y muy excepcional en todos los sentidos\u00bb.<\/p>\n<p>Para Adri\u00e0, \u00abtodo lo que ha pasado con El Bulli en los \u00faltimos a\u00f1os es una historia de pel\u00edcula que yo ni nadie esperaba\u00bb, y ha puntualizado que con esta muestra p\u00fablica quiere que todo el mundo conozca de verdad de lo que se trata.<\/p>\n<p>En declaraciones a Efe, Adri\u00e0 ha destacado que \u00abtodo ha ido surgiendo poco a poco, y que todo lo que ha pasado en los \u00faltimos 15 a\u00f1os de El Bulli no estaba en el gui\u00f3n. En el a\u00f1o 97 tuvimos 3 Estrellas Michel\u00edn, que era el gui\u00f3n. Con 3 estrellas, y de all\u00ed a aqu\u00ed&#8230; un sue\u00f1o\u00bb.<\/p>\n<p>La exhibici\u00f3n, que estar\u00e1 abierta hasta el pr\u00f3ximo 27 de julio en el Palau Robert, se estructura en tres \u00e1mbitos que son los pilares de elBullifoundation; elBulli1846, el espacio que presenta el proyecto arquitect\u00f3nico en una gran maqueta; elBulliDNA, el equipo de trabajo que desarrollar\u00e1 la creatividad, y Bullipedia, la enciclopedia web de la gastronom\u00eda y la cocina occidentales.<\/p>\n<p>Tras remarcar en la inauguraci\u00f3n que \u00abqueremos el sue\u00f1o\u00bb, ha dado las gracias a quienes lo apoyan afirmando que \u00ablas cosas pueden cambiar, pero para ello hay que luchar mucho\u00bb y ha recordado que \u00aben El Bulli durante 15 a\u00f1os no ganamos un duro y seguimos trabajando\u00bb.<\/p>\n<p>Especialmente, ha dado las gracias al presidente de la Generalitat, Artur Mas, que ha pasado a saludar s\u00f3lo unos minutos debido a la abdicaci\u00f3n del Rey, y que deb\u00eda presidir el acto.<\/p>\n<p>El cocinero ha puntualizado que en el Bullfoundation \u00abse quiere cambiar el concepto de educaci\u00f3n, desde Barcelona, y sin necesidad de grandes recursos, con un presupuesto de 2,5 millones anuales\u00bb, y que por eso es importante que se entienda bien.<\/p>\n<p>La parte central de la exposici\u00f3n acoge el \u00e1mbito elBulli1846, con la maqueta de los nuevos edificios y una explicaci\u00f3n detallada del proyecto de arquitectura y paisajismo.<\/p>\n<p>El espacio elBulli1846, cuyo n\u00famero hace referencia al n\u00famero de platos creados por el Bulli, acoger\u00e1 un recorrido narrativo sobre el proceso creativo y gastron\u00f3mico, y ser\u00e1 un observatorio del equipo creativo que se constituir\u00e1 como elBulliDNA.<\/p>\n<p>El proyecto estar\u00e1 en el Parque Natural del Cap de Creus, donde ocupar\u00e1 5.411 metros cuadrados, y se har\u00e1 con un sistema de muros de piedra que evoca los caracter\u00edsticas del entorno rural de esa zona del Empord\u00e0.<\/p>\n<p>La exposici\u00f3n tambi\u00e9n recuerda el proceso vivido desde el cierre del restaurante elBulli, en julio de 2011, hasta su transformaci\u00f3n en elBullifoundation, y c\u00f3mo la tarea desarrollada por Ferran Adri\u00e0 y su equipo se ha mantenido viva gracias a las exposiciones que se han presentado en Londres, Nueva York y Boston.<\/p>\n<p>El conseller de Territorio y Sostenibilidad, Santi Vila, ha dicho en el acto que \u00abla Generalitat celebra, saluda y apoya el proyecto porque encarna los valores que nos describen (a Catalu\u00f1a) como pa\u00eds y comunidad, y que son innovaci\u00f3n, riesgo y curiosidad infinita\u00bb.<\/p>\n","protected":false},"excerpt":{"rendered":"<p>Barcelona, 2 jun (EFE).- El cocinero Ferran Adri\u00e0 ha inaugurado hoy la exposici\u00f3n Bullifoundation, que muestra al p\u00fablico la transformaci\u00f3n del m\u00edtico restaurante, afirmando \u00abes un proyecto de pa\u00eds que ha sido muy dif\u00edcil y muy excepcional en todos los sentidos\u00bb. Para Adri\u00e0, \u00abtodo lo que ha pasado con El Bulli en los \u00faltimos a\u00f1os<\/p>\n","protected":false},"author":1,"featured_media":14812,"comment_status":"open","ping_status":"closed","sticky":false,"template":"","format":"standard","meta":{"footnotes":""},"categories":[224],"tags":[],"class_list":{"0":"post-14811","1":"post","2":"type-post","3":"status-publish","4":"format-standard","5":"has-post-thumbnail","7":"category-noticias-actualidad"},"aioseo_notices":[],"aioseo_head":"\n\t\t<!-- All in One SEO Pro 4.9.6.1 - aioseo.com -->\n\t<meta name=\"description\" content=\"Barcelona, 2 jun (EFE).- El cocinero Ferran Adri\u00e0 ha inaugurado hoy la exposici\u00f3n Bullifoundation, que muestra al p\u00fablico la transformaci\u00f3n del m\u00edtico restaurante, afirmando &quot;es un proyecto de pa\u00eds que ha sido muy dif\u00edcil y muy excepcional en todos los sentidos&quot;. Para Adri\u00e0, &quot;todo lo que ha pasado con El Bulli en los \u00faltimos a\u00f1os\" \/>\n\t<meta name=\"robots\" content=\"max-image-preview:large\" \/>\n\t<meta name=\"author\" content=\"admin\"\/>\n\t<meta name=\"google-site-verification\" content=\"UA-38556648-1\" \/>\n\t<meta name=\"keywords\" content=\"noticias y actualidad\" \/>\n\t<link rel=\"canonical\" href=\"https:\/\/eldigitaldeasturias.com\/magazine365\/adria-inaugura-la-exposicion-bullifoundation-asegurando-que-es-un-proyecto-de-pais\/\" \/>\n\t<meta name=\"generator\" content=\"All in One SEO Pro (AIOSEO) 4.9.6.1\" \/>\n\t\t<meta property=\"og:locale\" content=\"es_ES\" \/>\n\t\t<meta property=\"og:site_name\" content=\"El Digital de Asturias \u2013 Revista de ocio, turismo y estilo de vida\" \/>\n\t\t<meta property=\"og:type\" content=\"article\" \/>\n\t\t<meta property=\"og:title\" content=\"Adri\u00e0 inaugura la exposici\u00f3n \u00abBullifoundation\u00bb asegurando que \u00abes un proyecto de pa\u00eds\u00bb | El Digital de Asturias\" \/>\n\t\t<meta property=\"og:description\" content=\"Barcelona, 2 jun (EFE).- El cocinero Ferran Adri\u00e0 ha inaugurado hoy la exposici\u00f3n Bullifoundation, que muestra al p\u00fablico la transformaci\u00f3n del m\u00edtico restaurante, afirmando &quot;es un proyecto de pa\u00eds que ha sido muy dif\u00edcil y muy excepcional en todos los sentidos&quot;. Para Adri\u00e0, &quot;todo lo que ha pasado con El Bulli en los \u00faltimos a\u00f1os\" \/>\n\t\t<meta property=\"og:url\" content=\"https:\/\/eldigitaldeasturias.com\/magazine365\/adria-inaugura-la-exposicion-bullifoundation-asegurando-que-es-un-proyecto-de-pais\/\" \/>\n\t\t<meta property=\"og:image\" content=\"https:\/\/eldigitaldeasturias.com\/magazine365\/wp-content\/uploads\/2014\/06\/6325764w.jpg\" \/>\n\t\t<meta property=\"og:image:secure_url\" content=\"https:\/\/eldigitaldeasturias.com\/magazine365\/wp-content\/uploads\/2014\/06\/6325764w.jpg\" \/>\n\t\t<meta property=\"og:image:width\" content=\"800\" \/>\n\t\t<meta property=\"og:image:height\" content=\"532\" \/>\n\t\t<meta property=\"article:published_time\" content=\"2014-06-03T01:44:31+00:00\" \/>\n\t\t<meta property=\"article:modified_time\" content=\"2014-06-03T01:44:31+00:00\" \/>\n\t\t<meta name=\"twitter:card\" content=\"summary_large_image\" \/>\n\t\t<meta name=\"twitter:title\" content=\"Adri\u00e0 inaugura la exposici\u00f3n \u00abBullifoundation\u00bb asegurando que \u00abes un proyecto de pa\u00eds\u00bb | El Digital de Asturias\" \/>\n\t\t<meta name=\"twitter:description\" content=\"Barcelona, 2 jun (EFE).- El cocinero Ferran Adri\u00e0 ha inaugurado hoy la exposici\u00f3n Bullifoundation, que muestra al p\u00fablico la transformaci\u00f3n del m\u00edtico restaurante, afirmando &quot;es un proyecto de pa\u00eds que ha sido muy dif\u00edcil y muy excepcional en todos los sentidos&quot;. Para Adri\u00e0, &quot;todo lo que ha pasado con El Bulli en los \u00faltimos a\u00f1os\" \/>\n\t\t<meta name=\"twitter:image\" content=\"https:\/\/eldigitaldeasturias.com\/magazine365\/wp-content\/uploads\/2014\/06\/6325764w.jpg\" \/>\n\t\t<script type=\"application\/ld+json\" class=\"aioseo-schema\">\n\t\t\t{\"@context\":\"https:\\\/\\\/schema.org\",\"@graph\":[{\"@type\":\"Article\",\"@id\":\"https:\\\/\\\/eldigitaldeasturias.com\\\/magazine365\\\/adria-inaugura-la-exposicion-bullifoundation-asegurando-que-es-un-proyecto-de-pais\\\/#article\",\"name\":\"Adri\\u00e0 inaugura la exposici\\u00f3n \\u00abBullifoundation\\u00bb asegurando que \\u00abes un proyecto de pa\\u00eds\\u00bb | El Digital de Asturias\",\"headline\":\"Adri\\u00e0 inaugura la exposici\\u00f3n \\u00abBullifoundation\\u00bb asegurando que \\u00abes un proyecto de pa\\u00eds\\u00bb\",\"author\":{\"@id\":\"https:\\\/\\\/eldigitaldeasturias.com\\\/magazine365\\\/author\\\/admin\\\/#author\"},\"publisher\":{\"@id\":\"https:\\\/\\\/eldigitaldeasturias.com\\\/magazine365\\\/#organization\"},\"image\":{\"@type\":\"ImageObject\",\"url\":\"https:\\\/\\\/eldigitaldeasturias.com\\\/magazine365\\\/wp-content\\\/uploads\\\/2014\\\/06\\\/6325764w.jpg\",\"width\":800,\"height\":532},\"datePublished\":\"2014-06-02T23:44:31+02:00\",\"dateModified\":\"2014-06-02T23:44:31+02:00\",\"inLanguage\":\"es-ES\",\"mainEntityOfPage\":{\"@id\":\"https:\\\/\\\/eldigitaldeasturias.com\\\/magazine365\\\/adria-inaugura-la-exposicion-bullifoundation-asegurando-que-es-un-proyecto-de-pais\\\/#webpage\"},\"isPartOf\":{\"@id\":\"https:\\\/\\\/eldigitaldeasturias.com\\\/magazine365\\\/adria-inaugura-la-exposicion-bullifoundation-asegurando-que-es-un-proyecto-de-pais\\\/#webpage\"},\"articleSection\":\"Noticias y Actualidad\"},{\"@type\":\"BreadcrumbList\",\"@id\":\"https:\\\/\\\/eldigitaldeasturias.com\\\/magazine365\\\/adria-inaugura-la-exposicion-bullifoundation-asegurando-que-es-un-proyecto-de-pais\\\/#breadcrumblist\",\"itemListElement\":[{\"@type\":\"ListItem\",\"@id\":\"https:\\\/\\\/eldigitaldeasturias.com\\\/magazine365#listItem\",\"position\":1,\"name\":\"Home\",\"item\":\"https:\\\/\\\/eldigitaldeasturias.com\\\/magazine365\",\"nextItem\":{\"@type\":\"ListItem\",\"@id\":\"https:\\\/\\\/eldigitaldeasturias.com\\\/magazine365\\\/category\\\/noticias-actualidad\\\/#listItem\",\"name\":\"Noticias y Actualidad\"}},{\"@type\":\"ListItem\",\"@id\":\"https:\\\/\\\/eldigitaldeasturias.com\\\/magazine365\\\/category\\\/noticias-actualidad\\\/#listItem\",\"position\":2,\"name\":\"Noticias y Actualidad\",\"item\":\"https:\\\/\\\/eldigitaldeasturias.com\\\/magazine365\\\/category\\\/noticias-actualidad\\\/\",\"nextItem\":{\"@type\":\"ListItem\",\"@id\":\"https:\\\/\\\/eldigitaldeasturias.com\\\/magazine365\\\/adria-inaugura-la-exposicion-bullifoundation-asegurando-que-es-un-proyecto-de-pais\\\/#listItem\",\"name\":\"Adri\\u00e0 inaugura la exposici\\u00f3n \\u00abBullifoundation\\u00bb asegurando que \\u00abes un proyecto de pa\\u00eds\\u00bb\"},\"previousItem\":{\"@type\":\"ListItem\",\"@id\":\"https:\\\/\\\/eldigitaldeasturias.com\\\/magazine365#listItem\",\"name\":\"Home\"}},{\"@type\":\"ListItem\",\"@id\":\"https:\\\/\\\/eldigitaldeasturias.com\\\/magazine365\\\/adria-inaugura-la-exposicion-bullifoundation-asegurando-que-es-un-proyecto-de-pais\\\/#listItem\",\"position\":3,\"name\":\"Adri\\u00e0 inaugura la exposici\\u00f3n \\u00abBullifoundation\\u00bb asegurando que \\u00abes un proyecto de pa\\u00eds\\u00bb\",\"previousItem\":{\"@type\":\"ListItem\",\"@id\":\"https:\\\/\\\/eldigitaldeasturias.com\\\/magazine365\\\/category\\\/noticias-actualidad\\\/#listItem\",\"name\":\"Noticias y Actualidad\"}}]},{\"@type\":\"Organization\",\"@id\":\"https:\\\/\\\/eldigitaldeasturias.com\\\/magazine365\\\/#organization\",\"name\":\"El digital de Asturias\",\"description\":\"Revista de ocio, turismo y estilo de vida\",\"url\":\"https:\\\/\\\/eldigitaldeasturias.com\\\/magazine365\\\/\",\"logo\":{\"@type\":\"ImageObject\",\"url\":\"https:\\\/\\\/www.eldigitaldeasturias.com\\\/noticias\\\/wp-content\\\/uploads\\\/2020\\\/12\\\/EDA.jpg\",\"@id\":\"https:\\\/\\\/eldigitaldeasturias.com\\\/magazine365\\\/adria-inaugura-la-exposicion-bullifoundation-asegurando-que-es-un-proyecto-de-pais\\\/#organizationLogo\"},\"image\":{\"@id\":\"https:\\\/\\\/eldigitaldeasturias.com\\\/magazine365\\\/adria-inaugura-la-exposicion-bullifoundation-asegurando-que-es-un-proyecto-de-pais\\\/#organizationLogo\"}},{\"@type\":\"Person\",\"@id\":\"https:\\\/\\\/eldigitaldeasturias.com\\\/magazine365\\\/author\\\/admin\\\/#author\",\"url\":\"https:\\\/\\\/eldigitaldeasturias.com\\\/magazine365\\\/author\\\/admin\\\/\",\"name\":\"admin\",\"image\":{\"@type\":\"ImageObject\",\"@id\":\"https:\\\/\\\/eldigitaldeasturias.com\\\/magazine365\\\/adria-inaugura-la-exposicion-bullifoundation-asegurando-que-es-un-proyecto-de-pais\\\/#authorImage\",\"url\":\"https:\\\/\\\/eldigitaldeasturias.com\\\/magazine365\\\/wp-content\\\/litespeed\\\/avatar\\\/e571bcf59a0edd6fa6838245a470f2fe.jpg?ver=1777574230\",\"width\":96,\"height\":96,\"caption\":\"admin\"}},{\"@type\":\"WebPage\",\"@id\":\"https:\\\/\\\/eldigitaldeasturias.com\\\/magazine365\\\/adria-inaugura-la-exposicion-bullifoundation-asegurando-que-es-un-proyecto-de-pais\\\/#webpage\",\"url\":\"https:\\\/\\\/eldigitaldeasturias.com\\\/magazine365\\\/adria-inaugura-la-exposicion-bullifoundation-asegurando-que-es-un-proyecto-de-pais\\\/\",\"name\":\"Adri\\u00e0 inaugura la exposici\\u00f3n \\u00abBullifoundation\\u00bb asegurando que \\u00abes un proyecto de pa\\u00eds\\u00bb | El Digital de Asturias\",\"description\":\"Barcelona, 2 jun (EFE).- El cocinero Ferran Adri\\u00e0 ha inaugurado hoy la exposici\\u00f3n Bullifoundation, que muestra al p\\u00fablico la transformaci\\u00f3n del m\\u00edtico restaurante, afirmando \\\"es un proyecto de pa\\u00eds que ha sido muy dif\\u00edcil y muy excepcional en todos los sentidos\\\". Para Adri\\u00e0, \\\"todo lo que ha pasado con El Bulli en los \\u00faltimos a\\u00f1os\",\"inLanguage\":\"es-ES\",\"isPartOf\":{\"@id\":\"https:\\\/\\\/eldigitaldeasturias.com\\\/magazine365\\\/#website\"},\"breadcrumb\":{\"@id\":\"https:\\\/\\\/eldigitaldeasturias.com\\\/magazine365\\\/adria-inaugura-la-exposicion-bullifoundation-asegurando-que-es-un-proyecto-de-pais\\\/#breadcrumblist\"},\"author\":{\"@id\":\"https:\\\/\\\/eldigitaldeasturias.com\\\/magazine365\\\/author\\\/admin\\\/#author\"},\"creator\":{\"@id\":\"https:\\\/\\\/eldigitaldeasturias.com\\\/magazine365\\\/author\\\/admin\\\/#author\"},\"image\":{\"@type\":\"ImageObject\",\"url\":\"https:\\\/\\\/eldigitaldeasturias.com\\\/magazine365\\\/wp-content\\\/uploads\\\/2014\\\/06\\\/6325764w.jpg\",\"@id\":\"https:\\\/\\\/eldigitaldeasturias.com\\\/magazine365\\\/adria-inaugura-la-exposicion-bullifoundation-asegurando-que-es-un-proyecto-de-pais\\\/#mainImage\",\"width\":800,\"height\":532},\"primaryImageOfPage\":{\"@id\":\"https:\\\/\\\/eldigitaldeasturias.com\\\/magazine365\\\/adria-inaugura-la-exposicion-bullifoundation-asegurando-que-es-un-proyecto-de-pais\\\/#mainImage\"},\"datePublished\":\"2014-06-02T23:44:31+02:00\",\"dateModified\":\"2014-06-02T23:44:31+02:00\"},{\"@type\":\"WebSite\",\"@id\":\"https:\\\/\\\/eldigitaldeasturias.com\\\/magazine365\\\/#website\",\"url\":\"https:\\\/\\\/eldigitaldeasturias.com\\\/magazine365\\\/\",\"name\":\"El Digital de Asturias\",\"description\":\"Revista de ocio, turismo y estilo de vida\",\"inLanguage\":\"es-ES\",\"publisher\":{\"@id\":\"https:\\\/\\\/eldigitaldeasturias.com\\\/magazine365\\\/#organization\"}}]}\n\t\t<\/script>\n\t\t<!-- All in One SEO Pro -->\r\n\t\t<title>Adri\u00e0 inaugura la exposici\u00f3n \u00abBullifoundation\u00bb asegurando que \u00abes un proyecto de pa\u00eds\u00bb | El Digital de Asturias<\/title>\n\n","aioseo_head_json":{"title":"Adri\u00e0 inaugura la exposici\u00f3n \u00abBullifoundation\u00bb asegurando que \u00abes un proyecto de pa\u00eds\u00bb | El Digital de Asturias","description":"Barcelona, 2 jun (EFE).- El cocinero Ferran Adri\u00e0 ha inaugurado hoy la exposici\u00f3n Bullifoundation, que muestra al p\u00fablico la transformaci\u00f3n del m\u00edtico restaurante, afirmando \"es un proyecto de pa\u00eds que ha sido muy dif\u00edcil y muy excepcional en todos los sentidos\". Para Adri\u00e0, \"todo lo que ha pasado con El Bulli en los \u00faltimos a\u00f1os","canonical_url":"https:\/\/eldigitaldeasturias.com\/magazine365\/adria-inaugura-la-exposicion-bullifoundation-asegurando-que-es-un-proyecto-de-pais\/","robots":"max-image-preview:large","keywords":"noticias y actualidad","webmasterTools":{"google-site-verification":"UA-38556648-1","miscellaneous":""},"schema":{"@context":"https:\/\/schema.org","@graph":[{"@type":"Article","@id":"https:\/\/eldigitaldeasturias.com\/magazine365\/adria-inaugura-la-exposicion-bullifoundation-asegurando-que-es-un-proyecto-de-pais\/#article","name":"Adri\u00e0 inaugura la exposici\u00f3n \u00abBullifoundation\u00bb asegurando que \u00abes un proyecto de pa\u00eds\u00bb | El Digital de Asturias","headline":"Adri\u00e0 inaugura la exposici\u00f3n \u00abBullifoundation\u00bb asegurando que \u00abes un proyecto de pa\u00eds\u00bb","author":{"@id":"https:\/\/eldigitaldeasturias.com\/magazine365\/author\/admin\/#author"},"publisher":{"@id":"https:\/\/eldigitaldeasturias.com\/magazine365\/#organization"},"image":{"@type":"ImageObject","url":"https:\/\/eldigitaldeasturias.com\/magazine365\/wp-content\/uploads\/2014\/06\/6325764w.jpg","width":800,"height":532},"datePublished":"2014-06-02T23:44:31+02:00","dateModified":"2014-06-02T23:44:31+02:00","inLanguage":"es-ES","mainEntityOfPage":{"@id":"https:\/\/eldigitaldeasturias.com\/magazine365\/adria-inaugura-la-exposicion-bullifoundation-asegurando-que-es-un-proyecto-de-pais\/#webpage"},"isPartOf":{"@id":"https:\/\/eldigitaldeasturias.com\/magazine365\/adria-inaugura-la-exposicion-bullifoundation-asegurando-que-es-un-proyecto-de-pais\/#webpage"},"articleSection":"Noticias y Actualidad"},{"@type":"BreadcrumbList","@id":"https:\/\/eldigitaldeasturias.com\/magazine365\/adria-inaugura-la-exposicion-bullifoundation-asegurando-que-es-un-proyecto-de-pais\/#breadcrumblist","itemListElement":[{"@type":"ListItem","@id":"https:\/\/eldigitaldeasturias.com\/magazine365#listItem","position":1,"name":"Home","item":"https:\/\/eldigitaldeasturias.com\/magazine365","nextItem":{"@type":"ListItem","@id":"https:\/\/eldigitaldeasturias.com\/magazine365\/category\/noticias-actualidad\/#listItem","name":"Noticias y Actualidad"}},{"@type":"ListItem","@id":"https:\/\/eldigitaldeasturias.com\/magazine365\/category\/noticias-actualidad\/#listItem","position":2,"name":"Noticias y Actualidad","item":"https:\/\/eldigitaldeasturias.com\/magazine365\/category\/noticias-actualidad\/","nextItem":{"@type":"ListItem","@id":"https:\/\/eldigitaldeasturias.com\/magazine365\/adria-inaugura-la-exposicion-bullifoundation-asegurando-que-es-un-proyecto-de-pais\/#listItem","name":"Adri\u00e0 inaugura la exposici\u00f3n \u00abBullifoundation\u00bb asegurando que \u00abes un proyecto de pa\u00eds\u00bb"},"previousItem":{"@type":"ListItem","@id":"https:\/\/eldigitaldeasturias.com\/magazine365#listItem","name":"Home"}},{"@type":"ListItem","@id":"https:\/\/eldigitaldeasturias.com\/magazine365\/adria-inaugura-la-exposicion-bullifoundation-asegurando-que-es-un-proyecto-de-pais\/#listItem","position":3,"name":"Adri\u00e0 inaugura la exposici\u00f3n \u00abBullifoundation\u00bb asegurando que \u00abes un proyecto de pa\u00eds\u00bb","previousItem":{"@type":"ListItem","@id":"https:\/\/eldigitaldeasturias.com\/magazine365\/category\/noticias-actualidad\/#listItem","name":"Noticias y Actualidad"}}]},{"@type":"Organization","@id":"https:\/\/eldigitaldeasturias.com\/magazine365\/#organization","name":"El digital de Asturias","description":"Revista de ocio, turismo y estilo de vida","url":"https:\/\/eldigitaldeasturias.com\/magazine365\/","logo":{"@type":"ImageObject","url":"https:\/\/www.eldigitaldeasturias.com\/noticias\/wp-content\/uploads\/2020\/12\/EDA.jpg","@id":"https:\/\/eldigitaldeasturias.com\/magazine365\/adria-inaugura-la-exposicion-bullifoundation-asegurando-que-es-un-proyecto-de-pais\/#organizationLogo"},"image":{"@id":"https:\/\/eldigitaldeasturias.com\/magazine365\/adria-inaugura-la-exposicion-bullifoundation-asegurando-que-es-un-proyecto-de-pais\/#organizationLogo"}},{"@type":"Person","@id":"https:\/\/eldigitaldeasturias.com\/magazine365\/author\/admin\/#author","url":"https:\/\/eldigitaldeasturias.com\/magazine365\/author\/admin\/","name":"admin","image":{"@type":"ImageObject","@id":"https:\/\/eldigitaldeasturias.com\/magazine365\/adria-inaugura-la-exposicion-bullifoundation-asegurando-que-es-un-proyecto-de-pais\/#authorImage","url":"https:\/\/eldigitaldeasturias.com\/magazine365\/wp-content\/litespeed\/avatar\/e571bcf59a0edd6fa6838245a470f2fe.jpg?ver=1777574230","width":96,"height":96,"caption":"admin"}},{"@type":"WebPage","@id":"https:\/\/eldigitaldeasturias.com\/magazine365\/adria-inaugura-la-exposicion-bullifoundation-asegurando-que-es-un-proyecto-de-pais\/#webpage","url":"https:\/\/eldigitaldeasturias.com\/magazine365\/adria-inaugura-la-exposicion-bullifoundation-asegurando-que-es-un-proyecto-de-pais\/","name":"Adri\u00e0 inaugura la exposici\u00f3n \u00abBullifoundation\u00bb asegurando que \u00abes un proyecto de pa\u00eds\u00bb | El Digital de Asturias","description":"Barcelona, 2 jun (EFE).- El cocinero Ferran Adri\u00e0 ha inaugurado hoy la exposici\u00f3n Bullifoundation, que muestra al p\u00fablico la transformaci\u00f3n del m\u00edtico restaurante, afirmando \"es un proyecto de pa\u00eds que ha sido muy dif\u00edcil y muy excepcional en todos los sentidos\". Para Adri\u00e0, \"todo lo que ha pasado con El Bulli en los \u00faltimos a\u00f1os","inLanguage":"es-ES","isPartOf":{"@id":"https:\/\/eldigitaldeasturias.com\/magazine365\/#website"},"breadcrumb":{"@id":"https:\/\/eldigitaldeasturias.com\/magazine365\/adria-inaugura-la-exposicion-bullifoundation-asegurando-que-es-un-proyecto-de-pais\/#breadcrumblist"},"author":{"@id":"https:\/\/eldigitaldeasturias.com\/magazine365\/author\/admin\/#author"},"creator":{"@id":"https:\/\/eldigitaldeasturias.com\/magazine365\/author\/admin\/#author"},"image":{"@type":"ImageObject","url":"https:\/\/eldigitaldeasturias.com\/magazine365\/wp-content\/uploads\/2014\/06\/6325764w.jpg","@id":"https:\/\/eldigitaldeasturias.com\/magazine365\/adria-inaugura-la-exposicion-bullifoundation-asegurando-que-es-un-proyecto-de-pais\/#mainImage","width":800,"height":532},"primaryImageOfPage":{"@id":"https:\/\/eldigitaldeasturias.com\/magazine365\/adria-inaugura-la-exposicion-bullifoundation-asegurando-que-es-un-proyecto-de-pais\/#mainImage"},"datePublished":"2014-06-02T23:44:31+02:00","dateModified":"2014-06-02T23:44:31+02:00"},{"@type":"WebSite","@id":"https:\/\/eldigitaldeasturias.com\/magazine365\/#website","url":"https:\/\/eldigitaldeasturias.com\/magazine365\/","name":"El Digital de Asturias","description":"Revista de ocio, turismo y estilo de vida","inLanguage":"es-ES","publisher":{"@id":"https:\/\/eldigitaldeasturias.com\/magazine365\/#organization"}}]},"og:locale":"es_ES","og:site_name":"El Digital de Asturias \u2013 Revista de ocio, turismo y estilo de vida","og:type":"article","og:title":"Adri\u00e0 inaugura la exposici\u00f3n \u00abBullifoundation\u00bb asegurando que \u00abes un proyecto de pa\u00eds\u00bb | El Digital de Asturias","og:description":"Barcelona, 2 jun (EFE).- El cocinero Ferran Adri\u00e0 ha inaugurado hoy la exposici\u00f3n Bullifoundation, que muestra al p\u00fablico la transformaci\u00f3n del m\u00edtico restaurante, afirmando &quot;es un proyecto de pa\u00eds que ha sido muy dif\u00edcil y muy excepcional en todos los sentidos&quot;. Para Adri\u00e0, &quot;todo lo que ha pasado con El Bulli en los \u00faltimos a\u00f1os","og:url":"https:\/\/eldigitaldeasturias.com\/magazine365\/adria-inaugura-la-exposicion-bullifoundation-asegurando-que-es-un-proyecto-de-pais\/","og:image":"https:\/\/eldigitaldeasturias.com\/magazine365\/wp-content\/uploads\/2014\/06\/6325764w.jpg","og:image:secure_url":"https:\/\/eldigitaldeasturias.com\/magazine365\/wp-content\/uploads\/2014\/06\/6325764w.jpg","og:image:width":800,"og:image:height":532,"article:published_time":"2014-06-03T01:44:31+00:00","article:modified_time":"2014-06-03T01:44:31+00:00","twitter:card":"summary_large_image","twitter:title":"Adri\u00e0 inaugura la exposici\u00f3n \u00abBullifoundation\u00bb asegurando que \u00abes un proyecto de pa\u00eds\u00bb | El Digital de Asturias","twitter:description":"Barcelona, 2 jun (EFE).- El cocinero Ferran Adri\u00e0 ha inaugurado hoy la exposici\u00f3n Bullifoundation, que muestra al p\u00fablico la transformaci\u00f3n del m\u00edtico restaurante, afirmando &quot;es un proyecto de pa\u00eds que ha sido muy dif\u00edcil y muy excepcional en todos los sentidos&quot;. Para Adri\u00e0, &quot;todo lo que ha pasado con El Bulli en los \u00faltimos a\u00f1os","twitter:image":"https:\/\/eldigitaldeasturias.com\/magazine365\/wp-content\/uploads\/2014\/06\/6325764w.jpg"},"aioseo_meta_data":{"post_id":"14811","title":null,"description":null,"keywords":null,"keyphrases":null,"primary_term":null,"canonical_url":null,"og_title":null,"og_description":null,"og_object_type":"default","og_image_type":"default","og_image_url":null,"og_image_width":null,"og_image_height":null,"og_image_custom_url":null,"og_image_custom_fields":null,"og_video":null,"og_custom_url":null,"og_article_section":null,"og_article_tags":null,"twitter_use_og":false,"twitter_card":"default","twitter_image_type":"default","twitter_image_url":null,"twitter_image_custom_url":null,"twitter_image_custom_fields":null,"twitter_title":null,"twitter_description":null,"schema":{"blockGraphs":[],"customGraphs":[],"default":{"data":{"Article":[],"Course":[],"Dataset":[],"FAQPage":[],"Movie":[],"Person":[],"Product":[],"ProductReview":[],"Car":[],"Recipe":[],"Service":[],"SoftwareApplication":[],"WebPage":[]},"graphName":"","isEnabled":true},"graphs":[],"defaultGraph":"","defaultPostTypeGraph":""},"schema_type":null,"schema_type_options":null,"pillar_content":false,"robots_default":true,"robots_noindex":false,"robots_noarchive":false,"robots_nosnippet":false,"robots_nofollow":false,"robots_noimageindex":false,"robots_noodp":false,"robots_notranslate":false,"robots_max_snippet":null,"robots_max_videopreview":null,"robots_max_imagepreview":"large","priority":null,"frequency":null,"location":null,"local_seo":null,"seo_analyzer_scan_date":"2025-09-17 10:51:34","breadcrumb_settings":null,"limit_modified_date":false,"open_ai":null,"ai":null,"created":"2021-03-09 08:09:41","updated":"2025-09-17 10:51:34"},"aioseo_breadcrumb":"<div class=\"aioseo-breadcrumbs\"><span class=\"aioseo-breadcrumb\">\n\t<a href=\"https:\/\/eldigitaldeasturias.com\/magazine365\" title=\"Home\">Home<\/a>\n<\/span><span class=\"aioseo-breadcrumb-separator\">\u2013<\/span><span class=\"aioseo-breadcrumb\">\n\t<a href=\"https:\/\/eldigitaldeasturias.com\/magazine365\/category\/noticias-actualidad\/\" title=\"Noticias y Actualidad\">Noticias y Actualidad<\/a>\n<\/span><span class=\"aioseo-breadcrumb-separator\">\u2013<\/span><span class=\"aioseo-breadcrumb\">\n\t<a href=\"https:\/\/eldigitaldeasturias.com\/magazine365\/adria-inaugura-la-exposicion-bullifoundation-asegurando-que-es-un-proyecto-de-pais\/\" title=\"Adri\u00e0 inaugura la exposici\u00f3n \u00abBullifoundation\u00bb asegurando que \u00abes un proyecto de pa\u00eds\u00bb\">Adri\u00e0 inaugura la exposici\u00f3n \u00abBullifoundation\u00bb asegurando que \u00abes un proyecto de pa\u00eds\u00bb<\/a>\n<\/span><\/div>","aioseo_breadcrumb_json":[{"label":"Home","link":"https:\/\/eldigitaldeasturias.com\/magazine365"},{"label":"Noticias y Actualidad","link":"https:\/\/eldigitaldeasturias.com\/magazine365\/category\/noticias-actualidad\/"},{"label":"Adri\u00e0 inaugura la exposici\u00f3n \u00abBullifoundation\u00bb asegurando que \u00abes un proyecto de pa\u00eds\u00bb","link":"https:\/\/eldigitaldeasturias.com\/magazine365\/adria-inaugura-la-exposicion-bullifoundation-asegurando-que-es-un-proyecto-de-pais\/"}],"_links":{"self":[{"href":"https:\/\/eldigitaldeasturias.com\/magazine365\/wp-json\/wp\/v2\/posts\/14811","targetHints":{"allow":["GET"]}}],"collection":[{"href":"https:\/\/eldigitaldeasturias.com\/magazine365\/wp-json\/wp\/v2\/posts"}],"about":[{"href":"https:\/\/eldigitaldeasturias.com\/magazine365\/wp-json\/wp\/v2\/types\/post"}],"author":[{"embeddable":true,"href":"https:\/\/eldigitaldeasturias.com\/magazine365\/wp-json\/wp\/v2\/users\/1"}],"replies":[{"embeddable":true,"href":"https:\/\/eldigitaldeasturias.com\/magazine365\/wp-json\/wp\/v2\/comments?post=14811"}],"version-history":[{"count":0,"href":"https:\/\/eldigitaldeasturias.com\/magazine365\/wp-json\/wp\/v2\/posts\/14811\/revisions"}],"wp:featuredmedia":[{"embeddable":true,"href":"https:\/\/eldigitaldeasturias.com\/magazine365\/wp-json\/wp\/v2\/media\/14812"}],"wp:attachment":[{"href":"https:\/\/eldigitaldeasturias.com\/magazine365\/wp-json\/wp\/v2\/media?parent=14811"}],"wp:term":[{"taxonomy":"category","embeddable":true,"href":"https:\/\/eldigitaldeasturias.com\/magazine365\/wp-json\/wp\/v2\/categories?post=14811"},{"taxonomy":"post_tag","embeddable":true,"href":"https:\/\/eldigitaldeasturias.com\/magazine365\/wp-json\/wp\/v2\/tags?post=14811"}],"curies":[{"name":"wp","href":"https:\/\/api.w.org\/{rel}","templated":true}]}}