{"id":14808,"date":"2014-06-02T23:43:18","date_gmt":"2014-06-03T01:43:18","guid":{"rendered":"http:\/\/eldigitaldeasturias.com\/magazine365\/?p=14808"},"modified":"2014-06-02T23:43:18","modified_gmt":"2014-06-03T01:43:18","slug":"el-teatro-de-la-zarzuela-cierra-la-temporada-con-barbieri-gaztambide-y-arrieta","status":"publish","type":"post","link":"https:\/\/eldigitaldeasturias.com\/magazine365\/el-teatro-de-la-zarzuela-cierra-la-temporada-con-barbieri-gaztambide-y-arrieta\/","title":{"rendered":"El teatro de la Zarzuela cierra la temporada con Barbieri, Gaztambide y Arrieta"},"content":{"rendered":"<p><img fetchpriority=\"high\" decoding=\"async\" class=\"alignleft size-medium wp-image-14809\" alt=\"6325845w\" src=\"https:\/\/eldigitaldeasturias.com\/magazine365\/wp-content\/uploads\/2014\/06\/6325845w-360x239.jpg\" width=\"360\" height=\"239\" \/>Madrid, 2 jun (EFE).- El Teatro de la Zarzuela se despide de esta temporada con la novedosa propuesta de unir tres t\u00edtulos de los maestros que crearon el teatro en el siglo XIX y que el dramaturgo \u00c1lvaro del Amo ha retomado con la voluntad de ofrecer un \u00abgran espect\u00e1culo\u00bb, m\u00e1s all\u00e1 del repertorio habitual.<\/p>\n<p>Seg\u00fan ha explicado a Efe el director del teatro, Paolo Pinamonti, \u00abse trataba de hacer un homenaje a los tres grandes autores que crearon este teatro y fortalecieron el g\u00e9nero l\u00edrico en los mejores a\u00f1os del romanticismo\u00bb.<\/p>\n<p>Habla Pinamonti de \u00abEl domin\u00f3 azul\u00bb, de Francisco Camprod\u00f3n con m\u00fasica de Emilio Arrieta, que se estren\u00f3 el 19 de febrero de 1853; \u00abCatalina\u00bb, de Luis Olona, y m\u00fasica de Joaqu\u00edn Gaztambide, estrenada el 23 de octubre de 1854, y \u00abEl Diablo en el poder\u00bb, tambi\u00e9n de Camprod\u00f3n y m\u00fasica de Francisco Barbieri, estrenada en el Teatro de la Zarzuela, en diciembre de 1856, que nunca se ha repuesto.<\/p>\n<p>\u00abPens\u00e9 en estas tres piezas, pero no quer\u00eda presentarlas solo como concierto, sino como un gran espect\u00e1culo teatral, con luces, vestuario, libreto y orquesta; como se merecen\u00bb, ha resumido.<\/p>\n<p>Por ello, busc\u00f3 a \u00c1lvaro del Amo, guionista, dramaturgo, director de cine y de teatro y novelista, y le encarg\u00f3 la reescritura de estos libretos con \u00abuna puesta en escena m\u00e1s ligera\u00bb, y \u00e9l le devolvi\u00f3 una \u00abzarzuela dramatizada\u00bb, ha explicado el creador en una rueda de prensa a la que tambi\u00e9n asisti\u00f3 parte de los elencos.<\/p>\n<p>\u00abQuise contar las obras preservando totalmente la parte musical, que se mantuvo inc\u00f3lume -ha se\u00f1alado Del Amo- pero destacando la parte visual, dram\u00e1tica y narrativa\u00bb.<\/p>\n<p>As\u00ed, aprovech\u00f3 que las tres obras estaban ligadas temporalmente y resumi\u00f3 las tramas mediante la creaci\u00f3n de textos que actores profesionales, no cantantes, introducen en la obra, guiando a los int\u00e9rpretes y al p\u00fablico.<\/p>\n<p>\u00abQuer\u00eda establecer tambi\u00e9n una mirada presente, pero desde el respeto; son los actores los que dan esa mirada actual\u00bb, detalla Del Amo.<\/p>\n<p>Tres intrigas amorosas de aire hist\u00f3rico unidas por el momento en el que ocurren, si bien, la primera, \u00abCatalina\u00bb, se sirve del melodrama para contar la historia de dos mujeres; la segunda es un baile de m\u00e1scaras que recrea el ambiente cortesano del Madrid de Felipe IV y la tercera, una \u00abintriga palaciega\u00bb que ocurre en la corte madrile\u00f1a de los Borbones a comienzos del siglo XVIII.<\/p>\n<p>Con actores como Nieve de Medina, Emilio Guti\u00e9rrez Caba, Karmele Aramburu y Juanma Cifuentes, ha destacado Pinamonti, que engarzan perfectamente los pasos a los n\u00fameros musicales, quince en el caso de \u00abEl domin\u00f3 azul\u00bb y \u00abEl Diablo en el poder\u00bb, y dieciocho en \u00abCatalina\u00bb.<\/p>\n<p>\u00abSon obras densas, largas, grandes -enfatiza el director musical, Jos\u00e9 Manuel Moreno-, que mantienen un sorprendente equilibrio, porque en ellas no hay altibajos\u00bb.<\/p>\n<p>Seg\u00fan Moreno, las tres obras muestran una gran dificultad t\u00e9cnica, \u00abcon partituras muy exigentes para los solistas: hay sobreagudos, d\u00faos, tr\u00edos, romanzas, y hasta un aria &#8216;donizettiana&#8217;, muy al estilo de la \u00f3pera italiana de la \u00e9poca\u00bb.<\/p>\n<p>Y a\u00f1ade \u00abuna menci\u00f3n especial al coro, que compone n\u00fameros de una gran dificultad que recuerdan a Verdi o a Donizetti, como el que abre el primer n\u00famero de &#8216;El Diablo&#8217;, con doce voces mixtas de mujeres\u00bb, destaca Moreno.<\/p>\n<p>Una selecci\u00f3n atrevida, reconoce Pinamonti, convencido de que esa es la obligaci\u00f3n del director de un centro p\u00fablico, \u00abcomplicarse la vida\u00bb, comenta entre risas el veneciano, satisfecho adem\u00e1s del resultado de la temporada, quien confiesa a Efe la dificultad de montar tres obras a la vez, que se programar\u00e1n, entremezcladas, del 4 al 21 de junio.<\/p>\n<p>\u00abNo es vanguardista, es agradable, asequible\u00bb, puntualiza Del Amo.<\/p>\n<p>\u00abSon obras desconocidas, pero no van a defraudar al p\u00fablico de la zarzuela\u00bb, afirma el director de orquesta, quien anima a asistir a estas representaciones \u00absin miedo\u00bb.<\/p>\n","protected":false},"excerpt":{"rendered":"<p>Madrid, 2 jun (EFE).- El Teatro de la Zarzuela se despide de esta temporada con la novedosa propuesta de unir tres t\u00edtulos de los maestros que crearon el teatro en el siglo XIX y que el dramaturgo \u00c1lvaro del Amo ha retomado con la voluntad de ofrecer un \u00abgran espect\u00e1culo\u00bb, m\u00e1s all\u00e1 del repertorio habitual.<\/p>\n","protected":false},"author":1,"featured_media":14809,"comment_status":"open","ping_status":"closed","sticky":false,"template":"","format":"standard","meta":{"footnotes":""},"categories":[224],"tags":[],"class_list":{"0":"post-14808","1":"post","2":"type-post","3":"status-publish","4":"format-standard","5":"has-post-thumbnail","7":"category-noticias-actualidad"},"aioseo_notices":[],"aioseo_head":"\n\t\t<!-- All in One SEO Pro 4.9.6.1 - aioseo.com -->\n\t<meta name=\"description\" content=\"Madrid, 2 jun (EFE).- El Teatro de la Zarzuela se despide de esta temporada con la novedosa propuesta de unir tres t\u00edtulos de los maestros que crearon el teatro en el siglo XIX y que el dramaturgo \u00c1lvaro del Amo ha retomado con la voluntad de ofrecer un &quot;gran espect\u00e1culo&quot;, m\u00e1s all\u00e1 del repertorio habitual.\" \/>\n\t<meta name=\"robots\" content=\"max-image-preview:large\" \/>\n\t<meta name=\"author\" content=\"admin\"\/>\n\t<meta name=\"google-site-verification\" content=\"UA-38556648-1\" \/>\n\t<meta name=\"keywords\" content=\"noticias y actualidad\" \/>\n\t<link rel=\"canonical\" href=\"https:\/\/eldigitaldeasturias.com\/magazine365\/el-teatro-de-la-zarzuela-cierra-la-temporada-con-barbieri-gaztambide-y-arrieta\/\" \/>\n\t<meta name=\"generator\" content=\"All in One SEO Pro (AIOSEO) 4.9.6.1\" \/>\n\t\t<meta property=\"og:locale\" content=\"es_ES\" \/>\n\t\t<meta property=\"og:site_name\" content=\"El Digital de Asturias \u2013 Revista de ocio, turismo y estilo de vida\" \/>\n\t\t<meta property=\"og:type\" content=\"article\" \/>\n\t\t<meta property=\"og:title\" content=\"El teatro de la Zarzuela cierra la temporada con Barbieri, Gaztambide y Arrieta | El Digital de Asturias\" \/>\n\t\t<meta property=\"og:description\" content=\"Madrid, 2 jun (EFE).- El Teatro de la Zarzuela se despide de esta temporada con la novedosa propuesta de unir tres t\u00edtulos de los maestros que crearon el teatro en el siglo XIX y que el dramaturgo \u00c1lvaro del Amo ha retomado con la voluntad de ofrecer un &quot;gran espect\u00e1culo&quot;, m\u00e1s all\u00e1 del repertorio habitual.\" \/>\n\t\t<meta property=\"og:url\" content=\"https:\/\/eldigitaldeasturias.com\/magazine365\/el-teatro-de-la-zarzuela-cierra-la-temporada-con-barbieri-gaztambide-y-arrieta\/\" \/>\n\t\t<meta property=\"og:image\" content=\"https:\/\/eldigitaldeasturias.com\/magazine365\/wp-content\/uploads\/2014\/06\/6325845w.jpg\" \/>\n\t\t<meta property=\"og:image:secure_url\" content=\"https:\/\/eldigitaldeasturias.com\/magazine365\/wp-content\/uploads\/2014\/06\/6325845w.jpg\" \/>\n\t\t<meta property=\"og:image:width\" content=\"800\" \/>\n\t\t<meta property=\"og:image:height\" content=\"533\" \/>\n\t\t<meta property=\"article:published_time\" content=\"2014-06-03T01:43:18+00:00\" \/>\n\t\t<meta property=\"article:modified_time\" content=\"2014-06-03T01:43:18+00:00\" \/>\n\t\t<meta name=\"twitter:card\" content=\"summary_large_image\" \/>\n\t\t<meta name=\"twitter:title\" content=\"El teatro de la Zarzuela cierra la temporada con Barbieri, Gaztambide y Arrieta | El Digital de Asturias\" \/>\n\t\t<meta name=\"twitter:description\" content=\"Madrid, 2 jun (EFE).- El Teatro de la Zarzuela se despide de esta temporada con la novedosa propuesta de unir tres t\u00edtulos de los maestros que crearon el teatro en el siglo XIX y que el dramaturgo \u00c1lvaro del Amo ha retomado con la voluntad de ofrecer un &quot;gran espect\u00e1culo&quot;, m\u00e1s all\u00e1 del repertorio habitual.\" \/>\n\t\t<meta name=\"twitter:image\" content=\"https:\/\/eldigitaldeasturias.com\/magazine365\/wp-content\/uploads\/2014\/06\/6325845w.jpg\" \/>\n\t\t<script type=\"application\/ld+json\" class=\"aioseo-schema\">\n\t\t\t{\"@context\":\"https:\\\/\\\/schema.org\",\"@graph\":[{\"@type\":\"Article\",\"@id\":\"https:\\\/\\\/eldigitaldeasturias.com\\\/magazine365\\\/el-teatro-de-la-zarzuela-cierra-la-temporada-con-barbieri-gaztambide-y-arrieta\\\/#article\",\"name\":\"El teatro de la Zarzuela cierra la temporada con Barbieri, Gaztambide y Arrieta | El Digital de Asturias\",\"headline\":\"El teatro de la Zarzuela cierra la temporada con Barbieri, Gaztambide y Arrieta\",\"author\":{\"@id\":\"https:\\\/\\\/eldigitaldeasturias.com\\\/magazine365\\\/author\\\/admin\\\/#author\"},\"publisher\":{\"@id\":\"https:\\\/\\\/eldigitaldeasturias.com\\\/magazine365\\\/#organization\"},\"image\":{\"@type\":\"ImageObject\",\"url\":\"https:\\\/\\\/eldigitaldeasturias.com\\\/magazine365\\\/wp-content\\\/uploads\\\/2014\\\/06\\\/6325845w.jpg\",\"width\":800,\"height\":533},\"datePublished\":\"2014-06-02T23:43:18+02:00\",\"dateModified\":\"2014-06-02T23:43:18+02:00\",\"inLanguage\":\"es-ES\",\"mainEntityOfPage\":{\"@id\":\"https:\\\/\\\/eldigitaldeasturias.com\\\/magazine365\\\/el-teatro-de-la-zarzuela-cierra-la-temporada-con-barbieri-gaztambide-y-arrieta\\\/#webpage\"},\"isPartOf\":{\"@id\":\"https:\\\/\\\/eldigitaldeasturias.com\\\/magazine365\\\/el-teatro-de-la-zarzuela-cierra-la-temporada-con-barbieri-gaztambide-y-arrieta\\\/#webpage\"},\"articleSection\":\"Noticias y Actualidad\"},{\"@type\":\"BreadcrumbList\",\"@id\":\"https:\\\/\\\/eldigitaldeasturias.com\\\/magazine365\\\/el-teatro-de-la-zarzuela-cierra-la-temporada-con-barbieri-gaztambide-y-arrieta\\\/#breadcrumblist\",\"itemListElement\":[{\"@type\":\"ListItem\",\"@id\":\"https:\\\/\\\/eldigitaldeasturias.com\\\/magazine365#listItem\",\"position\":1,\"name\":\"Home\",\"item\":\"https:\\\/\\\/eldigitaldeasturias.com\\\/magazine365\",\"nextItem\":{\"@type\":\"ListItem\",\"@id\":\"https:\\\/\\\/eldigitaldeasturias.com\\\/magazine365\\\/category\\\/noticias-actualidad\\\/#listItem\",\"name\":\"Noticias y Actualidad\"}},{\"@type\":\"ListItem\",\"@id\":\"https:\\\/\\\/eldigitaldeasturias.com\\\/magazine365\\\/category\\\/noticias-actualidad\\\/#listItem\",\"position\":2,\"name\":\"Noticias y Actualidad\",\"item\":\"https:\\\/\\\/eldigitaldeasturias.com\\\/magazine365\\\/category\\\/noticias-actualidad\\\/\",\"nextItem\":{\"@type\":\"ListItem\",\"@id\":\"https:\\\/\\\/eldigitaldeasturias.com\\\/magazine365\\\/el-teatro-de-la-zarzuela-cierra-la-temporada-con-barbieri-gaztambide-y-arrieta\\\/#listItem\",\"name\":\"El teatro de la Zarzuela cierra la temporada con Barbieri, Gaztambide y Arrieta\"},\"previousItem\":{\"@type\":\"ListItem\",\"@id\":\"https:\\\/\\\/eldigitaldeasturias.com\\\/magazine365#listItem\",\"name\":\"Home\"}},{\"@type\":\"ListItem\",\"@id\":\"https:\\\/\\\/eldigitaldeasturias.com\\\/magazine365\\\/el-teatro-de-la-zarzuela-cierra-la-temporada-con-barbieri-gaztambide-y-arrieta\\\/#listItem\",\"position\":3,\"name\":\"El teatro de la Zarzuela cierra la temporada con Barbieri, Gaztambide y Arrieta\",\"previousItem\":{\"@type\":\"ListItem\",\"@id\":\"https:\\\/\\\/eldigitaldeasturias.com\\\/magazine365\\\/category\\\/noticias-actualidad\\\/#listItem\",\"name\":\"Noticias y Actualidad\"}}]},{\"@type\":\"Organization\",\"@id\":\"https:\\\/\\\/eldigitaldeasturias.com\\\/magazine365\\\/#organization\",\"name\":\"El digital de Asturias\",\"description\":\"Revista de ocio, turismo y estilo de vida\",\"url\":\"https:\\\/\\\/eldigitaldeasturias.com\\\/magazine365\\\/\",\"logo\":{\"@type\":\"ImageObject\",\"url\":\"https:\\\/\\\/www.eldigitaldeasturias.com\\\/noticias\\\/wp-content\\\/uploads\\\/2020\\\/12\\\/EDA.jpg\",\"@id\":\"https:\\\/\\\/eldigitaldeasturias.com\\\/magazine365\\\/el-teatro-de-la-zarzuela-cierra-la-temporada-con-barbieri-gaztambide-y-arrieta\\\/#organizationLogo\"},\"image\":{\"@id\":\"https:\\\/\\\/eldigitaldeasturias.com\\\/magazine365\\\/el-teatro-de-la-zarzuela-cierra-la-temporada-con-barbieri-gaztambide-y-arrieta\\\/#organizationLogo\"}},{\"@type\":\"Person\",\"@id\":\"https:\\\/\\\/eldigitaldeasturias.com\\\/magazine365\\\/author\\\/admin\\\/#author\",\"url\":\"https:\\\/\\\/eldigitaldeasturias.com\\\/magazine365\\\/author\\\/admin\\\/\",\"name\":\"admin\",\"image\":{\"@type\":\"ImageObject\",\"@id\":\"https:\\\/\\\/eldigitaldeasturias.com\\\/magazine365\\\/el-teatro-de-la-zarzuela-cierra-la-temporada-con-barbieri-gaztambide-y-arrieta\\\/#authorImage\",\"url\":\"https:\\\/\\\/eldigitaldeasturias.com\\\/magazine365\\\/wp-content\\\/litespeed\\\/avatar\\\/e571bcf59a0edd6fa6838245a470f2fe.jpg?ver=1777574230\",\"width\":96,\"height\":96,\"caption\":\"admin\"}},{\"@type\":\"WebPage\",\"@id\":\"https:\\\/\\\/eldigitaldeasturias.com\\\/magazine365\\\/el-teatro-de-la-zarzuela-cierra-la-temporada-con-barbieri-gaztambide-y-arrieta\\\/#webpage\",\"url\":\"https:\\\/\\\/eldigitaldeasturias.com\\\/magazine365\\\/el-teatro-de-la-zarzuela-cierra-la-temporada-con-barbieri-gaztambide-y-arrieta\\\/\",\"name\":\"El teatro de la Zarzuela cierra la temporada con Barbieri, Gaztambide y Arrieta | El Digital de Asturias\",\"description\":\"Madrid, 2 jun (EFE).- El Teatro de la Zarzuela se despide de esta temporada con la novedosa propuesta de unir tres t\\u00edtulos de los maestros que crearon el teatro en el siglo XIX y que el dramaturgo \\u00c1lvaro del Amo ha retomado con la voluntad de ofrecer un \\\"gran espect\\u00e1culo\\\", m\\u00e1s all\\u00e1 del repertorio habitual.\",\"inLanguage\":\"es-ES\",\"isPartOf\":{\"@id\":\"https:\\\/\\\/eldigitaldeasturias.com\\\/magazine365\\\/#website\"},\"breadcrumb\":{\"@id\":\"https:\\\/\\\/eldigitaldeasturias.com\\\/magazine365\\\/el-teatro-de-la-zarzuela-cierra-la-temporada-con-barbieri-gaztambide-y-arrieta\\\/#breadcrumblist\"},\"author\":{\"@id\":\"https:\\\/\\\/eldigitaldeasturias.com\\\/magazine365\\\/author\\\/admin\\\/#author\"},\"creator\":{\"@id\":\"https:\\\/\\\/eldigitaldeasturias.com\\\/magazine365\\\/author\\\/admin\\\/#author\"},\"image\":{\"@type\":\"ImageObject\",\"url\":\"https:\\\/\\\/eldigitaldeasturias.com\\\/magazine365\\\/wp-content\\\/uploads\\\/2014\\\/06\\\/6325845w.jpg\",\"@id\":\"https:\\\/\\\/eldigitaldeasturias.com\\\/magazine365\\\/el-teatro-de-la-zarzuela-cierra-la-temporada-con-barbieri-gaztambide-y-arrieta\\\/#mainImage\",\"width\":800,\"height\":533},\"primaryImageOfPage\":{\"@id\":\"https:\\\/\\\/eldigitaldeasturias.com\\\/magazine365\\\/el-teatro-de-la-zarzuela-cierra-la-temporada-con-barbieri-gaztambide-y-arrieta\\\/#mainImage\"},\"datePublished\":\"2014-06-02T23:43:18+02:00\",\"dateModified\":\"2014-06-02T23:43:18+02:00\"},{\"@type\":\"WebSite\",\"@id\":\"https:\\\/\\\/eldigitaldeasturias.com\\\/magazine365\\\/#website\",\"url\":\"https:\\\/\\\/eldigitaldeasturias.com\\\/magazine365\\\/\",\"name\":\"El Digital de Asturias\",\"description\":\"Revista de ocio, turismo y estilo de vida\",\"inLanguage\":\"es-ES\",\"publisher\":{\"@id\":\"https:\\\/\\\/eldigitaldeasturias.com\\\/magazine365\\\/#organization\"}}]}\n\t\t<\/script>\n\t\t<!-- All in One SEO Pro -->\r\n\t\t<title>El teatro de la Zarzuela cierra la temporada con Barbieri, Gaztambide y Arrieta | El Digital de Asturias<\/title>\n\n","aioseo_head_json":{"title":"El teatro de la Zarzuela cierra la temporada con Barbieri, Gaztambide y Arrieta | El Digital de Asturias","description":"Madrid, 2 jun (EFE).- El Teatro de la Zarzuela se despide de esta temporada con la novedosa propuesta de unir tres t\u00edtulos de los maestros que crearon el teatro en el siglo XIX y que el dramaturgo \u00c1lvaro del Amo ha retomado con la voluntad de ofrecer un \"gran espect\u00e1culo\", m\u00e1s all\u00e1 del repertorio habitual.","canonical_url":"https:\/\/eldigitaldeasturias.com\/magazine365\/el-teatro-de-la-zarzuela-cierra-la-temporada-con-barbieri-gaztambide-y-arrieta\/","robots":"max-image-preview:large","keywords":"noticias y actualidad","webmasterTools":{"google-site-verification":"UA-38556648-1","miscellaneous":""},"schema":{"@context":"https:\/\/schema.org","@graph":[{"@type":"Article","@id":"https:\/\/eldigitaldeasturias.com\/magazine365\/el-teatro-de-la-zarzuela-cierra-la-temporada-con-barbieri-gaztambide-y-arrieta\/#article","name":"El teatro de la Zarzuela cierra la temporada con Barbieri, Gaztambide y Arrieta | El Digital de Asturias","headline":"El teatro de la Zarzuela cierra la temporada con Barbieri, Gaztambide y Arrieta","author":{"@id":"https:\/\/eldigitaldeasturias.com\/magazine365\/author\/admin\/#author"},"publisher":{"@id":"https:\/\/eldigitaldeasturias.com\/magazine365\/#organization"},"image":{"@type":"ImageObject","url":"https:\/\/eldigitaldeasturias.com\/magazine365\/wp-content\/uploads\/2014\/06\/6325845w.jpg","width":800,"height":533},"datePublished":"2014-06-02T23:43:18+02:00","dateModified":"2014-06-02T23:43:18+02:00","inLanguage":"es-ES","mainEntityOfPage":{"@id":"https:\/\/eldigitaldeasturias.com\/magazine365\/el-teatro-de-la-zarzuela-cierra-la-temporada-con-barbieri-gaztambide-y-arrieta\/#webpage"},"isPartOf":{"@id":"https:\/\/eldigitaldeasturias.com\/magazine365\/el-teatro-de-la-zarzuela-cierra-la-temporada-con-barbieri-gaztambide-y-arrieta\/#webpage"},"articleSection":"Noticias y Actualidad"},{"@type":"BreadcrumbList","@id":"https:\/\/eldigitaldeasturias.com\/magazine365\/el-teatro-de-la-zarzuela-cierra-la-temporada-con-barbieri-gaztambide-y-arrieta\/#breadcrumblist","itemListElement":[{"@type":"ListItem","@id":"https:\/\/eldigitaldeasturias.com\/magazine365#listItem","position":1,"name":"Home","item":"https:\/\/eldigitaldeasturias.com\/magazine365","nextItem":{"@type":"ListItem","@id":"https:\/\/eldigitaldeasturias.com\/magazine365\/category\/noticias-actualidad\/#listItem","name":"Noticias y Actualidad"}},{"@type":"ListItem","@id":"https:\/\/eldigitaldeasturias.com\/magazine365\/category\/noticias-actualidad\/#listItem","position":2,"name":"Noticias y Actualidad","item":"https:\/\/eldigitaldeasturias.com\/magazine365\/category\/noticias-actualidad\/","nextItem":{"@type":"ListItem","@id":"https:\/\/eldigitaldeasturias.com\/magazine365\/el-teatro-de-la-zarzuela-cierra-la-temporada-con-barbieri-gaztambide-y-arrieta\/#listItem","name":"El teatro de la Zarzuela cierra la temporada con Barbieri, Gaztambide y Arrieta"},"previousItem":{"@type":"ListItem","@id":"https:\/\/eldigitaldeasturias.com\/magazine365#listItem","name":"Home"}},{"@type":"ListItem","@id":"https:\/\/eldigitaldeasturias.com\/magazine365\/el-teatro-de-la-zarzuela-cierra-la-temporada-con-barbieri-gaztambide-y-arrieta\/#listItem","position":3,"name":"El teatro de la Zarzuela cierra la temporada con Barbieri, Gaztambide y Arrieta","previousItem":{"@type":"ListItem","@id":"https:\/\/eldigitaldeasturias.com\/magazine365\/category\/noticias-actualidad\/#listItem","name":"Noticias y Actualidad"}}]},{"@type":"Organization","@id":"https:\/\/eldigitaldeasturias.com\/magazine365\/#organization","name":"El digital de Asturias","description":"Revista de ocio, turismo y estilo de vida","url":"https:\/\/eldigitaldeasturias.com\/magazine365\/","logo":{"@type":"ImageObject","url":"https:\/\/www.eldigitaldeasturias.com\/noticias\/wp-content\/uploads\/2020\/12\/EDA.jpg","@id":"https:\/\/eldigitaldeasturias.com\/magazine365\/el-teatro-de-la-zarzuela-cierra-la-temporada-con-barbieri-gaztambide-y-arrieta\/#organizationLogo"},"image":{"@id":"https:\/\/eldigitaldeasturias.com\/magazine365\/el-teatro-de-la-zarzuela-cierra-la-temporada-con-barbieri-gaztambide-y-arrieta\/#organizationLogo"}},{"@type":"Person","@id":"https:\/\/eldigitaldeasturias.com\/magazine365\/author\/admin\/#author","url":"https:\/\/eldigitaldeasturias.com\/magazine365\/author\/admin\/","name":"admin","image":{"@type":"ImageObject","@id":"https:\/\/eldigitaldeasturias.com\/magazine365\/el-teatro-de-la-zarzuela-cierra-la-temporada-con-barbieri-gaztambide-y-arrieta\/#authorImage","url":"https:\/\/eldigitaldeasturias.com\/magazine365\/wp-content\/litespeed\/avatar\/e571bcf59a0edd6fa6838245a470f2fe.jpg?ver=1777574230","width":96,"height":96,"caption":"admin"}},{"@type":"WebPage","@id":"https:\/\/eldigitaldeasturias.com\/magazine365\/el-teatro-de-la-zarzuela-cierra-la-temporada-con-barbieri-gaztambide-y-arrieta\/#webpage","url":"https:\/\/eldigitaldeasturias.com\/magazine365\/el-teatro-de-la-zarzuela-cierra-la-temporada-con-barbieri-gaztambide-y-arrieta\/","name":"El teatro de la Zarzuela cierra la temporada con Barbieri, Gaztambide y Arrieta | El Digital de Asturias","description":"Madrid, 2 jun (EFE).- El Teatro de la Zarzuela se despide de esta temporada con la novedosa propuesta de unir tres t\u00edtulos de los maestros que crearon el teatro en el siglo XIX y que el dramaturgo \u00c1lvaro del Amo ha retomado con la voluntad de ofrecer un \"gran espect\u00e1culo\", m\u00e1s all\u00e1 del repertorio habitual.","inLanguage":"es-ES","isPartOf":{"@id":"https:\/\/eldigitaldeasturias.com\/magazine365\/#website"},"breadcrumb":{"@id":"https:\/\/eldigitaldeasturias.com\/magazine365\/el-teatro-de-la-zarzuela-cierra-la-temporada-con-barbieri-gaztambide-y-arrieta\/#breadcrumblist"},"author":{"@id":"https:\/\/eldigitaldeasturias.com\/magazine365\/author\/admin\/#author"},"creator":{"@id":"https:\/\/eldigitaldeasturias.com\/magazine365\/author\/admin\/#author"},"image":{"@type":"ImageObject","url":"https:\/\/eldigitaldeasturias.com\/magazine365\/wp-content\/uploads\/2014\/06\/6325845w.jpg","@id":"https:\/\/eldigitaldeasturias.com\/magazine365\/el-teatro-de-la-zarzuela-cierra-la-temporada-con-barbieri-gaztambide-y-arrieta\/#mainImage","width":800,"height":533},"primaryImageOfPage":{"@id":"https:\/\/eldigitaldeasturias.com\/magazine365\/el-teatro-de-la-zarzuela-cierra-la-temporada-con-barbieri-gaztambide-y-arrieta\/#mainImage"},"datePublished":"2014-06-02T23:43:18+02:00","dateModified":"2014-06-02T23:43:18+02:00"},{"@type":"WebSite","@id":"https:\/\/eldigitaldeasturias.com\/magazine365\/#website","url":"https:\/\/eldigitaldeasturias.com\/magazine365\/","name":"El Digital de Asturias","description":"Revista de ocio, turismo y estilo de vida","inLanguage":"es-ES","publisher":{"@id":"https:\/\/eldigitaldeasturias.com\/magazine365\/#organization"}}]},"og:locale":"es_ES","og:site_name":"El Digital de Asturias \u2013 Revista de ocio, turismo y estilo de vida","og:type":"article","og:title":"El teatro de la Zarzuela cierra la temporada con Barbieri, Gaztambide y Arrieta | El Digital de Asturias","og:description":"Madrid, 2 jun (EFE).- El Teatro de la Zarzuela se despide de esta temporada con la novedosa propuesta de unir tres t\u00edtulos de los maestros que crearon el teatro en el siglo XIX y que el dramaturgo \u00c1lvaro del Amo ha retomado con la voluntad de ofrecer un &quot;gran espect\u00e1culo&quot;, m\u00e1s all\u00e1 del repertorio habitual.","og:url":"https:\/\/eldigitaldeasturias.com\/magazine365\/el-teatro-de-la-zarzuela-cierra-la-temporada-con-barbieri-gaztambide-y-arrieta\/","og:image":"https:\/\/eldigitaldeasturias.com\/magazine365\/wp-content\/uploads\/2014\/06\/6325845w.jpg","og:image:secure_url":"https:\/\/eldigitaldeasturias.com\/magazine365\/wp-content\/uploads\/2014\/06\/6325845w.jpg","og:image:width":800,"og:image:height":533,"article:published_time":"2014-06-03T01:43:18+00:00","article:modified_time":"2014-06-03T01:43:18+00:00","twitter:card":"summary_large_image","twitter:title":"El teatro de la Zarzuela cierra la temporada con Barbieri, Gaztambide y Arrieta | El Digital de Asturias","twitter:description":"Madrid, 2 jun (EFE).- El Teatro de la Zarzuela se despide de esta temporada con la novedosa propuesta de unir tres t\u00edtulos de los maestros que crearon el teatro en el siglo XIX y que el dramaturgo \u00c1lvaro del Amo ha retomado con la voluntad de ofrecer un &quot;gran espect\u00e1culo&quot;, m\u00e1s all\u00e1 del repertorio habitual.","twitter:image":"https:\/\/eldigitaldeasturias.com\/magazine365\/wp-content\/uploads\/2014\/06\/6325845w.jpg"},"aioseo_meta_data":{"post_id":"14808","title":null,"description":null,"keywords":null,"keyphrases":null,"primary_term":null,"canonical_url":null,"og_title":null,"og_description":null,"og_object_type":"default","og_image_type":"default","og_image_url":null,"og_image_width":null,"og_image_height":null,"og_image_custom_url":null,"og_image_custom_fields":null,"og_video":null,"og_custom_url":null,"og_article_section":null,"og_article_tags":null,"twitter_use_og":false,"twitter_card":"default","twitter_image_type":"default","twitter_image_url":null,"twitter_image_custom_url":null,"twitter_image_custom_fields":null,"twitter_title":null,"twitter_description":null,"schema":{"blockGraphs":[],"customGraphs":[],"default":{"data":{"Article":[],"Course":[],"Dataset":[],"FAQPage":[],"Movie":[],"Person":[],"Product":[],"ProductReview":[],"Car":[],"Recipe":[],"Service":[],"SoftwareApplication":[],"WebPage":[]},"graphName":"","isEnabled":true},"graphs":[],"defaultGraph":"","defaultPostTypeGraph":""},"schema_type":null,"schema_type_options":null,"pillar_content":false,"robots_default":true,"robots_noindex":false,"robots_noarchive":false,"robots_nosnippet":false,"robots_nofollow":false,"robots_noimageindex":false,"robots_noodp":false,"robots_notranslate":false,"robots_max_snippet":null,"robots_max_videopreview":null,"robots_max_imagepreview":"large","priority":null,"frequency":null,"location":null,"local_seo":null,"seo_analyzer_scan_date":"2025-09-17 10:51:33","breadcrumb_settings":null,"limit_modified_date":false,"open_ai":null,"ai":null,"created":"2021-03-09 08:09:41","updated":"2025-09-17 10:51:33"},"aioseo_breadcrumb":"<div class=\"aioseo-breadcrumbs\"><span class=\"aioseo-breadcrumb\">\n\t<a href=\"https:\/\/eldigitaldeasturias.com\/magazine365\" title=\"Home\">Home<\/a>\n<\/span><span class=\"aioseo-breadcrumb-separator\">\u2013<\/span><span class=\"aioseo-breadcrumb\">\n\t<a href=\"https:\/\/eldigitaldeasturias.com\/magazine365\/category\/noticias-actualidad\/\" title=\"Noticias y Actualidad\">Noticias y Actualidad<\/a>\n<\/span><span class=\"aioseo-breadcrumb-separator\">\u2013<\/span><span class=\"aioseo-breadcrumb\">\n\t<a href=\"https:\/\/eldigitaldeasturias.com\/magazine365\/el-teatro-de-la-zarzuela-cierra-la-temporada-con-barbieri-gaztambide-y-arrieta\/\" title=\"El teatro de la Zarzuela cierra la temporada con Barbieri, Gaztambide y Arrieta\">El teatro de la Zarzuela cierra la temporada con Barbieri, Gaztambide y Arrieta<\/a>\n<\/span><\/div>","aioseo_breadcrumb_json":[{"label":"Home","link":"https:\/\/eldigitaldeasturias.com\/magazine365"},{"label":"Noticias y Actualidad","link":"https:\/\/eldigitaldeasturias.com\/magazine365\/category\/noticias-actualidad\/"},{"label":"El teatro de la Zarzuela cierra la temporada con Barbieri, Gaztambide y Arrieta","link":"https:\/\/eldigitaldeasturias.com\/magazine365\/el-teatro-de-la-zarzuela-cierra-la-temporada-con-barbieri-gaztambide-y-arrieta\/"}],"_links":{"self":[{"href":"https:\/\/eldigitaldeasturias.com\/magazine365\/wp-json\/wp\/v2\/posts\/14808","targetHints":{"allow":["GET"]}}],"collection":[{"href":"https:\/\/eldigitaldeasturias.com\/magazine365\/wp-json\/wp\/v2\/posts"}],"about":[{"href":"https:\/\/eldigitaldeasturias.com\/magazine365\/wp-json\/wp\/v2\/types\/post"}],"author":[{"embeddable":true,"href":"https:\/\/eldigitaldeasturias.com\/magazine365\/wp-json\/wp\/v2\/users\/1"}],"replies":[{"embeddable":true,"href":"https:\/\/eldigitaldeasturias.com\/magazine365\/wp-json\/wp\/v2\/comments?post=14808"}],"version-history":[{"count":0,"href":"https:\/\/eldigitaldeasturias.com\/magazine365\/wp-json\/wp\/v2\/posts\/14808\/revisions"}],"wp:featuredmedia":[{"embeddable":true,"href":"https:\/\/eldigitaldeasturias.com\/magazine365\/wp-json\/wp\/v2\/media\/14809"}],"wp:attachment":[{"href":"https:\/\/eldigitaldeasturias.com\/magazine365\/wp-json\/wp\/v2\/media?parent=14808"}],"wp:term":[{"taxonomy":"category","embeddable":true,"href":"https:\/\/eldigitaldeasturias.com\/magazine365\/wp-json\/wp\/v2\/categories?post=14808"},{"taxonomy":"post_tag","embeddable":true,"href":"https:\/\/eldigitaldeasturias.com\/magazine365\/wp-json\/wp\/v2\/tags?post=14808"}],"curies":[{"name":"wp","href":"https:\/\/api.w.org\/{rel}","templated":true}]}}