{"id":14805,"date":"2014-06-02T23:41:33","date_gmt":"2014-06-03T01:41:33","guid":{"rendered":"http:\/\/eldigitaldeasturias.com\/magazine365\/?p=14805"},"modified":"2014-06-02T23:41:33","modified_gmt":"2014-06-03T01:41:33","slug":"jesus-lopez-cobos-dirigira-el-concierto-inaugural-de-musica-y-academia","status":"publish","type":"post","link":"https:\/\/eldigitaldeasturias.com\/magazine365\/jesus-lopez-cobos-dirigira-el-concierto-inaugural-de-musica-y-academia\/","title":{"rendered":"Jes\u00fas L\u00f3pez Cobos dirigir\u00e1 el concierto inaugural de M\u00fasica y Academia"},"content":{"rendered":"<p><img fetchpriority=\"high\" decoding=\"async\" class=\"alignleft size-medium wp-image-14806\" alt=\"6325648w\" src=\"https:\/\/eldigitaldeasturias.com\/magazine365\/wp-content\/uploads\/2014\/06\/6325648w-360x269.jpg\" width=\"360\" height=\"269\" \/>Santander, 2 jun (EFE).- El director Jes\u00fas L\u00f3pez Cobos conducir\u00e1 el concierto inaugural del Encuentro de M\u00fasica y Academia, que en su decimocuarta edici\u00f3n incorpora dos nuevos profesores al claustro de maestros que compartir\u00e1n sus conocimientos con j\u00f3venes promesas de la m\u00fasica.<\/p>\n<p>En total, 61 alumnos de las m\u00e1s prestigiosas escuelas de once pa\u00edses diferentes participar\u00e1n este a\u00f1o en esta cita, que se celebrar\u00e1 del 1 al 27 de julio en Santander, bajo la direcci\u00f3n art\u00edstica de Peter Csaba.<\/p>\n<p>El certamen, que incluye lecciones magistrales para los alumnos, y conciertos y recitales de c\u00e1mara, recordar\u00e1 este a\u00f1o el 150 aniversario del nacimiento de Richard Strauss, incorporando una selecci\u00f3n de sus obras al repertorio.<\/p>\n<p>La Fundaci\u00f3n Alb\u00e9niz, organizadora del encuentro, retransmitir\u00e1 en directo a trav\u00e9s de su p\u00e1gina classicalplanet.com los conciertos que se celebren en el Palacio de Festivales de Cantabria y grabar\u00e1 una selecci\u00f3n de los programados en otros espacios para subirlos tambi\u00e9n a la web.<\/p>\n<p>La programaci\u00f3n del encuentro la han presentado hoy la presidenta de la Fundaci\u00f3n, Paloma O&#8217;Shea, y el director art\u00edstico, Peter Csaba, junto al presidente de Cantabria, Ignacio Diego, y el alcalde de Santander, \u00cd\u00f1igo de la Serna.<\/p>\n<p>Dentro de las novedades, destaca la incorporaci\u00f3n de dos nuevos maestros: la violinista Ana Chumachenco y el violonchelista Valent\u00edn Erben.<\/p>\n<p>Se suman a los veteranos Michel Arrignon (clarinete), Zakhar Bron (viol\u00edn), Helen Donath (canto), Nobuko Imai (viola), Claudio Mart\u00ednez Mehner (piano) y Felix Renggli (flauta).<\/p>\n<p>Ellos ser\u00e1n los encargados de impartir las lecciones magistrales, junto al maestro Peter Csaba y Fabi\u00e1n Panisello, que se ocupar\u00e1n, respectivamente, de los programas de orquesta de c\u00e1mara y ensemble.<\/p>\n<p>Como artista invitado estar\u00e1 el violinista armenio Zorik Tatevosyan. El que no podr\u00e1 asistir por razones de salud ser\u00e1 el director Rafael Fr\u00fchbeck de Burgos, que hab\u00eda sido invitado.<\/p>\n<p>Con los maestros se dar\u00e1n cita 61 alumnos seleccionados en escuelas de m\u00fasica de Londres, Par\u00eds, Berl\u00edn, Budapest, Praga, Basilea, Helsinki, Roma, Bruselas y Oporto, y de la Escuela Superior de M\u00fasica Reina Sof\u00eda de Madrid.<\/p>\n<p>Este a\u00f1o crece el n\u00famero de j\u00f3venes int\u00e9rpretes espa\u00f1oles seleccionados para el encuentro, que representan una cuarta parte del alumnado.<\/p>\n<p>La actividad docente se completar\u00e1 con un programa de conciertos que se inaugurar\u00e1 el 8 de julio en el Palacio de Festivales, donde Jes\u00fas L\u00f3pez Cobos dirigir\u00e1 a la Orquesta Sinf\u00f3nica Freixenet del Encuentro con un repertorio que incluye la \u00abNovena sinfon\u00eda\u00bb de Mahler y el \u00abDoble concierto para flauta y arpa\u00bb de Mozart.<\/p>\n<p>Un d\u00eda antes ofrecer\u00e1n el mismo programa en el Museo de la Evoluci\u00f3n Humana de Burgos, con la vocaci\u00f3n de abrir el encuentro a otras ciudades.<\/p>\n<p>Tras el concierto inaugural, la actividad concert\u00edstica se repartir\u00e1 por la regi\u00f3n con medio centenar de recitales de c\u00e1mara que llegar\u00e1n a una veintena de localidades diferentes.<\/p>\n<p>Y tambi\u00e9n habr\u00e1 otros conciertos de orquesta, para que todos los alumnos puedan trabajar esta parte de su formaci\u00f3n, entre ellos, el Concierto Familias, con la interpretaci\u00f3n de \u00abPedro y el lobo\u00bb, de Prokofiev.<\/p>\n<p>La presidenta de la Fundaci\u00f3n Alb\u00e9niz ha destacado el esfuerzo realizado por la entidad, las instituciones colaboradoras y los patrocinadores para presentar un encuentro \u00abexcelente\u00bb aunque las circunstancias econ\u00f3micas siguen siendo \u00abdif\u00edciles\u00bb.<\/p>\n<p>No obstante, O&#8217;Shea tambi\u00e9n reconoce que la situaci\u00f3n en Espa\u00f1a est\u00e1 \u00abmejorando claramente\u00bb y piensa que \u00abel horizonte est\u00e1 m\u00e1s claro\u00bb.<\/p>\n<p>Y mirando tambi\u00e9n a futuro, ha avanzado que este lunes se abre la inscripci\u00f3n para el Concurso Internacional de Piano de Santander de 2015.<\/p>\n<p>El presidente c\u00e1ntabro ha reiterado el \u00abapoyo decidido\u00bb del Gobierno regional a este encuentro, un \u00abvivero\u00bb de nuevos m\u00fasicos. Y el alcalde de Santander ha resaltado la contribuci\u00f3n del encuentro a la promoci\u00f3n de la cultura, la actividad econ\u00f3mica y la internacionalizaci\u00f3n de la ciudad.<\/p>\n","protected":false},"excerpt":{"rendered":"<p>Santander, 2 jun (EFE).- El director Jes\u00fas L\u00f3pez Cobos conducir\u00e1 el concierto inaugural del Encuentro de M\u00fasica y Academia, que en su decimocuarta edici\u00f3n incorpora dos nuevos profesores al claustro de maestros que compartir\u00e1n sus conocimientos con j\u00f3venes promesas de la m\u00fasica. En total, 61 alumnos de las m\u00e1s prestigiosas escuelas de once pa\u00edses diferentes<\/p>\n","protected":false},"author":1,"featured_media":14806,"comment_status":"open","ping_status":"closed","sticky":false,"template":"","format":"standard","meta":{"footnotes":""},"categories":[224],"tags":[],"class_list":{"0":"post-14805","1":"post","2":"type-post","3":"status-publish","4":"format-standard","5":"has-post-thumbnail","7":"category-noticias-actualidad"},"aioseo_notices":[],"aioseo_head":"\n\t\t<!-- All in One SEO Pro 4.9.6.1 - aioseo.com -->\n\t<meta name=\"description\" content=\"Santander, 2 jun (EFE).- El director Jes\u00fas L\u00f3pez Cobos conducir\u00e1 el concierto inaugural del Encuentro de M\u00fasica y Academia, que en su decimocuarta edici\u00f3n incorpora dos nuevos profesores al claustro de maestros que compartir\u00e1n sus conocimientos con j\u00f3venes promesas de la m\u00fasica. En total, 61 alumnos de las m\u00e1s prestigiosas escuelas de once pa\u00edses diferentes\" \/>\n\t<meta name=\"robots\" content=\"max-image-preview:large\" \/>\n\t<meta name=\"author\" content=\"admin\"\/>\n\t<meta name=\"google-site-verification\" content=\"UA-38556648-1\" \/>\n\t<meta name=\"keywords\" content=\"noticias y actualidad\" \/>\n\t<link rel=\"canonical\" href=\"https:\/\/eldigitaldeasturias.com\/magazine365\/jesus-lopez-cobos-dirigira-el-concierto-inaugural-de-musica-y-academia\/\" \/>\n\t<meta name=\"generator\" content=\"All in One SEO Pro (AIOSEO) 4.9.6.1\" \/>\n\t\t<meta property=\"og:locale\" content=\"es_ES\" \/>\n\t\t<meta property=\"og:site_name\" content=\"El Digital de Asturias \u2013 Revista de ocio, turismo y estilo de vida\" \/>\n\t\t<meta property=\"og:type\" content=\"article\" \/>\n\t\t<meta property=\"og:title\" content=\"Jes\u00fas L\u00f3pez Cobos dirigir\u00e1 el concierto inaugural de M\u00fasica y Academia | El Digital de Asturias\" \/>\n\t\t<meta property=\"og:description\" content=\"Santander, 2 jun (EFE).- El director Jes\u00fas L\u00f3pez Cobos conducir\u00e1 el concierto inaugural del Encuentro de M\u00fasica y Academia, que en su decimocuarta edici\u00f3n incorpora dos nuevos profesores al claustro de maestros que compartir\u00e1n sus conocimientos con j\u00f3venes promesas de la m\u00fasica. En total, 61 alumnos de las m\u00e1s prestigiosas escuelas de once pa\u00edses diferentes\" \/>\n\t\t<meta property=\"og:url\" content=\"https:\/\/eldigitaldeasturias.com\/magazine365\/jesus-lopez-cobos-dirigira-el-concierto-inaugural-de-musica-y-academia\/\" \/>\n\t\t<meta property=\"og:image\" content=\"https:\/\/eldigitaldeasturias.com\/magazine365\/wp-content\/uploads\/2014\/06\/6325648w.jpg\" \/>\n\t\t<meta property=\"og:image:secure_url\" content=\"https:\/\/eldigitaldeasturias.com\/magazine365\/wp-content\/uploads\/2014\/06\/6325648w.jpg\" \/>\n\t\t<meta property=\"og:image:width\" content=\"800\" \/>\n\t\t<meta property=\"og:image:height\" content=\"599\" \/>\n\t\t<meta property=\"article:published_time\" content=\"2014-06-03T01:41:33+00:00\" \/>\n\t\t<meta property=\"article:modified_time\" content=\"2014-06-03T01:41:33+00:00\" \/>\n\t\t<meta name=\"twitter:card\" content=\"summary_large_image\" \/>\n\t\t<meta name=\"twitter:title\" content=\"Jes\u00fas L\u00f3pez Cobos dirigir\u00e1 el concierto inaugural de M\u00fasica y Academia | El Digital de Asturias\" \/>\n\t\t<meta name=\"twitter:description\" content=\"Santander, 2 jun (EFE).- El director Jes\u00fas L\u00f3pez Cobos conducir\u00e1 el concierto inaugural del Encuentro de M\u00fasica y Academia, que en su decimocuarta edici\u00f3n incorpora dos nuevos profesores al claustro de maestros que compartir\u00e1n sus conocimientos con j\u00f3venes promesas de la m\u00fasica. En total, 61 alumnos de las m\u00e1s prestigiosas escuelas de once pa\u00edses diferentes\" \/>\n\t\t<meta name=\"twitter:image\" content=\"https:\/\/eldigitaldeasturias.com\/magazine365\/wp-content\/uploads\/2014\/06\/6325648w.jpg\" \/>\n\t\t<script type=\"application\/ld+json\" class=\"aioseo-schema\">\n\t\t\t{\"@context\":\"https:\\\/\\\/schema.org\",\"@graph\":[{\"@type\":\"Article\",\"@id\":\"https:\\\/\\\/eldigitaldeasturias.com\\\/magazine365\\\/jesus-lopez-cobos-dirigira-el-concierto-inaugural-de-musica-y-academia\\\/#article\",\"name\":\"Jes\\u00fas L\\u00f3pez Cobos dirigir\\u00e1 el concierto inaugural de M\\u00fasica y Academia | El Digital de Asturias\",\"headline\":\"Jes\\u00fas L\\u00f3pez Cobos dirigir\\u00e1 el concierto inaugural de M\\u00fasica y Academia\",\"author\":{\"@id\":\"https:\\\/\\\/eldigitaldeasturias.com\\\/magazine365\\\/author\\\/admin\\\/#author\"},\"publisher\":{\"@id\":\"https:\\\/\\\/eldigitaldeasturias.com\\\/magazine365\\\/#organization\"},\"image\":{\"@type\":\"ImageObject\",\"url\":\"https:\\\/\\\/eldigitaldeasturias.com\\\/magazine365\\\/wp-content\\\/uploads\\\/2014\\\/06\\\/6325648w.jpg\",\"width\":800,\"height\":599},\"datePublished\":\"2014-06-02T23:41:33+02:00\",\"dateModified\":\"2014-06-02T23:41:33+02:00\",\"inLanguage\":\"es-ES\",\"mainEntityOfPage\":{\"@id\":\"https:\\\/\\\/eldigitaldeasturias.com\\\/magazine365\\\/jesus-lopez-cobos-dirigira-el-concierto-inaugural-de-musica-y-academia\\\/#webpage\"},\"isPartOf\":{\"@id\":\"https:\\\/\\\/eldigitaldeasturias.com\\\/magazine365\\\/jesus-lopez-cobos-dirigira-el-concierto-inaugural-de-musica-y-academia\\\/#webpage\"},\"articleSection\":\"Noticias y Actualidad\"},{\"@type\":\"BreadcrumbList\",\"@id\":\"https:\\\/\\\/eldigitaldeasturias.com\\\/magazine365\\\/jesus-lopez-cobos-dirigira-el-concierto-inaugural-de-musica-y-academia\\\/#breadcrumblist\",\"itemListElement\":[{\"@type\":\"ListItem\",\"@id\":\"https:\\\/\\\/eldigitaldeasturias.com\\\/magazine365#listItem\",\"position\":1,\"name\":\"Home\",\"item\":\"https:\\\/\\\/eldigitaldeasturias.com\\\/magazine365\",\"nextItem\":{\"@type\":\"ListItem\",\"@id\":\"https:\\\/\\\/eldigitaldeasturias.com\\\/magazine365\\\/category\\\/noticias-actualidad\\\/#listItem\",\"name\":\"Noticias y Actualidad\"}},{\"@type\":\"ListItem\",\"@id\":\"https:\\\/\\\/eldigitaldeasturias.com\\\/magazine365\\\/category\\\/noticias-actualidad\\\/#listItem\",\"position\":2,\"name\":\"Noticias y Actualidad\",\"item\":\"https:\\\/\\\/eldigitaldeasturias.com\\\/magazine365\\\/category\\\/noticias-actualidad\\\/\",\"nextItem\":{\"@type\":\"ListItem\",\"@id\":\"https:\\\/\\\/eldigitaldeasturias.com\\\/magazine365\\\/jesus-lopez-cobos-dirigira-el-concierto-inaugural-de-musica-y-academia\\\/#listItem\",\"name\":\"Jes\\u00fas L\\u00f3pez Cobos dirigir\\u00e1 el concierto inaugural de M\\u00fasica y Academia\"},\"previousItem\":{\"@type\":\"ListItem\",\"@id\":\"https:\\\/\\\/eldigitaldeasturias.com\\\/magazine365#listItem\",\"name\":\"Home\"}},{\"@type\":\"ListItem\",\"@id\":\"https:\\\/\\\/eldigitaldeasturias.com\\\/magazine365\\\/jesus-lopez-cobos-dirigira-el-concierto-inaugural-de-musica-y-academia\\\/#listItem\",\"position\":3,\"name\":\"Jes\\u00fas L\\u00f3pez Cobos dirigir\\u00e1 el concierto inaugural de M\\u00fasica y Academia\",\"previousItem\":{\"@type\":\"ListItem\",\"@id\":\"https:\\\/\\\/eldigitaldeasturias.com\\\/magazine365\\\/category\\\/noticias-actualidad\\\/#listItem\",\"name\":\"Noticias y Actualidad\"}}]},{\"@type\":\"Organization\",\"@id\":\"https:\\\/\\\/eldigitaldeasturias.com\\\/magazine365\\\/#organization\",\"name\":\"El digital de Asturias\",\"description\":\"Revista de ocio, turismo y estilo de vida\",\"url\":\"https:\\\/\\\/eldigitaldeasturias.com\\\/magazine365\\\/\",\"logo\":{\"@type\":\"ImageObject\",\"url\":\"https:\\\/\\\/www.eldigitaldeasturias.com\\\/noticias\\\/wp-content\\\/uploads\\\/2020\\\/12\\\/EDA.jpg\",\"@id\":\"https:\\\/\\\/eldigitaldeasturias.com\\\/magazine365\\\/jesus-lopez-cobos-dirigira-el-concierto-inaugural-de-musica-y-academia\\\/#organizationLogo\"},\"image\":{\"@id\":\"https:\\\/\\\/eldigitaldeasturias.com\\\/magazine365\\\/jesus-lopez-cobos-dirigira-el-concierto-inaugural-de-musica-y-academia\\\/#organizationLogo\"}},{\"@type\":\"Person\",\"@id\":\"https:\\\/\\\/eldigitaldeasturias.com\\\/magazine365\\\/author\\\/admin\\\/#author\",\"url\":\"https:\\\/\\\/eldigitaldeasturias.com\\\/magazine365\\\/author\\\/admin\\\/\",\"name\":\"admin\",\"image\":{\"@type\":\"ImageObject\",\"@id\":\"https:\\\/\\\/eldigitaldeasturias.com\\\/magazine365\\\/jesus-lopez-cobos-dirigira-el-concierto-inaugural-de-musica-y-academia\\\/#authorImage\",\"url\":\"https:\\\/\\\/eldigitaldeasturias.com\\\/magazine365\\\/wp-content\\\/litespeed\\\/avatar\\\/e571bcf59a0edd6fa6838245a470f2fe.jpg?ver=1777574230\",\"width\":96,\"height\":96,\"caption\":\"admin\"}},{\"@type\":\"WebPage\",\"@id\":\"https:\\\/\\\/eldigitaldeasturias.com\\\/magazine365\\\/jesus-lopez-cobos-dirigira-el-concierto-inaugural-de-musica-y-academia\\\/#webpage\",\"url\":\"https:\\\/\\\/eldigitaldeasturias.com\\\/magazine365\\\/jesus-lopez-cobos-dirigira-el-concierto-inaugural-de-musica-y-academia\\\/\",\"name\":\"Jes\\u00fas L\\u00f3pez Cobos dirigir\\u00e1 el concierto inaugural de M\\u00fasica y Academia | El Digital de Asturias\",\"description\":\"Santander, 2 jun (EFE).- El director Jes\\u00fas L\\u00f3pez Cobos conducir\\u00e1 el concierto inaugural del Encuentro de M\\u00fasica y Academia, que en su decimocuarta edici\\u00f3n incorpora dos nuevos profesores al claustro de maestros que compartir\\u00e1n sus conocimientos con j\\u00f3venes promesas de la m\\u00fasica. En total, 61 alumnos de las m\\u00e1s prestigiosas escuelas de once pa\\u00edses diferentes\",\"inLanguage\":\"es-ES\",\"isPartOf\":{\"@id\":\"https:\\\/\\\/eldigitaldeasturias.com\\\/magazine365\\\/#website\"},\"breadcrumb\":{\"@id\":\"https:\\\/\\\/eldigitaldeasturias.com\\\/magazine365\\\/jesus-lopez-cobos-dirigira-el-concierto-inaugural-de-musica-y-academia\\\/#breadcrumblist\"},\"author\":{\"@id\":\"https:\\\/\\\/eldigitaldeasturias.com\\\/magazine365\\\/author\\\/admin\\\/#author\"},\"creator\":{\"@id\":\"https:\\\/\\\/eldigitaldeasturias.com\\\/magazine365\\\/author\\\/admin\\\/#author\"},\"image\":{\"@type\":\"ImageObject\",\"url\":\"https:\\\/\\\/eldigitaldeasturias.com\\\/magazine365\\\/wp-content\\\/uploads\\\/2014\\\/06\\\/6325648w.jpg\",\"@id\":\"https:\\\/\\\/eldigitaldeasturias.com\\\/magazine365\\\/jesus-lopez-cobos-dirigira-el-concierto-inaugural-de-musica-y-academia\\\/#mainImage\",\"width\":800,\"height\":599},\"primaryImageOfPage\":{\"@id\":\"https:\\\/\\\/eldigitaldeasturias.com\\\/magazine365\\\/jesus-lopez-cobos-dirigira-el-concierto-inaugural-de-musica-y-academia\\\/#mainImage\"},\"datePublished\":\"2014-06-02T23:41:33+02:00\",\"dateModified\":\"2014-06-02T23:41:33+02:00\"},{\"@type\":\"WebSite\",\"@id\":\"https:\\\/\\\/eldigitaldeasturias.com\\\/magazine365\\\/#website\",\"url\":\"https:\\\/\\\/eldigitaldeasturias.com\\\/magazine365\\\/\",\"name\":\"El Digital de Asturias\",\"description\":\"Revista de ocio, turismo y estilo de vida\",\"inLanguage\":\"es-ES\",\"publisher\":{\"@id\":\"https:\\\/\\\/eldigitaldeasturias.com\\\/magazine365\\\/#organization\"}}]}\n\t\t<\/script>\n\t\t<!-- All in One SEO Pro -->\r\n\t\t<title>Jes\u00fas L\u00f3pez Cobos dirigir\u00e1 el concierto inaugural de M\u00fasica y Academia | El Digital de Asturias<\/title>\n\n","aioseo_head_json":{"title":"Jes\u00fas L\u00f3pez Cobos dirigir\u00e1 el concierto inaugural de M\u00fasica y Academia | El Digital de Asturias","description":"Santander, 2 jun (EFE).- El director Jes\u00fas L\u00f3pez Cobos conducir\u00e1 el concierto inaugural del Encuentro de M\u00fasica y Academia, que en su decimocuarta edici\u00f3n incorpora dos nuevos profesores al claustro de maestros que compartir\u00e1n sus conocimientos con j\u00f3venes promesas de la m\u00fasica. En total, 61 alumnos de las m\u00e1s prestigiosas escuelas de once pa\u00edses diferentes","canonical_url":"https:\/\/eldigitaldeasturias.com\/magazine365\/jesus-lopez-cobos-dirigira-el-concierto-inaugural-de-musica-y-academia\/","robots":"max-image-preview:large","keywords":"noticias y actualidad","webmasterTools":{"google-site-verification":"UA-38556648-1","miscellaneous":""},"schema":{"@context":"https:\/\/schema.org","@graph":[{"@type":"Article","@id":"https:\/\/eldigitaldeasturias.com\/magazine365\/jesus-lopez-cobos-dirigira-el-concierto-inaugural-de-musica-y-academia\/#article","name":"Jes\u00fas L\u00f3pez Cobos dirigir\u00e1 el concierto inaugural de M\u00fasica y Academia | El Digital de Asturias","headline":"Jes\u00fas L\u00f3pez Cobos dirigir\u00e1 el concierto inaugural de M\u00fasica y Academia","author":{"@id":"https:\/\/eldigitaldeasturias.com\/magazine365\/author\/admin\/#author"},"publisher":{"@id":"https:\/\/eldigitaldeasturias.com\/magazine365\/#organization"},"image":{"@type":"ImageObject","url":"https:\/\/eldigitaldeasturias.com\/magazine365\/wp-content\/uploads\/2014\/06\/6325648w.jpg","width":800,"height":599},"datePublished":"2014-06-02T23:41:33+02:00","dateModified":"2014-06-02T23:41:33+02:00","inLanguage":"es-ES","mainEntityOfPage":{"@id":"https:\/\/eldigitaldeasturias.com\/magazine365\/jesus-lopez-cobos-dirigira-el-concierto-inaugural-de-musica-y-academia\/#webpage"},"isPartOf":{"@id":"https:\/\/eldigitaldeasturias.com\/magazine365\/jesus-lopez-cobos-dirigira-el-concierto-inaugural-de-musica-y-academia\/#webpage"},"articleSection":"Noticias y Actualidad"},{"@type":"BreadcrumbList","@id":"https:\/\/eldigitaldeasturias.com\/magazine365\/jesus-lopez-cobos-dirigira-el-concierto-inaugural-de-musica-y-academia\/#breadcrumblist","itemListElement":[{"@type":"ListItem","@id":"https:\/\/eldigitaldeasturias.com\/magazine365#listItem","position":1,"name":"Home","item":"https:\/\/eldigitaldeasturias.com\/magazine365","nextItem":{"@type":"ListItem","@id":"https:\/\/eldigitaldeasturias.com\/magazine365\/category\/noticias-actualidad\/#listItem","name":"Noticias y Actualidad"}},{"@type":"ListItem","@id":"https:\/\/eldigitaldeasturias.com\/magazine365\/category\/noticias-actualidad\/#listItem","position":2,"name":"Noticias y Actualidad","item":"https:\/\/eldigitaldeasturias.com\/magazine365\/category\/noticias-actualidad\/","nextItem":{"@type":"ListItem","@id":"https:\/\/eldigitaldeasturias.com\/magazine365\/jesus-lopez-cobos-dirigira-el-concierto-inaugural-de-musica-y-academia\/#listItem","name":"Jes\u00fas L\u00f3pez Cobos dirigir\u00e1 el concierto inaugural de M\u00fasica y Academia"},"previousItem":{"@type":"ListItem","@id":"https:\/\/eldigitaldeasturias.com\/magazine365#listItem","name":"Home"}},{"@type":"ListItem","@id":"https:\/\/eldigitaldeasturias.com\/magazine365\/jesus-lopez-cobos-dirigira-el-concierto-inaugural-de-musica-y-academia\/#listItem","position":3,"name":"Jes\u00fas L\u00f3pez Cobos dirigir\u00e1 el concierto inaugural de M\u00fasica y Academia","previousItem":{"@type":"ListItem","@id":"https:\/\/eldigitaldeasturias.com\/magazine365\/category\/noticias-actualidad\/#listItem","name":"Noticias y Actualidad"}}]},{"@type":"Organization","@id":"https:\/\/eldigitaldeasturias.com\/magazine365\/#organization","name":"El digital de Asturias","description":"Revista de ocio, turismo y estilo de vida","url":"https:\/\/eldigitaldeasturias.com\/magazine365\/","logo":{"@type":"ImageObject","url":"https:\/\/www.eldigitaldeasturias.com\/noticias\/wp-content\/uploads\/2020\/12\/EDA.jpg","@id":"https:\/\/eldigitaldeasturias.com\/magazine365\/jesus-lopez-cobos-dirigira-el-concierto-inaugural-de-musica-y-academia\/#organizationLogo"},"image":{"@id":"https:\/\/eldigitaldeasturias.com\/magazine365\/jesus-lopez-cobos-dirigira-el-concierto-inaugural-de-musica-y-academia\/#organizationLogo"}},{"@type":"Person","@id":"https:\/\/eldigitaldeasturias.com\/magazine365\/author\/admin\/#author","url":"https:\/\/eldigitaldeasturias.com\/magazine365\/author\/admin\/","name":"admin","image":{"@type":"ImageObject","@id":"https:\/\/eldigitaldeasturias.com\/magazine365\/jesus-lopez-cobos-dirigira-el-concierto-inaugural-de-musica-y-academia\/#authorImage","url":"https:\/\/eldigitaldeasturias.com\/magazine365\/wp-content\/litespeed\/avatar\/e571bcf59a0edd6fa6838245a470f2fe.jpg?ver=1777574230","width":96,"height":96,"caption":"admin"}},{"@type":"WebPage","@id":"https:\/\/eldigitaldeasturias.com\/magazine365\/jesus-lopez-cobos-dirigira-el-concierto-inaugural-de-musica-y-academia\/#webpage","url":"https:\/\/eldigitaldeasturias.com\/magazine365\/jesus-lopez-cobos-dirigira-el-concierto-inaugural-de-musica-y-academia\/","name":"Jes\u00fas L\u00f3pez Cobos dirigir\u00e1 el concierto inaugural de M\u00fasica y Academia | El Digital de Asturias","description":"Santander, 2 jun (EFE).- El director Jes\u00fas L\u00f3pez Cobos conducir\u00e1 el concierto inaugural del Encuentro de M\u00fasica y Academia, que en su decimocuarta edici\u00f3n incorpora dos nuevos profesores al claustro de maestros que compartir\u00e1n sus conocimientos con j\u00f3venes promesas de la m\u00fasica. En total, 61 alumnos de las m\u00e1s prestigiosas escuelas de once pa\u00edses diferentes","inLanguage":"es-ES","isPartOf":{"@id":"https:\/\/eldigitaldeasturias.com\/magazine365\/#website"},"breadcrumb":{"@id":"https:\/\/eldigitaldeasturias.com\/magazine365\/jesus-lopez-cobos-dirigira-el-concierto-inaugural-de-musica-y-academia\/#breadcrumblist"},"author":{"@id":"https:\/\/eldigitaldeasturias.com\/magazine365\/author\/admin\/#author"},"creator":{"@id":"https:\/\/eldigitaldeasturias.com\/magazine365\/author\/admin\/#author"},"image":{"@type":"ImageObject","url":"https:\/\/eldigitaldeasturias.com\/magazine365\/wp-content\/uploads\/2014\/06\/6325648w.jpg","@id":"https:\/\/eldigitaldeasturias.com\/magazine365\/jesus-lopez-cobos-dirigira-el-concierto-inaugural-de-musica-y-academia\/#mainImage","width":800,"height":599},"primaryImageOfPage":{"@id":"https:\/\/eldigitaldeasturias.com\/magazine365\/jesus-lopez-cobos-dirigira-el-concierto-inaugural-de-musica-y-academia\/#mainImage"},"datePublished":"2014-06-02T23:41:33+02:00","dateModified":"2014-06-02T23:41:33+02:00"},{"@type":"WebSite","@id":"https:\/\/eldigitaldeasturias.com\/magazine365\/#website","url":"https:\/\/eldigitaldeasturias.com\/magazine365\/","name":"El Digital de Asturias","description":"Revista de ocio, turismo y estilo de vida","inLanguage":"es-ES","publisher":{"@id":"https:\/\/eldigitaldeasturias.com\/magazine365\/#organization"}}]},"og:locale":"es_ES","og:site_name":"El Digital de Asturias \u2013 Revista de ocio, turismo y estilo de vida","og:type":"article","og:title":"Jes\u00fas L\u00f3pez Cobos dirigir\u00e1 el concierto inaugural de M\u00fasica y Academia | El Digital de Asturias","og:description":"Santander, 2 jun (EFE).- El director Jes\u00fas L\u00f3pez Cobos conducir\u00e1 el concierto inaugural del Encuentro de M\u00fasica y Academia, que en su decimocuarta edici\u00f3n incorpora dos nuevos profesores al claustro de maestros que compartir\u00e1n sus conocimientos con j\u00f3venes promesas de la m\u00fasica. En total, 61 alumnos de las m\u00e1s prestigiosas escuelas de once pa\u00edses diferentes","og:url":"https:\/\/eldigitaldeasturias.com\/magazine365\/jesus-lopez-cobos-dirigira-el-concierto-inaugural-de-musica-y-academia\/","og:image":"https:\/\/eldigitaldeasturias.com\/magazine365\/wp-content\/uploads\/2014\/06\/6325648w.jpg","og:image:secure_url":"https:\/\/eldigitaldeasturias.com\/magazine365\/wp-content\/uploads\/2014\/06\/6325648w.jpg","og:image:width":800,"og:image:height":599,"article:published_time":"2014-06-03T01:41:33+00:00","article:modified_time":"2014-06-03T01:41:33+00:00","twitter:card":"summary_large_image","twitter:title":"Jes\u00fas L\u00f3pez Cobos dirigir\u00e1 el concierto inaugural de M\u00fasica y Academia | El Digital de Asturias","twitter:description":"Santander, 2 jun (EFE).- El director Jes\u00fas L\u00f3pez Cobos conducir\u00e1 el concierto inaugural del Encuentro de M\u00fasica y Academia, que en su decimocuarta edici\u00f3n incorpora dos nuevos profesores al claustro de maestros que compartir\u00e1n sus conocimientos con j\u00f3venes promesas de la m\u00fasica. En total, 61 alumnos de las m\u00e1s prestigiosas escuelas de once pa\u00edses diferentes","twitter:image":"https:\/\/eldigitaldeasturias.com\/magazine365\/wp-content\/uploads\/2014\/06\/6325648w.jpg"},"aioseo_meta_data":{"post_id":"14805","title":null,"description":null,"keywords":null,"keyphrases":null,"primary_term":null,"canonical_url":null,"og_title":null,"og_description":null,"og_object_type":"default","og_image_type":"default","og_image_url":null,"og_image_width":null,"og_image_height":null,"og_image_custom_url":null,"og_image_custom_fields":null,"og_video":null,"og_custom_url":null,"og_article_section":null,"og_article_tags":null,"twitter_use_og":false,"twitter_card":"default","twitter_image_type":"default","twitter_image_url":null,"twitter_image_custom_url":null,"twitter_image_custom_fields":null,"twitter_title":null,"twitter_description":null,"schema":{"blockGraphs":[],"customGraphs":[],"default":{"data":{"Article":[],"Course":[],"Dataset":[],"FAQPage":[],"Movie":[],"Person":[],"Product":[],"ProductReview":[],"Car":[],"Recipe":[],"Service":[],"SoftwareApplication":[],"WebPage":[]},"graphName":"","isEnabled":true},"graphs":[],"defaultGraph":"","defaultPostTypeGraph":""},"schema_type":null,"schema_type_options":null,"pillar_content":false,"robots_default":true,"robots_noindex":false,"robots_noarchive":false,"robots_nosnippet":false,"robots_nofollow":false,"robots_noimageindex":false,"robots_noodp":false,"robots_notranslate":false,"robots_max_snippet":null,"robots_max_videopreview":null,"robots_max_imagepreview":"large","priority":null,"frequency":null,"location":null,"local_seo":null,"seo_analyzer_scan_date":"2025-09-17 10:49:01","breadcrumb_settings":null,"limit_modified_date":false,"open_ai":null,"ai":null,"created":"2021-03-09 08:09:41","updated":"2025-09-17 10:49:01"},"aioseo_breadcrumb":"<div class=\"aioseo-breadcrumbs\"><span class=\"aioseo-breadcrumb\">\n\t<a href=\"https:\/\/eldigitaldeasturias.com\/magazine365\" title=\"Home\">Home<\/a>\n<\/span><span class=\"aioseo-breadcrumb-separator\">\u2013<\/span><span class=\"aioseo-breadcrumb\">\n\t<a href=\"https:\/\/eldigitaldeasturias.com\/magazine365\/category\/noticias-actualidad\/\" title=\"Noticias y Actualidad\">Noticias y Actualidad<\/a>\n<\/span><span class=\"aioseo-breadcrumb-separator\">\u2013<\/span><span class=\"aioseo-breadcrumb\">\n\t<a href=\"https:\/\/eldigitaldeasturias.com\/magazine365\/jesus-lopez-cobos-dirigira-el-concierto-inaugural-de-musica-y-academia\/\" title=\"Jes\u00fas L\u00f3pez Cobos dirigir\u00e1 el concierto inaugural de M\u00fasica y Academia\">Jes\u00fas L\u00f3pez Cobos dirigir\u00e1 el concierto inaugural de M\u00fasica y Academia<\/a>\n<\/span><\/div>","aioseo_breadcrumb_json":[{"label":"Home","link":"https:\/\/eldigitaldeasturias.com\/magazine365"},{"label":"Noticias y Actualidad","link":"https:\/\/eldigitaldeasturias.com\/magazine365\/category\/noticias-actualidad\/"},{"label":"Jes\u00fas L\u00f3pez Cobos dirigir\u00e1 el concierto inaugural de M\u00fasica y Academia","link":"https:\/\/eldigitaldeasturias.com\/magazine365\/jesus-lopez-cobos-dirigira-el-concierto-inaugural-de-musica-y-academia\/"}],"_links":{"self":[{"href":"https:\/\/eldigitaldeasturias.com\/magazine365\/wp-json\/wp\/v2\/posts\/14805","targetHints":{"allow":["GET"]}}],"collection":[{"href":"https:\/\/eldigitaldeasturias.com\/magazine365\/wp-json\/wp\/v2\/posts"}],"about":[{"href":"https:\/\/eldigitaldeasturias.com\/magazine365\/wp-json\/wp\/v2\/types\/post"}],"author":[{"embeddable":true,"href":"https:\/\/eldigitaldeasturias.com\/magazine365\/wp-json\/wp\/v2\/users\/1"}],"replies":[{"embeddable":true,"href":"https:\/\/eldigitaldeasturias.com\/magazine365\/wp-json\/wp\/v2\/comments?post=14805"}],"version-history":[{"count":0,"href":"https:\/\/eldigitaldeasturias.com\/magazine365\/wp-json\/wp\/v2\/posts\/14805\/revisions"}],"wp:featuredmedia":[{"embeddable":true,"href":"https:\/\/eldigitaldeasturias.com\/magazine365\/wp-json\/wp\/v2\/media\/14806"}],"wp:attachment":[{"href":"https:\/\/eldigitaldeasturias.com\/magazine365\/wp-json\/wp\/v2\/media?parent=14805"}],"wp:term":[{"taxonomy":"category","embeddable":true,"href":"https:\/\/eldigitaldeasturias.com\/magazine365\/wp-json\/wp\/v2\/categories?post=14805"},{"taxonomy":"post_tag","embeddable":true,"href":"https:\/\/eldigitaldeasturias.com\/magazine365\/wp-json\/wp\/v2\/tags?post=14805"}],"curies":[{"name":"wp","href":"https:\/\/api.w.org\/{rel}","templated":true}]}}