{"id":14802,"date":"2014-06-02T23:40:18","date_gmt":"2014-06-03T01:40:18","guid":{"rendered":"http:\/\/eldigitaldeasturias.com\/magazine365\/?p=14802"},"modified":"2014-06-02T23:40:18","modified_gmt":"2014-06-03T01:40:18","slug":"la-colocacion-del-vallado-abre-la-cuenta-atras-del-inicio-de-los-sanfermines","status":"publish","type":"post","link":"https:\/\/eldigitaldeasturias.com\/magazine365\/la-colocacion-del-vallado-abre-la-cuenta-atras-del-inicio-de-los-sanfermines\/","title":{"rendered":"La colocaci\u00f3n del vallado abre la cuenta atr\u00e1s del inicio de los sanfermines"},"content":{"rendered":"<p><img fetchpriority=\"high\" decoding=\"async\" class=\"alignleft size-medium wp-image-14803\" alt=\"6325553w\" src=\"https:\/\/eldigitaldeasturias.com\/magazine365\/wp-content\/uploads\/2014\/06\/6325553w-360x239.jpg\" width=\"360\" height=\"239\" \/>Pamplona, 2 jun (EFE).- El comienzo esta ma\u00f1ana de la colocaci\u00f3n del vallado del encierro de sanfermines en los corrales de Santo Domingo marca la cuenta atr\u00e1s para el inicio de las fiestas de Pamplona.<\/p>\n<p>Operarios de la carpinter\u00eda Hermanos Aldaz, de Puente la Reina, ha comenzado hoy la instalaci\u00f3n del vallado que del 7 al 14 de julio se\u00f1alar\u00e1 el recorrido de los encierros, uno de los actos m\u00e1s representativos de las fiestas.<\/p>\n<p>La instalaci\u00f3n del vallado ha comenzado por los corrales de Santo Domingo, de los que cada ma\u00f1ana salen los toros, para paulatinamente ir colocando el resto del recorrido hasta las v\u00edsperas de las fiestas.<\/p>\n<p>\u00cd\u00f1igo Aldaz, que acumula 23 a\u00f1os de experiencia en estas labores, ha explicado que en total se colocar\u00e1n 2.700 tablones, 900 postes, 150 empalizadas, 4.000 cu\u00f1as y 80 puertas.<\/p>\n<p>Durante estos d\u00edas trabajar\u00e1n 5 operarios, pero en las fiestas se necesitan 75 personas para instalar y retirar diariamente el vallado de las zonas m\u00e1s transitadas del recorrido, ha se\u00f1alado Aldaz.<\/p>\n<p>Tambi\u00e9n se ha instalado hoy en la Plaza del Ayuntamiento el poste que conmemora a los corredores fallecidos en los encierros, realizado en 2013 por profesores y alumnos del CIP Tafalla por encargo de la Federaci\u00f3n de Pe\u00f1as de Pamplona.<\/p>\n","protected":false},"excerpt":{"rendered":"<p>Pamplona, 2 jun (EFE).- El comienzo esta ma\u00f1ana de la colocaci\u00f3n del vallado del encierro de sanfermines en los corrales de Santo Domingo marca la cuenta atr\u00e1s para el inicio de las fiestas de Pamplona. Operarios de la carpinter\u00eda Hermanos Aldaz, de Puente la Reina, ha comenzado hoy la instalaci\u00f3n del vallado que del 7<\/p>\n","protected":false},"author":1,"featured_media":14803,"comment_status":"open","ping_status":"closed","sticky":false,"template":"","format":"standard","meta":{"footnotes":""},"categories":[224],"tags":[],"class_list":{"0":"post-14802","1":"post","2":"type-post","3":"status-publish","4":"format-standard","5":"has-post-thumbnail","7":"category-noticias-actualidad"},"aioseo_notices":[],"aioseo_head":"\n\t\t<!-- All in One SEO Pro 4.9.6.1 - aioseo.com -->\n\t<meta name=\"description\" content=\"Pamplona, 2 jun (EFE).- El comienzo esta ma\u00f1ana de la colocaci\u00f3n del vallado del encierro de sanfermines en los corrales de Santo Domingo marca la cuenta atr\u00e1s para el inicio de las fiestas de Pamplona. Operarios de la carpinter\u00eda Hermanos Aldaz, de Puente la Reina, ha comenzado hoy la instalaci\u00f3n del vallado que del 7\" \/>\n\t<meta name=\"robots\" content=\"max-image-preview:large\" \/>\n\t<meta name=\"author\" content=\"admin\"\/>\n\t<meta name=\"google-site-verification\" content=\"UA-38556648-1\" \/>\n\t<meta name=\"keywords\" content=\"noticias y actualidad\" \/>\n\t<link rel=\"canonical\" href=\"https:\/\/eldigitaldeasturias.com\/magazine365\/la-colocacion-del-vallado-abre-la-cuenta-atras-del-inicio-de-los-sanfermines\/\" \/>\n\t<meta name=\"generator\" content=\"All in One SEO Pro (AIOSEO) 4.9.6.1\" \/>\n\t\t<meta property=\"og:locale\" content=\"es_ES\" \/>\n\t\t<meta property=\"og:site_name\" content=\"El Digital de Asturias \u2013 Revista de ocio, turismo y estilo de vida\" \/>\n\t\t<meta property=\"og:type\" content=\"article\" \/>\n\t\t<meta property=\"og:title\" content=\"La colocaci\u00f3n del vallado abre la cuenta atr\u00e1s del inicio de los sanfermines | El Digital de Asturias\" \/>\n\t\t<meta property=\"og:description\" content=\"Pamplona, 2 jun (EFE).- El comienzo esta ma\u00f1ana de la colocaci\u00f3n del vallado del encierro de sanfermines en los corrales de Santo Domingo marca la cuenta atr\u00e1s para el inicio de las fiestas de Pamplona. Operarios de la carpinter\u00eda Hermanos Aldaz, de Puente la Reina, ha comenzado hoy la instalaci\u00f3n del vallado que del 7\" \/>\n\t\t<meta property=\"og:url\" content=\"https:\/\/eldigitaldeasturias.com\/magazine365\/la-colocacion-del-vallado-abre-la-cuenta-atras-del-inicio-de-los-sanfermines\/\" \/>\n\t\t<meta property=\"og:image\" content=\"https:\/\/eldigitaldeasturias.com\/magazine365\/wp-content\/uploads\/2014\/06\/6325553w.jpg\" \/>\n\t\t<meta property=\"og:image:secure_url\" content=\"https:\/\/eldigitaldeasturias.com\/magazine365\/wp-content\/uploads\/2014\/06\/6325553w.jpg\" \/>\n\t\t<meta property=\"og:image:width\" content=\"800\" \/>\n\t\t<meta property=\"og:image:height\" content=\"533\" \/>\n\t\t<meta property=\"article:published_time\" content=\"2014-06-03T01:40:18+00:00\" \/>\n\t\t<meta property=\"article:modified_time\" content=\"2014-06-03T01:40:18+00:00\" \/>\n\t\t<meta name=\"twitter:card\" content=\"summary_large_image\" \/>\n\t\t<meta name=\"twitter:title\" content=\"La colocaci\u00f3n del vallado abre la cuenta atr\u00e1s del inicio de los sanfermines | El Digital de Asturias\" \/>\n\t\t<meta name=\"twitter:description\" content=\"Pamplona, 2 jun (EFE).- El comienzo esta ma\u00f1ana de la colocaci\u00f3n del vallado del encierro de sanfermines en los corrales de Santo Domingo marca la cuenta atr\u00e1s para el inicio de las fiestas de Pamplona. Operarios de la carpinter\u00eda Hermanos Aldaz, de Puente la Reina, ha comenzado hoy la instalaci\u00f3n del vallado que del 7\" \/>\n\t\t<meta name=\"twitter:image\" content=\"https:\/\/eldigitaldeasturias.com\/magazine365\/wp-content\/uploads\/2014\/06\/6325553w.jpg\" \/>\n\t\t<script type=\"application\/ld+json\" class=\"aioseo-schema\">\n\t\t\t{\"@context\":\"https:\\\/\\\/schema.org\",\"@graph\":[{\"@type\":\"Article\",\"@id\":\"https:\\\/\\\/eldigitaldeasturias.com\\\/magazine365\\\/la-colocacion-del-vallado-abre-la-cuenta-atras-del-inicio-de-los-sanfermines\\\/#article\",\"name\":\"La colocaci\\u00f3n del vallado abre la cuenta atr\\u00e1s del inicio de los sanfermines | El Digital de Asturias\",\"headline\":\"La colocaci\\u00f3n del vallado abre la cuenta atr\\u00e1s del inicio de los sanfermines\",\"author\":{\"@id\":\"https:\\\/\\\/eldigitaldeasturias.com\\\/magazine365\\\/author\\\/admin\\\/#author\"},\"publisher\":{\"@id\":\"https:\\\/\\\/eldigitaldeasturias.com\\\/magazine365\\\/#organization\"},\"image\":{\"@type\":\"ImageObject\",\"url\":\"https:\\\/\\\/eldigitaldeasturias.com\\\/magazine365\\\/wp-content\\\/uploads\\\/2014\\\/06\\\/6325553w.jpg\",\"width\":800,\"height\":533},\"datePublished\":\"2014-06-02T23:40:18+02:00\",\"dateModified\":\"2014-06-02T23:40:18+02:00\",\"inLanguage\":\"es-ES\",\"mainEntityOfPage\":{\"@id\":\"https:\\\/\\\/eldigitaldeasturias.com\\\/magazine365\\\/la-colocacion-del-vallado-abre-la-cuenta-atras-del-inicio-de-los-sanfermines\\\/#webpage\"},\"isPartOf\":{\"@id\":\"https:\\\/\\\/eldigitaldeasturias.com\\\/magazine365\\\/la-colocacion-del-vallado-abre-la-cuenta-atras-del-inicio-de-los-sanfermines\\\/#webpage\"},\"articleSection\":\"Noticias y Actualidad\"},{\"@type\":\"BreadcrumbList\",\"@id\":\"https:\\\/\\\/eldigitaldeasturias.com\\\/magazine365\\\/la-colocacion-del-vallado-abre-la-cuenta-atras-del-inicio-de-los-sanfermines\\\/#breadcrumblist\",\"itemListElement\":[{\"@type\":\"ListItem\",\"@id\":\"https:\\\/\\\/eldigitaldeasturias.com\\\/magazine365#listItem\",\"position\":1,\"name\":\"Home\",\"item\":\"https:\\\/\\\/eldigitaldeasturias.com\\\/magazine365\",\"nextItem\":{\"@type\":\"ListItem\",\"@id\":\"https:\\\/\\\/eldigitaldeasturias.com\\\/magazine365\\\/category\\\/noticias-actualidad\\\/#listItem\",\"name\":\"Noticias y Actualidad\"}},{\"@type\":\"ListItem\",\"@id\":\"https:\\\/\\\/eldigitaldeasturias.com\\\/magazine365\\\/category\\\/noticias-actualidad\\\/#listItem\",\"position\":2,\"name\":\"Noticias y Actualidad\",\"item\":\"https:\\\/\\\/eldigitaldeasturias.com\\\/magazine365\\\/category\\\/noticias-actualidad\\\/\",\"nextItem\":{\"@type\":\"ListItem\",\"@id\":\"https:\\\/\\\/eldigitaldeasturias.com\\\/magazine365\\\/la-colocacion-del-vallado-abre-la-cuenta-atras-del-inicio-de-los-sanfermines\\\/#listItem\",\"name\":\"La colocaci\\u00f3n del vallado abre la cuenta atr\\u00e1s del inicio de los sanfermines\"},\"previousItem\":{\"@type\":\"ListItem\",\"@id\":\"https:\\\/\\\/eldigitaldeasturias.com\\\/magazine365#listItem\",\"name\":\"Home\"}},{\"@type\":\"ListItem\",\"@id\":\"https:\\\/\\\/eldigitaldeasturias.com\\\/magazine365\\\/la-colocacion-del-vallado-abre-la-cuenta-atras-del-inicio-de-los-sanfermines\\\/#listItem\",\"position\":3,\"name\":\"La colocaci\\u00f3n del vallado abre la cuenta atr\\u00e1s del inicio de los sanfermines\",\"previousItem\":{\"@type\":\"ListItem\",\"@id\":\"https:\\\/\\\/eldigitaldeasturias.com\\\/magazine365\\\/category\\\/noticias-actualidad\\\/#listItem\",\"name\":\"Noticias y Actualidad\"}}]},{\"@type\":\"Organization\",\"@id\":\"https:\\\/\\\/eldigitaldeasturias.com\\\/magazine365\\\/#organization\",\"name\":\"El digital de Asturias\",\"description\":\"Revista de ocio, turismo y estilo de vida\",\"url\":\"https:\\\/\\\/eldigitaldeasturias.com\\\/magazine365\\\/\",\"logo\":{\"@type\":\"ImageObject\",\"url\":\"https:\\\/\\\/www.eldigitaldeasturias.com\\\/noticias\\\/wp-content\\\/uploads\\\/2020\\\/12\\\/EDA.jpg\",\"@id\":\"https:\\\/\\\/eldigitaldeasturias.com\\\/magazine365\\\/la-colocacion-del-vallado-abre-la-cuenta-atras-del-inicio-de-los-sanfermines\\\/#organizationLogo\"},\"image\":{\"@id\":\"https:\\\/\\\/eldigitaldeasturias.com\\\/magazine365\\\/la-colocacion-del-vallado-abre-la-cuenta-atras-del-inicio-de-los-sanfermines\\\/#organizationLogo\"}},{\"@type\":\"Person\",\"@id\":\"https:\\\/\\\/eldigitaldeasturias.com\\\/magazine365\\\/author\\\/admin\\\/#author\",\"url\":\"https:\\\/\\\/eldigitaldeasturias.com\\\/magazine365\\\/author\\\/admin\\\/\",\"name\":\"admin\",\"image\":{\"@type\":\"ImageObject\",\"@id\":\"https:\\\/\\\/eldigitaldeasturias.com\\\/magazine365\\\/la-colocacion-del-vallado-abre-la-cuenta-atras-del-inicio-de-los-sanfermines\\\/#authorImage\",\"url\":\"https:\\\/\\\/eldigitaldeasturias.com\\\/magazine365\\\/wp-content\\\/litespeed\\\/avatar\\\/e571bcf59a0edd6fa6838245a470f2fe.jpg?ver=1777574230\",\"width\":96,\"height\":96,\"caption\":\"admin\"}},{\"@type\":\"WebPage\",\"@id\":\"https:\\\/\\\/eldigitaldeasturias.com\\\/magazine365\\\/la-colocacion-del-vallado-abre-la-cuenta-atras-del-inicio-de-los-sanfermines\\\/#webpage\",\"url\":\"https:\\\/\\\/eldigitaldeasturias.com\\\/magazine365\\\/la-colocacion-del-vallado-abre-la-cuenta-atras-del-inicio-de-los-sanfermines\\\/\",\"name\":\"La colocaci\\u00f3n del vallado abre la cuenta atr\\u00e1s del inicio de los sanfermines | El Digital de Asturias\",\"description\":\"Pamplona, 2 jun (EFE).- El comienzo esta ma\\u00f1ana de la colocaci\\u00f3n del vallado del encierro de sanfermines en los corrales de Santo Domingo marca la cuenta atr\\u00e1s para el inicio de las fiestas de Pamplona. Operarios de la carpinter\\u00eda Hermanos Aldaz, de Puente la Reina, ha comenzado hoy la instalaci\\u00f3n del vallado que del 7\",\"inLanguage\":\"es-ES\",\"isPartOf\":{\"@id\":\"https:\\\/\\\/eldigitaldeasturias.com\\\/magazine365\\\/#website\"},\"breadcrumb\":{\"@id\":\"https:\\\/\\\/eldigitaldeasturias.com\\\/magazine365\\\/la-colocacion-del-vallado-abre-la-cuenta-atras-del-inicio-de-los-sanfermines\\\/#breadcrumblist\"},\"author\":{\"@id\":\"https:\\\/\\\/eldigitaldeasturias.com\\\/magazine365\\\/author\\\/admin\\\/#author\"},\"creator\":{\"@id\":\"https:\\\/\\\/eldigitaldeasturias.com\\\/magazine365\\\/author\\\/admin\\\/#author\"},\"image\":{\"@type\":\"ImageObject\",\"url\":\"https:\\\/\\\/eldigitaldeasturias.com\\\/magazine365\\\/wp-content\\\/uploads\\\/2014\\\/06\\\/6325553w.jpg\",\"@id\":\"https:\\\/\\\/eldigitaldeasturias.com\\\/magazine365\\\/la-colocacion-del-vallado-abre-la-cuenta-atras-del-inicio-de-los-sanfermines\\\/#mainImage\",\"width\":800,\"height\":533},\"primaryImageOfPage\":{\"@id\":\"https:\\\/\\\/eldigitaldeasturias.com\\\/magazine365\\\/la-colocacion-del-vallado-abre-la-cuenta-atras-del-inicio-de-los-sanfermines\\\/#mainImage\"},\"datePublished\":\"2014-06-02T23:40:18+02:00\",\"dateModified\":\"2014-06-02T23:40:18+02:00\"},{\"@type\":\"WebSite\",\"@id\":\"https:\\\/\\\/eldigitaldeasturias.com\\\/magazine365\\\/#website\",\"url\":\"https:\\\/\\\/eldigitaldeasturias.com\\\/magazine365\\\/\",\"name\":\"El Digital de Asturias\",\"description\":\"Revista de ocio, turismo y estilo de vida\",\"inLanguage\":\"es-ES\",\"publisher\":{\"@id\":\"https:\\\/\\\/eldigitaldeasturias.com\\\/magazine365\\\/#organization\"}}]}\n\t\t<\/script>\n\t\t<!-- All in One SEO Pro -->\r\n\t\t<title>La colocaci\u00f3n del vallado abre la cuenta atr\u00e1s del inicio de los sanfermines | El Digital de Asturias<\/title>\n\n","aioseo_head_json":{"title":"La colocaci\u00f3n del vallado abre la cuenta atr\u00e1s del inicio de los sanfermines | El Digital de Asturias","description":"Pamplona, 2 jun (EFE).- El comienzo esta ma\u00f1ana de la colocaci\u00f3n del vallado del encierro de sanfermines en los corrales de Santo Domingo marca la cuenta atr\u00e1s para el inicio de las fiestas de Pamplona. Operarios de la carpinter\u00eda Hermanos Aldaz, de Puente la Reina, ha comenzado hoy la instalaci\u00f3n del vallado que del 7","canonical_url":"https:\/\/eldigitaldeasturias.com\/magazine365\/la-colocacion-del-vallado-abre-la-cuenta-atras-del-inicio-de-los-sanfermines\/","robots":"max-image-preview:large","keywords":"noticias y actualidad","webmasterTools":{"google-site-verification":"UA-38556648-1","miscellaneous":""},"schema":{"@context":"https:\/\/schema.org","@graph":[{"@type":"Article","@id":"https:\/\/eldigitaldeasturias.com\/magazine365\/la-colocacion-del-vallado-abre-la-cuenta-atras-del-inicio-de-los-sanfermines\/#article","name":"La colocaci\u00f3n del vallado abre la cuenta atr\u00e1s del inicio de los sanfermines | El Digital de Asturias","headline":"La colocaci\u00f3n del vallado abre la cuenta atr\u00e1s del inicio de los sanfermines","author":{"@id":"https:\/\/eldigitaldeasturias.com\/magazine365\/author\/admin\/#author"},"publisher":{"@id":"https:\/\/eldigitaldeasturias.com\/magazine365\/#organization"},"image":{"@type":"ImageObject","url":"https:\/\/eldigitaldeasturias.com\/magazine365\/wp-content\/uploads\/2014\/06\/6325553w.jpg","width":800,"height":533},"datePublished":"2014-06-02T23:40:18+02:00","dateModified":"2014-06-02T23:40:18+02:00","inLanguage":"es-ES","mainEntityOfPage":{"@id":"https:\/\/eldigitaldeasturias.com\/magazine365\/la-colocacion-del-vallado-abre-la-cuenta-atras-del-inicio-de-los-sanfermines\/#webpage"},"isPartOf":{"@id":"https:\/\/eldigitaldeasturias.com\/magazine365\/la-colocacion-del-vallado-abre-la-cuenta-atras-del-inicio-de-los-sanfermines\/#webpage"},"articleSection":"Noticias y Actualidad"},{"@type":"BreadcrumbList","@id":"https:\/\/eldigitaldeasturias.com\/magazine365\/la-colocacion-del-vallado-abre-la-cuenta-atras-del-inicio-de-los-sanfermines\/#breadcrumblist","itemListElement":[{"@type":"ListItem","@id":"https:\/\/eldigitaldeasturias.com\/magazine365#listItem","position":1,"name":"Home","item":"https:\/\/eldigitaldeasturias.com\/magazine365","nextItem":{"@type":"ListItem","@id":"https:\/\/eldigitaldeasturias.com\/magazine365\/category\/noticias-actualidad\/#listItem","name":"Noticias y Actualidad"}},{"@type":"ListItem","@id":"https:\/\/eldigitaldeasturias.com\/magazine365\/category\/noticias-actualidad\/#listItem","position":2,"name":"Noticias y Actualidad","item":"https:\/\/eldigitaldeasturias.com\/magazine365\/category\/noticias-actualidad\/","nextItem":{"@type":"ListItem","@id":"https:\/\/eldigitaldeasturias.com\/magazine365\/la-colocacion-del-vallado-abre-la-cuenta-atras-del-inicio-de-los-sanfermines\/#listItem","name":"La colocaci\u00f3n del vallado abre la cuenta atr\u00e1s del inicio de los sanfermines"},"previousItem":{"@type":"ListItem","@id":"https:\/\/eldigitaldeasturias.com\/magazine365#listItem","name":"Home"}},{"@type":"ListItem","@id":"https:\/\/eldigitaldeasturias.com\/magazine365\/la-colocacion-del-vallado-abre-la-cuenta-atras-del-inicio-de-los-sanfermines\/#listItem","position":3,"name":"La colocaci\u00f3n del vallado abre la cuenta atr\u00e1s del inicio de los sanfermines","previousItem":{"@type":"ListItem","@id":"https:\/\/eldigitaldeasturias.com\/magazine365\/category\/noticias-actualidad\/#listItem","name":"Noticias y Actualidad"}}]},{"@type":"Organization","@id":"https:\/\/eldigitaldeasturias.com\/magazine365\/#organization","name":"El digital de Asturias","description":"Revista de ocio, turismo y estilo de vida","url":"https:\/\/eldigitaldeasturias.com\/magazine365\/","logo":{"@type":"ImageObject","url":"https:\/\/www.eldigitaldeasturias.com\/noticias\/wp-content\/uploads\/2020\/12\/EDA.jpg","@id":"https:\/\/eldigitaldeasturias.com\/magazine365\/la-colocacion-del-vallado-abre-la-cuenta-atras-del-inicio-de-los-sanfermines\/#organizationLogo"},"image":{"@id":"https:\/\/eldigitaldeasturias.com\/magazine365\/la-colocacion-del-vallado-abre-la-cuenta-atras-del-inicio-de-los-sanfermines\/#organizationLogo"}},{"@type":"Person","@id":"https:\/\/eldigitaldeasturias.com\/magazine365\/author\/admin\/#author","url":"https:\/\/eldigitaldeasturias.com\/magazine365\/author\/admin\/","name":"admin","image":{"@type":"ImageObject","@id":"https:\/\/eldigitaldeasturias.com\/magazine365\/la-colocacion-del-vallado-abre-la-cuenta-atras-del-inicio-de-los-sanfermines\/#authorImage","url":"https:\/\/eldigitaldeasturias.com\/magazine365\/wp-content\/litespeed\/avatar\/e571bcf59a0edd6fa6838245a470f2fe.jpg?ver=1777574230","width":96,"height":96,"caption":"admin"}},{"@type":"WebPage","@id":"https:\/\/eldigitaldeasturias.com\/magazine365\/la-colocacion-del-vallado-abre-la-cuenta-atras-del-inicio-de-los-sanfermines\/#webpage","url":"https:\/\/eldigitaldeasturias.com\/magazine365\/la-colocacion-del-vallado-abre-la-cuenta-atras-del-inicio-de-los-sanfermines\/","name":"La colocaci\u00f3n del vallado abre la cuenta atr\u00e1s del inicio de los sanfermines | El Digital de Asturias","description":"Pamplona, 2 jun (EFE).- El comienzo esta ma\u00f1ana de la colocaci\u00f3n del vallado del encierro de sanfermines en los corrales de Santo Domingo marca la cuenta atr\u00e1s para el inicio de las fiestas de Pamplona. Operarios de la carpinter\u00eda Hermanos Aldaz, de Puente la Reina, ha comenzado hoy la instalaci\u00f3n del vallado que del 7","inLanguage":"es-ES","isPartOf":{"@id":"https:\/\/eldigitaldeasturias.com\/magazine365\/#website"},"breadcrumb":{"@id":"https:\/\/eldigitaldeasturias.com\/magazine365\/la-colocacion-del-vallado-abre-la-cuenta-atras-del-inicio-de-los-sanfermines\/#breadcrumblist"},"author":{"@id":"https:\/\/eldigitaldeasturias.com\/magazine365\/author\/admin\/#author"},"creator":{"@id":"https:\/\/eldigitaldeasturias.com\/magazine365\/author\/admin\/#author"},"image":{"@type":"ImageObject","url":"https:\/\/eldigitaldeasturias.com\/magazine365\/wp-content\/uploads\/2014\/06\/6325553w.jpg","@id":"https:\/\/eldigitaldeasturias.com\/magazine365\/la-colocacion-del-vallado-abre-la-cuenta-atras-del-inicio-de-los-sanfermines\/#mainImage","width":800,"height":533},"primaryImageOfPage":{"@id":"https:\/\/eldigitaldeasturias.com\/magazine365\/la-colocacion-del-vallado-abre-la-cuenta-atras-del-inicio-de-los-sanfermines\/#mainImage"},"datePublished":"2014-06-02T23:40:18+02:00","dateModified":"2014-06-02T23:40:18+02:00"},{"@type":"WebSite","@id":"https:\/\/eldigitaldeasturias.com\/magazine365\/#website","url":"https:\/\/eldigitaldeasturias.com\/magazine365\/","name":"El Digital de Asturias","description":"Revista de ocio, turismo y estilo de vida","inLanguage":"es-ES","publisher":{"@id":"https:\/\/eldigitaldeasturias.com\/magazine365\/#organization"}}]},"og:locale":"es_ES","og:site_name":"El Digital de Asturias \u2013 Revista de ocio, turismo y estilo de vida","og:type":"article","og:title":"La colocaci\u00f3n del vallado abre la cuenta atr\u00e1s del inicio de los sanfermines | El Digital de Asturias","og:description":"Pamplona, 2 jun (EFE).- El comienzo esta ma\u00f1ana de la colocaci\u00f3n del vallado del encierro de sanfermines en los corrales de Santo Domingo marca la cuenta atr\u00e1s para el inicio de las fiestas de Pamplona. Operarios de la carpinter\u00eda Hermanos Aldaz, de Puente la Reina, ha comenzado hoy la instalaci\u00f3n del vallado que del 7","og:url":"https:\/\/eldigitaldeasturias.com\/magazine365\/la-colocacion-del-vallado-abre-la-cuenta-atras-del-inicio-de-los-sanfermines\/","og:image":"https:\/\/eldigitaldeasturias.com\/magazine365\/wp-content\/uploads\/2014\/06\/6325553w.jpg","og:image:secure_url":"https:\/\/eldigitaldeasturias.com\/magazine365\/wp-content\/uploads\/2014\/06\/6325553w.jpg","og:image:width":800,"og:image:height":533,"article:published_time":"2014-06-03T01:40:18+00:00","article:modified_time":"2014-06-03T01:40:18+00:00","twitter:card":"summary_large_image","twitter:title":"La colocaci\u00f3n del vallado abre la cuenta atr\u00e1s del inicio de los sanfermines | El Digital de Asturias","twitter:description":"Pamplona, 2 jun (EFE).- El comienzo esta ma\u00f1ana de la colocaci\u00f3n del vallado del encierro de sanfermines en los corrales de Santo Domingo marca la cuenta atr\u00e1s para el inicio de las fiestas de Pamplona. Operarios de la carpinter\u00eda Hermanos Aldaz, de Puente la Reina, ha comenzado hoy la instalaci\u00f3n del vallado que del 7","twitter:image":"https:\/\/eldigitaldeasturias.com\/magazine365\/wp-content\/uploads\/2014\/06\/6325553w.jpg"},"aioseo_meta_data":{"post_id":"14802","title":null,"description":null,"keywords":null,"keyphrases":null,"primary_term":null,"canonical_url":null,"og_title":null,"og_description":null,"og_object_type":"default","og_image_type":"default","og_image_url":null,"og_image_width":null,"og_image_height":null,"og_image_custom_url":null,"og_image_custom_fields":null,"og_video":null,"og_custom_url":null,"og_article_section":null,"og_article_tags":null,"twitter_use_og":false,"twitter_card":"default","twitter_image_type":"default","twitter_image_url":null,"twitter_image_custom_url":null,"twitter_image_custom_fields":null,"twitter_title":null,"twitter_description":null,"schema":{"blockGraphs":[],"customGraphs":[],"default":{"data":{"Article":[],"Course":[],"Dataset":[],"FAQPage":[],"Movie":[],"Person":[],"Product":[],"ProductReview":[],"Car":[],"Recipe":[],"Service":[],"SoftwareApplication":[],"WebPage":[]},"graphName":"","isEnabled":true},"graphs":[],"defaultGraph":"","defaultPostTypeGraph":""},"schema_type":null,"schema_type_options":null,"pillar_content":false,"robots_default":true,"robots_noindex":false,"robots_noarchive":false,"robots_nosnippet":false,"robots_nofollow":false,"robots_noimageindex":false,"robots_noodp":false,"robots_notranslate":false,"robots_max_snippet":null,"robots_max_videopreview":null,"robots_max_imagepreview":"large","priority":null,"frequency":null,"location":null,"local_seo":null,"seo_analyzer_scan_date":"2025-09-17 10:48:59","breadcrumb_settings":null,"limit_modified_date":false,"open_ai":null,"ai":null,"created":"2021-03-09 08:09:41","updated":"2025-09-17 10:48:59"},"aioseo_breadcrumb":"<div class=\"aioseo-breadcrumbs\"><span class=\"aioseo-breadcrumb\">\n\t<a href=\"https:\/\/eldigitaldeasturias.com\/magazine365\" title=\"Home\">Home<\/a>\n<\/span><span class=\"aioseo-breadcrumb-separator\">\u2013<\/span><span class=\"aioseo-breadcrumb\">\n\t<a href=\"https:\/\/eldigitaldeasturias.com\/magazine365\/category\/noticias-actualidad\/\" title=\"Noticias y Actualidad\">Noticias y Actualidad<\/a>\n<\/span><span class=\"aioseo-breadcrumb-separator\">\u2013<\/span><span class=\"aioseo-breadcrumb\">\n\t<a href=\"https:\/\/eldigitaldeasturias.com\/magazine365\/la-colocacion-del-vallado-abre-la-cuenta-atras-del-inicio-de-los-sanfermines\/\" title=\"La colocaci\u00f3n del vallado abre la cuenta atr\u00e1s del inicio de los sanfermines\">La colocaci\u00f3n del vallado abre la cuenta atr\u00e1s del inicio de los sanfermines<\/a>\n<\/span><\/div>","aioseo_breadcrumb_json":[{"label":"Home","link":"https:\/\/eldigitaldeasturias.com\/magazine365"},{"label":"Noticias y Actualidad","link":"https:\/\/eldigitaldeasturias.com\/magazine365\/category\/noticias-actualidad\/"},{"label":"La colocaci\u00f3n del vallado abre la cuenta atr\u00e1s del inicio de los sanfermines","link":"https:\/\/eldigitaldeasturias.com\/magazine365\/la-colocacion-del-vallado-abre-la-cuenta-atras-del-inicio-de-los-sanfermines\/"}],"_links":{"self":[{"href":"https:\/\/eldigitaldeasturias.com\/magazine365\/wp-json\/wp\/v2\/posts\/14802","targetHints":{"allow":["GET"]}}],"collection":[{"href":"https:\/\/eldigitaldeasturias.com\/magazine365\/wp-json\/wp\/v2\/posts"}],"about":[{"href":"https:\/\/eldigitaldeasturias.com\/magazine365\/wp-json\/wp\/v2\/types\/post"}],"author":[{"embeddable":true,"href":"https:\/\/eldigitaldeasturias.com\/magazine365\/wp-json\/wp\/v2\/users\/1"}],"replies":[{"embeddable":true,"href":"https:\/\/eldigitaldeasturias.com\/magazine365\/wp-json\/wp\/v2\/comments?post=14802"}],"version-history":[{"count":0,"href":"https:\/\/eldigitaldeasturias.com\/magazine365\/wp-json\/wp\/v2\/posts\/14802\/revisions"}],"wp:featuredmedia":[{"embeddable":true,"href":"https:\/\/eldigitaldeasturias.com\/magazine365\/wp-json\/wp\/v2\/media\/14803"}],"wp:attachment":[{"href":"https:\/\/eldigitaldeasturias.com\/magazine365\/wp-json\/wp\/v2\/media?parent=14802"}],"wp:term":[{"taxonomy":"category","embeddable":true,"href":"https:\/\/eldigitaldeasturias.com\/magazine365\/wp-json\/wp\/v2\/categories?post=14802"},{"taxonomy":"post_tag","embeddable":true,"href":"https:\/\/eldigitaldeasturias.com\/magazine365\/wp-json\/wp\/v2\/tags?post=14802"}],"curies":[{"name":"wp","href":"https:\/\/api.w.org\/{rel}","templated":true}]}}