{"id":14799,"date":"2014-06-02T23:38:54","date_gmt":"2014-06-03T01:38:54","guid":{"rendered":"http:\/\/eldigitaldeasturias.com\/magazine365\/?p=14799"},"modified":"2014-06-02T23:38:54","modified_gmt":"2014-06-03T01:38:54","slug":"beckham-se-adentra-en-la-selva-amazonica-brasilena-para-rodar-un-documental","status":"publish","type":"post","link":"https:\/\/eldigitaldeasturias.com\/magazine365\/beckham-se-adentra-en-la-selva-amazonica-brasilena-para-rodar-un-documental\/","title":{"rendered":"Beckham se adentra en la selva amaz\u00f3nica brasile\u00f1a para rodar un documental"},"content":{"rendered":"<p><img fetchpriority=\"high\" decoding=\"async\" class=\"alignleft size-medium wp-image-14800\" alt=\"6325852w\" src=\"https:\/\/eldigitaldeasturias.com\/magazine365\/wp-content\/uploads\/2014\/06\/6325852w-360x265.jpg\" width=\"360\" height=\"265\" \/>Londres, 2 jun (EFE).- El exfutbolista brit\u00e1nico David Beckham se ha adentrado en la selva amaz\u00f3nica en busca de una tribu que no reconociera su c\u00e9lebre rostro, avanz\u00f3 hoy la cadena BBC al presentar un documental en el que el antiguo capit\u00e1n de la selecci\u00f3n de Inglaterra recorre diversos puntos de Brasil.<\/p>\n<p>El lunes 9, cuando falten cuatro d\u00edas para que se inicie el Mundial de f\u00fatbol, el canal brit\u00e1nico BBC1 estrenar\u00e1 \u00abDavid Beckham: Into The Unknown\u00bb (\u00abDavid Beckham: Hacia lo desconocido\u00bb), un programa de 90 minutos que muestra al exfutbolista en R\u00edo de Janeiro y visitando a la tribu de los Yanomami, entre otros escenarios.<\/p>\n<p>Victoria Beckham, esposa del exjugador, \u00abno estaba convencida\u00bb de que (los miembros de la tribu) no fueran a reconocerle. \u00abPero yo estaba seguro al 95 por ciento de que no me reconocer\u00edan, y estaba en lo cierto\u00bb, explic\u00f3 el exjugador, que anunci\u00f3 su retirada del f\u00fatbol profesional en mayo de 2013.<\/p>\n<p>Para grabar el documental, cofinanciado por la BBC y el productor Simon Fuller, quien lanz\u00f3 a las \u00abSpice Girls\u00bb de Victoria Beckham, el exfubolista viaj\u00f3 a Brasil con tres de sus amigos.<\/p>\n<p>\u00abDurante los \u00faltimos 22 a\u00f1os todos los d\u00edas han estado marcados por una agenda. Fue refrescante levantarse en R\u00edo (de Janeiro) y poder decir &#8216;Vamos a las favelas&#8217;. Pod\u00edamos comer cuando quisi\u00e9ramos, cenar cuando quisi\u00e9ramos y hablar de lo que quisi\u00e9ramos con gente que no conoc\u00edamos\u00bb, relat\u00f3 Bekcham.<\/p>\n<p>Tras su estancia en la capital brasile\u00f1a, donde aparece jugando a voley playa en el documental, el antiguo capit\u00e1n de Inglaterra inicia un viaje de doce d\u00edas por la selva amaz\u00f3nica, acompa\u00f1ado de sus amigos y dos gu\u00edas.<\/p>\n<p>\u00abA medida que avanz\u00e1bamos en el viaje, cada vez me reconoc\u00edan menos. Al final, cuando est\u00e1bamos con la tribu, no sab\u00edan qui\u00e9n era, ni siquiera sab\u00edan lo que es el f\u00fatbol, fue incre\u00edble\u00bb, relat\u00f3 Beckham.<\/p>\n<p>En el documental, Victoria aparece conversando con su marido antes de iniciar el viaje.<\/p>\n<p>\u00ab\u00bfQu\u00e9 vas a hacer con el pelo, con toda esa humedad?\u00bb, le pregunta la dise\u00f1adora, a lo que el exfutbolista responde: \u00abLlevar\u00e9 un gorro\u00bb.<\/p>\n<p>Entre otros incidentes, la cinta muestra a Beckham sorprendido por una rana de colores brillantes y por una serpiente que se cruza en su camino.<\/p>\n<p>La serpiente \u00abera m\u00e1s grande de lo que se aprecia en la pantalla\u00bb, dijo el exjugador, que subray\u00f3 adem\u00e1s que la rana por la que se asust\u00f3 \u00abera de un color naranja brillante\u00bb y le hab\u00edan advertido que ese tipo de animales pueden resultar \u00abpeligrosos\u00bb.<\/p>\n","protected":false},"excerpt":{"rendered":"<p>Londres, 2 jun (EFE).- El exfutbolista brit\u00e1nico David Beckham se ha adentrado en la selva amaz\u00f3nica en busca de una tribu que no reconociera su c\u00e9lebre rostro, avanz\u00f3 hoy la cadena BBC al presentar un documental en el que el antiguo capit\u00e1n de la selecci\u00f3n de Inglaterra recorre diversos puntos de Brasil. El lunes 9,<\/p>\n","protected":false},"author":1,"featured_media":14800,"comment_status":"open","ping_status":"closed","sticky":false,"template":"","format":"standard","meta":{"footnotes":""},"categories":[224],"tags":[],"class_list":{"0":"post-14799","1":"post","2":"type-post","3":"status-publish","4":"format-standard","5":"has-post-thumbnail","7":"category-noticias-actualidad"},"aioseo_notices":[],"aioseo_head":"\n\t\t<!-- All in One SEO Pro 4.9.6.1 - aioseo.com -->\n\t<meta name=\"description\" content=\"Londres, 2 jun (EFE).- El exfutbolista brit\u00e1nico David Beckham se ha adentrado en la selva amaz\u00f3nica en busca de una tribu que no reconociera su c\u00e9lebre rostro, avanz\u00f3 hoy la cadena BBC al presentar un documental en el que el antiguo capit\u00e1n de la selecci\u00f3n de Inglaterra recorre diversos puntos de Brasil. El lunes 9,\" \/>\n\t<meta name=\"robots\" content=\"max-image-preview:large\" \/>\n\t<meta name=\"author\" content=\"admin\"\/>\n\t<meta name=\"google-site-verification\" content=\"UA-38556648-1\" \/>\n\t<meta name=\"keywords\" content=\"noticias y actualidad\" \/>\n\t<link rel=\"canonical\" href=\"https:\/\/eldigitaldeasturias.com\/magazine365\/beckham-se-adentra-en-la-selva-amazonica-brasilena-para-rodar-un-documental\/\" \/>\n\t<meta name=\"generator\" content=\"All in One SEO Pro (AIOSEO) 4.9.6.1\" \/>\n\t\t<meta property=\"og:locale\" content=\"es_ES\" \/>\n\t\t<meta property=\"og:site_name\" content=\"El Digital de Asturias \u2013 Revista de ocio, turismo y estilo de vida\" \/>\n\t\t<meta property=\"og:type\" content=\"article\" \/>\n\t\t<meta property=\"og:title\" content=\"Beckham se adentra en la selva amaz\u00f3nica brasile\u00f1a para rodar un documental | El Digital de Asturias\" \/>\n\t\t<meta property=\"og:description\" content=\"Londres, 2 jun (EFE).- El exfutbolista brit\u00e1nico David Beckham se ha adentrado en la selva amaz\u00f3nica en busca de una tribu que no reconociera su c\u00e9lebre rostro, avanz\u00f3 hoy la cadena BBC al presentar un documental en el que el antiguo capit\u00e1n de la selecci\u00f3n de Inglaterra recorre diversos puntos de Brasil. El lunes 9,\" \/>\n\t\t<meta property=\"og:url\" content=\"https:\/\/eldigitaldeasturias.com\/magazine365\/beckham-se-adentra-en-la-selva-amazonica-brasilena-para-rodar-un-documental\/\" \/>\n\t\t<meta property=\"og:image\" content=\"https:\/\/eldigitaldeasturias.com\/magazine365\/wp-content\/uploads\/2014\/06\/6325852w.jpg\" \/>\n\t\t<meta property=\"og:image:secure_url\" content=\"https:\/\/eldigitaldeasturias.com\/magazine365\/wp-content\/uploads\/2014\/06\/6325852w.jpg\" \/>\n\t\t<meta property=\"og:image:width\" content=\"800\" \/>\n\t\t<meta property=\"og:image:height\" content=\"590\" \/>\n\t\t<meta property=\"article:published_time\" content=\"2014-06-03T01:38:54+00:00\" \/>\n\t\t<meta property=\"article:modified_time\" content=\"2014-06-03T01:38:54+00:00\" \/>\n\t\t<meta name=\"twitter:card\" content=\"summary_large_image\" \/>\n\t\t<meta name=\"twitter:title\" content=\"Beckham se adentra en la selva amaz\u00f3nica brasile\u00f1a para rodar un documental | El Digital de Asturias\" \/>\n\t\t<meta name=\"twitter:description\" content=\"Londres, 2 jun (EFE).- El exfutbolista brit\u00e1nico David Beckham se ha adentrado en la selva amaz\u00f3nica en busca de una tribu que no reconociera su c\u00e9lebre rostro, avanz\u00f3 hoy la cadena BBC al presentar un documental en el que el antiguo capit\u00e1n de la selecci\u00f3n de Inglaterra recorre diversos puntos de Brasil. El lunes 9,\" \/>\n\t\t<meta name=\"twitter:image\" content=\"https:\/\/eldigitaldeasturias.com\/magazine365\/wp-content\/uploads\/2014\/06\/6325852w.jpg\" \/>\n\t\t<script type=\"application\/ld+json\" class=\"aioseo-schema\">\n\t\t\t{\"@context\":\"https:\\\/\\\/schema.org\",\"@graph\":[{\"@type\":\"Article\",\"@id\":\"https:\\\/\\\/eldigitaldeasturias.com\\\/magazine365\\\/beckham-se-adentra-en-la-selva-amazonica-brasilena-para-rodar-un-documental\\\/#article\",\"name\":\"Beckham se adentra en la selva amaz\\u00f3nica brasile\\u00f1a para rodar un documental | El Digital de Asturias\",\"headline\":\"Beckham se adentra en la selva amaz\\u00f3nica brasile\\u00f1a para rodar un documental\",\"author\":{\"@id\":\"https:\\\/\\\/eldigitaldeasturias.com\\\/magazine365\\\/author\\\/admin\\\/#author\"},\"publisher\":{\"@id\":\"https:\\\/\\\/eldigitaldeasturias.com\\\/magazine365\\\/#organization\"},\"image\":{\"@type\":\"ImageObject\",\"url\":\"https:\\\/\\\/eldigitaldeasturias.com\\\/magazine365\\\/wp-content\\\/uploads\\\/2014\\\/06\\\/6325852w.jpg\",\"width\":800,\"height\":590},\"datePublished\":\"2014-06-02T23:38:54+02:00\",\"dateModified\":\"2014-06-02T23:38:54+02:00\",\"inLanguage\":\"es-ES\",\"mainEntityOfPage\":{\"@id\":\"https:\\\/\\\/eldigitaldeasturias.com\\\/magazine365\\\/beckham-se-adentra-en-la-selva-amazonica-brasilena-para-rodar-un-documental\\\/#webpage\"},\"isPartOf\":{\"@id\":\"https:\\\/\\\/eldigitaldeasturias.com\\\/magazine365\\\/beckham-se-adentra-en-la-selva-amazonica-brasilena-para-rodar-un-documental\\\/#webpage\"},\"articleSection\":\"Noticias y Actualidad\"},{\"@type\":\"BreadcrumbList\",\"@id\":\"https:\\\/\\\/eldigitaldeasturias.com\\\/magazine365\\\/beckham-se-adentra-en-la-selva-amazonica-brasilena-para-rodar-un-documental\\\/#breadcrumblist\",\"itemListElement\":[{\"@type\":\"ListItem\",\"@id\":\"https:\\\/\\\/eldigitaldeasturias.com\\\/magazine365#listItem\",\"position\":1,\"name\":\"Home\",\"item\":\"https:\\\/\\\/eldigitaldeasturias.com\\\/magazine365\",\"nextItem\":{\"@type\":\"ListItem\",\"@id\":\"https:\\\/\\\/eldigitaldeasturias.com\\\/magazine365\\\/category\\\/noticias-actualidad\\\/#listItem\",\"name\":\"Noticias y Actualidad\"}},{\"@type\":\"ListItem\",\"@id\":\"https:\\\/\\\/eldigitaldeasturias.com\\\/magazine365\\\/category\\\/noticias-actualidad\\\/#listItem\",\"position\":2,\"name\":\"Noticias y Actualidad\",\"item\":\"https:\\\/\\\/eldigitaldeasturias.com\\\/magazine365\\\/category\\\/noticias-actualidad\\\/\",\"nextItem\":{\"@type\":\"ListItem\",\"@id\":\"https:\\\/\\\/eldigitaldeasturias.com\\\/magazine365\\\/beckham-se-adentra-en-la-selva-amazonica-brasilena-para-rodar-un-documental\\\/#listItem\",\"name\":\"Beckham se adentra en la selva amaz\\u00f3nica brasile\\u00f1a para rodar un documental\"},\"previousItem\":{\"@type\":\"ListItem\",\"@id\":\"https:\\\/\\\/eldigitaldeasturias.com\\\/magazine365#listItem\",\"name\":\"Home\"}},{\"@type\":\"ListItem\",\"@id\":\"https:\\\/\\\/eldigitaldeasturias.com\\\/magazine365\\\/beckham-se-adentra-en-la-selva-amazonica-brasilena-para-rodar-un-documental\\\/#listItem\",\"position\":3,\"name\":\"Beckham se adentra en la selva amaz\\u00f3nica brasile\\u00f1a para rodar un documental\",\"previousItem\":{\"@type\":\"ListItem\",\"@id\":\"https:\\\/\\\/eldigitaldeasturias.com\\\/magazine365\\\/category\\\/noticias-actualidad\\\/#listItem\",\"name\":\"Noticias y Actualidad\"}}]},{\"@type\":\"Organization\",\"@id\":\"https:\\\/\\\/eldigitaldeasturias.com\\\/magazine365\\\/#organization\",\"name\":\"El digital de Asturias\",\"description\":\"Revista de ocio, turismo y estilo de vida\",\"url\":\"https:\\\/\\\/eldigitaldeasturias.com\\\/magazine365\\\/\",\"logo\":{\"@type\":\"ImageObject\",\"url\":\"https:\\\/\\\/www.eldigitaldeasturias.com\\\/noticias\\\/wp-content\\\/uploads\\\/2020\\\/12\\\/EDA.jpg\",\"@id\":\"https:\\\/\\\/eldigitaldeasturias.com\\\/magazine365\\\/beckham-se-adentra-en-la-selva-amazonica-brasilena-para-rodar-un-documental\\\/#organizationLogo\"},\"image\":{\"@id\":\"https:\\\/\\\/eldigitaldeasturias.com\\\/magazine365\\\/beckham-se-adentra-en-la-selva-amazonica-brasilena-para-rodar-un-documental\\\/#organizationLogo\"}},{\"@type\":\"Person\",\"@id\":\"https:\\\/\\\/eldigitaldeasturias.com\\\/magazine365\\\/author\\\/admin\\\/#author\",\"url\":\"https:\\\/\\\/eldigitaldeasturias.com\\\/magazine365\\\/author\\\/admin\\\/\",\"name\":\"admin\",\"image\":{\"@type\":\"ImageObject\",\"@id\":\"https:\\\/\\\/eldigitaldeasturias.com\\\/magazine365\\\/beckham-se-adentra-en-la-selva-amazonica-brasilena-para-rodar-un-documental\\\/#authorImage\",\"url\":\"https:\\\/\\\/eldigitaldeasturias.com\\\/magazine365\\\/wp-content\\\/litespeed\\\/avatar\\\/e571bcf59a0edd6fa6838245a470f2fe.jpg?ver=1777574230\",\"width\":96,\"height\":96,\"caption\":\"admin\"}},{\"@type\":\"WebPage\",\"@id\":\"https:\\\/\\\/eldigitaldeasturias.com\\\/magazine365\\\/beckham-se-adentra-en-la-selva-amazonica-brasilena-para-rodar-un-documental\\\/#webpage\",\"url\":\"https:\\\/\\\/eldigitaldeasturias.com\\\/magazine365\\\/beckham-se-adentra-en-la-selva-amazonica-brasilena-para-rodar-un-documental\\\/\",\"name\":\"Beckham se adentra en la selva amaz\\u00f3nica brasile\\u00f1a para rodar un documental | El Digital de Asturias\",\"description\":\"Londres, 2 jun (EFE).- El exfutbolista brit\\u00e1nico David Beckham se ha adentrado en la selva amaz\\u00f3nica en busca de una tribu que no reconociera su c\\u00e9lebre rostro, avanz\\u00f3 hoy la cadena BBC al presentar un documental en el que el antiguo capit\\u00e1n de la selecci\\u00f3n de Inglaterra recorre diversos puntos de Brasil. El lunes 9,\",\"inLanguage\":\"es-ES\",\"isPartOf\":{\"@id\":\"https:\\\/\\\/eldigitaldeasturias.com\\\/magazine365\\\/#website\"},\"breadcrumb\":{\"@id\":\"https:\\\/\\\/eldigitaldeasturias.com\\\/magazine365\\\/beckham-se-adentra-en-la-selva-amazonica-brasilena-para-rodar-un-documental\\\/#breadcrumblist\"},\"author\":{\"@id\":\"https:\\\/\\\/eldigitaldeasturias.com\\\/magazine365\\\/author\\\/admin\\\/#author\"},\"creator\":{\"@id\":\"https:\\\/\\\/eldigitaldeasturias.com\\\/magazine365\\\/author\\\/admin\\\/#author\"},\"image\":{\"@type\":\"ImageObject\",\"url\":\"https:\\\/\\\/eldigitaldeasturias.com\\\/magazine365\\\/wp-content\\\/uploads\\\/2014\\\/06\\\/6325852w.jpg\",\"@id\":\"https:\\\/\\\/eldigitaldeasturias.com\\\/magazine365\\\/beckham-se-adentra-en-la-selva-amazonica-brasilena-para-rodar-un-documental\\\/#mainImage\",\"width\":800,\"height\":590},\"primaryImageOfPage\":{\"@id\":\"https:\\\/\\\/eldigitaldeasturias.com\\\/magazine365\\\/beckham-se-adentra-en-la-selva-amazonica-brasilena-para-rodar-un-documental\\\/#mainImage\"},\"datePublished\":\"2014-06-02T23:38:54+02:00\",\"dateModified\":\"2014-06-02T23:38:54+02:00\"},{\"@type\":\"WebSite\",\"@id\":\"https:\\\/\\\/eldigitaldeasturias.com\\\/magazine365\\\/#website\",\"url\":\"https:\\\/\\\/eldigitaldeasturias.com\\\/magazine365\\\/\",\"name\":\"El Digital de Asturias\",\"description\":\"Revista de ocio, turismo y estilo de vida\",\"inLanguage\":\"es-ES\",\"publisher\":{\"@id\":\"https:\\\/\\\/eldigitaldeasturias.com\\\/magazine365\\\/#organization\"}}]}\n\t\t<\/script>\n\t\t<!-- All in One SEO Pro -->\r\n\t\t<title>Beckham se adentra en la selva amaz\u00f3nica brasile\u00f1a para rodar un documental | El Digital de Asturias<\/title>\n\n","aioseo_head_json":{"title":"Beckham se adentra en la selva amaz\u00f3nica brasile\u00f1a para rodar un documental | El Digital de Asturias","description":"Londres, 2 jun (EFE).- El exfutbolista brit\u00e1nico David Beckham se ha adentrado en la selva amaz\u00f3nica en busca de una tribu que no reconociera su c\u00e9lebre rostro, avanz\u00f3 hoy la cadena BBC al presentar un documental en el que el antiguo capit\u00e1n de la selecci\u00f3n de Inglaterra recorre diversos puntos de Brasil. El lunes 9,","canonical_url":"https:\/\/eldigitaldeasturias.com\/magazine365\/beckham-se-adentra-en-la-selva-amazonica-brasilena-para-rodar-un-documental\/","robots":"max-image-preview:large","keywords":"noticias y actualidad","webmasterTools":{"google-site-verification":"UA-38556648-1","miscellaneous":""},"schema":{"@context":"https:\/\/schema.org","@graph":[{"@type":"Article","@id":"https:\/\/eldigitaldeasturias.com\/magazine365\/beckham-se-adentra-en-la-selva-amazonica-brasilena-para-rodar-un-documental\/#article","name":"Beckham se adentra en la selva amaz\u00f3nica brasile\u00f1a para rodar un documental | El Digital de Asturias","headline":"Beckham se adentra en la selva amaz\u00f3nica brasile\u00f1a para rodar un documental","author":{"@id":"https:\/\/eldigitaldeasturias.com\/magazine365\/author\/admin\/#author"},"publisher":{"@id":"https:\/\/eldigitaldeasturias.com\/magazine365\/#organization"},"image":{"@type":"ImageObject","url":"https:\/\/eldigitaldeasturias.com\/magazine365\/wp-content\/uploads\/2014\/06\/6325852w.jpg","width":800,"height":590},"datePublished":"2014-06-02T23:38:54+02:00","dateModified":"2014-06-02T23:38:54+02:00","inLanguage":"es-ES","mainEntityOfPage":{"@id":"https:\/\/eldigitaldeasturias.com\/magazine365\/beckham-se-adentra-en-la-selva-amazonica-brasilena-para-rodar-un-documental\/#webpage"},"isPartOf":{"@id":"https:\/\/eldigitaldeasturias.com\/magazine365\/beckham-se-adentra-en-la-selva-amazonica-brasilena-para-rodar-un-documental\/#webpage"},"articleSection":"Noticias y Actualidad"},{"@type":"BreadcrumbList","@id":"https:\/\/eldigitaldeasturias.com\/magazine365\/beckham-se-adentra-en-la-selva-amazonica-brasilena-para-rodar-un-documental\/#breadcrumblist","itemListElement":[{"@type":"ListItem","@id":"https:\/\/eldigitaldeasturias.com\/magazine365#listItem","position":1,"name":"Home","item":"https:\/\/eldigitaldeasturias.com\/magazine365","nextItem":{"@type":"ListItem","@id":"https:\/\/eldigitaldeasturias.com\/magazine365\/category\/noticias-actualidad\/#listItem","name":"Noticias y Actualidad"}},{"@type":"ListItem","@id":"https:\/\/eldigitaldeasturias.com\/magazine365\/category\/noticias-actualidad\/#listItem","position":2,"name":"Noticias y Actualidad","item":"https:\/\/eldigitaldeasturias.com\/magazine365\/category\/noticias-actualidad\/","nextItem":{"@type":"ListItem","@id":"https:\/\/eldigitaldeasturias.com\/magazine365\/beckham-se-adentra-en-la-selva-amazonica-brasilena-para-rodar-un-documental\/#listItem","name":"Beckham se adentra en la selva amaz\u00f3nica brasile\u00f1a para rodar un documental"},"previousItem":{"@type":"ListItem","@id":"https:\/\/eldigitaldeasturias.com\/magazine365#listItem","name":"Home"}},{"@type":"ListItem","@id":"https:\/\/eldigitaldeasturias.com\/magazine365\/beckham-se-adentra-en-la-selva-amazonica-brasilena-para-rodar-un-documental\/#listItem","position":3,"name":"Beckham se adentra en la selva amaz\u00f3nica brasile\u00f1a para rodar un documental","previousItem":{"@type":"ListItem","@id":"https:\/\/eldigitaldeasturias.com\/magazine365\/category\/noticias-actualidad\/#listItem","name":"Noticias y Actualidad"}}]},{"@type":"Organization","@id":"https:\/\/eldigitaldeasturias.com\/magazine365\/#organization","name":"El digital de Asturias","description":"Revista de ocio, turismo y estilo de vida","url":"https:\/\/eldigitaldeasturias.com\/magazine365\/","logo":{"@type":"ImageObject","url":"https:\/\/www.eldigitaldeasturias.com\/noticias\/wp-content\/uploads\/2020\/12\/EDA.jpg","@id":"https:\/\/eldigitaldeasturias.com\/magazine365\/beckham-se-adentra-en-la-selva-amazonica-brasilena-para-rodar-un-documental\/#organizationLogo"},"image":{"@id":"https:\/\/eldigitaldeasturias.com\/magazine365\/beckham-se-adentra-en-la-selva-amazonica-brasilena-para-rodar-un-documental\/#organizationLogo"}},{"@type":"Person","@id":"https:\/\/eldigitaldeasturias.com\/magazine365\/author\/admin\/#author","url":"https:\/\/eldigitaldeasturias.com\/magazine365\/author\/admin\/","name":"admin","image":{"@type":"ImageObject","@id":"https:\/\/eldigitaldeasturias.com\/magazine365\/beckham-se-adentra-en-la-selva-amazonica-brasilena-para-rodar-un-documental\/#authorImage","url":"https:\/\/eldigitaldeasturias.com\/magazine365\/wp-content\/litespeed\/avatar\/e571bcf59a0edd6fa6838245a470f2fe.jpg?ver=1777574230","width":96,"height":96,"caption":"admin"}},{"@type":"WebPage","@id":"https:\/\/eldigitaldeasturias.com\/magazine365\/beckham-se-adentra-en-la-selva-amazonica-brasilena-para-rodar-un-documental\/#webpage","url":"https:\/\/eldigitaldeasturias.com\/magazine365\/beckham-se-adentra-en-la-selva-amazonica-brasilena-para-rodar-un-documental\/","name":"Beckham se adentra en la selva amaz\u00f3nica brasile\u00f1a para rodar un documental | El Digital de Asturias","description":"Londres, 2 jun (EFE).- El exfutbolista brit\u00e1nico David Beckham se ha adentrado en la selva amaz\u00f3nica en busca de una tribu que no reconociera su c\u00e9lebre rostro, avanz\u00f3 hoy la cadena BBC al presentar un documental en el que el antiguo capit\u00e1n de la selecci\u00f3n de Inglaterra recorre diversos puntos de Brasil. El lunes 9,","inLanguage":"es-ES","isPartOf":{"@id":"https:\/\/eldigitaldeasturias.com\/magazine365\/#website"},"breadcrumb":{"@id":"https:\/\/eldigitaldeasturias.com\/magazine365\/beckham-se-adentra-en-la-selva-amazonica-brasilena-para-rodar-un-documental\/#breadcrumblist"},"author":{"@id":"https:\/\/eldigitaldeasturias.com\/magazine365\/author\/admin\/#author"},"creator":{"@id":"https:\/\/eldigitaldeasturias.com\/magazine365\/author\/admin\/#author"},"image":{"@type":"ImageObject","url":"https:\/\/eldigitaldeasturias.com\/magazine365\/wp-content\/uploads\/2014\/06\/6325852w.jpg","@id":"https:\/\/eldigitaldeasturias.com\/magazine365\/beckham-se-adentra-en-la-selva-amazonica-brasilena-para-rodar-un-documental\/#mainImage","width":800,"height":590},"primaryImageOfPage":{"@id":"https:\/\/eldigitaldeasturias.com\/magazine365\/beckham-se-adentra-en-la-selva-amazonica-brasilena-para-rodar-un-documental\/#mainImage"},"datePublished":"2014-06-02T23:38:54+02:00","dateModified":"2014-06-02T23:38:54+02:00"},{"@type":"WebSite","@id":"https:\/\/eldigitaldeasturias.com\/magazine365\/#website","url":"https:\/\/eldigitaldeasturias.com\/magazine365\/","name":"El Digital de Asturias","description":"Revista de ocio, turismo y estilo de vida","inLanguage":"es-ES","publisher":{"@id":"https:\/\/eldigitaldeasturias.com\/magazine365\/#organization"}}]},"og:locale":"es_ES","og:site_name":"El Digital de Asturias \u2013 Revista de ocio, turismo y estilo de vida","og:type":"article","og:title":"Beckham se adentra en la selva amaz\u00f3nica brasile\u00f1a para rodar un documental | El Digital de Asturias","og:description":"Londres, 2 jun (EFE).- El exfutbolista brit\u00e1nico David Beckham se ha adentrado en la selva amaz\u00f3nica en busca de una tribu que no reconociera su c\u00e9lebre rostro, avanz\u00f3 hoy la cadena BBC al presentar un documental en el que el antiguo capit\u00e1n de la selecci\u00f3n de Inglaterra recorre diversos puntos de Brasil. El lunes 9,","og:url":"https:\/\/eldigitaldeasturias.com\/magazine365\/beckham-se-adentra-en-la-selva-amazonica-brasilena-para-rodar-un-documental\/","og:image":"https:\/\/eldigitaldeasturias.com\/magazine365\/wp-content\/uploads\/2014\/06\/6325852w.jpg","og:image:secure_url":"https:\/\/eldigitaldeasturias.com\/magazine365\/wp-content\/uploads\/2014\/06\/6325852w.jpg","og:image:width":800,"og:image:height":590,"article:published_time":"2014-06-03T01:38:54+00:00","article:modified_time":"2014-06-03T01:38:54+00:00","twitter:card":"summary_large_image","twitter:title":"Beckham se adentra en la selva amaz\u00f3nica brasile\u00f1a para rodar un documental | El Digital de Asturias","twitter:description":"Londres, 2 jun (EFE).- El exfutbolista brit\u00e1nico David Beckham se ha adentrado en la selva amaz\u00f3nica en busca de una tribu que no reconociera su c\u00e9lebre rostro, avanz\u00f3 hoy la cadena BBC al presentar un documental en el que el antiguo capit\u00e1n de la selecci\u00f3n de Inglaterra recorre diversos puntos de Brasil. El lunes 9,","twitter:image":"https:\/\/eldigitaldeasturias.com\/magazine365\/wp-content\/uploads\/2014\/06\/6325852w.jpg"},"aioseo_meta_data":{"post_id":"14799","title":null,"description":null,"keywords":null,"keyphrases":null,"primary_term":null,"canonical_url":null,"og_title":null,"og_description":null,"og_object_type":"default","og_image_type":"default","og_image_url":null,"og_image_width":null,"og_image_height":null,"og_image_custom_url":null,"og_image_custom_fields":null,"og_video":null,"og_custom_url":null,"og_article_section":null,"og_article_tags":null,"twitter_use_og":false,"twitter_card":"default","twitter_image_type":"default","twitter_image_url":null,"twitter_image_custom_url":null,"twitter_image_custom_fields":null,"twitter_title":null,"twitter_description":null,"schema":{"blockGraphs":[],"customGraphs":[],"default":{"data":{"Article":[],"Course":[],"Dataset":[],"FAQPage":[],"Movie":[],"Person":[],"Product":[],"ProductReview":[],"Car":[],"Recipe":[],"Service":[],"SoftwareApplication":[],"WebPage":[]},"graphName":"","isEnabled":true},"graphs":[],"defaultGraph":"","defaultPostTypeGraph":""},"schema_type":null,"schema_type_options":null,"pillar_content":false,"robots_default":true,"robots_noindex":false,"robots_noarchive":false,"robots_nosnippet":false,"robots_nofollow":false,"robots_noimageindex":false,"robots_noodp":false,"robots_notranslate":false,"robots_max_snippet":null,"robots_max_videopreview":null,"robots_max_imagepreview":"large","priority":null,"frequency":null,"location":null,"local_seo":null,"seo_analyzer_scan_date":"2025-09-17 10:48:58","breadcrumb_settings":null,"limit_modified_date":false,"open_ai":null,"ai":null,"created":"2021-03-09 08:09:41","updated":"2025-09-17 10:48:58"},"aioseo_breadcrumb":"<div class=\"aioseo-breadcrumbs\"><span class=\"aioseo-breadcrumb\">\n\t<a href=\"https:\/\/eldigitaldeasturias.com\/magazine365\" title=\"Home\">Home<\/a>\n<\/span><span class=\"aioseo-breadcrumb-separator\">\u2013<\/span><span class=\"aioseo-breadcrumb\">\n\t<a href=\"https:\/\/eldigitaldeasturias.com\/magazine365\/category\/noticias-actualidad\/\" title=\"Noticias y Actualidad\">Noticias y Actualidad<\/a>\n<\/span><span class=\"aioseo-breadcrumb-separator\">\u2013<\/span><span class=\"aioseo-breadcrumb\">\n\t<a href=\"https:\/\/eldigitaldeasturias.com\/magazine365\/beckham-se-adentra-en-la-selva-amazonica-brasilena-para-rodar-un-documental\/\" title=\"Beckham se adentra en la selva amaz\u00f3nica brasile\u00f1a para rodar un documental\">Beckham se adentra en la selva amaz\u00f3nica brasile\u00f1a para rodar un documental<\/a>\n<\/span><\/div>","aioseo_breadcrumb_json":[{"label":"Home","link":"https:\/\/eldigitaldeasturias.com\/magazine365"},{"label":"Noticias y Actualidad","link":"https:\/\/eldigitaldeasturias.com\/magazine365\/category\/noticias-actualidad\/"},{"label":"Beckham se adentra en la selva amaz\u00f3nica brasile\u00f1a para rodar un documental","link":"https:\/\/eldigitaldeasturias.com\/magazine365\/beckham-se-adentra-en-la-selva-amazonica-brasilena-para-rodar-un-documental\/"}],"_links":{"self":[{"href":"https:\/\/eldigitaldeasturias.com\/magazine365\/wp-json\/wp\/v2\/posts\/14799","targetHints":{"allow":["GET"]}}],"collection":[{"href":"https:\/\/eldigitaldeasturias.com\/magazine365\/wp-json\/wp\/v2\/posts"}],"about":[{"href":"https:\/\/eldigitaldeasturias.com\/magazine365\/wp-json\/wp\/v2\/types\/post"}],"author":[{"embeddable":true,"href":"https:\/\/eldigitaldeasturias.com\/magazine365\/wp-json\/wp\/v2\/users\/1"}],"replies":[{"embeddable":true,"href":"https:\/\/eldigitaldeasturias.com\/magazine365\/wp-json\/wp\/v2\/comments?post=14799"}],"version-history":[{"count":0,"href":"https:\/\/eldigitaldeasturias.com\/magazine365\/wp-json\/wp\/v2\/posts\/14799\/revisions"}],"wp:featuredmedia":[{"embeddable":true,"href":"https:\/\/eldigitaldeasturias.com\/magazine365\/wp-json\/wp\/v2\/media\/14800"}],"wp:attachment":[{"href":"https:\/\/eldigitaldeasturias.com\/magazine365\/wp-json\/wp\/v2\/media?parent=14799"}],"wp:term":[{"taxonomy":"category","embeddable":true,"href":"https:\/\/eldigitaldeasturias.com\/magazine365\/wp-json\/wp\/v2\/categories?post=14799"},{"taxonomy":"post_tag","embeddable":true,"href":"https:\/\/eldigitaldeasturias.com\/magazine365\/wp-json\/wp\/v2\/tags?post=14799"}],"curies":[{"name":"wp","href":"https:\/\/api.w.org\/{rel}","templated":true}]}}