{"id":14793,"date":"2014-06-02T23:35:51","date_gmt":"2014-06-03T01:35:51","guid":{"rendered":"http:\/\/eldigitaldeasturias.com\/magazine365\/?p=14793"},"modified":"2014-06-02T23:35:51","modified_gmt":"2014-06-03T01:35:51","slug":"angelina-jolie-vomito-al-ver-su-primera-pelicula","status":"publish","type":"post","link":"https:\/\/eldigitaldeasturias.com\/magazine365\/angelina-jolie-vomito-al-ver-su-primera-pelicula\/","title":{"rendered":"Angelina Jolie &#8216;vomit\u00f3&#8217; al ver su primera pel\u00edcula"},"content":{"rendered":"<p><img fetchpriority=\"high\" decoding=\"async\" class=\"alignleft size-medium wp-image-14794\" alt=\"Angelina Jolie spotted entering a building in Manhattan\" src=\"https:\/\/eldigitaldeasturias.com\/magazine365\/wp-content\/uploads\/2014\/06\/Angelina-Jolie-300x300.jpg\" width=\"300\" height=\"300\" srcset=\"https:\/\/eldigitaldeasturias.com\/magazine365\/wp-content\/uploads\/2014\/06\/Angelina-Jolie-300x300.jpg 300w, https:\/\/eldigitaldeasturias.com\/magazine365\/wp-content\/uploads\/2014\/06\/Angelina-Jolie-640x640.jpg 640w, https:\/\/eldigitaldeasturias.com\/magazine365\/wp-content\/uploads\/2014\/06\/Angelina-Jolie-150x150.jpg 150w, https:\/\/eldigitaldeasturias.com\/magazine365\/wp-content\/uploads\/2014\/06\/Angelina-Jolie-450x450.jpg 450w, https:\/\/eldigitaldeasturias.com\/magazine365\/wp-content\/uploads\/2014\/06\/Angelina-Jolie-420x420.jpg 420w, https:\/\/eldigitaldeasturias.com\/magazine365\/wp-content\/uploads\/2014\/06\/Angelina-Jolie-50x50.jpg 50w, https:\/\/eldigitaldeasturias.com\/magazine365\/wp-content\/uploads\/2014\/06\/Angelina-Jolie.jpg 650w\" sizes=\"(max-width: 300px) 100vw, 300px\" \/>Aunque es habitual que las grandes estrellas de Hollywood renieguen de sus primeros trabajos cinematogr\u00e1ficos, en el caso de Angelina Jolie su reacci\u00f3n al verse a s\u00ed misma en su debut en la cinta de ciencia ficci\u00f3n &#8216;Cyborg 2&#8217; no pudo ser m\u00e1s dram\u00e1tica ya que la fuerte impresi\u00f3n que le caus\u00f3 el resultado final de la producci\u00f3n, sumado a las escenas de violencia, acabaron haciendo que la joven actriz de 17 a\u00f1os vomitara.<\/p>\n<p>\u00abVomit\u00e9 tras verla. La vi y vomit\u00e9, sent\u00ed verdaderas nauseas. Pero es normal, ten\u00eda 17 a\u00f1os y cre\u00eda que estaba haciendo una pel\u00edcula de verdad, lo cual no deja de ser gracioso, ya que hay una escena en la que me decapitan y contin\u00fao hablando, como si eso fuera normal\u00bb, brome\u00f3 la int\u00e9rprete durante una entrevista con el portal Buzzfeed.com, a lo que no dud\u00f3 en a\u00f1adir: \u00abLo \u00fanico que recuerdo es a mi hermano Jamie abraz\u00e1ndome y repitiendo: &#8216;Tranquila, no pasa nada'\u00bb.<\/p>\n<p>Por suerte para ella, desde ese cuestionable inicio su carrera en el cine no ha parado de reportarle satisfacciones, pese a lo cual en la actualidad el rol m\u00e1s importante para Angelina es su papel como madre de la extensa familia -formada por Maddox (12), Pax (10), Zahara (9), Shiloh (7) y los gemelos Vivienne y Knox (5)- que comparte con el tambi\u00e9n actor Brad Pitt.<\/p>\n<p>Curiosamente, una de las mayores preocupaciones de la actriz es que sus hijos no se vean expuestos a programas o pel\u00edculas con escenas de desnudos o de consumo de drogas, una tem\u00e1tica recurrente en muchos de sus largometrajes pero de la cual quiere proteger a sus reto\u00f1os para intentar que puedan disfrutar de su infancia el mayor tiempo posible.<\/p>\n<p>\u00abEs una tarea dif\u00edcil porque los filtros parentales son muy extremos. Todos desear\u00edamos que existiera uno que pudiera darles la cantidad suficiente del material que les interesa a esas edades, como los accidentes rid\u00edculos con monopatines, pero que no les permitiera acceder a otro tipo de cosas, como las drogas o los desnudos. Pero desgraciadamente, ese tipo de v\u00eddeos suelen acabar en la misma categor\u00eda\u00bb, concluy\u00f3.<\/p>\n","protected":false},"excerpt":{"rendered":"<p>Aunque es habitual que las grandes estrellas de Hollywood renieguen de sus primeros trabajos cinematogr\u00e1ficos, en el caso de Angelina Jolie su reacci\u00f3n al verse a s\u00ed misma en su debut en la cinta de ciencia ficci\u00f3n &#8216;Cyborg 2&#8217; no pudo ser m\u00e1s dram\u00e1tica ya que la fuerte impresi\u00f3n que le caus\u00f3 el resultado final<\/p>\n","protected":false},"author":1,"featured_media":14794,"comment_status":"open","ping_status":"closed","sticky":false,"template":"","format":"standard","meta":{"footnotes":""},"categories":[224],"tags":[],"class_list":{"0":"post-14793","1":"post","2":"type-post","3":"status-publish","4":"format-standard","5":"has-post-thumbnail","7":"category-noticias-actualidad"},"aioseo_notices":[],"aioseo_head":"\n\t\t<!-- All in One SEO Pro 4.9.6.1 - aioseo.com -->\n\t<meta name=\"description\" content=\"Aunque es habitual que las grandes estrellas de Hollywood renieguen de sus primeros trabajos cinematogr\u00e1ficos, en el caso de Angelina Jolie su reacci\u00f3n al verse a s\u00ed misma en su debut en la cinta de ciencia ficci\u00f3n &#039;Cyborg 2&#039; no pudo ser m\u00e1s dram\u00e1tica ya que la fuerte impresi\u00f3n que le caus\u00f3 el resultado final\" \/>\n\t<meta name=\"robots\" content=\"max-image-preview:large\" \/>\n\t<meta name=\"author\" content=\"admin\"\/>\n\t<meta name=\"google-site-verification\" content=\"UA-38556648-1\" \/>\n\t<meta name=\"keywords\" content=\"noticias y actualidad\" \/>\n\t<link rel=\"canonical\" href=\"https:\/\/eldigitaldeasturias.com\/magazine365\/angelina-jolie-vomito-al-ver-su-primera-pelicula\/\" \/>\n\t<meta name=\"generator\" content=\"All in One SEO Pro (AIOSEO) 4.9.6.1\" \/>\n\t\t<meta property=\"og:locale\" content=\"es_ES\" \/>\n\t\t<meta property=\"og:site_name\" content=\"El Digital de Asturias \u2013 Revista de ocio, turismo y estilo de vida\" \/>\n\t\t<meta property=\"og:type\" content=\"article\" \/>\n\t\t<meta property=\"og:title\" content=\"Angelina Jolie \u2018vomit\u00f3\u2019 al ver su primera pel\u00edcula | El Digital de Asturias\" \/>\n\t\t<meta property=\"og:description\" content=\"Aunque es habitual que las grandes estrellas de Hollywood renieguen de sus primeros trabajos cinematogr\u00e1ficos, en el caso de Angelina Jolie su reacci\u00f3n al verse a s\u00ed misma en su debut en la cinta de ciencia ficci\u00f3n &#039;Cyborg 2&#039; no pudo ser m\u00e1s dram\u00e1tica ya que la fuerte impresi\u00f3n que le caus\u00f3 el resultado final\" \/>\n\t\t<meta property=\"og:url\" content=\"https:\/\/eldigitaldeasturias.com\/magazine365\/angelina-jolie-vomito-al-ver-su-primera-pelicula\/\" \/>\n\t\t<meta property=\"og:image\" content=\"https:\/\/eldigitaldeasturias.com\/magazine365\/wp-content\/uploads\/2014\/06\/Angelina-Jolie.jpg\" \/>\n\t\t<meta property=\"og:image:secure_url\" content=\"https:\/\/eldigitaldeasturias.com\/magazine365\/wp-content\/uploads\/2014\/06\/Angelina-Jolie.jpg\" \/>\n\t\t<meta property=\"og:image:width\" content=\"650\" \/>\n\t\t<meta property=\"og:image:height\" content=\"650\" \/>\n\t\t<meta property=\"article:published_time\" content=\"2014-06-03T01:35:51+00:00\" \/>\n\t\t<meta property=\"article:modified_time\" content=\"2014-06-03T01:35:51+00:00\" \/>\n\t\t<meta name=\"twitter:card\" content=\"summary_large_image\" \/>\n\t\t<meta name=\"twitter:title\" content=\"Angelina Jolie \u2018vomit\u00f3\u2019 al ver su primera pel\u00edcula | El Digital de Asturias\" \/>\n\t\t<meta name=\"twitter:description\" content=\"Aunque es habitual que las grandes estrellas de Hollywood renieguen de sus primeros trabajos cinematogr\u00e1ficos, en el caso de Angelina Jolie su reacci\u00f3n al verse a s\u00ed misma en su debut en la cinta de ciencia ficci\u00f3n &#039;Cyborg 2&#039; no pudo ser m\u00e1s dram\u00e1tica ya que la fuerte impresi\u00f3n que le caus\u00f3 el resultado final\" \/>\n\t\t<meta name=\"twitter:image\" content=\"https:\/\/eldigitaldeasturias.com\/magazine365\/wp-content\/uploads\/2014\/06\/Angelina-Jolie.jpg\" \/>\n\t\t<script type=\"application\/ld+json\" class=\"aioseo-schema\">\n\t\t\t{\"@context\":\"https:\\\/\\\/schema.org\",\"@graph\":[{\"@type\":\"Article\",\"@id\":\"https:\\\/\\\/eldigitaldeasturias.com\\\/magazine365\\\/angelina-jolie-vomito-al-ver-su-primera-pelicula\\\/#article\",\"name\":\"Angelina Jolie \\u2018vomit\\u00f3\\u2019 al ver su primera pel\\u00edcula | El Digital de Asturias\",\"headline\":\"Angelina Jolie &#8216;vomit\\u00f3&#8217; al ver su primera pel\\u00edcula\",\"author\":{\"@id\":\"https:\\\/\\\/eldigitaldeasturias.com\\\/magazine365\\\/author\\\/admin\\\/#author\"},\"publisher\":{\"@id\":\"https:\\\/\\\/eldigitaldeasturias.com\\\/magazine365\\\/#organization\"},\"image\":{\"@type\":\"ImageObject\",\"url\":\"https:\\\/\\\/eldigitaldeasturias.com\\\/magazine365\\\/wp-content\\\/uploads\\\/2014\\\/06\\\/Angelina-Jolie.jpg\",\"width\":650,\"height\":650},\"datePublished\":\"2014-06-02T23:35:51+02:00\",\"dateModified\":\"2014-06-02T23:35:51+02:00\",\"inLanguage\":\"es-ES\",\"mainEntityOfPage\":{\"@id\":\"https:\\\/\\\/eldigitaldeasturias.com\\\/magazine365\\\/angelina-jolie-vomito-al-ver-su-primera-pelicula\\\/#webpage\"},\"isPartOf\":{\"@id\":\"https:\\\/\\\/eldigitaldeasturias.com\\\/magazine365\\\/angelina-jolie-vomito-al-ver-su-primera-pelicula\\\/#webpage\"},\"articleSection\":\"Noticias y Actualidad\"},{\"@type\":\"BreadcrumbList\",\"@id\":\"https:\\\/\\\/eldigitaldeasturias.com\\\/magazine365\\\/angelina-jolie-vomito-al-ver-su-primera-pelicula\\\/#breadcrumblist\",\"itemListElement\":[{\"@type\":\"ListItem\",\"@id\":\"https:\\\/\\\/eldigitaldeasturias.com\\\/magazine365#listItem\",\"position\":1,\"name\":\"Home\",\"item\":\"https:\\\/\\\/eldigitaldeasturias.com\\\/magazine365\",\"nextItem\":{\"@type\":\"ListItem\",\"@id\":\"https:\\\/\\\/eldigitaldeasturias.com\\\/magazine365\\\/category\\\/noticias-actualidad\\\/#listItem\",\"name\":\"Noticias y Actualidad\"}},{\"@type\":\"ListItem\",\"@id\":\"https:\\\/\\\/eldigitaldeasturias.com\\\/magazine365\\\/category\\\/noticias-actualidad\\\/#listItem\",\"position\":2,\"name\":\"Noticias y Actualidad\",\"item\":\"https:\\\/\\\/eldigitaldeasturias.com\\\/magazine365\\\/category\\\/noticias-actualidad\\\/\",\"nextItem\":{\"@type\":\"ListItem\",\"@id\":\"https:\\\/\\\/eldigitaldeasturias.com\\\/magazine365\\\/angelina-jolie-vomito-al-ver-su-primera-pelicula\\\/#listItem\",\"name\":\"Angelina Jolie &#8216;vomit\\u00f3&#8217; al ver su primera pel\\u00edcula\"},\"previousItem\":{\"@type\":\"ListItem\",\"@id\":\"https:\\\/\\\/eldigitaldeasturias.com\\\/magazine365#listItem\",\"name\":\"Home\"}},{\"@type\":\"ListItem\",\"@id\":\"https:\\\/\\\/eldigitaldeasturias.com\\\/magazine365\\\/angelina-jolie-vomito-al-ver-su-primera-pelicula\\\/#listItem\",\"position\":3,\"name\":\"Angelina Jolie &#8216;vomit\\u00f3&#8217; al ver su primera pel\\u00edcula\",\"previousItem\":{\"@type\":\"ListItem\",\"@id\":\"https:\\\/\\\/eldigitaldeasturias.com\\\/magazine365\\\/category\\\/noticias-actualidad\\\/#listItem\",\"name\":\"Noticias y Actualidad\"}}]},{\"@type\":\"Organization\",\"@id\":\"https:\\\/\\\/eldigitaldeasturias.com\\\/magazine365\\\/#organization\",\"name\":\"El digital de Asturias\",\"description\":\"Revista de ocio, turismo y estilo de vida\",\"url\":\"https:\\\/\\\/eldigitaldeasturias.com\\\/magazine365\\\/\",\"logo\":{\"@type\":\"ImageObject\",\"url\":\"https:\\\/\\\/www.eldigitaldeasturias.com\\\/noticias\\\/wp-content\\\/uploads\\\/2020\\\/12\\\/EDA.jpg\",\"@id\":\"https:\\\/\\\/eldigitaldeasturias.com\\\/magazine365\\\/angelina-jolie-vomito-al-ver-su-primera-pelicula\\\/#organizationLogo\"},\"image\":{\"@id\":\"https:\\\/\\\/eldigitaldeasturias.com\\\/magazine365\\\/angelina-jolie-vomito-al-ver-su-primera-pelicula\\\/#organizationLogo\"}},{\"@type\":\"Person\",\"@id\":\"https:\\\/\\\/eldigitaldeasturias.com\\\/magazine365\\\/author\\\/admin\\\/#author\",\"url\":\"https:\\\/\\\/eldigitaldeasturias.com\\\/magazine365\\\/author\\\/admin\\\/\",\"name\":\"admin\",\"image\":{\"@type\":\"ImageObject\",\"@id\":\"https:\\\/\\\/eldigitaldeasturias.com\\\/magazine365\\\/angelina-jolie-vomito-al-ver-su-primera-pelicula\\\/#authorImage\",\"url\":\"https:\\\/\\\/eldigitaldeasturias.com\\\/magazine365\\\/wp-content\\\/litespeed\\\/avatar\\\/e571bcf59a0edd6fa6838245a470f2fe.jpg?ver=1777574230\",\"width\":96,\"height\":96,\"caption\":\"admin\"}},{\"@type\":\"WebPage\",\"@id\":\"https:\\\/\\\/eldigitaldeasturias.com\\\/magazine365\\\/angelina-jolie-vomito-al-ver-su-primera-pelicula\\\/#webpage\",\"url\":\"https:\\\/\\\/eldigitaldeasturias.com\\\/magazine365\\\/angelina-jolie-vomito-al-ver-su-primera-pelicula\\\/\",\"name\":\"Angelina Jolie \\u2018vomit\\u00f3\\u2019 al ver su primera pel\\u00edcula | El Digital de Asturias\",\"description\":\"Aunque es habitual que las grandes estrellas de Hollywood renieguen de sus primeros trabajos cinematogr\\u00e1ficos, en el caso de Angelina Jolie su reacci\\u00f3n al verse a s\\u00ed misma en su debut en la cinta de ciencia ficci\\u00f3n 'Cyborg 2' no pudo ser m\\u00e1s dram\\u00e1tica ya que la fuerte impresi\\u00f3n que le caus\\u00f3 el resultado final\",\"inLanguage\":\"es-ES\",\"isPartOf\":{\"@id\":\"https:\\\/\\\/eldigitaldeasturias.com\\\/magazine365\\\/#website\"},\"breadcrumb\":{\"@id\":\"https:\\\/\\\/eldigitaldeasturias.com\\\/magazine365\\\/angelina-jolie-vomito-al-ver-su-primera-pelicula\\\/#breadcrumblist\"},\"author\":{\"@id\":\"https:\\\/\\\/eldigitaldeasturias.com\\\/magazine365\\\/author\\\/admin\\\/#author\"},\"creator\":{\"@id\":\"https:\\\/\\\/eldigitaldeasturias.com\\\/magazine365\\\/author\\\/admin\\\/#author\"},\"image\":{\"@type\":\"ImageObject\",\"url\":\"https:\\\/\\\/eldigitaldeasturias.com\\\/magazine365\\\/wp-content\\\/uploads\\\/2014\\\/06\\\/Angelina-Jolie.jpg\",\"@id\":\"https:\\\/\\\/eldigitaldeasturias.com\\\/magazine365\\\/angelina-jolie-vomito-al-ver-su-primera-pelicula\\\/#mainImage\",\"width\":650,\"height\":650},\"primaryImageOfPage\":{\"@id\":\"https:\\\/\\\/eldigitaldeasturias.com\\\/magazine365\\\/angelina-jolie-vomito-al-ver-su-primera-pelicula\\\/#mainImage\"},\"datePublished\":\"2014-06-02T23:35:51+02:00\",\"dateModified\":\"2014-06-02T23:35:51+02:00\"},{\"@type\":\"WebSite\",\"@id\":\"https:\\\/\\\/eldigitaldeasturias.com\\\/magazine365\\\/#website\",\"url\":\"https:\\\/\\\/eldigitaldeasturias.com\\\/magazine365\\\/\",\"name\":\"El Digital de Asturias\",\"description\":\"Revista de ocio, turismo y estilo de vida\",\"inLanguage\":\"es-ES\",\"publisher\":{\"@id\":\"https:\\\/\\\/eldigitaldeasturias.com\\\/magazine365\\\/#organization\"}}]}\n\t\t<\/script>\n\t\t<!-- All in One SEO Pro -->\r\n\t\t<title>Angelina Jolie \u2018vomit\u00f3\u2019 al ver su primera pel\u00edcula | El Digital de Asturias<\/title>\n\n","aioseo_head_json":{"title":"Angelina Jolie \u2018vomit\u00f3\u2019 al ver su primera pel\u00edcula | El Digital de Asturias","description":"Aunque es habitual que las grandes estrellas de Hollywood renieguen de sus primeros trabajos cinematogr\u00e1ficos, en el caso de Angelina Jolie su reacci\u00f3n al verse a s\u00ed misma en su debut en la cinta de ciencia ficci\u00f3n 'Cyborg 2' no pudo ser m\u00e1s dram\u00e1tica ya que la fuerte impresi\u00f3n que le caus\u00f3 el resultado final","canonical_url":"https:\/\/eldigitaldeasturias.com\/magazine365\/angelina-jolie-vomito-al-ver-su-primera-pelicula\/","robots":"max-image-preview:large","keywords":"noticias y actualidad","webmasterTools":{"google-site-verification":"UA-38556648-1","miscellaneous":""},"schema":{"@context":"https:\/\/schema.org","@graph":[{"@type":"Article","@id":"https:\/\/eldigitaldeasturias.com\/magazine365\/angelina-jolie-vomito-al-ver-su-primera-pelicula\/#article","name":"Angelina Jolie \u2018vomit\u00f3\u2019 al ver su primera pel\u00edcula | El Digital de Asturias","headline":"Angelina Jolie &#8216;vomit\u00f3&#8217; al ver su primera pel\u00edcula","author":{"@id":"https:\/\/eldigitaldeasturias.com\/magazine365\/author\/admin\/#author"},"publisher":{"@id":"https:\/\/eldigitaldeasturias.com\/magazine365\/#organization"},"image":{"@type":"ImageObject","url":"https:\/\/eldigitaldeasturias.com\/magazine365\/wp-content\/uploads\/2014\/06\/Angelina-Jolie.jpg","width":650,"height":650},"datePublished":"2014-06-02T23:35:51+02:00","dateModified":"2014-06-02T23:35:51+02:00","inLanguage":"es-ES","mainEntityOfPage":{"@id":"https:\/\/eldigitaldeasturias.com\/magazine365\/angelina-jolie-vomito-al-ver-su-primera-pelicula\/#webpage"},"isPartOf":{"@id":"https:\/\/eldigitaldeasturias.com\/magazine365\/angelina-jolie-vomito-al-ver-su-primera-pelicula\/#webpage"},"articleSection":"Noticias y Actualidad"},{"@type":"BreadcrumbList","@id":"https:\/\/eldigitaldeasturias.com\/magazine365\/angelina-jolie-vomito-al-ver-su-primera-pelicula\/#breadcrumblist","itemListElement":[{"@type":"ListItem","@id":"https:\/\/eldigitaldeasturias.com\/magazine365#listItem","position":1,"name":"Home","item":"https:\/\/eldigitaldeasturias.com\/magazine365","nextItem":{"@type":"ListItem","@id":"https:\/\/eldigitaldeasturias.com\/magazine365\/category\/noticias-actualidad\/#listItem","name":"Noticias y Actualidad"}},{"@type":"ListItem","@id":"https:\/\/eldigitaldeasturias.com\/magazine365\/category\/noticias-actualidad\/#listItem","position":2,"name":"Noticias y Actualidad","item":"https:\/\/eldigitaldeasturias.com\/magazine365\/category\/noticias-actualidad\/","nextItem":{"@type":"ListItem","@id":"https:\/\/eldigitaldeasturias.com\/magazine365\/angelina-jolie-vomito-al-ver-su-primera-pelicula\/#listItem","name":"Angelina Jolie &#8216;vomit\u00f3&#8217; al ver su primera pel\u00edcula"},"previousItem":{"@type":"ListItem","@id":"https:\/\/eldigitaldeasturias.com\/magazine365#listItem","name":"Home"}},{"@type":"ListItem","@id":"https:\/\/eldigitaldeasturias.com\/magazine365\/angelina-jolie-vomito-al-ver-su-primera-pelicula\/#listItem","position":3,"name":"Angelina Jolie &#8216;vomit\u00f3&#8217; al ver su primera pel\u00edcula","previousItem":{"@type":"ListItem","@id":"https:\/\/eldigitaldeasturias.com\/magazine365\/category\/noticias-actualidad\/#listItem","name":"Noticias y Actualidad"}}]},{"@type":"Organization","@id":"https:\/\/eldigitaldeasturias.com\/magazine365\/#organization","name":"El digital de Asturias","description":"Revista de ocio, turismo y estilo de vida","url":"https:\/\/eldigitaldeasturias.com\/magazine365\/","logo":{"@type":"ImageObject","url":"https:\/\/www.eldigitaldeasturias.com\/noticias\/wp-content\/uploads\/2020\/12\/EDA.jpg","@id":"https:\/\/eldigitaldeasturias.com\/magazine365\/angelina-jolie-vomito-al-ver-su-primera-pelicula\/#organizationLogo"},"image":{"@id":"https:\/\/eldigitaldeasturias.com\/magazine365\/angelina-jolie-vomito-al-ver-su-primera-pelicula\/#organizationLogo"}},{"@type":"Person","@id":"https:\/\/eldigitaldeasturias.com\/magazine365\/author\/admin\/#author","url":"https:\/\/eldigitaldeasturias.com\/magazine365\/author\/admin\/","name":"admin","image":{"@type":"ImageObject","@id":"https:\/\/eldigitaldeasturias.com\/magazine365\/angelina-jolie-vomito-al-ver-su-primera-pelicula\/#authorImage","url":"https:\/\/eldigitaldeasturias.com\/magazine365\/wp-content\/litespeed\/avatar\/e571bcf59a0edd6fa6838245a470f2fe.jpg?ver=1777574230","width":96,"height":96,"caption":"admin"}},{"@type":"WebPage","@id":"https:\/\/eldigitaldeasturias.com\/magazine365\/angelina-jolie-vomito-al-ver-su-primera-pelicula\/#webpage","url":"https:\/\/eldigitaldeasturias.com\/magazine365\/angelina-jolie-vomito-al-ver-su-primera-pelicula\/","name":"Angelina Jolie \u2018vomit\u00f3\u2019 al ver su primera pel\u00edcula | El Digital de Asturias","description":"Aunque es habitual que las grandes estrellas de Hollywood renieguen de sus primeros trabajos cinematogr\u00e1ficos, en el caso de Angelina Jolie su reacci\u00f3n al verse a s\u00ed misma en su debut en la cinta de ciencia ficci\u00f3n 'Cyborg 2' no pudo ser m\u00e1s dram\u00e1tica ya que la fuerte impresi\u00f3n que le caus\u00f3 el resultado final","inLanguage":"es-ES","isPartOf":{"@id":"https:\/\/eldigitaldeasturias.com\/magazine365\/#website"},"breadcrumb":{"@id":"https:\/\/eldigitaldeasturias.com\/magazine365\/angelina-jolie-vomito-al-ver-su-primera-pelicula\/#breadcrumblist"},"author":{"@id":"https:\/\/eldigitaldeasturias.com\/magazine365\/author\/admin\/#author"},"creator":{"@id":"https:\/\/eldigitaldeasturias.com\/magazine365\/author\/admin\/#author"},"image":{"@type":"ImageObject","url":"https:\/\/eldigitaldeasturias.com\/magazine365\/wp-content\/uploads\/2014\/06\/Angelina-Jolie.jpg","@id":"https:\/\/eldigitaldeasturias.com\/magazine365\/angelina-jolie-vomito-al-ver-su-primera-pelicula\/#mainImage","width":650,"height":650},"primaryImageOfPage":{"@id":"https:\/\/eldigitaldeasturias.com\/magazine365\/angelina-jolie-vomito-al-ver-su-primera-pelicula\/#mainImage"},"datePublished":"2014-06-02T23:35:51+02:00","dateModified":"2014-06-02T23:35:51+02:00"},{"@type":"WebSite","@id":"https:\/\/eldigitaldeasturias.com\/magazine365\/#website","url":"https:\/\/eldigitaldeasturias.com\/magazine365\/","name":"El Digital de Asturias","description":"Revista de ocio, turismo y estilo de vida","inLanguage":"es-ES","publisher":{"@id":"https:\/\/eldigitaldeasturias.com\/magazine365\/#organization"}}]},"og:locale":"es_ES","og:site_name":"El Digital de Asturias \u2013 Revista de ocio, turismo y estilo de vida","og:type":"article","og:title":"Angelina Jolie \u2018vomit\u00f3\u2019 al ver su primera pel\u00edcula | El Digital de Asturias","og:description":"Aunque es habitual que las grandes estrellas de Hollywood renieguen de sus primeros trabajos cinematogr\u00e1ficos, en el caso de Angelina Jolie su reacci\u00f3n al verse a s\u00ed misma en su debut en la cinta de ciencia ficci\u00f3n 'Cyborg 2' no pudo ser m\u00e1s dram\u00e1tica ya que la fuerte impresi\u00f3n que le caus\u00f3 el resultado final","og:url":"https:\/\/eldigitaldeasturias.com\/magazine365\/angelina-jolie-vomito-al-ver-su-primera-pelicula\/","og:image":"https:\/\/eldigitaldeasturias.com\/magazine365\/wp-content\/uploads\/2014\/06\/Angelina-Jolie.jpg","og:image:secure_url":"https:\/\/eldigitaldeasturias.com\/magazine365\/wp-content\/uploads\/2014\/06\/Angelina-Jolie.jpg","og:image:width":650,"og:image:height":650,"article:published_time":"2014-06-03T01:35:51+00:00","article:modified_time":"2014-06-03T01:35:51+00:00","twitter:card":"summary_large_image","twitter:title":"Angelina Jolie \u2018vomit\u00f3\u2019 al ver su primera pel\u00edcula | El Digital de Asturias","twitter:description":"Aunque es habitual que las grandes estrellas de Hollywood renieguen de sus primeros trabajos cinematogr\u00e1ficos, en el caso de Angelina Jolie su reacci\u00f3n al verse a s\u00ed misma en su debut en la cinta de ciencia ficci\u00f3n 'Cyborg 2' no pudo ser m\u00e1s dram\u00e1tica ya que la fuerte impresi\u00f3n que le caus\u00f3 el resultado final","twitter:image":"https:\/\/eldigitaldeasturias.com\/magazine365\/wp-content\/uploads\/2014\/06\/Angelina-Jolie.jpg"},"aioseo_meta_data":{"post_id":"14793","title":null,"description":null,"keywords":null,"keyphrases":null,"primary_term":null,"canonical_url":null,"og_title":null,"og_description":null,"og_object_type":"default","og_image_type":"default","og_image_url":null,"og_image_width":null,"og_image_height":null,"og_image_custom_url":null,"og_image_custom_fields":null,"og_video":null,"og_custom_url":null,"og_article_section":null,"og_article_tags":null,"twitter_use_og":false,"twitter_card":"default","twitter_image_type":"default","twitter_image_url":null,"twitter_image_custom_url":null,"twitter_image_custom_fields":null,"twitter_title":null,"twitter_description":null,"schema":{"blockGraphs":[],"customGraphs":[],"default":{"data":{"Article":[],"Course":[],"Dataset":[],"FAQPage":[],"Movie":[],"Person":[],"Product":[],"ProductReview":[],"Car":[],"Recipe":[],"Service":[],"SoftwareApplication":[],"WebPage":[]},"graphName":"","isEnabled":true},"graphs":[],"defaultGraph":"","defaultPostTypeGraph":""},"schema_type":null,"schema_type_options":null,"pillar_content":false,"robots_default":true,"robots_noindex":false,"robots_noarchive":false,"robots_nosnippet":false,"robots_nofollow":false,"robots_noimageindex":false,"robots_noodp":false,"robots_notranslate":false,"robots_max_snippet":null,"robots_max_videopreview":null,"robots_max_imagepreview":"large","priority":null,"frequency":null,"location":null,"local_seo":null,"seo_analyzer_scan_date":"2025-09-17 10:48:54","breadcrumb_settings":null,"limit_modified_date":false,"open_ai":null,"ai":null,"created":"2021-03-09 08:09:41","updated":"2025-09-17 10:48:54"},"aioseo_breadcrumb":"<div class=\"aioseo-breadcrumbs\"><span class=\"aioseo-breadcrumb\">\n\t<a href=\"https:\/\/eldigitaldeasturias.com\/magazine365\" title=\"Home\">Home<\/a>\n<\/span><span class=\"aioseo-breadcrumb-separator\">\u2013<\/span><span class=\"aioseo-breadcrumb\">\n\t<a href=\"https:\/\/eldigitaldeasturias.com\/magazine365\/category\/noticias-actualidad\/\" title=\"Noticias y Actualidad\">Noticias y Actualidad<\/a>\n<\/span><span class=\"aioseo-breadcrumb-separator\">\u2013<\/span><span class=\"aioseo-breadcrumb\">\n\t<a href=\"https:\/\/eldigitaldeasturias.com\/magazine365\/angelina-jolie-vomito-al-ver-su-primera-pelicula\/\" title=\"Angelina Jolie \u2018vomit\u00f3\u2019 al ver su primera pel\u00edcula\">Angelina Jolie \u2018vomit\u00f3\u2019 al ver su primera pel\u00edcula<\/a>\n<\/span><\/div>","aioseo_breadcrumb_json":[{"label":"Home","link":"https:\/\/eldigitaldeasturias.com\/magazine365"},{"label":"Noticias y Actualidad","link":"https:\/\/eldigitaldeasturias.com\/magazine365\/category\/noticias-actualidad\/"},{"label":"Angelina Jolie &#8216;vomit\u00f3&#8217; al ver su primera pel\u00edcula","link":"https:\/\/eldigitaldeasturias.com\/magazine365\/angelina-jolie-vomito-al-ver-su-primera-pelicula\/"}],"_links":{"self":[{"href":"https:\/\/eldigitaldeasturias.com\/magazine365\/wp-json\/wp\/v2\/posts\/14793","targetHints":{"allow":["GET"]}}],"collection":[{"href":"https:\/\/eldigitaldeasturias.com\/magazine365\/wp-json\/wp\/v2\/posts"}],"about":[{"href":"https:\/\/eldigitaldeasturias.com\/magazine365\/wp-json\/wp\/v2\/types\/post"}],"author":[{"embeddable":true,"href":"https:\/\/eldigitaldeasturias.com\/magazine365\/wp-json\/wp\/v2\/users\/1"}],"replies":[{"embeddable":true,"href":"https:\/\/eldigitaldeasturias.com\/magazine365\/wp-json\/wp\/v2\/comments?post=14793"}],"version-history":[{"count":0,"href":"https:\/\/eldigitaldeasturias.com\/magazine365\/wp-json\/wp\/v2\/posts\/14793\/revisions"}],"wp:featuredmedia":[{"embeddable":true,"href":"https:\/\/eldigitaldeasturias.com\/magazine365\/wp-json\/wp\/v2\/media\/14794"}],"wp:attachment":[{"href":"https:\/\/eldigitaldeasturias.com\/magazine365\/wp-json\/wp\/v2\/media?parent=14793"}],"wp:term":[{"taxonomy":"category","embeddable":true,"href":"https:\/\/eldigitaldeasturias.com\/magazine365\/wp-json\/wp\/v2\/categories?post=14793"},{"taxonomy":"post_tag","embeddable":true,"href":"https:\/\/eldigitaldeasturias.com\/magazine365\/wp-json\/wp\/v2\/tags?post=14793"}],"curies":[{"name":"wp","href":"https:\/\/api.w.org\/{rel}","templated":true}]}}